{"id":193946,"date":"2026-09-03T17:56:38","date_gmt":"2026-09-03T20:56:38","guid":{"rendered":"https:\/\/noticiasmercedinas.com\/site\/?p=193946"},"modified":"2026-09-03T17:56:38","modified_gmt":"2026-09-03T20:56:38","slug":"agave-mercedes-impulsa-la-moda-sustentable-en-la-ciudad-con-indumentaria-y-accesorios-ecologicos","status":"publish","type":"post","link":"https:\/\/noticiasmercedinas.com\/site\/2026\/09\/03\/agave-mercedes-impulsa-la-moda-sustentable-en-la-ciudad-con-indumentaria-y-accesorios-ecologicos\/","title":{"rendered":"Agave Mercedes impulsa la moda sustentable en la ciudad con indumentaria y accesorios ecol\u00f3gicos"},"content":{"rendered":"<h1 dir=\"ltr\"><img loading=\"lazy\" decoding=\"async\" class=\"alignnone size-full wp-image-193949\" src=\"https:\/\/noticiasmercedinas.com\/site\/wp-content\/uploads\/2026\/09\/IMG-20260820-WA0053.jpg\" alt=\"\" width=\"1080\" height=\"1080\" srcset=\"https:\/\/noticiasmercedinas.com\/site\/wp-content\/uploads\/2026\/09\/IMG-20260820-WA0053.jpg 1080w, https:\/\/noticiasmercedinas.com\/site\/wp-content\/uploads\/2026\/09\/IMG-20260820-WA0053-300x300.jpg 300w, https:\/\/noticiasmercedinas.com\/site\/wp-content\/uploads\/2026\/09\/IMG-20260820-WA0053-1024x1024.jpg 1024w, https:\/\/noticiasmercedinas.com\/site\/wp-content\/uploads\/2026\/09\/IMG-20260820-WA0053-150x150.jpg 150w, https:\/\/noticiasmercedinas.com\/site\/wp-content\/uploads\/2026\/09\/IMG-20260820-WA0053-768x768.jpg 768w, https:\/\/noticiasmercedinas.com\/site\/wp-content\/uploads\/2026\/09\/IMG-20260820-WA0053-640x640.jpg 640w, https:\/\/noticiasmercedinas.com\/site\/wp-content\/uploads\/2026\/09\/IMG-20260820-WA0053-681x681.jpg 681w\" sizes=\"auto, (max-width: 1080px) 100vw, 1080px\" \/><\/h1>\n<p dir=\"ltr\">\u200bEl emprendimiento mercedino Agave Mercedes se consolida en el comercio local a trav\u00e9s de una propuesta de moda sustentable orientada a promover el consumo consciente y reducir el impacto ambiental en la industria textil.<\/p>\n<p dir=\"ltr\">La iniciativa, liderada por la creadora Sof\u00eda, basa la confecci\u00f3n de su cat\u00e1logo en el concepto de producci\u00f3n lenta (<i>slow fashion<\/i>), eliminando pr\u00e1cticas de contaminaci\u00f3n innecesaria o explotaci\u00f3n en los procesos de elaboraci\u00f3n.<\/p>\n<blockquote>\n<p dir=\"ltr\">La propuesta creada por la emprendedora Sof\u00eda comercializa prendas confeccionadas en Tyvek\u00ae, apostando al dise\u00f1o atemporal, la producci\u00f3n lenta y el consumo responsable con punto de venta directo y atenci\u00f3n virtual.<\/p>\n<\/blockquote>\n<p dir=\"ltr\">\u200b<img loading=\"lazy\" decoding=\"async\" class=\"alignnone size-full wp-image-193951\" src=\"https:\/\/noticiasmercedinas.com\/site\/wp-content\/uploads\/2026\/09\/IMG-20260820-WA0055.jpg\" alt=\"\" width=\"1080\" height=\"1080\" srcset=\"https:\/\/noticiasmercedinas.com\/site\/wp-content\/uploads\/2026\/09\/IMG-20260820-WA0055.jpg 1080w, https:\/\/noticiasmercedinas.com\/site\/wp-content\/uploads\/2026\/09\/IMG-20260820-WA0055-300x300.jpg 300w, https:\/\/noticiasmercedinas.com\/site\/wp-content\/uploads\/2026\/09\/IMG-20260820-WA0055-1024x1024.jpg 1024w, https:\/\/noticiasmercedinas.com\/site\/wp-content\/uploads\/2026\/09\/IMG-20260820-WA0055-150x150.jpg 150w, https:\/\/noticiasmercedinas.com\/site\/wp-content\/uploads\/2026\/09\/IMG-20260820-WA0055-768x768.jpg 768w, https:\/\/noticiasmercedinas.com\/site\/wp-content\/uploads\/2026\/09\/IMG-20260820-WA0055-640x640.jpg 640w, https:\/\/noticiasmercedinas.com\/site\/wp-content\/uploads\/2026\/09\/IMG-20260820-WA0055-681x681.jpg 681w\" sizes=\"auto, (max-width: 1080px) 100vw, 1080px\" \/><\/p>\n<p dir=\"ltr\">El elemento central de sus colecciones es la utilizaci\u00f3n de Tyvek\u00ae, una tela sint\u00e9tica ultradelgada, no tejida, 100 % reciclable, de alta durabilidad, liviana e impermeable. Mediante este insumo, el proyecto elabora prendas de vestir y accesorios de est\u00e9tica atemporal, dise\u00f1ados para prolongar su ciclo de uso, resistir inclemencias clim\u00e1ticas y evitar la acumulaci\u00f3n de residuos en el entorno urbano.<\/p>\n<p dir=\"ltr\">\u200bLos productos de la marca se comercializan de forma presencial en el local \u00abDaiana Ropa\u00bb, ubicado en calle 48 entre 17 y 19. En paralelo, la firma mantiene habilitados canales digitales para la consulta del cat\u00e1logo y compras a trav\u00e9s de su l\u00ednea telef\u00f3nica de WhatsApp (2324-500343) y su perfil oficial de Instagram (<a href=\"http:\/\/www.instagram.com\/agave.mercedes\">@agave.mercedes<\/a>).<\/p>\n<p dir=\"ltr\">\u200bPara incentivar la adopci\u00f3n de alternativas textiles ecol\u00f3gicas, la marca ofrece opciones de financiamiento y facilidades comerciales que incluyen un 15 % de descuento en compras abonadas en efectivo, adem\u00e1s de la opci\u00f3n de pago en 3 cuotas sin inter\u00e9s con tarjetas de cr\u00e9dito y d\u00e9bito.<\/p>\n<p dir=\"ltr\"><img loading=\"lazy\" decoding=\"async\" class=\"alignnone size-full wp-image-193951\" src=\"https:\/\/noticiasmercedinas.com\/site\/wp-content\/uploads\/2026\/09\/IMG-20260820-WA0055.jpg\" alt=\"\" width=\"1080\" height=\"1080\" srcset=\"https:\/\/noticiasmercedinas.com\/site\/wp-content\/uploads\/2026\/09\/IMG-20260820-WA0055.jpg 1080w, https:\/\/noticiasmercedinas.com\/site\/wp-content\/uploads\/2026\/09\/IMG-20260820-WA0055-300x300.jpg 300w, https:\/\/noticiasmercedinas.com\/site\/wp-content\/uploads\/2026\/09\/IMG-20260820-WA0055-1024x1024.jpg 1024w, https:\/\/noticiasmercedinas.com\/site\/wp-content\/uploads\/2026\/09\/IMG-20260820-WA0055-150x150.jpg 150w, https:\/\/noticiasmercedinas.com\/site\/wp-content\/uploads\/2026\/09\/IMG-20260820-WA0055-768x768.jpg 768w, https:\/\/noticiasmercedinas.com\/site\/wp-content\/uploads\/2026\/09\/IMG-20260820-WA0055-640x640.jpg 640w, https:\/\/noticiasmercedinas.com\/site\/wp-content\/uploads\/2026\/09\/IMG-20260820-WA0055-681x681.jpg 681w\" sizes=\"auto, (max-width: 1080px) 100vw, 1080px\" \/><\/p>\n","protected":false},"excerpt":{"rendered":"<p>La propuesta creada por la emprendedora Sof\u00eda comercializa prendas confeccionadas en Tyvek\u00ae, apostando al dise\u00f1o atemporal, la producci\u00f3n lenta y el consumo responsable con punto de venta directo y atenci\u00f3n virtual.<\/p>\n","protected":false},"author":16,"featured_media":193949,"comment_status":"closed","ping_status":"closed","sticky":false,"template":"","format":"standard","meta":{"footnotes":""},"categories":[74],"tags":[12051,3958,16253,1183],"class_list":["post-193946","post","type-post","status-publish","format-standard","has-post-thumbnail","hentry","category-emprendimientos","tag-dupont","tag-ecologia","tag-reciclable","tag-ropa"],"yoast_head":"<!-- This site is optimized with the Yoast SEO plugin v28.3 - https:\/\/yoast.com\/product\/yoast-seo-wordpress\/ -->\n<title>Agave Mercedes impulsa la moda sustentable en la ciudad con indumentaria y accesorios ecol\u00f3gicos<\/title>\n<meta name=\"description\" content=\"La propuesta creada por la emprendedora Sof\u00eda comercializa prendas confeccionadas en Tyvek\u00ae, apostando al dise\u00f1o atemporal, la producci\u00f3n lenta y el consumo responsable con punto de venta directo y atenci\u00f3n virtual.\" \/>\n<meta name=\"robots\" content=\"index, follow, max-snippet:-1, max-image-preview:large, max-video-preview:-1\" \/>\n<link rel=\"canonical\" href=\"https:\/\/noticiasmercedinas.com\/site\/2026\/09\/03\/agave-mercedes-impulsa-la-moda-sustentable-en-la-ciudad-con-indumentaria-y-accesorios-ecologicos\/\" \/>\n<meta property=\"og:locale\" content=\"es_ES\" \/>\n<meta property=\"og:type\" content=\"article\" \/>\n<meta property=\"og:title\" content=\"Agave Mercedes impulsa la moda sustentable en la ciudad con indumentaria y accesorios ecol\u00f3gicos\" \/>\n<meta property=\"og:description\" content=\"La propuesta creada por la emprendedora Sof\u00eda comercializa prendas confeccionadas en Tyvek\u00ae, apostando al dise\u00f1o atemporal, la producci\u00f3n lenta y el consumo responsable con punto de venta directo y atenci\u00f3n virtual.\" \/>\n<meta property=\"og:url\" content=\"https:\/\/noticiasmercedinas.com\/site\/2026\/09\/03\/agave-mercedes-impulsa-la-moda-sustentable-en-la-ciudad-con-indumentaria-y-accesorios-ecologicos\/\" \/>\n<meta property=\"og:site_name\" content=\"NOTICIASMERCEDINAS.COM\" \/>\n<meta property=\"article:publisher\" content=\"https:\/\/www.facebook.com\/noticiasmercedinas\/\" \/>\n<meta property=\"article:published_time\" content=\"2026-09-03T20:56:38+00:00\" \/>\n<meta property=\"og:image\" content=\"https:\/\/noticiasmercedinas.com\/site\/wp-content\/uploads\/2026\/09\/IMG-20260820-WA0053.jpg\" \/>\n\t<meta property=\"og:image:width\" content=\"1080\" \/>\n\t<meta property=\"og:image:height\" content=\"1080\" \/>\n\t<meta property=\"og:image:type\" content=\"image\/jpeg\" \/>\n<meta name=\"author\" content=\"NOTICIASMERCEDINAS.COM\" \/>\n<meta name=\"twitter:card\" content=\"summary_large_image\" \/>\n<meta name=\"twitter:creator\" content=\"@notmercedinas\" \/>\n<meta name=\"twitter:site\" content=\"@notmercedinas\" \/>\n<meta name=\"twitter:label1\" content=\"Escrito por\" \/>\n\t<meta name=\"twitter:data1\" content=\"NOTICIASMERCEDINAS.COM\" \/>\n\t<meta name=\"twitter:label2\" content=\"Tiempo de lectura\" \/>\n\t<meta name=\"twitter:data2\" content=\"2 minutos\" \/>\n<script type=\"application\/ld+json\" class=\"yoast-schema-graph\">{\"@context\":\"https:\\\/\\\/schema.org\",\"@graph\":[{\"@type\":\"Article\",\"@id\":\"https:\\\/\\\/noticiasmercedinas.com\\\/site\\\/2026\\\/09\\\/03\\\/agave-mercedes-impulsa-la-moda-sustentable-en-la-ciudad-con-indumentaria-y-accesorios-ecologicos\\\/#article\",\"isPartOf\":{\"@id\":\"https:\\\/\\\/noticiasmercedinas.com\\\/site\\\/2026\\\/09\\\/03\\\/agave-mercedes-impulsa-la-moda-sustentable-en-la-ciudad-con-indumentaria-y-accesorios-ecologicos\\\/\"},\"author\":{\"name\":\"NOTICIASMERCEDINAS.COM\",\"@id\":\"https:\\\/\\\/noticiasmercedinas.com\\\/site\\\/#\\\/schema\\\/person\\\/84b59c099c28ff2e8b77d4ceec5d8063\"},\"headline\":\"Agave Mercedes impulsa la moda sustentable en la ciudad con indumentaria y accesorios ecol\u00f3gicos\",\"datePublished\":\"2026-09-03T20:56:38+00:00\",\"mainEntityOfPage\":{\"@id\":\"https:\\\/\\\/noticiasmercedinas.com\\\/site\\\/2026\\\/09\\\/03\\\/agave-mercedes-impulsa-la-moda-sustentable-en-la-ciudad-con-indumentaria-y-accesorios-ecologicos\\\/\"},\"wordCount\":296,\"publisher\":{\"@id\":\"https:\\\/\\\/noticiasmercedinas.com\\\/site\\\/#organization\"},\"image\":{\"@id\":\"https:\\\/\\\/noticiasmercedinas.com\\\/site\\\/2026\\\/09\\\/03\\\/agave-mercedes-impulsa-la-moda-sustentable-en-la-ciudad-con-indumentaria-y-accesorios-ecologicos\\\/#primaryimage\"},\"thumbnailUrl\":\"https:\\\/\\\/noticiasmercedinas.com\\\/site\\\/wp-content\\\/uploads\\\/2026\\\/09\\\/IMG-20260820-WA0053.jpg\",\"keywords\":[\"dupont\",\"ecologia\",\"reciclable\",\"ropa\"],\"articleSection\":[\"Emprendimientos\"],\"inLanguage\":\"es\"},{\"@type\":\"WebPage\",\"@id\":\"https:\\\/\\\/noticiasmercedinas.com\\\/site\\\/2026\\\/09\\\/03\\\/agave-mercedes-impulsa-la-moda-sustentable-en-la-ciudad-con-indumentaria-y-accesorios-ecologicos\\\/\",\"url\":\"https:\\\/\\\/noticiasmercedinas.com\\\/site\\\/2026\\\/09\\\/03\\\/agave-mercedes-impulsa-la-moda-sustentable-en-la-ciudad-con-indumentaria-y-accesorios-ecologicos\\\/\",\"name\":\"Agave Mercedes impulsa la moda sustentable en la ciudad con indumentaria y accesorios ecol\u00f3gicos\",\"isPartOf\":{\"@id\":\"https:\\\/\\\/noticiasmercedinas.com\\\/site\\\/#website\"},\"primaryImageOfPage\":{\"@id\":\"https:\\\/\\\/noticiasmercedinas.com\\\/site\\\/2026\\\/09\\\/03\\\/agave-mercedes-impulsa-la-moda-sustentable-en-la-ciudad-con-indumentaria-y-accesorios-ecologicos\\\/#primaryimage\"},\"image\":{\"@id\":\"https:\\\/\\\/noticiasmercedinas.com\\\/site\\\/2026\\\/09\\\/03\\\/agave-mercedes-impulsa-la-moda-sustentable-en-la-ciudad-con-indumentaria-y-accesorios-ecologicos\\\/#primaryimage\"},\"thumbnailUrl\":\"https:\\\/\\\/noticiasmercedinas.com\\\/site\\\/wp-content\\\/uploads\\\/2026\\\/09\\\/IMG-20260820-WA0053.jpg\",\"datePublished\":\"2026-09-03T20:56:38+00:00\",\"description\":\"La propuesta creada por la emprendedora Sof\u00eda comercializa prendas confeccionadas en Tyvek\u00ae, apostando al dise\u00f1o atemporal, la producci\u00f3n lenta y el consumo responsable con punto de venta directo y atenci\u00f3n virtual.\",\"breadcrumb\":{\"@id\":\"https:\\\/\\\/noticiasmercedinas.com\\\/site\\\/2026\\\/09\\\/03\\\/agave-mercedes-impulsa-la-moda-sustentable-en-la-ciudad-con-indumentaria-y-accesorios-ecologicos\\\/#breadcrumb\"},\"inLanguage\":\"es\",\"potentialAction\":[{\"@type\":\"ReadAction\",\"target\":[\"https:\\\/\\\/noticiasmercedinas.com\\\/site\\\/2026\\\/09\\\/03\\\/agave-mercedes-impulsa-la-moda-sustentable-en-la-ciudad-con-indumentaria-y-accesorios-ecologicos\\\/\"]}]},{\"@type\":\"ImageObject\",\"inLanguage\":\"es\",\"@id\":\"https:\\\/\\\/noticiasmercedinas.com\\\/site\\\/2026\\\/09\\\/03\\\/agave-mercedes-impulsa-la-moda-sustentable-en-la-ciudad-con-indumentaria-y-accesorios-ecologicos\\\/#primaryimage\",\"url\":\"https:\\\/\\\/noticiasmercedinas.com\\\/site\\\/wp-content\\\/uploads\\\/2026\\\/09\\\/IMG-20260820-WA0053.jpg\",\"contentUrl\":\"https:\\\/\\\/noticiasmercedinas.com\\\/site\\\/wp-content\\\/uploads\\\/2026\\\/09\\\/IMG-20260820-WA0053.jpg\",\"width\":1080,\"height\":1080},{\"@type\":\"BreadcrumbList\",\"@id\":\"https:\\\/\\\/noticiasmercedinas.com\\\/site\\\/2026\\\/09\\\/03\\\/agave-mercedes-impulsa-la-moda-sustentable-en-la-ciudad-con-indumentaria-y-accesorios-ecologicos\\\/#breadcrumb\",\"itemListElement\":[{\"@type\":\"ListItem\",\"position\":1,\"name\":\"Portada\",\"item\":\"https:\\\/\\\/noticiasmercedinas.com\\\/site\\\/\"},{\"@type\":\"ListItem\",\"position\":2,\"name\":\"Agave Mercedes impulsa la moda sustentable en la ciudad con indumentaria y accesorios ecol\u00f3gicos\"}]},{\"@type\":\"WebSite\",\"@id\":\"https:\\\/\\\/noticiasmercedinas.com\\\/site\\\/#website\",\"url\":\"https:\\\/\\\/noticiasmercedinas.com\\\/site\\\/\",\"name\":\"NOTICIASMERCEDINAS.COM\",\"description\":\"Mercedes, Buenos Aires, Argentina\",\"publisher\":{\"@id\":\"https:\\\/\\\/noticiasmercedinas.com\\\/site\\\/#organization\"},\"potentialAction\":[{\"@type\":\"SearchAction\",\"target\":{\"@type\":\"EntryPoint\",\"urlTemplate\":\"https:\\\/\\\/noticiasmercedinas.com\\\/site\\\/?s={search_term_string}\"},\"query-input\":{\"@type\":\"PropertyValueSpecification\",\"valueRequired\":true,\"valueName\":\"search_term_string\"}}],\"inLanguage\":\"es\"},{\"@type\":\"Organization\",\"@id\":\"https:\\\/\\\/noticiasmercedinas.com\\\/site\\\/#organization\",\"name\":\"NOTICIASMERCEDINAS.COM\",\"url\":\"https:\\\/\\\/noticiasmercedinas.com\\\/site\\\/\",\"logo\":{\"@type\":\"ImageObject\",\"inLanguage\":\"es\",\"@id\":\"https:\\\/\\\/noticiasmercedinas.com\\\/site\\\/#\\\/schema\\\/logo\\\/image\\\/\",\"url\":\"https:\\\/\\\/noticiasmercedinas.com\\\/site\\\/wp-content\\\/uploads\\\/2020\\\/06\\\/LOGO-512.jpg\",\"contentUrl\":\"https:\\\/\\\/noticiasmercedinas.com\\\/site\\\/wp-content\\\/uploads\\\/2020\\\/06\\\/LOGO-512.jpg\",\"width\":512,\"height\":512,\"caption\":\"NOTICIASMERCEDINAS.COM\"},\"image\":{\"@id\":\"https:\\\/\\\/noticiasmercedinas.com\\\/site\\\/#\\\/schema\\\/logo\\\/image\\\/\"},\"sameAs\":[\"https:\\\/\\\/www.facebook.com\\\/noticiasmercedinas\\\/\",\"https:\\\/\\\/x.com\\\/notmercedinas\",\"https:\\\/\\\/www.instagram.com\\\/noticiasmercedinas\\\/\"]},{\"@type\":\"Person\",\"@id\":\"https:\\\/\\\/noticiasmercedinas.com\\\/site\\\/#\\\/schema\\\/person\\\/84b59c099c28ff2e8b77d4ceec5d8063\",\"name\":\"NOTICIASMERCEDINAS.COM\",\"image\":{\"@type\":\"ImageObject\",\"inLanguage\":\"es\",\"@id\":\"https:\\\/\\\/secure.gravatar.com\\\/avatar\\\/4dfbf16b4d17945bfb6341b2d19043457132fcf478a5ee04f42e959fd8f5df0a?s=96&d=mm&r=g\",\"url\":\"https:\\\/\\\/secure.gravatar.com\\\/avatar\\\/4dfbf16b4d17945bfb6341b2d19043457132fcf478a5ee04f42e959fd8f5df0a?s=96&d=mm&r=g\",\"contentUrl\":\"https:\\\/\\\/secure.gravatar.com\\\/avatar\\\/4dfbf16b4d17945bfb6341b2d19043457132fcf478a5ee04f42e959fd8f5df0a?s=96&d=mm&r=g\",\"caption\":\"NOTICIASMERCEDINAS.COM\"},\"url\":\"https:\\\/\\\/noticiasmercedinas.com\\\/site\\\/author\\\/anonimo\\\/\"}]}<\/script>\n<!-- \/ Yoast SEO plugin. -->","yoast_head_json":{"title":"Agave Mercedes impulsa la moda sustentable en la ciudad con indumentaria y accesorios ecol\u00f3gicos","description":"La propuesta creada por la emprendedora Sof\u00eda comercializa prendas confeccionadas en Tyvek\u00ae, apostando al dise\u00f1o atemporal, la producci\u00f3n lenta y el consumo responsable con punto de venta directo y atenci\u00f3n virtual.","robots":{"index":"index","follow":"follow","max-snippet":"max-snippet:-1","max-image-preview":"max-image-preview:large","max-video-preview":"max-video-preview:-1"},"canonical":"https:\/\/noticiasmercedinas.com\/site\/2026\/09\/03\/agave-mercedes-impulsa-la-moda-sustentable-en-la-ciudad-con-indumentaria-y-accesorios-ecologicos\/","og_locale":"es_ES","og_type":"article","og_title":"Agave Mercedes impulsa la moda sustentable en la ciudad con indumentaria y accesorios ecol\u00f3gicos","og_description":"La propuesta creada por la emprendedora Sof\u00eda comercializa prendas confeccionadas en Tyvek\u00ae, apostando al dise\u00f1o atemporal, la producci\u00f3n lenta y el consumo responsable con punto de venta directo y atenci\u00f3n virtual.","og_url":"https:\/\/noticiasmercedinas.com\/site\/2026\/09\/03\/agave-mercedes-impulsa-la-moda-sustentable-en-la-ciudad-con-indumentaria-y-accesorios-ecologicos\/","og_site_name":"NOTICIASMERCEDINAS.COM","article_publisher":"https:\/\/www.facebook.com\/noticiasmercedinas\/","article_published_time":"2026-09-03T20:56:38+00:00","og_image":[{"width":1080,"height":1080,"url":"https:\/\/noticiasmercedinas.com\/site\/wp-content\/uploads\/2026\/09\/IMG-20260820-WA0053.jpg","type":"image\/jpeg"}],"author":"NOTICIASMERCEDINAS.COM","twitter_card":"summary_large_image","twitter_creator":"@notmercedinas","twitter_site":"@notmercedinas","twitter_misc":{"Escrito por":"NOTICIASMERCEDINAS.COM","Tiempo de lectura":"2 minutos"},"schema":{"@context":"https:\/\/schema.org","@graph":[{"@type":"Article","@id":"https:\/\/noticiasmercedinas.com\/site\/2026\/09\/03\/agave-mercedes-impulsa-la-moda-sustentable-en-la-ciudad-con-indumentaria-y-accesorios-ecologicos\/#article","isPartOf":{"@id":"https:\/\/noticiasmercedinas.com\/site\/2026\/09\/03\/agave-mercedes-impulsa-la-moda-sustentable-en-la-ciudad-con-indumentaria-y-accesorios-ecologicos\/"},"author":{"name":"NOTICIASMERCEDINAS.COM","@id":"https:\/\/noticiasmercedinas.com\/site\/#\/schema\/person\/84b59c099c28ff2e8b77d4ceec5d8063"},"headline":"Agave Mercedes impulsa la moda sustentable en la ciudad con indumentaria y accesorios ecol\u00f3gicos","datePublished":"2026-09-03T20:56:38+00:00","mainEntityOfPage":{"@id":"https:\/\/noticiasmercedinas.com\/site\/2026\/09\/03\/agave-mercedes-impulsa-la-moda-sustentable-en-la-ciudad-con-indumentaria-y-accesorios-ecologicos\/"},"wordCount":296,"publisher":{"@id":"https:\/\/noticiasmercedinas.com\/site\/#organization"},"image":{"@id":"https:\/\/noticiasmercedinas.com\/site\/2026\/09\/03\/agave-mercedes-impulsa-la-moda-sustentable-en-la-ciudad-con-indumentaria-y-accesorios-ecologicos\/#primaryimage"},"thumbnailUrl":"https:\/\/noticiasmercedinas.com\/site\/wp-content\/uploads\/2026\/09\/IMG-20260820-WA0053.jpg","keywords":["dupont","ecologia","reciclable","ropa"],"articleSection":["Emprendimientos"],"inLanguage":"es"},{"@type":"WebPage","@id":"https:\/\/noticiasmercedinas.com\/site\/2026\/09\/03\/agave-mercedes-impulsa-la-moda-sustentable-en-la-ciudad-con-indumentaria-y-accesorios-ecologicos\/","url":"https:\/\/noticiasmercedinas.com\/site\/2026\/09\/03\/agave-mercedes-impulsa-la-moda-sustentable-en-la-ciudad-con-indumentaria-y-accesorios-ecologicos\/","name":"Agave Mercedes impulsa la moda sustentable en la ciudad con indumentaria y accesorios ecol\u00f3gicos","isPartOf":{"@id":"https:\/\/noticiasmercedinas.com\/site\/#website"},"primaryImageOfPage":{"@id":"https:\/\/noticiasmercedinas.com\/site\/2026\/09\/03\/agave-mercedes-impulsa-la-moda-sustentable-en-la-ciudad-con-indumentaria-y-accesorios-ecologicos\/#primaryimage"},"image":{"@id":"https:\/\/noticiasmercedinas.com\/site\/2026\/09\/03\/agave-mercedes-impulsa-la-moda-sustentable-en-la-ciudad-con-indumentaria-y-accesorios-ecologicos\/#primaryimage"},"thumbnailUrl":"https:\/\/noticiasmercedinas.com\/site\/wp-content\/uploads\/2026\/09\/IMG-20260820-WA0053.jpg","datePublished":"2026-09-03T20:56:38+00:00","description":"La propuesta creada por la emprendedora Sof\u00eda comercializa prendas confeccionadas en Tyvek\u00ae, apostando al dise\u00f1o atemporal, la producci\u00f3n lenta y el consumo responsable con punto de venta directo y atenci\u00f3n virtual.","breadcrumb":{"@id":"https:\/\/noticiasmercedinas.com\/site\/2026\/09\/03\/agave-mercedes-impulsa-la-moda-sustentable-en-la-ciudad-con-indumentaria-y-accesorios-ecologicos\/#breadcrumb"},"inLanguage":"es","potentialAction":[{"@type":"ReadAction","target":["https:\/\/noticiasmercedinas.com\/site\/2026\/09\/03\/agave-mercedes-impulsa-la-moda-sustentable-en-la-ciudad-con-indumentaria-y-accesorios-ecologicos\/"]}]},{"@type":"ImageObject","inLanguage":"es","@id":"https:\/\/noticiasmercedinas.com\/site\/2026\/09\/03\/agave-mercedes-impulsa-la-moda-sustentable-en-la-ciudad-con-indumentaria-y-accesorios-ecologicos\/#primaryimage","url":"https:\/\/noticiasmercedinas.com\/site\/wp-content\/uploads\/2026\/09\/IMG-20260820-WA0053.jpg","contentUrl":"https:\/\/noticiasmercedinas.com\/site\/wp-content\/uploads\/2026\/09\/IMG-20260820-WA0053.jpg","width":1080,"height":1080},{"@type":"BreadcrumbList","@id":"https:\/\/noticiasmercedinas.com\/site\/2026\/09\/03\/agave-mercedes-impulsa-la-moda-sustentable-en-la-ciudad-con-indumentaria-y-accesorios-ecologicos\/#breadcrumb","itemListElement":[{"@type":"ListItem","position":1,"name":"Portada","item":"https:\/\/noticiasmercedinas.com\/site\/"},{"@type":"ListItem","position":2,"name":"Agave Mercedes impulsa la moda sustentable en la ciudad con indumentaria y accesorios ecol\u00f3gicos"}]},{"@type":"WebSite","@id":"https:\/\/noticiasmercedinas.com\/site\/#website","url":"https:\/\/noticiasmercedinas.com\/site\/","name":"NOTICIASMERCEDINAS.COM","description":"Mercedes, Buenos Aires, Argentina","publisher":{"@id":"https:\/\/noticiasmercedinas.com\/site\/#organization"},"potentialAction":[{"@type":"SearchAction","target":{"@type":"EntryPoint","urlTemplate":"https:\/\/noticiasmercedinas.com\/site\/?s={search_term_string}"},"query-input":{"@type":"PropertyValueSpecification","valueRequired":true,"valueName":"search_term_string"}}],"inLanguage":"es"},{"@type":"Organization","@id":"https:\/\/noticiasmercedinas.com\/site\/#organization","name":"NOTICIASMERCEDINAS.COM","url":"https:\/\/noticiasmercedinas.com\/site\/","logo":{"@type":"ImageObject","inLanguage":"es","@id":"https:\/\/noticiasmercedinas.com\/site\/#\/schema\/logo\/image\/","url":"https:\/\/noticiasmercedinas.com\/site\/wp-content\/uploads\/2020\/06\/LOGO-512.jpg","contentUrl":"https:\/\/noticiasmercedinas.com\/site\/wp-content\/uploads\/2020\/06\/LOGO-512.jpg","width":512,"height":512,"caption":"NOTICIASMERCEDINAS.COM"},"image":{"@id":"https:\/\/noticiasmercedinas.com\/site\/#\/schema\/logo\/image\/"},"sameAs":["https:\/\/www.facebook.com\/noticiasmercedinas\/","https:\/\/x.com\/notmercedinas","https:\/\/www.instagram.com\/noticiasmercedinas\/"]},{"@type":"Person","@id":"https:\/\/noticiasmercedinas.com\/site\/#\/schema\/person\/84b59c099c28ff2e8b77d4ceec5d8063","name":"NOTICIASMERCEDINAS.COM","image":{"@type":"ImageObject","inLanguage":"es","@id":"https:\/\/secure.gravatar.com\/avatar\/4dfbf16b4d17945bfb6341b2d19043457132fcf478a5ee04f42e959fd8f5df0a?s=96&d=mm&r=g","url":"https:\/\/secure.gravatar.com\/avatar\/4dfbf16b4d17945bfb6341b2d19043457132fcf478a5ee04f42e959fd8f5df0a?s=96&d=mm&r=g","contentUrl":"https:\/\/secure.gravatar.com\/avatar\/4dfbf16b4d17945bfb6341b2d19043457132fcf478a5ee04f42e959fd8f5df0a?s=96&d=mm&r=g","caption":"NOTICIASMERCEDINAS.COM"},"url":"https:\/\/noticiasmercedinas.com\/site\/author\/anonimo\/"}]}},"amp_enabled":true,"_links":{"self":[{"href":"https:\/\/noticiasmercedinas.com\/site\/wp-json\/wp\/v2\/posts\/193946","targetHints":{"allow":["GET"]}}],"collection":[{"href":"https:\/\/noticiasmercedinas.com\/site\/wp-json\/wp\/v2\/posts"}],"about":[{"href":"https:\/\/noticiasmercedinas.com\/site\/wp-json\/wp\/v2\/types\/post"}],"author":[{"embeddable":true,"href":"https:\/\/noticiasmercedinas.com\/site\/wp-json\/wp\/v2\/users\/16"}],"replies":[{"embeddable":true,"href":"https:\/\/noticiasmercedinas.com\/site\/wp-json\/wp\/v2\/comments?post=193946"}],"version-history":[{"count":3,"href":"https:\/\/noticiasmercedinas.com\/site\/wp-json\/wp\/v2\/posts\/193946\/revisions"}],"predecessor-version":[{"id":193953,"href":"https:\/\/noticiasmercedinas.com\/site\/wp-json\/wp\/v2\/posts\/193946\/revisions\/193953"}],"wp:featuredmedia":[{"embeddable":true,"href":"https:\/\/noticiasmercedinas.com\/site\/wp-json\/wp\/v2\/media\/193949"}],"wp:attachment":[{"href":"https:\/\/noticiasmercedinas.com\/site\/wp-json\/wp\/v2\/media?parent=193946"}],"wp:term":[{"taxonomy":"category","embeddable":true,"href":"https:\/\/noticiasmercedinas.com\/site\/wp-json\/wp\/v2\/categories?post=193946"},{"taxonomy":"post_tag","embeddable":true,"href":"https:\/\/noticiasmercedinas.com\/site\/wp-json\/wp\/v2\/tags?post=193946"}],"curies":[{"name":"wp","href":"https:\/\/api.w.org\/{rel}","templated":true}]}}