{"id":193954,"date":"2026-09-03T18:11:32","date_gmt":"2026-09-03T21:11:32","guid":{"rendered":"https:\/\/noticiasmercedinas.com\/site\/?p=193954"},"modified":"2026-09-03T18:11:32","modified_gmt":"2026-09-03T21:11:32","slug":"el-cens-452-represento-a-mercedes-en-la-feria-provincial-de-ciencias-con-un-proyecto-de-reciclaje-en-la-unidad-5","status":"publish","type":"post","link":"https:\/\/noticiasmercedinas.com\/site\/2026\/09\/03\/el-cens-452-represento-a-mercedes-en-la-feria-provincial-de-ciencias-con-un-proyecto-de-reciclaje-en-la-unidad-5\/","title":{"rendered":"El CENS 452 represent\u00f3 a Mercedes en la Feria Provincial de Ciencias con un proyecto de reciclaje en la Unidad 5"},"content":{"rendered":"<p><img loading=\"lazy\" decoding=\"async\" class=\"alignnone size-full wp-image-193956\" src=\"https:\/\/noticiasmercedinas.com\/site\/wp-content\/uploads\/2026\/09\/IMG-20260903-WA0053.jpg\" alt=\"\" width=\"1080\" height=\"601\" srcset=\"https:\/\/noticiasmercedinas.com\/site\/wp-content\/uploads\/2026\/09\/IMG-20260903-WA0053.jpg 1080w, https:\/\/noticiasmercedinas.com\/site\/wp-content\/uploads\/2026\/09\/IMG-20260903-WA0053-300x167.jpg 300w, https:\/\/noticiasmercedinas.com\/site\/wp-content\/uploads\/2026\/09\/IMG-20260903-WA0053-1024x570.jpg 1024w, https:\/\/noticiasmercedinas.com\/site\/wp-content\/uploads\/2026\/09\/IMG-20260903-WA0053-768x427.jpg 768w, https:\/\/noticiasmercedinas.com\/site\/wp-content\/uploads\/2026\/09\/IMG-20260903-WA0053-640x356.jpg 640w, https:\/\/noticiasmercedinas.com\/site\/wp-content\/uploads\/2026\/09\/IMG-20260903-WA0053-681x379.jpg 681w\" sizes=\"auto, (max-width: 1080px) 100vw, 1080px\" \/><\/p>\n<p>El CENS N \u00b0 452 de la ciudad de Mercedes tuvo una destacada participaci\u00f3n en la 53.\u00aa Instancia Provincial de Actividades Cient\u00edficas, Tecnol\u00f3gicas y Educativas, llevada a cabo del 1 al 3 de septiembre en la localidad de Santa Clara del Mar.<\/p>\n<p>La instituci\u00f3n, que funciona en contexto de encierro dentro de la Unidad Penal N.\u00ba 5 y se encuentra celebrando sus 40 a\u00f1os de trayectoria escolar, form\u00f3 parte de las 290 delegaciones evaluadas en el polideportivo municipal del partido de Mar Chiquita, reuni\u00f3n que congrega proyectos de todos los niveles y modalidades del sistema educativo bonaerense.<\/p>\n<p><img loading=\"lazy\" decoding=\"async\" class=\"alignnone size-full wp-image-193958\" src=\"https:\/\/noticiasmercedinas.com\/site\/wp-content\/uploads\/2026\/09\/IMG-20260903-WA0056.jpg\" alt=\"\" width=\"1456\" height=\"1599\" srcset=\"https:\/\/noticiasmercedinas.com\/site\/wp-content\/uploads\/2026\/09\/IMG-20260903-WA0056.jpg 1456w, https:\/\/noticiasmercedinas.com\/site\/wp-content\/uploads\/2026\/09\/IMG-20260903-WA0056-273x300.jpg 273w, https:\/\/noticiasmercedinas.com\/site\/wp-content\/uploads\/2026\/09\/IMG-20260903-WA0056-932x1024.jpg 932w, https:\/\/noticiasmercedinas.com\/site\/wp-content\/uploads\/2026\/09\/IMG-20260903-WA0056-768x843.jpg 768w, https:\/\/noticiasmercedinas.com\/site\/wp-content\/uploads\/2026\/09\/IMG-20260903-WA0056-1399x1536.jpg 1399w, https:\/\/noticiasmercedinas.com\/site\/wp-content\/uploads\/2026\/09\/IMG-20260903-WA0056-640x703.jpg 640w, https:\/\/noticiasmercedinas.com\/site\/wp-content\/uploads\/2026\/09\/IMG-20260903-WA0056-1280x1406.jpg 1280w, https:\/\/noticiasmercedinas.com\/site\/wp-content\/uploads\/2026\/09\/IMG-20260903-WA0056-681x748.jpg 681w, https:\/\/noticiasmercedinas.com\/site\/wp-content\/uploads\/2026\/09\/IMG-20260903-WA0056-1362x1496.jpg 1362w\" sizes=\"auto, (max-width: 1456px) 100vw, 1456px\" \/><\/p>\n<p>La propuesta presentada, denominada \u00abEntre Burbujas\u00bb, fue elaborada por los alumnos de 2.\u00ba a\u00f1o 3.\u00aa divisi\u00f3n. El trabajo consiste en el reciclaje del aceite vegetal utilizado en los pabellones, el cual es sometido a un proceso de filtrado continuo para transformarlo en materia prima destinada a la confecci\u00f3n de jabones de higiene personal.<\/p>\n<p>La iniciativa persigue un claro objetivo ambiental al evitar la contaminaci\u00f3n provocada por el vertido inadecuado de aceites usados, incorporando adem\u00e1s un perfil comunitario al donar parte de la producci\u00f3n a dos entidades locales durante la Semana de la Educaci\u00f3n Sexual Integral (ESI) para fomentar h\u00e1bitos saludables.<\/p>\n<p>El proyecto naci\u00f3 originalmente en el espacio curricular de F\u00edsica y Fen\u00f3menos Naturales, pero dada su complejidad pedag\u00f3gica se articul\u00f3 transversalmente con las materias de Pr\u00e1cticas del Lenguaje y Matem\u00e1tica, contando con el acompa\u00f1amiento de diversos docentes del establecimiento.<\/p>\n<p>En el marco de la muestra, la experiencia adquiri\u00f3 alcance medi\u00e1tico regional mediante una entrevista brindada en la emisora \u00abLa Voz\u00bb del municipio de Mar Chiquita.<\/p>\n<p>Al momento de las devoluciones t\u00e9cnicas, el equipo de evaluadores destac\u00f3 el profundo impacto social de la presentaci\u00f3n, se\u00f1alando en su dictamen oficial: \u00abObservamos un trabajo que enaltece la dignidad humana superando prejuicios y demostrando superaci\u00f3n personal y crecimiento acad\u00e9mico a trav\u00e9s de un trabajo que va en la l\u00ednea de garantizar el derecho b\u00e1sico, como lo es el derecho a la salud\u00bb.<\/p>\n<p><img loading=\"lazy\" decoding=\"async\" class=\"alignnone size-full wp-image-193959\" src=\"https:\/\/noticiasmercedinas.com\/site\/wp-content\/uploads\/2026\/09\/IMG-20260903-WA0057.jpg\" alt=\"\" width=\"1280\" height=\"963\" srcset=\"https:\/\/noticiasmercedinas.com\/site\/wp-content\/uploads\/2026\/09\/IMG-20260903-WA0057.jpg 1280w, https:\/\/noticiasmercedinas.com\/site\/wp-content\/uploads\/2026\/09\/IMG-20260903-WA0057-300x226.jpg 300w, https:\/\/noticiasmercedinas.com\/site\/wp-content\/uploads\/2026\/09\/IMG-20260903-WA0057-1024x770.jpg 1024w, https:\/\/noticiasmercedinas.com\/site\/wp-content\/uploads\/2026\/09\/IMG-20260903-WA0057-768x578.jpg 768w, https:\/\/noticiasmercedinas.com\/site\/wp-content\/uploads\/2026\/09\/IMG-20260903-WA0057-80x60.jpg 80w, https:\/\/noticiasmercedinas.com\/site\/wp-content\/uploads\/2026\/09\/IMG-20260903-WA0057-160x120.jpg 160w, https:\/\/noticiasmercedinas.com\/site\/wp-content\/uploads\/2026\/09\/IMG-20260903-WA0057-100x75.jpg 100w, https:\/\/noticiasmercedinas.com\/site\/wp-content\/uploads\/2026\/09\/IMG-20260903-WA0057-200x150.jpg 200w, https:\/\/noticiasmercedinas.com\/site\/wp-content\/uploads\/2026\/09\/IMG-20260903-WA0057-180x135.jpg 180w, https:\/\/noticiasmercedinas.com\/site\/wp-content\/uploads\/2026\/09\/IMG-20260903-WA0057-360x270.jpg 360w, https:\/\/noticiasmercedinas.com\/site\/wp-content\/uploads\/2026\/09\/IMG-20260903-WA0057-238x178.jpg 238w, https:\/\/noticiasmercedinas.com\/site\/wp-content\/uploads\/2026\/09\/IMG-20260903-WA0057-640x482.jpg 640w, https:\/\/noticiasmercedinas.com\/site\/wp-content\/uploads\/2026\/09\/IMG-20260903-WA0057-681x512.jpg 681w\" sizes=\"auto, (max-width: 1280px) 100vw, 1280px\" \/><\/p>\n","protected":false},"excerpt":{"rendered":"<p>La instituci\u00f3n educativa, que celebra 40 a\u00f1os de vida institucional y funciona dentro del penal local, expuso en Santa Clara del Mar la iniciativa \u00abEntre Burbujas\u00bb, desarrollada por estudiantes de contexto de encierro para elaborar jabones a partir de aceite usado.<\/p>\n","protected":false},"author":16,"featured_media":193956,"comment_status":"closed","ping_status":"closed","sticky":false,"template":"","format":"standard","meta":{"footnotes":""},"categories":[15755,3],"tags":[22799,5633],"class_list":["post-193954","post","type-post","status-publish","format-standard","has-post-thumbnail","hentry","category-educacion","category-sociedad","tag-cens-452","tag-mar-chiquita"],"yoast_head":"<!-- This site is optimized with the Yoast SEO plugin v28.3 - https:\/\/yoast.com\/product\/yoast-seo-wordpress\/ -->\n<title>El CENS 452 represent\u00f3 a Mercedes en la Feria Provincial de Ciencias con un proyecto de reciclaje en la Unidad 5<\/title>\n<meta name=\"description\" content=\"La instituci\u00f3n educativa, que celebra 40 a\u00f1os de vida institucional y funciona dentro del penal local, expuso en Santa Clara del Mar la iniciativa &quot;Entre Burbujas&quot;, desarrollada por estudiantes de contexto de encierro para elaborar jabones a partir de aceite usado.\" \/>\n<meta name=\"robots\" content=\"index, follow, max-snippet:-1, max-image-preview:large, max-video-preview:-1\" \/>\n<link rel=\"canonical\" href=\"https:\/\/noticiasmercedinas.com\/site\/2026\/09\/03\/el-cens-452-represento-a-mercedes-en-la-feria-provincial-de-ciencias-con-un-proyecto-de-reciclaje-en-la-unidad-5\/\" \/>\n<meta property=\"og:locale\" content=\"es_ES\" \/>\n<meta property=\"og:type\" content=\"article\" \/>\n<meta property=\"og:title\" content=\"El CENS 452 represent\u00f3 a Mercedes en la Feria Provincial de Ciencias con un proyecto de reciclaje en la Unidad 5\" \/>\n<meta property=\"og:description\" content=\"La instituci\u00f3n educativa, que celebra 40 a\u00f1os de vida institucional y funciona dentro del penal local, expuso en Santa Clara del Mar la iniciativa &quot;Entre Burbujas&quot;, desarrollada por estudiantes de contexto de encierro para elaborar jabones a partir de aceite usado.\" \/>\n<meta property=\"og:url\" content=\"https:\/\/noticiasmercedinas.com\/site\/2026\/09\/03\/el-cens-452-represento-a-mercedes-en-la-feria-provincial-de-ciencias-con-un-proyecto-de-reciclaje-en-la-unidad-5\/\" \/>\n<meta property=\"og:site_name\" content=\"NOTICIASMERCEDINAS.COM\" \/>\n<meta property=\"article:publisher\" content=\"https:\/\/www.facebook.com\/noticiasmercedinas\/\" \/>\n<meta property=\"article:published_time\" content=\"2026-09-03T21:11:32+00:00\" \/>\n<meta property=\"og:image\" content=\"https:\/\/noticiasmercedinas.com\/site\/wp-content\/uploads\/2026\/09\/IMG-20260903-WA0053.jpg\" \/>\n\t<meta property=\"og:image:width\" content=\"1080\" \/>\n\t<meta property=\"og:image:height\" content=\"601\" \/>\n\t<meta property=\"og:image:type\" content=\"image\/jpeg\" \/>\n<meta name=\"author\" content=\"NOTICIASMERCEDINAS.COM\" \/>\n<meta name=\"twitter:card\" content=\"summary_large_image\" \/>\n<meta name=\"twitter:creator\" content=\"@notmercedinas\" \/>\n<meta name=\"twitter:site\" content=\"@notmercedinas\" \/>\n<meta name=\"twitter:label1\" content=\"Escrito por\" \/>\n\t<meta name=\"twitter:data1\" content=\"NOTICIASMERCEDINAS.COM\" \/>\n\t<meta name=\"twitter:label2\" content=\"Tiempo de lectura\" \/>\n\t<meta name=\"twitter:data2\" content=\"3 minutos\" \/>\n<script type=\"application\/ld+json\" class=\"yoast-schema-graph\">{\"@context\":\"https:\\\/\\\/schema.org\",\"@graph\":[{\"@type\":\"Article\",\"@id\":\"https:\\\/\\\/noticiasmercedinas.com\\\/site\\\/2026\\\/09\\\/03\\\/el-cens-452-represento-a-mercedes-en-la-feria-provincial-de-ciencias-con-un-proyecto-de-reciclaje-en-la-unidad-5\\\/#article\",\"isPartOf\":{\"@id\":\"https:\\\/\\\/noticiasmercedinas.com\\\/site\\\/2026\\\/09\\\/03\\\/el-cens-452-represento-a-mercedes-en-la-feria-provincial-de-ciencias-con-un-proyecto-de-reciclaje-en-la-unidad-5\\\/\"},\"author\":{\"name\":\"NOTICIASMERCEDINAS.COM\",\"@id\":\"https:\\\/\\\/noticiasmercedinas.com\\\/site\\\/#\\\/schema\\\/person\\\/84b59c099c28ff2e8b77d4ceec5d8063\"},\"headline\":\"El CENS 452 represent\u00f3 a Mercedes en la Feria Provincial de Ciencias con un proyecto de reciclaje en la Unidad 5\",\"datePublished\":\"2026-09-03T21:11:32+00:00\",\"mainEntityOfPage\":{\"@id\":\"https:\\\/\\\/noticiasmercedinas.com\\\/site\\\/2026\\\/09\\\/03\\\/el-cens-452-represento-a-mercedes-en-la-feria-provincial-de-ciencias-con-un-proyecto-de-reciclaje-en-la-unidad-5\\\/\"},\"wordCount\":363,\"publisher\":{\"@id\":\"https:\\\/\\\/noticiasmercedinas.com\\\/site\\\/#organization\"},\"image\":{\"@id\":\"https:\\\/\\\/noticiasmercedinas.com\\\/site\\\/2026\\\/09\\\/03\\\/el-cens-452-represento-a-mercedes-en-la-feria-provincial-de-ciencias-con-un-proyecto-de-reciclaje-en-la-unidad-5\\\/#primaryimage\"},\"thumbnailUrl\":\"https:\\\/\\\/noticiasmercedinas.com\\\/site\\\/wp-content\\\/uploads\\\/2026\\\/09\\\/IMG-20260903-WA0053.jpg\",\"keywords\":[\"Cens 452\",\"Mar Chiquita\"],\"articleSection\":[\"Educacion\",\"Sociedad\"],\"inLanguage\":\"es\"},{\"@type\":\"WebPage\",\"@id\":\"https:\\\/\\\/noticiasmercedinas.com\\\/site\\\/2026\\\/09\\\/03\\\/el-cens-452-represento-a-mercedes-en-la-feria-provincial-de-ciencias-con-un-proyecto-de-reciclaje-en-la-unidad-5\\\/\",\"url\":\"https:\\\/\\\/noticiasmercedinas.com\\\/site\\\/2026\\\/09\\\/03\\\/el-cens-452-represento-a-mercedes-en-la-feria-provincial-de-ciencias-con-un-proyecto-de-reciclaje-en-la-unidad-5\\\/\",\"name\":\"El CENS 452 represent\u00f3 a Mercedes en la Feria Provincial de Ciencias con un proyecto de reciclaje en la Unidad 5\",\"isPartOf\":{\"@id\":\"https:\\\/\\\/noticiasmercedinas.com\\\/site\\\/#website\"},\"primaryImageOfPage\":{\"@id\":\"https:\\\/\\\/noticiasmercedinas.com\\\/site\\\/2026\\\/09\\\/03\\\/el-cens-452-represento-a-mercedes-en-la-feria-provincial-de-ciencias-con-un-proyecto-de-reciclaje-en-la-unidad-5\\\/#primaryimage\"},\"image\":{\"@id\":\"https:\\\/\\\/noticiasmercedinas.com\\\/site\\\/2026\\\/09\\\/03\\\/el-cens-452-represento-a-mercedes-en-la-feria-provincial-de-ciencias-con-un-proyecto-de-reciclaje-en-la-unidad-5\\\/#primaryimage\"},\"thumbnailUrl\":\"https:\\\/\\\/noticiasmercedinas.com\\\/site\\\/wp-content\\\/uploads\\\/2026\\\/09\\\/IMG-20260903-WA0053.jpg\",\"datePublished\":\"2026-09-03T21:11:32+00:00\",\"description\":\"La instituci\u00f3n educativa, que celebra 40 a\u00f1os de vida institucional y funciona dentro del penal local, expuso en Santa Clara del Mar la iniciativa \\\"Entre Burbujas\\\", desarrollada por estudiantes de contexto de encierro para elaborar jabones a partir de aceite usado.\",\"breadcrumb\":{\"@id\":\"https:\\\/\\\/noticiasmercedinas.com\\\/site\\\/2026\\\/09\\\/03\\\/el-cens-452-represento-a-mercedes-en-la-feria-provincial-de-ciencias-con-un-proyecto-de-reciclaje-en-la-unidad-5\\\/#breadcrumb\"},\"inLanguage\":\"es\",\"potentialAction\":[{\"@type\":\"ReadAction\",\"target\":[\"https:\\\/\\\/noticiasmercedinas.com\\\/site\\\/2026\\\/09\\\/03\\\/el-cens-452-represento-a-mercedes-en-la-feria-provincial-de-ciencias-con-un-proyecto-de-reciclaje-en-la-unidad-5\\\/\"]}]},{\"@type\":\"ImageObject\",\"inLanguage\":\"es\",\"@id\":\"https:\\\/\\\/noticiasmercedinas.com\\\/site\\\/2026\\\/09\\\/03\\\/el-cens-452-represento-a-mercedes-en-la-feria-provincial-de-ciencias-con-un-proyecto-de-reciclaje-en-la-unidad-5\\\/#primaryimage\",\"url\":\"https:\\\/\\\/noticiasmercedinas.com\\\/site\\\/wp-content\\\/uploads\\\/2026\\\/09\\\/IMG-20260903-WA0053.jpg\",\"contentUrl\":\"https:\\\/\\\/noticiasmercedinas.com\\\/site\\\/wp-content\\\/uploads\\\/2026\\\/09\\\/IMG-20260903-WA0053.jpg\",\"width\":1080,\"height\":601},{\"@type\":\"BreadcrumbList\",\"@id\":\"https:\\\/\\\/noticiasmercedinas.com\\\/site\\\/2026\\\/09\\\/03\\\/el-cens-452-represento-a-mercedes-en-la-feria-provincial-de-ciencias-con-un-proyecto-de-reciclaje-en-la-unidad-5\\\/#breadcrumb\",\"itemListElement\":[{\"@type\":\"ListItem\",\"position\":1,\"name\":\"Portada\",\"item\":\"https:\\\/\\\/noticiasmercedinas.com\\\/site\\\/\"},{\"@type\":\"ListItem\",\"position\":2,\"name\":\"El CENS 452 represent\u00f3 a Mercedes en la Feria Provincial de Ciencias con un proyecto de reciclaje en la Unidad 5\"}]},{\"@type\":\"WebSite\",\"@id\":\"https:\\\/\\\/noticiasmercedinas.com\\\/site\\\/#website\",\"url\":\"https:\\\/\\\/noticiasmercedinas.com\\\/site\\\/\",\"name\":\"NOTICIASMERCEDINAS.COM\",\"description\":\"Mercedes, Buenos Aires, Argentina\",\"publisher\":{\"@id\":\"https:\\\/\\\/noticiasmercedinas.com\\\/site\\\/#organization\"},\"potentialAction\":[{\"@type\":\"SearchAction\",\"target\":{\"@type\":\"EntryPoint\",\"urlTemplate\":\"https:\\\/\\\/noticiasmercedinas.com\\\/site\\\/?s={search_term_string}\"},\"query-input\":{\"@type\":\"PropertyValueSpecification\",\"valueRequired\":true,\"valueName\":\"search_term_string\"}}],\"inLanguage\":\"es\"},{\"@type\":\"Organization\",\"@id\":\"https:\\\/\\\/noticiasmercedinas.com\\\/site\\\/#organization\",\"name\":\"NOTICIASMERCEDINAS.COM\",\"url\":\"https:\\\/\\\/noticiasmercedinas.com\\\/site\\\/\",\"logo\":{\"@type\":\"ImageObject\",\"inLanguage\":\"es\",\"@id\":\"https:\\\/\\\/noticiasmercedinas.com\\\/site\\\/#\\\/schema\\\/logo\\\/image\\\/\",\"url\":\"https:\\\/\\\/noticiasmercedinas.com\\\/site\\\/wp-content\\\/uploads\\\/2020\\\/06\\\/LOGO-512.jpg\",\"contentUrl\":\"https:\\\/\\\/noticiasmercedinas.com\\\/site\\\/wp-content\\\/uploads\\\/2020\\\/06\\\/LOGO-512.jpg\",\"width\":512,\"height\":512,\"caption\":\"NOTICIASMERCEDINAS.COM\"},\"image\":{\"@id\":\"https:\\\/\\\/noticiasmercedinas.com\\\/site\\\/#\\\/schema\\\/logo\\\/image\\\/\"},\"sameAs\":[\"https:\\\/\\\/www.facebook.com\\\/noticiasmercedinas\\\/\",\"https:\\\/\\\/x.com\\\/notmercedinas\",\"https:\\\/\\\/www.instagram.com\\\/noticiasmercedinas\\\/\"]},{\"@type\":\"Person\",\"@id\":\"https:\\\/\\\/noticiasmercedinas.com\\\/site\\\/#\\\/schema\\\/person\\\/84b59c099c28ff2e8b77d4ceec5d8063\",\"name\":\"NOTICIASMERCEDINAS.COM\",\"image\":{\"@type\":\"ImageObject\",\"inLanguage\":\"es\",\"@id\":\"https:\\\/\\\/secure.gravatar.com\\\/avatar\\\/4dfbf16b4d17945bfb6341b2d19043457132fcf478a5ee04f42e959fd8f5df0a?s=96&d=mm&r=g\",\"url\":\"https:\\\/\\\/secure.gravatar.com\\\/avatar\\\/4dfbf16b4d17945bfb6341b2d19043457132fcf478a5ee04f42e959fd8f5df0a?s=96&d=mm&r=g\",\"contentUrl\":\"https:\\\/\\\/secure.gravatar.com\\\/avatar\\\/4dfbf16b4d17945bfb6341b2d19043457132fcf478a5ee04f42e959fd8f5df0a?s=96&d=mm&r=g\",\"caption\":\"NOTICIASMERCEDINAS.COM\"},\"url\":\"https:\\\/\\\/noticiasmercedinas.com\\\/site\\\/author\\\/anonimo\\\/\"}]}<\/script>\n<!-- \/ Yoast SEO plugin. -->","yoast_head_json":{"title":"El CENS 452 represent\u00f3 a Mercedes en la Feria Provincial de Ciencias con un proyecto de reciclaje en la Unidad 5","description":"La instituci\u00f3n educativa, que celebra 40 a\u00f1os de vida institucional y funciona dentro del penal local, expuso en Santa Clara del Mar la iniciativa \"Entre Burbujas\", desarrollada por estudiantes de contexto de encierro para elaborar jabones a partir de aceite usado.","robots":{"index":"index","follow":"follow","max-snippet":"max-snippet:-1","max-image-preview":"max-image-preview:large","max-video-preview":"max-video-preview:-1"},"canonical":"https:\/\/noticiasmercedinas.com\/site\/2026\/09\/03\/el-cens-452-represento-a-mercedes-en-la-feria-provincial-de-ciencias-con-un-proyecto-de-reciclaje-en-la-unidad-5\/","og_locale":"es_ES","og_type":"article","og_title":"El CENS 452 represent\u00f3 a Mercedes en la Feria Provincial de Ciencias con un proyecto de reciclaje en la Unidad 5","og_description":"La instituci\u00f3n educativa, que celebra 40 a\u00f1os de vida institucional y funciona dentro del penal local, expuso en Santa Clara del Mar la iniciativa \"Entre Burbujas\", desarrollada por estudiantes de contexto de encierro para elaborar jabones a partir de aceite usado.","og_url":"https:\/\/noticiasmercedinas.com\/site\/2026\/09\/03\/el-cens-452-represento-a-mercedes-en-la-feria-provincial-de-ciencias-con-un-proyecto-de-reciclaje-en-la-unidad-5\/","og_site_name":"NOTICIASMERCEDINAS.COM","article_publisher":"https:\/\/www.facebook.com\/noticiasmercedinas\/","article_published_time":"2026-09-03T21:11:32+00:00","og_image":[{"width":1080,"height":601,"url":"https:\/\/noticiasmercedinas.com\/site\/wp-content\/uploads\/2026\/09\/IMG-20260903-WA0053.jpg","type":"image\/jpeg"}],"author":"NOTICIASMERCEDINAS.COM","twitter_card":"summary_large_image","twitter_creator":"@notmercedinas","twitter_site":"@notmercedinas","twitter_misc":{"Escrito por":"NOTICIASMERCEDINAS.COM","Tiempo de lectura":"3 minutos"},"schema":{"@context":"https:\/\/schema.org","@graph":[{"@type":"Article","@id":"https:\/\/noticiasmercedinas.com\/site\/2026\/09\/03\/el-cens-452-represento-a-mercedes-en-la-feria-provincial-de-ciencias-con-un-proyecto-de-reciclaje-en-la-unidad-5\/#article","isPartOf":{"@id":"https:\/\/noticiasmercedinas.com\/site\/2026\/09\/03\/el-cens-452-represento-a-mercedes-en-la-feria-provincial-de-ciencias-con-un-proyecto-de-reciclaje-en-la-unidad-5\/"},"author":{"name":"NOTICIASMERCEDINAS.COM","@id":"https:\/\/noticiasmercedinas.com\/site\/#\/schema\/person\/84b59c099c28ff2e8b77d4ceec5d8063"},"headline":"El CENS 452 represent\u00f3 a Mercedes en la Feria Provincial de Ciencias con un proyecto de reciclaje en la Unidad 5","datePublished":"2026-09-03T21:11:32+00:00","mainEntityOfPage":{"@id":"https:\/\/noticiasmercedinas.com\/site\/2026\/09\/03\/el-cens-452-represento-a-mercedes-en-la-feria-provincial-de-ciencias-con-un-proyecto-de-reciclaje-en-la-unidad-5\/"},"wordCount":363,"publisher":{"@id":"https:\/\/noticiasmercedinas.com\/site\/#organization"},"image":{"@id":"https:\/\/noticiasmercedinas.com\/site\/2026\/09\/03\/el-cens-452-represento-a-mercedes-en-la-feria-provincial-de-ciencias-con-un-proyecto-de-reciclaje-en-la-unidad-5\/#primaryimage"},"thumbnailUrl":"https:\/\/noticiasmercedinas.com\/site\/wp-content\/uploads\/2026\/09\/IMG-20260903-WA0053.jpg","keywords":["Cens 452","Mar Chiquita"],"articleSection":["Educacion","Sociedad"],"inLanguage":"es"},{"@type":"WebPage","@id":"https:\/\/noticiasmercedinas.com\/site\/2026\/09\/03\/el-cens-452-represento-a-mercedes-en-la-feria-provincial-de-ciencias-con-un-proyecto-de-reciclaje-en-la-unidad-5\/","url":"https:\/\/noticiasmercedinas.com\/site\/2026\/09\/03\/el-cens-452-represento-a-mercedes-en-la-feria-provincial-de-ciencias-con-un-proyecto-de-reciclaje-en-la-unidad-5\/","name":"El CENS 452 represent\u00f3 a Mercedes en la Feria Provincial de Ciencias con un proyecto de reciclaje en la Unidad 5","isPartOf":{"@id":"https:\/\/noticiasmercedinas.com\/site\/#website"},"primaryImageOfPage":{"@id":"https:\/\/noticiasmercedinas.com\/site\/2026\/09\/03\/el-cens-452-represento-a-mercedes-en-la-feria-provincial-de-ciencias-con-un-proyecto-de-reciclaje-en-la-unidad-5\/#primaryimage"},"image":{"@id":"https:\/\/noticiasmercedinas.com\/site\/2026\/09\/03\/el-cens-452-represento-a-mercedes-en-la-feria-provincial-de-ciencias-con-un-proyecto-de-reciclaje-en-la-unidad-5\/#primaryimage"},"thumbnailUrl":"https:\/\/noticiasmercedinas.com\/site\/wp-content\/uploads\/2026\/09\/IMG-20260903-WA0053.jpg","datePublished":"2026-09-03T21:11:32+00:00","description":"La instituci\u00f3n educativa, que celebra 40 a\u00f1os de vida institucional y funciona dentro del penal local, expuso en Santa Clara del Mar la iniciativa \"Entre Burbujas\", desarrollada por estudiantes de contexto de encierro para elaborar jabones a partir de aceite usado.","breadcrumb":{"@id":"https:\/\/noticiasmercedinas.com\/site\/2026\/09\/03\/el-cens-452-represento-a-mercedes-en-la-feria-provincial-de-ciencias-con-un-proyecto-de-reciclaje-en-la-unidad-5\/#breadcrumb"},"inLanguage":"es","potentialAction":[{"@type":"ReadAction","target":["https:\/\/noticiasmercedinas.com\/site\/2026\/09\/03\/el-cens-452-represento-a-mercedes-en-la-feria-provincial-de-ciencias-con-un-proyecto-de-reciclaje-en-la-unidad-5\/"]}]},{"@type":"ImageObject","inLanguage":"es","@id":"https:\/\/noticiasmercedinas.com\/site\/2026\/09\/03\/el-cens-452-represento-a-mercedes-en-la-feria-provincial-de-ciencias-con-un-proyecto-de-reciclaje-en-la-unidad-5\/#primaryimage","url":"https:\/\/noticiasmercedinas.com\/site\/wp-content\/uploads\/2026\/09\/IMG-20260903-WA0053.jpg","contentUrl":"https:\/\/noticiasmercedinas.com\/site\/wp-content\/uploads\/2026\/09\/IMG-20260903-WA0053.jpg","width":1080,"height":601},{"@type":"BreadcrumbList","@id":"https:\/\/noticiasmercedinas.com\/site\/2026\/09\/03\/el-cens-452-represento-a-mercedes-en-la-feria-provincial-de-ciencias-con-un-proyecto-de-reciclaje-en-la-unidad-5\/#breadcrumb","itemListElement":[{"@type":"ListItem","position":1,"name":"Portada","item":"https:\/\/noticiasmercedinas.com\/site\/"},{"@type":"ListItem","position":2,"name":"El CENS 452 represent\u00f3 a Mercedes en la Feria Provincial de Ciencias con un proyecto de reciclaje en la Unidad 5"}]},{"@type":"WebSite","@id":"https:\/\/noticiasmercedinas.com\/site\/#website","url":"https:\/\/noticiasmercedinas.com\/site\/","name":"NOTICIASMERCEDINAS.COM","description":"Mercedes, Buenos Aires, Argentina","publisher":{"@id":"https:\/\/noticiasmercedinas.com\/site\/#organization"},"potentialAction":[{"@type":"SearchAction","target":{"@type":"EntryPoint","urlTemplate":"https:\/\/noticiasmercedinas.com\/site\/?s={search_term_string}"},"query-input":{"@type":"PropertyValueSpecification","valueRequired":true,"valueName":"search_term_string"}}],"inLanguage":"es"},{"@type":"Organization","@id":"https:\/\/noticiasmercedinas.com\/site\/#organization","name":"NOTICIASMERCEDINAS.COM","url":"https:\/\/noticiasmercedinas.com\/site\/","logo":{"@type":"ImageObject","inLanguage":"es","@id":"https:\/\/noticiasmercedinas.com\/site\/#\/schema\/logo\/image\/","url":"https:\/\/noticiasmercedinas.com\/site\/wp-content\/uploads\/2020\/06\/LOGO-512.jpg","contentUrl":"https:\/\/noticiasmercedinas.com\/site\/wp-content\/uploads\/2020\/06\/LOGO-512.jpg","width":512,"height":512,"caption":"NOTICIASMERCEDINAS.COM"},"image":{"@id":"https:\/\/noticiasmercedinas.com\/site\/#\/schema\/logo\/image\/"},"sameAs":["https:\/\/www.facebook.com\/noticiasmercedinas\/","https:\/\/x.com\/notmercedinas","https:\/\/www.instagram.com\/noticiasmercedinas\/"]},{"@type":"Person","@id":"https:\/\/noticiasmercedinas.com\/site\/#\/schema\/person\/84b59c099c28ff2e8b77d4ceec5d8063","name":"NOTICIASMERCEDINAS.COM","image":{"@type":"ImageObject","inLanguage":"es","@id":"https:\/\/secure.gravatar.com\/avatar\/4dfbf16b4d17945bfb6341b2d19043457132fcf478a5ee04f42e959fd8f5df0a?s=96&d=mm&r=g","url":"https:\/\/secure.gravatar.com\/avatar\/4dfbf16b4d17945bfb6341b2d19043457132fcf478a5ee04f42e959fd8f5df0a?s=96&d=mm&r=g","contentUrl":"https:\/\/secure.gravatar.com\/avatar\/4dfbf16b4d17945bfb6341b2d19043457132fcf478a5ee04f42e959fd8f5df0a?s=96&d=mm&r=g","caption":"NOTICIASMERCEDINAS.COM"},"url":"https:\/\/noticiasmercedinas.com\/site\/author\/anonimo\/"}]}},"amp_enabled":true,"_links":{"self":[{"href":"https:\/\/noticiasmercedinas.com\/site\/wp-json\/wp\/v2\/posts\/193954","targetHints":{"allow":["GET"]}}],"collection":[{"href":"https:\/\/noticiasmercedinas.com\/site\/wp-json\/wp\/v2\/posts"}],"about":[{"href":"https:\/\/noticiasmercedinas.com\/site\/wp-json\/wp\/v2\/types\/post"}],"author":[{"embeddable":true,"href":"https:\/\/noticiasmercedinas.com\/site\/wp-json\/wp\/v2\/users\/16"}],"replies":[{"embeddable":true,"href":"https:\/\/noticiasmercedinas.com\/site\/wp-json\/wp\/v2\/comments?post=193954"}],"version-history":[{"count":3,"href":"https:\/\/noticiasmercedinas.com\/site\/wp-json\/wp\/v2\/posts\/193954\/revisions"}],"predecessor-version":[{"id":193961,"href":"https:\/\/noticiasmercedinas.com\/site\/wp-json\/wp\/v2\/posts\/193954\/revisions\/193961"}],"wp:featuredmedia":[{"embeddable":true,"href":"https:\/\/noticiasmercedinas.com\/site\/wp-json\/wp\/v2\/media\/193956"}],"wp:attachment":[{"href":"https:\/\/noticiasmercedinas.com\/site\/wp-json\/wp\/v2\/media?parent=193954"}],"wp:term":[{"taxonomy":"category","embeddable":true,"href":"https:\/\/noticiasmercedinas.com\/site\/wp-json\/wp\/v2\/categories?post=193954"},{"taxonomy":"post_tag","embeddable":true,"href":"https:\/\/noticiasmercedinas.com\/site\/wp-json\/wp\/v2\/tags?post=193954"}],"curies":[{"name":"wp","href":"https:\/\/api.w.org\/{rel}","templated":true}]}}