{"id":193962,"date":"2026-08-31T18:37:05","date_gmt":"2026-08-31T21:37:05","guid":{"rendered":"https:\/\/noticiasmercedinas.com\/site\/?p=193962"},"modified":"2026-09-03T19:04:00","modified_gmt":"2026-09-03T22:04:00","slug":"la-libertad-avanza-consolida-su-armazon-politico-en-tigre-con-la-mirada-puesta-en-la-gobernacion-bonaerense-y-las-intendencias-para-2027","status":"publish","type":"post","link":"https:\/\/noticiasmercedinas.com\/site\/2026\/08\/31\/la-libertad-avanza-consolida-su-armazon-politico-en-tigre-con-la-mirada-puesta-en-la-gobernacion-bonaerense-y-las-intendencias-para-2027\/","title":{"rendered":"La Libertad Avanza consolida su armaz\u00f3n pol\u00edtico en Tigre con la mirada puesta en la gobernaci\u00f3n bonaerense y las intendencias para 2027"},"content":{"rendered":"<p><img loading=\"lazy\" decoding=\"async\" class=\"alignnone size-full wp-image-193968\" src=\"https:\/\/noticiasmercedinas.com\/site\/wp-content\/uploads\/2026\/08\/IMG-20260830-WA0003.jpg\" alt=\"\" width=\"720\" height=\"648\" srcset=\"https:\/\/noticiasmercedinas.com\/site\/wp-content\/uploads\/2026\/08\/IMG-20260830-WA0003.jpg 720w, https:\/\/noticiasmercedinas.com\/site\/wp-content\/uploads\/2026\/08\/IMG-20260830-WA0003-300x270.jpg 300w, https:\/\/noticiasmercedinas.com\/site\/wp-content\/uploads\/2026\/08\/IMG-20260830-WA0003-640x576.jpg 640w, https:\/\/noticiasmercedinas.com\/site\/wp-content\/uploads\/2026\/08\/IMG-20260830-WA0003-681x613.jpg 681w\" sizes=\"auto, (max-width: 720px) 100vw, 720px\" \/><\/p>\n<p>La fuerza pol\u00edtica La Libertad Avanza llev\u00f3 a cabo este s\u00e1bado en el municipio de Tigre una jornada clave de formaci\u00f3n y articulaci\u00f3n territorial bajo el lema \u00abConstruyendo la libertad de los municipios\u00bb.<\/p>\n<p>El encuentro, organizado por la Escuela de Formaci\u00f3n de Debate y An\u00e1lisis Pol\u00edtico (EFDAP) de la Primera Secci\u00f3n Electoral, reuni\u00f3 a legisladores, autoridades partidarias y referentes distritales con el objetivo expl\u00edcito de consolidar los cuadros t\u00e9cnicos y proyectar la fuerza oficialista de cara a las elecciones ejecutivas de 2027.<\/p>\n<p><img loading=\"lazy\" decoding=\"async\" class=\"alignnone size-full wp-image-193969\" src=\"https:\/\/noticiasmercedinas.com\/site\/wp-content\/uploads\/2026\/08\/IMG-20260830-WA0004.jpg\" alt=\"\" width=\"738\" height=\"799\" srcset=\"https:\/\/noticiasmercedinas.com\/site\/wp-content\/uploads\/2026\/08\/IMG-20260830-WA0004.jpg 738w, https:\/\/noticiasmercedinas.com\/site\/wp-content\/uploads\/2026\/08\/IMG-20260830-WA0004-277x300.jpg 277w, https:\/\/noticiasmercedinas.com\/site\/wp-content\/uploads\/2026\/08\/IMG-20260830-WA0004-640x693.jpg 640w, https:\/\/noticiasmercedinas.com\/site\/wp-content\/uploads\/2026\/08\/IMG-20260830-WA0004-681x737.jpg 681w\" sizes=\"auto, (max-width: 738px) 100vw, 738px\" \/><\/p>\n<p>La comitiva proveniente de la ciudad de Mercedes cont\u00f3 con una destacada comitiva encabezada por el coordinador distrital de La Libertad Avanza, Rafael Vel\u00e1squez, junto a la consejera escolar Paula C\u00f3rdoba, las autoridades locales de la EFDAP, Ver\u00f3nica Echeverr\u00eda y Quique Burgui, y los directores de los Centros de Capacitaci\u00f3n Acci\u00f3n (CCA) y Desarrollo Pol\u00edtico (DA).<\/p>\n<p>La delegaci\u00f3n particip\u00f3 activamente en los talleres sobre gesti\u00f3n municipal, debate doctrinal y herramientas operativas para el plano local.<\/p>\n<h3>Dirigentes y referentes presentes en el plenario<\/h3>\n<p>El plenario secci\u00f3n cont\u00f3 con la participaci\u00f3n de destacadas figuras del espacio oficialista a nivel nacional, provincial y local:<\/p>\n<ul>\n<li>Sebasti\u00e1n Pareja, presidente del partido La Libertad Avanza en la Provincia de Buenos Aires.<\/li>\n<li>Luciano Olivera, senador provincial.<\/li>\n<li>Miriam Niveyro, diputada nacional.<\/li>\n<li>Fernanda Coiti\u00f1o, diputada nacional.<\/li>\n<li>Juan Pedro Aquino, diputado provincial.<\/li>\n<li>Claudia del Valle, referente y dirigente del espacio.<\/li>\n<li>Rafael Vel\u00e1squez, coordinador distrital de Mercedes.<\/li>\n<li>Paula C\u00f3rdoba, consejera escolar por Mercedes.<\/li>\n<li>Ver\u00f3nica Echeverr\u00eda, autoridad de EFDAP Mercedes.<\/li>\n<li>Quique Burgui, autoridad de EFDAP Mercedes.<\/li>\n<li>Luciana Dicatarina y Marilina Bustelo tambi\u00e9n fueron parte desde Mercedes del encuentro.<\/li>\n<\/ul>\n<p>Durante el desarrollo de las exposiciones, los principales oradores coincidieron en destacar la conducci\u00f3n de Sebasti\u00e1n Pareja en el armado institucional bonaerense, se\u00f1al\u00e1ndolo como el articulador de la batalla cultural y pol\u00edtica en la provincia.<\/p>\n<p>Por su parte, el coordinador mercedino Rafael Vel\u00e1squez remarc\u00f3 la importancia de replicar estas capacitaciones en el \u00e1mbito local para dotar a los equipos de las herramientas necesarias para llevar la plataforma de gobierno del presidente Javier Milei a cada barrio de la ciudad, ratificando la firme convicci\u00f3n de dar la disputa electoral por los municipios y la provincia en 2027.<\/p>\n<p><img loading=\"lazy\" decoding=\"async\" class=\"alignnone size-full wp-image-193970\" src=\"https:\/\/noticiasmercedinas.com\/site\/wp-content\/uploads\/2026\/08\/IMG-20260830-WA0007.jpg\" alt=\"\" width=\"547\" height=\"460\" srcset=\"https:\/\/noticiasmercedinas.com\/site\/wp-content\/uploads\/2026\/08\/IMG-20260830-WA0007.jpg 547w, https:\/\/noticiasmercedinas.com\/site\/wp-content\/uploads\/2026\/08\/IMG-20260830-WA0007-300x252.jpg 300w\" sizes=\"auto, (max-width: 547px) 100vw, 547px\" \/><\/p>\n<p><img loading=\"lazy\" decoding=\"async\" class=\"alignnone size-full wp-image-193967\" src=\"https:\/\/noticiasmercedinas.com\/site\/wp-content\/uploads\/2026\/08\/IMG-20260830-WA0002.jpg\" alt=\"\" width=\"720\" height=\"680\" srcset=\"https:\/\/noticiasmercedinas.com\/site\/wp-content\/uploads\/2026\/08\/IMG-20260830-WA0002.jpg 720w, https:\/\/noticiasmercedinas.com\/site\/wp-content\/uploads\/2026\/08\/IMG-20260830-WA0002-300x283.jpg 300w, https:\/\/noticiasmercedinas.com\/site\/wp-content\/uploads\/2026\/08\/IMG-20260830-WA0002-640x604.jpg 640w, https:\/\/noticiasmercedinas.com\/site\/wp-content\/uploads\/2026\/08\/IMG-20260830-WA0002-681x643.jpg 681w\" sizes=\"auto, (max-width: 720px) 100vw, 720px\" \/><\/p>\n","protected":false},"excerpt":{"rendered":"<p>El coordinador local Rafael Vel\u00e1squez encabez\u00f3 la delegaci\u00f3n mercedina en una jornada de formaci\u00f3n pol\u00edtica y t\u00e9cnica del EFDAP en la Primera Secci\u00f3n Electoral, acompa\u00f1ando a legisladores nacionales y provinciales<\/p>\n","protected":false},"author":16,"featured_media":193968,"comment_status":"closed","ping_status":"closed","sticky":false,"template":"","format":"standard","meta":{"footnotes":""},"categories":[16],"tags":[15388,16099],"class_list":["post-193962","post","type-post","status-publish","format-standard","has-post-thumbnail","hentry","category-politica","tag-la-libertad-avanza","tag-rafael-velasquez"],"yoast_head":"<!-- This site is optimized with the Yoast SEO plugin v28.3 - https:\/\/yoast.com\/product\/yoast-seo-wordpress\/ -->\n<title>La Libertad Avanza consolida su armaz\u00f3n pol\u00edtico en Tigre con la mirada puesta en la gobernaci\u00f3n bonaerense y las intendencias para 2027<\/title>\n<meta name=\"description\" content=\"El coordinador local Rafael Vel\u00e1squez encabez\u00f3 la delegaci\u00f3n mercedina en una jornada de formaci\u00f3n pol\u00edtica y t\u00e9cnica del EFDAP en la Primera Secci\u00f3n Electoral, acompa\u00f1ando a legisladores nacionales y provinciales\" \/>\n<meta name=\"robots\" content=\"index, follow, max-snippet:-1, max-image-preview:large, max-video-preview:-1\" \/>\n<link rel=\"canonical\" href=\"https:\/\/noticiasmercedinas.com\/site\/2026\/08\/31\/la-libertad-avanza-consolida-su-armazon-politico-en-tigre-con-la-mirada-puesta-en-la-gobernacion-bonaerense-y-las-intendencias-para-2027\/\" \/>\n<meta property=\"og:locale\" content=\"es_ES\" \/>\n<meta property=\"og:type\" content=\"article\" \/>\n<meta property=\"og:title\" content=\"La Libertad Avanza consolida su armaz\u00f3n pol\u00edtico en Tigre con la mirada puesta en la gobernaci\u00f3n bonaerense y las intendencias para 2027\" \/>\n<meta property=\"og:description\" content=\"El coordinador local Rafael Vel\u00e1squez encabez\u00f3 la delegaci\u00f3n mercedina en una jornada de formaci\u00f3n pol\u00edtica y t\u00e9cnica del EFDAP en la Primera Secci\u00f3n Electoral, acompa\u00f1ando a legisladores nacionales y provinciales\" \/>\n<meta property=\"og:url\" content=\"https:\/\/noticiasmercedinas.com\/site\/2026\/08\/31\/la-libertad-avanza-consolida-su-armazon-politico-en-tigre-con-la-mirada-puesta-en-la-gobernacion-bonaerense-y-las-intendencias-para-2027\/\" \/>\n<meta property=\"og:site_name\" content=\"NOTICIASMERCEDINAS.COM\" \/>\n<meta property=\"article:publisher\" content=\"https:\/\/www.facebook.com\/noticiasmercedinas\/\" \/>\n<meta property=\"article:published_time\" content=\"2026-08-31T21:37:05+00:00\" \/>\n<meta property=\"article:modified_time\" content=\"2026-09-03T22:04:00+00:00\" \/>\n<meta property=\"og:image\" content=\"https:\/\/noticiasmercedinas.com\/site\/wp-content\/uploads\/2026\/08\/IMG-20260830-WA0003.jpg\" \/>\n\t<meta property=\"og:image:width\" content=\"720\" \/>\n\t<meta property=\"og:image:height\" content=\"648\" \/>\n\t<meta property=\"og:image:type\" content=\"image\/jpeg\" \/>\n<meta name=\"author\" content=\"NOTICIASMERCEDINAS.COM\" \/>\n<meta name=\"twitter:card\" content=\"summary_large_image\" \/>\n<meta name=\"twitter:creator\" content=\"@notmercedinas\" \/>\n<meta name=\"twitter:site\" content=\"@notmercedinas\" \/>\n<meta name=\"twitter:label1\" content=\"Escrito por\" \/>\n\t<meta name=\"twitter:data1\" content=\"NOTICIASMERCEDINAS.COM\" \/>\n\t<meta name=\"twitter:label2\" content=\"Tiempo de lectura\" \/>\n\t<meta name=\"twitter:data2\" content=\"3 minutos\" \/>\n<script type=\"application\/ld+json\" class=\"yoast-schema-graph\">{\"@context\":\"https:\\\/\\\/schema.org\",\"@graph\":[{\"@type\":\"Article\",\"@id\":\"https:\\\/\\\/noticiasmercedinas.com\\\/site\\\/2026\\\/08\\\/31\\\/la-libertad-avanza-consolida-su-armazon-politico-en-tigre-con-la-mirada-puesta-en-la-gobernacion-bonaerense-y-las-intendencias-para-2027\\\/#article\",\"isPartOf\":{\"@id\":\"https:\\\/\\\/noticiasmercedinas.com\\\/site\\\/2026\\\/08\\\/31\\\/la-libertad-avanza-consolida-su-armazon-politico-en-tigre-con-la-mirada-puesta-en-la-gobernacion-bonaerense-y-las-intendencias-para-2027\\\/\"},\"author\":{\"name\":\"NOTICIASMERCEDINAS.COM\",\"@id\":\"https:\\\/\\\/noticiasmercedinas.com\\\/site\\\/#\\\/schema\\\/person\\\/84b59c099c28ff2e8b77d4ceec5d8063\"},\"headline\":\"La Libertad Avanza consolida su armaz\u00f3n pol\u00edtico en Tigre con la mirada puesta en la gobernaci\u00f3n bonaerense y las intendencias para 2027\",\"datePublished\":\"2026-08-31T21:37:05+00:00\",\"dateModified\":\"2026-09-03T22:04:00+00:00\",\"mainEntityOfPage\":{\"@id\":\"https:\\\/\\\/noticiasmercedinas.com\\\/site\\\/2026\\\/08\\\/31\\\/la-libertad-avanza-consolida-su-armazon-politico-en-tigre-con-la-mirada-puesta-en-la-gobernacion-bonaerense-y-las-intendencias-para-2027\\\/\"},\"wordCount\":411,\"publisher\":{\"@id\":\"https:\\\/\\\/noticiasmercedinas.com\\\/site\\\/#organization\"},\"image\":{\"@id\":\"https:\\\/\\\/noticiasmercedinas.com\\\/site\\\/2026\\\/08\\\/31\\\/la-libertad-avanza-consolida-su-armazon-politico-en-tigre-con-la-mirada-puesta-en-la-gobernacion-bonaerense-y-las-intendencias-para-2027\\\/#primaryimage\"},\"thumbnailUrl\":\"https:\\\/\\\/noticiasmercedinas.com\\\/site\\\/wp-content\\\/uploads\\\/2026\\\/08\\\/IMG-20260830-WA0003.jpg\",\"keywords\":[\"la libertad avanza\",\"Rafael Velasquez\"],\"articleSection\":[\"Politica\"],\"inLanguage\":\"es\"},{\"@type\":\"WebPage\",\"@id\":\"https:\\\/\\\/noticiasmercedinas.com\\\/site\\\/2026\\\/08\\\/31\\\/la-libertad-avanza-consolida-su-armazon-politico-en-tigre-con-la-mirada-puesta-en-la-gobernacion-bonaerense-y-las-intendencias-para-2027\\\/\",\"url\":\"https:\\\/\\\/noticiasmercedinas.com\\\/site\\\/2026\\\/08\\\/31\\\/la-libertad-avanza-consolida-su-armazon-politico-en-tigre-con-la-mirada-puesta-en-la-gobernacion-bonaerense-y-las-intendencias-para-2027\\\/\",\"name\":\"La Libertad Avanza consolida su armaz\u00f3n pol\u00edtico en Tigre con la mirada puesta en la gobernaci\u00f3n bonaerense y las intendencias para 2027\",\"isPartOf\":{\"@id\":\"https:\\\/\\\/noticiasmercedinas.com\\\/site\\\/#website\"},\"primaryImageOfPage\":{\"@id\":\"https:\\\/\\\/noticiasmercedinas.com\\\/site\\\/2026\\\/08\\\/31\\\/la-libertad-avanza-consolida-su-armazon-politico-en-tigre-con-la-mirada-puesta-en-la-gobernacion-bonaerense-y-las-intendencias-para-2027\\\/#primaryimage\"},\"image\":{\"@id\":\"https:\\\/\\\/noticiasmercedinas.com\\\/site\\\/2026\\\/08\\\/31\\\/la-libertad-avanza-consolida-su-armazon-politico-en-tigre-con-la-mirada-puesta-en-la-gobernacion-bonaerense-y-las-intendencias-para-2027\\\/#primaryimage\"},\"thumbnailUrl\":\"https:\\\/\\\/noticiasmercedinas.com\\\/site\\\/wp-content\\\/uploads\\\/2026\\\/08\\\/IMG-20260830-WA0003.jpg\",\"datePublished\":\"2026-08-31T21:37:05+00:00\",\"dateModified\":\"2026-09-03T22:04:00+00:00\",\"description\":\"El coordinador local Rafael Vel\u00e1squez encabez\u00f3 la delegaci\u00f3n mercedina en una jornada de formaci\u00f3n pol\u00edtica y t\u00e9cnica del EFDAP en la Primera Secci\u00f3n Electoral, acompa\u00f1ando a legisladores nacionales y provinciales\",\"breadcrumb\":{\"@id\":\"https:\\\/\\\/noticiasmercedinas.com\\\/site\\\/2026\\\/08\\\/31\\\/la-libertad-avanza-consolida-su-armazon-politico-en-tigre-con-la-mirada-puesta-en-la-gobernacion-bonaerense-y-las-intendencias-para-2027\\\/#breadcrumb\"},\"inLanguage\":\"es\",\"potentialAction\":[{\"@type\":\"ReadAction\",\"target\":[\"https:\\\/\\\/noticiasmercedinas.com\\\/site\\\/2026\\\/08\\\/31\\\/la-libertad-avanza-consolida-su-armazon-politico-en-tigre-con-la-mirada-puesta-en-la-gobernacion-bonaerense-y-las-intendencias-para-2027\\\/\"]}]},{\"@type\":\"ImageObject\",\"inLanguage\":\"es\",\"@id\":\"https:\\\/\\\/noticiasmercedinas.com\\\/site\\\/2026\\\/08\\\/31\\\/la-libertad-avanza-consolida-su-armazon-politico-en-tigre-con-la-mirada-puesta-en-la-gobernacion-bonaerense-y-las-intendencias-para-2027\\\/#primaryimage\",\"url\":\"https:\\\/\\\/noticiasmercedinas.com\\\/site\\\/wp-content\\\/uploads\\\/2026\\\/08\\\/IMG-20260830-WA0003.jpg\",\"contentUrl\":\"https:\\\/\\\/noticiasmercedinas.com\\\/site\\\/wp-content\\\/uploads\\\/2026\\\/08\\\/IMG-20260830-WA0003.jpg\",\"width\":720,\"height\":648},{\"@type\":\"BreadcrumbList\",\"@id\":\"https:\\\/\\\/noticiasmercedinas.com\\\/site\\\/2026\\\/08\\\/31\\\/la-libertad-avanza-consolida-su-armazon-politico-en-tigre-con-la-mirada-puesta-en-la-gobernacion-bonaerense-y-las-intendencias-para-2027\\\/#breadcrumb\",\"itemListElement\":[{\"@type\":\"ListItem\",\"position\":1,\"name\":\"Portada\",\"item\":\"https:\\\/\\\/noticiasmercedinas.com\\\/site\\\/\"},{\"@type\":\"ListItem\",\"position\":2,\"name\":\"La Libertad Avanza consolida su armaz\u00f3n pol\u00edtico en Tigre con la mirada puesta en la gobernaci\u00f3n bonaerense y las intendencias para 2027\"}]},{\"@type\":\"WebSite\",\"@id\":\"https:\\\/\\\/noticiasmercedinas.com\\\/site\\\/#website\",\"url\":\"https:\\\/\\\/noticiasmercedinas.com\\\/site\\\/\",\"name\":\"NOTICIASMERCEDINAS.COM\",\"description\":\"Mercedes, Buenos Aires, Argentina\",\"publisher\":{\"@id\":\"https:\\\/\\\/noticiasmercedinas.com\\\/site\\\/#organization\"},\"potentialAction\":[{\"@type\":\"SearchAction\",\"target\":{\"@type\":\"EntryPoint\",\"urlTemplate\":\"https:\\\/\\\/noticiasmercedinas.com\\\/site\\\/?s={search_term_string}\"},\"query-input\":{\"@type\":\"PropertyValueSpecification\",\"valueRequired\":true,\"valueName\":\"search_term_string\"}}],\"inLanguage\":\"es\"},{\"@type\":\"Organization\",\"@id\":\"https:\\\/\\\/noticiasmercedinas.com\\\/site\\\/#organization\",\"name\":\"NOTICIASMERCEDINAS.COM\",\"url\":\"https:\\\/\\\/noticiasmercedinas.com\\\/site\\\/\",\"logo\":{\"@type\":\"ImageObject\",\"inLanguage\":\"es\",\"@id\":\"https:\\\/\\\/noticiasmercedinas.com\\\/site\\\/#\\\/schema\\\/logo\\\/image\\\/\",\"url\":\"https:\\\/\\\/noticiasmercedinas.com\\\/site\\\/wp-content\\\/uploads\\\/2020\\\/06\\\/LOGO-512.jpg\",\"contentUrl\":\"https:\\\/\\\/noticiasmercedinas.com\\\/site\\\/wp-content\\\/uploads\\\/2020\\\/06\\\/LOGO-512.jpg\",\"width\":512,\"height\":512,\"caption\":\"NOTICIASMERCEDINAS.COM\"},\"image\":{\"@id\":\"https:\\\/\\\/noticiasmercedinas.com\\\/site\\\/#\\\/schema\\\/logo\\\/image\\\/\"},\"sameAs\":[\"https:\\\/\\\/www.facebook.com\\\/noticiasmercedinas\\\/\",\"https:\\\/\\\/x.com\\\/notmercedinas\",\"https:\\\/\\\/www.instagram.com\\\/noticiasmercedinas\\\/\"]},{\"@type\":\"Person\",\"@id\":\"https:\\\/\\\/noticiasmercedinas.com\\\/site\\\/#\\\/schema\\\/person\\\/84b59c099c28ff2e8b77d4ceec5d8063\",\"name\":\"NOTICIASMERCEDINAS.COM\",\"image\":{\"@type\":\"ImageObject\",\"inLanguage\":\"es\",\"@id\":\"https:\\\/\\\/secure.gravatar.com\\\/avatar\\\/4dfbf16b4d17945bfb6341b2d19043457132fcf478a5ee04f42e959fd8f5df0a?s=96&d=mm&r=g\",\"url\":\"https:\\\/\\\/secure.gravatar.com\\\/avatar\\\/4dfbf16b4d17945bfb6341b2d19043457132fcf478a5ee04f42e959fd8f5df0a?s=96&d=mm&r=g\",\"contentUrl\":\"https:\\\/\\\/secure.gravatar.com\\\/avatar\\\/4dfbf16b4d17945bfb6341b2d19043457132fcf478a5ee04f42e959fd8f5df0a?s=96&d=mm&r=g\",\"caption\":\"NOTICIASMERCEDINAS.COM\"},\"url\":\"https:\\\/\\\/noticiasmercedinas.com\\\/site\\\/author\\\/anonimo\\\/\"}]}<\/script>\n<!-- \/ Yoast SEO plugin. -->","yoast_head_json":{"title":"La Libertad Avanza consolida su armaz\u00f3n pol\u00edtico en Tigre con la mirada puesta en la gobernaci\u00f3n bonaerense y las intendencias para 2027","description":"El coordinador local Rafael Vel\u00e1squez encabez\u00f3 la delegaci\u00f3n mercedina en una jornada de formaci\u00f3n pol\u00edtica y t\u00e9cnica del EFDAP en la Primera Secci\u00f3n Electoral, acompa\u00f1ando a legisladores nacionales y provinciales","robots":{"index":"index","follow":"follow","max-snippet":"max-snippet:-1","max-image-preview":"max-image-preview:large","max-video-preview":"max-video-preview:-1"},"canonical":"https:\/\/noticiasmercedinas.com\/site\/2026\/08\/31\/la-libertad-avanza-consolida-su-armazon-politico-en-tigre-con-la-mirada-puesta-en-la-gobernacion-bonaerense-y-las-intendencias-para-2027\/","og_locale":"es_ES","og_type":"article","og_title":"La Libertad Avanza consolida su armaz\u00f3n pol\u00edtico en Tigre con la mirada puesta en la gobernaci\u00f3n bonaerense y las intendencias para 2027","og_description":"El coordinador local Rafael Vel\u00e1squez encabez\u00f3 la delegaci\u00f3n mercedina en una jornada de formaci\u00f3n pol\u00edtica y t\u00e9cnica del EFDAP en la Primera Secci\u00f3n Electoral, acompa\u00f1ando a legisladores nacionales y provinciales","og_url":"https:\/\/noticiasmercedinas.com\/site\/2026\/08\/31\/la-libertad-avanza-consolida-su-armazon-politico-en-tigre-con-la-mirada-puesta-en-la-gobernacion-bonaerense-y-las-intendencias-para-2027\/","og_site_name":"NOTICIASMERCEDINAS.COM","article_publisher":"https:\/\/www.facebook.com\/noticiasmercedinas\/","article_published_time":"2026-08-31T21:37:05+00:00","article_modified_time":"2026-09-03T22:04:00+00:00","og_image":[{"width":720,"height":648,"url":"https:\/\/noticiasmercedinas.com\/site\/wp-content\/uploads\/2026\/08\/IMG-20260830-WA0003.jpg","type":"image\/jpeg"}],"author":"NOTICIASMERCEDINAS.COM","twitter_card":"summary_large_image","twitter_creator":"@notmercedinas","twitter_site":"@notmercedinas","twitter_misc":{"Escrito por":"NOTICIASMERCEDINAS.COM","Tiempo de lectura":"3 minutos"},"schema":{"@context":"https:\/\/schema.org","@graph":[{"@type":"Article","@id":"https:\/\/noticiasmercedinas.com\/site\/2026\/08\/31\/la-libertad-avanza-consolida-su-armazon-politico-en-tigre-con-la-mirada-puesta-en-la-gobernacion-bonaerense-y-las-intendencias-para-2027\/#article","isPartOf":{"@id":"https:\/\/noticiasmercedinas.com\/site\/2026\/08\/31\/la-libertad-avanza-consolida-su-armazon-politico-en-tigre-con-la-mirada-puesta-en-la-gobernacion-bonaerense-y-las-intendencias-para-2027\/"},"author":{"name":"NOTICIASMERCEDINAS.COM","@id":"https:\/\/noticiasmercedinas.com\/site\/#\/schema\/person\/84b59c099c28ff2e8b77d4ceec5d8063"},"headline":"La Libertad Avanza consolida su armaz\u00f3n pol\u00edtico en Tigre con la mirada puesta en la gobernaci\u00f3n bonaerense y las intendencias para 2027","datePublished":"2026-08-31T21:37:05+00:00","dateModified":"2026-09-03T22:04:00+00:00","mainEntityOfPage":{"@id":"https:\/\/noticiasmercedinas.com\/site\/2026\/08\/31\/la-libertad-avanza-consolida-su-armazon-politico-en-tigre-con-la-mirada-puesta-en-la-gobernacion-bonaerense-y-las-intendencias-para-2027\/"},"wordCount":411,"publisher":{"@id":"https:\/\/noticiasmercedinas.com\/site\/#organization"},"image":{"@id":"https:\/\/noticiasmercedinas.com\/site\/2026\/08\/31\/la-libertad-avanza-consolida-su-armazon-politico-en-tigre-con-la-mirada-puesta-en-la-gobernacion-bonaerense-y-las-intendencias-para-2027\/#primaryimage"},"thumbnailUrl":"https:\/\/noticiasmercedinas.com\/site\/wp-content\/uploads\/2026\/08\/IMG-20260830-WA0003.jpg","keywords":["la libertad avanza","Rafael Velasquez"],"articleSection":["Politica"],"inLanguage":"es"},{"@type":"WebPage","@id":"https:\/\/noticiasmercedinas.com\/site\/2026\/08\/31\/la-libertad-avanza-consolida-su-armazon-politico-en-tigre-con-la-mirada-puesta-en-la-gobernacion-bonaerense-y-las-intendencias-para-2027\/","url":"https:\/\/noticiasmercedinas.com\/site\/2026\/08\/31\/la-libertad-avanza-consolida-su-armazon-politico-en-tigre-con-la-mirada-puesta-en-la-gobernacion-bonaerense-y-las-intendencias-para-2027\/","name":"La Libertad Avanza consolida su armaz\u00f3n pol\u00edtico en Tigre con la mirada puesta en la gobernaci\u00f3n bonaerense y las intendencias para 2027","isPartOf":{"@id":"https:\/\/noticiasmercedinas.com\/site\/#website"},"primaryImageOfPage":{"@id":"https:\/\/noticiasmercedinas.com\/site\/2026\/08\/31\/la-libertad-avanza-consolida-su-armazon-politico-en-tigre-con-la-mirada-puesta-en-la-gobernacion-bonaerense-y-las-intendencias-para-2027\/#primaryimage"},"image":{"@id":"https:\/\/noticiasmercedinas.com\/site\/2026\/08\/31\/la-libertad-avanza-consolida-su-armazon-politico-en-tigre-con-la-mirada-puesta-en-la-gobernacion-bonaerense-y-las-intendencias-para-2027\/#primaryimage"},"thumbnailUrl":"https:\/\/noticiasmercedinas.com\/site\/wp-content\/uploads\/2026\/08\/IMG-20260830-WA0003.jpg","datePublished":"2026-08-31T21:37:05+00:00","dateModified":"2026-09-03T22:04:00+00:00","description":"El coordinador local Rafael Vel\u00e1squez encabez\u00f3 la delegaci\u00f3n mercedina en una jornada de formaci\u00f3n pol\u00edtica y t\u00e9cnica del EFDAP en la Primera Secci\u00f3n Electoral, acompa\u00f1ando a legisladores nacionales y provinciales","breadcrumb":{"@id":"https:\/\/noticiasmercedinas.com\/site\/2026\/08\/31\/la-libertad-avanza-consolida-su-armazon-politico-en-tigre-con-la-mirada-puesta-en-la-gobernacion-bonaerense-y-las-intendencias-para-2027\/#breadcrumb"},"inLanguage":"es","potentialAction":[{"@type":"ReadAction","target":["https:\/\/noticiasmercedinas.com\/site\/2026\/08\/31\/la-libertad-avanza-consolida-su-armazon-politico-en-tigre-con-la-mirada-puesta-en-la-gobernacion-bonaerense-y-las-intendencias-para-2027\/"]}]},{"@type":"ImageObject","inLanguage":"es","@id":"https:\/\/noticiasmercedinas.com\/site\/2026\/08\/31\/la-libertad-avanza-consolida-su-armazon-politico-en-tigre-con-la-mirada-puesta-en-la-gobernacion-bonaerense-y-las-intendencias-para-2027\/#primaryimage","url":"https:\/\/noticiasmercedinas.com\/site\/wp-content\/uploads\/2026\/08\/IMG-20260830-WA0003.jpg","contentUrl":"https:\/\/noticiasmercedinas.com\/site\/wp-content\/uploads\/2026\/08\/IMG-20260830-WA0003.jpg","width":720,"height":648},{"@type":"BreadcrumbList","@id":"https:\/\/noticiasmercedinas.com\/site\/2026\/08\/31\/la-libertad-avanza-consolida-su-armazon-politico-en-tigre-con-la-mirada-puesta-en-la-gobernacion-bonaerense-y-las-intendencias-para-2027\/#breadcrumb","itemListElement":[{"@type":"ListItem","position":1,"name":"Portada","item":"https:\/\/noticiasmercedinas.com\/site\/"},{"@type":"ListItem","position":2,"name":"La Libertad Avanza consolida su armaz\u00f3n pol\u00edtico en Tigre con la mirada puesta en la gobernaci\u00f3n bonaerense y las intendencias para 2027"}]},{"@type":"WebSite","@id":"https:\/\/noticiasmercedinas.com\/site\/#website","url":"https:\/\/noticiasmercedinas.com\/site\/","name":"NOTICIASMERCEDINAS.COM","description":"Mercedes, Buenos Aires, Argentina","publisher":{"@id":"https:\/\/noticiasmercedinas.com\/site\/#organization"},"potentialAction":[{"@type":"SearchAction","target":{"@type":"EntryPoint","urlTemplate":"https:\/\/noticiasmercedinas.com\/site\/?s={search_term_string}"},"query-input":{"@type":"PropertyValueSpecification","valueRequired":true,"valueName":"search_term_string"}}],"inLanguage":"es"},{"@type":"Organization","@id":"https:\/\/noticiasmercedinas.com\/site\/#organization","name":"NOTICIASMERCEDINAS.COM","url":"https:\/\/noticiasmercedinas.com\/site\/","logo":{"@type":"ImageObject","inLanguage":"es","@id":"https:\/\/noticiasmercedinas.com\/site\/#\/schema\/logo\/image\/","url":"https:\/\/noticiasmercedinas.com\/site\/wp-content\/uploads\/2020\/06\/LOGO-512.jpg","contentUrl":"https:\/\/noticiasmercedinas.com\/site\/wp-content\/uploads\/2020\/06\/LOGO-512.jpg","width":512,"height":512,"caption":"NOTICIASMERCEDINAS.COM"},"image":{"@id":"https:\/\/noticiasmercedinas.com\/site\/#\/schema\/logo\/image\/"},"sameAs":["https:\/\/www.facebook.com\/noticiasmercedinas\/","https:\/\/x.com\/notmercedinas","https:\/\/www.instagram.com\/noticiasmercedinas\/"]},{"@type":"Person","@id":"https:\/\/noticiasmercedinas.com\/site\/#\/schema\/person\/84b59c099c28ff2e8b77d4ceec5d8063","name":"NOTICIASMERCEDINAS.COM","image":{"@type":"ImageObject","inLanguage":"es","@id":"https:\/\/secure.gravatar.com\/avatar\/4dfbf16b4d17945bfb6341b2d19043457132fcf478a5ee04f42e959fd8f5df0a?s=96&d=mm&r=g","url":"https:\/\/secure.gravatar.com\/avatar\/4dfbf16b4d17945bfb6341b2d19043457132fcf478a5ee04f42e959fd8f5df0a?s=96&d=mm&r=g","contentUrl":"https:\/\/secure.gravatar.com\/avatar\/4dfbf16b4d17945bfb6341b2d19043457132fcf478a5ee04f42e959fd8f5df0a?s=96&d=mm&r=g","caption":"NOTICIASMERCEDINAS.COM"},"url":"https:\/\/noticiasmercedinas.com\/site\/author\/anonimo\/"}]}},"amp_enabled":true,"_links":{"self":[{"href":"https:\/\/noticiasmercedinas.com\/site\/wp-json\/wp\/v2\/posts\/193962","targetHints":{"allow":["GET"]}}],"collection":[{"href":"https:\/\/noticiasmercedinas.com\/site\/wp-json\/wp\/v2\/posts"}],"about":[{"href":"https:\/\/noticiasmercedinas.com\/site\/wp-json\/wp\/v2\/types\/post"}],"author":[{"embeddable":true,"href":"https:\/\/noticiasmercedinas.com\/site\/wp-json\/wp\/v2\/users\/16"}],"replies":[{"embeddable":true,"href":"https:\/\/noticiasmercedinas.com\/site\/wp-json\/wp\/v2\/comments?post=193962"}],"version-history":[{"count":5,"href":"https:\/\/noticiasmercedinas.com\/site\/wp-json\/wp\/v2\/posts\/193962\/revisions"}],"predecessor-version":[{"id":193971,"href":"https:\/\/noticiasmercedinas.com\/site\/wp-json\/wp\/v2\/posts\/193962\/revisions\/193971"}],"wp:featuredmedia":[{"embeddable":true,"href":"https:\/\/noticiasmercedinas.com\/site\/wp-json\/wp\/v2\/media\/193968"}],"wp:attachment":[{"href":"https:\/\/noticiasmercedinas.com\/site\/wp-json\/wp\/v2\/media?parent=193962"}],"wp:term":[{"taxonomy":"category","embeddable":true,"href":"https:\/\/noticiasmercedinas.com\/site\/wp-json\/wp\/v2\/categories?post=193962"},{"taxonomy":"post_tag","embeddable":true,"href":"https:\/\/noticiasmercedinas.com\/site\/wp-json\/wp\/v2\/tags?post=193962"}],"curies":[{"name":"wp","href":"https:\/\/api.w.org\/{rel}","templated":true}]}}