{"id":193973,"date":"2026-09-01T19:34:50","date_gmt":"2026-09-01T22:34:50","guid":{"rendered":"https:\/\/noticiasmercedinas.com\/site\/?p=193973"},"modified":"2026-09-03T19:38:07","modified_gmt":"2026-09-03T22:38:07","slug":"camilo-guinot-presenta-su-muestra-texto-feral-en-el-circuito-porteno-de-galerias","status":"publish","type":"post","link":"https:\/\/noticiasmercedinas.com\/site\/2026\/09\/01\/camilo-guinot-presenta-su-muestra-texto-feral-en-el-circuito-porteno-de-galerias\/","title":{"rendered":"Camilo Guinot presenta su muestra \u00abTexto Feral\u00bb en el circuito porte\u00f1o de galer\u00edas"},"content":{"rendered":"<p><img loading=\"lazy\" decoding=\"async\" class=\"alignnone size-full wp-image-193975\" src=\"https:\/\/noticiasmercedinas.com\/site\/wp-content\/uploads\/2026\/09\/IMG-20260901-WA00131.jpg\" alt=\"\" width=\"1080\" height=\"720\" srcset=\"https:\/\/noticiasmercedinas.com\/site\/wp-content\/uploads\/2026\/09\/IMG-20260901-WA00131.jpg 1080w, https:\/\/noticiasmercedinas.com\/site\/wp-content\/uploads\/2026\/09\/IMG-20260901-WA00131-300x200.jpg 300w, https:\/\/noticiasmercedinas.com\/site\/wp-content\/uploads\/2026\/09\/IMG-20260901-WA00131-1024x683.jpg 1024w, https:\/\/noticiasmercedinas.com\/site\/wp-content\/uploads\/2026\/09\/IMG-20260901-WA00131-768x512.jpg 768w, https:\/\/noticiasmercedinas.com\/site\/wp-content\/uploads\/2026\/09\/IMG-20260901-WA00131-640x427.jpg 640w, https:\/\/noticiasmercedinas.com\/site\/wp-content\/uploads\/2026\/09\/IMG-20260901-WA00131-681x454.jpg 681w\" sizes=\"auto, (max-width: 1080px) 100vw, 1080px\" \/><\/p>\n<p>El destacado artista pl\u00e1stico oriundo de Mercedes, Camilo Guinot, presenta su m\u00e1s reciente exhibici\u00f3n individual titulada \u00abTexto Feral\u00bb en las instalaciones de Quimera Galer\u00eda (G\u00fcemes 4474, Ciudad Aut\u00f3noma de Buenos Aires).<\/p>\n<p>La muestra, que cuenta con la curadur\u00eda del especialista Carlos Guti\u00e9rrez, forma parte de la oferta cultural de Gallery dentro del circuito Palermo\/Villa Crespo y continuar\u00e1 abierta al p\u00fablico hasta el pr\u00f3ximo 10 de octubre.<\/p>\n<p>En el marco de las actividades complementarias de la exposici\u00f3n, este s\u00e1bado 5 de septiembre a las 16:00 horas, Guinot y el curador Guti\u00e9rrez encabezar\u00e1n un encuentro abierto para dialogar con los visitantes sobre el proceso creativo, las metodolog\u00edas constructivas y los ejes conceptuales que articulan las piezas exhibidas.<\/p>\n<p>\u00abTexto Feral\u00bb profundiza en la pr\u00e1ctica escult\u00f3rica y espacial que caracteriza la trayectoria del creador mercedino. A trav\u00e9s de operaciones como el corte, la descripci\u00f3n y la reubicaci\u00f3n de materiales simples, la propuesta explora la tensi\u00f3n entre el cuerpo y la arquitectura, planteando estructuras cerradas capaces de sostenerse por s\u00ed mismas a partir de un exhaustivo trabajo de ensambles y ritmos geom\u00e9tricos.<\/p>\n<p>La investigaci\u00f3n abarca desde el dibujo tradicional hasta derivas tridimensionales y murales.<\/p>\n<p>La galer\u00eda Quimera mantiene habilitada la sala para el p\u00fablico general en los d\u00edas y horarios habituales de visita: jueves y viernes de 15:00 a 20:00 horas, y los d\u00edas s\u00e1bados de 15:00 a 19:00 horas, con entrada libre y gratuita.<\/p>\n<p><img loading=\"lazy\" decoding=\"async\" class=\"alignnone size-full wp-image-193976\" src=\"https:\/\/noticiasmercedinas.com\/site\/wp-content\/uploads\/2026\/09\/IMG-20260901-WA00121.jpg\" alt=\"\" width=\"1080\" height=\"720\" srcset=\"https:\/\/noticiasmercedinas.com\/site\/wp-content\/uploads\/2026\/09\/IMG-20260901-WA00121.jpg 1080w, https:\/\/noticiasmercedinas.com\/site\/wp-content\/uploads\/2026\/09\/IMG-20260901-WA00121-300x200.jpg 300w, https:\/\/noticiasmercedinas.com\/site\/wp-content\/uploads\/2026\/09\/IMG-20260901-WA00121-1024x683.jpg 1024w, https:\/\/noticiasmercedinas.com\/site\/wp-content\/uploads\/2026\/09\/IMG-20260901-WA00121-768x512.jpg 768w, https:\/\/noticiasmercedinas.com\/site\/wp-content\/uploads\/2026\/09\/IMG-20260901-WA00121-640x427.jpg 640w, https:\/\/noticiasmercedinas.com\/site\/wp-content\/uploads\/2026\/09\/IMG-20260901-WA00121-681x454.jpg 681w\" sizes=\"auto, (max-width: 1080px) 100vw, 1080px\" \/><\/p>\n","protected":false},"excerpt":{"rendered":"<p>La exhibici\u00f3n, curada por Carlos Guti\u00e9rrez, se puede visitar en Quimera Galer\u00eda dentro del marco de Gallery Palermo\/Villa Crespo. Este s\u00e1bado 5 de septiembre el artista ofrecer\u00e1 un recorrido conversado con el p\u00fablico.<\/p>\n","protected":false},"author":16,"featured_media":193975,"comment_status":"closed","ping_status":"closed","sticky":false,"template":"","format":"standard","meta":{"footnotes":""},"categories":[4],"tags":[190,4053],"class_list":["post-193973","post","type-post","status-publish","format-standard","has-post-thumbnail","hentry","category-cultura","tag-arte","tag-camilo-guinot"],"yoast_head":"<!-- This site is optimized with the Yoast SEO plugin v28.3 - https:\/\/yoast.com\/product\/yoast-seo-wordpress\/ -->\n<title>Camilo Guinot presenta su muestra &quot;Texto Feral&quot; en el circuito porte\u00f1o de galer\u00edas<\/title>\n<meta name=\"description\" content=\"La exhibici\u00f3n, curada por Carlos Guti\u00e9rrez, se puede visitar en Quimera Galer\u00eda dentro del marco de Gallery Palermo\/Villa Crespo. Este s\u00e1bado 5 de septiembre el artista ofrecer\u00e1 un recorrido conversado con el p\u00fablico.\" \/>\n<meta name=\"robots\" content=\"index, follow, max-snippet:-1, max-image-preview:large, max-video-preview:-1\" \/>\n<link rel=\"canonical\" href=\"https:\/\/noticiasmercedinas.com\/site\/2026\/09\/01\/camilo-guinot-presenta-su-muestra-texto-feral-en-el-circuito-porteno-de-galerias\/\" \/>\n<meta property=\"og:locale\" content=\"es_ES\" \/>\n<meta property=\"og:type\" content=\"article\" \/>\n<meta property=\"og:title\" content=\"Camilo Guinot presenta su muestra &quot;Texto Feral&quot; en el circuito porte\u00f1o de galer\u00edas\" \/>\n<meta property=\"og:description\" content=\"La exhibici\u00f3n, curada por Carlos Guti\u00e9rrez, se puede visitar en Quimera Galer\u00eda dentro del marco de Gallery Palermo\/Villa Crespo. Este s\u00e1bado 5 de septiembre el artista ofrecer\u00e1 un recorrido conversado con el p\u00fablico.\" \/>\n<meta property=\"og:url\" content=\"https:\/\/noticiasmercedinas.com\/site\/2026\/09\/01\/camilo-guinot-presenta-su-muestra-texto-feral-en-el-circuito-porteno-de-galerias\/\" \/>\n<meta property=\"og:site_name\" content=\"NOTICIASMERCEDINAS.COM\" \/>\n<meta property=\"article:publisher\" content=\"https:\/\/www.facebook.com\/noticiasmercedinas\/\" \/>\n<meta property=\"article:published_time\" content=\"2026-09-01T22:34:50+00:00\" \/>\n<meta property=\"article:modified_time\" content=\"2026-09-03T22:38:07+00:00\" \/>\n<meta property=\"og:image\" content=\"https:\/\/noticiasmercedinas.com\/site\/wp-content\/uploads\/2026\/09\/IMG-20260901-WA00131.jpg\" \/>\n\t<meta property=\"og:image:width\" content=\"1080\" \/>\n\t<meta property=\"og:image:height\" content=\"720\" \/>\n\t<meta property=\"og:image:type\" content=\"image\/jpeg\" \/>\n<meta name=\"author\" content=\"NOTICIASMERCEDINAS.COM\" \/>\n<meta name=\"twitter:card\" content=\"summary_large_image\" \/>\n<meta name=\"twitter:creator\" content=\"@notmercedinas\" \/>\n<meta name=\"twitter:site\" content=\"@notmercedinas\" \/>\n<meta name=\"twitter:label1\" content=\"Escrito por\" \/>\n\t<meta name=\"twitter:data1\" content=\"NOTICIASMERCEDINAS.COM\" \/>\n\t<meta name=\"twitter:label2\" content=\"Tiempo de lectura\" \/>\n\t<meta name=\"twitter:data2\" content=\"2 minutos\" \/>\n<script type=\"application\/ld+json\" class=\"yoast-schema-graph\">{\"@context\":\"https:\\\/\\\/schema.org\",\"@graph\":[{\"@type\":\"Article\",\"@id\":\"https:\\\/\\\/noticiasmercedinas.com\\\/site\\\/2026\\\/09\\\/01\\\/camilo-guinot-presenta-su-muestra-texto-feral-en-el-circuito-porteno-de-galerias\\\/#article\",\"isPartOf\":{\"@id\":\"https:\\\/\\\/noticiasmercedinas.com\\\/site\\\/2026\\\/09\\\/01\\\/camilo-guinot-presenta-su-muestra-texto-feral-en-el-circuito-porteno-de-galerias\\\/\"},\"author\":{\"name\":\"NOTICIASMERCEDINAS.COM\",\"@id\":\"https:\\\/\\\/noticiasmercedinas.com\\\/site\\\/#\\\/schema\\\/person\\\/84b59c099c28ff2e8b77d4ceec5d8063\"},\"headline\":\"Camilo Guinot presenta su muestra \u00abTexto Feral\u00bb en el circuito porte\u00f1o de galer\u00edas\",\"datePublished\":\"2026-09-01T22:34:50+00:00\",\"dateModified\":\"2026-09-03T22:38:07+00:00\",\"mainEntityOfPage\":{\"@id\":\"https:\\\/\\\/noticiasmercedinas.com\\\/site\\\/2026\\\/09\\\/01\\\/camilo-guinot-presenta-su-muestra-texto-feral-en-el-circuito-porteno-de-galerias\\\/\"},\"wordCount\":266,\"publisher\":{\"@id\":\"https:\\\/\\\/noticiasmercedinas.com\\\/site\\\/#organization\"},\"image\":{\"@id\":\"https:\\\/\\\/noticiasmercedinas.com\\\/site\\\/2026\\\/09\\\/01\\\/camilo-guinot-presenta-su-muestra-texto-feral-en-el-circuito-porteno-de-galerias\\\/#primaryimage\"},\"thumbnailUrl\":\"https:\\\/\\\/noticiasmercedinas.com\\\/site\\\/wp-content\\\/uploads\\\/2026\\\/09\\\/IMG-20260901-WA00131.jpg\",\"keywords\":[\"arte\",\"camilo guinot\"],\"articleSection\":[\"Cultura\"],\"inLanguage\":\"es\"},{\"@type\":\"WebPage\",\"@id\":\"https:\\\/\\\/noticiasmercedinas.com\\\/site\\\/2026\\\/09\\\/01\\\/camilo-guinot-presenta-su-muestra-texto-feral-en-el-circuito-porteno-de-galerias\\\/\",\"url\":\"https:\\\/\\\/noticiasmercedinas.com\\\/site\\\/2026\\\/09\\\/01\\\/camilo-guinot-presenta-su-muestra-texto-feral-en-el-circuito-porteno-de-galerias\\\/\",\"name\":\"Camilo Guinot presenta su muestra \\\"Texto Feral\\\" en el circuito porte\u00f1o de galer\u00edas\",\"isPartOf\":{\"@id\":\"https:\\\/\\\/noticiasmercedinas.com\\\/site\\\/#website\"},\"primaryImageOfPage\":{\"@id\":\"https:\\\/\\\/noticiasmercedinas.com\\\/site\\\/2026\\\/09\\\/01\\\/camilo-guinot-presenta-su-muestra-texto-feral-en-el-circuito-porteno-de-galerias\\\/#primaryimage\"},\"image\":{\"@id\":\"https:\\\/\\\/noticiasmercedinas.com\\\/site\\\/2026\\\/09\\\/01\\\/camilo-guinot-presenta-su-muestra-texto-feral-en-el-circuito-porteno-de-galerias\\\/#primaryimage\"},\"thumbnailUrl\":\"https:\\\/\\\/noticiasmercedinas.com\\\/site\\\/wp-content\\\/uploads\\\/2026\\\/09\\\/IMG-20260901-WA00131.jpg\",\"datePublished\":\"2026-09-01T22:34:50+00:00\",\"dateModified\":\"2026-09-03T22:38:07+00:00\",\"description\":\"La exhibici\u00f3n, curada por Carlos Guti\u00e9rrez, se puede visitar en Quimera Galer\u00eda dentro del marco de Gallery Palermo\\\/Villa Crespo. Este s\u00e1bado 5 de septiembre el artista ofrecer\u00e1 un recorrido conversado con el p\u00fablico.\",\"breadcrumb\":{\"@id\":\"https:\\\/\\\/noticiasmercedinas.com\\\/site\\\/2026\\\/09\\\/01\\\/camilo-guinot-presenta-su-muestra-texto-feral-en-el-circuito-porteno-de-galerias\\\/#breadcrumb\"},\"inLanguage\":\"es\",\"potentialAction\":[{\"@type\":\"ReadAction\",\"target\":[\"https:\\\/\\\/noticiasmercedinas.com\\\/site\\\/2026\\\/09\\\/01\\\/camilo-guinot-presenta-su-muestra-texto-feral-en-el-circuito-porteno-de-galerias\\\/\"]}]},{\"@type\":\"ImageObject\",\"inLanguage\":\"es\",\"@id\":\"https:\\\/\\\/noticiasmercedinas.com\\\/site\\\/2026\\\/09\\\/01\\\/camilo-guinot-presenta-su-muestra-texto-feral-en-el-circuito-porteno-de-galerias\\\/#primaryimage\",\"url\":\"https:\\\/\\\/noticiasmercedinas.com\\\/site\\\/wp-content\\\/uploads\\\/2026\\\/09\\\/IMG-20260901-WA00131.jpg\",\"contentUrl\":\"https:\\\/\\\/noticiasmercedinas.com\\\/site\\\/wp-content\\\/uploads\\\/2026\\\/09\\\/IMG-20260901-WA00131.jpg\",\"width\":1080,\"height\":720},{\"@type\":\"BreadcrumbList\",\"@id\":\"https:\\\/\\\/noticiasmercedinas.com\\\/site\\\/2026\\\/09\\\/01\\\/camilo-guinot-presenta-su-muestra-texto-feral-en-el-circuito-porteno-de-galerias\\\/#breadcrumb\",\"itemListElement\":[{\"@type\":\"ListItem\",\"position\":1,\"name\":\"Portada\",\"item\":\"https:\\\/\\\/noticiasmercedinas.com\\\/site\\\/\"},{\"@type\":\"ListItem\",\"position\":2,\"name\":\"Camilo Guinot presenta su muestra \u00abTexto Feral\u00bb en el circuito porte\u00f1o de galer\u00edas\"}]},{\"@type\":\"WebSite\",\"@id\":\"https:\\\/\\\/noticiasmercedinas.com\\\/site\\\/#website\",\"url\":\"https:\\\/\\\/noticiasmercedinas.com\\\/site\\\/\",\"name\":\"NOTICIASMERCEDINAS.COM\",\"description\":\"Mercedes, Buenos Aires, Argentina\",\"publisher\":{\"@id\":\"https:\\\/\\\/noticiasmercedinas.com\\\/site\\\/#organization\"},\"potentialAction\":[{\"@type\":\"SearchAction\",\"target\":{\"@type\":\"EntryPoint\",\"urlTemplate\":\"https:\\\/\\\/noticiasmercedinas.com\\\/site\\\/?s={search_term_string}\"},\"query-input\":{\"@type\":\"PropertyValueSpecification\",\"valueRequired\":true,\"valueName\":\"search_term_string\"}}],\"inLanguage\":\"es\"},{\"@type\":\"Organization\",\"@id\":\"https:\\\/\\\/noticiasmercedinas.com\\\/site\\\/#organization\",\"name\":\"NOTICIASMERCEDINAS.COM\",\"url\":\"https:\\\/\\\/noticiasmercedinas.com\\\/site\\\/\",\"logo\":{\"@type\":\"ImageObject\",\"inLanguage\":\"es\",\"@id\":\"https:\\\/\\\/noticiasmercedinas.com\\\/site\\\/#\\\/schema\\\/logo\\\/image\\\/\",\"url\":\"https:\\\/\\\/noticiasmercedinas.com\\\/site\\\/wp-content\\\/uploads\\\/2020\\\/06\\\/LOGO-512.jpg\",\"contentUrl\":\"https:\\\/\\\/noticiasmercedinas.com\\\/site\\\/wp-content\\\/uploads\\\/2020\\\/06\\\/LOGO-512.jpg\",\"width\":512,\"height\":512,\"caption\":\"NOTICIASMERCEDINAS.COM\"},\"image\":{\"@id\":\"https:\\\/\\\/noticiasmercedinas.com\\\/site\\\/#\\\/schema\\\/logo\\\/image\\\/\"},\"sameAs\":[\"https:\\\/\\\/www.facebook.com\\\/noticiasmercedinas\\\/\",\"https:\\\/\\\/x.com\\\/notmercedinas\",\"https:\\\/\\\/www.instagram.com\\\/noticiasmercedinas\\\/\"]},{\"@type\":\"Person\",\"@id\":\"https:\\\/\\\/noticiasmercedinas.com\\\/site\\\/#\\\/schema\\\/person\\\/84b59c099c28ff2e8b77d4ceec5d8063\",\"name\":\"NOTICIASMERCEDINAS.COM\",\"image\":{\"@type\":\"ImageObject\",\"inLanguage\":\"es\",\"@id\":\"https:\\\/\\\/secure.gravatar.com\\\/avatar\\\/4dfbf16b4d17945bfb6341b2d19043457132fcf478a5ee04f42e959fd8f5df0a?s=96&d=mm&r=g\",\"url\":\"https:\\\/\\\/secure.gravatar.com\\\/avatar\\\/4dfbf16b4d17945bfb6341b2d19043457132fcf478a5ee04f42e959fd8f5df0a?s=96&d=mm&r=g\",\"contentUrl\":\"https:\\\/\\\/secure.gravatar.com\\\/avatar\\\/4dfbf16b4d17945bfb6341b2d19043457132fcf478a5ee04f42e959fd8f5df0a?s=96&d=mm&r=g\",\"caption\":\"NOTICIASMERCEDINAS.COM\"},\"url\":\"https:\\\/\\\/noticiasmercedinas.com\\\/site\\\/author\\\/anonimo\\\/\"}]}<\/script>\n<!-- \/ Yoast SEO plugin. -->","yoast_head_json":{"title":"Camilo Guinot presenta su muestra \"Texto Feral\" en el circuito porte\u00f1o de galer\u00edas","description":"La exhibici\u00f3n, curada por Carlos Guti\u00e9rrez, se puede visitar en Quimera Galer\u00eda dentro del marco de Gallery Palermo\/Villa Crespo. Este s\u00e1bado 5 de septiembre el artista ofrecer\u00e1 un recorrido conversado con el p\u00fablico.","robots":{"index":"index","follow":"follow","max-snippet":"max-snippet:-1","max-image-preview":"max-image-preview:large","max-video-preview":"max-video-preview:-1"},"canonical":"https:\/\/noticiasmercedinas.com\/site\/2026\/09\/01\/camilo-guinot-presenta-su-muestra-texto-feral-en-el-circuito-porteno-de-galerias\/","og_locale":"es_ES","og_type":"article","og_title":"Camilo Guinot presenta su muestra \"Texto Feral\" en el circuito porte\u00f1o de galer\u00edas","og_description":"La exhibici\u00f3n, curada por Carlos Guti\u00e9rrez, se puede visitar en Quimera Galer\u00eda dentro del marco de Gallery Palermo\/Villa Crespo. Este s\u00e1bado 5 de septiembre el artista ofrecer\u00e1 un recorrido conversado con el p\u00fablico.","og_url":"https:\/\/noticiasmercedinas.com\/site\/2026\/09\/01\/camilo-guinot-presenta-su-muestra-texto-feral-en-el-circuito-porteno-de-galerias\/","og_site_name":"NOTICIASMERCEDINAS.COM","article_publisher":"https:\/\/www.facebook.com\/noticiasmercedinas\/","article_published_time":"2026-09-01T22:34:50+00:00","article_modified_time":"2026-09-03T22:38:07+00:00","og_image":[{"width":1080,"height":720,"url":"https:\/\/noticiasmercedinas.com\/site\/wp-content\/uploads\/2026\/09\/IMG-20260901-WA00131.jpg","type":"image\/jpeg"}],"author":"NOTICIASMERCEDINAS.COM","twitter_card":"summary_large_image","twitter_creator":"@notmercedinas","twitter_site":"@notmercedinas","twitter_misc":{"Escrito por":"NOTICIASMERCEDINAS.COM","Tiempo de lectura":"2 minutos"},"schema":{"@context":"https:\/\/schema.org","@graph":[{"@type":"Article","@id":"https:\/\/noticiasmercedinas.com\/site\/2026\/09\/01\/camilo-guinot-presenta-su-muestra-texto-feral-en-el-circuito-porteno-de-galerias\/#article","isPartOf":{"@id":"https:\/\/noticiasmercedinas.com\/site\/2026\/09\/01\/camilo-guinot-presenta-su-muestra-texto-feral-en-el-circuito-porteno-de-galerias\/"},"author":{"name":"NOTICIASMERCEDINAS.COM","@id":"https:\/\/noticiasmercedinas.com\/site\/#\/schema\/person\/84b59c099c28ff2e8b77d4ceec5d8063"},"headline":"Camilo Guinot presenta su muestra \u00abTexto Feral\u00bb en el circuito porte\u00f1o de galer\u00edas","datePublished":"2026-09-01T22:34:50+00:00","dateModified":"2026-09-03T22:38:07+00:00","mainEntityOfPage":{"@id":"https:\/\/noticiasmercedinas.com\/site\/2026\/09\/01\/camilo-guinot-presenta-su-muestra-texto-feral-en-el-circuito-porteno-de-galerias\/"},"wordCount":266,"publisher":{"@id":"https:\/\/noticiasmercedinas.com\/site\/#organization"},"image":{"@id":"https:\/\/noticiasmercedinas.com\/site\/2026\/09\/01\/camilo-guinot-presenta-su-muestra-texto-feral-en-el-circuito-porteno-de-galerias\/#primaryimage"},"thumbnailUrl":"https:\/\/noticiasmercedinas.com\/site\/wp-content\/uploads\/2026\/09\/IMG-20260901-WA00131.jpg","keywords":["arte","camilo guinot"],"articleSection":["Cultura"],"inLanguage":"es"},{"@type":"WebPage","@id":"https:\/\/noticiasmercedinas.com\/site\/2026\/09\/01\/camilo-guinot-presenta-su-muestra-texto-feral-en-el-circuito-porteno-de-galerias\/","url":"https:\/\/noticiasmercedinas.com\/site\/2026\/09\/01\/camilo-guinot-presenta-su-muestra-texto-feral-en-el-circuito-porteno-de-galerias\/","name":"Camilo Guinot presenta su muestra \"Texto Feral\" en el circuito porte\u00f1o de galer\u00edas","isPartOf":{"@id":"https:\/\/noticiasmercedinas.com\/site\/#website"},"primaryImageOfPage":{"@id":"https:\/\/noticiasmercedinas.com\/site\/2026\/09\/01\/camilo-guinot-presenta-su-muestra-texto-feral-en-el-circuito-porteno-de-galerias\/#primaryimage"},"image":{"@id":"https:\/\/noticiasmercedinas.com\/site\/2026\/09\/01\/camilo-guinot-presenta-su-muestra-texto-feral-en-el-circuito-porteno-de-galerias\/#primaryimage"},"thumbnailUrl":"https:\/\/noticiasmercedinas.com\/site\/wp-content\/uploads\/2026\/09\/IMG-20260901-WA00131.jpg","datePublished":"2026-09-01T22:34:50+00:00","dateModified":"2026-09-03T22:38:07+00:00","description":"La exhibici\u00f3n, curada por Carlos Guti\u00e9rrez, se puede visitar en Quimera Galer\u00eda dentro del marco de Gallery Palermo\/Villa Crespo. Este s\u00e1bado 5 de septiembre el artista ofrecer\u00e1 un recorrido conversado con el p\u00fablico.","breadcrumb":{"@id":"https:\/\/noticiasmercedinas.com\/site\/2026\/09\/01\/camilo-guinot-presenta-su-muestra-texto-feral-en-el-circuito-porteno-de-galerias\/#breadcrumb"},"inLanguage":"es","potentialAction":[{"@type":"ReadAction","target":["https:\/\/noticiasmercedinas.com\/site\/2026\/09\/01\/camilo-guinot-presenta-su-muestra-texto-feral-en-el-circuito-porteno-de-galerias\/"]}]},{"@type":"ImageObject","inLanguage":"es","@id":"https:\/\/noticiasmercedinas.com\/site\/2026\/09\/01\/camilo-guinot-presenta-su-muestra-texto-feral-en-el-circuito-porteno-de-galerias\/#primaryimage","url":"https:\/\/noticiasmercedinas.com\/site\/wp-content\/uploads\/2026\/09\/IMG-20260901-WA00131.jpg","contentUrl":"https:\/\/noticiasmercedinas.com\/site\/wp-content\/uploads\/2026\/09\/IMG-20260901-WA00131.jpg","width":1080,"height":720},{"@type":"BreadcrumbList","@id":"https:\/\/noticiasmercedinas.com\/site\/2026\/09\/01\/camilo-guinot-presenta-su-muestra-texto-feral-en-el-circuito-porteno-de-galerias\/#breadcrumb","itemListElement":[{"@type":"ListItem","position":1,"name":"Portada","item":"https:\/\/noticiasmercedinas.com\/site\/"},{"@type":"ListItem","position":2,"name":"Camilo Guinot presenta su muestra \u00abTexto Feral\u00bb en el circuito porte\u00f1o de galer\u00edas"}]},{"@type":"WebSite","@id":"https:\/\/noticiasmercedinas.com\/site\/#website","url":"https:\/\/noticiasmercedinas.com\/site\/","name":"NOTICIASMERCEDINAS.COM","description":"Mercedes, Buenos Aires, Argentina","publisher":{"@id":"https:\/\/noticiasmercedinas.com\/site\/#organization"},"potentialAction":[{"@type":"SearchAction","target":{"@type":"EntryPoint","urlTemplate":"https:\/\/noticiasmercedinas.com\/site\/?s={search_term_string}"},"query-input":{"@type":"PropertyValueSpecification","valueRequired":true,"valueName":"search_term_string"}}],"inLanguage":"es"},{"@type":"Organization","@id":"https:\/\/noticiasmercedinas.com\/site\/#organization","name":"NOTICIASMERCEDINAS.COM","url":"https:\/\/noticiasmercedinas.com\/site\/","logo":{"@type":"ImageObject","inLanguage":"es","@id":"https:\/\/noticiasmercedinas.com\/site\/#\/schema\/logo\/image\/","url":"https:\/\/noticiasmercedinas.com\/site\/wp-content\/uploads\/2020\/06\/LOGO-512.jpg","contentUrl":"https:\/\/noticiasmercedinas.com\/site\/wp-content\/uploads\/2020\/06\/LOGO-512.jpg","width":512,"height":512,"caption":"NOTICIASMERCEDINAS.COM"},"image":{"@id":"https:\/\/noticiasmercedinas.com\/site\/#\/schema\/logo\/image\/"},"sameAs":["https:\/\/www.facebook.com\/noticiasmercedinas\/","https:\/\/x.com\/notmercedinas","https:\/\/www.instagram.com\/noticiasmercedinas\/"]},{"@type":"Person","@id":"https:\/\/noticiasmercedinas.com\/site\/#\/schema\/person\/84b59c099c28ff2e8b77d4ceec5d8063","name":"NOTICIASMERCEDINAS.COM","image":{"@type":"ImageObject","inLanguage":"es","@id":"https:\/\/secure.gravatar.com\/avatar\/4dfbf16b4d17945bfb6341b2d19043457132fcf478a5ee04f42e959fd8f5df0a?s=96&d=mm&r=g","url":"https:\/\/secure.gravatar.com\/avatar\/4dfbf16b4d17945bfb6341b2d19043457132fcf478a5ee04f42e959fd8f5df0a?s=96&d=mm&r=g","contentUrl":"https:\/\/secure.gravatar.com\/avatar\/4dfbf16b4d17945bfb6341b2d19043457132fcf478a5ee04f42e959fd8f5df0a?s=96&d=mm&r=g","caption":"NOTICIASMERCEDINAS.COM"},"url":"https:\/\/noticiasmercedinas.com\/site\/author\/anonimo\/"}]}},"amp_enabled":true,"_links":{"self":[{"href":"https:\/\/noticiasmercedinas.com\/site\/wp-json\/wp\/v2\/posts\/193973","targetHints":{"allow":["GET"]}}],"collection":[{"href":"https:\/\/noticiasmercedinas.com\/site\/wp-json\/wp\/v2\/posts"}],"about":[{"href":"https:\/\/noticiasmercedinas.com\/site\/wp-json\/wp\/v2\/types\/post"}],"author":[{"embeddable":true,"href":"https:\/\/noticiasmercedinas.com\/site\/wp-json\/wp\/v2\/users\/16"}],"replies":[{"embeddable":true,"href":"https:\/\/noticiasmercedinas.com\/site\/wp-json\/wp\/v2\/comments?post=193973"}],"version-history":[{"count":2,"href":"https:\/\/noticiasmercedinas.com\/site\/wp-json\/wp\/v2\/posts\/193973\/revisions"}],"predecessor-version":[{"id":193977,"href":"https:\/\/noticiasmercedinas.com\/site\/wp-json\/wp\/v2\/posts\/193973\/revisions\/193977"}],"wp:featuredmedia":[{"embeddable":true,"href":"https:\/\/noticiasmercedinas.com\/site\/wp-json\/wp\/v2\/media\/193975"}],"wp:attachment":[{"href":"https:\/\/noticiasmercedinas.com\/site\/wp-json\/wp\/v2\/media?parent=193973"}],"wp:term":[{"taxonomy":"category","embeddable":true,"href":"https:\/\/noticiasmercedinas.com\/site\/wp-json\/wp\/v2\/categories?post=193973"},{"taxonomy":"post_tag","embeddable":true,"href":"https:\/\/noticiasmercedinas.com\/site\/wp-json\/wp\/v2\/tags?post=193973"}],"curies":[{"name":"wp","href":"https:\/\/api.w.org\/{rel}","templated":true}]}}