{"id":193978,"date":"2026-09-03T21:44:28","date_gmt":"2026-09-04T00:44:28","guid":{"rendered":"https:\/\/noticiasmercedinas.com\/site\/?p=193978"},"modified":"2026-09-03T21:44:28","modified_gmt":"2026-09-04T00:44:28","slug":"club-mercedes-afronta-el-primero-de-dos-partidos-como-local","status":"publish","type":"post","link":"https:\/\/noticiasmercedinas.com\/site\/2026\/09\/03\/club-mercedes-afronta-el-primero-de-dos-partidos-como-local\/","title":{"rendered":"Club Mercedes afronta el primero de dos partidos como local"},"content":{"rendered":"<p><img loading=\"lazy\" decoding=\"async\" class=\"alignnone size-full wp-image-193979\" src=\"https:\/\/noticiasmercedinas.com\/site\/wp-content\/uploads\/2026\/09\/IMG_1896.jpg\" alt=\"\" width=\"640\" height=\"427\" srcset=\"https:\/\/noticiasmercedinas.com\/site\/wp-content\/uploads\/2026\/09\/IMG_1896.jpg 640w, https:\/\/noticiasmercedinas.com\/site\/wp-content\/uploads\/2026\/09\/IMG_1896-300x200.jpg 300w\" sizes=\"auto, (max-width: 640px) 100vw, 640px\" \/><\/p>\n<p>Dos partidos dejar\u00e1n inaugurada este viernes 4 de septiembre la 27\u00b0 fecha de la Primera C, uno de ellos ser\u00e1 el de Club Mercedes y Defensores de Cambaceres que jugar\u00e1n desde la hora 19.00 en cancha de la Liga. En el octavo lugar llega el \u201cBlanquinegro\u201d con 36 puntos, viendo de caer 4-1 ante Juventud Unida en San Miguel.<\/p>\n<p>Enfrente estar\u00e1 el \u201cRojo\u201d que marcha d\u00e9cimo reuniendo 29 unidades, su \u00faltimo resultado dej\u00f3 un 0 a 0 ante Defensores de Cambaceres en Ensenada. Hoy los dos est\u00e1n por fuera del lote de Reducido, aunque es el equipo de Oscar Mena el que se muestra mucho m\u00e1s cerca de retornar con dos partidos de local aunque dependiendo de otros resultados.<br \/>\n<strong><br \/>\n<\/strong>El inmediato antecedente entre ambos es de principios de mayo, ganando \u201cCamba\u201d 2 a 1 en el 12 de Octubre, aunque en H\u00e9roes de Malvinas y 64 cada vez que se enfrentaron sali\u00f3 favorecido con el marcador final Club Mercedes. Al certamen le quedan 5 fechas tras este cruce, vini\u00e9ndose luego el interzonal frente al Deportivo Espa\u00f1ol.<\/p>\n<p>Ante su gente, el due\u00f1o de casa apuesta a dar el paso al frente, entrenando durante la semana para el compromiso que est\u00e1 a la vuelta de la esquina. De estos citados saldr\u00e1 el once: Iv\u00e1n Casco y Kevin Semeniuk (arqueros), M\u00e1ximo Chan, Hern\u00e1n Pineda, Sabino Redondi, Rom\u00e1n L\u00f3pez, Rodrigo Torres y Mart\u00edn Zuccaro (defensores), Tom\u00e1s Chaparro, Juan Manuel Culio, Gonzalo Ca\u00f1ete, Franco Ortigosa, Maximiliano Pighin, Emmanuel Murillo, Juan Rom\u00e1n L\u00f3pez y Arturo Mendoza (volantes), Leandro Amado, Mateo Blanco, Francisco Ruiz y Lisandro S\u00e1nchez Olmos (delanteros).<br \/>\n<strong><br \/>\nZona A<br \/>\nViernes 4<br \/>\n<\/strong>A las 19 Club Mercedes vs. Defensores de Cambaceres.<br \/>\n<strong>\u00c1rbitro: <\/strong>Sebasti\u00e1n Milessi.<br \/>\n<strong>Asistente 1: <\/strong>Mario Vargas.<br \/>\n<strong>Asistente 2: <\/strong>Mariela Martino.<br \/>\n<strong>Cuarto \u00e1rbitro:<\/strong> Fabrizio De La Cruz.<strong><\/p>\n<p>S\u00e1bado 5<br \/>\n<\/strong>A las 15 Centro Espa\u00f1ol vs. Sacachispas (en Ituzaing\u00f3).<strong><br \/>\n<\/strong>A las 15 Victoriano Arenas vs. Argentino (Rosario).<strong><br \/>\n<\/strong><br \/>\n<strong>Domingo 6<\/strong><br \/>\nA las 15 Puerto Nuevo vs. Lugano.<br \/>\nA las 15 Deportivo Paraguayo vs. Leandro N. Alem.<br \/>\nA las 15 JJ Urquiza vs. Juventud Unida.<br \/>\nA las 15 Berazategui vs. Estrella del Sur.<\/p>\n<p><strong>Zona B<br \/>\nViernes 4<\/strong><br \/>\nA las 15 Yupanqui vs. Leones FC.<\/p>\n<p><strong>S\u00e1bado 5<\/strong><br \/>\nA las 15 Central C\u00f3rdoba vs. El Porvenir.<\/p>\n<p><strong>Domingo 6<\/strong><br \/>\nA las 15 Atlas vs. General Lamadrid.<br \/>\nA las 15 Ca\u00f1uelas vs. Luj\u00e1n.<br \/>\nA las 15 Deportivo Espa\u00f1ol vs. F\u00e9nix.<\/p>\n<p><strong>Lunes 7<\/strong><br \/>\nA las 15 Deportivo Mu\u00f1iz vs. Sportivo Barracas (en Puerto Nuevo).<\/p>\n<p><strong>Martes 8<\/strong><br \/>\nA las 15 Claypole vs. Central Ballester.<\/p>\n<p><img loading=\"lazy\" decoding=\"async\" class=\"alignnone size-full wp-image-193980\" src=\"https:\/\/noticiasmercedinas.com\/site\/wp-content\/uploads\/2026\/09\/Primera-C-2026-2.jpg\" alt=\"\" width=\"640\" height=\"809\" srcset=\"https:\/\/noticiasmercedinas.com\/site\/wp-content\/uploads\/2026\/09\/Primera-C-2026-2.jpg 640w, https:\/\/noticiasmercedinas.com\/site\/wp-content\/uploads\/2026\/09\/Primera-C-2026-2-237x300.jpg 237w\" sizes=\"auto, (max-width: 640px) 100vw, 640px\" \/><\/p>\n","protected":false},"excerpt":{"rendered":"<p>\u25a0 Este viernes 4 enfrenta a Defensores de Cambaceres en la Liga desde la hora 19.00. Tras el traspi\u00e9 en San Miguel el equipo busca reencontrase con la victoria en un reducto donde se hace fuerte. El juego es uno de los que abre la 27\u00b0 jornada.<\/p>\n","protected":false},"author":6,"featured_media":193979,"comment_status":"closed","ping_status":"closed","sticky":false,"template":"","format":"standard","meta":{"footnotes":""},"categories":[5],"tags":[6424,135,6434],"class_list":["post-193978","post","type-post","status-publish","format-standard","has-post-thumbnail","hentry","category-deportes","tag-afa","tag-club-mercedes","tag-primera-c"],"yoast_head":"<!-- This site is optimized with the Yoast SEO plugin v28.3 - https:\/\/yoast.com\/product\/yoast-seo-wordpress\/ -->\n<title>Club Mercedes afronta el primero de dos partidos como local<\/title>\n<meta name=\"robots\" content=\"index, follow, max-snippet:-1, max-image-preview:large, max-video-preview:-1\" \/>\n<link rel=\"canonical\" href=\"https:\/\/noticiasmercedinas.com\/site\/2026\/09\/03\/club-mercedes-afronta-el-primero-de-dos-partidos-como-local\/\" \/>\n<meta property=\"og:locale\" content=\"es_ES\" \/>\n<meta property=\"og:type\" content=\"article\" \/>\n<meta property=\"og:title\" content=\"Club Mercedes afronta el primero de dos partidos como local\" \/>\n<meta property=\"og:description\" content=\"\u25a0 Este viernes 4 enfrenta a Defensores de Cambaceres en la Liga desde la hora 19.00. Tras el traspi\u00e9 en San Miguel el equipo busca reencontrase con la victoria en un reducto donde se hace fuerte. El juego es uno de los que abre la 27\u00b0 jornada.\" \/>\n<meta property=\"og:url\" content=\"https:\/\/noticiasmercedinas.com\/site\/2026\/09\/03\/club-mercedes-afronta-el-primero-de-dos-partidos-como-local\/\" \/>\n<meta property=\"og:site_name\" content=\"NOTICIASMERCEDINAS.COM\" \/>\n<meta property=\"article:publisher\" content=\"https:\/\/www.facebook.com\/noticiasmercedinas\/\" \/>\n<meta property=\"article:published_time\" content=\"2026-09-04T00:44:28+00:00\" \/>\n<meta property=\"og:image\" content=\"https:\/\/noticiasmercedinas.com\/site\/wp-content\/uploads\/2026\/09\/IMG_1896.jpg\" \/>\n\t<meta property=\"og:image:width\" content=\"640\" \/>\n\t<meta property=\"og:image:height\" content=\"427\" \/>\n\t<meta property=\"og:image:type\" content=\"image\/jpeg\" \/>\n<meta name=\"author\" content=\"Juan Dagnino NOTICIASMERCEDINAS.COM\" \/>\n<meta name=\"twitter:card\" content=\"summary_large_image\" \/>\n<meta name=\"twitter:creator\" content=\"@notmercedinas\" \/>\n<meta name=\"twitter:site\" content=\"@notmercedinas\" \/>\n<meta name=\"twitter:label1\" content=\"Escrito por\" \/>\n\t<meta name=\"twitter:data1\" content=\"Juan Dagnino NOTICIASMERCEDINAS.COM\" \/>\n\t<meta name=\"twitter:label2\" content=\"Tiempo de lectura\" \/>\n\t<meta name=\"twitter:data2\" content=\"3 minutos\" \/>\n<script type=\"application\/ld+json\" class=\"yoast-schema-graph\">{\"@context\":\"https:\\\/\\\/schema.org\",\"@graph\":[{\"@type\":\"Article\",\"@id\":\"https:\\\/\\\/noticiasmercedinas.com\\\/site\\\/2026\\\/09\\\/03\\\/club-mercedes-afronta-el-primero-de-dos-partidos-como-local\\\/#article\",\"isPartOf\":{\"@id\":\"https:\\\/\\\/noticiasmercedinas.com\\\/site\\\/2026\\\/09\\\/03\\\/club-mercedes-afronta-el-primero-de-dos-partidos-como-local\\\/\"},\"author\":{\"name\":\"Juan Dagnino NOTICIASMERCEDINAS.COM\",\"@id\":\"https:\\\/\\\/noticiasmercedinas.com\\\/site\\\/#\\\/schema\\\/person\\\/8f2f09d666ef40986eba4a5e6f2a06f9\"},\"headline\":\"Club Mercedes afronta el primero de dos partidos como local\",\"datePublished\":\"2026-09-04T00:44:28+00:00\",\"mainEntityOfPage\":{\"@id\":\"https:\\\/\\\/noticiasmercedinas.com\\\/site\\\/2026\\\/09\\\/03\\\/club-mercedes-afronta-el-primero-de-dos-partidos-como-local\\\/\"},\"wordCount\":414,\"publisher\":{\"@id\":\"https:\\\/\\\/noticiasmercedinas.com\\\/site\\\/#organization\"},\"image\":{\"@id\":\"https:\\\/\\\/noticiasmercedinas.com\\\/site\\\/2026\\\/09\\\/03\\\/club-mercedes-afronta-el-primero-de-dos-partidos-como-local\\\/#primaryimage\"},\"thumbnailUrl\":\"https:\\\/\\\/noticiasmercedinas.com\\\/site\\\/wp-content\\\/uploads\\\/2026\\\/09\\\/IMG_1896.jpg\",\"keywords\":[\"AFA\",\"club mercedes\",\"Primera C\"],\"articleSection\":[\"Deportes\"],\"inLanguage\":\"es\"},{\"@type\":\"WebPage\",\"@id\":\"https:\\\/\\\/noticiasmercedinas.com\\\/site\\\/2026\\\/09\\\/03\\\/club-mercedes-afronta-el-primero-de-dos-partidos-como-local\\\/\",\"url\":\"https:\\\/\\\/noticiasmercedinas.com\\\/site\\\/2026\\\/09\\\/03\\\/club-mercedes-afronta-el-primero-de-dos-partidos-como-local\\\/\",\"name\":\"Club Mercedes afronta el primero de dos partidos como local\",\"isPartOf\":{\"@id\":\"https:\\\/\\\/noticiasmercedinas.com\\\/site\\\/#website\"},\"primaryImageOfPage\":{\"@id\":\"https:\\\/\\\/noticiasmercedinas.com\\\/site\\\/2026\\\/09\\\/03\\\/club-mercedes-afronta-el-primero-de-dos-partidos-como-local\\\/#primaryimage\"},\"image\":{\"@id\":\"https:\\\/\\\/noticiasmercedinas.com\\\/site\\\/2026\\\/09\\\/03\\\/club-mercedes-afronta-el-primero-de-dos-partidos-como-local\\\/#primaryimage\"},\"thumbnailUrl\":\"https:\\\/\\\/noticiasmercedinas.com\\\/site\\\/wp-content\\\/uploads\\\/2026\\\/09\\\/IMG_1896.jpg\",\"datePublished\":\"2026-09-04T00:44:28+00:00\",\"breadcrumb\":{\"@id\":\"https:\\\/\\\/noticiasmercedinas.com\\\/site\\\/2026\\\/09\\\/03\\\/club-mercedes-afronta-el-primero-de-dos-partidos-como-local\\\/#breadcrumb\"},\"inLanguage\":\"es\",\"potentialAction\":[{\"@type\":\"ReadAction\",\"target\":[\"https:\\\/\\\/noticiasmercedinas.com\\\/site\\\/2026\\\/09\\\/03\\\/club-mercedes-afronta-el-primero-de-dos-partidos-como-local\\\/\"]}]},{\"@type\":\"ImageObject\",\"inLanguage\":\"es\",\"@id\":\"https:\\\/\\\/noticiasmercedinas.com\\\/site\\\/2026\\\/09\\\/03\\\/club-mercedes-afronta-el-primero-de-dos-partidos-como-local\\\/#primaryimage\",\"url\":\"https:\\\/\\\/noticiasmercedinas.com\\\/site\\\/wp-content\\\/uploads\\\/2026\\\/09\\\/IMG_1896.jpg\",\"contentUrl\":\"https:\\\/\\\/noticiasmercedinas.com\\\/site\\\/wp-content\\\/uploads\\\/2026\\\/09\\\/IMG_1896.jpg\",\"width\":640,\"height\":427},{\"@type\":\"BreadcrumbList\",\"@id\":\"https:\\\/\\\/noticiasmercedinas.com\\\/site\\\/2026\\\/09\\\/03\\\/club-mercedes-afronta-el-primero-de-dos-partidos-como-local\\\/#breadcrumb\",\"itemListElement\":[{\"@type\":\"ListItem\",\"position\":1,\"name\":\"Portada\",\"item\":\"https:\\\/\\\/noticiasmercedinas.com\\\/site\\\/\"},{\"@type\":\"ListItem\",\"position\":2,\"name\":\"Club Mercedes afronta el primero de dos partidos como local\"}]},{\"@type\":\"WebSite\",\"@id\":\"https:\\\/\\\/noticiasmercedinas.com\\\/site\\\/#website\",\"url\":\"https:\\\/\\\/noticiasmercedinas.com\\\/site\\\/\",\"name\":\"NOTICIASMERCEDINAS.COM\",\"description\":\"Mercedes, Buenos Aires, Argentina\",\"publisher\":{\"@id\":\"https:\\\/\\\/noticiasmercedinas.com\\\/site\\\/#organization\"},\"potentialAction\":[{\"@type\":\"SearchAction\",\"target\":{\"@type\":\"EntryPoint\",\"urlTemplate\":\"https:\\\/\\\/noticiasmercedinas.com\\\/site\\\/?s={search_term_string}\"},\"query-input\":{\"@type\":\"PropertyValueSpecification\",\"valueRequired\":true,\"valueName\":\"search_term_string\"}}],\"inLanguage\":\"es\"},{\"@type\":\"Organization\",\"@id\":\"https:\\\/\\\/noticiasmercedinas.com\\\/site\\\/#organization\",\"name\":\"NOTICIASMERCEDINAS.COM\",\"url\":\"https:\\\/\\\/noticiasmercedinas.com\\\/site\\\/\",\"logo\":{\"@type\":\"ImageObject\",\"inLanguage\":\"es\",\"@id\":\"https:\\\/\\\/noticiasmercedinas.com\\\/site\\\/#\\\/schema\\\/logo\\\/image\\\/\",\"url\":\"https:\\\/\\\/noticiasmercedinas.com\\\/site\\\/wp-content\\\/uploads\\\/2020\\\/06\\\/LOGO-512.jpg\",\"contentUrl\":\"https:\\\/\\\/noticiasmercedinas.com\\\/site\\\/wp-content\\\/uploads\\\/2020\\\/06\\\/LOGO-512.jpg\",\"width\":512,\"height\":512,\"caption\":\"NOTICIASMERCEDINAS.COM\"},\"image\":{\"@id\":\"https:\\\/\\\/noticiasmercedinas.com\\\/site\\\/#\\\/schema\\\/logo\\\/image\\\/\"},\"sameAs\":[\"https:\\\/\\\/www.facebook.com\\\/noticiasmercedinas\\\/\",\"https:\\\/\\\/x.com\\\/notmercedinas\",\"https:\\\/\\\/www.instagram.com\\\/noticiasmercedinas\\\/\"]},{\"@type\":\"Person\",\"@id\":\"https:\\\/\\\/noticiasmercedinas.com\\\/site\\\/#\\\/schema\\\/person\\\/8f2f09d666ef40986eba4a5e6f2a06f9\",\"name\":\"Juan Dagnino NOTICIASMERCEDINAS.COM\",\"image\":{\"@type\":\"ImageObject\",\"inLanguage\":\"es\",\"@id\":\"https:\\\/\\\/secure.gravatar.com\\\/avatar\\\/fc7059a769f5a3cae65fadb228a3e4accf3a64b4b2305020d0a27e6d5333c91b?s=96&d=mm&r=g\",\"url\":\"https:\\\/\\\/secure.gravatar.com\\\/avatar\\\/fc7059a769f5a3cae65fadb228a3e4accf3a64b4b2305020d0a27e6d5333c91b?s=96&d=mm&r=g\",\"contentUrl\":\"https:\\\/\\\/secure.gravatar.com\\\/avatar\\\/fc7059a769f5a3cae65fadb228a3e4accf3a64b4b2305020d0a27e6d5333c91b?s=96&d=mm&r=g\",\"caption\":\"Juan Dagnino NOTICIASMERCEDINAS.COM\"},\"url\":\"https:\\\/\\\/noticiasmercedinas.com\\\/site\\\/author\\\/juandagnino\\\/\"}]}<\/script>\n<!-- \/ Yoast SEO plugin. -->","yoast_head_json":{"title":"Club Mercedes afronta el primero de dos partidos como local","robots":{"index":"index","follow":"follow","max-snippet":"max-snippet:-1","max-image-preview":"max-image-preview:large","max-video-preview":"max-video-preview:-1"},"canonical":"https:\/\/noticiasmercedinas.com\/site\/2026\/09\/03\/club-mercedes-afronta-el-primero-de-dos-partidos-como-local\/","og_locale":"es_ES","og_type":"article","og_title":"Club Mercedes afronta el primero de dos partidos como local","og_description":"\u25a0 Este viernes 4 enfrenta a Defensores de Cambaceres en la Liga desde la hora 19.00. Tras el traspi\u00e9 en San Miguel el equipo busca reencontrase con la victoria en un reducto donde se hace fuerte. El juego es uno de los que abre la 27\u00b0 jornada.","og_url":"https:\/\/noticiasmercedinas.com\/site\/2026\/09\/03\/club-mercedes-afronta-el-primero-de-dos-partidos-como-local\/","og_site_name":"NOTICIASMERCEDINAS.COM","article_publisher":"https:\/\/www.facebook.com\/noticiasmercedinas\/","article_published_time":"2026-09-04T00:44:28+00:00","og_image":[{"width":640,"height":427,"url":"https:\/\/noticiasmercedinas.com\/site\/wp-content\/uploads\/2026\/09\/IMG_1896.jpg","type":"image\/jpeg"}],"author":"Juan Dagnino NOTICIASMERCEDINAS.COM","twitter_card":"summary_large_image","twitter_creator":"@notmercedinas","twitter_site":"@notmercedinas","twitter_misc":{"Escrito por":"Juan Dagnino NOTICIASMERCEDINAS.COM","Tiempo de lectura":"3 minutos"},"schema":{"@context":"https:\/\/schema.org","@graph":[{"@type":"Article","@id":"https:\/\/noticiasmercedinas.com\/site\/2026\/09\/03\/club-mercedes-afronta-el-primero-de-dos-partidos-como-local\/#article","isPartOf":{"@id":"https:\/\/noticiasmercedinas.com\/site\/2026\/09\/03\/club-mercedes-afronta-el-primero-de-dos-partidos-como-local\/"},"author":{"name":"Juan Dagnino NOTICIASMERCEDINAS.COM","@id":"https:\/\/noticiasmercedinas.com\/site\/#\/schema\/person\/8f2f09d666ef40986eba4a5e6f2a06f9"},"headline":"Club Mercedes afronta el primero de dos partidos como local","datePublished":"2026-09-04T00:44:28+00:00","mainEntityOfPage":{"@id":"https:\/\/noticiasmercedinas.com\/site\/2026\/09\/03\/club-mercedes-afronta-el-primero-de-dos-partidos-como-local\/"},"wordCount":414,"publisher":{"@id":"https:\/\/noticiasmercedinas.com\/site\/#organization"},"image":{"@id":"https:\/\/noticiasmercedinas.com\/site\/2026\/09\/03\/club-mercedes-afronta-el-primero-de-dos-partidos-como-local\/#primaryimage"},"thumbnailUrl":"https:\/\/noticiasmercedinas.com\/site\/wp-content\/uploads\/2026\/09\/IMG_1896.jpg","keywords":["AFA","club mercedes","Primera C"],"articleSection":["Deportes"],"inLanguage":"es"},{"@type":"WebPage","@id":"https:\/\/noticiasmercedinas.com\/site\/2026\/09\/03\/club-mercedes-afronta-el-primero-de-dos-partidos-como-local\/","url":"https:\/\/noticiasmercedinas.com\/site\/2026\/09\/03\/club-mercedes-afronta-el-primero-de-dos-partidos-como-local\/","name":"Club Mercedes afronta el primero de dos partidos como local","isPartOf":{"@id":"https:\/\/noticiasmercedinas.com\/site\/#website"},"primaryImageOfPage":{"@id":"https:\/\/noticiasmercedinas.com\/site\/2026\/09\/03\/club-mercedes-afronta-el-primero-de-dos-partidos-como-local\/#primaryimage"},"image":{"@id":"https:\/\/noticiasmercedinas.com\/site\/2026\/09\/03\/club-mercedes-afronta-el-primero-de-dos-partidos-como-local\/#primaryimage"},"thumbnailUrl":"https:\/\/noticiasmercedinas.com\/site\/wp-content\/uploads\/2026\/09\/IMG_1896.jpg","datePublished":"2026-09-04T00:44:28+00:00","breadcrumb":{"@id":"https:\/\/noticiasmercedinas.com\/site\/2026\/09\/03\/club-mercedes-afronta-el-primero-de-dos-partidos-como-local\/#breadcrumb"},"inLanguage":"es","potentialAction":[{"@type":"ReadAction","target":["https:\/\/noticiasmercedinas.com\/site\/2026\/09\/03\/club-mercedes-afronta-el-primero-de-dos-partidos-como-local\/"]}]},{"@type":"ImageObject","inLanguage":"es","@id":"https:\/\/noticiasmercedinas.com\/site\/2026\/09\/03\/club-mercedes-afronta-el-primero-de-dos-partidos-como-local\/#primaryimage","url":"https:\/\/noticiasmercedinas.com\/site\/wp-content\/uploads\/2026\/09\/IMG_1896.jpg","contentUrl":"https:\/\/noticiasmercedinas.com\/site\/wp-content\/uploads\/2026\/09\/IMG_1896.jpg","width":640,"height":427},{"@type":"BreadcrumbList","@id":"https:\/\/noticiasmercedinas.com\/site\/2026\/09\/03\/club-mercedes-afronta-el-primero-de-dos-partidos-como-local\/#breadcrumb","itemListElement":[{"@type":"ListItem","position":1,"name":"Portada","item":"https:\/\/noticiasmercedinas.com\/site\/"},{"@type":"ListItem","position":2,"name":"Club Mercedes afronta el primero de dos partidos como local"}]},{"@type":"WebSite","@id":"https:\/\/noticiasmercedinas.com\/site\/#website","url":"https:\/\/noticiasmercedinas.com\/site\/","name":"NOTICIASMERCEDINAS.COM","description":"Mercedes, Buenos Aires, Argentina","publisher":{"@id":"https:\/\/noticiasmercedinas.com\/site\/#organization"},"potentialAction":[{"@type":"SearchAction","target":{"@type":"EntryPoint","urlTemplate":"https:\/\/noticiasmercedinas.com\/site\/?s={search_term_string}"},"query-input":{"@type":"PropertyValueSpecification","valueRequired":true,"valueName":"search_term_string"}}],"inLanguage":"es"},{"@type":"Organization","@id":"https:\/\/noticiasmercedinas.com\/site\/#organization","name":"NOTICIASMERCEDINAS.COM","url":"https:\/\/noticiasmercedinas.com\/site\/","logo":{"@type":"ImageObject","inLanguage":"es","@id":"https:\/\/noticiasmercedinas.com\/site\/#\/schema\/logo\/image\/","url":"https:\/\/noticiasmercedinas.com\/site\/wp-content\/uploads\/2020\/06\/LOGO-512.jpg","contentUrl":"https:\/\/noticiasmercedinas.com\/site\/wp-content\/uploads\/2020\/06\/LOGO-512.jpg","width":512,"height":512,"caption":"NOTICIASMERCEDINAS.COM"},"image":{"@id":"https:\/\/noticiasmercedinas.com\/site\/#\/schema\/logo\/image\/"},"sameAs":["https:\/\/www.facebook.com\/noticiasmercedinas\/","https:\/\/x.com\/notmercedinas","https:\/\/www.instagram.com\/noticiasmercedinas\/"]},{"@type":"Person","@id":"https:\/\/noticiasmercedinas.com\/site\/#\/schema\/person\/8f2f09d666ef40986eba4a5e6f2a06f9","name":"Juan Dagnino NOTICIASMERCEDINAS.COM","image":{"@type":"ImageObject","inLanguage":"es","@id":"https:\/\/secure.gravatar.com\/avatar\/fc7059a769f5a3cae65fadb228a3e4accf3a64b4b2305020d0a27e6d5333c91b?s=96&d=mm&r=g","url":"https:\/\/secure.gravatar.com\/avatar\/fc7059a769f5a3cae65fadb228a3e4accf3a64b4b2305020d0a27e6d5333c91b?s=96&d=mm&r=g","contentUrl":"https:\/\/secure.gravatar.com\/avatar\/fc7059a769f5a3cae65fadb228a3e4accf3a64b4b2305020d0a27e6d5333c91b?s=96&d=mm&r=g","caption":"Juan Dagnino NOTICIASMERCEDINAS.COM"},"url":"https:\/\/noticiasmercedinas.com\/site\/author\/juandagnino\/"}]}},"amp_enabled":true,"_links":{"self":[{"href":"https:\/\/noticiasmercedinas.com\/site\/wp-json\/wp\/v2\/posts\/193978","targetHints":{"allow":["GET"]}}],"collection":[{"href":"https:\/\/noticiasmercedinas.com\/site\/wp-json\/wp\/v2\/posts"}],"about":[{"href":"https:\/\/noticiasmercedinas.com\/site\/wp-json\/wp\/v2\/types\/post"}],"author":[{"embeddable":true,"href":"https:\/\/noticiasmercedinas.com\/site\/wp-json\/wp\/v2\/users\/6"}],"replies":[{"embeddable":true,"href":"https:\/\/noticiasmercedinas.com\/site\/wp-json\/wp\/v2\/comments?post=193978"}],"version-history":[{"count":1,"href":"https:\/\/noticiasmercedinas.com\/site\/wp-json\/wp\/v2\/posts\/193978\/revisions"}],"predecessor-version":[{"id":193981,"href":"https:\/\/noticiasmercedinas.com\/site\/wp-json\/wp\/v2\/posts\/193978\/revisions\/193981"}],"wp:featuredmedia":[{"embeddable":true,"href":"https:\/\/noticiasmercedinas.com\/site\/wp-json\/wp\/v2\/media\/193979"}],"wp:attachment":[{"href":"https:\/\/noticiasmercedinas.com\/site\/wp-json\/wp\/v2\/media?parent=193978"}],"wp:term":[{"taxonomy":"category","embeddable":true,"href":"https:\/\/noticiasmercedinas.com\/site\/wp-json\/wp\/v2\/categories?post=193978"},{"taxonomy":"post_tag","embeddable":true,"href":"https:\/\/noticiasmercedinas.com\/site\/wp-json\/wp\/v2\/tags?post=193978"}],"curies":[{"name":"wp","href":"https:\/\/api.w.org\/{rel}","templated":true}]}}