{"id":193982,"date":"2026-09-03T22:33:56","date_gmt":"2026-09-04T01:33:56","guid":{"rendered":"https:\/\/noticiasmercedinas.com\/site\/?p=193982"},"modified":"2026-09-03T22:33:56","modified_gmt":"2026-09-04T01:33:56","slug":"altos-funcionarios-de-la-justicia-visitaron-el-concejo-deliberante","status":"publish","type":"post","link":"https:\/\/noticiasmercedinas.com\/site\/2026\/09\/03\/altos-funcionarios-de-la-justicia-visitaron-el-concejo-deliberante\/","title":{"rendered":"Altos funcionarios de la justicia visitaron el Concejo Deliberante"},"content":{"rendered":"<p><img loading=\"lazy\" decoding=\"async\" class=\"alignnone size-full wp-image-193984\" src=\"https:\/\/noticiasmercedinas.com\/site\/wp-content\/uploads\/2026\/09\/IMG_20260903_222711.jpg\" alt=\"\" width=\"720\" height=\"472\" srcset=\"https:\/\/noticiasmercedinas.com\/site\/wp-content\/uploads\/2026\/09\/IMG_20260903_222711.jpg 720w, https:\/\/noticiasmercedinas.com\/site\/wp-content\/uploads\/2026\/09\/IMG_20260903_222711-300x197.jpg 300w, https:\/\/noticiasmercedinas.com\/site\/wp-content\/uploads\/2026\/09\/IMG_20260903_222711-640x420.jpg 640w, https:\/\/noticiasmercedinas.com\/site\/wp-content\/uploads\/2026\/09\/IMG_20260903_222711-681x446.jpg 681w\" sizes=\"auto, (max-width: 720px) 100vw, 720px\" \/><\/p>\n<p>El Honorable Concejo Deliberante (HCD) de Mercedes recibi\u00f3 este jueves a funcionarios y funcionarias del Poder Judicial de la Provincia de Buenos Aires, en el marco de la apertura del XXII Congreso Provincial de Magistrados y Funcionarios.<\/p>\n<p>El inicio de la jornada institucional fue destacado por la presidenta del cuerpo legislativo, Mariana San Mart\u00edn, quien expres\u00f3 su satisfacci\u00f3n por recibir a las delegaciones bonaerenses en la ciudad y acompa\u00f1ar las instancias de debate.<\/p>\n<p>Tras el encuentro en la sede legislativa, la comitiva institucional se traslad\u00f3 al Teatro Argentino Julio C\u00e9sar Gioscio para dar inicio formal al congreso bajo el lema \u201cLa dimensi\u00f3n humana del Poder Judicial: cercan\u00eda y transformaci\u00f3n institucional\u201d.<\/p>\n<p>El espacio fue concebido para debatir la construcci\u00f3n de instituciones judiciales m\u00e1s accesibles, humanas y comprometidas con la comunidad.<\/p>\n<p>La ceremonia cont\u00f3 con la presencia de altas autoridades judiciales y pol\u00edticas de la Provincia y del \u00e1mbito local, entre quienes se destacaron:<\/p>\n<ul>\n<li>Sergio Gabriel Torres, presidente de la Suprema Corte de Justicia bonaerense.<\/li>\n<li>Julio Marcelo Conte Grand, procurador general de la provincia.<\/li>\n<li>Juan Mart\u00edn Mena, ministro de Justicia y Derechos Humanos bonaerense.<\/li>\n<li>Juan Ignacio Ustarroz, intendente municipal de Mercedes.<\/li>\n<li>Mat\u00edas Javier Rappazzo, presidente del Colegio de Magistrados y Funcionarios de la Provincia de Buenos Aires.<\/li>\n<li>Erika Rodr\u00edguez Meroni, presidenta de la Comisi\u00f3n de Funcionarios y Funcionarias del Colegio de Magistrados provincial.<\/li>\n<li>Rafael Gentili, presidente del Colegio de Abogados de la Provincia de Buenos Aires.<\/li>\n<li>Santiago Marchio, presidente del Colegio de Magistrados y Funcionarios de Mercedes.<\/li>\n<\/ul>\n<p><img loading=\"lazy\" decoding=\"async\" class=\"size-full wp-image-193985 aligncenter\" src=\"https:\/\/noticiasmercedinas.com\/site\/wp-content\/uploads\/2026\/09\/IMG_20260903_222623.jpg\" alt=\"\" width=\"564\" height=\"683\" srcset=\"https:\/\/noticiasmercedinas.com\/site\/wp-content\/uploads\/2026\/09\/IMG_20260903_222623.jpg 564w, https:\/\/noticiasmercedinas.com\/site\/wp-content\/uploads\/2026\/09\/IMG_20260903_222623-248x300.jpg 248w\" sizes=\"auto, (max-width: 564px) 100vw, 564px\" \/><\/p>\n","protected":false},"excerpt":{"rendered":"<p>La presidenta del Honorable Concejo Deliberante, Mariana San Mart\u00edn, valor\u00f3 la recepci\u00f3n de autoridades del Poder Judicial bonaerense en el cuerpo legislativo local. La actividad continu\u00f3 en el Teatro Argentino con la participaci\u00f3n de las m\u00e1ximas autoridades de la Justicia provincial y municipal.<\/p>\n","protected":false},"author":16,"featured_media":193984,"comment_status":"closed","ping_status":"closed","sticky":false,"template":"","format":"standard","meta":{"footnotes":""},"categories":[16],"tags":[243,156],"class_list":["post-193982","post","type-post","status-publish","format-standard","has-post-thumbnail","hentry","category-politica","tag-concejo-deliberante","tag-mariana-san-martin"],"yoast_head":"<!-- This site is optimized with the Yoast SEO plugin v28.3 - https:\/\/yoast.com\/product\/yoast-seo-wordpress\/ -->\n<title>Altos funcionarios de la justicia visitaron el Concejo Deliberante<\/title>\n<meta name=\"description\" content=\"La presidenta del Honorable Concejo Deliberante, Mariana San Mart\u00edn, valor\u00f3 la recepci\u00f3n de autoridades del Poder Judicial bonaerense en el cuerpo legislativo local. La actividad continu\u00f3 en el Teatro Argentino con la participaci\u00f3n de las m\u00e1ximas autoridades de la Justicia provincial y municipal.\" \/>\n<meta name=\"robots\" content=\"index, follow, max-snippet:-1, max-image-preview:large, max-video-preview:-1\" \/>\n<link rel=\"canonical\" href=\"https:\/\/noticiasmercedinas.com\/site\/2026\/09\/03\/altos-funcionarios-de-la-justicia-visitaron-el-concejo-deliberante\/\" \/>\n<meta property=\"og:locale\" content=\"es_ES\" \/>\n<meta property=\"og:type\" content=\"article\" \/>\n<meta property=\"og:title\" content=\"Altos funcionarios de la justicia visitaron el Concejo Deliberante\" \/>\n<meta property=\"og:description\" content=\"La presidenta del Honorable Concejo Deliberante, Mariana San Mart\u00edn, valor\u00f3 la recepci\u00f3n de autoridades del Poder Judicial bonaerense en el cuerpo legislativo local. La actividad continu\u00f3 en el Teatro Argentino con la participaci\u00f3n de las m\u00e1ximas autoridades de la Justicia provincial y municipal.\" \/>\n<meta property=\"og:url\" content=\"https:\/\/noticiasmercedinas.com\/site\/2026\/09\/03\/altos-funcionarios-de-la-justicia-visitaron-el-concejo-deliberante\/\" \/>\n<meta property=\"og:site_name\" content=\"NOTICIASMERCEDINAS.COM\" \/>\n<meta property=\"article:publisher\" content=\"https:\/\/www.facebook.com\/noticiasmercedinas\/\" \/>\n<meta property=\"article:published_time\" content=\"2026-09-04T01:33:56+00:00\" \/>\n<meta property=\"og:image\" content=\"https:\/\/noticiasmercedinas.com\/site\/wp-content\/uploads\/2026\/09\/IMG_20260903_222711.jpg\" \/>\n\t<meta property=\"og:image:width\" content=\"720\" \/>\n\t<meta property=\"og:image:height\" content=\"472\" \/>\n\t<meta property=\"og:image:type\" content=\"image\/jpeg\" \/>\n<meta name=\"author\" content=\"NOTICIASMERCEDINAS.COM\" \/>\n<meta name=\"twitter:card\" content=\"summary_large_image\" \/>\n<meta name=\"twitter:creator\" content=\"@notmercedinas\" \/>\n<meta name=\"twitter:site\" content=\"@notmercedinas\" \/>\n<meta name=\"twitter:label1\" content=\"Escrito por\" \/>\n\t<meta name=\"twitter:data1\" content=\"NOTICIASMERCEDINAS.COM\" \/>\n\t<meta name=\"twitter:label2\" content=\"Tiempo de lectura\" \/>\n\t<meta name=\"twitter:data2\" content=\"2 minutos\" \/>\n<script type=\"application\/ld+json\" class=\"yoast-schema-graph\">{\"@context\":\"https:\\\/\\\/schema.org\",\"@graph\":[{\"@type\":\"Article\",\"@id\":\"https:\\\/\\\/noticiasmercedinas.com\\\/site\\\/2026\\\/09\\\/03\\\/altos-funcionarios-de-la-justicia-visitaron-el-concejo-deliberante\\\/#article\",\"isPartOf\":{\"@id\":\"https:\\\/\\\/noticiasmercedinas.com\\\/site\\\/2026\\\/09\\\/03\\\/altos-funcionarios-de-la-justicia-visitaron-el-concejo-deliberante\\\/\"},\"author\":{\"name\":\"NOTICIASMERCEDINAS.COM\",\"@id\":\"https:\\\/\\\/noticiasmercedinas.com\\\/site\\\/#\\\/schema\\\/person\\\/84b59c099c28ff2e8b77d4ceec5d8063\"},\"headline\":\"Altos funcionarios de la justicia visitaron el Concejo Deliberante\",\"datePublished\":\"2026-09-04T01:33:56+00:00\",\"mainEntityOfPage\":{\"@id\":\"https:\\\/\\\/noticiasmercedinas.com\\\/site\\\/2026\\\/09\\\/03\\\/altos-funcionarios-de-la-justicia-visitaron-el-concejo-deliberante\\\/\"},\"wordCount\":268,\"publisher\":{\"@id\":\"https:\\\/\\\/noticiasmercedinas.com\\\/site\\\/#organization\"},\"image\":{\"@id\":\"https:\\\/\\\/noticiasmercedinas.com\\\/site\\\/2026\\\/09\\\/03\\\/altos-funcionarios-de-la-justicia-visitaron-el-concejo-deliberante\\\/#primaryimage\"},\"thumbnailUrl\":\"https:\\\/\\\/noticiasmercedinas.com\\\/site\\\/wp-content\\\/uploads\\\/2026\\\/09\\\/IMG_20260903_222711.jpg\",\"keywords\":[\"concejo deliberante\",\"mariana san martin\"],\"articleSection\":[\"Politica\"],\"inLanguage\":\"es\"},{\"@type\":\"WebPage\",\"@id\":\"https:\\\/\\\/noticiasmercedinas.com\\\/site\\\/2026\\\/09\\\/03\\\/altos-funcionarios-de-la-justicia-visitaron-el-concejo-deliberante\\\/\",\"url\":\"https:\\\/\\\/noticiasmercedinas.com\\\/site\\\/2026\\\/09\\\/03\\\/altos-funcionarios-de-la-justicia-visitaron-el-concejo-deliberante\\\/\",\"name\":\"Altos funcionarios de la justicia visitaron el Concejo Deliberante\",\"isPartOf\":{\"@id\":\"https:\\\/\\\/noticiasmercedinas.com\\\/site\\\/#website\"},\"primaryImageOfPage\":{\"@id\":\"https:\\\/\\\/noticiasmercedinas.com\\\/site\\\/2026\\\/09\\\/03\\\/altos-funcionarios-de-la-justicia-visitaron-el-concejo-deliberante\\\/#primaryimage\"},\"image\":{\"@id\":\"https:\\\/\\\/noticiasmercedinas.com\\\/site\\\/2026\\\/09\\\/03\\\/altos-funcionarios-de-la-justicia-visitaron-el-concejo-deliberante\\\/#primaryimage\"},\"thumbnailUrl\":\"https:\\\/\\\/noticiasmercedinas.com\\\/site\\\/wp-content\\\/uploads\\\/2026\\\/09\\\/IMG_20260903_222711.jpg\",\"datePublished\":\"2026-09-04T01:33:56+00:00\",\"description\":\"La presidenta del Honorable Concejo Deliberante, Mariana San Mart\u00edn, valor\u00f3 la recepci\u00f3n de autoridades del Poder Judicial bonaerense en el cuerpo legislativo local. La actividad continu\u00f3 en el Teatro Argentino con la participaci\u00f3n de las m\u00e1ximas autoridades de la Justicia provincial y municipal.\",\"breadcrumb\":{\"@id\":\"https:\\\/\\\/noticiasmercedinas.com\\\/site\\\/2026\\\/09\\\/03\\\/altos-funcionarios-de-la-justicia-visitaron-el-concejo-deliberante\\\/#breadcrumb\"},\"inLanguage\":\"es\",\"potentialAction\":[{\"@type\":\"ReadAction\",\"target\":[\"https:\\\/\\\/noticiasmercedinas.com\\\/site\\\/2026\\\/09\\\/03\\\/altos-funcionarios-de-la-justicia-visitaron-el-concejo-deliberante\\\/\"]}]},{\"@type\":\"ImageObject\",\"inLanguage\":\"es\",\"@id\":\"https:\\\/\\\/noticiasmercedinas.com\\\/site\\\/2026\\\/09\\\/03\\\/altos-funcionarios-de-la-justicia-visitaron-el-concejo-deliberante\\\/#primaryimage\",\"url\":\"https:\\\/\\\/noticiasmercedinas.com\\\/site\\\/wp-content\\\/uploads\\\/2026\\\/09\\\/IMG_20260903_222711.jpg\",\"contentUrl\":\"https:\\\/\\\/noticiasmercedinas.com\\\/site\\\/wp-content\\\/uploads\\\/2026\\\/09\\\/IMG_20260903_222711.jpg\",\"width\":720,\"height\":472},{\"@type\":\"BreadcrumbList\",\"@id\":\"https:\\\/\\\/noticiasmercedinas.com\\\/site\\\/2026\\\/09\\\/03\\\/altos-funcionarios-de-la-justicia-visitaron-el-concejo-deliberante\\\/#breadcrumb\",\"itemListElement\":[{\"@type\":\"ListItem\",\"position\":1,\"name\":\"Portada\",\"item\":\"https:\\\/\\\/noticiasmercedinas.com\\\/site\\\/\"},{\"@type\":\"ListItem\",\"position\":2,\"name\":\"Altos funcionarios de la justicia visitaron el Concejo Deliberante\"}]},{\"@type\":\"WebSite\",\"@id\":\"https:\\\/\\\/noticiasmercedinas.com\\\/site\\\/#website\",\"url\":\"https:\\\/\\\/noticiasmercedinas.com\\\/site\\\/\",\"name\":\"NOTICIASMERCEDINAS.COM\",\"description\":\"Mercedes, Buenos Aires, Argentina\",\"publisher\":{\"@id\":\"https:\\\/\\\/noticiasmercedinas.com\\\/site\\\/#organization\"},\"potentialAction\":[{\"@type\":\"SearchAction\",\"target\":{\"@type\":\"EntryPoint\",\"urlTemplate\":\"https:\\\/\\\/noticiasmercedinas.com\\\/site\\\/?s={search_term_string}\"},\"query-input\":{\"@type\":\"PropertyValueSpecification\",\"valueRequired\":true,\"valueName\":\"search_term_string\"}}],\"inLanguage\":\"es\"},{\"@type\":\"Organization\",\"@id\":\"https:\\\/\\\/noticiasmercedinas.com\\\/site\\\/#organization\",\"name\":\"NOTICIASMERCEDINAS.COM\",\"url\":\"https:\\\/\\\/noticiasmercedinas.com\\\/site\\\/\",\"logo\":{\"@type\":\"ImageObject\",\"inLanguage\":\"es\",\"@id\":\"https:\\\/\\\/noticiasmercedinas.com\\\/site\\\/#\\\/schema\\\/logo\\\/image\\\/\",\"url\":\"https:\\\/\\\/noticiasmercedinas.com\\\/site\\\/wp-content\\\/uploads\\\/2020\\\/06\\\/LOGO-512.jpg\",\"contentUrl\":\"https:\\\/\\\/noticiasmercedinas.com\\\/site\\\/wp-content\\\/uploads\\\/2020\\\/06\\\/LOGO-512.jpg\",\"width\":512,\"height\":512,\"caption\":\"NOTICIASMERCEDINAS.COM\"},\"image\":{\"@id\":\"https:\\\/\\\/noticiasmercedinas.com\\\/site\\\/#\\\/schema\\\/logo\\\/image\\\/\"},\"sameAs\":[\"https:\\\/\\\/www.facebook.com\\\/noticiasmercedinas\\\/\",\"https:\\\/\\\/x.com\\\/notmercedinas\",\"https:\\\/\\\/www.instagram.com\\\/noticiasmercedinas\\\/\"]},{\"@type\":\"Person\",\"@id\":\"https:\\\/\\\/noticiasmercedinas.com\\\/site\\\/#\\\/schema\\\/person\\\/84b59c099c28ff2e8b77d4ceec5d8063\",\"name\":\"NOTICIASMERCEDINAS.COM\",\"image\":{\"@type\":\"ImageObject\",\"inLanguage\":\"es\",\"@id\":\"https:\\\/\\\/secure.gravatar.com\\\/avatar\\\/4dfbf16b4d17945bfb6341b2d19043457132fcf478a5ee04f42e959fd8f5df0a?s=96&d=mm&r=g\",\"url\":\"https:\\\/\\\/secure.gravatar.com\\\/avatar\\\/4dfbf16b4d17945bfb6341b2d19043457132fcf478a5ee04f42e959fd8f5df0a?s=96&d=mm&r=g\",\"contentUrl\":\"https:\\\/\\\/secure.gravatar.com\\\/avatar\\\/4dfbf16b4d17945bfb6341b2d19043457132fcf478a5ee04f42e959fd8f5df0a?s=96&d=mm&r=g\",\"caption\":\"NOTICIASMERCEDINAS.COM\"},\"url\":\"https:\\\/\\\/noticiasmercedinas.com\\\/site\\\/author\\\/anonimo\\\/\"}]}<\/script>\n<!-- \/ Yoast SEO plugin. -->","yoast_head_json":{"title":"Altos funcionarios de la justicia visitaron el Concejo Deliberante","description":"La presidenta del Honorable Concejo Deliberante, Mariana San Mart\u00edn, valor\u00f3 la recepci\u00f3n de autoridades del Poder Judicial bonaerense en el cuerpo legislativo local. La actividad continu\u00f3 en el Teatro Argentino con la participaci\u00f3n de las m\u00e1ximas autoridades de la Justicia provincial y municipal.","robots":{"index":"index","follow":"follow","max-snippet":"max-snippet:-1","max-image-preview":"max-image-preview:large","max-video-preview":"max-video-preview:-1"},"canonical":"https:\/\/noticiasmercedinas.com\/site\/2026\/09\/03\/altos-funcionarios-de-la-justicia-visitaron-el-concejo-deliberante\/","og_locale":"es_ES","og_type":"article","og_title":"Altos funcionarios de la justicia visitaron el Concejo Deliberante","og_description":"La presidenta del Honorable Concejo Deliberante, Mariana San Mart\u00edn, valor\u00f3 la recepci\u00f3n de autoridades del Poder Judicial bonaerense en el cuerpo legislativo local. La actividad continu\u00f3 en el Teatro Argentino con la participaci\u00f3n de las m\u00e1ximas autoridades de la Justicia provincial y municipal.","og_url":"https:\/\/noticiasmercedinas.com\/site\/2026\/09\/03\/altos-funcionarios-de-la-justicia-visitaron-el-concejo-deliberante\/","og_site_name":"NOTICIASMERCEDINAS.COM","article_publisher":"https:\/\/www.facebook.com\/noticiasmercedinas\/","article_published_time":"2026-09-04T01:33:56+00:00","og_image":[{"width":720,"height":472,"url":"https:\/\/noticiasmercedinas.com\/site\/wp-content\/uploads\/2026\/09\/IMG_20260903_222711.jpg","type":"image\/jpeg"}],"author":"NOTICIASMERCEDINAS.COM","twitter_card":"summary_large_image","twitter_creator":"@notmercedinas","twitter_site":"@notmercedinas","twitter_misc":{"Escrito por":"NOTICIASMERCEDINAS.COM","Tiempo de lectura":"2 minutos"},"schema":{"@context":"https:\/\/schema.org","@graph":[{"@type":"Article","@id":"https:\/\/noticiasmercedinas.com\/site\/2026\/09\/03\/altos-funcionarios-de-la-justicia-visitaron-el-concejo-deliberante\/#article","isPartOf":{"@id":"https:\/\/noticiasmercedinas.com\/site\/2026\/09\/03\/altos-funcionarios-de-la-justicia-visitaron-el-concejo-deliberante\/"},"author":{"name":"NOTICIASMERCEDINAS.COM","@id":"https:\/\/noticiasmercedinas.com\/site\/#\/schema\/person\/84b59c099c28ff2e8b77d4ceec5d8063"},"headline":"Altos funcionarios de la justicia visitaron el Concejo Deliberante","datePublished":"2026-09-04T01:33:56+00:00","mainEntityOfPage":{"@id":"https:\/\/noticiasmercedinas.com\/site\/2026\/09\/03\/altos-funcionarios-de-la-justicia-visitaron-el-concejo-deliberante\/"},"wordCount":268,"publisher":{"@id":"https:\/\/noticiasmercedinas.com\/site\/#organization"},"image":{"@id":"https:\/\/noticiasmercedinas.com\/site\/2026\/09\/03\/altos-funcionarios-de-la-justicia-visitaron-el-concejo-deliberante\/#primaryimage"},"thumbnailUrl":"https:\/\/noticiasmercedinas.com\/site\/wp-content\/uploads\/2026\/09\/IMG_20260903_222711.jpg","keywords":["concejo deliberante","mariana san martin"],"articleSection":["Politica"],"inLanguage":"es"},{"@type":"WebPage","@id":"https:\/\/noticiasmercedinas.com\/site\/2026\/09\/03\/altos-funcionarios-de-la-justicia-visitaron-el-concejo-deliberante\/","url":"https:\/\/noticiasmercedinas.com\/site\/2026\/09\/03\/altos-funcionarios-de-la-justicia-visitaron-el-concejo-deliberante\/","name":"Altos funcionarios de la justicia visitaron el Concejo Deliberante","isPartOf":{"@id":"https:\/\/noticiasmercedinas.com\/site\/#website"},"primaryImageOfPage":{"@id":"https:\/\/noticiasmercedinas.com\/site\/2026\/09\/03\/altos-funcionarios-de-la-justicia-visitaron-el-concejo-deliberante\/#primaryimage"},"image":{"@id":"https:\/\/noticiasmercedinas.com\/site\/2026\/09\/03\/altos-funcionarios-de-la-justicia-visitaron-el-concejo-deliberante\/#primaryimage"},"thumbnailUrl":"https:\/\/noticiasmercedinas.com\/site\/wp-content\/uploads\/2026\/09\/IMG_20260903_222711.jpg","datePublished":"2026-09-04T01:33:56+00:00","description":"La presidenta del Honorable Concejo Deliberante, Mariana San Mart\u00edn, valor\u00f3 la recepci\u00f3n de autoridades del Poder Judicial bonaerense en el cuerpo legislativo local. La actividad continu\u00f3 en el Teatro Argentino con la participaci\u00f3n de las m\u00e1ximas autoridades de la Justicia provincial y municipal.","breadcrumb":{"@id":"https:\/\/noticiasmercedinas.com\/site\/2026\/09\/03\/altos-funcionarios-de-la-justicia-visitaron-el-concejo-deliberante\/#breadcrumb"},"inLanguage":"es","potentialAction":[{"@type":"ReadAction","target":["https:\/\/noticiasmercedinas.com\/site\/2026\/09\/03\/altos-funcionarios-de-la-justicia-visitaron-el-concejo-deliberante\/"]}]},{"@type":"ImageObject","inLanguage":"es","@id":"https:\/\/noticiasmercedinas.com\/site\/2026\/09\/03\/altos-funcionarios-de-la-justicia-visitaron-el-concejo-deliberante\/#primaryimage","url":"https:\/\/noticiasmercedinas.com\/site\/wp-content\/uploads\/2026\/09\/IMG_20260903_222711.jpg","contentUrl":"https:\/\/noticiasmercedinas.com\/site\/wp-content\/uploads\/2026\/09\/IMG_20260903_222711.jpg","width":720,"height":472},{"@type":"BreadcrumbList","@id":"https:\/\/noticiasmercedinas.com\/site\/2026\/09\/03\/altos-funcionarios-de-la-justicia-visitaron-el-concejo-deliberante\/#breadcrumb","itemListElement":[{"@type":"ListItem","position":1,"name":"Portada","item":"https:\/\/noticiasmercedinas.com\/site\/"},{"@type":"ListItem","position":2,"name":"Altos funcionarios de la justicia visitaron el Concejo Deliberante"}]},{"@type":"WebSite","@id":"https:\/\/noticiasmercedinas.com\/site\/#website","url":"https:\/\/noticiasmercedinas.com\/site\/","name":"NOTICIASMERCEDINAS.COM","description":"Mercedes, Buenos Aires, Argentina","publisher":{"@id":"https:\/\/noticiasmercedinas.com\/site\/#organization"},"potentialAction":[{"@type":"SearchAction","target":{"@type":"EntryPoint","urlTemplate":"https:\/\/noticiasmercedinas.com\/site\/?s={search_term_string}"},"query-input":{"@type":"PropertyValueSpecification","valueRequired":true,"valueName":"search_term_string"}}],"inLanguage":"es"},{"@type":"Organization","@id":"https:\/\/noticiasmercedinas.com\/site\/#organization","name":"NOTICIASMERCEDINAS.COM","url":"https:\/\/noticiasmercedinas.com\/site\/","logo":{"@type":"ImageObject","inLanguage":"es","@id":"https:\/\/noticiasmercedinas.com\/site\/#\/schema\/logo\/image\/","url":"https:\/\/noticiasmercedinas.com\/site\/wp-content\/uploads\/2020\/06\/LOGO-512.jpg","contentUrl":"https:\/\/noticiasmercedinas.com\/site\/wp-content\/uploads\/2020\/06\/LOGO-512.jpg","width":512,"height":512,"caption":"NOTICIASMERCEDINAS.COM"},"image":{"@id":"https:\/\/noticiasmercedinas.com\/site\/#\/schema\/logo\/image\/"},"sameAs":["https:\/\/www.facebook.com\/noticiasmercedinas\/","https:\/\/x.com\/notmercedinas","https:\/\/www.instagram.com\/noticiasmercedinas\/"]},{"@type":"Person","@id":"https:\/\/noticiasmercedinas.com\/site\/#\/schema\/person\/84b59c099c28ff2e8b77d4ceec5d8063","name":"NOTICIASMERCEDINAS.COM","image":{"@type":"ImageObject","inLanguage":"es","@id":"https:\/\/secure.gravatar.com\/avatar\/4dfbf16b4d17945bfb6341b2d19043457132fcf478a5ee04f42e959fd8f5df0a?s=96&d=mm&r=g","url":"https:\/\/secure.gravatar.com\/avatar\/4dfbf16b4d17945bfb6341b2d19043457132fcf478a5ee04f42e959fd8f5df0a?s=96&d=mm&r=g","contentUrl":"https:\/\/secure.gravatar.com\/avatar\/4dfbf16b4d17945bfb6341b2d19043457132fcf478a5ee04f42e959fd8f5df0a?s=96&d=mm&r=g","caption":"NOTICIASMERCEDINAS.COM"},"url":"https:\/\/noticiasmercedinas.com\/site\/author\/anonimo\/"}]}},"amp_enabled":true,"_links":{"self":[{"href":"https:\/\/noticiasmercedinas.com\/site\/wp-json\/wp\/v2\/posts\/193982","targetHints":{"allow":["GET"]}}],"collection":[{"href":"https:\/\/noticiasmercedinas.com\/site\/wp-json\/wp\/v2\/posts"}],"about":[{"href":"https:\/\/noticiasmercedinas.com\/site\/wp-json\/wp\/v2\/types\/post"}],"author":[{"embeddable":true,"href":"https:\/\/noticiasmercedinas.com\/site\/wp-json\/wp\/v2\/users\/16"}],"replies":[{"embeddable":true,"href":"https:\/\/noticiasmercedinas.com\/site\/wp-json\/wp\/v2\/comments?post=193982"}],"version-history":[{"count":3,"href":"https:\/\/noticiasmercedinas.com\/site\/wp-json\/wp\/v2\/posts\/193982\/revisions"}],"predecessor-version":[{"id":193987,"href":"https:\/\/noticiasmercedinas.com\/site\/wp-json\/wp\/v2\/posts\/193982\/revisions\/193987"}],"wp:featuredmedia":[{"embeddable":true,"href":"https:\/\/noticiasmercedinas.com\/site\/wp-json\/wp\/v2\/media\/193984"}],"wp:attachment":[{"href":"https:\/\/noticiasmercedinas.com\/site\/wp-json\/wp\/v2\/media?parent=193982"}],"wp:term":[{"taxonomy":"category","embeddable":true,"href":"https:\/\/noticiasmercedinas.com\/site\/wp-json\/wp\/v2\/categories?post=193982"},{"taxonomy":"post_tag","embeddable":true,"href":"https:\/\/noticiasmercedinas.com\/site\/wp-json\/wp\/v2\/tags?post=193982"}],"curies":[{"name":"wp","href":"https:\/\/api.w.org\/{rel}","templated":true}]}}