{"id":194056,"date":"2026-09-04T22:50:20","date_gmt":"2026-09-05T01:50:20","guid":{"rendered":"https:\/\/noticiasmercedinas.com\/site\/?p=194056"},"modified":"2026-09-04T22:50:20","modified_gmt":"2026-09-05T01:50:20","slug":"cambaceres-sorprendio-a-club-mercedes-y-complico-sus-aspiraciones-en-la-primera-c","status":"publish","type":"post","link":"https:\/\/noticiasmercedinas.com\/site\/2026\/09\/04\/cambaceres-sorprendio-a-club-mercedes-y-complico-sus-aspiraciones-en-la-primera-c\/","title":{"rendered":"Cambaceres sorprendi\u00f3 a Club Mercedes y complic\u00f3 sus aspiraciones en la Primera C"},"content":{"rendered":"<figure id=\"attachment_194057\" aria-describedby=\"caption-attachment-194057\" style=\"width: 640px\" class=\"wp-caption alignnone\"><img loading=\"lazy\" decoding=\"async\" class=\"wp-image-194057 size-full\" src=\"https:\/\/noticiasmercedinas.com\/site\/wp-content\/uploads\/2026\/09\/IMG_2896.jpg\" alt=\"\" width=\"640\" height=\"427\" srcset=\"https:\/\/noticiasmercedinas.com\/site\/wp-content\/uploads\/2026\/09\/IMG_2896.jpg 640w, https:\/\/noticiasmercedinas.com\/site\/wp-content\/uploads\/2026\/09\/IMG_2896-300x200.jpg 300w\" sizes=\"auto, (max-width: 640px) 100vw, 640px\" \/><figcaption id=\"caption-attachment-194057\" class=\"wp-caption-text\">Cambaceres, se esforz\u00f3 en rechazar toda pelota en el \u00e1rea ante los intentod locales.<\/figcaption><\/figure>\n<p>En el marco de la 27\u00b0 fecha de la Zona A en la Primera C, Defensores de Cambaceres derrot\u00f3 este viernes 4 de septiembre como visitante a Club Mercedes por 3-0 en la cancha de la Liga Mercedina. La contundencia del equipo de Ensenada dej\u00f3 sin respuestas al conjunto local, que desperdici\u00f3 la oportunidad de hacerse fuerte en casa y qued\u00f3 relegado en la lucha por ingresar al Torneo Reducido.<\/p>\n<p data-path-to-node=\"4\">Desde el inicio del encuentro, la visita impuso condiciones. Apenas a los 5 minutos del primer tiempo, Meschini conect\u00f3 de cabeza un tiro libre lanzado desde el medio campo para abrir el marcador. La reacci\u00f3n de Mercedes existi\u00f3: fue en un remate elevado de Pineda a los 20&#8242; tras un rebote del arquero visitante Duba, Cambaceres volvi\u00f3 a golpear inmediatamente. A los 21&#8242;, Fern\u00e1ndez Gerzel sac\u00f3 un potente disparo desde fuera del \u00e1rea que estir\u00f3 la ventaja a dos goles.<\/p>\n<p><img loading=\"lazy\" decoding=\"async\" class=\"alignnone size-full wp-image-194058\" src=\"https:\/\/noticiasmercedinas.com\/site\/wp-content\/uploads\/2026\/09\/IMG_2944.jpg\" alt=\"\" width=\"640\" height=\"427\" srcset=\"https:\/\/noticiasmercedinas.com\/site\/wp-content\/uploads\/2026\/09\/IMG_2944.jpg 640w, https:\/\/noticiasmercedinas.com\/site\/wp-content\/uploads\/2026\/09\/IMG_2944-300x200.jpg 300w\" sizes=\"auto, (max-width: 640px) 100vw, 640px\" \/><\/p>\n<p data-path-to-node=\"5\">El desarrollo de la primera parte estuvo marcado por la falta de eficacia local y fallos arbitrales pol\u00e9micos a cargo del colegiado Milessi. A Mercedes no le sancionaron un claro penal sobre Pineda dentro del \u00e1rea, mientras que un tiro libre ejecutado por Amado impact\u00f3 en el travesa\u00f1o antes del descanso.<\/p>\n<p data-path-to-node=\"6\">En el complemento, la t\u00f3nica no se modific\u00f3. Aunque el entrenador visitante Ortiz realiz\u00f3 variantes para resguardar futbolistas sin alterar su esquema ofensivo, Cambaceres sentenci\u00f3 la historia a los 28 minutos con un gol del ingresado Garc\u00eda tras un desajuste en la defensa mercedina. Mercedes careci\u00f3 de ideas para descontar en el tramo final, en medio de un arbitraje permisivo que omiti\u00f3 tarjetas y sancion\u00f3 de forma err\u00f3nea varias acciones divididas. Adem\u00e1s, olvid\u00f3 detener el juego a los 10&#8242; minutos, algo que hab\u00eda propuesto la AFA ante el anuncio del retiro de ls Selecci\u00f3n de Messi.<\/p>\n<p><img loading=\"lazy\" decoding=\"async\" class=\"alignnone size-full wp-image-194059\" src=\"https:\/\/noticiasmercedinas.com\/site\/wp-content\/uploads\/2026\/09\/IMG_2869.jpg\" alt=\"\" width=\"640\" height=\"427\" srcset=\"https:\/\/noticiasmercedinas.com\/site\/wp-content\/uploads\/2026\/09\/IMG_2869.jpg 640w, https:\/\/noticiasmercedinas.com\/site\/wp-content\/uploads\/2026\/09\/IMG_2869-300x200.jpg 300w\" sizes=\"auto, (max-width: 640px) 100vw, 640px\" \/><\/p>\n<p data-path-to-node=\"7\">Con esta derrota, el equipo de Mercedes deber\u00e1 esperar otros resultados para determinar su posici\u00f3n en la tabla, sabiendo que hoy se ubica fuera de los puestos de clasificaci\u00f3n al Reducido. Su pr\u00f3ximo compromiso ser\u00e1 el venidero jueves, cuando reciba a Deportivo Espa\u00f1ol por la 28\u00b0 fecha en el marco de los partidos interzonales.<\/p>\n<p><strong>Tres bajas de peso<br \/>\n<\/strong>A la dura ca\u00edda sufrida ante Cambaceres se suma un panorama complejo en el parte m\u00e9dico de Mercedes de cara a las \u00faltimas cinco jornadas del torneo. El delantero Juan Cruz Vera Borda continuar\u00e1 al menos dos semanas m\u00e1s marginado de las canchas mientras se recupera de una fractura en su mano izquierda. Asimismo, el lateral izquierdo Facundo Alani no sum\u00f3 minutos por lesi\u00f3n, mientras que Dante D\u00edaz qued\u00f3 al margen de la convocatoria tras sufrir una molestia f\u00edsica durante los entrenamientos de la semana.<\/p>\n<p><strong>Club Mercedes 0:<\/strong> Iv\u00e1n Casco, Hern\u00e1n Pineda, Rodrigo Torres, M\u00e1ximo Chan, Maximiliano Pighin, Mart\u00edn Zuccaro, Lisandro S\u00e1nchez Olmos, Tom\u00e1s Chaparro, Francisco Ruiz, Leandro Amado y Emmanuel Murillo. <strong>DT:<\/strong> Oscar Mena. <strong>Relevos:<\/strong> Kevin Semeniuk, Sabino Redondi, Juan Manuel Culio y Rom\u00e1n L\u00f3pez.<\/p>\n<p><strong>Defensores de Cambaceres 3:<\/strong> Emanuel Duba, Fernando Fajardo, Sergio Luayza, Mariano Alderetes, Mauricio Romero, Juan Trent\u00edn, Facundo Aronna, Dago S\u00e1nchez Palencia, Carlos Schmidt, Rodolfo Fern\u00e1ndez Gerzel y Alan Meschini. <strong>DT:<\/strong> Hern\u00e1n Ortiz. Relevos:<br \/>\n<strong><br \/>\nGoles en el PT: <\/strong>A los 5\u2019 Meschini y a los 21\u2019 Fern\u00e1ndez Gerzel para Cambaceres.<br \/>\n<strong>Goles en el ST:<\/strong> A los 28\u2019 Garc\u00eda para Cambaceres.<strong><br \/>\nCambios en el ST: <\/strong>Tiziano Garc\u00eda por Luayza y Santiago D\u00edaz por Schmidt, 13\u2019 V\u00edctor G\u00f3mez por Aronna en Cambaceres, 16\u2019 Gonzalo Ca\u00f1ete por Murillo y Franco Ortigosa por Pigh\u00edn en Club Mercedes, 27\u2019 Carlos Raga por Meschini en Cambaceres, Juan Rom\u00e1n L\u00f3pez por Chaparro, 35\u2019 Arturo Mendoza por S\u00e1nchez Olmos y Mateo Blanco por Amado en Club Mercedes, 36\u2019 Benjam\u00edn Gonz\u00e1lez por Romero en Cambaceres.<br \/>\n<strong>\u00c1rbitro: <\/strong>Sebasti\u00e1n Milessi.<\/p>\n<p><strong><img loading=\"lazy\" decoding=\"async\" class=\"alignnone size-full wp-image-194060\" src=\"https:\/\/noticiasmercedinas.com\/site\/wp-content\/uploads\/2026\/09\/Primera-C-2026-3.jpg\" alt=\"\" width=\"640\" height=\"817\" srcset=\"https:\/\/noticiasmercedinas.com\/site\/wp-content\/uploads\/2026\/09\/Primera-C-2026-3.jpg 640w, https:\/\/noticiasmercedinas.com\/site\/wp-content\/uploads\/2026\/09\/Primera-C-2026-3-235x300.jpg 235w\" sizes=\"auto, (max-width: 640px) 100vw, 640px\" \/><\/p>\n<p>Lo que viene<br \/>\nS\u00e1bado 5<br \/>\n<\/strong>A las 15 Centro Espa\u00f1ol vs. Sacachispas (en Ituzaing\u00f3).<strong><br \/>\n<\/strong>A las 15 Victoriano Arenas vs. Argentino (Rosario).<strong><br \/>\n<\/strong><br \/>\n<strong>Domingo 6<\/strong><br \/>\nA las 15 Puerto Nuevo vs. Lugano.<br \/>\nA las 15 Deportivo Paraguayo vs. Leandro N. Alem.<br \/>\nA las 15 JJ Urquiza vs. Juventud Unida.<br \/>\nA las 11 Berazategui vs. Estrella del Sur.<\/p>\n<p><strong>Zona B<br \/>\nYupanqui 0.<br \/>\nLeones FC 1: <\/strong>Cristian Benosso.<\/p>\n<p><strong>S\u00e1bado 5<\/strong><br \/>\nA las 15 Central C\u00f3rdoba vs. El Porvenir.<\/p>\n<p><strong>Domingo 6<\/strong><br \/>\nA las 15 Atlas vs. General Lamadrid.<br \/>\nA las 15 Ca\u00f1uelas vs. Luj\u00e1n.<br \/>\nA las 15 Deportivo Espa\u00f1ol vs. F\u00e9nix.<\/p>\n<p><strong>Lunes 7<\/strong><br \/>\nA las 15 Deportivo Mu\u00f1iz vs. Sportivo Barracas (en Puerto Nuevo).<\/p>\n<p><strong>Martes 8<\/strong><br \/>\nA las 15 Claypole vs. Central Ballester.<\/p>\n","protected":false},"excerpt":{"rendered":"<p>\u25a0El conjunto de Ensenada se impuso por 3-0 en la cancha de la Liga Mercedina por la 27\u00b0 fecha. Con este resultado, el \u00abBlanquinegro\u00bb qued\u00f3 moment\u00e1neamente fuera de la zona de Reducido y acumula tres bajas clave por lesi\u00f3n.<\/p>\n","protected":false},"author":6,"featured_media":194057,"comment_status":"closed","ping_status":"closed","sticky":false,"template":"","format":"standard","meta":{"footnotes":""},"categories":[5],"tags":[6424,135,14747,6434],"class_list":["post-194056","post","type-post","status-publish","format-standard","has-post-thumbnail","hentry","category-deportes","tag-afa","tag-club-mercedes","tag-defensores-de-cambaceres","tag-primera-c"],"yoast_head":"<!-- This site is optimized with the Yoast SEO plugin v28.4 - https:\/\/yoast.com\/product\/yoast-seo-wordpress\/ -->\n<title>Cambaceres sorprendi\u00f3 a Club Mercedes y complic\u00f3 sus aspiraciones en la Primera C<\/title>\n<meta name=\"robots\" content=\"index, follow, max-snippet:-1, max-image-preview:large, max-video-preview:-1\" \/>\n<link rel=\"canonical\" href=\"https:\/\/noticiasmercedinas.com\/site\/2026\/09\/04\/cambaceres-sorprendio-a-club-mercedes-y-complico-sus-aspiraciones-en-la-primera-c\/\" \/>\n<meta property=\"og:locale\" content=\"es_ES\" \/>\n<meta property=\"og:type\" content=\"article\" \/>\n<meta property=\"og:title\" content=\"Cambaceres sorprendi\u00f3 a Club Mercedes y complic\u00f3 sus aspiraciones en la Primera C\" \/>\n<meta property=\"og:description\" content=\"\u25a0El conjunto de Ensenada se impuso por 3-0 en la cancha de la Liga Mercedina por la 27\u00b0 fecha. Con este resultado, el &quot;Blanquinegro&quot; qued\u00f3 moment\u00e1neamente fuera de la zona de Reducido y acumula tres bajas clave por lesi\u00f3n.\" \/>\n<meta property=\"og:url\" content=\"https:\/\/noticiasmercedinas.com\/site\/2026\/09\/04\/cambaceres-sorprendio-a-club-mercedes-y-complico-sus-aspiraciones-en-la-primera-c\/\" \/>\n<meta property=\"og:site_name\" content=\"NOTICIASMERCEDINAS.COM\" \/>\n<meta property=\"article:publisher\" content=\"https:\/\/www.facebook.com\/noticiasmercedinas\/\" \/>\n<meta property=\"article:published_time\" content=\"2026-09-05T01:50:20+00:00\" \/>\n<meta property=\"og:image\" content=\"https:\/\/noticiasmercedinas.com\/site\/wp-content\/uploads\/2026\/09\/IMG_2896.jpg\" \/>\n\t<meta property=\"og:image:width\" content=\"640\" \/>\n\t<meta property=\"og:image:height\" content=\"427\" \/>\n\t<meta property=\"og:image:type\" content=\"image\/jpeg\" \/>\n<meta name=\"author\" content=\"Juan Dagnino NOTICIASMERCEDINAS.COM\" \/>\n<meta name=\"twitter:card\" content=\"summary_large_image\" \/>\n<meta name=\"twitter:creator\" content=\"@notmercedinas\" \/>\n<meta name=\"twitter:site\" content=\"@notmercedinas\" \/>\n<meta name=\"twitter:label1\" content=\"Escrito por\" \/>\n\t<meta name=\"twitter:data1\" content=\"Juan Dagnino NOTICIASMERCEDINAS.COM\" \/>\n\t<meta name=\"twitter:label2\" content=\"Tiempo de lectura\" \/>\n\t<meta name=\"twitter:data2\" content=\"5 minutos\" \/>\n<script type=\"application\/ld+json\" class=\"yoast-schema-graph\">{\"@context\":\"https:\\\/\\\/schema.org\",\"@graph\":[{\"@type\":\"Article\",\"@id\":\"https:\\\/\\\/noticiasmercedinas.com\\\/site\\\/2026\\\/09\\\/04\\\/cambaceres-sorprendio-a-club-mercedes-y-complico-sus-aspiraciones-en-la-primera-c\\\/#article\",\"isPartOf\":{\"@id\":\"https:\\\/\\\/noticiasmercedinas.com\\\/site\\\/2026\\\/09\\\/04\\\/cambaceres-sorprendio-a-club-mercedes-y-complico-sus-aspiraciones-en-la-primera-c\\\/\"},\"author\":{\"name\":\"Juan Dagnino NOTICIASMERCEDINAS.COM\",\"@id\":\"https:\\\/\\\/noticiasmercedinas.com\\\/site\\\/#\\\/schema\\\/person\\\/8f2f09d666ef40986eba4a5e6f2a06f9\"},\"headline\":\"Cambaceres sorprendi\u00f3 a Club Mercedes y complic\u00f3 sus aspiraciones en la Primera C\",\"datePublished\":\"2026-09-05T01:50:20+00:00\",\"mainEntityOfPage\":{\"@id\":\"https:\\\/\\\/noticiasmercedinas.com\\\/site\\\/2026\\\/09\\\/04\\\/cambaceres-sorprendio-a-club-mercedes-y-complico-sus-aspiraciones-en-la-primera-c\\\/\"},\"wordCount\":779,\"publisher\":{\"@id\":\"https:\\\/\\\/noticiasmercedinas.com\\\/site\\\/#organization\"},\"image\":{\"@id\":\"https:\\\/\\\/noticiasmercedinas.com\\\/site\\\/2026\\\/09\\\/04\\\/cambaceres-sorprendio-a-club-mercedes-y-complico-sus-aspiraciones-en-la-primera-c\\\/#primaryimage\"},\"thumbnailUrl\":\"https:\\\/\\\/noticiasmercedinas.com\\\/site\\\/wp-content\\\/uploads\\\/2026\\\/09\\\/IMG_2896.jpg\",\"keywords\":[\"AFA\",\"club mercedes\",\"Defensores de Cambaceres\",\"Primera C\"],\"articleSection\":[\"Deportes\"],\"inLanguage\":\"es\"},{\"@type\":\"WebPage\",\"@id\":\"https:\\\/\\\/noticiasmercedinas.com\\\/site\\\/2026\\\/09\\\/04\\\/cambaceres-sorprendio-a-club-mercedes-y-complico-sus-aspiraciones-en-la-primera-c\\\/\",\"url\":\"https:\\\/\\\/noticiasmercedinas.com\\\/site\\\/2026\\\/09\\\/04\\\/cambaceres-sorprendio-a-club-mercedes-y-complico-sus-aspiraciones-en-la-primera-c\\\/\",\"name\":\"Cambaceres sorprendi\u00f3 a Club Mercedes y complic\u00f3 sus aspiraciones en la Primera C\",\"isPartOf\":{\"@id\":\"https:\\\/\\\/noticiasmercedinas.com\\\/site\\\/#website\"},\"primaryImageOfPage\":{\"@id\":\"https:\\\/\\\/noticiasmercedinas.com\\\/site\\\/2026\\\/09\\\/04\\\/cambaceres-sorprendio-a-club-mercedes-y-complico-sus-aspiraciones-en-la-primera-c\\\/#primaryimage\"},\"image\":{\"@id\":\"https:\\\/\\\/noticiasmercedinas.com\\\/site\\\/2026\\\/09\\\/04\\\/cambaceres-sorprendio-a-club-mercedes-y-complico-sus-aspiraciones-en-la-primera-c\\\/#primaryimage\"},\"thumbnailUrl\":\"https:\\\/\\\/noticiasmercedinas.com\\\/site\\\/wp-content\\\/uploads\\\/2026\\\/09\\\/IMG_2896.jpg\",\"datePublished\":\"2026-09-05T01:50:20+00:00\",\"breadcrumb\":{\"@id\":\"https:\\\/\\\/noticiasmercedinas.com\\\/site\\\/2026\\\/09\\\/04\\\/cambaceres-sorprendio-a-club-mercedes-y-complico-sus-aspiraciones-en-la-primera-c\\\/#breadcrumb\"},\"inLanguage\":\"es\",\"potentialAction\":[{\"@type\":\"ReadAction\",\"target\":[\"https:\\\/\\\/noticiasmercedinas.com\\\/site\\\/2026\\\/09\\\/04\\\/cambaceres-sorprendio-a-club-mercedes-y-complico-sus-aspiraciones-en-la-primera-c\\\/\"]}]},{\"@type\":\"ImageObject\",\"inLanguage\":\"es\",\"@id\":\"https:\\\/\\\/noticiasmercedinas.com\\\/site\\\/2026\\\/09\\\/04\\\/cambaceres-sorprendio-a-club-mercedes-y-complico-sus-aspiraciones-en-la-primera-c\\\/#primaryimage\",\"url\":\"https:\\\/\\\/noticiasmercedinas.com\\\/site\\\/wp-content\\\/uploads\\\/2026\\\/09\\\/IMG_2896.jpg\",\"contentUrl\":\"https:\\\/\\\/noticiasmercedinas.com\\\/site\\\/wp-content\\\/uploads\\\/2026\\\/09\\\/IMG_2896.jpg\",\"width\":640,\"height\":427},{\"@type\":\"BreadcrumbList\",\"@id\":\"https:\\\/\\\/noticiasmercedinas.com\\\/site\\\/2026\\\/09\\\/04\\\/cambaceres-sorprendio-a-club-mercedes-y-complico-sus-aspiraciones-en-la-primera-c\\\/#breadcrumb\",\"itemListElement\":[{\"@type\":\"ListItem\",\"position\":1,\"name\":\"Portada\",\"item\":\"https:\\\/\\\/noticiasmercedinas.com\\\/site\\\/\"},{\"@type\":\"ListItem\",\"position\":2,\"name\":\"Cambaceres sorprendi\u00f3 a Club Mercedes y complic\u00f3 sus aspiraciones en la Primera C\"}]},{\"@type\":\"WebSite\",\"@id\":\"https:\\\/\\\/noticiasmercedinas.com\\\/site\\\/#website\",\"url\":\"https:\\\/\\\/noticiasmercedinas.com\\\/site\\\/\",\"name\":\"NOTICIASMERCEDINAS.COM\",\"description\":\"Mercedes, Buenos Aires, Argentina\",\"publisher\":{\"@id\":\"https:\\\/\\\/noticiasmercedinas.com\\\/site\\\/#organization\"},\"potentialAction\":[{\"@type\":\"SearchAction\",\"target\":{\"@type\":\"EntryPoint\",\"urlTemplate\":\"https:\\\/\\\/noticiasmercedinas.com\\\/site\\\/?s={search_term_string}\"},\"query-input\":{\"@type\":\"PropertyValueSpecification\",\"valueRequired\":true,\"valueName\":\"search_term_string\"}}],\"inLanguage\":\"es\"},{\"@type\":\"Organization\",\"@id\":\"https:\\\/\\\/noticiasmercedinas.com\\\/site\\\/#organization\",\"name\":\"NOTICIASMERCEDINAS.COM\",\"url\":\"https:\\\/\\\/noticiasmercedinas.com\\\/site\\\/\",\"logo\":{\"@type\":\"ImageObject\",\"inLanguage\":\"es\",\"@id\":\"https:\\\/\\\/noticiasmercedinas.com\\\/site\\\/#\\\/schema\\\/logo\\\/image\\\/\",\"url\":\"https:\\\/\\\/noticiasmercedinas.com\\\/site\\\/wp-content\\\/uploads\\\/2020\\\/06\\\/LOGO-512.jpg\",\"contentUrl\":\"https:\\\/\\\/noticiasmercedinas.com\\\/site\\\/wp-content\\\/uploads\\\/2020\\\/06\\\/LOGO-512.jpg\",\"width\":512,\"height\":512,\"caption\":\"NOTICIASMERCEDINAS.COM\"},\"image\":{\"@id\":\"https:\\\/\\\/noticiasmercedinas.com\\\/site\\\/#\\\/schema\\\/logo\\\/image\\\/\"},\"sameAs\":[\"https:\\\/\\\/www.facebook.com\\\/noticiasmercedinas\\\/\",\"https:\\\/\\\/x.com\\\/notmercedinas\",\"https:\\\/\\\/www.instagram.com\\\/noticiasmercedinas\\\/\"]},{\"@type\":\"Person\",\"@id\":\"https:\\\/\\\/noticiasmercedinas.com\\\/site\\\/#\\\/schema\\\/person\\\/8f2f09d666ef40986eba4a5e6f2a06f9\",\"name\":\"Juan Dagnino NOTICIASMERCEDINAS.COM\",\"image\":{\"@type\":\"ImageObject\",\"inLanguage\":\"es\",\"@id\":\"https:\\\/\\\/secure.gravatar.com\\\/avatar\\\/fc7059a769f5a3cae65fadb228a3e4accf3a64b4b2305020d0a27e6d5333c91b?s=96&d=mm&r=g\",\"url\":\"https:\\\/\\\/secure.gravatar.com\\\/avatar\\\/fc7059a769f5a3cae65fadb228a3e4accf3a64b4b2305020d0a27e6d5333c91b?s=96&d=mm&r=g\",\"contentUrl\":\"https:\\\/\\\/secure.gravatar.com\\\/avatar\\\/fc7059a769f5a3cae65fadb228a3e4accf3a64b4b2305020d0a27e6d5333c91b?s=96&d=mm&r=g\",\"caption\":\"Juan Dagnino NOTICIASMERCEDINAS.COM\"},\"url\":\"https:\\\/\\\/noticiasmercedinas.com\\\/site\\\/author\\\/juandagnino\\\/\"}]}<\/script>\n<!-- \/ Yoast SEO plugin. -->","yoast_head_json":{"title":"Cambaceres sorprendi\u00f3 a Club Mercedes y complic\u00f3 sus aspiraciones en la Primera C","robots":{"index":"index","follow":"follow","max-snippet":"max-snippet:-1","max-image-preview":"max-image-preview:large","max-video-preview":"max-video-preview:-1"},"canonical":"https:\/\/noticiasmercedinas.com\/site\/2026\/09\/04\/cambaceres-sorprendio-a-club-mercedes-y-complico-sus-aspiraciones-en-la-primera-c\/","og_locale":"es_ES","og_type":"article","og_title":"Cambaceres sorprendi\u00f3 a Club Mercedes y complic\u00f3 sus aspiraciones en la Primera C","og_description":"\u25a0El conjunto de Ensenada se impuso por 3-0 en la cancha de la Liga Mercedina por la 27\u00b0 fecha. Con este resultado, el \"Blanquinegro\" qued\u00f3 moment\u00e1neamente fuera de la zona de Reducido y acumula tres bajas clave por lesi\u00f3n.","og_url":"https:\/\/noticiasmercedinas.com\/site\/2026\/09\/04\/cambaceres-sorprendio-a-club-mercedes-y-complico-sus-aspiraciones-en-la-primera-c\/","og_site_name":"NOTICIASMERCEDINAS.COM","article_publisher":"https:\/\/www.facebook.com\/noticiasmercedinas\/","article_published_time":"2026-09-05T01:50:20+00:00","og_image":[{"width":640,"height":427,"url":"https:\/\/noticiasmercedinas.com\/site\/wp-content\/uploads\/2026\/09\/IMG_2896.jpg","type":"image\/jpeg"}],"author":"Juan Dagnino NOTICIASMERCEDINAS.COM","twitter_card":"summary_large_image","twitter_creator":"@notmercedinas","twitter_site":"@notmercedinas","twitter_misc":{"Escrito por":"Juan Dagnino NOTICIASMERCEDINAS.COM","Tiempo de lectura":"5 minutos"},"schema":{"@context":"https:\/\/schema.org","@graph":[{"@type":"Article","@id":"https:\/\/noticiasmercedinas.com\/site\/2026\/09\/04\/cambaceres-sorprendio-a-club-mercedes-y-complico-sus-aspiraciones-en-la-primera-c\/#article","isPartOf":{"@id":"https:\/\/noticiasmercedinas.com\/site\/2026\/09\/04\/cambaceres-sorprendio-a-club-mercedes-y-complico-sus-aspiraciones-en-la-primera-c\/"},"author":{"name":"Juan Dagnino NOTICIASMERCEDINAS.COM","@id":"https:\/\/noticiasmercedinas.com\/site\/#\/schema\/person\/8f2f09d666ef40986eba4a5e6f2a06f9"},"headline":"Cambaceres sorprendi\u00f3 a Club Mercedes y complic\u00f3 sus aspiraciones en la Primera C","datePublished":"2026-09-05T01:50:20+00:00","mainEntityOfPage":{"@id":"https:\/\/noticiasmercedinas.com\/site\/2026\/09\/04\/cambaceres-sorprendio-a-club-mercedes-y-complico-sus-aspiraciones-en-la-primera-c\/"},"wordCount":779,"publisher":{"@id":"https:\/\/noticiasmercedinas.com\/site\/#organization"},"image":{"@id":"https:\/\/noticiasmercedinas.com\/site\/2026\/09\/04\/cambaceres-sorprendio-a-club-mercedes-y-complico-sus-aspiraciones-en-la-primera-c\/#primaryimage"},"thumbnailUrl":"https:\/\/noticiasmercedinas.com\/site\/wp-content\/uploads\/2026\/09\/IMG_2896.jpg","keywords":["AFA","club mercedes","Defensores de Cambaceres","Primera C"],"articleSection":["Deportes"],"inLanguage":"es"},{"@type":"WebPage","@id":"https:\/\/noticiasmercedinas.com\/site\/2026\/09\/04\/cambaceres-sorprendio-a-club-mercedes-y-complico-sus-aspiraciones-en-la-primera-c\/","url":"https:\/\/noticiasmercedinas.com\/site\/2026\/09\/04\/cambaceres-sorprendio-a-club-mercedes-y-complico-sus-aspiraciones-en-la-primera-c\/","name":"Cambaceres sorprendi\u00f3 a Club Mercedes y complic\u00f3 sus aspiraciones en la Primera C","isPartOf":{"@id":"https:\/\/noticiasmercedinas.com\/site\/#website"},"primaryImageOfPage":{"@id":"https:\/\/noticiasmercedinas.com\/site\/2026\/09\/04\/cambaceres-sorprendio-a-club-mercedes-y-complico-sus-aspiraciones-en-la-primera-c\/#primaryimage"},"image":{"@id":"https:\/\/noticiasmercedinas.com\/site\/2026\/09\/04\/cambaceres-sorprendio-a-club-mercedes-y-complico-sus-aspiraciones-en-la-primera-c\/#primaryimage"},"thumbnailUrl":"https:\/\/noticiasmercedinas.com\/site\/wp-content\/uploads\/2026\/09\/IMG_2896.jpg","datePublished":"2026-09-05T01:50:20+00:00","breadcrumb":{"@id":"https:\/\/noticiasmercedinas.com\/site\/2026\/09\/04\/cambaceres-sorprendio-a-club-mercedes-y-complico-sus-aspiraciones-en-la-primera-c\/#breadcrumb"},"inLanguage":"es","potentialAction":[{"@type":"ReadAction","target":["https:\/\/noticiasmercedinas.com\/site\/2026\/09\/04\/cambaceres-sorprendio-a-club-mercedes-y-complico-sus-aspiraciones-en-la-primera-c\/"]}]},{"@type":"ImageObject","inLanguage":"es","@id":"https:\/\/noticiasmercedinas.com\/site\/2026\/09\/04\/cambaceres-sorprendio-a-club-mercedes-y-complico-sus-aspiraciones-en-la-primera-c\/#primaryimage","url":"https:\/\/noticiasmercedinas.com\/site\/wp-content\/uploads\/2026\/09\/IMG_2896.jpg","contentUrl":"https:\/\/noticiasmercedinas.com\/site\/wp-content\/uploads\/2026\/09\/IMG_2896.jpg","width":640,"height":427},{"@type":"BreadcrumbList","@id":"https:\/\/noticiasmercedinas.com\/site\/2026\/09\/04\/cambaceres-sorprendio-a-club-mercedes-y-complico-sus-aspiraciones-en-la-primera-c\/#breadcrumb","itemListElement":[{"@type":"ListItem","position":1,"name":"Portada","item":"https:\/\/noticiasmercedinas.com\/site\/"},{"@type":"ListItem","position":2,"name":"Cambaceres sorprendi\u00f3 a Club Mercedes y complic\u00f3 sus aspiraciones en la Primera C"}]},{"@type":"WebSite","@id":"https:\/\/noticiasmercedinas.com\/site\/#website","url":"https:\/\/noticiasmercedinas.com\/site\/","name":"NOTICIASMERCEDINAS.COM","description":"Mercedes, Buenos Aires, Argentina","publisher":{"@id":"https:\/\/noticiasmercedinas.com\/site\/#organization"},"potentialAction":[{"@type":"SearchAction","target":{"@type":"EntryPoint","urlTemplate":"https:\/\/noticiasmercedinas.com\/site\/?s={search_term_string}"},"query-input":{"@type":"PropertyValueSpecification","valueRequired":true,"valueName":"search_term_string"}}],"inLanguage":"es"},{"@type":"Organization","@id":"https:\/\/noticiasmercedinas.com\/site\/#organization","name":"NOTICIASMERCEDINAS.COM","url":"https:\/\/noticiasmercedinas.com\/site\/","logo":{"@type":"ImageObject","inLanguage":"es","@id":"https:\/\/noticiasmercedinas.com\/site\/#\/schema\/logo\/image\/","url":"https:\/\/noticiasmercedinas.com\/site\/wp-content\/uploads\/2020\/06\/LOGO-512.jpg","contentUrl":"https:\/\/noticiasmercedinas.com\/site\/wp-content\/uploads\/2020\/06\/LOGO-512.jpg","width":512,"height":512,"caption":"NOTICIASMERCEDINAS.COM"},"image":{"@id":"https:\/\/noticiasmercedinas.com\/site\/#\/schema\/logo\/image\/"},"sameAs":["https:\/\/www.facebook.com\/noticiasmercedinas\/","https:\/\/x.com\/notmercedinas","https:\/\/www.instagram.com\/noticiasmercedinas\/"]},{"@type":"Person","@id":"https:\/\/noticiasmercedinas.com\/site\/#\/schema\/person\/8f2f09d666ef40986eba4a5e6f2a06f9","name":"Juan Dagnino NOTICIASMERCEDINAS.COM","image":{"@type":"ImageObject","inLanguage":"es","@id":"https:\/\/secure.gravatar.com\/avatar\/fc7059a769f5a3cae65fadb228a3e4accf3a64b4b2305020d0a27e6d5333c91b?s=96&d=mm&r=g","url":"https:\/\/secure.gravatar.com\/avatar\/fc7059a769f5a3cae65fadb228a3e4accf3a64b4b2305020d0a27e6d5333c91b?s=96&d=mm&r=g","contentUrl":"https:\/\/secure.gravatar.com\/avatar\/fc7059a769f5a3cae65fadb228a3e4accf3a64b4b2305020d0a27e6d5333c91b?s=96&d=mm&r=g","caption":"Juan Dagnino NOTICIASMERCEDINAS.COM"},"url":"https:\/\/noticiasmercedinas.com\/site\/author\/juandagnino\/"}]}},"amp_enabled":true,"_links":{"self":[{"href":"https:\/\/noticiasmercedinas.com\/site\/wp-json\/wp\/v2\/posts\/194056","targetHints":{"allow":["GET"]}}],"collection":[{"href":"https:\/\/noticiasmercedinas.com\/site\/wp-json\/wp\/v2\/posts"}],"about":[{"href":"https:\/\/noticiasmercedinas.com\/site\/wp-json\/wp\/v2\/types\/post"}],"author":[{"embeddable":true,"href":"https:\/\/noticiasmercedinas.com\/site\/wp-json\/wp\/v2\/users\/6"}],"replies":[{"embeddable":true,"href":"https:\/\/noticiasmercedinas.com\/site\/wp-json\/wp\/v2\/comments?post=194056"}],"version-history":[{"count":1,"href":"https:\/\/noticiasmercedinas.com\/site\/wp-json\/wp\/v2\/posts\/194056\/revisions"}],"predecessor-version":[{"id":194061,"href":"https:\/\/noticiasmercedinas.com\/site\/wp-json\/wp\/v2\/posts\/194056\/revisions\/194061"}],"wp:featuredmedia":[{"embeddable":true,"href":"https:\/\/noticiasmercedinas.com\/site\/wp-json\/wp\/v2\/media\/194057"}],"wp:attachment":[{"href":"https:\/\/noticiasmercedinas.com\/site\/wp-json\/wp\/v2\/media?parent=194056"}],"wp:term":[{"taxonomy":"category","embeddable":true,"href":"https:\/\/noticiasmercedinas.com\/site\/wp-json\/wp\/v2\/categories?post=194056"},{"taxonomy":"post_tag","embeddable":true,"href":"https:\/\/noticiasmercedinas.com\/site\/wp-json\/wp\/v2\/tags?post=194056"}],"curies":[{"name":"wp","href":"https:\/\/api.w.org\/{rel}","templated":true}]}}