{"id":194062,"date":"2026-09-04T22:56:54","date_gmt":"2026-09-05T01:56:54","guid":{"rendered":"https:\/\/noticiasmercedinas.com\/site\/?p=194062"},"modified":"2026-09-04T22:56:54","modified_gmt":"2026-09-05T01:56:54","slug":"toda-la-programacion-para-el-trfa-en-sus-dos-ramas","status":"publish","type":"post","link":"https:\/\/noticiasmercedinas.com\/site\/2026\/09\/04\/toda-la-programacion-para-el-trfa-en-sus-dos-ramas\/","title":{"rendered":"Toda la programaci\u00f3n para el TRFA en sus dos ramas"},"content":{"rendered":"<p>El Torneo Regional Federal Amateur vivir\u00e1 su fin de semana, el domingo se jugar\u00e1 la segunda fecha por la instancia de grupos del certamen masculino, El Front\u00f3n que viene de empatar 0 a 0 ante ACFA ser\u00e1 local ante Recreativo que gan\u00f3 en su debut por 2-0 a Sportsman.<\/p>\n<p><strong>Domingo 6<br \/>\nCancha:<\/strong> El Front\u00f3n.<br \/>\nA las 16 El Front\u00f3n vs. Recreativo.<br \/>\nArbitro: Mart\u00edn Duarte (Jun\u00edn).<\/p>\n<p><strong>Cancha:<\/strong> Sportsman.<br \/>\nA las 16 Sportsman vs. ACFA.<br \/>\n<strong>Arbitro:<\/strong> Rom\u00e1n Grande (Mercedes).<\/p>\n<p><strong>TRFAF<\/strong><br \/>\nLa versi\u00f3n femenina del torneo impulsado por el Consejo Federal afrontar\u00e1 las revanchas en busca de los equipos clasificados, en Primera fue 0 a 0 en la ida para definirse todo en Chacabuco.\u00a0 En Sub 15 el \u201cCeleste\u201d cay\u00f3 1-0 en La Plata, mientras que Cicl\u00f3n fue goleado 8-0 por Sarmiento y Front\u00f3n tropez\u00f3 en Sub 13 por 3 a 1. En caso de empate en el global habr\u00e1 penales.<\/p>\n<p><strong>S\u00e1bado 5<br \/>\nPrimera Divisi\u00f3n<br \/>\n<\/strong>A las 15.00 hs Rivadavia (Chacabuco) vs. El Front\u00f3n.<br \/>\n<strong>Arbitro:<\/strong> Enzo Peretra (Jun\u00edn).<\/p>\n<p><strong>Sub 15<br \/>\nCancha:<\/strong> Liga Mercedina.<br \/>\nA las 13.15 hs Defensores Juniors vs. For Ever (La Plata).<br \/>\n<strong>Arbitro:<\/strong> Gonzalo Teijeiro (Chivilcoy).<\/p>\n<p><strong>Domingo 6<br \/>\nSub 13<br \/>\n<\/strong>A las 10.00 hs Sarmiento (Jun\u00edn) vs. Cicl\u00f3n.]<br \/>\n<strong>Arbitro:<\/strong> Angel Orthuela (Pergamino)<\/p>\n<p>A las 11.00 hs Brandsen vs. El Front\u00f3n.<br \/>\n<strong>Arbitro:<\/strong> Violeta Gereis (San Vicente)<\/p>\n","protected":false},"excerpt":{"rendered":"<p>\u25a0 En el masculino Front\u00f3n es local este domingo en San Andr\u00e9s de Giles. En las categor\u00edas femeninas se juegan las revanchas buscando las clasificadas. Ser\u00e1 d\u00edas de definiciones en el torneo del Consejo Federal.  <\/p>\n","protected":false},"author":6,"featured_media":194063,"comment_status":"closed","ping_status":"closed","sticky":false,"template":"","format":"standard","meta":{"footnotes":""},"categories":[5],"tags":[18959,18331],"class_list":["post-194062","post","type-post","status-publish","format-standard","has-post-thumbnail","hentry","category-deportes","tag-trfa","tag-trfaf"],"yoast_head":"<!-- This site is optimized with the Yoast SEO plugin v28.4 - https:\/\/yoast.com\/product\/yoast-seo-wordpress\/ -->\n<title>Toda la programaci\u00f3n para el TRFA en sus dos ramas<\/title>\n<meta name=\"robots\" content=\"index, follow, max-snippet:-1, max-image-preview:large, max-video-preview:-1\" \/>\n<link rel=\"canonical\" href=\"https:\/\/noticiasmercedinas.com\/site\/2026\/09\/04\/toda-la-programacion-para-el-trfa-en-sus-dos-ramas\/\" \/>\n<meta property=\"og:locale\" content=\"es_ES\" \/>\n<meta property=\"og:type\" content=\"article\" \/>\n<meta property=\"og:title\" content=\"Toda la programaci\u00f3n para el TRFA en sus dos ramas\" \/>\n<meta property=\"og:description\" content=\"\u25a0 En el masculino Front\u00f3n es local este domingo en San Andr\u00e9s de Giles. En las categor\u00edas femeninas se juegan las revanchas buscando las clasificadas. Ser\u00e1 d\u00edas de definiciones en el torneo del Consejo Federal.\" \/>\n<meta property=\"og:url\" content=\"https:\/\/noticiasmercedinas.com\/site\/2026\/09\/04\/toda-la-programacion-para-el-trfa-en-sus-dos-ramas\/\" \/>\n<meta property=\"og:site_name\" content=\"NOTICIASMERCEDINAS.COM\" \/>\n<meta property=\"article:publisher\" content=\"https:\/\/www.facebook.com\/noticiasmercedinas\/\" \/>\n<meta property=\"article:published_time\" content=\"2026-09-05T01:56:54+00:00\" \/>\n<meta property=\"og:image\" content=\"https:\/\/noticiasmercedinas.com\/site\/wp-content\/uploads\/2026\/09\/web-ConsejoFed.jpg\" \/>\n\t<meta property=\"og:image:width\" content=\"640\" \/>\n\t<meta property=\"og:image:height\" content=\"480\" \/>\n\t<meta property=\"og:image:type\" content=\"image\/jpeg\" \/>\n<meta name=\"author\" content=\"Juan Dagnino NOTICIASMERCEDINAS.COM\" \/>\n<meta name=\"twitter:card\" content=\"summary_large_image\" \/>\n<meta name=\"twitter:creator\" content=\"@notmercedinas\" \/>\n<meta name=\"twitter:site\" content=\"@notmercedinas\" \/>\n<meta name=\"twitter:label1\" content=\"Escrito por\" \/>\n\t<meta name=\"twitter:data1\" content=\"Juan Dagnino NOTICIASMERCEDINAS.COM\" \/>\n\t<meta name=\"twitter:label2\" content=\"Tiempo de lectura\" \/>\n\t<meta name=\"twitter:data2\" content=\"2 minutos\" \/>\n<script type=\"application\/ld+json\" class=\"yoast-schema-graph\">{\"@context\":\"https:\\\/\\\/schema.org\",\"@graph\":[{\"@type\":\"Article\",\"@id\":\"https:\\\/\\\/noticiasmercedinas.com\\\/site\\\/2026\\\/09\\\/04\\\/toda-la-programacion-para-el-trfa-en-sus-dos-ramas\\\/#article\",\"isPartOf\":{\"@id\":\"https:\\\/\\\/noticiasmercedinas.com\\\/site\\\/2026\\\/09\\\/04\\\/toda-la-programacion-para-el-trfa-en-sus-dos-ramas\\\/\"},\"author\":{\"name\":\"Juan Dagnino NOTICIASMERCEDINAS.COM\",\"@id\":\"https:\\\/\\\/noticiasmercedinas.com\\\/site\\\/#\\\/schema\\\/person\\\/8f2f09d666ef40986eba4a5e6f2a06f9\"},\"headline\":\"Toda la programaci\u00f3n para el TRFA en sus dos ramas\",\"datePublished\":\"2026-09-05T01:56:54+00:00\",\"mainEntityOfPage\":{\"@id\":\"https:\\\/\\\/noticiasmercedinas.com\\\/site\\\/2026\\\/09\\\/04\\\/toda-la-programacion-para-el-trfa-en-sus-dos-ramas\\\/\"},\"wordCount\":222,\"publisher\":{\"@id\":\"https:\\\/\\\/noticiasmercedinas.com\\\/site\\\/#organization\"},\"image\":{\"@id\":\"https:\\\/\\\/noticiasmercedinas.com\\\/site\\\/2026\\\/09\\\/04\\\/toda-la-programacion-para-el-trfa-en-sus-dos-ramas\\\/#primaryimage\"},\"thumbnailUrl\":\"https:\\\/\\\/noticiasmercedinas.com\\\/site\\\/wp-content\\\/uploads\\\/2026\\\/09\\\/web-ConsejoFed.jpg\",\"keywords\":[\"TRFA\",\"TRFAF\"],\"articleSection\":[\"Deportes\"],\"inLanguage\":\"es\"},{\"@type\":\"WebPage\",\"@id\":\"https:\\\/\\\/noticiasmercedinas.com\\\/site\\\/2026\\\/09\\\/04\\\/toda-la-programacion-para-el-trfa-en-sus-dos-ramas\\\/\",\"url\":\"https:\\\/\\\/noticiasmercedinas.com\\\/site\\\/2026\\\/09\\\/04\\\/toda-la-programacion-para-el-trfa-en-sus-dos-ramas\\\/\",\"name\":\"Toda la programaci\u00f3n para el TRFA en sus dos ramas\",\"isPartOf\":{\"@id\":\"https:\\\/\\\/noticiasmercedinas.com\\\/site\\\/#website\"},\"primaryImageOfPage\":{\"@id\":\"https:\\\/\\\/noticiasmercedinas.com\\\/site\\\/2026\\\/09\\\/04\\\/toda-la-programacion-para-el-trfa-en-sus-dos-ramas\\\/#primaryimage\"},\"image\":{\"@id\":\"https:\\\/\\\/noticiasmercedinas.com\\\/site\\\/2026\\\/09\\\/04\\\/toda-la-programacion-para-el-trfa-en-sus-dos-ramas\\\/#primaryimage\"},\"thumbnailUrl\":\"https:\\\/\\\/noticiasmercedinas.com\\\/site\\\/wp-content\\\/uploads\\\/2026\\\/09\\\/web-ConsejoFed.jpg\",\"datePublished\":\"2026-09-05T01:56:54+00:00\",\"breadcrumb\":{\"@id\":\"https:\\\/\\\/noticiasmercedinas.com\\\/site\\\/2026\\\/09\\\/04\\\/toda-la-programacion-para-el-trfa-en-sus-dos-ramas\\\/#breadcrumb\"},\"inLanguage\":\"es\",\"potentialAction\":[{\"@type\":\"ReadAction\",\"target\":[\"https:\\\/\\\/noticiasmercedinas.com\\\/site\\\/2026\\\/09\\\/04\\\/toda-la-programacion-para-el-trfa-en-sus-dos-ramas\\\/\"]}]},{\"@type\":\"ImageObject\",\"inLanguage\":\"es\",\"@id\":\"https:\\\/\\\/noticiasmercedinas.com\\\/site\\\/2026\\\/09\\\/04\\\/toda-la-programacion-para-el-trfa-en-sus-dos-ramas\\\/#primaryimage\",\"url\":\"https:\\\/\\\/noticiasmercedinas.com\\\/site\\\/wp-content\\\/uploads\\\/2026\\\/09\\\/web-ConsejoFed.jpg\",\"contentUrl\":\"https:\\\/\\\/noticiasmercedinas.com\\\/site\\\/wp-content\\\/uploads\\\/2026\\\/09\\\/web-ConsejoFed.jpg\",\"width\":640,\"height\":480},{\"@type\":\"BreadcrumbList\",\"@id\":\"https:\\\/\\\/noticiasmercedinas.com\\\/site\\\/2026\\\/09\\\/04\\\/toda-la-programacion-para-el-trfa-en-sus-dos-ramas\\\/#breadcrumb\",\"itemListElement\":[{\"@type\":\"ListItem\",\"position\":1,\"name\":\"Portada\",\"item\":\"https:\\\/\\\/noticiasmercedinas.com\\\/site\\\/\"},{\"@type\":\"ListItem\",\"position\":2,\"name\":\"Toda la programaci\u00f3n para el TRFA en sus dos ramas\"}]},{\"@type\":\"WebSite\",\"@id\":\"https:\\\/\\\/noticiasmercedinas.com\\\/site\\\/#website\",\"url\":\"https:\\\/\\\/noticiasmercedinas.com\\\/site\\\/\",\"name\":\"NOTICIASMERCEDINAS.COM\",\"description\":\"Mercedes, Buenos Aires, Argentina\",\"publisher\":{\"@id\":\"https:\\\/\\\/noticiasmercedinas.com\\\/site\\\/#organization\"},\"potentialAction\":[{\"@type\":\"SearchAction\",\"target\":{\"@type\":\"EntryPoint\",\"urlTemplate\":\"https:\\\/\\\/noticiasmercedinas.com\\\/site\\\/?s={search_term_string}\"},\"query-input\":{\"@type\":\"PropertyValueSpecification\",\"valueRequired\":true,\"valueName\":\"search_term_string\"}}],\"inLanguage\":\"es\"},{\"@type\":\"Organization\",\"@id\":\"https:\\\/\\\/noticiasmercedinas.com\\\/site\\\/#organization\",\"name\":\"NOTICIASMERCEDINAS.COM\",\"url\":\"https:\\\/\\\/noticiasmercedinas.com\\\/site\\\/\",\"logo\":{\"@type\":\"ImageObject\",\"inLanguage\":\"es\",\"@id\":\"https:\\\/\\\/noticiasmercedinas.com\\\/site\\\/#\\\/schema\\\/logo\\\/image\\\/\",\"url\":\"https:\\\/\\\/noticiasmercedinas.com\\\/site\\\/wp-content\\\/uploads\\\/2020\\\/06\\\/LOGO-512.jpg\",\"contentUrl\":\"https:\\\/\\\/noticiasmercedinas.com\\\/site\\\/wp-content\\\/uploads\\\/2020\\\/06\\\/LOGO-512.jpg\",\"width\":512,\"height\":512,\"caption\":\"NOTICIASMERCEDINAS.COM\"},\"image\":{\"@id\":\"https:\\\/\\\/noticiasmercedinas.com\\\/site\\\/#\\\/schema\\\/logo\\\/image\\\/\"},\"sameAs\":[\"https:\\\/\\\/www.facebook.com\\\/noticiasmercedinas\\\/\",\"https:\\\/\\\/x.com\\\/notmercedinas\",\"https:\\\/\\\/www.instagram.com\\\/noticiasmercedinas\\\/\"]},{\"@type\":\"Person\",\"@id\":\"https:\\\/\\\/noticiasmercedinas.com\\\/site\\\/#\\\/schema\\\/person\\\/8f2f09d666ef40986eba4a5e6f2a06f9\",\"name\":\"Juan Dagnino NOTICIASMERCEDINAS.COM\",\"image\":{\"@type\":\"ImageObject\",\"inLanguage\":\"es\",\"@id\":\"https:\\\/\\\/secure.gravatar.com\\\/avatar\\\/fc7059a769f5a3cae65fadb228a3e4accf3a64b4b2305020d0a27e6d5333c91b?s=96&d=mm&r=g\",\"url\":\"https:\\\/\\\/secure.gravatar.com\\\/avatar\\\/fc7059a769f5a3cae65fadb228a3e4accf3a64b4b2305020d0a27e6d5333c91b?s=96&d=mm&r=g\",\"contentUrl\":\"https:\\\/\\\/secure.gravatar.com\\\/avatar\\\/fc7059a769f5a3cae65fadb228a3e4accf3a64b4b2305020d0a27e6d5333c91b?s=96&d=mm&r=g\",\"caption\":\"Juan Dagnino NOTICIASMERCEDINAS.COM\"},\"url\":\"https:\\\/\\\/noticiasmercedinas.com\\\/site\\\/author\\\/juandagnino\\\/\"}]}<\/script>\n<!-- \/ Yoast SEO plugin. -->","yoast_head_json":{"title":"Toda la programaci\u00f3n para el TRFA en sus dos ramas","robots":{"index":"index","follow":"follow","max-snippet":"max-snippet:-1","max-image-preview":"max-image-preview:large","max-video-preview":"max-video-preview:-1"},"canonical":"https:\/\/noticiasmercedinas.com\/site\/2026\/09\/04\/toda-la-programacion-para-el-trfa-en-sus-dos-ramas\/","og_locale":"es_ES","og_type":"article","og_title":"Toda la programaci\u00f3n para el TRFA en sus dos ramas","og_description":"\u25a0 En el masculino Front\u00f3n es local este domingo en San Andr\u00e9s de Giles. En las categor\u00edas femeninas se juegan las revanchas buscando las clasificadas. Ser\u00e1 d\u00edas de definiciones en el torneo del Consejo Federal.","og_url":"https:\/\/noticiasmercedinas.com\/site\/2026\/09\/04\/toda-la-programacion-para-el-trfa-en-sus-dos-ramas\/","og_site_name":"NOTICIASMERCEDINAS.COM","article_publisher":"https:\/\/www.facebook.com\/noticiasmercedinas\/","article_published_time":"2026-09-05T01:56:54+00:00","og_image":[{"width":640,"height":480,"url":"https:\/\/noticiasmercedinas.com\/site\/wp-content\/uploads\/2026\/09\/web-ConsejoFed.jpg","type":"image\/jpeg"}],"author":"Juan Dagnino NOTICIASMERCEDINAS.COM","twitter_card":"summary_large_image","twitter_creator":"@notmercedinas","twitter_site":"@notmercedinas","twitter_misc":{"Escrito por":"Juan Dagnino NOTICIASMERCEDINAS.COM","Tiempo de lectura":"2 minutos"},"schema":{"@context":"https:\/\/schema.org","@graph":[{"@type":"Article","@id":"https:\/\/noticiasmercedinas.com\/site\/2026\/09\/04\/toda-la-programacion-para-el-trfa-en-sus-dos-ramas\/#article","isPartOf":{"@id":"https:\/\/noticiasmercedinas.com\/site\/2026\/09\/04\/toda-la-programacion-para-el-trfa-en-sus-dos-ramas\/"},"author":{"name":"Juan Dagnino NOTICIASMERCEDINAS.COM","@id":"https:\/\/noticiasmercedinas.com\/site\/#\/schema\/person\/8f2f09d666ef40986eba4a5e6f2a06f9"},"headline":"Toda la programaci\u00f3n para el TRFA en sus dos ramas","datePublished":"2026-09-05T01:56:54+00:00","mainEntityOfPage":{"@id":"https:\/\/noticiasmercedinas.com\/site\/2026\/09\/04\/toda-la-programacion-para-el-trfa-en-sus-dos-ramas\/"},"wordCount":222,"publisher":{"@id":"https:\/\/noticiasmercedinas.com\/site\/#organization"},"image":{"@id":"https:\/\/noticiasmercedinas.com\/site\/2026\/09\/04\/toda-la-programacion-para-el-trfa-en-sus-dos-ramas\/#primaryimage"},"thumbnailUrl":"https:\/\/noticiasmercedinas.com\/site\/wp-content\/uploads\/2026\/09\/web-ConsejoFed.jpg","keywords":["TRFA","TRFAF"],"articleSection":["Deportes"],"inLanguage":"es"},{"@type":"WebPage","@id":"https:\/\/noticiasmercedinas.com\/site\/2026\/09\/04\/toda-la-programacion-para-el-trfa-en-sus-dos-ramas\/","url":"https:\/\/noticiasmercedinas.com\/site\/2026\/09\/04\/toda-la-programacion-para-el-trfa-en-sus-dos-ramas\/","name":"Toda la programaci\u00f3n para el TRFA en sus dos ramas","isPartOf":{"@id":"https:\/\/noticiasmercedinas.com\/site\/#website"},"primaryImageOfPage":{"@id":"https:\/\/noticiasmercedinas.com\/site\/2026\/09\/04\/toda-la-programacion-para-el-trfa-en-sus-dos-ramas\/#primaryimage"},"image":{"@id":"https:\/\/noticiasmercedinas.com\/site\/2026\/09\/04\/toda-la-programacion-para-el-trfa-en-sus-dos-ramas\/#primaryimage"},"thumbnailUrl":"https:\/\/noticiasmercedinas.com\/site\/wp-content\/uploads\/2026\/09\/web-ConsejoFed.jpg","datePublished":"2026-09-05T01:56:54+00:00","breadcrumb":{"@id":"https:\/\/noticiasmercedinas.com\/site\/2026\/09\/04\/toda-la-programacion-para-el-trfa-en-sus-dos-ramas\/#breadcrumb"},"inLanguage":"es","potentialAction":[{"@type":"ReadAction","target":["https:\/\/noticiasmercedinas.com\/site\/2026\/09\/04\/toda-la-programacion-para-el-trfa-en-sus-dos-ramas\/"]}]},{"@type":"ImageObject","inLanguage":"es","@id":"https:\/\/noticiasmercedinas.com\/site\/2026\/09\/04\/toda-la-programacion-para-el-trfa-en-sus-dos-ramas\/#primaryimage","url":"https:\/\/noticiasmercedinas.com\/site\/wp-content\/uploads\/2026\/09\/web-ConsejoFed.jpg","contentUrl":"https:\/\/noticiasmercedinas.com\/site\/wp-content\/uploads\/2026\/09\/web-ConsejoFed.jpg","width":640,"height":480},{"@type":"BreadcrumbList","@id":"https:\/\/noticiasmercedinas.com\/site\/2026\/09\/04\/toda-la-programacion-para-el-trfa-en-sus-dos-ramas\/#breadcrumb","itemListElement":[{"@type":"ListItem","position":1,"name":"Portada","item":"https:\/\/noticiasmercedinas.com\/site\/"},{"@type":"ListItem","position":2,"name":"Toda la programaci\u00f3n para el TRFA en sus dos ramas"}]},{"@type":"WebSite","@id":"https:\/\/noticiasmercedinas.com\/site\/#website","url":"https:\/\/noticiasmercedinas.com\/site\/","name":"NOTICIASMERCEDINAS.COM","description":"Mercedes, Buenos Aires, Argentina","publisher":{"@id":"https:\/\/noticiasmercedinas.com\/site\/#organization"},"potentialAction":[{"@type":"SearchAction","target":{"@type":"EntryPoint","urlTemplate":"https:\/\/noticiasmercedinas.com\/site\/?s={search_term_string}"},"query-input":{"@type":"PropertyValueSpecification","valueRequired":true,"valueName":"search_term_string"}}],"inLanguage":"es"},{"@type":"Organization","@id":"https:\/\/noticiasmercedinas.com\/site\/#organization","name":"NOTICIASMERCEDINAS.COM","url":"https:\/\/noticiasmercedinas.com\/site\/","logo":{"@type":"ImageObject","inLanguage":"es","@id":"https:\/\/noticiasmercedinas.com\/site\/#\/schema\/logo\/image\/","url":"https:\/\/noticiasmercedinas.com\/site\/wp-content\/uploads\/2020\/06\/LOGO-512.jpg","contentUrl":"https:\/\/noticiasmercedinas.com\/site\/wp-content\/uploads\/2020\/06\/LOGO-512.jpg","width":512,"height":512,"caption":"NOTICIASMERCEDINAS.COM"},"image":{"@id":"https:\/\/noticiasmercedinas.com\/site\/#\/schema\/logo\/image\/"},"sameAs":["https:\/\/www.facebook.com\/noticiasmercedinas\/","https:\/\/x.com\/notmercedinas","https:\/\/www.instagram.com\/noticiasmercedinas\/"]},{"@type":"Person","@id":"https:\/\/noticiasmercedinas.com\/site\/#\/schema\/person\/8f2f09d666ef40986eba4a5e6f2a06f9","name":"Juan Dagnino NOTICIASMERCEDINAS.COM","image":{"@type":"ImageObject","inLanguage":"es","@id":"https:\/\/secure.gravatar.com\/avatar\/fc7059a769f5a3cae65fadb228a3e4accf3a64b4b2305020d0a27e6d5333c91b?s=96&d=mm&r=g","url":"https:\/\/secure.gravatar.com\/avatar\/fc7059a769f5a3cae65fadb228a3e4accf3a64b4b2305020d0a27e6d5333c91b?s=96&d=mm&r=g","contentUrl":"https:\/\/secure.gravatar.com\/avatar\/fc7059a769f5a3cae65fadb228a3e4accf3a64b4b2305020d0a27e6d5333c91b?s=96&d=mm&r=g","caption":"Juan Dagnino NOTICIASMERCEDINAS.COM"},"url":"https:\/\/noticiasmercedinas.com\/site\/author\/juandagnino\/"}]}},"amp_enabled":true,"_links":{"self":[{"href":"https:\/\/noticiasmercedinas.com\/site\/wp-json\/wp\/v2\/posts\/194062","targetHints":{"allow":["GET"]}}],"collection":[{"href":"https:\/\/noticiasmercedinas.com\/site\/wp-json\/wp\/v2\/posts"}],"about":[{"href":"https:\/\/noticiasmercedinas.com\/site\/wp-json\/wp\/v2\/types\/post"}],"author":[{"embeddable":true,"href":"https:\/\/noticiasmercedinas.com\/site\/wp-json\/wp\/v2\/users\/6"}],"replies":[{"embeddable":true,"href":"https:\/\/noticiasmercedinas.com\/site\/wp-json\/wp\/v2\/comments?post=194062"}],"version-history":[{"count":1,"href":"https:\/\/noticiasmercedinas.com\/site\/wp-json\/wp\/v2\/posts\/194062\/revisions"}],"predecessor-version":[{"id":194064,"href":"https:\/\/noticiasmercedinas.com\/site\/wp-json\/wp\/v2\/posts\/194062\/revisions\/194064"}],"wp:featuredmedia":[{"embeddable":true,"href":"https:\/\/noticiasmercedinas.com\/site\/wp-json\/wp\/v2\/media\/194063"}],"wp:attachment":[{"href":"https:\/\/noticiasmercedinas.com\/site\/wp-json\/wp\/v2\/media?parent=194062"}],"wp:term":[{"taxonomy":"category","embeddable":true,"href":"https:\/\/noticiasmercedinas.com\/site\/wp-json\/wp\/v2\/categories?post=194062"},{"taxonomy":"post_tag","embeddable":true,"href":"https:\/\/noticiasmercedinas.com\/site\/wp-json\/wp\/v2\/tags?post=194062"}],"curies":[{"name":"wp","href":"https:\/\/api.w.org\/{rel}","templated":true}]}}