{"id":194083,"date":"2026-09-05T22:31:14","date_gmt":"2026-09-06T01:31:14","guid":{"rendered":"https:\/\/noticiasmercedinas.com\/site\/?p=194083"},"modified":"2026-09-05T22:31:14","modified_gmt":"2026-09-06T01:31:14","slug":"carteros-y-club-mercedes-inician-el-clausura-de-buena-manera","status":"publish","type":"post","link":"https:\/\/noticiasmercedinas.com\/site\/2026\/09\/05\/carteros-y-club-mercedes-inician-el-clausura-de-buena-manera\/","title":{"rendered":"Carteros y Club Mercedes inician el Clausura de buena manera"},"content":{"rendered":"<figure id=\"attachment_194084\" aria-describedby=\"caption-attachment-194084\" style=\"width: 640px\" class=\"wp-caption alignnone\"><img loading=\"lazy\" decoding=\"async\" class=\"wp-image-194084 size-full\" src=\"https:\/\/noticiasmercedinas.com\/site\/wp-content\/uploads\/2026\/09\/IMG_3052.jpg\" alt=\"\" width=\"640\" height=\"427\" srcset=\"https:\/\/noticiasmercedinas.com\/site\/wp-content\/uploads\/2026\/09\/IMG_3052.jpg 640w, https:\/\/noticiasmercedinas.com\/site\/wp-content\/uploads\/2026\/09\/IMG_3052-300x200.jpg 300w\" sizes=\"auto, (max-width: 640px) 100vw, 640px\" \/><figcaption id=\"caption-attachment-194084\" class=\"wp-caption-text\">Carteros buscando el gol en el primer tiempo.<\/figcaption><\/figure>\n<p>Este s\u00e1bado 5 de septiembre en cancha de la Liga Mercedina continu\u00f3 la primera fecha del Clausura de Primera Divisi\u00f3n, jug\u00e1ndose en H\u00e9roes de Malvinas y 64 dos encuentros desde la hora 17. En primer turno no se sacaron grandes diferencias en el primer tiempo Newbery y Carteros, quebrando el cero De Los Santos a 5\u2019 del complemento y a partir de all\u00ed justific\u00f3 la diferencia el equipo de Mauro Bustos.<\/p>\n<p>Aunque sobre el cierre del partido tuvo que esforzarse para asegurar el resultado, luego que el \u201cAviador\u201d rondara el arco de Br\u00edsoliz, definiendo todo el ingresado Taborda para el 2-0 que le permite a Carteros inicial la segunda rueda con una victoria. Los de Luj\u00e1n de floja campa\u00f1a en el Apertura presentaron incorporaciones con la idea de nutrir al joven equipo que ven\u00eda actuando, como la del ex Club Mercedes y Flandria, Joaqu\u00edn P\u00e9rez en la mitad de la cancha.<\/p>\n<p><strong>Jorge Newbery 0.<br \/>\nCarteros FC 2:<\/strong> Blas De Los Santos y Eduardo Taborda.<br \/>\n<strong>Arbitro:<\/strong> Ezequiel Quiroga (CADEP).<\/p>\n<p>El otro encuentro del s\u00e1bado tuvo a Club Mercedes y Holanda, dominando el \u201cBlanquinegro\u201d a tal punto de empezar a ganar desde los 9\u2019 con Taborda. Tard\u00f3 en ampliar, de penal Cabrera vio como Benedetti le imped\u00eda el gol y en el rebote tuvo su revancha para el 2-0 en 37\u2019. A partir de all\u00ed otra vez Taborda en 41\u2019 para el 3-0, pudo haber descontado el \u201cNaranja\u201d s\u00f3lo que Tonato le ataj\u00f3 un penal a Marino a los 46\u2019.<\/p>\n<p><img loading=\"lazy\" decoding=\"async\" class=\"alignnone size-full wp-image-194085\" src=\"https:\/\/noticiasmercedinas.com\/site\/wp-content\/uploads\/2026\/09\/IMG_3085.jpg\" alt=\"\" width=\"640\" height=\"400\" srcset=\"https:\/\/noticiasmercedinas.com\/site\/wp-content\/uploads\/2026\/09\/IMG_3085.jpg 640w, https:\/\/noticiasmercedinas.com\/site\/wp-content\/uploads\/2026\/09\/IMG_3085-300x188.jpg 300w\" sizes=\"auto, (max-width: 640px) 100vw, 640px\" \/><\/p>\n<p>Quedar\u00eda todo un segundo tiempo con un Holanda que present\u00f3 11 jugadores y s\u00f3lo un relevo, lo contrario en Mercedes que movi\u00f3 el banco y le aport\u00f3 velocidad al equipo para terminar goleando con los tantos de Torres a los 310 y golazo de Chaparro en 43\u2019, jugando el ex Palometas y Ateneo sus primeros minutos en el conjunto de Diego Silvestre. Buen inicio para un equipo que tiene otros futbolistas para lo que vendr\u00e1 como Franco Gatti.<\/p>\n<p><strong>Club Mercedes 5:<\/strong> Franco Taborda 2, Juan Cabrera, Franco Torres y Leonardo Chaparro.<br \/>\n<strong>Holanda 0<\/strong>.<br \/>\n<strong>Arbitro:<\/strong> Mat\u00edas Saintecluque (CASDEP).<br \/>\n<strong>Expulsado en el ST:<\/strong> A los 20\u2019 Nicol\u00e1s Rodr\u00edguez en Holanda.<br \/>\n<strong>Incidencia:<\/strong> Franco Tonato de Club Mercedes le contuvo un penal a Marino de Ruben Holanda.<\/p>\n<p><strong>Domingo 6 de septiembre<br \/>\nCancha:<\/strong> Liga Mercedina.<br \/>\nA las 16.00 hs Palometas vs. Villa Manchi.<\/p>\n<p><strong>Cancha: <\/strong>Municipal de Suipacha.<br \/>\nA las 16.00 hs Juventud vs. V\u00e9lez.<\/p>\n<p><strong>Cancha:<\/strong> Quilmes.<br \/>\nA las 16:00 hs Quilmes vs. Trocha.<\/p>\n<p><strong>Cancha:<\/strong> Ateneo.<br \/>\nA las 17:00 hs Ateneo vs. El Tim\u00f3n.<\/p>\n<p><strong>Postergados<\/strong><br \/>\nPabell\u00f3n Argentino vs. AMEFIP.<br \/>\nDefensores vs. Estudiantes.<\/p>\n","protected":false},"excerpt":{"rendered":"<p>\u25a0 Los del barrio Unzu\u00e9 ganaron por2-0 ante Newbery mientras que el \u201cBlanquinegro\u201d gole\u00f3 este s\u00e1bado a Holanda por 5 a 0. El domingo singue los encuentros de la primera fecha del Clausura.<\/p>\n","protected":false},"author":6,"featured_media":194084,"comment_status":"closed","ping_status":"closed","sticky":false,"template":"","format":"standard","meta":{"footnotes":""},"categories":[5],"tags":[3346,14140],"class_list":["post-194083","post","type-post","status-publish","format-standard","has-post-thumbnail","hentry","category-deportes","tag-liga-mercedina-de-futbol","tag-primera-division-a"],"yoast_head":"<!-- This site is optimized with the Yoast SEO plugin v28.4 - https:\/\/yoast.com\/product\/yoast-seo-wordpress\/ -->\n<title>Carteros y Club Mercedes inician el Clausura de buena manera<\/title>\n<meta name=\"robots\" content=\"index, follow, max-snippet:-1, max-image-preview:large, max-video-preview:-1\" \/>\n<link rel=\"canonical\" href=\"https:\/\/noticiasmercedinas.com\/site\/2026\/09\/05\/carteros-y-club-mercedes-inician-el-clausura-de-buena-manera\/\" \/>\n<meta property=\"og:locale\" content=\"es_ES\" \/>\n<meta property=\"og:type\" content=\"article\" \/>\n<meta property=\"og:title\" content=\"Carteros y Club Mercedes inician el Clausura de buena manera\" \/>\n<meta property=\"og:description\" content=\"\u25a0 Los del barrio Unzu\u00e9 ganaron por2-0 ante Newbery mientras que el \u201cBlanquinegro\u201d gole\u00f3 este s\u00e1bado a Holanda por 5 a 0. El domingo singue los encuentros de la primera fecha del Clausura.\" \/>\n<meta property=\"og:url\" content=\"https:\/\/noticiasmercedinas.com\/site\/2026\/09\/05\/carteros-y-club-mercedes-inician-el-clausura-de-buena-manera\/\" \/>\n<meta property=\"og:site_name\" content=\"NOTICIASMERCEDINAS.COM\" \/>\n<meta property=\"article:publisher\" content=\"https:\/\/www.facebook.com\/noticiasmercedinas\/\" \/>\n<meta property=\"article:published_time\" content=\"2026-09-06T01:31:14+00:00\" \/>\n<meta property=\"og:image\" content=\"https:\/\/noticiasmercedinas.com\/site\/wp-content\/uploads\/2026\/09\/IMG_3052.jpg\" \/>\n\t<meta property=\"og:image:width\" content=\"640\" \/>\n\t<meta property=\"og:image:height\" content=\"427\" \/>\n\t<meta property=\"og:image:type\" content=\"image\/jpeg\" \/>\n<meta name=\"author\" content=\"Juan Dagnino NOTICIASMERCEDINAS.COM\" \/>\n<meta name=\"twitter:card\" content=\"summary_large_image\" \/>\n<meta name=\"twitter:creator\" content=\"@notmercedinas\" \/>\n<meta name=\"twitter:site\" content=\"@notmercedinas\" \/>\n<meta name=\"twitter:label1\" content=\"Escrito por\" \/>\n\t<meta name=\"twitter:data1\" content=\"Juan Dagnino NOTICIASMERCEDINAS.COM\" \/>\n\t<meta name=\"twitter:label2\" content=\"Tiempo de lectura\" \/>\n\t<meta name=\"twitter:data2\" content=\"3 minutos\" \/>\n<script type=\"application\/ld+json\" class=\"yoast-schema-graph\">{\"@context\":\"https:\\\/\\\/schema.org\",\"@graph\":[{\"@type\":\"Article\",\"@id\":\"https:\\\/\\\/noticiasmercedinas.com\\\/site\\\/2026\\\/09\\\/05\\\/carteros-y-club-mercedes-inician-el-clausura-de-buena-manera\\\/#article\",\"isPartOf\":{\"@id\":\"https:\\\/\\\/noticiasmercedinas.com\\\/site\\\/2026\\\/09\\\/05\\\/carteros-y-club-mercedes-inician-el-clausura-de-buena-manera\\\/\"},\"author\":{\"name\":\"Juan Dagnino NOTICIASMERCEDINAS.COM\",\"@id\":\"https:\\\/\\\/noticiasmercedinas.com\\\/site\\\/#\\\/schema\\\/person\\\/8f2f09d666ef40986eba4a5e6f2a06f9\"},\"headline\":\"Carteros y Club Mercedes inician el Clausura de buena manera\",\"datePublished\":\"2026-09-06T01:31:14+00:00\",\"mainEntityOfPage\":{\"@id\":\"https:\\\/\\\/noticiasmercedinas.com\\\/site\\\/2026\\\/09\\\/05\\\/carteros-y-club-mercedes-inician-el-clausura-de-buena-manera\\\/\"},\"wordCount\":448,\"publisher\":{\"@id\":\"https:\\\/\\\/noticiasmercedinas.com\\\/site\\\/#organization\"},\"image\":{\"@id\":\"https:\\\/\\\/noticiasmercedinas.com\\\/site\\\/2026\\\/09\\\/05\\\/carteros-y-club-mercedes-inician-el-clausura-de-buena-manera\\\/#primaryimage\"},\"thumbnailUrl\":\"https:\\\/\\\/noticiasmercedinas.com\\\/site\\\/wp-content\\\/uploads\\\/2026\\\/09\\\/IMG_3052.jpg\",\"keywords\":[\"Liga Mercedina de F\u00fatbol\",\"primera divisi\u00f3n a\"],\"articleSection\":[\"Deportes\"],\"inLanguage\":\"es\"},{\"@type\":\"WebPage\",\"@id\":\"https:\\\/\\\/noticiasmercedinas.com\\\/site\\\/2026\\\/09\\\/05\\\/carteros-y-club-mercedes-inician-el-clausura-de-buena-manera\\\/\",\"url\":\"https:\\\/\\\/noticiasmercedinas.com\\\/site\\\/2026\\\/09\\\/05\\\/carteros-y-club-mercedes-inician-el-clausura-de-buena-manera\\\/\",\"name\":\"Carteros y Club Mercedes inician el Clausura de buena manera\",\"isPartOf\":{\"@id\":\"https:\\\/\\\/noticiasmercedinas.com\\\/site\\\/#website\"},\"primaryImageOfPage\":{\"@id\":\"https:\\\/\\\/noticiasmercedinas.com\\\/site\\\/2026\\\/09\\\/05\\\/carteros-y-club-mercedes-inician-el-clausura-de-buena-manera\\\/#primaryimage\"},\"image\":{\"@id\":\"https:\\\/\\\/noticiasmercedinas.com\\\/site\\\/2026\\\/09\\\/05\\\/carteros-y-club-mercedes-inician-el-clausura-de-buena-manera\\\/#primaryimage\"},\"thumbnailUrl\":\"https:\\\/\\\/noticiasmercedinas.com\\\/site\\\/wp-content\\\/uploads\\\/2026\\\/09\\\/IMG_3052.jpg\",\"datePublished\":\"2026-09-06T01:31:14+00:00\",\"breadcrumb\":{\"@id\":\"https:\\\/\\\/noticiasmercedinas.com\\\/site\\\/2026\\\/09\\\/05\\\/carteros-y-club-mercedes-inician-el-clausura-de-buena-manera\\\/#breadcrumb\"},\"inLanguage\":\"es\",\"potentialAction\":[{\"@type\":\"ReadAction\",\"target\":[\"https:\\\/\\\/noticiasmercedinas.com\\\/site\\\/2026\\\/09\\\/05\\\/carteros-y-club-mercedes-inician-el-clausura-de-buena-manera\\\/\"]}]},{\"@type\":\"ImageObject\",\"inLanguage\":\"es\",\"@id\":\"https:\\\/\\\/noticiasmercedinas.com\\\/site\\\/2026\\\/09\\\/05\\\/carteros-y-club-mercedes-inician-el-clausura-de-buena-manera\\\/#primaryimage\",\"url\":\"https:\\\/\\\/noticiasmercedinas.com\\\/site\\\/wp-content\\\/uploads\\\/2026\\\/09\\\/IMG_3052.jpg\",\"contentUrl\":\"https:\\\/\\\/noticiasmercedinas.com\\\/site\\\/wp-content\\\/uploads\\\/2026\\\/09\\\/IMG_3052.jpg\",\"width\":640,\"height\":427},{\"@type\":\"BreadcrumbList\",\"@id\":\"https:\\\/\\\/noticiasmercedinas.com\\\/site\\\/2026\\\/09\\\/05\\\/carteros-y-club-mercedes-inician-el-clausura-de-buena-manera\\\/#breadcrumb\",\"itemListElement\":[{\"@type\":\"ListItem\",\"position\":1,\"name\":\"Portada\",\"item\":\"https:\\\/\\\/noticiasmercedinas.com\\\/site\\\/\"},{\"@type\":\"ListItem\",\"position\":2,\"name\":\"Carteros y Club Mercedes inician el Clausura de buena manera\"}]},{\"@type\":\"WebSite\",\"@id\":\"https:\\\/\\\/noticiasmercedinas.com\\\/site\\\/#website\",\"url\":\"https:\\\/\\\/noticiasmercedinas.com\\\/site\\\/\",\"name\":\"NOTICIASMERCEDINAS.COM\",\"description\":\"Mercedes, Buenos Aires, Argentina\",\"publisher\":{\"@id\":\"https:\\\/\\\/noticiasmercedinas.com\\\/site\\\/#organization\"},\"potentialAction\":[{\"@type\":\"SearchAction\",\"target\":{\"@type\":\"EntryPoint\",\"urlTemplate\":\"https:\\\/\\\/noticiasmercedinas.com\\\/site\\\/?s={search_term_string}\"},\"query-input\":{\"@type\":\"PropertyValueSpecification\",\"valueRequired\":true,\"valueName\":\"search_term_string\"}}],\"inLanguage\":\"es\"},{\"@type\":\"Organization\",\"@id\":\"https:\\\/\\\/noticiasmercedinas.com\\\/site\\\/#organization\",\"name\":\"NOTICIASMERCEDINAS.COM\",\"url\":\"https:\\\/\\\/noticiasmercedinas.com\\\/site\\\/\",\"logo\":{\"@type\":\"ImageObject\",\"inLanguage\":\"es\",\"@id\":\"https:\\\/\\\/noticiasmercedinas.com\\\/site\\\/#\\\/schema\\\/logo\\\/image\\\/\",\"url\":\"https:\\\/\\\/noticiasmercedinas.com\\\/site\\\/wp-content\\\/uploads\\\/2020\\\/06\\\/LOGO-512.jpg\",\"contentUrl\":\"https:\\\/\\\/noticiasmercedinas.com\\\/site\\\/wp-content\\\/uploads\\\/2020\\\/06\\\/LOGO-512.jpg\",\"width\":512,\"height\":512,\"caption\":\"NOTICIASMERCEDINAS.COM\"},\"image\":{\"@id\":\"https:\\\/\\\/noticiasmercedinas.com\\\/site\\\/#\\\/schema\\\/logo\\\/image\\\/\"},\"sameAs\":[\"https:\\\/\\\/www.facebook.com\\\/noticiasmercedinas\\\/\",\"https:\\\/\\\/x.com\\\/notmercedinas\",\"https:\\\/\\\/www.instagram.com\\\/noticiasmercedinas\\\/\"]},{\"@type\":\"Person\",\"@id\":\"https:\\\/\\\/noticiasmercedinas.com\\\/site\\\/#\\\/schema\\\/person\\\/8f2f09d666ef40986eba4a5e6f2a06f9\",\"name\":\"Juan Dagnino NOTICIASMERCEDINAS.COM\",\"image\":{\"@type\":\"ImageObject\",\"inLanguage\":\"es\",\"@id\":\"https:\\\/\\\/secure.gravatar.com\\\/avatar\\\/fc7059a769f5a3cae65fadb228a3e4accf3a64b4b2305020d0a27e6d5333c91b?s=96&d=mm&r=g\",\"url\":\"https:\\\/\\\/secure.gravatar.com\\\/avatar\\\/fc7059a769f5a3cae65fadb228a3e4accf3a64b4b2305020d0a27e6d5333c91b?s=96&d=mm&r=g\",\"contentUrl\":\"https:\\\/\\\/secure.gravatar.com\\\/avatar\\\/fc7059a769f5a3cae65fadb228a3e4accf3a64b4b2305020d0a27e6d5333c91b?s=96&d=mm&r=g\",\"caption\":\"Juan Dagnino NOTICIASMERCEDINAS.COM\"},\"url\":\"https:\\\/\\\/noticiasmercedinas.com\\\/site\\\/author\\\/juandagnino\\\/\"}]}<\/script>\n<!-- \/ Yoast SEO plugin. -->","yoast_head_json":{"title":"Carteros y Club Mercedes inician el Clausura de buena manera","robots":{"index":"index","follow":"follow","max-snippet":"max-snippet:-1","max-image-preview":"max-image-preview:large","max-video-preview":"max-video-preview:-1"},"canonical":"https:\/\/noticiasmercedinas.com\/site\/2026\/09\/05\/carteros-y-club-mercedes-inician-el-clausura-de-buena-manera\/","og_locale":"es_ES","og_type":"article","og_title":"Carteros y Club Mercedes inician el Clausura de buena manera","og_description":"\u25a0 Los del barrio Unzu\u00e9 ganaron por2-0 ante Newbery mientras que el \u201cBlanquinegro\u201d gole\u00f3 este s\u00e1bado a Holanda por 5 a 0. El domingo singue los encuentros de la primera fecha del Clausura.","og_url":"https:\/\/noticiasmercedinas.com\/site\/2026\/09\/05\/carteros-y-club-mercedes-inician-el-clausura-de-buena-manera\/","og_site_name":"NOTICIASMERCEDINAS.COM","article_publisher":"https:\/\/www.facebook.com\/noticiasmercedinas\/","article_published_time":"2026-09-06T01:31:14+00:00","og_image":[{"width":640,"height":427,"url":"https:\/\/noticiasmercedinas.com\/site\/wp-content\/uploads\/2026\/09\/IMG_3052.jpg","type":"image\/jpeg"}],"author":"Juan Dagnino NOTICIASMERCEDINAS.COM","twitter_card":"summary_large_image","twitter_creator":"@notmercedinas","twitter_site":"@notmercedinas","twitter_misc":{"Escrito por":"Juan Dagnino NOTICIASMERCEDINAS.COM","Tiempo de lectura":"3 minutos"},"schema":{"@context":"https:\/\/schema.org","@graph":[{"@type":"Article","@id":"https:\/\/noticiasmercedinas.com\/site\/2026\/09\/05\/carteros-y-club-mercedes-inician-el-clausura-de-buena-manera\/#article","isPartOf":{"@id":"https:\/\/noticiasmercedinas.com\/site\/2026\/09\/05\/carteros-y-club-mercedes-inician-el-clausura-de-buena-manera\/"},"author":{"name":"Juan Dagnino NOTICIASMERCEDINAS.COM","@id":"https:\/\/noticiasmercedinas.com\/site\/#\/schema\/person\/8f2f09d666ef40986eba4a5e6f2a06f9"},"headline":"Carteros y Club Mercedes inician el Clausura de buena manera","datePublished":"2026-09-06T01:31:14+00:00","mainEntityOfPage":{"@id":"https:\/\/noticiasmercedinas.com\/site\/2026\/09\/05\/carteros-y-club-mercedes-inician-el-clausura-de-buena-manera\/"},"wordCount":448,"publisher":{"@id":"https:\/\/noticiasmercedinas.com\/site\/#organization"},"image":{"@id":"https:\/\/noticiasmercedinas.com\/site\/2026\/09\/05\/carteros-y-club-mercedes-inician-el-clausura-de-buena-manera\/#primaryimage"},"thumbnailUrl":"https:\/\/noticiasmercedinas.com\/site\/wp-content\/uploads\/2026\/09\/IMG_3052.jpg","keywords":["Liga Mercedina de F\u00fatbol","primera divisi\u00f3n a"],"articleSection":["Deportes"],"inLanguage":"es"},{"@type":"WebPage","@id":"https:\/\/noticiasmercedinas.com\/site\/2026\/09\/05\/carteros-y-club-mercedes-inician-el-clausura-de-buena-manera\/","url":"https:\/\/noticiasmercedinas.com\/site\/2026\/09\/05\/carteros-y-club-mercedes-inician-el-clausura-de-buena-manera\/","name":"Carteros y Club Mercedes inician el Clausura de buena manera","isPartOf":{"@id":"https:\/\/noticiasmercedinas.com\/site\/#website"},"primaryImageOfPage":{"@id":"https:\/\/noticiasmercedinas.com\/site\/2026\/09\/05\/carteros-y-club-mercedes-inician-el-clausura-de-buena-manera\/#primaryimage"},"image":{"@id":"https:\/\/noticiasmercedinas.com\/site\/2026\/09\/05\/carteros-y-club-mercedes-inician-el-clausura-de-buena-manera\/#primaryimage"},"thumbnailUrl":"https:\/\/noticiasmercedinas.com\/site\/wp-content\/uploads\/2026\/09\/IMG_3052.jpg","datePublished":"2026-09-06T01:31:14+00:00","breadcrumb":{"@id":"https:\/\/noticiasmercedinas.com\/site\/2026\/09\/05\/carteros-y-club-mercedes-inician-el-clausura-de-buena-manera\/#breadcrumb"},"inLanguage":"es","potentialAction":[{"@type":"ReadAction","target":["https:\/\/noticiasmercedinas.com\/site\/2026\/09\/05\/carteros-y-club-mercedes-inician-el-clausura-de-buena-manera\/"]}]},{"@type":"ImageObject","inLanguage":"es","@id":"https:\/\/noticiasmercedinas.com\/site\/2026\/09\/05\/carteros-y-club-mercedes-inician-el-clausura-de-buena-manera\/#primaryimage","url":"https:\/\/noticiasmercedinas.com\/site\/wp-content\/uploads\/2026\/09\/IMG_3052.jpg","contentUrl":"https:\/\/noticiasmercedinas.com\/site\/wp-content\/uploads\/2026\/09\/IMG_3052.jpg","width":640,"height":427},{"@type":"BreadcrumbList","@id":"https:\/\/noticiasmercedinas.com\/site\/2026\/09\/05\/carteros-y-club-mercedes-inician-el-clausura-de-buena-manera\/#breadcrumb","itemListElement":[{"@type":"ListItem","position":1,"name":"Portada","item":"https:\/\/noticiasmercedinas.com\/site\/"},{"@type":"ListItem","position":2,"name":"Carteros y Club Mercedes inician el Clausura de buena manera"}]},{"@type":"WebSite","@id":"https:\/\/noticiasmercedinas.com\/site\/#website","url":"https:\/\/noticiasmercedinas.com\/site\/","name":"NOTICIASMERCEDINAS.COM","description":"Mercedes, Buenos Aires, Argentina","publisher":{"@id":"https:\/\/noticiasmercedinas.com\/site\/#organization"},"potentialAction":[{"@type":"SearchAction","target":{"@type":"EntryPoint","urlTemplate":"https:\/\/noticiasmercedinas.com\/site\/?s={search_term_string}"},"query-input":{"@type":"PropertyValueSpecification","valueRequired":true,"valueName":"search_term_string"}}],"inLanguage":"es"},{"@type":"Organization","@id":"https:\/\/noticiasmercedinas.com\/site\/#organization","name":"NOTICIASMERCEDINAS.COM","url":"https:\/\/noticiasmercedinas.com\/site\/","logo":{"@type":"ImageObject","inLanguage":"es","@id":"https:\/\/noticiasmercedinas.com\/site\/#\/schema\/logo\/image\/","url":"https:\/\/noticiasmercedinas.com\/site\/wp-content\/uploads\/2020\/06\/LOGO-512.jpg","contentUrl":"https:\/\/noticiasmercedinas.com\/site\/wp-content\/uploads\/2020\/06\/LOGO-512.jpg","width":512,"height":512,"caption":"NOTICIASMERCEDINAS.COM"},"image":{"@id":"https:\/\/noticiasmercedinas.com\/site\/#\/schema\/logo\/image\/"},"sameAs":["https:\/\/www.facebook.com\/noticiasmercedinas\/","https:\/\/x.com\/notmercedinas","https:\/\/www.instagram.com\/noticiasmercedinas\/"]},{"@type":"Person","@id":"https:\/\/noticiasmercedinas.com\/site\/#\/schema\/person\/8f2f09d666ef40986eba4a5e6f2a06f9","name":"Juan Dagnino NOTICIASMERCEDINAS.COM","image":{"@type":"ImageObject","inLanguage":"es","@id":"https:\/\/secure.gravatar.com\/avatar\/fc7059a769f5a3cae65fadb228a3e4accf3a64b4b2305020d0a27e6d5333c91b?s=96&d=mm&r=g","url":"https:\/\/secure.gravatar.com\/avatar\/fc7059a769f5a3cae65fadb228a3e4accf3a64b4b2305020d0a27e6d5333c91b?s=96&d=mm&r=g","contentUrl":"https:\/\/secure.gravatar.com\/avatar\/fc7059a769f5a3cae65fadb228a3e4accf3a64b4b2305020d0a27e6d5333c91b?s=96&d=mm&r=g","caption":"Juan Dagnino NOTICIASMERCEDINAS.COM"},"url":"https:\/\/noticiasmercedinas.com\/site\/author\/juandagnino\/"}]}},"amp_enabled":true,"_links":{"self":[{"href":"https:\/\/noticiasmercedinas.com\/site\/wp-json\/wp\/v2\/posts\/194083","targetHints":{"allow":["GET"]}}],"collection":[{"href":"https:\/\/noticiasmercedinas.com\/site\/wp-json\/wp\/v2\/posts"}],"about":[{"href":"https:\/\/noticiasmercedinas.com\/site\/wp-json\/wp\/v2\/types\/post"}],"author":[{"embeddable":true,"href":"https:\/\/noticiasmercedinas.com\/site\/wp-json\/wp\/v2\/users\/6"}],"replies":[{"embeddable":true,"href":"https:\/\/noticiasmercedinas.com\/site\/wp-json\/wp\/v2\/comments?post=194083"}],"version-history":[{"count":1,"href":"https:\/\/noticiasmercedinas.com\/site\/wp-json\/wp\/v2\/posts\/194083\/revisions"}],"predecessor-version":[{"id":194086,"href":"https:\/\/noticiasmercedinas.com\/site\/wp-json\/wp\/v2\/posts\/194083\/revisions\/194086"}],"wp:featuredmedia":[{"embeddable":true,"href":"https:\/\/noticiasmercedinas.com\/site\/wp-json\/wp\/v2\/media\/194084"}],"wp:attachment":[{"href":"https:\/\/noticiasmercedinas.com\/site\/wp-json\/wp\/v2\/media?parent=194083"}],"wp:term":[{"taxonomy":"category","embeddable":true,"href":"https:\/\/noticiasmercedinas.com\/site\/wp-json\/wp\/v2\/categories?post=194083"},{"taxonomy":"post_tag","embeddable":true,"href":"https:\/\/noticiasmercedinas.com\/site\/wp-json\/wp\/v2\/tags?post=194083"}],"curies":[{"name":"wp","href":"https:\/\/api.w.org\/{rel}","templated":true}]}}