{"id":194092,"date":"2026-09-05T23:08:42","date_gmt":"2026-09-06T02:08:42","guid":{"rendered":"https:\/\/noticiasmercedinas.com\/site\/?p=194092"},"modified":"2026-09-05T23:08:42","modified_gmt":"2026-09-06T02:08:42","slug":"trfaf-fronton-goleo-y-defensores-quedo-muy-cerca","status":"publish","type":"post","link":"https:\/\/noticiasmercedinas.com\/site\/2026\/09\/05\/trfaf-fronton-goleo-y-defensores-quedo-muy-cerca\/","title":{"rendered":"TRFAF: Front\u00f3n gole\u00f3 y Defensores qued\u00f3 muy cerca"},"content":{"rendered":"<figure id=\"attachment_194093\" aria-describedby=\"caption-attachment-194093\" style=\"width: 640px\" class=\"wp-caption alignnone\"><img loading=\"lazy\" decoding=\"async\" class=\"wp-image-194093 size-full\" src=\"https:\/\/noticiasmercedinas.com\/site\/wp-content\/uploads\/2026\/09\/IMG_2991.jpg\" alt=\"\" width=\"640\" height=\"427\" srcset=\"https:\/\/noticiasmercedinas.com\/site\/wp-content\/uploads\/2026\/09\/IMG_2991.jpg 640w, https:\/\/noticiasmercedinas.com\/site\/wp-content\/uploads\/2026\/09\/IMG_2991-300x200.jpg 300w\" sizes=\"auto, (max-width: 640px) 100vw, 640px\" \/><figcaption id=\"caption-attachment-194093\" class=\"wp-caption-text\">Defensores y For Ever este s\u00e1bado en la Liga.<\/figcaption><\/figure>\n<p>La versi\u00f3n femenina del torneo impulsado por el Consejo Federal afront\u00f3 las revanchas en busca de los equipos clasificados, en Primera fue 0 a 0 en la ida para definirse todo en Chacabuco con una gran goleada de El Front\u00f3n sobre Rivadavia y de esta manera sigue en camino el equipo de San Andr\u00e9s de Giles.<\/p>\n<p>En Sub 15 el \u201cCeleste\u201d ven\u00eda de caer 1-0 en La Plata, este s\u00e1bado en la Liga tuvo chances como para cambiar el rumbo del global, tanto en el primer tiempo como en el segundo, salvando el travesa\u00f1o a las platenses sobre la agon\u00eda del partido, el esfuerzo estuvo, falt\u00f3 el gol en el Defensores dirigido por Luciano Romano.<\/p>\n<p>El certamen seguir\u00e1 este domingo 6, Cicl\u00f3n de Chivilcoy fue goleado 8-0 por Sarmiento de Jun\u00edn en Sub 13 y Front\u00f3n tropez\u00f3 en Sub 13 por 3 a 1 frente a Brandsen al que visitar\u00e1 este domingo. En caso de empate en el global habr\u00e1 penales.<\/p>\n<p><img loading=\"lazy\" decoding=\"async\" class=\"alignnone size-full wp-image-194094\" src=\"https:\/\/noticiasmercedinas.com\/site\/wp-content\/uploads\/2026\/09\/IMG_2980.jpg\" alt=\"\" width=\"640\" height=\"427\" srcset=\"https:\/\/noticiasmercedinas.com\/site\/wp-content\/uploads\/2026\/09\/IMG_2980.jpg 640w, https:\/\/noticiasmercedinas.com\/site\/wp-content\/uploads\/2026\/09\/IMG_2980-300x200.jpg 300w\" sizes=\"auto, (max-width: 640px) 100vw, 640px\" \/><br \/>\n<strong><br \/>\nPrimera Divisi\u00f3n<br \/>\nRivadavia (Chacabuco) 0.<br \/>\nEl Front\u00f3n 9:<\/strong> Roc\u00edo Oron\u00e1 3, Agustina Almir\u00f3n 4, Roc\u00edo L\u00f3pez y Celeste Eduardo.<br \/>\n<strong>Arbitro:<\/strong> Enzo Peretra (Jun\u00edn).<\/p>\n<p><strong>Sub 15<br \/>\nDefensores Juniors 0.<br \/>\nFor Ever (La Plata) 0.<br \/>\nArbitro:<\/strong> Gonzalo Teijeiro (Chivilcoy).<\/p>\n<p><strong>Domingo 6<br \/>\nSub 13<br \/>\n<\/strong>A las 10.00 hs Sarmiento (Jun\u00edn) vs. Cicl\u00f3n.]<br \/>\n<strong>Arbitro:<\/strong> Angel Orthuela (Pergamino)<\/p>\n<p>A las 11.00 hs Brandsen vs. El Front\u00f3n.<br \/>\n<strong>Arbitro:<\/strong> Violeta Gereis (San Vicente)<\/p>\n","protected":false},"excerpt":{"rendered":"<p>\u25a0 Un categ\u00f3rico 9 a 0 en Chacabuco posibilit\u00f3 la clasificaci\u00f3n del equipo de San Andr\u00e9s de Giles en Primera Divisi\u00f3n. En al Liga no hubo goles entre el \u201cCeleste\u201d y el representante platense que pas\u00f3 tras el 1-0 de la ida. Este domingo habr\u00e1 m\u00e1s Sub 13 y Sub 15.<\/p>\n","protected":false},"author":6,"featured_media":194093,"comment_status":"closed","ping_status":"closed","sticky":false,"template":"","format":"standard","meta":{"footnotes":""},"categories":[5],"tags":[18331],"class_list":["post-194092","post","type-post","status-publish","format-standard","has-post-thumbnail","hentry","category-deportes","tag-trfaf"],"yoast_head":"<!-- This site is optimized with the Yoast SEO plugin v28.4 - https:\/\/yoast.com\/product\/yoast-seo-wordpress\/ -->\n<title>TRFAF: Front\u00f3n gole\u00f3 y Defensores qued\u00f3 muy cerca<\/title>\n<meta name=\"robots\" content=\"index, follow, max-snippet:-1, max-image-preview:large, max-video-preview:-1\" \/>\n<link rel=\"canonical\" href=\"https:\/\/noticiasmercedinas.com\/site\/2026\/09\/05\/trfaf-fronton-goleo-y-defensores-quedo-muy-cerca\/\" \/>\n<meta property=\"og:locale\" content=\"es_ES\" \/>\n<meta property=\"og:type\" content=\"article\" \/>\n<meta property=\"og:title\" content=\"TRFAF: Front\u00f3n gole\u00f3 y Defensores qued\u00f3 muy cerca\" \/>\n<meta property=\"og:description\" content=\"\u25a0 Un categ\u00f3rico 9 a 0 en Chacabuco posibilit\u00f3 la clasificaci\u00f3n del equipo de San Andr\u00e9s de Giles en Primera Divisi\u00f3n. En al Liga no hubo goles entre el \u201cCeleste\u201d y el representante platense que pas\u00f3 tras el 1-0 de la ida. Este domingo habr\u00e1 m\u00e1s Sub 13 y Sub 15.\" \/>\n<meta property=\"og:url\" content=\"https:\/\/noticiasmercedinas.com\/site\/2026\/09\/05\/trfaf-fronton-goleo-y-defensores-quedo-muy-cerca\/\" \/>\n<meta property=\"og:site_name\" content=\"NOTICIASMERCEDINAS.COM\" \/>\n<meta property=\"article:publisher\" content=\"https:\/\/www.facebook.com\/noticiasmercedinas\/\" \/>\n<meta property=\"article:published_time\" content=\"2026-09-06T02:08:42+00:00\" \/>\n<meta property=\"og:image\" content=\"https:\/\/noticiasmercedinas.com\/site\/wp-content\/uploads\/2026\/09\/IMG_2991.jpg\" \/>\n\t<meta property=\"og:image:width\" content=\"640\" \/>\n\t<meta property=\"og:image:height\" content=\"427\" \/>\n\t<meta property=\"og:image:type\" content=\"image\/jpeg\" \/>\n<meta name=\"author\" content=\"Juan Dagnino NOTICIASMERCEDINAS.COM\" \/>\n<meta name=\"twitter:card\" content=\"summary_large_image\" \/>\n<meta name=\"twitter:creator\" content=\"@notmercedinas\" \/>\n<meta name=\"twitter:site\" content=\"@notmercedinas\" \/>\n<meta name=\"twitter:label1\" content=\"Escrito por\" \/>\n\t<meta name=\"twitter:data1\" content=\"Juan Dagnino NOTICIASMERCEDINAS.COM\" \/>\n\t<meta name=\"twitter:label2\" content=\"Tiempo de lectura\" \/>\n\t<meta name=\"twitter:data2\" content=\"2 minutos\" \/>\n<script type=\"application\/ld+json\" class=\"yoast-schema-graph\">{\"@context\":\"https:\\\/\\\/schema.org\",\"@graph\":[{\"@type\":\"Article\",\"@id\":\"https:\\\/\\\/noticiasmercedinas.com\\\/site\\\/2026\\\/09\\\/05\\\/trfaf-fronton-goleo-y-defensores-quedo-muy-cerca\\\/#article\",\"isPartOf\":{\"@id\":\"https:\\\/\\\/noticiasmercedinas.com\\\/site\\\/2026\\\/09\\\/05\\\/trfaf-fronton-goleo-y-defensores-quedo-muy-cerca\\\/\"},\"author\":{\"name\":\"Juan Dagnino NOTICIASMERCEDINAS.COM\",\"@id\":\"https:\\\/\\\/noticiasmercedinas.com\\\/site\\\/#\\\/schema\\\/person\\\/8f2f09d666ef40986eba4a5e6f2a06f9\"},\"headline\":\"TRFAF: Front\u00f3n gole\u00f3 y Defensores qued\u00f3 muy cerca\",\"datePublished\":\"2026-09-06T02:08:42+00:00\",\"mainEntityOfPage\":{\"@id\":\"https:\\\/\\\/noticiasmercedinas.com\\\/site\\\/2026\\\/09\\\/05\\\/trfaf-fronton-goleo-y-defensores-quedo-muy-cerca\\\/\"},\"wordCount\":254,\"publisher\":{\"@id\":\"https:\\\/\\\/noticiasmercedinas.com\\\/site\\\/#organization\"},\"image\":{\"@id\":\"https:\\\/\\\/noticiasmercedinas.com\\\/site\\\/2026\\\/09\\\/05\\\/trfaf-fronton-goleo-y-defensores-quedo-muy-cerca\\\/#primaryimage\"},\"thumbnailUrl\":\"https:\\\/\\\/noticiasmercedinas.com\\\/site\\\/wp-content\\\/uploads\\\/2026\\\/09\\\/IMG_2991.jpg\",\"keywords\":[\"TRFAF\"],\"articleSection\":[\"Deportes\"],\"inLanguage\":\"es\"},{\"@type\":\"WebPage\",\"@id\":\"https:\\\/\\\/noticiasmercedinas.com\\\/site\\\/2026\\\/09\\\/05\\\/trfaf-fronton-goleo-y-defensores-quedo-muy-cerca\\\/\",\"url\":\"https:\\\/\\\/noticiasmercedinas.com\\\/site\\\/2026\\\/09\\\/05\\\/trfaf-fronton-goleo-y-defensores-quedo-muy-cerca\\\/\",\"name\":\"TRFAF: Front\u00f3n gole\u00f3 y Defensores qued\u00f3 muy cerca\",\"isPartOf\":{\"@id\":\"https:\\\/\\\/noticiasmercedinas.com\\\/site\\\/#website\"},\"primaryImageOfPage\":{\"@id\":\"https:\\\/\\\/noticiasmercedinas.com\\\/site\\\/2026\\\/09\\\/05\\\/trfaf-fronton-goleo-y-defensores-quedo-muy-cerca\\\/#primaryimage\"},\"image\":{\"@id\":\"https:\\\/\\\/noticiasmercedinas.com\\\/site\\\/2026\\\/09\\\/05\\\/trfaf-fronton-goleo-y-defensores-quedo-muy-cerca\\\/#primaryimage\"},\"thumbnailUrl\":\"https:\\\/\\\/noticiasmercedinas.com\\\/site\\\/wp-content\\\/uploads\\\/2026\\\/09\\\/IMG_2991.jpg\",\"datePublished\":\"2026-09-06T02:08:42+00:00\",\"breadcrumb\":{\"@id\":\"https:\\\/\\\/noticiasmercedinas.com\\\/site\\\/2026\\\/09\\\/05\\\/trfaf-fronton-goleo-y-defensores-quedo-muy-cerca\\\/#breadcrumb\"},\"inLanguage\":\"es\",\"potentialAction\":[{\"@type\":\"ReadAction\",\"target\":[\"https:\\\/\\\/noticiasmercedinas.com\\\/site\\\/2026\\\/09\\\/05\\\/trfaf-fronton-goleo-y-defensores-quedo-muy-cerca\\\/\"]}]},{\"@type\":\"ImageObject\",\"inLanguage\":\"es\",\"@id\":\"https:\\\/\\\/noticiasmercedinas.com\\\/site\\\/2026\\\/09\\\/05\\\/trfaf-fronton-goleo-y-defensores-quedo-muy-cerca\\\/#primaryimage\",\"url\":\"https:\\\/\\\/noticiasmercedinas.com\\\/site\\\/wp-content\\\/uploads\\\/2026\\\/09\\\/IMG_2991.jpg\",\"contentUrl\":\"https:\\\/\\\/noticiasmercedinas.com\\\/site\\\/wp-content\\\/uploads\\\/2026\\\/09\\\/IMG_2991.jpg\",\"width\":640,\"height\":427},{\"@type\":\"BreadcrumbList\",\"@id\":\"https:\\\/\\\/noticiasmercedinas.com\\\/site\\\/2026\\\/09\\\/05\\\/trfaf-fronton-goleo-y-defensores-quedo-muy-cerca\\\/#breadcrumb\",\"itemListElement\":[{\"@type\":\"ListItem\",\"position\":1,\"name\":\"Portada\",\"item\":\"https:\\\/\\\/noticiasmercedinas.com\\\/site\\\/\"},{\"@type\":\"ListItem\",\"position\":2,\"name\":\"TRFAF: Front\u00f3n gole\u00f3 y Defensores qued\u00f3 muy cerca\"}]},{\"@type\":\"WebSite\",\"@id\":\"https:\\\/\\\/noticiasmercedinas.com\\\/site\\\/#website\",\"url\":\"https:\\\/\\\/noticiasmercedinas.com\\\/site\\\/\",\"name\":\"NOTICIASMERCEDINAS.COM\",\"description\":\"Mercedes, Buenos Aires, Argentina\",\"publisher\":{\"@id\":\"https:\\\/\\\/noticiasmercedinas.com\\\/site\\\/#organization\"},\"potentialAction\":[{\"@type\":\"SearchAction\",\"target\":{\"@type\":\"EntryPoint\",\"urlTemplate\":\"https:\\\/\\\/noticiasmercedinas.com\\\/site\\\/?s={search_term_string}\"},\"query-input\":{\"@type\":\"PropertyValueSpecification\",\"valueRequired\":true,\"valueName\":\"search_term_string\"}}],\"inLanguage\":\"es\"},{\"@type\":\"Organization\",\"@id\":\"https:\\\/\\\/noticiasmercedinas.com\\\/site\\\/#organization\",\"name\":\"NOTICIASMERCEDINAS.COM\",\"url\":\"https:\\\/\\\/noticiasmercedinas.com\\\/site\\\/\",\"logo\":{\"@type\":\"ImageObject\",\"inLanguage\":\"es\",\"@id\":\"https:\\\/\\\/noticiasmercedinas.com\\\/site\\\/#\\\/schema\\\/logo\\\/image\\\/\",\"url\":\"https:\\\/\\\/noticiasmercedinas.com\\\/site\\\/wp-content\\\/uploads\\\/2020\\\/06\\\/LOGO-512.jpg\",\"contentUrl\":\"https:\\\/\\\/noticiasmercedinas.com\\\/site\\\/wp-content\\\/uploads\\\/2020\\\/06\\\/LOGO-512.jpg\",\"width\":512,\"height\":512,\"caption\":\"NOTICIASMERCEDINAS.COM\"},\"image\":{\"@id\":\"https:\\\/\\\/noticiasmercedinas.com\\\/site\\\/#\\\/schema\\\/logo\\\/image\\\/\"},\"sameAs\":[\"https:\\\/\\\/www.facebook.com\\\/noticiasmercedinas\\\/\",\"https:\\\/\\\/x.com\\\/notmercedinas\",\"https:\\\/\\\/www.instagram.com\\\/noticiasmercedinas\\\/\"]},{\"@type\":\"Person\",\"@id\":\"https:\\\/\\\/noticiasmercedinas.com\\\/site\\\/#\\\/schema\\\/person\\\/8f2f09d666ef40986eba4a5e6f2a06f9\",\"name\":\"Juan Dagnino NOTICIASMERCEDINAS.COM\",\"image\":{\"@type\":\"ImageObject\",\"inLanguage\":\"es\",\"@id\":\"https:\\\/\\\/secure.gravatar.com\\\/avatar\\\/fc7059a769f5a3cae65fadb228a3e4accf3a64b4b2305020d0a27e6d5333c91b?s=96&d=mm&r=g\",\"url\":\"https:\\\/\\\/secure.gravatar.com\\\/avatar\\\/fc7059a769f5a3cae65fadb228a3e4accf3a64b4b2305020d0a27e6d5333c91b?s=96&d=mm&r=g\",\"contentUrl\":\"https:\\\/\\\/secure.gravatar.com\\\/avatar\\\/fc7059a769f5a3cae65fadb228a3e4accf3a64b4b2305020d0a27e6d5333c91b?s=96&d=mm&r=g\",\"caption\":\"Juan Dagnino NOTICIASMERCEDINAS.COM\"},\"url\":\"https:\\\/\\\/noticiasmercedinas.com\\\/site\\\/author\\\/juandagnino\\\/\"}]}<\/script>\n<!-- \/ Yoast SEO plugin. -->","yoast_head_json":{"title":"TRFAF: Front\u00f3n gole\u00f3 y Defensores qued\u00f3 muy cerca","robots":{"index":"index","follow":"follow","max-snippet":"max-snippet:-1","max-image-preview":"max-image-preview:large","max-video-preview":"max-video-preview:-1"},"canonical":"https:\/\/noticiasmercedinas.com\/site\/2026\/09\/05\/trfaf-fronton-goleo-y-defensores-quedo-muy-cerca\/","og_locale":"es_ES","og_type":"article","og_title":"TRFAF: Front\u00f3n gole\u00f3 y Defensores qued\u00f3 muy cerca","og_description":"\u25a0 Un categ\u00f3rico 9 a 0 en Chacabuco posibilit\u00f3 la clasificaci\u00f3n del equipo de San Andr\u00e9s de Giles en Primera Divisi\u00f3n. En al Liga no hubo goles entre el \u201cCeleste\u201d y el representante platense que pas\u00f3 tras el 1-0 de la ida. Este domingo habr\u00e1 m\u00e1s Sub 13 y Sub 15.","og_url":"https:\/\/noticiasmercedinas.com\/site\/2026\/09\/05\/trfaf-fronton-goleo-y-defensores-quedo-muy-cerca\/","og_site_name":"NOTICIASMERCEDINAS.COM","article_publisher":"https:\/\/www.facebook.com\/noticiasmercedinas\/","article_published_time":"2026-09-06T02:08:42+00:00","og_image":[{"width":640,"height":427,"url":"https:\/\/noticiasmercedinas.com\/site\/wp-content\/uploads\/2026\/09\/IMG_2991.jpg","type":"image\/jpeg"}],"author":"Juan Dagnino NOTICIASMERCEDINAS.COM","twitter_card":"summary_large_image","twitter_creator":"@notmercedinas","twitter_site":"@notmercedinas","twitter_misc":{"Escrito por":"Juan Dagnino NOTICIASMERCEDINAS.COM","Tiempo de lectura":"2 minutos"},"schema":{"@context":"https:\/\/schema.org","@graph":[{"@type":"Article","@id":"https:\/\/noticiasmercedinas.com\/site\/2026\/09\/05\/trfaf-fronton-goleo-y-defensores-quedo-muy-cerca\/#article","isPartOf":{"@id":"https:\/\/noticiasmercedinas.com\/site\/2026\/09\/05\/trfaf-fronton-goleo-y-defensores-quedo-muy-cerca\/"},"author":{"name":"Juan Dagnino NOTICIASMERCEDINAS.COM","@id":"https:\/\/noticiasmercedinas.com\/site\/#\/schema\/person\/8f2f09d666ef40986eba4a5e6f2a06f9"},"headline":"TRFAF: Front\u00f3n gole\u00f3 y Defensores qued\u00f3 muy cerca","datePublished":"2026-09-06T02:08:42+00:00","mainEntityOfPage":{"@id":"https:\/\/noticiasmercedinas.com\/site\/2026\/09\/05\/trfaf-fronton-goleo-y-defensores-quedo-muy-cerca\/"},"wordCount":254,"publisher":{"@id":"https:\/\/noticiasmercedinas.com\/site\/#organization"},"image":{"@id":"https:\/\/noticiasmercedinas.com\/site\/2026\/09\/05\/trfaf-fronton-goleo-y-defensores-quedo-muy-cerca\/#primaryimage"},"thumbnailUrl":"https:\/\/noticiasmercedinas.com\/site\/wp-content\/uploads\/2026\/09\/IMG_2991.jpg","keywords":["TRFAF"],"articleSection":["Deportes"],"inLanguage":"es"},{"@type":"WebPage","@id":"https:\/\/noticiasmercedinas.com\/site\/2026\/09\/05\/trfaf-fronton-goleo-y-defensores-quedo-muy-cerca\/","url":"https:\/\/noticiasmercedinas.com\/site\/2026\/09\/05\/trfaf-fronton-goleo-y-defensores-quedo-muy-cerca\/","name":"TRFAF: Front\u00f3n gole\u00f3 y Defensores qued\u00f3 muy cerca","isPartOf":{"@id":"https:\/\/noticiasmercedinas.com\/site\/#website"},"primaryImageOfPage":{"@id":"https:\/\/noticiasmercedinas.com\/site\/2026\/09\/05\/trfaf-fronton-goleo-y-defensores-quedo-muy-cerca\/#primaryimage"},"image":{"@id":"https:\/\/noticiasmercedinas.com\/site\/2026\/09\/05\/trfaf-fronton-goleo-y-defensores-quedo-muy-cerca\/#primaryimage"},"thumbnailUrl":"https:\/\/noticiasmercedinas.com\/site\/wp-content\/uploads\/2026\/09\/IMG_2991.jpg","datePublished":"2026-09-06T02:08:42+00:00","breadcrumb":{"@id":"https:\/\/noticiasmercedinas.com\/site\/2026\/09\/05\/trfaf-fronton-goleo-y-defensores-quedo-muy-cerca\/#breadcrumb"},"inLanguage":"es","potentialAction":[{"@type":"ReadAction","target":["https:\/\/noticiasmercedinas.com\/site\/2026\/09\/05\/trfaf-fronton-goleo-y-defensores-quedo-muy-cerca\/"]}]},{"@type":"ImageObject","inLanguage":"es","@id":"https:\/\/noticiasmercedinas.com\/site\/2026\/09\/05\/trfaf-fronton-goleo-y-defensores-quedo-muy-cerca\/#primaryimage","url":"https:\/\/noticiasmercedinas.com\/site\/wp-content\/uploads\/2026\/09\/IMG_2991.jpg","contentUrl":"https:\/\/noticiasmercedinas.com\/site\/wp-content\/uploads\/2026\/09\/IMG_2991.jpg","width":640,"height":427},{"@type":"BreadcrumbList","@id":"https:\/\/noticiasmercedinas.com\/site\/2026\/09\/05\/trfaf-fronton-goleo-y-defensores-quedo-muy-cerca\/#breadcrumb","itemListElement":[{"@type":"ListItem","position":1,"name":"Portada","item":"https:\/\/noticiasmercedinas.com\/site\/"},{"@type":"ListItem","position":2,"name":"TRFAF: Front\u00f3n gole\u00f3 y Defensores qued\u00f3 muy cerca"}]},{"@type":"WebSite","@id":"https:\/\/noticiasmercedinas.com\/site\/#website","url":"https:\/\/noticiasmercedinas.com\/site\/","name":"NOTICIASMERCEDINAS.COM","description":"Mercedes, Buenos Aires, Argentina","publisher":{"@id":"https:\/\/noticiasmercedinas.com\/site\/#organization"},"potentialAction":[{"@type":"SearchAction","target":{"@type":"EntryPoint","urlTemplate":"https:\/\/noticiasmercedinas.com\/site\/?s={search_term_string}"},"query-input":{"@type":"PropertyValueSpecification","valueRequired":true,"valueName":"search_term_string"}}],"inLanguage":"es"},{"@type":"Organization","@id":"https:\/\/noticiasmercedinas.com\/site\/#organization","name":"NOTICIASMERCEDINAS.COM","url":"https:\/\/noticiasmercedinas.com\/site\/","logo":{"@type":"ImageObject","inLanguage":"es","@id":"https:\/\/noticiasmercedinas.com\/site\/#\/schema\/logo\/image\/","url":"https:\/\/noticiasmercedinas.com\/site\/wp-content\/uploads\/2020\/06\/LOGO-512.jpg","contentUrl":"https:\/\/noticiasmercedinas.com\/site\/wp-content\/uploads\/2020\/06\/LOGO-512.jpg","width":512,"height":512,"caption":"NOTICIASMERCEDINAS.COM"},"image":{"@id":"https:\/\/noticiasmercedinas.com\/site\/#\/schema\/logo\/image\/"},"sameAs":["https:\/\/www.facebook.com\/noticiasmercedinas\/","https:\/\/x.com\/notmercedinas","https:\/\/www.instagram.com\/noticiasmercedinas\/"]},{"@type":"Person","@id":"https:\/\/noticiasmercedinas.com\/site\/#\/schema\/person\/8f2f09d666ef40986eba4a5e6f2a06f9","name":"Juan Dagnino NOTICIASMERCEDINAS.COM","image":{"@type":"ImageObject","inLanguage":"es","@id":"https:\/\/secure.gravatar.com\/avatar\/fc7059a769f5a3cae65fadb228a3e4accf3a64b4b2305020d0a27e6d5333c91b?s=96&d=mm&r=g","url":"https:\/\/secure.gravatar.com\/avatar\/fc7059a769f5a3cae65fadb228a3e4accf3a64b4b2305020d0a27e6d5333c91b?s=96&d=mm&r=g","contentUrl":"https:\/\/secure.gravatar.com\/avatar\/fc7059a769f5a3cae65fadb228a3e4accf3a64b4b2305020d0a27e6d5333c91b?s=96&d=mm&r=g","caption":"Juan Dagnino NOTICIASMERCEDINAS.COM"},"url":"https:\/\/noticiasmercedinas.com\/site\/author\/juandagnino\/"}]}},"amp_enabled":true,"_links":{"self":[{"href":"https:\/\/noticiasmercedinas.com\/site\/wp-json\/wp\/v2\/posts\/194092","targetHints":{"allow":["GET"]}}],"collection":[{"href":"https:\/\/noticiasmercedinas.com\/site\/wp-json\/wp\/v2\/posts"}],"about":[{"href":"https:\/\/noticiasmercedinas.com\/site\/wp-json\/wp\/v2\/types\/post"}],"author":[{"embeddable":true,"href":"https:\/\/noticiasmercedinas.com\/site\/wp-json\/wp\/v2\/users\/6"}],"replies":[{"embeddable":true,"href":"https:\/\/noticiasmercedinas.com\/site\/wp-json\/wp\/v2\/comments?post=194092"}],"version-history":[{"count":1,"href":"https:\/\/noticiasmercedinas.com\/site\/wp-json\/wp\/v2\/posts\/194092\/revisions"}],"predecessor-version":[{"id":194095,"href":"https:\/\/noticiasmercedinas.com\/site\/wp-json\/wp\/v2\/posts\/194092\/revisions\/194095"}],"wp:featuredmedia":[{"embeddable":true,"href":"https:\/\/noticiasmercedinas.com\/site\/wp-json\/wp\/v2\/media\/194093"}],"wp:attachment":[{"href":"https:\/\/noticiasmercedinas.com\/site\/wp-json\/wp\/v2\/media?parent=194092"}],"wp:term":[{"taxonomy":"category","embeddable":true,"href":"https:\/\/noticiasmercedinas.com\/site\/wp-json\/wp\/v2\/categories?post=194092"},{"taxonomy":"post_tag","embeddable":true,"href":"https:\/\/noticiasmercedinas.com\/site\/wp-json\/wp\/v2\/tags?post=194092"}],"curies":[{"name":"wp","href":"https:\/\/api.w.org\/{rel}","templated":true}]}}