{"id":197,"date":"2026-09-02T15:56:23","date_gmt":"2026-09-02T15:56:23","guid":{"rendered":"https:\/\/noticiasmercedinas.com\/site\/?p=197"},"modified":"2026-09-02T13:24:52","modified_gmt":"2026-09-02T16:24:52","slug":"mejoraron-los-accesos-a-la-escuela-23-de-goldney-y-conmemoraron-tres-anos-de-jornada-completa","status":"publish","type":"post","link":"https:\/\/noticiasmercedinas.com\/site\/2026\/09\/02\/mejoraron-los-accesos-a-la-escuela-23-de-goldney-y-conmemoraron-tres-anos-de-jornada-completa\/","title":{"rendered":"Mejoraron los accesos a la Escuela 23 de Goldney y conmemoraron tres a\u00f1os de jornada completa"},"content":{"rendered":"<p data-path-to-node=\"2\"><img loading=\"lazy\" decoding=\"async\" class=\"alignnone wp-image-199 size-full\" src=\"https:\/\/noticiasmercedinas.com\/site\/wp-content\/uploads\/2026\/09\/Ustarroz-Escuela23-1.jpg\" alt=\"\" width=\"1319\" height=\"879\" srcset=\"https:\/\/noticiasmercedinas.com\/site\/wp-content\/uploads\/2026\/09\/Ustarroz-Escuela23-1.jpg 1319w, https:\/\/noticiasmercedinas.com\/site\/wp-content\/uploads\/2026\/09\/Ustarroz-Escuela23-1-300x200.jpg 300w, https:\/\/noticiasmercedinas.com\/site\/wp-content\/uploads\/2026\/09\/Ustarroz-Escuela23-1-1024x682.jpg 1024w, https:\/\/noticiasmercedinas.com\/site\/wp-content\/uploads\/2026\/09\/Ustarroz-Escuela23-1-768x512.jpg 768w, https:\/\/noticiasmercedinas.com\/site\/wp-content\/uploads\/2026\/09\/Ustarroz-Escuela23-1-630x420.jpg 630w, https:\/\/noticiasmercedinas.com\/site\/wp-content\/uploads\/2026\/09\/Ustarroz-Escuela23-1-640x427.jpg 640w, https:\/\/noticiasmercedinas.com\/site\/wp-content\/uploads\/2026\/09\/Ustarroz-Escuela23-1-681x454.jpg 681w\" sizes=\"auto, (max-width: 1319px) 100vw, 1319px\" \/><\/p>\n<p data-path-to-node=\"2\">En el marco de las obras de mantenimiento vial en el sector rural del distrito, se llevaron a cabo trabajos de mejoramiento integral en los accesos a la Escuela N.\u00ba 23, ubicada en la localidad de Goldney.<\/p>\n<p data-path-to-node=\"2\">La intervenci\u00f3n sobre la traza vial incluy\u00f3 tareas de nivelaci\u00f3n y adecuaci\u00f3n de desag\u00fces para facilitar el correcto escurrimiento del agua, garantizando la transitabilidad continua de la comunidad escolar y el ingreso seguro de alumnos, docentes y auxiliares.<\/p>\n<p data-path-to-node=\"3\">Las tareas de infraestructura vial se suman a un hito pedag\u00f3gico relevante para la instituci\u00f3n rural, que cumpli\u00f3 tres a\u00f1os de la implementaci\u00f3n de la modalidad de jornada completa. Esta extensi\u00f3n de la carga horaria posibilit\u00f3 ampliar la propuesta acad\u00e9mica y consolidar nuevas oportunidades formativas para el conjunto de los estudiantes de la zona.<\/p>\n<p data-path-to-node=\"4\">Desde la comunidad educativa y las \u00e1reas intervinientes remarcaron la importancia de sostener la inversi\u00f3n en caminos rurales como eje central para defender la educaci\u00f3n p\u00fablica y asegurar la igualdad de condiciones en el acceso a las aulas en las distintas localidades del partido.<\/p>\n<p data-path-to-node=\"4\"><img loading=\"lazy\" decoding=\"async\" class=\"alignnone wp-image-198 size-full\" src=\"https:\/\/noticiasmercedinas.com\/site\/wp-content\/uploads\/2026\/09\/Ustarroz-Escuela23-2.jpg\" alt=\"\" width=\"1319\" height=\"879\" srcset=\"https:\/\/noticiasmercedinas.com\/site\/wp-content\/uploads\/2026\/09\/Ustarroz-Escuela23-2.jpg 1319w, https:\/\/noticiasmercedinas.com\/site\/wp-content\/uploads\/2026\/09\/Ustarroz-Escuela23-2-300x200.jpg 300w, https:\/\/noticiasmercedinas.com\/site\/wp-content\/uploads\/2026\/09\/Ustarroz-Escuela23-2-1024x682.jpg 1024w, https:\/\/noticiasmercedinas.com\/site\/wp-content\/uploads\/2026\/09\/Ustarroz-Escuela23-2-768x512.jpg 768w, https:\/\/noticiasmercedinas.com\/site\/wp-content\/uploads\/2026\/09\/Ustarroz-Escuela23-2-630x420.jpg 630w, https:\/\/noticiasmercedinas.com\/site\/wp-content\/uploads\/2026\/09\/Ustarroz-Escuela23-2-640x427.jpg 640w, https:\/\/noticiasmercedinas.com\/site\/wp-content\/uploads\/2026\/09\/Ustarroz-Escuela23-2-681x454.jpg 681w\" sizes=\"auto, (max-width: 1319px) 100vw, 1319px\" \/><\/p>\n","protected":false},"excerpt":{"rendered":"<p>\u25a0 La intervenci\u00f3n sobre los caminos rurales facilit\u00f3 el escurrimiento h\u00eddrico para garantizar la transitabilidad diaria de alumnos y docentes. La comunidad educativa celebr\u00f3 adem\u00e1s la consolidaci\u00f3n de la extensi\u00f3n horaria en la instituci\u00f3n.<\/p>\n","protected":false},"author":1,"featured_media":199,"comment_status":"open","ping_status":"open","sticky":false,"template":"","format":"standard","meta":{"footnotes":""},"categories":[18,34],"tags":[30,29],"class_list":["post-197","post","type-post","status-publish","format-standard","has-post-thumbnail","hentry","category-sociedad","category-ultimo-momento","tag-escuela-23","tag-juan-ignacio-ustarroz"],"yoast_head":"<!-- This site is optimized with the Yoast SEO plugin v28.4 - https:\/\/yoast.com\/product\/yoast-seo-wordpress\/ -->\n<title>Mejoraron los accesos a la Escuela 23 de Goldney y conmemoraron tres a\u00f1os de jornada completa - Noticias Mercedinas<\/title>\n<meta name=\"robots\" content=\"index, follow, max-snippet:-1, max-image-preview:large, max-video-preview:-1\" \/>\n<link rel=\"canonical\" href=\"https:\/\/noticiasmercedinas.com\/site\/2026\/09\/02\/mejoraron-los-accesos-a-la-escuela-23-de-goldney-y-conmemoraron-tres-anos-de-jornada-completa\/\" \/>\n<meta property=\"og:locale\" content=\"es_ES\" \/>\n<meta property=\"og:type\" content=\"article\" \/>\n<meta property=\"og:title\" content=\"Mejoraron los accesos a la Escuela 23 de Goldney y conmemoraron tres a\u00f1os de jornada completa - Noticias Mercedinas\" \/>\n<meta property=\"og:description\" content=\"\u25a0 La intervenci\u00f3n sobre los caminos rurales facilit\u00f3 el escurrimiento h\u00eddrico para garantizar la transitabilidad diaria de alumnos y docentes. La comunidad educativa celebr\u00f3 adem\u00e1s la consolidaci\u00f3n de la extensi\u00f3n horaria en la instituci\u00f3n.\" \/>\n<meta property=\"og:url\" content=\"https:\/\/noticiasmercedinas.com\/site\/2026\/09\/02\/mejoraron-los-accesos-a-la-escuela-23-de-goldney-y-conmemoraron-tres-anos-de-jornada-completa\/\" \/>\n<meta property=\"og:site_name\" content=\"Noticias Mercedinas\" \/>\n<meta property=\"article:published_time\" content=\"2026-09-02T15:56:23+00:00\" \/>\n<meta property=\"article:modified_time\" content=\"2026-09-02T16:24:52+00:00\" \/>\n<meta property=\"og:image\" content=\"https:\/\/noticiasmercedinas.com\/site\/wp-content\/uploads\/2026\/09\/Ustarroz-Escuela23-1.jpg\" \/>\n\t<meta property=\"og:image:width\" content=\"1319\" \/>\n\t<meta property=\"og:image:height\" content=\"879\" \/>\n\t<meta property=\"og:image:type\" content=\"image\/jpeg\" \/>\n<meta name=\"author\" content=\"Noticias Mercedinas\" \/>\n<meta name=\"twitter:card\" content=\"summary_large_image\" \/>\n<meta name=\"twitter:label1\" content=\"Escrito por\" \/>\n\t<meta name=\"twitter:data1\" content=\"Noticias Mercedinas\" \/>\n\t<meta name=\"twitter:label2\" content=\"Tiempo de lectura\" \/>\n\t<meta name=\"twitter:data2\" content=\"1 minuto\" \/>\n<script type=\"application\/ld+json\" class=\"yoast-schema-graph\">{\"@context\":\"https:\\\/\\\/schema.org\",\"@graph\":[{\"@type\":\"Article\",\"@id\":\"https:\\\/\\\/noticiasmercedinas.com\\\/site\\\/2026\\\/09\\\/02\\\/mejoraron-los-accesos-a-la-escuela-23-de-goldney-y-conmemoraron-tres-anos-de-jornada-completa\\\/#article\",\"isPartOf\":{\"@id\":\"https:\\\/\\\/noticiasmercedinas.com\\\/site\\\/2026\\\/09\\\/02\\\/mejoraron-los-accesos-a-la-escuela-23-de-goldney-y-conmemoraron-tres-anos-de-jornada-completa\\\/\"},\"author\":{\"name\":\"Noticias Mercedinas\",\"@id\":\"https:\\\/\\\/noticiasmercedinas.com\\\/site\\\/#\\\/schema\\\/person\\\/f72e88bb68f34f14051ca77dd9865f27\"},\"headline\":\"Mejoraron los accesos a la Escuela 23 de Goldney y conmemoraron tres a\u00f1os de jornada completa\",\"datePublished\":\"2026-09-02T15:56:23+00:00\",\"dateModified\":\"2026-09-02T16:24:52+00:00\",\"mainEntityOfPage\":{\"@id\":\"https:\\\/\\\/noticiasmercedinas.com\\\/site\\\/2026\\\/09\\\/02\\\/mejoraron-los-accesos-a-la-escuela-23-de-goldney-y-conmemoraron-tres-anos-de-jornada-completa\\\/\"},\"wordCount\":201,\"commentCount\":0,\"image\":{\"@id\":\"https:\\\/\\\/noticiasmercedinas.com\\\/site\\\/2026\\\/09\\\/02\\\/mejoraron-los-accesos-a-la-escuela-23-de-goldney-y-conmemoraron-tres-anos-de-jornada-completa\\\/#primaryimage\"},\"thumbnailUrl\":\"https:\\\/\\\/noticiasmercedinas.com\\\/site\\\/wp-content\\\/uploads\\\/2026\\\/09\\\/Ustarroz-Escuela23-1.jpg\",\"keywords\":[\"escuela 23\",\"juan ignacio ustarroz\"],\"articleSection\":[\"Sociedad\",\"Ultimo momento\"],\"inLanguage\":\"es\",\"potentialAction\":[{\"@type\":\"CommentAction\",\"name\":\"Comment\",\"target\":[\"https:\\\/\\\/noticiasmercedinas.com\\\/site\\\/2026\\\/09\\\/02\\\/mejoraron-los-accesos-a-la-escuela-23-de-goldney-y-conmemoraron-tres-anos-de-jornada-completa\\\/#respond\"]}]},{\"@type\":\"WebPage\",\"@id\":\"https:\\\/\\\/noticiasmercedinas.com\\\/site\\\/2026\\\/09\\\/02\\\/mejoraron-los-accesos-a-la-escuela-23-de-goldney-y-conmemoraron-tres-anos-de-jornada-completa\\\/\",\"url\":\"https:\\\/\\\/noticiasmercedinas.com\\\/site\\\/2026\\\/09\\\/02\\\/mejoraron-los-accesos-a-la-escuela-23-de-goldney-y-conmemoraron-tres-anos-de-jornada-completa\\\/\",\"name\":\"Mejoraron los accesos a la Escuela 23 de Goldney y conmemoraron tres a\u00f1os de jornada completa - Noticias Mercedinas\",\"isPartOf\":{\"@id\":\"https:\\\/\\\/noticiasmercedinas.com\\\/site\\\/#website\"},\"primaryImageOfPage\":{\"@id\":\"https:\\\/\\\/noticiasmercedinas.com\\\/site\\\/2026\\\/09\\\/02\\\/mejoraron-los-accesos-a-la-escuela-23-de-goldney-y-conmemoraron-tres-anos-de-jornada-completa\\\/#primaryimage\"},\"image\":{\"@id\":\"https:\\\/\\\/noticiasmercedinas.com\\\/site\\\/2026\\\/09\\\/02\\\/mejoraron-los-accesos-a-la-escuela-23-de-goldney-y-conmemoraron-tres-anos-de-jornada-completa\\\/#primaryimage\"},\"thumbnailUrl\":\"https:\\\/\\\/noticiasmercedinas.com\\\/site\\\/wp-content\\\/uploads\\\/2026\\\/09\\\/Ustarroz-Escuela23-1.jpg\",\"datePublished\":\"2026-09-02T15:56:23+00:00\",\"dateModified\":\"2026-09-02T16:24:52+00:00\",\"author\":{\"@id\":\"https:\\\/\\\/noticiasmercedinas.com\\\/site\\\/#\\\/schema\\\/person\\\/f72e88bb68f34f14051ca77dd9865f27\"},\"breadcrumb\":{\"@id\":\"https:\\\/\\\/noticiasmercedinas.com\\\/site\\\/2026\\\/09\\\/02\\\/mejoraron-los-accesos-a-la-escuela-23-de-goldney-y-conmemoraron-tres-anos-de-jornada-completa\\\/#breadcrumb\"},\"inLanguage\":\"es\",\"potentialAction\":[{\"@type\":\"ReadAction\",\"target\":[\"https:\\\/\\\/noticiasmercedinas.com\\\/site\\\/2026\\\/09\\\/02\\\/mejoraron-los-accesos-a-la-escuela-23-de-goldney-y-conmemoraron-tres-anos-de-jornada-completa\\\/\"]}]},{\"@type\":\"ImageObject\",\"inLanguage\":\"es\",\"@id\":\"https:\\\/\\\/noticiasmercedinas.com\\\/site\\\/2026\\\/09\\\/02\\\/mejoraron-los-accesos-a-la-escuela-23-de-goldney-y-conmemoraron-tres-anos-de-jornada-completa\\\/#primaryimage\",\"url\":\"https:\\\/\\\/noticiasmercedinas.com\\\/site\\\/wp-content\\\/uploads\\\/2026\\\/09\\\/Ustarroz-Escuela23-1.jpg\",\"contentUrl\":\"https:\\\/\\\/noticiasmercedinas.com\\\/site\\\/wp-content\\\/uploads\\\/2026\\\/09\\\/Ustarroz-Escuela23-1.jpg\",\"width\":1319,\"height\":879},{\"@type\":\"BreadcrumbList\",\"@id\":\"https:\\\/\\\/noticiasmercedinas.com\\\/site\\\/2026\\\/09\\\/02\\\/mejoraron-los-accesos-a-la-escuela-23-de-goldney-y-conmemoraron-tres-anos-de-jornada-completa\\\/#breadcrumb\",\"itemListElement\":[{\"@type\":\"ListItem\",\"position\":1,\"name\":\"Portada\",\"item\":\"https:\\\/\\\/noticiasmercedinas.com\\\/site\\\/\"},{\"@type\":\"ListItem\",\"position\":2,\"name\":\"Mejoraron los accesos a la Escuela 23 de Goldney y conmemoraron tres a\u00f1os de jornada completa\"}]},{\"@type\":\"WebSite\",\"@id\":\"https:\\\/\\\/noticiasmercedinas.com\\\/site\\\/#website\",\"url\":\"https:\\\/\\\/noticiasmercedinas.com\\\/site\\\/\",\"name\":\"Noticias Mercedinas\",\"description\":\"\",\"potentialAction\":[{\"@type\":\"SearchAction\",\"target\":{\"@type\":\"EntryPoint\",\"urlTemplate\":\"https:\\\/\\\/noticiasmercedinas.com\\\/site\\\/?s={search_term_string}\"},\"query-input\":{\"@type\":\"PropertyValueSpecification\",\"valueRequired\":true,\"valueName\":\"search_term_string\"}}],\"inLanguage\":\"es\"},{\"@type\":\"Person\",\"@id\":\"https:\\\/\\\/noticiasmercedinas.com\\\/site\\\/#\\\/schema\\\/person\\\/f72e88bb68f34f14051ca77dd9865f27\",\"name\":\"Noticias Mercedinas\",\"image\":{\"@type\":\"ImageObject\",\"inLanguage\":\"es\",\"@id\":\"https:\\\/\\\/secure.gravatar.com\\\/avatar\\\/4dfbf16b4d17945bfb6341b2d19043457132fcf478a5ee04f42e959fd8f5df0a?s=96&d=mm&r=g\",\"url\":\"https:\\\/\\\/secure.gravatar.com\\\/avatar\\\/4dfbf16b4d17945bfb6341b2d19043457132fcf478a5ee04f42e959fd8f5df0a?s=96&d=mm&r=g\",\"contentUrl\":\"https:\\\/\\\/secure.gravatar.com\\\/avatar\\\/4dfbf16b4d17945bfb6341b2d19043457132fcf478a5ee04f42e959fd8f5df0a?s=96&d=mm&r=g\",\"caption\":\"Noticias Mercedinas\"},\"sameAs\":[\"https:\\\/\\\/noticiasmercedinas.com\\\/site\"],\"url\":\"https:\\\/\\\/noticiasmercedinas.com\\\/site\\\/author\\\/chinasky\\\/\"}]}<\/script>\n<!-- \/ Yoast SEO plugin. -->","yoast_head_json":{"title":"Mejoraron los accesos a la Escuela 23 de Goldney y conmemoraron tres a\u00f1os de jornada completa - Noticias Mercedinas","robots":{"index":"index","follow":"follow","max-snippet":"max-snippet:-1","max-image-preview":"max-image-preview:large","max-video-preview":"max-video-preview:-1"},"canonical":"https:\/\/noticiasmercedinas.com\/site\/2026\/09\/02\/mejoraron-los-accesos-a-la-escuela-23-de-goldney-y-conmemoraron-tres-anos-de-jornada-completa\/","og_locale":"es_ES","og_type":"article","og_title":"Mejoraron los accesos a la Escuela 23 de Goldney y conmemoraron tres a\u00f1os de jornada completa - Noticias Mercedinas","og_description":"\u25a0 La intervenci\u00f3n sobre los caminos rurales facilit\u00f3 el escurrimiento h\u00eddrico para garantizar la transitabilidad diaria de alumnos y docentes. La comunidad educativa celebr\u00f3 adem\u00e1s la consolidaci\u00f3n de la extensi\u00f3n horaria en la instituci\u00f3n.","og_url":"https:\/\/noticiasmercedinas.com\/site\/2026\/09\/02\/mejoraron-los-accesos-a-la-escuela-23-de-goldney-y-conmemoraron-tres-anos-de-jornada-completa\/","og_site_name":"Noticias Mercedinas","article_published_time":"2026-09-02T15:56:23+00:00","article_modified_time":"2026-09-02T16:24:52+00:00","og_image":[{"width":1319,"height":879,"url":"https:\/\/noticiasmercedinas.com\/site\/wp-content\/uploads\/2026\/09\/Ustarroz-Escuela23-1.jpg","type":"image\/jpeg"}],"author":"Noticias Mercedinas","twitter_card":"summary_large_image","twitter_misc":{"Escrito por":"Noticias Mercedinas","Tiempo de lectura":"1 minuto"},"schema":{"@context":"https:\/\/schema.org","@graph":[{"@type":"Article","@id":"https:\/\/noticiasmercedinas.com\/site\/2026\/09\/02\/mejoraron-los-accesos-a-la-escuela-23-de-goldney-y-conmemoraron-tres-anos-de-jornada-completa\/#article","isPartOf":{"@id":"https:\/\/noticiasmercedinas.com\/site\/2026\/09\/02\/mejoraron-los-accesos-a-la-escuela-23-de-goldney-y-conmemoraron-tres-anos-de-jornada-completa\/"},"author":{"name":"Noticias Mercedinas","@id":"https:\/\/noticiasmercedinas.com\/site\/#\/schema\/person\/f72e88bb68f34f14051ca77dd9865f27"},"headline":"Mejoraron los accesos a la Escuela 23 de Goldney y conmemoraron tres a\u00f1os de jornada completa","datePublished":"2026-09-02T15:56:23+00:00","dateModified":"2026-09-02T16:24:52+00:00","mainEntityOfPage":{"@id":"https:\/\/noticiasmercedinas.com\/site\/2026\/09\/02\/mejoraron-los-accesos-a-la-escuela-23-de-goldney-y-conmemoraron-tres-anos-de-jornada-completa\/"},"wordCount":201,"commentCount":0,"image":{"@id":"https:\/\/noticiasmercedinas.com\/site\/2026\/09\/02\/mejoraron-los-accesos-a-la-escuela-23-de-goldney-y-conmemoraron-tres-anos-de-jornada-completa\/#primaryimage"},"thumbnailUrl":"https:\/\/noticiasmercedinas.com\/site\/wp-content\/uploads\/2026\/09\/Ustarroz-Escuela23-1.jpg","keywords":["escuela 23","juan ignacio ustarroz"],"articleSection":["Sociedad","Ultimo momento"],"inLanguage":"es","potentialAction":[{"@type":"CommentAction","name":"Comment","target":["https:\/\/noticiasmercedinas.com\/site\/2026\/09\/02\/mejoraron-los-accesos-a-la-escuela-23-de-goldney-y-conmemoraron-tres-anos-de-jornada-completa\/#respond"]}]},{"@type":"WebPage","@id":"https:\/\/noticiasmercedinas.com\/site\/2026\/09\/02\/mejoraron-los-accesos-a-la-escuela-23-de-goldney-y-conmemoraron-tres-anos-de-jornada-completa\/","url":"https:\/\/noticiasmercedinas.com\/site\/2026\/09\/02\/mejoraron-los-accesos-a-la-escuela-23-de-goldney-y-conmemoraron-tres-anos-de-jornada-completa\/","name":"Mejoraron los accesos a la Escuela 23 de Goldney y conmemoraron tres a\u00f1os de jornada completa - Noticias Mercedinas","isPartOf":{"@id":"https:\/\/noticiasmercedinas.com\/site\/#website"},"primaryImageOfPage":{"@id":"https:\/\/noticiasmercedinas.com\/site\/2026\/09\/02\/mejoraron-los-accesos-a-la-escuela-23-de-goldney-y-conmemoraron-tres-anos-de-jornada-completa\/#primaryimage"},"image":{"@id":"https:\/\/noticiasmercedinas.com\/site\/2026\/09\/02\/mejoraron-los-accesos-a-la-escuela-23-de-goldney-y-conmemoraron-tres-anos-de-jornada-completa\/#primaryimage"},"thumbnailUrl":"https:\/\/noticiasmercedinas.com\/site\/wp-content\/uploads\/2026\/09\/Ustarroz-Escuela23-1.jpg","datePublished":"2026-09-02T15:56:23+00:00","dateModified":"2026-09-02T16:24:52+00:00","author":{"@id":"https:\/\/noticiasmercedinas.com\/site\/#\/schema\/person\/f72e88bb68f34f14051ca77dd9865f27"},"breadcrumb":{"@id":"https:\/\/noticiasmercedinas.com\/site\/2026\/09\/02\/mejoraron-los-accesos-a-la-escuela-23-de-goldney-y-conmemoraron-tres-anos-de-jornada-completa\/#breadcrumb"},"inLanguage":"es","potentialAction":[{"@type":"ReadAction","target":["https:\/\/noticiasmercedinas.com\/site\/2026\/09\/02\/mejoraron-los-accesos-a-la-escuela-23-de-goldney-y-conmemoraron-tres-anos-de-jornada-completa\/"]}]},{"@type":"ImageObject","inLanguage":"es","@id":"https:\/\/noticiasmercedinas.com\/site\/2026\/09\/02\/mejoraron-los-accesos-a-la-escuela-23-de-goldney-y-conmemoraron-tres-anos-de-jornada-completa\/#primaryimage","url":"https:\/\/noticiasmercedinas.com\/site\/wp-content\/uploads\/2026\/09\/Ustarroz-Escuela23-1.jpg","contentUrl":"https:\/\/noticiasmercedinas.com\/site\/wp-content\/uploads\/2026\/09\/Ustarroz-Escuela23-1.jpg","width":1319,"height":879},{"@type":"BreadcrumbList","@id":"https:\/\/noticiasmercedinas.com\/site\/2026\/09\/02\/mejoraron-los-accesos-a-la-escuela-23-de-goldney-y-conmemoraron-tres-anos-de-jornada-completa\/#breadcrumb","itemListElement":[{"@type":"ListItem","position":1,"name":"Portada","item":"https:\/\/noticiasmercedinas.com\/site\/"},{"@type":"ListItem","position":2,"name":"Mejoraron los accesos a la Escuela 23 de Goldney y conmemoraron tres a\u00f1os de jornada completa"}]},{"@type":"WebSite","@id":"https:\/\/noticiasmercedinas.com\/site\/#website","url":"https:\/\/noticiasmercedinas.com\/site\/","name":"Noticias Mercedinas","description":"","potentialAction":[{"@type":"SearchAction","target":{"@type":"EntryPoint","urlTemplate":"https:\/\/noticiasmercedinas.com\/site\/?s={search_term_string}"},"query-input":{"@type":"PropertyValueSpecification","valueRequired":true,"valueName":"search_term_string"}}],"inLanguage":"es"},{"@type":"Person","@id":"https:\/\/noticiasmercedinas.com\/site\/#\/schema\/person\/f72e88bb68f34f14051ca77dd9865f27","name":"Noticias Mercedinas","image":{"@type":"ImageObject","inLanguage":"es","@id":"https:\/\/secure.gravatar.com\/avatar\/4dfbf16b4d17945bfb6341b2d19043457132fcf478a5ee04f42e959fd8f5df0a?s=96&d=mm&r=g","url":"https:\/\/secure.gravatar.com\/avatar\/4dfbf16b4d17945bfb6341b2d19043457132fcf478a5ee04f42e959fd8f5df0a?s=96&d=mm&r=g","contentUrl":"https:\/\/secure.gravatar.com\/avatar\/4dfbf16b4d17945bfb6341b2d19043457132fcf478a5ee04f42e959fd8f5df0a?s=96&d=mm&r=g","caption":"Noticias Mercedinas"},"sameAs":["https:\/\/noticiasmercedinas.com\/site"],"url":"https:\/\/noticiasmercedinas.com\/site\/author\/chinasky\/"}]}},"_links":{"self":[{"href":"https:\/\/noticiasmercedinas.com\/site\/wp-json\/wp\/v2\/posts\/197","targetHints":{"allow":["GET"]}}],"collection":[{"href":"https:\/\/noticiasmercedinas.com\/site\/wp-json\/wp\/v2\/posts"}],"about":[{"href":"https:\/\/noticiasmercedinas.com\/site\/wp-json\/wp\/v2\/types\/post"}],"author":[{"embeddable":true,"href":"https:\/\/noticiasmercedinas.com\/site\/wp-json\/wp\/v2\/users\/1"}],"replies":[{"embeddable":true,"href":"https:\/\/noticiasmercedinas.com\/site\/wp-json\/wp\/v2\/comments?post=197"}],"version-history":[{"count":1,"href":"https:\/\/noticiasmercedinas.com\/site\/wp-json\/wp\/v2\/posts\/197\/revisions"}],"predecessor-version":[{"id":200,"href":"https:\/\/noticiasmercedinas.com\/site\/wp-json\/wp\/v2\/posts\/197\/revisions\/200"}],"wp:featuredmedia":[{"embeddable":true,"href":"https:\/\/noticiasmercedinas.com\/site\/wp-json\/wp\/v2\/media\/199"}],"wp:attachment":[{"href":"https:\/\/noticiasmercedinas.com\/site\/wp-json\/wp\/v2\/media?parent=197"}],"wp:term":[{"taxonomy":"category","embeddable":true,"href":"https:\/\/noticiasmercedinas.com\/site\/wp-json\/wp\/v2\/categories?post=197"},{"taxonomy":"post_tag","embeddable":true,"href":"https:\/\/noticiasmercedinas.com\/site\/wp-json\/wp\/v2\/tags?post=197"}],"curies":[{"name":"wp","href":"https:\/\/api.w.org\/{rel}","templated":true}]}}