{"id":19711,"date":"2019-05-24T09:02:47","date_gmt":"2019-05-24T12:02:47","guid":{"rendered":"https:\/\/noticiasmercedinas.com\/site\/?p=19711"},"modified":"2019-05-24T09:02:47","modified_gmt":"2019-05-24T12:02:47","slug":"otro-fin-de-semana-de-inter-zonales","status":"publish","type":"post","link":"https:\/\/noticiasmercedinas.com\/site\/2019\/05\/24\/otro-fin-de-semana-de-inter-zonales\/","title":{"rendered":"Otro fin de semana de inter zonales"},"content":{"rendered":"<p><img loading=\"lazy\" decoding=\"async\" class=\"alignnone size-full wp-image-19712\" src=\"https:\/\/noticiasmercedinas.com\/site\/wp-content\/uploads\/2019\/05\/IMG_5213.jpg\" alt=\"\" width=\"650\" height=\"394\" srcset=\"https:\/\/noticiasmercedinas.com\/site\/wp-content\/uploads\/2019\/05\/IMG_5213.jpg 650w, https:\/\/noticiasmercedinas.com\/site\/wp-content\/uploads\/2019\/05\/IMG_5213-300x182.jpg 300w, https:\/\/noticiasmercedinas.com\/site\/wp-content\/uploads\/2019\/05\/IMG_5213-640x388.jpg 640w\" sizes=\"auto, (max-width: 650px) 100vw, 650px\" \/><br \/>\nLa duod\u00e9cima fecha de Primera y Reserva se disputar\u00e1 este fin de semana, de esta manera el f\u00fatbol mayor de la Liga Mercedina\u00a0 tendr\u00e1 sus encuentros inter zonales en cancha de la Liga y el Municipal de Luj\u00e1n el s\u00e1bado 25. Ya el domingo 26 volver\u00e1 a ser la cancha de H\u00e9roes de Malvinas y 60 el escenario m\u00e1s el Municipal de Suipacha y la ciudad de Marcos Paz, tendr\u00e1 fecha libre Palometas. En lo que hace a Reserva la acci\u00f3n se dividir\u00e1 en dos d\u00edas, ya en lo que respecta al Infanto-Juvenil no habr\u00e1 jornada al ser parte del desfile las instituciones de la ciudad.<br \/>\n<strong><br \/>\nPrimera divisi\u00f3n<br \/>\nS\u00e1bado 25 de mayo<br \/>\nCancha: <\/strong>Liga Mercedina.<br \/>\nA las 13 Mercedes vs. Juventud.<br \/>\nA las 15 La Diego Armando vs. Defensores Juniors.<br \/>\nA las 17 Los Carteros vs. Pabell\u00f3n Argentino.<\/p>\n<p><strong>Cancha:<\/strong> Municipal de Luj\u00e1n.<br \/>\nA las 15 El Tim\u00f3n vs. Col\u00f3n.<\/p>\n<p><strong>Domingo 26 de mayo<br \/>\nCancha: <\/strong>Liga Mercedina.<br \/>\nA las 11 Estudiantes vs. Talleres.<br \/>\nA las 13 Quilmes vs. Uni\u00f3n.<br \/>\nA las 15 Holanda vs. El Front\u00f3n.<br \/>\nA las 17 AMEFIP vs. Ateneo.<\/p>\n<p><strong>Cancha: <\/strong>Municipal de Suipacha.<br \/>\nA las 15 Costa Brava vs. Trocha.<\/p>\n<p><strong>Cancha: <\/strong>San Marcos.<br \/>\nA las 15.30 Atl\u00e9tico Marcos Paz vs. V\u00e9lez Sarsfield.<\/p>\n\n<table id=\"tablepress-11\" class=\"tablepress tablepress-id-11\">\n<thead>\n<tr class=\"row-1\">\n\t<th class=\"column-1\">Zona A<\/th><td class=\"column-2\"><\/td><td class=\"column-3\"><\/td><td class=\"column-4\"><\/td><td class=\"column-5\"><\/td><td class=\"column-6\"><\/td><td class=\"column-7\"><\/td><td class=\"column-8\"><\/td><td class=\"column-9\"><\/td><td class=\"column-10\"><\/td>\n<\/tr>\n<\/thead>\n<tbody class=\"row-striping row-hover\">\n<tr class=\"row-2\">\n\t<td class=\"column-1\">Pos<\/td><td class=\"column-2\">Equipos<\/td><td class=\"column-3\">PJ<\/td><td class=\"column-4\">PG<\/td><td class=\"column-5\">PE<\/td><td class=\"column-6\">PP<\/td><td class=\"column-7\">GF<\/td><td class=\"column-8\">GC<\/td><td class=\"column-9\">Dif<\/td><td class=\"column-10\">Pts<\/td>\n<\/tr>\n<tr class=\"row-3\">\n\t<td class=\"column-1\">1<\/td><td class=\"column-2\">Pabell\u00f3n<\/td><td class=\"column-3\">23<\/td><td class=\"column-4\">10<\/td><td class=\"column-5\">8<\/td><td class=\"column-6\">5<\/td><td class=\"column-7\">37<\/td><td class=\"column-8\">28<\/td><td class=\"column-9\">9<\/td><td class=\"column-10\">38<\/td>\n<\/tr>\n<tr class=\"row-4\">\n\t<td class=\"column-1\">2<\/td><td class=\"column-2\">Estudiantes<\/td><td class=\"column-3\">24<\/td><td class=\"column-4\">8<\/td><td class=\"column-5\">9<\/td><td class=\"column-6\">7<\/td><td class=\"column-7\">33<\/td><td class=\"column-8\">27<\/td><td class=\"column-9\">6<\/td><td class=\"column-10\">33<\/td>\n<\/tr>\n<tr class=\"row-5\">\n\t<td class=\"column-1\">3<\/td><td class=\"column-2\">Holanda<\/td><td class=\"column-3\">24<\/td><td class=\"column-4\">8<\/td><td class=\"column-5\">7<\/td><td class=\"column-6\">9<\/td><td class=\"column-7\">32<\/td><td class=\"column-8\">28<\/td><td class=\"column-9\">4<\/td><td class=\"column-10\">31<\/td>\n<\/tr>\n<tr class=\"row-6\">\n\t<td class=\"column-1\">4<\/td><td class=\"column-2\">La Diego Armando <\/td><td class=\"column-3\">24<\/td><td class=\"column-4\">6<\/td><td class=\"column-5\">7<\/td><td class=\"column-6\">11<\/td><td class=\"column-7\">39<\/td><td class=\"column-8\">45<\/td><td class=\"column-9\">-7<\/td><td class=\"column-10\">25<\/td>\n<\/tr>\n<tr class=\"row-7\">\n\t<td class=\"column-1\">5<\/td><td class=\"column-2\">Uni\u00f3n<\/td><td class=\"column-3\">24<\/td><td class=\"column-4\">0<\/td><td class=\"column-5\">1<\/td><td class=\"column-6\">23<\/td><td class=\"column-7\">9<\/td><td class=\"column-8\">108<\/td><td class=\"column-9\">-99<\/td><td class=\"column-10\">1<\/td>\n<\/tr>\n<\/tbody>\n<\/table>\n<!-- #tablepress-11 from cache -->\n\n<table id=\"tablepress-12\" class=\"tablepress tablepress-id-12\">\n<thead>\n<tr class=\"row-1\">\n\t<th class=\"column-1\">Zona B<\/th><td class=\"column-2\"><\/td><td class=\"column-3\"><\/td><td class=\"column-4\"><\/td><td class=\"column-5\"><\/td><td class=\"column-6\"><\/td><td class=\"column-7\"><\/td><td class=\"column-8\"><\/td><td class=\"column-9\"><\/td><td class=\"column-10\"><\/td>\n<\/tr>\n<\/thead>\n<tbody class=\"row-striping row-hover\">\n<tr class=\"row-2\">\n\t<td class=\"column-1\">Pos<\/td><td class=\"column-2\">Equipos<\/td><td class=\"column-3\">PJ<\/td><td class=\"column-4\">PG<\/td><td class=\"column-5\">PE<\/td><td class=\"column-6\">PP<\/td><td class=\"column-7\">GF<\/td><td class=\"column-8\">GC<\/td><td class=\"column-9\">Dif<\/td><td class=\"column-10\">Pts<\/td>\n<\/tr>\n<tr class=\"row-3\">\n\t<td class=\"column-1\">1<\/td><td class=\"column-2\">Trocha<\/td><td class=\"column-3\">24<\/td><td class=\"column-4\">16<\/td><td class=\"column-5\">6<\/td><td class=\"column-6\">2<\/td><td class=\"column-7\">63<\/td><td class=\"column-8\">16<\/td><td class=\"column-9\">47<\/td><td class=\"column-10\">54<\/td>\n<\/tr>\n<tr class=\"row-4\">\n\t<td class=\"column-1\">2<\/td><td class=\"column-2\">Club Mercedes<\/td><td class=\"column-3\">24<\/td><td class=\"column-4\">15<\/td><td class=\"column-5\">7<\/td><td class=\"column-6\">2<\/td><td class=\"column-7\">49<\/td><td class=\"column-8\">22<\/td><td class=\"column-9\">27<\/td><td class=\"column-10\">52<\/td>\n<\/tr>\n<tr class=\"row-5\">\n\t<td class=\"column-1\">3<\/td><td class=\"column-2\">Atl\u00e9tico Marcos Paz<\/td><td class=\"column-3\">24<\/td><td class=\"column-4\">11<\/td><td class=\"column-5\">5<\/td><td class=\"column-6\">8<\/td><td class=\"column-7\">53<\/td><td class=\"column-8\">37<\/td><td class=\"column-9\">16<\/td><td class=\"column-10\">38<\/td>\n<\/tr>\n<tr class=\"row-6\">\n\t<td class=\"column-1\">4<\/td><td class=\"column-2\">Ateneo de la Juventud<\/td><td class=\"column-3\">24<\/td><td class=\"column-4\">9<\/td><td class=\"column-5\">4<\/td><td class=\"column-6\">11<\/td><td class=\"column-7\">44<\/td><td class=\"column-8\">40<\/td><td class=\"column-9\">4<\/td><td class=\"column-10\">31<\/td>\n<\/tr>\n<tr class=\"row-7\">\n\t<td class=\"column-1\">5<\/td><td class=\"column-2\">Col\u00f3n<\/td><td class=\"column-3\">24<\/td><td class=\"column-4\">5<\/td><td class=\"column-5\">10<\/td><td class=\"column-6\">9<\/td><td class=\"column-7\">26<\/td><td class=\"column-8\">30<\/td><td class=\"column-9\">-4<\/td><td class=\"column-10\">25<\/td>\n<\/tr>\n<\/tbody>\n<\/table>\n<!-- #tablepress-12 from cache -->\n\n<table id=\"tablepress-13\" class=\"tablepress tablepress-id-13\">\n<thead>\n<tr class=\"row-1\">\n\t<th class=\"column-1\">Zona C<\/th><td class=\"column-2\"><\/td><td class=\"column-3\"><\/td><td class=\"column-4\"><\/td><td class=\"column-5\"><\/td><td class=\"column-6\"><\/td><td class=\"column-7\"><\/td><td class=\"column-8\"><\/td><td class=\"column-9\"><\/td><td class=\"column-10\"><\/td>\n<\/tr>\n<\/thead>\n<tbody class=\"row-striping row-hover\">\n<tr class=\"row-2\">\n\t<td class=\"column-1\">Pos<\/td><td class=\"column-2\">Equipos<\/td><td class=\"column-3\">PJ<\/td><td class=\"column-4\">PG<\/td><td class=\"column-5\">PE<\/td><td class=\"column-6\">PP<\/td><td class=\"column-7\">GF<\/td><td class=\"column-8\">GC<\/td><td class=\"column-9\">Dif<\/td><td class=\"column-10\">Pts<\/td>\n<\/tr>\n<tr class=\"row-3\">\n\t<td class=\"column-1\">1<\/td><td class=\"column-2\">El Front\u00f3n<\/td><td class=\"column-3\">24<\/td><td class=\"column-4\">17<\/td><td class=\"column-5\">5<\/td><td class=\"column-6\">2<\/td><td class=\"column-7\">66<\/td><td class=\"column-8\">14<\/td><td class=\"column-9\">52<\/td><td class=\"column-10\">56<\/td>\n<\/tr>\n<tr class=\"row-4\">\n\t<td class=\"column-1\">2<\/td><td class=\"column-2\">Los Carteros<\/td><td class=\"column-3\">24<\/td><td class=\"column-4\">11<\/td><td class=\"column-5\">7<\/td><td class=\"column-6\">6<\/td><td class=\"column-7\">47<\/td><td class=\"column-8\">23<\/td><td class=\"column-9\">24<\/td><td class=\"column-10\">40<\/td>\n<\/tr>\n<tr class=\"row-5\">\n\t<td class=\"column-1\">3<\/td><td class=\"column-2\">Quilmes<\/td><td class=\"column-3\">24<\/td><td class=\"column-4\">11<\/td><td class=\"column-5\">6<\/td><td class=\"column-6\">7<\/td><td class=\"column-7\">37<\/td><td class=\"column-8\">33<\/td><td class=\"column-9\">4<\/td><td class=\"column-10\">39<\/td>\n<\/tr>\n<tr class=\"row-6\">\n\t<td class=\"column-1\">4<\/td><td class=\"column-2\">Defensores<\/td><td class=\"column-3\">23<\/td><td class=\"column-4\">5<\/td><td class=\"column-5\">3<\/td><td class=\"column-6\">16<\/td><td class=\"column-7\">30<\/td><td class=\"column-8\">58<\/td><td class=\"column-9\">-28<\/td><td class=\"column-10\">18<\/td>\n<\/tr>\n<tr class=\"row-7\">\n\t<td class=\"column-1\">5<\/td><td class=\"column-2\">Talleres<\/td><td class=\"column-3\">23<\/td><td class=\"column-4\">1<\/td><td class=\"column-5\">2<\/td><td class=\"column-6\">20<\/td><td class=\"column-7\">15<\/td><td class=\"column-8\">109<\/td><td class=\"column-9\">-94<\/td><td class=\"column-10\">5<\/td>\n<\/tr>\n<\/tbody>\n<\/table>\n<!-- #tablepress-13 from cache -->\n\n<table id=\"tablepress-14\" class=\"tablepress tablepress-id-14\">\n<thead>\n<tr class=\"row-1\">\n\t<th class=\"column-1\">Zona D<\/th><td class=\"column-2\"><\/td><td class=\"column-3\"><\/td><td class=\"column-4\"><\/td><td class=\"column-5\"><\/td><td class=\"column-6\"><\/td><td class=\"column-7\"><\/td><td class=\"column-8\"><\/td><td class=\"column-9\"><\/td><td class=\"column-10\"><\/td>\n<\/tr>\n<\/thead>\n<tbody class=\"row-striping row-hover\">\n<tr class=\"row-2\">\n\t<td class=\"column-1\">Pos<\/td><td class=\"column-2\">Equipos<\/td><td class=\"column-3\">PJ<\/td><td class=\"column-4\">PG<\/td><td class=\"column-5\">PE<\/td><td class=\"column-6\">PP<\/td><td class=\"column-7\">GF<\/td><td class=\"column-8\">GC<\/td><td class=\"column-9\">Dif<\/td><td class=\"column-10\">Pts<\/td>\n<\/tr>\n<tr class=\"row-3\">\n\t<td class=\"column-1\">1<\/td><td class=\"column-2\">Juventud<\/td><td class=\"column-3\">25<\/td><td class=\"column-4\">18<\/td><td class=\"column-5\">2<\/td><td class=\"column-6\">5<\/td><td class=\"column-7\">58<\/td><td class=\"column-8\">24<\/td><td class=\"column-9\">34<\/td><td class=\"column-10\">56<\/td>\n<\/tr>\n<tr class=\"row-4\">\n\t<td class=\"column-1\">2<\/td><td class=\"column-2\">V\u00e9lez<\/td><td class=\"column-3\">25<\/td><td class=\"column-4\">11<\/td><td class=\"column-5\">7<\/td><td class=\"column-6\">7<\/td><td class=\"column-7\">49<\/td><td class=\"column-8\">34<\/td><td class=\"column-9\">14<\/td><td class=\"column-10\">40<\/td>\n<\/tr>\n<tr class=\"row-5\">\n\t<td class=\"column-1\">3<\/td><td class=\"column-2\">El Tim\u00f3n<\/td><td class=\"column-3\">25<\/td><td class=\"column-4\">11<\/td><td class=\"column-5\">5<\/td><td class=\"column-6\">9<\/td><td class=\"column-7\">43<\/td><td class=\"column-8\">32<\/td><td class=\"column-9\">11<\/td><td class=\"column-10\">38<\/td>\n<\/tr>\n<tr class=\"row-6\">\n\t<td class=\"column-1\">4<\/td><td class=\"column-2\">AMEFIP San Mart\u00edn<\/td><td class=\"column-3\">25<\/td><td class=\"column-4\">11<\/td><td class=\"column-5\">3<\/td><td class=\"column-6\">11<\/td><td class=\"column-7\">51<\/td><td class=\"column-8\">36<\/td><td class=\"column-9\">15<\/td><td class=\"column-10\">36<\/td>\n<\/tr>\n<tr class=\"row-7\">\n\t<td class=\"column-1\">5<\/td><td class=\"column-2\">Palometas FC<\/td><td class=\"column-3\">25<\/td><td class=\"column-4\">10<\/td><td class=\"column-5\">6<\/td><td class=\"column-6\">9<\/td><td class=\"column-7\">47<\/td><td class=\"column-8\">42<\/td><td class=\"column-9\">5<\/td><td class=\"column-10\">36<\/td>\n<\/tr>\n<tr class=\"row-8\">\n\t<td class=\"column-1\">6<\/td><td class=\"column-2\">Costa Brava<\/td><td class=\"column-3\">25<\/td><td class=\"column-4\">2<\/td><td class=\"column-5\">5<\/td><td class=\"column-6\">18<\/td><td class=\"column-7\">19<\/td><td class=\"column-8\">64<\/td><td class=\"column-9\">-45<\/td><td class=\"column-10\">11<\/td>\n<\/tr>\n<\/tbody>\n<\/table>\n<!-- #tablepress-14 from cache -->\n<p><strong>Reserva<br \/>\nS\u00e1bado 25 de mayo<br \/>\nCancha: <\/strong>Mercedes.<br \/>\nA las 12.45 La Diego Armando vs. Defensores Juniors.<br \/>\nA las 16 Mercedes vs. Juventud.<\/p>\n<p><strong>Cancha: <\/strong>Municipal de Luj\u00e1n.<br \/>\nA las 13 El Tim\u00f3n vs. Col\u00f3n.<\/p>\n<p><strong>Cancha: <\/strong>Quilmes.<br \/>\nA las 14 Quilmes vs. Uni\u00f3n.<br \/>\nA las 15.45 Holanda vs. El Front\u00f3n.<\/p>\n<p><strong>Cancha: <\/strong>Los Carteros.<br \/>\nA las 14 Los Carteros vs. Pabell\u00f3n Argentino.<br \/>\nA las 15.45 Estudiantes vs. Talleres.<\/p>\n<p><strong>Domingo 26 de mayo<br \/>\nCancha: <\/strong>V\u00e9lez Sarsfield.<br \/>\nA las 13 AMEFIIP San Mart\u00edn vs. Ateneo.<\/p>\n<p><strong>Cancha: <\/strong>Costa Brava.<br \/>\nA las 15 Costa Brava vs. Trocha.<\/p>\n<p><strong>Cancha: <\/strong>San Marcos.<br \/>\nA las 13.30 Atl\u00e9tico Marcos Paz vs. V\u00e9lez Sarsfield.<\/p>\n\n<table id=\"tablepress-25\" class=\"tablepress tablepress-id-25\">\n<thead>\n<tr class=\"row-1\">\n\t<th class=\"column-1\">Reserva Zona A<\/th><td class=\"column-2\"><\/td><td class=\"column-3\"><\/td>\n<\/tr>\n<\/thead>\n<tbody class=\"row-striping row-hover\">\n<tr class=\"row-2\">\n\t<td class=\"column-1\">Equipos<\/td><td class=\"column-2\">PJ<\/td><td class=\"column-3\">Pts<\/td>\n<\/tr>\n<tr class=\"row-3\">\n\t<td class=\"column-1\">Pabell\u00f3n<\/td><td class=\"column-2\">24<\/td><td class=\"column-3\">43<\/td>\n<\/tr>\n<tr class=\"row-4\">\n\t<td class=\"column-1\">Holanda<\/td><td class=\"column-2\">24<\/td><td class=\"column-3\">37<\/td>\n<\/tr>\n<tr class=\"row-5\">\n\t<td class=\"column-1\">Diego Armando<\/td><td class=\"column-2\">23<\/td><td class=\"column-3\">33<\/td>\n<\/tr>\n<tr class=\"row-6\">\n\t<td class=\"column-1\">Estudiantes<\/td><td class=\"column-2\">24<\/td><td class=\"column-3\">33<\/td>\n<\/tr>\n<tr class=\"row-7\">\n\t<td class=\"column-1\">Uni\u00f3n<\/td><td class=\"column-2\">24<\/td><td class=\"column-3\">0<\/td>\n<\/tr>\n<\/tbody>\n<\/table>\n<!-- #tablepress-25 from cache -->\n\n<table id=\"tablepress-26\" class=\"tablepress tablepress-id-26\">\n<thead>\n<tr class=\"row-1\">\n\t<th class=\"column-1\">Reserva Zona B<\/th><td class=\"column-2\"><\/td><td class=\"column-3\"><\/td>\n<\/tr>\n<\/thead>\n<tbody class=\"row-striping row-hover\">\n<tr class=\"row-2\">\n\t<td class=\"column-1\">Equipos<\/td><td class=\"column-2\">PJ<\/td><td class=\"column-3\">Pts<\/td>\n<\/tr>\n<tr class=\"row-3\">\n\t<td class=\"column-1\">Mercedes<\/td><td class=\"column-2\">24<\/td><td class=\"column-3\">54<\/td>\n<\/tr>\n<tr class=\"row-4\">\n\t<td class=\"column-1\">Ateneo<\/td><td class=\"column-2\">23<\/td><td class=\"column-3\">44<\/td>\n<\/tr>\n<tr class=\"row-5\">\n\t<td class=\"column-1\">Col\u00f3n<\/td><td class=\"column-2\">24<\/td><td class=\"column-3\">38<\/td>\n<\/tr>\n<tr class=\"row-6\">\n\t<td class=\"column-1\">Trocha<\/td><td class=\"column-2\">24<\/td><td class=\"column-3\">36<\/td>\n<\/tr>\n<tr class=\"row-7\">\n\t<td class=\"column-1\">A. Marcos Paz<\/td><td class=\"column-2\">23<\/td><td class=\"column-3\">22<\/td>\n<\/tr>\n<\/tbody>\n<\/table>\n<!-- #tablepress-26 from cache -->\n\n<table id=\"tablepress-27\" class=\"tablepress tablepress-id-27\">\n<thead>\n<tr class=\"row-1\">\n\t<th class=\"column-1\">Reserva Zona C<\/th><td class=\"column-2\"><\/td><td class=\"column-3\"><\/td>\n<\/tr>\n<\/thead>\n<tbody class=\"row-striping row-hover\">\n<tr class=\"row-2\">\n\t<td class=\"column-1\">Equipos<\/td><td class=\"column-2\">PJ<\/td><td class=\"column-3\">Pts<\/td>\n<\/tr>\n<tr class=\"row-3\">\n\t<td class=\"column-1\">El Front\u00f3n<\/td><td class=\"column-2\">24<\/td><td class=\"column-3\">52<\/td>\n<\/tr>\n<tr class=\"row-4\">\n\t<td class=\"column-1\">Quilmes<\/td><td class=\"column-2\">23<\/td><td class=\"column-3\">37<\/td>\n<\/tr>\n<tr class=\"row-5\">\n\t<td class=\"column-1\">Los Carteros<\/td><td class=\"column-2\">23<\/td><td class=\"column-3\">30<\/td>\n<\/tr>\n<tr class=\"row-6\">\n\t<td class=\"column-1\">Defensores<\/td><td class=\"column-2\">24<\/td><td class=\"column-3\">26<\/td>\n<\/tr>\n<tr class=\"row-7\">\n\t<td class=\"column-1\">Talleres<\/td><td class=\"column-2\">23<\/td><td class=\"column-3\">24<\/td>\n<\/tr>\n<\/tbody>\n<\/table>\n<!-- #tablepress-27 from cache -->\n\n<table id=\"tablepress-28\" class=\"tablepress tablepress-id-28\">\n<thead>\n<tr class=\"row-1\">\n\t<th class=\"column-1\">Reserva Zona D<\/th><td class=\"column-2\"><\/td><td class=\"column-3\"><\/td>\n<\/tr>\n<\/thead>\n<tbody class=\"row-striping row-hover\">\n<tr class=\"row-2\">\n\t<td class=\"column-1\">Equipos<\/td><td class=\"column-2\">PJ<\/td><td class=\"column-3\">Pts<\/td>\n<\/tr>\n<tr class=\"row-3\">\n\t<td class=\"column-1\">V\u00e9lez<\/td><td class=\"column-2\">25<\/td><td class=\"column-3\">51<\/td>\n<\/tr>\n<tr class=\"row-4\">\n\t<td class=\"column-1\">Juventud<\/td><td class=\"column-2\">25<\/td><td class=\"column-3\">45<\/td>\n<\/tr>\n<tr class=\"row-5\">\n\t<td class=\"column-1\">AMEFIP San Mart\u00edn<\/td><td class=\"column-2\">24<\/td><td class=\"column-3\">32<\/td>\n<\/tr>\n<tr class=\"row-6\">\n\t<td class=\"column-1\">Palometas<\/td><td class=\"column-2\">25<\/td><td class=\"column-3\">28<\/td>\n<\/tr>\n<tr class=\"row-7\">\n\t<td class=\"column-1\">Costa Brava<\/td><td class=\"column-2\">24<\/td><td class=\"column-3\">25<\/td>\n<\/tr>\n<tr class=\"row-8\">\n\t<td class=\"column-1\">El Tim\u00f3n<\/td><td class=\"column-2\">24<\/td><td class=\"column-3\">16<\/td>\n<\/tr>\n<\/tbody>\n<\/table>\n<!-- #tablepress-28 from cache -->\n","protected":false},"excerpt":{"rendered":"<p>La duod\u00e9cima fecha de Primera y Reserva se disputar\u00e1 este fin de semana, de esta manera el f\u00fatbol mayor de la Liga Mercedina\u00a0 tendr\u00e1 sus encuentros inter zonales en cancha de la Liga y el Municipal de Luj\u00e1n el s\u00e1bado 25. Ya el domingo 26 volver\u00e1 a ser la cancha de H\u00e9roes de Malvinas y [&hellip;]<\/p>\n","protected":false},"author":6,"featured_media":19712,"comment_status":"open","ping_status":"open","sticky":false,"template":"","format":"standard","meta":{"footnotes":""},"categories":[5],"tags":[4852,592],"class_list":["post-19711","post","type-post","status-publish","format-standard","has-post-thumbnail","hentry","category-deportes","tag-liga-meercedina-de-futbol","tag-reserva"],"yoast_head":"<!-- This site is optimized with the Yoast SEO plugin v27.5 - https:\/\/yoast.com\/product\/yoast-seo-wordpress\/ -->\n<title>Otro fin de semana de inter zonales<\/title>\n<meta name=\"robots\" content=\"index, follow, max-snippet:-1, max-image-preview:large, max-video-preview:-1\" \/>\n<link rel=\"canonical\" href=\"https:\/\/noticiasmercedinas.com\/site\/2019\/05\/24\/otro-fin-de-semana-de-inter-zonales\/\" \/>\n<meta property=\"og:locale\" content=\"es_ES\" \/>\n<meta property=\"og:type\" content=\"article\" \/>\n<meta property=\"og:title\" content=\"Otro fin de semana de inter zonales\" \/>\n<meta property=\"og:description\" content=\"La duod\u00e9cima fecha de Primera y Reserva se disputar\u00e1 este fin de semana, de esta manera el f\u00fatbol mayor de la Liga Mercedina\u00a0 tendr\u00e1 sus encuentros inter zonales en cancha de la Liga y el Municipal de Luj\u00e1n el s\u00e1bado 25. Ya el domingo 26 volver\u00e1 a ser la cancha de H\u00e9roes de Malvinas y [&hellip;]\" \/>\n<meta property=\"og:url\" content=\"https:\/\/noticiasmercedinas.com\/site\/2019\/05\/24\/otro-fin-de-semana-de-inter-zonales\/\" \/>\n<meta property=\"og:site_name\" content=\"NOTICIASMERCEDINAS.COM\" \/>\n<meta property=\"article:publisher\" content=\"https:\/\/www.facebook.com\/noticiasmercedinas\/\" \/>\n<meta property=\"article:published_time\" content=\"2019-05-24T12:02:47+00:00\" \/>\n<meta property=\"og:image\" content=\"https:\/\/noticiasmercedinas.com\/site\/wp-content\/uploads\/2019\/05\/IMG_5213.jpg\" \/>\n\t<meta property=\"og:image:width\" content=\"650\" \/>\n\t<meta property=\"og:image:height\" content=\"394\" \/>\n\t<meta property=\"og:image:type\" content=\"image\/jpeg\" \/>\n<meta name=\"author\" content=\"Juan Dagnino NOTICIASMERCEDINAS.COM\" \/>\n<meta name=\"twitter:card\" content=\"summary_large_image\" \/>\n<meta name=\"twitter:creator\" content=\"@notmercedinas\" \/>\n<meta name=\"twitter:site\" content=\"@notmercedinas\" \/>\n<meta name=\"twitter:label1\" content=\"Escrito por\" \/>\n\t<meta name=\"twitter:data1\" content=\"Juan Dagnino NOTICIASMERCEDINAS.COM\" \/>\n\t<meta name=\"twitter:label2\" content=\"Tiempo de lectura\" \/>\n\t<meta name=\"twitter:data2\" content=\"2 minutos\" \/>\n<script type=\"application\/ld+json\" class=\"yoast-schema-graph\">{\"@context\":\"https:\\\/\\\/schema.org\",\"@graph\":[{\"@type\":\"Article\",\"@id\":\"https:\\\/\\\/noticiasmercedinas.com\\\/site\\\/2019\\\/05\\\/24\\\/otro-fin-de-semana-de-inter-zonales\\\/#article\",\"isPartOf\":{\"@id\":\"https:\\\/\\\/noticiasmercedinas.com\\\/site\\\/2019\\\/05\\\/24\\\/otro-fin-de-semana-de-inter-zonales\\\/\"},\"author\":{\"name\":\"Juan Dagnino NOTICIASMERCEDINAS.COM\",\"@id\":\"https:\\\/\\\/noticiasmercedinas.com\\\/site\\\/#\\\/schema\\\/person\\\/8f2f09d666ef40986eba4a5e6f2a06f9\"},\"headline\":\"Otro fin de semana de inter zonales\",\"datePublished\":\"2019-05-24T12:02:47+00:00\",\"mainEntityOfPage\":{\"@id\":\"https:\\\/\\\/noticiasmercedinas.com\\\/site\\\/2019\\\/05\\\/24\\\/otro-fin-de-semana-de-inter-zonales\\\/\"},\"wordCount\":331,\"commentCount\":0,\"publisher\":{\"@id\":\"https:\\\/\\\/noticiasmercedinas.com\\\/site\\\/#organization\"},\"image\":{\"@id\":\"https:\\\/\\\/noticiasmercedinas.com\\\/site\\\/2019\\\/05\\\/24\\\/otro-fin-de-semana-de-inter-zonales\\\/#primaryimage\"},\"thumbnailUrl\":\"https:\\\/\\\/noticiasmercedinas.com\\\/site\\\/wp-content\\\/uploads\\\/2019\\\/05\\\/IMG_5213.jpg\",\"keywords\":[\"Liga Meercedina de F\u00fatbol\",\"reserva\"],\"articleSection\":[\"Deportes\"],\"inLanguage\":\"es\",\"potentialAction\":[{\"@type\":\"CommentAction\",\"name\":\"Comment\",\"target\":[\"https:\\\/\\\/noticiasmercedinas.com\\\/site\\\/2019\\\/05\\\/24\\\/otro-fin-de-semana-de-inter-zonales\\\/#respond\"]}]},{\"@type\":\"WebPage\",\"@id\":\"https:\\\/\\\/noticiasmercedinas.com\\\/site\\\/2019\\\/05\\\/24\\\/otro-fin-de-semana-de-inter-zonales\\\/\",\"url\":\"https:\\\/\\\/noticiasmercedinas.com\\\/site\\\/2019\\\/05\\\/24\\\/otro-fin-de-semana-de-inter-zonales\\\/\",\"name\":\"Otro fin de semana de inter zonales\",\"isPartOf\":{\"@id\":\"https:\\\/\\\/noticiasmercedinas.com\\\/site\\\/#website\"},\"primaryImageOfPage\":{\"@id\":\"https:\\\/\\\/noticiasmercedinas.com\\\/site\\\/2019\\\/05\\\/24\\\/otro-fin-de-semana-de-inter-zonales\\\/#primaryimage\"},\"image\":{\"@id\":\"https:\\\/\\\/noticiasmercedinas.com\\\/site\\\/2019\\\/05\\\/24\\\/otro-fin-de-semana-de-inter-zonales\\\/#primaryimage\"},\"thumbnailUrl\":\"https:\\\/\\\/noticiasmercedinas.com\\\/site\\\/wp-content\\\/uploads\\\/2019\\\/05\\\/IMG_5213.jpg\",\"datePublished\":\"2019-05-24T12:02:47+00:00\",\"breadcrumb\":{\"@id\":\"https:\\\/\\\/noticiasmercedinas.com\\\/site\\\/2019\\\/05\\\/24\\\/otro-fin-de-semana-de-inter-zonales\\\/#breadcrumb\"},\"inLanguage\":\"es\",\"potentialAction\":[{\"@type\":\"ReadAction\",\"target\":[\"https:\\\/\\\/noticiasmercedinas.com\\\/site\\\/2019\\\/05\\\/24\\\/otro-fin-de-semana-de-inter-zonales\\\/\"]}]},{\"@type\":\"ImageObject\",\"inLanguage\":\"es\",\"@id\":\"https:\\\/\\\/noticiasmercedinas.com\\\/site\\\/2019\\\/05\\\/24\\\/otro-fin-de-semana-de-inter-zonales\\\/#primaryimage\",\"url\":\"https:\\\/\\\/noticiasmercedinas.com\\\/site\\\/wp-content\\\/uploads\\\/2019\\\/05\\\/IMG_5213.jpg\",\"contentUrl\":\"https:\\\/\\\/noticiasmercedinas.com\\\/site\\\/wp-content\\\/uploads\\\/2019\\\/05\\\/IMG_5213.jpg\",\"width\":650,\"height\":394},{\"@type\":\"BreadcrumbList\",\"@id\":\"https:\\\/\\\/noticiasmercedinas.com\\\/site\\\/2019\\\/05\\\/24\\\/otro-fin-de-semana-de-inter-zonales\\\/#breadcrumb\",\"itemListElement\":[{\"@type\":\"ListItem\",\"position\":1,\"name\":\"Portada\",\"item\":\"https:\\\/\\\/noticiasmercedinas.com\\\/site\\\/\"},{\"@type\":\"ListItem\",\"position\":2,\"name\":\"Otro fin de semana de inter zonales\"}]},{\"@type\":\"WebSite\",\"@id\":\"https:\\\/\\\/noticiasmercedinas.com\\\/site\\\/#website\",\"url\":\"https:\\\/\\\/noticiasmercedinas.com\\\/site\\\/\",\"name\":\"NOTICIASMERCEDINAS.COM\",\"description\":\"Mercedes, Buenos Aires, Argentina\",\"publisher\":{\"@id\":\"https:\\\/\\\/noticiasmercedinas.com\\\/site\\\/#organization\"},\"potentialAction\":[{\"@type\":\"SearchAction\",\"target\":{\"@type\":\"EntryPoint\",\"urlTemplate\":\"https:\\\/\\\/noticiasmercedinas.com\\\/site\\\/?s={search_term_string}\"},\"query-input\":{\"@type\":\"PropertyValueSpecification\",\"valueRequired\":true,\"valueName\":\"search_term_string\"}}],\"inLanguage\":\"es\"},{\"@type\":\"Organization\",\"@id\":\"https:\\\/\\\/noticiasmercedinas.com\\\/site\\\/#organization\",\"name\":\"NOTICIASMERCEDINAS.COM\",\"url\":\"https:\\\/\\\/noticiasmercedinas.com\\\/site\\\/\",\"logo\":{\"@type\":\"ImageObject\",\"inLanguage\":\"es\",\"@id\":\"https:\\\/\\\/noticiasmercedinas.com\\\/site\\\/#\\\/schema\\\/logo\\\/image\\\/\",\"url\":\"https:\\\/\\\/noticiasmercedinas.com\\\/site\\\/wp-content\\\/uploads\\\/2020\\\/06\\\/LOGO-512.jpg\",\"contentUrl\":\"https:\\\/\\\/noticiasmercedinas.com\\\/site\\\/wp-content\\\/uploads\\\/2020\\\/06\\\/LOGO-512.jpg\",\"width\":512,\"height\":512,\"caption\":\"NOTICIASMERCEDINAS.COM\"},\"image\":{\"@id\":\"https:\\\/\\\/noticiasmercedinas.com\\\/site\\\/#\\\/schema\\\/logo\\\/image\\\/\"},\"sameAs\":[\"https:\\\/\\\/www.facebook.com\\\/noticiasmercedinas\\\/\",\"https:\\\/\\\/x.com\\\/notmercedinas\",\"https:\\\/\\\/www.instagram.com\\\/noticiasmercedinas\\\/\"]},{\"@type\":\"Person\",\"@id\":\"https:\\\/\\\/noticiasmercedinas.com\\\/site\\\/#\\\/schema\\\/person\\\/8f2f09d666ef40986eba4a5e6f2a06f9\",\"name\":\"Juan Dagnino NOTICIASMERCEDINAS.COM\",\"image\":{\"@type\":\"ImageObject\",\"inLanguage\":\"es\",\"@id\":\"https:\\\/\\\/secure.gravatar.com\\\/avatar\\\/fc7059a769f5a3cae65fadb228a3e4accf3a64b4b2305020d0a27e6d5333c91b?s=96&d=mm&r=g\",\"url\":\"https:\\\/\\\/secure.gravatar.com\\\/avatar\\\/fc7059a769f5a3cae65fadb228a3e4accf3a64b4b2305020d0a27e6d5333c91b?s=96&d=mm&r=g\",\"contentUrl\":\"https:\\\/\\\/secure.gravatar.com\\\/avatar\\\/fc7059a769f5a3cae65fadb228a3e4accf3a64b4b2305020d0a27e6d5333c91b?s=96&d=mm&r=g\",\"caption\":\"Juan Dagnino NOTICIASMERCEDINAS.COM\"},\"url\":\"https:\\\/\\\/noticiasmercedinas.com\\\/site\\\/author\\\/juandagnino\\\/\"}]}<\/script>\n<!-- \/ Yoast SEO plugin. -->","yoast_head_json":{"title":"Otro fin de semana de inter zonales","robots":{"index":"index","follow":"follow","max-snippet":"max-snippet:-1","max-image-preview":"max-image-preview:large","max-video-preview":"max-video-preview:-1"},"canonical":"https:\/\/noticiasmercedinas.com\/site\/2019\/05\/24\/otro-fin-de-semana-de-inter-zonales\/","og_locale":"es_ES","og_type":"article","og_title":"Otro fin de semana de inter zonales","og_description":"La duod\u00e9cima fecha de Primera y Reserva se disputar\u00e1 este fin de semana, de esta manera el f\u00fatbol mayor de la Liga Mercedina\u00a0 tendr\u00e1 sus encuentros inter zonales en cancha de la Liga y el Municipal de Luj\u00e1n el s\u00e1bado 25. Ya el domingo 26 volver\u00e1 a ser la cancha de H\u00e9roes de Malvinas y [&hellip;]","og_url":"https:\/\/noticiasmercedinas.com\/site\/2019\/05\/24\/otro-fin-de-semana-de-inter-zonales\/","og_site_name":"NOTICIASMERCEDINAS.COM","article_publisher":"https:\/\/www.facebook.com\/noticiasmercedinas\/","article_published_time":"2019-05-24T12:02:47+00:00","og_image":[{"width":650,"height":394,"url":"https:\/\/noticiasmercedinas.com\/site\/wp-content\/uploads\/2019\/05\/IMG_5213.jpg","type":"image\/jpeg"}],"author":"Juan Dagnino NOTICIASMERCEDINAS.COM","twitter_card":"summary_large_image","twitter_creator":"@notmercedinas","twitter_site":"@notmercedinas","twitter_misc":{"Escrito por":"Juan Dagnino NOTICIASMERCEDINAS.COM","Tiempo de lectura":"2 minutos"},"schema":{"@context":"https:\/\/schema.org","@graph":[{"@type":"Article","@id":"https:\/\/noticiasmercedinas.com\/site\/2019\/05\/24\/otro-fin-de-semana-de-inter-zonales\/#article","isPartOf":{"@id":"https:\/\/noticiasmercedinas.com\/site\/2019\/05\/24\/otro-fin-de-semana-de-inter-zonales\/"},"author":{"name":"Juan Dagnino NOTICIASMERCEDINAS.COM","@id":"https:\/\/noticiasmercedinas.com\/site\/#\/schema\/person\/8f2f09d666ef40986eba4a5e6f2a06f9"},"headline":"Otro fin de semana de inter zonales","datePublished":"2019-05-24T12:02:47+00:00","mainEntityOfPage":{"@id":"https:\/\/noticiasmercedinas.com\/site\/2019\/05\/24\/otro-fin-de-semana-de-inter-zonales\/"},"wordCount":331,"commentCount":0,"publisher":{"@id":"https:\/\/noticiasmercedinas.com\/site\/#organization"},"image":{"@id":"https:\/\/noticiasmercedinas.com\/site\/2019\/05\/24\/otro-fin-de-semana-de-inter-zonales\/#primaryimage"},"thumbnailUrl":"https:\/\/noticiasmercedinas.com\/site\/wp-content\/uploads\/2019\/05\/IMG_5213.jpg","keywords":["Liga Meercedina de F\u00fatbol","reserva"],"articleSection":["Deportes"],"inLanguage":"es","potentialAction":[{"@type":"CommentAction","name":"Comment","target":["https:\/\/noticiasmercedinas.com\/site\/2019\/05\/24\/otro-fin-de-semana-de-inter-zonales\/#respond"]}]},{"@type":"WebPage","@id":"https:\/\/noticiasmercedinas.com\/site\/2019\/05\/24\/otro-fin-de-semana-de-inter-zonales\/","url":"https:\/\/noticiasmercedinas.com\/site\/2019\/05\/24\/otro-fin-de-semana-de-inter-zonales\/","name":"Otro fin de semana de inter zonales","isPartOf":{"@id":"https:\/\/noticiasmercedinas.com\/site\/#website"},"primaryImageOfPage":{"@id":"https:\/\/noticiasmercedinas.com\/site\/2019\/05\/24\/otro-fin-de-semana-de-inter-zonales\/#primaryimage"},"image":{"@id":"https:\/\/noticiasmercedinas.com\/site\/2019\/05\/24\/otro-fin-de-semana-de-inter-zonales\/#primaryimage"},"thumbnailUrl":"https:\/\/noticiasmercedinas.com\/site\/wp-content\/uploads\/2019\/05\/IMG_5213.jpg","datePublished":"2019-05-24T12:02:47+00:00","breadcrumb":{"@id":"https:\/\/noticiasmercedinas.com\/site\/2019\/05\/24\/otro-fin-de-semana-de-inter-zonales\/#breadcrumb"},"inLanguage":"es","potentialAction":[{"@type":"ReadAction","target":["https:\/\/noticiasmercedinas.com\/site\/2019\/05\/24\/otro-fin-de-semana-de-inter-zonales\/"]}]},{"@type":"ImageObject","inLanguage":"es","@id":"https:\/\/noticiasmercedinas.com\/site\/2019\/05\/24\/otro-fin-de-semana-de-inter-zonales\/#primaryimage","url":"https:\/\/noticiasmercedinas.com\/site\/wp-content\/uploads\/2019\/05\/IMG_5213.jpg","contentUrl":"https:\/\/noticiasmercedinas.com\/site\/wp-content\/uploads\/2019\/05\/IMG_5213.jpg","width":650,"height":394},{"@type":"BreadcrumbList","@id":"https:\/\/noticiasmercedinas.com\/site\/2019\/05\/24\/otro-fin-de-semana-de-inter-zonales\/#breadcrumb","itemListElement":[{"@type":"ListItem","position":1,"name":"Portada","item":"https:\/\/noticiasmercedinas.com\/site\/"},{"@type":"ListItem","position":2,"name":"Otro fin de semana de inter zonales"}]},{"@type":"WebSite","@id":"https:\/\/noticiasmercedinas.com\/site\/#website","url":"https:\/\/noticiasmercedinas.com\/site\/","name":"NOTICIASMERCEDINAS.COM","description":"Mercedes, Buenos Aires, Argentina","publisher":{"@id":"https:\/\/noticiasmercedinas.com\/site\/#organization"},"potentialAction":[{"@type":"SearchAction","target":{"@type":"EntryPoint","urlTemplate":"https:\/\/noticiasmercedinas.com\/site\/?s={search_term_string}"},"query-input":{"@type":"PropertyValueSpecification","valueRequired":true,"valueName":"search_term_string"}}],"inLanguage":"es"},{"@type":"Organization","@id":"https:\/\/noticiasmercedinas.com\/site\/#organization","name":"NOTICIASMERCEDINAS.COM","url":"https:\/\/noticiasmercedinas.com\/site\/","logo":{"@type":"ImageObject","inLanguage":"es","@id":"https:\/\/noticiasmercedinas.com\/site\/#\/schema\/logo\/image\/","url":"https:\/\/noticiasmercedinas.com\/site\/wp-content\/uploads\/2020\/06\/LOGO-512.jpg","contentUrl":"https:\/\/noticiasmercedinas.com\/site\/wp-content\/uploads\/2020\/06\/LOGO-512.jpg","width":512,"height":512,"caption":"NOTICIASMERCEDINAS.COM"},"image":{"@id":"https:\/\/noticiasmercedinas.com\/site\/#\/schema\/logo\/image\/"},"sameAs":["https:\/\/www.facebook.com\/noticiasmercedinas\/","https:\/\/x.com\/notmercedinas","https:\/\/www.instagram.com\/noticiasmercedinas\/"]},{"@type":"Person","@id":"https:\/\/noticiasmercedinas.com\/site\/#\/schema\/person\/8f2f09d666ef40986eba4a5e6f2a06f9","name":"Juan Dagnino NOTICIASMERCEDINAS.COM","image":{"@type":"ImageObject","inLanguage":"es","@id":"https:\/\/secure.gravatar.com\/avatar\/fc7059a769f5a3cae65fadb228a3e4accf3a64b4b2305020d0a27e6d5333c91b?s=96&d=mm&r=g","url":"https:\/\/secure.gravatar.com\/avatar\/fc7059a769f5a3cae65fadb228a3e4accf3a64b4b2305020d0a27e6d5333c91b?s=96&d=mm&r=g","contentUrl":"https:\/\/secure.gravatar.com\/avatar\/fc7059a769f5a3cae65fadb228a3e4accf3a64b4b2305020d0a27e6d5333c91b?s=96&d=mm&r=g","caption":"Juan Dagnino NOTICIASMERCEDINAS.COM"},"url":"https:\/\/noticiasmercedinas.com\/site\/author\/juandagnino\/"}]}},"amp_enabled":true,"_links":{"self":[{"href":"https:\/\/noticiasmercedinas.com\/site\/wp-json\/wp\/v2\/posts\/19711","targetHints":{"allow":["GET"]}}],"collection":[{"href":"https:\/\/noticiasmercedinas.com\/site\/wp-json\/wp\/v2\/posts"}],"about":[{"href":"https:\/\/noticiasmercedinas.com\/site\/wp-json\/wp\/v2\/types\/post"}],"author":[{"embeddable":true,"href":"https:\/\/noticiasmercedinas.com\/site\/wp-json\/wp\/v2\/users\/6"}],"replies":[{"embeddable":true,"href":"https:\/\/noticiasmercedinas.com\/site\/wp-json\/wp\/v2\/comments?post=19711"}],"version-history":[{"count":1,"href":"https:\/\/noticiasmercedinas.com\/site\/wp-json\/wp\/v2\/posts\/19711\/revisions"}],"predecessor-version":[{"id":19713,"href":"https:\/\/noticiasmercedinas.com\/site\/wp-json\/wp\/v2\/posts\/19711\/revisions\/19713"}],"wp:featuredmedia":[{"embeddable":true,"href":"https:\/\/noticiasmercedinas.com\/site\/wp-json\/wp\/v2\/media\/19712"}],"wp:attachment":[{"href":"https:\/\/noticiasmercedinas.com\/site\/wp-json\/wp\/v2\/media?parent=19711"}],"wp:term":[{"taxonomy":"category","embeddable":true,"href":"https:\/\/noticiasmercedinas.com\/site\/wp-json\/wp\/v2\/categories?post=19711"},{"taxonomy":"post_tag","embeddable":true,"href":"https:\/\/noticiasmercedinas.com\/site\/wp-json\/wp\/v2\/tags?post=19711"}],"curies":[{"name":"wp","href":"https:\/\/api.w.org\/{rel}","templated":true}]}}