{"id":19714,"date":"2019-05-24T09:28:37","date_gmt":"2019-05-24T12:28:37","guid":{"rendered":"https:\/\/noticiasmercedinas.com\/site\/?p=19714"},"modified":"2019-05-24T09:28:37","modified_gmt":"2019-05-24T12:28:37","slug":"la-vida-familiar-en-la-epoca-de-la-colonia","status":"publish","type":"post","link":"https:\/\/noticiasmercedinas.com\/site\/2019\/05\/24\/la-vida-familiar-en-la-epoca-de-la-colonia\/","title":{"rendered":"La vida familiar en la \u00e9poca de la Colonia"},"content":{"rendered":"<p><img loading=\"lazy\" decoding=\"async\" class=\"alignnone size-large wp-image-19715\" src=\"https:\/\/noticiasmercedinas.com\/site\/wp-content\/uploads\/2019\/05\/maxresdefault-5-1024x576.jpg\" alt=\"\" width=\"640\" height=\"360\" srcset=\"https:\/\/noticiasmercedinas.com\/site\/wp-content\/uploads\/2019\/05\/maxresdefault-5-1024x576.jpg 1024w, https:\/\/noticiasmercedinas.com\/site\/wp-content\/uploads\/2019\/05\/maxresdefault-5-300x169.jpg 300w, https:\/\/noticiasmercedinas.com\/site\/wp-content\/uploads\/2019\/05\/maxresdefault-5-768x432.jpg 768w, https:\/\/noticiasmercedinas.com\/site\/wp-content\/uploads\/2019\/05\/maxresdefault-5-640x360.jpg 640w, https:\/\/noticiasmercedinas.com\/site\/wp-content\/uploads\/2019\/05\/maxresdefault-5.jpg 1280w, https:\/\/noticiasmercedinas.com\/site\/wp-content\/uploads\/2019\/05\/maxresdefault-5-681x383.jpg 681w\" sizes=\"auto, (max-width: 640px) 100vw, 640px\" \/><\/p>\n<p>Cuando hablamos de cosas de la Colonia, de actividades que se daban tanto en las ciudades nacientes como en las zonas rurales, las vivencias eran semejantes, no estaban divorciadas de lo que acontec\u00eda en la metr\u00f3poli, en Espa\u00f1a. Lo que suced\u00eda en Espa\u00f1a o en Francia, con algunos meses de retraso llegaba a estas tierras y luego se hac\u00eda propio.<\/p>\n<p>Eso acontec\u00eda en todos los \u00f3rdenes, porque no es que la gente como en la actualidad viv\u00eda disociada. Aquella \u00e9poca ten\u00eda como lugares de concentraci\u00f3n de comunidades de gente a las parroquias, que ten\u00edan vidas propias. Recordemos que no exist\u00edan otros lugares de sociabilizaci\u00f3n, entonces las parroquias cumpl\u00edan una funci\u00f3n muy importante y todos los horarios giraban en torno de las misas y a partir de lo que se ten\u00eda a mano, no exist\u00eda la electricidad en templos y casas por lo que era imposible que el culto fuera en horario vespertino y de all\u00ed que las celebraciones fueran desde siempre muy temprano y se pod\u00edan extender a lo sumo al mediod\u00eda, dejando otras actividades para las hoiras vespertinas. A las 18 horas no exist\u00eda vida lit\u00fargica ni vida parroquial. Esto conlleva a que se alimente una vida y una piedad popular. Hay que recordar que el culto era en Lat\u00edn, propio del Clero, y la vida lit\u00fargica familiar cobraba mucha importancia, y de esa \u00e9poca vienen las novenas y la piedad popular, de ese entonces viene esa devoci\u00f3n especial a los difuntos, en los que durante 9 d\u00edas la ex casa del difunto era visitada y se rezaba el Rosario, en el novenario, culminando con la misa de 8 horas en la iglesia m\u00e1s cercana.<\/p>\n<p>Tambi\u00e9n estaba la observancia al luto, que era sumamente estricta. Las misas en horario vespertino junto con tantos otros cambios van a llegar en la modernidad, cuando comienzan a existir otro tipo de movimientos con tinte m\u00e1s social y las misas ser\u00e1n reci\u00e9n por la tarde en la d\u00e9cada del 60 junto con el Concilio Ecum\u00e9nico Vaticano II.<\/p>\n<p>Pero quiero que rescatemos de esta \u00e9poca de la Colonia la vida familiar y todos los valores que se implicaban en la familia. All\u00ed se ense\u00f1aban las primeras letras y la fe. Era en la familia donde se velaban a los muertos, ya que las casas velatorias son m\u00e1s modernas. Todo lo que suced\u00eda en torno a la fe acontec\u00eda en la casa. Y en estas tertulias de los novenarios de difuntos, en las \u00e9pocas del 25 de mayo, habr\u00e1n estado los apartes para que los hombres de la casa intercambiando alguna bebida espirituosa, intercambiaran alg\u00fan que otro comentario picante de la pol\u00edtica que estaba corriendo a lo largo y ancho de la Patria.<\/p>\n<p>Costumbres de anta\u00f1o, de antes del 25 de mayo. Algo que se viv\u00eda en las ciudades y se replicaba en los poblados del interior del extenso Virreinato del R\u00edo de La Plata.<\/p>\n<p>Que la Virgen Sant\u00edsima de Luj\u00e1n los bendiga.<\/p>\n","protected":false},"excerpt":{"rendered":"<p>Cuando hablamos de cosas de la Colonia, de actividades que se daban tanto en las ciudades nacientes como en las zonas rurales, las vivencias eran semejantes, no estaban divorciadas de lo que acontec\u00eda en la metr\u00f3poli, en Espa\u00f1a. Lo que suced\u00eda en Espa\u00f1a o en Francia, con algunos meses de retraso llegaba a estas tierras [&hellip;]<\/p>\n","protected":false},"author":23,"featured_media":19715,"comment_status":"open","ping_status":"open","sticky":false,"template":"","format":"standard","meta":{"footnotes":""},"categories":[3876],"tags":[1761,3879],"class_list":["post-19714","post","type-post","status-publish","format-standard","has-post-thumbnail","hentry","category-semillas-de-vida","tag-25-de-mayo","tag-semillas-de-vida"],"yoast_head":"<!-- This site is optimized with the Yoast SEO plugin v27.4 - https:\/\/yoast.com\/product\/yoast-seo-wordpress\/ -->\n<title>La vida familiar en la \u00e9poca de la Colonia<\/title>\n<meta name=\"robots\" content=\"index, follow, max-snippet:-1, max-image-preview:large, max-video-preview:-1\" \/>\n<link rel=\"canonical\" href=\"https:\/\/noticiasmercedinas.com\/site\/2019\/05\/24\/la-vida-familiar-en-la-epoca-de-la-colonia\/\" \/>\n<meta property=\"og:locale\" content=\"es_ES\" \/>\n<meta property=\"og:type\" content=\"article\" \/>\n<meta property=\"og:title\" content=\"La vida familiar en la \u00e9poca de la Colonia\" \/>\n<meta property=\"og:description\" content=\"Cuando hablamos de cosas de la Colonia, de actividades que se daban tanto en las ciudades nacientes como en las zonas rurales, las vivencias eran semejantes, no estaban divorciadas de lo que acontec\u00eda en la metr\u00f3poli, en Espa\u00f1a. Lo que suced\u00eda en Espa\u00f1a o en Francia, con algunos meses de retraso llegaba a estas tierras [&hellip;]\" \/>\n<meta property=\"og:url\" content=\"https:\/\/noticiasmercedinas.com\/site\/2019\/05\/24\/la-vida-familiar-en-la-epoca-de-la-colonia\/\" \/>\n<meta property=\"og:site_name\" content=\"NOTICIASMERCEDINAS.COM\" \/>\n<meta property=\"article:publisher\" content=\"https:\/\/www.facebook.com\/noticiasmercedinas\/\" \/>\n<meta property=\"article:published_time\" content=\"2019-05-24T12:28:37+00:00\" \/>\n<meta property=\"og:image\" content=\"https:\/\/noticiasmercedinas.com\/site\/wp-content\/uploads\/2019\/05\/maxresdefault-5.jpg\" \/>\n\t<meta property=\"og:image:width\" content=\"1280\" \/>\n\t<meta property=\"og:image:height\" content=\"720\" \/>\n\t<meta property=\"og:image:type\" content=\"image\/jpeg\" \/>\n<meta name=\"author\" content=\"P. H\u00e9ctor Joaqu\u00edn\" \/>\n<meta name=\"twitter:card\" content=\"summary_large_image\" \/>\n<meta name=\"twitter:creator\" content=\"@notmercedinas\" \/>\n<meta name=\"twitter:site\" content=\"@notmercedinas\" \/>\n<meta name=\"twitter:label1\" content=\"Escrito por\" \/>\n\t<meta name=\"twitter:data1\" content=\"P. H\u00e9ctor Joaqu\u00edn\" \/>\n\t<meta name=\"twitter:label2\" content=\"Tiempo de lectura\" \/>\n\t<meta name=\"twitter:data2\" content=\"3 minutos\" \/>\n<script type=\"application\/ld+json\" class=\"yoast-schema-graph\">{\"@context\":\"https:\\\/\\\/schema.org\",\"@graph\":[{\"@type\":\"Article\",\"@id\":\"https:\\\/\\\/noticiasmercedinas.com\\\/site\\\/2019\\\/05\\\/24\\\/la-vida-familiar-en-la-epoca-de-la-colonia\\\/#article\",\"isPartOf\":{\"@id\":\"https:\\\/\\\/noticiasmercedinas.com\\\/site\\\/2019\\\/05\\\/24\\\/la-vida-familiar-en-la-epoca-de-la-colonia\\\/\"},\"author\":{\"name\":\"P. H\u00e9ctor Joaqu\u00edn\",\"@id\":\"https:\\\/\\\/noticiasmercedinas.com\\\/site\\\/#\\\/schema\\\/person\\\/fa7a2dad804ceee0906a2c148245b4c4\"},\"headline\":\"La vida familiar en la \u00e9poca de la Colonia\",\"datePublished\":\"2019-05-24T12:28:37+00:00\",\"mainEntityOfPage\":{\"@id\":\"https:\\\/\\\/noticiasmercedinas.com\\\/site\\\/2019\\\/05\\\/24\\\/la-vida-familiar-en-la-epoca-de-la-colonia\\\/\"},\"wordCount\":535,\"commentCount\":0,\"publisher\":{\"@id\":\"https:\\\/\\\/noticiasmercedinas.com\\\/site\\\/#organization\"},\"image\":{\"@id\":\"https:\\\/\\\/noticiasmercedinas.com\\\/site\\\/2019\\\/05\\\/24\\\/la-vida-familiar-en-la-epoca-de-la-colonia\\\/#primaryimage\"},\"thumbnailUrl\":\"https:\\\/\\\/noticiasmercedinas.com\\\/site\\\/wp-content\\\/uploads\\\/2019\\\/05\\\/maxresdefault-5.jpg\",\"keywords\":[\"25 de mayo\",\"semillas de vida\"],\"articleSection\":[\"Semillas de vida\"],\"inLanguage\":\"es\",\"potentialAction\":[{\"@type\":\"CommentAction\",\"name\":\"Comment\",\"target\":[\"https:\\\/\\\/noticiasmercedinas.com\\\/site\\\/2019\\\/05\\\/24\\\/la-vida-familiar-en-la-epoca-de-la-colonia\\\/#respond\"]}]},{\"@type\":\"WebPage\",\"@id\":\"https:\\\/\\\/noticiasmercedinas.com\\\/site\\\/2019\\\/05\\\/24\\\/la-vida-familiar-en-la-epoca-de-la-colonia\\\/\",\"url\":\"https:\\\/\\\/noticiasmercedinas.com\\\/site\\\/2019\\\/05\\\/24\\\/la-vida-familiar-en-la-epoca-de-la-colonia\\\/\",\"name\":\"La vida familiar en la \u00e9poca de la Colonia\",\"isPartOf\":{\"@id\":\"https:\\\/\\\/noticiasmercedinas.com\\\/site\\\/#website\"},\"primaryImageOfPage\":{\"@id\":\"https:\\\/\\\/noticiasmercedinas.com\\\/site\\\/2019\\\/05\\\/24\\\/la-vida-familiar-en-la-epoca-de-la-colonia\\\/#primaryimage\"},\"image\":{\"@id\":\"https:\\\/\\\/noticiasmercedinas.com\\\/site\\\/2019\\\/05\\\/24\\\/la-vida-familiar-en-la-epoca-de-la-colonia\\\/#primaryimage\"},\"thumbnailUrl\":\"https:\\\/\\\/noticiasmercedinas.com\\\/site\\\/wp-content\\\/uploads\\\/2019\\\/05\\\/maxresdefault-5.jpg\",\"datePublished\":\"2019-05-24T12:28:37+00:00\",\"breadcrumb\":{\"@id\":\"https:\\\/\\\/noticiasmercedinas.com\\\/site\\\/2019\\\/05\\\/24\\\/la-vida-familiar-en-la-epoca-de-la-colonia\\\/#breadcrumb\"},\"inLanguage\":\"es\",\"potentialAction\":[{\"@type\":\"ReadAction\",\"target\":[\"https:\\\/\\\/noticiasmercedinas.com\\\/site\\\/2019\\\/05\\\/24\\\/la-vida-familiar-en-la-epoca-de-la-colonia\\\/\"]}]},{\"@type\":\"ImageObject\",\"inLanguage\":\"es\",\"@id\":\"https:\\\/\\\/noticiasmercedinas.com\\\/site\\\/2019\\\/05\\\/24\\\/la-vida-familiar-en-la-epoca-de-la-colonia\\\/#primaryimage\",\"url\":\"https:\\\/\\\/noticiasmercedinas.com\\\/site\\\/wp-content\\\/uploads\\\/2019\\\/05\\\/maxresdefault-5.jpg\",\"contentUrl\":\"https:\\\/\\\/noticiasmercedinas.com\\\/site\\\/wp-content\\\/uploads\\\/2019\\\/05\\\/maxresdefault-5.jpg\",\"width\":1280,\"height\":720},{\"@type\":\"BreadcrumbList\",\"@id\":\"https:\\\/\\\/noticiasmercedinas.com\\\/site\\\/2019\\\/05\\\/24\\\/la-vida-familiar-en-la-epoca-de-la-colonia\\\/#breadcrumb\",\"itemListElement\":[{\"@type\":\"ListItem\",\"position\":1,\"name\":\"Portada\",\"item\":\"https:\\\/\\\/noticiasmercedinas.com\\\/site\\\/\"},{\"@type\":\"ListItem\",\"position\":2,\"name\":\"La vida familiar en la \u00e9poca de la Colonia\"}]},{\"@type\":\"WebSite\",\"@id\":\"https:\\\/\\\/noticiasmercedinas.com\\\/site\\\/#website\",\"url\":\"https:\\\/\\\/noticiasmercedinas.com\\\/site\\\/\",\"name\":\"NOTICIASMERCEDINAS.COM\",\"description\":\"Mercedes, Buenos Aires, Argentina\",\"publisher\":{\"@id\":\"https:\\\/\\\/noticiasmercedinas.com\\\/site\\\/#organization\"},\"potentialAction\":[{\"@type\":\"SearchAction\",\"target\":{\"@type\":\"EntryPoint\",\"urlTemplate\":\"https:\\\/\\\/noticiasmercedinas.com\\\/site\\\/?s={search_term_string}\"},\"query-input\":{\"@type\":\"PropertyValueSpecification\",\"valueRequired\":true,\"valueName\":\"search_term_string\"}}],\"inLanguage\":\"es\"},{\"@type\":\"Organization\",\"@id\":\"https:\\\/\\\/noticiasmercedinas.com\\\/site\\\/#organization\",\"name\":\"NOTICIASMERCEDINAS.COM\",\"url\":\"https:\\\/\\\/noticiasmercedinas.com\\\/site\\\/\",\"logo\":{\"@type\":\"ImageObject\",\"inLanguage\":\"es\",\"@id\":\"https:\\\/\\\/noticiasmercedinas.com\\\/site\\\/#\\\/schema\\\/logo\\\/image\\\/\",\"url\":\"https:\\\/\\\/noticiasmercedinas.com\\\/site\\\/wp-content\\\/uploads\\\/2020\\\/06\\\/LOGO-512.jpg\",\"contentUrl\":\"https:\\\/\\\/noticiasmercedinas.com\\\/site\\\/wp-content\\\/uploads\\\/2020\\\/06\\\/LOGO-512.jpg\",\"width\":512,\"height\":512,\"caption\":\"NOTICIASMERCEDINAS.COM\"},\"image\":{\"@id\":\"https:\\\/\\\/noticiasmercedinas.com\\\/site\\\/#\\\/schema\\\/logo\\\/image\\\/\"},\"sameAs\":[\"https:\\\/\\\/www.facebook.com\\\/noticiasmercedinas\\\/\",\"https:\\\/\\\/x.com\\\/notmercedinas\",\"https:\\\/\\\/www.instagram.com\\\/noticiasmercedinas\\\/\"]},{\"@type\":\"Person\",\"@id\":\"https:\\\/\\\/noticiasmercedinas.com\\\/site\\\/#\\\/schema\\\/person\\\/fa7a2dad804ceee0906a2c148245b4c4\",\"name\":\"P. H\u00e9ctor Joaqu\u00edn\",\"image\":{\"@type\":\"ImageObject\",\"inLanguage\":\"es\",\"@id\":\"https:\\\/\\\/secure.gravatar.com\\\/avatar\\\/fc990d0c6aaa5e2392b464cdcac996d997f9584e171f3aa7796a8414f18ec701?s=96&d=mm&r=g\",\"url\":\"https:\\\/\\\/secure.gravatar.com\\\/avatar\\\/fc990d0c6aaa5e2392b464cdcac996d997f9584e171f3aa7796a8414f18ec701?s=96&d=mm&r=g\",\"contentUrl\":\"https:\\\/\\\/secure.gravatar.com\\\/avatar\\\/fc990d0c6aaa5e2392b464cdcac996d997f9584e171f3aa7796a8414f18ec701?s=96&d=mm&r=g\",\"caption\":\"P. H\u00e9ctor Joaqu\u00edn\"},\"url\":\"https:\\\/\\\/noticiasmercedinas.com\\\/site\\\/author\\\/p-carlos-joaquin\\\/\"}]}<\/script>\n<!-- \/ Yoast SEO plugin. -->","yoast_head_json":{"title":"La vida familiar en la \u00e9poca de la Colonia","robots":{"index":"index","follow":"follow","max-snippet":"max-snippet:-1","max-image-preview":"max-image-preview:large","max-video-preview":"max-video-preview:-1"},"canonical":"https:\/\/noticiasmercedinas.com\/site\/2019\/05\/24\/la-vida-familiar-en-la-epoca-de-la-colonia\/","og_locale":"es_ES","og_type":"article","og_title":"La vida familiar en la \u00e9poca de la Colonia","og_description":"Cuando hablamos de cosas de la Colonia, de actividades que se daban tanto en las ciudades nacientes como en las zonas rurales, las vivencias eran semejantes, no estaban divorciadas de lo que acontec\u00eda en la metr\u00f3poli, en Espa\u00f1a. Lo que suced\u00eda en Espa\u00f1a o en Francia, con algunos meses de retraso llegaba a estas tierras [&hellip;]","og_url":"https:\/\/noticiasmercedinas.com\/site\/2019\/05\/24\/la-vida-familiar-en-la-epoca-de-la-colonia\/","og_site_name":"NOTICIASMERCEDINAS.COM","article_publisher":"https:\/\/www.facebook.com\/noticiasmercedinas\/","article_published_time":"2019-05-24T12:28:37+00:00","og_image":[{"width":1280,"height":720,"url":"https:\/\/noticiasmercedinas.com\/site\/wp-content\/uploads\/2019\/05\/maxresdefault-5.jpg","type":"image\/jpeg"}],"author":"P. H\u00e9ctor Joaqu\u00edn","twitter_card":"summary_large_image","twitter_creator":"@notmercedinas","twitter_site":"@notmercedinas","twitter_misc":{"Escrito por":"P. H\u00e9ctor Joaqu\u00edn","Tiempo de lectura":"3 minutos"},"schema":{"@context":"https:\/\/schema.org","@graph":[{"@type":"Article","@id":"https:\/\/noticiasmercedinas.com\/site\/2019\/05\/24\/la-vida-familiar-en-la-epoca-de-la-colonia\/#article","isPartOf":{"@id":"https:\/\/noticiasmercedinas.com\/site\/2019\/05\/24\/la-vida-familiar-en-la-epoca-de-la-colonia\/"},"author":{"name":"P. H\u00e9ctor Joaqu\u00edn","@id":"https:\/\/noticiasmercedinas.com\/site\/#\/schema\/person\/fa7a2dad804ceee0906a2c148245b4c4"},"headline":"La vida familiar en la \u00e9poca de la Colonia","datePublished":"2019-05-24T12:28:37+00:00","mainEntityOfPage":{"@id":"https:\/\/noticiasmercedinas.com\/site\/2019\/05\/24\/la-vida-familiar-en-la-epoca-de-la-colonia\/"},"wordCount":535,"commentCount":0,"publisher":{"@id":"https:\/\/noticiasmercedinas.com\/site\/#organization"},"image":{"@id":"https:\/\/noticiasmercedinas.com\/site\/2019\/05\/24\/la-vida-familiar-en-la-epoca-de-la-colonia\/#primaryimage"},"thumbnailUrl":"https:\/\/noticiasmercedinas.com\/site\/wp-content\/uploads\/2019\/05\/maxresdefault-5.jpg","keywords":["25 de mayo","semillas de vida"],"articleSection":["Semillas de vida"],"inLanguage":"es","potentialAction":[{"@type":"CommentAction","name":"Comment","target":["https:\/\/noticiasmercedinas.com\/site\/2019\/05\/24\/la-vida-familiar-en-la-epoca-de-la-colonia\/#respond"]}]},{"@type":"WebPage","@id":"https:\/\/noticiasmercedinas.com\/site\/2019\/05\/24\/la-vida-familiar-en-la-epoca-de-la-colonia\/","url":"https:\/\/noticiasmercedinas.com\/site\/2019\/05\/24\/la-vida-familiar-en-la-epoca-de-la-colonia\/","name":"La vida familiar en la \u00e9poca de la Colonia","isPartOf":{"@id":"https:\/\/noticiasmercedinas.com\/site\/#website"},"primaryImageOfPage":{"@id":"https:\/\/noticiasmercedinas.com\/site\/2019\/05\/24\/la-vida-familiar-en-la-epoca-de-la-colonia\/#primaryimage"},"image":{"@id":"https:\/\/noticiasmercedinas.com\/site\/2019\/05\/24\/la-vida-familiar-en-la-epoca-de-la-colonia\/#primaryimage"},"thumbnailUrl":"https:\/\/noticiasmercedinas.com\/site\/wp-content\/uploads\/2019\/05\/maxresdefault-5.jpg","datePublished":"2019-05-24T12:28:37+00:00","breadcrumb":{"@id":"https:\/\/noticiasmercedinas.com\/site\/2019\/05\/24\/la-vida-familiar-en-la-epoca-de-la-colonia\/#breadcrumb"},"inLanguage":"es","potentialAction":[{"@type":"ReadAction","target":["https:\/\/noticiasmercedinas.com\/site\/2019\/05\/24\/la-vida-familiar-en-la-epoca-de-la-colonia\/"]}]},{"@type":"ImageObject","inLanguage":"es","@id":"https:\/\/noticiasmercedinas.com\/site\/2019\/05\/24\/la-vida-familiar-en-la-epoca-de-la-colonia\/#primaryimage","url":"https:\/\/noticiasmercedinas.com\/site\/wp-content\/uploads\/2019\/05\/maxresdefault-5.jpg","contentUrl":"https:\/\/noticiasmercedinas.com\/site\/wp-content\/uploads\/2019\/05\/maxresdefault-5.jpg","width":1280,"height":720},{"@type":"BreadcrumbList","@id":"https:\/\/noticiasmercedinas.com\/site\/2019\/05\/24\/la-vida-familiar-en-la-epoca-de-la-colonia\/#breadcrumb","itemListElement":[{"@type":"ListItem","position":1,"name":"Portada","item":"https:\/\/noticiasmercedinas.com\/site\/"},{"@type":"ListItem","position":2,"name":"La vida familiar en la \u00e9poca de la Colonia"}]},{"@type":"WebSite","@id":"https:\/\/noticiasmercedinas.com\/site\/#website","url":"https:\/\/noticiasmercedinas.com\/site\/","name":"NOTICIASMERCEDINAS.COM","description":"Mercedes, Buenos Aires, Argentina","publisher":{"@id":"https:\/\/noticiasmercedinas.com\/site\/#organization"},"potentialAction":[{"@type":"SearchAction","target":{"@type":"EntryPoint","urlTemplate":"https:\/\/noticiasmercedinas.com\/site\/?s={search_term_string}"},"query-input":{"@type":"PropertyValueSpecification","valueRequired":true,"valueName":"search_term_string"}}],"inLanguage":"es"},{"@type":"Organization","@id":"https:\/\/noticiasmercedinas.com\/site\/#organization","name":"NOTICIASMERCEDINAS.COM","url":"https:\/\/noticiasmercedinas.com\/site\/","logo":{"@type":"ImageObject","inLanguage":"es","@id":"https:\/\/noticiasmercedinas.com\/site\/#\/schema\/logo\/image\/","url":"https:\/\/noticiasmercedinas.com\/site\/wp-content\/uploads\/2020\/06\/LOGO-512.jpg","contentUrl":"https:\/\/noticiasmercedinas.com\/site\/wp-content\/uploads\/2020\/06\/LOGO-512.jpg","width":512,"height":512,"caption":"NOTICIASMERCEDINAS.COM"},"image":{"@id":"https:\/\/noticiasmercedinas.com\/site\/#\/schema\/logo\/image\/"},"sameAs":["https:\/\/www.facebook.com\/noticiasmercedinas\/","https:\/\/x.com\/notmercedinas","https:\/\/www.instagram.com\/noticiasmercedinas\/"]},{"@type":"Person","@id":"https:\/\/noticiasmercedinas.com\/site\/#\/schema\/person\/fa7a2dad804ceee0906a2c148245b4c4","name":"P. H\u00e9ctor Joaqu\u00edn","image":{"@type":"ImageObject","inLanguage":"es","@id":"https:\/\/secure.gravatar.com\/avatar\/fc990d0c6aaa5e2392b464cdcac996d997f9584e171f3aa7796a8414f18ec701?s=96&d=mm&r=g","url":"https:\/\/secure.gravatar.com\/avatar\/fc990d0c6aaa5e2392b464cdcac996d997f9584e171f3aa7796a8414f18ec701?s=96&d=mm&r=g","contentUrl":"https:\/\/secure.gravatar.com\/avatar\/fc990d0c6aaa5e2392b464cdcac996d997f9584e171f3aa7796a8414f18ec701?s=96&d=mm&r=g","caption":"P. H\u00e9ctor Joaqu\u00edn"},"url":"https:\/\/noticiasmercedinas.com\/site\/author\/p-carlos-joaquin\/"}]}},"amp_enabled":true,"_links":{"self":[{"href":"https:\/\/noticiasmercedinas.com\/site\/wp-json\/wp\/v2\/posts\/19714","targetHints":{"allow":["GET"]}}],"collection":[{"href":"https:\/\/noticiasmercedinas.com\/site\/wp-json\/wp\/v2\/posts"}],"about":[{"href":"https:\/\/noticiasmercedinas.com\/site\/wp-json\/wp\/v2\/types\/post"}],"author":[{"embeddable":true,"href":"https:\/\/noticiasmercedinas.com\/site\/wp-json\/wp\/v2\/users\/23"}],"replies":[{"embeddable":true,"href":"https:\/\/noticiasmercedinas.com\/site\/wp-json\/wp\/v2\/comments?post=19714"}],"version-history":[{"count":1,"href":"https:\/\/noticiasmercedinas.com\/site\/wp-json\/wp\/v2\/posts\/19714\/revisions"}],"predecessor-version":[{"id":19716,"href":"https:\/\/noticiasmercedinas.com\/site\/wp-json\/wp\/v2\/posts\/19714\/revisions\/19716"}],"wp:featuredmedia":[{"embeddable":true,"href":"https:\/\/noticiasmercedinas.com\/site\/wp-json\/wp\/v2\/media\/19715"}],"wp:attachment":[{"href":"https:\/\/noticiasmercedinas.com\/site\/wp-json\/wp\/v2\/media?parent=19714"}],"wp:term":[{"taxonomy":"category","embeddable":true,"href":"https:\/\/noticiasmercedinas.com\/site\/wp-json\/wp\/v2\/categories?post=19714"},{"taxonomy":"post_tag","embeddable":true,"href":"https:\/\/noticiasmercedinas.com\/site\/wp-json\/wp\/v2\/tags?post=19714"}],"curies":[{"name":"wp","href":"https:\/\/api.w.org\/{rel}","templated":true}]}}