{"id":19816,"date":"2019-05-25T12:38:33","date_gmt":"2019-05-25T15:38:33","guid":{"rendered":"https:\/\/noticiasmercedinas.com\/site\/?p=19816"},"modified":"2019-05-25T12:38:33","modified_gmt":"2019-05-25T15:38:33","slug":"ustarroz-fue-parte-de-reunion-en-areco-entre-intendentes-y-fernandez","status":"publish","type":"post","link":"https:\/\/noticiasmercedinas.com\/site\/2019\/05\/25\/ustarroz-fue-parte-de-reunion-en-areco-entre-intendentes-y-fernandez\/","title":{"rendered":"Ustarroz fue parte de reuni\u00f3n en Areco entre intendentes y Fern\u00e1ndez"},"content":{"rendered":"<p><img loading=\"lazy\" decoding=\"async\" class=\"alignnone size-full wp-image-19817\" src=\"https:\/\/noticiasmercedinas.com\/site\/wp-content\/uploads\/2019\/05\/5ce83454dca7e_940_529.jpg\" alt=\"\" width=\"940\" height=\"529\" srcset=\"https:\/\/noticiasmercedinas.com\/site\/wp-content\/uploads\/2019\/05\/5ce83454dca7e_940_529.jpg 940w, https:\/\/noticiasmercedinas.com\/site\/wp-content\/uploads\/2019\/05\/5ce83454dca7e_940_529-300x169.jpg 300w, https:\/\/noticiasmercedinas.com\/site\/wp-content\/uploads\/2019\/05\/5ce83454dca7e_940_529-768x432.jpg 768w, https:\/\/noticiasmercedinas.com\/site\/wp-content\/uploads\/2019\/05\/5ce83454dca7e_940_529-640x360.jpg 640w, https:\/\/noticiasmercedinas.com\/site\/wp-content\/uploads\/2019\/05\/5ce83454dca7e_940_529-681x383.jpg 681w\" sizes=\"auto, (max-width: 940px) 100vw, 940px\" \/><\/p>\n<p>Este viernes hubo una reuni\u00f3n cumbre de intendentes en San Antonio de Areco de la que fue parte el intendente de Mercedes, Juan Ignacio Ustarroz, junto a varios de sus pares. Se encontraron con Alberto Fern\u00e1ndez y M\u00e1ximo Kirchner.<\/p>\n<p>Fern\u00e1ndez elogi\u00f3 a M\u00e1ximo Kirchner -que se sent\u00f3 a su lado- y les prometi\u00f3 a los intendentes que ser\u00e1n \u201cparte de lo que viene\u201d. Fue durante en un asado que tuvo como anfitri\u00f3n a Paco Dura\u00f1ona y del que participaron varios intendentes del interior, como el mencionado Ustarroz, Juan Pablo de Jes\u00fas (La Costa), Santiago Maggiotti (Navarro), Francisco Echarren (Castelli), Jorge Ferraresi (Avellaneda), Mart\u00edn Insaurralde (Lomas de Zamora), Juanchi Zabaleta (Hurlingham), Gabriel Katopodis (San Mart\u00edn), y Gustavo Men\u00e9ndez (Merlo), entre otros.<\/p>\n<p>Adem\u00e1s el diputado M\u00e1ximo Kirchner fue acompa\u00f1ado por su par Eduardo \u201cWado\u201d de Pedro. Se mostr\u00f3 muy cr\u00edtico de la gesti\u00f3n de Macri asegurando que el presidente de la Naci\u00f3n \u201cfracas\u00f3\u201d. En la misma l\u00ednea, Alberto les agradeci\u00f3 a los intendentes por su trabajo en \u00abcuatro a\u00f1os de crisis\u00bb y resalt\u00f3 que N\u00e9stor Kirchner siempre hablaba del trabajo clave que tienen los intendentes, porque son los primeros en escuchar a la gente.<\/p>\n<blockquote class=\"twitter-tweet\" data-lang=\"es\">\n<p dir=\"ltr\" lang=\"es\">UNIDAD | Alberto Fern\u00e1ndez se reuni\u00f3 con intendentes peronistas de la provincia de Buenos Aires: \u00bb Soy un peronista que necesita de todos, no solo de los peronistas\u00bb. <a href=\"https:\/\/t.co\/HhNis6HWc2\">pic.twitter.com\/HhNis6HWc2<\/a><\/p>\n<p>\u2014 El Destape (@eldestapeweb) <a href=\"https:\/\/twitter.com\/eldestapeweb\/status\/1132056334264918016?ref_src=twsrc%5Etfw\">24 de mayo de 2019<\/a><\/p><\/blockquote>\n<p><script async src=\"https:\/\/platform.twitter.com\/widgets.js\" charset=\"utf-8\"><\/script><\/p>\n<p>\u201cYo necesito que todos se pongan el overol y trabajen al lado m\u00edo\u201d, les dijo Alberto Fern\u00e1ndez a los intendentes. \u201cNo tengo empacho en decirlo porque s\u00e9 de la gravedad de la crisis. Y ustedes son personajes centrales, son los que est\u00e1n parando y controlando la crisis. Si no hubieran estado al frente de las intendencias se hubieran disparado un sinf\u00edn de conflictos sociales\u201d, sostuvo el precandidato a presidente.<\/p>\n<p>En tanto, los intendentes repasaron los graves problemas de los municipios del Interior, tanto en gesti\u00f3n como en temas rurales.<\/p>\n","protected":false},"excerpt":{"rendered":"<p>Este viernes hubo una reuni\u00f3n cumbre de intendentes en San Antonio de Areco de la que fue parte el intendente de Mercedes, Juan Ignacio Ustarroz, junto a varios de sus pares. Se encontraron con Alberto Fern\u00e1ndez y M\u00e1ximo Kirchner. Fern\u00e1ndez elogi\u00f3 a M\u00e1ximo Kirchner -que se sent\u00f3 a su lado- y les prometi\u00f3 a los [&hellip;]<\/p>\n","protected":false},"author":16,"featured_media":19817,"comment_status":"open","ping_status":"open","sticky":false,"template":"","format":"standard","meta":{"footnotes":""},"categories":[16],"tags":[551,662,266,1230,460,4963],"class_list":["post-19816","post","type-post","status-publish","format-standard","has-post-thumbnail","hentry","category-politica","tag-alberto-fernandez","tag-elecciones-2019","tag-juan-ignacio-ustarroz","tag-maximo-kirchner","tag-san-antonio-de-areco","tag-wado-de-pedro"],"yoast_head":"<!-- This site is optimized with the Yoast SEO plugin v27.4 - https:\/\/yoast.com\/product\/yoast-seo-wordpress\/ -->\n<title>Ustarroz fue parte de reuni\u00f3n en Areco entre intendentes y Fern\u00e1ndez<\/title>\n<meta name=\"robots\" content=\"index, follow, max-snippet:-1, max-image-preview:large, max-video-preview:-1\" \/>\n<link rel=\"canonical\" href=\"https:\/\/noticiasmercedinas.com\/site\/2019\/05\/25\/ustarroz-fue-parte-de-reunion-en-areco-entre-intendentes-y-fernandez\/\" \/>\n<meta property=\"og:locale\" content=\"es_ES\" \/>\n<meta property=\"og:type\" content=\"article\" \/>\n<meta property=\"og:title\" content=\"Ustarroz fue parte de reuni\u00f3n en Areco entre intendentes y Fern\u00e1ndez\" \/>\n<meta property=\"og:description\" content=\"Este viernes hubo una reuni\u00f3n cumbre de intendentes en San Antonio de Areco de la que fue parte el intendente de Mercedes, Juan Ignacio Ustarroz, junto a varios de sus pares. Se encontraron con Alberto Fern\u00e1ndez y M\u00e1ximo Kirchner. Fern\u00e1ndez elogi\u00f3 a M\u00e1ximo Kirchner -que se sent\u00f3 a su lado- y les prometi\u00f3 a los [&hellip;]\" \/>\n<meta property=\"og:url\" content=\"https:\/\/noticiasmercedinas.com\/site\/2019\/05\/25\/ustarroz-fue-parte-de-reunion-en-areco-entre-intendentes-y-fernandez\/\" \/>\n<meta property=\"og:site_name\" content=\"NOTICIASMERCEDINAS.COM\" \/>\n<meta property=\"article:publisher\" content=\"https:\/\/www.facebook.com\/noticiasmercedinas\/\" \/>\n<meta property=\"article:published_time\" content=\"2019-05-25T15:38:33+00:00\" \/>\n<meta property=\"og:image\" content=\"https:\/\/noticiasmercedinas.com\/site\/wp-content\/uploads\/2019\/05\/5ce83454dca7e_940_529.jpg\" \/>\n\t<meta property=\"og:image:width\" content=\"940\" \/>\n\t<meta property=\"og:image:height\" content=\"529\" \/>\n\t<meta property=\"og:image:type\" content=\"image\/jpeg\" \/>\n<meta name=\"author\" content=\"NOTICIASMERCEDINAS.COM\" \/>\n<meta name=\"twitter:card\" content=\"summary_large_image\" \/>\n<meta name=\"twitter:creator\" content=\"@notmercedinas\" \/>\n<meta name=\"twitter:site\" content=\"@notmercedinas\" \/>\n<meta name=\"twitter:label1\" content=\"Escrito por\" \/>\n\t<meta name=\"twitter:data1\" content=\"NOTICIASMERCEDINAS.COM\" \/>\n\t<meta name=\"twitter:label2\" content=\"Tiempo de lectura\" \/>\n\t<meta name=\"twitter:data2\" content=\"2 minutos\" \/>\n<script type=\"application\/ld+json\" class=\"yoast-schema-graph\">{\"@context\":\"https:\\\/\\\/schema.org\",\"@graph\":[{\"@type\":\"Article\",\"@id\":\"https:\\\/\\\/noticiasmercedinas.com\\\/site\\\/2019\\\/05\\\/25\\\/ustarroz-fue-parte-de-reunion-en-areco-entre-intendentes-y-fernandez\\\/#article\",\"isPartOf\":{\"@id\":\"https:\\\/\\\/noticiasmercedinas.com\\\/site\\\/2019\\\/05\\\/25\\\/ustarroz-fue-parte-de-reunion-en-areco-entre-intendentes-y-fernandez\\\/\"},\"author\":{\"name\":\"NOTICIASMERCEDINAS.COM\",\"@id\":\"https:\\\/\\\/noticiasmercedinas.com\\\/site\\\/#\\\/schema\\\/person\\\/84b59c099c28ff2e8b77d4ceec5d8063\"},\"headline\":\"Ustarroz fue parte de reuni\u00f3n en Areco entre intendentes y Fern\u00e1ndez\",\"datePublished\":\"2019-05-25T15:38:33+00:00\",\"mainEntityOfPage\":{\"@id\":\"https:\\\/\\\/noticiasmercedinas.com\\\/site\\\/2019\\\/05\\\/25\\\/ustarroz-fue-parte-de-reunion-en-areco-entre-intendentes-y-fernandez\\\/\"},\"wordCount\":358,\"commentCount\":0,\"publisher\":{\"@id\":\"https:\\\/\\\/noticiasmercedinas.com\\\/site\\\/#organization\"},\"image\":{\"@id\":\"https:\\\/\\\/noticiasmercedinas.com\\\/site\\\/2019\\\/05\\\/25\\\/ustarroz-fue-parte-de-reunion-en-areco-entre-intendentes-y-fernandez\\\/#primaryimage\"},\"thumbnailUrl\":\"https:\\\/\\\/noticiasmercedinas.com\\\/site\\\/wp-content\\\/uploads\\\/2019\\\/05\\\/5ce83454dca7e_940_529.jpg\",\"keywords\":[\"Alberto Fern\u00e1ndez\",\"elecciones 2019\",\"juan ignacio ustarroz\",\"maximo kirchner\",\"san antonio de areco\",\"wado de pedro\"],\"articleSection\":[\"Politica\"],\"inLanguage\":\"es\",\"potentialAction\":[{\"@type\":\"CommentAction\",\"name\":\"Comment\",\"target\":[\"https:\\\/\\\/noticiasmercedinas.com\\\/site\\\/2019\\\/05\\\/25\\\/ustarroz-fue-parte-de-reunion-en-areco-entre-intendentes-y-fernandez\\\/#respond\"]}]},{\"@type\":\"WebPage\",\"@id\":\"https:\\\/\\\/noticiasmercedinas.com\\\/site\\\/2019\\\/05\\\/25\\\/ustarroz-fue-parte-de-reunion-en-areco-entre-intendentes-y-fernandez\\\/\",\"url\":\"https:\\\/\\\/noticiasmercedinas.com\\\/site\\\/2019\\\/05\\\/25\\\/ustarroz-fue-parte-de-reunion-en-areco-entre-intendentes-y-fernandez\\\/\",\"name\":\"Ustarroz fue parte de reuni\u00f3n en Areco entre intendentes y Fern\u00e1ndez\",\"isPartOf\":{\"@id\":\"https:\\\/\\\/noticiasmercedinas.com\\\/site\\\/#website\"},\"primaryImageOfPage\":{\"@id\":\"https:\\\/\\\/noticiasmercedinas.com\\\/site\\\/2019\\\/05\\\/25\\\/ustarroz-fue-parte-de-reunion-en-areco-entre-intendentes-y-fernandez\\\/#primaryimage\"},\"image\":{\"@id\":\"https:\\\/\\\/noticiasmercedinas.com\\\/site\\\/2019\\\/05\\\/25\\\/ustarroz-fue-parte-de-reunion-en-areco-entre-intendentes-y-fernandez\\\/#primaryimage\"},\"thumbnailUrl\":\"https:\\\/\\\/noticiasmercedinas.com\\\/site\\\/wp-content\\\/uploads\\\/2019\\\/05\\\/5ce83454dca7e_940_529.jpg\",\"datePublished\":\"2019-05-25T15:38:33+00:00\",\"breadcrumb\":{\"@id\":\"https:\\\/\\\/noticiasmercedinas.com\\\/site\\\/2019\\\/05\\\/25\\\/ustarroz-fue-parte-de-reunion-en-areco-entre-intendentes-y-fernandez\\\/#breadcrumb\"},\"inLanguage\":\"es\",\"potentialAction\":[{\"@type\":\"ReadAction\",\"target\":[\"https:\\\/\\\/noticiasmercedinas.com\\\/site\\\/2019\\\/05\\\/25\\\/ustarroz-fue-parte-de-reunion-en-areco-entre-intendentes-y-fernandez\\\/\"]}]},{\"@type\":\"ImageObject\",\"inLanguage\":\"es\",\"@id\":\"https:\\\/\\\/noticiasmercedinas.com\\\/site\\\/2019\\\/05\\\/25\\\/ustarroz-fue-parte-de-reunion-en-areco-entre-intendentes-y-fernandez\\\/#primaryimage\",\"url\":\"https:\\\/\\\/noticiasmercedinas.com\\\/site\\\/wp-content\\\/uploads\\\/2019\\\/05\\\/5ce83454dca7e_940_529.jpg\",\"contentUrl\":\"https:\\\/\\\/noticiasmercedinas.com\\\/site\\\/wp-content\\\/uploads\\\/2019\\\/05\\\/5ce83454dca7e_940_529.jpg\",\"width\":940,\"height\":529},{\"@type\":\"BreadcrumbList\",\"@id\":\"https:\\\/\\\/noticiasmercedinas.com\\\/site\\\/2019\\\/05\\\/25\\\/ustarroz-fue-parte-de-reunion-en-areco-entre-intendentes-y-fernandez\\\/#breadcrumb\",\"itemListElement\":[{\"@type\":\"ListItem\",\"position\":1,\"name\":\"Portada\",\"item\":\"https:\\\/\\\/noticiasmercedinas.com\\\/site\\\/\"},{\"@type\":\"ListItem\",\"position\":2,\"name\":\"Ustarroz fue parte de reuni\u00f3n en Areco entre intendentes y Fern\u00e1ndez\"}]},{\"@type\":\"WebSite\",\"@id\":\"https:\\\/\\\/noticiasmercedinas.com\\\/site\\\/#website\",\"url\":\"https:\\\/\\\/noticiasmercedinas.com\\\/site\\\/\",\"name\":\"NOTICIASMERCEDINAS.COM\",\"description\":\"Mercedes, Buenos Aires, Argentina\",\"publisher\":{\"@id\":\"https:\\\/\\\/noticiasmercedinas.com\\\/site\\\/#organization\"},\"potentialAction\":[{\"@type\":\"SearchAction\",\"target\":{\"@type\":\"EntryPoint\",\"urlTemplate\":\"https:\\\/\\\/noticiasmercedinas.com\\\/site\\\/?s={search_term_string}\"},\"query-input\":{\"@type\":\"PropertyValueSpecification\",\"valueRequired\":true,\"valueName\":\"search_term_string\"}}],\"inLanguage\":\"es\"},{\"@type\":\"Organization\",\"@id\":\"https:\\\/\\\/noticiasmercedinas.com\\\/site\\\/#organization\",\"name\":\"NOTICIASMERCEDINAS.COM\",\"url\":\"https:\\\/\\\/noticiasmercedinas.com\\\/site\\\/\",\"logo\":{\"@type\":\"ImageObject\",\"inLanguage\":\"es\",\"@id\":\"https:\\\/\\\/noticiasmercedinas.com\\\/site\\\/#\\\/schema\\\/logo\\\/image\\\/\",\"url\":\"https:\\\/\\\/noticiasmercedinas.com\\\/site\\\/wp-content\\\/uploads\\\/2020\\\/06\\\/LOGO-512.jpg\",\"contentUrl\":\"https:\\\/\\\/noticiasmercedinas.com\\\/site\\\/wp-content\\\/uploads\\\/2020\\\/06\\\/LOGO-512.jpg\",\"width\":512,\"height\":512,\"caption\":\"NOTICIASMERCEDINAS.COM\"},\"image\":{\"@id\":\"https:\\\/\\\/noticiasmercedinas.com\\\/site\\\/#\\\/schema\\\/logo\\\/image\\\/\"},\"sameAs\":[\"https:\\\/\\\/www.facebook.com\\\/noticiasmercedinas\\\/\",\"https:\\\/\\\/x.com\\\/notmercedinas\",\"https:\\\/\\\/www.instagram.com\\\/noticiasmercedinas\\\/\"]},{\"@type\":\"Person\",\"@id\":\"https:\\\/\\\/noticiasmercedinas.com\\\/site\\\/#\\\/schema\\\/person\\\/84b59c099c28ff2e8b77d4ceec5d8063\",\"name\":\"NOTICIASMERCEDINAS.COM\",\"image\":{\"@type\":\"ImageObject\",\"inLanguage\":\"es\",\"@id\":\"https:\\\/\\\/secure.gravatar.com\\\/avatar\\\/4dfbf16b4d17945bfb6341b2d19043457132fcf478a5ee04f42e959fd8f5df0a?s=96&d=mm&r=g\",\"url\":\"https:\\\/\\\/secure.gravatar.com\\\/avatar\\\/4dfbf16b4d17945bfb6341b2d19043457132fcf478a5ee04f42e959fd8f5df0a?s=96&d=mm&r=g\",\"contentUrl\":\"https:\\\/\\\/secure.gravatar.com\\\/avatar\\\/4dfbf16b4d17945bfb6341b2d19043457132fcf478a5ee04f42e959fd8f5df0a?s=96&d=mm&r=g\",\"caption\":\"NOTICIASMERCEDINAS.COM\"},\"url\":\"https:\\\/\\\/noticiasmercedinas.com\\\/site\\\/author\\\/anonimo\\\/\"}]}<\/script>\n<!-- \/ Yoast SEO plugin. -->","yoast_head_json":{"title":"Ustarroz fue parte de reuni\u00f3n en Areco entre intendentes y Fern\u00e1ndez","robots":{"index":"index","follow":"follow","max-snippet":"max-snippet:-1","max-image-preview":"max-image-preview:large","max-video-preview":"max-video-preview:-1"},"canonical":"https:\/\/noticiasmercedinas.com\/site\/2019\/05\/25\/ustarroz-fue-parte-de-reunion-en-areco-entre-intendentes-y-fernandez\/","og_locale":"es_ES","og_type":"article","og_title":"Ustarroz fue parte de reuni\u00f3n en Areco entre intendentes y Fern\u00e1ndez","og_description":"Este viernes hubo una reuni\u00f3n cumbre de intendentes en San Antonio de Areco de la que fue parte el intendente de Mercedes, Juan Ignacio Ustarroz, junto a varios de sus pares. Se encontraron con Alberto Fern\u00e1ndez y M\u00e1ximo Kirchner. Fern\u00e1ndez elogi\u00f3 a M\u00e1ximo Kirchner -que se sent\u00f3 a su lado- y les prometi\u00f3 a los [&hellip;]","og_url":"https:\/\/noticiasmercedinas.com\/site\/2019\/05\/25\/ustarroz-fue-parte-de-reunion-en-areco-entre-intendentes-y-fernandez\/","og_site_name":"NOTICIASMERCEDINAS.COM","article_publisher":"https:\/\/www.facebook.com\/noticiasmercedinas\/","article_published_time":"2019-05-25T15:38:33+00:00","og_image":[{"width":940,"height":529,"url":"https:\/\/noticiasmercedinas.com\/site\/wp-content\/uploads\/2019\/05\/5ce83454dca7e_940_529.jpg","type":"image\/jpeg"}],"author":"NOTICIASMERCEDINAS.COM","twitter_card":"summary_large_image","twitter_creator":"@notmercedinas","twitter_site":"@notmercedinas","twitter_misc":{"Escrito por":"NOTICIASMERCEDINAS.COM","Tiempo de lectura":"2 minutos"},"schema":{"@context":"https:\/\/schema.org","@graph":[{"@type":"Article","@id":"https:\/\/noticiasmercedinas.com\/site\/2019\/05\/25\/ustarroz-fue-parte-de-reunion-en-areco-entre-intendentes-y-fernandez\/#article","isPartOf":{"@id":"https:\/\/noticiasmercedinas.com\/site\/2019\/05\/25\/ustarroz-fue-parte-de-reunion-en-areco-entre-intendentes-y-fernandez\/"},"author":{"name":"NOTICIASMERCEDINAS.COM","@id":"https:\/\/noticiasmercedinas.com\/site\/#\/schema\/person\/84b59c099c28ff2e8b77d4ceec5d8063"},"headline":"Ustarroz fue parte de reuni\u00f3n en Areco entre intendentes y Fern\u00e1ndez","datePublished":"2019-05-25T15:38:33+00:00","mainEntityOfPage":{"@id":"https:\/\/noticiasmercedinas.com\/site\/2019\/05\/25\/ustarroz-fue-parte-de-reunion-en-areco-entre-intendentes-y-fernandez\/"},"wordCount":358,"commentCount":0,"publisher":{"@id":"https:\/\/noticiasmercedinas.com\/site\/#organization"},"image":{"@id":"https:\/\/noticiasmercedinas.com\/site\/2019\/05\/25\/ustarroz-fue-parte-de-reunion-en-areco-entre-intendentes-y-fernandez\/#primaryimage"},"thumbnailUrl":"https:\/\/noticiasmercedinas.com\/site\/wp-content\/uploads\/2019\/05\/5ce83454dca7e_940_529.jpg","keywords":["Alberto Fern\u00e1ndez","elecciones 2019","juan ignacio ustarroz","maximo kirchner","san antonio de areco","wado de pedro"],"articleSection":["Politica"],"inLanguage":"es","potentialAction":[{"@type":"CommentAction","name":"Comment","target":["https:\/\/noticiasmercedinas.com\/site\/2019\/05\/25\/ustarroz-fue-parte-de-reunion-en-areco-entre-intendentes-y-fernandez\/#respond"]}]},{"@type":"WebPage","@id":"https:\/\/noticiasmercedinas.com\/site\/2019\/05\/25\/ustarroz-fue-parte-de-reunion-en-areco-entre-intendentes-y-fernandez\/","url":"https:\/\/noticiasmercedinas.com\/site\/2019\/05\/25\/ustarroz-fue-parte-de-reunion-en-areco-entre-intendentes-y-fernandez\/","name":"Ustarroz fue parte de reuni\u00f3n en Areco entre intendentes y Fern\u00e1ndez","isPartOf":{"@id":"https:\/\/noticiasmercedinas.com\/site\/#website"},"primaryImageOfPage":{"@id":"https:\/\/noticiasmercedinas.com\/site\/2019\/05\/25\/ustarroz-fue-parte-de-reunion-en-areco-entre-intendentes-y-fernandez\/#primaryimage"},"image":{"@id":"https:\/\/noticiasmercedinas.com\/site\/2019\/05\/25\/ustarroz-fue-parte-de-reunion-en-areco-entre-intendentes-y-fernandez\/#primaryimage"},"thumbnailUrl":"https:\/\/noticiasmercedinas.com\/site\/wp-content\/uploads\/2019\/05\/5ce83454dca7e_940_529.jpg","datePublished":"2019-05-25T15:38:33+00:00","breadcrumb":{"@id":"https:\/\/noticiasmercedinas.com\/site\/2019\/05\/25\/ustarroz-fue-parte-de-reunion-en-areco-entre-intendentes-y-fernandez\/#breadcrumb"},"inLanguage":"es","potentialAction":[{"@type":"ReadAction","target":["https:\/\/noticiasmercedinas.com\/site\/2019\/05\/25\/ustarroz-fue-parte-de-reunion-en-areco-entre-intendentes-y-fernandez\/"]}]},{"@type":"ImageObject","inLanguage":"es","@id":"https:\/\/noticiasmercedinas.com\/site\/2019\/05\/25\/ustarroz-fue-parte-de-reunion-en-areco-entre-intendentes-y-fernandez\/#primaryimage","url":"https:\/\/noticiasmercedinas.com\/site\/wp-content\/uploads\/2019\/05\/5ce83454dca7e_940_529.jpg","contentUrl":"https:\/\/noticiasmercedinas.com\/site\/wp-content\/uploads\/2019\/05\/5ce83454dca7e_940_529.jpg","width":940,"height":529},{"@type":"BreadcrumbList","@id":"https:\/\/noticiasmercedinas.com\/site\/2019\/05\/25\/ustarroz-fue-parte-de-reunion-en-areco-entre-intendentes-y-fernandez\/#breadcrumb","itemListElement":[{"@type":"ListItem","position":1,"name":"Portada","item":"https:\/\/noticiasmercedinas.com\/site\/"},{"@type":"ListItem","position":2,"name":"Ustarroz fue parte de reuni\u00f3n en Areco entre intendentes y Fern\u00e1ndez"}]},{"@type":"WebSite","@id":"https:\/\/noticiasmercedinas.com\/site\/#website","url":"https:\/\/noticiasmercedinas.com\/site\/","name":"NOTICIASMERCEDINAS.COM","description":"Mercedes, Buenos Aires, Argentina","publisher":{"@id":"https:\/\/noticiasmercedinas.com\/site\/#organization"},"potentialAction":[{"@type":"SearchAction","target":{"@type":"EntryPoint","urlTemplate":"https:\/\/noticiasmercedinas.com\/site\/?s={search_term_string}"},"query-input":{"@type":"PropertyValueSpecification","valueRequired":true,"valueName":"search_term_string"}}],"inLanguage":"es"},{"@type":"Organization","@id":"https:\/\/noticiasmercedinas.com\/site\/#organization","name":"NOTICIASMERCEDINAS.COM","url":"https:\/\/noticiasmercedinas.com\/site\/","logo":{"@type":"ImageObject","inLanguage":"es","@id":"https:\/\/noticiasmercedinas.com\/site\/#\/schema\/logo\/image\/","url":"https:\/\/noticiasmercedinas.com\/site\/wp-content\/uploads\/2020\/06\/LOGO-512.jpg","contentUrl":"https:\/\/noticiasmercedinas.com\/site\/wp-content\/uploads\/2020\/06\/LOGO-512.jpg","width":512,"height":512,"caption":"NOTICIASMERCEDINAS.COM"},"image":{"@id":"https:\/\/noticiasmercedinas.com\/site\/#\/schema\/logo\/image\/"},"sameAs":["https:\/\/www.facebook.com\/noticiasmercedinas\/","https:\/\/x.com\/notmercedinas","https:\/\/www.instagram.com\/noticiasmercedinas\/"]},{"@type":"Person","@id":"https:\/\/noticiasmercedinas.com\/site\/#\/schema\/person\/84b59c099c28ff2e8b77d4ceec5d8063","name":"NOTICIASMERCEDINAS.COM","image":{"@type":"ImageObject","inLanguage":"es","@id":"https:\/\/secure.gravatar.com\/avatar\/4dfbf16b4d17945bfb6341b2d19043457132fcf478a5ee04f42e959fd8f5df0a?s=96&d=mm&r=g","url":"https:\/\/secure.gravatar.com\/avatar\/4dfbf16b4d17945bfb6341b2d19043457132fcf478a5ee04f42e959fd8f5df0a?s=96&d=mm&r=g","contentUrl":"https:\/\/secure.gravatar.com\/avatar\/4dfbf16b4d17945bfb6341b2d19043457132fcf478a5ee04f42e959fd8f5df0a?s=96&d=mm&r=g","caption":"NOTICIASMERCEDINAS.COM"},"url":"https:\/\/noticiasmercedinas.com\/site\/author\/anonimo\/"}]}},"amp_enabled":true,"_links":{"self":[{"href":"https:\/\/noticiasmercedinas.com\/site\/wp-json\/wp\/v2\/posts\/19816","targetHints":{"allow":["GET"]}}],"collection":[{"href":"https:\/\/noticiasmercedinas.com\/site\/wp-json\/wp\/v2\/posts"}],"about":[{"href":"https:\/\/noticiasmercedinas.com\/site\/wp-json\/wp\/v2\/types\/post"}],"author":[{"embeddable":true,"href":"https:\/\/noticiasmercedinas.com\/site\/wp-json\/wp\/v2\/users\/16"}],"replies":[{"embeddable":true,"href":"https:\/\/noticiasmercedinas.com\/site\/wp-json\/wp\/v2\/comments?post=19816"}],"version-history":[{"count":1,"href":"https:\/\/noticiasmercedinas.com\/site\/wp-json\/wp\/v2\/posts\/19816\/revisions"}],"predecessor-version":[{"id":19818,"href":"https:\/\/noticiasmercedinas.com\/site\/wp-json\/wp\/v2\/posts\/19816\/revisions\/19818"}],"wp:featuredmedia":[{"embeddable":true,"href":"https:\/\/noticiasmercedinas.com\/site\/wp-json\/wp\/v2\/media\/19817"}],"wp:attachment":[{"href":"https:\/\/noticiasmercedinas.com\/site\/wp-json\/wp\/v2\/media?parent=19816"}],"wp:term":[{"taxonomy":"category","embeddable":true,"href":"https:\/\/noticiasmercedinas.com\/site\/wp-json\/wp\/v2\/categories?post=19816"},{"taxonomy":"post_tag","embeddable":true,"href":"https:\/\/noticiasmercedinas.com\/site\/wp-json\/wp\/v2\/tags?post=19816"}],"curies":[{"name":"wp","href":"https:\/\/api.w.org\/{rel}","templated":true}]}}