{"id":20154,"date":"2019-05-29T08:10:44","date_gmt":"2019-05-29T11:10:44","guid":{"rendered":"https:\/\/noticiasmercedinas.com\/site\/?p=20154"},"modified":"2019-05-29T08:10:44","modified_gmt":"2019-05-29T11:10:44","slug":"festejaron-el-dia-de-la-maestra-jardinera-y-los-50-anos-del-jardin-905","status":"publish","type":"post","link":"https:\/\/noticiasmercedinas.com\/site\/2019\/05\/29\/festejaron-el-dia-de-la-maestra-jardinera-y-los-50-anos-del-jardin-905\/","title":{"rendered":"Festejaron el D\u00eda de la Maestra Jardinera y los 50 a\u00f1os del Jard\u00edn 905"},"content":{"rendered":"<p style=\"font-weight: 400;\"><strong>Se festej\u00f3 el d\u00eda de la maestra jardinera y en un emotivo acto se conmemor\u00f3 el 50 aniversario del Jard\u00edn 905.<\/strong><\/p>\n\r\n                <style type=\"text\/css\">\r\n                    \r\n                    #td_uid_1_69f5c13172a19  .td-doubleSlider-2 .td-item1 {\r\n                        background: url(https:\/\/noticiasmercedinas.com\/site\/wp-content\/uploads\/2019\/05\/Jardines-Maternales-160x120.jpg) 0 0 no-repeat;\r\n                    }\r\n                    #td_uid_1_69f5c13172a19  .td-doubleSlider-2 .td-item2 {\r\n                        background: url(https:\/\/noticiasmercedinas.com\/site\/wp-content\/uploads\/2019\/05\/Jardin-905-2-160x120.jpg) 0 0 no-repeat;\r\n                    }\r\n                    #td_uid_1_69f5c13172a19  .td-doubleSlider-2 .td-item3 {\r\n                        background: url(https:\/\/noticiasmercedinas.com\/site\/wp-content\/uploads\/2019\/05\/Jardin-905-1-160x120.jpg) 0 0 no-repeat;\r\n                    }\r\n                    #td_uid_1_69f5c13172a19  .td-doubleSlider-2 .td-item4 {\r\n                        background: url(https:\/\/noticiasmercedinas.com\/site\/wp-content\/uploads\/2019\/05\/Jardin-905-3-160x120.jpg) 0 0 no-repeat;\r\n                    }\r\n                <\/style>\r\n\r\n                <div id=\"td_uid_1_69f5c13172a19\" class=\"td-gallery td-slide-on-2-columns\">\r\n                    <div class=\"post_td_gallery\">\r\n                        <div class=\"td-gallery-slide-top\">\r\n                           <div class=\"td-gallery-title\"><\/div>\r\n\r\n                            <div class=\"td-gallery-controls-wrapper\">\r\n                                <div class=\"td-gallery-slide-count\"><span class=\"td-gallery-slide-item-focus\">1<\/span> de 4<\/div>\r\n                                <div class=\"td-gallery-slide-prev-next-but\">\r\n                                    <i class = \"td-icon-left doubleSliderPrevButton\"><\/i>\r\n                                    <i class = \"td-icon-right doubleSliderNextButton\"><\/i>\r\n                                <\/div>\r\n                            <\/div>\r\n                        <\/div>\r\n\r\n                        <div class = \"td-doubleSlider-1 \">\r\n                            <div class = \"td-slider\">\r\n                                \r\n                    <div class = \"td-slide-item td-item1\">\r\n                        <figure class=\"td-slide-galery-figure td-slide-popup-gallery\">\r\n                            <a class=\"slide-gallery-image-link\" href=\"https:\/\/noticiasmercedinas.com\/site\/wp-content\/uploads\/2019\/05\/Jardines-Maternales.jpg\" title=\"Jardines-Maternales\"  data-caption=\"\"  data-description=\"\">\r\n                                <img decoding=\"async\" src=\"https:\/\/noticiasmercedinas.com\/site\/wp-content\/uploads\/2019\/05\/Jardines-Maternales.jpg\" srcset=\"https:\/\/noticiasmercedinas.com\/site\/wp-content\/uploads\/2019\/05\/Jardines-Maternales.jpg 948w, https:\/\/noticiasmercedinas.com\/site\/wp-content\/uploads\/2019\/05\/Jardines-Maternales-300x200.jpg 300w, https:\/\/noticiasmercedinas.com\/site\/wp-content\/uploads\/2019\/05\/Jardines-Maternales-768x512.jpg 768w, https:\/\/noticiasmercedinas.com\/site\/wp-content\/uploads\/2019\/05\/Jardines-Maternales-640x427.jpg 640w, https:\/\/noticiasmercedinas.com\/site\/wp-content\/uploads\/2019\/05\/Jardines-Maternales-681x454.jpg 681w\" sizes=\"(max-width: 948px) 100vw, 948px\" alt=\"\">\r\n                            <\/a>\r\n                            \r\n                        <\/figure>\r\n                    <\/div>\r\n                    <div class = \"td-slide-item td-item2\">\r\n                        <figure class=\"td-slide-galery-figure td-slide-popup-gallery\">\r\n                            <a class=\"slide-gallery-image-link\" href=\"https:\/\/noticiasmercedinas.com\/site\/wp-content\/uploads\/2019\/05\/Jardin-905-2.jpg\" title=\"Jardin-905 (2)\"  data-caption=\"\"  data-description=\"\">\r\n                                <img decoding=\"async\" src=\"https:\/\/noticiasmercedinas.com\/site\/wp-content\/uploads\/2019\/05\/Jardin-905-2.jpg\" srcset=\"https:\/\/noticiasmercedinas.com\/site\/wp-content\/uploads\/2019\/05\/Jardin-905-2.jpg 948w, https:\/\/noticiasmercedinas.com\/site\/wp-content\/uploads\/2019\/05\/Jardin-905-2-300x200.jpg 300w, https:\/\/noticiasmercedinas.com\/site\/wp-content\/uploads\/2019\/05\/Jardin-905-2-768x512.jpg 768w, https:\/\/noticiasmercedinas.com\/site\/wp-content\/uploads\/2019\/05\/Jardin-905-2-640x427.jpg 640w, https:\/\/noticiasmercedinas.com\/site\/wp-content\/uploads\/2019\/05\/Jardin-905-2-681x454.jpg 681w\" sizes=\"(max-width: 948px) 100vw, 948px\" alt=\"\">\r\n                            <\/a>\r\n                            \r\n                        <\/figure>\r\n                    <\/div>\r\n                    <div class = \"td-slide-item td-item3\">\r\n                        <figure class=\"td-slide-galery-figure td-slide-popup-gallery\">\r\n                            <a class=\"slide-gallery-image-link\" href=\"https:\/\/noticiasmercedinas.com\/site\/wp-content\/uploads\/2019\/05\/Jardin-905-1.jpg\" title=\"Jardin-905 (1)\"  data-caption=\"\"  data-description=\"\">\r\n                                <img decoding=\"async\" src=\"https:\/\/noticiasmercedinas.com\/site\/wp-content\/uploads\/2019\/05\/Jardin-905-1.jpg\" srcset=\"https:\/\/noticiasmercedinas.com\/site\/wp-content\/uploads\/2019\/05\/Jardin-905-1.jpg 967w, https:\/\/noticiasmercedinas.com\/site\/wp-content\/uploads\/2019\/05\/Jardin-905-1-300x196.jpg 300w, https:\/\/noticiasmercedinas.com\/site\/wp-content\/uploads\/2019\/05\/Jardin-905-1-768x501.jpg 768w, https:\/\/noticiasmercedinas.com\/site\/wp-content\/uploads\/2019\/05\/Jardin-905-1-640x418.jpg 640w, https:\/\/noticiasmercedinas.com\/site\/wp-content\/uploads\/2019\/05\/Jardin-905-1-681x444.jpg 681w\" sizes=\"(max-width: 967px) 100vw, 967px\" alt=\"\">\r\n                            <\/a>\r\n                            \r\n                        <\/figure>\r\n                    <\/div>\r\n                    <div class = \"td-slide-item td-item4\">\r\n                        <figure class=\"td-slide-galery-figure td-slide-popup-gallery\">\r\n                            <a class=\"slide-gallery-image-link\" href=\"https:\/\/noticiasmercedinas.com\/site\/wp-content\/uploads\/2019\/05\/Jardin-905-3.jpg\" title=\"Jardin-905 (3)\"  data-caption=\"\"  data-description=\"\">\r\n                                <img decoding=\"async\" src=\"https:\/\/noticiasmercedinas.com\/site\/wp-content\/uploads\/2019\/05\/Jardin-905-3.jpg\" srcset=\"https:\/\/noticiasmercedinas.com\/site\/wp-content\/uploads\/2019\/05\/Jardin-905-3.jpg 948w, https:\/\/noticiasmercedinas.com\/site\/wp-content\/uploads\/2019\/05\/Jardin-905-3-300x200.jpg 300w, https:\/\/noticiasmercedinas.com\/site\/wp-content\/uploads\/2019\/05\/Jardin-905-3-768x512.jpg 768w, https:\/\/noticiasmercedinas.com\/site\/wp-content\/uploads\/2019\/05\/Jardin-905-3-640x427.jpg 640w, https:\/\/noticiasmercedinas.com\/site\/wp-content\/uploads\/2019\/05\/Jardin-905-3-681x454.jpg 681w\" sizes=\"(max-width: 948px) 100vw, 948px\" alt=\"\">\r\n                            <\/a>\r\n                            \r\n                        <\/figure>\r\n                    <\/div>\r\n                            <\/div>\r\n                        <\/div>\r\n\r\n                        <div class = \"td-doubleSlider-2\">\r\n                            <div class = \"td-slider\">\r\n                                \r\n                    <div class = \"td-button td-item1\">\r\n                        <div class = \"td-border\"><\/div>\r\n                    <\/div>\r\n                    <div class = \"td-button td-item2\">\r\n                        <div class = \"td-border\"><\/div>\r\n                    <\/div>\r\n                    <div class = \"td-button td-item3\">\r\n                        <div class = \"td-border\"><\/div>\r\n                    <\/div>\r\n                    <div class = \"td-button td-item4\">\r\n                        <div class = \"td-border\"><\/div>\r\n                    <\/div>\r\n                            <\/div>\r\n                        <\/div>\r\n\r\n                    <\/div>\r\n\r\n                <\/div>\r\n                \n<p style=\"font-weight: 400;\">El intendente Juan Ignacio Ustarroz se hizo presente en la celebraci\u00f3n de los 50 a\u00f1os de vida del Jard\u00edn de Infantes 905. Adem\u00e1s, ah\u00ed se festej\u00f3 el D\u00eda de la Maestra Jardinera. Fueron parte de esta conmemoraci\u00f3n, padres, ni\u00f1os, el jefe de Gendarmer\u00eda y todas aquellas maestras que todos los d\u00edas llevan adelante su importante labor.<\/p>\n<p style=\"font-weight: 400;\">\u201cEn esta jornada especial, feliz d\u00eda a todas las maestras que realmente honran su vocaci\u00f3n, y queremos agradecer profundamente el compromiso y el trabajo que todos los d\u00edas hacen para garantizar los derechos de los ni\u00f1os\u201d defini\u00f3 el jefe comunal Ustarroz.<\/p>\n<p style=\"font-weight: 400;\">\u201cDurante estos m\u00e1s de tres a\u00f1os y medio de nuestra gesti\u00f3n hemos intentado recorrer pr\u00e1cticamente todos los jardines, y en todos ellos encontramos compromiso, profesionalismo, compa\u00f1erismo y mucho amor, algo que es esencial para la educaci\u00f3n de los ni\u00f1os de nuestra ciudad\u201d se\u00f1al\u00f3 el intendente Juan Ignacio Ustarroz.<\/p>\n<p style=\"font-weight: 400;\"><strong>Jard\u00edn N\u00b0905<br \/>\n<\/strong>Ustarroz indic\u00f3: \u201cEste jard\u00edn cumple 50 a\u00f1os y esto se forj\u00f3 sobre la base del aporte de la comunidad toda. Creo que este es el lugar que como sociedad nos tenemos que encontrar, donde tenemos que focalizar todos nuestros esfuerzos para poder garantizar este acceso igualitario a la educaci\u00f3n y proveer de todas las herramientas que se necesitan para forjar una mejor ni\u00f1ez\u201d, dijo Ustarroz.<\/p>\n<p style=\"font-weight: 400;\">La directora de la instituci\u00f3n, <strong>Karina Daniela Pescio<\/strong>, expres\u00f3: \u201cSaludo a todos los docentes de esta instituci\u00f3n por su dedicaci\u00f3n en la tarea que realizan y felicitarlos en su d\u00eda\u201d, y a\u00f1adi\u00f3: \u201cAgradezco enormemente a todo el equipo de trabajo que me acompa\u00f1a, docentes, auxiliares, equipo de orientaci\u00f3n escolar y secretarias\u201d.<\/p>\n<p style=\"font-weight: 400;\">Asimismo, la directora subray\u00f3 el agradecimiento a \u201clas autoridades municipales, y al se\u00f1or intendente Juan Ignacio Ustarroz por todo el aporte que nos ha dado durante este a\u00f1o\u201d.<\/p>\n<p style=\"font-weight: 400;\"><strong>Teresita Mansilla<\/strong>, inspectora en modalidad Art\u00edstica, tom\u00f3 la palabra. \u201cFelicito a la instituci\u00f3n y a las autoridades, las maestras y alumnos que han pasado por este lugar y por la tarea que realizan en este ciclo inicial\u201d, dijo.<\/p>\n<p style=\"font-weight: 400;\">En el marco del festejo de los 50 a\u00f1os de esta instituci\u00f3n, estuvo presente <strong>Mar\u00eda del Carmen Silva<\/strong>, ex directora del establecimiento, quien tras un breve repaso por la historia del jard\u00edn dijo \u201csomos una alternativa para que todos nuestros chicos de la ciudad de Mercedes tengan igualdad de oportunidades y posibilidades de acceso, permanencia y egreso a la educaci\u00f3n inicial\u201d y sostuvo \u201cporque eso va a marcar las diferencias para luego seguir con los siguientes escalones del sistema educativo formal\u201d.<\/p>\n<p style=\"font-weight: 400;\"><strong>Jardines Maternales y EPIS<br \/>\n<\/strong>Adem\u00e1s, en los jardines maternales y los Jardines Espacios Primera Infancia de la Municipalidad se conmemor\u00f3 el D\u00eda con actividades diversas, con espect\u00e1culos para los chicos y \u201cpresentes\u201d para las docentes. El jefe comunal agradeci\u00f3 por \u201ctodo el amor que d\u00eda a d\u00eda ponen, con pasi\u00f3n, dedicaci\u00f3n y compromiso\u201d: \u201cEllas son un ejemplos que, sin duda, construyen un futuro mejor para todos\u201d, afirm\u00f3 entre otros conceptos.<\/p>\n","protected":false},"excerpt":{"rendered":"<p>Se festej\u00f3 el d\u00eda de la maestra jardinera y en un emotivo acto se conmemor\u00f3 el 50 aniversario del Jard\u00edn 905. El intendente Juan Ignacio Ustarroz se hizo presente en la celebraci\u00f3n de los 50 a\u00f1os de vida del Jard\u00edn de Infantes 905. Adem\u00e1s, ah\u00ed se festej\u00f3 el D\u00eda de la Maestra Jardinera. Fueron parte [&hellip;]<\/p>\n","protected":false},"author":16,"featured_media":20157,"comment_status":"open","ping_status":"open","sticky":false,"template":"","format":"standard","meta":{"footnotes":""},"categories":[3],"tags":[5019,38,5018,5016,5015,5017],"class_list":["post-20154","post","type-post","status-publish","format-standard","has-post-thumbnail","hentry","category-sociedad","tag-dia-de-la-maestra-jardinera","tag-educacion","tag-jardin-905","tag-karina-daniela-pescio","tag-maria-del-carmen-silva","tag-teresita-mansilla"],"yoast_head":"<!-- This site is optimized with the Yoast SEO plugin v27.5 - https:\/\/yoast.com\/product\/yoast-seo-wordpress\/ -->\n<title>Festejaron el D\u00eda de la Maestra Jardinera y los 50 a\u00f1os del Jard\u00edn 905<\/title>\n<meta name=\"robots\" content=\"index, follow, max-snippet:-1, max-image-preview:large, max-video-preview:-1\" \/>\n<link rel=\"canonical\" href=\"https:\/\/noticiasmercedinas.com\/site\/2019\/05\/29\/festejaron-el-dia-de-la-maestra-jardinera-y-los-50-anos-del-jardin-905\/\" \/>\n<meta property=\"og:locale\" content=\"es_ES\" \/>\n<meta property=\"og:type\" content=\"article\" \/>\n<meta property=\"og:title\" content=\"Festejaron el D\u00eda de la Maestra Jardinera y los 50 a\u00f1os del Jard\u00edn 905\" \/>\n<meta property=\"og:description\" content=\"Se festej\u00f3 el d\u00eda de la maestra jardinera y en un emotivo acto se conmemor\u00f3 el 50 aniversario del Jard\u00edn 905. El intendente Juan Ignacio Ustarroz se hizo presente en la celebraci\u00f3n de los 50 a\u00f1os de vida del Jard\u00edn de Infantes 905. Adem\u00e1s, ah\u00ed se festej\u00f3 el D\u00eda de la Maestra Jardinera. Fueron parte [&hellip;]\" \/>\n<meta property=\"og:url\" content=\"https:\/\/noticiasmercedinas.com\/site\/2019\/05\/29\/festejaron-el-dia-de-la-maestra-jardinera-y-los-50-anos-del-jardin-905\/\" \/>\n<meta property=\"og:site_name\" content=\"NOTICIASMERCEDINAS.COM\" \/>\n<meta property=\"article:publisher\" content=\"https:\/\/www.facebook.com\/noticiasmercedinas\/\" \/>\n<meta property=\"article:published_time\" content=\"2019-05-29T11:10:44+00:00\" \/>\n<meta property=\"og:image\" content=\"https:\/\/noticiasmercedinas.com\/site\/wp-content\/uploads\/2019\/05\/Jardin-905-1.jpg\" \/>\n\t<meta property=\"og:image:width\" content=\"967\" \/>\n\t<meta property=\"og:image:height\" content=\"631\" \/>\n\t<meta property=\"og:image:type\" content=\"image\/jpeg\" \/>\n<meta name=\"author\" content=\"NOTICIASMERCEDINAS.COM\" \/>\n<meta name=\"twitter:card\" content=\"summary_large_image\" \/>\n<meta name=\"twitter:creator\" content=\"@notmercedinas\" \/>\n<meta name=\"twitter:site\" content=\"@notmercedinas\" \/>\n<meta name=\"twitter:label1\" content=\"Escrito por\" \/>\n\t<meta name=\"twitter:data1\" content=\"NOTICIASMERCEDINAS.COM\" \/>\n\t<meta name=\"twitter:label2\" content=\"Tiempo de lectura\" \/>\n\t<meta name=\"twitter:data2\" content=\"3 minutos\" \/>\n<script type=\"application\/ld+json\" class=\"yoast-schema-graph\">{\"@context\":\"https:\\\/\\\/schema.org\",\"@graph\":[{\"@type\":\"Article\",\"@id\":\"https:\\\/\\\/noticiasmercedinas.com\\\/site\\\/2019\\\/05\\\/29\\\/festejaron-el-dia-de-la-maestra-jardinera-y-los-50-anos-del-jardin-905\\\/#article\",\"isPartOf\":{\"@id\":\"https:\\\/\\\/noticiasmercedinas.com\\\/site\\\/2019\\\/05\\\/29\\\/festejaron-el-dia-de-la-maestra-jardinera-y-los-50-anos-del-jardin-905\\\/\"},\"author\":{\"name\":\"NOTICIASMERCEDINAS.COM\",\"@id\":\"https:\\\/\\\/noticiasmercedinas.com\\\/site\\\/#\\\/schema\\\/person\\\/84b59c099c28ff2e8b77d4ceec5d8063\"},\"headline\":\"Festejaron el D\u00eda de la Maestra Jardinera y los 50 a\u00f1os del Jard\u00edn 905\",\"datePublished\":\"2019-05-29T11:10:44+00:00\",\"mainEntityOfPage\":{\"@id\":\"https:\\\/\\\/noticiasmercedinas.com\\\/site\\\/2019\\\/05\\\/29\\\/festejaron-el-dia-de-la-maestra-jardinera-y-los-50-anos-del-jardin-905\\\/\"},\"wordCount\":570,\"commentCount\":0,\"publisher\":{\"@id\":\"https:\\\/\\\/noticiasmercedinas.com\\\/site\\\/#organization\"},\"image\":{\"@id\":\"https:\\\/\\\/noticiasmercedinas.com\\\/site\\\/2019\\\/05\\\/29\\\/festejaron-el-dia-de-la-maestra-jardinera-y-los-50-anos-del-jardin-905\\\/#primaryimage\"},\"thumbnailUrl\":\"https:\\\/\\\/noticiasmercedinas.com\\\/site\\\/wp-content\\\/uploads\\\/2019\\\/05\\\/Jardin-905-1.jpg\",\"keywords\":[\"dia de la maestra jardinera\",\"educacion\",\"jardin 905\",\"Karina Daniela Pescio\",\"Mar\u00eda del Carmen Silva\",\"Teresita Mansilla\"],\"articleSection\":[\"Sociedad\"],\"inLanguage\":\"es\",\"potentialAction\":[{\"@type\":\"CommentAction\",\"name\":\"Comment\",\"target\":[\"https:\\\/\\\/noticiasmercedinas.com\\\/site\\\/2019\\\/05\\\/29\\\/festejaron-el-dia-de-la-maestra-jardinera-y-los-50-anos-del-jardin-905\\\/#respond\"]}]},{\"@type\":\"WebPage\",\"@id\":\"https:\\\/\\\/noticiasmercedinas.com\\\/site\\\/2019\\\/05\\\/29\\\/festejaron-el-dia-de-la-maestra-jardinera-y-los-50-anos-del-jardin-905\\\/\",\"url\":\"https:\\\/\\\/noticiasmercedinas.com\\\/site\\\/2019\\\/05\\\/29\\\/festejaron-el-dia-de-la-maestra-jardinera-y-los-50-anos-del-jardin-905\\\/\",\"name\":\"Festejaron el D\u00eda de la Maestra Jardinera y los 50 a\u00f1os del Jard\u00edn 905\",\"isPartOf\":{\"@id\":\"https:\\\/\\\/noticiasmercedinas.com\\\/site\\\/#website\"},\"primaryImageOfPage\":{\"@id\":\"https:\\\/\\\/noticiasmercedinas.com\\\/site\\\/2019\\\/05\\\/29\\\/festejaron-el-dia-de-la-maestra-jardinera-y-los-50-anos-del-jardin-905\\\/#primaryimage\"},\"image\":{\"@id\":\"https:\\\/\\\/noticiasmercedinas.com\\\/site\\\/2019\\\/05\\\/29\\\/festejaron-el-dia-de-la-maestra-jardinera-y-los-50-anos-del-jardin-905\\\/#primaryimage\"},\"thumbnailUrl\":\"https:\\\/\\\/noticiasmercedinas.com\\\/site\\\/wp-content\\\/uploads\\\/2019\\\/05\\\/Jardin-905-1.jpg\",\"datePublished\":\"2019-05-29T11:10:44+00:00\",\"breadcrumb\":{\"@id\":\"https:\\\/\\\/noticiasmercedinas.com\\\/site\\\/2019\\\/05\\\/29\\\/festejaron-el-dia-de-la-maestra-jardinera-y-los-50-anos-del-jardin-905\\\/#breadcrumb\"},\"inLanguage\":\"es\",\"potentialAction\":[{\"@type\":\"ReadAction\",\"target\":[\"https:\\\/\\\/noticiasmercedinas.com\\\/site\\\/2019\\\/05\\\/29\\\/festejaron-el-dia-de-la-maestra-jardinera-y-los-50-anos-del-jardin-905\\\/\"]}]},{\"@type\":\"ImageObject\",\"inLanguage\":\"es\",\"@id\":\"https:\\\/\\\/noticiasmercedinas.com\\\/site\\\/2019\\\/05\\\/29\\\/festejaron-el-dia-de-la-maestra-jardinera-y-los-50-anos-del-jardin-905\\\/#primaryimage\",\"url\":\"https:\\\/\\\/noticiasmercedinas.com\\\/site\\\/wp-content\\\/uploads\\\/2019\\\/05\\\/Jardin-905-1.jpg\",\"contentUrl\":\"https:\\\/\\\/noticiasmercedinas.com\\\/site\\\/wp-content\\\/uploads\\\/2019\\\/05\\\/Jardin-905-1.jpg\",\"width\":967,\"height\":631},{\"@type\":\"BreadcrumbList\",\"@id\":\"https:\\\/\\\/noticiasmercedinas.com\\\/site\\\/2019\\\/05\\\/29\\\/festejaron-el-dia-de-la-maestra-jardinera-y-los-50-anos-del-jardin-905\\\/#breadcrumb\",\"itemListElement\":[{\"@type\":\"ListItem\",\"position\":1,\"name\":\"Portada\",\"item\":\"https:\\\/\\\/noticiasmercedinas.com\\\/site\\\/\"},{\"@type\":\"ListItem\",\"position\":2,\"name\":\"Festejaron el D\u00eda de la Maestra Jardinera y los 50 a\u00f1os del Jard\u00edn 905\"}]},{\"@type\":\"WebSite\",\"@id\":\"https:\\\/\\\/noticiasmercedinas.com\\\/site\\\/#website\",\"url\":\"https:\\\/\\\/noticiasmercedinas.com\\\/site\\\/\",\"name\":\"NOTICIASMERCEDINAS.COM\",\"description\":\"Mercedes, Buenos Aires, Argentina\",\"publisher\":{\"@id\":\"https:\\\/\\\/noticiasmercedinas.com\\\/site\\\/#organization\"},\"potentialAction\":[{\"@type\":\"SearchAction\",\"target\":{\"@type\":\"EntryPoint\",\"urlTemplate\":\"https:\\\/\\\/noticiasmercedinas.com\\\/site\\\/?s={search_term_string}\"},\"query-input\":{\"@type\":\"PropertyValueSpecification\",\"valueRequired\":true,\"valueName\":\"search_term_string\"}}],\"inLanguage\":\"es\"},{\"@type\":\"Organization\",\"@id\":\"https:\\\/\\\/noticiasmercedinas.com\\\/site\\\/#organization\",\"name\":\"NOTICIASMERCEDINAS.COM\",\"url\":\"https:\\\/\\\/noticiasmercedinas.com\\\/site\\\/\",\"logo\":{\"@type\":\"ImageObject\",\"inLanguage\":\"es\",\"@id\":\"https:\\\/\\\/noticiasmercedinas.com\\\/site\\\/#\\\/schema\\\/logo\\\/image\\\/\",\"url\":\"https:\\\/\\\/noticiasmercedinas.com\\\/site\\\/wp-content\\\/uploads\\\/2020\\\/06\\\/LOGO-512.jpg\",\"contentUrl\":\"https:\\\/\\\/noticiasmercedinas.com\\\/site\\\/wp-content\\\/uploads\\\/2020\\\/06\\\/LOGO-512.jpg\",\"width\":512,\"height\":512,\"caption\":\"NOTICIASMERCEDINAS.COM\"},\"image\":{\"@id\":\"https:\\\/\\\/noticiasmercedinas.com\\\/site\\\/#\\\/schema\\\/logo\\\/image\\\/\"},\"sameAs\":[\"https:\\\/\\\/www.facebook.com\\\/noticiasmercedinas\\\/\",\"https:\\\/\\\/x.com\\\/notmercedinas\",\"https:\\\/\\\/www.instagram.com\\\/noticiasmercedinas\\\/\"]},{\"@type\":\"Person\",\"@id\":\"https:\\\/\\\/noticiasmercedinas.com\\\/site\\\/#\\\/schema\\\/person\\\/84b59c099c28ff2e8b77d4ceec5d8063\",\"name\":\"NOTICIASMERCEDINAS.COM\",\"image\":{\"@type\":\"ImageObject\",\"inLanguage\":\"es\",\"@id\":\"https:\\\/\\\/secure.gravatar.com\\\/avatar\\\/4dfbf16b4d17945bfb6341b2d19043457132fcf478a5ee04f42e959fd8f5df0a?s=96&d=mm&r=g\",\"url\":\"https:\\\/\\\/secure.gravatar.com\\\/avatar\\\/4dfbf16b4d17945bfb6341b2d19043457132fcf478a5ee04f42e959fd8f5df0a?s=96&d=mm&r=g\",\"contentUrl\":\"https:\\\/\\\/secure.gravatar.com\\\/avatar\\\/4dfbf16b4d17945bfb6341b2d19043457132fcf478a5ee04f42e959fd8f5df0a?s=96&d=mm&r=g\",\"caption\":\"NOTICIASMERCEDINAS.COM\"},\"url\":\"https:\\\/\\\/noticiasmercedinas.com\\\/site\\\/author\\\/anonimo\\\/\"}]}<\/script>\n<!-- \/ Yoast SEO plugin. -->","yoast_head_json":{"title":"Festejaron el D\u00eda de la Maestra Jardinera y los 50 a\u00f1os del Jard\u00edn 905","robots":{"index":"index","follow":"follow","max-snippet":"max-snippet:-1","max-image-preview":"max-image-preview:large","max-video-preview":"max-video-preview:-1"},"canonical":"https:\/\/noticiasmercedinas.com\/site\/2019\/05\/29\/festejaron-el-dia-de-la-maestra-jardinera-y-los-50-anos-del-jardin-905\/","og_locale":"es_ES","og_type":"article","og_title":"Festejaron el D\u00eda de la Maestra Jardinera y los 50 a\u00f1os del Jard\u00edn 905","og_description":"Se festej\u00f3 el d\u00eda de la maestra jardinera y en un emotivo acto se conmemor\u00f3 el 50 aniversario del Jard\u00edn 905. El intendente Juan Ignacio Ustarroz se hizo presente en la celebraci\u00f3n de los 50 a\u00f1os de vida del Jard\u00edn de Infantes 905. Adem\u00e1s, ah\u00ed se festej\u00f3 el D\u00eda de la Maestra Jardinera. Fueron parte [&hellip;]","og_url":"https:\/\/noticiasmercedinas.com\/site\/2019\/05\/29\/festejaron-el-dia-de-la-maestra-jardinera-y-los-50-anos-del-jardin-905\/","og_site_name":"NOTICIASMERCEDINAS.COM","article_publisher":"https:\/\/www.facebook.com\/noticiasmercedinas\/","article_published_time":"2019-05-29T11:10:44+00:00","og_image":[{"width":967,"height":631,"url":"https:\/\/noticiasmercedinas.com\/site\/wp-content\/uploads\/2019\/05\/Jardin-905-1.jpg","type":"image\/jpeg"}],"author":"NOTICIASMERCEDINAS.COM","twitter_card":"summary_large_image","twitter_creator":"@notmercedinas","twitter_site":"@notmercedinas","twitter_misc":{"Escrito por":"NOTICIASMERCEDINAS.COM","Tiempo de lectura":"3 minutos"},"schema":{"@context":"https:\/\/schema.org","@graph":[{"@type":"Article","@id":"https:\/\/noticiasmercedinas.com\/site\/2019\/05\/29\/festejaron-el-dia-de-la-maestra-jardinera-y-los-50-anos-del-jardin-905\/#article","isPartOf":{"@id":"https:\/\/noticiasmercedinas.com\/site\/2019\/05\/29\/festejaron-el-dia-de-la-maestra-jardinera-y-los-50-anos-del-jardin-905\/"},"author":{"name":"NOTICIASMERCEDINAS.COM","@id":"https:\/\/noticiasmercedinas.com\/site\/#\/schema\/person\/84b59c099c28ff2e8b77d4ceec5d8063"},"headline":"Festejaron el D\u00eda de la Maestra Jardinera y los 50 a\u00f1os del Jard\u00edn 905","datePublished":"2019-05-29T11:10:44+00:00","mainEntityOfPage":{"@id":"https:\/\/noticiasmercedinas.com\/site\/2019\/05\/29\/festejaron-el-dia-de-la-maestra-jardinera-y-los-50-anos-del-jardin-905\/"},"wordCount":570,"commentCount":0,"publisher":{"@id":"https:\/\/noticiasmercedinas.com\/site\/#organization"},"image":{"@id":"https:\/\/noticiasmercedinas.com\/site\/2019\/05\/29\/festejaron-el-dia-de-la-maestra-jardinera-y-los-50-anos-del-jardin-905\/#primaryimage"},"thumbnailUrl":"https:\/\/noticiasmercedinas.com\/site\/wp-content\/uploads\/2019\/05\/Jardin-905-1.jpg","keywords":["dia de la maestra jardinera","educacion","jardin 905","Karina Daniela Pescio","Mar\u00eda del Carmen Silva","Teresita Mansilla"],"articleSection":["Sociedad"],"inLanguage":"es","potentialAction":[{"@type":"CommentAction","name":"Comment","target":["https:\/\/noticiasmercedinas.com\/site\/2019\/05\/29\/festejaron-el-dia-de-la-maestra-jardinera-y-los-50-anos-del-jardin-905\/#respond"]}]},{"@type":"WebPage","@id":"https:\/\/noticiasmercedinas.com\/site\/2019\/05\/29\/festejaron-el-dia-de-la-maestra-jardinera-y-los-50-anos-del-jardin-905\/","url":"https:\/\/noticiasmercedinas.com\/site\/2019\/05\/29\/festejaron-el-dia-de-la-maestra-jardinera-y-los-50-anos-del-jardin-905\/","name":"Festejaron el D\u00eda de la Maestra Jardinera y los 50 a\u00f1os del Jard\u00edn 905","isPartOf":{"@id":"https:\/\/noticiasmercedinas.com\/site\/#website"},"primaryImageOfPage":{"@id":"https:\/\/noticiasmercedinas.com\/site\/2019\/05\/29\/festejaron-el-dia-de-la-maestra-jardinera-y-los-50-anos-del-jardin-905\/#primaryimage"},"image":{"@id":"https:\/\/noticiasmercedinas.com\/site\/2019\/05\/29\/festejaron-el-dia-de-la-maestra-jardinera-y-los-50-anos-del-jardin-905\/#primaryimage"},"thumbnailUrl":"https:\/\/noticiasmercedinas.com\/site\/wp-content\/uploads\/2019\/05\/Jardin-905-1.jpg","datePublished":"2019-05-29T11:10:44+00:00","breadcrumb":{"@id":"https:\/\/noticiasmercedinas.com\/site\/2019\/05\/29\/festejaron-el-dia-de-la-maestra-jardinera-y-los-50-anos-del-jardin-905\/#breadcrumb"},"inLanguage":"es","potentialAction":[{"@type":"ReadAction","target":["https:\/\/noticiasmercedinas.com\/site\/2019\/05\/29\/festejaron-el-dia-de-la-maestra-jardinera-y-los-50-anos-del-jardin-905\/"]}]},{"@type":"ImageObject","inLanguage":"es","@id":"https:\/\/noticiasmercedinas.com\/site\/2019\/05\/29\/festejaron-el-dia-de-la-maestra-jardinera-y-los-50-anos-del-jardin-905\/#primaryimage","url":"https:\/\/noticiasmercedinas.com\/site\/wp-content\/uploads\/2019\/05\/Jardin-905-1.jpg","contentUrl":"https:\/\/noticiasmercedinas.com\/site\/wp-content\/uploads\/2019\/05\/Jardin-905-1.jpg","width":967,"height":631},{"@type":"BreadcrumbList","@id":"https:\/\/noticiasmercedinas.com\/site\/2019\/05\/29\/festejaron-el-dia-de-la-maestra-jardinera-y-los-50-anos-del-jardin-905\/#breadcrumb","itemListElement":[{"@type":"ListItem","position":1,"name":"Portada","item":"https:\/\/noticiasmercedinas.com\/site\/"},{"@type":"ListItem","position":2,"name":"Festejaron el D\u00eda de la Maestra Jardinera y los 50 a\u00f1os del Jard\u00edn 905"}]},{"@type":"WebSite","@id":"https:\/\/noticiasmercedinas.com\/site\/#website","url":"https:\/\/noticiasmercedinas.com\/site\/","name":"NOTICIASMERCEDINAS.COM","description":"Mercedes, Buenos Aires, Argentina","publisher":{"@id":"https:\/\/noticiasmercedinas.com\/site\/#organization"},"potentialAction":[{"@type":"SearchAction","target":{"@type":"EntryPoint","urlTemplate":"https:\/\/noticiasmercedinas.com\/site\/?s={search_term_string}"},"query-input":{"@type":"PropertyValueSpecification","valueRequired":true,"valueName":"search_term_string"}}],"inLanguage":"es"},{"@type":"Organization","@id":"https:\/\/noticiasmercedinas.com\/site\/#organization","name":"NOTICIASMERCEDINAS.COM","url":"https:\/\/noticiasmercedinas.com\/site\/","logo":{"@type":"ImageObject","inLanguage":"es","@id":"https:\/\/noticiasmercedinas.com\/site\/#\/schema\/logo\/image\/","url":"https:\/\/noticiasmercedinas.com\/site\/wp-content\/uploads\/2020\/06\/LOGO-512.jpg","contentUrl":"https:\/\/noticiasmercedinas.com\/site\/wp-content\/uploads\/2020\/06\/LOGO-512.jpg","width":512,"height":512,"caption":"NOTICIASMERCEDINAS.COM"},"image":{"@id":"https:\/\/noticiasmercedinas.com\/site\/#\/schema\/logo\/image\/"},"sameAs":["https:\/\/www.facebook.com\/noticiasmercedinas\/","https:\/\/x.com\/notmercedinas","https:\/\/www.instagram.com\/noticiasmercedinas\/"]},{"@type":"Person","@id":"https:\/\/noticiasmercedinas.com\/site\/#\/schema\/person\/84b59c099c28ff2e8b77d4ceec5d8063","name":"NOTICIASMERCEDINAS.COM","image":{"@type":"ImageObject","inLanguage":"es","@id":"https:\/\/secure.gravatar.com\/avatar\/4dfbf16b4d17945bfb6341b2d19043457132fcf478a5ee04f42e959fd8f5df0a?s=96&d=mm&r=g","url":"https:\/\/secure.gravatar.com\/avatar\/4dfbf16b4d17945bfb6341b2d19043457132fcf478a5ee04f42e959fd8f5df0a?s=96&d=mm&r=g","contentUrl":"https:\/\/secure.gravatar.com\/avatar\/4dfbf16b4d17945bfb6341b2d19043457132fcf478a5ee04f42e959fd8f5df0a?s=96&d=mm&r=g","caption":"NOTICIASMERCEDINAS.COM"},"url":"https:\/\/noticiasmercedinas.com\/site\/author\/anonimo\/"}]}},"amp_enabled":true,"_links":{"self":[{"href":"https:\/\/noticiasmercedinas.com\/site\/wp-json\/wp\/v2\/posts\/20154","targetHints":{"allow":["GET"]}}],"collection":[{"href":"https:\/\/noticiasmercedinas.com\/site\/wp-json\/wp\/v2\/posts"}],"about":[{"href":"https:\/\/noticiasmercedinas.com\/site\/wp-json\/wp\/v2\/types\/post"}],"author":[{"embeddable":true,"href":"https:\/\/noticiasmercedinas.com\/site\/wp-json\/wp\/v2\/users\/16"}],"replies":[{"embeddable":true,"href":"https:\/\/noticiasmercedinas.com\/site\/wp-json\/wp\/v2\/comments?post=20154"}],"version-history":[{"count":2,"href":"https:\/\/noticiasmercedinas.com\/site\/wp-json\/wp\/v2\/posts\/20154\/revisions"}],"predecessor-version":[{"id":20160,"href":"https:\/\/noticiasmercedinas.com\/site\/wp-json\/wp\/v2\/posts\/20154\/revisions\/20160"}],"wp:featuredmedia":[{"embeddable":true,"href":"https:\/\/noticiasmercedinas.com\/site\/wp-json\/wp\/v2\/media\/20157"}],"wp:attachment":[{"href":"https:\/\/noticiasmercedinas.com\/site\/wp-json\/wp\/v2\/media?parent=20154"}],"wp:term":[{"taxonomy":"category","embeddable":true,"href":"https:\/\/noticiasmercedinas.com\/site\/wp-json\/wp\/v2\/categories?post=20154"},{"taxonomy":"post_tag","embeddable":true,"href":"https:\/\/noticiasmercedinas.com\/site\/wp-json\/wp\/v2\/tags?post=20154"}],"curies":[{"name":"wp","href":"https:\/\/api.w.org\/{rel}","templated":true}]}}