{"id":20165,"date":"2019-05-29T08:45:25","date_gmt":"2019-05-29T11:45:25","guid":{"rendered":"https:\/\/noticiasmercedinas.com\/site\/?p=20165"},"modified":"2019-05-29T08:45:25","modified_gmt":"2019-05-29T11:45:25","slug":"late-la-tierra-este-sabado-en-la-cultural-dumer","status":"publish","type":"post","link":"https:\/\/noticiasmercedinas.com\/site\/2019\/05\/29\/late-la-tierra-este-sabado-en-la-cultural-dumer\/","title":{"rendered":"\u201cLate la Tierra\u201d este s\u00e1bado en La Cultural Dumer"},"content":{"rendered":"<p><img loading=\"lazy\" decoding=\"async\" class=\"alignnone size-full wp-image-20166\" src=\"https:\/\/noticiasmercedinas.com\/site\/wp-content\/uploads\/2019\/05\/60997575_2723625461012257_5027439144737964032_n.jpg\" alt=\"\" width=\"960\" height=\"503\" srcset=\"https:\/\/noticiasmercedinas.com\/site\/wp-content\/uploads\/2019\/05\/60997575_2723625461012257_5027439144737964032_n.jpg 960w, https:\/\/noticiasmercedinas.com\/site\/wp-content\/uploads\/2019\/05\/60997575_2723625461012257_5027439144737964032_n-300x157.jpg 300w, https:\/\/noticiasmercedinas.com\/site\/wp-content\/uploads\/2019\/05\/60997575_2723625461012257_5027439144737964032_n-768x402.jpg 768w, https:\/\/noticiasmercedinas.com\/site\/wp-content\/uploads\/2019\/05\/60997575_2723625461012257_5027439144737964032_n-640x335.jpg 640w, https:\/\/noticiasmercedinas.com\/site\/wp-content\/uploads\/2019\/05\/60997575_2723625461012257_5027439144737964032_n-681x357.jpg 681w\" sizes=\"auto, (max-width: 960px) 100vw, 960px\" \/><\/p>\n<p>Tras sus recientes presentaciones en Mercedes y en Carmen de Areco en el marco de las celebraciones del D\u00eda de la Patria, la cantante <strong>Virginia Altube<\/strong> vuelve a realizar este s\u00e1bado un show en la ciudad de Mercedes, esta vez en un recinto que considera especial.<\/p>\n<p>Es as\u00ed que con \u00abLate la Tierra\u00bb este s\u00e1bado 1 de junio, desde las 21:00 horas, en La Cultural Dumer habr\u00e1 canto criollo y \u201ccueros\u201d para que cante la tierra, con coplas y m\u00fasica latinoamericana a cargo de Altube junto a los m\u00fasicos Rodrigo Acttis (arm\u00f3nica), Dami\u00e1n Tessore (guitarras, coros, arreglos y direcci\u00f3n), Juan L\u00f3pez Courtade (percusi\u00f3n) y el ensamble que este \u00faltimo dirige con Emanuel, El\u00edas, Leandro y Santy.<\/p>\n<p>Como artistas invitados estar\u00e1n Mariel Solari, Rulo Godar y Marilina Erramuspe.<\/p>\n<p>La entrada, s\u00f3lo en puerta, est\u00e1 a 150 pesos, y en el lugar hay cantina.<\/p>\n<p>La Cultural Dumer est\u00e1 en calle 10 entre 31 y 33, en Mercedes.<\/p>\n<p><img loading=\"lazy\" decoding=\"async\" class=\"alignnone size-full wp-image-20167\" src=\"https:\/\/noticiasmercedinas.com\/site\/wp-content\/uploads\/2019\/05\/virginiaa.jpg\" alt=\"\" width=\"960\" height=\"540\" srcset=\"https:\/\/noticiasmercedinas.com\/site\/wp-content\/uploads\/2019\/05\/virginiaa.jpg 960w, https:\/\/noticiasmercedinas.com\/site\/wp-content\/uploads\/2019\/05\/virginiaa-300x169.jpg 300w, https:\/\/noticiasmercedinas.com\/site\/wp-content\/uploads\/2019\/05\/virginiaa-768x432.jpg 768w, https:\/\/noticiasmercedinas.com\/site\/wp-content\/uploads\/2019\/05\/virginiaa-640x360.jpg 640w, https:\/\/noticiasmercedinas.com\/site\/wp-content\/uploads\/2019\/05\/virginiaa-681x383.jpg 681w\" sizes=\"auto, (max-width: 960px) 100vw, 960px\" \/><\/p>\n","protected":false},"excerpt":{"rendered":"<p>Tras sus recientes presentaciones en Mercedes y en Carmen de Areco en el marco de las celebraciones del D\u00eda de la Patria, la cantante Virginia Altube vuelve a realizar este s\u00e1bado un show en la ciudad de Mercedes, esta vez en un recinto que considera especial. Es as\u00ed que con \u00abLate la Tierra\u00bb este s\u00e1bado [&hellip;]<\/p>\n","protected":false},"author":16,"featured_media":20166,"comment_status":"open","ping_status":"open","sticky":false,"template":"","format":"standard","meta":{"footnotes":""},"categories":[4],"tags":[509,88,164],"class_list":["post-20165","post","type-post","status-publish","format-standard","has-post-thumbnail","hentry","category-cultura","tag-la-cultural-dumer","tag-musica","tag-virginia-altube"],"yoast_head":"<!-- This site is optimized with the Yoast SEO plugin v27.5 - https:\/\/yoast.com\/product\/yoast-seo-wordpress\/ -->\n<title>\u201cLate la Tierra\u201d este s\u00e1bado en La Cultural Dumer<\/title>\n<meta name=\"robots\" content=\"index, follow, max-snippet:-1, max-image-preview:large, max-video-preview:-1\" \/>\n<link rel=\"canonical\" href=\"https:\/\/noticiasmercedinas.com\/site\/2019\/05\/29\/late-la-tierra-este-sabado-en-la-cultural-dumer\/\" \/>\n<meta property=\"og:locale\" content=\"es_ES\" \/>\n<meta property=\"og:type\" content=\"article\" \/>\n<meta property=\"og:title\" content=\"\u201cLate la Tierra\u201d este s\u00e1bado en La Cultural Dumer\" \/>\n<meta property=\"og:description\" content=\"Tras sus recientes presentaciones en Mercedes y en Carmen de Areco en el marco de las celebraciones del D\u00eda de la Patria, la cantante Virginia Altube vuelve a realizar este s\u00e1bado un show en la ciudad de Mercedes, esta vez en un recinto que considera especial. Es as\u00ed que con \u00abLate la Tierra\u00bb este s\u00e1bado [&hellip;]\" \/>\n<meta property=\"og:url\" content=\"https:\/\/noticiasmercedinas.com\/site\/2019\/05\/29\/late-la-tierra-este-sabado-en-la-cultural-dumer\/\" \/>\n<meta property=\"og:site_name\" content=\"NOTICIASMERCEDINAS.COM\" \/>\n<meta property=\"article:publisher\" content=\"https:\/\/www.facebook.com\/noticiasmercedinas\/\" \/>\n<meta property=\"article:published_time\" content=\"2019-05-29T11:45:25+00:00\" \/>\n<meta property=\"og:image\" content=\"https:\/\/noticiasmercedinas.com\/site\/wp-content\/uploads\/2019\/05\/60997575_2723625461012257_5027439144737964032_n.jpg\" \/>\n\t<meta property=\"og:image:width\" content=\"960\" \/>\n\t<meta property=\"og:image:height\" content=\"503\" \/>\n\t<meta property=\"og:image:type\" content=\"image\/jpeg\" \/>\n<meta name=\"author\" content=\"NOTICIASMERCEDINAS.COM\" \/>\n<meta name=\"twitter:card\" content=\"summary_large_image\" \/>\n<meta name=\"twitter:creator\" content=\"@notmercedinas\" \/>\n<meta name=\"twitter:site\" content=\"@notmercedinas\" \/>\n<meta name=\"twitter:label1\" content=\"Escrito por\" \/>\n\t<meta name=\"twitter:data1\" content=\"NOTICIASMERCEDINAS.COM\" \/>\n\t<meta name=\"twitter:label2\" content=\"Tiempo de lectura\" \/>\n\t<meta name=\"twitter:data2\" content=\"1 minuto\" \/>\n<script type=\"application\/ld+json\" class=\"yoast-schema-graph\">{\"@context\":\"https:\\\/\\\/schema.org\",\"@graph\":[{\"@type\":\"Article\",\"@id\":\"https:\\\/\\\/noticiasmercedinas.com\\\/site\\\/2019\\\/05\\\/29\\\/late-la-tierra-este-sabado-en-la-cultural-dumer\\\/#article\",\"isPartOf\":{\"@id\":\"https:\\\/\\\/noticiasmercedinas.com\\\/site\\\/2019\\\/05\\\/29\\\/late-la-tierra-este-sabado-en-la-cultural-dumer\\\/\"},\"author\":{\"name\":\"NOTICIASMERCEDINAS.COM\",\"@id\":\"https:\\\/\\\/noticiasmercedinas.com\\\/site\\\/#\\\/schema\\\/person\\\/84b59c099c28ff2e8b77d4ceec5d8063\"},\"headline\":\"\u201cLate la Tierra\u201d este s\u00e1bado en La Cultural Dumer\",\"datePublished\":\"2019-05-29T11:45:25+00:00\",\"mainEntityOfPage\":{\"@id\":\"https:\\\/\\\/noticiasmercedinas.com\\\/site\\\/2019\\\/05\\\/29\\\/late-la-tierra-este-sabado-en-la-cultural-dumer\\\/\"},\"wordCount\":172,\"commentCount\":0,\"publisher\":{\"@id\":\"https:\\\/\\\/noticiasmercedinas.com\\\/site\\\/#organization\"},\"image\":{\"@id\":\"https:\\\/\\\/noticiasmercedinas.com\\\/site\\\/2019\\\/05\\\/29\\\/late-la-tierra-este-sabado-en-la-cultural-dumer\\\/#primaryimage\"},\"thumbnailUrl\":\"https:\\\/\\\/noticiasmercedinas.com\\\/site\\\/wp-content\\\/uploads\\\/2019\\\/05\\\/60997575_2723625461012257_5027439144737964032_n.jpg\",\"keywords\":[\"la cultural dumer\",\"musica\",\"virginia altube\"],\"articleSection\":[\"Cultura\"],\"inLanguage\":\"es\",\"potentialAction\":[{\"@type\":\"CommentAction\",\"name\":\"Comment\",\"target\":[\"https:\\\/\\\/noticiasmercedinas.com\\\/site\\\/2019\\\/05\\\/29\\\/late-la-tierra-este-sabado-en-la-cultural-dumer\\\/#respond\"]}]},{\"@type\":\"WebPage\",\"@id\":\"https:\\\/\\\/noticiasmercedinas.com\\\/site\\\/2019\\\/05\\\/29\\\/late-la-tierra-este-sabado-en-la-cultural-dumer\\\/\",\"url\":\"https:\\\/\\\/noticiasmercedinas.com\\\/site\\\/2019\\\/05\\\/29\\\/late-la-tierra-este-sabado-en-la-cultural-dumer\\\/\",\"name\":\"\u201cLate la Tierra\u201d este s\u00e1bado en La Cultural Dumer\",\"isPartOf\":{\"@id\":\"https:\\\/\\\/noticiasmercedinas.com\\\/site\\\/#website\"},\"primaryImageOfPage\":{\"@id\":\"https:\\\/\\\/noticiasmercedinas.com\\\/site\\\/2019\\\/05\\\/29\\\/late-la-tierra-este-sabado-en-la-cultural-dumer\\\/#primaryimage\"},\"image\":{\"@id\":\"https:\\\/\\\/noticiasmercedinas.com\\\/site\\\/2019\\\/05\\\/29\\\/late-la-tierra-este-sabado-en-la-cultural-dumer\\\/#primaryimage\"},\"thumbnailUrl\":\"https:\\\/\\\/noticiasmercedinas.com\\\/site\\\/wp-content\\\/uploads\\\/2019\\\/05\\\/60997575_2723625461012257_5027439144737964032_n.jpg\",\"datePublished\":\"2019-05-29T11:45:25+00:00\",\"breadcrumb\":{\"@id\":\"https:\\\/\\\/noticiasmercedinas.com\\\/site\\\/2019\\\/05\\\/29\\\/late-la-tierra-este-sabado-en-la-cultural-dumer\\\/#breadcrumb\"},\"inLanguage\":\"es\",\"potentialAction\":[{\"@type\":\"ReadAction\",\"target\":[\"https:\\\/\\\/noticiasmercedinas.com\\\/site\\\/2019\\\/05\\\/29\\\/late-la-tierra-este-sabado-en-la-cultural-dumer\\\/\"]}]},{\"@type\":\"ImageObject\",\"inLanguage\":\"es\",\"@id\":\"https:\\\/\\\/noticiasmercedinas.com\\\/site\\\/2019\\\/05\\\/29\\\/late-la-tierra-este-sabado-en-la-cultural-dumer\\\/#primaryimage\",\"url\":\"https:\\\/\\\/noticiasmercedinas.com\\\/site\\\/wp-content\\\/uploads\\\/2019\\\/05\\\/60997575_2723625461012257_5027439144737964032_n.jpg\",\"contentUrl\":\"https:\\\/\\\/noticiasmercedinas.com\\\/site\\\/wp-content\\\/uploads\\\/2019\\\/05\\\/60997575_2723625461012257_5027439144737964032_n.jpg\",\"width\":960,\"height\":503},{\"@type\":\"BreadcrumbList\",\"@id\":\"https:\\\/\\\/noticiasmercedinas.com\\\/site\\\/2019\\\/05\\\/29\\\/late-la-tierra-este-sabado-en-la-cultural-dumer\\\/#breadcrumb\",\"itemListElement\":[{\"@type\":\"ListItem\",\"position\":1,\"name\":\"Portada\",\"item\":\"https:\\\/\\\/noticiasmercedinas.com\\\/site\\\/\"},{\"@type\":\"ListItem\",\"position\":2,\"name\":\"\u201cLate la Tierra\u201d este s\u00e1bado en La Cultural Dumer\"}]},{\"@type\":\"WebSite\",\"@id\":\"https:\\\/\\\/noticiasmercedinas.com\\\/site\\\/#website\",\"url\":\"https:\\\/\\\/noticiasmercedinas.com\\\/site\\\/\",\"name\":\"NOTICIASMERCEDINAS.COM\",\"description\":\"Mercedes, Buenos Aires, Argentina\",\"publisher\":{\"@id\":\"https:\\\/\\\/noticiasmercedinas.com\\\/site\\\/#organization\"},\"potentialAction\":[{\"@type\":\"SearchAction\",\"target\":{\"@type\":\"EntryPoint\",\"urlTemplate\":\"https:\\\/\\\/noticiasmercedinas.com\\\/site\\\/?s={search_term_string}\"},\"query-input\":{\"@type\":\"PropertyValueSpecification\",\"valueRequired\":true,\"valueName\":\"search_term_string\"}}],\"inLanguage\":\"es\"},{\"@type\":\"Organization\",\"@id\":\"https:\\\/\\\/noticiasmercedinas.com\\\/site\\\/#organization\",\"name\":\"NOTICIASMERCEDINAS.COM\",\"url\":\"https:\\\/\\\/noticiasmercedinas.com\\\/site\\\/\",\"logo\":{\"@type\":\"ImageObject\",\"inLanguage\":\"es\",\"@id\":\"https:\\\/\\\/noticiasmercedinas.com\\\/site\\\/#\\\/schema\\\/logo\\\/image\\\/\",\"url\":\"https:\\\/\\\/noticiasmercedinas.com\\\/site\\\/wp-content\\\/uploads\\\/2020\\\/06\\\/LOGO-512.jpg\",\"contentUrl\":\"https:\\\/\\\/noticiasmercedinas.com\\\/site\\\/wp-content\\\/uploads\\\/2020\\\/06\\\/LOGO-512.jpg\",\"width\":512,\"height\":512,\"caption\":\"NOTICIASMERCEDINAS.COM\"},\"image\":{\"@id\":\"https:\\\/\\\/noticiasmercedinas.com\\\/site\\\/#\\\/schema\\\/logo\\\/image\\\/\"},\"sameAs\":[\"https:\\\/\\\/www.facebook.com\\\/noticiasmercedinas\\\/\",\"https:\\\/\\\/x.com\\\/notmercedinas\",\"https:\\\/\\\/www.instagram.com\\\/noticiasmercedinas\\\/\"]},{\"@type\":\"Person\",\"@id\":\"https:\\\/\\\/noticiasmercedinas.com\\\/site\\\/#\\\/schema\\\/person\\\/84b59c099c28ff2e8b77d4ceec5d8063\",\"name\":\"NOTICIASMERCEDINAS.COM\",\"image\":{\"@type\":\"ImageObject\",\"inLanguage\":\"es\",\"@id\":\"https:\\\/\\\/secure.gravatar.com\\\/avatar\\\/4dfbf16b4d17945bfb6341b2d19043457132fcf478a5ee04f42e959fd8f5df0a?s=96&d=mm&r=g\",\"url\":\"https:\\\/\\\/secure.gravatar.com\\\/avatar\\\/4dfbf16b4d17945bfb6341b2d19043457132fcf478a5ee04f42e959fd8f5df0a?s=96&d=mm&r=g\",\"contentUrl\":\"https:\\\/\\\/secure.gravatar.com\\\/avatar\\\/4dfbf16b4d17945bfb6341b2d19043457132fcf478a5ee04f42e959fd8f5df0a?s=96&d=mm&r=g\",\"caption\":\"NOTICIASMERCEDINAS.COM\"},\"url\":\"https:\\\/\\\/noticiasmercedinas.com\\\/site\\\/author\\\/anonimo\\\/\"}]}<\/script>\n<!-- \/ Yoast SEO plugin. -->","yoast_head_json":{"title":"\u201cLate la Tierra\u201d este s\u00e1bado en La Cultural Dumer","robots":{"index":"index","follow":"follow","max-snippet":"max-snippet:-1","max-image-preview":"max-image-preview:large","max-video-preview":"max-video-preview:-1"},"canonical":"https:\/\/noticiasmercedinas.com\/site\/2019\/05\/29\/late-la-tierra-este-sabado-en-la-cultural-dumer\/","og_locale":"es_ES","og_type":"article","og_title":"\u201cLate la Tierra\u201d este s\u00e1bado en La Cultural Dumer","og_description":"Tras sus recientes presentaciones en Mercedes y en Carmen de Areco en el marco de las celebraciones del D\u00eda de la Patria, la cantante Virginia Altube vuelve a realizar este s\u00e1bado un show en la ciudad de Mercedes, esta vez en un recinto que considera especial. Es as\u00ed que con \u00abLate la Tierra\u00bb este s\u00e1bado [&hellip;]","og_url":"https:\/\/noticiasmercedinas.com\/site\/2019\/05\/29\/late-la-tierra-este-sabado-en-la-cultural-dumer\/","og_site_name":"NOTICIASMERCEDINAS.COM","article_publisher":"https:\/\/www.facebook.com\/noticiasmercedinas\/","article_published_time":"2019-05-29T11:45:25+00:00","og_image":[{"width":960,"height":503,"url":"https:\/\/noticiasmercedinas.com\/site\/wp-content\/uploads\/2019\/05\/60997575_2723625461012257_5027439144737964032_n.jpg","type":"image\/jpeg"}],"author":"NOTICIASMERCEDINAS.COM","twitter_card":"summary_large_image","twitter_creator":"@notmercedinas","twitter_site":"@notmercedinas","twitter_misc":{"Escrito por":"NOTICIASMERCEDINAS.COM","Tiempo de lectura":"1 minuto"},"schema":{"@context":"https:\/\/schema.org","@graph":[{"@type":"Article","@id":"https:\/\/noticiasmercedinas.com\/site\/2019\/05\/29\/late-la-tierra-este-sabado-en-la-cultural-dumer\/#article","isPartOf":{"@id":"https:\/\/noticiasmercedinas.com\/site\/2019\/05\/29\/late-la-tierra-este-sabado-en-la-cultural-dumer\/"},"author":{"name":"NOTICIASMERCEDINAS.COM","@id":"https:\/\/noticiasmercedinas.com\/site\/#\/schema\/person\/84b59c099c28ff2e8b77d4ceec5d8063"},"headline":"\u201cLate la Tierra\u201d este s\u00e1bado en La Cultural Dumer","datePublished":"2019-05-29T11:45:25+00:00","mainEntityOfPage":{"@id":"https:\/\/noticiasmercedinas.com\/site\/2019\/05\/29\/late-la-tierra-este-sabado-en-la-cultural-dumer\/"},"wordCount":172,"commentCount":0,"publisher":{"@id":"https:\/\/noticiasmercedinas.com\/site\/#organization"},"image":{"@id":"https:\/\/noticiasmercedinas.com\/site\/2019\/05\/29\/late-la-tierra-este-sabado-en-la-cultural-dumer\/#primaryimage"},"thumbnailUrl":"https:\/\/noticiasmercedinas.com\/site\/wp-content\/uploads\/2019\/05\/60997575_2723625461012257_5027439144737964032_n.jpg","keywords":["la cultural dumer","musica","virginia altube"],"articleSection":["Cultura"],"inLanguage":"es","potentialAction":[{"@type":"CommentAction","name":"Comment","target":["https:\/\/noticiasmercedinas.com\/site\/2019\/05\/29\/late-la-tierra-este-sabado-en-la-cultural-dumer\/#respond"]}]},{"@type":"WebPage","@id":"https:\/\/noticiasmercedinas.com\/site\/2019\/05\/29\/late-la-tierra-este-sabado-en-la-cultural-dumer\/","url":"https:\/\/noticiasmercedinas.com\/site\/2019\/05\/29\/late-la-tierra-este-sabado-en-la-cultural-dumer\/","name":"\u201cLate la Tierra\u201d este s\u00e1bado en La Cultural Dumer","isPartOf":{"@id":"https:\/\/noticiasmercedinas.com\/site\/#website"},"primaryImageOfPage":{"@id":"https:\/\/noticiasmercedinas.com\/site\/2019\/05\/29\/late-la-tierra-este-sabado-en-la-cultural-dumer\/#primaryimage"},"image":{"@id":"https:\/\/noticiasmercedinas.com\/site\/2019\/05\/29\/late-la-tierra-este-sabado-en-la-cultural-dumer\/#primaryimage"},"thumbnailUrl":"https:\/\/noticiasmercedinas.com\/site\/wp-content\/uploads\/2019\/05\/60997575_2723625461012257_5027439144737964032_n.jpg","datePublished":"2019-05-29T11:45:25+00:00","breadcrumb":{"@id":"https:\/\/noticiasmercedinas.com\/site\/2019\/05\/29\/late-la-tierra-este-sabado-en-la-cultural-dumer\/#breadcrumb"},"inLanguage":"es","potentialAction":[{"@type":"ReadAction","target":["https:\/\/noticiasmercedinas.com\/site\/2019\/05\/29\/late-la-tierra-este-sabado-en-la-cultural-dumer\/"]}]},{"@type":"ImageObject","inLanguage":"es","@id":"https:\/\/noticiasmercedinas.com\/site\/2019\/05\/29\/late-la-tierra-este-sabado-en-la-cultural-dumer\/#primaryimage","url":"https:\/\/noticiasmercedinas.com\/site\/wp-content\/uploads\/2019\/05\/60997575_2723625461012257_5027439144737964032_n.jpg","contentUrl":"https:\/\/noticiasmercedinas.com\/site\/wp-content\/uploads\/2019\/05\/60997575_2723625461012257_5027439144737964032_n.jpg","width":960,"height":503},{"@type":"BreadcrumbList","@id":"https:\/\/noticiasmercedinas.com\/site\/2019\/05\/29\/late-la-tierra-este-sabado-en-la-cultural-dumer\/#breadcrumb","itemListElement":[{"@type":"ListItem","position":1,"name":"Portada","item":"https:\/\/noticiasmercedinas.com\/site\/"},{"@type":"ListItem","position":2,"name":"\u201cLate la Tierra\u201d este s\u00e1bado en La Cultural Dumer"}]},{"@type":"WebSite","@id":"https:\/\/noticiasmercedinas.com\/site\/#website","url":"https:\/\/noticiasmercedinas.com\/site\/","name":"NOTICIASMERCEDINAS.COM","description":"Mercedes, Buenos Aires, Argentina","publisher":{"@id":"https:\/\/noticiasmercedinas.com\/site\/#organization"},"potentialAction":[{"@type":"SearchAction","target":{"@type":"EntryPoint","urlTemplate":"https:\/\/noticiasmercedinas.com\/site\/?s={search_term_string}"},"query-input":{"@type":"PropertyValueSpecification","valueRequired":true,"valueName":"search_term_string"}}],"inLanguage":"es"},{"@type":"Organization","@id":"https:\/\/noticiasmercedinas.com\/site\/#organization","name":"NOTICIASMERCEDINAS.COM","url":"https:\/\/noticiasmercedinas.com\/site\/","logo":{"@type":"ImageObject","inLanguage":"es","@id":"https:\/\/noticiasmercedinas.com\/site\/#\/schema\/logo\/image\/","url":"https:\/\/noticiasmercedinas.com\/site\/wp-content\/uploads\/2020\/06\/LOGO-512.jpg","contentUrl":"https:\/\/noticiasmercedinas.com\/site\/wp-content\/uploads\/2020\/06\/LOGO-512.jpg","width":512,"height":512,"caption":"NOTICIASMERCEDINAS.COM"},"image":{"@id":"https:\/\/noticiasmercedinas.com\/site\/#\/schema\/logo\/image\/"},"sameAs":["https:\/\/www.facebook.com\/noticiasmercedinas\/","https:\/\/x.com\/notmercedinas","https:\/\/www.instagram.com\/noticiasmercedinas\/"]},{"@type":"Person","@id":"https:\/\/noticiasmercedinas.com\/site\/#\/schema\/person\/84b59c099c28ff2e8b77d4ceec5d8063","name":"NOTICIASMERCEDINAS.COM","image":{"@type":"ImageObject","inLanguage":"es","@id":"https:\/\/secure.gravatar.com\/avatar\/4dfbf16b4d17945bfb6341b2d19043457132fcf478a5ee04f42e959fd8f5df0a?s=96&d=mm&r=g","url":"https:\/\/secure.gravatar.com\/avatar\/4dfbf16b4d17945bfb6341b2d19043457132fcf478a5ee04f42e959fd8f5df0a?s=96&d=mm&r=g","contentUrl":"https:\/\/secure.gravatar.com\/avatar\/4dfbf16b4d17945bfb6341b2d19043457132fcf478a5ee04f42e959fd8f5df0a?s=96&d=mm&r=g","caption":"NOTICIASMERCEDINAS.COM"},"url":"https:\/\/noticiasmercedinas.com\/site\/author\/anonimo\/"}]}},"amp_enabled":true,"_links":{"self":[{"href":"https:\/\/noticiasmercedinas.com\/site\/wp-json\/wp\/v2\/posts\/20165","targetHints":{"allow":["GET"]}}],"collection":[{"href":"https:\/\/noticiasmercedinas.com\/site\/wp-json\/wp\/v2\/posts"}],"about":[{"href":"https:\/\/noticiasmercedinas.com\/site\/wp-json\/wp\/v2\/types\/post"}],"author":[{"embeddable":true,"href":"https:\/\/noticiasmercedinas.com\/site\/wp-json\/wp\/v2\/users\/16"}],"replies":[{"embeddable":true,"href":"https:\/\/noticiasmercedinas.com\/site\/wp-json\/wp\/v2\/comments?post=20165"}],"version-history":[{"count":1,"href":"https:\/\/noticiasmercedinas.com\/site\/wp-json\/wp\/v2\/posts\/20165\/revisions"}],"predecessor-version":[{"id":20168,"href":"https:\/\/noticiasmercedinas.com\/site\/wp-json\/wp\/v2\/posts\/20165\/revisions\/20168"}],"wp:featuredmedia":[{"embeddable":true,"href":"https:\/\/noticiasmercedinas.com\/site\/wp-json\/wp\/v2\/media\/20166"}],"wp:attachment":[{"href":"https:\/\/noticiasmercedinas.com\/site\/wp-json\/wp\/v2\/media?parent=20165"}],"wp:term":[{"taxonomy":"category","embeddable":true,"href":"https:\/\/noticiasmercedinas.com\/site\/wp-json\/wp\/v2\/categories?post=20165"},{"taxonomy":"post_tag","embeddable":true,"href":"https:\/\/noticiasmercedinas.com\/site\/wp-json\/wp\/v2\/tags?post=20165"}],"curies":[{"name":"wp","href":"https:\/\/api.w.org\/{rel}","templated":true}]}}