{"id":202,"date":"2026-09-01T16:07:09","date_gmt":"2026-09-01T16:07:09","guid":{"rendered":"https:\/\/noticiasmercedinas.com\/site\/?p=202"},"modified":"2026-09-02T16:10:02","modified_gmt":"2026-09-02T16:10:02","slug":"a-90-anos-de-la-guerra-civil-espanola-realizaran-un-encuentro-de-cine-debate-poesia-y-memoria","status":"publish","type":"post","link":"https:\/\/noticiasmercedinas.com\/site\/2026\/09\/01\/a-90-anos-de-la-guerra-civil-espanola-realizaran-un-encuentro-de-cine-debate-poesia-y-memoria\/","title":{"rendered":"A 90 a\u00f1os de la Guerra Civil Espa\u00f1ola, realizar\u00e1n un encuentro de cine debate, poes\u00eda y memoria"},"content":{"rendered":"<p><img loading=\"lazy\" decoding=\"async\" class=\"alignnone wp-image-203 size-full\" src=\"https:\/\/noticiasmercedinas.com\/site\/wp-content\/uploads\/2026\/09\/culture1.jpg\" alt=\"\" width=\"724\" height=\"493\" srcset=\"https:\/\/noticiasmercedinas.com\/site\/wp-content\/uploads\/2026\/09\/culture1.jpg 724w, https:\/\/noticiasmercedinas.com\/site\/wp-content\/uploads\/2026\/09\/culture1-300x204.jpg 300w, https:\/\/noticiasmercedinas.com\/site\/wp-content\/uploads\/2026\/09\/culture1-617x420.jpg 617w, https:\/\/noticiasmercedinas.com\/site\/wp-content\/uploads\/2026\/09\/culture1-640x436.jpg 640w, https:\/\/noticiasmercedinas.com\/site\/wp-content\/uploads\/2026\/09\/culture1-681x464.jpg 681w\" sizes=\"auto, (max-width: 724px) 100vw, 724px\" \/><\/p>\n<p>\u200bEste viernes 4 de septiembre, a partir de las 20:00 horas, se llevar\u00e1 a cabo una jornada cultural de cine, poes\u00eda y debate pol\u00edtico en el espacio ubicado en calle 108 esquina 5 (casa de Mar\u00eda y Pablo).<\/p>\n<p>La actividad es organizada por el Comit\u00e9 de Apoyo al Frente de Izquierda en el marco de la conmemoraci\u00f3n de los 90 a\u00f1os del inicio de la Guerra Civil Espa\u00f1ola, conflicto b\u00e9lico desatado en 1936 tras el golpe de Estado militar contra la Segunda Rep\u00fablica Espa\u00f1ola y que concluy\u00f3 en 1939 con la instauraci\u00f3n de la dictadura de Francisco Franco.<\/p>\n<p>\u200bEl eje central del encuentro ser\u00e1 la proyecci\u00f3n de \u00abTierra y Libertad\u00bb, largometraje de 1995 dirigido por el cineasta brit\u00e1nico Ken Loach. La obra cinematogr\u00e1fica retrata la experiencia de las brigadas internacionales y las milicias del Partido Obrero de Unificaci\u00f3n Marxista (POUM) en el frente de Arag\u00f3n, abordando las complejas contradicciones internas de la contienda, la lucha obrera contra el fascismo y los debates colectivos en torno al proceso revolucionario social de la \u00e9poca.<\/p>\n<p>\u200bPosteriormente a la proyecci\u00f3n del film, la jornada dar\u00e1 paso a una ronda de lectura de poes\u00eda, espacio de debate y reflexi\u00f3n compartida entre los asistentes. La organizaci\u00f3n dispondr\u00e1 adem\u00e1s un servicio de buffet y bebidas para fomentar el intercambio ameno y comunitario a lo largo de la noche.<\/p>\n","protected":false},"excerpt":{"rendered":"<p>\u25a0 \u200bEl pr\u00f3ximo viernes 4 de septiembre se proyectar\u00e1 el film \u00abTierra y Libertad\u00bb, del cineasta brit\u00e1nico Ken Loach. La actividad, promovida por el Comit\u00e9 de Apoyo al Frente de Izquierda, busca rendir homenaje a los luchadores antifascistas mediante una jornada cultural compartida.<\/p>\n","protected":false},"author":1,"featured_media":203,"comment_status":"open","ping_status":"open","sticky":false,"template":"","format":"standard","meta":{"footnotes":""},"categories":[19,27],"tags":[31,33,32],"class_list":["post-202","post","type-post","status-publish","format-standard","has-post-thumbnail","hentry","category-cultura","category-politica","tag-cine","tag-comite","tag-cultura"],"yoast_head":"<!-- This site is optimized with the Yoast SEO plugin v28.4 - https:\/\/yoast.com\/product\/yoast-seo-wordpress\/ -->\n<title>A 90 a\u00f1os de la Guerra Civil Espa\u00f1ola, realizar\u00e1n un encuentro de cine debate, poes\u00eda y memoria - Noticias Mercedinas<\/title>\n<meta name=\"robots\" content=\"index, follow, max-snippet:-1, max-image-preview:large, max-video-preview:-1\" \/>\n<link rel=\"canonical\" href=\"https:\/\/noticiasmercedinas.com\/site\/2026\/09\/01\/a-90-anos-de-la-guerra-civil-espanola-realizaran-un-encuentro-de-cine-debate-poesia-y-memoria\/\" \/>\n<meta property=\"og:locale\" content=\"es_ES\" \/>\n<meta property=\"og:type\" content=\"article\" \/>\n<meta property=\"og:title\" content=\"A 90 a\u00f1os de la Guerra Civil Espa\u00f1ola, realizar\u00e1n un encuentro de cine debate, poes\u00eda y memoria - Noticias Mercedinas\" \/>\n<meta property=\"og:description\" content=\"\u25a0 \u200bEl pr\u00f3ximo viernes 4 de septiembre se proyectar\u00e1 el film &quot;Tierra y Libertad&quot;, del cineasta brit\u00e1nico Ken Loach. La actividad, promovida por el Comit\u00e9 de Apoyo al Frente de Izquierda, busca rendir homenaje a los luchadores antifascistas mediante una jornada cultural compartida.\" \/>\n<meta property=\"og:url\" content=\"https:\/\/noticiasmercedinas.com\/site\/2026\/09\/01\/a-90-anos-de-la-guerra-civil-espanola-realizaran-un-encuentro-de-cine-debate-poesia-y-memoria\/\" \/>\n<meta property=\"og:site_name\" content=\"Noticias Mercedinas\" \/>\n<meta property=\"article:published_time\" content=\"2026-09-01T16:07:09+00:00\" \/>\n<meta property=\"article:modified_time\" content=\"2026-09-02T16:10:02+00:00\" \/>\n<meta property=\"og:image\" content=\"https:\/\/noticiasmercedinas.com\/site\/wp-content\/uploads\/2026\/09\/culture1.jpg\" \/>\n\t<meta property=\"og:image:width\" content=\"724\" \/>\n\t<meta property=\"og:image:height\" content=\"493\" \/>\n\t<meta property=\"og:image:type\" content=\"image\/jpeg\" \/>\n<meta name=\"author\" content=\"Noticias Mercedinas\" \/>\n<meta name=\"twitter:card\" content=\"summary_large_image\" \/>\n<meta name=\"twitter:label1\" content=\"Escrito por\" \/>\n\t<meta name=\"twitter:data1\" content=\"Noticias Mercedinas\" \/>\n\t<meta name=\"twitter:label2\" content=\"Tiempo de lectura\" \/>\n\t<meta name=\"twitter:data2\" content=\"1 minuto\" \/>\n<script type=\"application\/ld+json\" class=\"yoast-schema-graph\">{\"@context\":\"https:\\\/\\\/schema.org\",\"@graph\":[{\"@type\":\"Article\",\"@id\":\"https:\\\/\\\/noticiasmercedinas.com\\\/site\\\/2026\\\/09\\\/01\\\/a-90-anos-de-la-guerra-civil-espanola-realizaran-un-encuentro-de-cine-debate-poesia-y-memoria\\\/#article\",\"isPartOf\":{\"@id\":\"https:\\\/\\\/noticiasmercedinas.com\\\/site\\\/2026\\\/09\\\/01\\\/a-90-anos-de-la-guerra-civil-espanola-realizaran-un-encuentro-de-cine-debate-poesia-y-memoria\\\/\"},\"author\":{\"name\":\"Noticias Mercedinas\",\"@id\":\"https:\\\/\\\/noticiasmercedinas.com\\\/site\\\/#\\\/schema\\\/person\\\/f72e88bb68f34f14051ca77dd9865f27\"},\"headline\":\"A 90 a\u00f1os de la Guerra Civil Espa\u00f1ola, realizar\u00e1n un encuentro de cine debate, poes\u00eda y memoria\",\"datePublished\":\"2026-09-01T16:07:09+00:00\",\"dateModified\":\"2026-09-02T16:10:02+00:00\",\"mainEntityOfPage\":{\"@id\":\"https:\\\/\\\/noticiasmercedinas.com\\\/site\\\/2026\\\/09\\\/01\\\/a-90-anos-de-la-guerra-civil-espanola-realizaran-un-encuentro-de-cine-debate-poesia-y-memoria\\\/\"},\"wordCount\":253,\"commentCount\":0,\"image\":{\"@id\":\"https:\\\/\\\/noticiasmercedinas.com\\\/site\\\/2026\\\/09\\\/01\\\/a-90-anos-de-la-guerra-civil-espanola-realizaran-un-encuentro-de-cine-debate-poesia-y-memoria\\\/#primaryimage\"},\"thumbnailUrl\":\"https:\\\/\\\/noticiasmercedinas.com\\\/site\\\/wp-content\\\/uploads\\\/2026\\\/09\\\/culture1.jpg\",\"keywords\":[\"cine\",\"comite\",\"cultura\"],\"articleSection\":[\"Cultura\",\"POLITICA\"],\"inLanguage\":\"es\",\"potentialAction\":[{\"@type\":\"CommentAction\",\"name\":\"Comment\",\"target\":[\"https:\\\/\\\/noticiasmercedinas.com\\\/site\\\/2026\\\/09\\\/01\\\/a-90-anos-de-la-guerra-civil-espanola-realizaran-un-encuentro-de-cine-debate-poesia-y-memoria\\\/#respond\"]}]},{\"@type\":\"WebPage\",\"@id\":\"https:\\\/\\\/noticiasmercedinas.com\\\/site\\\/2026\\\/09\\\/01\\\/a-90-anos-de-la-guerra-civil-espanola-realizaran-un-encuentro-de-cine-debate-poesia-y-memoria\\\/\",\"url\":\"https:\\\/\\\/noticiasmercedinas.com\\\/site\\\/2026\\\/09\\\/01\\\/a-90-anos-de-la-guerra-civil-espanola-realizaran-un-encuentro-de-cine-debate-poesia-y-memoria\\\/\",\"name\":\"A 90 a\u00f1os de la Guerra Civil Espa\u00f1ola, realizar\u00e1n un encuentro de cine debate, poes\u00eda y memoria - Noticias Mercedinas\",\"isPartOf\":{\"@id\":\"https:\\\/\\\/noticiasmercedinas.com\\\/site\\\/#website\"},\"primaryImageOfPage\":{\"@id\":\"https:\\\/\\\/noticiasmercedinas.com\\\/site\\\/2026\\\/09\\\/01\\\/a-90-anos-de-la-guerra-civil-espanola-realizaran-un-encuentro-de-cine-debate-poesia-y-memoria\\\/#primaryimage\"},\"image\":{\"@id\":\"https:\\\/\\\/noticiasmercedinas.com\\\/site\\\/2026\\\/09\\\/01\\\/a-90-anos-de-la-guerra-civil-espanola-realizaran-un-encuentro-de-cine-debate-poesia-y-memoria\\\/#primaryimage\"},\"thumbnailUrl\":\"https:\\\/\\\/noticiasmercedinas.com\\\/site\\\/wp-content\\\/uploads\\\/2026\\\/09\\\/culture1.jpg\",\"datePublished\":\"2026-09-01T16:07:09+00:00\",\"dateModified\":\"2026-09-02T16:10:02+00:00\",\"author\":{\"@id\":\"https:\\\/\\\/noticiasmercedinas.com\\\/site\\\/#\\\/schema\\\/person\\\/f72e88bb68f34f14051ca77dd9865f27\"},\"breadcrumb\":{\"@id\":\"https:\\\/\\\/noticiasmercedinas.com\\\/site\\\/2026\\\/09\\\/01\\\/a-90-anos-de-la-guerra-civil-espanola-realizaran-un-encuentro-de-cine-debate-poesia-y-memoria\\\/#breadcrumb\"},\"inLanguage\":\"es\",\"potentialAction\":[{\"@type\":\"ReadAction\",\"target\":[\"https:\\\/\\\/noticiasmercedinas.com\\\/site\\\/2026\\\/09\\\/01\\\/a-90-anos-de-la-guerra-civil-espanola-realizaran-un-encuentro-de-cine-debate-poesia-y-memoria\\\/\"]}]},{\"@type\":\"ImageObject\",\"inLanguage\":\"es\",\"@id\":\"https:\\\/\\\/noticiasmercedinas.com\\\/site\\\/2026\\\/09\\\/01\\\/a-90-anos-de-la-guerra-civil-espanola-realizaran-un-encuentro-de-cine-debate-poesia-y-memoria\\\/#primaryimage\",\"url\":\"https:\\\/\\\/noticiasmercedinas.com\\\/site\\\/wp-content\\\/uploads\\\/2026\\\/09\\\/culture1.jpg\",\"contentUrl\":\"https:\\\/\\\/noticiasmercedinas.com\\\/site\\\/wp-content\\\/uploads\\\/2026\\\/09\\\/culture1.jpg\",\"width\":724,\"height\":493},{\"@type\":\"BreadcrumbList\",\"@id\":\"https:\\\/\\\/noticiasmercedinas.com\\\/site\\\/2026\\\/09\\\/01\\\/a-90-anos-de-la-guerra-civil-espanola-realizaran-un-encuentro-de-cine-debate-poesia-y-memoria\\\/#breadcrumb\",\"itemListElement\":[{\"@type\":\"ListItem\",\"position\":1,\"name\":\"Portada\",\"item\":\"https:\\\/\\\/noticiasmercedinas.com\\\/site\\\/\"},{\"@type\":\"ListItem\",\"position\":2,\"name\":\"A 90 a\u00f1os de la Guerra Civil Espa\u00f1ola, realizar\u00e1n un encuentro de cine debate, poes\u00eda y memoria\"}]},{\"@type\":\"WebSite\",\"@id\":\"https:\\\/\\\/noticiasmercedinas.com\\\/site\\\/#website\",\"url\":\"https:\\\/\\\/noticiasmercedinas.com\\\/site\\\/\",\"name\":\"Noticias Mercedinas\",\"description\":\"\",\"potentialAction\":[{\"@type\":\"SearchAction\",\"target\":{\"@type\":\"EntryPoint\",\"urlTemplate\":\"https:\\\/\\\/noticiasmercedinas.com\\\/site\\\/?s={search_term_string}\"},\"query-input\":{\"@type\":\"PropertyValueSpecification\",\"valueRequired\":true,\"valueName\":\"search_term_string\"}}],\"inLanguage\":\"es\"},{\"@type\":\"Person\",\"@id\":\"https:\\\/\\\/noticiasmercedinas.com\\\/site\\\/#\\\/schema\\\/person\\\/f72e88bb68f34f14051ca77dd9865f27\",\"name\":\"Noticias Mercedinas\",\"image\":{\"@type\":\"ImageObject\",\"inLanguage\":\"es\",\"@id\":\"https:\\\/\\\/secure.gravatar.com\\\/avatar\\\/4dfbf16b4d17945bfb6341b2d19043457132fcf478a5ee04f42e959fd8f5df0a?s=96&d=mm&r=g\",\"url\":\"https:\\\/\\\/secure.gravatar.com\\\/avatar\\\/4dfbf16b4d17945bfb6341b2d19043457132fcf478a5ee04f42e959fd8f5df0a?s=96&d=mm&r=g\",\"contentUrl\":\"https:\\\/\\\/secure.gravatar.com\\\/avatar\\\/4dfbf16b4d17945bfb6341b2d19043457132fcf478a5ee04f42e959fd8f5df0a?s=96&d=mm&r=g\",\"caption\":\"Noticias Mercedinas\"},\"sameAs\":[\"https:\\\/\\\/noticiasmercedinas.com\\\/site\"],\"url\":\"https:\\\/\\\/noticiasmercedinas.com\\\/site\\\/author\\\/chinasky\\\/\"}]}<\/script>\n<!-- \/ Yoast SEO plugin. -->","yoast_head_json":{"title":"A 90 a\u00f1os de la Guerra Civil Espa\u00f1ola, realizar\u00e1n un encuentro de cine debate, poes\u00eda y memoria - Noticias Mercedinas","robots":{"index":"index","follow":"follow","max-snippet":"max-snippet:-1","max-image-preview":"max-image-preview:large","max-video-preview":"max-video-preview:-1"},"canonical":"https:\/\/noticiasmercedinas.com\/site\/2026\/09\/01\/a-90-anos-de-la-guerra-civil-espanola-realizaran-un-encuentro-de-cine-debate-poesia-y-memoria\/","og_locale":"es_ES","og_type":"article","og_title":"A 90 a\u00f1os de la Guerra Civil Espa\u00f1ola, realizar\u00e1n un encuentro de cine debate, poes\u00eda y memoria - Noticias Mercedinas","og_description":"\u25a0 \u200bEl pr\u00f3ximo viernes 4 de septiembre se proyectar\u00e1 el film \"Tierra y Libertad\", del cineasta brit\u00e1nico Ken Loach. La actividad, promovida por el Comit\u00e9 de Apoyo al Frente de Izquierda, busca rendir homenaje a los luchadores antifascistas mediante una jornada cultural compartida.","og_url":"https:\/\/noticiasmercedinas.com\/site\/2026\/09\/01\/a-90-anos-de-la-guerra-civil-espanola-realizaran-un-encuentro-de-cine-debate-poesia-y-memoria\/","og_site_name":"Noticias Mercedinas","article_published_time":"2026-09-01T16:07:09+00:00","article_modified_time":"2026-09-02T16:10:02+00:00","og_image":[{"width":724,"height":493,"url":"https:\/\/noticiasmercedinas.com\/site\/wp-content\/uploads\/2026\/09\/culture1.jpg","type":"image\/jpeg"}],"author":"Noticias Mercedinas","twitter_card":"summary_large_image","twitter_misc":{"Escrito por":"Noticias Mercedinas","Tiempo de lectura":"1 minuto"},"schema":{"@context":"https:\/\/schema.org","@graph":[{"@type":"Article","@id":"https:\/\/noticiasmercedinas.com\/site\/2026\/09\/01\/a-90-anos-de-la-guerra-civil-espanola-realizaran-un-encuentro-de-cine-debate-poesia-y-memoria\/#article","isPartOf":{"@id":"https:\/\/noticiasmercedinas.com\/site\/2026\/09\/01\/a-90-anos-de-la-guerra-civil-espanola-realizaran-un-encuentro-de-cine-debate-poesia-y-memoria\/"},"author":{"name":"Noticias Mercedinas","@id":"https:\/\/noticiasmercedinas.com\/site\/#\/schema\/person\/f72e88bb68f34f14051ca77dd9865f27"},"headline":"A 90 a\u00f1os de la Guerra Civil Espa\u00f1ola, realizar\u00e1n un encuentro de cine debate, poes\u00eda y memoria","datePublished":"2026-09-01T16:07:09+00:00","dateModified":"2026-09-02T16:10:02+00:00","mainEntityOfPage":{"@id":"https:\/\/noticiasmercedinas.com\/site\/2026\/09\/01\/a-90-anos-de-la-guerra-civil-espanola-realizaran-un-encuentro-de-cine-debate-poesia-y-memoria\/"},"wordCount":253,"commentCount":0,"image":{"@id":"https:\/\/noticiasmercedinas.com\/site\/2026\/09\/01\/a-90-anos-de-la-guerra-civil-espanola-realizaran-un-encuentro-de-cine-debate-poesia-y-memoria\/#primaryimage"},"thumbnailUrl":"https:\/\/noticiasmercedinas.com\/site\/wp-content\/uploads\/2026\/09\/culture1.jpg","keywords":["cine","comite","cultura"],"articleSection":["Cultura","POLITICA"],"inLanguage":"es","potentialAction":[{"@type":"CommentAction","name":"Comment","target":["https:\/\/noticiasmercedinas.com\/site\/2026\/09\/01\/a-90-anos-de-la-guerra-civil-espanola-realizaran-un-encuentro-de-cine-debate-poesia-y-memoria\/#respond"]}]},{"@type":"WebPage","@id":"https:\/\/noticiasmercedinas.com\/site\/2026\/09\/01\/a-90-anos-de-la-guerra-civil-espanola-realizaran-un-encuentro-de-cine-debate-poesia-y-memoria\/","url":"https:\/\/noticiasmercedinas.com\/site\/2026\/09\/01\/a-90-anos-de-la-guerra-civil-espanola-realizaran-un-encuentro-de-cine-debate-poesia-y-memoria\/","name":"A 90 a\u00f1os de la Guerra Civil Espa\u00f1ola, realizar\u00e1n un encuentro de cine debate, poes\u00eda y memoria - Noticias Mercedinas","isPartOf":{"@id":"https:\/\/noticiasmercedinas.com\/site\/#website"},"primaryImageOfPage":{"@id":"https:\/\/noticiasmercedinas.com\/site\/2026\/09\/01\/a-90-anos-de-la-guerra-civil-espanola-realizaran-un-encuentro-de-cine-debate-poesia-y-memoria\/#primaryimage"},"image":{"@id":"https:\/\/noticiasmercedinas.com\/site\/2026\/09\/01\/a-90-anos-de-la-guerra-civil-espanola-realizaran-un-encuentro-de-cine-debate-poesia-y-memoria\/#primaryimage"},"thumbnailUrl":"https:\/\/noticiasmercedinas.com\/site\/wp-content\/uploads\/2026\/09\/culture1.jpg","datePublished":"2026-09-01T16:07:09+00:00","dateModified":"2026-09-02T16:10:02+00:00","author":{"@id":"https:\/\/noticiasmercedinas.com\/site\/#\/schema\/person\/f72e88bb68f34f14051ca77dd9865f27"},"breadcrumb":{"@id":"https:\/\/noticiasmercedinas.com\/site\/2026\/09\/01\/a-90-anos-de-la-guerra-civil-espanola-realizaran-un-encuentro-de-cine-debate-poesia-y-memoria\/#breadcrumb"},"inLanguage":"es","potentialAction":[{"@type":"ReadAction","target":["https:\/\/noticiasmercedinas.com\/site\/2026\/09\/01\/a-90-anos-de-la-guerra-civil-espanola-realizaran-un-encuentro-de-cine-debate-poesia-y-memoria\/"]}]},{"@type":"ImageObject","inLanguage":"es","@id":"https:\/\/noticiasmercedinas.com\/site\/2026\/09\/01\/a-90-anos-de-la-guerra-civil-espanola-realizaran-un-encuentro-de-cine-debate-poesia-y-memoria\/#primaryimage","url":"https:\/\/noticiasmercedinas.com\/site\/wp-content\/uploads\/2026\/09\/culture1.jpg","contentUrl":"https:\/\/noticiasmercedinas.com\/site\/wp-content\/uploads\/2026\/09\/culture1.jpg","width":724,"height":493},{"@type":"BreadcrumbList","@id":"https:\/\/noticiasmercedinas.com\/site\/2026\/09\/01\/a-90-anos-de-la-guerra-civil-espanola-realizaran-un-encuentro-de-cine-debate-poesia-y-memoria\/#breadcrumb","itemListElement":[{"@type":"ListItem","position":1,"name":"Portada","item":"https:\/\/noticiasmercedinas.com\/site\/"},{"@type":"ListItem","position":2,"name":"A 90 a\u00f1os de la Guerra Civil Espa\u00f1ola, realizar\u00e1n un encuentro de cine debate, poes\u00eda y memoria"}]},{"@type":"WebSite","@id":"https:\/\/noticiasmercedinas.com\/site\/#website","url":"https:\/\/noticiasmercedinas.com\/site\/","name":"Noticias Mercedinas","description":"","potentialAction":[{"@type":"SearchAction","target":{"@type":"EntryPoint","urlTemplate":"https:\/\/noticiasmercedinas.com\/site\/?s={search_term_string}"},"query-input":{"@type":"PropertyValueSpecification","valueRequired":true,"valueName":"search_term_string"}}],"inLanguage":"es"},{"@type":"Person","@id":"https:\/\/noticiasmercedinas.com\/site\/#\/schema\/person\/f72e88bb68f34f14051ca77dd9865f27","name":"Noticias Mercedinas","image":{"@type":"ImageObject","inLanguage":"es","@id":"https:\/\/secure.gravatar.com\/avatar\/4dfbf16b4d17945bfb6341b2d19043457132fcf478a5ee04f42e959fd8f5df0a?s=96&d=mm&r=g","url":"https:\/\/secure.gravatar.com\/avatar\/4dfbf16b4d17945bfb6341b2d19043457132fcf478a5ee04f42e959fd8f5df0a?s=96&d=mm&r=g","contentUrl":"https:\/\/secure.gravatar.com\/avatar\/4dfbf16b4d17945bfb6341b2d19043457132fcf478a5ee04f42e959fd8f5df0a?s=96&d=mm&r=g","caption":"Noticias Mercedinas"},"sameAs":["https:\/\/noticiasmercedinas.com\/site"],"url":"https:\/\/noticiasmercedinas.com\/site\/author\/chinasky\/"}]}},"_links":{"self":[{"href":"https:\/\/noticiasmercedinas.com\/site\/wp-json\/wp\/v2\/posts\/202","targetHints":{"allow":["GET"]}}],"collection":[{"href":"https:\/\/noticiasmercedinas.com\/site\/wp-json\/wp\/v2\/posts"}],"about":[{"href":"https:\/\/noticiasmercedinas.com\/site\/wp-json\/wp\/v2\/types\/post"}],"author":[{"embeddable":true,"href":"https:\/\/noticiasmercedinas.com\/site\/wp-json\/wp\/v2\/users\/1"}],"replies":[{"embeddable":true,"href":"https:\/\/noticiasmercedinas.com\/site\/wp-json\/wp\/v2\/comments?post=202"}],"version-history":[{"count":1,"href":"https:\/\/noticiasmercedinas.com\/site\/wp-json\/wp\/v2\/posts\/202\/revisions"}],"predecessor-version":[{"id":204,"href":"https:\/\/noticiasmercedinas.com\/site\/wp-json\/wp\/v2\/posts\/202\/revisions\/204"}],"wp:featuredmedia":[{"embeddable":true,"href":"https:\/\/noticiasmercedinas.com\/site\/wp-json\/wp\/v2\/media\/203"}],"wp:attachment":[{"href":"https:\/\/noticiasmercedinas.com\/site\/wp-json\/wp\/v2\/media?parent=202"}],"wp:term":[{"taxonomy":"category","embeddable":true,"href":"https:\/\/noticiasmercedinas.com\/site\/wp-json\/wp\/v2\/categories?post=202"},{"taxonomy":"post_tag","embeddable":true,"href":"https:\/\/noticiasmercedinas.com\/site\/wp-json\/wp\/v2\/tags?post=202"}],"curies":[{"name":"wp","href":"https:\/\/api.w.org\/{rel}","templated":true}]}}