{"id":2023,"date":"2018-09-17T10:43:52","date_gmt":"2018-09-17T13:43:52","guid":{"rendered":"https:\/\/noticiasmercedinas.com\/site\/?p=2023"},"modified":"2018-09-17T11:31:19","modified_gmt":"2018-09-17T14:31:19","slug":"hubo-caminata-participativa-por-el-dia-mundial-del-alzheimer","status":"publish","type":"post","link":"https:\/\/noticiasmercedinas.com\/site\/2018\/09\/17\/hubo-caminata-participativa-por-el-dia-mundial-del-alzheimer\/","title":{"rendered":"Hubo caminata participativa por el D\u00eda Mundial del Alzheimer"},"content":{"rendered":"<p>Este domingo se realiz\u00f3 una caminata en conmemoraci\u00f3n del D\u00eda mundial del Alzheimer, que es el 25 de septiembre. La importante actividad fue organizada por el CEF 40 y la Secretar\u00eda de Salud y su direcci\u00f3n de Adultos Mayores. La idea fue poder hacer prevenci\u00f3n y dialogar sobre el tema y por ello se llev\u00f3 adelante la caminata entre los participantes.<\/p>\n\r\n                <style type=\"text\/css\">\r\n                    \r\n                    #td_uid_1_69f5cb9946ead  .td-doubleSlider-2 .td-item1 {\r\n                        background: url(https:\/\/noticiasmercedinas.com\/site\/wp-content\/uploads\/2018\/09\/0c0b8768-0b47-49bd-9f89-fe7b18ff3d62-160x120.jpg) 0 0 no-repeat;\r\n                    }\r\n                    #td_uid_1_69f5cb9946ead  .td-doubleSlider-2 .td-item2 {\r\n                        background: url(https:\/\/noticiasmercedinas.com\/site\/wp-content\/uploads\/2018\/09\/4c6db551-335e-4bb8-a939-673a0ff0ce2b-160x120.jpg) 0 0 no-repeat;\r\n                    }\r\n                    #td_uid_1_69f5cb9946ead  .td-doubleSlider-2 .td-item3 {\r\n                        background: url(https:\/\/noticiasmercedinas.com\/site\/wp-content\/uploads\/2018\/09\/16e89993-8c3e-4a9f-b44a-20db8c0a6cfe-160x120.jpg) 0 0 no-repeat;\r\n                    }\r\n                    #td_uid_1_69f5cb9946ead  .td-doubleSlider-2 .td-item4 {\r\n                        background: url(https:\/\/noticiasmercedinas.com\/site\/wp-content\/uploads\/2018\/09\/8589bc4e-9b97-4611-aa0b-b3c26dbd059a-160x120.jpg) 0 0 no-repeat;\r\n                    }\r\n                    #td_uid_1_69f5cb9946ead  .td-doubleSlider-2 .td-item5 {\r\n                        background: url(https:\/\/noticiasmercedinas.com\/site\/wp-content\/uploads\/2018\/09\/af1919af-be16-4c57-82b0-c3903e22e6a4-160x120.jpg) 0 0 no-repeat;\r\n                    }\r\n                    #td_uid_1_69f5cb9946ead  .td-doubleSlider-2 .td-item6 {\r\n                        background: url(https:\/\/noticiasmercedinas.com\/site\/wp-content\/uploads\/2018\/09\/b755bd1f-78b3-4d11-83ff-549f0ecd3539-160x120.jpg) 0 0 no-repeat;\r\n                    }\r\n                    #td_uid_1_69f5cb9946ead  .td-doubleSlider-2 .td-item7 {\r\n                        background: url(https:\/\/noticiasmercedinas.com\/site\/wp-content\/uploads\/2018\/09\/bd00842a-6af5-41e3-bcac-c5344ea3ce98-160x120.jpg) 0 0 no-repeat;\r\n                    }\r\n                    #td_uid_1_69f5cb9946ead  .td-doubleSlider-2 .td-item8 {\r\n                        background: url(https:\/\/noticiasmercedinas.com\/site\/wp-content\/uploads\/2018\/09\/bee2f6b1-4012-480c-a1cf-2e550aef64d5-160x120.jpg) 0 0 no-repeat;\r\n                    }\r\n                    #td_uid_1_69f5cb9946ead  .td-doubleSlider-2 .td-item9 {\r\n                        background: url(https:\/\/noticiasmercedinas.com\/site\/wp-content\/uploads\/2018\/09\/cabad276-ccec-4b01-98c9-c8f78f8ec45f-160x120.jpg) 0 0 no-repeat;\r\n                    }\r\n                    #td_uid_1_69f5cb9946ead  .td-doubleSlider-2 .td-item10 {\r\n                        background: url(https:\/\/noticiasmercedinas.com\/site\/wp-content\/uploads\/2018\/09\/d0cea22d-fe20-4234-8678-d64cac7b004a-160x120.jpg) 0 0 no-repeat;\r\n                    }\r\n                    #td_uid_1_69f5cb9946ead  .td-doubleSlider-2 .td-item11 {\r\n                        background: url(https:\/\/noticiasmercedinas.com\/site\/wp-content\/uploads\/2018\/09\/d90bd448-5d79-46ce-be00-65e5b05ca98c-160x120.jpg) 0 0 no-repeat;\r\n                    }\r\n                    #td_uid_1_69f5cb9946ead  .td-doubleSlider-2 .td-item12 {\r\n                        background: url(https:\/\/noticiasmercedinas.com\/site\/wp-content\/uploads\/2018\/09\/dc369664-1493-4576-be01-5ca2bc9a545f-160x120.jpg) 0 0 no-repeat;\r\n                    }\r\n                    #td_uid_1_69f5cb9946ead  .td-doubleSlider-2 .td-item13 {\r\n                        background: url(https:\/\/noticiasmercedinas.com\/site\/wp-content\/uploads\/2018\/09\/dedb54a8-04a8-43c3-8b21-2aaf97f499f0-160x120.jpg) 0 0 no-repeat;\r\n                    }\r\n                    #td_uid_1_69f5cb9946ead  .td-doubleSlider-2 .td-item14 {\r\n                        background: url(https:\/\/noticiasmercedinas.com\/site\/wp-content\/uploads\/2018\/09\/eb1f4ae1-3eeb-4b0c-85b5-4ba389cb9878-160x120.jpg) 0 0 no-repeat;\r\n                    }\r\n                    #td_uid_1_69f5cb9946ead  .td-doubleSlider-2 .td-item15 {\r\n                        background: url(https:\/\/noticiasmercedinas.com\/site\/wp-content\/uploads\/2018\/09\/f9d37e2f-073c-43be-963d-56046acaf413-160x120.jpg) 0 0 no-repeat;\r\n                    }\r\n                <\/style>\r\n\r\n                <div id=\"td_uid_1_69f5cb9946ead\" class=\"td-gallery td-slide-on-2-columns\">\r\n                    <div class=\"post_td_gallery\">\r\n                        <div class=\"td-gallery-slide-top\">\r\n                           <div class=\"td-gallery-title\"><\/div>\r\n\r\n                            <div class=\"td-gallery-controls-wrapper\">\r\n                                <div class=\"td-gallery-slide-count\"><span class=\"td-gallery-slide-item-focus\">1<\/span> de 15<\/div>\r\n                                <div class=\"td-gallery-slide-prev-next-but\">\r\n                                    <i class = \"td-icon-left doubleSliderPrevButton\"><\/i>\r\n                                    <i class = \"td-icon-right doubleSliderNextButton\"><\/i>\r\n                                <\/div>\r\n                            <\/div>\r\n                        <\/div>\r\n\r\n                        <div class = \"td-doubleSlider-1 \">\r\n                            <div class = \"td-slider\">\r\n                                \r\n                    <div class = \"td-slide-item td-item1\">\r\n                        <figure class=\"td-slide-galery-figure td-slide-popup-gallery\">\r\n                            <a class=\"slide-gallery-image-link\" href=\"https:\/\/noticiasmercedinas.com\/site\/wp-content\/uploads\/2018\/09\/0c0b8768-0b47-49bd-9f89-fe7b18ff3d62.jpg\" title=\"0c0b8768-0b47-49bd-9f89-fe7b18ff3d62\"  data-caption=\"\"  data-description=\"\">\r\n                                <img decoding=\"async\" src=\"https:\/\/noticiasmercedinas.com\/site\/wp-content\/uploads\/2018\/09\/0c0b8768-0b47-49bd-9f89-fe7b18ff3d62.jpg\" srcset=\"https:\/\/noticiasmercedinas.com\/site\/wp-content\/uploads\/2018\/09\/0c0b8768-0b47-49bd-9f89-fe7b18ff3d62.jpg 960w, https:\/\/noticiasmercedinas.com\/site\/wp-content\/uploads\/2018\/09\/0c0b8768-0b47-49bd-9f89-fe7b18ff3d62-225x300.jpg 225w, https:\/\/noticiasmercedinas.com\/site\/wp-content\/uploads\/2018\/09\/0c0b8768-0b47-49bd-9f89-fe7b18ff3d62-768x1024.jpg 768w, https:\/\/noticiasmercedinas.com\/site\/wp-content\/uploads\/2018\/09\/0c0b8768-0b47-49bd-9f89-fe7b18ff3d62-640x853.jpg 640w, https:\/\/noticiasmercedinas.com\/site\/wp-content\/uploads\/2018\/09\/0c0b8768-0b47-49bd-9f89-fe7b18ff3d62-681x908.jpg 681w\" sizes=\"(max-width: 960px) 100vw, 960px\" alt=\"\">\r\n                            <\/a>\r\n                            \r\n                        <\/figure>\r\n                    <\/div>\r\n                    <div class = \"td-slide-item td-item2\">\r\n                        <figure class=\"td-slide-galery-figure td-slide-popup-gallery\">\r\n                            <a class=\"slide-gallery-image-link\" href=\"https:\/\/noticiasmercedinas.com\/site\/wp-content\/uploads\/2018\/09\/4c6db551-335e-4bb8-a939-673a0ff0ce2b.jpg\" title=\"4c6db551-335e-4bb8-a939-673a0ff0ce2b\"  data-caption=\"\"  data-description=\"\">\r\n                                <img decoding=\"async\" src=\"https:\/\/noticiasmercedinas.com\/site\/wp-content\/uploads\/2018\/09\/4c6db551-335e-4bb8-a939-673a0ff0ce2b.jpg\" srcset=\"https:\/\/noticiasmercedinas.com\/site\/wp-content\/uploads\/2018\/09\/4c6db551-335e-4bb8-a939-673a0ff0ce2b.jpg 1280w, https:\/\/noticiasmercedinas.com\/site\/wp-content\/uploads\/2018\/09\/4c6db551-335e-4bb8-a939-673a0ff0ce2b-300x225.jpg 300w, https:\/\/noticiasmercedinas.com\/site\/wp-content\/uploads\/2018\/09\/4c6db551-335e-4bb8-a939-673a0ff0ce2b-768x576.jpg 768w, https:\/\/noticiasmercedinas.com\/site\/wp-content\/uploads\/2018\/09\/4c6db551-335e-4bb8-a939-673a0ff0ce2b-1024x768.jpg 1024w, https:\/\/noticiasmercedinas.com\/site\/wp-content\/uploads\/2018\/09\/4c6db551-335e-4bb8-a939-673a0ff0ce2b-80x60.jpg 80w, https:\/\/noticiasmercedinas.com\/site\/wp-content\/uploads\/2018\/09\/4c6db551-335e-4bb8-a939-673a0ff0ce2b-160x120.jpg 160w, https:\/\/noticiasmercedinas.com\/site\/wp-content\/uploads\/2018\/09\/4c6db551-335e-4bb8-a939-673a0ff0ce2b-100x75.jpg 100w, https:\/\/noticiasmercedinas.com\/site\/wp-content\/uploads\/2018\/09\/4c6db551-335e-4bb8-a939-673a0ff0ce2b-200x150.jpg 200w, https:\/\/noticiasmercedinas.com\/site\/wp-content\/uploads\/2018\/09\/4c6db551-335e-4bb8-a939-673a0ff0ce2b-180x135.jpg 180w, https:\/\/noticiasmercedinas.com\/site\/wp-content\/uploads\/2018\/09\/4c6db551-335e-4bb8-a939-673a0ff0ce2b-360x270.jpg 360w, https:\/\/noticiasmercedinas.com\/site\/wp-content\/uploads\/2018\/09\/4c6db551-335e-4bb8-a939-673a0ff0ce2b-238x178.jpg 238w, https:\/\/noticiasmercedinas.com\/site\/wp-content\/uploads\/2018\/09\/4c6db551-335e-4bb8-a939-673a0ff0ce2b-476x356.jpg 476w, https:\/\/noticiasmercedinas.com\/site\/wp-content\/uploads\/2018\/09\/4c6db551-335e-4bb8-a939-673a0ff0ce2b-640x480.jpg 640w, https:\/\/noticiasmercedinas.com\/site\/wp-content\/uploads\/2018\/09\/4c6db551-335e-4bb8-a939-673a0ff0ce2b-681x511.jpg 681w\" sizes=\"(max-width: 1280px) 100vw, 1280px\" alt=\"\">\r\n                            <\/a>\r\n                            \r\n                        <\/figure>\r\n                    <\/div>\r\n                    <div class = \"td-slide-item td-item3\">\r\n                        <figure class=\"td-slide-galery-figure td-slide-popup-gallery\">\r\n                            <a class=\"slide-gallery-image-link\" href=\"https:\/\/noticiasmercedinas.com\/site\/wp-content\/uploads\/2018\/09\/16e89993-8c3e-4a9f-b44a-20db8c0a6cfe.jpg\" title=\"16e89993-8c3e-4a9f-b44a-20db8c0a6cfe\"  data-caption=\"\"  data-description=\"\">\r\n                                <img decoding=\"async\" src=\"https:\/\/noticiasmercedinas.com\/site\/wp-content\/uploads\/2018\/09\/16e89993-8c3e-4a9f-b44a-20db8c0a6cfe.jpg\" srcset=\"https:\/\/noticiasmercedinas.com\/site\/wp-content\/uploads\/2018\/09\/16e89993-8c3e-4a9f-b44a-20db8c0a6cfe.jpg 960w, https:\/\/noticiasmercedinas.com\/site\/wp-content\/uploads\/2018\/09\/16e89993-8c3e-4a9f-b44a-20db8c0a6cfe-225x300.jpg 225w, https:\/\/noticiasmercedinas.com\/site\/wp-content\/uploads\/2018\/09\/16e89993-8c3e-4a9f-b44a-20db8c0a6cfe-768x1024.jpg 768w, https:\/\/noticiasmercedinas.com\/site\/wp-content\/uploads\/2018\/09\/16e89993-8c3e-4a9f-b44a-20db8c0a6cfe-640x853.jpg 640w, https:\/\/noticiasmercedinas.com\/site\/wp-content\/uploads\/2018\/09\/16e89993-8c3e-4a9f-b44a-20db8c0a6cfe-681x908.jpg 681w\" sizes=\"(max-width: 960px) 100vw, 960px\" alt=\"\">\r\n                            <\/a>\r\n                            \r\n                        <\/figure>\r\n                    <\/div>\r\n                    <div class = \"td-slide-item td-item4\">\r\n                        <figure class=\"td-slide-galery-figure td-slide-popup-gallery\">\r\n                            <a class=\"slide-gallery-image-link\" href=\"https:\/\/noticiasmercedinas.com\/site\/wp-content\/uploads\/2018\/09\/8589bc4e-9b97-4611-aa0b-b3c26dbd059a.jpg\" title=\"8589bc4e-9b97-4611-aa0b-b3c26dbd059a\"  data-caption=\"\"  data-description=\"\">\r\n                                <img decoding=\"async\" src=\"https:\/\/noticiasmercedinas.com\/site\/wp-content\/uploads\/2018\/09\/8589bc4e-9b97-4611-aa0b-b3c26dbd059a.jpg\" srcset=\"https:\/\/noticiasmercedinas.com\/site\/wp-content\/uploads\/2018\/09\/8589bc4e-9b97-4611-aa0b-b3c26dbd059a.jpg 960w, https:\/\/noticiasmercedinas.com\/site\/wp-content\/uploads\/2018\/09\/8589bc4e-9b97-4611-aa0b-b3c26dbd059a-225x300.jpg 225w, https:\/\/noticiasmercedinas.com\/site\/wp-content\/uploads\/2018\/09\/8589bc4e-9b97-4611-aa0b-b3c26dbd059a-768x1024.jpg 768w, https:\/\/noticiasmercedinas.com\/site\/wp-content\/uploads\/2018\/09\/8589bc4e-9b97-4611-aa0b-b3c26dbd059a-640x853.jpg 640w, https:\/\/noticiasmercedinas.com\/site\/wp-content\/uploads\/2018\/09\/8589bc4e-9b97-4611-aa0b-b3c26dbd059a-681x908.jpg 681w\" sizes=\"(max-width: 960px) 100vw, 960px\" alt=\"\">\r\n                            <\/a>\r\n                            \r\n                        <\/figure>\r\n                    <\/div>\r\n                    <div class = \"td-slide-item td-item5\">\r\n                        <figure class=\"td-slide-galery-figure td-slide-popup-gallery\">\r\n                            <a class=\"slide-gallery-image-link\" href=\"https:\/\/noticiasmercedinas.com\/site\/wp-content\/uploads\/2018\/09\/af1919af-be16-4c57-82b0-c3903e22e6a4.jpg\" title=\"af1919af-be16-4c57-82b0-c3903e22e6a4\"  data-caption=\"\"  data-description=\"\">\r\n                                <img decoding=\"async\" src=\"https:\/\/noticiasmercedinas.com\/site\/wp-content\/uploads\/2018\/09\/af1919af-be16-4c57-82b0-c3903e22e6a4.jpg\" srcset=\"https:\/\/noticiasmercedinas.com\/site\/wp-content\/uploads\/2018\/09\/af1919af-be16-4c57-82b0-c3903e22e6a4.jpg 1280w, https:\/\/noticiasmercedinas.com\/site\/wp-content\/uploads\/2018\/09\/af1919af-be16-4c57-82b0-c3903e22e6a4-300x225.jpg 300w, https:\/\/noticiasmercedinas.com\/site\/wp-content\/uploads\/2018\/09\/af1919af-be16-4c57-82b0-c3903e22e6a4-768x576.jpg 768w, https:\/\/noticiasmercedinas.com\/site\/wp-content\/uploads\/2018\/09\/af1919af-be16-4c57-82b0-c3903e22e6a4-1024x768.jpg 1024w, https:\/\/noticiasmercedinas.com\/site\/wp-content\/uploads\/2018\/09\/af1919af-be16-4c57-82b0-c3903e22e6a4-80x60.jpg 80w, https:\/\/noticiasmercedinas.com\/site\/wp-content\/uploads\/2018\/09\/af1919af-be16-4c57-82b0-c3903e22e6a4-160x120.jpg 160w, https:\/\/noticiasmercedinas.com\/site\/wp-content\/uploads\/2018\/09\/af1919af-be16-4c57-82b0-c3903e22e6a4-100x75.jpg 100w, https:\/\/noticiasmercedinas.com\/site\/wp-content\/uploads\/2018\/09\/af1919af-be16-4c57-82b0-c3903e22e6a4-200x150.jpg 200w, https:\/\/noticiasmercedinas.com\/site\/wp-content\/uploads\/2018\/09\/af1919af-be16-4c57-82b0-c3903e22e6a4-180x135.jpg 180w, https:\/\/noticiasmercedinas.com\/site\/wp-content\/uploads\/2018\/09\/af1919af-be16-4c57-82b0-c3903e22e6a4-360x270.jpg 360w, https:\/\/noticiasmercedinas.com\/site\/wp-content\/uploads\/2018\/09\/af1919af-be16-4c57-82b0-c3903e22e6a4-238x178.jpg 238w, https:\/\/noticiasmercedinas.com\/site\/wp-content\/uploads\/2018\/09\/af1919af-be16-4c57-82b0-c3903e22e6a4-476x356.jpg 476w, https:\/\/noticiasmercedinas.com\/site\/wp-content\/uploads\/2018\/09\/af1919af-be16-4c57-82b0-c3903e22e6a4-640x480.jpg 640w, https:\/\/noticiasmercedinas.com\/site\/wp-content\/uploads\/2018\/09\/af1919af-be16-4c57-82b0-c3903e22e6a4-681x511.jpg 681w\" sizes=\"(max-width: 1280px) 100vw, 1280px\" alt=\"\">\r\n                            <\/a>\r\n                            \r\n                        <\/figure>\r\n                    <\/div>\r\n                    <div class = \"td-slide-item td-item6\">\r\n                        <figure class=\"td-slide-galery-figure td-slide-popup-gallery\">\r\n                            <a class=\"slide-gallery-image-link\" href=\"https:\/\/noticiasmercedinas.com\/site\/wp-content\/uploads\/2018\/09\/b755bd1f-78b3-4d11-83ff-549f0ecd3539.jpg\" title=\"b755bd1f-78b3-4d11-83ff-549f0ecd3539\"  data-caption=\"\"  data-description=\"\">\r\n                                <img decoding=\"async\" src=\"https:\/\/noticiasmercedinas.com\/site\/wp-content\/uploads\/2018\/09\/b755bd1f-78b3-4d11-83ff-549f0ecd3539.jpg\" srcset=\"https:\/\/noticiasmercedinas.com\/site\/wp-content\/uploads\/2018\/09\/b755bd1f-78b3-4d11-83ff-549f0ecd3539.jpg 1280w, https:\/\/noticiasmercedinas.com\/site\/wp-content\/uploads\/2018\/09\/b755bd1f-78b3-4d11-83ff-549f0ecd3539-300x225.jpg 300w, https:\/\/noticiasmercedinas.com\/site\/wp-content\/uploads\/2018\/09\/b755bd1f-78b3-4d11-83ff-549f0ecd3539-768x576.jpg 768w, https:\/\/noticiasmercedinas.com\/site\/wp-content\/uploads\/2018\/09\/b755bd1f-78b3-4d11-83ff-549f0ecd3539-1024x768.jpg 1024w, https:\/\/noticiasmercedinas.com\/site\/wp-content\/uploads\/2018\/09\/b755bd1f-78b3-4d11-83ff-549f0ecd3539-80x60.jpg 80w, https:\/\/noticiasmercedinas.com\/site\/wp-content\/uploads\/2018\/09\/b755bd1f-78b3-4d11-83ff-549f0ecd3539-160x120.jpg 160w, https:\/\/noticiasmercedinas.com\/site\/wp-content\/uploads\/2018\/09\/b755bd1f-78b3-4d11-83ff-549f0ecd3539-100x75.jpg 100w, https:\/\/noticiasmercedinas.com\/site\/wp-content\/uploads\/2018\/09\/b755bd1f-78b3-4d11-83ff-549f0ecd3539-200x150.jpg 200w, https:\/\/noticiasmercedinas.com\/site\/wp-content\/uploads\/2018\/09\/b755bd1f-78b3-4d11-83ff-549f0ecd3539-180x135.jpg 180w, https:\/\/noticiasmercedinas.com\/site\/wp-content\/uploads\/2018\/09\/b755bd1f-78b3-4d11-83ff-549f0ecd3539-360x270.jpg 360w, https:\/\/noticiasmercedinas.com\/site\/wp-content\/uploads\/2018\/09\/b755bd1f-78b3-4d11-83ff-549f0ecd3539-238x178.jpg 238w, https:\/\/noticiasmercedinas.com\/site\/wp-content\/uploads\/2018\/09\/b755bd1f-78b3-4d11-83ff-549f0ecd3539-476x356.jpg 476w, https:\/\/noticiasmercedinas.com\/site\/wp-content\/uploads\/2018\/09\/b755bd1f-78b3-4d11-83ff-549f0ecd3539-640x480.jpg 640w, https:\/\/noticiasmercedinas.com\/site\/wp-content\/uploads\/2018\/09\/b755bd1f-78b3-4d11-83ff-549f0ecd3539-681x511.jpg 681w\" sizes=\"(max-width: 1280px) 100vw, 1280px\" alt=\"\">\r\n                            <\/a>\r\n                            \r\n                        <\/figure>\r\n                    <\/div>\r\n                    <div class = \"td-slide-item td-item7\">\r\n                        <figure class=\"td-slide-galery-figure td-slide-popup-gallery\">\r\n                            <a class=\"slide-gallery-image-link\" href=\"https:\/\/noticiasmercedinas.com\/site\/wp-content\/uploads\/2018\/09\/bd00842a-6af5-41e3-bcac-c5344ea3ce98.jpg\" title=\"bd00842a-6af5-41e3-bcac-c5344ea3ce98\"  data-caption=\"\"  data-description=\"\">\r\n                                <img decoding=\"async\" src=\"https:\/\/noticiasmercedinas.com\/site\/wp-content\/uploads\/2018\/09\/bd00842a-6af5-41e3-bcac-c5344ea3ce98.jpg\" srcset=\"https:\/\/noticiasmercedinas.com\/site\/wp-content\/uploads\/2018\/09\/bd00842a-6af5-41e3-bcac-c5344ea3ce98.jpg 1280w, https:\/\/noticiasmercedinas.com\/site\/wp-content\/uploads\/2018\/09\/bd00842a-6af5-41e3-bcac-c5344ea3ce98-300x225.jpg 300w, https:\/\/noticiasmercedinas.com\/site\/wp-content\/uploads\/2018\/09\/bd00842a-6af5-41e3-bcac-c5344ea3ce98-768x576.jpg 768w, https:\/\/noticiasmercedinas.com\/site\/wp-content\/uploads\/2018\/09\/bd00842a-6af5-41e3-bcac-c5344ea3ce98-1024x768.jpg 1024w, https:\/\/noticiasmercedinas.com\/site\/wp-content\/uploads\/2018\/09\/bd00842a-6af5-41e3-bcac-c5344ea3ce98-80x60.jpg 80w, https:\/\/noticiasmercedinas.com\/site\/wp-content\/uploads\/2018\/09\/bd00842a-6af5-41e3-bcac-c5344ea3ce98-160x120.jpg 160w, https:\/\/noticiasmercedinas.com\/site\/wp-content\/uploads\/2018\/09\/bd00842a-6af5-41e3-bcac-c5344ea3ce98-100x75.jpg 100w, https:\/\/noticiasmercedinas.com\/site\/wp-content\/uploads\/2018\/09\/bd00842a-6af5-41e3-bcac-c5344ea3ce98-200x150.jpg 200w, https:\/\/noticiasmercedinas.com\/site\/wp-content\/uploads\/2018\/09\/bd00842a-6af5-41e3-bcac-c5344ea3ce98-180x135.jpg 180w, https:\/\/noticiasmercedinas.com\/site\/wp-content\/uploads\/2018\/09\/bd00842a-6af5-41e3-bcac-c5344ea3ce98-360x270.jpg 360w, https:\/\/noticiasmercedinas.com\/site\/wp-content\/uploads\/2018\/09\/bd00842a-6af5-41e3-bcac-c5344ea3ce98-238x178.jpg 238w, https:\/\/noticiasmercedinas.com\/site\/wp-content\/uploads\/2018\/09\/bd00842a-6af5-41e3-bcac-c5344ea3ce98-476x356.jpg 476w, https:\/\/noticiasmercedinas.com\/site\/wp-content\/uploads\/2018\/09\/bd00842a-6af5-41e3-bcac-c5344ea3ce98-640x480.jpg 640w, https:\/\/noticiasmercedinas.com\/site\/wp-content\/uploads\/2018\/09\/bd00842a-6af5-41e3-bcac-c5344ea3ce98-681x511.jpg 681w\" sizes=\"(max-width: 1280px) 100vw, 1280px\" alt=\"\">\r\n                            <\/a>\r\n                            \r\n                        <\/figure>\r\n                    <\/div>\r\n                    <div class = \"td-slide-item td-item8\">\r\n                        <figure class=\"td-slide-galery-figure td-slide-popup-gallery\">\r\n                            <a class=\"slide-gallery-image-link\" href=\"https:\/\/noticiasmercedinas.com\/site\/wp-content\/uploads\/2018\/09\/bee2f6b1-4012-480c-a1cf-2e550aef64d5.jpg\" title=\"bee2f6b1-4012-480c-a1cf-2e550aef64d5\"  data-caption=\"\"  data-description=\"\">\r\n                                <img decoding=\"async\" src=\"https:\/\/noticiasmercedinas.com\/site\/wp-content\/uploads\/2018\/09\/bee2f6b1-4012-480c-a1cf-2e550aef64d5.jpg\" srcset=\"https:\/\/noticiasmercedinas.com\/site\/wp-content\/uploads\/2018\/09\/bee2f6b1-4012-480c-a1cf-2e550aef64d5.jpg 1280w, https:\/\/noticiasmercedinas.com\/site\/wp-content\/uploads\/2018\/09\/bee2f6b1-4012-480c-a1cf-2e550aef64d5-300x225.jpg 300w, https:\/\/noticiasmercedinas.com\/site\/wp-content\/uploads\/2018\/09\/bee2f6b1-4012-480c-a1cf-2e550aef64d5-768x576.jpg 768w, https:\/\/noticiasmercedinas.com\/site\/wp-content\/uploads\/2018\/09\/bee2f6b1-4012-480c-a1cf-2e550aef64d5-1024x768.jpg 1024w, https:\/\/noticiasmercedinas.com\/site\/wp-content\/uploads\/2018\/09\/bee2f6b1-4012-480c-a1cf-2e550aef64d5-80x60.jpg 80w, https:\/\/noticiasmercedinas.com\/site\/wp-content\/uploads\/2018\/09\/bee2f6b1-4012-480c-a1cf-2e550aef64d5-160x120.jpg 160w, https:\/\/noticiasmercedinas.com\/site\/wp-content\/uploads\/2018\/09\/bee2f6b1-4012-480c-a1cf-2e550aef64d5-100x75.jpg 100w, https:\/\/noticiasmercedinas.com\/site\/wp-content\/uploads\/2018\/09\/bee2f6b1-4012-480c-a1cf-2e550aef64d5-200x150.jpg 200w, https:\/\/noticiasmercedinas.com\/site\/wp-content\/uploads\/2018\/09\/bee2f6b1-4012-480c-a1cf-2e550aef64d5-180x135.jpg 180w, https:\/\/noticiasmercedinas.com\/site\/wp-content\/uploads\/2018\/09\/bee2f6b1-4012-480c-a1cf-2e550aef64d5-360x270.jpg 360w, https:\/\/noticiasmercedinas.com\/site\/wp-content\/uploads\/2018\/09\/bee2f6b1-4012-480c-a1cf-2e550aef64d5-238x178.jpg 238w, https:\/\/noticiasmercedinas.com\/site\/wp-content\/uploads\/2018\/09\/bee2f6b1-4012-480c-a1cf-2e550aef64d5-476x356.jpg 476w, https:\/\/noticiasmercedinas.com\/site\/wp-content\/uploads\/2018\/09\/bee2f6b1-4012-480c-a1cf-2e550aef64d5-640x480.jpg 640w, https:\/\/noticiasmercedinas.com\/site\/wp-content\/uploads\/2018\/09\/bee2f6b1-4012-480c-a1cf-2e550aef64d5-681x511.jpg 681w\" sizes=\"(max-width: 1280px) 100vw, 1280px\" alt=\"\">\r\n                            <\/a>\r\n                            \r\n                        <\/figure>\r\n                    <\/div>\r\n                    <div class = \"td-slide-item td-item9\">\r\n                        <figure class=\"td-slide-galery-figure td-slide-popup-gallery\">\r\n                            <a class=\"slide-gallery-image-link\" href=\"https:\/\/noticiasmercedinas.com\/site\/wp-content\/uploads\/2018\/09\/cabad276-ccec-4b01-98c9-c8f78f8ec45f.jpg\" title=\"cabad276-ccec-4b01-98c9-c8f78f8ec45f\"  data-caption=\"\"  data-description=\"\">\r\n                                <img decoding=\"async\" src=\"https:\/\/noticiasmercedinas.com\/site\/wp-content\/uploads\/2018\/09\/cabad276-ccec-4b01-98c9-c8f78f8ec45f.jpg\" srcset=\"https:\/\/noticiasmercedinas.com\/site\/wp-content\/uploads\/2018\/09\/cabad276-ccec-4b01-98c9-c8f78f8ec45f.jpg 960w, https:\/\/noticiasmercedinas.com\/site\/wp-content\/uploads\/2018\/09\/cabad276-ccec-4b01-98c9-c8f78f8ec45f-225x300.jpg 225w, https:\/\/noticiasmercedinas.com\/site\/wp-content\/uploads\/2018\/09\/cabad276-ccec-4b01-98c9-c8f78f8ec45f-768x1024.jpg 768w, https:\/\/noticiasmercedinas.com\/site\/wp-content\/uploads\/2018\/09\/cabad276-ccec-4b01-98c9-c8f78f8ec45f-640x853.jpg 640w, https:\/\/noticiasmercedinas.com\/site\/wp-content\/uploads\/2018\/09\/cabad276-ccec-4b01-98c9-c8f78f8ec45f-681x908.jpg 681w\" sizes=\"(max-width: 960px) 100vw, 960px\" alt=\"\">\r\n                            <\/a>\r\n                            \r\n                        <\/figure>\r\n                    <\/div>\r\n                    <div class = \"td-slide-item td-item10\">\r\n                        <figure class=\"td-slide-galery-figure td-slide-popup-gallery\">\r\n                            <a class=\"slide-gallery-image-link\" href=\"https:\/\/noticiasmercedinas.com\/site\/wp-content\/uploads\/2018\/09\/d0cea22d-fe20-4234-8678-d64cac7b004a.jpg\" title=\"d0cea22d-fe20-4234-8678-d64cac7b004a\"  data-caption=\"\"  data-description=\"\">\r\n                                <img decoding=\"async\" src=\"https:\/\/noticiasmercedinas.com\/site\/wp-content\/uploads\/2018\/09\/d0cea22d-fe20-4234-8678-d64cac7b004a.jpg\" srcset=\"https:\/\/noticiasmercedinas.com\/site\/wp-content\/uploads\/2018\/09\/d0cea22d-fe20-4234-8678-d64cac7b004a.jpg 1280w, https:\/\/noticiasmercedinas.com\/site\/wp-content\/uploads\/2018\/09\/d0cea22d-fe20-4234-8678-d64cac7b004a-300x225.jpg 300w, https:\/\/noticiasmercedinas.com\/site\/wp-content\/uploads\/2018\/09\/d0cea22d-fe20-4234-8678-d64cac7b004a-768x576.jpg 768w, https:\/\/noticiasmercedinas.com\/site\/wp-content\/uploads\/2018\/09\/d0cea22d-fe20-4234-8678-d64cac7b004a-1024x768.jpg 1024w, https:\/\/noticiasmercedinas.com\/site\/wp-content\/uploads\/2018\/09\/d0cea22d-fe20-4234-8678-d64cac7b004a-80x60.jpg 80w, https:\/\/noticiasmercedinas.com\/site\/wp-content\/uploads\/2018\/09\/d0cea22d-fe20-4234-8678-d64cac7b004a-160x120.jpg 160w, https:\/\/noticiasmercedinas.com\/site\/wp-content\/uploads\/2018\/09\/d0cea22d-fe20-4234-8678-d64cac7b004a-100x75.jpg 100w, https:\/\/noticiasmercedinas.com\/site\/wp-content\/uploads\/2018\/09\/d0cea22d-fe20-4234-8678-d64cac7b004a-200x150.jpg 200w, https:\/\/noticiasmercedinas.com\/site\/wp-content\/uploads\/2018\/09\/d0cea22d-fe20-4234-8678-d64cac7b004a-180x135.jpg 180w, https:\/\/noticiasmercedinas.com\/site\/wp-content\/uploads\/2018\/09\/d0cea22d-fe20-4234-8678-d64cac7b004a-360x270.jpg 360w, https:\/\/noticiasmercedinas.com\/site\/wp-content\/uploads\/2018\/09\/d0cea22d-fe20-4234-8678-d64cac7b004a-238x178.jpg 238w, https:\/\/noticiasmercedinas.com\/site\/wp-content\/uploads\/2018\/09\/d0cea22d-fe20-4234-8678-d64cac7b004a-476x356.jpg 476w, https:\/\/noticiasmercedinas.com\/site\/wp-content\/uploads\/2018\/09\/d0cea22d-fe20-4234-8678-d64cac7b004a-640x480.jpg 640w, https:\/\/noticiasmercedinas.com\/site\/wp-content\/uploads\/2018\/09\/d0cea22d-fe20-4234-8678-d64cac7b004a-681x511.jpg 681w\" sizes=\"(max-width: 1280px) 100vw, 1280px\" alt=\"\">\r\n                            <\/a>\r\n                            \r\n                        <\/figure>\r\n                    <\/div>\r\n                    <div class = \"td-slide-item td-item11\">\r\n                        <figure class=\"td-slide-galery-figure td-slide-popup-gallery\">\r\n                            <a class=\"slide-gallery-image-link\" href=\"https:\/\/noticiasmercedinas.com\/site\/wp-content\/uploads\/2018\/09\/d90bd448-5d79-46ce-be00-65e5b05ca98c.jpg\" title=\"d90bd448-5d79-46ce-be00-65e5b05ca98c\"  data-caption=\"\"  data-description=\"\">\r\n                                <img decoding=\"async\" src=\"https:\/\/noticiasmercedinas.com\/site\/wp-content\/uploads\/2018\/09\/d90bd448-5d79-46ce-be00-65e5b05ca98c.jpg\" srcset=\"https:\/\/noticiasmercedinas.com\/site\/wp-content\/uploads\/2018\/09\/d90bd448-5d79-46ce-be00-65e5b05ca98c.jpg 960w, https:\/\/noticiasmercedinas.com\/site\/wp-content\/uploads\/2018\/09\/d90bd448-5d79-46ce-be00-65e5b05ca98c-225x300.jpg 225w, https:\/\/noticiasmercedinas.com\/site\/wp-content\/uploads\/2018\/09\/d90bd448-5d79-46ce-be00-65e5b05ca98c-768x1024.jpg 768w, https:\/\/noticiasmercedinas.com\/site\/wp-content\/uploads\/2018\/09\/d90bd448-5d79-46ce-be00-65e5b05ca98c-640x853.jpg 640w, https:\/\/noticiasmercedinas.com\/site\/wp-content\/uploads\/2018\/09\/d90bd448-5d79-46ce-be00-65e5b05ca98c-681x908.jpg 681w\" sizes=\"(max-width: 960px) 100vw, 960px\" alt=\"\">\r\n                            <\/a>\r\n                            \r\n                        <\/figure>\r\n                    <\/div>\r\n                    <div class = \"td-slide-item td-item12\">\r\n                        <figure class=\"td-slide-galery-figure td-slide-popup-gallery\">\r\n                            <a class=\"slide-gallery-image-link\" href=\"https:\/\/noticiasmercedinas.com\/site\/wp-content\/uploads\/2018\/09\/dc369664-1493-4576-be01-5ca2bc9a545f.jpg\" title=\"dc369664-1493-4576-be01-5ca2bc9a545f\"  data-caption=\"\"  data-description=\"\">\r\n                                <img decoding=\"async\" src=\"https:\/\/noticiasmercedinas.com\/site\/wp-content\/uploads\/2018\/09\/dc369664-1493-4576-be01-5ca2bc9a545f.jpg\" srcset=\"https:\/\/noticiasmercedinas.com\/site\/wp-content\/uploads\/2018\/09\/dc369664-1493-4576-be01-5ca2bc9a545f.jpg 960w, https:\/\/noticiasmercedinas.com\/site\/wp-content\/uploads\/2018\/09\/dc369664-1493-4576-be01-5ca2bc9a545f-225x300.jpg 225w, https:\/\/noticiasmercedinas.com\/site\/wp-content\/uploads\/2018\/09\/dc369664-1493-4576-be01-5ca2bc9a545f-768x1024.jpg 768w, https:\/\/noticiasmercedinas.com\/site\/wp-content\/uploads\/2018\/09\/dc369664-1493-4576-be01-5ca2bc9a545f-640x853.jpg 640w, https:\/\/noticiasmercedinas.com\/site\/wp-content\/uploads\/2018\/09\/dc369664-1493-4576-be01-5ca2bc9a545f-681x908.jpg 681w\" sizes=\"(max-width: 960px) 100vw, 960px\" alt=\"\">\r\n                            <\/a>\r\n                            \r\n                        <\/figure>\r\n                    <\/div>\r\n                    <div class = \"td-slide-item td-item13\">\r\n                        <figure class=\"td-slide-galery-figure td-slide-popup-gallery\">\r\n                            <a class=\"slide-gallery-image-link\" href=\"https:\/\/noticiasmercedinas.com\/site\/wp-content\/uploads\/2018\/09\/dedb54a8-04a8-43c3-8b21-2aaf97f499f0.jpg\" title=\"dedb54a8-04a8-43c3-8b21-2aaf97f499f0\"  data-caption=\"\"  data-description=\"\">\r\n                                <img decoding=\"async\" src=\"https:\/\/noticiasmercedinas.com\/site\/wp-content\/uploads\/2018\/09\/dedb54a8-04a8-43c3-8b21-2aaf97f499f0.jpg\" srcset=\"https:\/\/noticiasmercedinas.com\/site\/wp-content\/uploads\/2018\/09\/dedb54a8-04a8-43c3-8b21-2aaf97f499f0.jpg 1280w, https:\/\/noticiasmercedinas.com\/site\/wp-content\/uploads\/2018\/09\/dedb54a8-04a8-43c3-8b21-2aaf97f499f0-300x225.jpg 300w, https:\/\/noticiasmercedinas.com\/site\/wp-content\/uploads\/2018\/09\/dedb54a8-04a8-43c3-8b21-2aaf97f499f0-768x576.jpg 768w, https:\/\/noticiasmercedinas.com\/site\/wp-content\/uploads\/2018\/09\/dedb54a8-04a8-43c3-8b21-2aaf97f499f0-1024x768.jpg 1024w, https:\/\/noticiasmercedinas.com\/site\/wp-content\/uploads\/2018\/09\/dedb54a8-04a8-43c3-8b21-2aaf97f499f0-80x60.jpg 80w, https:\/\/noticiasmercedinas.com\/site\/wp-content\/uploads\/2018\/09\/dedb54a8-04a8-43c3-8b21-2aaf97f499f0-160x120.jpg 160w, https:\/\/noticiasmercedinas.com\/site\/wp-content\/uploads\/2018\/09\/dedb54a8-04a8-43c3-8b21-2aaf97f499f0-100x75.jpg 100w, https:\/\/noticiasmercedinas.com\/site\/wp-content\/uploads\/2018\/09\/dedb54a8-04a8-43c3-8b21-2aaf97f499f0-200x150.jpg 200w, https:\/\/noticiasmercedinas.com\/site\/wp-content\/uploads\/2018\/09\/dedb54a8-04a8-43c3-8b21-2aaf97f499f0-180x135.jpg 180w, https:\/\/noticiasmercedinas.com\/site\/wp-content\/uploads\/2018\/09\/dedb54a8-04a8-43c3-8b21-2aaf97f499f0-360x270.jpg 360w, https:\/\/noticiasmercedinas.com\/site\/wp-content\/uploads\/2018\/09\/dedb54a8-04a8-43c3-8b21-2aaf97f499f0-238x178.jpg 238w, https:\/\/noticiasmercedinas.com\/site\/wp-content\/uploads\/2018\/09\/dedb54a8-04a8-43c3-8b21-2aaf97f499f0-476x356.jpg 476w, https:\/\/noticiasmercedinas.com\/site\/wp-content\/uploads\/2018\/09\/dedb54a8-04a8-43c3-8b21-2aaf97f499f0-640x480.jpg 640w, https:\/\/noticiasmercedinas.com\/site\/wp-content\/uploads\/2018\/09\/dedb54a8-04a8-43c3-8b21-2aaf97f499f0-681x511.jpg 681w\" sizes=\"(max-width: 1280px) 100vw, 1280px\" alt=\"\">\r\n                            <\/a>\r\n                            \r\n                        <\/figure>\r\n                    <\/div>\r\n                    <div class = \"td-slide-item td-item14\">\r\n                        <figure class=\"td-slide-galery-figure td-slide-popup-gallery\">\r\n                            <a class=\"slide-gallery-image-link\" href=\"https:\/\/noticiasmercedinas.com\/site\/wp-content\/uploads\/2018\/09\/eb1f4ae1-3eeb-4b0c-85b5-4ba389cb9878.jpg\" title=\"eb1f4ae1-3eeb-4b0c-85b5-4ba389cb9878\"  data-caption=\"\"  data-description=\"\">\r\n                                <img decoding=\"async\" src=\"https:\/\/noticiasmercedinas.com\/site\/wp-content\/uploads\/2018\/09\/eb1f4ae1-3eeb-4b0c-85b5-4ba389cb9878.jpg\" srcset=\"https:\/\/noticiasmercedinas.com\/site\/wp-content\/uploads\/2018\/09\/eb1f4ae1-3eeb-4b0c-85b5-4ba389cb9878.jpg 960w, https:\/\/noticiasmercedinas.com\/site\/wp-content\/uploads\/2018\/09\/eb1f4ae1-3eeb-4b0c-85b5-4ba389cb9878-225x300.jpg 225w, https:\/\/noticiasmercedinas.com\/site\/wp-content\/uploads\/2018\/09\/eb1f4ae1-3eeb-4b0c-85b5-4ba389cb9878-768x1024.jpg 768w, https:\/\/noticiasmercedinas.com\/site\/wp-content\/uploads\/2018\/09\/eb1f4ae1-3eeb-4b0c-85b5-4ba389cb9878-640x853.jpg 640w, https:\/\/noticiasmercedinas.com\/site\/wp-content\/uploads\/2018\/09\/eb1f4ae1-3eeb-4b0c-85b5-4ba389cb9878-681x908.jpg 681w\" sizes=\"(max-width: 960px) 100vw, 960px\" alt=\"\">\r\n                            <\/a>\r\n                            \r\n                        <\/figure>\r\n                    <\/div>\r\n                    <div class = \"td-slide-item td-item15\">\r\n                        <figure class=\"td-slide-galery-figure td-slide-popup-gallery\">\r\n                            <a class=\"slide-gallery-image-link\" href=\"https:\/\/noticiasmercedinas.com\/site\/wp-content\/uploads\/2018\/09\/f9d37e2f-073c-43be-963d-56046acaf413.jpg\" title=\"f9d37e2f-073c-43be-963d-56046acaf413\"  data-caption=\"\"  data-description=\"\">\r\n                                <img decoding=\"async\" src=\"https:\/\/noticiasmercedinas.com\/site\/wp-content\/uploads\/2018\/09\/f9d37e2f-073c-43be-963d-56046acaf413.jpg\" srcset=\"https:\/\/noticiasmercedinas.com\/site\/wp-content\/uploads\/2018\/09\/f9d37e2f-073c-43be-963d-56046acaf413.jpg 1280w, https:\/\/noticiasmercedinas.com\/site\/wp-content\/uploads\/2018\/09\/f9d37e2f-073c-43be-963d-56046acaf413-300x225.jpg 300w, https:\/\/noticiasmercedinas.com\/site\/wp-content\/uploads\/2018\/09\/f9d37e2f-073c-43be-963d-56046acaf413-768x576.jpg 768w, https:\/\/noticiasmercedinas.com\/site\/wp-content\/uploads\/2018\/09\/f9d37e2f-073c-43be-963d-56046acaf413-1024x768.jpg 1024w, https:\/\/noticiasmercedinas.com\/site\/wp-content\/uploads\/2018\/09\/f9d37e2f-073c-43be-963d-56046acaf413-80x60.jpg 80w, https:\/\/noticiasmercedinas.com\/site\/wp-content\/uploads\/2018\/09\/f9d37e2f-073c-43be-963d-56046acaf413-160x120.jpg 160w, https:\/\/noticiasmercedinas.com\/site\/wp-content\/uploads\/2018\/09\/f9d37e2f-073c-43be-963d-56046acaf413-100x75.jpg 100w, https:\/\/noticiasmercedinas.com\/site\/wp-content\/uploads\/2018\/09\/f9d37e2f-073c-43be-963d-56046acaf413-200x150.jpg 200w, https:\/\/noticiasmercedinas.com\/site\/wp-content\/uploads\/2018\/09\/f9d37e2f-073c-43be-963d-56046acaf413-180x135.jpg 180w, https:\/\/noticiasmercedinas.com\/site\/wp-content\/uploads\/2018\/09\/f9d37e2f-073c-43be-963d-56046acaf413-360x270.jpg 360w, https:\/\/noticiasmercedinas.com\/site\/wp-content\/uploads\/2018\/09\/f9d37e2f-073c-43be-963d-56046acaf413-238x178.jpg 238w, https:\/\/noticiasmercedinas.com\/site\/wp-content\/uploads\/2018\/09\/f9d37e2f-073c-43be-963d-56046acaf413-476x356.jpg 476w, https:\/\/noticiasmercedinas.com\/site\/wp-content\/uploads\/2018\/09\/f9d37e2f-073c-43be-963d-56046acaf413-640x480.jpg 640w, https:\/\/noticiasmercedinas.com\/site\/wp-content\/uploads\/2018\/09\/f9d37e2f-073c-43be-963d-56046acaf413-681x511.jpg 681w\" sizes=\"(max-width: 1280px) 100vw, 1280px\" alt=\"\">\r\n                            <\/a>\r\n                            \r\n                        <\/figure>\r\n                    <\/div>\r\n                            <\/div>\r\n                        <\/div>\r\n\r\n                        <div class = \"td-doubleSlider-2\">\r\n                            <div class = \"td-slider\">\r\n                                \r\n                    <div class = \"td-button td-item1\">\r\n                        <div class = \"td-border\"><\/div>\r\n                    <\/div>\r\n                    <div class = \"td-button td-item2\">\r\n                        <div class = \"td-border\"><\/div>\r\n                    <\/div>\r\n                    <div class = \"td-button td-item3\">\r\n                        <div class = \"td-border\"><\/div>\r\n                    <\/div>\r\n                    <div class = \"td-button td-item4\">\r\n                        <div class = \"td-border\"><\/div>\r\n                    <\/div>\r\n                    <div class = \"td-button td-item5\">\r\n                        <div class = \"td-border\"><\/div>\r\n                    <\/div>\r\n                    <div class = \"td-button td-item6\">\r\n                        <div class = \"td-border\"><\/div>\r\n                    <\/div>\r\n                    <div class = \"td-button td-item7\">\r\n                        <div class = \"td-border\"><\/div>\r\n                    <\/div>\r\n                    <div class = \"td-button td-item8\">\r\n                        <div class = \"td-border\"><\/div>\r\n                    <\/div>\r\n                    <div class = \"td-button td-item9\">\r\n                        <div class = \"td-border\"><\/div>\r\n                    <\/div>\r\n                    <div class = \"td-button td-item10\">\r\n                        <div class = \"td-border\"><\/div>\r\n                    <\/div>\r\n                    <div class = \"td-button td-item11\">\r\n                        <div class = \"td-border\"><\/div>\r\n                    <\/div>\r\n                    <div class = \"td-button td-item12\">\r\n                        <div class = \"td-border\"><\/div>\r\n                    <\/div>\r\n                    <div class = \"td-button td-item13\">\r\n                        <div class = \"td-border\"><\/div>\r\n                    <\/div>\r\n                    <div class = \"td-button td-item14\">\r\n                        <div class = \"td-border\"><\/div>\r\n                    <\/div>\r\n                    <div class = \"td-button td-item15\">\r\n                        <div class = \"td-border\"><\/div>\r\n                    <\/div>\r\n                            <\/div>\r\n                        <\/div>\r\n\r\n                    <\/div>\r\n\r\n                <\/div>\r\n                \n<p>En el recorrido pasaron por la estaci\u00f3n de trenes Domingo Faustino Sarmiento, la plaza San Mart\u00edn y se recorri\u00f3 el centro. Hubo m\u00e1s de 120 personas anotadas.<\/p>\n<p>Tal cual coment\u00f3 el directivo del CEF, Fabi\u00e1n Brandoni, quien estuvo junto a Julieta Rosello y Marisa Vignau, el objetivo se cumpli\u00f3 con creces.<\/p>\n<p>Estuvieron los funcionarios Victoria Odell y Pablo Cassiani, por el municipio, as\u00ed como tambi\u00e9n el jefe de Gabinete, Mat\u00edas Dematei y la concejala Celeste Burone, por el Legislativo.<\/p>\n<p>En ese contexto agradecieron a la Secretar\u00eda de Salud por la ambulancia puesta a disposici\u00f3n y los controles de salud y orientaciones realizadas. A los participantes, adem\u00e1s, se les dio una libreta para controles.<\/p>\n<p>Es esta la tercera caminata tem\u00e1tica del a\u00f1o. La primera fue por el d\u00eda de la actividad f\u00edsica, luego hubo otra por el aire puro y se espera poder realizar para el mes de octubre una m\u00e1s por la problem\u00e1tica de la diabetes.<\/p>\n","protected":false},"excerpt":{"rendered":"<p>Este domingo se realiz\u00f3 una caminata en conmemoraci\u00f3n del D\u00eda mundial del Alzheimer, que es el 25 de septiembre. La importante actividad fue organizada por el CEF 40 y la Secretar\u00eda de Salud y su direcci\u00f3n de Adultos Mayores. La idea fue poder hacer prevenci\u00f3n y dialogar sobre el tema y por ello se llev\u00f3 [&hellip;]<\/p>\n","protected":false},"author":2,"featured_media":2038,"comment_status":"open","ping_status":"open","sticky":false,"template":"","format":"standard","meta":{"footnotes":""},"categories":[5],"tags":[747,825,824,71],"class_list":["post-2023","post","type-post","status-publish","format-standard","has-post-thumbnail","hentry","category-deportes","tag-adultos-mayores","tag-alzheimer","tag-caminata","tag-salud"],"yoast_head":"<!-- This site is optimized with the Yoast SEO plugin v27.5 - https:\/\/yoast.com\/product\/yoast-seo-wordpress\/ -->\n<title>Hubo caminata participativa por el D\u00eda Mundial del Alzheimer<\/title>\n<meta name=\"robots\" content=\"index, follow, max-snippet:-1, max-image-preview:large, max-video-preview:-1\" \/>\n<link rel=\"canonical\" href=\"https:\/\/noticiasmercedinas.com\/site\/2018\/09\/17\/hubo-caminata-participativa-por-el-dia-mundial-del-alzheimer\/\" \/>\n<meta property=\"og:locale\" content=\"es_ES\" \/>\n<meta property=\"og:type\" content=\"article\" \/>\n<meta property=\"og:title\" content=\"Hubo caminata participativa por el D\u00eda Mundial del Alzheimer\" \/>\n<meta property=\"og:description\" content=\"Este domingo se realiz\u00f3 una caminata en conmemoraci\u00f3n del D\u00eda mundial del Alzheimer, que es el 25 de septiembre. La importante actividad fue organizada por el CEF 40 y la Secretar\u00eda de Salud y su direcci\u00f3n de Adultos Mayores. La idea fue poder hacer prevenci\u00f3n y dialogar sobre el tema y por ello se llev\u00f3 [&hellip;]\" \/>\n<meta property=\"og:url\" content=\"https:\/\/noticiasmercedinas.com\/site\/2018\/09\/17\/hubo-caminata-participativa-por-el-dia-mundial-del-alzheimer\/\" \/>\n<meta property=\"og:site_name\" content=\"NOTICIASMERCEDINAS.COM\" \/>\n<meta property=\"article:publisher\" content=\"https:\/\/www.facebook.com\/noticiasmercedinas\/\" \/>\n<meta property=\"article:author\" content=\"https:\/\/www.facebook.com\/cristian.falabella\" \/>\n<meta property=\"article:published_time\" content=\"2018-09-17T13:43:52+00:00\" \/>\n<meta property=\"article:modified_time\" content=\"2018-09-17T14:31:19+00:00\" \/>\n<meta property=\"og:image\" content=\"https:\/\/noticiasmercedinas.com\/site\/wp-content\/uploads\/2018\/09\/f9d37e2f-073c-43be-963d-56046acaf413.jpg\" \/>\n\t<meta property=\"og:image:width\" content=\"1280\" \/>\n\t<meta property=\"og:image:height\" content=\"960\" \/>\n\t<meta property=\"og:image:type\" content=\"image\/jpeg\" \/>\n<meta name=\"author\" content=\"Cristian Falabella NOTICIASMERCEDINAS.COM\" \/>\n<meta name=\"twitter:card\" content=\"summary_large_image\" \/>\n<meta name=\"twitter:creator\" content=\"@https:\/\/twitter.com\/NOTMERCEDINAS\" \/>\n<meta name=\"twitter:site\" content=\"@notmercedinas\" \/>\n<meta name=\"twitter:label1\" content=\"Escrito por\" \/>\n\t<meta name=\"twitter:data1\" content=\"Cristian Falabella NOTICIASMERCEDINAS.COM\" \/>\n\t<meta name=\"twitter:label2\" content=\"Tiempo de lectura\" \/>\n\t<meta name=\"twitter:data2\" content=\"1 minuto\" \/>\n<script type=\"application\/ld+json\" class=\"yoast-schema-graph\">{\"@context\":\"https:\\\/\\\/schema.org\",\"@graph\":[{\"@type\":\"Article\",\"@id\":\"https:\\\/\\\/noticiasmercedinas.com\\\/site\\\/2018\\\/09\\\/17\\\/hubo-caminata-participativa-por-el-dia-mundial-del-alzheimer\\\/#article\",\"isPartOf\":{\"@id\":\"https:\\\/\\\/noticiasmercedinas.com\\\/site\\\/2018\\\/09\\\/17\\\/hubo-caminata-participativa-por-el-dia-mundial-del-alzheimer\\\/\"},\"author\":{\"name\":\"Cristian Falabella NOTICIASMERCEDINAS.COM\",\"@id\":\"https:\\\/\\\/noticiasmercedinas.com\\\/site\\\/#\\\/schema\\\/person\\\/d481a9696a5feaec13a60e2bbd991a6a\"},\"headline\":\"Hubo caminata participativa por el D\u00eda Mundial del Alzheimer\",\"datePublished\":\"2018-09-17T13:43:52+00:00\",\"dateModified\":\"2018-09-17T14:31:19+00:00\",\"mainEntityOfPage\":{\"@id\":\"https:\\\/\\\/noticiasmercedinas.com\\\/site\\\/2018\\\/09\\\/17\\\/hubo-caminata-participativa-por-el-dia-mundial-del-alzheimer\\\/\"},\"wordCount\":251,\"commentCount\":0,\"publisher\":{\"@id\":\"https:\\\/\\\/noticiasmercedinas.com\\\/site\\\/#organization\"},\"image\":{\"@id\":\"https:\\\/\\\/noticiasmercedinas.com\\\/site\\\/2018\\\/09\\\/17\\\/hubo-caminata-participativa-por-el-dia-mundial-del-alzheimer\\\/#primaryimage\"},\"thumbnailUrl\":\"https:\\\/\\\/noticiasmercedinas.com\\\/site\\\/wp-content\\\/uploads\\\/2018\\\/09\\\/f9d37e2f-073c-43be-963d-56046acaf413.jpg\",\"keywords\":[\"adultos mayores\",\"alzheimer\",\"caminata\",\"salud\"],\"articleSection\":[\"Deportes\"],\"inLanguage\":\"es\",\"potentialAction\":[{\"@type\":\"CommentAction\",\"name\":\"Comment\",\"target\":[\"https:\\\/\\\/noticiasmercedinas.com\\\/site\\\/2018\\\/09\\\/17\\\/hubo-caminata-participativa-por-el-dia-mundial-del-alzheimer\\\/#respond\"]}]},{\"@type\":\"WebPage\",\"@id\":\"https:\\\/\\\/noticiasmercedinas.com\\\/site\\\/2018\\\/09\\\/17\\\/hubo-caminata-participativa-por-el-dia-mundial-del-alzheimer\\\/\",\"url\":\"https:\\\/\\\/noticiasmercedinas.com\\\/site\\\/2018\\\/09\\\/17\\\/hubo-caminata-participativa-por-el-dia-mundial-del-alzheimer\\\/\",\"name\":\"Hubo caminata participativa por el D\u00eda Mundial del Alzheimer\",\"isPartOf\":{\"@id\":\"https:\\\/\\\/noticiasmercedinas.com\\\/site\\\/#website\"},\"primaryImageOfPage\":{\"@id\":\"https:\\\/\\\/noticiasmercedinas.com\\\/site\\\/2018\\\/09\\\/17\\\/hubo-caminata-participativa-por-el-dia-mundial-del-alzheimer\\\/#primaryimage\"},\"image\":{\"@id\":\"https:\\\/\\\/noticiasmercedinas.com\\\/site\\\/2018\\\/09\\\/17\\\/hubo-caminata-participativa-por-el-dia-mundial-del-alzheimer\\\/#primaryimage\"},\"thumbnailUrl\":\"https:\\\/\\\/noticiasmercedinas.com\\\/site\\\/wp-content\\\/uploads\\\/2018\\\/09\\\/f9d37e2f-073c-43be-963d-56046acaf413.jpg\",\"datePublished\":\"2018-09-17T13:43:52+00:00\",\"dateModified\":\"2018-09-17T14:31:19+00:00\",\"breadcrumb\":{\"@id\":\"https:\\\/\\\/noticiasmercedinas.com\\\/site\\\/2018\\\/09\\\/17\\\/hubo-caminata-participativa-por-el-dia-mundial-del-alzheimer\\\/#breadcrumb\"},\"inLanguage\":\"es\",\"potentialAction\":[{\"@type\":\"ReadAction\",\"target\":[\"https:\\\/\\\/noticiasmercedinas.com\\\/site\\\/2018\\\/09\\\/17\\\/hubo-caminata-participativa-por-el-dia-mundial-del-alzheimer\\\/\"]}]},{\"@type\":\"ImageObject\",\"inLanguage\":\"es\",\"@id\":\"https:\\\/\\\/noticiasmercedinas.com\\\/site\\\/2018\\\/09\\\/17\\\/hubo-caminata-participativa-por-el-dia-mundial-del-alzheimer\\\/#primaryimage\",\"url\":\"https:\\\/\\\/noticiasmercedinas.com\\\/site\\\/wp-content\\\/uploads\\\/2018\\\/09\\\/f9d37e2f-073c-43be-963d-56046acaf413.jpg\",\"contentUrl\":\"https:\\\/\\\/noticiasmercedinas.com\\\/site\\\/wp-content\\\/uploads\\\/2018\\\/09\\\/f9d37e2f-073c-43be-963d-56046acaf413.jpg\",\"width\":1280,\"height\":960},{\"@type\":\"BreadcrumbList\",\"@id\":\"https:\\\/\\\/noticiasmercedinas.com\\\/site\\\/2018\\\/09\\\/17\\\/hubo-caminata-participativa-por-el-dia-mundial-del-alzheimer\\\/#breadcrumb\",\"itemListElement\":[{\"@type\":\"ListItem\",\"position\":1,\"name\":\"Portada\",\"item\":\"https:\\\/\\\/noticiasmercedinas.com\\\/site\\\/\"},{\"@type\":\"ListItem\",\"position\":2,\"name\":\"Hubo caminata participativa por el D\u00eda Mundial del Alzheimer\"}]},{\"@type\":\"WebSite\",\"@id\":\"https:\\\/\\\/noticiasmercedinas.com\\\/site\\\/#website\",\"url\":\"https:\\\/\\\/noticiasmercedinas.com\\\/site\\\/\",\"name\":\"NOTICIASMERCEDINAS.COM\",\"description\":\"Mercedes, Buenos Aires, Argentina\",\"publisher\":{\"@id\":\"https:\\\/\\\/noticiasmercedinas.com\\\/site\\\/#organization\"},\"potentialAction\":[{\"@type\":\"SearchAction\",\"target\":{\"@type\":\"EntryPoint\",\"urlTemplate\":\"https:\\\/\\\/noticiasmercedinas.com\\\/site\\\/?s={search_term_string}\"},\"query-input\":{\"@type\":\"PropertyValueSpecification\",\"valueRequired\":true,\"valueName\":\"search_term_string\"}}],\"inLanguage\":\"es\"},{\"@type\":\"Organization\",\"@id\":\"https:\\\/\\\/noticiasmercedinas.com\\\/site\\\/#organization\",\"name\":\"NOTICIASMERCEDINAS.COM\",\"url\":\"https:\\\/\\\/noticiasmercedinas.com\\\/site\\\/\",\"logo\":{\"@type\":\"ImageObject\",\"inLanguage\":\"es\",\"@id\":\"https:\\\/\\\/noticiasmercedinas.com\\\/site\\\/#\\\/schema\\\/logo\\\/image\\\/\",\"url\":\"https:\\\/\\\/noticiasmercedinas.com\\\/site\\\/wp-content\\\/uploads\\\/2020\\\/06\\\/LOGO-512.jpg\",\"contentUrl\":\"https:\\\/\\\/noticiasmercedinas.com\\\/site\\\/wp-content\\\/uploads\\\/2020\\\/06\\\/LOGO-512.jpg\",\"width\":512,\"height\":512,\"caption\":\"NOTICIASMERCEDINAS.COM\"},\"image\":{\"@id\":\"https:\\\/\\\/noticiasmercedinas.com\\\/site\\\/#\\\/schema\\\/logo\\\/image\\\/\"},\"sameAs\":[\"https:\\\/\\\/www.facebook.com\\\/noticiasmercedinas\\\/\",\"https:\\\/\\\/x.com\\\/notmercedinas\",\"https:\\\/\\\/www.instagram.com\\\/noticiasmercedinas\\\/\"]},{\"@type\":\"Person\",\"@id\":\"https:\\\/\\\/noticiasmercedinas.com\\\/site\\\/#\\\/schema\\\/person\\\/d481a9696a5feaec13a60e2bbd991a6a\",\"name\":\"Cristian Falabella NOTICIASMERCEDINAS.COM\",\"image\":{\"@type\":\"ImageObject\",\"inLanguage\":\"es\",\"@id\":\"https:\\\/\\\/secure.gravatar.com\\\/avatar\\\/0dbbfc45970cc46bcd0e57766228574ff3511d6eed045b182f536f0f478c1f06?s=96&d=mm&r=g\",\"url\":\"https:\\\/\\\/secure.gravatar.com\\\/avatar\\\/0dbbfc45970cc46bcd0e57766228574ff3511d6eed045b182f536f0f478c1f06?s=96&d=mm&r=g\",\"contentUrl\":\"https:\\\/\\\/secure.gravatar.com\\\/avatar\\\/0dbbfc45970cc46bcd0e57766228574ff3511d6eed045b182f536f0f478c1f06?s=96&d=mm&r=g\",\"caption\":\"Cristian Falabella NOTICIASMERCEDINAS.COM\"},\"description\":\"Periodista, editor de Noticias Mercedinas. Pas\u00f3 por varias redacciones y emprendimientos de prensa, en distintos formatos y \u00e9pocas. Se especializ\u00f3 --y sigue haci\u00e9ndolo-- en comunicaci\u00f3n en la web y en junio de 2006 fund\u00f3 este diario digital.\",\"sameAs\":[\"https:\\\/\\\/noticiasmercedinas.com\",\"https:\\\/\\\/www.facebook.com\\\/cristian.falabella\",\"https:\\\/\\\/www.instagram.com\\\/noticiasmercedinas\\\/\",\"https:\\\/\\\/x.com\\\/https:\\\/\\\/twitter.com\\\/NOTMERCEDINAS\"],\"url\":\"https:\\\/\\\/noticiasmercedinas.com\\\/site\\\/author\\\/as000384\\\/\"}]}<\/script>\n<!-- \/ Yoast SEO plugin. -->","yoast_head_json":{"title":"Hubo caminata participativa por el D\u00eda Mundial del Alzheimer","robots":{"index":"index","follow":"follow","max-snippet":"max-snippet:-1","max-image-preview":"max-image-preview:large","max-video-preview":"max-video-preview:-1"},"canonical":"https:\/\/noticiasmercedinas.com\/site\/2018\/09\/17\/hubo-caminata-participativa-por-el-dia-mundial-del-alzheimer\/","og_locale":"es_ES","og_type":"article","og_title":"Hubo caminata participativa por el D\u00eda Mundial del Alzheimer","og_description":"Este domingo se realiz\u00f3 una caminata en conmemoraci\u00f3n del D\u00eda mundial del Alzheimer, que es el 25 de septiembre. La importante actividad fue organizada por el CEF 40 y la Secretar\u00eda de Salud y su direcci\u00f3n de Adultos Mayores. La idea fue poder hacer prevenci\u00f3n y dialogar sobre el tema y por ello se llev\u00f3 [&hellip;]","og_url":"https:\/\/noticiasmercedinas.com\/site\/2018\/09\/17\/hubo-caminata-participativa-por-el-dia-mundial-del-alzheimer\/","og_site_name":"NOTICIASMERCEDINAS.COM","article_publisher":"https:\/\/www.facebook.com\/noticiasmercedinas\/","article_author":"https:\/\/www.facebook.com\/cristian.falabella","article_published_time":"2018-09-17T13:43:52+00:00","article_modified_time":"2018-09-17T14:31:19+00:00","og_image":[{"width":1280,"height":960,"url":"https:\/\/noticiasmercedinas.com\/site\/wp-content\/uploads\/2018\/09\/f9d37e2f-073c-43be-963d-56046acaf413.jpg","type":"image\/jpeg"}],"author":"Cristian Falabella NOTICIASMERCEDINAS.COM","twitter_card":"summary_large_image","twitter_creator":"@https:\/\/twitter.com\/NOTMERCEDINAS","twitter_site":"@notmercedinas","twitter_misc":{"Escrito por":"Cristian Falabella NOTICIASMERCEDINAS.COM","Tiempo de lectura":"1 minuto"},"schema":{"@context":"https:\/\/schema.org","@graph":[{"@type":"Article","@id":"https:\/\/noticiasmercedinas.com\/site\/2018\/09\/17\/hubo-caminata-participativa-por-el-dia-mundial-del-alzheimer\/#article","isPartOf":{"@id":"https:\/\/noticiasmercedinas.com\/site\/2018\/09\/17\/hubo-caminata-participativa-por-el-dia-mundial-del-alzheimer\/"},"author":{"name":"Cristian Falabella NOTICIASMERCEDINAS.COM","@id":"https:\/\/noticiasmercedinas.com\/site\/#\/schema\/person\/d481a9696a5feaec13a60e2bbd991a6a"},"headline":"Hubo caminata participativa por el D\u00eda Mundial del Alzheimer","datePublished":"2018-09-17T13:43:52+00:00","dateModified":"2018-09-17T14:31:19+00:00","mainEntityOfPage":{"@id":"https:\/\/noticiasmercedinas.com\/site\/2018\/09\/17\/hubo-caminata-participativa-por-el-dia-mundial-del-alzheimer\/"},"wordCount":251,"commentCount":0,"publisher":{"@id":"https:\/\/noticiasmercedinas.com\/site\/#organization"},"image":{"@id":"https:\/\/noticiasmercedinas.com\/site\/2018\/09\/17\/hubo-caminata-participativa-por-el-dia-mundial-del-alzheimer\/#primaryimage"},"thumbnailUrl":"https:\/\/noticiasmercedinas.com\/site\/wp-content\/uploads\/2018\/09\/f9d37e2f-073c-43be-963d-56046acaf413.jpg","keywords":["adultos mayores","alzheimer","caminata","salud"],"articleSection":["Deportes"],"inLanguage":"es","potentialAction":[{"@type":"CommentAction","name":"Comment","target":["https:\/\/noticiasmercedinas.com\/site\/2018\/09\/17\/hubo-caminata-participativa-por-el-dia-mundial-del-alzheimer\/#respond"]}]},{"@type":"WebPage","@id":"https:\/\/noticiasmercedinas.com\/site\/2018\/09\/17\/hubo-caminata-participativa-por-el-dia-mundial-del-alzheimer\/","url":"https:\/\/noticiasmercedinas.com\/site\/2018\/09\/17\/hubo-caminata-participativa-por-el-dia-mundial-del-alzheimer\/","name":"Hubo caminata participativa por el D\u00eda Mundial del Alzheimer","isPartOf":{"@id":"https:\/\/noticiasmercedinas.com\/site\/#website"},"primaryImageOfPage":{"@id":"https:\/\/noticiasmercedinas.com\/site\/2018\/09\/17\/hubo-caminata-participativa-por-el-dia-mundial-del-alzheimer\/#primaryimage"},"image":{"@id":"https:\/\/noticiasmercedinas.com\/site\/2018\/09\/17\/hubo-caminata-participativa-por-el-dia-mundial-del-alzheimer\/#primaryimage"},"thumbnailUrl":"https:\/\/noticiasmercedinas.com\/site\/wp-content\/uploads\/2018\/09\/f9d37e2f-073c-43be-963d-56046acaf413.jpg","datePublished":"2018-09-17T13:43:52+00:00","dateModified":"2018-09-17T14:31:19+00:00","breadcrumb":{"@id":"https:\/\/noticiasmercedinas.com\/site\/2018\/09\/17\/hubo-caminata-participativa-por-el-dia-mundial-del-alzheimer\/#breadcrumb"},"inLanguage":"es","potentialAction":[{"@type":"ReadAction","target":["https:\/\/noticiasmercedinas.com\/site\/2018\/09\/17\/hubo-caminata-participativa-por-el-dia-mundial-del-alzheimer\/"]}]},{"@type":"ImageObject","inLanguage":"es","@id":"https:\/\/noticiasmercedinas.com\/site\/2018\/09\/17\/hubo-caminata-participativa-por-el-dia-mundial-del-alzheimer\/#primaryimage","url":"https:\/\/noticiasmercedinas.com\/site\/wp-content\/uploads\/2018\/09\/f9d37e2f-073c-43be-963d-56046acaf413.jpg","contentUrl":"https:\/\/noticiasmercedinas.com\/site\/wp-content\/uploads\/2018\/09\/f9d37e2f-073c-43be-963d-56046acaf413.jpg","width":1280,"height":960},{"@type":"BreadcrumbList","@id":"https:\/\/noticiasmercedinas.com\/site\/2018\/09\/17\/hubo-caminata-participativa-por-el-dia-mundial-del-alzheimer\/#breadcrumb","itemListElement":[{"@type":"ListItem","position":1,"name":"Portada","item":"https:\/\/noticiasmercedinas.com\/site\/"},{"@type":"ListItem","position":2,"name":"Hubo caminata participativa por el D\u00eda Mundial del Alzheimer"}]},{"@type":"WebSite","@id":"https:\/\/noticiasmercedinas.com\/site\/#website","url":"https:\/\/noticiasmercedinas.com\/site\/","name":"NOTICIASMERCEDINAS.COM","description":"Mercedes, Buenos Aires, Argentina","publisher":{"@id":"https:\/\/noticiasmercedinas.com\/site\/#organization"},"potentialAction":[{"@type":"SearchAction","target":{"@type":"EntryPoint","urlTemplate":"https:\/\/noticiasmercedinas.com\/site\/?s={search_term_string}"},"query-input":{"@type":"PropertyValueSpecification","valueRequired":true,"valueName":"search_term_string"}}],"inLanguage":"es"},{"@type":"Organization","@id":"https:\/\/noticiasmercedinas.com\/site\/#organization","name":"NOTICIASMERCEDINAS.COM","url":"https:\/\/noticiasmercedinas.com\/site\/","logo":{"@type":"ImageObject","inLanguage":"es","@id":"https:\/\/noticiasmercedinas.com\/site\/#\/schema\/logo\/image\/","url":"https:\/\/noticiasmercedinas.com\/site\/wp-content\/uploads\/2020\/06\/LOGO-512.jpg","contentUrl":"https:\/\/noticiasmercedinas.com\/site\/wp-content\/uploads\/2020\/06\/LOGO-512.jpg","width":512,"height":512,"caption":"NOTICIASMERCEDINAS.COM"},"image":{"@id":"https:\/\/noticiasmercedinas.com\/site\/#\/schema\/logo\/image\/"},"sameAs":["https:\/\/www.facebook.com\/noticiasmercedinas\/","https:\/\/x.com\/notmercedinas","https:\/\/www.instagram.com\/noticiasmercedinas\/"]},{"@type":"Person","@id":"https:\/\/noticiasmercedinas.com\/site\/#\/schema\/person\/d481a9696a5feaec13a60e2bbd991a6a","name":"Cristian Falabella NOTICIASMERCEDINAS.COM","image":{"@type":"ImageObject","inLanguage":"es","@id":"https:\/\/secure.gravatar.com\/avatar\/0dbbfc45970cc46bcd0e57766228574ff3511d6eed045b182f536f0f478c1f06?s=96&d=mm&r=g","url":"https:\/\/secure.gravatar.com\/avatar\/0dbbfc45970cc46bcd0e57766228574ff3511d6eed045b182f536f0f478c1f06?s=96&d=mm&r=g","contentUrl":"https:\/\/secure.gravatar.com\/avatar\/0dbbfc45970cc46bcd0e57766228574ff3511d6eed045b182f536f0f478c1f06?s=96&d=mm&r=g","caption":"Cristian Falabella NOTICIASMERCEDINAS.COM"},"description":"Periodista, editor de Noticias Mercedinas. Pas\u00f3 por varias redacciones y emprendimientos de prensa, en distintos formatos y \u00e9pocas. Se especializ\u00f3 --y sigue haci\u00e9ndolo-- en comunicaci\u00f3n en la web y en junio de 2006 fund\u00f3 este diario digital.","sameAs":["https:\/\/noticiasmercedinas.com","https:\/\/www.facebook.com\/cristian.falabella","https:\/\/www.instagram.com\/noticiasmercedinas\/","https:\/\/x.com\/https:\/\/twitter.com\/NOTMERCEDINAS"],"url":"https:\/\/noticiasmercedinas.com\/site\/author\/as000384\/"}]}},"amp_enabled":true,"_links":{"self":[{"href":"https:\/\/noticiasmercedinas.com\/site\/wp-json\/wp\/v2\/posts\/2023","targetHints":{"allow":["GET"]}}],"collection":[{"href":"https:\/\/noticiasmercedinas.com\/site\/wp-json\/wp\/v2\/posts"}],"about":[{"href":"https:\/\/noticiasmercedinas.com\/site\/wp-json\/wp\/v2\/types\/post"}],"author":[{"embeddable":true,"href":"https:\/\/noticiasmercedinas.com\/site\/wp-json\/wp\/v2\/users\/2"}],"replies":[{"embeddable":true,"href":"https:\/\/noticiasmercedinas.com\/site\/wp-json\/wp\/v2\/comments?post=2023"}],"version-history":[{"count":3,"href":"https:\/\/noticiasmercedinas.com\/site\/wp-json\/wp\/v2\/posts\/2023\/revisions"}],"predecessor-version":[{"id":2041,"href":"https:\/\/noticiasmercedinas.com\/site\/wp-json\/wp\/v2\/posts\/2023\/revisions\/2041"}],"wp:featuredmedia":[{"embeddable":true,"href":"https:\/\/noticiasmercedinas.com\/site\/wp-json\/wp\/v2\/media\/2038"}],"wp:attachment":[{"href":"https:\/\/noticiasmercedinas.com\/site\/wp-json\/wp\/v2\/media?parent=2023"}],"wp:term":[{"taxonomy":"category","embeddable":true,"href":"https:\/\/noticiasmercedinas.com\/site\/wp-json\/wp\/v2\/categories?post=2023"},{"taxonomy":"post_tag","embeddable":true,"href":"https:\/\/noticiasmercedinas.com\/site\/wp-json\/wp\/v2\/tags?post=2023"}],"curies":[{"name":"wp","href":"https:\/\/api.w.org\/{rel}","templated":true}]}}