{"id":20440,"date":"2019-06-02T11:20:16","date_gmt":"2019-06-02T14:20:16","guid":{"rendered":"https:\/\/noticiasmercedinas.com\/site\/?p=20440"},"modified":"2019-06-02T11:20:16","modified_gmt":"2019-06-02T14:20:16","slug":"de-pedro-junto-a-pepe-mujica-fue-una-charla-inspiradora","status":"publish","type":"post","link":"https:\/\/noticiasmercedinas.com\/site\/2019\/06\/02\/de-pedro-junto-a-pepe-mujica-fue-una-charla-inspiradora\/","title":{"rendered":"De Pedro junto a Pepe Mujica: \u201cFue una charla inspiradora\u201d"},"content":{"rendered":"<p><img loading=\"lazy\" decoding=\"async\" class=\"alignnone size-large wp-image-20441\" src=\"https:\/\/noticiasmercedinas.com\/site\/wp-content\/uploads\/2019\/06\/D77enZ3WkAIag3O-1024x683.jpg\" alt=\"\" width=\"640\" height=\"427\" srcset=\"https:\/\/noticiasmercedinas.com\/site\/wp-content\/uploads\/2019\/06\/D77enZ3WkAIag3O.jpg 1024w, https:\/\/noticiasmercedinas.com\/site\/wp-content\/uploads\/2019\/06\/D77enZ3WkAIag3O-300x200.jpg 300w, https:\/\/noticiasmercedinas.com\/site\/wp-content\/uploads\/2019\/06\/D77enZ3WkAIag3O-768x512.jpg 768w, https:\/\/noticiasmercedinas.com\/site\/wp-content\/uploads\/2019\/06\/D77enZ3WkAIag3O-640x427.jpg 640w, https:\/\/noticiasmercedinas.com\/site\/wp-content\/uploads\/2019\/06\/D77enZ3WkAIag3O-681x454.jpg 681w, https:\/\/noticiasmercedinas.com\/site\/wp-content\/uploads\/2019\/06\/D77enZ3WkAIag3O-1022x683.jpg 1022w\" sizes=\"auto, (max-width: 640px) 100vw, 640px\" \/><\/p>\n<p>El diputado nacional <strong>Eduardo \u201cWado\u201d De Pedro<\/strong> acompa\u00f1\u00f3 a <strong>Alberto Fern\u00e1ndez<\/strong> en su encuentro con el ex presidente de Uruguay, <strong>Jos\u00e9 \u201cPepe\u201d Mujica<\/strong>. \u201cFue una charla inspiradora, tenemos que volver a trabajar por la integraci\u00f3n de la Patria Grande y por una regi\u00f3n m\u00e1s justa y democr\u00e1tica\u201d, dijo el mercedino De Pedro, tras la reuni\u00f3n.<\/p>\n<p>Junto a Felipe Sol\u00e1 y Eduardo de Pedro, el precandidato presidencial del peronismo viaj\u00f3 a la ciudad de Montevideo para mantener una reuni\u00f3n en su chacra de Rinc\u00f3n del Cerro con el ic\u00f3nico ex presidente uruguayo, de quien afirm\u00f3 que es \u201cun maestro y una gran fuente de inspiraci\u00f3n\u201d<\/p>\n<p>Ambos dirigentes mantuvieron una reuni\u00f3n de la cual Alberto sostuvo: \u201cVuelvo a encontrarme con un viejo amigo, un maestro y una gran fuente de inspiraci\u00f3n para la misi\u00f3n que nos espera a los argentinos\u201d.<\/p>\n<p>El ex jefe de Gabinete tambi\u00e9n viaj\u00f3 acompa\u00f1ado por los diputados nacionales Fernando \u00abChino\u00bb Navarro, V\u00edctor Santamar\u00eda, y el legislador del Parlasur Eduardo Vald\u00e9s.<\/p>\n","protected":false},"excerpt":{"rendered":"<p>El diputado nacional Eduardo \u201cWado\u201d De Pedro acompa\u00f1\u00f3 a Alberto Fern\u00e1ndez en su encuentro con el ex presidente de Uruguay, Jos\u00e9 \u201cPepe\u201d Mujica. \u201cFue una charla inspiradora, tenemos que volver a trabajar por la integraci\u00f3n de la Patria Grande y por una regi\u00f3n m\u00e1s justa y democr\u00e1tica\u201d, dijo el mercedino De Pedro, tras la reuni\u00f3n. [&hellip;]<\/p>\n","protected":false},"author":16,"featured_media":20441,"comment_status":"open","ping_status":"open","sticky":false,"template":"","format":"standard","meta":{"footnotes":""},"categories":[16],"tags":[551,324,662,1602,5062,5064,1489,5063],"class_list":["post-20440","post","type-post","status-publish","format-standard","has-post-thumbnail","hentry","category-politica","tag-alberto-fernandez","tag-eduardo-de-pedro","tag-elecciones-2019","tag-felipe-sola","tag-fernando-chino-navarro","tag-jose-pepe-mujica","tag-pj","tag-victor-santamaria"],"yoast_head":"<!-- This site is optimized with the Yoast SEO plugin v27.4 - https:\/\/yoast.com\/product\/yoast-seo-wordpress\/ -->\n<title>De Pedro junto a Pepe Mujica: \u201cFue una charla inspiradora\u201d<\/title>\n<meta name=\"robots\" content=\"index, follow, max-snippet:-1, max-image-preview:large, max-video-preview:-1\" \/>\n<link rel=\"canonical\" href=\"https:\/\/noticiasmercedinas.com\/site\/2019\/06\/02\/de-pedro-junto-a-pepe-mujica-fue-una-charla-inspiradora\/\" \/>\n<meta property=\"og:locale\" content=\"es_ES\" \/>\n<meta property=\"og:type\" content=\"article\" \/>\n<meta property=\"og:title\" content=\"De Pedro junto a Pepe Mujica: \u201cFue una charla inspiradora\u201d\" \/>\n<meta property=\"og:description\" content=\"El diputado nacional Eduardo \u201cWado\u201d De Pedro acompa\u00f1\u00f3 a Alberto Fern\u00e1ndez en su encuentro con el ex presidente de Uruguay, Jos\u00e9 \u201cPepe\u201d Mujica. \u201cFue una charla inspiradora, tenemos que volver a trabajar por la integraci\u00f3n de la Patria Grande y por una regi\u00f3n m\u00e1s justa y democr\u00e1tica\u201d, dijo el mercedino De Pedro, tras la reuni\u00f3n. [&hellip;]\" \/>\n<meta property=\"og:url\" content=\"https:\/\/noticiasmercedinas.com\/site\/2019\/06\/02\/de-pedro-junto-a-pepe-mujica-fue-una-charla-inspiradora\/\" \/>\n<meta property=\"og:site_name\" content=\"NOTICIASMERCEDINAS.COM\" \/>\n<meta property=\"article:publisher\" content=\"https:\/\/www.facebook.com\/noticiasmercedinas\/\" \/>\n<meta property=\"article:published_time\" content=\"2019-06-02T14:20:16+00:00\" \/>\n<meta property=\"og:image\" content=\"https:\/\/noticiasmercedinas.com\/site\/wp-content\/uploads\/2019\/06\/D77enZ3WkAIag3O.jpg\" \/>\n\t<meta property=\"og:image:width\" content=\"1024\" \/>\n\t<meta property=\"og:image:height\" content=\"683\" \/>\n\t<meta property=\"og:image:type\" content=\"image\/jpeg\" \/>\n<meta name=\"author\" content=\"NOTICIASMERCEDINAS.COM\" \/>\n<meta name=\"twitter:card\" content=\"summary_large_image\" \/>\n<meta name=\"twitter:creator\" content=\"@notmercedinas\" \/>\n<meta name=\"twitter:site\" content=\"@notmercedinas\" \/>\n<meta name=\"twitter:label1\" content=\"Escrito por\" \/>\n\t<meta name=\"twitter:data1\" content=\"NOTICIASMERCEDINAS.COM\" \/>\n\t<meta name=\"twitter:label2\" content=\"Tiempo de lectura\" \/>\n\t<meta name=\"twitter:data2\" content=\"1 minuto\" \/>\n<script type=\"application\/ld+json\" class=\"yoast-schema-graph\">{\"@context\":\"https:\\\/\\\/schema.org\",\"@graph\":[{\"@type\":\"Article\",\"@id\":\"https:\\\/\\\/noticiasmercedinas.com\\\/site\\\/2019\\\/06\\\/02\\\/de-pedro-junto-a-pepe-mujica-fue-una-charla-inspiradora\\\/#article\",\"isPartOf\":{\"@id\":\"https:\\\/\\\/noticiasmercedinas.com\\\/site\\\/2019\\\/06\\\/02\\\/de-pedro-junto-a-pepe-mujica-fue-una-charla-inspiradora\\\/\"},\"author\":{\"name\":\"NOTICIASMERCEDINAS.COM\",\"@id\":\"https:\\\/\\\/noticiasmercedinas.com\\\/site\\\/#\\\/schema\\\/person\\\/84b59c099c28ff2e8b77d4ceec5d8063\"},\"headline\":\"De Pedro junto a Pepe Mujica: \u201cFue una charla inspiradora\u201d\",\"datePublished\":\"2019-06-02T14:20:16+00:00\",\"mainEntityOfPage\":{\"@id\":\"https:\\\/\\\/noticiasmercedinas.com\\\/site\\\/2019\\\/06\\\/02\\\/de-pedro-junto-a-pepe-mujica-fue-una-charla-inspiradora\\\/\"},\"wordCount\":190,\"commentCount\":0,\"publisher\":{\"@id\":\"https:\\\/\\\/noticiasmercedinas.com\\\/site\\\/#organization\"},\"image\":{\"@id\":\"https:\\\/\\\/noticiasmercedinas.com\\\/site\\\/2019\\\/06\\\/02\\\/de-pedro-junto-a-pepe-mujica-fue-una-charla-inspiradora\\\/#primaryimage\"},\"thumbnailUrl\":\"https:\\\/\\\/noticiasmercedinas.com\\\/site\\\/wp-content\\\/uploads\\\/2019\\\/06\\\/D77enZ3WkAIag3O.jpg\",\"keywords\":[\"Alberto Fern\u00e1ndez\",\"eduardo de pedro\",\"elecciones 2019\",\"Felipe Sol\u00e1\",\"Fernando \\\"Chino\\\" Navarro\",\"Jose pepe mujica\",\"pj\",\"V\u00edctor Santamar\u00eda\"],\"articleSection\":[\"Politica\"],\"inLanguage\":\"es\",\"potentialAction\":[{\"@type\":\"CommentAction\",\"name\":\"Comment\",\"target\":[\"https:\\\/\\\/noticiasmercedinas.com\\\/site\\\/2019\\\/06\\\/02\\\/de-pedro-junto-a-pepe-mujica-fue-una-charla-inspiradora\\\/#respond\"]}]},{\"@type\":\"WebPage\",\"@id\":\"https:\\\/\\\/noticiasmercedinas.com\\\/site\\\/2019\\\/06\\\/02\\\/de-pedro-junto-a-pepe-mujica-fue-una-charla-inspiradora\\\/\",\"url\":\"https:\\\/\\\/noticiasmercedinas.com\\\/site\\\/2019\\\/06\\\/02\\\/de-pedro-junto-a-pepe-mujica-fue-una-charla-inspiradora\\\/\",\"name\":\"De Pedro junto a Pepe Mujica: \u201cFue una charla inspiradora\u201d\",\"isPartOf\":{\"@id\":\"https:\\\/\\\/noticiasmercedinas.com\\\/site\\\/#website\"},\"primaryImageOfPage\":{\"@id\":\"https:\\\/\\\/noticiasmercedinas.com\\\/site\\\/2019\\\/06\\\/02\\\/de-pedro-junto-a-pepe-mujica-fue-una-charla-inspiradora\\\/#primaryimage\"},\"image\":{\"@id\":\"https:\\\/\\\/noticiasmercedinas.com\\\/site\\\/2019\\\/06\\\/02\\\/de-pedro-junto-a-pepe-mujica-fue-una-charla-inspiradora\\\/#primaryimage\"},\"thumbnailUrl\":\"https:\\\/\\\/noticiasmercedinas.com\\\/site\\\/wp-content\\\/uploads\\\/2019\\\/06\\\/D77enZ3WkAIag3O.jpg\",\"datePublished\":\"2019-06-02T14:20:16+00:00\",\"breadcrumb\":{\"@id\":\"https:\\\/\\\/noticiasmercedinas.com\\\/site\\\/2019\\\/06\\\/02\\\/de-pedro-junto-a-pepe-mujica-fue-una-charla-inspiradora\\\/#breadcrumb\"},\"inLanguage\":\"es\",\"potentialAction\":[{\"@type\":\"ReadAction\",\"target\":[\"https:\\\/\\\/noticiasmercedinas.com\\\/site\\\/2019\\\/06\\\/02\\\/de-pedro-junto-a-pepe-mujica-fue-una-charla-inspiradora\\\/\"]}]},{\"@type\":\"ImageObject\",\"inLanguage\":\"es\",\"@id\":\"https:\\\/\\\/noticiasmercedinas.com\\\/site\\\/2019\\\/06\\\/02\\\/de-pedro-junto-a-pepe-mujica-fue-una-charla-inspiradora\\\/#primaryimage\",\"url\":\"https:\\\/\\\/noticiasmercedinas.com\\\/site\\\/wp-content\\\/uploads\\\/2019\\\/06\\\/D77enZ3WkAIag3O.jpg\",\"contentUrl\":\"https:\\\/\\\/noticiasmercedinas.com\\\/site\\\/wp-content\\\/uploads\\\/2019\\\/06\\\/D77enZ3WkAIag3O.jpg\",\"width\":1024,\"height\":683},{\"@type\":\"BreadcrumbList\",\"@id\":\"https:\\\/\\\/noticiasmercedinas.com\\\/site\\\/2019\\\/06\\\/02\\\/de-pedro-junto-a-pepe-mujica-fue-una-charla-inspiradora\\\/#breadcrumb\",\"itemListElement\":[{\"@type\":\"ListItem\",\"position\":1,\"name\":\"Portada\",\"item\":\"https:\\\/\\\/noticiasmercedinas.com\\\/site\\\/\"},{\"@type\":\"ListItem\",\"position\":2,\"name\":\"De Pedro junto a Pepe Mujica: \u201cFue una charla inspiradora\u201d\"}]},{\"@type\":\"WebSite\",\"@id\":\"https:\\\/\\\/noticiasmercedinas.com\\\/site\\\/#website\",\"url\":\"https:\\\/\\\/noticiasmercedinas.com\\\/site\\\/\",\"name\":\"NOTICIASMERCEDINAS.COM\",\"description\":\"Mercedes, Buenos Aires, Argentina\",\"publisher\":{\"@id\":\"https:\\\/\\\/noticiasmercedinas.com\\\/site\\\/#organization\"},\"potentialAction\":[{\"@type\":\"SearchAction\",\"target\":{\"@type\":\"EntryPoint\",\"urlTemplate\":\"https:\\\/\\\/noticiasmercedinas.com\\\/site\\\/?s={search_term_string}\"},\"query-input\":{\"@type\":\"PropertyValueSpecification\",\"valueRequired\":true,\"valueName\":\"search_term_string\"}}],\"inLanguage\":\"es\"},{\"@type\":\"Organization\",\"@id\":\"https:\\\/\\\/noticiasmercedinas.com\\\/site\\\/#organization\",\"name\":\"NOTICIASMERCEDINAS.COM\",\"url\":\"https:\\\/\\\/noticiasmercedinas.com\\\/site\\\/\",\"logo\":{\"@type\":\"ImageObject\",\"inLanguage\":\"es\",\"@id\":\"https:\\\/\\\/noticiasmercedinas.com\\\/site\\\/#\\\/schema\\\/logo\\\/image\\\/\",\"url\":\"https:\\\/\\\/noticiasmercedinas.com\\\/site\\\/wp-content\\\/uploads\\\/2020\\\/06\\\/LOGO-512.jpg\",\"contentUrl\":\"https:\\\/\\\/noticiasmercedinas.com\\\/site\\\/wp-content\\\/uploads\\\/2020\\\/06\\\/LOGO-512.jpg\",\"width\":512,\"height\":512,\"caption\":\"NOTICIASMERCEDINAS.COM\"},\"image\":{\"@id\":\"https:\\\/\\\/noticiasmercedinas.com\\\/site\\\/#\\\/schema\\\/logo\\\/image\\\/\"},\"sameAs\":[\"https:\\\/\\\/www.facebook.com\\\/noticiasmercedinas\\\/\",\"https:\\\/\\\/x.com\\\/notmercedinas\",\"https:\\\/\\\/www.instagram.com\\\/noticiasmercedinas\\\/\"]},{\"@type\":\"Person\",\"@id\":\"https:\\\/\\\/noticiasmercedinas.com\\\/site\\\/#\\\/schema\\\/person\\\/84b59c099c28ff2e8b77d4ceec5d8063\",\"name\":\"NOTICIASMERCEDINAS.COM\",\"image\":{\"@type\":\"ImageObject\",\"inLanguage\":\"es\",\"@id\":\"https:\\\/\\\/secure.gravatar.com\\\/avatar\\\/4dfbf16b4d17945bfb6341b2d19043457132fcf478a5ee04f42e959fd8f5df0a?s=96&d=mm&r=g\",\"url\":\"https:\\\/\\\/secure.gravatar.com\\\/avatar\\\/4dfbf16b4d17945bfb6341b2d19043457132fcf478a5ee04f42e959fd8f5df0a?s=96&d=mm&r=g\",\"contentUrl\":\"https:\\\/\\\/secure.gravatar.com\\\/avatar\\\/4dfbf16b4d17945bfb6341b2d19043457132fcf478a5ee04f42e959fd8f5df0a?s=96&d=mm&r=g\",\"caption\":\"NOTICIASMERCEDINAS.COM\"},\"url\":\"https:\\\/\\\/noticiasmercedinas.com\\\/site\\\/author\\\/anonimo\\\/\"}]}<\/script>\n<!-- \/ Yoast SEO plugin. -->","yoast_head_json":{"title":"De Pedro junto a Pepe Mujica: \u201cFue una charla inspiradora\u201d","robots":{"index":"index","follow":"follow","max-snippet":"max-snippet:-1","max-image-preview":"max-image-preview:large","max-video-preview":"max-video-preview:-1"},"canonical":"https:\/\/noticiasmercedinas.com\/site\/2019\/06\/02\/de-pedro-junto-a-pepe-mujica-fue-una-charla-inspiradora\/","og_locale":"es_ES","og_type":"article","og_title":"De Pedro junto a Pepe Mujica: \u201cFue una charla inspiradora\u201d","og_description":"El diputado nacional Eduardo \u201cWado\u201d De Pedro acompa\u00f1\u00f3 a Alberto Fern\u00e1ndez en su encuentro con el ex presidente de Uruguay, Jos\u00e9 \u201cPepe\u201d Mujica. \u201cFue una charla inspiradora, tenemos que volver a trabajar por la integraci\u00f3n de la Patria Grande y por una regi\u00f3n m\u00e1s justa y democr\u00e1tica\u201d, dijo el mercedino De Pedro, tras la reuni\u00f3n. [&hellip;]","og_url":"https:\/\/noticiasmercedinas.com\/site\/2019\/06\/02\/de-pedro-junto-a-pepe-mujica-fue-una-charla-inspiradora\/","og_site_name":"NOTICIASMERCEDINAS.COM","article_publisher":"https:\/\/www.facebook.com\/noticiasmercedinas\/","article_published_time":"2019-06-02T14:20:16+00:00","og_image":[{"width":1024,"height":683,"url":"https:\/\/noticiasmercedinas.com\/site\/wp-content\/uploads\/2019\/06\/D77enZ3WkAIag3O.jpg","type":"image\/jpeg"}],"author":"NOTICIASMERCEDINAS.COM","twitter_card":"summary_large_image","twitter_creator":"@notmercedinas","twitter_site":"@notmercedinas","twitter_misc":{"Escrito por":"NOTICIASMERCEDINAS.COM","Tiempo de lectura":"1 minuto"},"schema":{"@context":"https:\/\/schema.org","@graph":[{"@type":"Article","@id":"https:\/\/noticiasmercedinas.com\/site\/2019\/06\/02\/de-pedro-junto-a-pepe-mujica-fue-una-charla-inspiradora\/#article","isPartOf":{"@id":"https:\/\/noticiasmercedinas.com\/site\/2019\/06\/02\/de-pedro-junto-a-pepe-mujica-fue-una-charla-inspiradora\/"},"author":{"name":"NOTICIASMERCEDINAS.COM","@id":"https:\/\/noticiasmercedinas.com\/site\/#\/schema\/person\/84b59c099c28ff2e8b77d4ceec5d8063"},"headline":"De Pedro junto a Pepe Mujica: \u201cFue una charla inspiradora\u201d","datePublished":"2019-06-02T14:20:16+00:00","mainEntityOfPage":{"@id":"https:\/\/noticiasmercedinas.com\/site\/2019\/06\/02\/de-pedro-junto-a-pepe-mujica-fue-una-charla-inspiradora\/"},"wordCount":190,"commentCount":0,"publisher":{"@id":"https:\/\/noticiasmercedinas.com\/site\/#organization"},"image":{"@id":"https:\/\/noticiasmercedinas.com\/site\/2019\/06\/02\/de-pedro-junto-a-pepe-mujica-fue-una-charla-inspiradora\/#primaryimage"},"thumbnailUrl":"https:\/\/noticiasmercedinas.com\/site\/wp-content\/uploads\/2019\/06\/D77enZ3WkAIag3O.jpg","keywords":["Alberto Fern\u00e1ndez","eduardo de pedro","elecciones 2019","Felipe Sol\u00e1","Fernando \"Chino\" Navarro","Jose pepe mujica","pj","V\u00edctor Santamar\u00eda"],"articleSection":["Politica"],"inLanguage":"es","potentialAction":[{"@type":"CommentAction","name":"Comment","target":["https:\/\/noticiasmercedinas.com\/site\/2019\/06\/02\/de-pedro-junto-a-pepe-mujica-fue-una-charla-inspiradora\/#respond"]}]},{"@type":"WebPage","@id":"https:\/\/noticiasmercedinas.com\/site\/2019\/06\/02\/de-pedro-junto-a-pepe-mujica-fue-una-charla-inspiradora\/","url":"https:\/\/noticiasmercedinas.com\/site\/2019\/06\/02\/de-pedro-junto-a-pepe-mujica-fue-una-charla-inspiradora\/","name":"De Pedro junto a Pepe Mujica: \u201cFue una charla inspiradora\u201d","isPartOf":{"@id":"https:\/\/noticiasmercedinas.com\/site\/#website"},"primaryImageOfPage":{"@id":"https:\/\/noticiasmercedinas.com\/site\/2019\/06\/02\/de-pedro-junto-a-pepe-mujica-fue-una-charla-inspiradora\/#primaryimage"},"image":{"@id":"https:\/\/noticiasmercedinas.com\/site\/2019\/06\/02\/de-pedro-junto-a-pepe-mujica-fue-una-charla-inspiradora\/#primaryimage"},"thumbnailUrl":"https:\/\/noticiasmercedinas.com\/site\/wp-content\/uploads\/2019\/06\/D77enZ3WkAIag3O.jpg","datePublished":"2019-06-02T14:20:16+00:00","breadcrumb":{"@id":"https:\/\/noticiasmercedinas.com\/site\/2019\/06\/02\/de-pedro-junto-a-pepe-mujica-fue-una-charla-inspiradora\/#breadcrumb"},"inLanguage":"es","potentialAction":[{"@type":"ReadAction","target":["https:\/\/noticiasmercedinas.com\/site\/2019\/06\/02\/de-pedro-junto-a-pepe-mujica-fue-una-charla-inspiradora\/"]}]},{"@type":"ImageObject","inLanguage":"es","@id":"https:\/\/noticiasmercedinas.com\/site\/2019\/06\/02\/de-pedro-junto-a-pepe-mujica-fue-una-charla-inspiradora\/#primaryimage","url":"https:\/\/noticiasmercedinas.com\/site\/wp-content\/uploads\/2019\/06\/D77enZ3WkAIag3O.jpg","contentUrl":"https:\/\/noticiasmercedinas.com\/site\/wp-content\/uploads\/2019\/06\/D77enZ3WkAIag3O.jpg","width":1024,"height":683},{"@type":"BreadcrumbList","@id":"https:\/\/noticiasmercedinas.com\/site\/2019\/06\/02\/de-pedro-junto-a-pepe-mujica-fue-una-charla-inspiradora\/#breadcrumb","itemListElement":[{"@type":"ListItem","position":1,"name":"Portada","item":"https:\/\/noticiasmercedinas.com\/site\/"},{"@type":"ListItem","position":2,"name":"De Pedro junto a Pepe Mujica: \u201cFue una charla inspiradora\u201d"}]},{"@type":"WebSite","@id":"https:\/\/noticiasmercedinas.com\/site\/#website","url":"https:\/\/noticiasmercedinas.com\/site\/","name":"NOTICIASMERCEDINAS.COM","description":"Mercedes, Buenos Aires, Argentina","publisher":{"@id":"https:\/\/noticiasmercedinas.com\/site\/#organization"},"potentialAction":[{"@type":"SearchAction","target":{"@type":"EntryPoint","urlTemplate":"https:\/\/noticiasmercedinas.com\/site\/?s={search_term_string}"},"query-input":{"@type":"PropertyValueSpecification","valueRequired":true,"valueName":"search_term_string"}}],"inLanguage":"es"},{"@type":"Organization","@id":"https:\/\/noticiasmercedinas.com\/site\/#organization","name":"NOTICIASMERCEDINAS.COM","url":"https:\/\/noticiasmercedinas.com\/site\/","logo":{"@type":"ImageObject","inLanguage":"es","@id":"https:\/\/noticiasmercedinas.com\/site\/#\/schema\/logo\/image\/","url":"https:\/\/noticiasmercedinas.com\/site\/wp-content\/uploads\/2020\/06\/LOGO-512.jpg","contentUrl":"https:\/\/noticiasmercedinas.com\/site\/wp-content\/uploads\/2020\/06\/LOGO-512.jpg","width":512,"height":512,"caption":"NOTICIASMERCEDINAS.COM"},"image":{"@id":"https:\/\/noticiasmercedinas.com\/site\/#\/schema\/logo\/image\/"},"sameAs":["https:\/\/www.facebook.com\/noticiasmercedinas\/","https:\/\/x.com\/notmercedinas","https:\/\/www.instagram.com\/noticiasmercedinas\/"]},{"@type":"Person","@id":"https:\/\/noticiasmercedinas.com\/site\/#\/schema\/person\/84b59c099c28ff2e8b77d4ceec5d8063","name":"NOTICIASMERCEDINAS.COM","image":{"@type":"ImageObject","inLanguage":"es","@id":"https:\/\/secure.gravatar.com\/avatar\/4dfbf16b4d17945bfb6341b2d19043457132fcf478a5ee04f42e959fd8f5df0a?s=96&d=mm&r=g","url":"https:\/\/secure.gravatar.com\/avatar\/4dfbf16b4d17945bfb6341b2d19043457132fcf478a5ee04f42e959fd8f5df0a?s=96&d=mm&r=g","contentUrl":"https:\/\/secure.gravatar.com\/avatar\/4dfbf16b4d17945bfb6341b2d19043457132fcf478a5ee04f42e959fd8f5df0a?s=96&d=mm&r=g","caption":"NOTICIASMERCEDINAS.COM"},"url":"https:\/\/noticiasmercedinas.com\/site\/author\/anonimo\/"}]}},"amp_enabled":true,"_links":{"self":[{"href":"https:\/\/noticiasmercedinas.com\/site\/wp-json\/wp\/v2\/posts\/20440","targetHints":{"allow":["GET"]}}],"collection":[{"href":"https:\/\/noticiasmercedinas.com\/site\/wp-json\/wp\/v2\/posts"}],"about":[{"href":"https:\/\/noticiasmercedinas.com\/site\/wp-json\/wp\/v2\/types\/post"}],"author":[{"embeddable":true,"href":"https:\/\/noticiasmercedinas.com\/site\/wp-json\/wp\/v2\/users\/16"}],"replies":[{"embeddable":true,"href":"https:\/\/noticiasmercedinas.com\/site\/wp-json\/wp\/v2\/comments?post=20440"}],"version-history":[{"count":1,"href":"https:\/\/noticiasmercedinas.com\/site\/wp-json\/wp\/v2\/posts\/20440\/revisions"}],"predecessor-version":[{"id":20442,"href":"https:\/\/noticiasmercedinas.com\/site\/wp-json\/wp\/v2\/posts\/20440\/revisions\/20442"}],"wp:featuredmedia":[{"embeddable":true,"href":"https:\/\/noticiasmercedinas.com\/site\/wp-json\/wp\/v2\/media\/20441"}],"wp:attachment":[{"href":"https:\/\/noticiasmercedinas.com\/site\/wp-json\/wp\/v2\/media?parent=20440"}],"wp:term":[{"taxonomy":"category","embeddable":true,"href":"https:\/\/noticiasmercedinas.com\/site\/wp-json\/wp\/v2\/categories?post=20440"},{"taxonomy":"post_tag","embeddable":true,"href":"https:\/\/noticiasmercedinas.com\/site\/wp-json\/wp\/v2\/tags?post=20440"}],"curies":[{"name":"wp","href":"https:\/\/api.w.org\/{rel}","templated":true}]}}