{"id":20669,"date":"2019-06-05T18:23:31","date_gmt":"2019-06-05T21:23:31","guid":{"rendered":"https:\/\/noticiasmercedinas.com\/site\/?p=20669"},"modified":"2019-06-05T19:43:09","modified_gmt":"2019-06-05T22:43:09","slug":"renuncio-liliana-gutierrez-me-siento-humillada","status":"publish","type":"post","link":"https:\/\/noticiasmercedinas.com\/site\/2019\/06\/05\/renuncio-liliana-gutierrez-me-siento-humillada\/","title":{"rendered":"Renunci\u00f3 Liliana Guti\u00e9rrez: \u201cMe siento humillada\u201d"},"content":{"rendered":"<p><a href=\"https:\/\/noticiasmercedinas.com\/site\/wp-content\/uploads\/2019\/06\/gonzalez_liliana.png\"><img loading=\"lazy\" decoding=\"async\" class=\"alignnone size-full wp-image-20670\" src=\"https:\/\/noticiasmercedinas.com\/site\/wp-content\/uploads\/2019\/06\/gonzalez_liliana.png\" alt=\"\" width=\"640\" height=\"436\" srcset=\"https:\/\/noticiasmercedinas.com\/site\/wp-content\/uploads\/2019\/06\/gonzalez_liliana.png 640w, https:\/\/noticiasmercedinas.com\/site\/wp-content\/uploads\/2019\/06\/gonzalez_liliana-300x204.png 300w\" sizes=\"auto, (max-width: 640px) 100vw, 640px\" \/><\/a><\/p>\n<p>\u201cRenunci\u00e9 por una cuesti\u00f3n de dignidad\u201d, explic\u00f3 Liliana Guti\u00e9rrez, ahora ex secretaria general de la Asociaci\u00f3n de Trabajadores Municipales de Mercedes (ATMM), para explicar su \u201cpaso al costado\u201d del sindicato que conduce desde 2005.<\/p>\n<p>En di\u00e1logo con NOTICIASMERCEDINAS.COM, la dirigente gremial inform\u00f3 que tambi\u00e9n dej\u00f3 el cargo de secretaria de la Mujer de la Federaci\u00f3n de Sindicatos de Trabajadores Municipales de la Provincia, en el que se desempe\u00f1aba desde hace 15 a\u00f1os.<\/p>\n<p>Gutierrez indic\u00f3 que se neg\u00f3 a aceptar el \u201cdoble comando\u201d que implicaba la llegada al sindicato de Alejandra Santana como \u201ccolaboradora\u201d impuesta por la Federaci\u00f3n: \u201cMe siento humillada\u201d, expres\u00f3 y aclar\u00f3 que ya dijo a los implicados \u201ctodo lo que pensaba\u201d.<\/p>\n<p>\u201cQuise un pase sino consensuado por lo menos prolijo\u201d, indic\u00f3 tambi\u00e9n Guti\u00e9rrez \u2013quien ten\u00eda mandato hasta 2022&#8211; y detall\u00f3 que antes de renunciar, el 17 de mayo, mediante telegramas a la Federaci\u00f3n, al Ministerio de Trabajo y al intendente, se aprobaron Memoria y Balance y pag\u00f3 a los proveedores.<\/p>\n<p>\u201cHay dinero en el banco, yo ya no puedo firmar ni retirar cheques, la Federaci\u00f3n tiene que tomar una decisi\u00f3n, pondr\u00e1n un normalizador o normalizadora, supongo que si la convocaron a la compa\u00f1era\u2026\u201d, consider\u00f3.<\/p>\n<p>Tambi\u00e9n renunciaron los secretarios de Acci\u00f3n Social y el de Finanzas. \u201cEsto no cay\u00f3 bien entre los compa\u00f1eros\u201d, cont\u00f3 Guti\u00e9rrez\u00a0 y despej\u00f3 dudas: \u201cEstoy bien, no estoy enferma ni nada, me fui por dignidad, s\u00e9 que trabaj\u00e9 para el bien de los municipales\u201d, afirm\u00f3.<\/p>\n<p>Por \u00faltimo Liliana Guti\u00e9rrez destac\u00f3 que el intendente Juan Ignacio Ustarroz est\u00e1 al tanto de todo.<\/p>\n","protected":false},"excerpt":{"rendered":"<p>\u201cRenunci\u00e9 por una cuesti\u00f3n de dignidad\u201d, explic\u00f3 Liliana Guti\u00e9rrez, ahora ex secretaria general de la Asociaci\u00f3n de Trabajadores Municipales de Mercedes (ATMM), para explicar su \u201cpaso al costado\u201d del sindicato que conduce desde 2005. En di\u00e1logo con NOTICIASMERCEDINAS.COM, la dirigente gremial inform\u00f3 que tambi\u00e9n dej\u00f3 el cargo de secretaria de la Mujer de la Federaci\u00f3n [&hellip;]<\/p>\n","protected":false},"author":16,"featured_media":20670,"comment_status":"open","ping_status":"open","sticky":false,"template":"","format":"standard","meta":{"footnotes":""},"categories":[3],"tags":[5096,5095,5094,2404],"class_list":["post-20669","post","type-post","status-publish","format-standard","has-post-thumbnail","hentry","category-sociedad","tag-alejandra-santana","tag-asociacion-de-trabajadores-municipales-de-mercedes","tag-federacion-de-sindicatos-de-trabajadores-municipales-de-la-provincia","tag-liliana-gutierrez"],"yoast_head":"<!-- This site is optimized with the Yoast SEO plugin v27.4 - https:\/\/yoast.com\/product\/yoast-seo-wordpress\/ -->\n<title>Renunci\u00f3 Liliana Guti\u00e9rrez: \u201cMe siento humillada\u201d<\/title>\n<meta name=\"robots\" content=\"index, follow, max-snippet:-1, max-image-preview:large, max-video-preview:-1\" \/>\n<link rel=\"canonical\" href=\"https:\/\/noticiasmercedinas.com\/site\/2019\/06\/05\/renuncio-liliana-gutierrez-me-siento-humillada\/\" \/>\n<meta property=\"og:locale\" content=\"es_ES\" \/>\n<meta property=\"og:type\" content=\"article\" \/>\n<meta property=\"og:title\" content=\"Renunci\u00f3 Liliana Guti\u00e9rrez: \u201cMe siento humillada\u201d\" \/>\n<meta property=\"og:description\" content=\"\u201cRenunci\u00e9 por una cuesti\u00f3n de dignidad\u201d, explic\u00f3 Liliana Guti\u00e9rrez, ahora ex secretaria general de la Asociaci\u00f3n de Trabajadores Municipales de Mercedes (ATMM), para explicar su \u201cpaso al costado\u201d del sindicato que conduce desde 2005. En di\u00e1logo con NOTICIASMERCEDINAS.COM, la dirigente gremial inform\u00f3 que tambi\u00e9n dej\u00f3 el cargo de secretaria de la Mujer de la Federaci\u00f3n [&hellip;]\" \/>\n<meta property=\"og:url\" content=\"https:\/\/noticiasmercedinas.com\/site\/2019\/06\/05\/renuncio-liliana-gutierrez-me-siento-humillada\/\" \/>\n<meta property=\"og:site_name\" content=\"NOTICIASMERCEDINAS.COM\" \/>\n<meta property=\"article:publisher\" content=\"https:\/\/www.facebook.com\/noticiasmercedinas\/\" \/>\n<meta property=\"article:published_time\" content=\"2019-06-05T21:23:31+00:00\" \/>\n<meta property=\"article:modified_time\" content=\"2019-06-05T22:43:09+00:00\" \/>\n<meta property=\"og:image\" content=\"https:\/\/noticiasmercedinas.com\/site\/wp-content\/uploads\/2019\/06\/gonzalez_liliana.png\" \/>\n\t<meta property=\"og:image:width\" content=\"640\" \/>\n\t<meta property=\"og:image:height\" content=\"436\" \/>\n\t<meta property=\"og:image:type\" content=\"image\/png\" \/>\n<meta name=\"author\" content=\"NOTICIASMERCEDINAS.COM\" \/>\n<meta name=\"twitter:card\" content=\"summary_large_image\" \/>\n<meta name=\"twitter:creator\" content=\"@notmercedinas\" \/>\n<meta name=\"twitter:site\" content=\"@notmercedinas\" \/>\n<meta name=\"twitter:label1\" content=\"Escrito por\" \/>\n\t<meta name=\"twitter:data1\" content=\"NOTICIASMERCEDINAS.COM\" \/>\n\t<meta name=\"twitter:label2\" content=\"Tiempo de lectura\" \/>\n\t<meta name=\"twitter:data2\" content=\"1 minuto\" \/>\n<script type=\"application\/ld+json\" class=\"yoast-schema-graph\">{\"@context\":\"https:\\\/\\\/schema.org\",\"@graph\":[{\"@type\":\"Article\",\"@id\":\"https:\\\/\\\/noticiasmercedinas.com\\\/site\\\/2019\\\/06\\\/05\\\/renuncio-liliana-gutierrez-me-siento-humillada\\\/#article\",\"isPartOf\":{\"@id\":\"https:\\\/\\\/noticiasmercedinas.com\\\/site\\\/2019\\\/06\\\/05\\\/renuncio-liliana-gutierrez-me-siento-humillada\\\/\"},\"author\":{\"name\":\"NOTICIASMERCEDINAS.COM\",\"@id\":\"https:\\\/\\\/noticiasmercedinas.com\\\/site\\\/#\\\/schema\\\/person\\\/84b59c099c28ff2e8b77d4ceec5d8063\"},\"headline\":\"Renunci\u00f3 Liliana Guti\u00e9rrez: \u201cMe siento humillada\u201d\",\"datePublished\":\"2019-06-05T21:23:31+00:00\",\"dateModified\":\"2019-06-05T22:43:09+00:00\",\"mainEntityOfPage\":{\"@id\":\"https:\\\/\\\/noticiasmercedinas.com\\\/site\\\/2019\\\/06\\\/05\\\/renuncio-liliana-gutierrez-me-siento-humillada\\\/\"},\"wordCount\":283,\"commentCount\":0,\"publisher\":{\"@id\":\"https:\\\/\\\/noticiasmercedinas.com\\\/site\\\/#organization\"},\"image\":{\"@id\":\"https:\\\/\\\/noticiasmercedinas.com\\\/site\\\/2019\\\/06\\\/05\\\/renuncio-liliana-gutierrez-me-siento-humillada\\\/#primaryimage\"},\"thumbnailUrl\":\"https:\\\/\\\/noticiasmercedinas.com\\\/site\\\/wp-content\\\/uploads\\\/2019\\\/06\\\/gonzalez_liliana.png\",\"keywords\":[\"Alejandra Santana\",\"Asociaci\u00f3n de Trabajadores Municipales de Mercedes\",\"Federaci\u00f3n de Sindicatos de Trabajadores Municipales de la Provincia\",\"liliana gutierrez\"],\"articleSection\":[\"Sociedad\"],\"inLanguage\":\"es\",\"potentialAction\":[{\"@type\":\"CommentAction\",\"name\":\"Comment\",\"target\":[\"https:\\\/\\\/noticiasmercedinas.com\\\/site\\\/2019\\\/06\\\/05\\\/renuncio-liliana-gutierrez-me-siento-humillada\\\/#respond\"]}]},{\"@type\":\"WebPage\",\"@id\":\"https:\\\/\\\/noticiasmercedinas.com\\\/site\\\/2019\\\/06\\\/05\\\/renuncio-liliana-gutierrez-me-siento-humillada\\\/\",\"url\":\"https:\\\/\\\/noticiasmercedinas.com\\\/site\\\/2019\\\/06\\\/05\\\/renuncio-liliana-gutierrez-me-siento-humillada\\\/\",\"name\":\"Renunci\u00f3 Liliana Guti\u00e9rrez: \u201cMe siento humillada\u201d\",\"isPartOf\":{\"@id\":\"https:\\\/\\\/noticiasmercedinas.com\\\/site\\\/#website\"},\"primaryImageOfPage\":{\"@id\":\"https:\\\/\\\/noticiasmercedinas.com\\\/site\\\/2019\\\/06\\\/05\\\/renuncio-liliana-gutierrez-me-siento-humillada\\\/#primaryimage\"},\"image\":{\"@id\":\"https:\\\/\\\/noticiasmercedinas.com\\\/site\\\/2019\\\/06\\\/05\\\/renuncio-liliana-gutierrez-me-siento-humillada\\\/#primaryimage\"},\"thumbnailUrl\":\"https:\\\/\\\/noticiasmercedinas.com\\\/site\\\/wp-content\\\/uploads\\\/2019\\\/06\\\/gonzalez_liliana.png\",\"datePublished\":\"2019-06-05T21:23:31+00:00\",\"dateModified\":\"2019-06-05T22:43:09+00:00\",\"breadcrumb\":{\"@id\":\"https:\\\/\\\/noticiasmercedinas.com\\\/site\\\/2019\\\/06\\\/05\\\/renuncio-liliana-gutierrez-me-siento-humillada\\\/#breadcrumb\"},\"inLanguage\":\"es\",\"potentialAction\":[{\"@type\":\"ReadAction\",\"target\":[\"https:\\\/\\\/noticiasmercedinas.com\\\/site\\\/2019\\\/06\\\/05\\\/renuncio-liliana-gutierrez-me-siento-humillada\\\/\"]}]},{\"@type\":\"ImageObject\",\"inLanguage\":\"es\",\"@id\":\"https:\\\/\\\/noticiasmercedinas.com\\\/site\\\/2019\\\/06\\\/05\\\/renuncio-liliana-gutierrez-me-siento-humillada\\\/#primaryimage\",\"url\":\"https:\\\/\\\/noticiasmercedinas.com\\\/site\\\/wp-content\\\/uploads\\\/2019\\\/06\\\/gonzalez_liliana.png\",\"contentUrl\":\"https:\\\/\\\/noticiasmercedinas.com\\\/site\\\/wp-content\\\/uploads\\\/2019\\\/06\\\/gonzalez_liliana.png\",\"width\":640,\"height\":436},{\"@type\":\"BreadcrumbList\",\"@id\":\"https:\\\/\\\/noticiasmercedinas.com\\\/site\\\/2019\\\/06\\\/05\\\/renuncio-liliana-gutierrez-me-siento-humillada\\\/#breadcrumb\",\"itemListElement\":[{\"@type\":\"ListItem\",\"position\":1,\"name\":\"Portada\",\"item\":\"https:\\\/\\\/noticiasmercedinas.com\\\/site\\\/\"},{\"@type\":\"ListItem\",\"position\":2,\"name\":\"Renunci\u00f3 Liliana Guti\u00e9rrez: \u201cMe siento humillada\u201d\"}]},{\"@type\":\"WebSite\",\"@id\":\"https:\\\/\\\/noticiasmercedinas.com\\\/site\\\/#website\",\"url\":\"https:\\\/\\\/noticiasmercedinas.com\\\/site\\\/\",\"name\":\"NOTICIASMERCEDINAS.COM\",\"description\":\"Mercedes, Buenos Aires, Argentina\",\"publisher\":{\"@id\":\"https:\\\/\\\/noticiasmercedinas.com\\\/site\\\/#organization\"},\"potentialAction\":[{\"@type\":\"SearchAction\",\"target\":{\"@type\":\"EntryPoint\",\"urlTemplate\":\"https:\\\/\\\/noticiasmercedinas.com\\\/site\\\/?s={search_term_string}\"},\"query-input\":{\"@type\":\"PropertyValueSpecification\",\"valueRequired\":true,\"valueName\":\"search_term_string\"}}],\"inLanguage\":\"es\"},{\"@type\":\"Organization\",\"@id\":\"https:\\\/\\\/noticiasmercedinas.com\\\/site\\\/#organization\",\"name\":\"NOTICIASMERCEDINAS.COM\",\"url\":\"https:\\\/\\\/noticiasmercedinas.com\\\/site\\\/\",\"logo\":{\"@type\":\"ImageObject\",\"inLanguage\":\"es\",\"@id\":\"https:\\\/\\\/noticiasmercedinas.com\\\/site\\\/#\\\/schema\\\/logo\\\/image\\\/\",\"url\":\"https:\\\/\\\/noticiasmercedinas.com\\\/site\\\/wp-content\\\/uploads\\\/2020\\\/06\\\/LOGO-512.jpg\",\"contentUrl\":\"https:\\\/\\\/noticiasmercedinas.com\\\/site\\\/wp-content\\\/uploads\\\/2020\\\/06\\\/LOGO-512.jpg\",\"width\":512,\"height\":512,\"caption\":\"NOTICIASMERCEDINAS.COM\"},\"image\":{\"@id\":\"https:\\\/\\\/noticiasmercedinas.com\\\/site\\\/#\\\/schema\\\/logo\\\/image\\\/\"},\"sameAs\":[\"https:\\\/\\\/www.facebook.com\\\/noticiasmercedinas\\\/\",\"https:\\\/\\\/x.com\\\/notmercedinas\",\"https:\\\/\\\/www.instagram.com\\\/noticiasmercedinas\\\/\"]},{\"@type\":\"Person\",\"@id\":\"https:\\\/\\\/noticiasmercedinas.com\\\/site\\\/#\\\/schema\\\/person\\\/84b59c099c28ff2e8b77d4ceec5d8063\",\"name\":\"NOTICIASMERCEDINAS.COM\",\"image\":{\"@type\":\"ImageObject\",\"inLanguage\":\"es\",\"@id\":\"https:\\\/\\\/secure.gravatar.com\\\/avatar\\\/4dfbf16b4d17945bfb6341b2d19043457132fcf478a5ee04f42e959fd8f5df0a?s=96&d=mm&r=g\",\"url\":\"https:\\\/\\\/secure.gravatar.com\\\/avatar\\\/4dfbf16b4d17945bfb6341b2d19043457132fcf478a5ee04f42e959fd8f5df0a?s=96&d=mm&r=g\",\"contentUrl\":\"https:\\\/\\\/secure.gravatar.com\\\/avatar\\\/4dfbf16b4d17945bfb6341b2d19043457132fcf478a5ee04f42e959fd8f5df0a?s=96&d=mm&r=g\",\"caption\":\"NOTICIASMERCEDINAS.COM\"},\"url\":\"https:\\\/\\\/noticiasmercedinas.com\\\/site\\\/author\\\/anonimo\\\/\"}]}<\/script>\n<!-- \/ Yoast SEO plugin. -->","yoast_head_json":{"title":"Renunci\u00f3 Liliana Guti\u00e9rrez: \u201cMe siento humillada\u201d","robots":{"index":"index","follow":"follow","max-snippet":"max-snippet:-1","max-image-preview":"max-image-preview:large","max-video-preview":"max-video-preview:-1"},"canonical":"https:\/\/noticiasmercedinas.com\/site\/2019\/06\/05\/renuncio-liliana-gutierrez-me-siento-humillada\/","og_locale":"es_ES","og_type":"article","og_title":"Renunci\u00f3 Liliana Guti\u00e9rrez: \u201cMe siento humillada\u201d","og_description":"\u201cRenunci\u00e9 por una cuesti\u00f3n de dignidad\u201d, explic\u00f3 Liliana Guti\u00e9rrez, ahora ex secretaria general de la Asociaci\u00f3n de Trabajadores Municipales de Mercedes (ATMM), para explicar su \u201cpaso al costado\u201d del sindicato que conduce desde 2005. En di\u00e1logo con NOTICIASMERCEDINAS.COM, la dirigente gremial inform\u00f3 que tambi\u00e9n dej\u00f3 el cargo de secretaria de la Mujer de la Federaci\u00f3n [&hellip;]","og_url":"https:\/\/noticiasmercedinas.com\/site\/2019\/06\/05\/renuncio-liliana-gutierrez-me-siento-humillada\/","og_site_name":"NOTICIASMERCEDINAS.COM","article_publisher":"https:\/\/www.facebook.com\/noticiasmercedinas\/","article_published_time":"2019-06-05T21:23:31+00:00","article_modified_time":"2019-06-05T22:43:09+00:00","og_image":[{"width":640,"height":436,"url":"https:\/\/noticiasmercedinas.com\/site\/wp-content\/uploads\/2019\/06\/gonzalez_liliana.png","type":"image\/png"}],"author":"NOTICIASMERCEDINAS.COM","twitter_card":"summary_large_image","twitter_creator":"@notmercedinas","twitter_site":"@notmercedinas","twitter_misc":{"Escrito por":"NOTICIASMERCEDINAS.COM","Tiempo de lectura":"1 minuto"},"schema":{"@context":"https:\/\/schema.org","@graph":[{"@type":"Article","@id":"https:\/\/noticiasmercedinas.com\/site\/2019\/06\/05\/renuncio-liliana-gutierrez-me-siento-humillada\/#article","isPartOf":{"@id":"https:\/\/noticiasmercedinas.com\/site\/2019\/06\/05\/renuncio-liliana-gutierrez-me-siento-humillada\/"},"author":{"name":"NOTICIASMERCEDINAS.COM","@id":"https:\/\/noticiasmercedinas.com\/site\/#\/schema\/person\/84b59c099c28ff2e8b77d4ceec5d8063"},"headline":"Renunci\u00f3 Liliana Guti\u00e9rrez: \u201cMe siento humillada\u201d","datePublished":"2019-06-05T21:23:31+00:00","dateModified":"2019-06-05T22:43:09+00:00","mainEntityOfPage":{"@id":"https:\/\/noticiasmercedinas.com\/site\/2019\/06\/05\/renuncio-liliana-gutierrez-me-siento-humillada\/"},"wordCount":283,"commentCount":0,"publisher":{"@id":"https:\/\/noticiasmercedinas.com\/site\/#organization"},"image":{"@id":"https:\/\/noticiasmercedinas.com\/site\/2019\/06\/05\/renuncio-liliana-gutierrez-me-siento-humillada\/#primaryimage"},"thumbnailUrl":"https:\/\/noticiasmercedinas.com\/site\/wp-content\/uploads\/2019\/06\/gonzalez_liliana.png","keywords":["Alejandra Santana","Asociaci\u00f3n de Trabajadores Municipales de Mercedes","Federaci\u00f3n de Sindicatos de Trabajadores Municipales de la Provincia","liliana gutierrez"],"articleSection":["Sociedad"],"inLanguage":"es","potentialAction":[{"@type":"CommentAction","name":"Comment","target":["https:\/\/noticiasmercedinas.com\/site\/2019\/06\/05\/renuncio-liliana-gutierrez-me-siento-humillada\/#respond"]}]},{"@type":"WebPage","@id":"https:\/\/noticiasmercedinas.com\/site\/2019\/06\/05\/renuncio-liliana-gutierrez-me-siento-humillada\/","url":"https:\/\/noticiasmercedinas.com\/site\/2019\/06\/05\/renuncio-liliana-gutierrez-me-siento-humillada\/","name":"Renunci\u00f3 Liliana Guti\u00e9rrez: \u201cMe siento humillada\u201d","isPartOf":{"@id":"https:\/\/noticiasmercedinas.com\/site\/#website"},"primaryImageOfPage":{"@id":"https:\/\/noticiasmercedinas.com\/site\/2019\/06\/05\/renuncio-liliana-gutierrez-me-siento-humillada\/#primaryimage"},"image":{"@id":"https:\/\/noticiasmercedinas.com\/site\/2019\/06\/05\/renuncio-liliana-gutierrez-me-siento-humillada\/#primaryimage"},"thumbnailUrl":"https:\/\/noticiasmercedinas.com\/site\/wp-content\/uploads\/2019\/06\/gonzalez_liliana.png","datePublished":"2019-06-05T21:23:31+00:00","dateModified":"2019-06-05T22:43:09+00:00","breadcrumb":{"@id":"https:\/\/noticiasmercedinas.com\/site\/2019\/06\/05\/renuncio-liliana-gutierrez-me-siento-humillada\/#breadcrumb"},"inLanguage":"es","potentialAction":[{"@type":"ReadAction","target":["https:\/\/noticiasmercedinas.com\/site\/2019\/06\/05\/renuncio-liliana-gutierrez-me-siento-humillada\/"]}]},{"@type":"ImageObject","inLanguage":"es","@id":"https:\/\/noticiasmercedinas.com\/site\/2019\/06\/05\/renuncio-liliana-gutierrez-me-siento-humillada\/#primaryimage","url":"https:\/\/noticiasmercedinas.com\/site\/wp-content\/uploads\/2019\/06\/gonzalez_liliana.png","contentUrl":"https:\/\/noticiasmercedinas.com\/site\/wp-content\/uploads\/2019\/06\/gonzalez_liliana.png","width":640,"height":436},{"@type":"BreadcrumbList","@id":"https:\/\/noticiasmercedinas.com\/site\/2019\/06\/05\/renuncio-liliana-gutierrez-me-siento-humillada\/#breadcrumb","itemListElement":[{"@type":"ListItem","position":1,"name":"Portada","item":"https:\/\/noticiasmercedinas.com\/site\/"},{"@type":"ListItem","position":2,"name":"Renunci\u00f3 Liliana Guti\u00e9rrez: \u201cMe siento humillada\u201d"}]},{"@type":"WebSite","@id":"https:\/\/noticiasmercedinas.com\/site\/#website","url":"https:\/\/noticiasmercedinas.com\/site\/","name":"NOTICIASMERCEDINAS.COM","description":"Mercedes, Buenos Aires, Argentina","publisher":{"@id":"https:\/\/noticiasmercedinas.com\/site\/#organization"},"potentialAction":[{"@type":"SearchAction","target":{"@type":"EntryPoint","urlTemplate":"https:\/\/noticiasmercedinas.com\/site\/?s={search_term_string}"},"query-input":{"@type":"PropertyValueSpecification","valueRequired":true,"valueName":"search_term_string"}}],"inLanguage":"es"},{"@type":"Organization","@id":"https:\/\/noticiasmercedinas.com\/site\/#organization","name":"NOTICIASMERCEDINAS.COM","url":"https:\/\/noticiasmercedinas.com\/site\/","logo":{"@type":"ImageObject","inLanguage":"es","@id":"https:\/\/noticiasmercedinas.com\/site\/#\/schema\/logo\/image\/","url":"https:\/\/noticiasmercedinas.com\/site\/wp-content\/uploads\/2020\/06\/LOGO-512.jpg","contentUrl":"https:\/\/noticiasmercedinas.com\/site\/wp-content\/uploads\/2020\/06\/LOGO-512.jpg","width":512,"height":512,"caption":"NOTICIASMERCEDINAS.COM"},"image":{"@id":"https:\/\/noticiasmercedinas.com\/site\/#\/schema\/logo\/image\/"},"sameAs":["https:\/\/www.facebook.com\/noticiasmercedinas\/","https:\/\/x.com\/notmercedinas","https:\/\/www.instagram.com\/noticiasmercedinas\/"]},{"@type":"Person","@id":"https:\/\/noticiasmercedinas.com\/site\/#\/schema\/person\/84b59c099c28ff2e8b77d4ceec5d8063","name":"NOTICIASMERCEDINAS.COM","image":{"@type":"ImageObject","inLanguage":"es","@id":"https:\/\/secure.gravatar.com\/avatar\/4dfbf16b4d17945bfb6341b2d19043457132fcf478a5ee04f42e959fd8f5df0a?s=96&d=mm&r=g","url":"https:\/\/secure.gravatar.com\/avatar\/4dfbf16b4d17945bfb6341b2d19043457132fcf478a5ee04f42e959fd8f5df0a?s=96&d=mm&r=g","contentUrl":"https:\/\/secure.gravatar.com\/avatar\/4dfbf16b4d17945bfb6341b2d19043457132fcf478a5ee04f42e959fd8f5df0a?s=96&d=mm&r=g","caption":"NOTICIASMERCEDINAS.COM"},"url":"https:\/\/noticiasmercedinas.com\/site\/author\/anonimo\/"}]}},"amp_enabled":true,"_links":{"self":[{"href":"https:\/\/noticiasmercedinas.com\/site\/wp-json\/wp\/v2\/posts\/20669","targetHints":{"allow":["GET"]}}],"collection":[{"href":"https:\/\/noticiasmercedinas.com\/site\/wp-json\/wp\/v2\/posts"}],"about":[{"href":"https:\/\/noticiasmercedinas.com\/site\/wp-json\/wp\/v2\/types\/post"}],"author":[{"embeddable":true,"href":"https:\/\/noticiasmercedinas.com\/site\/wp-json\/wp\/v2\/users\/16"}],"replies":[{"embeddable":true,"href":"https:\/\/noticiasmercedinas.com\/site\/wp-json\/wp\/v2\/comments?post=20669"}],"version-history":[{"count":3,"href":"https:\/\/noticiasmercedinas.com\/site\/wp-json\/wp\/v2\/posts\/20669\/revisions"}],"predecessor-version":[{"id":20673,"href":"https:\/\/noticiasmercedinas.com\/site\/wp-json\/wp\/v2\/posts\/20669\/revisions\/20673"}],"wp:featuredmedia":[{"embeddable":true,"href":"https:\/\/noticiasmercedinas.com\/site\/wp-json\/wp\/v2\/media\/20670"}],"wp:attachment":[{"href":"https:\/\/noticiasmercedinas.com\/site\/wp-json\/wp\/v2\/media?parent=20669"}],"wp:term":[{"taxonomy":"category","embeddable":true,"href":"https:\/\/noticiasmercedinas.com\/site\/wp-json\/wp\/v2\/categories?post=20669"},{"taxonomy":"post_tag","embeddable":true,"href":"https:\/\/noticiasmercedinas.com\/site\/wp-json\/wp\/v2\/tags?post=20669"}],"curies":[{"name":"wp","href":"https:\/\/api.w.org\/{rel}","templated":true}]}}