{"id":208,"date":"2026-09-02T16:02:03","date_gmt":"2026-09-02T19:02:03","guid":{"rendered":"https:\/\/noticiasmercedinas.com\/site\/?p=208"},"modified":"2026-09-02T16:02:03","modified_gmt":"2026-09-02T19:02:03","slug":"ciclismo-podio-del-equipo-ciudad-de-mercedes-en-rojas","status":"publish","type":"post","link":"https:\/\/noticiasmercedinas.com\/site\/2026\/09\/02\/ciclismo-podio-del-equipo-ciudad-de-mercedes-en-rojas\/","title":{"rendered":"Ciclismo: Podio del Equipo \u00abCiudad de Mercedes\u00bb en Rojas"},"content":{"rendered":"<div dir=\"auto\"><img loading=\"lazy\" decoding=\"async\" class=\"alignnone wp-image-209\" src=\"https:\/\/noticiasmercedinas.com\/site\/wp-content\/uploads\/2026\/09\/790408502_1690906336376463_4929078067064164042_n-300x282.jpg\" alt=\"\" width=\"640\" height=\"601\" srcset=\"https:\/\/noticiasmercedinas.com\/site\/wp-content\/uploads\/2026\/09\/790408502_1690906336376463_4929078067064164042_n-300x282.jpg 300w, https:\/\/noticiasmercedinas.com\/site\/wp-content\/uploads\/2026\/09\/790408502_1690906336376463_4929078067064164042_n-448x420.jpg 448w, https:\/\/noticiasmercedinas.com\/site\/wp-content\/uploads\/2026\/09\/790408502_1690906336376463_4929078067064164042_n.jpg 552w\" sizes=\"auto, (max-width: 640px) 100vw, 640px\" \/><\/div>\n<div dir=\"auto\"><\/div>\n<div class=\"xdj266r x14z9mp xat24cr x1lziwak x1vvkbs x126k92a\">\n<div dir=\"auto\">El \u00faltimo domingo 30 de agosto el ciclismo tuvo a las calles de Rojas (Buenos Aires) una programa de carreras cicl\u00edsticas, retornando el deporte pedal a una localidad donde com\u00fanmente sol\u00eda pasar la Doble Bragado.<\/div>\n<\/div>\n<div class=\"x14z9mp xat24cr x1lziwak x1vvkbs xtlvy1s x126k92a\">\n<div dir=\"auto\"><\/div>\n<div dir=\"auto\">En la categor\u00eda Aficionados Mayores tom\u00f3 parte el equipo Ciudad de Mercedes, con clasificaci\u00f3n del sampedrino Paz, que ya ven\u00eda de ser podio en Luj\u00e1n.<\/div>\n<div dir=\"auto\"><\/div>\n<div dir=\"auto\">En el mismo lote qued\u00f3 muy cerca el mercedino Pablo Gallardi, buscando sus chances en la definici\u00f3n.<\/div>\n<div dir=\"auto\"><\/div>\n<div dir=\"auto\">Otros en largar fueron el mercedino Juan Antini y el sampedrino Esteban Olivo, de esta manera la formaci\u00f3n sigue teniendo presencia y resultados en una amplia regi\u00f3n, saliendo de los tradicionales circuito de la temporada invernal.<\/div>\n<\/div>\n<div class=\"x14z9mp xat24cr x1lziwak x1vvkbs xtlvy1s x126k92a\">\n<div dir=\"auto\"><\/div>\n<div dir=\"auto\"><strong>Aficionados Mayores<\/strong><\/div>\n<div dir=\"auto\">1\u00b0 Sergio Vargas.<\/div>\n<div dir=\"auto\">2\u00b0 Ruben G\u00f3mez.<\/div>\n<div dir=\"auto\">3\u00b0 H\u00e9ctor G\u00f3mez.<\/div>\n<div dir=\"auto\">4\u00b0 Jos\u00e9 Ram\u00f3n Paz (Ciudad de Mercedes).<\/div>\n<div dir=\"auto\">5\u00b0 Gast\u00f3n Blaiotta<\/div>\n<\/div>\n","protected":false},"excerpt":{"rendered":"<p>\u25a0 En la categor\u00eda Aficionados Mayores tom\u00f3 parte el equipo Ciudad de Mercedes, con clasificaci\u00f3n del sampedrino Paz, que ya ven\u00eda de ser podio en Luj\u00e1n.<\/p>\n","protected":false},"author":1,"featured_media":209,"comment_status":"open","ping_status":"open","sticky":false,"template":"","format":"standard","meta":{"footnotes":""},"categories":[21],"tags":[35],"class_list":["post-208","post","type-post","status-publish","format-standard","has-post-thumbnail","hentry","category-deportes","tag-cliclismo"],"yoast_head":"<!-- This site is optimized with the Yoast SEO plugin v28.4 - https:\/\/yoast.com\/product\/yoast-seo-wordpress\/ -->\n<title>Ciclismo: Podio del Equipo &quot;Ciudad de Mercedes&quot; en Rojas - Noticias Mercedinas<\/title>\n<meta name=\"robots\" content=\"index, follow, max-snippet:-1, max-image-preview:large, max-video-preview:-1\" \/>\n<link rel=\"canonical\" href=\"https:\/\/noticiasmercedinas.com\/site\/2026\/09\/02\/ciclismo-podio-del-equipo-ciudad-de-mercedes-en-rojas\/\" \/>\n<meta property=\"og:locale\" content=\"es_ES\" \/>\n<meta property=\"og:type\" content=\"article\" \/>\n<meta property=\"og:title\" content=\"Ciclismo: Podio del Equipo &quot;Ciudad de Mercedes&quot; en Rojas - Noticias Mercedinas\" \/>\n<meta property=\"og:description\" content=\"\u25a0 En la categor\u00eda Aficionados Mayores tom\u00f3 parte el equipo Ciudad de Mercedes, con clasificaci\u00f3n del sampedrino Paz, que ya ven\u00eda de ser podio en Luj\u00e1n.\" \/>\n<meta property=\"og:url\" content=\"https:\/\/noticiasmercedinas.com\/site\/2026\/09\/02\/ciclismo-podio-del-equipo-ciudad-de-mercedes-en-rojas\/\" \/>\n<meta property=\"og:site_name\" content=\"Noticias Mercedinas\" \/>\n<meta property=\"article:published_time\" content=\"2026-09-02T19:02:03+00:00\" \/>\n<meta property=\"og:image\" content=\"https:\/\/noticiasmercedinas.com\/site\/wp-content\/uploads\/2026\/09\/790408502_1690906336376463_4929078067064164042_n.jpg\" \/>\n\t<meta property=\"og:image:width\" content=\"552\" \/>\n\t<meta property=\"og:image:height\" content=\"518\" \/>\n\t<meta property=\"og:image:type\" content=\"image\/jpeg\" \/>\n<meta name=\"author\" content=\"Noticias Mercedinas\" \/>\n<meta name=\"twitter:card\" content=\"summary_large_image\" \/>\n<meta name=\"twitter:label1\" content=\"Escrito por\" \/>\n\t<meta name=\"twitter:data1\" content=\"Noticias Mercedinas\" \/>\n\t<meta name=\"twitter:label2\" content=\"Tiempo de lectura\" \/>\n\t<meta name=\"twitter:data2\" content=\"1 minuto\" \/>\n<script type=\"application\/ld+json\" class=\"yoast-schema-graph\">{\"@context\":\"https:\\\/\\\/schema.org\",\"@graph\":[{\"@type\":\"Article\",\"@id\":\"https:\\\/\\\/noticiasmercedinas.com\\\/site\\\/2026\\\/09\\\/02\\\/ciclismo-podio-del-equipo-ciudad-de-mercedes-en-rojas\\\/#article\",\"isPartOf\":{\"@id\":\"https:\\\/\\\/noticiasmercedinas.com\\\/site\\\/2026\\\/09\\\/02\\\/ciclismo-podio-del-equipo-ciudad-de-mercedes-en-rojas\\\/\"},\"author\":{\"name\":\"Noticias Mercedinas\",\"@id\":\"https:\\\/\\\/noticiasmercedinas.com\\\/site\\\/#\\\/schema\\\/person\\\/f72e88bb68f34f14051ca77dd9865f27\"},\"headline\":\"Ciclismo: Podio del Equipo \u00abCiudad de Mercedes\u00bb en Rojas\",\"datePublished\":\"2026-09-02T19:02:03+00:00\",\"mainEntityOfPage\":{\"@id\":\"https:\\\/\\\/noticiasmercedinas.com\\\/site\\\/2026\\\/09\\\/02\\\/ciclismo-podio-del-equipo-ciudad-de-mercedes-en-rojas\\\/\"},\"wordCount\":152,\"commentCount\":0,\"image\":{\"@id\":\"https:\\\/\\\/noticiasmercedinas.com\\\/site\\\/2026\\\/09\\\/02\\\/ciclismo-podio-del-equipo-ciudad-de-mercedes-en-rojas\\\/#primaryimage\"},\"thumbnailUrl\":\"https:\\\/\\\/noticiasmercedinas.com\\\/site\\\/wp-content\\\/uploads\\\/2026\\\/09\\\/790408502_1690906336376463_4929078067064164042_n.jpg\",\"keywords\":[\"cliclismo\"],\"articleSection\":[\"Deportes\"],\"inLanguage\":\"es\",\"potentialAction\":[{\"@type\":\"CommentAction\",\"name\":\"Comment\",\"target\":[\"https:\\\/\\\/noticiasmercedinas.com\\\/site\\\/2026\\\/09\\\/02\\\/ciclismo-podio-del-equipo-ciudad-de-mercedes-en-rojas\\\/#respond\"]}]},{\"@type\":\"WebPage\",\"@id\":\"https:\\\/\\\/noticiasmercedinas.com\\\/site\\\/2026\\\/09\\\/02\\\/ciclismo-podio-del-equipo-ciudad-de-mercedes-en-rojas\\\/\",\"url\":\"https:\\\/\\\/noticiasmercedinas.com\\\/site\\\/2026\\\/09\\\/02\\\/ciclismo-podio-del-equipo-ciudad-de-mercedes-en-rojas\\\/\",\"name\":\"Ciclismo: Podio del Equipo \\\"Ciudad de Mercedes\\\" en Rojas - Noticias Mercedinas\",\"isPartOf\":{\"@id\":\"https:\\\/\\\/noticiasmercedinas.com\\\/site\\\/#website\"},\"primaryImageOfPage\":{\"@id\":\"https:\\\/\\\/noticiasmercedinas.com\\\/site\\\/2026\\\/09\\\/02\\\/ciclismo-podio-del-equipo-ciudad-de-mercedes-en-rojas\\\/#primaryimage\"},\"image\":{\"@id\":\"https:\\\/\\\/noticiasmercedinas.com\\\/site\\\/2026\\\/09\\\/02\\\/ciclismo-podio-del-equipo-ciudad-de-mercedes-en-rojas\\\/#primaryimage\"},\"thumbnailUrl\":\"https:\\\/\\\/noticiasmercedinas.com\\\/site\\\/wp-content\\\/uploads\\\/2026\\\/09\\\/790408502_1690906336376463_4929078067064164042_n.jpg\",\"datePublished\":\"2026-09-02T19:02:03+00:00\",\"author\":{\"@id\":\"https:\\\/\\\/noticiasmercedinas.com\\\/site\\\/#\\\/schema\\\/person\\\/f72e88bb68f34f14051ca77dd9865f27\"},\"breadcrumb\":{\"@id\":\"https:\\\/\\\/noticiasmercedinas.com\\\/site\\\/2026\\\/09\\\/02\\\/ciclismo-podio-del-equipo-ciudad-de-mercedes-en-rojas\\\/#breadcrumb\"},\"inLanguage\":\"es\",\"potentialAction\":[{\"@type\":\"ReadAction\",\"target\":[\"https:\\\/\\\/noticiasmercedinas.com\\\/site\\\/2026\\\/09\\\/02\\\/ciclismo-podio-del-equipo-ciudad-de-mercedes-en-rojas\\\/\"]}]},{\"@type\":\"ImageObject\",\"inLanguage\":\"es\",\"@id\":\"https:\\\/\\\/noticiasmercedinas.com\\\/site\\\/2026\\\/09\\\/02\\\/ciclismo-podio-del-equipo-ciudad-de-mercedes-en-rojas\\\/#primaryimage\",\"url\":\"https:\\\/\\\/noticiasmercedinas.com\\\/site\\\/wp-content\\\/uploads\\\/2026\\\/09\\\/790408502_1690906336376463_4929078067064164042_n.jpg\",\"contentUrl\":\"https:\\\/\\\/noticiasmercedinas.com\\\/site\\\/wp-content\\\/uploads\\\/2026\\\/09\\\/790408502_1690906336376463_4929078067064164042_n.jpg\",\"width\":552,\"height\":518},{\"@type\":\"BreadcrumbList\",\"@id\":\"https:\\\/\\\/noticiasmercedinas.com\\\/site\\\/2026\\\/09\\\/02\\\/ciclismo-podio-del-equipo-ciudad-de-mercedes-en-rojas\\\/#breadcrumb\",\"itemListElement\":[{\"@type\":\"ListItem\",\"position\":1,\"name\":\"Portada\",\"item\":\"https:\\\/\\\/noticiasmercedinas.com\\\/site\\\/\"},{\"@type\":\"ListItem\",\"position\":2,\"name\":\"Ciclismo: Podio del Equipo \u00abCiudad de Mercedes\u00bb en Rojas\"}]},{\"@type\":\"WebSite\",\"@id\":\"https:\\\/\\\/noticiasmercedinas.com\\\/site\\\/#website\",\"url\":\"https:\\\/\\\/noticiasmercedinas.com\\\/site\\\/\",\"name\":\"Noticias Mercedinas\",\"description\":\"\",\"potentialAction\":[{\"@type\":\"SearchAction\",\"target\":{\"@type\":\"EntryPoint\",\"urlTemplate\":\"https:\\\/\\\/noticiasmercedinas.com\\\/site\\\/?s={search_term_string}\"},\"query-input\":{\"@type\":\"PropertyValueSpecification\",\"valueRequired\":true,\"valueName\":\"search_term_string\"}}],\"inLanguage\":\"es\"},{\"@type\":\"Person\",\"@id\":\"https:\\\/\\\/noticiasmercedinas.com\\\/site\\\/#\\\/schema\\\/person\\\/f72e88bb68f34f14051ca77dd9865f27\",\"name\":\"Noticias Mercedinas\",\"image\":{\"@type\":\"ImageObject\",\"inLanguage\":\"es\",\"@id\":\"https:\\\/\\\/secure.gravatar.com\\\/avatar\\\/4dfbf16b4d17945bfb6341b2d19043457132fcf478a5ee04f42e959fd8f5df0a?s=96&d=mm&r=g\",\"url\":\"https:\\\/\\\/secure.gravatar.com\\\/avatar\\\/4dfbf16b4d17945bfb6341b2d19043457132fcf478a5ee04f42e959fd8f5df0a?s=96&d=mm&r=g\",\"contentUrl\":\"https:\\\/\\\/secure.gravatar.com\\\/avatar\\\/4dfbf16b4d17945bfb6341b2d19043457132fcf478a5ee04f42e959fd8f5df0a?s=96&d=mm&r=g\",\"caption\":\"Noticias Mercedinas\"},\"sameAs\":[\"https:\\\/\\\/noticiasmercedinas.com\\\/site\"],\"url\":\"https:\\\/\\\/noticiasmercedinas.com\\\/site\\\/author\\\/chinasky\\\/\"}]}<\/script>\n<!-- \/ Yoast SEO plugin. -->","yoast_head_json":{"title":"Ciclismo: Podio del Equipo \"Ciudad de Mercedes\" en Rojas - Noticias Mercedinas","robots":{"index":"index","follow":"follow","max-snippet":"max-snippet:-1","max-image-preview":"max-image-preview:large","max-video-preview":"max-video-preview:-1"},"canonical":"https:\/\/noticiasmercedinas.com\/site\/2026\/09\/02\/ciclismo-podio-del-equipo-ciudad-de-mercedes-en-rojas\/","og_locale":"es_ES","og_type":"article","og_title":"Ciclismo: Podio del Equipo \"Ciudad de Mercedes\" en Rojas - Noticias Mercedinas","og_description":"\u25a0 En la categor\u00eda Aficionados Mayores tom\u00f3 parte el equipo Ciudad de Mercedes, con clasificaci\u00f3n del sampedrino Paz, que ya ven\u00eda de ser podio en Luj\u00e1n.","og_url":"https:\/\/noticiasmercedinas.com\/site\/2026\/09\/02\/ciclismo-podio-del-equipo-ciudad-de-mercedes-en-rojas\/","og_site_name":"Noticias Mercedinas","article_published_time":"2026-09-02T19:02:03+00:00","og_image":[{"width":552,"height":518,"url":"https:\/\/noticiasmercedinas.com\/site\/wp-content\/uploads\/2026\/09\/790408502_1690906336376463_4929078067064164042_n.jpg","type":"image\/jpeg"}],"author":"Noticias Mercedinas","twitter_card":"summary_large_image","twitter_misc":{"Escrito por":"Noticias Mercedinas","Tiempo de lectura":"1 minuto"},"schema":{"@context":"https:\/\/schema.org","@graph":[{"@type":"Article","@id":"https:\/\/noticiasmercedinas.com\/site\/2026\/09\/02\/ciclismo-podio-del-equipo-ciudad-de-mercedes-en-rojas\/#article","isPartOf":{"@id":"https:\/\/noticiasmercedinas.com\/site\/2026\/09\/02\/ciclismo-podio-del-equipo-ciudad-de-mercedes-en-rojas\/"},"author":{"name":"Noticias Mercedinas","@id":"https:\/\/noticiasmercedinas.com\/site\/#\/schema\/person\/f72e88bb68f34f14051ca77dd9865f27"},"headline":"Ciclismo: Podio del Equipo \u00abCiudad de Mercedes\u00bb en Rojas","datePublished":"2026-09-02T19:02:03+00:00","mainEntityOfPage":{"@id":"https:\/\/noticiasmercedinas.com\/site\/2026\/09\/02\/ciclismo-podio-del-equipo-ciudad-de-mercedes-en-rojas\/"},"wordCount":152,"commentCount":0,"image":{"@id":"https:\/\/noticiasmercedinas.com\/site\/2026\/09\/02\/ciclismo-podio-del-equipo-ciudad-de-mercedes-en-rojas\/#primaryimage"},"thumbnailUrl":"https:\/\/noticiasmercedinas.com\/site\/wp-content\/uploads\/2026\/09\/790408502_1690906336376463_4929078067064164042_n.jpg","keywords":["cliclismo"],"articleSection":["Deportes"],"inLanguage":"es","potentialAction":[{"@type":"CommentAction","name":"Comment","target":["https:\/\/noticiasmercedinas.com\/site\/2026\/09\/02\/ciclismo-podio-del-equipo-ciudad-de-mercedes-en-rojas\/#respond"]}]},{"@type":"WebPage","@id":"https:\/\/noticiasmercedinas.com\/site\/2026\/09\/02\/ciclismo-podio-del-equipo-ciudad-de-mercedes-en-rojas\/","url":"https:\/\/noticiasmercedinas.com\/site\/2026\/09\/02\/ciclismo-podio-del-equipo-ciudad-de-mercedes-en-rojas\/","name":"Ciclismo: Podio del Equipo \"Ciudad de Mercedes\" en Rojas - Noticias Mercedinas","isPartOf":{"@id":"https:\/\/noticiasmercedinas.com\/site\/#website"},"primaryImageOfPage":{"@id":"https:\/\/noticiasmercedinas.com\/site\/2026\/09\/02\/ciclismo-podio-del-equipo-ciudad-de-mercedes-en-rojas\/#primaryimage"},"image":{"@id":"https:\/\/noticiasmercedinas.com\/site\/2026\/09\/02\/ciclismo-podio-del-equipo-ciudad-de-mercedes-en-rojas\/#primaryimage"},"thumbnailUrl":"https:\/\/noticiasmercedinas.com\/site\/wp-content\/uploads\/2026\/09\/790408502_1690906336376463_4929078067064164042_n.jpg","datePublished":"2026-09-02T19:02:03+00:00","author":{"@id":"https:\/\/noticiasmercedinas.com\/site\/#\/schema\/person\/f72e88bb68f34f14051ca77dd9865f27"},"breadcrumb":{"@id":"https:\/\/noticiasmercedinas.com\/site\/2026\/09\/02\/ciclismo-podio-del-equipo-ciudad-de-mercedes-en-rojas\/#breadcrumb"},"inLanguage":"es","potentialAction":[{"@type":"ReadAction","target":["https:\/\/noticiasmercedinas.com\/site\/2026\/09\/02\/ciclismo-podio-del-equipo-ciudad-de-mercedes-en-rojas\/"]}]},{"@type":"ImageObject","inLanguage":"es","@id":"https:\/\/noticiasmercedinas.com\/site\/2026\/09\/02\/ciclismo-podio-del-equipo-ciudad-de-mercedes-en-rojas\/#primaryimage","url":"https:\/\/noticiasmercedinas.com\/site\/wp-content\/uploads\/2026\/09\/790408502_1690906336376463_4929078067064164042_n.jpg","contentUrl":"https:\/\/noticiasmercedinas.com\/site\/wp-content\/uploads\/2026\/09\/790408502_1690906336376463_4929078067064164042_n.jpg","width":552,"height":518},{"@type":"BreadcrumbList","@id":"https:\/\/noticiasmercedinas.com\/site\/2026\/09\/02\/ciclismo-podio-del-equipo-ciudad-de-mercedes-en-rojas\/#breadcrumb","itemListElement":[{"@type":"ListItem","position":1,"name":"Portada","item":"https:\/\/noticiasmercedinas.com\/site\/"},{"@type":"ListItem","position":2,"name":"Ciclismo: Podio del Equipo \u00abCiudad de Mercedes\u00bb en Rojas"}]},{"@type":"WebSite","@id":"https:\/\/noticiasmercedinas.com\/site\/#website","url":"https:\/\/noticiasmercedinas.com\/site\/","name":"Noticias Mercedinas","description":"","potentialAction":[{"@type":"SearchAction","target":{"@type":"EntryPoint","urlTemplate":"https:\/\/noticiasmercedinas.com\/site\/?s={search_term_string}"},"query-input":{"@type":"PropertyValueSpecification","valueRequired":true,"valueName":"search_term_string"}}],"inLanguage":"es"},{"@type":"Person","@id":"https:\/\/noticiasmercedinas.com\/site\/#\/schema\/person\/f72e88bb68f34f14051ca77dd9865f27","name":"Noticias Mercedinas","image":{"@type":"ImageObject","inLanguage":"es","@id":"https:\/\/secure.gravatar.com\/avatar\/4dfbf16b4d17945bfb6341b2d19043457132fcf478a5ee04f42e959fd8f5df0a?s=96&d=mm&r=g","url":"https:\/\/secure.gravatar.com\/avatar\/4dfbf16b4d17945bfb6341b2d19043457132fcf478a5ee04f42e959fd8f5df0a?s=96&d=mm&r=g","contentUrl":"https:\/\/secure.gravatar.com\/avatar\/4dfbf16b4d17945bfb6341b2d19043457132fcf478a5ee04f42e959fd8f5df0a?s=96&d=mm&r=g","caption":"Noticias Mercedinas"},"sameAs":["https:\/\/noticiasmercedinas.com\/site"],"url":"https:\/\/noticiasmercedinas.com\/site\/author\/chinasky\/"}]}},"_links":{"self":[{"href":"https:\/\/noticiasmercedinas.com\/site\/wp-json\/wp\/v2\/posts\/208","targetHints":{"allow":["GET"]}}],"collection":[{"href":"https:\/\/noticiasmercedinas.com\/site\/wp-json\/wp\/v2\/posts"}],"about":[{"href":"https:\/\/noticiasmercedinas.com\/site\/wp-json\/wp\/v2\/types\/post"}],"author":[{"embeddable":true,"href":"https:\/\/noticiasmercedinas.com\/site\/wp-json\/wp\/v2\/users\/1"}],"replies":[{"embeddable":true,"href":"https:\/\/noticiasmercedinas.com\/site\/wp-json\/wp\/v2\/comments?post=208"}],"version-history":[{"count":1,"href":"https:\/\/noticiasmercedinas.com\/site\/wp-json\/wp\/v2\/posts\/208\/revisions"}],"predecessor-version":[{"id":210,"href":"https:\/\/noticiasmercedinas.com\/site\/wp-json\/wp\/v2\/posts\/208\/revisions\/210"}],"wp:featuredmedia":[{"embeddable":true,"href":"https:\/\/noticiasmercedinas.com\/site\/wp-json\/wp\/v2\/media\/209"}],"wp:attachment":[{"href":"https:\/\/noticiasmercedinas.com\/site\/wp-json\/wp\/v2\/media?parent=208"}],"wp:term":[{"taxonomy":"category","embeddable":true,"href":"https:\/\/noticiasmercedinas.com\/site\/wp-json\/wp\/v2\/categories?post=208"},{"taxonomy":"post_tag","embeddable":true,"href":"https:\/\/noticiasmercedinas.com\/site\/wp-json\/wp\/v2\/tags?post=208"}],"curies":[{"name":"wp","href":"https:\/\/api.w.org\/{rel}","templated":true}]}}