{"id":20852,"date":"2019-06-08T11:04:22","date_gmt":"2019-06-08T14:04:22","guid":{"rendered":"https:\/\/noticiasmercedinas.com\/site\/?p=20852"},"modified":"2019-06-08T11:04:22","modified_gmt":"2019-06-08T14:04:22","slug":"descuentos-a-auxiliares-delegados-electos-de-ate-haran-presentacion-al-consejo-escolar","status":"publish","type":"post","link":"https:\/\/noticiasmercedinas.com\/site\/2019\/06\/08\/descuentos-a-auxiliares-delegados-electos-de-ate-haran-presentacion-al-consejo-escolar\/","title":{"rendered":"Descuentos a Auxiliares: delegados electos de ATE har\u00e1n presentaci\u00f3n al Consejo Escolar"},"content":{"rendered":"<p><img loading=\"lazy\" decoding=\"async\" class=\"alignnone size-full wp-image-20853\" src=\"https:\/\/noticiasmercedinas.com\/site\/wp-content\/uploads\/2019\/06\/ee582912-fc01-476b-a600-2f1fc2013afc.jpg\" alt=\"\" width=\"640\" height=\"450\" srcset=\"https:\/\/noticiasmercedinas.com\/site\/wp-content\/uploads\/2019\/06\/ee582912-fc01-476b-a600-2f1fc2013afc.jpg 640w, https:\/\/noticiasmercedinas.com\/site\/wp-content\/uploads\/2019\/06\/ee582912-fc01-476b-a600-2f1fc2013afc-300x211.jpg 300w\" sizes=\"auto, (max-width: 640px) 100vw, 640px\" \/><\/p>\n<p>Durante el dia viernes y a partir del conocimiento de brutales descuentos en el salario de los trabajadores auxiliares de educaci\u00f3n, los reciententemente electos Delegados del sector educaci\u00f3n de ATE, Andrea Scasso y Fabian Solimandi, se reunieron con el Vicepresidente del Consejo Escolar para manifestarle el malestar de los trabajadores y buscar soluciones al respecto. Acordaron la presentaci\u00f3n de notas a la DGCyE para que cese con los descuentos y proceda a la devoluci\u00f3n de los mismos.<\/p>\n<p>Los Delegados de Educaci\u00f3n, integrantes de la Verde y Blanca de ATE, manifestaron que la pol\u00edtica del ministro de Educaci\u00f3n bonaerense, Gabriel S\u00e1nchez Zinny, y de la gobernadora, Mar\u00eda Eugenia Vidal, hacia los trabajadores y trabajadoras de la Educaci\u00f3n viene perjudicando a\u00f1o tras a\u00f1o el salario y su poder adquisitivo, arrojando a la mayor\u00eda por debajo de la l\u00ednea de pobreza.<\/p>\n<p>En el d\u00eda de fecha de cobro de quienes dependen de Educaci\u00f3n, se tom\u00f3 conocimiento de que se han efectuado descuentos por medidas de fuerza, que van de los 4 mil a los 9 mil pesos a trabajadoras y trabajadores auxiliares, obreros de mantenimiento y docentes. En algunos casos los descuentos fueron sobre salarios que rondan los 16 mil pesos.<\/p>\n<p>Frente a esta grave situaci\u00f3n, desde ATE exigen la inmediata devoluci\u00f3n de los descuentos efectuados y el urgente pago de salario para quienes realizan suplencias y mensualizados. \u00abDe lo contrario profundizaremos y realizaremos todas las acciones legales y gremiales necesarias para lograrlo. Vidal y S\u00e1nchez Zinny son los responsables de desprestigiar a la educaci\u00f3n p\u00fablica a trav\u00e9s de sus pol\u00edticas\u00bb, sostuvieron.<\/p>\n<p>Los delegados de educaci\u00f3n, que fueran electos el 9 de mayo, vienen realizando actividades de reclamo frente a diferentes situaciones que sufren los trabajadores del sector, inclusive dentro del mismo gremio, donde se ha presentado una nota para que se les otorguen los permisos gremiales que les corresponden por haber sido electos democr\u00e1ticamente para representar a los trabajadores.<\/p>\n","protected":false},"excerpt":{"rendered":"<p>Durante el dia viernes y a partir del conocimiento de brutales descuentos en el salario de los trabajadores auxiliares de educaci\u00f3n, los reciententemente electos Delegados del sector educaci\u00f3n de ATE, Andrea Scasso y Fabian Solimandi, se reunieron con el Vicepresidente del Consejo Escolar para manifestarle el malestar de los trabajadores y buscar soluciones al respecto. [&hellip;]<\/p>\n","protected":false},"author":16,"featured_media":20853,"comment_status":"open","ping_status":"open","sticky":false,"template":"","format":"standard","meta":{"footnotes":""},"categories":[3],"tags":[125,3361,267,2562,38],"class_list":["post-20852","post","type-post","status-publish","format-standard","has-post-thumbnail","hentry","category-sociedad","tag-ate","tag-auxiliares","tag-consejo-escolar","tag-descuentos","tag-educacion"],"yoast_head":"<!-- This site is optimized with the Yoast SEO plugin v27.5 - https:\/\/yoast.com\/product\/yoast-seo-wordpress\/ -->\n<title>Descuentos a Auxiliares: delegados electos de ATE har\u00e1n presentaci\u00f3n al Consejo Escolar<\/title>\n<meta name=\"robots\" content=\"index, follow, max-snippet:-1, max-image-preview:large, max-video-preview:-1\" \/>\n<link rel=\"canonical\" href=\"https:\/\/noticiasmercedinas.com\/site\/2019\/06\/08\/descuentos-a-auxiliares-delegados-electos-de-ate-haran-presentacion-al-consejo-escolar\/\" \/>\n<meta property=\"og:locale\" content=\"es_ES\" \/>\n<meta property=\"og:type\" content=\"article\" \/>\n<meta property=\"og:title\" content=\"Descuentos a Auxiliares: delegados electos de ATE har\u00e1n presentaci\u00f3n al Consejo Escolar\" \/>\n<meta property=\"og:description\" content=\"Durante el dia viernes y a partir del conocimiento de brutales descuentos en el salario de los trabajadores auxiliares de educaci\u00f3n, los reciententemente electos Delegados del sector educaci\u00f3n de ATE, Andrea Scasso y Fabian Solimandi, se reunieron con el Vicepresidente del Consejo Escolar para manifestarle el malestar de los trabajadores y buscar soluciones al respecto. [&hellip;]\" \/>\n<meta property=\"og:url\" content=\"https:\/\/noticiasmercedinas.com\/site\/2019\/06\/08\/descuentos-a-auxiliares-delegados-electos-de-ate-haran-presentacion-al-consejo-escolar\/\" \/>\n<meta property=\"og:site_name\" content=\"NOTICIASMERCEDINAS.COM\" \/>\n<meta property=\"article:publisher\" content=\"https:\/\/www.facebook.com\/noticiasmercedinas\/\" \/>\n<meta property=\"article:published_time\" content=\"2019-06-08T14:04:22+00:00\" \/>\n<meta property=\"og:image\" content=\"https:\/\/noticiasmercedinas.com\/site\/wp-content\/uploads\/2019\/06\/ee582912-fc01-476b-a600-2f1fc2013afc.jpg\" \/>\n\t<meta property=\"og:image:width\" content=\"640\" \/>\n\t<meta property=\"og:image:height\" content=\"450\" \/>\n\t<meta property=\"og:image:type\" content=\"image\/jpeg\" \/>\n<meta name=\"author\" content=\"NOTICIASMERCEDINAS.COM\" \/>\n<meta name=\"twitter:card\" content=\"summary_large_image\" \/>\n<meta name=\"twitter:creator\" content=\"@notmercedinas\" \/>\n<meta name=\"twitter:site\" content=\"@notmercedinas\" \/>\n<meta name=\"twitter:label1\" content=\"Escrito por\" \/>\n\t<meta name=\"twitter:data1\" content=\"NOTICIASMERCEDINAS.COM\" \/>\n\t<meta name=\"twitter:label2\" content=\"Tiempo de lectura\" \/>\n\t<meta name=\"twitter:data2\" content=\"2 minutos\" \/>\n<script type=\"application\/ld+json\" class=\"yoast-schema-graph\">{\"@context\":\"https:\\\/\\\/schema.org\",\"@graph\":[{\"@type\":\"Article\",\"@id\":\"https:\\\/\\\/noticiasmercedinas.com\\\/site\\\/2019\\\/06\\\/08\\\/descuentos-a-auxiliares-delegados-electos-de-ate-haran-presentacion-al-consejo-escolar\\\/#article\",\"isPartOf\":{\"@id\":\"https:\\\/\\\/noticiasmercedinas.com\\\/site\\\/2019\\\/06\\\/08\\\/descuentos-a-auxiliares-delegados-electos-de-ate-haran-presentacion-al-consejo-escolar\\\/\"},\"author\":{\"name\":\"NOTICIASMERCEDINAS.COM\",\"@id\":\"https:\\\/\\\/noticiasmercedinas.com\\\/site\\\/#\\\/schema\\\/person\\\/84b59c099c28ff2e8b77d4ceec5d8063\"},\"headline\":\"Descuentos a Auxiliares: delegados electos de ATE har\u00e1n presentaci\u00f3n al Consejo Escolar\",\"datePublished\":\"2019-06-08T14:04:22+00:00\",\"mainEntityOfPage\":{\"@id\":\"https:\\\/\\\/noticiasmercedinas.com\\\/site\\\/2019\\\/06\\\/08\\\/descuentos-a-auxiliares-delegados-electos-de-ate-haran-presentacion-al-consejo-escolar\\\/\"},\"wordCount\":352,\"commentCount\":0,\"publisher\":{\"@id\":\"https:\\\/\\\/noticiasmercedinas.com\\\/site\\\/#organization\"},\"image\":{\"@id\":\"https:\\\/\\\/noticiasmercedinas.com\\\/site\\\/2019\\\/06\\\/08\\\/descuentos-a-auxiliares-delegados-electos-de-ate-haran-presentacion-al-consejo-escolar\\\/#primaryimage\"},\"thumbnailUrl\":\"https:\\\/\\\/noticiasmercedinas.com\\\/site\\\/wp-content\\\/uploads\\\/2019\\\/06\\\/ee582912-fc01-476b-a600-2f1fc2013afc.jpg\",\"keywords\":[\"ate\",\"auxiliares\",\"consejo escolar\",\"descuentos\",\"educacion\"],\"articleSection\":[\"Sociedad\"],\"inLanguage\":\"es\",\"potentialAction\":[{\"@type\":\"CommentAction\",\"name\":\"Comment\",\"target\":[\"https:\\\/\\\/noticiasmercedinas.com\\\/site\\\/2019\\\/06\\\/08\\\/descuentos-a-auxiliares-delegados-electos-de-ate-haran-presentacion-al-consejo-escolar\\\/#respond\"]}]},{\"@type\":\"WebPage\",\"@id\":\"https:\\\/\\\/noticiasmercedinas.com\\\/site\\\/2019\\\/06\\\/08\\\/descuentos-a-auxiliares-delegados-electos-de-ate-haran-presentacion-al-consejo-escolar\\\/\",\"url\":\"https:\\\/\\\/noticiasmercedinas.com\\\/site\\\/2019\\\/06\\\/08\\\/descuentos-a-auxiliares-delegados-electos-de-ate-haran-presentacion-al-consejo-escolar\\\/\",\"name\":\"Descuentos a Auxiliares: delegados electos de ATE har\u00e1n presentaci\u00f3n al Consejo Escolar\",\"isPartOf\":{\"@id\":\"https:\\\/\\\/noticiasmercedinas.com\\\/site\\\/#website\"},\"primaryImageOfPage\":{\"@id\":\"https:\\\/\\\/noticiasmercedinas.com\\\/site\\\/2019\\\/06\\\/08\\\/descuentos-a-auxiliares-delegados-electos-de-ate-haran-presentacion-al-consejo-escolar\\\/#primaryimage\"},\"image\":{\"@id\":\"https:\\\/\\\/noticiasmercedinas.com\\\/site\\\/2019\\\/06\\\/08\\\/descuentos-a-auxiliares-delegados-electos-de-ate-haran-presentacion-al-consejo-escolar\\\/#primaryimage\"},\"thumbnailUrl\":\"https:\\\/\\\/noticiasmercedinas.com\\\/site\\\/wp-content\\\/uploads\\\/2019\\\/06\\\/ee582912-fc01-476b-a600-2f1fc2013afc.jpg\",\"datePublished\":\"2019-06-08T14:04:22+00:00\",\"breadcrumb\":{\"@id\":\"https:\\\/\\\/noticiasmercedinas.com\\\/site\\\/2019\\\/06\\\/08\\\/descuentos-a-auxiliares-delegados-electos-de-ate-haran-presentacion-al-consejo-escolar\\\/#breadcrumb\"},\"inLanguage\":\"es\",\"potentialAction\":[{\"@type\":\"ReadAction\",\"target\":[\"https:\\\/\\\/noticiasmercedinas.com\\\/site\\\/2019\\\/06\\\/08\\\/descuentos-a-auxiliares-delegados-electos-de-ate-haran-presentacion-al-consejo-escolar\\\/\"]}]},{\"@type\":\"ImageObject\",\"inLanguage\":\"es\",\"@id\":\"https:\\\/\\\/noticiasmercedinas.com\\\/site\\\/2019\\\/06\\\/08\\\/descuentos-a-auxiliares-delegados-electos-de-ate-haran-presentacion-al-consejo-escolar\\\/#primaryimage\",\"url\":\"https:\\\/\\\/noticiasmercedinas.com\\\/site\\\/wp-content\\\/uploads\\\/2019\\\/06\\\/ee582912-fc01-476b-a600-2f1fc2013afc.jpg\",\"contentUrl\":\"https:\\\/\\\/noticiasmercedinas.com\\\/site\\\/wp-content\\\/uploads\\\/2019\\\/06\\\/ee582912-fc01-476b-a600-2f1fc2013afc.jpg\",\"width\":640,\"height\":450},{\"@type\":\"BreadcrumbList\",\"@id\":\"https:\\\/\\\/noticiasmercedinas.com\\\/site\\\/2019\\\/06\\\/08\\\/descuentos-a-auxiliares-delegados-electos-de-ate-haran-presentacion-al-consejo-escolar\\\/#breadcrumb\",\"itemListElement\":[{\"@type\":\"ListItem\",\"position\":1,\"name\":\"Portada\",\"item\":\"https:\\\/\\\/noticiasmercedinas.com\\\/site\\\/\"},{\"@type\":\"ListItem\",\"position\":2,\"name\":\"Descuentos a Auxiliares: delegados electos de ATE har\u00e1n presentaci\u00f3n al Consejo Escolar\"}]},{\"@type\":\"WebSite\",\"@id\":\"https:\\\/\\\/noticiasmercedinas.com\\\/site\\\/#website\",\"url\":\"https:\\\/\\\/noticiasmercedinas.com\\\/site\\\/\",\"name\":\"NOTICIASMERCEDINAS.COM\",\"description\":\"Mercedes, Buenos Aires, Argentina\",\"publisher\":{\"@id\":\"https:\\\/\\\/noticiasmercedinas.com\\\/site\\\/#organization\"},\"potentialAction\":[{\"@type\":\"SearchAction\",\"target\":{\"@type\":\"EntryPoint\",\"urlTemplate\":\"https:\\\/\\\/noticiasmercedinas.com\\\/site\\\/?s={search_term_string}\"},\"query-input\":{\"@type\":\"PropertyValueSpecification\",\"valueRequired\":true,\"valueName\":\"search_term_string\"}}],\"inLanguage\":\"es\"},{\"@type\":\"Organization\",\"@id\":\"https:\\\/\\\/noticiasmercedinas.com\\\/site\\\/#organization\",\"name\":\"NOTICIASMERCEDINAS.COM\",\"url\":\"https:\\\/\\\/noticiasmercedinas.com\\\/site\\\/\",\"logo\":{\"@type\":\"ImageObject\",\"inLanguage\":\"es\",\"@id\":\"https:\\\/\\\/noticiasmercedinas.com\\\/site\\\/#\\\/schema\\\/logo\\\/image\\\/\",\"url\":\"https:\\\/\\\/noticiasmercedinas.com\\\/site\\\/wp-content\\\/uploads\\\/2020\\\/06\\\/LOGO-512.jpg\",\"contentUrl\":\"https:\\\/\\\/noticiasmercedinas.com\\\/site\\\/wp-content\\\/uploads\\\/2020\\\/06\\\/LOGO-512.jpg\",\"width\":512,\"height\":512,\"caption\":\"NOTICIASMERCEDINAS.COM\"},\"image\":{\"@id\":\"https:\\\/\\\/noticiasmercedinas.com\\\/site\\\/#\\\/schema\\\/logo\\\/image\\\/\"},\"sameAs\":[\"https:\\\/\\\/www.facebook.com\\\/noticiasmercedinas\\\/\",\"https:\\\/\\\/x.com\\\/notmercedinas\",\"https:\\\/\\\/www.instagram.com\\\/noticiasmercedinas\\\/\"]},{\"@type\":\"Person\",\"@id\":\"https:\\\/\\\/noticiasmercedinas.com\\\/site\\\/#\\\/schema\\\/person\\\/84b59c099c28ff2e8b77d4ceec5d8063\",\"name\":\"NOTICIASMERCEDINAS.COM\",\"image\":{\"@type\":\"ImageObject\",\"inLanguage\":\"es\",\"@id\":\"https:\\\/\\\/secure.gravatar.com\\\/avatar\\\/4dfbf16b4d17945bfb6341b2d19043457132fcf478a5ee04f42e959fd8f5df0a?s=96&d=mm&r=g\",\"url\":\"https:\\\/\\\/secure.gravatar.com\\\/avatar\\\/4dfbf16b4d17945bfb6341b2d19043457132fcf478a5ee04f42e959fd8f5df0a?s=96&d=mm&r=g\",\"contentUrl\":\"https:\\\/\\\/secure.gravatar.com\\\/avatar\\\/4dfbf16b4d17945bfb6341b2d19043457132fcf478a5ee04f42e959fd8f5df0a?s=96&d=mm&r=g\",\"caption\":\"NOTICIASMERCEDINAS.COM\"},\"url\":\"https:\\\/\\\/noticiasmercedinas.com\\\/site\\\/author\\\/anonimo\\\/\"}]}<\/script>\n<!-- \/ Yoast SEO plugin. -->","yoast_head_json":{"title":"Descuentos a Auxiliares: delegados electos de ATE har\u00e1n presentaci\u00f3n al Consejo Escolar","robots":{"index":"index","follow":"follow","max-snippet":"max-snippet:-1","max-image-preview":"max-image-preview:large","max-video-preview":"max-video-preview:-1"},"canonical":"https:\/\/noticiasmercedinas.com\/site\/2019\/06\/08\/descuentos-a-auxiliares-delegados-electos-de-ate-haran-presentacion-al-consejo-escolar\/","og_locale":"es_ES","og_type":"article","og_title":"Descuentos a Auxiliares: delegados electos de ATE har\u00e1n presentaci\u00f3n al Consejo Escolar","og_description":"Durante el dia viernes y a partir del conocimiento de brutales descuentos en el salario de los trabajadores auxiliares de educaci\u00f3n, los reciententemente electos Delegados del sector educaci\u00f3n de ATE, Andrea Scasso y Fabian Solimandi, se reunieron con el Vicepresidente del Consejo Escolar para manifestarle el malestar de los trabajadores y buscar soluciones al respecto. [&hellip;]","og_url":"https:\/\/noticiasmercedinas.com\/site\/2019\/06\/08\/descuentos-a-auxiliares-delegados-electos-de-ate-haran-presentacion-al-consejo-escolar\/","og_site_name":"NOTICIASMERCEDINAS.COM","article_publisher":"https:\/\/www.facebook.com\/noticiasmercedinas\/","article_published_time":"2019-06-08T14:04:22+00:00","og_image":[{"width":640,"height":450,"url":"https:\/\/noticiasmercedinas.com\/site\/wp-content\/uploads\/2019\/06\/ee582912-fc01-476b-a600-2f1fc2013afc.jpg","type":"image\/jpeg"}],"author":"NOTICIASMERCEDINAS.COM","twitter_card":"summary_large_image","twitter_creator":"@notmercedinas","twitter_site":"@notmercedinas","twitter_misc":{"Escrito por":"NOTICIASMERCEDINAS.COM","Tiempo de lectura":"2 minutos"},"schema":{"@context":"https:\/\/schema.org","@graph":[{"@type":"Article","@id":"https:\/\/noticiasmercedinas.com\/site\/2019\/06\/08\/descuentos-a-auxiliares-delegados-electos-de-ate-haran-presentacion-al-consejo-escolar\/#article","isPartOf":{"@id":"https:\/\/noticiasmercedinas.com\/site\/2019\/06\/08\/descuentos-a-auxiliares-delegados-electos-de-ate-haran-presentacion-al-consejo-escolar\/"},"author":{"name":"NOTICIASMERCEDINAS.COM","@id":"https:\/\/noticiasmercedinas.com\/site\/#\/schema\/person\/84b59c099c28ff2e8b77d4ceec5d8063"},"headline":"Descuentos a Auxiliares: delegados electos de ATE har\u00e1n presentaci\u00f3n al Consejo Escolar","datePublished":"2019-06-08T14:04:22+00:00","mainEntityOfPage":{"@id":"https:\/\/noticiasmercedinas.com\/site\/2019\/06\/08\/descuentos-a-auxiliares-delegados-electos-de-ate-haran-presentacion-al-consejo-escolar\/"},"wordCount":352,"commentCount":0,"publisher":{"@id":"https:\/\/noticiasmercedinas.com\/site\/#organization"},"image":{"@id":"https:\/\/noticiasmercedinas.com\/site\/2019\/06\/08\/descuentos-a-auxiliares-delegados-electos-de-ate-haran-presentacion-al-consejo-escolar\/#primaryimage"},"thumbnailUrl":"https:\/\/noticiasmercedinas.com\/site\/wp-content\/uploads\/2019\/06\/ee582912-fc01-476b-a600-2f1fc2013afc.jpg","keywords":["ate","auxiliares","consejo escolar","descuentos","educacion"],"articleSection":["Sociedad"],"inLanguage":"es","potentialAction":[{"@type":"CommentAction","name":"Comment","target":["https:\/\/noticiasmercedinas.com\/site\/2019\/06\/08\/descuentos-a-auxiliares-delegados-electos-de-ate-haran-presentacion-al-consejo-escolar\/#respond"]}]},{"@type":"WebPage","@id":"https:\/\/noticiasmercedinas.com\/site\/2019\/06\/08\/descuentos-a-auxiliares-delegados-electos-de-ate-haran-presentacion-al-consejo-escolar\/","url":"https:\/\/noticiasmercedinas.com\/site\/2019\/06\/08\/descuentos-a-auxiliares-delegados-electos-de-ate-haran-presentacion-al-consejo-escolar\/","name":"Descuentos a Auxiliares: delegados electos de ATE har\u00e1n presentaci\u00f3n al Consejo Escolar","isPartOf":{"@id":"https:\/\/noticiasmercedinas.com\/site\/#website"},"primaryImageOfPage":{"@id":"https:\/\/noticiasmercedinas.com\/site\/2019\/06\/08\/descuentos-a-auxiliares-delegados-electos-de-ate-haran-presentacion-al-consejo-escolar\/#primaryimage"},"image":{"@id":"https:\/\/noticiasmercedinas.com\/site\/2019\/06\/08\/descuentos-a-auxiliares-delegados-electos-de-ate-haran-presentacion-al-consejo-escolar\/#primaryimage"},"thumbnailUrl":"https:\/\/noticiasmercedinas.com\/site\/wp-content\/uploads\/2019\/06\/ee582912-fc01-476b-a600-2f1fc2013afc.jpg","datePublished":"2019-06-08T14:04:22+00:00","breadcrumb":{"@id":"https:\/\/noticiasmercedinas.com\/site\/2019\/06\/08\/descuentos-a-auxiliares-delegados-electos-de-ate-haran-presentacion-al-consejo-escolar\/#breadcrumb"},"inLanguage":"es","potentialAction":[{"@type":"ReadAction","target":["https:\/\/noticiasmercedinas.com\/site\/2019\/06\/08\/descuentos-a-auxiliares-delegados-electos-de-ate-haran-presentacion-al-consejo-escolar\/"]}]},{"@type":"ImageObject","inLanguage":"es","@id":"https:\/\/noticiasmercedinas.com\/site\/2019\/06\/08\/descuentos-a-auxiliares-delegados-electos-de-ate-haran-presentacion-al-consejo-escolar\/#primaryimage","url":"https:\/\/noticiasmercedinas.com\/site\/wp-content\/uploads\/2019\/06\/ee582912-fc01-476b-a600-2f1fc2013afc.jpg","contentUrl":"https:\/\/noticiasmercedinas.com\/site\/wp-content\/uploads\/2019\/06\/ee582912-fc01-476b-a600-2f1fc2013afc.jpg","width":640,"height":450},{"@type":"BreadcrumbList","@id":"https:\/\/noticiasmercedinas.com\/site\/2019\/06\/08\/descuentos-a-auxiliares-delegados-electos-de-ate-haran-presentacion-al-consejo-escolar\/#breadcrumb","itemListElement":[{"@type":"ListItem","position":1,"name":"Portada","item":"https:\/\/noticiasmercedinas.com\/site\/"},{"@type":"ListItem","position":2,"name":"Descuentos a Auxiliares: delegados electos de ATE har\u00e1n presentaci\u00f3n al Consejo Escolar"}]},{"@type":"WebSite","@id":"https:\/\/noticiasmercedinas.com\/site\/#website","url":"https:\/\/noticiasmercedinas.com\/site\/","name":"NOTICIASMERCEDINAS.COM","description":"Mercedes, Buenos Aires, Argentina","publisher":{"@id":"https:\/\/noticiasmercedinas.com\/site\/#organization"},"potentialAction":[{"@type":"SearchAction","target":{"@type":"EntryPoint","urlTemplate":"https:\/\/noticiasmercedinas.com\/site\/?s={search_term_string}"},"query-input":{"@type":"PropertyValueSpecification","valueRequired":true,"valueName":"search_term_string"}}],"inLanguage":"es"},{"@type":"Organization","@id":"https:\/\/noticiasmercedinas.com\/site\/#organization","name":"NOTICIASMERCEDINAS.COM","url":"https:\/\/noticiasmercedinas.com\/site\/","logo":{"@type":"ImageObject","inLanguage":"es","@id":"https:\/\/noticiasmercedinas.com\/site\/#\/schema\/logo\/image\/","url":"https:\/\/noticiasmercedinas.com\/site\/wp-content\/uploads\/2020\/06\/LOGO-512.jpg","contentUrl":"https:\/\/noticiasmercedinas.com\/site\/wp-content\/uploads\/2020\/06\/LOGO-512.jpg","width":512,"height":512,"caption":"NOTICIASMERCEDINAS.COM"},"image":{"@id":"https:\/\/noticiasmercedinas.com\/site\/#\/schema\/logo\/image\/"},"sameAs":["https:\/\/www.facebook.com\/noticiasmercedinas\/","https:\/\/x.com\/notmercedinas","https:\/\/www.instagram.com\/noticiasmercedinas\/"]},{"@type":"Person","@id":"https:\/\/noticiasmercedinas.com\/site\/#\/schema\/person\/84b59c099c28ff2e8b77d4ceec5d8063","name":"NOTICIASMERCEDINAS.COM","image":{"@type":"ImageObject","inLanguage":"es","@id":"https:\/\/secure.gravatar.com\/avatar\/4dfbf16b4d17945bfb6341b2d19043457132fcf478a5ee04f42e959fd8f5df0a?s=96&d=mm&r=g","url":"https:\/\/secure.gravatar.com\/avatar\/4dfbf16b4d17945bfb6341b2d19043457132fcf478a5ee04f42e959fd8f5df0a?s=96&d=mm&r=g","contentUrl":"https:\/\/secure.gravatar.com\/avatar\/4dfbf16b4d17945bfb6341b2d19043457132fcf478a5ee04f42e959fd8f5df0a?s=96&d=mm&r=g","caption":"NOTICIASMERCEDINAS.COM"},"url":"https:\/\/noticiasmercedinas.com\/site\/author\/anonimo\/"}]}},"amp_enabled":true,"_links":{"self":[{"href":"https:\/\/noticiasmercedinas.com\/site\/wp-json\/wp\/v2\/posts\/20852","targetHints":{"allow":["GET"]}}],"collection":[{"href":"https:\/\/noticiasmercedinas.com\/site\/wp-json\/wp\/v2\/posts"}],"about":[{"href":"https:\/\/noticiasmercedinas.com\/site\/wp-json\/wp\/v2\/types\/post"}],"author":[{"embeddable":true,"href":"https:\/\/noticiasmercedinas.com\/site\/wp-json\/wp\/v2\/users\/16"}],"replies":[{"embeddable":true,"href":"https:\/\/noticiasmercedinas.com\/site\/wp-json\/wp\/v2\/comments?post=20852"}],"version-history":[{"count":1,"href":"https:\/\/noticiasmercedinas.com\/site\/wp-json\/wp\/v2\/posts\/20852\/revisions"}],"predecessor-version":[{"id":20854,"href":"https:\/\/noticiasmercedinas.com\/site\/wp-json\/wp\/v2\/posts\/20852\/revisions\/20854"}],"wp:featuredmedia":[{"embeddable":true,"href":"https:\/\/noticiasmercedinas.com\/site\/wp-json\/wp\/v2\/media\/20853"}],"wp:attachment":[{"href":"https:\/\/noticiasmercedinas.com\/site\/wp-json\/wp\/v2\/media?parent=20852"}],"wp:term":[{"taxonomy":"category","embeddable":true,"href":"https:\/\/noticiasmercedinas.com\/site\/wp-json\/wp\/v2\/categories?post=20852"},{"taxonomy":"post_tag","embeddable":true,"href":"https:\/\/noticiasmercedinas.com\/site\/wp-json\/wp\/v2\/tags?post=20852"}],"curies":[{"name":"wp","href":"https:\/\/api.w.org\/{rel}","templated":true}]}}