{"id":20885,"date":"2019-06-08T21:08:51","date_gmt":"2019-06-09T00:08:51","guid":{"rendered":"https:\/\/noticiasmercedinas.com\/site\/2019\/06\/08\/agrupacion-politica-kirchnerista-se-lanzo-en-la-ciudad\/"},"modified":"2019-06-08T21:08:51","modified_gmt":"2019-06-09T00:08:51","slug":"agrupacion-politica-kirchnerista-se-lanzo-en-la-ciudad","status":"publish","type":"post","link":"https:\/\/noticiasmercedinas.com\/site\/2019\/06\/08\/agrupacion-politica-kirchnerista-se-lanzo-en-la-ciudad\/","title":{"rendered":"Agrupaci\u00f3n pol\u00edtica kirchnerista se lanz\u00f3 en la ciudad"},"content":{"rendered":"<p><img loading=\"lazy\" decoding=\"async\" class=\"wp-image-20880 alignnone size-full\" src=\"https:\/\/noticiasmercedinas.com\/site\/wp-content\/uploads\/2019\/06\/img-20190608-wa00864271021846227833494.jpg\" width=\"1280\" height=\"523\" srcset=\"https:\/\/noticiasmercedinas.com\/site\/wp-content\/uploads\/2019\/06\/img-20190608-wa00864271021846227833494.jpg 1280w, https:\/\/noticiasmercedinas.com\/site\/wp-content\/uploads\/2019\/06\/img-20190608-wa00864271021846227833494-300x123.jpg 300w, https:\/\/noticiasmercedinas.com\/site\/wp-content\/uploads\/2019\/06\/img-20190608-wa00864271021846227833494-768x314.jpg 768w, https:\/\/noticiasmercedinas.com\/site\/wp-content\/uploads\/2019\/06\/img-20190608-wa00864271021846227833494-1024x418.jpg 1024w, https:\/\/noticiasmercedinas.com\/site\/wp-content\/uploads\/2019\/06\/img-20190608-wa00864271021846227833494-640x262.jpg 640w, https:\/\/noticiasmercedinas.com\/site\/wp-content\/uploads\/2019\/06\/img-20190608-wa00864271021846227833494-681x278.jpg 681w\" sizes=\"auto, (max-width: 1280px) 100vw, 1280px\" \/><\/p>\n<p>Hoy se realiz\u00f3, en el Club El Porvenir, el lanzamiento de la Agrupaci\u00f3n Docente Peronista de Mercedes, y el plenario de la Federaci\u00f3n de la Agrupaci\u00f3n Docente Peronista N\u00e9stor Carlos Kirchner.<\/p>\n<p>Estuvieron presentes compa\u00f1eros de los distritos de Matanza, Chivilcoy, General Rodr\u00edguez, Pilar, Merlo, San Mart\u00edn, Malvinas Argentinas, Jos\u00e9 C. Paz, Moreno y Mar del Plata.<\/p>\n<p>Los responsables distritales compartieron una s\u00edntesis de la organizaci\u00f3n en cada distrito.<\/p>\n<p>\u00abNos preparamos para el 1\u00b0 Congreso Pol\u00edtico Pedag\u00f3gico de nuestra Agrupaci\u00f3n que se realizar\u00e1 el pr\u00f3ximo 28 y 29 de junio en Matanza\u00bb, indicaron.<\/p>\n<p>En el encuentro se disfrut\u00f3 de m\u00fasica latinoamericana en vivo a cargo de m\u00fasicos mercedinos. Adem\u00e1s se proyect\u00f3 documental \u00abSororas\u00bb para pensar la construcci\u00f3n del feminismo en clave nacional y popular.<\/p>\n<p>Cerraron el encuentro el compa\u00f1ero Jorge \u00abYuyo\u00bb Montaldo, el presidente de la Federaci\u00f3n Alejandro \u00abChino\u00bb Schvartzman y el intendente de Mercedes Juan Ignacio Ustarroz.<\/p>\n<p>Como record\u00f3 el compa\u00f1ero Walter Rogulich citando a Per\u00f3n: \u00abRenunciar a la pol\u00edtica es renunciar a la lucha y renunciar a la lucha es renunciar a la vida, porque la vida es lucha\u00bb<\/p>\n<p><img loading=\"lazy\" decoding=\"async\" src=\"https:\/\/noticiasmercedinas.com\/site\/wp-content\/uploads\/2019\/06\/img-20190608-wa00917681459698057290730.jpg\" class=\"wp-image-20881 alignnone size-full\" width=\"1040\" height=\"585\" srcset=\"https:\/\/noticiasmercedinas.com\/site\/wp-content\/uploads\/2019\/06\/img-20190608-wa00917681459698057290730.jpg 1040w, https:\/\/noticiasmercedinas.com\/site\/wp-content\/uploads\/2019\/06\/img-20190608-wa00917681459698057290730-300x169.jpg 300w, https:\/\/noticiasmercedinas.com\/site\/wp-content\/uploads\/2019\/06\/img-20190608-wa00917681459698057290730-768x432.jpg 768w, https:\/\/noticiasmercedinas.com\/site\/wp-content\/uploads\/2019\/06\/img-20190608-wa00917681459698057290730-1024x576.jpg 1024w, https:\/\/noticiasmercedinas.com\/site\/wp-content\/uploads\/2019\/06\/img-20190608-wa00917681459698057290730-640x360.jpg 640w, https:\/\/noticiasmercedinas.com\/site\/wp-content\/uploads\/2019\/06\/img-20190608-wa00917681459698057290730-681x383.jpg 681w\" sizes=\"auto, (max-width: 1040px) 100vw, 1040px\" \/><img loading=\"lazy\" decoding=\"async\" src=\"https:\/\/noticiasmercedinas.com\/site\/wp-content\/uploads\/2019\/06\/img-20190608-wa00907566512816450285044.jpg\" class=\"wp-image-20882 alignnone size-full\" width=\"1040\" height=\"780\" srcset=\"https:\/\/noticiasmercedinas.com\/site\/wp-content\/uploads\/2019\/06\/img-20190608-wa00907566512816450285044.jpg 1040w, https:\/\/noticiasmercedinas.com\/site\/wp-content\/uploads\/2019\/06\/img-20190608-wa00907566512816450285044-300x225.jpg 300w, https:\/\/noticiasmercedinas.com\/site\/wp-content\/uploads\/2019\/06\/img-20190608-wa00907566512816450285044-768x576.jpg 768w, https:\/\/noticiasmercedinas.com\/site\/wp-content\/uploads\/2019\/06\/img-20190608-wa00907566512816450285044-1024x768.jpg 1024w, https:\/\/noticiasmercedinas.com\/site\/wp-content\/uploads\/2019\/06\/img-20190608-wa00907566512816450285044-80x60.jpg 80w, https:\/\/noticiasmercedinas.com\/site\/wp-content\/uploads\/2019\/06\/img-20190608-wa00907566512816450285044-160x120.jpg 160w, https:\/\/noticiasmercedinas.com\/site\/wp-content\/uploads\/2019\/06\/img-20190608-wa00907566512816450285044-100x75.jpg 100w, https:\/\/noticiasmercedinas.com\/site\/wp-content\/uploads\/2019\/06\/img-20190608-wa00907566512816450285044-200x150.jpg 200w, https:\/\/noticiasmercedinas.com\/site\/wp-content\/uploads\/2019\/06\/img-20190608-wa00907566512816450285044-180x135.jpg 180w, https:\/\/noticiasmercedinas.com\/site\/wp-content\/uploads\/2019\/06\/img-20190608-wa00907566512816450285044-360x270.jpg 360w, https:\/\/noticiasmercedinas.com\/site\/wp-content\/uploads\/2019\/06\/img-20190608-wa00907566512816450285044-238x178.jpg 238w, https:\/\/noticiasmercedinas.com\/site\/wp-content\/uploads\/2019\/06\/img-20190608-wa00907566512816450285044-476x356.jpg 476w, https:\/\/noticiasmercedinas.com\/site\/wp-content\/uploads\/2019\/06\/img-20190608-wa00907566512816450285044-640x480.jpg 640w, https:\/\/noticiasmercedinas.com\/site\/wp-content\/uploads\/2019\/06\/img-20190608-wa00907566512816450285044-681x511.jpg 681w\" sizes=\"auto, (max-width: 1040px) 100vw, 1040px\" \/><\/p>\n<p><img loading=\"lazy\" decoding=\"async\" src=\"https:\/\/noticiasmercedinas.com\/site\/wp-content\/uploads\/2019\/06\/img-20190608-wa00883017403607378358468.jpg\" class=\"wp-image-20884 alignnone size-full\" width=\"1196\" height=\"1280\" srcset=\"https:\/\/noticiasmercedinas.com\/site\/wp-content\/uploads\/2019\/06\/img-20190608-wa00883017403607378358468.jpg 1196w, https:\/\/noticiasmercedinas.com\/site\/wp-content\/uploads\/2019\/06\/img-20190608-wa00883017403607378358468-280x300.jpg 280w, https:\/\/noticiasmercedinas.com\/site\/wp-content\/uploads\/2019\/06\/img-20190608-wa00883017403607378358468-768x822.jpg 768w, https:\/\/noticiasmercedinas.com\/site\/wp-content\/uploads\/2019\/06\/img-20190608-wa00883017403607378358468-957x1024.jpg 957w, https:\/\/noticiasmercedinas.com\/site\/wp-content\/uploads\/2019\/06\/img-20190608-wa00883017403607378358468-640x685.jpg 640w, https:\/\/noticiasmercedinas.com\/site\/wp-content\/uploads\/2019\/06\/img-20190608-wa00883017403607378358468-681x729.jpg 681w\" sizes=\"auto, (max-width: 1196px) 100vw, 1196px\" \/><\/p>\n<p><img loading=\"lazy\" decoding=\"async\" src=\"https:\/\/noticiasmercedinas.com\/site\/wp-content\/uploads\/2019\/06\/img-20190608-wa00852624688268451187497.jpg\" class=\"wp-image-20883 alignnone size-full\" width=\"1280\" height=\"1240\" srcset=\"https:\/\/noticiasmercedinas.com\/site\/wp-content\/uploads\/2019\/06\/img-20190608-wa00852624688268451187497.jpg 1280w, https:\/\/noticiasmercedinas.com\/site\/wp-content\/uploads\/2019\/06\/img-20190608-wa00852624688268451187497-300x291.jpg 300w, https:\/\/noticiasmercedinas.com\/site\/wp-content\/uploads\/2019\/06\/img-20190608-wa00852624688268451187497-768x744.jpg 768w, https:\/\/noticiasmercedinas.com\/site\/wp-content\/uploads\/2019\/06\/img-20190608-wa00852624688268451187497-1024x992.jpg 1024w, https:\/\/noticiasmercedinas.com\/site\/wp-content\/uploads\/2019\/06\/img-20190608-wa00852624688268451187497-640x620.jpg 640w, https:\/\/noticiasmercedinas.com\/site\/wp-content\/uploads\/2019\/06\/img-20190608-wa00852624688268451187497-681x660.jpg 681w\" sizes=\"auto, (max-width: 1280px) 100vw, 1280px\" \/><\/p>\n","protected":false},"excerpt":{"rendered":"<p>Hoy se realiz\u00f3, en el Club El Porvenir, el lanzamiento de la Agrupaci\u00f3n Docente Peronista de Mercedes, y el plenario de la Federaci\u00f3n de la Agrupaci\u00f3n Docente Peronista N\u00e9stor Carlos Kirchner. Estuvieron presentes compa\u00f1eros de los distritos de Matanza, Chivilcoy, General Rodr\u00edguez, Pilar, Merlo, San Mart\u00edn, Malvinas Argentinas, Jos\u00e9 C. Paz, Moreno y Mar del [&hellip;]<\/p>\n","protected":false},"author":2,"featured_media":20880,"comment_status":"open","ping_status":"open","sticky":false,"template":"","format":"standard","meta":{"footnotes":""},"categories":[16],"tags":[118,1489],"class_list":["post-20885","post","type-post","status-publish","format-standard","has-post-thumbnail","hentry","category-politica","tag-docentes","tag-pj"],"yoast_head":"<!-- This site is optimized with the Yoast SEO plugin v27.4 - https:\/\/yoast.com\/product\/yoast-seo-wordpress\/ -->\n<title>Agrupaci\u00f3n pol\u00edtica kirchnerista se lanz\u00f3 en la ciudad<\/title>\n<meta name=\"robots\" content=\"index, follow, max-snippet:-1, max-image-preview:large, max-video-preview:-1\" \/>\n<link rel=\"canonical\" href=\"https:\/\/noticiasmercedinas.com\/site\/2019\/06\/08\/agrupacion-politica-kirchnerista-se-lanzo-en-la-ciudad\/\" \/>\n<meta property=\"og:locale\" content=\"es_ES\" \/>\n<meta property=\"og:type\" content=\"article\" \/>\n<meta property=\"og:title\" content=\"Agrupaci\u00f3n pol\u00edtica kirchnerista se lanz\u00f3 en la ciudad\" \/>\n<meta property=\"og:description\" content=\"Hoy se realiz\u00f3, en el Club El Porvenir, el lanzamiento de la Agrupaci\u00f3n Docente Peronista de Mercedes, y el plenario de la Federaci\u00f3n de la Agrupaci\u00f3n Docente Peronista N\u00e9stor Carlos Kirchner. Estuvieron presentes compa\u00f1eros de los distritos de Matanza, Chivilcoy, General Rodr\u00edguez, Pilar, Merlo, San Mart\u00edn, Malvinas Argentinas, Jos\u00e9 C. Paz, Moreno y Mar del [&hellip;]\" \/>\n<meta property=\"og:url\" content=\"https:\/\/noticiasmercedinas.com\/site\/2019\/06\/08\/agrupacion-politica-kirchnerista-se-lanzo-en-la-ciudad\/\" \/>\n<meta property=\"og:site_name\" content=\"NOTICIASMERCEDINAS.COM\" \/>\n<meta property=\"article:publisher\" content=\"https:\/\/www.facebook.com\/noticiasmercedinas\/\" \/>\n<meta property=\"article:author\" content=\"https:\/\/www.facebook.com\/cristian.falabella\" \/>\n<meta property=\"article:published_time\" content=\"2019-06-09T00:08:51+00:00\" \/>\n<meta property=\"og:image\" content=\"https:\/\/noticiasmercedinas.com\/site\/wp-content\/uploads\/2019\/06\/img-20190608-wa00864271021846227833494.jpg\" \/>\n\t<meta property=\"og:image:width\" content=\"1280\" \/>\n\t<meta property=\"og:image:height\" content=\"523\" \/>\n\t<meta property=\"og:image:type\" content=\"image\/jpeg\" \/>\n<meta name=\"author\" content=\"Cristian Falabella NOTICIASMERCEDINAS.COM\" \/>\n<meta name=\"twitter:card\" content=\"summary_large_image\" \/>\n<meta name=\"twitter:creator\" content=\"@https:\/\/twitter.com\/NOTMERCEDINAS\" \/>\n<meta name=\"twitter:site\" content=\"@notmercedinas\" \/>\n<meta name=\"twitter:label1\" content=\"Escrito por\" \/>\n\t<meta name=\"twitter:data1\" content=\"Cristian Falabella NOTICIASMERCEDINAS.COM\" \/>\n\t<meta name=\"twitter:label2\" content=\"Tiempo de lectura\" \/>\n\t<meta name=\"twitter:data2\" content=\"1 minuto\" \/>\n<script type=\"application\/ld+json\" class=\"yoast-schema-graph\">{\"@context\":\"https:\\\/\\\/schema.org\",\"@graph\":[{\"@type\":\"Article\",\"@id\":\"https:\\\/\\\/noticiasmercedinas.com\\\/site\\\/2019\\\/06\\\/08\\\/agrupacion-politica-kirchnerista-se-lanzo-en-la-ciudad\\\/#article\",\"isPartOf\":{\"@id\":\"https:\\\/\\\/noticiasmercedinas.com\\\/site\\\/2019\\\/06\\\/08\\\/agrupacion-politica-kirchnerista-se-lanzo-en-la-ciudad\\\/\"},\"author\":{\"name\":\"Cristian Falabella NOTICIASMERCEDINAS.COM\",\"@id\":\"https:\\\/\\\/noticiasmercedinas.com\\\/site\\\/#\\\/schema\\\/person\\\/d481a9696a5feaec13a60e2bbd991a6a\"},\"headline\":\"Agrupaci\u00f3n pol\u00edtica kirchnerista se lanz\u00f3 en la ciudad\",\"datePublished\":\"2019-06-09T00:08:51+00:00\",\"mainEntityOfPage\":{\"@id\":\"https:\\\/\\\/noticiasmercedinas.com\\\/site\\\/2019\\\/06\\\/08\\\/agrupacion-politica-kirchnerista-se-lanzo-en-la-ciudad\\\/\"},\"wordCount\":209,\"commentCount\":0,\"publisher\":{\"@id\":\"https:\\\/\\\/noticiasmercedinas.com\\\/site\\\/#organization\"},\"image\":{\"@id\":\"https:\\\/\\\/noticiasmercedinas.com\\\/site\\\/2019\\\/06\\\/08\\\/agrupacion-politica-kirchnerista-se-lanzo-en-la-ciudad\\\/#primaryimage\"},\"thumbnailUrl\":\"https:\\\/\\\/noticiasmercedinas.com\\\/site\\\/wp-content\\\/uploads\\\/2019\\\/06\\\/img-20190608-wa00864271021846227833494.jpg\",\"keywords\":[\"docentes\",\"pj\"],\"articleSection\":[\"Politica\"],\"inLanguage\":\"es\",\"potentialAction\":[{\"@type\":\"CommentAction\",\"name\":\"Comment\",\"target\":[\"https:\\\/\\\/noticiasmercedinas.com\\\/site\\\/2019\\\/06\\\/08\\\/agrupacion-politica-kirchnerista-se-lanzo-en-la-ciudad\\\/#respond\"]}]},{\"@type\":\"WebPage\",\"@id\":\"https:\\\/\\\/noticiasmercedinas.com\\\/site\\\/2019\\\/06\\\/08\\\/agrupacion-politica-kirchnerista-se-lanzo-en-la-ciudad\\\/\",\"url\":\"https:\\\/\\\/noticiasmercedinas.com\\\/site\\\/2019\\\/06\\\/08\\\/agrupacion-politica-kirchnerista-se-lanzo-en-la-ciudad\\\/\",\"name\":\"Agrupaci\u00f3n pol\u00edtica kirchnerista se lanz\u00f3 en la ciudad\",\"isPartOf\":{\"@id\":\"https:\\\/\\\/noticiasmercedinas.com\\\/site\\\/#website\"},\"primaryImageOfPage\":{\"@id\":\"https:\\\/\\\/noticiasmercedinas.com\\\/site\\\/2019\\\/06\\\/08\\\/agrupacion-politica-kirchnerista-se-lanzo-en-la-ciudad\\\/#primaryimage\"},\"image\":{\"@id\":\"https:\\\/\\\/noticiasmercedinas.com\\\/site\\\/2019\\\/06\\\/08\\\/agrupacion-politica-kirchnerista-se-lanzo-en-la-ciudad\\\/#primaryimage\"},\"thumbnailUrl\":\"https:\\\/\\\/noticiasmercedinas.com\\\/site\\\/wp-content\\\/uploads\\\/2019\\\/06\\\/img-20190608-wa00864271021846227833494.jpg\",\"datePublished\":\"2019-06-09T00:08:51+00:00\",\"breadcrumb\":{\"@id\":\"https:\\\/\\\/noticiasmercedinas.com\\\/site\\\/2019\\\/06\\\/08\\\/agrupacion-politica-kirchnerista-se-lanzo-en-la-ciudad\\\/#breadcrumb\"},\"inLanguage\":\"es\",\"potentialAction\":[{\"@type\":\"ReadAction\",\"target\":[\"https:\\\/\\\/noticiasmercedinas.com\\\/site\\\/2019\\\/06\\\/08\\\/agrupacion-politica-kirchnerista-se-lanzo-en-la-ciudad\\\/\"]}]},{\"@type\":\"ImageObject\",\"inLanguage\":\"es\",\"@id\":\"https:\\\/\\\/noticiasmercedinas.com\\\/site\\\/2019\\\/06\\\/08\\\/agrupacion-politica-kirchnerista-se-lanzo-en-la-ciudad\\\/#primaryimage\",\"url\":\"https:\\\/\\\/noticiasmercedinas.com\\\/site\\\/wp-content\\\/uploads\\\/2019\\\/06\\\/img-20190608-wa00864271021846227833494.jpg\",\"contentUrl\":\"https:\\\/\\\/noticiasmercedinas.com\\\/site\\\/wp-content\\\/uploads\\\/2019\\\/06\\\/img-20190608-wa00864271021846227833494.jpg\",\"width\":1280,\"height\":523},{\"@type\":\"BreadcrumbList\",\"@id\":\"https:\\\/\\\/noticiasmercedinas.com\\\/site\\\/2019\\\/06\\\/08\\\/agrupacion-politica-kirchnerista-se-lanzo-en-la-ciudad\\\/#breadcrumb\",\"itemListElement\":[{\"@type\":\"ListItem\",\"position\":1,\"name\":\"Portada\",\"item\":\"https:\\\/\\\/noticiasmercedinas.com\\\/site\\\/\"},{\"@type\":\"ListItem\",\"position\":2,\"name\":\"Agrupaci\u00f3n pol\u00edtica kirchnerista se lanz\u00f3 en la ciudad\"}]},{\"@type\":\"WebSite\",\"@id\":\"https:\\\/\\\/noticiasmercedinas.com\\\/site\\\/#website\",\"url\":\"https:\\\/\\\/noticiasmercedinas.com\\\/site\\\/\",\"name\":\"NOTICIASMERCEDINAS.COM\",\"description\":\"Mercedes, Buenos Aires, Argentina\",\"publisher\":{\"@id\":\"https:\\\/\\\/noticiasmercedinas.com\\\/site\\\/#organization\"},\"potentialAction\":[{\"@type\":\"SearchAction\",\"target\":{\"@type\":\"EntryPoint\",\"urlTemplate\":\"https:\\\/\\\/noticiasmercedinas.com\\\/site\\\/?s={search_term_string}\"},\"query-input\":{\"@type\":\"PropertyValueSpecification\",\"valueRequired\":true,\"valueName\":\"search_term_string\"}}],\"inLanguage\":\"es\"},{\"@type\":\"Organization\",\"@id\":\"https:\\\/\\\/noticiasmercedinas.com\\\/site\\\/#organization\",\"name\":\"NOTICIASMERCEDINAS.COM\",\"url\":\"https:\\\/\\\/noticiasmercedinas.com\\\/site\\\/\",\"logo\":{\"@type\":\"ImageObject\",\"inLanguage\":\"es\",\"@id\":\"https:\\\/\\\/noticiasmercedinas.com\\\/site\\\/#\\\/schema\\\/logo\\\/image\\\/\",\"url\":\"https:\\\/\\\/noticiasmercedinas.com\\\/site\\\/wp-content\\\/uploads\\\/2020\\\/06\\\/LOGO-512.jpg\",\"contentUrl\":\"https:\\\/\\\/noticiasmercedinas.com\\\/site\\\/wp-content\\\/uploads\\\/2020\\\/06\\\/LOGO-512.jpg\",\"width\":512,\"height\":512,\"caption\":\"NOTICIASMERCEDINAS.COM\"},\"image\":{\"@id\":\"https:\\\/\\\/noticiasmercedinas.com\\\/site\\\/#\\\/schema\\\/logo\\\/image\\\/\"},\"sameAs\":[\"https:\\\/\\\/www.facebook.com\\\/noticiasmercedinas\\\/\",\"https:\\\/\\\/x.com\\\/notmercedinas\",\"https:\\\/\\\/www.instagram.com\\\/noticiasmercedinas\\\/\"]},{\"@type\":\"Person\",\"@id\":\"https:\\\/\\\/noticiasmercedinas.com\\\/site\\\/#\\\/schema\\\/person\\\/d481a9696a5feaec13a60e2bbd991a6a\",\"name\":\"Cristian Falabella NOTICIASMERCEDINAS.COM\",\"image\":{\"@type\":\"ImageObject\",\"inLanguage\":\"es\",\"@id\":\"https:\\\/\\\/secure.gravatar.com\\\/avatar\\\/0dbbfc45970cc46bcd0e57766228574ff3511d6eed045b182f536f0f478c1f06?s=96&d=mm&r=g\",\"url\":\"https:\\\/\\\/secure.gravatar.com\\\/avatar\\\/0dbbfc45970cc46bcd0e57766228574ff3511d6eed045b182f536f0f478c1f06?s=96&d=mm&r=g\",\"contentUrl\":\"https:\\\/\\\/secure.gravatar.com\\\/avatar\\\/0dbbfc45970cc46bcd0e57766228574ff3511d6eed045b182f536f0f478c1f06?s=96&d=mm&r=g\",\"caption\":\"Cristian Falabella NOTICIASMERCEDINAS.COM\"},\"description\":\"Periodista, editor de Noticias Mercedinas. Pas\u00f3 por varias redacciones y emprendimientos de prensa, en distintos formatos y \u00e9pocas. Se especializ\u00f3 --y sigue haci\u00e9ndolo-- en comunicaci\u00f3n en la web y en junio de 2006 fund\u00f3 este diario digital.\",\"sameAs\":[\"https:\\\/\\\/noticiasmercedinas.com\",\"https:\\\/\\\/www.facebook.com\\\/cristian.falabella\",\"https:\\\/\\\/www.instagram.com\\\/noticiasmercedinas\\\/\",\"https:\\\/\\\/x.com\\\/https:\\\/\\\/twitter.com\\\/NOTMERCEDINAS\"],\"url\":\"https:\\\/\\\/noticiasmercedinas.com\\\/site\\\/author\\\/as000384\\\/\"}]}<\/script>\n<!-- \/ Yoast SEO plugin. -->","yoast_head_json":{"title":"Agrupaci\u00f3n pol\u00edtica kirchnerista se lanz\u00f3 en la ciudad","robots":{"index":"index","follow":"follow","max-snippet":"max-snippet:-1","max-image-preview":"max-image-preview:large","max-video-preview":"max-video-preview:-1"},"canonical":"https:\/\/noticiasmercedinas.com\/site\/2019\/06\/08\/agrupacion-politica-kirchnerista-se-lanzo-en-la-ciudad\/","og_locale":"es_ES","og_type":"article","og_title":"Agrupaci\u00f3n pol\u00edtica kirchnerista se lanz\u00f3 en la ciudad","og_description":"Hoy se realiz\u00f3, en el Club El Porvenir, el lanzamiento de la Agrupaci\u00f3n Docente Peronista de Mercedes, y el plenario de la Federaci\u00f3n de la Agrupaci\u00f3n Docente Peronista N\u00e9stor Carlos Kirchner. Estuvieron presentes compa\u00f1eros de los distritos de Matanza, Chivilcoy, General Rodr\u00edguez, Pilar, Merlo, San Mart\u00edn, Malvinas Argentinas, Jos\u00e9 C. Paz, Moreno y Mar del [&hellip;]","og_url":"https:\/\/noticiasmercedinas.com\/site\/2019\/06\/08\/agrupacion-politica-kirchnerista-se-lanzo-en-la-ciudad\/","og_site_name":"NOTICIASMERCEDINAS.COM","article_publisher":"https:\/\/www.facebook.com\/noticiasmercedinas\/","article_author":"https:\/\/www.facebook.com\/cristian.falabella","article_published_time":"2019-06-09T00:08:51+00:00","og_image":[{"width":1280,"height":523,"url":"https:\/\/noticiasmercedinas.com\/site\/wp-content\/uploads\/2019\/06\/img-20190608-wa00864271021846227833494.jpg","type":"image\/jpeg"}],"author":"Cristian Falabella NOTICIASMERCEDINAS.COM","twitter_card":"summary_large_image","twitter_creator":"@https:\/\/twitter.com\/NOTMERCEDINAS","twitter_site":"@notmercedinas","twitter_misc":{"Escrito por":"Cristian Falabella NOTICIASMERCEDINAS.COM","Tiempo de lectura":"1 minuto"},"schema":{"@context":"https:\/\/schema.org","@graph":[{"@type":"Article","@id":"https:\/\/noticiasmercedinas.com\/site\/2019\/06\/08\/agrupacion-politica-kirchnerista-se-lanzo-en-la-ciudad\/#article","isPartOf":{"@id":"https:\/\/noticiasmercedinas.com\/site\/2019\/06\/08\/agrupacion-politica-kirchnerista-se-lanzo-en-la-ciudad\/"},"author":{"name":"Cristian Falabella NOTICIASMERCEDINAS.COM","@id":"https:\/\/noticiasmercedinas.com\/site\/#\/schema\/person\/d481a9696a5feaec13a60e2bbd991a6a"},"headline":"Agrupaci\u00f3n pol\u00edtica kirchnerista se lanz\u00f3 en la ciudad","datePublished":"2019-06-09T00:08:51+00:00","mainEntityOfPage":{"@id":"https:\/\/noticiasmercedinas.com\/site\/2019\/06\/08\/agrupacion-politica-kirchnerista-se-lanzo-en-la-ciudad\/"},"wordCount":209,"commentCount":0,"publisher":{"@id":"https:\/\/noticiasmercedinas.com\/site\/#organization"},"image":{"@id":"https:\/\/noticiasmercedinas.com\/site\/2019\/06\/08\/agrupacion-politica-kirchnerista-se-lanzo-en-la-ciudad\/#primaryimage"},"thumbnailUrl":"https:\/\/noticiasmercedinas.com\/site\/wp-content\/uploads\/2019\/06\/img-20190608-wa00864271021846227833494.jpg","keywords":["docentes","pj"],"articleSection":["Politica"],"inLanguage":"es","potentialAction":[{"@type":"CommentAction","name":"Comment","target":["https:\/\/noticiasmercedinas.com\/site\/2019\/06\/08\/agrupacion-politica-kirchnerista-se-lanzo-en-la-ciudad\/#respond"]}]},{"@type":"WebPage","@id":"https:\/\/noticiasmercedinas.com\/site\/2019\/06\/08\/agrupacion-politica-kirchnerista-se-lanzo-en-la-ciudad\/","url":"https:\/\/noticiasmercedinas.com\/site\/2019\/06\/08\/agrupacion-politica-kirchnerista-se-lanzo-en-la-ciudad\/","name":"Agrupaci\u00f3n pol\u00edtica kirchnerista se lanz\u00f3 en la ciudad","isPartOf":{"@id":"https:\/\/noticiasmercedinas.com\/site\/#website"},"primaryImageOfPage":{"@id":"https:\/\/noticiasmercedinas.com\/site\/2019\/06\/08\/agrupacion-politica-kirchnerista-se-lanzo-en-la-ciudad\/#primaryimage"},"image":{"@id":"https:\/\/noticiasmercedinas.com\/site\/2019\/06\/08\/agrupacion-politica-kirchnerista-se-lanzo-en-la-ciudad\/#primaryimage"},"thumbnailUrl":"https:\/\/noticiasmercedinas.com\/site\/wp-content\/uploads\/2019\/06\/img-20190608-wa00864271021846227833494.jpg","datePublished":"2019-06-09T00:08:51+00:00","breadcrumb":{"@id":"https:\/\/noticiasmercedinas.com\/site\/2019\/06\/08\/agrupacion-politica-kirchnerista-se-lanzo-en-la-ciudad\/#breadcrumb"},"inLanguage":"es","potentialAction":[{"@type":"ReadAction","target":["https:\/\/noticiasmercedinas.com\/site\/2019\/06\/08\/agrupacion-politica-kirchnerista-se-lanzo-en-la-ciudad\/"]}]},{"@type":"ImageObject","inLanguage":"es","@id":"https:\/\/noticiasmercedinas.com\/site\/2019\/06\/08\/agrupacion-politica-kirchnerista-se-lanzo-en-la-ciudad\/#primaryimage","url":"https:\/\/noticiasmercedinas.com\/site\/wp-content\/uploads\/2019\/06\/img-20190608-wa00864271021846227833494.jpg","contentUrl":"https:\/\/noticiasmercedinas.com\/site\/wp-content\/uploads\/2019\/06\/img-20190608-wa00864271021846227833494.jpg","width":1280,"height":523},{"@type":"BreadcrumbList","@id":"https:\/\/noticiasmercedinas.com\/site\/2019\/06\/08\/agrupacion-politica-kirchnerista-se-lanzo-en-la-ciudad\/#breadcrumb","itemListElement":[{"@type":"ListItem","position":1,"name":"Portada","item":"https:\/\/noticiasmercedinas.com\/site\/"},{"@type":"ListItem","position":2,"name":"Agrupaci\u00f3n pol\u00edtica kirchnerista se lanz\u00f3 en la ciudad"}]},{"@type":"WebSite","@id":"https:\/\/noticiasmercedinas.com\/site\/#website","url":"https:\/\/noticiasmercedinas.com\/site\/","name":"NOTICIASMERCEDINAS.COM","description":"Mercedes, Buenos Aires, Argentina","publisher":{"@id":"https:\/\/noticiasmercedinas.com\/site\/#organization"},"potentialAction":[{"@type":"SearchAction","target":{"@type":"EntryPoint","urlTemplate":"https:\/\/noticiasmercedinas.com\/site\/?s={search_term_string}"},"query-input":{"@type":"PropertyValueSpecification","valueRequired":true,"valueName":"search_term_string"}}],"inLanguage":"es"},{"@type":"Organization","@id":"https:\/\/noticiasmercedinas.com\/site\/#organization","name":"NOTICIASMERCEDINAS.COM","url":"https:\/\/noticiasmercedinas.com\/site\/","logo":{"@type":"ImageObject","inLanguage":"es","@id":"https:\/\/noticiasmercedinas.com\/site\/#\/schema\/logo\/image\/","url":"https:\/\/noticiasmercedinas.com\/site\/wp-content\/uploads\/2020\/06\/LOGO-512.jpg","contentUrl":"https:\/\/noticiasmercedinas.com\/site\/wp-content\/uploads\/2020\/06\/LOGO-512.jpg","width":512,"height":512,"caption":"NOTICIASMERCEDINAS.COM"},"image":{"@id":"https:\/\/noticiasmercedinas.com\/site\/#\/schema\/logo\/image\/"},"sameAs":["https:\/\/www.facebook.com\/noticiasmercedinas\/","https:\/\/x.com\/notmercedinas","https:\/\/www.instagram.com\/noticiasmercedinas\/"]},{"@type":"Person","@id":"https:\/\/noticiasmercedinas.com\/site\/#\/schema\/person\/d481a9696a5feaec13a60e2bbd991a6a","name":"Cristian Falabella NOTICIASMERCEDINAS.COM","image":{"@type":"ImageObject","inLanguage":"es","@id":"https:\/\/secure.gravatar.com\/avatar\/0dbbfc45970cc46bcd0e57766228574ff3511d6eed045b182f536f0f478c1f06?s=96&d=mm&r=g","url":"https:\/\/secure.gravatar.com\/avatar\/0dbbfc45970cc46bcd0e57766228574ff3511d6eed045b182f536f0f478c1f06?s=96&d=mm&r=g","contentUrl":"https:\/\/secure.gravatar.com\/avatar\/0dbbfc45970cc46bcd0e57766228574ff3511d6eed045b182f536f0f478c1f06?s=96&d=mm&r=g","caption":"Cristian Falabella NOTICIASMERCEDINAS.COM"},"description":"Periodista, editor de Noticias Mercedinas. Pas\u00f3 por varias redacciones y emprendimientos de prensa, en distintos formatos y \u00e9pocas. Se especializ\u00f3 --y sigue haci\u00e9ndolo-- en comunicaci\u00f3n en la web y en junio de 2006 fund\u00f3 este diario digital.","sameAs":["https:\/\/noticiasmercedinas.com","https:\/\/www.facebook.com\/cristian.falabella","https:\/\/www.instagram.com\/noticiasmercedinas\/","https:\/\/x.com\/https:\/\/twitter.com\/NOTMERCEDINAS"],"url":"https:\/\/noticiasmercedinas.com\/site\/author\/as000384\/"}]}},"amp_enabled":true,"_links":{"self":[{"href":"https:\/\/noticiasmercedinas.com\/site\/wp-json\/wp\/v2\/posts\/20885","targetHints":{"allow":["GET"]}}],"collection":[{"href":"https:\/\/noticiasmercedinas.com\/site\/wp-json\/wp\/v2\/posts"}],"about":[{"href":"https:\/\/noticiasmercedinas.com\/site\/wp-json\/wp\/v2\/types\/post"}],"author":[{"embeddable":true,"href":"https:\/\/noticiasmercedinas.com\/site\/wp-json\/wp\/v2\/users\/2"}],"replies":[{"embeddable":true,"href":"https:\/\/noticiasmercedinas.com\/site\/wp-json\/wp\/v2\/comments?post=20885"}],"version-history":[{"count":0,"href":"https:\/\/noticiasmercedinas.com\/site\/wp-json\/wp\/v2\/posts\/20885\/revisions"}],"wp:featuredmedia":[{"embeddable":true,"href":"https:\/\/noticiasmercedinas.com\/site\/wp-json\/wp\/v2\/media\/20880"}],"wp:attachment":[{"href":"https:\/\/noticiasmercedinas.com\/site\/wp-json\/wp\/v2\/media?parent=20885"}],"wp:term":[{"taxonomy":"category","embeddable":true,"href":"https:\/\/noticiasmercedinas.com\/site\/wp-json\/wp\/v2\/categories?post=20885"},{"taxonomy":"post_tag","embeddable":true,"href":"https:\/\/noticiasmercedinas.com\/site\/wp-json\/wp\/v2\/tags?post=20885"}],"curies":[{"name":"wp","href":"https:\/\/api.w.org\/{rel}","templated":true}]}}