{"id":20981,"date":"2019-06-10T07:57:00","date_gmt":"2019-06-10T10:57:00","guid":{"rendered":"https:\/\/noticiasmercedinas.com\/site\/2019\/06\/10\/gran-fiesta-ecuestre-en-el-parque\/"},"modified":"2019-06-10T08:00:45","modified_gmt":"2019-06-10T11:00:45","slug":"gran-fiesta-ecuestre-en-el-parque","status":"publish","type":"post","link":"https:\/\/noticiasmercedinas.com\/site\/2019\/06\/10\/gran-fiesta-ecuestre-en-el-parque\/","title":{"rendered":"Gran fiesta ecuestre en el Parque"},"content":{"rendered":"<p><img loading=\"lazy\" decoding=\"async\" class=\"wp-image-20980 alignnone size-full\" src=\"https:\/\/noticiasmercedinas.com\/site\/wp-content\/uploads\/2019\/06\/dsc_01065657532007121834492.jpg\" width=\"1500\" height=\"1000\" srcset=\"https:\/\/noticiasmercedinas.com\/site\/wp-content\/uploads\/2019\/06\/dsc_01065657532007121834492.jpg 1500w, https:\/\/noticiasmercedinas.com\/site\/wp-content\/uploads\/2019\/06\/dsc_01065657532007121834492-300x200.jpg 300w, https:\/\/noticiasmercedinas.com\/site\/wp-content\/uploads\/2019\/06\/dsc_01065657532007121834492-768x512.jpg 768w, https:\/\/noticiasmercedinas.com\/site\/wp-content\/uploads\/2019\/06\/dsc_01065657532007121834492-1024x683.jpg 1024w, https:\/\/noticiasmercedinas.com\/site\/wp-content\/uploads\/2019\/06\/dsc_01065657532007121834492-640x427.jpg 640w, https:\/\/noticiasmercedinas.com\/site\/wp-content\/uploads\/2019\/06\/dsc_01065657532007121834492-1280x853.jpg 1280w, https:\/\/noticiasmercedinas.com\/site\/wp-content\/uploads\/2019\/06\/dsc_01065657532007121834492-681x454.jpg 681w, https:\/\/noticiasmercedinas.com\/site\/wp-content\/uploads\/2019\/06\/dsc_01065657532007121834492-1362x908.jpg 1362w\" sizes=\"auto, (max-width: 1500px) 100vw, 1500px\" \/><\/p>\n<p>Una gran fiesta ecuestre se vivi\u00f3 en el Parque Municipal. Fue una jornada completa en el marco del \u201cTercer Encuentro H\u00edpico y de Equitaci\u00f3n Adaptada\u201d, una propuesta del Centro Ecuestre y de Equinoterapia Mar\u00eda Silvina, con la colaboraci\u00f3n de la Municipalidad de Mercedes.<br \/>\n\u201cQuiero felicitar a todos los que han trabajado para que se encuentre este predio en las condiciones en las que est\u00e1, y especialmente a los organizadores, que nos regalaron una fiesta hermosa\u201d dijo Juan Ignacio Ustarroz y manifest\u00f3 que \u201cla idea es que se sigan haciendo actividades deportivas en familia, al aire libre, con inclusi\u00f3n y promoviendo el espacio para todos. Estamos muy agradecidos\u201d.<\/p>\n<p>La invitaci\u00f3n fue abierta a todos los clubes de equitaci\u00f3n mercedinos y al p\u00fablico en general, ya que la entrada fue libre y gratuita.<\/p>\n<p>El evento cont\u00f3 con servicio de cantina a beneficio de la Escuela de Equinoterapia, hubo juegos infantiles y sorteos especiales durante todo el evento.<\/p>\n<p>Juan Pablo L\u00f3pez Baggio, afirm\u00f3 al ser consultado, como uno de los enlaces de la organizaci\u00f3n con la Municipalidad, que \u201cestas actividades nos llenan de orgullo. Muestran lo productivo que es el trabajo de la Comuna con las instituciones y como se pueden crear acciones de calidad, inclusivas, siendo algo que no siempre se puede disfrutar y hoy fue abierto a todas las familias\u201d, aprovechando a felicitar \u201ca la organizaci\u00f3n y agradecemos a todos los presentes que vinieron a colaborar\u201d.<\/p>\n<p>Hubo entrega de diplomas, distintas pruebas ecuestres y una tarde bien familiar, inclusiva y en el recuperado predio sector nuevo del Parque Municipal Independencia.<\/p>\n","protected":false},"excerpt":{"rendered":"<p>Una gran fiesta ecuestre se vivi\u00f3 en el Parque Municipal. Fue una jornada completa en el marco del \u201cTercer Encuentro H\u00edpico y de Equitaci\u00f3n Adaptada\u201d, una propuesta del Centro Ecuestre y de Equinoterapia Mar\u00eda Silvina, con la colaboraci\u00f3n de la Municipalidad de Mercedes. \u201cQuiero felicitar a todos los que han trabajado para que se encuentre [&hellip;]<\/p>\n","protected":false},"author":16,"featured_media":20980,"comment_status":"open","ping_status":"open","sticky":false,"template":"","format":"standard","meta":{"footnotes":""},"categories":[5],"tags":[5079,3523],"class_list":["post-20981","post","type-post","status-publish","format-standard","has-post-thumbnail","hentry","category-deportes","tag-hipismo","tag-parque-municipal-independencia"],"yoast_head":"<!-- This site is optimized with the Yoast SEO plugin v27.5 - https:\/\/yoast.com\/product\/yoast-seo-wordpress\/ -->\n<title>Gran fiesta ecuestre en el Parque<\/title>\n<meta name=\"robots\" content=\"index, follow, max-snippet:-1, max-image-preview:large, max-video-preview:-1\" \/>\n<link rel=\"canonical\" href=\"https:\/\/noticiasmercedinas.com\/site\/2019\/06\/10\/gran-fiesta-ecuestre-en-el-parque\/\" \/>\n<meta property=\"og:locale\" content=\"es_ES\" \/>\n<meta property=\"og:type\" content=\"article\" \/>\n<meta property=\"og:title\" content=\"Gran fiesta ecuestre en el Parque\" \/>\n<meta property=\"og:description\" content=\"Una gran fiesta ecuestre se vivi\u00f3 en el Parque Municipal. Fue una jornada completa en el marco del \u201cTercer Encuentro H\u00edpico y de Equitaci\u00f3n Adaptada\u201d, una propuesta del Centro Ecuestre y de Equinoterapia Mar\u00eda Silvina, con la colaboraci\u00f3n de la Municipalidad de Mercedes. \u201cQuiero felicitar a todos los que han trabajado para que se encuentre [&hellip;]\" \/>\n<meta property=\"og:url\" content=\"https:\/\/noticiasmercedinas.com\/site\/2019\/06\/10\/gran-fiesta-ecuestre-en-el-parque\/\" \/>\n<meta property=\"og:site_name\" content=\"NOTICIASMERCEDINAS.COM\" \/>\n<meta property=\"article:publisher\" content=\"https:\/\/www.facebook.com\/noticiasmercedinas\/\" \/>\n<meta property=\"article:published_time\" content=\"2019-06-10T10:57:00+00:00\" \/>\n<meta property=\"article:modified_time\" content=\"2019-06-10T11:00:45+00:00\" \/>\n<meta property=\"og:image\" content=\"https:\/\/noticiasmercedinas.com\/site\/wp-content\/uploads\/2019\/06\/dsc_01065657532007121834492.jpg\" \/>\n\t<meta property=\"og:image:width\" content=\"1500\" \/>\n\t<meta property=\"og:image:height\" content=\"1000\" \/>\n\t<meta property=\"og:image:type\" content=\"image\/jpeg\" \/>\n<meta name=\"author\" content=\"NOTICIASMERCEDINAS.COM\" \/>\n<meta name=\"twitter:card\" content=\"summary_large_image\" \/>\n<meta name=\"twitter:creator\" content=\"@notmercedinas\" \/>\n<meta name=\"twitter:site\" content=\"@notmercedinas\" \/>\n<meta name=\"twitter:label1\" content=\"Escrito por\" \/>\n\t<meta name=\"twitter:data1\" content=\"NOTICIASMERCEDINAS.COM\" \/>\n\t<meta name=\"twitter:label2\" content=\"Tiempo de lectura\" \/>\n\t<meta name=\"twitter:data2\" content=\"1 minuto\" \/>\n<script type=\"application\/ld+json\" class=\"yoast-schema-graph\">{\"@context\":\"https:\\\/\\\/schema.org\",\"@graph\":[{\"@type\":\"Article\",\"@id\":\"https:\\\/\\\/noticiasmercedinas.com\\\/site\\\/2019\\\/06\\\/10\\\/gran-fiesta-ecuestre-en-el-parque\\\/#article\",\"isPartOf\":{\"@id\":\"https:\\\/\\\/noticiasmercedinas.com\\\/site\\\/2019\\\/06\\\/10\\\/gran-fiesta-ecuestre-en-el-parque\\\/\"},\"author\":{\"name\":\"NOTICIASMERCEDINAS.COM\",\"@id\":\"https:\\\/\\\/noticiasmercedinas.com\\\/site\\\/#\\\/schema\\\/person\\\/84b59c099c28ff2e8b77d4ceec5d8063\"},\"headline\":\"Gran fiesta ecuestre en el Parque\",\"datePublished\":\"2019-06-10T10:57:00+00:00\",\"dateModified\":\"2019-06-10T11:00:45+00:00\",\"mainEntityOfPage\":{\"@id\":\"https:\\\/\\\/noticiasmercedinas.com\\\/site\\\/2019\\\/06\\\/10\\\/gran-fiesta-ecuestre-en-el-parque\\\/\"},\"wordCount\":276,\"commentCount\":0,\"publisher\":{\"@id\":\"https:\\\/\\\/noticiasmercedinas.com\\\/site\\\/#organization\"},\"image\":{\"@id\":\"https:\\\/\\\/noticiasmercedinas.com\\\/site\\\/2019\\\/06\\\/10\\\/gran-fiesta-ecuestre-en-el-parque\\\/#primaryimage\"},\"thumbnailUrl\":\"https:\\\/\\\/noticiasmercedinas.com\\\/site\\\/wp-content\\\/uploads\\\/2019\\\/06\\\/dsc_01065657532007121834492.jpg\",\"keywords\":[\"hipismo\",\"Parque Municipal Independencia\"],\"articleSection\":[\"Deportes\"],\"inLanguage\":\"es\",\"potentialAction\":[{\"@type\":\"CommentAction\",\"name\":\"Comment\",\"target\":[\"https:\\\/\\\/noticiasmercedinas.com\\\/site\\\/2019\\\/06\\\/10\\\/gran-fiesta-ecuestre-en-el-parque\\\/#respond\"]}]},{\"@type\":\"WebPage\",\"@id\":\"https:\\\/\\\/noticiasmercedinas.com\\\/site\\\/2019\\\/06\\\/10\\\/gran-fiesta-ecuestre-en-el-parque\\\/\",\"url\":\"https:\\\/\\\/noticiasmercedinas.com\\\/site\\\/2019\\\/06\\\/10\\\/gran-fiesta-ecuestre-en-el-parque\\\/\",\"name\":\"Gran fiesta ecuestre en el Parque\",\"isPartOf\":{\"@id\":\"https:\\\/\\\/noticiasmercedinas.com\\\/site\\\/#website\"},\"primaryImageOfPage\":{\"@id\":\"https:\\\/\\\/noticiasmercedinas.com\\\/site\\\/2019\\\/06\\\/10\\\/gran-fiesta-ecuestre-en-el-parque\\\/#primaryimage\"},\"image\":{\"@id\":\"https:\\\/\\\/noticiasmercedinas.com\\\/site\\\/2019\\\/06\\\/10\\\/gran-fiesta-ecuestre-en-el-parque\\\/#primaryimage\"},\"thumbnailUrl\":\"https:\\\/\\\/noticiasmercedinas.com\\\/site\\\/wp-content\\\/uploads\\\/2019\\\/06\\\/dsc_01065657532007121834492.jpg\",\"datePublished\":\"2019-06-10T10:57:00+00:00\",\"dateModified\":\"2019-06-10T11:00:45+00:00\",\"breadcrumb\":{\"@id\":\"https:\\\/\\\/noticiasmercedinas.com\\\/site\\\/2019\\\/06\\\/10\\\/gran-fiesta-ecuestre-en-el-parque\\\/#breadcrumb\"},\"inLanguage\":\"es\",\"potentialAction\":[{\"@type\":\"ReadAction\",\"target\":[\"https:\\\/\\\/noticiasmercedinas.com\\\/site\\\/2019\\\/06\\\/10\\\/gran-fiesta-ecuestre-en-el-parque\\\/\"]}]},{\"@type\":\"ImageObject\",\"inLanguage\":\"es\",\"@id\":\"https:\\\/\\\/noticiasmercedinas.com\\\/site\\\/2019\\\/06\\\/10\\\/gran-fiesta-ecuestre-en-el-parque\\\/#primaryimage\",\"url\":\"https:\\\/\\\/noticiasmercedinas.com\\\/site\\\/wp-content\\\/uploads\\\/2019\\\/06\\\/dsc_01065657532007121834492.jpg\",\"contentUrl\":\"https:\\\/\\\/noticiasmercedinas.com\\\/site\\\/wp-content\\\/uploads\\\/2019\\\/06\\\/dsc_01065657532007121834492.jpg\",\"width\":1500,\"height\":1000},{\"@type\":\"BreadcrumbList\",\"@id\":\"https:\\\/\\\/noticiasmercedinas.com\\\/site\\\/2019\\\/06\\\/10\\\/gran-fiesta-ecuestre-en-el-parque\\\/#breadcrumb\",\"itemListElement\":[{\"@type\":\"ListItem\",\"position\":1,\"name\":\"Portada\",\"item\":\"https:\\\/\\\/noticiasmercedinas.com\\\/site\\\/\"},{\"@type\":\"ListItem\",\"position\":2,\"name\":\"Gran fiesta ecuestre en el Parque\"}]},{\"@type\":\"WebSite\",\"@id\":\"https:\\\/\\\/noticiasmercedinas.com\\\/site\\\/#website\",\"url\":\"https:\\\/\\\/noticiasmercedinas.com\\\/site\\\/\",\"name\":\"NOTICIASMERCEDINAS.COM\",\"description\":\"Mercedes, Buenos Aires, Argentina\",\"publisher\":{\"@id\":\"https:\\\/\\\/noticiasmercedinas.com\\\/site\\\/#organization\"},\"potentialAction\":[{\"@type\":\"SearchAction\",\"target\":{\"@type\":\"EntryPoint\",\"urlTemplate\":\"https:\\\/\\\/noticiasmercedinas.com\\\/site\\\/?s={search_term_string}\"},\"query-input\":{\"@type\":\"PropertyValueSpecification\",\"valueRequired\":true,\"valueName\":\"search_term_string\"}}],\"inLanguage\":\"es\"},{\"@type\":\"Organization\",\"@id\":\"https:\\\/\\\/noticiasmercedinas.com\\\/site\\\/#organization\",\"name\":\"NOTICIASMERCEDINAS.COM\",\"url\":\"https:\\\/\\\/noticiasmercedinas.com\\\/site\\\/\",\"logo\":{\"@type\":\"ImageObject\",\"inLanguage\":\"es\",\"@id\":\"https:\\\/\\\/noticiasmercedinas.com\\\/site\\\/#\\\/schema\\\/logo\\\/image\\\/\",\"url\":\"https:\\\/\\\/noticiasmercedinas.com\\\/site\\\/wp-content\\\/uploads\\\/2020\\\/06\\\/LOGO-512.jpg\",\"contentUrl\":\"https:\\\/\\\/noticiasmercedinas.com\\\/site\\\/wp-content\\\/uploads\\\/2020\\\/06\\\/LOGO-512.jpg\",\"width\":512,\"height\":512,\"caption\":\"NOTICIASMERCEDINAS.COM\"},\"image\":{\"@id\":\"https:\\\/\\\/noticiasmercedinas.com\\\/site\\\/#\\\/schema\\\/logo\\\/image\\\/\"},\"sameAs\":[\"https:\\\/\\\/www.facebook.com\\\/noticiasmercedinas\\\/\",\"https:\\\/\\\/x.com\\\/notmercedinas\",\"https:\\\/\\\/www.instagram.com\\\/noticiasmercedinas\\\/\"]},{\"@type\":\"Person\",\"@id\":\"https:\\\/\\\/noticiasmercedinas.com\\\/site\\\/#\\\/schema\\\/person\\\/84b59c099c28ff2e8b77d4ceec5d8063\",\"name\":\"NOTICIASMERCEDINAS.COM\",\"image\":{\"@type\":\"ImageObject\",\"inLanguage\":\"es\",\"@id\":\"https:\\\/\\\/secure.gravatar.com\\\/avatar\\\/4dfbf16b4d17945bfb6341b2d19043457132fcf478a5ee04f42e959fd8f5df0a?s=96&d=mm&r=g\",\"url\":\"https:\\\/\\\/secure.gravatar.com\\\/avatar\\\/4dfbf16b4d17945bfb6341b2d19043457132fcf478a5ee04f42e959fd8f5df0a?s=96&d=mm&r=g\",\"contentUrl\":\"https:\\\/\\\/secure.gravatar.com\\\/avatar\\\/4dfbf16b4d17945bfb6341b2d19043457132fcf478a5ee04f42e959fd8f5df0a?s=96&d=mm&r=g\",\"caption\":\"NOTICIASMERCEDINAS.COM\"},\"url\":\"https:\\\/\\\/noticiasmercedinas.com\\\/site\\\/author\\\/anonimo\\\/\"}]}<\/script>\n<!-- \/ Yoast SEO plugin. -->","yoast_head_json":{"title":"Gran fiesta ecuestre en el Parque","robots":{"index":"index","follow":"follow","max-snippet":"max-snippet:-1","max-image-preview":"max-image-preview:large","max-video-preview":"max-video-preview:-1"},"canonical":"https:\/\/noticiasmercedinas.com\/site\/2019\/06\/10\/gran-fiesta-ecuestre-en-el-parque\/","og_locale":"es_ES","og_type":"article","og_title":"Gran fiesta ecuestre en el Parque","og_description":"Una gran fiesta ecuestre se vivi\u00f3 en el Parque Municipal. Fue una jornada completa en el marco del \u201cTercer Encuentro H\u00edpico y de Equitaci\u00f3n Adaptada\u201d, una propuesta del Centro Ecuestre y de Equinoterapia Mar\u00eda Silvina, con la colaboraci\u00f3n de la Municipalidad de Mercedes. \u201cQuiero felicitar a todos los que han trabajado para que se encuentre [&hellip;]","og_url":"https:\/\/noticiasmercedinas.com\/site\/2019\/06\/10\/gran-fiesta-ecuestre-en-el-parque\/","og_site_name":"NOTICIASMERCEDINAS.COM","article_publisher":"https:\/\/www.facebook.com\/noticiasmercedinas\/","article_published_time":"2019-06-10T10:57:00+00:00","article_modified_time":"2019-06-10T11:00:45+00:00","og_image":[{"width":1500,"height":1000,"url":"https:\/\/noticiasmercedinas.com\/site\/wp-content\/uploads\/2019\/06\/dsc_01065657532007121834492.jpg","type":"image\/jpeg"}],"author":"NOTICIASMERCEDINAS.COM","twitter_card":"summary_large_image","twitter_creator":"@notmercedinas","twitter_site":"@notmercedinas","twitter_misc":{"Escrito por":"NOTICIASMERCEDINAS.COM","Tiempo de lectura":"1 minuto"},"schema":{"@context":"https:\/\/schema.org","@graph":[{"@type":"Article","@id":"https:\/\/noticiasmercedinas.com\/site\/2019\/06\/10\/gran-fiesta-ecuestre-en-el-parque\/#article","isPartOf":{"@id":"https:\/\/noticiasmercedinas.com\/site\/2019\/06\/10\/gran-fiesta-ecuestre-en-el-parque\/"},"author":{"name":"NOTICIASMERCEDINAS.COM","@id":"https:\/\/noticiasmercedinas.com\/site\/#\/schema\/person\/84b59c099c28ff2e8b77d4ceec5d8063"},"headline":"Gran fiesta ecuestre en el Parque","datePublished":"2019-06-10T10:57:00+00:00","dateModified":"2019-06-10T11:00:45+00:00","mainEntityOfPage":{"@id":"https:\/\/noticiasmercedinas.com\/site\/2019\/06\/10\/gran-fiesta-ecuestre-en-el-parque\/"},"wordCount":276,"commentCount":0,"publisher":{"@id":"https:\/\/noticiasmercedinas.com\/site\/#organization"},"image":{"@id":"https:\/\/noticiasmercedinas.com\/site\/2019\/06\/10\/gran-fiesta-ecuestre-en-el-parque\/#primaryimage"},"thumbnailUrl":"https:\/\/noticiasmercedinas.com\/site\/wp-content\/uploads\/2019\/06\/dsc_01065657532007121834492.jpg","keywords":["hipismo","Parque Municipal Independencia"],"articleSection":["Deportes"],"inLanguage":"es","potentialAction":[{"@type":"CommentAction","name":"Comment","target":["https:\/\/noticiasmercedinas.com\/site\/2019\/06\/10\/gran-fiesta-ecuestre-en-el-parque\/#respond"]}]},{"@type":"WebPage","@id":"https:\/\/noticiasmercedinas.com\/site\/2019\/06\/10\/gran-fiesta-ecuestre-en-el-parque\/","url":"https:\/\/noticiasmercedinas.com\/site\/2019\/06\/10\/gran-fiesta-ecuestre-en-el-parque\/","name":"Gran fiesta ecuestre en el Parque","isPartOf":{"@id":"https:\/\/noticiasmercedinas.com\/site\/#website"},"primaryImageOfPage":{"@id":"https:\/\/noticiasmercedinas.com\/site\/2019\/06\/10\/gran-fiesta-ecuestre-en-el-parque\/#primaryimage"},"image":{"@id":"https:\/\/noticiasmercedinas.com\/site\/2019\/06\/10\/gran-fiesta-ecuestre-en-el-parque\/#primaryimage"},"thumbnailUrl":"https:\/\/noticiasmercedinas.com\/site\/wp-content\/uploads\/2019\/06\/dsc_01065657532007121834492.jpg","datePublished":"2019-06-10T10:57:00+00:00","dateModified":"2019-06-10T11:00:45+00:00","breadcrumb":{"@id":"https:\/\/noticiasmercedinas.com\/site\/2019\/06\/10\/gran-fiesta-ecuestre-en-el-parque\/#breadcrumb"},"inLanguage":"es","potentialAction":[{"@type":"ReadAction","target":["https:\/\/noticiasmercedinas.com\/site\/2019\/06\/10\/gran-fiesta-ecuestre-en-el-parque\/"]}]},{"@type":"ImageObject","inLanguage":"es","@id":"https:\/\/noticiasmercedinas.com\/site\/2019\/06\/10\/gran-fiesta-ecuestre-en-el-parque\/#primaryimage","url":"https:\/\/noticiasmercedinas.com\/site\/wp-content\/uploads\/2019\/06\/dsc_01065657532007121834492.jpg","contentUrl":"https:\/\/noticiasmercedinas.com\/site\/wp-content\/uploads\/2019\/06\/dsc_01065657532007121834492.jpg","width":1500,"height":1000},{"@type":"BreadcrumbList","@id":"https:\/\/noticiasmercedinas.com\/site\/2019\/06\/10\/gran-fiesta-ecuestre-en-el-parque\/#breadcrumb","itemListElement":[{"@type":"ListItem","position":1,"name":"Portada","item":"https:\/\/noticiasmercedinas.com\/site\/"},{"@type":"ListItem","position":2,"name":"Gran fiesta ecuestre en el Parque"}]},{"@type":"WebSite","@id":"https:\/\/noticiasmercedinas.com\/site\/#website","url":"https:\/\/noticiasmercedinas.com\/site\/","name":"NOTICIASMERCEDINAS.COM","description":"Mercedes, Buenos Aires, Argentina","publisher":{"@id":"https:\/\/noticiasmercedinas.com\/site\/#organization"},"potentialAction":[{"@type":"SearchAction","target":{"@type":"EntryPoint","urlTemplate":"https:\/\/noticiasmercedinas.com\/site\/?s={search_term_string}"},"query-input":{"@type":"PropertyValueSpecification","valueRequired":true,"valueName":"search_term_string"}}],"inLanguage":"es"},{"@type":"Organization","@id":"https:\/\/noticiasmercedinas.com\/site\/#organization","name":"NOTICIASMERCEDINAS.COM","url":"https:\/\/noticiasmercedinas.com\/site\/","logo":{"@type":"ImageObject","inLanguage":"es","@id":"https:\/\/noticiasmercedinas.com\/site\/#\/schema\/logo\/image\/","url":"https:\/\/noticiasmercedinas.com\/site\/wp-content\/uploads\/2020\/06\/LOGO-512.jpg","contentUrl":"https:\/\/noticiasmercedinas.com\/site\/wp-content\/uploads\/2020\/06\/LOGO-512.jpg","width":512,"height":512,"caption":"NOTICIASMERCEDINAS.COM"},"image":{"@id":"https:\/\/noticiasmercedinas.com\/site\/#\/schema\/logo\/image\/"},"sameAs":["https:\/\/www.facebook.com\/noticiasmercedinas\/","https:\/\/x.com\/notmercedinas","https:\/\/www.instagram.com\/noticiasmercedinas\/"]},{"@type":"Person","@id":"https:\/\/noticiasmercedinas.com\/site\/#\/schema\/person\/84b59c099c28ff2e8b77d4ceec5d8063","name":"NOTICIASMERCEDINAS.COM","image":{"@type":"ImageObject","inLanguage":"es","@id":"https:\/\/secure.gravatar.com\/avatar\/4dfbf16b4d17945bfb6341b2d19043457132fcf478a5ee04f42e959fd8f5df0a?s=96&d=mm&r=g","url":"https:\/\/secure.gravatar.com\/avatar\/4dfbf16b4d17945bfb6341b2d19043457132fcf478a5ee04f42e959fd8f5df0a?s=96&d=mm&r=g","contentUrl":"https:\/\/secure.gravatar.com\/avatar\/4dfbf16b4d17945bfb6341b2d19043457132fcf478a5ee04f42e959fd8f5df0a?s=96&d=mm&r=g","caption":"NOTICIASMERCEDINAS.COM"},"url":"https:\/\/noticiasmercedinas.com\/site\/author\/anonimo\/"}]}},"amp_enabled":true,"_links":{"self":[{"href":"https:\/\/noticiasmercedinas.com\/site\/wp-json\/wp\/v2\/posts\/20981","targetHints":{"allow":["GET"]}}],"collection":[{"href":"https:\/\/noticiasmercedinas.com\/site\/wp-json\/wp\/v2\/posts"}],"about":[{"href":"https:\/\/noticiasmercedinas.com\/site\/wp-json\/wp\/v2\/types\/post"}],"author":[{"embeddable":true,"href":"https:\/\/noticiasmercedinas.com\/site\/wp-json\/wp\/v2\/users\/16"}],"replies":[{"embeddable":true,"href":"https:\/\/noticiasmercedinas.com\/site\/wp-json\/wp\/v2\/comments?post=20981"}],"version-history":[{"count":1,"href":"https:\/\/noticiasmercedinas.com\/site\/wp-json\/wp\/v2\/posts\/20981\/revisions"}],"predecessor-version":[{"id":20982,"href":"https:\/\/noticiasmercedinas.com\/site\/wp-json\/wp\/v2\/posts\/20981\/revisions\/20982"}],"wp:featuredmedia":[{"embeddable":true,"href":"https:\/\/noticiasmercedinas.com\/site\/wp-json\/wp\/v2\/media\/20980"}],"wp:attachment":[{"href":"https:\/\/noticiasmercedinas.com\/site\/wp-json\/wp\/v2\/media?parent=20981"}],"wp:term":[{"taxonomy":"category","embeddable":true,"href":"https:\/\/noticiasmercedinas.com\/site\/wp-json\/wp\/v2\/categories?post=20981"},{"taxonomy":"post_tag","embeddable":true,"href":"https:\/\/noticiasmercedinas.com\/site\/wp-json\/wp\/v2\/tags?post=20981"}],"curies":[{"name":"wp","href":"https:\/\/api.w.org\/{rel}","templated":true}]}}