{"id":20986,"date":"2019-06-10T08:14:18","date_gmt":"2019-06-10T11:14:18","guid":{"rendered":"https:\/\/noticiasmercedinas.com\/site\/2019\/06\/10\/hubo-teatro-y-musica-en-la-unidad-penal-5-2\/"},"modified":"2019-06-10T08:14:18","modified_gmt":"2019-06-10T11:14:18","slug":"hubo-teatro-y-musica-en-la-unidad-penal-5-2","status":"publish","type":"post","link":"https:\/\/noticiasmercedinas.com\/site\/2019\/06\/10\/hubo-teatro-y-musica-en-la-unidad-penal-5-2\/","title":{"rendered":"Hubo teatro y m\u00fasica en la Unidad Penal 5"},"content":{"rendered":"<p><img loading=\"lazy\" decoding=\"async\" class=\"wp-image-20985 alignnone size-full\" src=\"https:\/\/noticiasmercedinas.com\/site\/wp-content\/uploads\/2019\/06\/img_20190531_151037_resized_20190604_1026348043455380510554790621.jpg\" width=\"2016\" height=\"1508\" srcset=\"https:\/\/noticiasmercedinas.com\/site\/wp-content\/uploads\/2019\/06\/img_20190531_151037_resized_20190604_1026348043455380510554790621.jpg 2016w, https:\/\/noticiasmercedinas.com\/site\/wp-content\/uploads\/2019\/06\/img_20190531_151037_resized_20190604_1026348043455380510554790621-300x224.jpg 300w, https:\/\/noticiasmercedinas.com\/site\/wp-content\/uploads\/2019\/06\/img_20190531_151037_resized_20190604_1026348043455380510554790621-768x574.jpg 768w, https:\/\/noticiasmercedinas.com\/site\/wp-content\/uploads\/2019\/06\/img_20190531_151037_resized_20190604_1026348043455380510554790621-1024x766.jpg 1024w, https:\/\/noticiasmercedinas.com\/site\/wp-content\/uploads\/2019\/06\/img_20190531_151037_resized_20190604_1026348043455380510554790621-80x60.jpg 80w, https:\/\/noticiasmercedinas.com\/site\/wp-content\/uploads\/2019\/06\/img_20190531_151037_resized_20190604_1026348043455380510554790621-160x120.jpg 160w, https:\/\/noticiasmercedinas.com\/site\/wp-content\/uploads\/2019\/06\/img_20190531_151037_resized_20190604_1026348043455380510554790621-100x75.jpg 100w, https:\/\/noticiasmercedinas.com\/site\/wp-content\/uploads\/2019\/06\/img_20190531_151037_resized_20190604_1026348043455380510554790621-200x150.jpg 200w, https:\/\/noticiasmercedinas.com\/site\/wp-content\/uploads\/2019\/06\/img_20190531_151037_resized_20190604_1026348043455380510554790621-180x135.jpg 180w, https:\/\/noticiasmercedinas.com\/site\/wp-content\/uploads\/2019\/06\/img_20190531_151037_resized_20190604_1026348043455380510554790621-360x270.jpg 360w, https:\/\/noticiasmercedinas.com\/site\/wp-content\/uploads\/2019\/06\/img_20190531_151037_resized_20190604_1026348043455380510554790621-238x178.jpg 238w, https:\/\/noticiasmercedinas.com\/site\/wp-content\/uploads\/2019\/06\/img_20190531_151037_resized_20190604_1026348043455380510554790621-476x356.jpg 476w, https:\/\/noticiasmercedinas.com\/site\/wp-content\/uploads\/2019\/06\/img_20190531_151037_resized_20190604_1026348043455380510554790621-640x479.jpg 640w, https:\/\/noticiasmercedinas.com\/site\/wp-content\/uploads\/2019\/06\/img_20190531_151037_resized_20190604_1026348043455380510554790621-1280x957.jpg 1280w, https:\/\/noticiasmercedinas.com\/site\/wp-content\/uploads\/2019\/06\/img_20190531_151037_resized_20190604_1026348043455380510554790621-681x509.jpg 681w, https:\/\/noticiasmercedinas.com\/site\/wp-content\/uploads\/2019\/06\/img_20190531_151037_resized_20190604_1026348043455380510554790621-1362x1019.jpg 1362w\" sizes=\"auto, (max-width: 2016px) 100vw, 2016px\" \/><\/p>\n<p>El viernes por la tarde, en el Sal\u00f3n de Usos M\u00faltiple de la Unidad Penal 5, los internos realizaron sus presentaciones en m\u00fasica y teatro, en un gran ensayo con p\u00fablico. Lo pudieron disfrutar sus pares que asisten a las escuelas con las que cuenta la Unidad, y para el D\u00eda del Padre se har\u00e1 la exhibici\u00f3n oficial.<\/p>\n<p>La primera parte fue musical, cant\u00f3 un grupo de internos que forman elcoro La Merced, la canci\u00f3n \u00abSolo le Pido a Dios\u00bb, de Le\u00f3n Gieco, luego se present\u00f3 un solista con un repertorio folkl\u00f3rico y por \u00faltimo un joven, que escribe e interpreta rap, cant\u00f3 dos temas propios uno de ellos, muy emotivo dedicada a la madre.<\/p>\n<p>Para continuar el grupo de Teatro Sue\u00f1os de Libertad hizo la obra de su autoria \u201cMi Viejo\u201d, que trata de un anciano al cual sus hijos ya no lo visitan y vive con un nieto para el cual ocup\u00f3 el rol paterno. La tem\u00e1tica fue muy emotiva y llev\u00f3 a la reflexi\u00f3n de los verdaderos valores y relaciones que generamos. Los mismos internos la escriben, la preparan, dise\u00f1an la escenografia y el vestuario con los elementos que cuentan y algunas colaboraciones, por lo que lleva un trabajo previo en el cual se re\u00fanen para realizarlo aprendiendo a trabajar en grupo, a respetar pensamientos, a reflexionar sobre las distintas problem\u00e1ticas que los conmueven y el resultado final es la puesta en escena ante sus compa\u00f1eros, docentes y autoridades de la instituci\u00f3n.<\/p>\n<p>Asistieron el Director de la Unidad Fabi\u00e1n G\u00f3mez, la Subdirectora Administrativa Paola Banegas, la delegada de Cultura Agustina Ferraro, personal penitenciario, el Director de la Escuela Primaria N\u00ba 701 Eduardo Pisoni y las docentes, profesores de la extensi\u00f3n del Instituto Superior de Formaci\u00f3n Docente y T\u00e9cnica N\u00b0 7, y seminaristas entre otros, y los internos alumnos de las escuelas mencionadas y los que acuden al culto cat\u00f3lico.<\/p>\n","protected":false},"excerpt":{"rendered":"<p>El viernes por la tarde, en el Sal\u00f3n de Usos M\u00faltiple de la Unidad Penal 5, los internos realizaron sus presentaciones en m\u00fasica y teatro, en un gran ensayo con p\u00fablico. Lo pudieron disfrutar sus pares que asisten a las escuelas con las que cuenta la Unidad, y para el D\u00eda del Padre se har\u00e1 [&hellip;]<\/p>\n","protected":false},"author":2,"featured_media":20985,"comment_status":"open","ping_status":"open","sticky":false,"template":"","format":"standard","meta":{"footnotes":""},"categories":[4],"tags":[1968,480,525],"class_list":["post-20986","post","type-post","status-publish","format-standard","has-post-thumbnail","hentry","category-cultura","tag-rap","tag-teatro","tag-unidad-penal-5"],"yoast_head":"<!-- This site is optimized with the Yoast SEO plugin v27.4 - https:\/\/yoast.com\/product\/yoast-seo-wordpress\/ -->\n<title>Hubo teatro y m\u00fasica en la Unidad Penal 5<\/title>\n<meta name=\"robots\" content=\"index, follow, max-snippet:-1, max-image-preview:large, max-video-preview:-1\" \/>\n<link rel=\"canonical\" href=\"https:\/\/noticiasmercedinas.com\/site\/2019\/06\/10\/hubo-teatro-y-musica-en-la-unidad-penal-5-2\/\" \/>\n<meta property=\"og:locale\" content=\"es_ES\" \/>\n<meta property=\"og:type\" content=\"article\" \/>\n<meta property=\"og:title\" content=\"Hubo teatro y m\u00fasica en la Unidad Penal 5\" \/>\n<meta property=\"og:description\" content=\"El viernes por la tarde, en el Sal\u00f3n de Usos M\u00faltiple de la Unidad Penal 5, los internos realizaron sus presentaciones en m\u00fasica y teatro, en un gran ensayo con p\u00fablico. Lo pudieron disfrutar sus pares que asisten a las escuelas con las que cuenta la Unidad, y para el D\u00eda del Padre se har\u00e1 [&hellip;]\" \/>\n<meta property=\"og:url\" content=\"https:\/\/noticiasmercedinas.com\/site\/2019\/06\/10\/hubo-teatro-y-musica-en-la-unidad-penal-5-2\/\" \/>\n<meta property=\"og:site_name\" content=\"NOTICIASMERCEDINAS.COM\" \/>\n<meta property=\"article:publisher\" content=\"https:\/\/www.facebook.com\/noticiasmercedinas\/\" \/>\n<meta property=\"article:author\" content=\"https:\/\/www.facebook.com\/cristian.falabella\" \/>\n<meta property=\"article:published_time\" content=\"2019-06-10T11:14:18+00:00\" \/>\n<meta property=\"og:image\" content=\"https:\/\/noticiasmercedinas.com\/site\/wp-content\/uploads\/2019\/06\/img_20190531_151037_resized_20190604_1026348043455380510554790621.jpg\" \/>\n\t<meta property=\"og:image:width\" content=\"2016\" \/>\n\t<meta property=\"og:image:height\" content=\"1508\" \/>\n\t<meta property=\"og:image:type\" content=\"image\/jpeg\" \/>\n<meta name=\"author\" content=\"Cristian Falabella NOTICIASMERCEDINAS.COM\" \/>\n<meta name=\"twitter:card\" content=\"summary_large_image\" \/>\n<meta name=\"twitter:creator\" content=\"@https:\/\/twitter.com\/NOTMERCEDINAS\" \/>\n<meta name=\"twitter:site\" content=\"@notmercedinas\" \/>\n<meta name=\"twitter:label1\" content=\"Escrito por\" \/>\n\t<meta name=\"twitter:data1\" content=\"Cristian Falabella NOTICIASMERCEDINAS.COM\" \/>\n\t<meta name=\"twitter:label2\" content=\"Tiempo de lectura\" \/>\n\t<meta name=\"twitter:data2\" content=\"2 minutos\" \/>\n<script type=\"application\/ld+json\" class=\"yoast-schema-graph\">{\"@context\":\"https:\\\/\\\/schema.org\",\"@graph\":[{\"@type\":\"Article\",\"@id\":\"https:\\\/\\\/noticiasmercedinas.com\\\/site\\\/2019\\\/06\\\/10\\\/hubo-teatro-y-musica-en-la-unidad-penal-5-2\\\/#article\",\"isPartOf\":{\"@id\":\"https:\\\/\\\/noticiasmercedinas.com\\\/site\\\/2019\\\/06\\\/10\\\/hubo-teatro-y-musica-en-la-unidad-penal-5-2\\\/\"},\"author\":{\"name\":\"Cristian Falabella NOTICIASMERCEDINAS.COM\",\"@id\":\"https:\\\/\\\/noticiasmercedinas.com\\\/site\\\/#\\\/schema\\\/person\\\/d481a9696a5feaec13a60e2bbd991a6a\"},\"headline\":\"Hubo teatro y m\u00fasica en la Unidad Penal 5\",\"datePublished\":\"2019-06-10T11:14:18+00:00\",\"mainEntityOfPage\":{\"@id\":\"https:\\\/\\\/noticiasmercedinas.com\\\/site\\\/2019\\\/06\\\/10\\\/hubo-teatro-y-musica-en-la-unidad-penal-5-2\\\/\"},\"wordCount\":341,\"commentCount\":0,\"publisher\":{\"@id\":\"https:\\\/\\\/noticiasmercedinas.com\\\/site\\\/#organization\"},\"image\":{\"@id\":\"https:\\\/\\\/noticiasmercedinas.com\\\/site\\\/2019\\\/06\\\/10\\\/hubo-teatro-y-musica-en-la-unidad-penal-5-2\\\/#primaryimage\"},\"thumbnailUrl\":\"https:\\\/\\\/noticiasmercedinas.com\\\/site\\\/wp-content\\\/uploads\\\/2019\\\/06\\\/img_20190531_151037_resized_20190604_1026348043455380510554790621.jpg\",\"keywords\":[\"rap\",\"teatro\",\"unidad penal 5\"],\"articleSection\":[\"Cultura\"],\"inLanguage\":\"es\",\"potentialAction\":[{\"@type\":\"CommentAction\",\"name\":\"Comment\",\"target\":[\"https:\\\/\\\/noticiasmercedinas.com\\\/site\\\/2019\\\/06\\\/10\\\/hubo-teatro-y-musica-en-la-unidad-penal-5-2\\\/#respond\"]}]},{\"@type\":\"WebPage\",\"@id\":\"https:\\\/\\\/noticiasmercedinas.com\\\/site\\\/2019\\\/06\\\/10\\\/hubo-teatro-y-musica-en-la-unidad-penal-5-2\\\/\",\"url\":\"https:\\\/\\\/noticiasmercedinas.com\\\/site\\\/2019\\\/06\\\/10\\\/hubo-teatro-y-musica-en-la-unidad-penal-5-2\\\/\",\"name\":\"Hubo teatro y m\u00fasica en la Unidad Penal 5\",\"isPartOf\":{\"@id\":\"https:\\\/\\\/noticiasmercedinas.com\\\/site\\\/#website\"},\"primaryImageOfPage\":{\"@id\":\"https:\\\/\\\/noticiasmercedinas.com\\\/site\\\/2019\\\/06\\\/10\\\/hubo-teatro-y-musica-en-la-unidad-penal-5-2\\\/#primaryimage\"},\"image\":{\"@id\":\"https:\\\/\\\/noticiasmercedinas.com\\\/site\\\/2019\\\/06\\\/10\\\/hubo-teatro-y-musica-en-la-unidad-penal-5-2\\\/#primaryimage\"},\"thumbnailUrl\":\"https:\\\/\\\/noticiasmercedinas.com\\\/site\\\/wp-content\\\/uploads\\\/2019\\\/06\\\/img_20190531_151037_resized_20190604_1026348043455380510554790621.jpg\",\"datePublished\":\"2019-06-10T11:14:18+00:00\",\"breadcrumb\":{\"@id\":\"https:\\\/\\\/noticiasmercedinas.com\\\/site\\\/2019\\\/06\\\/10\\\/hubo-teatro-y-musica-en-la-unidad-penal-5-2\\\/#breadcrumb\"},\"inLanguage\":\"es\",\"potentialAction\":[{\"@type\":\"ReadAction\",\"target\":[\"https:\\\/\\\/noticiasmercedinas.com\\\/site\\\/2019\\\/06\\\/10\\\/hubo-teatro-y-musica-en-la-unidad-penal-5-2\\\/\"]}]},{\"@type\":\"ImageObject\",\"inLanguage\":\"es\",\"@id\":\"https:\\\/\\\/noticiasmercedinas.com\\\/site\\\/2019\\\/06\\\/10\\\/hubo-teatro-y-musica-en-la-unidad-penal-5-2\\\/#primaryimage\",\"url\":\"https:\\\/\\\/noticiasmercedinas.com\\\/site\\\/wp-content\\\/uploads\\\/2019\\\/06\\\/img_20190531_151037_resized_20190604_1026348043455380510554790621.jpg\",\"contentUrl\":\"https:\\\/\\\/noticiasmercedinas.com\\\/site\\\/wp-content\\\/uploads\\\/2019\\\/06\\\/img_20190531_151037_resized_20190604_1026348043455380510554790621.jpg\",\"width\":2016,\"height\":1508},{\"@type\":\"BreadcrumbList\",\"@id\":\"https:\\\/\\\/noticiasmercedinas.com\\\/site\\\/2019\\\/06\\\/10\\\/hubo-teatro-y-musica-en-la-unidad-penal-5-2\\\/#breadcrumb\",\"itemListElement\":[{\"@type\":\"ListItem\",\"position\":1,\"name\":\"Portada\",\"item\":\"https:\\\/\\\/noticiasmercedinas.com\\\/site\\\/\"},{\"@type\":\"ListItem\",\"position\":2,\"name\":\"Hubo teatro y m\u00fasica en la Unidad Penal 5\"}]},{\"@type\":\"WebSite\",\"@id\":\"https:\\\/\\\/noticiasmercedinas.com\\\/site\\\/#website\",\"url\":\"https:\\\/\\\/noticiasmercedinas.com\\\/site\\\/\",\"name\":\"NOTICIASMERCEDINAS.COM\",\"description\":\"Mercedes, Buenos Aires, Argentina\",\"publisher\":{\"@id\":\"https:\\\/\\\/noticiasmercedinas.com\\\/site\\\/#organization\"},\"potentialAction\":[{\"@type\":\"SearchAction\",\"target\":{\"@type\":\"EntryPoint\",\"urlTemplate\":\"https:\\\/\\\/noticiasmercedinas.com\\\/site\\\/?s={search_term_string}\"},\"query-input\":{\"@type\":\"PropertyValueSpecification\",\"valueRequired\":true,\"valueName\":\"search_term_string\"}}],\"inLanguage\":\"es\"},{\"@type\":\"Organization\",\"@id\":\"https:\\\/\\\/noticiasmercedinas.com\\\/site\\\/#organization\",\"name\":\"NOTICIASMERCEDINAS.COM\",\"url\":\"https:\\\/\\\/noticiasmercedinas.com\\\/site\\\/\",\"logo\":{\"@type\":\"ImageObject\",\"inLanguage\":\"es\",\"@id\":\"https:\\\/\\\/noticiasmercedinas.com\\\/site\\\/#\\\/schema\\\/logo\\\/image\\\/\",\"url\":\"https:\\\/\\\/noticiasmercedinas.com\\\/site\\\/wp-content\\\/uploads\\\/2020\\\/06\\\/LOGO-512.jpg\",\"contentUrl\":\"https:\\\/\\\/noticiasmercedinas.com\\\/site\\\/wp-content\\\/uploads\\\/2020\\\/06\\\/LOGO-512.jpg\",\"width\":512,\"height\":512,\"caption\":\"NOTICIASMERCEDINAS.COM\"},\"image\":{\"@id\":\"https:\\\/\\\/noticiasmercedinas.com\\\/site\\\/#\\\/schema\\\/logo\\\/image\\\/\"},\"sameAs\":[\"https:\\\/\\\/www.facebook.com\\\/noticiasmercedinas\\\/\",\"https:\\\/\\\/x.com\\\/notmercedinas\",\"https:\\\/\\\/www.instagram.com\\\/noticiasmercedinas\\\/\"]},{\"@type\":\"Person\",\"@id\":\"https:\\\/\\\/noticiasmercedinas.com\\\/site\\\/#\\\/schema\\\/person\\\/d481a9696a5feaec13a60e2bbd991a6a\",\"name\":\"Cristian Falabella NOTICIASMERCEDINAS.COM\",\"image\":{\"@type\":\"ImageObject\",\"inLanguage\":\"es\",\"@id\":\"https:\\\/\\\/secure.gravatar.com\\\/avatar\\\/0dbbfc45970cc46bcd0e57766228574ff3511d6eed045b182f536f0f478c1f06?s=96&d=mm&r=g\",\"url\":\"https:\\\/\\\/secure.gravatar.com\\\/avatar\\\/0dbbfc45970cc46bcd0e57766228574ff3511d6eed045b182f536f0f478c1f06?s=96&d=mm&r=g\",\"contentUrl\":\"https:\\\/\\\/secure.gravatar.com\\\/avatar\\\/0dbbfc45970cc46bcd0e57766228574ff3511d6eed045b182f536f0f478c1f06?s=96&d=mm&r=g\",\"caption\":\"Cristian Falabella NOTICIASMERCEDINAS.COM\"},\"description\":\"Periodista, editor de Noticias Mercedinas. Pas\u00f3 por varias redacciones y emprendimientos de prensa, en distintos formatos y \u00e9pocas. Se especializ\u00f3 --y sigue haci\u00e9ndolo-- en comunicaci\u00f3n en la web y en junio de 2006 fund\u00f3 este diario digital.\",\"sameAs\":[\"https:\\\/\\\/noticiasmercedinas.com\",\"https:\\\/\\\/www.facebook.com\\\/cristian.falabella\",\"https:\\\/\\\/www.instagram.com\\\/noticiasmercedinas\\\/\",\"https:\\\/\\\/x.com\\\/https:\\\/\\\/twitter.com\\\/NOTMERCEDINAS\"],\"url\":\"https:\\\/\\\/noticiasmercedinas.com\\\/site\\\/author\\\/as000384\\\/\"}]}<\/script>\n<!-- \/ Yoast SEO plugin. -->","yoast_head_json":{"title":"Hubo teatro y m\u00fasica en la Unidad Penal 5","robots":{"index":"index","follow":"follow","max-snippet":"max-snippet:-1","max-image-preview":"max-image-preview:large","max-video-preview":"max-video-preview:-1"},"canonical":"https:\/\/noticiasmercedinas.com\/site\/2019\/06\/10\/hubo-teatro-y-musica-en-la-unidad-penal-5-2\/","og_locale":"es_ES","og_type":"article","og_title":"Hubo teatro y m\u00fasica en la Unidad Penal 5","og_description":"El viernes por la tarde, en el Sal\u00f3n de Usos M\u00faltiple de la Unidad Penal 5, los internos realizaron sus presentaciones en m\u00fasica y teatro, en un gran ensayo con p\u00fablico. Lo pudieron disfrutar sus pares que asisten a las escuelas con las que cuenta la Unidad, y para el D\u00eda del Padre se har\u00e1 [&hellip;]","og_url":"https:\/\/noticiasmercedinas.com\/site\/2019\/06\/10\/hubo-teatro-y-musica-en-la-unidad-penal-5-2\/","og_site_name":"NOTICIASMERCEDINAS.COM","article_publisher":"https:\/\/www.facebook.com\/noticiasmercedinas\/","article_author":"https:\/\/www.facebook.com\/cristian.falabella","article_published_time":"2019-06-10T11:14:18+00:00","og_image":[{"width":2016,"height":1508,"url":"https:\/\/noticiasmercedinas.com\/site\/wp-content\/uploads\/2019\/06\/img_20190531_151037_resized_20190604_1026348043455380510554790621.jpg","type":"image\/jpeg"}],"author":"Cristian Falabella NOTICIASMERCEDINAS.COM","twitter_card":"summary_large_image","twitter_creator":"@https:\/\/twitter.com\/NOTMERCEDINAS","twitter_site":"@notmercedinas","twitter_misc":{"Escrito por":"Cristian Falabella NOTICIASMERCEDINAS.COM","Tiempo de lectura":"2 minutos"},"schema":{"@context":"https:\/\/schema.org","@graph":[{"@type":"Article","@id":"https:\/\/noticiasmercedinas.com\/site\/2019\/06\/10\/hubo-teatro-y-musica-en-la-unidad-penal-5-2\/#article","isPartOf":{"@id":"https:\/\/noticiasmercedinas.com\/site\/2019\/06\/10\/hubo-teatro-y-musica-en-la-unidad-penal-5-2\/"},"author":{"name":"Cristian Falabella NOTICIASMERCEDINAS.COM","@id":"https:\/\/noticiasmercedinas.com\/site\/#\/schema\/person\/d481a9696a5feaec13a60e2bbd991a6a"},"headline":"Hubo teatro y m\u00fasica en la Unidad Penal 5","datePublished":"2019-06-10T11:14:18+00:00","mainEntityOfPage":{"@id":"https:\/\/noticiasmercedinas.com\/site\/2019\/06\/10\/hubo-teatro-y-musica-en-la-unidad-penal-5-2\/"},"wordCount":341,"commentCount":0,"publisher":{"@id":"https:\/\/noticiasmercedinas.com\/site\/#organization"},"image":{"@id":"https:\/\/noticiasmercedinas.com\/site\/2019\/06\/10\/hubo-teatro-y-musica-en-la-unidad-penal-5-2\/#primaryimage"},"thumbnailUrl":"https:\/\/noticiasmercedinas.com\/site\/wp-content\/uploads\/2019\/06\/img_20190531_151037_resized_20190604_1026348043455380510554790621.jpg","keywords":["rap","teatro","unidad penal 5"],"articleSection":["Cultura"],"inLanguage":"es","potentialAction":[{"@type":"CommentAction","name":"Comment","target":["https:\/\/noticiasmercedinas.com\/site\/2019\/06\/10\/hubo-teatro-y-musica-en-la-unidad-penal-5-2\/#respond"]}]},{"@type":"WebPage","@id":"https:\/\/noticiasmercedinas.com\/site\/2019\/06\/10\/hubo-teatro-y-musica-en-la-unidad-penal-5-2\/","url":"https:\/\/noticiasmercedinas.com\/site\/2019\/06\/10\/hubo-teatro-y-musica-en-la-unidad-penal-5-2\/","name":"Hubo teatro y m\u00fasica en la Unidad Penal 5","isPartOf":{"@id":"https:\/\/noticiasmercedinas.com\/site\/#website"},"primaryImageOfPage":{"@id":"https:\/\/noticiasmercedinas.com\/site\/2019\/06\/10\/hubo-teatro-y-musica-en-la-unidad-penal-5-2\/#primaryimage"},"image":{"@id":"https:\/\/noticiasmercedinas.com\/site\/2019\/06\/10\/hubo-teatro-y-musica-en-la-unidad-penal-5-2\/#primaryimage"},"thumbnailUrl":"https:\/\/noticiasmercedinas.com\/site\/wp-content\/uploads\/2019\/06\/img_20190531_151037_resized_20190604_1026348043455380510554790621.jpg","datePublished":"2019-06-10T11:14:18+00:00","breadcrumb":{"@id":"https:\/\/noticiasmercedinas.com\/site\/2019\/06\/10\/hubo-teatro-y-musica-en-la-unidad-penal-5-2\/#breadcrumb"},"inLanguage":"es","potentialAction":[{"@type":"ReadAction","target":["https:\/\/noticiasmercedinas.com\/site\/2019\/06\/10\/hubo-teatro-y-musica-en-la-unidad-penal-5-2\/"]}]},{"@type":"ImageObject","inLanguage":"es","@id":"https:\/\/noticiasmercedinas.com\/site\/2019\/06\/10\/hubo-teatro-y-musica-en-la-unidad-penal-5-2\/#primaryimage","url":"https:\/\/noticiasmercedinas.com\/site\/wp-content\/uploads\/2019\/06\/img_20190531_151037_resized_20190604_1026348043455380510554790621.jpg","contentUrl":"https:\/\/noticiasmercedinas.com\/site\/wp-content\/uploads\/2019\/06\/img_20190531_151037_resized_20190604_1026348043455380510554790621.jpg","width":2016,"height":1508},{"@type":"BreadcrumbList","@id":"https:\/\/noticiasmercedinas.com\/site\/2019\/06\/10\/hubo-teatro-y-musica-en-la-unidad-penal-5-2\/#breadcrumb","itemListElement":[{"@type":"ListItem","position":1,"name":"Portada","item":"https:\/\/noticiasmercedinas.com\/site\/"},{"@type":"ListItem","position":2,"name":"Hubo teatro y m\u00fasica en la Unidad Penal 5"}]},{"@type":"WebSite","@id":"https:\/\/noticiasmercedinas.com\/site\/#website","url":"https:\/\/noticiasmercedinas.com\/site\/","name":"NOTICIASMERCEDINAS.COM","description":"Mercedes, Buenos Aires, Argentina","publisher":{"@id":"https:\/\/noticiasmercedinas.com\/site\/#organization"},"potentialAction":[{"@type":"SearchAction","target":{"@type":"EntryPoint","urlTemplate":"https:\/\/noticiasmercedinas.com\/site\/?s={search_term_string}"},"query-input":{"@type":"PropertyValueSpecification","valueRequired":true,"valueName":"search_term_string"}}],"inLanguage":"es"},{"@type":"Organization","@id":"https:\/\/noticiasmercedinas.com\/site\/#organization","name":"NOTICIASMERCEDINAS.COM","url":"https:\/\/noticiasmercedinas.com\/site\/","logo":{"@type":"ImageObject","inLanguage":"es","@id":"https:\/\/noticiasmercedinas.com\/site\/#\/schema\/logo\/image\/","url":"https:\/\/noticiasmercedinas.com\/site\/wp-content\/uploads\/2020\/06\/LOGO-512.jpg","contentUrl":"https:\/\/noticiasmercedinas.com\/site\/wp-content\/uploads\/2020\/06\/LOGO-512.jpg","width":512,"height":512,"caption":"NOTICIASMERCEDINAS.COM"},"image":{"@id":"https:\/\/noticiasmercedinas.com\/site\/#\/schema\/logo\/image\/"},"sameAs":["https:\/\/www.facebook.com\/noticiasmercedinas\/","https:\/\/x.com\/notmercedinas","https:\/\/www.instagram.com\/noticiasmercedinas\/"]},{"@type":"Person","@id":"https:\/\/noticiasmercedinas.com\/site\/#\/schema\/person\/d481a9696a5feaec13a60e2bbd991a6a","name":"Cristian Falabella NOTICIASMERCEDINAS.COM","image":{"@type":"ImageObject","inLanguage":"es","@id":"https:\/\/secure.gravatar.com\/avatar\/0dbbfc45970cc46bcd0e57766228574ff3511d6eed045b182f536f0f478c1f06?s=96&d=mm&r=g","url":"https:\/\/secure.gravatar.com\/avatar\/0dbbfc45970cc46bcd0e57766228574ff3511d6eed045b182f536f0f478c1f06?s=96&d=mm&r=g","contentUrl":"https:\/\/secure.gravatar.com\/avatar\/0dbbfc45970cc46bcd0e57766228574ff3511d6eed045b182f536f0f478c1f06?s=96&d=mm&r=g","caption":"Cristian Falabella NOTICIASMERCEDINAS.COM"},"description":"Periodista, editor de Noticias Mercedinas. Pas\u00f3 por varias redacciones y emprendimientos de prensa, en distintos formatos y \u00e9pocas. Se especializ\u00f3 --y sigue haci\u00e9ndolo-- en comunicaci\u00f3n en la web y en junio de 2006 fund\u00f3 este diario digital.","sameAs":["https:\/\/noticiasmercedinas.com","https:\/\/www.facebook.com\/cristian.falabella","https:\/\/www.instagram.com\/noticiasmercedinas\/","https:\/\/x.com\/https:\/\/twitter.com\/NOTMERCEDINAS"],"url":"https:\/\/noticiasmercedinas.com\/site\/author\/as000384\/"}]}},"amp_enabled":true,"_links":{"self":[{"href":"https:\/\/noticiasmercedinas.com\/site\/wp-json\/wp\/v2\/posts\/20986","targetHints":{"allow":["GET"]}}],"collection":[{"href":"https:\/\/noticiasmercedinas.com\/site\/wp-json\/wp\/v2\/posts"}],"about":[{"href":"https:\/\/noticiasmercedinas.com\/site\/wp-json\/wp\/v2\/types\/post"}],"author":[{"embeddable":true,"href":"https:\/\/noticiasmercedinas.com\/site\/wp-json\/wp\/v2\/users\/2"}],"replies":[{"embeddable":true,"href":"https:\/\/noticiasmercedinas.com\/site\/wp-json\/wp\/v2\/comments?post=20986"}],"version-history":[{"count":0,"href":"https:\/\/noticiasmercedinas.com\/site\/wp-json\/wp\/v2\/posts\/20986\/revisions"}],"wp:featuredmedia":[{"embeddable":true,"href":"https:\/\/noticiasmercedinas.com\/site\/wp-json\/wp\/v2\/media\/20985"}],"wp:attachment":[{"href":"https:\/\/noticiasmercedinas.com\/site\/wp-json\/wp\/v2\/media?parent=20986"}],"wp:term":[{"taxonomy":"category","embeddable":true,"href":"https:\/\/noticiasmercedinas.com\/site\/wp-json\/wp\/v2\/categories?post=20986"},{"taxonomy":"post_tag","embeddable":true,"href":"https:\/\/noticiasmercedinas.com\/site\/wp-json\/wp\/v2\/tags?post=20986"}],"curies":[{"name":"wp","href":"https:\/\/api.w.org\/{rel}","templated":true}]}}