{"id":21020,"date":"2019-06-10T15:12:52","date_gmt":"2019-06-10T18:12:52","guid":{"rendered":"https:\/\/noticiasmercedinas.com\/site\/?p=21020"},"modified":"2019-06-10T15:12:52","modified_gmt":"2019-06-10T18:12:52","slug":"allanamientos-un-detenido-con-cuatro-frascos-de-marihuana","status":"publish","type":"post","link":"https:\/\/noticiasmercedinas.com\/site\/2019\/06\/10\/allanamientos-un-detenido-con-cuatro-frascos-de-marihuana\/","title":{"rendered":"Allanamientos: un detenido con cuatro frascos de marihuana"},"content":{"rendered":"<p><a href=\"https:\/\/noticiasmercedinas.com\/site\/wp-content\/uploads\/2019\/06\/marihuana_efectivo.png\"><img loading=\"lazy\" decoding=\"async\" class=\"alignnone size-full wp-image-21021\" src=\"https:\/\/noticiasmercedinas.com\/site\/wp-content\/uploads\/2019\/06\/marihuana_efectivo.png\" alt=\"\" width=\"640\" height=\"360\" srcset=\"https:\/\/noticiasmercedinas.com\/site\/wp-content\/uploads\/2019\/06\/marihuana_efectivo.png 640w, https:\/\/noticiasmercedinas.com\/site\/wp-content\/uploads\/2019\/06\/marihuana_efectivo-300x169.png 300w\" sizes=\"auto, (max-width: 640px) 100vw, 640px\" \/><\/a><\/p>\n<p><span style=\"color: #000000;\">Un hombre de 29 a\u00f1os qued\u00f3 detenido por \u201ctenencia de estupefacientes con fines de comercializaci\u00f3n\u201d tras una serie de allanamientos realizados el 6 de junio, en los que fueron secuestrados cuatro frascos de vidrio con marihuana y dinero en efectivo.<\/span><\/p>\n<p><span style=\"color: #000000;\">Tal como <a href=\"https:\/\/noticiasmercedinas.com\/site\/2019\/06\/06\/cuatro-allanamientos-esta-noche-contra-el-narcotrafico\/\"><strong><span style=\"color: #000080;\">inform\u00f3 NOTICIASMERCEDINAS.COM<\/span><\/strong><\/a>, en las \u00faltimas horas del jueves se llevaron a cabo tres allanamientos simult\u00e1neos en domicilios ubicados en calles 32 entre 57 y 59 y en inmediaciones de calle 30 entre 61 y 63 de esta ciudad.<\/span><\/p>\n<p><span style=\"color: #000000;\">El operativo estuvo a cargo de la Delegaci\u00f3n Mercedes de Investigaciones del Tr\u00e1fico de Drogas Il\u00edcitas en conjunto con la Polic\u00eda Comunal, a instancias de la Ayudant\u00eda Fiscal especializada en estupefacientes a cargo de Gabriel Courtade, quien solicit\u00f3 la medida ante el Juzgado de Garant\u00edas N\u00ba 2.<\/span><\/p>\n<p><span style=\"color: #000000;\">Inform\u00f3 el Ministerio P\u00fablico Fiscal que la investigaci\u00f3n se inici\u00f3 el 15 de marzo tras un llamado telef\u00f3nico an\u00f3nimo que daba cuenta de las maniobras de comercializaci\u00f3n de estupefacientes en la zona donde finalmente se desarrollaron los allanamientos. <\/span><\/p>\n<p><a href=\"https:\/\/noticiasmercedinas.com\/site\/wp-content\/uploads\/2019\/06\/marihuana_detenido.png\"><img loading=\"lazy\" decoding=\"async\" class=\"alignnone size-full wp-image-21022\" src=\"https:\/\/noticiasmercedinas.com\/site\/wp-content\/uploads\/2019\/06\/marihuana_detenido.png\" alt=\"\" width=\"640\" height=\"400\" srcset=\"https:\/\/noticiasmercedinas.com\/site\/wp-content\/uploads\/2019\/06\/marihuana_detenido.png 640w, https:\/\/noticiasmercedinas.com\/site\/wp-content\/uploads\/2019\/06\/marihuana_detenido-300x188.png 300w\" sizes=\"auto, (max-width: 640px) 100vw, 640px\" \/><\/a><\/p>\n","protected":false},"excerpt":{"rendered":"<p>Un hombre de 29 a\u00f1os qued\u00f3 detenido por \u201ctenencia de estupefacientes con fines de comercializaci\u00f3n\u201d tras una serie de allanamientos realizados el 6 de junio, en los que fueron secuestrados cuatro frascos de vidrio con marihuana y dinero en efectivo. Tal como inform\u00f3 NOTICIASMERCEDINAS.COM, en las \u00faltimas horas del jueves se llevaron a cabo tres [&hellip;]<\/p>\n","protected":false},"author":16,"featured_media":21021,"comment_status":"open","ping_status":"open","sticky":false,"template":"","format":"standard","meta":{"footnotes":""},"categories":[7],"tags":[5211,3033,5243],"class_list":["post-21020","post","type-post","status-publish","format-standard","has-post-thumbnail","hentry","category-policiales","tag-allanamientos","tag-marihuana","tag-ministerio-publico-fiscal"],"yoast_head":"<!-- This site is optimized with the Yoast SEO plugin v27.4 - https:\/\/yoast.com\/product\/yoast-seo-wordpress\/ -->\n<title>Allanamientos: un detenido con cuatro frascos de marihuana<\/title>\n<meta name=\"robots\" content=\"index, follow, max-snippet:-1, max-image-preview:large, max-video-preview:-1\" \/>\n<link rel=\"canonical\" href=\"https:\/\/noticiasmercedinas.com\/site\/2019\/06\/10\/allanamientos-un-detenido-con-cuatro-frascos-de-marihuana\/\" \/>\n<meta property=\"og:locale\" content=\"es_ES\" \/>\n<meta property=\"og:type\" content=\"article\" \/>\n<meta property=\"og:title\" content=\"Allanamientos: un detenido con cuatro frascos de marihuana\" \/>\n<meta property=\"og:description\" content=\"Un hombre de 29 a\u00f1os qued\u00f3 detenido por \u201ctenencia de estupefacientes con fines de comercializaci\u00f3n\u201d tras una serie de allanamientos realizados el 6 de junio, en los que fueron secuestrados cuatro frascos de vidrio con marihuana y dinero en efectivo. Tal como inform\u00f3 NOTICIASMERCEDINAS.COM, en las \u00faltimas horas del jueves se llevaron a cabo tres [&hellip;]\" \/>\n<meta property=\"og:url\" content=\"https:\/\/noticiasmercedinas.com\/site\/2019\/06\/10\/allanamientos-un-detenido-con-cuatro-frascos-de-marihuana\/\" \/>\n<meta property=\"og:site_name\" content=\"NOTICIASMERCEDINAS.COM\" \/>\n<meta property=\"article:publisher\" content=\"https:\/\/www.facebook.com\/noticiasmercedinas\/\" \/>\n<meta property=\"article:published_time\" content=\"2019-06-10T18:12:52+00:00\" \/>\n<meta property=\"og:image\" content=\"https:\/\/noticiasmercedinas.com\/site\/wp-content\/uploads\/2019\/06\/marihuana_efectivo.png\" \/>\n\t<meta property=\"og:image:width\" content=\"640\" \/>\n\t<meta property=\"og:image:height\" content=\"360\" \/>\n\t<meta property=\"og:image:type\" content=\"image\/png\" \/>\n<meta name=\"author\" content=\"NOTICIASMERCEDINAS.COM\" \/>\n<meta name=\"twitter:card\" content=\"summary_large_image\" \/>\n<meta name=\"twitter:creator\" content=\"@notmercedinas\" \/>\n<meta name=\"twitter:site\" content=\"@notmercedinas\" \/>\n<meta name=\"twitter:label1\" content=\"Escrito por\" \/>\n\t<meta name=\"twitter:data1\" content=\"NOTICIASMERCEDINAS.COM\" \/>\n\t<meta name=\"twitter:label2\" content=\"Tiempo de lectura\" \/>\n\t<meta name=\"twitter:data2\" content=\"1 minuto\" \/>\n<script type=\"application\/ld+json\" class=\"yoast-schema-graph\">{\"@context\":\"https:\\\/\\\/schema.org\",\"@graph\":[{\"@type\":\"Article\",\"@id\":\"https:\\\/\\\/noticiasmercedinas.com\\\/site\\\/2019\\\/06\\\/10\\\/allanamientos-un-detenido-con-cuatro-frascos-de-marihuana\\\/#article\",\"isPartOf\":{\"@id\":\"https:\\\/\\\/noticiasmercedinas.com\\\/site\\\/2019\\\/06\\\/10\\\/allanamientos-un-detenido-con-cuatro-frascos-de-marihuana\\\/\"},\"author\":{\"name\":\"NOTICIASMERCEDINAS.COM\",\"@id\":\"https:\\\/\\\/noticiasmercedinas.com\\\/site\\\/#\\\/schema\\\/person\\\/84b59c099c28ff2e8b77d4ceec5d8063\"},\"headline\":\"Allanamientos: un detenido con cuatro frascos de marihuana\",\"datePublished\":\"2019-06-10T18:12:52+00:00\",\"mainEntityOfPage\":{\"@id\":\"https:\\\/\\\/noticiasmercedinas.com\\\/site\\\/2019\\\/06\\\/10\\\/allanamientos-un-detenido-con-cuatro-frascos-de-marihuana\\\/\"},\"wordCount\":178,\"commentCount\":0,\"publisher\":{\"@id\":\"https:\\\/\\\/noticiasmercedinas.com\\\/site\\\/#organization\"},\"image\":{\"@id\":\"https:\\\/\\\/noticiasmercedinas.com\\\/site\\\/2019\\\/06\\\/10\\\/allanamientos-un-detenido-con-cuatro-frascos-de-marihuana\\\/#primaryimage\"},\"thumbnailUrl\":\"https:\\\/\\\/noticiasmercedinas.com\\\/site\\\/wp-content\\\/uploads\\\/2019\\\/06\\\/marihuana_efectivo.png\",\"keywords\":[\"Allanamientos\",\"Marihuana\",\"Ministerio P\u00fablico Fiscal\"],\"articleSection\":[\"Seguridad\"],\"inLanguage\":\"es\",\"potentialAction\":[{\"@type\":\"CommentAction\",\"name\":\"Comment\",\"target\":[\"https:\\\/\\\/noticiasmercedinas.com\\\/site\\\/2019\\\/06\\\/10\\\/allanamientos-un-detenido-con-cuatro-frascos-de-marihuana\\\/#respond\"]}]},{\"@type\":\"WebPage\",\"@id\":\"https:\\\/\\\/noticiasmercedinas.com\\\/site\\\/2019\\\/06\\\/10\\\/allanamientos-un-detenido-con-cuatro-frascos-de-marihuana\\\/\",\"url\":\"https:\\\/\\\/noticiasmercedinas.com\\\/site\\\/2019\\\/06\\\/10\\\/allanamientos-un-detenido-con-cuatro-frascos-de-marihuana\\\/\",\"name\":\"Allanamientos: un detenido con cuatro frascos de marihuana\",\"isPartOf\":{\"@id\":\"https:\\\/\\\/noticiasmercedinas.com\\\/site\\\/#website\"},\"primaryImageOfPage\":{\"@id\":\"https:\\\/\\\/noticiasmercedinas.com\\\/site\\\/2019\\\/06\\\/10\\\/allanamientos-un-detenido-con-cuatro-frascos-de-marihuana\\\/#primaryimage\"},\"image\":{\"@id\":\"https:\\\/\\\/noticiasmercedinas.com\\\/site\\\/2019\\\/06\\\/10\\\/allanamientos-un-detenido-con-cuatro-frascos-de-marihuana\\\/#primaryimage\"},\"thumbnailUrl\":\"https:\\\/\\\/noticiasmercedinas.com\\\/site\\\/wp-content\\\/uploads\\\/2019\\\/06\\\/marihuana_efectivo.png\",\"datePublished\":\"2019-06-10T18:12:52+00:00\",\"breadcrumb\":{\"@id\":\"https:\\\/\\\/noticiasmercedinas.com\\\/site\\\/2019\\\/06\\\/10\\\/allanamientos-un-detenido-con-cuatro-frascos-de-marihuana\\\/#breadcrumb\"},\"inLanguage\":\"es\",\"potentialAction\":[{\"@type\":\"ReadAction\",\"target\":[\"https:\\\/\\\/noticiasmercedinas.com\\\/site\\\/2019\\\/06\\\/10\\\/allanamientos-un-detenido-con-cuatro-frascos-de-marihuana\\\/\"]}]},{\"@type\":\"ImageObject\",\"inLanguage\":\"es\",\"@id\":\"https:\\\/\\\/noticiasmercedinas.com\\\/site\\\/2019\\\/06\\\/10\\\/allanamientos-un-detenido-con-cuatro-frascos-de-marihuana\\\/#primaryimage\",\"url\":\"https:\\\/\\\/noticiasmercedinas.com\\\/site\\\/wp-content\\\/uploads\\\/2019\\\/06\\\/marihuana_efectivo.png\",\"contentUrl\":\"https:\\\/\\\/noticiasmercedinas.com\\\/site\\\/wp-content\\\/uploads\\\/2019\\\/06\\\/marihuana_efectivo.png\",\"width\":640,\"height\":360},{\"@type\":\"BreadcrumbList\",\"@id\":\"https:\\\/\\\/noticiasmercedinas.com\\\/site\\\/2019\\\/06\\\/10\\\/allanamientos-un-detenido-con-cuatro-frascos-de-marihuana\\\/#breadcrumb\",\"itemListElement\":[{\"@type\":\"ListItem\",\"position\":1,\"name\":\"Portada\",\"item\":\"https:\\\/\\\/noticiasmercedinas.com\\\/site\\\/\"},{\"@type\":\"ListItem\",\"position\":2,\"name\":\"Allanamientos: un detenido con cuatro frascos de marihuana\"}]},{\"@type\":\"WebSite\",\"@id\":\"https:\\\/\\\/noticiasmercedinas.com\\\/site\\\/#website\",\"url\":\"https:\\\/\\\/noticiasmercedinas.com\\\/site\\\/\",\"name\":\"NOTICIASMERCEDINAS.COM\",\"description\":\"Mercedes, Buenos Aires, Argentina\",\"publisher\":{\"@id\":\"https:\\\/\\\/noticiasmercedinas.com\\\/site\\\/#organization\"},\"potentialAction\":[{\"@type\":\"SearchAction\",\"target\":{\"@type\":\"EntryPoint\",\"urlTemplate\":\"https:\\\/\\\/noticiasmercedinas.com\\\/site\\\/?s={search_term_string}\"},\"query-input\":{\"@type\":\"PropertyValueSpecification\",\"valueRequired\":true,\"valueName\":\"search_term_string\"}}],\"inLanguage\":\"es\"},{\"@type\":\"Organization\",\"@id\":\"https:\\\/\\\/noticiasmercedinas.com\\\/site\\\/#organization\",\"name\":\"NOTICIASMERCEDINAS.COM\",\"url\":\"https:\\\/\\\/noticiasmercedinas.com\\\/site\\\/\",\"logo\":{\"@type\":\"ImageObject\",\"inLanguage\":\"es\",\"@id\":\"https:\\\/\\\/noticiasmercedinas.com\\\/site\\\/#\\\/schema\\\/logo\\\/image\\\/\",\"url\":\"https:\\\/\\\/noticiasmercedinas.com\\\/site\\\/wp-content\\\/uploads\\\/2020\\\/06\\\/LOGO-512.jpg\",\"contentUrl\":\"https:\\\/\\\/noticiasmercedinas.com\\\/site\\\/wp-content\\\/uploads\\\/2020\\\/06\\\/LOGO-512.jpg\",\"width\":512,\"height\":512,\"caption\":\"NOTICIASMERCEDINAS.COM\"},\"image\":{\"@id\":\"https:\\\/\\\/noticiasmercedinas.com\\\/site\\\/#\\\/schema\\\/logo\\\/image\\\/\"},\"sameAs\":[\"https:\\\/\\\/www.facebook.com\\\/noticiasmercedinas\\\/\",\"https:\\\/\\\/x.com\\\/notmercedinas\",\"https:\\\/\\\/www.instagram.com\\\/noticiasmercedinas\\\/\"]},{\"@type\":\"Person\",\"@id\":\"https:\\\/\\\/noticiasmercedinas.com\\\/site\\\/#\\\/schema\\\/person\\\/84b59c099c28ff2e8b77d4ceec5d8063\",\"name\":\"NOTICIASMERCEDINAS.COM\",\"image\":{\"@type\":\"ImageObject\",\"inLanguage\":\"es\",\"@id\":\"https:\\\/\\\/secure.gravatar.com\\\/avatar\\\/4dfbf16b4d17945bfb6341b2d19043457132fcf478a5ee04f42e959fd8f5df0a?s=96&d=mm&r=g\",\"url\":\"https:\\\/\\\/secure.gravatar.com\\\/avatar\\\/4dfbf16b4d17945bfb6341b2d19043457132fcf478a5ee04f42e959fd8f5df0a?s=96&d=mm&r=g\",\"contentUrl\":\"https:\\\/\\\/secure.gravatar.com\\\/avatar\\\/4dfbf16b4d17945bfb6341b2d19043457132fcf478a5ee04f42e959fd8f5df0a?s=96&d=mm&r=g\",\"caption\":\"NOTICIASMERCEDINAS.COM\"},\"url\":\"https:\\\/\\\/noticiasmercedinas.com\\\/site\\\/author\\\/anonimo\\\/\"}]}<\/script>\n<!-- \/ Yoast SEO plugin. -->","yoast_head_json":{"title":"Allanamientos: un detenido con cuatro frascos de marihuana","robots":{"index":"index","follow":"follow","max-snippet":"max-snippet:-1","max-image-preview":"max-image-preview:large","max-video-preview":"max-video-preview:-1"},"canonical":"https:\/\/noticiasmercedinas.com\/site\/2019\/06\/10\/allanamientos-un-detenido-con-cuatro-frascos-de-marihuana\/","og_locale":"es_ES","og_type":"article","og_title":"Allanamientos: un detenido con cuatro frascos de marihuana","og_description":"Un hombre de 29 a\u00f1os qued\u00f3 detenido por \u201ctenencia de estupefacientes con fines de comercializaci\u00f3n\u201d tras una serie de allanamientos realizados el 6 de junio, en los que fueron secuestrados cuatro frascos de vidrio con marihuana y dinero en efectivo. Tal como inform\u00f3 NOTICIASMERCEDINAS.COM, en las \u00faltimas horas del jueves se llevaron a cabo tres [&hellip;]","og_url":"https:\/\/noticiasmercedinas.com\/site\/2019\/06\/10\/allanamientos-un-detenido-con-cuatro-frascos-de-marihuana\/","og_site_name":"NOTICIASMERCEDINAS.COM","article_publisher":"https:\/\/www.facebook.com\/noticiasmercedinas\/","article_published_time":"2019-06-10T18:12:52+00:00","og_image":[{"width":640,"height":360,"url":"https:\/\/noticiasmercedinas.com\/site\/wp-content\/uploads\/2019\/06\/marihuana_efectivo.png","type":"image\/png"}],"author":"NOTICIASMERCEDINAS.COM","twitter_card":"summary_large_image","twitter_creator":"@notmercedinas","twitter_site":"@notmercedinas","twitter_misc":{"Escrito por":"NOTICIASMERCEDINAS.COM","Tiempo de lectura":"1 minuto"},"schema":{"@context":"https:\/\/schema.org","@graph":[{"@type":"Article","@id":"https:\/\/noticiasmercedinas.com\/site\/2019\/06\/10\/allanamientos-un-detenido-con-cuatro-frascos-de-marihuana\/#article","isPartOf":{"@id":"https:\/\/noticiasmercedinas.com\/site\/2019\/06\/10\/allanamientos-un-detenido-con-cuatro-frascos-de-marihuana\/"},"author":{"name":"NOTICIASMERCEDINAS.COM","@id":"https:\/\/noticiasmercedinas.com\/site\/#\/schema\/person\/84b59c099c28ff2e8b77d4ceec5d8063"},"headline":"Allanamientos: un detenido con cuatro frascos de marihuana","datePublished":"2019-06-10T18:12:52+00:00","mainEntityOfPage":{"@id":"https:\/\/noticiasmercedinas.com\/site\/2019\/06\/10\/allanamientos-un-detenido-con-cuatro-frascos-de-marihuana\/"},"wordCount":178,"commentCount":0,"publisher":{"@id":"https:\/\/noticiasmercedinas.com\/site\/#organization"},"image":{"@id":"https:\/\/noticiasmercedinas.com\/site\/2019\/06\/10\/allanamientos-un-detenido-con-cuatro-frascos-de-marihuana\/#primaryimage"},"thumbnailUrl":"https:\/\/noticiasmercedinas.com\/site\/wp-content\/uploads\/2019\/06\/marihuana_efectivo.png","keywords":["Allanamientos","Marihuana","Ministerio P\u00fablico Fiscal"],"articleSection":["Seguridad"],"inLanguage":"es","potentialAction":[{"@type":"CommentAction","name":"Comment","target":["https:\/\/noticiasmercedinas.com\/site\/2019\/06\/10\/allanamientos-un-detenido-con-cuatro-frascos-de-marihuana\/#respond"]}]},{"@type":"WebPage","@id":"https:\/\/noticiasmercedinas.com\/site\/2019\/06\/10\/allanamientos-un-detenido-con-cuatro-frascos-de-marihuana\/","url":"https:\/\/noticiasmercedinas.com\/site\/2019\/06\/10\/allanamientos-un-detenido-con-cuatro-frascos-de-marihuana\/","name":"Allanamientos: un detenido con cuatro frascos de marihuana","isPartOf":{"@id":"https:\/\/noticiasmercedinas.com\/site\/#website"},"primaryImageOfPage":{"@id":"https:\/\/noticiasmercedinas.com\/site\/2019\/06\/10\/allanamientos-un-detenido-con-cuatro-frascos-de-marihuana\/#primaryimage"},"image":{"@id":"https:\/\/noticiasmercedinas.com\/site\/2019\/06\/10\/allanamientos-un-detenido-con-cuatro-frascos-de-marihuana\/#primaryimage"},"thumbnailUrl":"https:\/\/noticiasmercedinas.com\/site\/wp-content\/uploads\/2019\/06\/marihuana_efectivo.png","datePublished":"2019-06-10T18:12:52+00:00","breadcrumb":{"@id":"https:\/\/noticiasmercedinas.com\/site\/2019\/06\/10\/allanamientos-un-detenido-con-cuatro-frascos-de-marihuana\/#breadcrumb"},"inLanguage":"es","potentialAction":[{"@type":"ReadAction","target":["https:\/\/noticiasmercedinas.com\/site\/2019\/06\/10\/allanamientos-un-detenido-con-cuatro-frascos-de-marihuana\/"]}]},{"@type":"ImageObject","inLanguage":"es","@id":"https:\/\/noticiasmercedinas.com\/site\/2019\/06\/10\/allanamientos-un-detenido-con-cuatro-frascos-de-marihuana\/#primaryimage","url":"https:\/\/noticiasmercedinas.com\/site\/wp-content\/uploads\/2019\/06\/marihuana_efectivo.png","contentUrl":"https:\/\/noticiasmercedinas.com\/site\/wp-content\/uploads\/2019\/06\/marihuana_efectivo.png","width":640,"height":360},{"@type":"BreadcrumbList","@id":"https:\/\/noticiasmercedinas.com\/site\/2019\/06\/10\/allanamientos-un-detenido-con-cuatro-frascos-de-marihuana\/#breadcrumb","itemListElement":[{"@type":"ListItem","position":1,"name":"Portada","item":"https:\/\/noticiasmercedinas.com\/site\/"},{"@type":"ListItem","position":2,"name":"Allanamientos: un detenido con cuatro frascos de marihuana"}]},{"@type":"WebSite","@id":"https:\/\/noticiasmercedinas.com\/site\/#website","url":"https:\/\/noticiasmercedinas.com\/site\/","name":"NOTICIASMERCEDINAS.COM","description":"Mercedes, Buenos Aires, Argentina","publisher":{"@id":"https:\/\/noticiasmercedinas.com\/site\/#organization"},"potentialAction":[{"@type":"SearchAction","target":{"@type":"EntryPoint","urlTemplate":"https:\/\/noticiasmercedinas.com\/site\/?s={search_term_string}"},"query-input":{"@type":"PropertyValueSpecification","valueRequired":true,"valueName":"search_term_string"}}],"inLanguage":"es"},{"@type":"Organization","@id":"https:\/\/noticiasmercedinas.com\/site\/#organization","name":"NOTICIASMERCEDINAS.COM","url":"https:\/\/noticiasmercedinas.com\/site\/","logo":{"@type":"ImageObject","inLanguage":"es","@id":"https:\/\/noticiasmercedinas.com\/site\/#\/schema\/logo\/image\/","url":"https:\/\/noticiasmercedinas.com\/site\/wp-content\/uploads\/2020\/06\/LOGO-512.jpg","contentUrl":"https:\/\/noticiasmercedinas.com\/site\/wp-content\/uploads\/2020\/06\/LOGO-512.jpg","width":512,"height":512,"caption":"NOTICIASMERCEDINAS.COM"},"image":{"@id":"https:\/\/noticiasmercedinas.com\/site\/#\/schema\/logo\/image\/"},"sameAs":["https:\/\/www.facebook.com\/noticiasmercedinas\/","https:\/\/x.com\/notmercedinas","https:\/\/www.instagram.com\/noticiasmercedinas\/"]},{"@type":"Person","@id":"https:\/\/noticiasmercedinas.com\/site\/#\/schema\/person\/84b59c099c28ff2e8b77d4ceec5d8063","name":"NOTICIASMERCEDINAS.COM","image":{"@type":"ImageObject","inLanguage":"es","@id":"https:\/\/secure.gravatar.com\/avatar\/4dfbf16b4d17945bfb6341b2d19043457132fcf478a5ee04f42e959fd8f5df0a?s=96&d=mm&r=g","url":"https:\/\/secure.gravatar.com\/avatar\/4dfbf16b4d17945bfb6341b2d19043457132fcf478a5ee04f42e959fd8f5df0a?s=96&d=mm&r=g","contentUrl":"https:\/\/secure.gravatar.com\/avatar\/4dfbf16b4d17945bfb6341b2d19043457132fcf478a5ee04f42e959fd8f5df0a?s=96&d=mm&r=g","caption":"NOTICIASMERCEDINAS.COM"},"url":"https:\/\/noticiasmercedinas.com\/site\/author\/anonimo\/"}]}},"amp_enabled":true,"_links":{"self":[{"href":"https:\/\/noticiasmercedinas.com\/site\/wp-json\/wp\/v2\/posts\/21020","targetHints":{"allow":["GET"]}}],"collection":[{"href":"https:\/\/noticiasmercedinas.com\/site\/wp-json\/wp\/v2\/posts"}],"about":[{"href":"https:\/\/noticiasmercedinas.com\/site\/wp-json\/wp\/v2\/types\/post"}],"author":[{"embeddable":true,"href":"https:\/\/noticiasmercedinas.com\/site\/wp-json\/wp\/v2\/users\/16"}],"replies":[{"embeddable":true,"href":"https:\/\/noticiasmercedinas.com\/site\/wp-json\/wp\/v2\/comments?post=21020"}],"version-history":[{"count":1,"href":"https:\/\/noticiasmercedinas.com\/site\/wp-json\/wp\/v2\/posts\/21020\/revisions"}],"predecessor-version":[{"id":21023,"href":"https:\/\/noticiasmercedinas.com\/site\/wp-json\/wp\/v2\/posts\/21020\/revisions\/21023"}],"wp:featuredmedia":[{"embeddable":true,"href":"https:\/\/noticiasmercedinas.com\/site\/wp-json\/wp\/v2\/media\/21021"}],"wp:attachment":[{"href":"https:\/\/noticiasmercedinas.com\/site\/wp-json\/wp\/v2\/media?parent=21020"}],"wp:term":[{"taxonomy":"category","embeddable":true,"href":"https:\/\/noticiasmercedinas.com\/site\/wp-json\/wp\/v2\/categories?post=21020"},{"taxonomy":"post_tag","embeddable":true,"href":"https:\/\/noticiasmercedinas.com\/site\/wp-json\/wp\/v2\/tags?post=21020"}],"curies":[{"name":"wp","href":"https:\/\/api.w.org\/{rel}","templated":true}]}}