{"id":21041,"date":"2019-06-10T21:23:33","date_gmt":"2019-06-11T00:23:33","guid":{"rendered":"https:\/\/noticiasmercedinas.com\/site\/2019\/06\/10\/jovenes-fueron-parte-del-proyecto-la-escuela-va-los-juicios\/"},"modified":"2019-06-11T08:10:14","modified_gmt":"2019-06-11T11:10:14","slug":"jovenes-fueron-parte-del-proyecto-la-escuela-va-los-juicios","status":"publish","type":"post","link":"https:\/\/noticiasmercedinas.com\/site\/2019\/06\/10\/jovenes-fueron-parte-del-proyecto-la-escuela-va-los-juicios\/","title":{"rendered":"J\u00f3venes fueron\u00a0parte del\u00a0proyecto \u201cLa escuela va a los juicios\u201d"},"content":{"rendered":"<p><img loading=\"lazy\" decoding=\"async\" class=\"wp-image-21040 alignnone size-full\" src=\"https:\/\/noticiasmercedinas.com\/site\/wp-content\/uploads\/2019\/06\/jym26196624407302857807.jpeg\" width=\"694\" height=\"850\" srcset=\"https:\/\/noticiasmercedinas.com\/site\/wp-content\/uploads\/2019\/06\/jym26196624407302857807.jpeg 694w, https:\/\/noticiasmercedinas.com\/site\/wp-content\/uploads\/2019\/06\/jym26196624407302857807-245x300.jpeg 245w, https:\/\/noticiasmercedinas.com\/site\/wp-content\/uploads\/2019\/06\/jym26196624407302857807-640x784.jpeg 640w, https:\/\/noticiasmercedinas.com\/site\/wp-content\/uploads\/2019\/06\/jym26196624407302857807-681x834.jpeg 681w\" sizes=\"auto, (max-width: 694px) 100vw, 694px\" \/><\/p>\n<p>Un grupo de estudiantes pertenecientes al \u201cPrograma Envi\u00f3n\u201d, a trav\u00e9s de la Coordinaci\u00f3n de Juventud fueron parte del proyecto \u201cLa escuela va a los juicios\u201d.<\/p>\n<p>Esta iniciativa que se llev\u00f3 adelante en la Ex \u2013ESMA tiene como objetivo promover en el \u00e1mbito educativo la reflexi\u00f3n acerca del proceso hist\u00f3rico, social y pol\u00edtico en el cual se enmarcan los actuales juicios por cr\u00edmenes de lesa humanidad. Algo fundamental en el sostenimiento de las pol\u00edticas de Memoria, Verdad y Justicia implementadas en nuestro pa\u00eds.<\/p>\n<p>All\u00ed se apela a la participaci\u00f3n de los j\u00f3venes en audiencias orales y p\u00fablicas en distintos juicios por cr\u00edmenes de lesa humanidad cometidos durante la \u00faltima dictadura c\u00edvico militar.<\/p>\n<p>Desde la Coordinaci\u00f3n de Juventud de la Municipalidad de Mercedes, a cargo de Eugenia C\u00f3dega, de donde depende el programa Envi\u00f3n, se promueve mediante este tipo de participaciones y actividades el compromiso con la pol\u00edtica de derechos humanos en nuestro pa\u00eds.<\/p>\n<p>El intendente Juan Ignacio Ustarroz salud\u00f3 a todos los que fueron parte de este programa e indic\u00f3: \u201cEs bueno saber que j\u00f3venes participan, desde hace mucho tiempo ya, en este tipo de propuestas que dejan muy buenos resultados y crean conciencia tanto sobre lo que pas\u00f3 como lo que pasa a nivel social e hist\u00f3rico\u201d.<\/p>\n<p>Asimismo, Ustarroz invit\u00f3 \u201ca todos los j\u00f3venes a sumarse a este tipo de iniciativas que rescatan de la memoria una \u00e9poca negra de nuestra historia como lo fue la dictadura\u201d.<\/p>\n","protected":false},"excerpt":{"rendered":"<p>Un grupo de estudiantes pertenecientes al \u201cPrograma Envi\u00f3n\u201d, a trav\u00e9s de la Coordinaci\u00f3n de Juventud fueron parte del proyecto \u201cLa escuela va a los juicios\u201d. Esta iniciativa que se llev\u00f3 adelante en la Ex \u2013ESMA tiene como objetivo promover en el \u00e1mbito educativo la reflexi\u00f3n acerca del proceso hist\u00f3rico, social y pol\u00edtico en el cual [&hellip;]<\/p>\n","protected":false},"author":16,"featured_media":21040,"comment_status":"open","ping_status":"open","sticky":false,"template":"","format":"standard","meta":{"footnotes":""},"categories":[3],"tags":[5250,768,5249,154,699],"class_list":["post-21041","post","type-post","status-publish","format-standard","has-post-thumbnail","hentry","category-sociedad","tag-coordinacion-de-juventud","tag-dictadura","tag-esma","tag-juventud","tag-memoria"],"yoast_head":"<!-- This site is optimized with the Yoast SEO plugin v27.4 - https:\/\/yoast.com\/product\/yoast-seo-wordpress\/ -->\n<title>J\u00f3venes fueron\u00a0parte del\u00a0proyecto \u201cLa escuela va a los juicios\u201d<\/title>\n<meta name=\"robots\" content=\"index, follow, max-snippet:-1, max-image-preview:large, max-video-preview:-1\" \/>\n<link rel=\"canonical\" href=\"https:\/\/noticiasmercedinas.com\/site\/2019\/06\/10\/jovenes-fueron-parte-del-proyecto-la-escuela-va-los-juicios\/\" \/>\n<meta property=\"og:locale\" content=\"es_ES\" \/>\n<meta property=\"og:type\" content=\"article\" \/>\n<meta property=\"og:title\" content=\"J\u00f3venes fueron\u00a0parte del\u00a0proyecto \u201cLa escuela va a los juicios\u201d\" \/>\n<meta property=\"og:description\" content=\"Un grupo de estudiantes pertenecientes al \u201cPrograma Envi\u00f3n\u201d, a trav\u00e9s de la Coordinaci\u00f3n de Juventud fueron parte del proyecto \u201cLa escuela va a los juicios\u201d. Esta iniciativa que se llev\u00f3 adelante en la Ex \u2013ESMA tiene como objetivo promover en el \u00e1mbito educativo la reflexi\u00f3n acerca del proceso hist\u00f3rico, social y pol\u00edtico en el cual [&hellip;]\" \/>\n<meta property=\"og:url\" content=\"https:\/\/noticiasmercedinas.com\/site\/2019\/06\/10\/jovenes-fueron-parte-del-proyecto-la-escuela-va-los-juicios\/\" \/>\n<meta property=\"og:site_name\" content=\"NOTICIASMERCEDINAS.COM\" \/>\n<meta property=\"article:publisher\" content=\"https:\/\/www.facebook.com\/noticiasmercedinas\/\" \/>\n<meta property=\"article:published_time\" content=\"2019-06-11T00:23:33+00:00\" \/>\n<meta property=\"article:modified_time\" content=\"2019-06-11T11:10:14+00:00\" \/>\n<meta property=\"og:image\" content=\"https:\/\/noticiasmercedinas.com\/site\/wp-content\/uploads\/2019\/06\/jym26196624407302857807.jpeg\" \/>\n\t<meta property=\"og:image:width\" content=\"694\" \/>\n\t<meta property=\"og:image:height\" content=\"850\" \/>\n\t<meta property=\"og:image:type\" content=\"image\/jpeg\" \/>\n<meta name=\"author\" content=\"NOTICIASMERCEDINAS.COM\" \/>\n<meta name=\"twitter:card\" content=\"summary_large_image\" \/>\n<meta name=\"twitter:creator\" content=\"@notmercedinas\" \/>\n<meta name=\"twitter:site\" content=\"@notmercedinas\" \/>\n<meta name=\"twitter:label1\" content=\"Escrito por\" \/>\n\t<meta name=\"twitter:data1\" content=\"NOTICIASMERCEDINAS.COM\" \/>\n\t<meta name=\"twitter:label2\" content=\"Tiempo de lectura\" \/>\n\t<meta name=\"twitter:data2\" content=\"1 minuto\" \/>\n<script type=\"application\/ld+json\" class=\"yoast-schema-graph\">{\"@context\":\"https:\\\/\\\/schema.org\",\"@graph\":[{\"@type\":\"Article\",\"@id\":\"https:\\\/\\\/noticiasmercedinas.com\\\/site\\\/2019\\\/06\\\/10\\\/jovenes-fueron-parte-del-proyecto-la-escuela-va-los-juicios\\\/#article\",\"isPartOf\":{\"@id\":\"https:\\\/\\\/noticiasmercedinas.com\\\/site\\\/2019\\\/06\\\/10\\\/jovenes-fueron-parte-del-proyecto-la-escuela-va-los-juicios\\\/\"},\"author\":{\"name\":\"NOTICIASMERCEDINAS.COM\",\"@id\":\"https:\\\/\\\/noticiasmercedinas.com\\\/site\\\/#\\\/schema\\\/person\\\/84b59c099c28ff2e8b77d4ceec5d8063\"},\"headline\":\"J\u00f3venes fueron\u00a0parte del\u00a0proyecto \u201cLa escuela va a los juicios\u201d\",\"datePublished\":\"2019-06-11T00:23:33+00:00\",\"dateModified\":\"2019-06-11T11:10:14+00:00\",\"mainEntityOfPage\":{\"@id\":\"https:\\\/\\\/noticiasmercedinas.com\\\/site\\\/2019\\\/06\\\/10\\\/jovenes-fueron-parte-del-proyecto-la-escuela-va-los-juicios\\\/\"},\"wordCount\":271,\"commentCount\":0,\"publisher\":{\"@id\":\"https:\\\/\\\/noticiasmercedinas.com\\\/site\\\/#organization\"},\"image\":{\"@id\":\"https:\\\/\\\/noticiasmercedinas.com\\\/site\\\/2019\\\/06\\\/10\\\/jovenes-fueron-parte-del-proyecto-la-escuela-va-los-juicios\\\/#primaryimage\"},\"thumbnailUrl\":\"https:\\\/\\\/noticiasmercedinas.com\\\/site\\\/wp-content\\\/uploads\\\/2019\\\/06\\\/jym26196624407302857807.jpeg\",\"keywords\":[\"coordinaci\u00f3n de juventud\",\"dictadura\",\"esma\",\"juventud\",\"memoria\"],\"articleSection\":[\"Sociedad\"],\"inLanguage\":\"es\",\"potentialAction\":[{\"@type\":\"CommentAction\",\"name\":\"Comment\",\"target\":[\"https:\\\/\\\/noticiasmercedinas.com\\\/site\\\/2019\\\/06\\\/10\\\/jovenes-fueron-parte-del-proyecto-la-escuela-va-los-juicios\\\/#respond\"]}]},{\"@type\":\"WebPage\",\"@id\":\"https:\\\/\\\/noticiasmercedinas.com\\\/site\\\/2019\\\/06\\\/10\\\/jovenes-fueron-parte-del-proyecto-la-escuela-va-los-juicios\\\/\",\"url\":\"https:\\\/\\\/noticiasmercedinas.com\\\/site\\\/2019\\\/06\\\/10\\\/jovenes-fueron-parte-del-proyecto-la-escuela-va-los-juicios\\\/\",\"name\":\"J\u00f3venes fueron\u00a0parte del\u00a0proyecto \u201cLa escuela va a los juicios\u201d\",\"isPartOf\":{\"@id\":\"https:\\\/\\\/noticiasmercedinas.com\\\/site\\\/#website\"},\"primaryImageOfPage\":{\"@id\":\"https:\\\/\\\/noticiasmercedinas.com\\\/site\\\/2019\\\/06\\\/10\\\/jovenes-fueron-parte-del-proyecto-la-escuela-va-los-juicios\\\/#primaryimage\"},\"image\":{\"@id\":\"https:\\\/\\\/noticiasmercedinas.com\\\/site\\\/2019\\\/06\\\/10\\\/jovenes-fueron-parte-del-proyecto-la-escuela-va-los-juicios\\\/#primaryimage\"},\"thumbnailUrl\":\"https:\\\/\\\/noticiasmercedinas.com\\\/site\\\/wp-content\\\/uploads\\\/2019\\\/06\\\/jym26196624407302857807.jpeg\",\"datePublished\":\"2019-06-11T00:23:33+00:00\",\"dateModified\":\"2019-06-11T11:10:14+00:00\",\"breadcrumb\":{\"@id\":\"https:\\\/\\\/noticiasmercedinas.com\\\/site\\\/2019\\\/06\\\/10\\\/jovenes-fueron-parte-del-proyecto-la-escuela-va-los-juicios\\\/#breadcrumb\"},\"inLanguage\":\"es\",\"potentialAction\":[{\"@type\":\"ReadAction\",\"target\":[\"https:\\\/\\\/noticiasmercedinas.com\\\/site\\\/2019\\\/06\\\/10\\\/jovenes-fueron-parte-del-proyecto-la-escuela-va-los-juicios\\\/\"]}]},{\"@type\":\"ImageObject\",\"inLanguage\":\"es\",\"@id\":\"https:\\\/\\\/noticiasmercedinas.com\\\/site\\\/2019\\\/06\\\/10\\\/jovenes-fueron-parte-del-proyecto-la-escuela-va-los-juicios\\\/#primaryimage\",\"url\":\"https:\\\/\\\/noticiasmercedinas.com\\\/site\\\/wp-content\\\/uploads\\\/2019\\\/06\\\/jym26196624407302857807.jpeg\",\"contentUrl\":\"https:\\\/\\\/noticiasmercedinas.com\\\/site\\\/wp-content\\\/uploads\\\/2019\\\/06\\\/jym26196624407302857807.jpeg\",\"width\":694,\"height\":850},{\"@type\":\"BreadcrumbList\",\"@id\":\"https:\\\/\\\/noticiasmercedinas.com\\\/site\\\/2019\\\/06\\\/10\\\/jovenes-fueron-parte-del-proyecto-la-escuela-va-los-juicios\\\/#breadcrumb\",\"itemListElement\":[{\"@type\":\"ListItem\",\"position\":1,\"name\":\"Portada\",\"item\":\"https:\\\/\\\/noticiasmercedinas.com\\\/site\\\/\"},{\"@type\":\"ListItem\",\"position\":2,\"name\":\"J\u00f3venes fueron\u00a0parte del\u00a0proyecto \u201cLa escuela va a los juicios\u201d\"}]},{\"@type\":\"WebSite\",\"@id\":\"https:\\\/\\\/noticiasmercedinas.com\\\/site\\\/#website\",\"url\":\"https:\\\/\\\/noticiasmercedinas.com\\\/site\\\/\",\"name\":\"NOTICIASMERCEDINAS.COM\",\"description\":\"Mercedes, Buenos Aires, Argentina\",\"publisher\":{\"@id\":\"https:\\\/\\\/noticiasmercedinas.com\\\/site\\\/#organization\"},\"potentialAction\":[{\"@type\":\"SearchAction\",\"target\":{\"@type\":\"EntryPoint\",\"urlTemplate\":\"https:\\\/\\\/noticiasmercedinas.com\\\/site\\\/?s={search_term_string}\"},\"query-input\":{\"@type\":\"PropertyValueSpecification\",\"valueRequired\":true,\"valueName\":\"search_term_string\"}}],\"inLanguage\":\"es\"},{\"@type\":\"Organization\",\"@id\":\"https:\\\/\\\/noticiasmercedinas.com\\\/site\\\/#organization\",\"name\":\"NOTICIASMERCEDINAS.COM\",\"url\":\"https:\\\/\\\/noticiasmercedinas.com\\\/site\\\/\",\"logo\":{\"@type\":\"ImageObject\",\"inLanguage\":\"es\",\"@id\":\"https:\\\/\\\/noticiasmercedinas.com\\\/site\\\/#\\\/schema\\\/logo\\\/image\\\/\",\"url\":\"https:\\\/\\\/noticiasmercedinas.com\\\/site\\\/wp-content\\\/uploads\\\/2020\\\/06\\\/LOGO-512.jpg\",\"contentUrl\":\"https:\\\/\\\/noticiasmercedinas.com\\\/site\\\/wp-content\\\/uploads\\\/2020\\\/06\\\/LOGO-512.jpg\",\"width\":512,\"height\":512,\"caption\":\"NOTICIASMERCEDINAS.COM\"},\"image\":{\"@id\":\"https:\\\/\\\/noticiasmercedinas.com\\\/site\\\/#\\\/schema\\\/logo\\\/image\\\/\"},\"sameAs\":[\"https:\\\/\\\/www.facebook.com\\\/noticiasmercedinas\\\/\",\"https:\\\/\\\/x.com\\\/notmercedinas\",\"https:\\\/\\\/www.instagram.com\\\/noticiasmercedinas\\\/\"]},{\"@type\":\"Person\",\"@id\":\"https:\\\/\\\/noticiasmercedinas.com\\\/site\\\/#\\\/schema\\\/person\\\/84b59c099c28ff2e8b77d4ceec5d8063\",\"name\":\"NOTICIASMERCEDINAS.COM\",\"image\":{\"@type\":\"ImageObject\",\"inLanguage\":\"es\",\"@id\":\"https:\\\/\\\/secure.gravatar.com\\\/avatar\\\/4dfbf16b4d17945bfb6341b2d19043457132fcf478a5ee04f42e959fd8f5df0a?s=96&d=mm&r=g\",\"url\":\"https:\\\/\\\/secure.gravatar.com\\\/avatar\\\/4dfbf16b4d17945bfb6341b2d19043457132fcf478a5ee04f42e959fd8f5df0a?s=96&d=mm&r=g\",\"contentUrl\":\"https:\\\/\\\/secure.gravatar.com\\\/avatar\\\/4dfbf16b4d17945bfb6341b2d19043457132fcf478a5ee04f42e959fd8f5df0a?s=96&d=mm&r=g\",\"caption\":\"NOTICIASMERCEDINAS.COM\"},\"url\":\"https:\\\/\\\/noticiasmercedinas.com\\\/site\\\/author\\\/anonimo\\\/\"}]}<\/script>\n<!-- \/ Yoast SEO plugin. -->","yoast_head_json":{"title":"J\u00f3venes fueron\u00a0parte del\u00a0proyecto \u201cLa escuela va a los juicios\u201d","robots":{"index":"index","follow":"follow","max-snippet":"max-snippet:-1","max-image-preview":"max-image-preview:large","max-video-preview":"max-video-preview:-1"},"canonical":"https:\/\/noticiasmercedinas.com\/site\/2019\/06\/10\/jovenes-fueron-parte-del-proyecto-la-escuela-va-los-juicios\/","og_locale":"es_ES","og_type":"article","og_title":"J\u00f3venes fueron\u00a0parte del\u00a0proyecto \u201cLa escuela va a los juicios\u201d","og_description":"Un grupo de estudiantes pertenecientes al \u201cPrograma Envi\u00f3n\u201d, a trav\u00e9s de la Coordinaci\u00f3n de Juventud fueron parte del proyecto \u201cLa escuela va a los juicios\u201d. Esta iniciativa que se llev\u00f3 adelante en la Ex \u2013ESMA tiene como objetivo promover en el \u00e1mbito educativo la reflexi\u00f3n acerca del proceso hist\u00f3rico, social y pol\u00edtico en el cual [&hellip;]","og_url":"https:\/\/noticiasmercedinas.com\/site\/2019\/06\/10\/jovenes-fueron-parte-del-proyecto-la-escuela-va-los-juicios\/","og_site_name":"NOTICIASMERCEDINAS.COM","article_publisher":"https:\/\/www.facebook.com\/noticiasmercedinas\/","article_published_time":"2019-06-11T00:23:33+00:00","article_modified_time":"2019-06-11T11:10:14+00:00","og_image":[{"width":694,"height":850,"url":"https:\/\/noticiasmercedinas.com\/site\/wp-content\/uploads\/2019\/06\/jym26196624407302857807.jpeg","type":"image\/jpeg"}],"author":"NOTICIASMERCEDINAS.COM","twitter_card":"summary_large_image","twitter_creator":"@notmercedinas","twitter_site":"@notmercedinas","twitter_misc":{"Escrito por":"NOTICIASMERCEDINAS.COM","Tiempo de lectura":"1 minuto"},"schema":{"@context":"https:\/\/schema.org","@graph":[{"@type":"Article","@id":"https:\/\/noticiasmercedinas.com\/site\/2019\/06\/10\/jovenes-fueron-parte-del-proyecto-la-escuela-va-los-juicios\/#article","isPartOf":{"@id":"https:\/\/noticiasmercedinas.com\/site\/2019\/06\/10\/jovenes-fueron-parte-del-proyecto-la-escuela-va-los-juicios\/"},"author":{"name":"NOTICIASMERCEDINAS.COM","@id":"https:\/\/noticiasmercedinas.com\/site\/#\/schema\/person\/84b59c099c28ff2e8b77d4ceec5d8063"},"headline":"J\u00f3venes fueron\u00a0parte del\u00a0proyecto \u201cLa escuela va a los juicios\u201d","datePublished":"2019-06-11T00:23:33+00:00","dateModified":"2019-06-11T11:10:14+00:00","mainEntityOfPage":{"@id":"https:\/\/noticiasmercedinas.com\/site\/2019\/06\/10\/jovenes-fueron-parte-del-proyecto-la-escuela-va-los-juicios\/"},"wordCount":271,"commentCount":0,"publisher":{"@id":"https:\/\/noticiasmercedinas.com\/site\/#organization"},"image":{"@id":"https:\/\/noticiasmercedinas.com\/site\/2019\/06\/10\/jovenes-fueron-parte-del-proyecto-la-escuela-va-los-juicios\/#primaryimage"},"thumbnailUrl":"https:\/\/noticiasmercedinas.com\/site\/wp-content\/uploads\/2019\/06\/jym26196624407302857807.jpeg","keywords":["coordinaci\u00f3n de juventud","dictadura","esma","juventud","memoria"],"articleSection":["Sociedad"],"inLanguage":"es","potentialAction":[{"@type":"CommentAction","name":"Comment","target":["https:\/\/noticiasmercedinas.com\/site\/2019\/06\/10\/jovenes-fueron-parte-del-proyecto-la-escuela-va-los-juicios\/#respond"]}]},{"@type":"WebPage","@id":"https:\/\/noticiasmercedinas.com\/site\/2019\/06\/10\/jovenes-fueron-parte-del-proyecto-la-escuela-va-los-juicios\/","url":"https:\/\/noticiasmercedinas.com\/site\/2019\/06\/10\/jovenes-fueron-parte-del-proyecto-la-escuela-va-los-juicios\/","name":"J\u00f3venes fueron\u00a0parte del\u00a0proyecto \u201cLa escuela va a los juicios\u201d","isPartOf":{"@id":"https:\/\/noticiasmercedinas.com\/site\/#website"},"primaryImageOfPage":{"@id":"https:\/\/noticiasmercedinas.com\/site\/2019\/06\/10\/jovenes-fueron-parte-del-proyecto-la-escuela-va-los-juicios\/#primaryimage"},"image":{"@id":"https:\/\/noticiasmercedinas.com\/site\/2019\/06\/10\/jovenes-fueron-parte-del-proyecto-la-escuela-va-los-juicios\/#primaryimage"},"thumbnailUrl":"https:\/\/noticiasmercedinas.com\/site\/wp-content\/uploads\/2019\/06\/jym26196624407302857807.jpeg","datePublished":"2019-06-11T00:23:33+00:00","dateModified":"2019-06-11T11:10:14+00:00","breadcrumb":{"@id":"https:\/\/noticiasmercedinas.com\/site\/2019\/06\/10\/jovenes-fueron-parte-del-proyecto-la-escuela-va-los-juicios\/#breadcrumb"},"inLanguage":"es","potentialAction":[{"@type":"ReadAction","target":["https:\/\/noticiasmercedinas.com\/site\/2019\/06\/10\/jovenes-fueron-parte-del-proyecto-la-escuela-va-los-juicios\/"]}]},{"@type":"ImageObject","inLanguage":"es","@id":"https:\/\/noticiasmercedinas.com\/site\/2019\/06\/10\/jovenes-fueron-parte-del-proyecto-la-escuela-va-los-juicios\/#primaryimage","url":"https:\/\/noticiasmercedinas.com\/site\/wp-content\/uploads\/2019\/06\/jym26196624407302857807.jpeg","contentUrl":"https:\/\/noticiasmercedinas.com\/site\/wp-content\/uploads\/2019\/06\/jym26196624407302857807.jpeg","width":694,"height":850},{"@type":"BreadcrumbList","@id":"https:\/\/noticiasmercedinas.com\/site\/2019\/06\/10\/jovenes-fueron-parte-del-proyecto-la-escuela-va-los-juicios\/#breadcrumb","itemListElement":[{"@type":"ListItem","position":1,"name":"Portada","item":"https:\/\/noticiasmercedinas.com\/site\/"},{"@type":"ListItem","position":2,"name":"J\u00f3venes fueron\u00a0parte del\u00a0proyecto \u201cLa escuela va a los juicios\u201d"}]},{"@type":"WebSite","@id":"https:\/\/noticiasmercedinas.com\/site\/#website","url":"https:\/\/noticiasmercedinas.com\/site\/","name":"NOTICIASMERCEDINAS.COM","description":"Mercedes, Buenos Aires, Argentina","publisher":{"@id":"https:\/\/noticiasmercedinas.com\/site\/#organization"},"potentialAction":[{"@type":"SearchAction","target":{"@type":"EntryPoint","urlTemplate":"https:\/\/noticiasmercedinas.com\/site\/?s={search_term_string}"},"query-input":{"@type":"PropertyValueSpecification","valueRequired":true,"valueName":"search_term_string"}}],"inLanguage":"es"},{"@type":"Organization","@id":"https:\/\/noticiasmercedinas.com\/site\/#organization","name":"NOTICIASMERCEDINAS.COM","url":"https:\/\/noticiasmercedinas.com\/site\/","logo":{"@type":"ImageObject","inLanguage":"es","@id":"https:\/\/noticiasmercedinas.com\/site\/#\/schema\/logo\/image\/","url":"https:\/\/noticiasmercedinas.com\/site\/wp-content\/uploads\/2020\/06\/LOGO-512.jpg","contentUrl":"https:\/\/noticiasmercedinas.com\/site\/wp-content\/uploads\/2020\/06\/LOGO-512.jpg","width":512,"height":512,"caption":"NOTICIASMERCEDINAS.COM"},"image":{"@id":"https:\/\/noticiasmercedinas.com\/site\/#\/schema\/logo\/image\/"},"sameAs":["https:\/\/www.facebook.com\/noticiasmercedinas\/","https:\/\/x.com\/notmercedinas","https:\/\/www.instagram.com\/noticiasmercedinas\/"]},{"@type":"Person","@id":"https:\/\/noticiasmercedinas.com\/site\/#\/schema\/person\/84b59c099c28ff2e8b77d4ceec5d8063","name":"NOTICIASMERCEDINAS.COM","image":{"@type":"ImageObject","inLanguage":"es","@id":"https:\/\/secure.gravatar.com\/avatar\/4dfbf16b4d17945bfb6341b2d19043457132fcf478a5ee04f42e959fd8f5df0a?s=96&d=mm&r=g","url":"https:\/\/secure.gravatar.com\/avatar\/4dfbf16b4d17945bfb6341b2d19043457132fcf478a5ee04f42e959fd8f5df0a?s=96&d=mm&r=g","contentUrl":"https:\/\/secure.gravatar.com\/avatar\/4dfbf16b4d17945bfb6341b2d19043457132fcf478a5ee04f42e959fd8f5df0a?s=96&d=mm&r=g","caption":"NOTICIASMERCEDINAS.COM"},"url":"https:\/\/noticiasmercedinas.com\/site\/author\/anonimo\/"}]}},"amp_enabled":true,"_links":{"self":[{"href":"https:\/\/noticiasmercedinas.com\/site\/wp-json\/wp\/v2\/posts\/21041","targetHints":{"allow":["GET"]}}],"collection":[{"href":"https:\/\/noticiasmercedinas.com\/site\/wp-json\/wp\/v2\/posts"}],"about":[{"href":"https:\/\/noticiasmercedinas.com\/site\/wp-json\/wp\/v2\/types\/post"}],"author":[{"embeddable":true,"href":"https:\/\/noticiasmercedinas.com\/site\/wp-json\/wp\/v2\/users\/16"}],"replies":[{"embeddable":true,"href":"https:\/\/noticiasmercedinas.com\/site\/wp-json\/wp\/v2\/comments?post=21041"}],"version-history":[{"count":1,"href":"https:\/\/noticiasmercedinas.com\/site\/wp-json\/wp\/v2\/posts\/21041\/revisions"}],"predecessor-version":[{"id":21055,"href":"https:\/\/noticiasmercedinas.com\/site\/wp-json\/wp\/v2\/posts\/21041\/revisions\/21055"}],"wp:featuredmedia":[{"embeddable":true,"href":"https:\/\/noticiasmercedinas.com\/site\/wp-json\/wp\/v2\/media\/21040"}],"wp:attachment":[{"href":"https:\/\/noticiasmercedinas.com\/site\/wp-json\/wp\/v2\/media?parent=21041"}],"wp:term":[{"taxonomy":"category","embeddable":true,"href":"https:\/\/noticiasmercedinas.com\/site\/wp-json\/wp\/v2\/categories?post=21041"},{"taxonomy":"post_tag","embeddable":true,"href":"https:\/\/noticiasmercedinas.com\/site\/wp-json\/wp\/v2\/tags?post=21041"}],"curies":[{"name":"wp","href":"https:\/\/api.w.org\/{rel}","templated":true}]}}