{"id":21089,"date":"2019-06-11T15:44:17","date_gmt":"2019-06-11T18:44:17","guid":{"rendered":"https:\/\/noticiasmercedinas.com\/site\/?p=21089"},"modified":"2019-06-11T15:44:17","modified_gmt":"2019-06-11T18:44:17","slug":"anunciaron-que-todos-los-jardines-de-infantes-de-la-provincia-van-a-tener-robotica-y-programacion","status":"publish","type":"post","link":"https:\/\/noticiasmercedinas.com\/site\/2019\/06\/11\/anunciaron-que-todos-los-jardines-de-infantes-de-la-provincia-van-a-tener-robotica-y-programacion\/","title":{"rendered":"Anunciaron que todos los jardines de infantes de la provincia van a tener rob\u00f3tica y programaci\u00f3n"},"content":{"rendered":"<p><img loading=\"lazy\" decoding=\"async\" class=\"alignnone size-large wp-image-21090\" src=\"https:\/\/noticiasmercedinas.com\/site\/wp-content\/uploads\/2019\/06\/Foto1-2-1024x678.jpg\" alt=\"\" width=\"640\" height=\"424\" srcset=\"https:\/\/noticiasmercedinas.com\/site\/wp-content\/uploads\/2019\/06\/Foto1-2-1024x678.jpg 1024w, https:\/\/noticiasmercedinas.com\/site\/wp-content\/uploads\/2019\/06\/Foto1-2-300x199.jpg 300w, https:\/\/noticiasmercedinas.com\/site\/wp-content\/uploads\/2019\/06\/Foto1-2-768x508.jpg 768w, https:\/\/noticiasmercedinas.com\/site\/wp-content\/uploads\/2019\/06\/Foto1-2-640x424.jpg 640w, https:\/\/noticiasmercedinas.com\/site\/wp-content\/uploads\/2019\/06\/Foto1-2-1280x847.jpg 1280w, https:\/\/noticiasmercedinas.com\/site\/wp-content\/uploads\/2019\/06\/Foto1-2-681x451.jpg 681w, https:\/\/noticiasmercedinas.com\/site\/wp-content\/uploads\/2019\/06\/Foto1-2-1362x902.jpg 1362w\" sizes=\"auto, (max-width: 640px) 100vw, 640px\" \/><\/p>\n<p>La gobernadora de la provincia de Buenos Aires, Mar\u00eda Eugenia Vidal, acompa\u00f1\u00f3 al presidente de la Naci\u00f3n, Mauricio Macri, en el anuncio del Plan Aprender Conectados en el nivel educativo inicial, donde sostuvo: \u201cEste plan incluye que todas las escuelas p\u00fablicas y todos los jardines de infantes de la provincia de Buenos Aires van a tener rob\u00f3tica y programaci\u00f3n. Es un paso in\u00e9dito en la Argentina y en muchos pa\u00edses de la regi\u00f3n\u201d.<\/p>\n<p>\u201cDesde la provincia empezamos con las escuelas primarias, hoy hay 2.400 que est\u00e1n trabajando con rob\u00f3tica en 5\u00ba y 6\u00ba a\u00f1o con m\u00e1s de 18 mil kits distribuidos y miles de docentes capacitados. Porque ac\u00e1 no se trata solo de entregar el equipamiento, hay que trabajar con los docentes para que ellos se apropien del equipamiento con los chicos\u201d, expres\u00f3 la mandataria desde el Jard\u00edn N\u00b0 917 de la localidad de Tres de Febrero, donde tuvo lugar el anuncio.<\/p>\n<p>\u201cLas pruebas Aprender nos dec\u00edan que los chicos necesitaban aprender mucho m\u00e1s en L\u00f3gica y Matem\u00e1ticas, y mejorar en Lengua. Y trabajamos un programa especial en conjunto con el ministro nacional de Educaci\u00f3n, y mejoramos much\u00edsimo el aprendizaje de Lengua. Empezamos a entender que para que los chicos aprendieran mejor Matem\u00e1ticas y L\u00f3gica, un camino era incorporar las nuevas tecnolog\u00edas, la rob\u00f3tica y la programaci\u00f3n\u201d, agreg\u00f3 Vidal.<\/p>\n<p>Acompa\u00f1ada por el ministro de Educaci\u00f3n, Cultura, Ciencia y Tecnolog\u00eda de la Naci\u00f3n, Alejandro Finocchiaro; el intendente local, Diego Valenzuela; y el director general de Cultura y Educaci\u00f3n bonaerense, Gabriel S\u00e1nchez Zinny, Vidal manifest\u00f3: \u00a0\u201cYa hay 150 jardines en la provincia que tambi\u00e9n empezaron a trabajar con rob\u00f3tica y programaci\u00f3n. Y cuando termine esta gesti\u00f3n, el 70% de las escuelas p\u00fablicas de la provincia van a estar conectadas a internet\u201d.<br \/>\n<b><br \/>\nSobre Rob\u00f3tica en los Jardines<\/b><br \/>\nEl Gobierno de la Provincia de Buenos Aires, en conjunto con el Gobierno Nacional y a trav\u00e9s del Plan Aprender Conectados, anunciaron la implementaci\u00f3n del Plan de Rob\u00f3tica en todos los Jardines de gesti\u00f3n estatal. De esta manera, se est\u00e1 llevando adelante la alfabetizaci\u00f3n en el nivel inicial para que la educaci\u00f3n digital, por primera vez, sea una realidad en todos los niveles de la educaci\u00f3n obligatoria, y que todos los alumnos aprendan a hacer un uso seguro, responsable y cr\u00edtico de las tecnolog\u00edas.<\/p>\n<p>El Plan contempla el equipamiento tecnol\u00f3gico de los establecimientos educativos estatales y contenidos did\u00e1cticos que incluyen 2.000 recursos innovadores de ense\u00f1anza para el aula. El equipamiento tecnol\u00f3gico, que ya comenz\u00f3 a llegar a los jardines y alcanzar\u00e1 a todos en los pr\u00f3ximos meses, incluye un Aula Digital M\u00f3vil con: kits de rob\u00f3tica, proyector, tabletas, pizarra digital, etc. Ya cuentan con este aula 150 jardines de 15 municipios del territorio bonaerense.<\/p>\n<p><img loading=\"lazy\" decoding=\"async\" class=\"alignnone size-large wp-image-21091\" src=\"https:\/\/noticiasmercedinas.com\/site\/wp-content\/uploads\/2019\/06\/Foto2-1-1024x786.jpg\" alt=\"\" width=\"640\" height=\"491\" srcset=\"https:\/\/noticiasmercedinas.com\/site\/wp-content\/uploads\/2019\/06\/Foto2-1-1024x786.jpg 1024w, https:\/\/noticiasmercedinas.com\/site\/wp-content\/uploads\/2019\/06\/Foto2-1-300x230.jpg 300w, https:\/\/noticiasmercedinas.com\/site\/wp-content\/uploads\/2019\/06\/Foto2-1-768x589.jpg 768w, https:\/\/noticiasmercedinas.com\/site\/wp-content\/uploads\/2019\/06\/Foto2-1-80x60.jpg 80w, https:\/\/noticiasmercedinas.com\/site\/wp-content\/uploads\/2019\/06\/Foto2-1-640x491.jpg 640w, https:\/\/noticiasmercedinas.com\/site\/wp-content\/uploads\/2019\/06\/Foto2-1-1280x982.jpg 1280w, https:\/\/noticiasmercedinas.com\/site\/wp-content\/uploads\/2019\/06\/Foto2-1-681x523.jpg 681w, https:\/\/noticiasmercedinas.com\/site\/wp-content\/uploads\/2019\/06\/Foto2-1-1362x1045.jpg 1362w\" sizes=\"auto, (max-width: 640px) 100vw, 640px\" \/><br \/>\n<b><br \/>\nSobre Aprender Conectados<br \/>\n<\/b>M\u00e1s de 5 mil escuelas de 122 municipios se encuentran conectadas a Internet, se entregaron m\u00e1s de 500 impresoras 3D en todas las escuelas t\u00e9cnicas, se implementaron nuevas aulas m\u00f3viles en secundaria y el Plan Provincial de Rob\u00f3tica Educativa en las escuelas primarias estatales.<\/p>\n<p><b>Sobre el Plan Provincial de Rob\u00f3tica\u00a0<\/b><br \/>\nLa rob\u00f3tica educativa es una estrategia de aprendizaje interdisciplinaria para potenciar el desarrollo de habilidades y competencias de los alumnos. El Plan Provincial de Rob\u00f3tica contempla la entrega de kits de rob\u00f3tica educativa con material did\u00e1ctico, variedad de contenidos, la formaci\u00f3n docente y el dictado de talleres a cargo de profesionales. Hoy, el Gobierno de la Provincia lleva entregados m\u00e1s de 18 mil kits de rob\u00f3tica y 26 mil talleres dictados, en m\u00e1s de 2.400 escuelas primarias, de 66 municipios.<\/p>\n<p>Estas propuestas presuponen una pol\u00edtica innovadora e integral, que fomenta el aprendizaje basado en proyectos y combina la educaci\u00f3n digital, la programaci\u00f3n y la rob\u00f3tica con las materias tradicionales.<\/p>\n<p>De este modo, se trabaja en pos de reducir la brecha digital para aumentar las posibilidades de desarrollo personal y de inserci\u00f3n laboral. A fines de 2019, todas las primarias estatales de la provincia de Buenos Aires tendr\u00e1n rob\u00f3tica. As\u00ed, m\u00e1s de 300 mil alumnos van a disfrutar de talleres de rob\u00f3tica en 5\u00b0 y 6\u00b0 y m\u00e1s de 800 mil alumnos ser\u00e1n beneficiarios de los kits.<\/p>\n","protected":false},"excerpt":{"rendered":"<p>La gobernadora de la provincia de Buenos Aires, Mar\u00eda Eugenia Vidal, acompa\u00f1\u00f3 al presidente de la Naci\u00f3n, Mauricio Macri, en el anuncio del Plan Aprender Conectados en el nivel educativo inicial, donde sostuvo: \u201cEste plan incluye que todas las escuelas p\u00fablicas y todos los jardines de infantes de la provincia de Buenos Aires van a [&hellip;]<\/p>\n","protected":false},"author":16,"featured_media":21090,"comment_status":"open","ping_status":"open","sticky":false,"template":"","format":"standard","meta":{"footnotes":""},"categories":[139],"tags":[38,18,765,422,1876,1708],"class_list":["post-21089","post","type-post","status-publish","format-standard","has-post-thumbnail","hentry","category-regionales","tag-educacion","tag-escuelas","tag-jardin","tag-maria-eugenia-vidal","tag-programacion","tag-robotica"],"yoast_head":"<!-- This site is optimized with the Yoast SEO plugin v27.5 - https:\/\/yoast.com\/product\/yoast-seo-wordpress\/ -->\n<title>Anunciaron que todos los jardines de infantes de la provincia van a tener rob\u00f3tica y programaci\u00f3n<\/title>\n<meta name=\"robots\" content=\"index, follow, max-snippet:-1, max-image-preview:large, max-video-preview:-1\" \/>\n<link rel=\"canonical\" href=\"https:\/\/noticiasmercedinas.com\/site\/2019\/06\/11\/anunciaron-que-todos-los-jardines-de-infantes-de-la-provincia-van-a-tener-robotica-y-programacion\/\" \/>\n<meta property=\"og:locale\" content=\"es_ES\" \/>\n<meta property=\"og:type\" content=\"article\" \/>\n<meta property=\"og:title\" content=\"Anunciaron que todos los jardines de infantes de la provincia van a tener rob\u00f3tica y programaci\u00f3n\" \/>\n<meta property=\"og:description\" content=\"La gobernadora de la provincia de Buenos Aires, Mar\u00eda Eugenia Vidal, acompa\u00f1\u00f3 al presidente de la Naci\u00f3n, Mauricio Macri, en el anuncio del Plan Aprender Conectados en el nivel educativo inicial, donde sostuvo: \u201cEste plan incluye que todas las escuelas p\u00fablicas y todos los jardines de infantes de la provincia de Buenos Aires van a [&hellip;]\" \/>\n<meta property=\"og:url\" content=\"https:\/\/noticiasmercedinas.com\/site\/2019\/06\/11\/anunciaron-que-todos-los-jardines-de-infantes-de-la-provincia-van-a-tener-robotica-y-programacion\/\" \/>\n<meta property=\"og:site_name\" content=\"NOTICIASMERCEDINAS.COM\" \/>\n<meta property=\"article:publisher\" content=\"https:\/\/www.facebook.com\/noticiasmercedinas\/\" \/>\n<meta property=\"article:published_time\" content=\"2019-06-11T18:44:17+00:00\" \/>\n<meta property=\"og:image\" content=\"https:\/\/noticiasmercedinas.com\/site\/wp-content\/uploads\/2019\/06\/Foto1-2.jpg\" \/>\n\t<meta property=\"og:image:width\" content=\"3869\" \/>\n\t<meta property=\"og:image:height\" content=\"2561\" \/>\n\t<meta property=\"og:image:type\" content=\"image\/jpeg\" \/>\n<meta name=\"author\" content=\"NOTICIASMERCEDINAS.COM\" \/>\n<meta name=\"twitter:card\" content=\"summary_large_image\" \/>\n<meta name=\"twitter:creator\" content=\"@notmercedinas\" \/>\n<meta name=\"twitter:site\" content=\"@notmercedinas\" \/>\n<meta name=\"twitter:label1\" content=\"Escrito por\" \/>\n\t<meta name=\"twitter:data1\" content=\"NOTICIASMERCEDINAS.COM\" \/>\n\t<meta name=\"twitter:label2\" content=\"Tiempo de lectura\" \/>\n\t<meta name=\"twitter:data2\" content=\"4 minutos\" \/>\n<script type=\"application\/ld+json\" class=\"yoast-schema-graph\">{\"@context\":\"https:\\\/\\\/schema.org\",\"@graph\":[{\"@type\":\"Article\",\"@id\":\"https:\\\/\\\/noticiasmercedinas.com\\\/site\\\/2019\\\/06\\\/11\\\/anunciaron-que-todos-los-jardines-de-infantes-de-la-provincia-van-a-tener-robotica-y-programacion\\\/#article\",\"isPartOf\":{\"@id\":\"https:\\\/\\\/noticiasmercedinas.com\\\/site\\\/2019\\\/06\\\/11\\\/anunciaron-que-todos-los-jardines-de-infantes-de-la-provincia-van-a-tener-robotica-y-programacion\\\/\"},\"author\":{\"name\":\"NOTICIASMERCEDINAS.COM\",\"@id\":\"https:\\\/\\\/noticiasmercedinas.com\\\/site\\\/#\\\/schema\\\/person\\\/84b59c099c28ff2e8b77d4ceec5d8063\"},\"headline\":\"Anunciaron que todos los jardines de infantes de la provincia van a tener rob\u00f3tica y programaci\u00f3n\",\"datePublished\":\"2019-06-11T18:44:17+00:00\",\"mainEntityOfPage\":{\"@id\":\"https:\\\/\\\/noticiasmercedinas.com\\\/site\\\/2019\\\/06\\\/11\\\/anunciaron-que-todos-los-jardines-de-infantes-de-la-provincia-van-a-tener-robotica-y-programacion\\\/\"},\"wordCount\":750,\"commentCount\":0,\"publisher\":{\"@id\":\"https:\\\/\\\/noticiasmercedinas.com\\\/site\\\/#organization\"},\"image\":{\"@id\":\"https:\\\/\\\/noticiasmercedinas.com\\\/site\\\/2019\\\/06\\\/11\\\/anunciaron-que-todos-los-jardines-de-infantes-de-la-provincia-van-a-tener-robotica-y-programacion\\\/#primaryimage\"},\"thumbnailUrl\":\"https:\\\/\\\/noticiasmercedinas.com\\\/site\\\/wp-content\\\/uploads\\\/2019\\\/06\\\/Foto1-2.jpg\",\"keywords\":[\"educacion\",\"escuelas\",\"jardin\",\"maria eugenia vidal\",\"programaci\u00f3n\",\"robotica\"],\"articleSection\":[\"Regionales\"],\"inLanguage\":\"es\",\"potentialAction\":[{\"@type\":\"CommentAction\",\"name\":\"Comment\",\"target\":[\"https:\\\/\\\/noticiasmercedinas.com\\\/site\\\/2019\\\/06\\\/11\\\/anunciaron-que-todos-los-jardines-de-infantes-de-la-provincia-van-a-tener-robotica-y-programacion\\\/#respond\"]}]},{\"@type\":\"WebPage\",\"@id\":\"https:\\\/\\\/noticiasmercedinas.com\\\/site\\\/2019\\\/06\\\/11\\\/anunciaron-que-todos-los-jardines-de-infantes-de-la-provincia-van-a-tener-robotica-y-programacion\\\/\",\"url\":\"https:\\\/\\\/noticiasmercedinas.com\\\/site\\\/2019\\\/06\\\/11\\\/anunciaron-que-todos-los-jardines-de-infantes-de-la-provincia-van-a-tener-robotica-y-programacion\\\/\",\"name\":\"Anunciaron que todos los jardines de infantes de la provincia van a tener rob\u00f3tica y programaci\u00f3n\",\"isPartOf\":{\"@id\":\"https:\\\/\\\/noticiasmercedinas.com\\\/site\\\/#website\"},\"primaryImageOfPage\":{\"@id\":\"https:\\\/\\\/noticiasmercedinas.com\\\/site\\\/2019\\\/06\\\/11\\\/anunciaron-que-todos-los-jardines-de-infantes-de-la-provincia-van-a-tener-robotica-y-programacion\\\/#primaryimage\"},\"image\":{\"@id\":\"https:\\\/\\\/noticiasmercedinas.com\\\/site\\\/2019\\\/06\\\/11\\\/anunciaron-que-todos-los-jardines-de-infantes-de-la-provincia-van-a-tener-robotica-y-programacion\\\/#primaryimage\"},\"thumbnailUrl\":\"https:\\\/\\\/noticiasmercedinas.com\\\/site\\\/wp-content\\\/uploads\\\/2019\\\/06\\\/Foto1-2.jpg\",\"datePublished\":\"2019-06-11T18:44:17+00:00\",\"breadcrumb\":{\"@id\":\"https:\\\/\\\/noticiasmercedinas.com\\\/site\\\/2019\\\/06\\\/11\\\/anunciaron-que-todos-los-jardines-de-infantes-de-la-provincia-van-a-tener-robotica-y-programacion\\\/#breadcrumb\"},\"inLanguage\":\"es\",\"potentialAction\":[{\"@type\":\"ReadAction\",\"target\":[\"https:\\\/\\\/noticiasmercedinas.com\\\/site\\\/2019\\\/06\\\/11\\\/anunciaron-que-todos-los-jardines-de-infantes-de-la-provincia-van-a-tener-robotica-y-programacion\\\/\"]}]},{\"@type\":\"ImageObject\",\"inLanguage\":\"es\",\"@id\":\"https:\\\/\\\/noticiasmercedinas.com\\\/site\\\/2019\\\/06\\\/11\\\/anunciaron-que-todos-los-jardines-de-infantes-de-la-provincia-van-a-tener-robotica-y-programacion\\\/#primaryimage\",\"url\":\"https:\\\/\\\/noticiasmercedinas.com\\\/site\\\/wp-content\\\/uploads\\\/2019\\\/06\\\/Foto1-2.jpg\",\"contentUrl\":\"https:\\\/\\\/noticiasmercedinas.com\\\/site\\\/wp-content\\\/uploads\\\/2019\\\/06\\\/Foto1-2.jpg\",\"width\":3869,\"height\":2561},{\"@type\":\"BreadcrumbList\",\"@id\":\"https:\\\/\\\/noticiasmercedinas.com\\\/site\\\/2019\\\/06\\\/11\\\/anunciaron-que-todos-los-jardines-de-infantes-de-la-provincia-van-a-tener-robotica-y-programacion\\\/#breadcrumb\",\"itemListElement\":[{\"@type\":\"ListItem\",\"position\":1,\"name\":\"Portada\",\"item\":\"https:\\\/\\\/noticiasmercedinas.com\\\/site\\\/\"},{\"@type\":\"ListItem\",\"position\":2,\"name\":\"Anunciaron que todos los jardines de infantes de la provincia van a tener rob\u00f3tica y programaci\u00f3n\"}]},{\"@type\":\"WebSite\",\"@id\":\"https:\\\/\\\/noticiasmercedinas.com\\\/site\\\/#website\",\"url\":\"https:\\\/\\\/noticiasmercedinas.com\\\/site\\\/\",\"name\":\"NOTICIASMERCEDINAS.COM\",\"description\":\"Mercedes, Buenos Aires, Argentina\",\"publisher\":{\"@id\":\"https:\\\/\\\/noticiasmercedinas.com\\\/site\\\/#organization\"},\"potentialAction\":[{\"@type\":\"SearchAction\",\"target\":{\"@type\":\"EntryPoint\",\"urlTemplate\":\"https:\\\/\\\/noticiasmercedinas.com\\\/site\\\/?s={search_term_string}\"},\"query-input\":{\"@type\":\"PropertyValueSpecification\",\"valueRequired\":true,\"valueName\":\"search_term_string\"}}],\"inLanguage\":\"es\"},{\"@type\":\"Organization\",\"@id\":\"https:\\\/\\\/noticiasmercedinas.com\\\/site\\\/#organization\",\"name\":\"NOTICIASMERCEDINAS.COM\",\"url\":\"https:\\\/\\\/noticiasmercedinas.com\\\/site\\\/\",\"logo\":{\"@type\":\"ImageObject\",\"inLanguage\":\"es\",\"@id\":\"https:\\\/\\\/noticiasmercedinas.com\\\/site\\\/#\\\/schema\\\/logo\\\/image\\\/\",\"url\":\"https:\\\/\\\/noticiasmercedinas.com\\\/site\\\/wp-content\\\/uploads\\\/2020\\\/06\\\/LOGO-512.jpg\",\"contentUrl\":\"https:\\\/\\\/noticiasmercedinas.com\\\/site\\\/wp-content\\\/uploads\\\/2020\\\/06\\\/LOGO-512.jpg\",\"width\":512,\"height\":512,\"caption\":\"NOTICIASMERCEDINAS.COM\"},\"image\":{\"@id\":\"https:\\\/\\\/noticiasmercedinas.com\\\/site\\\/#\\\/schema\\\/logo\\\/image\\\/\"},\"sameAs\":[\"https:\\\/\\\/www.facebook.com\\\/noticiasmercedinas\\\/\",\"https:\\\/\\\/x.com\\\/notmercedinas\",\"https:\\\/\\\/www.instagram.com\\\/noticiasmercedinas\\\/\"]},{\"@type\":\"Person\",\"@id\":\"https:\\\/\\\/noticiasmercedinas.com\\\/site\\\/#\\\/schema\\\/person\\\/84b59c099c28ff2e8b77d4ceec5d8063\",\"name\":\"NOTICIASMERCEDINAS.COM\",\"image\":{\"@type\":\"ImageObject\",\"inLanguage\":\"es\",\"@id\":\"https:\\\/\\\/secure.gravatar.com\\\/avatar\\\/4dfbf16b4d17945bfb6341b2d19043457132fcf478a5ee04f42e959fd8f5df0a?s=96&d=mm&r=g\",\"url\":\"https:\\\/\\\/secure.gravatar.com\\\/avatar\\\/4dfbf16b4d17945bfb6341b2d19043457132fcf478a5ee04f42e959fd8f5df0a?s=96&d=mm&r=g\",\"contentUrl\":\"https:\\\/\\\/secure.gravatar.com\\\/avatar\\\/4dfbf16b4d17945bfb6341b2d19043457132fcf478a5ee04f42e959fd8f5df0a?s=96&d=mm&r=g\",\"caption\":\"NOTICIASMERCEDINAS.COM\"},\"url\":\"https:\\\/\\\/noticiasmercedinas.com\\\/site\\\/author\\\/anonimo\\\/\"}]}<\/script>\n<!-- \/ Yoast SEO plugin. -->","yoast_head_json":{"title":"Anunciaron que todos los jardines de infantes de la provincia van a tener rob\u00f3tica y programaci\u00f3n","robots":{"index":"index","follow":"follow","max-snippet":"max-snippet:-1","max-image-preview":"max-image-preview:large","max-video-preview":"max-video-preview:-1"},"canonical":"https:\/\/noticiasmercedinas.com\/site\/2019\/06\/11\/anunciaron-que-todos-los-jardines-de-infantes-de-la-provincia-van-a-tener-robotica-y-programacion\/","og_locale":"es_ES","og_type":"article","og_title":"Anunciaron que todos los jardines de infantes de la provincia van a tener rob\u00f3tica y programaci\u00f3n","og_description":"La gobernadora de la provincia de Buenos Aires, Mar\u00eda Eugenia Vidal, acompa\u00f1\u00f3 al presidente de la Naci\u00f3n, Mauricio Macri, en el anuncio del Plan Aprender Conectados en el nivel educativo inicial, donde sostuvo: \u201cEste plan incluye que todas las escuelas p\u00fablicas y todos los jardines de infantes de la provincia de Buenos Aires van a [&hellip;]","og_url":"https:\/\/noticiasmercedinas.com\/site\/2019\/06\/11\/anunciaron-que-todos-los-jardines-de-infantes-de-la-provincia-van-a-tener-robotica-y-programacion\/","og_site_name":"NOTICIASMERCEDINAS.COM","article_publisher":"https:\/\/www.facebook.com\/noticiasmercedinas\/","article_published_time":"2019-06-11T18:44:17+00:00","og_image":[{"width":3869,"height":2561,"url":"https:\/\/noticiasmercedinas.com\/site\/wp-content\/uploads\/2019\/06\/Foto1-2.jpg","type":"image\/jpeg"}],"author":"NOTICIASMERCEDINAS.COM","twitter_card":"summary_large_image","twitter_creator":"@notmercedinas","twitter_site":"@notmercedinas","twitter_misc":{"Escrito por":"NOTICIASMERCEDINAS.COM","Tiempo de lectura":"4 minutos"},"schema":{"@context":"https:\/\/schema.org","@graph":[{"@type":"Article","@id":"https:\/\/noticiasmercedinas.com\/site\/2019\/06\/11\/anunciaron-que-todos-los-jardines-de-infantes-de-la-provincia-van-a-tener-robotica-y-programacion\/#article","isPartOf":{"@id":"https:\/\/noticiasmercedinas.com\/site\/2019\/06\/11\/anunciaron-que-todos-los-jardines-de-infantes-de-la-provincia-van-a-tener-robotica-y-programacion\/"},"author":{"name":"NOTICIASMERCEDINAS.COM","@id":"https:\/\/noticiasmercedinas.com\/site\/#\/schema\/person\/84b59c099c28ff2e8b77d4ceec5d8063"},"headline":"Anunciaron que todos los jardines de infantes de la provincia van a tener rob\u00f3tica y programaci\u00f3n","datePublished":"2019-06-11T18:44:17+00:00","mainEntityOfPage":{"@id":"https:\/\/noticiasmercedinas.com\/site\/2019\/06\/11\/anunciaron-que-todos-los-jardines-de-infantes-de-la-provincia-van-a-tener-robotica-y-programacion\/"},"wordCount":750,"commentCount":0,"publisher":{"@id":"https:\/\/noticiasmercedinas.com\/site\/#organization"},"image":{"@id":"https:\/\/noticiasmercedinas.com\/site\/2019\/06\/11\/anunciaron-que-todos-los-jardines-de-infantes-de-la-provincia-van-a-tener-robotica-y-programacion\/#primaryimage"},"thumbnailUrl":"https:\/\/noticiasmercedinas.com\/site\/wp-content\/uploads\/2019\/06\/Foto1-2.jpg","keywords":["educacion","escuelas","jardin","maria eugenia vidal","programaci\u00f3n","robotica"],"articleSection":["Regionales"],"inLanguage":"es","potentialAction":[{"@type":"CommentAction","name":"Comment","target":["https:\/\/noticiasmercedinas.com\/site\/2019\/06\/11\/anunciaron-que-todos-los-jardines-de-infantes-de-la-provincia-van-a-tener-robotica-y-programacion\/#respond"]}]},{"@type":"WebPage","@id":"https:\/\/noticiasmercedinas.com\/site\/2019\/06\/11\/anunciaron-que-todos-los-jardines-de-infantes-de-la-provincia-van-a-tener-robotica-y-programacion\/","url":"https:\/\/noticiasmercedinas.com\/site\/2019\/06\/11\/anunciaron-que-todos-los-jardines-de-infantes-de-la-provincia-van-a-tener-robotica-y-programacion\/","name":"Anunciaron que todos los jardines de infantes de la provincia van a tener rob\u00f3tica y programaci\u00f3n","isPartOf":{"@id":"https:\/\/noticiasmercedinas.com\/site\/#website"},"primaryImageOfPage":{"@id":"https:\/\/noticiasmercedinas.com\/site\/2019\/06\/11\/anunciaron-que-todos-los-jardines-de-infantes-de-la-provincia-van-a-tener-robotica-y-programacion\/#primaryimage"},"image":{"@id":"https:\/\/noticiasmercedinas.com\/site\/2019\/06\/11\/anunciaron-que-todos-los-jardines-de-infantes-de-la-provincia-van-a-tener-robotica-y-programacion\/#primaryimage"},"thumbnailUrl":"https:\/\/noticiasmercedinas.com\/site\/wp-content\/uploads\/2019\/06\/Foto1-2.jpg","datePublished":"2019-06-11T18:44:17+00:00","breadcrumb":{"@id":"https:\/\/noticiasmercedinas.com\/site\/2019\/06\/11\/anunciaron-que-todos-los-jardines-de-infantes-de-la-provincia-van-a-tener-robotica-y-programacion\/#breadcrumb"},"inLanguage":"es","potentialAction":[{"@type":"ReadAction","target":["https:\/\/noticiasmercedinas.com\/site\/2019\/06\/11\/anunciaron-que-todos-los-jardines-de-infantes-de-la-provincia-van-a-tener-robotica-y-programacion\/"]}]},{"@type":"ImageObject","inLanguage":"es","@id":"https:\/\/noticiasmercedinas.com\/site\/2019\/06\/11\/anunciaron-que-todos-los-jardines-de-infantes-de-la-provincia-van-a-tener-robotica-y-programacion\/#primaryimage","url":"https:\/\/noticiasmercedinas.com\/site\/wp-content\/uploads\/2019\/06\/Foto1-2.jpg","contentUrl":"https:\/\/noticiasmercedinas.com\/site\/wp-content\/uploads\/2019\/06\/Foto1-2.jpg","width":3869,"height":2561},{"@type":"BreadcrumbList","@id":"https:\/\/noticiasmercedinas.com\/site\/2019\/06\/11\/anunciaron-que-todos-los-jardines-de-infantes-de-la-provincia-van-a-tener-robotica-y-programacion\/#breadcrumb","itemListElement":[{"@type":"ListItem","position":1,"name":"Portada","item":"https:\/\/noticiasmercedinas.com\/site\/"},{"@type":"ListItem","position":2,"name":"Anunciaron que todos los jardines de infantes de la provincia van a tener rob\u00f3tica y programaci\u00f3n"}]},{"@type":"WebSite","@id":"https:\/\/noticiasmercedinas.com\/site\/#website","url":"https:\/\/noticiasmercedinas.com\/site\/","name":"NOTICIASMERCEDINAS.COM","description":"Mercedes, Buenos Aires, Argentina","publisher":{"@id":"https:\/\/noticiasmercedinas.com\/site\/#organization"},"potentialAction":[{"@type":"SearchAction","target":{"@type":"EntryPoint","urlTemplate":"https:\/\/noticiasmercedinas.com\/site\/?s={search_term_string}"},"query-input":{"@type":"PropertyValueSpecification","valueRequired":true,"valueName":"search_term_string"}}],"inLanguage":"es"},{"@type":"Organization","@id":"https:\/\/noticiasmercedinas.com\/site\/#organization","name":"NOTICIASMERCEDINAS.COM","url":"https:\/\/noticiasmercedinas.com\/site\/","logo":{"@type":"ImageObject","inLanguage":"es","@id":"https:\/\/noticiasmercedinas.com\/site\/#\/schema\/logo\/image\/","url":"https:\/\/noticiasmercedinas.com\/site\/wp-content\/uploads\/2020\/06\/LOGO-512.jpg","contentUrl":"https:\/\/noticiasmercedinas.com\/site\/wp-content\/uploads\/2020\/06\/LOGO-512.jpg","width":512,"height":512,"caption":"NOTICIASMERCEDINAS.COM"},"image":{"@id":"https:\/\/noticiasmercedinas.com\/site\/#\/schema\/logo\/image\/"},"sameAs":["https:\/\/www.facebook.com\/noticiasmercedinas\/","https:\/\/x.com\/notmercedinas","https:\/\/www.instagram.com\/noticiasmercedinas\/"]},{"@type":"Person","@id":"https:\/\/noticiasmercedinas.com\/site\/#\/schema\/person\/84b59c099c28ff2e8b77d4ceec5d8063","name":"NOTICIASMERCEDINAS.COM","image":{"@type":"ImageObject","inLanguage":"es","@id":"https:\/\/secure.gravatar.com\/avatar\/4dfbf16b4d17945bfb6341b2d19043457132fcf478a5ee04f42e959fd8f5df0a?s=96&d=mm&r=g","url":"https:\/\/secure.gravatar.com\/avatar\/4dfbf16b4d17945bfb6341b2d19043457132fcf478a5ee04f42e959fd8f5df0a?s=96&d=mm&r=g","contentUrl":"https:\/\/secure.gravatar.com\/avatar\/4dfbf16b4d17945bfb6341b2d19043457132fcf478a5ee04f42e959fd8f5df0a?s=96&d=mm&r=g","caption":"NOTICIASMERCEDINAS.COM"},"url":"https:\/\/noticiasmercedinas.com\/site\/author\/anonimo\/"}]}},"amp_enabled":true,"_links":{"self":[{"href":"https:\/\/noticiasmercedinas.com\/site\/wp-json\/wp\/v2\/posts\/21089","targetHints":{"allow":["GET"]}}],"collection":[{"href":"https:\/\/noticiasmercedinas.com\/site\/wp-json\/wp\/v2\/posts"}],"about":[{"href":"https:\/\/noticiasmercedinas.com\/site\/wp-json\/wp\/v2\/types\/post"}],"author":[{"embeddable":true,"href":"https:\/\/noticiasmercedinas.com\/site\/wp-json\/wp\/v2\/users\/16"}],"replies":[{"embeddable":true,"href":"https:\/\/noticiasmercedinas.com\/site\/wp-json\/wp\/v2\/comments?post=21089"}],"version-history":[{"count":1,"href":"https:\/\/noticiasmercedinas.com\/site\/wp-json\/wp\/v2\/posts\/21089\/revisions"}],"predecessor-version":[{"id":21092,"href":"https:\/\/noticiasmercedinas.com\/site\/wp-json\/wp\/v2\/posts\/21089\/revisions\/21092"}],"wp:featuredmedia":[{"embeddable":true,"href":"https:\/\/noticiasmercedinas.com\/site\/wp-json\/wp\/v2\/media\/21090"}],"wp:attachment":[{"href":"https:\/\/noticiasmercedinas.com\/site\/wp-json\/wp\/v2\/media?parent=21089"}],"wp:term":[{"taxonomy":"category","embeddable":true,"href":"https:\/\/noticiasmercedinas.com\/site\/wp-json\/wp\/v2\/categories?post=21089"},{"taxonomy":"post_tag","embeddable":true,"href":"https:\/\/noticiasmercedinas.com\/site\/wp-json\/wp\/v2\/tags?post=21089"}],"curies":[{"name":"wp","href":"https:\/\/api.w.org\/{rel}","templated":true}]}}