{"id":21122,"date":"2019-06-11T21:05:28","date_gmt":"2019-06-12T00:05:28","guid":{"rendered":"https:\/\/noticiasmercedinas.com\/site\/?p=21122"},"modified":"2019-06-11T21:05:28","modified_gmt":"2019-06-12T00:05:28","slug":"fm-la-tribuna-mudo-sus-instalaciones-y-mejoro-su-potencia","status":"publish","type":"post","link":"https:\/\/noticiasmercedinas.com\/site\/2019\/06\/11\/fm-la-tribuna-mudo-sus-instalaciones-y-mejoro-su-potencia\/","title":{"rendered":"FM La Tribuna mud\u00f3 sus instalaciones y mejor\u00f3 su potencia"},"content":{"rendered":"<p><img loading=\"lazy\" decoding=\"async\" class=\"alignnone size-full wp-image-21123\" src=\"https:\/\/noticiasmercedinas.com\/site\/wp-content\/uploads\/2019\/06\/a0a7a5b3-cbe9-490d-a429-8b66ecea400d.jpg\" alt=\"\" width=\"640\" height=\"397\" srcset=\"https:\/\/noticiasmercedinas.com\/site\/wp-content\/uploads\/2019\/06\/a0a7a5b3-cbe9-490d-a429-8b66ecea400d.jpg 640w, https:\/\/noticiasmercedinas.com\/site\/wp-content\/uploads\/2019\/06\/a0a7a5b3-cbe9-490d-a429-8b66ecea400d-300x186.jpg 300w\" sizes=\"auto, (max-width: 640px) 100vw, 640px\" \/><\/p>\n<p>FM La Tribuna, la emisora deportiva de Mercedes, comenz\u00f3 este lunes a transmitir desde sus nuevas instalaciones, en calle 3 N\u00b0634 entre 26 y 28. Tras una semana con intermitencias en el aire por el traslado de sus estudios, volvi\u00f3 al mediod\u00eda de este 10 de junio para iniciar su camino rumbo a su d\u00e9cimo aniversario.<\/p>\n<p>FM La Tribuna comenz\u00f3 el pasado 1 de junio el desmontaje de sus instalaciones de calle 22 N\u00b0726 para trasladarse a la 3 N\u00b0634 entre 26 y 28.<\/p>\n<p>Luego de cinco a\u00f1os de estar ubicada en lo que fuera la vieja cancha de b\u00e1squet de Ateneo de la Juventud, ahora estar\u00e1 el local que hace muchos a\u00f1os fuera la Muebler\u00eda Karp.<\/p>\n<p>La radio, que el pr\u00f3ximo 1 de septiembre llega a su d\u00e9cimo aniversario, mejor\u00f3 su potencia y por ende su alcance, ya que tuvo la posibilidad de ampliar su antena, lo que le permite mayor fidelidad en los receptores y un alcance m\u00e1s lejos, logrando que se escuche en forma n\u00edtida en las vecinas localidades de San Andr\u00e9s de Giles y Suipacha.<\/p>\n<p>En cuanto a su programaci\u00f3n, continuar\u00e1 siendo la que se present\u00f3 en febrero, con su variedad de programas pol\u00edticos, magazines, musicales y deportivos, haciendo hincapi\u00e9 en el rock y en sus habituales transmisiones deportivas de todos los fines de semana.<\/p>\n<p>Ahora para la radio se viene pensar en el festejo de sus diez a\u00f1os, buscando la posibilidad de volver a salir a la calle como en otras oportunidades, continuando con la difusi\u00f3n de la m\u00fasica local, como desde su inicio lo hizo.<\/p>\n","protected":false},"excerpt":{"rendered":"<p>FM La Tribuna, la emisora deportiva de Mercedes, comenz\u00f3 este lunes a transmitir desde sus nuevas instalaciones, en calle 3 N\u00b0634 entre 26 y 28. Tras una semana con intermitencias en el aire por el traslado de sus estudios, volvi\u00f3 al mediod\u00eda de este 10 de junio para iniciar su camino rumbo a su d\u00e9cimo [&hellip;]<\/p>\n","protected":false},"author":16,"featured_media":21123,"comment_status":"open","ping_status":"open","sticky":false,"template":"","format":"standard","meta":{"footnotes":""},"categories":[4210],"tags":[5263,4807,4806,554],"class_list":["post-21122","post","type-post","status-publish","format-standard","has-post-thumbnail","hentry","category-medios","tag-emisora","tag-fm","tag-fm-la-tribuna","tag-radio"],"yoast_head":"<!-- This site is optimized with the Yoast SEO plugin v27.5 - https:\/\/yoast.com\/product\/yoast-seo-wordpress\/ -->\n<title>FM La Tribuna mud\u00f3 sus instalaciones y mejor\u00f3 su potencia<\/title>\n<meta name=\"robots\" content=\"index, follow, max-snippet:-1, max-image-preview:large, max-video-preview:-1\" \/>\n<link rel=\"canonical\" href=\"https:\/\/noticiasmercedinas.com\/site\/2019\/06\/11\/fm-la-tribuna-mudo-sus-instalaciones-y-mejoro-su-potencia\/\" \/>\n<meta property=\"og:locale\" content=\"es_ES\" \/>\n<meta property=\"og:type\" content=\"article\" \/>\n<meta property=\"og:title\" content=\"FM La Tribuna mud\u00f3 sus instalaciones y mejor\u00f3 su potencia\" \/>\n<meta property=\"og:description\" content=\"FM La Tribuna, la emisora deportiva de Mercedes, comenz\u00f3 este lunes a transmitir desde sus nuevas instalaciones, en calle 3 N\u00b0634 entre 26 y 28. Tras una semana con intermitencias en el aire por el traslado de sus estudios, volvi\u00f3 al mediod\u00eda de este 10 de junio para iniciar su camino rumbo a su d\u00e9cimo [&hellip;]\" \/>\n<meta property=\"og:url\" content=\"https:\/\/noticiasmercedinas.com\/site\/2019\/06\/11\/fm-la-tribuna-mudo-sus-instalaciones-y-mejoro-su-potencia\/\" \/>\n<meta property=\"og:site_name\" content=\"NOTICIASMERCEDINAS.COM\" \/>\n<meta property=\"article:publisher\" content=\"https:\/\/www.facebook.com\/noticiasmercedinas\/\" \/>\n<meta property=\"article:published_time\" content=\"2019-06-12T00:05:28+00:00\" \/>\n<meta property=\"og:image\" content=\"https:\/\/noticiasmercedinas.com\/site\/wp-content\/uploads\/2019\/06\/a0a7a5b3-cbe9-490d-a429-8b66ecea400d.jpg\" \/>\n\t<meta property=\"og:image:width\" content=\"640\" \/>\n\t<meta property=\"og:image:height\" content=\"397\" \/>\n\t<meta property=\"og:image:type\" content=\"image\/jpeg\" \/>\n<meta name=\"author\" content=\"NOTICIASMERCEDINAS.COM\" \/>\n<meta name=\"twitter:card\" content=\"summary_large_image\" \/>\n<meta name=\"twitter:creator\" content=\"@notmercedinas\" \/>\n<meta name=\"twitter:site\" content=\"@notmercedinas\" \/>\n<meta name=\"twitter:label1\" content=\"Escrito por\" \/>\n\t<meta name=\"twitter:data1\" content=\"NOTICIASMERCEDINAS.COM\" \/>\n\t<meta name=\"twitter:label2\" content=\"Tiempo de lectura\" \/>\n\t<meta name=\"twitter:data2\" content=\"1 minuto\" \/>\n<script type=\"application\/ld+json\" class=\"yoast-schema-graph\">{\"@context\":\"https:\\\/\\\/schema.org\",\"@graph\":[{\"@type\":\"Article\",\"@id\":\"https:\\\/\\\/noticiasmercedinas.com\\\/site\\\/2019\\\/06\\\/11\\\/fm-la-tribuna-mudo-sus-instalaciones-y-mejoro-su-potencia\\\/#article\",\"isPartOf\":{\"@id\":\"https:\\\/\\\/noticiasmercedinas.com\\\/site\\\/2019\\\/06\\\/11\\\/fm-la-tribuna-mudo-sus-instalaciones-y-mejoro-su-potencia\\\/\"},\"author\":{\"name\":\"NOTICIASMERCEDINAS.COM\",\"@id\":\"https:\\\/\\\/noticiasmercedinas.com\\\/site\\\/#\\\/schema\\\/person\\\/84b59c099c28ff2e8b77d4ceec5d8063\"},\"headline\":\"FM La Tribuna mud\u00f3 sus instalaciones y mejor\u00f3 su potencia\",\"datePublished\":\"2019-06-12T00:05:28+00:00\",\"mainEntityOfPage\":{\"@id\":\"https:\\\/\\\/noticiasmercedinas.com\\\/site\\\/2019\\\/06\\\/11\\\/fm-la-tribuna-mudo-sus-instalaciones-y-mejoro-su-potencia\\\/\"},\"wordCount\":277,\"commentCount\":0,\"publisher\":{\"@id\":\"https:\\\/\\\/noticiasmercedinas.com\\\/site\\\/#organization\"},\"image\":{\"@id\":\"https:\\\/\\\/noticiasmercedinas.com\\\/site\\\/2019\\\/06\\\/11\\\/fm-la-tribuna-mudo-sus-instalaciones-y-mejoro-su-potencia\\\/#primaryimage\"},\"thumbnailUrl\":\"https:\\\/\\\/noticiasmercedinas.com\\\/site\\\/wp-content\\\/uploads\\\/2019\\\/06\\\/a0a7a5b3-cbe9-490d-a429-8b66ecea400d.jpg\",\"keywords\":[\"emisora\",\"fm\",\"fm la tribuna\",\"radio\"],\"articleSection\":[\"Medios\"],\"inLanguage\":\"es\",\"potentialAction\":[{\"@type\":\"CommentAction\",\"name\":\"Comment\",\"target\":[\"https:\\\/\\\/noticiasmercedinas.com\\\/site\\\/2019\\\/06\\\/11\\\/fm-la-tribuna-mudo-sus-instalaciones-y-mejoro-su-potencia\\\/#respond\"]}]},{\"@type\":\"WebPage\",\"@id\":\"https:\\\/\\\/noticiasmercedinas.com\\\/site\\\/2019\\\/06\\\/11\\\/fm-la-tribuna-mudo-sus-instalaciones-y-mejoro-su-potencia\\\/\",\"url\":\"https:\\\/\\\/noticiasmercedinas.com\\\/site\\\/2019\\\/06\\\/11\\\/fm-la-tribuna-mudo-sus-instalaciones-y-mejoro-su-potencia\\\/\",\"name\":\"FM La Tribuna mud\u00f3 sus instalaciones y mejor\u00f3 su potencia\",\"isPartOf\":{\"@id\":\"https:\\\/\\\/noticiasmercedinas.com\\\/site\\\/#website\"},\"primaryImageOfPage\":{\"@id\":\"https:\\\/\\\/noticiasmercedinas.com\\\/site\\\/2019\\\/06\\\/11\\\/fm-la-tribuna-mudo-sus-instalaciones-y-mejoro-su-potencia\\\/#primaryimage\"},\"image\":{\"@id\":\"https:\\\/\\\/noticiasmercedinas.com\\\/site\\\/2019\\\/06\\\/11\\\/fm-la-tribuna-mudo-sus-instalaciones-y-mejoro-su-potencia\\\/#primaryimage\"},\"thumbnailUrl\":\"https:\\\/\\\/noticiasmercedinas.com\\\/site\\\/wp-content\\\/uploads\\\/2019\\\/06\\\/a0a7a5b3-cbe9-490d-a429-8b66ecea400d.jpg\",\"datePublished\":\"2019-06-12T00:05:28+00:00\",\"breadcrumb\":{\"@id\":\"https:\\\/\\\/noticiasmercedinas.com\\\/site\\\/2019\\\/06\\\/11\\\/fm-la-tribuna-mudo-sus-instalaciones-y-mejoro-su-potencia\\\/#breadcrumb\"},\"inLanguage\":\"es\",\"potentialAction\":[{\"@type\":\"ReadAction\",\"target\":[\"https:\\\/\\\/noticiasmercedinas.com\\\/site\\\/2019\\\/06\\\/11\\\/fm-la-tribuna-mudo-sus-instalaciones-y-mejoro-su-potencia\\\/\"]}]},{\"@type\":\"ImageObject\",\"inLanguage\":\"es\",\"@id\":\"https:\\\/\\\/noticiasmercedinas.com\\\/site\\\/2019\\\/06\\\/11\\\/fm-la-tribuna-mudo-sus-instalaciones-y-mejoro-su-potencia\\\/#primaryimage\",\"url\":\"https:\\\/\\\/noticiasmercedinas.com\\\/site\\\/wp-content\\\/uploads\\\/2019\\\/06\\\/a0a7a5b3-cbe9-490d-a429-8b66ecea400d.jpg\",\"contentUrl\":\"https:\\\/\\\/noticiasmercedinas.com\\\/site\\\/wp-content\\\/uploads\\\/2019\\\/06\\\/a0a7a5b3-cbe9-490d-a429-8b66ecea400d.jpg\",\"width\":640,\"height\":397},{\"@type\":\"BreadcrumbList\",\"@id\":\"https:\\\/\\\/noticiasmercedinas.com\\\/site\\\/2019\\\/06\\\/11\\\/fm-la-tribuna-mudo-sus-instalaciones-y-mejoro-su-potencia\\\/#breadcrumb\",\"itemListElement\":[{\"@type\":\"ListItem\",\"position\":1,\"name\":\"Portada\",\"item\":\"https:\\\/\\\/noticiasmercedinas.com\\\/site\\\/\"},{\"@type\":\"ListItem\",\"position\":2,\"name\":\"FM La Tribuna mud\u00f3 sus instalaciones y mejor\u00f3 su potencia\"}]},{\"@type\":\"WebSite\",\"@id\":\"https:\\\/\\\/noticiasmercedinas.com\\\/site\\\/#website\",\"url\":\"https:\\\/\\\/noticiasmercedinas.com\\\/site\\\/\",\"name\":\"NOTICIASMERCEDINAS.COM\",\"description\":\"Mercedes, Buenos Aires, Argentina\",\"publisher\":{\"@id\":\"https:\\\/\\\/noticiasmercedinas.com\\\/site\\\/#organization\"},\"potentialAction\":[{\"@type\":\"SearchAction\",\"target\":{\"@type\":\"EntryPoint\",\"urlTemplate\":\"https:\\\/\\\/noticiasmercedinas.com\\\/site\\\/?s={search_term_string}\"},\"query-input\":{\"@type\":\"PropertyValueSpecification\",\"valueRequired\":true,\"valueName\":\"search_term_string\"}}],\"inLanguage\":\"es\"},{\"@type\":\"Organization\",\"@id\":\"https:\\\/\\\/noticiasmercedinas.com\\\/site\\\/#organization\",\"name\":\"NOTICIASMERCEDINAS.COM\",\"url\":\"https:\\\/\\\/noticiasmercedinas.com\\\/site\\\/\",\"logo\":{\"@type\":\"ImageObject\",\"inLanguage\":\"es\",\"@id\":\"https:\\\/\\\/noticiasmercedinas.com\\\/site\\\/#\\\/schema\\\/logo\\\/image\\\/\",\"url\":\"https:\\\/\\\/noticiasmercedinas.com\\\/site\\\/wp-content\\\/uploads\\\/2020\\\/06\\\/LOGO-512.jpg\",\"contentUrl\":\"https:\\\/\\\/noticiasmercedinas.com\\\/site\\\/wp-content\\\/uploads\\\/2020\\\/06\\\/LOGO-512.jpg\",\"width\":512,\"height\":512,\"caption\":\"NOTICIASMERCEDINAS.COM\"},\"image\":{\"@id\":\"https:\\\/\\\/noticiasmercedinas.com\\\/site\\\/#\\\/schema\\\/logo\\\/image\\\/\"},\"sameAs\":[\"https:\\\/\\\/www.facebook.com\\\/noticiasmercedinas\\\/\",\"https:\\\/\\\/x.com\\\/notmercedinas\",\"https:\\\/\\\/www.instagram.com\\\/noticiasmercedinas\\\/\"]},{\"@type\":\"Person\",\"@id\":\"https:\\\/\\\/noticiasmercedinas.com\\\/site\\\/#\\\/schema\\\/person\\\/84b59c099c28ff2e8b77d4ceec5d8063\",\"name\":\"NOTICIASMERCEDINAS.COM\",\"image\":{\"@type\":\"ImageObject\",\"inLanguage\":\"es\",\"@id\":\"https:\\\/\\\/secure.gravatar.com\\\/avatar\\\/4dfbf16b4d17945bfb6341b2d19043457132fcf478a5ee04f42e959fd8f5df0a?s=96&d=mm&r=g\",\"url\":\"https:\\\/\\\/secure.gravatar.com\\\/avatar\\\/4dfbf16b4d17945bfb6341b2d19043457132fcf478a5ee04f42e959fd8f5df0a?s=96&d=mm&r=g\",\"contentUrl\":\"https:\\\/\\\/secure.gravatar.com\\\/avatar\\\/4dfbf16b4d17945bfb6341b2d19043457132fcf478a5ee04f42e959fd8f5df0a?s=96&d=mm&r=g\",\"caption\":\"NOTICIASMERCEDINAS.COM\"},\"url\":\"https:\\\/\\\/noticiasmercedinas.com\\\/site\\\/author\\\/anonimo\\\/\"}]}<\/script>\n<!-- \/ Yoast SEO plugin. -->","yoast_head_json":{"title":"FM La Tribuna mud\u00f3 sus instalaciones y mejor\u00f3 su potencia","robots":{"index":"index","follow":"follow","max-snippet":"max-snippet:-1","max-image-preview":"max-image-preview:large","max-video-preview":"max-video-preview:-1"},"canonical":"https:\/\/noticiasmercedinas.com\/site\/2019\/06\/11\/fm-la-tribuna-mudo-sus-instalaciones-y-mejoro-su-potencia\/","og_locale":"es_ES","og_type":"article","og_title":"FM La Tribuna mud\u00f3 sus instalaciones y mejor\u00f3 su potencia","og_description":"FM La Tribuna, la emisora deportiva de Mercedes, comenz\u00f3 este lunes a transmitir desde sus nuevas instalaciones, en calle 3 N\u00b0634 entre 26 y 28. Tras una semana con intermitencias en el aire por el traslado de sus estudios, volvi\u00f3 al mediod\u00eda de este 10 de junio para iniciar su camino rumbo a su d\u00e9cimo [&hellip;]","og_url":"https:\/\/noticiasmercedinas.com\/site\/2019\/06\/11\/fm-la-tribuna-mudo-sus-instalaciones-y-mejoro-su-potencia\/","og_site_name":"NOTICIASMERCEDINAS.COM","article_publisher":"https:\/\/www.facebook.com\/noticiasmercedinas\/","article_published_time":"2019-06-12T00:05:28+00:00","og_image":[{"width":640,"height":397,"url":"https:\/\/noticiasmercedinas.com\/site\/wp-content\/uploads\/2019\/06\/a0a7a5b3-cbe9-490d-a429-8b66ecea400d.jpg","type":"image\/jpeg"}],"author":"NOTICIASMERCEDINAS.COM","twitter_card":"summary_large_image","twitter_creator":"@notmercedinas","twitter_site":"@notmercedinas","twitter_misc":{"Escrito por":"NOTICIASMERCEDINAS.COM","Tiempo de lectura":"1 minuto"},"schema":{"@context":"https:\/\/schema.org","@graph":[{"@type":"Article","@id":"https:\/\/noticiasmercedinas.com\/site\/2019\/06\/11\/fm-la-tribuna-mudo-sus-instalaciones-y-mejoro-su-potencia\/#article","isPartOf":{"@id":"https:\/\/noticiasmercedinas.com\/site\/2019\/06\/11\/fm-la-tribuna-mudo-sus-instalaciones-y-mejoro-su-potencia\/"},"author":{"name":"NOTICIASMERCEDINAS.COM","@id":"https:\/\/noticiasmercedinas.com\/site\/#\/schema\/person\/84b59c099c28ff2e8b77d4ceec5d8063"},"headline":"FM La Tribuna mud\u00f3 sus instalaciones y mejor\u00f3 su potencia","datePublished":"2019-06-12T00:05:28+00:00","mainEntityOfPage":{"@id":"https:\/\/noticiasmercedinas.com\/site\/2019\/06\/11\/fm-la-tribuna-mudo-sus-instalaciones-y-mejoro-su-potencia\/"},"wordCount":277,"commentCount":0,"publisher":{"@id":"https:\/\/noticiasmercedinas.com\/site\/#organization"},"image":{"@id":"https:\/\/noticiasmercedinas.com\/site\/2019\/06\/11\/fm-la-tribuna-mudo-sus-instalaciones-y-mejoro-su-potencia\/#primaryimage"},"thumbnailUrl":"https:\/\/noticiasmercedinas.com\/site\/wp-content\/uploads\/2019\/06\/a0a7a5b3-cbe9-490d-a429-8b66ecea400d.jpg","keywords":["emisora","fm","fm la tribuna","radio"],"articleSection":["Medios"],"inLanguage":"es","potentialAction":[{"@type":"CommentAction","name":"Comment","target":["https:\/\/noticiasmercedinas.com\/site\/2019\/06\/11\/fm-la-tribuna-mudo-sus-instalaciones-y-mejoro-su-potencia\/#respond"]}]},{"@type":"WebPage","@id":"https:\/\/noticiasmercedinas.com\/site\/2019\/06\/11\/fm-la-tribuna-mudo-sus-instalaciones-y-mejoro-su-potencia\/","url":"https:\/\/noticiasmercedinas.com\/site\/2019\/06\/11\/fm-la-tribuna-mudo-sus-instalaciones-y-mejoro-su-potencia\/","name":"FM La Tribuna mud\u00f3 sus instalaciones y mejor\u00f3 su potencia","isPartOf":{"@id":"https:\/\/noticiasmercedinas.com\/site\/#website"},"primaryImageOfPage":{"@id":"https:\/\/noticiasmercedinas.com\/site\/2019\/06\/11\/fm-la-tribuna-mudo-sus-instalaciones-y-mejoro-su-potencia\/#primaryimage"},"image":{"@id":"https:\/\/noticiasmercedinas.com\/site\/2019\/06\/11\/fm-la-tribuna-mudo-sus-instalaciones-y-mejoro-su-potencia\/#primaryimage"},"thumbnailUrl":"https:\/\/noticiasmercedinas.com\/site\/wp-content\/uploads\/2019\/06\/a0a7a5b3-cbe9-490d-a429-8b66ecea400d.jpg","datePublished":"2019-06-12T00:05:28+00:00","breadcrumb":{"@id":"https:\/\/noticiasmercedinas.com\/site\/2019\/06\/11\/fm-la-tribuna-mudo-sus-instalaciones-y-mejoro-su-potencia\/#breadcrumb"},"inLanguage":"es","potentialAction":[{"@type":"ReadAction","target":["https:\/\/noticiasmercedinas.com\/site\/2019\/06\/11\/fm-la-tribuna-mudo-sus-instalaciones-y-mejoro-su-potencia\/"]}]},{"@type":"ImageObject","inLanguage":"es","@id":"https:\/\/noticiasmercedinas.com\/site\/2019\/06\/11\/fm-la-tribuna-mudo-sus-instalaciones-y-mejoro-su-potencia\/#primaryimage","url":"https:\/\/noticiasmercedinas.com\/site\/wp-content\/uploads\/2019\/06\/a0a7a5b3-cbe9-490d-a429-8b66ecea400d.jpg","contentUrl":"https:\/\/noticiasmercedinas.com\/site\/wp-content\/uploads\/2019\/06\/a0a7a5b3-cbe9-490d-a429-8b66ecea400d.jpg","width":640,"height":397},{"@type":"BreadcrumbList","@id":"https:\/\/noticiasmercedinas.com\/site\/2019\/06\/11\/fm-la-tribuna-mudo-sus-instalaciones-y-mejoro-su-potencia\/#breadcrumb","itemListElement":[{"@type":"ListItem","position":1,"name":"Portada","item":"https:\/\/noticiasmercedinas.com\/site\/"},{"@type":"ListItem","position":2,"name":"FM La Tribuna mud\u00f3 sus instalaciones y mejor\u00f3 su potencia"}]},{"@type":"WebSite","@id":"https:\/\/noticiasmercedinas.com\/site\/#website","url":"https:\/\/noticiasmercedinas.com\/site\/","name":"NOTICIASMERCEDINAS.COM","description":"Mercedes, Buenos Aires, Argentina","publisher":{"@id":"https:\/\/noticiasmercedinas.com\/site\/#organization"},"potentialAction":[{"@type":"SearchAction","target":{"@type":"EntryPoint","urlTemplate":"https:\/\/noticiasmercedinas.com\/site\/?s={search_term_string}"},"query-input":{"@type":"PropertyValueSpecification","valueRequired":true,"valueName":"search_term_string"}}],"inLanguage":"es"},{"@type":"Organization","@id":"https:\/\/noticiasmercedinas.com\/site\/#organization","name":"NOTICIASMERCEDINAS.COM","url":"https:\/\/noticiasmercedinas.com\/site\/","logo":{"@type":"ImageObject","inLanguage":"es","@id":"https:\/\/noticiasmercedinas.com\/site\/#\/schema\/logo\/image\/","url":"https:\/\/noticiasmercedinas.com\/site\/wp-content\/uploads\/2020\/06\/LOGO-512.jpg","contentUrl":"https:\/\/noticiasmercedinas.com\/site\/wp-content\/uploads\/2020\/06\/LOGO-512.jpg","width":512,"height":512,"caption":"NOTICIASMERCEDINAS.COM"},"image":{"@id":"https:\/\/noticiasmercedinas.com\/site\/#\/schema\/logo\/image\/"},"sameAs":["https:\/\/www.facebook.com\/noticiasmercedinas\/","https:\/\/x.com\/notmercedinas","https:\/\/www.instagram.com\/noticiasmercedinas\/"]},{"@type":"Person","@id":"https:\/\/noticiasmercedinas.com\/site\/#\/schema\/person\/84b59c099c28ff2e8b77d4ceec5d8063","name":"NOTICIASMERCEDINAS.COM","image":{"@type":"ImageObject","inLanguage":"es","@id":"https:\/\/secure.gravatar.com\/avatar\/4dfbf16b4d17945bfb6341b2d19043457132fcf478a5ee04f42e959fd8f5df0a?s=96&d=mm&r=g","url":"https:\/\/secure.gravatar.com\/avatar\/4dfbf16b4d17945bfb6341b2d19043457132fcf478a5ee04f42e959fd8f5df0a?s=96&d=mm&r=g","contentUrl":"https:\/\/secure.gravatar.com\/avatar\/4dfbf16b4d17945bfb6341b2d19043457132fcf478a5ee04f42e959fd8f5df0a?s=96&d=mm&r=g","caption":"NOTICIASMERCEDINAS.COM"},"url":"https:\/\/noticiasmercedinas.com\/site\/author\/anonimo\/"}]}},"amp_enabled":true,"_links":{"self":[{"href":"https:\/\/noticiasmercedinas.com\/site\/wp-json\/wp\/v2\/posts\/21122","targetHints":{"allow":["GET"]}}],"collection":[{"href":"https:\/\/noticiasmercedinas.com\/site\/wp-json\/wp\/v2\/posts"}],"about":[{"href":"https:\/\/noticiasmercedinas.com\/site\/wp-json\/wp\/v2\/types\/post"}],"author":[{"embeddable":true,"href":"https:\/\/noticiasmercedinas.com\/site\/wp-json\/wp\/v2\/users\/16"}],"replies":[{"embeddable":true,"href":"https:\/\/noticiasmercedinas.com\/site\/wp-json\/wp\/v2\/comments?post=21122"}],"version-history":[{"count":1,"href":"https:\/\/noticiasmercedinas.com\/site\/wp-json\/wp\/v2\/posts\/21122\/revisions"}],"predecessor-version":[{"id":21124,"href":"https:\/\/noticiasmercedinas.com\/site\/wp-json\/wp\/v2\/posts\/21122\/revisions\/21124"}],"wp:featuredmedia":[{"embeddable":true,"href":"https:\/\/noticiasmercedinas.com\/site\/wp-json\/wp\/v2\/media\/21123"}],"wp:attachment":[{"href":"https:\/\/noticiasmercedinas.com\/site\/wp-json\/wp\/v2\/media?parent=21122"}],"wp:term":[{"taxonomy":"category","embeddable":true,"href":"https:\/\/noticiasmercedinas.com\/site\/wp-json\/wp\/v2\/categories?post=21122"},{"taxonomy":"post_tag","embeddable":true,"href":"https:\/\/noticiasmercedinas.com\/site\/wp-json\/wp\/v2\/tags?post=21122"}],"curies":[{"name":"wp","href":"https:\/\/api.w.org\/{rel}","templated":true}]}}