{"id":21501,"date":"2019-06-17T19:40:33","date_gmt":"2019-06-17T22:40:33","guid":{"rendered":"https:\/\/noticiasmercedinas.com\/site\/?p=21501"},"modified":"2019-06-17T19:40:33","modified_gmt":"2019-06-17T22:40:33","slug":"completan-restauracion-del-reloj-de-san-patricio-y-lo-traeran-a-mercedes","status":"publish","type":"post","link":"https:\/\/noticiasmercedinas.com\/site\/2019\/06\/17\/completan-restauracion-del-reloj-de-san-patricio-y-lo-traeran-a-mercedes\/","title":{"rendered":"Completan restauraci\u00f3n del reloj de San Patricio y lo traer\u00e1n a Mercedes"},"content":{"rendered":"\r\n                <style type=\"text\/css\">\r\n                    \r\n                    #td_uid_1_69f5bab4a4841  .td-doubleSlider-2 .td-item1 {\r\n                        background: url(https:\/\/noticiasmercedinas.com\/site\/wp-content\/uploads\/2019\/06\/64883370_2338560496432240_2273426047762432000_n-160x120.jpg) 0 0 no-repeat;\r\n                    }\r\n                    #td_uid_1_69f5bab4a4841  .td-doubleSlider-2 .td-item2 {\r\n                        background: url(https:\/\/noticiasmercedinas.com\/site\/wp-content\/uploads\/2019\/06\/64250821_2338560393098917_1682127244308250624_n-160x120.jpg) 0 0 no-repeat;\r\n                    }\r\n                    #td_uid_1_69f5bab4a4841  .td-doubleSlider-2 .td-item3 {\r\n                        background: url(https:\/\/noticiasmercedinas.com\/site\/wp-content\/uploads\/2019\/06\/64444504_2338560089765614_5766641366142550016_n-160x120.jpg) 0 0 no-repeat;\r\n                    }\r\n                    #td_uid_1_69f5bab4a4841  .td-doubleSlider-2 .td-item4 {\r\n                        background: url(https:\/\/noticiasmercedinas.com\/site\/wp-content\/uploads\/2019\/06\/64691317_2338559046432385_3444686663291240448_n-160x120.jpg) 0 0 no-repeat;\r\n                    }\r\n                    #td_uid_1_69f5bab4a4841  .td-doubleSlider-2 .td-item5 {\r\n                        background: url(https:\/\/noticiasmercedinas.com\/site\/wp-content\/uploads\/2019\/06\/64358595_2338557899765833_1610454986146185216_n-160x120.jpg) 0 0 no-repeat;\r\n                    }\r\n                    #td_uid_1_69f5bab4a4841  .td-doubleSlider-2 .td-item6 {\r\n                        background: url(https:\/\/noticiasmercedinas.com\/site\/wp-content\/uploads\/2019\/06\/64258541_2338557756432514_695974075650015232_n-160x120.jpg) 0 0 no-repeat;\r\n                    }\r\n                    #td_uid_1_69f5bab4a4841  .td-doubleSlider-2 .td-item7 {\r\n                        background: url(https:\/\/noticiasmercedinas.com\/site\/wp-content\/uploads\/2019\/06\/64802103_2338557486432541_9066109550158938112_n-160x120.jpg) 0 0 no-repeat;\r\n                    }\r\n                <\/style>\r\n\r\n                <div id=\"td_uid_1_69f5bab4a4841\" class=\"td-gallery td-slide-on-2-columns\">\r\n                    <div class=\"post_td_gallery\">\r\n                        <div class=\"td-gallery-slide-top\">\r\n                           <div class=\"td-gallery-title\"><\/div>\r\n\r\n                            <div class=\"td-gallery-controls-wrapper\">\r\n                                <div class=\"td-gallery-slide-count\"><span class=\"td-gallery-slide-item-focus\">1<\/span> de 7<\/div>\r\n                                <div class=\"td-gallery-slide-prev-next-but\">\r\n                                    <i class = \"td-icon-left doubleSliderPrevButton\"><\/i>\r\n                                    <i class = \"td-icon-right doubleSliderNextButton\"><\/i>\r\n                                <\/div>\r\n                            <\/div>\r\n                        <\/div>\r\n\r\n                        <div class = \"td-doubleSlider-1 \">\r\n                            <div class = \"td-slider\">\r\n                                \r\n                    <div class = \"td-slide-item td-item1\">\r\n                        <figure class=\"td-slide-galery-figure td-slide-popup-gallery\">\r\n                            <a class=\"slide-gallery-image-link\" href=\"https:\/\/noticiasmercedinas.com\/site\/wp-content\/uploads\/2019\/06\/64883370_2338560496432240_2273426047762432000_n.jpg\" title=\"64883370_2338560496432240_2273426047762432000_n\"  data-caption=\"\"  data-description=\"\">\r\n                                <img decoding=\"async\" src=\"https:\/\/noticiasmercedinas.com\/site\/wp-content\/uploads\/2019\/06\/64883370_2338560496432240_2273426047762432000_n.jpg\" srcset=\"https:\/\/noticiasmercedinas.com\/site\/wp-content\/uploads\/2019\/06\/64883370_2338560496432240_2273426047762432000_n.jpg 960w, https:\/\/noticiasmercedinas.com\/site\/wp-content\/uploads\/2019\/06\/64883370_2338560496432240_2273426047762432000_n-300x225.jpg 300w, https:\/\/noticiasmercedinas.com\/site\/wp-content\/uploads\/2019\/06\/64883370_2338560496432240_2273426047762432000_n-768x576.jpg 768w, https:\/\/noticiasmercedinas.com\/site\/wp-content\/uploads\/2019\/06\/64883370_2338560496432240_2273426047762432000_n-80x60.jpg 80w, https:\/\/noticiasmercedinas.com\/site\/wp-content\/uploads\/2019\/06\/64883370_2338560496432240_2273426047762432000_n-160x120.jpg 160w, https:\/\/noticiasmercedinas.com\/site\/wp-content\/uploads\/2019\/06\/64883370_2338560496432240_2273426047762432000_n-100x75.jpg 100w, https:\/\/noticiasmercedinas.com\/site\/wp-content\/uploads\/2019\/06\/64883370_2338560496432240_2273426047762432000_n-200x150.jpg 200w, https:\/\/noticiasmercedinas.com\/site\/wp-content\/uploads\/2019\/06\/64883370_2338560496432240_2273426047762432000_n-180x135.jpg 180w, https:\/\/noticiasmercedinas.com\/site\/wp-content\/uploads\/2019\/06\/64883370_2338560496432240_2273426047762432000_n-360x270.jpg 360w, https:\/\/noticiasmercedinas.com\/site\/wp-content\/uploads\/2019\/06\/64883370_2338560496432240_2273426047762432000_n-238x178.jpg 238w, https:\/\/noticiasmercedinas.com\/site\/wp-content\/uploads\/2019\/06\/64883370_2338560496432240_2273426047762432000_n-476x356.jpg 476w, https:\/\/noticiasmercedinas.com\/site\/wp-content\/uploads\/2019\/06\/64883370_2338560496432240_2273426047762432000_n-640x480.jpg 640w, https:\/\/noticiasmercedinas.com\/site\/wp-content\/uploads\/2019\/06\/64883370_2338560496432240_2273426047762432000_n-681x511.jpg 681w\" sizes=\"(max-width: 960px) 100vw, 960px\" alt=\"\">\r\n                            <\/a>\r\n                            \r\n                        <\/figure>\r\n                    <\/div>\r\n                    <div class = \"td-slide-item td-item2\">\r\n                        <figure class=\"td-slide-galery-figure td-slide-popup-gallery\">\r\n                            <a class=\"slide-gallery-image-link\" href=\"https:\/\/noticiasmercedinas.com\/site\/wp-content\/uploads\/2019\/06\/64250821_2338560393098917_1682127244308250624_n.jpg\" title=\"64250821_2338560393098917_1682127244308250624_n\"  data-caption=\"\"  data-description=\"\">\r\n                                <img decoding=\"async\" src=\"https:\/\/noticiasmercedinas.com\/site\/wp-content\/uploads\/2019\/06\/64250821_2338560393098917_1682127244308250624_n.jpg\" srcset=\"https:\/\/noticiasmercedinas.com\/site\/wp-content\/uploads\/2019\/06\/64250821_2338560393098917_1682127244308250624_n.jpg 960w, https:\/\/noticiasmercedinas.com\/site\/wp-content\/uploads\/2019\/06\/64250821_2338560393098917_1682127244308250624_n-300x225.jpg 300w, https:\/\/noticiasmercedinas.com\/site\/wp-content\/uploads\/2019\/06\/64250821_2338560393098917_1682127244308250624_n-768x576.jpg 768w, https:\/\/noticiasmercedinas.com\/site\/wp-content\/uploads\/2019\/06\/64250821_2338560393098917_1682127244308250624_n-80x60.jpg 80w, https:\/\/noticiasmercedinas.com\/site\/wp-content\/uploads\/2019\/06\/64250821_2338560393098917_1682127244308250624_n-160x120.jpg 160w, https:\/\/noticiasmercedinas.com\/site\/wp-content\/uploads\/2019\/06\/64250821_2338560393098917_1682127244308250624_n-100x75.jpg 100w, https:\/\/noticiasmercedinas.com\/site\/wp-content\/uploads\/2019\/06\/64250821_2338560393098917_1682127244308250624_n-200x150.jpg 200w, https:\/\/noticiasmercedinas.com\/site\/wp-content\/uploads\/2019\/06\/64250821_2338560393098917_1682127244308250624_n-180x135.jpg 180w, https:\/\/noticiasmercedinas.com\/site\/wp-content\/uploads\/2019\/06\/64250821_2338560393098917_1682127244308250624_n-360x270.jpg 360w, https:\/\/noticiasmercedinas.com\/site\/wp-content\/uploads\/2019\/06\/64250821_2338560393098917_1682127244308250624_n-238x178.jpg 238w, https:\/\/noticiasmercedinas.com\/site\/wp-content\/uploads\/2019\/06\/64250821_2338560393098917_1682127244308250624_n-476x356.jpg 476w, https:\/\/noticiasmercedinas.com\/site\/wp-content\/uploads\/2019\/06\/64250821_2338560393098917_1682127244308250624_n-640x480.jpg 640w, https:\/\/noticiasmercedinas.com\/site\/wp-content\/uploads\/2019\/06\/64250821_2338560393098917_1682127244308250624_n-681x511.jpg 681w\" sizes=\"(max-width: 960px) 100vw, 960px\" alt=\"\">\r\n                            <\/a>\r\n                            \r\n                        <\/figure>\r\n                    <\/div>\r\n                    <div class = \"td-slide-item td-item3\">\r\n                        <figure class=\"td-slide-galery-figure td-slide-popup-gallery\">\r\n                            <a class=\"slide-gallery-image-link\" href=\"https:\/\/noticiasmercedinas.com\/site\/wp-content\/uploads\/2019\/06\/64444504_2338560089765614_5766641366142550016_n.jpg\" title=\"64444504_2338560089765614_5766641366142550016_n\"  data-caption=\"\"  data-description=\"\">\r\n                                <img decoding=\"async\" src=\"https:\/\/noticiasmercedinas.com\/site\/wp-content\/uploads\/2019\/06\/64444504_2338560089765614_5766641366142550016_n.jpg\" srcset=\"https:\/\/noticiasmercedinas.com\/site\/wp-content\/uploads\/2019\/06\/64444504_2338560089765614_5766641366142550016_n.jpg 960w, https:\/\/noticiasmercedinas.com\/site\/wp-content\/uploads\/2019\/06\/64444504_2338560089765614_5766641366142550016_n-300x225.jpg 300w, https:\/\/noticiasmercedinas.com\/site\/wp-content\/uploads\/2019\/06\/64444504_2338560089765614_5766641366142550016_n-768x576.jpg 768w, https:\/\/noticiasmercedinas.com\/site\/wp-content\/uploads\/2019\/06\/64444504_2338560089765614_5766641366142550016_n-80x60.jpg 80w, https:\/\/noticiasmercedinas.com\/site\/wp-content\/uploads\/2019\/06\/64444504_2338560089765614_5766641366142550016_n-160x120.jpg 160w, https:\/\/noticiasmercedinas.com\/site\/wp-content\/uploads\/2019\/06\/64444504_2338560089765614_5766641366142550016_n-100x75.jpg 100w, https:\/\/noticiasmercedinas.com\/site\/wp-content\/uploads\/2019\/06\/64444504_2338560089765614_5766641366142550016_n-200x150.jpg 200w, https:\/\/noticiasmercedinas.com\/site\/wp-content\/uploads\/2019\/06\/64444504_2338560089765614_5766641366142550016_n-180x135.jpg 180w, https:\/\/noticiasmercedinas.com\/site\/wp-content\/uploads\/2019\/06\/64444504_2338560089765614_5766641366142550016_n-360x270.jpg 360w, https:\/\/noticiasmercedinas.com\/site\/wp-content\/uploads\/2019\/06\/64444504_2338560089765614_5766641366142550016_n-238x178.jpg 238w, https:\/\/noticiasmercedinas.com\/site\/wp-content\/uploads\/2019\/06\/64444504_2338560089765614_5766641366142550016_n-476x356.jpg 476w, https:\/\/noticiasmercedinas.com\/site\/wp-content\/uploads\/2019\/06\/64444504_2338560089765614_5766641366142550016_n-640x480.jpg 640w, https:\/\/noticiasmercedinas.com\/site\/wp-content\/uploads\/2019\/06\/64444504_2338560089765614_5766641366142550016_n-681x511.jpg 681w\" sizes=\"(max-width: 960px) 100vw, 960px\" alt=\"\">\r\n                            <\/a>\r\n                            \r\n                        <\/figure>\r\n                    <\/div>\r\n                    <div class = \"td-slide-item td-item4\">\r\n                        <figure class=\"td-slide-galery-figure td-slide-popup-gallery\">\r\n                            <a class=\"slide-gallery-image-link\" href=\"https:\/\/noticiasmercedinas.com\/site\/wp-content\/uploads\/2019\/06\/64691317_2338559046432385_3444686663291240448_n.jpg\" title=\"64691317_2338559046432385_3444686663291240448_n\"  data-caption=\"\"  data-description=\"\">\r\n                                <img decoding=\"async\" src=\"https:\/\/noticiasmercedinas.com\/site\/wp-content\/uploads\/2019\/06\/64691317_2338559046432385_3444686663291240448_n.jpg\" srcset=\"https:\/\/noticiasmercedinas.com\/site\/wp-content\/uploads\/2019\/06\/64691317_2338559046432385_3444686663291240448_n.jpg 720w, https:\/\/noticiasmercedinas.com\/site\/wp-content\/uploads\/2019\/06\/64691317_2338559046432385_3444686663291240448_n-225x300.jpg 225w, https:\/\/noticiasmercedinas.com\/site\/wp-content\/uploads\/2019\/06\/64691317_2338559046432385_3444686663291240448_n-640x853.jpg 640w, https:\/\/noticiasmercedinas.com\/site\/wp-content\/uploads\/2019\/06\/64691317_2338559046432385_3444686663291240448_n-681x908.jpg 681w\" sizes=\"(max-width: 720px) 100vw, 720px\" alt=\"\">\r\n                            <\/a>\r\n                            \r\n                        <\/figure>\r\n                    <\/div>\r\n                    <div class = \"td-slide-item td-item5\">\r\n                        <figure class=\"td-slide-galery-figure td-slide-popup-gallery\">\r\n                            <a class=\"slide-gallery-image-link\" href=\"https:\/\/noticiasmercedinas.com\/site\/wp-content\/uploads\/2019\/06\/64358595_2338557899765833_1610454986146185216_n.jpg\" title=\"64358595_2338557899765833_1610454986146185216_n\"  data-caption=\"\"  data-description=\"\">\r\n                                <img decoding=\"async\" src=\"https:\/\/noticiasmercedinas.com\/site\/wp-content\/uploads\/2019\/06\/64358595_2338557899765833_1610454986146185216_n.jpg\" srcset=\"https:\/\/noticiasmercedinas.com\/site\/wp-content\/uploads\/2019\/06\/64358595_2338557899765833_1610454986146185216_n.jpg 720w, https:\/\/noticiasmercedinas.com\/site\/wp-content\/uploads\/2019\/06\/64358595_2338557899765833_1610454986146185216_n-225x300.jpg 225w, https:\/\/noticiasmercedinas.com\/site\/wp-content\/uploads\/2019\/06\/64358595_2338557899765833_1610454986146185216_n-640x853.jpg 640w, https:\/\/noticiasmercedinas.com\/site\/wp-content\/uploads\/2019\/06\/64358595_2338557899765833_1610454986146185216_n-681x908.jpg 681w\" sizes=\"(max-width: 720px) 100vw, 720px\" alt=\"\">\r\n                            <\/a>\r\n                            \r\n                        <\/figure>\r\n                    <\/div>\r\n                    <div class = \"td-slide-item td-item6\">\r\n                        <figure class=\"td-slide-galery-figure td-slide-popup-gallery\">\r\n                            <a class=\"slide-gallery-image-link\" href=\"https:\/\/noticiasmercedinas.com\/site\/wp-content\/uploads\/2019\/06\/64258541_2338557756432514_695974075650015232_n.jpg\" title=\"64258541_2338557756432514_695974075650015232_n\"  data-caption=\"\"  data-description=\"\">\r\n                                <img decoding=\"async\" src=\"https:\/\/noticiasmercedinas.com\/site\/wp-content\/uploads\/2019\/06\/64258541_2338557756432514_695974075650015232_n.jpg\" srcset=\"https:\/\/noticiasmercedinas.com\/site\/wp-content\/uploads\/2019\/06\/64258541_2338557756432514_695974075650015232_n.jpg 960w, https:\/\/noticiasmercedinas.com\/site\/wp-content\/uploads\/2019\/06\/64258541_2338557756432514_695974075650015232_n-300x225.jpg 300w, https:\/\/noticiasmercedinas.com\/site\/wp-content\/uploads\/2019\/06\/64258541_2338557756432514_695974075650015232_n-768x576.jpg 768w, https:\/\/noticiasmercedinas.com\/site\/wp-content\/uploads\/2019\/06\/64258541_2338557756432514_695974075650015232_n-80x60.jpg 80w, https:\/\/noticiasmercedinas.com\/site\/wp-content\/uploads\/2019\/06\/64258541_2338557756432514_695974075650015232_n-160x120.jpg 160w, https:\/\/noticiasmercedinas.com\/site\/wp-content\/uploads\/2019\/06\/64258541_2338557756432514_695974075650015232_n-100x75.jpg 100w, https:\/\/noticiasmercedinas.com\/site\/wp-content\/uploads\/2019\/06\/64258541_2338557756432514_695974075650015232_n-200x150.jpg 200w, https:\/\/noticiasmercedinas.com\/site\/wp-content\/uploads\/2019\/06\/64258541_2338557756432514_695974075650015232_n-180x135.jpg 180w, https:\/\/noticiasmercedinas.com\/site\/wp-content\/uploads\/2019\/06\/64258541_2338557756432514_695974075650015232_n-360x270.jpg 360w, https:\/\/noticiasmercedinas.com\/site\/wp-content\/uploads\/2019\/06\/64258541_2338557756432514_695974075650015232_n-238x178.jpg 238w, https:\/\/noticiasmercedinas.com\/site\/wp-content\/uploads\/2019\/06\/64258541_2338557756432514_695974075650015232_n-476x356.jpg 476w, https:\/\/noticiasmercedinas.com\/site\/wp-content\/uploads\/2019\/06\/64258541_2338557756432514_695974075650015232_n-640x480.jpg 640w, https:\/\/noticiasmercedinas.com\/site\/wp-content\/uploads\/2019\/06\/64258541_2338557756432514_695974075650015232_n-681x511.jpg 681w\" sizes=\"(max-width: 960px) 100vw, 960px\" alt=\"\">\r\n                            <\/a>\r\n                            \r\n                        <\/figure>\r\n                    <\/div>\r\n                    <div class = \"td-slide-item td-item7\">\r\n                        <figure class=\"td-slide-galery-figure td-slide-popup-gallery\">\r\n                            <a class=\"slide-gallery-image-link\" href=\"https:\/\/noticiasmercedinas.com\/site\/wp-content\/uploads\/2019\/06\/64802103_2338557486432541_9066109550158938112_n.jpg\" title=\"64802103_2338557486432541_9066109550158938112_n\"  data-caption=\"\"  data-description=\"\">\r\n                                <img decoding=\"async\" src=\"https:\/\/noticiasmercedinas.com\/site\/wp-content\/uploads\/2019\/06\/64802103_2338557486432541_9066109550158938112_n.jpg\" srcset=\"https:\/\/noticiasmercedinas.com\/site\/wp-content\/uploads\/2019\/06\/64802103_2338557486432541_9066109550158938112_n.jpg 960w, https:\/\/noticiasmercedinas.com\/site\/wp-content\/uploads\/2019\/06\/64802103_2338557486432541_9066109550158938112_n-300x225.jpg 300w, https:\/\/noticiasmercedinas.com\/site\/wp-content\/uploads\/2019\/06\/64802103_2338557486432541_9066109550158938112_n-768x576.jpg 768w, https:\/\/noticiasmercedinas.com\/site\/wp-content\/uploads\/2019\/06\/64802103_2338557486432541_9066109550158938112_n-80x60.jpg 80w, https:\/\/noticiasmercedinas.com\/site\/wp-content\/uploads\/2019\/06\/64802103_2338557486432541_9066109550158938112_n-160x120.jpg 160w, https:\/\/noticiasmercedinas.com\/site\/wp-content\/uploads\/2019\/06\/64802103_2338557486432541_9066109550158938112_n-100x75.jpg 100w, https:\/\/noticiasmercedinas.com\/site\/wp-content\/uploads\/2019\/06\/64802103_2338557486432541_9066109550158938112_n-200x150.jpg 200w, https:\/\/noticiasmercedinas.com\/site\/wp-content\/uploads\/2019\/06\/64802103_2338557486432541_9066109550158938112_n-180x135.jpg 180w, https:\/\/noticiasmercedinas.com\/site\/wp-content\/uploads\/2019\/06\/64802103_2338557486432541_9066109550158938112_n-360x270.jpg 360w, https:\/\/noticiasmercedinas.com\/site\/wp-content\/uploads\/2019\/06\/64802103_2338557486432541_9066109550158938112_n-238x178.jpg 238w, https:\/\/noticiasmercedinas.com\/site\/wp-content\/uploads\/2019\/06\/64802103_2338557486432541_9066109550158938112_n-476x356.jpg 476w, https:\/\/noticiasmercedinas.com\/site\/wp-content\/uploads\/2019\/06\/64802103_2338557486432541_9066109550158938112_n-640x480.jpg 640w, https:\/\/noticiasmercedinas.com\/site\/wp-content\/uploads\/2019\/06\/64802103_2338557486432541_9066109550158938112_n-681x511.jpg 681w\" sizes=\"(max-width: 960px) 100vw, 960px\" alt=\"\">\r\n                            <\/a>\r\n                            \r\n                        <\/figure>\r\n                    <\/div>\r\n                            <\/div>\r\n                        <\/div>\r\n\r\n                        <div class = \"td-doubleSlider-2\">\r\n                            <div class = \"td-slider\">\r\n                                \r\n                    <div class = \"td-button td-item1\">\r\n                        <div class = \"td-border\"><\/div>\r\n                    <\/div>\r\n                    <div class = \"td-button td-item2\">\r\n                        <div class = \"td-border\"><\/div>\r\n                    <\/div>\r\n                    <div class = \"td-button td-item3\">\r\n                        <div class = \"td-border\"><\/div>\r\n                    <\/div>\r\n                    <div class = \"td-button td-item4\">\r\n                        <div class = \"td-border\"><\/div>\r\n                    <\/div>\r\n                    <div class = \"td-button td-item5\">\r\n                        <div class = \"td-border\"><\/div>\r\n                    <\/div>\r\n                    <div class = \"td-button td-item6\">\r\n                        <div class = \"td-border\"><\/div>\r\n                    <\/div>\r\n                    <div class = \"td-button td-item7\">\r\n                        <div class = \"td-border\"><\/div>\r\n                    <\/div>\r\n                            <\/div>\r\n                        <\/div>\r\n\r\n                    <\/div>\r\n\r\n                <\/div>\r\n                \n<p>Tal cual coment\u00f3 el padre <strong>Thomas Christopher Odonnell,<\/strong> este lunes se acerc\u00f3 a las instalaciones de la empresa de Ramos Mej\u00eda donde los maestros relojeros restauraron el hist\u00f3rico reloj de la Parroquia San Patricio, para corroborar que los trabajos avanzan y que en breve estar\u00e1 en la ciudad de Mercedes.<\/p>\n<p>\u201cAdem\u00e1s de verlo armado y en funcionamiento, fui informado de las distintas tareas que se realizaron para dejar al reloj como reci\u00e9n salido de f\u00e1brica\u201d, explic\u00f3 el Padre Tom.<\/p>\n<p>\u201cEn los pr\u00f3ximos d\u00edas se proceder\u00e1 a desarmarlo y traerlo a Mercedes para su reinstalaci\u00f3n en la torre que da a la fachada del Templo\u201d, inform\u00f3.<\/p>\n<p>\u201cJunto al padre Johnny y toda la comunidad de San Patricio agradecemos a los maestros relojeros que han llevado a cabo la restauraci\u00f3n del reloj: Antonio y Andr\u00e9s Trapanotto, Manuel V\u00e1zquez y Pedro\u201d, dijo.<\/p>\n<p>En septiembre del a\u00f1o pasado, un equipo de maestros relojeros de Ramos Mej\u00eda vino a San Patricio para ver el reloj, analizar su estado general y presentar un plan de mantenimiento o restauraci\u00f3n, tiempos y costos.<\/p>\n<p>En marzo se iniciaron las tareas de restauraci\u00f3n del reloj, que si bien todav\u00eda estaba en funcionamiento, por su desgaste, luego de casi cien a\u00f1os se hac\u00eda necesaria una reparaci\u00f3n. Es as\u00ed que se desarm\u00f3 por completo, y en diferentes etapas se fueron llevando las piezas al taller en Ramos Mej\u00eda donde se restaur\u00f3, lo que implic\u00f3 un concienzudo trabajo de limpieza, pintura y restauraci\u00f3n de m\u00e1s de 500 piezas de su mecanismo.<\/p>\n","protected":false},"excerpt":{"rendered":"<p>Tal cual coment\u00f3 el padre Thomas Christopher Odonnell, este lunes se acerc\u00f3 a las instalaciones de la empresa de Ramos Mej\u00eda donde los maestros relojeros restauraron el hist\u00f3rico reloj de la Parroquia San Patricio, para corroborar que los trabajos avanzan y que en breve estar\u00e1 en la ciudad de Mercedes. \u201cAdem\u00e1s de verlo armado y [&hellip;]<\/p>\n","protected":false},"author":16,"featured_media":21503,"comment_status":"open","ping_status":"open","sticky":false,"template":"","format":"standard","meta":{"footnotes":""},"categories":[3],"tags":[5342,5343,5341,5043,1751,1805,5344],"class_list":["post-21501","post","type-post","status-publish","format-standard","has-post-thumbnail","hentry","category-sociedad","tag-iglesia-san-patricio","tag-parde-tom","tag-reloja","tag-restauracion","tag-san-patricio","tag-taller","tag-thomas-christopher-odonnell"],"yoast_head":"<!-- This site is optimized with the Yoast SEO plugin v27.5 - https:\/\/yoast.com\/product\/yoast-seo-wordpress\/ -->\n<title>Completan restauraci\u00f3n del reloj de San Patricio y lo traer\u00e1n a Mercedes<\/title>\n<meta name=\"robots\" content=\"index, follow, max-snippet:-1, max-image-preview:large, max-video-preview:-1\" \/>\n<link rel=\"canonical\" href=\"https:\/\/noticiasmercedinas.com\/site\/2019\/06\/17\/completan-restauracion-del-reloj-de-san-patricio-y-lo-traeran-a-mercedes\/\" \/>\n<meta property=\"og:locale\" content=\"es_ES\" \/>\n<meta property=\"og:type\" content=\"article\" \/>\n<meta property=\"og:title\" content=\"Completan restauraci\u00f3n del reloj de San Patricio y lo traer\u00e1n a Mercedes\" \/>\n<meta property=\"og:description\" content=\"Tal cual coment\u00f3 el padre Thomas Christopher Odonnell, este lunes se acerc\u00f3 a las instalaciones de la empresa de Ramos Mej\u00eda donde los maestros relojeros restauraron el hist\u00f3rico reloj de la Parroquia San Patricio, para corroborar que los trabajos avanzan y que en breve estar\u00e1 en la ciudad de Mercedes. \u201cAdem\u00e1s de verlo armado y [&hellip;]\" \/>\n<meta property=\"og:url\" content=\"https:\/\/noticiasmercedinas.com\/site\/2019\/06\/17\/completan-restauracion-del-reloj-de-san-patricio-y-lo-traeran-a-mercedes\/\" \/>\n<meta property=\"og:site_name\" content=\"NOTICIASMERCEDINAS.COM\" \/>\n<meta property=\"article:publisher\" content=\"https:\/\/www.facebook.com\/noticiasmercedinas\/\" \/>\n<meta property=\"article:published_time\" content=\"2019-06-17T22:40:33+00:00\" \/>\n<meta property=\"og:image\" content=\"https:\/\/noticiasmercedinas.com\/site\/wp-content\/uploads\/2019\/06\/64250821_2338560393098917_1682127244308250624_n.jpg\" \/>\n\t<meta property=\"og:image:width\" content=\"960\" \/>\n\t<meta property=\"og:image:height\" content=\"720\" \/>\n\t<meta property=\"og:image:type\" content=\"image\/jpeg\" \/>\n<meta name=\"author\" content=\"NOTICIASMERCEDINAS.COM\" \/>\n<meta name=\"twitter:card\" content=\"summary_large_image\" \/>\n<meta name=\"twitter:creator\" content=\"@notmercedinas\" \/>\n<meta name=\"twitter:site\" content=\"@notmercedinas\" \/>\n<meta name=\"twitter:label1\" content=\"Escrito por\" \/>\n\t<meta name=\"twitter:data1\" content=\"NOTICIASMERCEDINAS.COM\" \/>\n\t<meta name=\"twitter:label2\" content=\"Tiempo de lectura\" \/>\n\t<meta name=\"twitter:data2\" content=\"1 minuto\" \/>\n<script type=\"application\/ld+json\" class=\"yoast-schema-graph\">{\"@context\":\"https:\\\/\\\/schema.org\",\"@graph\":[{\"@type\":\"Article\",\"@id\":\"https:\\\/\\\/noticiasmercedinas.com\\\/site\\\/2019\\\/06\\\/17\\\/completan-restauracion-del-reloj-de-san-patricio-y-lo-traeran-a-mercedes\\\/#article\",\"isPartOf\":{\"@id\":\"https:\\\/\\\/noticiasmercedinas.com\\\/site\\\/2019\\\/06\\\/17\\\/completan-restauracion-del-reloj-de-san-patricio-y-lo-traeran-a-mercedes\\\/\"},\"author\":{\"name\":\"NOTICIASMERCEDINAS.COM\",\"@id\":\"https:\\\/\\\/noticiasmercedinas.com\\\/site\\\/#\\\/schema\\\/person\\\/84b59c099c28ff2e8b77d4ceec5d8063\"},\"headline\":\"Completan restauraci\u00f3n del reloj de San Patricio y lo traer\u00e1n a Mercedes\",\"datePublished\":\"2019-06-17T22:40:33+00:00\",\"mainEntityOfPage\":{\"@id\":\"https:\\\/\\\/noticiasmercedinas.com\\\/site\\\/2019\\\/06\\\/17\\\/completan-restauracion-del-reloj-de-san-patricio-y-lo-traeran-a-mercedes\\\/\"},\"wordCount\":292,\"commentCount\":0,\"publisher\":{\"@id\":\"https:\\\/\\\/noticiasmercedinas.com\\\/site\\\/#organization\"},\"image\":{\"@id\":\"https:\\\/\\\/noticiasmercedinas.com\\\/site\\\/2019\\\/06\\\/17\\\/completan-restauracion-del-reloj-de-san-patricio-y-lo-traeran-a-mercedes\\\/#primaryimage\"},\"thumbnailUrl\":\"https:\\\/\\\/noticiasmercedinas.com\\\/site\\\/wp-content\\\/uploads\\\/2019\\\/06\\\/64250821_2338560393098917_1682127244308250624_n.jpg\",\"keywords\":[\"iglesia san patricio\",\"parde tom\",\"reloja\",\"restauraci\u00f3n\",\"san patricio\",\"taller\",\"Thomas Christopher Odonnell\"],\"articleSection\":[\"Sociedad\"],\"inLanguage\":\"es\",\"potentialAction\":[{\"@type\":\"CommentAction\",\"name\":\"Comment\",\"target\":[\"https:\\\/\\\/noticiasmercedinas.com\\\/site\\\/2019\\\/06\\\/17\\\/completan-restauracion-del-reloj-de-san-patricio-y-lo-traeran-a-mercedes\\\/#respond\"]}]},{\"@type\":\"WebPage\",\"@id\":\"https:\\\/\\\/noticiasmercedinas.com\\\/site\\\/2019\\\/06\\\/17\\\/completan-restauracion-del-reloj-de-san-patricio-y-lo-traeran-a-mercedes\\\/\",\"url\":\"https:\\\/\\\/noticiasmercedinas.com\\\/site\\\/2019\\\/06\\\/17\\\/completan-restauracion-del-reloj-de-san-patricio-y-lo-traeran-a-mercedes\\\/\",\"name\":\"Completan restauraci\u00f3n del reloj de San Patricio y lo traer\u00e1n a Mercedes\",\"isPartOf\":{\"@id\":\"https:\\\/\\\/noticiasmercedinas.com\\\/site\\\/#website\"},\"primaryImageOfPage\":{\"@id\":\"https:\\\/\\\/noticiasmercedinas.com\\\/site\\\/2019\\\/06\\\/17\\\/completan-restauracion-del-reloj-de-san-patricio-y-lo-traeran-a-mercedes\\\/#primaryimage\"},\"image\":{\"@id\":\"https:\\\/\\\/noticiasmercedinas.com\\\/site\\\/2019\\\/06\\\/17\\\/completan-restauracion-del-reloj-de-san-patricio-y-lo-traeran-a-mercedes\\\/#primaryimage\"},\"thumbnailUrl\":\"https:\\\/\\\/noticiasmercedinas.com\\\/site\\\/wp-content\\\/uploads\\\/2019\\\/06\\\/64250821_2338560393098917_1682127244308250624_n.jpg\",\"datePublished\":\"2019-06-17T22:40:33+00:00\",\"breadcrumb\":{\"@id\":\"https:\\\/\\\/noticiasmercedinas.com\\\/site\\\/2019\\\/06\\\/17\\\/completan-restauracion-del-reloj-de-san-patricio-y-lo-traeran-a-mercedes\\\/#breadcrumb\"},\"inLanguage\":\"es\",\"potentialAction\":[{\"@type\":\"ReadAction\",\"target\":[\"https:\\\/\\\/noticiasmercedinas.com\\\/site\\\/2019\\\/06\\\/17\\\/completan-restauracion-del-reloj-de-san-patricio-y-lo-traeran-a-mercedes\\\/\"]}]},{\"@type\":\"ImageObject\",\"inLanguage\":\"es\",\"@id\":\"https:\\\/\\\/noticiasmercedinas.com\\\/site\\\/2019\\\/06\\\/17\\\/completan-restauracion-del-reloj-de-san-patricio-y-lo-traeran-a-mercedes\\\/#primaryimage\",\"url\":\"https:\\\/\\\/noticiasmercedinas.com\\\/site\\\/wp-content\\\/uploads\\\/2019\\\/06\\\/64250821_2338560393098917_1682127244308250624_n.jpg\",\"contentUrl\":\"https:\\\/\\\/noticiasmercedinas.com\\\/site\\\/wp-content\\\/uploads\\\/2019\\\/06\\\/64250821_2338560393098917_1682127244308250624_n.jpg\",\"width\":960,\"height\":720},{\"@type\":\"BreadcrumbList\",\"@id\":\"https:\\\/\\\/noticiasmercedinas.com\\\/site\\\/2019\\\/06\\\/17\\\/completan-restauracion-del-reloj-de-san-patricio-y-lo-traeran-a-mercedes\\\/#breadcrumb\",\"itemListElement\":[{\"@type\":\"ListItem\",\"position\":1,\"name\":\"Portada\",\"item\":\"https:\\\/\\\/noticiasmercedinas.com\\\/site\\\/\"},{\"@type\":\"ListItem\",\"position\":2,\"name\":\"Completan restauraci\u00f3n del reloj de San Patricio y lo traer\u00e1n a Mercedes\"}]},{\"@type\":\"WebSite\",\"@id\":\"https:\\\/\\\/noticiasmercedinas.com\\\/site\\\/#website\",\"url\":\"https:\\\/\\\/noticiasmercedinas.com\\\/site\\\/\",\"name\":\"NOTICIASMERCEDINAS.COM\",\"description\":\"Mercedes, Buenos Aires, Argentina\",\"publisher\":{\"@id\":\"https:\\\/\\\/noticiasmercedinas.com\\\/site\\\/#organization\"},\"potentialAction\":[{\"@type\":\"SearchAction\",\"target\":{\"@type\":\"EntryPoint\",\"urlTemplate\":\"https:\\\/\\\/noticiasmercedinas.com\\\/site\\\/?s={search_term_string}\"},\"query-input\":{\"@type\":\"PropertyValueSpecification\",\"valueRequired\":true,\"valueName\":\"search_term_string\"}}],\"inLanguage\":\"es\"},{\"@type\":\"Organization\",\"@id\":\"https:\\\/\\\/noticiasmercedinas.com\\\/site\\\/#organization\",\"name\":\"NOTICIASMERCEDINAS.COM\",\"url\":\"https:\\\/\\\/noticiasmercedinas.com\\\/site\\\/\",\"logo\":{\"@type\":\"ImageObject\",\"inLanguage\":\"es\",\"@id\":\"https:\\\/\\\/noticiasmercedinas.com\\\/site\\\/#\\\/schema\\\/logo\\\/image\\\/\",\"url\":\"https:\\\/\\\/noticiasmercedinas.com\\\/site\\\/wp-content\\\/uploads\\\/2020\\\/06\\\/LOGO-512.jpg\",\"contentUrl\":\"https:\\\/\\\/noticiasmercedinas.com\\\/site\\\/wp-content\\\/uploads\\\/2020\\\/06\\\/LOGO-512.jpg\",\"width\":512,\"height\":512,\"caption\":\"NOTICIASMERCEDINAS.COM\"},\"image\":{\"@id\":\"https:\\\/\\\/noticiasmercedinas.com\\\/site\\\/#\\\/schema\\\/logo\\\/image\\\/\"},\"sameAs\":[\"https:\\\/\\\/www.facebook.com\\\/noticiasmercedinas\\\/\",\"https:\\\/\\\/x.com\\\/notmercedinas\",\"https:\\\/\\\/www.instagram.com\\\/noticiasmercedinas\\\/\"]},{\"@type\":\"Person\",\"@id\":\"https:\\\/\\\/noticiasmercedinas.com\\\/site\\\/#\\\/schema\\\/person\\\/84b59c099c28ff2e8b77d4ceec5d8063\",\"name\":\"NOTICIASMERCEDINAS.COM\",\"image\":{\"@type\":\"ImageObject\",\"inLanguage\":\"es\",\"@id\":\"https:\\\/\\\/secure.gravatar.com\\\/avatar\\\/4dfbf16b4d17945bfb6341b2d19043457132fcf478a5ee04f42e959fd8f5df0a?s=96&d=mm&r=g\",\"url\":\"https:\\\/\\\/secure.gravatar.com\\\/avatar\\\/4dfbf16b4d17945bfb6341b2d19043457132fcf478a5ee04f42e959fd8f5df0a?s=96&d=mm&r=g\",\"contentUrl\":\"https:\\\/\\\/secure.gravatar.com\\\/avatar\\\/4dfbf16b4d17945bfb6341b2d19043457132fcf478a5ee04f42e959fd8f5df0a?s=96&d=mm&r=g\",\"caption\":\"NOTICIASMERCEDINAS.COM\"},\"url\":\"https:\\\/\\\/noticiasmercedinas.com\\\/site\\\/author\\\/anonimo\\\/\"}]}<\/script>\n<!-- \/ Yoast SEO plugin. -->","yoast_head_json":{"title":"Completan restauraci\u00f3n del reloj de San Patricio y lo traer\u00e1n a Mercedes","robots":{"index":"index","follow":"follow","max-snippet":"max-snippet:-1","max-image-preview":"max-image-preview:large","max-video-preview":"max-video-preview:-1"},"canonical":"https:\/\/noticiasmercedinas.com\/site\/2019\/06\/17\/completan-restauracion-del-reloj-de-san-patricio-y-lo-traeran-a-mercedes\/","og_locale":"es_ES","og_type":"article","og_title":"Completan restauraci\u00f3n del reloj de San Patricio y lo traer\u00e1n a Mercedes","og_description":"Tal cual coment\u00f3 el padre Thomas Christopher Odonnell, este lunes se acerc\u00f3 a las instalaciones de la empresa de Ramos Mej\u00eda donde los maestros relojeros restauraron el hist\u00f3rico reloj de la Parroquia San Patricio, para corroborar que los trabajos avanzan y que en breve estar\u00e1 en la ciudad de Mercedes. \u201cAdem\u00e1s de verlo armado y [&hellip;]","og_url":"https:\/\/noticiasmercedinas.com\/site\/2019\/06\/17\/completan-restauracion-del-reloj-de-san-patricio-y-lo-traeran-a-mercedes\/","og_site_name":"NOTICIASMERCEDINAS.COM","article_publisher":"https:\/\/www.facebook.com\/noticiasmercedinas\/","article_published_time":"2019-06-17T22:40:33+00:00","og_image":[{"width":960,"height":720,"url":"https:\/\/noticiasmercedinas.com\/site\/wp-content\/uploads\/2019\/06\/64250821_2338560393098917_1682127244308250624_n.jpg","type":"image\/jpeg"}],"author":"NOTICIASMERCEDINAS.COM","twitter_card":"summary_large_image","twitter_creator":"@notmercedinas","twitter_site":"@notmercedinas","twitter_misc":{"Escrito por":"NOTICIASMERCEDINAS.COM","Tiempo de lectura":"1 minuto"},"schema":{"@context":"https:\/\/schema.org","@graph":[{"@type":"Article","@id":"https:\/\/noticiasmercedinas.com\/site\/2019\/06\/17\/completan-restauracion-del-reloj-de-san-patricio-y-lo-traeran-a-mercedes\/#article","isPartOf":{"@id":"https:\/\/noticiasmercedinas.com\/site\/2019\/06\/17\/completan-restauracion-del-reloj-de-san-patricio-y-lo-traeran-a-mercedes\/"},"author":{"name":"NOTICIASMERCEDINAS.COM","@id":"https:\/\/noticiasmercedinas.com\/site\/#\/schema\/person\/84b59c099c28ff2e8b77d4ceec5d8063"},"headline":"Completan restauraci\u00f3n del reloj de San Patricio y lo traer\u00e1n a Mercedes","datePublished":"2019-06-17T22:40:33+00:00","mainEntityOfPage":{"@id":"https:\/\/noticiasmercedinas.com\/site\/2019\/06\/17\/completan-restauracion-del-reloj-de-san-patricio-y-lo-traeran-a-mercedes\/"},"wordCount":292,"commentCount":0,"publisher":{"@id":"https:\/\/noticiasmercedinas.com\/site\/#organization"},"image":{"@id":"https:\/\/noticiasmercedinas.com\/site\/2019\/06\/17\/completan-restauracion-del-reloj-de-san-patricio-y-lo-traeran-a-mercedes\/#primaryimage"},"thumbnailUrl":"https:\/\/noticiasmercedinas.com\/site\/wp-content\/uploads\/2019\/06\/64250821_2338560393098917_1682127244308250624_n.jpg","keywords":["iglesia san patricio","parde tom","reloja","restauraci\u00f3n","san patricio","taller","Thomas Christopher Odonnell"],"articleSection":["Sociedad"],"inLanguage":"es","potentialAction":[{"@type":"CommentAction","name":"Comment","target":["https:\/\/noticiasmercedinas.com\/site\/2019\/06\/17\/completan-restauracion-del-reloj-de-san-patricio-y-lo-traeran-a-mercedes\/#respond"]}]},{"@type":"WebPage","@id":"https:\/\/noticiasmercedinas.com\/site\/2019\/06\/17\/completan-restauracion-del-reloj-de-san-patricio-y-lo-traeran-a-mercedes\/","url":"https:\/\/noticiasmercedinas.com\/site\/2019\/06\/17\/completan-restauracion-del-reloj-de-san-patricio-y-lo-traeran-a-mercedes\/","name":"Completan restauraci\u00f3n del reloj de San Patricio y lo traer\u00e1n a Mercedes","isPartOf":{"@id":"https:\/\/noticiasmercedinas.com\/site\/#website"},"primaryImageOfPage":{"@id":"https:\/\/noticiasmercedinas.com\/site\/2019\/06\/17\/completan-restauracion-del-reloj-de-san-patricio-y-lo-traeran-a-mercedes\/#primaryimage"},"image":{"@id":"https:\/\/noticiasmercedinas.com\/site\/2019\/06\/17\/completan-restauracion-del-reloj-de-san-patricio-y-lo-traeran-a-mercedes\/#primaryimage"},"thumbnailUrl":"https:\/\/noticiasmercedinas.com\/site\/wp-content\/uploads\/2019\/06\/64250821_2338560393098917_1682127244308250624_n.jpg","datePublished":"2019-06-17T22:40:33+00:00","breadcrumb":{"@id":"https:\/\/noticiasmercedinas.com\/site\/2019\/06\/17\/completan-restauracion-del-reloj-de-san-patricio-y-lo-traeran-a-mercedes\/#breadcrumb"},"inLanguage":"es","potentialAction":[{"@type":"ReadAction","target":["https:\/\/noticiasmercedinas.com\/site\/2019\/06\/17\/completan-restauracion-del-reloj-de-san-patricio-y-lo-traeran-a-mercedes\/"]}]},{"@type":"ImageObject","inLanguage":"es","@id":"https:\/\/noticiasmercedinas.com\/site\/2019\/06\/17\/completan-restauracion-del-reloj-de-san-patricio-y-lo-traeran-a-mercedes\/#primaryimage","url":"https:\/\/noticiasmercedinas.com\/site\/wp-content\/uploads\/2019\/06\/64250821_2338560393098917_1682127244308250624_n.jpg","contentUrl":"https:\/\/noticiasmercedinas.com\/site\/wp-content\/uploads\/2019\/06\/64250821_2338560393098917_1682127244308250624_n.jpg","width":960,"height":720},{"@type":"BreadcrumbList","@id":"https:\/\/noticiasmercedinas.com\/site\/2019\/06\/17\/completan-restauracion-del-reloj-de-san-patricio-y-lo-traeran-a-mercedes\/#breadcrumb","itemListElement":[{"@type":"ListItem","position":1,"name":"Portada","item":"https:\/\/noticiasmercedinas.com\/site\/"},{"@type":"ListItem","position":2,"name":"Completan restauraci\u00f3n del reloj de San Patricio y lo traer\u00e1n a Mercedes"}]},{"@type":"WebSite","@id":"https:\/\/noticiasmercedinas.com\/site\/#website","url":"https:\/\/noticiasmercedinas.com\/site\/","name":"NOTICIASMERCEDINAS.COM","description":"Mercedes, Buenos Aires, Argentina","publisher":{"@id":"https:\/\/noticiasmercedinas.com\/site\/#organization"},"potentialAction":[{"@type":"SearchAction","target":{"@type":"EntryPoint","urlTemplate":"https:\/\/noticiasmercedinas.com\/site\/?s={search_term_string}"},"query-input":{"@type":"PropertyValueSpecification","valueRequired":true,"valueName":"search_term_string"}}],"inLanguage":"es"},{"@type":"Organization","@id":"https:\/\/noticiasmercedinas.com\/site\/#organization","name":"NOTICIASMERCEDINAS.COM","url":"https:\/\/noticiasmercedinas.com\/site\/","logo":{"@type":"ImageObject","inLanguage":"es","@id":"https:\/\/noticiasmercedinas.com\/site\/#\/schema\/logo\/image\/","url":"https:\/\/noticiasmercedinas.com\/site\/wp-content\/uploads\/2020\/06\/LOGO-512.jpg","contentUrl":"https:\/\/noticiasmercedinas.com\/site\/wp-content\/uploads\/2020\/06\/LOGO-512.jpg","width":512,"height":512,"caption":"NOTICIASMERCEDINAS.COM"},"image":{"@id":"https:\/\/noticiasmercedinas.com\/site\/#\/schema\/logo\/image\/"},"sameAs":["https:\/\/www.facebook.com\/noticiasmercedinas\/","https:\/\/x.com\/notmercedinas","https:\/\/www.instagram.com\/noticiasmercedinas\/"]},{"@type":"Person","@id":"https:\/\/noticiasmercedinas.com\/site\/#\/schema\/person\/84b59c099c28ff2e8b77d4ceec5d8063","name":"NOTICIASMERCEDINAS.COM","image":{"@type":"ImageObject","inLanguage":"es","@id":"https:\/\/secure.gravatar.com\/avatar\/4dfbf16b4d17945bfb6341b2d19043457132fcf478a5ee04f42e959fd8f5df0a?s=96&d=mm&r=g","url":"https:\/\/secure.gravatar.com\/avatar\/4dfbf16b4d17945bfb6341b2d19043457132fcf478a5ee04f42e959fd8f5df0a?s=96&d=mm&r=g","contentUrl":"https:\/\/secure.gravatar.com\/avatar\/4dfbf16b4d17945bfb6341b2d19043457132fcf478a5ee04f42e959fd8f5df0a?s=96&d=mm&r=g","caption":"NOTICIASMERCEDINAS.COM"},"url":"https:\/\/noticiasmercedinas.com\/site\/author\/anonimo\/"}]}},"amp_enabled":true,"_links":{"self":[{"href":"https:\/\/noticiasmercedinas.com\/site\/wp-json\/wp\/v2\/posts\/21501","targetHints":{"allow":["GET"]}}],"collection":[{"href":"https:\/\/noticiasmercedinas.com\/site\/wp-json\/wp\/v2\/posts"}],"about":[{"href":"https:\/\/noticiasmercedinas.com\/site\/wp-json\/wp\/v2\/types\/post"}],"author":[{"embeddable":true,"href":"https:\/\/noticiasmercedinas.com\/site\/wp-json\/wp\/v2\/users\/16"}],"replies":[{"embeddable":true,"href":"https:\/\/noticiasmercedinas.com\/site\/wp-json\/wp\/v2\/comments?post=21501"}],"version-history":[{"count":1,"href":"https:\/\/noticiasmercedinas.com\/site\/wp-json\/wp\/v2\/posts\/21501\/revisions"}],"predecessor-version":[{"id":21509,"href":"https:\/\/noticiasmercedinas.com\/site\/wp-json\/wp\/v2\/posts\/21501\/revisions\/21509"}],"wp:featuredmedia":[{"embeddable":true,"href":"https:\/\/noticiasmercedinas.com\/site\/wp-json\/wp\/v2\/media\/21503"}],"wp:attachment":[{"href":"https:\/\/noticiasmercedinas.com\/site\/wp-json\/wp\/v2\/media?parent=21501"}],"wp:term":[{"taxonomy":"category","embeddable":true,"href":"https:\/\/noticiasmercedinas.com\/site\/wp-json\/wp\/v2\/categories?post=21501"},{"taxonomy":"post_tag","embeddable":true,"href":"https:\/\/noticiasmercedinas.com\/site\/wp-json\/wp\/v2\/tags?post=21501"}],"curies":[{"name":"wp","href":"https:\/\/api.w.org\/{rel}","templated":true}]}}