{"id":21570,"date":"2019-06-18T14:42:08","date_gmt":"2019-06-18T17:42:08","guid":{"rendered":"https:\/\/noticiasmercedinas.com\/site\/?p=21570"},"modified":"2019-06-18T14:43:34","modified_gmt":"2019-06-18T17:43:34","slug":"natacion-cumelen-con-varios-podios-en-lujan","status":"publish","type":"post","link":"https:\/\/noticiasmercedinas.com\/site\/2019\/06\/18\/natacion-cumelen-con-varios-podios-en-lujan\/","title":{"rendered":"Nataci\u00f3n: Cumel\u00e9n, con varios podios en Luj\u00e1n"},"content":{"rendered":"<p><img loading=\"lazy\" decoding=\"async\" class=\"alignnone size-full wp-image-21571\" src=\"https:\/\/noticiasmercedinas.com\/site\/wp-content\/uploads\/2019\/06\/64902726_1137378766435288_781019491877257216_n.jpg\" alt=\"\" width=\"640\" height=\"377\" srcset=\"https:\/\/noticiasmercedinas.com\/site\/wp-content\/uploads\/2019\/06\/64902726_1137378766435288_781019491877257216_n.jpg 640w, https:\/\/noticiasmercedinas.com\/site\/wp-content\/uploads\/2019\/06\/64902726_1137378766435288_781019491877257216_n-300x177.jpg 300w\" sizes=\"auto, (max-width: 640px) 100vw, 640px\" \/><\/p>\n<p>El pasado s\u00e1bado 15, integrantes de Cumel\u00e9n participaron de la posta americana que se desarroll\u00f3 en la Sociedad Italiana de Luj\u00e1n. Los cuatro equipos de Cumel\u00e9n fueron en las categor\u00edas Juveniles, Master A, Master B y Senior, subi\u00e9ndose al podio en estas dos \u00faltimas, en el tercer y primer puesto, respectivamente.<\/p>\n<p>En categor\u00eda Se\u00f1or el equipo estuvo integrado por Mart\u00edn Zunino, Carolina Montero, Pablo casares, Marcos Tonda, Mariano Goicochea y Karina Zambrano.<\/p>\n<p>En la Master A fueron parte de la competencia Lucas Torrez, Fatima Gaiera, Franco Lento, Lucas Mulka, Gast\u0655\u00f3n Lucero y Manuel Vila.<\/p>\n<p>En Master B participaron Ayelen Luciani, Francisco Martin, Valentin Caruso, Leo Martinelli, Dar\u00edo Degrutolla y Juan Otero.<\/p>\n<p>En Juveniles lo hicieron en equipo Emi Oyhanarte, Mili Batista, Araceli Mulka, Maia Silvestre, Victoria Veltani y Santiago Cuello.<\/p>\n<p>\u201cAgradecemos a toda la organizaci\u00f3n por esta jornada maravillosa, donde pudimos compartir una grata experiencia haciendo lo que m\u00e1s nos gusta. A nuestros alumnos, que lo dieron todo como siempre, les agradecemos su compromiso y dedicaci\u00f3n en cada entrenamiento, lo cual se refleja en los buenos resultados obtenidos\u201d, remarcaron desde la escuela Cumel\u00e9n.<\/p>\n<p>\u201cTambi\u00e9n felicitamos al profesor Juan Otero, quien est\u00e1 dando muestras cabales sobre su buen m\u00e9todo de ense\u00f1anza y entrenamiento, que se vislumbra en el progreso diario de cada uno de los alumnos y, tambi\u00e9n, en las competencias\u201d, completaron.<\/p>\n","protected":false},"excerpt":{"rendered":"<p>El pasado s\u00e1bado 15, integrantes de Cumel\u00e9n participaron de la posta americana que se desarroll\u00f3 en la Sociedad Italiana de Luj\u00e1n. Los cuatro equipos de Cumel\u00e9n fueron en las categor\u00edas Juveniles, Master A, Master B y Senior, subi\u00e9ndose al podio en estas dos \u00faltimas, en el tercer y primer puesto, respectivamente. En categor\u00eda Se\u00f1or el [&hellip;]<\/p>\n","protected":false},"author":16,"featured_media":21571,"comment_status":"open","ping_status":"open","sticky":false,"template":"","format":"standard","meta":{"footnotes":""},"categories":[5],"tags":[5359,2247,5374,271,5366,5357,5368,5363,5369,5371,3488,2246,5365,5370,5367,5360,5372,5376,5377,5373,5358,270,5375,269,5362,5364,5361],"class_list":["post-21570","post","type-post","status-publish","format-standard","has-post-thumbnail","hentry","category-deportes","tag-araceli-mulka","tag-ayelen-luciani","tag-carolina-montero","tag-cumelen","tag-dario-degrutolla","tag-emi-oyhanarte","tag-fatima-gaiera","tag-francisco-martin","tag-franco-lento","tag-gaston-lucero","tag-juan-otero","tag-karina-zambrano","tag-leo-martinelli","tag-lucas-mulka","tag-lucas-torrez","tag-maia-silvestre","tag-manuel-vila","tag-marcos-tonda","tag-mariano-goicochea","tag-martin-zunino","tag-mili-batista","tag-natacion","tag-pablo-casares","tag-posta-americana","tag-santiago-cuello","tag-valentin-caruso","tag-victoria-veltani"],"yoast_head":"<!-- This site is optimized with the Yoast SEO plugin v27.5 - https:\/\/yoast.com\/product\/yoast-seo-wordpress\/ -->\n<title>Nataci\u00f3n: Cumel\u00e9n, con varios podios en Luj\u00e1n<\/title>\n<meta name=\"robots\" content=\"index, follow, max-snippet:-1, max-image-preview:large, max-video-preview:-1\" \/>\n<link rel=\"canonical\" href=\"https:\/\/noticiasmercedinas.com\/site\/2019\/06\/18\/natacion-cumelen-con-varios-podios-en-lujan\/\" \/>\n<meta property=\"og:locale\" content=\"es_ES\" \/>\n<meta property=\"og:type\" content=\"article\" \/>\n<meta property=\"og:title\" content=\"Nataci\u00f3n: Cumel\u00e9n, con varios podios en Luj\u00e1n\" \/>\n<meta property=\"og:description\" content=\"El pasado s\u00e1bado 15, integrantes de Cumel\u00e9n participaron de la posta americana que se desarroll\u00f3 en la Sociedad Italiana de Luj\u00e1n. Los cuatro equipos de Cumel\u00e9n fueron en las categor\u00edas Juveniles, Master A, Master B y Senior, subi\u00e9ndose al podio en estas dos \u00faltimas, en el tercer y primer puesto, respectivamente. En categor\u00eda Se\u00f1or el [&hellip;]\" \/>\n<meta property=\"og:url\" content=\"https:\/\/noticiasmercedinas.com\/site\/2019\/06\/18\/natacion-cumelen-con-varios-podios-en-lujan\/\" \/>\n<meta property=\"og:site_name\" content=\"NOTICIASMERCEDINAS.COM\" \/>\n<meta property=\"article:publisher\" content=\"https:\/\/www.facebook.com\/noticiasmercedinas\/\" \/>\n<meta property=\"article:published_time\" content=\"2019-06-18T17:42:08+00:00\" \/>\n<meta property=\"article:modified_time\" content=\"2019-06-18T17:43:34+00:00\" \/>\n<meta property=\"og:image\" content=\"https:\/\/noticiasmercedinas.com\/site\/wp-content\/uploads\/2019\/06\/64902726_1137378766435288_781019491877257216_n.jpg\" \/>\n\t<meta property=\"og:image:width\" content=\"640\" \/>\n\t<meta property=\"og:image:height\" content=\"377\" \/>\n\t<meta property=\"og:image:type\" content=\"image\/jpeg\" \/>\n<meta name=\"author\" content=\"NOTICIASMERCEDINAS.COM\" \/>\n<meta name=\"twitter:card\" content=\"summary_large_image\" \/>\n<meta name=\"twitter:creator\" content=\"@notmercedinas\" \/>\n<meta name=\"twitter:site\" content=\"@notmercedinas\" \/>\n<meta name=\"twitter:label1\" content=\"Escrito por\" \/>\n\t<meta name=\"twitter:data1\" content=\"NOTICIASMERCEDINAS.COM\" \/>\n\t<meta name=\"twitter:label2\" content=\"Tiempo de lectura\" \/>\n\t<meta name=\"twitter:data2\" content=\"1 minuto\" \/>\n<script type=\"application\/ld+json\" class=\"yoast-schema-graph\">{\"@context\":\"https:\\\/\\\/schema.org\",\"@graph\":[{\"@type\":\"Article\",\"@id\":\"https:\\\/\\\/noticiasmercedinas.com\\\/site\\\/2019\\\/06\\\/18\\\/natacion-cumelen-con-varios-podios-en-lujan\\\/#article\",\"isPartOf\":{\"@id\":\"https:\\\/\\\/noticiasmercedinas.com\\\/site\\\/2019\\\/06\\\/18\\\/natacion-cumelen-con-varios-podios-en-lujan\\\/\"},\"author\":{\"name\":\"NOTICIASMERCEDINAS.COM\",\"@id\":\"https:\\\/\\\/noticiasmercedinas.com\\\/site\\\/#\\\/schema\\\/person\\\/84b59c099c28ff2e8b77d4ceec5d8063\"},\"headline\":\"Nataci\u00f3n: Cumel\u00e9n, con varios podios en Luj\u00e1n\",\"datePublished\":\"2019-06-18T17:42:08+00:00\",\"dateModified\":\"2019-06-18T17:43:34+00:00\",\"mainEntityOfPage\":{\"@id\":\"https:\\\/\\\/noticiasmercedinas.com\\\/site\\\/2019\\\/06\\\/18\\\/natacion-cumelen-con-varios-podios-en-lujan\\\/\"},\"wordCount\":249,\"commentCount\":0,\"publisher\":{\"@id\":\"https:\\\/\\\/noticiasmercedinas.com\\\/site\\\/#organization\"},\"image\":{\"@id\":\"https:\\\/\\\/noticiasmercedinas.com\\\/site\\\/2019\\\/06\\\/18\\\/natacion-cumelen-con-varios-podios-en-lujan\\\/#primaryimage\"},\"thumbnailUrl\":\"https:\\\/\\\/noticiasmercedinas.com\\\/site\\\/wp-content\\\/uploads\\\/2019\\\/06\\\/64902726_1137378766435288_781019491877257216_n.jpg\",\"keywords\":[\"Araceli Mulka\",\"Ayelen Luciani\",\"Carolina Montero\",\"cumelen\",\"Dar\u00edo Degrutolla\",\"Emi Oyhanarte\",\"Fatima Gaiera\",\"Francisco Martin\",\"Franco Lento\",\"Gast\u0655\u00f3n Lucero\",\"juan otero\",\"Karina Zambrano\",\"Leo Martinelli\",\"Lucas Mulka\",\"Lucas Torrez\",\"Maia Silvestre\",\"Manuel Vila.\",\"Marcos Tonda\",\"Mariano Goicochea\",\"Mart\u00edn Zunino\",\"Mili Batista\",\"natacion\",\"Pablo casares\",\"posta americana\",\"Santiago Cuello\",\"Valentin caruso\",\"Victoria Veltani\"],\"articleSection\":[\"Deportes\"],\"inLanguage\":\"es\",\"potentialAction\":[{\"@type\":\"CommentAction\",\"name\":\"Comment\",\"target\":[\"https:\\\/\\\/noticiasmercedinas.com\\\/site\\\/2019\\\/06\\\/18\\\/natacion-cumelen-con-varios-podios-en-lujan\\\/#respond\"]}]},{\"@type\":\"WebPage\",\"@id\":\"https:\\\/\\\/noticiasmercedinas.com\\\/site\\\/2019\\\/06\\\/18\\\/natacion-cumelen-con-varios-podios-en-lujan\\\/\",\"url\":\"https:\\\/\\\/noticiasmercedinas.com\\\/site\\\/2019\\\/06\\\/18\\\/natacion-cumelen-con-varios-podios-en-lujan\\\/\",\"name\":\"Nataci\u00f3n: Cumel\u00e9n, con varios podios en Luj\u00e1n\",\"isPartOf\":{\"@id\":\"https:\\\/\\\/noticiasmercedinas.com\\\/site\\\/#website\"},\"primaryImageOfPage\":{\"@id\":\"https:\\\/\\\/noticiasmercedinas.com\\\/site\\\/2019\\\/06\\\/18\\\/natacion-cumelen-con-varios-podios-en-lujan\\\/#primaryimage\"},\"image\":{\"@id\":\"https:\\\/\\\/noticiasmercedinas.com\\\/site\\\/2019\\\/06\\\/18\\\/natacion-cumelen-con-varios-podios-en-lujan\\\/#primaryimage\"},\"thumbnailUrl\":\"https:\\\/\\\/noticiasmercedinas.com\\\/site\\\/wp-content\\\/uploads\\\/2019\\\/06\\\/64902726_1137378766435288_781019491877257216_n.jpg\",\"datePublished\":\"2019-06-18T17:42:08+00:00\",\"dateModified\":\"2019-06-18T17:43:34+00:00\",\"breadcrumb\":{\"@id\":\"https:\\\/\\\/noticiasmercedinas.com\\\/site\\\/2019\\\/06\\\/18\\\/natacion-cumelen-con-varios-podios-en-lujan\\\/#breadcrumb\"},\"inLanguage\":\"es\",\"potentialAction\":[{\"@type\":\"ReadAction\",\"target\":[\"https:\\\/\\\/noticiasmercedinas.com\\\/site\\\/2019\\\/06\\\/18\\\/natacion-cumelen-con-varios-podios-en-lujan\\\/\"]}]},{\"@type\":\"ImageObject\",\"inLanguage\":\"es\",\"@id\":\"https:\\\/\\\/noticiasmercedinas.com\\\/site\\\/2019\\\/06\\\/18\\\/natacion-cumelen-con-varios-podios-en-lujan\\\/#primaryimage\",\"url\":\"https:\\\/\\\/noticiasmercedinas.com\\\/site\\\/wp-content\\\/uploads\\\/2019\\\/06\\\/64902726_1137378766435288_781019491877257216_n.jpg\",\"contentUrl\":\"https:\\\/\\\/noticiasmercedinas.com\\\/site\\\/wp-content\\\/uploads\\\/2019\\\/06\\\/64902726_1137378766435288_781019491877257216_n.jpg\",\"width\":640,\"height\":377},{\"@type\":\"BreadcrumbList\",\"@id\":\"https:\\\/\\\/noticiasmercedinas.com\\\/site\\\/2019\\\/06\\\/18\\\/natacion-cumelen-con-varios-podios-en-lujan\\\/#breadcrumb\",\"itemListElement\":[{\"@type\":\"ListItem\",\"position\":1,\"name\":\"Portada\",\"item\":\"https:\\\/\\\/noticiasmercedinas.com\\\/site\\\/\"},{\"@type\":\"ListItem\",\"position\":2,\"name\":\"Nataci\u00f3n: Cumel\u00e9n, con varios podios en Luj\u00e1n\"}]},{\"@type\":\"WebSite\",\"@id\":\"https:\\\/\\\/noticiasmercedinas.com\\\/site\\\/#website\",\"url\":\"https:\\\/\\\/noticiasmercedinas.com\\\/site\\\/\",\"name\":\"NOTICIASMERCEDINAS.COM\",\"description\":\"Mercedes, Buenos Aires, Argentina\",\"publisher\":{\"@id\":\"https:\\\/\\\/noticiasmercedinas.com\\\/site\\\/#organization\"},\"potentialAction\":[{\"@type\":\"SearchAction\",\"target\":{\"@type\":\"EntryPoint\",\"urlTemplate\":\"https:\\\/\\\/noticiasmercedinas.com\\\/site\\\/?s={search_term_string}\"},\"query-input\":{\"@type\":\"PropertyValueSpecification\",\"valueRequired\":true,\"valueName\":\"search_term_string\"}}],\"inLanguage\":\"es\"},{\"@type\":\"Organization\",\"@id\":\"https:\\\/\\\/noticiasmercedinas.com\\\/site\\\/#organization\",\"name\":\"NOTICIASMERCEDINAS.COM\",\"url\":\"https:\\\/\\\/noticiasmercedinas.com\\\/site\\\/\",\"logo\":{\"@type\":\"ImageObject\",\"inLanguage\":\"es\",\"@id\":\"https:\\\/\\\/noticiasmercedinas.com\\\/site\\\/#\\\/schema\\\/logo\\\/image\\\/\",\"url\":\"https:\\\/\\\/noticiasmercedinas.com\\\/site\\\/wp-content\\\/uploads\\\/2020\\\/06\\\/LOGO-512.jpg\",\"contentUrl\":\"https:\\\/\\\/noticiasmercedinas.com\\\/site\\\/wp-content\\\/uploads\\\/2020\\\/06\\\/LOGO-512.jpg\",\"width\":512,\"height\":512,\"caption\":\"NOTICIASMERCEDINAS.COM\"},\"image\":{\"@id\":\"https:\\\/\\\/noticiasmercedinas.com\\\/site\\\/#\\\/schema\\\/logo\\\/image\\\/\"},\"sameAs\":[\"https:\\\/\\\/www.facebook.com\\\/noticiasmercedinas\\\/\",\"https:\\\/\\\/x.com\\\/notmercedinas\",\"https:\\\/\\\/www.instagram.com\\\/noticiasmercedinas\\\/\"]},{\"@type\":\"Person\",\"@id\":\"https:\\\/\\\/noticiasmercedinas.com\\\/site\\\/#\\\/schema\\\/person\\\/84b59c099c28ff2e8b77d4ceec5d8063\",\"name\":\"NOTICIASMERCEDINAS.COM\",\"image\":{\"@type\":\"ImageObject\",\"inLanguage\":\"es\",\"@id\":\"https:\\\/\\\/secure.gravatar.com\\\/avatar\\\/4dfbf16b4d17945bfb6341b2d19043457132fcf478a5ee04f42e959fd8f5df0a?s=96&d=mm&r=g\",\"url\":\"https:\\\/\\\/secure.gravatar.com\\\/avatar\\\/4dfbf16b4d17945bfb6341b2d19043457132fcf478a5ee04f42e959fd8f5df0a?s=96&d=mm&r=g\",\"contentUrl\":\"https:\\\/\\\/secure.gravatar.com\\\/avatar\\\/4dfbf16b4d17945bfb6341b2d19043457132fcf478a5ee04f42e959fd8f5df0a?s=96&d=mm&r=g\",\"caption\":\"NOTICIASMERCEDINAS.COM\"},\"url\":\"https:\\\/\\\/noticiasmercedinas.com\\\/site\\\/author\\\/anonimo\\\/\"}]}<\/script>\n<!-- \/ Yoast SEO plugin. -->","yoast_head_json":{"title":"Nataci\u00f3n: Cumel\u00e9n, con varios podios en Luj\u00e1n","robots":{"index":"index","follow":"follow","max-snippet":"max-snippet:-1","max-image-preview":"max-image-preview:large","max-video-preview":"max-video-preview:-1"},"canonical":"https:\/\/noticiasmercedinas.com\/site\/2019\/06\/18\/natacion-cumelen-con-varios-podios-en-lujan\/","og_locale":"es_ES","og_type":"article","og_title":"Nataci\u00f3n: Cumel\u00e9n, con varios podios en Luj\u00e1n","og_description":"El pasado s\u00e1bado 15, integrantes de Cumel\u00e9n participaron de la posta americana que se desarroll\u00f3 en la Sociedad Italiana de Luj\u00e1n. Los cuatro equipos de Cumel\u00e9n fueron en las categor\u00edas Juveniles, Master A, Master B y Senior, subi\u00e9ndose al podio en estas dos \u00faltimas, en el tercer y primer puesto, respectivamente. En categor\u00eda Se\u00f1or el [&hellip;]","og_url":"https:\/\/noticiasmercedinas.com\/site\/2019\/06\/18\/natacion-cumelen-con-varios-podios-en-lujan\/","og_site_name":"NOTICIASMERCEDINAS.COM","article_publisher":"https:\/\/www.facebook.com\/noticiasmercedinas\/","article_published_time":"2019-06-18T17:42:08+00:00","article_modified_time":"2019-06-18T17:43:34+00:00","og_image":[{"width":640,"height":377,"url":"https:\/\/noticiasmercedinas.com\/site\/wp-content\/uploads\/2019\/06\/64902726_1137378766435288_781019491877257216_n.jpg","type":"image\/jpeg"}],"author":"NOTICIASMERCEDINAS.COM","twitter_card":"summary_large_image","twitter_creator":"@notmercedinas","twitter_site":"@notmercedinas","twitter_misc":{"Escrito por":"NOTICIASMERCEDINAS.COM","Tiempo de lectura":"1 minuto"},"schema":{"@context":"https:\/\/schema.org","@graph":[{"@type":"Article","@id":"https:\/\/noticiasmercedinas.com\/site\/2019\/06\/18\/natacion-cumelen-con-varios-podios-en-lujan\/#article","isPartOf":{"@id":"https:\/\/noticiasmercedinas.com\/site\/2019\/06\/18\/natacion-cumelen-con-varios-podios-en-lujan\/"},"author":{"name":"NOTICIASMERCEDINAS.COM","@id":"https:\/\/noticiasmercedinas.com\/site\/#\/schema\/person\/84b59c099c28ff2e8b77d4ceec5d8063"},"headline":"Nataci\u00f3n: Cumel\u00e9n, con varios podios en Luj\u00e1n","datePublished":"2019-06-18T17:42:08+00:00","dateModified":"2019-06-18T17:43:34+00:00","mainEntityOfPage":{"@id":"https:\/\/noticiasmercedinas.com\/site\/2019\/06\/18\/natacion-cumelen-con-varios-podios-en-lujan\/"},"wordCount":249,"commentCount":0,"publisher":{"@id":"https:\/\/noticiasmercedinas.com\/site\/#organization"},"image":{"@id":"https:\/\/noticiasmercedinas.com\/site\/2019\/06\/18\/natacion-cumelen-con-varios-podios-en-lujan\/#primaryimage"},"thumbnailUrl":"https:\/\/noticiasmercedinas.com\/site\/wp-content\/uploads\/2019\/06\/64902726_1137378766435288_781019491877257216_n.jpg","keywords":["Araceli Mulka","Ayelen Luciani","Carolina Montero","cumelen","Dar\u00edo Degrutolla","Emi Oyhanarte","Fatima Gaiera","Francisco Martin","Franco Lento","Gast\u0655\u00f3n Lucero","juan otero","Karina Zambrano","Leo Martinelli","Lucas Mulka","Lucas Torrez","Maia Silvestre","Manuel Vila.","Marcos Tonda","Mariano Goicochea","Mart\u00edn Zunino","Mili Batista","natacion","Pablo casares","posta americana","Santiago Cuello","Valentin caruso","Victoria Veltani"],"articleSection":["Deportes"],"inLanguage":"es","potentialAction":[{"@type":"CommentAction","name":"Comment","target":["https:\/\/noticiasmercedinas.com\/site\/2019\/06\/18\/natacion-cumelen-con-varios-podios-en-lujan\/#respond"]}]},{"@type":"WebPage","@id":"https:\/\/noticiasmercedinas.com\/site\/2019\/06\/18\/natacion-cumelen-con-varios-podios-en-lujan\/","url":"https:\/\/noticiasmercedinas.com\/site\/2019\/06\/18\/natacion-cumelen-con-varios-podios-en-lujan\/","name":"Nataci\u00f3n: Cumel\u00e9n, con varios podios en Luj\u00e1n","isPartOf":{"@id":"https:\/\/noticiasmercedinas.com\/site\/#website"},"primaryImageOfPage":{"@id":"https:\/\/noticiasmercedinas.com\/site\/2019\/06\/18\/natacion-cumelen-con-varios-podios-en-lujan\/#primaryimage"},"image":{"@id":"https:\/\/noticiasmercedinas.com\/site\/2019\/06\/18\/natacion-cumelen-con-varios-podios-en-lujan\/#primaryimage"},"thumbnailUrl":"https:\/\/noticiasmercedinas.com\/site\/wp-content\/uploads\/2019\/06\/64902726_1137378766435288_781019491877257216_n.jpg","datePublished":"2019-06-18T17:42:08+00:00","dateModified":"2019-06-18T17:43:34+00:00","breadcrumb":{"@id":"https:\/\/noticiasmercedinas.com\/site\/2019\/06\/18\/natacion-cumelen-con-varios-podios-en-lujan\/#breadcrumb"},"inLanguage":"es","potentialAction":[{"@type":"ReadAction","target":["https:\/\/noticiasmercedinas.com\/site\/2019\/06\/18\/natacion-cumelen-con-varios-podios-en-lujan\/"]}]},{"@type":"ImageObject","inLanguage":"es","@id":"https:\/\/noticiasmercedinas.com\/site\/2019\/06\/18\/natacion-cumelen-con-varios-podios-en-lujan\/#primaryimage","url":"https:\/\/noticiasmercedinas.com\/site\/wp-content\/uploads\/2019\/06\/64902726_1137378766435288_781019491877257216_n.jpg","contentUrl":"https:\/\/noticiasmercedinas.com\/site\/wp-content\/uploads\/2019\/06\/64902726_1137378766435288_781019491877257216_n.jpg","width":640,"height":377},{"@type":"BreadcrumbList","@id":"https:\/\/noticiasmercedinas.com\/site\/2019\/06\/18\/natacion-cumelen-con-varios-podios-en-lujan\/#breadcrumb","itemListElement":[{"@type":"ListItem","position":1,"name":"Portada","item":"https:\/\/noticiasmercedinas.com\/site\/"},{"@type":"ListItem","position":2,"name":"Nataci\u00f3n: Cumel\u00e9n, con varios podios en Luj\u00e1n"}]},{"@type":"WebSite","@id":"https:\/\/noticiasmercedinas.com\/site\/#website","url":"https:\/\/noticiasmercedinas.com\/site\/","name":"NOTICIASMERCEDINAS.COM","description":"Mercedes, Buenos Aires, Argentina","publisher":{"@id":"https:\/\/noticiasmercedinas.com\/site\/#organization"},"potentialAction":[{"@type":"SearchAction","target":{"@type":"EntryPoint","urlTemplate":"https:\/\/noticiasmercedinas.com\/site\/?s={search_term_string}"},"query-input":{"@type":"PropertyValueSpecification","valueRequired":true,"valueName":"search_term_string"}}],"inLanguage":"es"},{"@type":"Organization","@id":"https:\/\/noticiasmercedinas.com\/site\/#organization","name":"NOTICIASMERCEDINAS.COM","url":"https:\/\/noticiasmercedinas.com\/site\/","logo":{"@type":"ImageObject","inLanguage":"es","@id":"https:\/\/noticiasmercedinas.com\/site\/#\/schema\/logo\/image\/","url":"https:\/\/noticiasmercedinas.com\/site\/wp-content\/uploads\/2020\/06\/LOGO-512.jpg","contentUrl":"https:\/\/noticiasmercedinas.com\/site\/wp-content\/uploads\/2020\/06\/LOGO-512.jpg","width":512,"height":512,"caption":"NOTICIASMERCEDINAS.COM"},"image":{"@id":"https:\/\/noticiasmercedinas.com\/site\/#\/schema\/logo\/image\/"},"sameAs":["https:\/\/www.facebook.com\/noticiasmercedinas\/","https:\/\/x.com\/notmercedinas","https:\/\/www.instagram.com\/noticiasmercedinas\/"]},{"@type":"Person","@id":"https:\/\/noticiasmercedinas.com\/site\/#\/schema\/person\/84b59c099c28ff2e8b77d4ceec5d8063","name":"NOTICIASMERCEDINAS.COM","image":{"@type":"ImageObject","inLanguage":"es","@id":"https:\/\/secure.gravatar.com\/avatar\/4dfbf16b4d17945bfb6341b2d19043457132fcf478a5ee04f42e959fd8f5df0a?s=96&d=mm&r=g","url":"https:\/\/secure.gravatar.com\/avatar\/4dfbf16b4d17945bfb6341b2d19043457132fcf478a5ee04f42e959fd8f5df0a?s=96&d=mm&r=g","contentUrl":"https:\/\/secure.gravatar.com\/avatar\/4dfbf16b4d17945bfb6341b2d19043457132fcf478a5ee04f42e959fd8f5df0a?s=96&d=mm&r=g","caption":"NOTICIASMERCEDINAS.COM"},"url":"https:\/\/noticiasmercedinas.com\/site\/author\/anonimo\/"}]}},"amp_enabled":true,"_links":{"self":[{"href":"https:\/\/noticiasmercedinas.com\/site\/wp-json\/wp\/v2\/posts\/21570","targetHints":{"allow":["GET"]}}],"collection":[{"href":"https:\/\/noticiasmercedinas.com\/site\/wp-json\/wp\/v2\/posts"}],"about":[{"href":"https:\/\/noticiasmercedinas.com\/site\/wp-json\/wp\/v2\/types\/post"}],"author":[{"embeddable":true,"href":"https:\/\/noticiasmercedinas.com\/site\/wp-json\/wp\/v2\/users\/16"}],"replies":[{"embeddable":true,"href":"https:\/\/noticiasmercedinas.com\/site\/wp-json\/wp\/v2\/comments?post=21570"}],"version-history":[{"count":2,"href":"https:\/\/noticiasmercedinas.com\/site\/wp-json\/wp\/v2\/posts\/21570\/revisions"}],"predecessor-version":[{"id":21573,"href":"https:\/\/noticiasmercedinas.com\/site\/wp-json\/wp\/v2\/posts\/21570\/revisions\/21573"}],"wp:featuredmedia":[{"embeddable":true,"href":"https:\/\/noticiasmercedinas.com\/site\/wp-json\/wp\/v2\/media\/21571"}],"wp:attachment":[{"href":"https:\/\/noticiasmercedinas.com\/site\/wp-json\/wp\/v2\/media?parent=21570"}],"wp:term":[{"taxonomy":"category","embeddable":true,"href":"https:\/\/noticiasmercedinas.com\/site\/wp-json\/wp\/v2\/categories?post=21570"},{"taxonomy":"post_tag","embeddable":true,"href":"https:\/\/noticiasmercedinas.com\/site\/wp-json\/wp\/v2\/tags?post=21570"}],"curies":[{"name":"wp","href":"https:\/\/api.w.org\/{rel}","templated":true}]}}