{"id":21656,"date":"2019-06-20T08:53:18","date_gmt":"2019-06-20T11:53:18","guid":{"rendered":"https:\/\/noticiasmercedinas.com\/site\/?p=21656"},"modified":"2019-06-20T08:53:18","modified_gmt":"2019-06-20T11:53:18","slug":"caballos-control-y-prevencion-de-la-anemia-infecciosa","status":"publish","type":"post","link":"https:\/\/noticiasmercedinas.com\/site\/2019\/06\/20\/caballos-control-y-prevencion-de-la-anemia-infecciosa\/","title":{"rendered":"Caballos: control y prevenci\u00f3n de la anemia infecciosa"},"content":{"rendered":"<p><img loading=\"lazy\" decoding=\"async\" class=\"alignnone size-full wp-image-21657\" src=\"https:\/\/noticiasmercedinas.com\/site\/wp-content\/uploads\/2019\/06\/AIE-Imagen-de-la-campa\u00f1a-A.jpg\" alt=\"\" width=\"439\" height=\"239\" srcset=\"https:\/\/noticiasmercedinas.com\/site\/wp-content\/uploads\/2019\/06\/AIE-Imagen-de-la-campa\u00f1a-A.jpg 439w, https:\/\/noticiasmercedinas.com\/site\/wp-content\/uploads\/2019\/06\/AIE-Imagen-de-la-campa\u00f1a-A-300x163.jpg 300w\" sizes=\"auto, (max-width: 439px) 100vw, 439px\" \/><\/p>\n<p>Dieron a conocer desde SENASA, medidas y monitoreos sanitarios que se deben tener en cuenta para evitar la enfermedad y el contagio entre los animales.<\/p>\n<p>El Servicio Nacional de Sanidad y Calidad Agroalimentaria (Senasa) informa que todas las medidas que se aplican para prevenir o controlar la anemia infecciosa equina (AIE) se concentran en la detecci\u00f3n de equinos portadores mediante el test diagn\u00f3stico de laboratorio y la posterior eliminaci\u00f3n del animal.<\/p>\n<p>Por lo que si se detecta un equino positivo, se deber\u00e1 proceder a su eliminaci\u00f3n por medio del sacrificio sanitario o env\u00edo a faena, de este modo se evitar\u00e1 que otros caballos del rodeo sean contagiados.<\/p>\n<p>Detectada la enfermedad, el propietario o tenedor del caballo debe denunciar el caso positivo al virus de la AIE, a un veterinario oficial del Senasa, quien se presentar\u00e1 en el establecimiento y prohibir\u00e1 el ingreso y egreso de equinos del campo; eliminar\u00e1 el animal positivo y finalmente realizar\u00e1 el correspondiente saneamiento sanitario del lugar.<\/p>\n<p>Cabe destacar que esta enfermedad no es una zoonosis, ya que no se transmite al ser humano; que frecuentemente el animal infectado no manifiesta estar enfermo; que no se transmite de manera directa entre equinos; y que un caballo sano se infecta por el ingreso del virus mediante t\u00e1banos o por el uso indebido de material contaminado con sangre infectada (agujas, jeringas, frenos, espolines o cualquier otro objeto que transmita sangre infectada).<\/p>\n<p>El asesoramiento t\u00e9cnico profesional privado y la aplicaci\u00f3n responsable de las medidas sanitarias, son aspectos imprescindibles para que el proceso de seguimiento y control se desarrolle satisfactoriamente.<\/p>\n<p>Es as\u00ed que en el marco de la campa\u00f1a de prevenci\u00f3n de esta enfermedad \u201cTomemos las riendas\u201d, el Senasa recomienda al propietario o tenedor de equinos que realice, al menos dos veces al a\u00f1o, la prueba de laboratorio para detectar AIE y que no ingrese equinos a su establecimiento que no porten un certificado de diagn\u00f3stico negativo a dicha enfermedad.<\/p>\n<p><img loading=\"lazy\" decoding=\"async\" class=\"alignnone size-full wp-image-21658\" src=\"https:\/\/noticiasmercedinas.com\/site\/wp-content\/uploads\/2019\/06\/aie_preguntas_frecuentes.jpg\" alt=\"\" width=\"803\" height=\"971\" srcset=\"https:\/\/noticiasmercedinas.com\/site\/wp-content\/uploads\/2019\/06\/aie_preguntas_frecuentes.jpg 803w, https:\/\/noticiasmercedinas.com\/site\/wp-content\/uploads\/2019\/06\/aie_preguntas_frecuentes-248x300.jpg 248w, https:\/\/noticiasmercedinas.com\/site\/wp-content\/uploads\/2019\/06\/aie_preguntas_frecuentes-768x929.jpg 768w, https:\/\/noticiasmercedinas.com\/site\/wp-content\/uploads\/2019\/06\/aie_preguntas_frecuentes-640x774.jpg 640w, https:\/\/noticiasmercedinas.com\/site\/wp-content\/uploads\/2019\/06\/aie_preguntas_frecuentes-681x823.jpg 681w\" sizes=\"auto, (max-width: 803px) 100vw, 803px\" \/><\/p>\n","protected":false},"excerpt":{"rendered":"<p>Dieron a conocer desde SENASA, medidas y monitoreos sanitarios que se deben tener en cuenta para evitar la enfermedad y el contagio entre los animales. El Servicio Nacional de Sanidad y Calidad Agroalimentaria (Senasa) informa que todas las medidas que se aplican para prevenir o controlar la anemia infecciosa equina (AIE) se concentran en la [&hellip;]<\/p>\n","protected":false},"author":16,"featured_media":21657,"comment_status":"open","ping_status":"open","sticky":false,"template":"","format":"standard","meta":{"footnotes":""},"categories":[139],"tags":[5402,226,2396,225,3203],"class_list":["post-21656","post","type-post","status-publish","format-standard","has-post-thumbnail","hentry","category-regionales","tag-anemia","tag-caballos","tag-prevencion","tag-senasa","tag-zoonosis"],"yoast_head":"<!-- This site is optimized with the Yoast SEO plugin v27.4 - https:\/\/yoast.com\/product\/yoast-seo-wordpress\/ -->\n<title>Caballos: control y prevenci\u00f3n de la anemia infecciosa<\/title>\n<meta name=\"robots\" content=\"index, follow, max-snippet:-1, max-image-preview:large, max-video-preview:-1\" \/>\n<link rel=\"canonical\" href=\"https:\/\/noticiasmercedinas.com\/site\/2019\/06\/20\/caballos-control-y-prevencion-de-la-anemia-infecciosa\/\" \/>\n<meta property=\"og:locale\" content=\"es_ES\" \/>\n<meta property=\"og:type\" content=\"article\" \/>\n<meta property=\"og:title\" content=\"Caballos: control y prevenci\u00f3n de la anemia infecciosa\" \/>\n<meta property=\"og:description\" content=\"Dieron a conocer desde SENASA, medidas y monitoreos sanitarios que se deben tener en cuenta para evitar la enfermedad y el contagio entre los animales. El Servicio Nacional de Sanidad y Calidad Agroalimentaria (Senasa) informa que todas las medidas que se aplican para prevenir o controlar la anemia infecciosa equina (AIE) se concentran en la [&hellip;]\" \/>\n<meta property=\"og:url\" content=\"https:\/\/noticiasmercedinas.com\/site\/2019\/06\/20\/caballos-control-y-prevencion-de-la-anemia-infecciosa\/\" \/>\n<meta property=\"og:site_name\" content=\"NOTICIASMERCEDINAS.COM\" \/>\n<meta property=\"article:publisher\" content=\"https:\/\/www.facebook.com\/noticiasmercedinas\/\" \/>\n<meta property=\"article:published_time\" content=\"2019-06-20T11:53:18+00:00\" \/>\n<meta property=\"og:image\" content=\"https:\/\/noticiasmercedinas.com\/site\/wp-content\/uploads\/2019\/06\/AIE-Imagen-de-la-campa\u00f1a-A.jpg\" \/>\n\t<meta property=\"og:image:width\" content=\"439\" \/>\n\t<meta property=\"og:image:height\" content=\"239\" \/>\n\t<meta property=\"og:image:type\" content=\"image\/jpeg\" \/>\n<meta name=\"author\" content=\"NOTICIASMERCEDINAS.COM\" \/>\n<meta name=\"twitter:card\" content=\"summary_large_image\" \/>\n<meta name=\"twitter:creator\" content=\"@notmercedinas\" \/>\n<meta name=\"twitter:site\" content=\"@notmercedinas\" \/>\n<meta name=\"twitter:label1\" content=\"Escrito por\" \/>\n\t<meta name=\"twitter:data1\" content=\"NOTICIASMERCEDINAS.COM\" \/>\n\t<meta name=\"twitter:label2\" content=\"Tiempo de lectura\" \/>\n\t<meta name=\"twitter:data2\" content=\"2 minutos\" \/>\n<script type=\"application\/ld+json\" class=\"yoast-schema-graph\">{\"@context\":\"https:\\\/\\\/schema.org\",\"@graph\":[{\"@type\":\"Article\",\"@id\":\"https:\\\/\\\/noticiasmercedinas.com\\\/site\\\/2019\\\/06\\\/20\\\/caballos-control-y-prevencion-de-la-anemia-infecciosa\\\/#article\",\"isPartOf\":{\"@id\":\"https:\\\/\\\/noticiasmercedinas.com\\\/site\\\/2019\\\/06\\\/20\\\/caballos-control-y-prevencion-de-la-anemia-infecciosa\\\/\"},\"author\":{\"name\":\"NOTICIASMERCEDINAS.COM\",\"@id\":\"https:\\\/\\\/noticiasmercedinas.com\\\/site\\\/#\\\/schema\\\/person\\\/84b59c099c28ff2e8b77d4ceec5d8063\"},\"headline\":\"Caballos: control y prevenci\u00f3n de la anemia infecciosa\",\"datePublished\":\"2019-06-20T11:53:18+00:00\",\"mainEntityOfPage\":{\"@id\":\"https:\\\/\\\/noticiasmercedinas.com\\\/site\\\/2019\\\/06\\\/20\\\/caballos-control-y-prevencion-de-la-anemia-infecciosa\\\/\"},\"wordCount\":341,\"commentCount\":0,\"publisher\":{\"@id\":\"https:\\\/\\\/noticiasmercedinas.com\\\/site\\\/#organization\"},\"image\":{\"@id\":\"https:\\\/\\\/noticiasmercedinas.com\\\/site\\\/2019\\\/06\\\/20\\\/caballos-control-y-prevencion-de-la-anemia-infecciosa\\\/#primaryimage\"},\"thumbnailUrl\":\"https:\\\/\\\/noticiasmercedinas.com\\\/site\\\/wp-content\\\/uploads\\\/2019\\\/06\\\/AIE-Imagen-de-la-campa\u00f1a-A.jpg\",\"keywords\":[\"anemia\",\"caballos\",\"prevencion\",\"senasa\",\"zoonosis\"],\"articleSection\":[\"Regionales\"],\"inLanguage\":\"es\",\"potentialAction\":[{\"@type\":\"CommentAction\",\"name\":\"Comment\",\"target\":[\"https:\\\/\\\/noticiasmercedinas.com\\\/site\\\/2019\\\/06\\\/20\\\/caballos-control-y-prevencion-de-la-anemia-infecciosa\\\/#respond\"]}]},{\"@type\":\"WebPage\",\"@id\":\"https:\\\/\\\/noticiasmercedinas.com\\\/site\\\/2019\\\/06\\\/20\\\/caballos-control-y-prevencion-de-la-anemia-infecciosa\\\/\",\"url\":\"https:\\\/\\\/noticiasmercedinas.com\\\/site\\\/2019\\\/06\\\/20\\\/caballos-control-y-prevencion-de-la-anemia-infecciosa\\\/\",\"name\":\"Caballos: control y prevenci\u00f3n de la anemia infecciosa\",\"isPartOf\":{\"@id\":\"https:\\\/\\\/noticiasmercedinas.com\\\/site\\\/#website\"},\"primaryImageOfPage\":{\"@id\":\"https:\\\/\\\/noticiasmercedinas.com\\\/site\\\/2019\\\/06\\\/20\\\/caballos-control-y-prevencion-de-la-anemia-infecciosa\\\/#primaryimage\"},\"image\":{\"@id\":\"https:\\\/\\\/noticiasmercedinas.com\\\/site\\\/2019\\\/06\\\/20\\\/caballos-control-y-prevencion-de-la-anemia-infecciosa\\\/#primaryimage\"},\"thumbnailUrl\":\"https:\\\/\\\/noticiasmercedinas.com\\\/site\\\/wp-content\\\/uploads\\\/2019\\\/06\\\/AIE-Imagen-de-la-campa\u00f1a-A.jpg\",\"datePublished\":\"2019-06-20T11:53:18+00:00\",\"breadcrumb\":{\"@id\":\"https:\\\/\\\/noticiasmercedinas.com\\\/site\\\/2019\\\/06\\\/20\\\/caballos-control-y-prevencion-de-la-anemia-infecciosa\\\/#breadcrumb\"},\"inLanguage\":\"es\",\"potentialAction\":[{\"@type\":\"ReadAction\",\"target\":[\"https:\\\/\\\/noticiasmercedinas.com\\\/site\\\/2019\\\/06\\\/20\\\/caballos-control-y-prevencion-de-la-anemia-infecciosa\\\/\"]}]},{\"@type\":\"ImageObject\",\"inLanguage\":\"es\",\"@id\":\"https:\\\/\\\/noticiasmercedinas.com\\\/site\\\/2019\\\/06\\\/20\\\/caballos-control-y-prevencion-de-la-anemia-infecciosa\\\/#primaryimage\",\"url\":\"https:\\\/\\\/noticiasmercedinas.com\\\/site\\\/wp-content\\\/uploads\\\/2019\\\/06\\\/AIE-Imagen-de-la-campa\u00f1a-A.jpg\",\"contentUrl\":\"https:\\\/\\\/noticiasmercedinas.com\\\/site\\\/wp-content\\\/uploads\\\/2019\\\/06\\\/AIE-Imagen-de-la-campa\u00f1a-A.jpg\",\"width\":439,\"height\":239},{\"@type\":\"BreadcrumbList\",\"@id\":\"https:\\\/\\\/noticiasmercedinas.com\\\/site\\\/2019\\\/06\\\/20\\\/caballos-control-y-prevencion-de-la-anemia-infecciosa\\\/#breadcrumb\",\"itemListElement\":[{\"@type\":\"ListItem\",\"position\":1,\"name\":\"Portada\",\"item\":\"https:\\\/\\\/noticiasmercedinas.com\\\/site\\\/\"},{\"@type\":\"ListItem\",\"position\":2,\"name\":\"Caballos: control y prevenci\u00f3n de la anemia infecciosa\"}]},{\"@type\":\"WebSite\",\"@id\":\"https:\\\/\\\/noticiasmercedinas.com\\\/site\\\/#website\",\"url\":\"https:\\\/\\\/noticiasmercedinas.com\\\/site\\\/\",\"name\":\"NOTICIASMERCEDINAS.COM\",\"description\":\"Mercedes, Buenos Aires, Argentina\",\"publisher\":{\"@id\":\"https:\\\/\\\/noticiasmercedinas.com\\\/site\\\/#organization\"},\"potentialAction\":[{\"@type\":\"SearchAction\",\"target\":{\"@type\":\"EntryPoint\",\"urlTemplate\":\"https:\\\/\\\/noticiasmercedinas.com\\\/site\\\/?s={search_term_string}\"},\"query-input\":{\"@type\":\"PropertyValueSpecification\",\"valueRequired\":true,\"valueName\":\"search_term_string\"}}],\"inLanguage\":\"es\"},{\"@type\":\"Organization\",\"@id\":\"https:\\\/\\\/noticiasmercedinas.com\\\/site\\\/#organization\",\"name\":\"NOTICIASMERCEDINAS.COM\",\"url\":\"https:\\\/\\\/noticiasmercedinas.com\\\/site\\\/\",\"logo\":{\"@type\":\"ImageObject\",\"inLanguage\":\"es\",\"@id\":\"https:\\\/\\\/noticiasmercedinas.com\\\/site\\\/#\\\/schema\\\/logo\\\/image\\\/\",\"url\":\"https:\\\/\\\/noticiasmercedinas.com\\\/site\\\/wp-content\\\/uploads\\\/2020\\\/06\\\/LOGO-512.jpg\",\"contentUrl\":\"https:\\\/\\\/noticiasmercedinas.com\\\/site\\\/wp-content\\\/uploads\\\/2020\\\/06\\\/LOGO-512.jpg\",\"width\":512,\"height\":512,\"caption\":\"NOTICIASMERCEDINAS.COM\"},\"image\":{\"@id\":\"https:\\\/\\\/noticiasmercedinas.com\\\/site\\\/#\\\/schema\\\/logo\\\/image\\\/\"},\"sameAs\":[\"https:\\\/\\\/www.facebook.com\\\/noticiasmercedinas\\\/\",\"https:\\\/\\\/x.com\\\/notmercedinas\",\"https:\\\/\\\/www.instagram.com\\\/noticiasmercedinas\\\/\"]},{\"@type\":\"Person\",\"@id\":\"https:\\\/\\\/noticiasmercedinas.com\\\/site\\\/#\\\/schema\\\/person\\\/84b59c099c28ff2e8b77d4ceec5d8063\",\"name\":\"NOTICIASMERCEDINAS.COM\",\"image\":{\"@type\":\"ImageObject\",\"inLanguage\":\"es\",\"@id\":\"https:\\\/\\\/secure.gravatar.com\\\/avatar\\\/4dfbf16b4d17945bfb6341b2d19043457132fcf478a5ee04f42e959fd8f5df0a?s=96&d=mm&r=g\",\"url\":\"https:\\\/\\\/secure.gravatar.com\\\/avatar\\\/4dfbf16b4d17945bfb6341b2d19043457132fcf478a5ee04f42e959fd8f5df0a?s=96&d=mm&r=g\",\"contentUrl\":\"https:\\\/\\\/secure.gravatar.com\\\/avatar\\\/4dfbf16b4d17945bfb6341b2d19043457132fcf478a5ee04f42e959fd8f5df0a?s=96&d=mm&r=g\",\"caption\":\"NOTICIASMERCEDINAS.COM\"},\"url\":\"https:\\\/\\\/noticiasmercedinas.com\\\/site\\\/author\\\/anonimo\\\/\"}]}<\/script>\n<!-- \/ Yoast SEO plugin. -->","yoast_head_json":{"title":"Caballos: control y prevenci\u00f3n de la anemia infecciosa","robots":{"index":"index","follow":"follow","max-snippet":"max-snippet:-1","max-image-preview":"max-image-preview:large","max-video-preview":"max-video-preview:-1"},"canonical":"https:\/\/noticiasmercedinas.com\/site\/2019\/06\/20\/caballos-control-y-prevencion-de-la-anemia-infecciosa\/","og_locale":"es_ES","og_type":"article","og_title":"Caballos: control y prevenci\u00f3n de la anemia infecciosa","og_description":"Dieron a conocer desde SENASA, medidas y monitoreos sanitarios que se deben tener en cuenta para evitar la enfermedad y el contagio entre los animales. El Servicio Nacional de Sanidad y Calidad Agroalimentaria (Senasa) informa que todas las medidas que se aplican para prevenir o controlar la anemia infecciosa equina (AIE) se concentran en la [&hellip;]","og_url":"https:\/\/noticiasmercedinas.com\/site\/2019\/06\/20\/caballos-control-y-prevencion-de-la-anemia-infecciosa\/","og_site_name":"NOTICIASMERCEDINAS.COM","article_publisher":"https:\/\/www.facebook.com\/noticiasmercedinas\/","article_published_time":"2019-06-20T11:53:18+00:00","og_image":[{"width":439,"height":239,"url":"https:\/\/noticiasmercedinas.com\/site\/wp-content\/uploads\/2019\/06\/AIE-Imagen-de-la-campa\u00f1a-A.jpg","type":"image\/jpeg"}],"author":"NOTICIASMERCEDINAS.COM","twitter_card":"summary_large_image","twitter_creator":"@notmercedinas","twitter_site":"@notmercedinas","twitter_misc":{"Escrito por":"NOTICIASMERCEDINAS.COM","Tiempo de lectura":"2 minutos"},"schema":{"@context":"https:\/\/schema.org","@graph":[{"@type":"Article","@id":"https:\/\/noticiasmercedinas.com\/site\/2019\/06\/20\/caballos-control-y-prevencion-de-la-anemia-infecciosa\/#article","isPartOf":{"@id":"https:\/\/noticiasmercedinas.com\/site\/2019\/06\/20\/caballos-control-y-prevencion-de-la-anemia-infecciosa\/"},"author":{"name":"NOTICIASMERCEDINAS.COM","@id":"https:\/\/noticiasmercedinas.com\/site\/#\/schema\/person\/84b59c099c28ff2e8b77d4ceec5d8063"},"headline":"Caballos: control y prevenci\u00f3n de la anemia infecciosa","datePublished":"2019-06-20T11:53:18+00:00","mainEntityOfPage":{"@id":"https:\/\/noticiasmercedinas.com\/site\/2019\/06\/20\/caballos-control-y-prevencion-de-la-anemia-infecciosa\/"},"wordCount":341,"commentCount":0,"publisher":{"@id":"https:\/\/noticiasmercedinas.com\/site\/#organization"},"image":{"@id":"https:\/\/noticiasmercedinas.com\/site\/2019\/06\/20\/caballos-control-y-prevencion-de-la-anemia-infecciosa\/#primaryimage"},"thumbnailUrl":"https:\/\/noticiasmercedinas.com\/site\/wp-content\/uploads\/2019\/06\/AIE-Imagen-de-la-campa\u00f1a-A.jpg","keywords":["anemia","caballos","prevencion","senasa","zoonosis"],"articleSection":["Regionales"],"inLanguage":"es","potentialAction":[{"@type":"CommentAction","name":"Comment","target":["https:\/\/noticiasmercedinas.com\/site\/2019\/06\/20\/caballos-control-y-prevencion-de-la-anemia-infecciosa\/#respond"]}]},{"@type":"WebPage","@id":"https:\/\/noticiasmercedinas.com\/site\/2019\/06\/20\/caballos-control-y-prevencion-de-la-anemia-infecciosa\/","url":"https:\/\/noticiasmercedinas.com\/site\/2019\/06\/20\/caballos-control-y-prevencion-de-la-anemia-infecciosa\/","name":"Caballos: control y prevenci\u00f3n de la anemia infecciosa","isPartOf":{"@id":"https:\/\/noticiasmercedinas.com\/site\/#website"},"primaryImageOfPage":{"@id":"https:\/\/noticiasmercedinas.com\/site\/2019\/06\/20\/caballos-control-y-prevencion-de-la-anemia-infecciosa\/#primaryimage"},"image":{"@id":"https:\/\/noticiasmercedinas.com\/site\/2019\/06\/20\/caballos-control-y-prevencion-de-la-anemia-infecciosa\/#primaryimage"},"thumbnailUrl":"https:\/\/noticiasmercedinas.com\/site\/wp-content\/uploads\/2019\/06\/AIE-Imagen-de-la-campa\u00f1a-A.jpg","datePublished":"2019-06-20T11:53:18+00:00","breadcrumb":{"@id":"https:\/\/noticiasmercedinas.com\/site\/2019\/06\/20\/caballos-control-y-prevencion-de-la-anemia-infecciosa\/#breadcrumb"},"inLanguage":"es","potentialAction":[{"@type":"ReadAction","target":["https:\/\/noticiasmercedinas.com\/site\/2019\/06\/20\/caballos-control-y-prevencion-de-la-anemia-infecciosa\/"]}]},{"@type":"ImageObject","inLanguage":"es","@id":"https:\/\/noticiasmercedinas.com\/site\/2019\/06\/20\/caballos-control-y-prevencion-de-la-anemia-infecciosa\/#primaryimage","url":"https:\/\/noticiasmercedinas.com\/site\/wp-content\/uploads\/2019\/06\/AIE-Imagen-de-la-campa\u00f1a-A.jpg","contentUrl":"https:\/\/noticiasmercedinas.com\/site\/wp-content\/uploads\/2019\/06\/AIE-Imagen-de-la-campa\u00f1a-A.jpg","width":439,"height":239},{"@type":"BreadcrumbList","@id":"https:\/\/noticiasmercedinas.com\/site\/2019\/06\/20\/caballos-control-y-prevencion-de-la-anemia-infecciosa\/#breadcrumb","itemListElement":[{"@type":"ListItem","position":1,"name":"Portada","item":"https:\/\/noticiasmercedinas.com\/site\/"},{"@type":"ListItem","position":2,"name":"Caballos: control y prevenci\u00f3n de la anemia infecciosa"}]},{"@type":"WebSite","@id":"https:\/\/noticiasmercedinas.com\/site\/#website","url":"https:\/\/noticiasmercedinas.com\/site\/","name":"NOTICIASMERCEDINAS.COM","description":"Mercedes, Buenos Aires, Argentina","publisher":{"@id":"https:\/\/noticiasmercedinas.com\/site\/#organization"},"potentialAction":[{"@type":"SearchAction","target":{"@type":"EntryPoint","urlTemplate":"https:\/\/noticiasmercedinas.com\/site\/?s={search_term_string}"},"query-input":{"@type":"PropertyValueSpecification","valueRequired":true,"valueName":"search_term_string"}}],"inLanguage":"es"},{"@type":"Organization","@id":"https:\/\/noticiasmercedinas.com\/site\/#organization","name":"NOTICIASMERCEDINAS.COM","url":"https:\/\/noticiasmercedinas.com\/site\/","logo":{"@type":"ImageObject","inLanguage":"es","@id":"https:\/\/noticiasmercedinas.com\/site\/#\/schema\/logo\/image\/","url":"https:\/\/noticiasmercedinas.com\/site\/wp-content\/uploads\/2020\/06\/LOGO-512.jpg","contentUrl":"https:\/\/noticiasmercedinas.com\/site\/wp-content\/uploads\/2020\/06\/LOGO-512.jpg","width":512,"height":512,"caption":"NOTICIASMERCEDINAS.COM"},"image":{"@id":"https:\/\/noticiasmercedinas.com\/site\/#\/schema\/logo\/image\/"},"sameAs":["https:\/\/www.facebook.com\/noticiasmercedinas\/","https:\/\/x.com\/notmercedinas","https:\/\/www.instagram.com\/noticiasmercedinas\/"]},{"@type":"Person","@id":"https:\/\/noticiasmercedinas.com\/site\/#\/schema\/person\/84b59c099c28ff2e8b77d4ceec5d8063","name":"NOTICIASMERCEDINAS.COM","image":{"@type":"ImageObject","inLanguage":"es","@id":"https:\/\/secure.gravatar.com\/avatar\/4dfbf16b4d17945bfb6341b2d19043457132fcf478a5ee04f42e959fd8f5df0a?s=96&d=mm&r=g","url":"https:\/\/secure.gravatar.com\/avatar\/4dfbf16b4d17945bfb6341b2d19043457132fcf478a5ee04f42e959fd8f5df0a?s=96&d=mm&r=g","contentUrl":"https:\/\/secure.gravatar.com\/avatar\/4dfbf16b4d17945bfb6341b2d19043457132fcf478a5ee04f42e959fd8f5df0a?s=96&d=mm&r=g","caption":"NOTICIASMERCEDINAS.COM"},"url":"https:\/\/noticiasmercedinas.com\/site\/author\/anonimo\/"}]}},"amp_enabled":true,"_links":{"self":[{"href":"https:\/\/noticiasmercedinas.com\/site\/wp-json\/wp\/v2\/posts\/21656","targetHints":{"allow":["GET"]}}],"collection":[{"href":"https:\/\/noticiasmercedinas.com\/site\/wp-json\/wp\/v2\/posts"}],"about":[{"href":"https:\/\/noticiasmercedinas.com\/site\/wp-json\/wp\/v2\/types\/post"}],"author":[{"embeddable":true,"href":"https:\/\/noticiasmercedinas.com\/site\/wp-json\/wp\/v2\/users\/16"}],"replies":[{"embeddable":true,"href":"https:\/\/noticiasmercedinas.com\/site\/wp-json\/wp\/v2\/comments?post=21656"}],"version-history":[{"count":1,"href":"https:\/\/noticiasmercedinas.com\/site\/wp-json\/wp\/v2\/posts\/21656\/revisions"}],"predecessor-version":[{"id":21659,"href":"https:\/\/noticiasmercedinas.com\/site\/wp-json\/wp\/v2\/posts\/21656\/revisions\/21659"}],"wp:featuredmedia":[{"embeddable":true,"href":"https:\/\/noticiasmercedinas.com\/site\/wp-json\/wp\/v2\/media\/21657"}],"wp:attachment":[{"href":"https:\/\/noticiasmercedinas.com\/site\/wp-json\/wp\/v2\/media?parent=21656"}],"wp:term":[{"taxonomy":"category","embeddable":true,"href":"https:\/\/noticiasmercedinas.com\/site\/wp-json\/wp\/v2\/categories?post=21656"},{"taxonomy":"post_tag","embeddable":true,"href":"https:\/\/noticiasmercedinas.com\/site\/wp-json\/wp\/v2\/tags?post=21656"}],"curies":[{"name":"wp","href":"https:\/\/api.w.org\/{rel}","templated":true}]}}