{"id":21739,"date":"2019-06-21T09:07:49","date_gmt":"2019-06-21T12:07:49","guid":{"rendered":"https:\/\/noticiasmercedinas.com\/site\/?p=21739"},"modified":"2019-06-21T09:07:49","modified_gmt":"2019-06-21T12:07:49","slug":"defensoria-analiza-ir-a-la-justicia-por-aumentos-desproporcionados-de-planes-de-ahorro","status":"publish","type":"post","link":"https:\/\/noticiasmercedinas.com\/site\/2019\/06\/21\/defensoria-analiza-ir-a-la-justicia-por-aumentos-desproporcionados-de-planes-de-ahorro\/","title":{"rendered":"Defensor\u00eda analiza ir a la Justicia por aumentos desproporcionados de planes de ahorro"},"content":{"rendered":"<p><strong>El organismo se hizo eco de los reclamos de los usuarios que compraron un auto bajo esta modalidad y, en muchos casos, tienen que pagar cuotas que representan la mitad de su salario.<\/strong><\/p>\n<p><img loading=\"lazy\" decoding=\"async\" class=\"alignnone size-full wp-image-21740\" src=\"https:\/\/noticiasmercedinas.com\/site\/wp-content\/uploads\/2019\/06\/auto.jpg\" alt=\"\" width=\"1000\" height=\"667\" srcset=\"https:\/\/noticiasmercedinas.com\/site\/wp-content\/uploads\/2019\/06\/auto.jpg 1000w, https:\/\/noticiasmercedinas.com\/site\/wp-content\/uploads\/2019\/06\/auto-300x200.jpg 300w, https:\/\/noticiasmercedinas.com\/site\/wp-content\/uploads\/2019\/06\/auto-768x512.jpg 768w, https:\/\/noticiasmercedinas.com\/site\/wp-content\/uploads\/2019\/06\/auto-640x427.jpg 640w, https:\/\/noticiasmercedinas.com\/site\/wp-content\/uploads\/2019\/06\/auto-681x454.jpg 681w\" sizes=\"auto, (max-width: 1000px) 100vw, 1000px\" \/><\/p>\n<p>Ante las quejas de los usuarios por los fuertes aumentos de los planes de ahorro para la compra de autos 0 KM, la Defensor\u00eda del Pueblo bonaerense ir\u00e1 a la Justicia al entender que las automotrices llevaron adelante diferentes maniobras que violar\u00edan la Ley de Defensa al Consumidor.<\/p>\n<p>\u201cRecibimos casos en que las cuotas que aumentaron un 300% en un a\u00f1o y que representan hasta la mitad del salario de quien tiene en un plan de ahorro. Es una situaci\u00f3n desesperante que se agrava mes a mes, por lo que es necesario encontrar alguna soluci\u00f3n a este drama\u201d, asegur\u00f3 el Defensor del Pueblo, Guido Lorenzino.<\/p>\n<p>En primer lugar, el organismo considera que el comportamiento de las concesionarias viola el art\u00edculo 42 de la Constituci\u00f3n nacional, que protege de manera expresa los intereses econ\u00f3micos de los consumidores.<\/p>\n<p>A su vez, la Defensor\u00eda puso en foco en una serie de pr\u00e1cticas abusivas que llevaron adelante las empresas para definir el incremento del monto final de las cuotas, que generaron una alteraci\u00f3n de las condiciones que los consumidores tuvieron en cuenta al momento de contratar el plan y que hoy las torna pr\u00e1cticamente imposibles de pagar.<\/p>\n<p>Adem\u00e1s, el organismo considera que existe una \u201cdistorsi\u00f3n discriminatoria\u00bb entre los precios de lista que pagan los ahorristas frente a los precios con bonificaciones que d\u00eda a d\u00eda se promocionan en las concesionarias, ya que aquellos modelos bonificados no son los mismos que se comercializan a trav\u00e9s de los planes de ahorro.<\/p>\n<p>\u201cUn mecanismo que se cre\u00f3 para aumentar las ventas resulta hoy una trampa para los consumidores, ya que no pueden afrontar los aumentos de las cuotas. El ahorrista se encuentra desprotegido y sin poder hacer nada para cambiar esta situaci\u00f3n, por lo que resulta necesario que se modifique este esquema que se parece m\u00e1s a una estafa legal que a un plan de ahorro\u201d, sostuvo Lorenzino.<\/p>\n<p>Para apoyar su intervenci\u00f3n, la Defensor\u00eda envi\u00f3 pedidos de informes a la Inspecci\u00f3n General de Justicia de la Naci\u00f3n, a la Direcci\u00f3n Provincial de Comercio y a las empresas que administran los planes de ahorro de todas las automotrices, con el objetivo de recabar toda la informaci\u00f3n necesaria, adem\u00e1s de la intervenci\u00f3n de las autoridades competentes ante las situaciones denunciadas.<\/p>\n","protected":false},"excerpt":{"rendered":"<p>El organismo se hizo eco de los reclamos de los usuarios que compraron un auto bajo esta modalidad y, en muchos casos, tienen que pagar cuotas que representan la mitad de su salario. Ante las quejas de los usuarios por los fuertes aumentos de los planes de ahorro para la compra de autos 0 KM, [&hellip;]<\/p>\n","protected":false},"author":16,"featured_media":21740,"comment_status":"open","ping_status":"open","sticky":false,"template":"","format":"standard","meta":{"footnotes":""},"categories":[139],"tags":[520,285,286,524,5413],"class_list":["post-21739","post","type-post","status-publish","format-standard","has-post-thumbnail","hentry","category-regionales","tag-aumentos","tag-defensor-del-pueblo","tag-guido-lorenzino","tag-justicia","tag-planes-de-ahorro"],"yoast_head":"<!-- This site is optimized with the Yoast SEO plugin v27.5 - https:\/\/yoast.com\/product\/yoast-seo-wordpress\/ -->\n<title>Defensor\u00eda analiza ir a la Justicia por aumentos desproporcionados de planes de ahorro<\/title>\n<meta name=\"robots\" content=\"index, follow, max-snippet:-1, max-image-preview:large, max-video-preview:-1\" \/>\n<link rel=\"canonical\" href=\"https:\/\/noticiasmercedinas.com\/site\/2019\/06\/21\/defensoria-analiza-ir-a-la-justicia-por-aumentos-desproporcionados-de-planes-de-ahorro\/\" \/>\n<meta property=\"og:locale\" content=\"es_ES\" \/>\n<meta property=\"og:type\" content=\"article\" \/>\n<meta property=\"og:title\" content=\"Defensor\u00eda analiza ir a la Justicia por aumentos desproporcionados de planes de ahorro\" \/>\n<meta property=\"og:description\" content=\"El organismo se hizo eco de los reclamos de los usuarios que compraron un auto bajo esta modalidad y, en muchos casos, tienen que pagar cuotas que representan la mitad de su salario. Ante las quejas de los usuarios por los fuertes aumentos de los planes de ahorro para la compra de autos 0 KM, [&hellip;]\" \/>\n<meta property=\"og:url\" content=\"https:\/\/noticiasmercedinas.com\/site\/2019\/06\/21\/defensoria-analiza-ir-a-la-justicia-por-aumentos-desproporcionados-de-planes-de-ahorro\/\" \/>\n<meta property=\"og:site_name\" content=\"NOTICIASMERCEDINAS.COM\" \/>\n<meta property=\"article:publisher\" content=\"https:\/\/www.facebook.com\/noticiasmercedinas\/\" \/>\n<meta property=\"article:published_time\" content=\"2019-06-21T12:07:49+00:00\" \/>\n<meta property=\"og:image\" content=\"https:\/\/noticiasmercedinas.com\/site\/wp-content\/uploads\/2019\/06\/auto.jpg\" \/>\n\t<meta property=\"og:image:width\" content=\"1000\" \/>\n\t<meta property=\"og:image:height\" content=\"667\" \/>\n\t<meta property=\"og:image:type\" content=\"image\/jpeg\" \/>\n<meta name=\"author\" content=\"NOTICIASMERCEDINAS.COM\" \/>\n<meta name=\"twitter:card\" content=\"summary_large_image\" \/>\n<meta name=\"twitter:creator\" content=\"@notmercedinas\" \/>\n<meta name=\"twitter:site\" content=\"@notmercedinas\" \/>\n<meta name=\"twitter:label1\" content=\"Escrito por\" \/>\n\t<meta name=\"twitter:data1\" content=\"NOTICIASMERCEDINAS.COM\" \/>\n\t<meta name=\"twitter:label2\" content=\"Tiempo de lectura\" \/>\n\t<meta name=\"twitter:data2\" content=\"2 minutos\" \/>\n<script type=\"application\/ld+json\" class=\"yoast-schema-graph\">{\"@context\":\"https:\\\/\\\/schema.org\",\"@graph\":[{\"@type\":\"Article\",\"@id\":\"https:\\\/\\\/noticiasmercedinas.com\\\/site\\\/2019\\\/06\\\/21\\\/defensoria-analiza-ir-a-la-justicia-por-aumentos-desproporcionados-de-planes-de-ahorro\\\/#article\",\"isPartOf\":{\"@id\":\"https:\\\/\\\/noticiasmercedinas.com\\\/site\\\/2019\\\/06\\\/21\\\/defensoria-analiza-ir-a-la-justicia-por-aumentos-desproporcionados-de-planes-de-ahorro\\\/\"},\"author\":{\"name\":\"NOTICIASMERCEDINAS.COM\",\"@id\":\"https:\\\/\\\/noticiasmercedinas.com\\\/site\\\/#\\\/schema\\\/person\\\/84b59c099c28ff2e8b77d4ceec5d8063\"},\"headline\":\"Defensor\u00eda analiza ir a la Justicia por aumentos desproporcionados de planes de ahorro\",\"datePublished\":\"2019-06-21T12:07:49+00:00\",\"mainEntityOfPage\":{\"@id\":\"https:\\\/\\\/noticiasmercedinas.com\\\/site\\\/2019\\\/06\\\/21\\\/defensoria-analiza-ir-a-la-justicia-por-aumentos-desproporcionados-de-planes-de-ahorro\\\/\"},\"wordCount\":442,\"commentCount\":0,\"publisher\":{\"@id\":\"https:\\\/\\\/noticiasmercedinas.com\\\/site\\\/#organization\"},\"image\":{\"@id\":\"https:\\\/\\\/noticiasmercedinas.com\\\/site\\\/2019\\\/06\\\/21\\\/defensoria-analiza-ir-a-la-justicia-por-aumentos-desproporcionados-de-planes-de-ahorro\\\/#primaryimage\"},\"thumbnailUrl\":\"https:\\\/\\\/noticiasmercedinas.com\\\/site\\\/wp-content\\\/uploads\\\/2019\\\/06\\\/auto.jpg\",\"keywords\":[\"aumentos\",\"defensor del pueblo\",\"guido lorenzino\",\"justicia\",\"planes de ahorro\"],\"articleSection\":[\"Regionales\"],\"inLanguage\":\"es\",\"potentialAction\":[{\"@type\":\"CommentAction\",\"name\":\"Comment\",\"target\":[\"https:\\\/\\\/noticiasmercedinas.com\\\/site\\\/2019\\\/06\\\/21\\\/defensoria-analiza-ir-a-la-justicia-por-aumentos-desproporcionados-de-planes-de-ahorro\\\/#respond\"]}]},{\"@type\":\"WebPage\",\"@id\":\"https:\\\/\\\/noticiasmercedinas.com\\\/site\\\/2019\\\/06\\\/21\\\/defensoria-analiza-ir-a-la-justicia-por-aumentos-desproporcionados-de-planes-de-ahorro\\\/\",\"url\":\"https:\\\/\\\/noticiasmercedinas.com\\\/site\\\/2019\\\/06\\\/21\\\/defensoria-analiza-ir-a-la-justicia-por-aumentos-desproporcionados-de-planes-de-ahorro\\\/\",\"name\":\"Defensor\u00eda analiza ir a la Justicia por aumentos desproporcionados de planes de ahorro\",\"isPartOf\":{\"@id\":\"https:\\\/\\\/noticiasmercedinas.com\\\/site\\\/#website\"},\"primaryImageOfPage\":{\"@id\":\"https:\\\/\\\/noticiasmercedinas.com\\\/site\\\/2019\\\/06\\\/21\\\/defensoria-analiza-ir-a-la-justicia-por-aumentos-desproporcionados-de-planes-de-ahorro\\\/#primaryimage\"},\"image\":{\"@id\":\"https:\\\/\\\/noticiasmercedinas.com\\\/site\\\/2019\\\/06\\\/21\\\/defensoria-analiza-ir-a-la-justicia-por-aumentos-desproporcionados-de-planes-de-ahorro\\\/#primaryimage\"},\"thumbnailUrl\":\"https:\\\/\\\/noticiasmercedinas.com\\\/site\\\/wp-content\\\/uploads\\\/2019\\\/06\\\/auto.jpg\",\"datePublished\":\"2019-06-21T12:07:49+00:00\",\"breadcrumb\":{\"@id\":\"https:\\\/\\\/noticiasmercedinas.com\\\/site\\\/2019\\\/06\\\/21\\\/defensoria-analiza-ir-a-la-justicia-por-aumentos-desproporcionados-de-planes-de-ahorro\\\/#breadcrumb\"},\"inLanguage\":\"es\",\"potentialAction\":[{\"@type\":\"ReadAction\",\"target\":[\"https:\\\/\\\/noticiasmercedinas.com\\\/site\\\/2019\\\/06\\\/21\\\/defensoria-analiza-ir-a-la-justicia-por-aumentos-desproporcionados-de-planes-de-ahorro\\\/\"]}]},{\"@type\":\"ImageObject\",\"inLanguage\":\"es\",\"@id\":\"https:\\\/\\\/noticiasmercedinas.com\\\/site\\\/2019\\\/06\\\/21\\\/defensoria-analiza-ir-a-la-justicia-por-aumentos-desproporcionados-de-planes-de-ahorro\\\/#primaryimage\",\"url\":\"https:\\\/\\\/noticiasmercedinas.com\\\/site\\\/wp-content\\\/uploads\\\/2019\\\/06\\\/auto.jpg\",\"contentUrl\":\"https:\\\/\\\/noticiasmercedinas.com\\\/site\\\/wp-content\\\/uploads\\\/2019\\\/06\\\/auto.jpg\",\"width\":1000,\"height\":667},{\"@type\":\"BreadcrumbList\",\"@id\":\"https:\\\/\\\/noticiasmercedinas.com\\\/site\\\/2019\\\/06\\\/21\\\/defensoria-analiza-ir-a-la-justicia-por-aumentos-desproporcionados-de-planes-de-ahorro\\\/#breadcrumb\",\"itemListElement\":[{\"@type\":\"ListItem\",\"position\":1,\"name\":\"Portada\",\"item\":\"https:\\\/\\\/noticiasmercedinas.com\\\/site\\\/\"},{\"@type\":\"ListItem\",\"position\":2,\"name\":\"Defensor\u00eda analiza ir a la Justicia por aumentos desproporcionados de planes de ahorro\"}]},{\"@type\":\"WebSite\",\"@id\":\"https:\\\/\\\/noticiasmercedinas.com\\\/site\\\/#website\",\"url\":\"https:\\\/\\\/noticiasmercedinas.com\\\/site\\\/\",\"name\":\"NOTICIASMERCEDINAS.COM\",\"description\":\"Mercedes, Buenos Aires, Argentina\",\"publisher\":{\"@id\":\"https:\\\/\\\/noticiasmercedinas.com\\\/site\\\/#organization\"},\"potentialAction\":[{\"@type\":\"SearchAction\",\"target\":{\"@type\":\"EntryPoint\",\"urlTemplate\":\"https:\\\/\\\/noticiasmercedinas.com\\\/site\\\/?s={search_term_string}\"},\"query-input\":{\"@type\":\"PropertyValueSpecification\",\"valueRequired\":true,\"valueName\":\"search_term_string\"}}],\"inLanguage\":\"es\"},{\"@type\":\"Organization\",\"@id\":\"https:\\\/\\\/noticiasmercedinas.com\\\/site\\\/#organization\",\"name\":\"NOTICIASMERCEDINAS.COM\",\"url\":\"https:\\\/\\\/noticiasmercedinas.com\\\/site\\\/\",\"logo\":{\"@type\":\"ImageObject\",\"inLanguage\":\"es\",\"@id\":\"https:\\\/\\\/noticiasmercedinas.com\\\/site\\\/#\\\/schema\\\/logo\\\/image\\\/\",\"url\":\"https:\\\/\\\/noticiasmercedinas.com\\\/site\\\/wp-content\\\/uploads\\\/2020\\\/06\\\/LOGO-512.jpg\",\"contentUrl\":\"https:\\\/\\\/noticiasmercedinas.com\\\/site\\\/wp-content\\\/uploads\\\/2020\\\/06\\\/LOGO-512.jpg\",\"width\":512,\"height\":512,\"caption\":\"NOTICIASMERCEDINAS.COM\"},\"image\":{\"@id\":\"https:\\\/\\\/noticiasmercedinas.com\\\/site\\\/#\\\/schema\\\/logo\\\/image\\\/\"},\"sameAs\":[\"https:\\\/\\\/www.facebook.com\\\/noticiasmercedinas\\\/\",\"https:\\\/\\\/x.com\\\/notmercedinas\",\"https:\\\/\\\/www.instagram.com\\\/noticiasmercedinas\\\/\"]},{\"@type\":\"Person\",\"@id\":\"https:\\\/\\\/noticiasmercedinas.com\\\/site\\\/#\\\/schema\\\/person\\\/84b59c099c28ff2e8b77d4ceec5d8063\",\"name\":\"NOTICIASMERCEDINAS.COM\",\"image\":{\"@type\":\"ImageObject\",\"inLanguage\":\"es\",\"@id\":\"https:\\\/\\\/secure.gravatar.com\\\/avatar\\\/4dfbf16b4d17945bfb6341b2d19043457132fcf478a5ee04f42e959fd8f5df0a?s=96&d=mm&r=g\",\"url\":\"https:\\\/\\\/secure.gravatar.com\\\/avatar\\\/4dfbf16b4d17945bfb6341b2d19043457132fcf478a5ee04f42e959fd8f5df0a?s=96&d=mm&r=g\",\"contentUrl\":\"https:\\\/\\\/secure.gravatar.com\\\/avatar\\\/4dfbf16b4d17945bfb6341b2d19043457132fcf478a5ee04f42e959fd8f5df0a?s=96&d=mm&r=g\",\"caption\":\"NOTICIASMERCEDINAS.COM\"},\"url\":\"https:\\\/\\\/noticiasmercedinas.com\\\/site\\\/author\\\/anonimo\\\/\"}]}<\/script>\n<!-- \/ Yoast SEO plugin. -->","yoast_head_json":{"title":"Defensor\u00eda analiza ir a la Justicia por aumentos desproporcionados de planes de ahorro","robots":{"index":"index","follow":"follow","max-snippet":"max-snippet:-1","max-image-preview":"max-image-preview:large","max-video-preview":"max-video-preview:-1"},"canonical":"https:\/\/noticiasmercedinas.com\/site\/2019\/06\/21\/defensoria-analiza-ir-a-la-justicia-por-aumentos-desproporcionados-de-planes-de-ahorro\/","og_locale":"es_ES","og_type":"article","og_title":"Defensor\u00eda analiza ir a la Justicia por aumentos desproporcionados de planes de ahorro","og_description":"El organismo se hizo eco de los reclamos de los usuarios que compraron un auto bajo esta modalidad y, en muchos casos, tienen que pagar cuotas que representan la mitad de su salario. Ante las quejas de los usuarios por los fuertes aumentos de los planes de ahorro para la compra de autos 0 KM, [&hellip;]","og_url":"https:\/\/noticiasmercedinas.com\/site\/2019\/06\/21\/defensoria-analiza-ir-a-la-justicia-por-aumentos-desproporcionados-de-planes-de-ahorro\/","og_site_name":"NOTICIASMERCEDINAS.COM","article_publisher":"https:\/\/www.facebook.com\/noticiasmercedinas\/","article_published_time":"2019-06-21T12:07:49+00:00","og_image":[{"width":1000,"height":667,"url":"https:\/\/noticiasmercedinas.com\/site\/wp-content\/uploads\/2019\/06\/auto.jpg","type":"image\/jpeg"}],"author":"NOTICIASMERCEDINAS.COM","twitter_card":"summary_large_image","twitter_creator":"@notmercedinas","twitter_site":"@notmercedinas","twitter_misc":{"Escrito por":"NOTICIASMERCEDINAS.COM","Tiempo de lectura":"2 minutos"},"schema":{"@context":"https:\/\/schema.org","@graph":[{"@type":"Article","@id":"https:\/\/noticiasmercedinas.com\/site\/2019\/06\/21\/defensoria-analiza-ir-a-la-justicia-por-aumentos-desproporcionados-de-planes-de-ahorro\/#article","isPartOf":{"@id":"https:\/\/noticiasmercedinas.com\/site\/2019\/06\/21\/defensoria-analiza-ir-a-la-justicia-por-aumentos-desproporcionados-de-planes-de-ahorro\/"},"author":{"name":"NOTICIASMERCEDINAS.COM","@id":"https:\/\/noticiasmercedinas.com\/site\/#\/schema\/person\/84b59c099c28ff2e8b77d4ceec5d8063"},"headline":"Defensor\u00eda analiza ir a la Justicia por aumentos desproporcionados de planes de ahorro","datePublished":"2019-06-21T12:07:49+00:00","mainEntityOfPage":{"@id":"https:\/\/noticiasmercedinas.com\/site\/2019\/06\/21\/defensoria-analiza-ir-a-la-justicia-por-aumentos-desproporcionados-de-planes-de-ahorro\/"},"wordCount":442,"commentCount":0,"publisher":{"@id":"https:\/\/noticiasmercedinas.com\/site\/#organization"},"image":{"@id":"https:\/\/noticiasmercedinas.com\/site\/2019\/06\/21\/defensoria-analiza-ir-a-la-justicia-por-aumentos-desproporcionados-de-planes-de-ahorro\/#primaryimage"},"thumbnailUrl":"https:\/\/noticiasmercedinas.com\/site\/wp-content\/uploads\/2019\/06\/auto.jpg","keywords":["aumentos","defensor del pueblo","guido lorenzino","justicia","planes de ahorro"],"articleSection":["Regionales"],"inLanguage":"es","potentialAction":[{"@type":"CommentAction","name":"Comment","target":["https:\/\/noticiasmercedinas.com\/site\/2019\/06\/21\/defensoria-analiza-ir-a-la-justicia-por-aumentos-desproporcionados-de-planes-de-ahorro\/#respond"]}]},{"@type":"WebPage","@id":"https:\/\/noticiasmercedinas.com\/site\/2019\/06\/21\/defensoria-analiza-ir-a-la-justicia-por-aumentos-desproporcionados-de-planes-de-ahorro\/","url":"https:\/\/noticiasmercedinas.com\/site\/2019\/06\/21\/defensoria-analiza-ir-a-la-justicia-por-aumentos-desproporcionados-de-planes-de-ahorro\/","name":"Defensor\u00eda analiza ir a la Justicia por aumentos desproporcionados de planes de ahorro","isPartOf":{"@id":"https:\/\/noticiasmercedinas.com\/site\/#website"},"primaryImageOfPage":{"@id":"https:\/\/noticiasmercedinas.com\/site\/2019\/06\/21\/defensoria-analiza-ir-a-la-justicia-por-aumentos-desproporcionados-de-planes-de-ahorro\/#primaryimage"},"image":{"@id":"https:\/\/noticiasmercedinas.com\/site\/2019\/06\/21\/defensoria-analiza-ir-a-la-justicia-por-aumentos-desproporcionados-de-planes-de-ahorro\/#primaryimage"},"thumbnailUrl":"https:\/\/noticiasmercedinas.com\/site\/wp-content\/uploads\/2019\/06\/auto.jpg","datePublished":"2019-06-21T12:07:49+00:00","breadcrumb":{"@id":"https:\/\/noticiasmercedinas.com\/site\/2019\/06\/21\/defensoria-analiza-ir-a-la-justicia-por-aumentos-desproporcionados-de-planes-de-ahorro\/#breadcrumb"},"inLanguage":"es","potentialAction":[{"@type":"ReadAction","target":["https:\/\/noticiasmercedinas.com\/site\/2019\/06\/21\/defensoria-analiza-ir-a-la-justicia-por-aumentos-desproporcionados-de-planes-de-ahorro\/"]}]},{"@type":"ImageObject","inLanguage":"es","@id":"https:\/\/noticiasmercedinas.com\/site\/2019\/06\/21\/defensoria-analiza-ir-a-la-justicia-por-aumentos-desproporcionados-de-planes-de-ahorro\/#primaryimage","url":"https:\/\/noticiasmercedinas.com\/site\/wp-content\/uploads\/2019\/06\/auto.jpg","contentUrl":"https:\/\/noticiasmercedinas.com\/site\/wp-content\/uploads\/2019\/06\/auto.jpg","width":1000,"height":667},{"@type":"BreadcrumbList","@id":"https:\/\/noticiasmercedinas.com\/site\/2019\/06\/21\/defensoria-analiza-ir-a-la-justicia-por-aumentos-desproporcionados-de-planes-de-ahorro\/#breadcrumb","itemListElement":[{"@type":"ListItem","position":1,"name":"Portada","item":"https:\/\/noticiasmercedinas.com\/site\/"},{"@type":"ListItem","position":2,"name":"Defensor\u00eda analiza ir a la Justicia por aumentos desproporcionados de planes de ahorro"}]},{"@type":"WebSite","@id":"https:\/\/noticiasmercedinas.com\/site\/#website","url":"https:\/\/noticiasmercedinas.com\/site\/","name":"NOTICIASMERCEDINAS.COM","description":"Mercedes, Buenos Aires, Argentina","publisher":{"@id":"https:\/\/noticiasmercedinas.com\/site\/#organization"},"potentialAction":[{"@type":"SearchAction","target":{"@type":"EntryPoint","urlTemplate":"https:\/\/noticiasmercedinas.com\/site\/?s={search_term_string}"},"query-input":{"@type":"PropertyValueSpecification","valueRequired":true,"valueName":"search_term_string"}}],"inLanguage":"es"},{"@type":"Organization","@id":"https:\/\/noticiasmercedinas.com\/site\/#organization","name":"NOTICIASMERCEDINAS.COM","url":"https:\/\/noticiasmercedinas.com\/site\/","logo":{"@type":"ImageObject","inLanguage":"es","@id":"https:\/\/noticiasmercedinas.com\/site\/#\/schema\/logo\/image\/","url":"https:\/\/noticiasmercedinas.com\/site\/wp-content\/uploads\/2020\/06\/LOGO-512.jpg","contentUrl":"https:\/\/noticiasmercedinas.com\/site\/wp-content\/uploads\/2020\/06\/LOGO-512.jpg","width":512,"height":512,"caption":"NOTICIASMERCEDINAS.COM"},"image":{"@id":"https:\/\/noticiasmercedinas.com\/site\/#\/schema\/logo\/image\/"},"sameAs":["https:\/\/www.facebook.com\/noticiasmercedinas\/","https:\/\/x.com\/notmercedinas","https:\/\/www.instagram.com\/noticiasmercedinas\/"]},{"@type":"Person","@id":"https:\/\/noticiasmercedinas.com\/site\/#\/schema\/person\/84b59c099c28ff2e8b77d4ceec5d8063","name":"NOTICIASMERCEDINAS.COM","image":{"@type":"ImageObject","inLanguage":"es","@id":"https:\/\/secure.gravatar.com\/avatar\/4dfbf16b4d17945bfb6341b2d19043457132fcf478a5ee04f42e959fd8f5df0a?s=96&d=mm&r=g","url":"https:\/\/secure.gravatar.com\/avatar\/4dfbf16b4d17945bfb6341b2d19043457132fcf478a5ee04f42e959fd8f5df0a?s=96&d=mm&r=g","contentUrl":"https:\/\/secure.gravatar.com\/avatar\/4dfbf16b4d17945bfb6341b2d19043457132fcf478a5ee04f42e959fd8f5df0a?s=96&d=mm&r=g","caption":"NOTICIASMERCEDINAS.COM"},"url":"https:\/\/noticiasmercedinas.com\/site\/author\/anonimo\/"}]}},"amp_enabled":true,"_links":{"self":[{"href":"https:\/\/noticiasmercedinas.com\/site\/wp-json\/wp\/v2\/posts\/21739","targetHints":{"allow":["GET"]}}],"collection":[{"href":"https:\/\/noticiasmercedinas.com\/site\/wp-json\/wp\/v2\/posts"}],"about":[{"href":"https:\/\/noticiasmercedinas.com\/site\/wp-json\/wp\/v2\/types\/post"}],"author":[{"embeddable":true,"href":"https:\/\/noticiasmercedinas.com\/site\/wp-json\/wp\/v2\/users\/16"}],"replies":[{"embeddable":true,"href":"https:\/\/noticiasmercedinas.com\/site\/wp-json\/wp\/v2\/comments?post=21739"}],"version-history":[{"count":1,"href":"https:\/\/noticiasmercedinas.com\/site\/wp-json\/wp\/v2\/posts\/21739\/revisions"}],"predecessor-version":[{"id":21741,"href":"https:\/\/noticiasmercedinas.com\/site\/wp-json\/wp\/v2\/posts\/21739\/revisions\/21741"}],"wp:featuredmedia":[{"embeddable":true,"href":"https:\/\/noticiasmercedinas.com\/site\/wp-json\/wp\/v2\/media\/21740"}],"wp:attachment":[{"href":"https:\/\/noticiasmercedinas.com\/site\/wp-json\/wp\/v2\/media?parent=21739"}],"wp:term":[{"taxonomy":"category","embeddable":true,"href":"https:\/\/noticiasmercedinas.com\/site\/wp-json\/wp\/v2\/categories?post=21739"},{"taxonomy":"post_tag","embeddable":true,"href":"https:\/\/noticiasmercedinas.com\/site\/wp-json\/wp\/v2\/tags?post=21739"}],"curies":[{"name":"wp","href":"https:\/\/api.w.org\/{rel}","templated":true}]}}