{"id":21800,"date":"2019-06-22T10:07:07","date_gmt":"2019-06-22T13:07:07","guid":{"rendered":"https:\/\/noticiasmercedinas.com\/site\/?p=21800"},"modified":"2019-06-23T12:49:02","modified_gmt":"2019-06-23T15:49:02","slug":"demarco-maldonado-y-chacar-encabezan-la-lista-del-fit-unidad","status":"publish","type":"post","link":"https:\/\/noticiasmercedinas.com\/site\/2019\/06\/22\/demarco-maldonado-y-chacar-encabezan-la-lista-del-fit-unidad\/","title":{"rendered":"Demarco, Maldonado y Chacar encabezan la lista del FIT Unidad"},"content":{"rendered":"<p><img loading=\"lazy\" decoding=\"async\" class=\"alignnone size-full wp-image-21801\" src=\"https:\/\/noticiasmercedinas.com\/site\/wp-content\/uploads\/2019\/06\/posja_09516928516422266068833.jpg\" alt=\"\" width=\"640\" height=\"425\" srcset=\"https:\/\/noticiasmercedinas.com\/site\/wp-content\/uploads\/2019\/06\/posja_09516928516422266068833.jpg 640w, https:\/\/noticiasmercedinas.com\/site\/wp-content\/uploads\/2019\/06\/posja_09516928516422266068833-300x199.jpg 300w\" sizes=\"auto, (max-width: 640px) 100vw, 640px\" \/><\/p>\n<p>El Frente de Izquierda y los Trabajadores Unidad, que lleva como candidato a presidente a Nicol\u00e1s del Ca\u00f1o y como candidata a vicepresidenta a Romina del Pl\u00e1 defini\u00f3 las principales posiciones en las listas para la Ciudad de Buenos Aires y la Provincia. Y tambi\u00e9n en el Distrito Mercedes se dieron definiciones. Pablo Demarco ser\u00e1 el candidato a intendente, secundado por Mar\u00eda Maldonado como cabeza de lista entre los concejales.<\/p>\n<p>El FIT Unidad, que nuclea a casi la totalidad de las fuerzas de izquierda en nuestro pa\u00eds, el Frente de Izquierda (PTS, PO, IS) y el MST, presentar\u00e1 candidatos y candidatas en 22 de los 24 distritos del pa\u00eds. Christian Castillo ser\u00e1 el candidato a gobernador de la provincia de Buenos Aires, secundado por Mercedes Trimarchi. Adem\u00e1s, N\u00e9stor Pitrola encabezar\u00e1 la lista de diputados nacionales, acompa\u00f1ado por Luana Simioni. Por su parte, Vilma Ripoll ser\u00e1 cabeza de lista a senadores de la estrat\u00e9gica Tercera Secci\u00f3n Electoral, y Lorena Gentille, obrera de Kraft, de la de diputados por la Primera Secci\u00f3n.<\/p>\n<p><strong>La lista local<br \/>\n<\/strong>Este s\u00e1bado Demarco viajar\u00eda a San Antonio de Areco para terminar de reordenar la lista distrital en funci\u00f3n del acuerdo de fuerzas, aunque hay cargos ya definidos.<\/p>\n<p><strong>\u00a0<\/strong>Seg\u00fan pudo conocer este medio, los nombres de la lista del FIT Unidad en el Distrito Mercedes que a acompa\u00f1an a <strong>Pablo Demarco<\/strong>, candidato a intendente, son, como concejales: en primer lugar, <strong>Mar\u00eda Maldonado<\/strong>; segundo <strong>Ariel Chacar<\/strong>, tercera, <strong>Susana Carrera<\/strong>; <strong>Walter Altavista<\/strong>, cuarto. Y <strong>Patricia Bojorge<\/strong>, primera candidata a consejera escolar. Aunque hay que repartir cargos con otras fuerzas como la Izquierda Socialista y el MST, que tendr\u00e1n un lugar en las listas.<\/p>\n<p><img loading=\"lazy\" decoding=\"async\" class=\"alignnone size-full wp-image-21869\" src=\"https:\/\/noticiasmercedinas.com\/site\/wp-content\/uploads\/2019\/06\/b288179f-bba4-47ba-863c-1a2988227c2c.jpg\" alt=\"\" width=\"640\" height=\"523\" srcset=\"https:\/\/noticiasmercedinas.com\/site\/wp-content\/uploads\/2019\/06\/b288179f-bba4-47ba-863c-1a2988227c2c.jpg 640w, https:\/\/noticiasmercedinas.com\/site\/wp-content\/uploads\/2019\/06\/b288179f-bba4-47ba-863c-1a2988227c2c-300x245.jpg 300w\" sizes=\"auto, (max-width: 640px) 100vw, 640px\" \/><\/p>\n","protected":false},"excerpt":{"rendered":"<p>El Frente de Izquierda y los Trabajadores Unidad, que lleva como candidato a presidente a Nicol\u00e1s del Ca\u00f1o y como candidata a vicepresidenta a Romina del Pl\u00e1 defini\u00f3 las principales posiciones en las listas para la Ciudad de Buenos Aires y la Provincia. Y tambi\u00e9n en el Distrito Mercedes se dieron definiciones. Pablo Demarco ser\u00e1 [&hellip;]<\/p>\n","protected":false},"author":2,"featured_media":21801,"comment_status":"open","ping_status":"open","sticky":false,"template":"","format":"standard","meta":{"footnotes":""},"categories":[16],"tags":[5439,662,5438,5437,4152,339,5441,3651,5440],"class_list":["post-21800","post","type-post","status-publish","format-standard","has-post-thumbnail","hentry","category-politica","tag-aruiel-chacar","tag-elecciones-2019","tag-fit-unidad","tag-frente-de-izqauierda","tag-maria-maldonado","tag-pablo-demarco","tag-patricia-bojorge","tag-susana-carrera","tag-walter-altavista"],"yoast_head":"<!-- This site is optimized with the Yoast SEO plugin v27.5 - https:\/\/yoast.com\/product\/yoast-seo-wordpress\/ -->\n<title>Demarco, Maldonado y Chacar encabezan la lista del FIT Unidad<\/title>\n<meta name=\"robots\" content=\"index, follow, max-snippet:-1, max-image-preview:large, max-video-preview:-1\" \/>\n<link rel=\"canonical\" href=\"https:\/\/noticiasmercedinas.com\/site\/2019\/06\/22\/demarco-maldonado-y-chacar-encabezan-la-lista-del-fit-unidad\/\" \/>\n<meta property=\"og:locale\" content=\"es_ES\" \/>\n<meta property=\"og:type\" content=\"article\" \/>\n<meta property=\"og:title\" content=\"Demarco, Maldonado y Chacar encabezan la lista del FIT Unidad\" \/>\n<meta property=\"og:description\" content=\"El Frente de Izquierda y los Trabajadores Unidad, que lleva como candidato a presidente a Nicol\u00e1s del Ca\u00f1o y como candidata a vicepresidenta a Romina del Pl\u00e1 defini\u00f3 las principales posiciones en las listas para la Ciudad de Buenos Aires y la Provincia. Y tambi\u00e9n en el Distrito Mercedes se dieron definiciones. Pablo Demarco ser\u00e1 [&hellip;]\" \/>\n<meta property=\"og:url\" content=\"https:\/\/noticiasmercedinas.com\/site\/2019\/06\/22\/demarco-maldonado-y-chacar-encabezan-la-lista-del-fit-unidad\/\" \/>\n<meta property=\"og:site_name\" content=\"NOTICIASMERCEDINAS.COM\" \/>\n<meta property=\"article:publisher\" content=\"https:\/\/www.facebook.com\/noticiasmercedinas\/\" \/>\n<meta property=\"article:author\" content=\"https:\/\/www.facebook.com\/cristian.falabella\" \/>\n<meta property=\"article:published_time\" content=\"2019-06-22T13:07:07+00:00\" \/>\n<meta property=\"article:modified_time\" content=\"2019-06-23T15:49:02+00:00\" \/>\n<meta property=\"og:image\" content=\"https:\/\/noticiasmercedinas.com\/site\/wp-content\/uploads\/2019\/06\/posja_09516928516422266068833.jpg\" \/>\n\t<meta property=\"og:image:width\" content=\"640\" \/>\n\t<meta property=\"og:image:height\" content=\"425\" \/>\n\t<meta property=\"og:image:type\" content=\"image\/jpeg\" \/>\n<meta name=\"author\" content=\"Cristian Falabella NOTICIASMERCEDINAS.COM\" \/>\n<meta name=\"twitter:card\" content=\"summary_large_image\" \/>\n<meta name=\"twitter:creator\" content=\"@https:\/\/twitter.com\/NOTMERCEDINAS\" \/>\n<meta name=\"twitter:site\" content=\"@notmercedinas\" \/>\n<meta name=\"twitter:label1\" content=\"Escrito por\" \/>\n\t<meta name=\"twitter:data1\" content=\"Cristian Falabella NOTICIASMERCEDINAS.COM\" \/>\n\t<meta name=\"twitter:label2\" content=\"Tiempo de lectura\" \/>\n\t<meta name=\"twitter:data2\" content=\"1 minuto\" \/>\n<script type=\"application\/ld+json\" class=\"yoast-schema-graph\">{\"@context\":\"https:\\\/\\\/schema.org\",\"@graph\":[{\"@type\":\"Article\",\"@id\":\"https:\\\/\\\/noticiasmercedinas.com\\\/site\\\/2019\\\/06\\\/22\\\/demarco-maldonado-y-chacar-encabezan-la-lista-del-fit-unidad\\\/#article\",\"isPartOf\":{\"@id\":\"https:\\\/\\\/noticiasmercedinas.com\\\/site\\\/2019\\\/06\\\/22\\\/demarco-maldonado-y-chacar-encabezan-la-lista-del-fit-unidad\\\/\"},\"author\":{\"name\":\"Cristian Falabella NOTICIASMERCEDINAS.COM\",\"@id\":\"https:\\\/\\\/noticiasmercedinas.com\\\/site\\\/#\\\/schema\\\/person\\\/d481a9696a5feaec13a60e2bbd991a6a\"},\"headline\":\"Demarco, Maldonado y Chacar encabezan la lista del FIT Unidad\",\"datePublished\":\"2019-06-22T13:07:07+00:00\",\"dateModified\":\"2019-06-23T15:49:02+00:00\",\"mainEntityOfPage\":{\"@id\":\"https:\\\/\\\/noticiasmercedinas.com\\\/site\\\/2019\\\/06\\\/22\\\/demarco-maldonado-y-chacar-encabezan-la-lista-del-fit-unidad\\\/\"},\"wordCount\":300,\"commentCount\":0,\"publisher\":{\"@id\":\"https:\\\/\\\/noticiasmercedinas.com\\\/site\\\/#organization\"},\"image\":{\"@id\":\"https:\\\/\\\/noticiasmercedinas.com\\\/site\\\/2019\\\/06\\\/22\\\/demarco-maldonado-y-chacar-encabezan-la-lista-del-fit-unidad\\\/#primaryimage\"},\"thumbnailUrl\":\"https:\\\/\\\/noticiasmercedinas.com\\\/site\\\/wp-content\\\/uploads\\\/2019\\\/06\\\/posja_09516928516422266068833.jpg\",\"keywords\":[\"aruiel chacar\",\"elecciones 2019\",\"fit unidad\",\"frente de izqauierda\",\"maria maldonado\",\"pablo demarco\",\"Patricia Bojorge\",\"susana carrera\",\"walter altavista\"],\"articleSection\":[\"Politica\"],\"inLanguage\":\"es\",\"potentialAction\":[{\"@type\":\"CommentAction\",\"name\":\"Comment\",\"target\":[\"https:\\\/\\\/noticiasmercedinas.com\\\/site\\\/2019\\\/06\\\/22\\\/demarco-maldonado-y-chacar-encabezan-la-lista-del-fit-unidad\\\/#respond\"]}]},{\"@type\":\"WebPage\",\"@id\":\"https:\\\/\\\/noticiasmercedinas.com\\\/site\\\/2019\\\/06\\\/22\\\/demarco-maldonado-y-chacar-encabezan-la-lista-del-fit-unidad\\\/\",\"url\":\"https:\\\/\\\/noticiasmercedinas.com\\\/site\\\/2019\\\/06\\\/22\\\/demarco-maldonado-y-chacar-encabezan-la-lista-del-fit-unidad\\\/\",\"name\":\"Demarco, Maldonado y Chacar encabezan la lista del FIT Unidad\",\"isPartOf\":{\"@id\":\"https:\\\/\\\/noticiasmercedinas.com\\\/site\\\/#website\"},\"primaryImageOfPage\":{\"@id\":\"https:\\\/\\\/noticiasmercedinas.com\\\/site\\\/2019\\\/06\\\/22\\\/demarco-maldonado-y-chacar-encabezan-la-lista-del-fit-unidad\\\/#primaryimage\"},\"image\":{\"@id\":\"https:\\\/\\\/noticiasmercedinas.com\\\/site\\\/2019\\\/06\\\/22\\\/demarco-maldonado-y-chacar-encabezan-la-lista-del-fit-unidad\\\/#primaryimage\"},\"thumbnailUrl\":\"https:\\\/\\\/noticiasmercedinas.com\\\/site\\\/wp-content\\\/uploads\\\/2019\\\/06\\\/posja_09516928516422266068833.jpg\",\"datePublished\":\"2019-06-22T13:07:07+00:00\",\"dateModified\":\"2019-06-23T15:49:02+00:00\",\"breadcrumb\":{\"@id\":\"https:\\\/\\\/noticiasmercedinas.com\\\/site\\\/2019\\\/06\\\/22\\\/demarco-maldonado-y-chacar-encabezan-la-lista-del-fit-unidad\\\/#breadcrumb\"},\"inLanguage\":\"es\",\"potentialAction\":[{\"@type\":\"ReadAction\",\"target\":[\"https:\\\/\\\/noticiasmercedinas.com\\\/site\\\/2019\\\/06\\\/22\\\/demarco-maldonado-y-chacar-encabezan-la-lista-del-fit-unidad\\\/\"]}]},{\"@type\":\"ImageObject\",\"inLanguage\":\"es\",\"@id\":\"https:\\\/\\\/noticiasmercedinas.com\\\/site\\\/2019\\\/06\\\/22\\\/demarco-maldonado-y-chacar-encabezan-la-lista-del-fit-unidad\\\/#primaryimage\",\"url\":\"https:\\\/\\\/noticiasmercedinas.com\\\/site\\\/wp-content\\\/uploads\\\/2019\\\/06\\\/posja_09516928516422266068833.jpg\",\"contentUrl\":\"https:\\\/\\\/noticiasmercedinas.com\\\/site\\\/wp-content\\\/uploads\\\/2019\\\/06\\\/posja_09516928516422266068833.jpg\",\"width\":640,\"height\":425},{\"@type\":\"BreadcrumbList\",\"@id\":\"https:\\\/\\\/noticiasmercedinas.com\\\/site\\\/2019\\\/06\\\/22\\\/demarco-maldonado-y-chacar-encabezan-la-lista-del-fit-unidad\\\/#breadcrumb\",\"itemListElement\":[{\"@type\":\"ListItem\",\"position\":1,\"name\":\"Portada\",\"item\":\"https:\\\/\\\/noticiasmercedinas.com\\\/site\\\/\"},{\"@type\":\"ListItem\",\"position\":2,\"name\":\"Demarco, Maldonado y Chacar encabezan la lista del FIT Unidad\"}]},{\"@type\":\"WebSite\",\"@id\":\"https:\\\/\\\/noticiasmercedinas.com\\\/site\\\/#website\",\"url\":\"https:\\\/\\\/noticiasmercedinas.com\\\/site\\\/\",\"name\":\"NOTICIASMERCEDINAS.COM\",\"description\":\"Mercedes, Buenos Aires, Argentina\",\"publisher\":{\"@id\":\"https:\\\/\\\/noticiasmercedinas.com\\\/site\\\/#organization\"},\"potentialAction\":[{\"@type\":\"SearchAction\",\"target\":{\"@type\":\"EntryPoint\",\"urlTemplate\":\"https:\\\/\\\/noticiasmercedinas.com\\\/site\\\/?s={search_term_string}\"},\"query-input\":{\"@type\":\"PropertyValueSpecification\",\"valueRequired\":true,\"valueName\":\"search_term_string\"}}],\"inLanguage\":\"es\"},{\"@type\":\"Organization\",\"@id\":\"https:\\\/\\\/noticiasmercedinas.com\\\/site\\\/#organization\",\"name\":\"NOTICIASMERCEDINAS.COM\",\"url\":\"https:\\\/\\\/noticiasmercedinas.com\\\/site\\\/\",\"logo\":{\"@type\":\"ImageObject\",\"inLanguage\":\"es\",\"@id\":\"https:\\\/\\\/noticiasmercedinas.com\\\/site\\\/#\\\/schema\\\/logo\\\/image\\\/\",\"url\":\"https:\\\/\\\/noticiasmercedinas.com\\\/site\\\/wp-content\\\/uploads\\\/2020\\\/06\\\/LOGO-512.jpg\",\"contentUrl\":\"https:\\\/\\\/noticiasmercedinas.com\\\/site\\\/wp-content\\\/uploads\\\/2020\\\/06\\\/LOGO-512.jpg\",\"width\":512,\"height\":512,\"caption\":\"NOTICIASMERCEDINAS.COM\"},\"image\":{\"@id\":\"https:\\\/\\\/noticiasmercedinas.com\\\/site\\\/#\\\/schema\\\/logo\\\/image\\\/\"},\"sameAs\":[\"https:\\\/\\\/www.facebook.com\\\/noticiasmercedinas\\\/\",\"https:\\\/\\\/x.com\\\/notmercedinas\",\"https:\\\/\\\/www.instagram.com\\\/noticiasmercedinas\\\/\"]},{\"@type\":\"Person\",\"@id\":\"https:\\\/\\\/noticiasmercedinas.com\\\/site\\\/#\\\/schema\\\/person\\\/d481a9696a5feaec13a60e2bbd991a6a\",\"name\":\"Cristian Falabella NOTICIASMERCEDINAS.COM\",\"image\":{\"@type\":\"ImageObject\",\"inLanguage\":\"es\",\"@id\":\"https:\\\/\\\/secure.gravatar.com\\\/avatar\\\/0dbbfc45970cc46bcd0e57766228574ff3511d6eed045b182f536f0f478c1f06?s=96&d=mm&r=g\",\"url\":\"https:\\\/\\\/secure.gravatar.com\\\/avatar\\\/0dbbfc45970cc46bcd0e57766228574ff3511d6eed045b182f536f0f478c1f06?s=96&d=mm&r=g\",\"contentUrl\":\"https:\\\/\\\/secure.gravatar.com\\\/avatar\\\/0dbbfc45970cc46bcd0e57766228574ff3511d6eed045b182f536f0f478c1f06?s=96&d=mm&r=g\",\"caption\":\"Cristian Falabella NOTICIASMERCEDINAS.COM\"},\"description\":\"Periodista, editor de Noticias Mercedinas. Pas\u00f3 por varias redacciones y emprendimientos de prensa, en distintos formatos y \u00e9pocas. Se especializ\u00f3 --y sigue haci\u00e9ndolo-- en comunicaci\u00f3n en la web y en junio de 2006 fund\u00f3 este diario digital.\",\"sameAs\":[\"https:\\\/\\\/noticiasmercedinas.com\",\"https:\\\/\\\/www.facebook.com\\\/cristian.falabella\",\"https:\\\/\\\/www.instagram.com\\\/noticiasmercedinas\\\/\",\"https:\\\/\\\/x.com\\\/https:\\\/\\\/twitter.com\\\/NOTMERCEDINAS\"],\"url\":\"https:\\\/\\\/noticiasmercedinas.com\\\/site\\\/author\\\/as000384\\\/\"}]}<\/script>\n<!-- \/ Yoast SEO plugin. -->","yoast_head_json":{"title":"Demarco, Maldonado y Chacar encabezan la lista del FIT Unidad","robots":{"index":"index","follow":"follow","max-snippet":"max-snippet:-1","max-image-preview":"max-image-preview:large","max-video-preview":"max-video-preview:-1"},"canonical":"https:\/\/noticiasmercedinas.com\/site\/2019\/06\/22\/demarco-maldonado-y-chacar-encabezan-la-lista-del-fit-unidad\/","og_locale":"es_ES","og_type":"article","og_title":"Demarco, Maldonado y Chacar encabezan la lista del FIT Unidad","og_description":"El Frente de Izquierda y los Trabajadores Unidad, que lleva como candidato a presidente a Nicol\u00e1s del Ca\u00f1o y como candidata a vicepresidenta a Romina del Pl\u00e1 defini\u00f3 las principales posiciones en las listas para la Ciudad de Buenos Aires y la Provincia. Y tambi\u00e9n en el Distrito Mercedes se dieron definiciones. Pablo Demarco ser\u00e1 [&hellip;]","og_url":"https:\/\/noticiasmercedinas.com\/site\/2019\/06\/22\/demarco-maldonado-y-chacar-encabezan-la-lista-del-fit-unidad\/","og_site_name":"NOTICIASMERCEDINAS.COM","article_publisher":"https:\/\/www.facebook.com\/noticiasmercedinas\/","article_author":"https:\/\/www.facebook.com\/cristian.falabella","article_published_time":"2019-06-22T13:07:07+00:00","article_modified_time":"2019-06-23T15:49:02+00:00","og_image":[{"width":640,"height":425,"url":"https:\/\/noticiasmercedinas.com\/site\/wp-content\/uploads\/2019\/06\/posja_09516928516422266068833.jpg","type":"image\/jpeg"}],"author":"Cristian Falabella NOTICIASMERCEDINAS.COM","twitter_card":"summary_large_image","twitter_creator":"@https:\/\/twitter.com\/NOTMERCEDINAS","twitter_site":"@notmercedinas","twitter_misc":{"Escrito por":"Cristian Falabella NOTICIASMERCEDINAS.COM","Tiempo de lectura":"1 minuto"},"schema":{"@context":"https:\/\/schema.org","@graph":[{"@type":"Article","@id":"https:\/\/noticiasmercedinas.com\/site\/2019\/06\/22\/demarco-maldonado-y-chacar-encabezan-la-lista-del-fit-unidad\/#article","isPartOf":{"@id":"https:\/\/noticiasmercedinas.com\/site\/2019\/06\/22\/demarco-maldonado-y-chacar-encabezan-la-lista-del-fit-unidad\/"},"author":{"name":"Cristian Falabella NOTICIASMERCEDINAS.COM","@id":"https:\/\/noticiasmercedinas.com\/site\/#\/schema\/person\/d481a9696a5feaec13a60e2bbd991a6a"},"headline":"Demarco, Maldonado y Chacar encabezan la lista del FIT Unidad","datePublished":"2019-06-22T13:07:07+00:00","dateModified":"2019-06-23T15:49:02+00:00","mainEntityOfPage":{"@id":"https:\/\/noticiasmercedinas.com\/site\/2019\/06\/22\/demarco-maldonado-y-chacar-encabezan-la-lista-del-fit-unidad\/"},"wordCount":300,"commentCount":0,"publisher":{"@id":"https:\/\/noticiasmercedinas.com\/site\/#organization"},"image":{"@id":"https:\/\/noticiasmercedinas.com\/site\/2019\/06\/22\/demarco-maldonado-y-chacar-encabezan-la-lista-del-fit-unidad\/#primaryimage"},"thumbnailUrl":"https:\/\/noticiasmercedinas.com\/site\/wp-content\/uploads\/2019\/06\/posja_09516928516422266068833.jpg","keywords":["aruiel chacar","elecciones 2019","fit unidad","frente de izqauierda","maria maldonado","pablo demarco","Patricia Bojorge","susana carrera","walter altavista"],"articleSection":["Politica"],"inLanguage":"es","potentialAction":[{"@type":"CommentAction","name":"Comment","target":["https:\/\/noticiasmercedinas.com\/site\/2019\/06\/22\/demarco-maldonado-y-chacar-encabezan-la-lista-del-fit-unidad\/#respond"]}]},{"@type":"WebPage","@id":"https:\/\/noticiasmercedinas.com\/site\/2019\/06\/22\/demarco-maldonado-y-chacar-encabezan-la-lista-del-fit-unidad\/","url":"https:\/\/noticiasmercedinas.com\/site\/2019\/06\/22\/demarco-maldonado-y-chacar-encabezan-la-lista-del-fit-unidad\/","name":"Demarco, Maldonado y Chacar encabezan la lista del FIT Unidad","isPartOf":{"@id":"https:\/\/noticiasmercedinas.com\/site\/#website"},"primaryImageOfPage":{"@id":"https:\/\/noticiasmercedinas.com\/site\/2019\/06\/22\/demarco-maldonado-y-chacar-encabezan-la-lista-del-fit-unidad\/#primaryimage"},"image":{"@id":"https:\/\/noticiasmercedinas.com\/site\/2019\/06\/22\/demarco-maldonado-y-chacar-encabezan-la-lista-del-fit-unidad\/#primaryimage"},"thumbnailUrl":"https:\/\/noticiasmercedinas.com\/site\/wp-content\/uploads\/2019\/06\/posja_09516928516422266068833.jpg","datePublished":"2019-06-22T13:07:07+00:00","dateModified":"2019-06-23T15:49:02+00:00","breadcrumb":{"@id":"https:\/\/noticiasmercedinas.com\/site\/2019\/06\/22\/demarco-maldonado-y-chacar-encabezan-la-lista-del-fit-unidad\/#breadcrumb"},"inLanguage":"es","potentialAction":[{"@type":"ReadAction","target":["https:\/\/noticiasmercedinas.com\/site\/2019\/06\/22\/demarco-maldonado-y-chacar-encabezan-la-lista-del-fit-unidad\/"]}]},{"@type":"ImageObject","inLanguage":"es","@id":"https:\/\/noticiasmercedinas.com\/site\/2019\/06\/22\/demarco-maldonado-y-chacar-encabezan-la-lista-del-fit-unidad\/#primaryimage","url":"https:\/\/noticiasmercedinas.com\/site\/wp-content\/uploads\/2019\/06\/posja_09516928516422266068833.jpg","contentUrl":"https:\/\/noticiasmercedinas.com\/site\/wp-content\/uploads\/2019\/06\/posja_09516928516422266068833.jpg","width":640,"height":425},{"@type":"BreadcrumbList","@id":"https:\/\/noticiasmercedinas.com\/site\/2019\/06\/22\/demarco-maldonado-y-chacar-encabezan-la-lista-del-fit-unidad\/#breadcrumb","itemListElement":[{"@type":"ListItem","position":1,"name":"Portada","item":"https:\/\/noticiasmercedinas.com\/site\/"},{"@type":"ListItem","position":2,"name":"Demarco, Maldonado y Chacar encabezan la lista del FIT Unidad"}]},{"@type":"WebSite","@id":"https:\/\/noticiasmercedinas.com\/site\/#website","url":"https:\/\/noticiasmercedinas.com\/site\/","name":"NOTICIASMERCEDINAS.COM","description":"Mercedes, Buenos Aires, Argentina","publisher":{"@id":"https:\/\/noticiasmercedinas.com\/site\/#organization"},"potentialAction":[{"@type":"SearchAction","target":{"@type":"EntryPoint","urlTemplate":"https:\/\/noticiasmercedinas.com\/site\/?s={search_term_string}"},"query-input":{"@type":"PropertyValueSpecification","valueRequired":true,"valueName":"search_term_string"}}],"inLanguage":"es"},{"@type":"Organization","@id":"https:\/\/noticiasmercedinas.com\/site\/#organization","name":"NOTICIASMERCEDINAS.COM","url":"https:\/\/noticiasmercedinas.com\/site\/","logo":{"@type":"ImageObject","inLanguage":"es","@id":"https:\/\/noticiasmercedinas.com\/site\/#\/schema\/logo\/image\/","url":"https:\/\/noticiasmercedinas.com\/site\/wp-content\/uploads\/2020\/06\/LOGO-512.jpg","contentUrl":"https:\/\/noticiasmercedinas.com\/site\/wp-content\/uploads\/2020\/06\/LOGO-512.jpg","width":512,"height":512,"caption":"NOTICIASMERCEDINAS.COM"},"image":{"@id":"https:\/\/noticiasmercedinas.com\/site\/#\/schema\/logo\/image\/"},"sameAs":["https:\/\/www.facebook.com\/noticiasmercedinas\/","https:\/\/x.com\/notmercedinas","https:\/\/www.instagram.com\/noticiasmercedinas\/"]},{"@type":"Person","@id":"https:\/\/noticiasmercedinas.com\/site\/#\/schema\/person\/d481a9696a5feaec13a60e2bbd991a6a","name":"Cristian Falabella NOTICIASMERCEDINAS.COM","image":{"@type":"ImageObject","inLanguage":"es","@id":"https:\/\/secure.gravatar.com\/avatar\/0dbbfc45970cc46bcd0e57766228574ff3511d6eed045b182f536f0f478c1f06?s=96&d=mm&r=g","url":"https:\/\/secure.gravatar.com\/avatar\/0dbbfc45970cc46bcd0e57766228574ff3511d6eed045b182f536f0f478c1f06?s=96&d=mm&r=g","contentUrl":"https:\/\/secure.gravatar.com\/avatar\/0dbbfc45970cc46bcd0e57766228574ff3511d6eed045b182f536f0f478c1f06?s=96&d=mm&r=g","caption":"Cristian Falabella NOTICIASMERCEDINAS.COM"},"description":"Periodista, editor de Noticias Mercedinas. Pas\u00f3 por varias redacciones y emprendimientos de prensa, en distintos formatos y \u00e9pocas. Se especializ\u00f3 --y sigue haci\u00e9ndolo-- en comunicaci\u00f3n en la web y en junio de 2006 fund\u00f3 este diario digital.","sameAs":["https:\/\/noticiasmercedinas.com","https:\/\/www.facebook.com\/cristian.falabella","https:\/\/www.instagram.com\/noticiasmercedinas\/","https:\/\/x.com\/https:\/\/twitter.com\/NOTMERCEDINAS"],"url":"https:\/\/noticiasmercedinas.com\/site\/author\/as000384\/"}]}},"amp_enabled":true,"_links":{"self":[{"href":"https:\/\/noticiasmercedinas.com\/site\/wp-json\/wp\/v2\/posts\/21800","targetHints":{"allow":["GET"]}}],"collection":[{"href":"https:\/\/noticiasmercedinas.com\/site\/wp-json\/wp\/v2\/posts"}],"about":[{"href":"https:\/\/noticiasmercedinas.com\/site\/wp-json\/wp\/v2\/types\/post"}],"author":[{"embeddable":true,"href":"https:\/\/noticiasmercedinas.com\/site\/wp-json\/wp\/v2\/users\/2"}],"replies":[{"embeddable":true,"href":"https:\/\/noticiasmercedinas.com\/site\/wp-json\/wp\/v2\/comments?post=21800"}],"version-history":[{"count":3,"href":"https:\/\/noticiasmercedinas.com\/site\/wp-json\/wp\/v2\/posts\/21800\/revisions"}],"predecessor-version":[{"id":21870,"href":"https:\/\/noticiasmercedinas.com\/site\/wp-json\/wp\/v2\/posts\/21800\/revisions\/21870"}],"wp:featuredmedia":[{"embeddable":true,"href":"https:\/\/noticiasmercedinas.com\/site\/wp-json\/wp\/v2\/media\/21801"}],"wp:attachment":[{"href":"https:\/\/noticiasmercedinas.com\/site\/wp-json\/wp\/v2\/media?parent=21800"}],"wp:term":[{"taxonomy":"category","embeddable":true,"href":"https:\/\/noticiasmercedinas.com\/site\/wp-json\/wp\/v2\/categories?post=21800"},{"taxonomy":"post_tag","embeddable":true,"href":"https:\/\/noticiasmercedinas.com\/site\/wp-json\/wp\/v2\/tags?post=21800"}],"curies":[{"name":"wp","href":"https:\/\/api.w.org\/{rel}","templated":true}]}}