{"id":22099,"date":"2019-06-24T22:30:40","date_gmt":"2019-06-25T01:30:40","guid":{"rendered":"https:\/\/noticiasmercedinas.com\/site\/?p=22099"},"modified":"2019-06-24T22:30:40","modified_gmt":"2019-06-25T01:30:40","slug":"sebastian-cirillo-dara-charla-introductoria-sobre-musica-electronica","status":"publish","type":"post","link":"https:\/\/noticiasmercedinas.com\/site\/2019\/06\/24\/sebastian-cirillo-dara-charla-introductoria-sobre-musica-electronica\/","title":{"rendered":"Sebastian Cirillo dar\u00e1 charla introductoria sobre m\u00fasica electr\u00f3nica"},"content":{"rendered":"<p><img loading=\"lazy\" decoding=\"async\" class=\"alignnone size-full wp-image-22101\" src=\"https:\/\/noticiasmercedinas.com\/site\/wp-content\/uploads\/2019\/06\/sebastiancirillo.jpg\" alt=\"\" width=\"640\" height=\"453\" srcset=\"https:\/\/noticiasmercedinas.com\/site\/wp-content\/uploads\/2019\/06\/sebastiancirillo.jpg 640w, https:\/\/noticiasmercedinas.com\/site\/wp-content\/uploads\/2019\/06\/sebastiancirillo-300x212.jpg 300w\" sizes=\"auto, (max-width: 640px) 100vw, 640px\" \/><\/p>\n<p>El talentoso m\u00fasico <strong>Sebasti\u00e1n Cirillo<\/strong> prepara una charla taller sobre m\u00fasica electr\u00f3nica a principios del mes pr\u00f3ximo en Casa Balero, de calle 26 esquina 23.<\/p>\n<p>El viernes 5 de julio a las 19 horas va a estar dando una charla\/debate\/taller sobre los inicios de la m\u00fasica electr\u00f3nica, su evoluci\u00f3n, t\u00e9cnicas y est\u00e9ticas que fueron definiendo diversos estilos, con ejemplos musicales, videos y varios instrumentos de diferentes \u00e9pocas para que todos puedan experimentar.<\/p>\n<p>Seg\u00fan indic\u00f3, la actividad est\u00e1 destinada a m\u00fasicos, no m\u00fasicos, productores, t\u00e9cnicos, Djs, melomanos y p\u00fablico en general.<\/p>\n<p>\u201cEs introductorio por lo que no se requiere ning\u00fan conocimiento previo. Solo tener ganas de aprender, disfrutar y compartir data\u201d, dijo Cirillo.<\/p>\n<p>La entrada ser\u00e1 libre y gratuita.<\/p>\n<p><img loading=\"lazy\" decoding=\"async\" class=\"alignnone size-full wp-image-22100\" src=\"https:\/\/noticiasmercedinas.com\/site\/wp-content\/uploads\/2019\/06\/sebastiancirillo2.jpg\" alt=\"\" width=\"640\" height=\"387\" srcset=\"https:\/\/noticiasmercedinas.com\/site\/wp-content\/uploads\/2019\/06\/sebastiancirillo2.jpg 640w, https:\/\/noticiasmercedinas.com\/site\/wp-content\/uploads\/2019\/06\/sebastiancirillo2-300x181.jpg 300w\" sizes=\"auto, (max-width: 640px) 100vw, 640px\" \/><\/p>\n","protected":false},"excerpt":{"rendered":"<p>El talentoso m\u00fasico Sebasti\u00e1n Cirillo prepara una charla taller sobre m\u00fasica electr\u00f3nica a principios del mes pr\u00f3ximo en Casa Balero, de calle 26 esquina 23. El viernes 5 de julio a las 19 horas va a estar dando una charla\/debate\/taller sobre los inicios de la m\u00fasica electr\u00f3nica, su evoluci\u00f3n, t\u00e9cnicas y est\u00e9ticas que fueron definiendo [&hellip;]<\/p>\n","protected":false},"author":16,"featured_media":22101,"comment_status":"open","ping_status":"open","sticky":false,"template":"","format":"standard","meta":{"footnotes":""},"categories":[4],"tags":[1318,1874,88,2902,1805],"class_list":["post-22099","post","type-post","status-publish","format-standard","has-post-thumbnail","hentry","category-cultura","tag-casa-balero","tag-electronica","tag-musica","tag-sebastian-cirillo","tag-taller"],"yoast_head":"<!-- This site is optimized with the Yoast SEO plugin v27.4 - https:\/\/yoast.com\/product\/yoast-seo-wordpress\/ -->\n<title>Sebastian Cirillo dar\u00e1 charla introductoria sobre m\u00fasica electr\u00f3nica<\/title>\n<meta name=\"robots\" content=\"index, follow, max-snippet:-1, max-image-preview:large, max-video-preview:-1\" \/>\n<link rel=\"canonical\" href=\"https:\/\/noticiasmercedinas.com\/site\/2019\/06\/24\/sebastian-cirillo-dara-charla-introductoria-sobre-musica-electronica\/\" \/>\n<meta property=\"og:locale\" content=\"es_ES\" \/>\n<meta property=\"og:type\" content=\"article\" \/>\n<meta property=\"og:title\" content=\"Sebastian Cirillo dar\u00e1 charla introductoria sobre m\u00fasica electr\u00f3nica\" \/>\n<meta property=\"og:description\" content=\"El talentoso m\u00fasico Sebasti\u00e1n Cirillo prepara una charla taller sobre m\u00fasica electr\u00f3nica a principios del mes pr\u00f3ximo en Casa Balero, de calle 26 esquina 23. El viernes 5 de julio a las 19 horas va a estar dando una charla\/debate\/taller sobre los inicios de la m\u00fasica electr\u00f3nica, su evoluci\u00f3n, t\u00e9cnicas y est\u00e9ticas que fueron definiendo [&hellip;]\" \/>\n<meta property=\"og:url\" content=\"https:\/\/noticiasmercedinas.com\/site\/2019\/06\/24\/sebastian-cirillo-dara-charla-introductoria-sobre-musica-electronica\/\" \/>\n<meta property=\"og:site_name\" content=\"NOTICIASMERCEDINAS.COM\" \/>\n<meta property=\"article:publisher\" content=\"https:\/\/www.facebook.com\/noticiasmercedinas\/\" \/>\n<meta property=\"article:published_time\" content=\"2019-06-25T01:30:40+00:00\" \/>\n<meta property=\"og:image\" content=\"https:\/\/noticiasmercedinas.com\/site\/wp-content\/uploads\/2019\/06\/sebastiancirillo.jpg\" \/>\n\t<meta property=\"og:image:width\" content=\"640\" \/>\n\t<meta property=\"og:image:height\" content=\"453\" \/>\n\t<meta property=\"og:image:type\" content=\"image\/jpeg\" \/>\n<meta name=\"author\" content=\"NOTICIASMERCEDINAS.COM\" \/>\n<meta name=\"twitter:card\" content=\"summary_large_image\" \/>\n<meta name=\"twitter:creator\" content=\"@notmercedinas\" \/>\n<meta name=\"twitter:site\" content=\"@notmercedinas\" \/>\n<meta name=\"twitter:label1\" content=\"Escrito por\" \/>\n\t<meta name=\"twitter:data1\" content=\"NOTICIASMERCEDINAS.COM\" \/>\n\t<meta name=\"twitter:label2\" content=\"Tiempo de lectura\" \/>\n\t<meta name=\"twitter:data2\" content=\"1 minuto\" \/>\n<script type=\"application\/ld+json\" class=\"yoast-schema-graph\">{\"@context\":\"https:\\\/\\\/schema.org\",\"@graph\":[{\"@type\":\"Article\",\"@id\":\"https:\\\/\\\/noticiasmercedinas.com\\\/site\\\/2019\\\/06\\\/24\\\/sebastian-cirillo-dara-charla-introductoria-sobre-musica-electronica\\\/#article\",\"isPartOf\":{\"@id\":\"https:\\\/\\\/noticiasmercedinas.com\\\/site\\\/2019\\\/06\\\/24\\\/sebastian-cirillo-dara-charla-introductoria-sobre-musica-electronica\\\/\"},\"author\":{\"name\":\"NOTICIASMERCEDINAS.COM\",\"@id\":\"https:\\\/\\\/noticiasmercedinas.com\\\/site\\\/#\\\/schema\\\/person\\\/84b59c099c28ff2e8b77d4ceec5d8063\"},\"headline\":\"Sebastian Cirillo dar\u00e1 charla introductoria sobre m\u00fasica electr\u00f3nica\",\"datePublished\":\"2019-06-25T01:30:40+00:00\",\"mainEntityOfPage\":{\"@id\":\"https:\\\/\\\/noticiasmercedinas.com\\\/site\\\/2019\\\/06\\\/24\\\/sebastian-cirillo-dara-charla-introductoria-sobre-musica-electronica\\\/\"},\"wordCount\":142,\"commentCount\":0,\"publisher\":{\"@id\":\"https:\\\/\\\/noticiasmercedinas.com\\\/site\\\/#organization\"},\"image\":{\"@id\":\"https:\\\/\\\/noticiasmercedinas.com\\\/site\\\/2019\\\/06\\\/24\\\/sebastian-cirillo-dara-charla-introductoria-sobre-musica-electronica\\\/#primaryimage\"},\"thumbnailUrl\":\"https:\\\/\\\/noticiasmercedinas.com\\\/site\\\/wp-content\\\/uploads\\\/2019\\\/06\\\/sebastiancirillo.jpg\",\"keywords\":[\"casa balero\",\"electr\u00f3nica\",\"musica\",\"Sebasti\u00e1n Cirillo\",\"taller\"],\"articleSection\":[\"Cultura\"],\"inLanguage\":\"es\",\"potentialAction\":[{\"@type\":\"CommentAction\",\"name\":\"Comment\",\"target\":[\"https:\\\/\\\/noticiasmercedinas.com\\\/site\\\/2019\\\/06\\\/24\\\/sebastian-cirillo-dara-charla-introductoria-sobre-musica-electronica\\\/#respond\"]}]},{\"@type\":\"WebPage\",\"@id\":\"https:\\\/\\\/noticiasmercedinas.com\\\/site\\\/2019\\\/06\\\/24\\\/sebastian-cirillo-dara-charla-introductoria-sobre-musica-electronica\\\/\",\"url\":\"https:\\\/\\\/noticiasmercedinas.com\\\/site\\\/2019\\\/06\\\/24\\\/sebastian-cirillo-dara-charla-introductoria-sobre-musica-electronica\\\/\",\"name\":\"Sebastian Cirillo dar\u00e1 charla introductoria sobre m\u00fasica electr\u00f3nica\",\"isPartOf\":{\"@id\":\"https:\\\/\\\/noticiasmercedinas.com\\\/site\\\/#website\"},\"primaryImageOfPage\":{\"@id\":\"https:\\\/\\\/noticiasmercedinas.com\\\/site\\\/2019\\\/06\\\/24\\\/sebastian-cirillo-dara-charla-introductoria-sobre-musica-electronica\\\/#primaryimage\"},\"image\":{\"@id\":\"https:\\\/\\\/noticiasmercedinas.com\\\/site\\\/2019\\\/06\\\/24\\\/sebastian-cirillo-dara-charla-introductoria-sobre-musica-electronica\\\/#primaryimage\"},\"thumbnailUrl\":\"https:\\\/\\\/noticiasmercedinas.com\\\/site\\\/wp-content\\\/uploads\\\/2019\\\/06\\\/sebastiancirillo.jpg\",\"datePublished\":\"2019-06-25T01:30:40+00:00\",\"breadcrumb\":{\"@id\":\"https:\\\/\\\/noticiasmercedinas.com\\\/site\\\/2019\\\/06\\\/24\\\/sebastian-cirillo-dara-charla-introductoria-sobre-musica-electronica\\\/#breadcrumb\"},\"inLanguage\":\"es\",\"potentialAction\":[{\"@type\":\"ReadAction\",\"target\":[\"https:\\\/\\\/noticiasmercedinas.com\\\/site\\\/2019\\\/06\\\/24\\\/sebastian-cirillo-dara-charla-introductoria-sobre-musica-electronica\\\/\"]}]},{\"@type\":\"ImageObject\",\"inLanguage\":\"es\",\"@id\":\"https:\\\/\\\/noticiasmercedinas.com\\\/site\\\/2019\\\/06\\\/24\\\/sebastian-cirillo-dara-charla-introductoria-sobre-musica-electronica\\\/#primaryimage\",\"url\":\"https:\\\/\\\/noticiasmercedinas.com\\\/site\\\/wp-content\\\/uploads\\\/2019\\\/06\\\/sebastiancirillo.jpg\",\"contentUrl\":\"https:\\\/\\\/noticiasmercedinas.com\\\/site\\\/wp-content\\\/uploads\\\/2019\\\/06\\\/sebastiancirillo.jpg\",\"width\":640,\"height\":453},{\"@type\":\"BreadcrumbList\",\"@id\":\"https:\\\/\\\/noticiasmercedinas.com\\\/site\\\/2019\\\/06\\\/24\\\/sebastian-cirillo-dara-charla-introductoria-sobre-musica-electronica\\\/#breadcrumb\",\"itemListElement\":[{\"@type\":\"ListItem\",\"position\":1,\"name\":\"Portada\",\"item\":\"https:\\\/\\\/noticiasmercedinas.com\\\/site\\\/\"},{\"@type\":\"ListItem\",\"position\":2,\"name\":\"Sebastian Cirillo dar\u00e1 charla introductoria sobre m\u00fasica electr\u00f3nica\"}]},{\"@type\":\"WebSite\",\"@id\":\"https:\\\/\\\/noticiasmercedinas.com\\\/site\\\/#website\",\"url\":\"https:\\\/\\\/noticiasmercedinas.com\\\/site\\\/\",\"name\":\"NOTICIASMERCEDINAS.COM\",\"description\":\"Mercedes, Buenos Aires, Argentina\",\"publisher\":{\"@id\":\"https:\\\/\\\/noticiasmercedinas.com\\\/site\\\/#organization\"},\"potentialAction\":[{\"@type\":\"SearchAction\",\"target\":{\"@type\":\"EntryPoint\",\"urlTemplate\":\"https:\\\/\\\/noticiasmercedinas.com\\\/site\\\/?s={search_term_string}\"},\"query-input\":{\"@type\":\"PropertyValueSpecification\",\"valueRequired\":true,\"valueName\":\"search_term_string\"}}],\"inLanguage\":\"es\"},{\"@type\":\"Organization\",\"@id\":\"https:\\\/\\\/noticiasmercedinas.com\\\/site\\\/#organization\",\"name\":\"NOTICIASMERCEDINAS.COM\",\"url\":\"https:\\\/\\\/noticiasmercedinas.com\\\/site\\\/\",\"logo\":{\"@type\":\"ImageObject\",\"inLanguage\":\"es\",\"@id\":\"https:\\\/\\\/noticiasmercedinas.com\\\/site\\\/#\\\/schema\\\/logo\\\/image\\\/\",\"url\":\"https:\\\/\\\/noticiasmercedinas.com\\\/site\\\/wp-content\\\/uploads\\\/2020\\\/06\\\/LOGO-512.jpg\",\"contentUrl\":\"https:\\\/\\\/noticiasmercedinas.com\\\/site\\\/wp-content\\\/uploads\\\/2020\\\/06\\\/LOGO-512.jpg\",\"width\":512,\"height\":512,\"caption\":\"NOTICIASMERCEDINAS.COM\"},\"image\":{\"@id\":\"https:\\\/\\\/noticiasmercedinas.com\\\/site\\\/#\\\/schema\\\/logo\\\/image\\\/\"},\"sameAs\":[\"https:\\\/\\\/www.facebook.com\\\/noticiasmercedinas\\\/\",\"https:\\\/\\\/x.com\\\/notmercedinas\",\"https:\\\/\\\/www.instagram.com\\\/noticiasmercedinas\\\/\"]},{\"@type\":\"Person\",\"@id\":\"https:\\\/\\\/noticiasmercedinas.com\\\/site\\\/#\\\/schema\\\/person\\\/84b59c099c28ff2e8b77d4ceec5d8063\",\"name\":\"NOTICIASMERCEDINAS.COM\",\"image\":{\"@type\":\"ImageObject\",\"inLanguage\":\"es\",\"@id\":\"https:\\\/\\\/secure.gravatar.com\\\/avatar\\\/4dfbf16b4d17945bfb6341b2d19043457132fcf478a5ee04f42e959fd8f5df0a?s=96&d=mm&r=g\",\"url\":\"https:\\\/\\\/secure.gravatar.com\\\/avatar\\\/4dfbf16b4d17945bfb6341b2d19043457132fcf478a5ee04f42e959fd8f5df0a?s=96&d=mm&r=g\",\"contentUrl\":\"https:\\\/\\\/secure.gravatar.com\\\/avatar\\\/4dfbf16b4d17945bfb6341b2d19043457132fcf478a5ee04f42e959fd8f5df0a?s=96&d=mm&r=g\",\"caption\":\"NOTICIASMERCEDINAS.COM\"},\"url\":\"https:\\\/\\\/noticiasmercedinas.com\\\/site\\\/author\\\/anonimo\\\/\"}]}<\/script>\n<!-- \/ Yoast SEO plugin. -->","yoast_head_json":{"title":"Sebastian Cirillo dar\u00e1 charla introductoria sobre m\u00fasica electr\u00f3nica","robots":{"index":"index","follow":"follow","max-snippet":"max-snippet:-1","max-image-preview":"max-image-preview:large","max-video-preview":"max-video-preview:-1"},"canonical":"https:\/\/noticiasmercedinas.com\/site\/2019\/06\/24\/sebastian-cirillo-dara-charla-introductoria-sobre-musica-electronica\/","og_locale":"es_ES","og_type":"article","og_title":"Sebastian Cirillo dar\u00e1 charla introductoria sobre m\u00fasica electr\u00f3nica","og_description":"El talentoso m\u00fasico Sebasti\u00e1n Cirillo prepara una charla taller sobre m\u00fasica electr\u00f3nica a principios del mes pr\u00f3ximo en Casa Balero, de calle 26 esquina 23. El viernes 5 de julio a las 19 horas va a estar dando una charla\/debate\/taller sobre los inicios de la m\u00fasica electr\u00f3nica, su evoluci\u00f3n, t\u00e9cnicas y est\u00e9ticas que fueron definiendo [&hellip;]","og_url":"https:\/\/noticiasmercedinas.com\/site\/2019\/06\/24\/sebastian-cirillo-dara-charla-introductoria-sobre-musica-electronica\/","og_site_name":"NOTICIASMERCEDINAS.COM","article_publisher":"https:\/\/www.facebook.com\/noticiasmercedinas\/","article_published_time":"2019-06-25T01:30:40+00:00","og_image":[{"width":640,"height":453,"url":"https:\/\/noticiasmercedinas.com\/site\/wp-content\/uploads\/2019\/06\/sebastiancirillo.jpg","type":"image\/jpeg"}],"author":"NOTICIASMERCEDINAS.COM","twitter_card":"summary_large_image","twitter_creator":"@notmercedinas","twitter_site":"@notmercedinas","twitter_misc":{"Escrito por":"NOTICIASMERCEDINAS.COM","Tiempo de lectura":"1 minuto"},"schema":{"@context":"https:\/\/schema.org","@graph":[{"@type":"Article","@id":"https:\/\/noticiasmercedinas.com\/site\/2019\/06\/24\/sebastian-cirillo-dara-charla-introductoria-sobre-musica-electronica\/#article","isPartOf":{"@id":"https:\/\/noticiasmercedinas.com\/site\/2019\/06\/24\/sebastian-cirillo-dara-charla-introductoria-sobre-musica-electronica\/"},"author":{"name":"NOTICIASMERCEDINAS.COM","@id":"https:\/\/noticiasmercedinas.com\/site\/#\/schema\/person\/84b59c099c28ff2e8b77d4ceec5d8063"},"headline":"Sebastian Cirillo dar\u00e1 charla introductoria sobre m\u00fasica electr\u00f3nica","datePublished":"2019-06-25T01:30:40+00:00","mainEntityOfPage":{"@id":"https:\/\/noticiasmercedinas.com\/site\/2019\/06\/24\/sebastian-cirillo-dara-charla-introductoria-sobre-musica-electronica\/"},"wordCount":142,"commentCount":0,"publisher":{"@id":"https:\/\/noticiasmercedinas.com\/site\/#organization"},"image":{"@id":"https:\/\/noticiasmercedinas.com\/site\/2019\/06\/24\/sebastian-cirillo-dara-charla-introductoria-sobre-musica-electronica\/#primaryimage"},"thumbnailUrl":"https:\/\/noticiasmercedinas.com\/site\/wp-content\/uploads\/2019\/06\/sebastiancirillo.jpg","keywords":["casa balero","electr\u00f3nica","musica","Sebasti\u00e1n Cirillo","taller"],"articleSection":["Cultura"],"inLanguage":"es","potentialAction":[{"@type":"CommentAction","name":"Comment","target":["https:\/\/noticiasmercedinas.com\/site\/2019\/06\/24\/sebastian-cirillo-dara-charla-introductoria-sobre-musica-electronica\/#respond"]}]},{"@type":"WebPage","@id":"https:\/\/noticiasmercedinas.com\/site\/2019\/06\/24\/sebastian-cirillo-dara-charla-introductoria-sobre-musica-electronica\/","url":"https:\/\/noticiasmercedinas.com\/site\/2019\/06\/24\/sebastian-cirillo-dara-charla-introductoria-sobre-musica-electronica\/","name":"Sebastian Cirillo dar\u00e1 charla introductoria sobre m\u00fasica electr\u00f3nica","isPartOf":{"@id":"https:\/\/noticiasmercedinas.com\/site\/#website"},"primaryImageOfPage":{"@id":"https:\/\/noticiasmercedinas.com\/site\/2019\/06\/24\/sebastian-cirillo-dara-charla-introductoria-sobre-musica-electronica\/#primaryimage"},"image":{"@id":"https:\/\/noticiasmercedinas.com\/site\/2019\/06\/24\/sebastian-cirillo-dara-charla-introductoria-sobre-musica-electronica\/#primaryimage"},"thumbnailUrl":"https:\/\/noticiasmercedinas.com\/site\/wp-content\/uploads\/2019\/06\/sebastiancirillo.jpg","datePublished":"2019-06-25T01:30:40+00:00","breadcrumb":{"@id":"https:\/\/noticiasmercedinas.com\/site\/2019\/06\/24\/sebastian-cirillo-dara-charla-introductoria-sobre-musica-electronica\/#breadcrumb"},"inLanguage":"es","potentialAction":[{"@type":"ReadAction","target":["https:\/\/noticiasmercedinas.com\/site\/2019\/06\/24\/sebastian-cirillo-dara-charla-introductoria-sobre-musica-electronica\/"]}]},{"@type":"ImageObject","inLanguage":"es","@id":"https:\/\/noticiasmercedinas.com\/site\/2019\/06\/24\/sebastian-cirillo-dara-charla-introductoria-sobre-musica-electronica\/#primaryimage","url":"https:\/\/noticiasmercedinas.com\/site\/wp-content\/uploads\/2019\/06\/sebastiancirillo.jpg","contentUrl":"https:\/\/noticiasmercedinas.com\/site\/wp-content\/uploads\/2019\/06\/sebastiancirillo.jpg","width":640,"height":453},{"@type":"BreadcrumbList","@id":"https:\/\/noticiasmercedinas.com\/site\/2019\/06\/24\/sebastian-cirillo-dara-charla-introductoria-sobre-musica-electronica\/#breadcrumb","itemListElement":[{"@type":"ListItem","position":1,"name":"Portada","item":"https:\/\/noticiasmercedinas.com\/site\/"},{"@type":"ListItem","position":2,"name":"Sebastian Cirillo dar\u00e1 charla introductoria sobre m\u00fasica electr\u00f3nica"}]},{"@type":"WebSite","@id":"https:\/\/noticiasmercedinas.com\/site\/#website","url":"https:\/\/noticiasmercedinas.com\/site\/","name":"NOTICIASMERCEDINAS.COM","description":"Mercedes, Buenos Aires, Argentina","publisher":{"@id":"https:\/\/noticiasmercedinas.com\/site\/#organization"},"potentialAction":[{"@type":"SearchAction","target":{"@type":"EntryPoint","urlTemplate":"https:\/\/noticiasmercedinas.com\/site\/?s={search_term_string}"},"query-input":{"@type":"PropertyValueSpecification","valueRequired":true,"valueName":"search_term_string"}}],"inLanguage":"es"},{"@type":"Organization","@id":"https:\/\/noticiasmercedinas.com\/site\/#organization","name":"NOTICIASMERCEDINAS.COM","url":"https:\/\/noticiasmercedinas.com\/site\/","logo":{"@type":"ImageObject","inLanguage":"es","@id":"https:\/\/noticiasmercedinas.com\/site\/#\/schema\/logo\/image\/","url":"https:\/\/noticiasmercedinas.com\/site\/wp-content\/uploads\/2020\/06\/LOGO-512.jpg","contentUrl":"https:\/\/noticiasmercedinas.com\/site\/wp-content\/uploads\/2020\/06\/LOGO-512.jpg","width":512,"height":512,"caption":"NOTICIASMERCEDINAS.COM"},"image":{"@id":"https:\/\/noticiasmercedinas.com\/site\/#\/schema\/logo\/image\/"},"sameAs":["https:\/\/www.facebook.com\/noticiasmercedinas\/","https:\/\/x.com\/notmercedinas","https:\/\/www.instagram.com\/noticiasmercedinas\/"]},{"@type":"Person","@id":"https:\/\/noticiasmercedinas.com\/site\/#\/schema\/person\/84b59c099c28ff2e8b77d4ceec5d8063","name":"NOTICIASMERCEDINAS.COM","image":{"@type":"ImageObject","inLanguage":"es","@id":"https:\/\/secure.gravatar.com\/avatar\/4dfbf16b4d17945bfb6341b2d19043457132fcf478a5ee04f42e959fd8f5df0a?s=96&d=mm&r=g","url":"https:\/\/secure.gravatar.com\/avatar\/4dfbf16b4d17945bfb6341b2d19043457132fcf478a5ee04f42e959fd8f5df0a?s=96&d=mm&r=g","contentUrl":"https:\/\/secure.gravatar.com\/avatar\/4dfbf16b4d17945bfb6341b2d19043457132fcf478a5ee04f42e959fd8f5df0a?s=96&d=mm&r=g","caption":"NOTICIASMERCEDINAS.COM"},"url":"https:\/\/noticiasmercedinas.com\/site\/author\/anonimo\/"}]}},"amp_enabled":true,"_links":{"self":[{"href":"https:\/\/noticiasmercedinas.com\/site\/wp-json\/wp\/v2\/posts\/22099","targetHints":{"allow":["GET"]}}],"collection":[{"href":"https:\/\/noticiasmercedinas.com\/site\/wp-json\/wp\/v2\/posts"}],"about":[{"href":"https:\/\/noticiasmercedinas.com\/site\/wp-json\/wp\/v2\/types\/post"}],"author":[{"embeddable":true,"href":"https:\/\/noticiasmercedinas.com\/site\/wp-json\/wp\/v2\/users\/16"}],"replies":[{"embeddable":true,"href":"https:\/\/noticiasmercedinas.com\/site\/wp-json\/wp\/v2\/comments?post=22099"}],"version-history":[{"count":1,"href":"https:\/\/noticiasmercedinas.com\/site\/wp-json\/wp\/v2\/posts\/22099\/revisions"}],"predecessor-version":[{"id":22102,"href":"https:\/\/noticiasmercedinas.com\/site\/wp-json\/wp\/v2\/posts\/22099\/revisions\/22102"}],"wp:featuredmedia":[{"embeddable":true,"href":"https:\/\/noticiasmercedinas.com\/site\/wp-json\/wp\/v2\/media\/22101"}],"wp:attachment":[{"href":"https:\/\/noticiasmercedinas.com\/site\/wp-json\/wp\/v2\/media?parent=22099"}],"wp:term":[{"taxonomy":"category","embeddable":true,"href":"https:\/\/noticiasmercedinas.com\/site\/wp-json\/wp\/v2\/categories?post=22099"},{"taxonomy":"post_tag","embeddable":true,"href":"https:\/\/noticiasmercedinas.com\/site\/wp-json\/wp\/v2\/tags?post=22099"}],"curies":[{"name":"wp","href":"https:\/\/api.w.org\/{rel}","templated":true}]}}