{"id":22172,"date":"2019-06-26T08:21:17","date_gmt":"2019-06-26T11:21:17","guid":{"rendered":"https:\/\/noticiasmercedinas.com\/site\/?p=22172"},"modified":"2019-06-26T08:21:17","modified_gmt":"2019-06-26T11:21:17","slug":"cewes-nueva-camiseta-oficial-del-club-mercedes","status":"publish","type":"post","link":"https:\/\/noticiasmercedinas.com\/site\/2019\/06\/26\/cewes-nueva-camiseta-oficial-del-club-mercedes\/","title":{"rendered":"Cewes, nueva camiseta oficial del club Mercedes"},"content":{"rendered":"<p><img loading=\"lazy\" decoding=\"async\" class=\"alignnone size-large wp-image-22173\" src=\"https:\/\/noticiasmercedinas.com\/site\/wp-content\/uploads\/2019\/06\/8a61bc77-0c33-4d1e-8a5a-d24876b50f61-1024x498.jpg\" alt=\"\" width=\"640\" height=\"311\" srcset=\"https:\/\/noticiasmercedinas.com\/site\/wp-content\/uploads\/2019\/06\/8a61bc77-0c33-4d1e-8a5a-d24876b50f61-1024x498.jpg 1024w, https:\/\/noticiasmercedinas.com\/site\/wp-content\/uploads\/2019\/06\/8a61bc77-0c33-4d1e-8a5a-d24876b50f61-300x146.jpg 300w, https:\/\/noticiasmercedinas.com\/site\/wp-content\/uploads\/2019\/06\/8a61bc77-0c33-4d1e-8a5a-d24876b50f61-768x374.jpg 768w, https:\/\/noticiasmercedinas.com\/site\/wp-content\/uploads\/2019\/06\/8a61bc77-0c33-4d1e-8a5a-d24876b50f61-640x311.jpg 640w, https:\/\/noticiasmercedinas.com\/site\/wp-content\/uploads\/2019\/06\/8a61bc77-0c33-4d1e-8a5a-d24876b50f61-681x331.jpg 681w, https:\/\/noticiasmercedinas.com\/site\/wp-content\/uploads\/2019\/06\/8a61bc77-0c33-4d1e-8a5a-d24876b50f61.jpg 1032w\" sizes=\"auto, (max-width: 640px) 100vw, 640px\" \/><\/p>\n<p>Desde el Club Mercedes fue suscrito el contrato de patrocinio con la marca <strong><a href=\"https:\/\/www.facebook.com\/pages\/category\/Clothing--Brand-\/Cewes-918833798169954\/\">Cewes<\/a><\/strong>, que present\u00f3 la propuesta que result\u00f3 seleccionada para dise\u00f1ar, proveer y comercializar la indumentaria que utilizan los deportistas que representan a la instituci\u00f3n. El contrato tendr\u00e1 vigencia hasta que concluya el mandato de la actual Comisi\u00f3n Directiva.<\/p>\n<p>La reconocida marca de nuestra ciudad formul\u00f3 una carta oferta en la que se comprometi\u00f3 a abonar una suma de dinero en efectivo al inicio del v\u00ednculo a cambio de obtener los derechos de exclusividad para comercializar la indumentaria deportiva que posea el escudo, isologotipo y los colores de la marca registrada Club Mercedes.<\/p>\n<p>Asimismo, la instituci\u00f3n percibir\u00e1 en concepto de regal\u00eda una suma de dinero en efectivo por cada prenda\u00a0 del Club Mercedes que venda la marca Cewes en su local comercial de calle 19 N\u00ba 828, entre 34 y 36.<\/p>\n<p>Por otra parte, los deportistas que representen a la instituci\u00f3n en las distintas disciplinas deber\u00e1n utilizar indumentaria de la marca Cewes, que otorgar\u00e1 un importante descuento en el precio de los juegos de uniformes que confeccione.<\/p>\n<p>La empresa Cewes tambi\u00e9n ser\u00e1 la encargada de proveer indumentaria que utilice el personal dependiente de la instituci\u00f3n durante la jornada laboral.<\/p>\n<p>\u201cA partir de ahora por cada prenda que adquieras est\u00e1s obteniendo un producto de excelente calidad y contribuyendo para que nuestra querida instituci\u00f3n contin\u00fae creciendo\u201d, destacaron desde el Club y le dieron la bienvenida a Cewes.<\/p>\n<p>Cewes es una marca de indumentaria deportiva mercedina. Se trata de una peque\u00f1a empresa familiar dedicada a la comercializaci\u00f3n de prendas deportivas de primera calidad.<\/p>\n","protected":false},"excerpt":{"rendered":"<p>Desde el Club Mercedes fue suscrito el contrato de patrocinio con la marca Cewes, que present\u00f3 la propuesta que result\u00f3 seleccionada para dise\u00f1ar, proveer y comercializar la indumentaria que utilizan los deportistas que representan a la instituci\u00f3n. El contrato tendr\u00e1 vigencia hasta que concluya el mandato de la actual Comisi\u00f3n Directiva. La reconocida marca de [&hellip;]<\/p>\n","protected":false},"author":16,"featured_media":22173,"comment_status":"open","ping_status":"open","sticky":false,"template":"","format":"standard","meta":{"footnotes":""},"categories":[74],"tags":[5488,135,1780,1184,1355],"class_list":["post-22172","post","type-post","status-publish","format-standard","has-post-thumbnail","hentry","category-emprendimientos","tag-cewes","tag-club-mercedes","tag-deportes","tag-indumentaria","tag-ropa-deportiva"],"yoast_head":"<!-- This site is optimized with the Yoast SEO plugin v28.3 - https:\/\/yoast.com\/product\/yoast-seo-wordpress\/ -->\n<title>Cewes, nueva camiseta oficial del club Mercedes<\/title>\n<meta name=\"robots\" content=\"index, follow, max-snippet:-1, max-image-preview:large, max-video-preview:-1\" \/>\n<link rel=\"canonical\" href=\"https:\/\/noticiasmercedinas.com\/site\/2019\/06\/26\/cewes-nueva-camiseta-oficial-del-club-mercedes\/\" \/>\n<meta property=\"og:locale\" content=\"es_ES\" \/>\n<meta property=\"og:type\" content=\"article\" \/>\n<meta property=\"og:title\" content=\"Cewes, nueva camiseta oficial del club Mercedes\" \/>\n<meta property=\"og:description\" content=\"Desde el Club Mercedes fue suscrito el contrato de patrocinio con la marca Cewes, que present\u00f3 la propuesta que result\u00f3 seleccionada para dise\u00f1ar, proveer y comercializar la indumentaria que utilizan los deportistas que representan a la instituci\u00f3n. El contrato tendr\u00e1 vigencia hasta que concluya el mandato de la actual Comisi\u00f3n Directiva. La reconocida marca de [&hellip;]\" \/>\n<meta property=\"og:url\" content=\"https:\/\/noticiasmercedinas.com\/site\/2019\/06\/26\/cewes-nueva-camiseta-oficial-del-club-mercedes\/\" \/>\n<meta property=\"og:site_name\" content=\"NOTICIASMERCEDINAS.COM\" \/>\n<meta property=\"article:publisher\" content=\"https:\/\/www.facebook.com\/noticiasmercedinas\/\" \/>\n<meta property=\"article:published_time\" content=\"2019-06-26T11:21:17+00:00\" \/>\n<meta property=\"og:image\" content=\"https:\/\/noticiasmercedinas.com\/site\/wp-content\/uploads\/2019\/06\/8a61bc77-0c33-4d1e-8a5a-d24876b50f61.jpg\" \/>\n\t<meta property=\"og:image:width\" content=\"1032\" \/>\n\t<meta property=\"og:image:height\" content=\"502\" \/>\n\t<meta property=\"og:image:type\" content=\"image\/jpeg\" \/>\n<meta name=\"author\" content=\"NOTICIASMERCEDINAS.COM\" \/>\n<meta name=\"twitter:card\" content=\"summary_large_image\" \/>\n<meta name=\"twitter:creator\" content=\"@notmercedinas\" \/>\n<meta name=\"twitter:site\" content=\"@notmercedinas\" \/>\n<meta name=\"twitter:label1\" content=\"Escrito por\" \/>\n\t<meta name=\"twitter:data1\" content=\"NOTICIASMERCEDINAS.COM\" \/>\n\t<meta name=\"twitter:label2\" content=\"Tiempo de lectura\" \/>\n\t<meta name=\"twitter:data2\" content=\"1 minuto\" \/>\n<script type=\"application\/ld+json\" class=\"yoast-schema-graph\">{\"@context\":\"https:\\\/\\\/schema.org\",\"@graph\":[{\"@type\":\"Article\",\"@id\":\"https:\\\/\\\/noticiasmercedinas.com\\\/site\\\/2019\\\/06\\\/26\\\/cewes-nueva-camiseta-oficial-del-club-mercedes\\\/#article\",\"isPartOf\":{\"@id\":\"https:\\\/\\\/noticiasmercedinas.com\\\/site\\\/2019\\\/06\\\/26\\\/cewes-nueva-camiseta-oficial-del-club-mercedes\\\/\"},\"author\":{\"name\":\"NOTICIASMERCEDINAS.COM\",\"@id\":\"https:\\\/\\\/noticiasmercedinas.com\\\/site\\\/#\\\/schema\\\/person\\\/84b59c099c28ff2e8b77d4ceec5d8063\"},\"headline\":\"Cewes, nueva camiseta oficial del club Mercedes\",\"datePublished\":\"2019-06-26T11:21:17+00:00\",\"mainEntityOfPage\":{\"@id\":\"https:\\\/\\\/noticiasmercedinas.com\\\/site\\\/2019\\\/06\\\/26\\\/cewes-nueva-camiseta-oficial-del-club-mercedes\\\/\"},\"wordCount\":280,\"commentCount\":0,\"publisher\":{\"@id\":\"https:\\\/\\\/noticiasmercedinas.com\\\/site\\\/#organization\"},\"image\":{\"@id\":\"https:\\\/\\\/noticiasmercedinas.com\\\/site\\\/2019\\\/06\\\/26\\\/cewes-nueva-camiseta-oficial-del-club-mercedes\\\/#primaryimage\"},\"thumbnailUrl\":\"https:\\\/\\\/noticiasmercedinas.com\\\/site\\\/wp-content\\\/uploads\\\/2019\\\/06\\\/8a61bc77-0c33-4d1e-8a5a-d24876b50f61.jpg\",\"keywords\":[\"cewes\",\"club mercedes\",\"deportes\",\"indumentaria\",\"ropa deportiva\"],\"articleSection\":[\"Emprendimientos\"],\"inLanguage\":\"es\",\"potentialAction\":[{\"@type\":\"CommentAction\",\"name\":\"Comment\",\"target\":[\"https:\\\/\\\/noticiasmercedinas.com\\\/site\\\/2019\\\/06\\\/26\\\/cewes-nueva-camiseta-oficial-del-club-mercedes\\\/#respond\"]}]},{\"@type\":\"WebPage\",\"@id\":\"https:\\\/\\\/noticiasmercedinas.com\\\/site\\\/2019\\\/06\\\/26\\\/cewes-nueva-camiseta-oficial-del-club-mercedes\\\/\",\"url\":\"https:\\\/\\\/noticiasmercedinas.com\\\/site\\\/2019\\\/06\\\/26\\\/cewes-nueva-camiseta-oficial-del-club-mercedes\\\/\",\"name\":\"Cewes, nueva camiseta oficial del club Mercedes\",\"isPartOf\":{\"@id\":\"https:\\\/\\\/noticiasmercedinas.com\\\/site\\\/#website\"},\"primaryImageOfPage\":{\"@id\":\"https:\\\/\\\/noticiasmercedinas.com\\\/site\\\/2019\\\/06\\\/26\\\/cewes-nueva-camiseta-oficial-del-club-mercedes\\\/#primaryimage\"},\"image\":{\"@id\":\"https:\\\/\\\/noticiasmercedinas.com\\\/site\\\/2019\\\/06\\\/26\\\/cewes-nueva-camiseta-oficial-del-club-mercedes\\\/#primaryimage\"},\"thumbnailUrl\":\"https:\\\/\\\/noticiasmercedinas.com\\\/site\\\/wp-content\\\/uploads\\\/2019\\\/06\\\/8a61bc77-0c33-4d1e-8a5a-d24876b50f61.jpg\",\"datePublished\":\"2019-06-26T11:21:17+00:00\",\"breadcrumb\":{\"@id\":\"https:\\\/\\\/noticiasmercedinas.com\\\/site\\\/2019\\\/06\\\/26\\\/cewes-nueva-camiseta-oficial-del-club-mercedes\\\/#breadcrumb\"},\"inLanguage\":\"es\",\"potentialAction\":[{\"@type\":\"ReadAction\",\"target\":[\"https:\\\/\\\/noticiasmercedinas.com\\\/site\\\/2019\\\/06\\\/26\\\/cewes-nueva-camiseta-oficial-del-club-mercedes\\\/\"]}]},{\"@type\":\"ImageObject\",\"inLanguage\":\"es\",\"@id\":\"https:\\\/\\\/noticiasmercedinas.com\\\/site\\\/2019\\\/06\\\/26\\\/cewes-nueva-camiseta-oficial-del-club-mercedes\\\/#primaryimage\",\"url\":\"https:\\\/\\\/noticiasmercedinas.com\\\/site\\\/wp-content\\\/uploads\\\/2019\\\/06\\\/8a61bc77-0c33-4d1e-8a5a-d24876b50f61.jpg\",\"contentUrl\":\"https:\\\/\\\/noticiasmercedinas.com\\\/site\\\/wp-content\\\/uploads\\\/2019\\\/06\\\/8a61bc77-0c33-4d1e-8a5a-d24876b50f61.jpg\",\"width\":1032,\"height\":502},{\"@type\":\"BreadcrumbList\",\"@id\":\"https:\\\/\\\/noticiasmercedinas.com\\\/site\\\/2019\\\/06\\\/26\\\/cewes-nueva-camiseta-oficial-del-club-mercedes\\\/#breadcrumb\",\"itemListElement\":[{\"@type\":\"ListItem\",\"position\":1,\"name\":\"Portada\",\"item\":\"https:\\\/\\\/noticiasmercedinas.com\\\/site\\\/\"},{\"@type\":\"ListItem\",\"position\":2,\"name\":\"Cewes, nueva camiseta oficial del club Mercedes\"}]},{\"@type\":\"WebSite\",\"@id\":\"https:\\\/\\\/noticiasmercedinas.com\\\/site\\\/#website\",\"url\":\"https:\\\/\\\/noticiasmercedinas.com\\\/site\\\/\",\"name\":\"NOTICIASMERCEDINAS.COM\",\"description\":\"Mercedes, Buenos Aires, Argentina\",\"publisher\":{\"@id\":\"https:\\\/\\\/noticiasmercedinas.com\\\/site\\\/#organization\"},\"potentialAction\":[{\"@type\":\"SearchAction\",\"target\":{\"@type\":\"EntryPoint\",\"urlTemplate\":\"https:\\\/\\\/noticiasmercedinas.com\\\/site\\\/?s={search_term_string}\"},\"query-input\":{\"@type\":\"PropertyValueSpecification\",\"valueRequired\":true,\"valueName\":\"search_term_string\"}}],\"inLanguage\":\"es\"},{\"@type\":\"Organization\",\"@id\":\"https:\\\/\\\/noticiasmercedinas.com\\\/site\\\/#organization\",\"name\":\"NOTICIASMERCEDINAS.COM\",\"url\":\"https:\\\/\\\/noticiasmercedinas.com\\\/site\\\/\",\"logo\":{\"@type\":\"ImageObject\",\"inLanguage\":\"es\",\"@id\":\"https:\\\/\\\/noticiasmercedinas.com\\\/site\\\/#\\\/schema\\\/logo\\\/image\\\/\",\"url\":\"https:\\\/\\\/noticiasmercedinas.com\\\/site\\\/wp-content\\\/uploads\\\/2020\\\/06\\\/LOGO-512.jpg\",\"contentUrl\":\"https:\\\/\\\/noticiasmercedinas.com\\\/site\\\/wp-content\\\/uploads\\\/2020\\\/06\\\/LOGO-512.jpg\",\"width\":512,\"height\":512,\"caption\":\"NOTICIASMERCEDINAS.COM\"},\"image\":{\"@id\":\"https:\\\/\\\/noticiasmercedinas.com\\\/site\\\/#\\\/schema\\\/logo\\\/image\\\/\"},\"sameAs\":[\"https:\\\/\\\/www.facebook.com\\\/noticiasmercedinas\\\/\",\"https:\\\/\\\/x.com\\\/notmercedinas\",\"https:\\\/\\\/www.instagram.com\\\/noticiasmercedinas\\\/\"]},{\"@type\":\"Person\",\"@id\":\"https:\\\/\\\/noticiasmercedinas.com\\\/site\\\/#\\\/schema\\\/person\\\/84b59c099c28ff2e8b77d4ceec5d8063\",\"name\":\"NOTICIASMERCEDINAS.COM\",\"image\":{\"@type\":\"ImageObject\",\"inLanguage\":\"es\",\"@id\":\"https:\\\/\\\/secure.gravatar.com\\\/avatar\\\/4dfbf16b4d17945bfb6341b2d19043457132fcf478a5ee04f42e959fd8f5df0a?s=96&d=mm&r=g\",\"url\":\"https:\\\/\\\/secure.gravatar.com\\\/avatar\\\/4dfbf16b4d17945bfb6341b2d19043457132fcf478a5ee04f42e959fd8f5df0a?s=96&d=mm&r=g\",\"contentUrl\":\"https:\\\/\\\/secure.gravatar.com\\\/avatar\\\/4dfbf16b4d17945bfb6341b2d19043457132fcf478a5ee04f42e959fd8f5df0a?s=96&d=mm&r=g\",\"caption\":\"NOTICIASMERCEDINAS.COM\"},\"url\":\"https:\\\/\\\/noticiasmercedinas.com\\\/site\\\/author\\\/anonimo\\\/\"}]}<\/script>\n<!-- \/ Yoast SEO plugin. -->","yoast_head_json":{"title":"Cewes, nueva camiseta oficial del club Mercedes","robots":{"index":"index","follow":"follow","max-snippet":"max-snippet:-1","max-image-preview":"max-image-preview:large","max-video-preview":"max-video-preview:-1"},"canonical":"https:\/\/noticiasmercedinas.com\/site\/2019\/06\/26\/cewes-nueva-camiseta-oficial-del-club-mercedes\/","og_locale":"es_ES","og_type":"article","og_title":"Cewes, nueva camiseta oficial del club Mercedes","og_description":"Desde el Club Mercedes fue suscrito el contrato de patrocinio con la marca Cewes, que present\u00f3 la propuesta que result\u00f3 seleccionada para dise\u00f1ar, proveer y comercializar la indumentaria que utilizan los deportistas que representan a la instituci\u00f3n. El contrato tendr\u00e1 vigencia hasta que concluya el mandato de la actual Comisi\u00f3n Directiva. La reconocida marca de [&hellip;]","og_url":"https:\/\/noticiasmercedinas.com\/site\/2019\/06\/26\/cewes-nueva-camiseta-oficial-del-club-mercedes\/","og_site_name":"NOTICIASMERCEDINAS.COM","article_publisher":"https:\/\/www.facebook.com\/noticiasmercedinas\/","article_published_time":"2019-06-26T11:21:17+00:00","og_image":[{"width":1032,"height":502,"url":"https:\/\/noticiasmercedinas.com\/site\/wp-content\/uploads\/2019\/06\/8a61bc77-0c33-4d1e-8a5a-d24876b50f61.jpg","type":"image\/jpeg"}],"author":"NOTICIASMERCEDINAS.COM","twitter_card":"summary_large_image","twitter_creator":"@notmercedinas","twitter_site":"@notmercedinas","twitter_misc":{"Escrito por":"NOTICIASMERCEDINAS.COM","Tiempo de lectura":"1 minuto"},"schema":{"@context":"https:\/\/schema.org","@graph":[{"@type":"Article","@id":"https:\/\/noticiasmercedinas.com\/site\/2019\/06\/26\/cewes-nueva-camiseta-oficial-del-club-mercedes\/#article","isPartOf":{"@id":"https:\/\/noticiasmercedinas.com\/site\/2019\/06\/26\/cewes-nueva-camiseta-oficial-del-club-mercedes\/"},"author":{"name":"NOTICIASMERCEDINAS.COM","@id":"https:\/\/noticiasmercedinas.com\/site\/#\/schema\/person\/84b59c099c28ff2e8b77d4ceec5d8063"},"headline":"Cewes, nueva camiseta oficial del club Mercedes","datePublished":"2019-06-26T11:21:17+00:00","mainEntityOfPage":{"@id":"https:\/\/noticiasmercedinas.com\/site\/2019\/06\/26\/cewes-nueva-camiseta-oficial-del-club-mercedes\/"},"wordCount":280,"commentCount":0,"publisher":{"@id":"https:\/\/noticiasmercedinas.com\/site\/#organization"},"image":{"@id":"https:\/\/noticiasmercedinas.com\/site\/2019\/06\/26\/cewes-nueva-camiseta-oficial-del-club-mercedes\/#primaryimage"},"thumbnailUrl":"https:\/\/noticiasmercedinas.com\/site\/wp-content\/uploads\/2019\/06\/8a61bc77-0c33-4d1e-8a5a-d24876b50f61.jpg","keywords":["cewes","club mercedes","deportes","indumentaria","ropa deportiva"],"articleSection":["Emprendimientos"],"inLanguage":"es","potentialAction":[{"@type":"CommentAction","name":"Comment","target":["https:\/\/noticiasmercedinas.com\/site\/2019\/06\/26\/cewes-nueva-camiseta-oficial-del-club-mercedes\/#respond"]}]},{"@type":"WebPage","@id":"https:\/\/noticiasmercedinas.com\/site\/2019\/06\/26\/cewes-nueva-camiseta-oficial-del-club-mercedes\/","url":"https:\/\/noticiasmercedinas.com\/site\/2019\/06\/26\/cewes-nueva-camiseta-oficial-del-club-mercedes\/","name":"Cewes, nueva camiseta oficial del club Mercedes","isPartOf":{"@id":"https:\/\/noticiasmercedinas.com\/site\/#website"},"primaryImageOfPage":{"@id":"https:\/\/noticiasmercedinas.com\/site\/2019\/06\/26\/cewes-nueva-camiseta-oficial-del-club-mercedes\/#primaryimage"},"image":{"@id":"https:\/\/noticiasmercedinas.com\/site\/2019\/06\/26\/cewes-nueva-camiseta-oficial-del-club-mercedes\/#primaryimage"},"thumbnailUrl":"https:\/\/noticiasmercedinas.com\/site\/wp-content\/uploads\/2019\/06\/8a61bc77-0c33-4d1e-8a5a-d24876b50f61.jpg","datePublished":"2019-06-26T11:21:17+00:00","breadcrumb":{"@id":"https:\/\/noticiasmercedinas.com\/site\/2019\/06\/26\/cewes-nueva-camiseta-oficial-del-club-mercedes\/#breadcrumb"},"inLanguage":"es","potentialAction":[{"@type":"ReadAction","target":["https:\/\/noticiasmercedinas.com\/site\/2019\/06\/26\/cewes-nueva-camiseta-oficial-del-club-mercedes\/"]}]},{"@type":"ImageObject","inLanguage":"es","@id":"https:\/\/noticiasmercedinas.com\/site\/2019\/06\/26\/cewes-nueva-camiseta-oficial-del-club-mercedes\/#primaryimage","url":"https:\/\/noticiasmercedinas.com\/site\/wp-content\/uploads\/2019\/06\/8a61bc77-0c33-4d1e-8a5a-d24876b50f61.jpg","contentUrl":"https:\/\/noticiasmercedinas.com\/site\/wp-content\/uploads\/2019\/06\/8a61bc77-0c33-4d1e-8a5a-d24876b50f61.jpg","width":1032,"height":502},{"@type":"BreadcrumbList","@id":"https:\/\/noticiasmercedinas.com\/site\/2019\/06\/26\/cewes-nueva-camiseta-oficial-del-club-mercedes\/#breadcrumb","itemListElement":[{"@type":"ListItem","position":1,"name":"Portada","item":"https:\/\/noticiasmercedinas.com\/site\/"},{"@type":"ListItem","position":2,"name":"Cewes, nueva camiseta oficial del club Mercedes"}]},{"@type":"WebSite","@id":"https:\/\/noticiasmercedinas.com\/site\/#website","url":"https:\/\/noticiasmercedinas.com\/site\/","name":"NOTICIASMERCEDINAS.COM","description":"Mercedes, Buenos Aires, Argentina","publisher":{"@id":"https:\/\/noticiasmercedinas.com\/site\/#organization"},"potentialAction":[{"@type":"SearchAction","target":{"@type":"EntryPoint","urlTemplate":"https:\/\/noticiasmercedinas.com\/site\/?s={search_term_string}"},"query-input":{"@type":"PropertyValueSpecification","valueRequired":true,"valueName":"search_term_string"}}],"inLanguage":"es"},{"@type":"Organization","@id":"https:\/\/noticiasmercedinas.com\/site\/#organization","name":"NOTICIASMERCEDINAS.COM","url":"https:\/\/noticiasmercedinas.com\/site\/","logo":{"@type":"ImageObject","inLanguage":"es","@id":"https:\/\/noticiasmercedinas.com\/site\/#\/schema\/logo\/image\/","url":"https:\/\/noticiasmercedinas.com\/site\/wp-content\/uploads\/2020\/06\/LOGO-512.jpg","contentUrl":"https:\/\/noticiasmercedinas.com\/site\/wp-content\/uploads\/2020\/06\/LOGO-512.jpg","width":512,"height":512,"caption":"NOTICIASMERCEDINAS.COM"},"image":{"@id":"https:\/\/noticiasmercedinas.com\/site\/#\/schema\/logo\/image\/"},"sameAs":["https:\/\/www.facebook.com\/noticiasmercedinas\/","https:\/\/x.com\/notmercedinas","https:\/\/www.instagram.com\/noticiasmercedinas\/"]},{"@type":"Person","@id":"https:\/\/noticiasmercedinas.com\/site\/#\/schema\/person\/84b59c099c28ff2e8b77d4ceec5d8063","name":"NOTICIASMERCEDINAS.COM","image":{"@type":"ImageObject","inLanguage":"es","@id":"https:\/\/secure.gravatar.com\/avatar\/4dfbf16b4d17945bfb6341b2d19043457132fcf478a5ee04f42e959fd8f5df0a?s=96&d=mm&r=g","url":"https:\/\/secure.gravatar.com\/avatar\/4dfbf16b4d17945bfb6341b2d19043457132fcf478a5ee04f42e959fd8f5df0a?s=96&d=mm&r=g","contentUrl":"https:\/\/secure.gravatar.com\/avatar\/4dfbf16b4d17945bfb6341b2d19043457132fcf478a5ee04f42e959fd8f5df0a?s=96&d=mm&r=g","caption":"NOTICIASMERCEDINAS.COM"},"url":"https:\/\/noticiasmercedinas.com\/site\/author\/anonimo\/"}]}},"amp_enabled":true,"_links":{"self":[{"href":"https:\/\/noticiasmercedinas.com\/site\/wp-json\/wp\/v2\/posts\/22172","targetHints":{"allow":["GET"]}}],"collection":[{"href":"https:\/\/noticiasmercedinas.com\/site\/wp-json\/wp\/v2\/posts"}],"about":[{"href":"https:\/\/noticiasmercedinas.com\/site\/wp-json\/wp\/v2\/types\/post"}],"author":[{"embeddable":true,"href":"https:\/\/noticiasmercedinas.com\/site\/wp-json\/wp\/v2\/users\/16"}],"replies":[{"embeddable":true,"href":"https:\/\/noticiasmercedinas.com\/site\/wp-json\/wp\/v2\/comments?post=22172"}],"version-history":[{"count":1,"href":"https:\/\/noticiasmercedinas.com\/site\/wp-json\/wp\/v2\/posts\/22172\/revisions"}],"predecessor-version":[{"id":22174,"href":"https:\/\/noticiasmercedinas.com\/site\/wp-json\/wp\/v2\/posts\/22172\/revisions\/22174"}],"wp:featuredmedia":[{"embeddable":true,"href":"https:\/\/noticiasmercedinas.com\/site\/wp-json\/wp\/v2\/media\/22173"}],"wp:attachment":[{"href":"https:\/\/noticiasmercedinas.com\/site\/wp-json\/wp\/v2\/media?parent=22172"}],"wp:term":[{"taxonomy":"category","embeddable":true,"href":"https:\/\/noticiasmercedinas.com\/site\/wp-json\/wp\/v2\/categories?post=22172"},{"taxonomy":"post_tag","embeddable":true,"href":"https:\/\/noticiasmercedinas.com\/site\/wp-json\/wp\/v2\/tags?post=22172"}],"curies":[{"name":"wp","href":"https:\/\/api.w.org\/{rel}","templated":true}]}}