{"id":22178,"date":"2019-06-26T08:43:07","date_gmt":"2019-06-26T11:43:07","guid":{"rendered":"https:\/\/noticiasmercedinas.com\/site\/?p=22178"},"modified":"2019-06-26T08:43:07","modified_gmt":"2019-06-26T11:43:07","slug":"unlu-llama-a-cubrir-cargos-docentes","status":"publish","type":"post","link":"https:\/\/noticiasmercedinas.com\/site\/2019\/06\/26\/unlu-llama-a-cubrir-cargos-docentes\/","title":{"rendered":"UNLu llama a cubrir cargos docentes"},"content":{"rendered":"<p><img loading=\"lazy\" decoding=\"async\" class=\"alignnone size-full wp-image-9568\" src=\"https:\/\/noticiasmercedinas.com\/site\/wp-content\/uploads\/2018\/12\/Universidad-Nacional-Lujan3_Carrusel.jpg\" alt=\"\" width=\"692\" height=\"335\" srcset=\"https:\/\/noticiasmercedinas.com\/site\/wp-content\/uploads\/2018\/12\/Universidad-Nacional-Lujan3_Carrusel.jpg 692w, https:\/\/noticiasmercedinas.com\/site\/wp-content\/uploads\/2018\/12\/Universidad-Nacional-Lujan3_Carrusel-300x145.jpg 300w, https:\/\/noticiasmercedinas.com\/site\/wp-content\/uploads\/2018\/12\/Universidad-Nacional-Lujan3_Carrusel-640x310.jpg 640w, https:\/\/noticiasmercedinas.com\/site\/wp-content\/uploads\/2018\/12\/Universidad-Nacional-Lujan3_Carrusel-681x330.jpg 681w\" sizes=\"auto, (max-width: 692px) 100vw, 692px\" \/><\/p>\n<p>Tal cual dio a conocer La Universidad Nacional de Luj\u00e1n, se llamar\u00e1 a concursos para cubrir cargos docentes ordinarios en tres de sus cuatro Departamentos Acad\u00e9micos, a partir del pr\u00f3ximo 5 de agosto y por el t\u00e9rmino de 15 d\u00edas h\u00e1biles administrativos (hasta el 26 de agosto inclusive).<\/p>\n<p>Ser\u00e1 con inscripci\u00f3n que se realizar\u00e1 los lunes de 10 a 18 y de martes a viernes de 10 a 15 horas, en el Departamento de Concursos y Carrera Docente.<\/p>\n<p>Para conocer las caracter\u00edsticas de los cargos ofrecidos, se puede descargar y\/o imprimir <strong><span style=\"color: #000080;\"><a style=\"color: #000080;\" href=\"http:\/\/www.prensa.unlu.edu.ar\/sites\/www.prensa.unlu.edu.ar\/files\/site\/Publicaci%C3%B3n%20Junio%20%281%29.pdf\">el siguiente archivo pdf<\/a><\/span><\/strong><\/p>\n<p><strong>Inscripci\u00f3n<\/strong><br \/>\nDesde el 5 de agosto de 2019 y por el t\u00e9rmino de 15 d\u00edas h\u00e1biles administrativos (hasta el 26 de agosto inclusive), los lunes de 10 a 18 horas, y de martes a viernes de 10 a 15 horas, en el Departamento de Concursos y Carrera Docente, ubicado en el Edificio ex Biblioteca (entre los pabellones de las aulas 300 y 400) de la Sede Central de la Universidad Nacional de Luj\u00e1n (cruce de Rutas Nacionales 5 y ex 7 &#8211; Luj\u00e1n, Buenos Aires)<\/p>\n<p><strong>Informaci\u00f3n y formularios:<\/strong><br \/>\nEn\u00a0<strong><span style=\"color: #000080;\"><a style=\"color: #000080;\" href=\"http:\/\/www.concursosycarreradocente.unlu.edu.ar\/\">www.concursosycarreradocente.unlu.edu.ar<\/a><\/span><\/strong>, por mail a\u00a0<span style=\"color: #000080;\"><a style=\"color: #000080;\" href=\"mailto:inscripciones@unlu.edu.ar\">inscripciones@unlu.edu.ar<\/a><\/span>, o al tel\u00e9fono (02323) 423171, interno 1565.<\/p>\n","protected":false},"excerpt":{"rendered":"<p>Tal cual dio a conocer La Universidad Nacional de Luj\u00e1n, se llamar\u00e1 a concursos para cubrir cargos docentes ordinarios en tres de sus cuatro Departamentos Acad\u00e9micos, a partir del pr\u00f3ximo 5 de agosto y por el t\u00e9rmino de 15 d\u00edas h\u00e1biles administrativos (hasta el 26 de agosto inclusive). Ser\u00e1 con inscripci\u00f3n que se realizar\u00e1 los [&hellip;]<\/p>\n","protected":false},"author":16,"featured_media":9568,"comment_status":"open","ping_status":"open","sticky":false,"template":"","format":"standard","meta":{"footnotes":""},"categories":[139],"tags":[38,1203,116],"class_list":["post-22178","post","type-post","status-publish","format-standard","has-post-thumbnail","hentry","category-regionales","tag-educacion","tag-universidad-de-lujan","tag-unlu"],"yoast_head":"<!-- This site is optimized with the Yoast SEO plugin v27.4 - https:\/\/yoast.com\/product\/yoast-seo-wordpress\/ -->\n<title>UNLu llama a cubrir cargos docentes<\/title>\n<meta name=\"robots\" content=\"index, follow, max-snippet:-1, max-image-preview:large, max-video-preview:-1\" \/>\n<link rel=\"canonical\" href=\"https:\/\/noticiasmercedinas.com\/site\/2019\/06\/26\/unlu-llama-a-cubrir-cargos-docentes\/\" \/>\n<meta property=\"og:locale\" content=\"es_ES\" \/>\n<meta property=\"og:type\" content=\"article\" \/>\n<meta property=\"og:title\" content=\"UNLu llama a cubrir cargos docentes\" \/>\n<meta property=\"og:description\" content=\"Tal cual dio a conocer La Universidad Nacional de Luj\u00e1n, se llamar\u00e1 a concursos para cubrir cargos docentes ordinarios en tres de sus cuatro Departamentos Acad\u00e9micos, a partir del pr\u00f3ximo 5 de agosto y por el t\u00e9rmino de 15 d\u00edas h\u00e1biles administrativos (hasta el 26 de agosto inclusive). Ser\u00e1 con inscripci\u00f3n que se realizar\u00e1 los [&hellip;]\" \/>\n<meta property=\"og:url\" content=\"https:\/\/noticiasmercedinas.com\/site\/2019\/06\/26\/unlu-llama-a-cubrir-cargos-docentes\/\" \/>\n<meta property=\"og:site_name\" content=\"NOTICIASMERCEDINAS.COM\" \/>\n<meta property=\"article:publisher\" content=\"https:\/\/www.facebook.com\/noticiasmercedinas\/\" \/>\n<meta property=\"article:published_time\" content=\"2019-06-26T11:43:07+00:00\" \/>\n<meta property=\"og:image\" content=\"https:\/\/noticiasmercedinas.com\/site\/wp-content\/uploads\/2018\/12\/Universidad-Nacional-Lujan3_Carrusel.jpg\" \/>\n\t<meta property=\"og:image:width\" content=\"692\" \/>\n\t<meta property=\"og:image:height\" content=\"335\" \/>\n\t<meta property=\"og:image:type\" content=\"image\/jpeg\" \/>\n<meta name=\"author\" content=\"NOTICIASMERCEDINAS.COM\" \/>\n<meta name=\"twitter:card\" content=\"summary_large_image\" \/>\n<meta name=\"twitter:creator\" content=\"@notmercedinas\" \/>\n<meta name=\"twitter:site\" content=\"@notmercedinas\" \/>\n<meta name=\"twitter:label1\" content=\"Escrito por\" \/>\n\t<meta name=\"twitter:data1\" content=\"NOTICIASMERCEDINAS.COM\" \/>\n\t<meta name=\"twitter:label2\" content=\"Tiempo de lectura\" \/>\n\t<meta name=\"twitter:data2\" content=\"1 minuto\" \/>\n<script type=\"application\/ld+json\" class=\"yoast-schema-graph\">{\"@context\":\"https:\\\/\\\/schema.org\",\"@graph\":[{\"@type\":\"Article\",\"@id\":\"https:\\\/\\\/noticiasmercedinas.com\\\/site\\\/2019\\\/06\\\/26\\\/unlu-llama-a-cubrir-cargos-docentes\\\/#article\",\"isPartOf\":{\"@id\":\"https:\\\/\\\/noticiasmercedinas.com\\\/site\\\/2019\\\/06\\\/26\\\/unlu-llama-a-cubrir-cargos-docentes\\\/\"},\"author\":{\"name\":\"NOTICIASMERCEDINAS.COM\",\"@id\":\"https:\\\/\\\/noticiasmercedinas.com\\\/site\\\/#\\\/schema\\\/person\\\/84b59c099c28ff2e8b77d4ceec5d8063\"},\"headline\":\"UNLu llama a cubrir cargos docentes\",\"datePublished\":\"2019-06-26T11:43:07+00:00\",\"mainEntityOfPage\":{\"@id\":\"https:\\\/\\\/noticiasmercedinas.com\\\/site\\\/2019\\\/06\\\/26\\\/unlu-llama-a-cubrir-cargos-docentes\\\/\"},\"wordCount\":204,\"commentCount\":0,\"publisher\":{\"@id\":\"https:\\\/\\\/noticiasmercedinas.com\\\/site\\\/#organization\"},\"image\":{\"@id\":\"https:\\\/\\\/noticiasmercedinas.com\\\/site\\\/2019\\\/06\\\/26\\\/unlu-llama-a-cubrir-cargos-docentes\\\/#primaryimage\"},\"thumbnailUrl\":\"https:\\\/\\\/noticiasmercedinas.com\\\/site\\\/wp-content\\\/uploads\\\/2018\\\/12\\\/Universidad-Nacional-Lujan3_Carrusel.jpg\",\"keywords\":[\"educacion\",\"Universidad de Luj\u00e1n\",\"unlu\"],\"articleSection\":[\"Regionales\"],\"inLanguage\":\"es\",\"potentialAction\":[{\"@type\":\"CommentAction\",\"name\":\"Comment\",\"target\":[\"https:\\\/\\\/noticiasmercedinas.com\\\/site\\\/2019\\\/06\\\/26\\\/unlu-llama-a-cubrir-cargos-docentes\\\/#respond\"]}]},{\"@type\":\"WebPage\",\"@id\":\"https:\\\/\\\/noticiasmercedinas.com\\\/site\\\/2019\\\/06\\\/26\\\/unlu-llama-a-cubrir-cargos-docentes\\\/\",\"url\":\"https:\\\/\\\/noticiasmercedinas.com\\\/site\\\/2019\\\/06\\\/26\\\/unlu-llama-a-cubrir-cargos-docentes\\\/\",\"name\":\"UNLu llama a cubrir cargos docentes\",\"isPartOf\":{\"@id\":\"https:\\\/\\\/noticiasmercedinas.com\\\/site\\\/#website\"},\"primaryImageOfPage\":{\"@id\":\"https:\\\/\\\/noticiasmercedinas.com\\\/site\\\/2019\\\/06\\\/26\\\/unlu-llama-a-cubrir-cargos-docentes\\\/#primaryimage\"},\"image\":{\"@id\":\"https:\\\/\\\/noticiasmercedinas.com\\\/site\\\/2019\\\/06\\\/26\\\/unlu-llama-a-cubrir-cargos-docentes\\\/#primaryimage\"},\"thumbnailUrl\":\"https:\\\/\\\/noticiasmercedinas.com\\\/site\\\/wp-content\\\/uploads\\\/2018\\\/12\\\/Universidad-Nacional-Lujan3_Carrusel.jpg\",\"datePublished\":\"2019-06-26T11:43:07+00:00\",\"breadcrumb\":{\"@id\":\"https:\\\/\\\/noticiasmercedinas.com\\\/site\\\/2019\\\/06\\\/26\\\/unlu-llama-a-cubrir-cargos-docentes\\\/#breadcrumb\"},\"inLanguage\":\"es\",\"potentialAction\":[{\"@type\":\"ReadAction\",\"target\":[\"https:\\\/\\\/noticiasmercedinas.com\\\/site\\\/2019\\\/06\\\/26\\\/unlu-llama-a-cubrir-cargos-docentes\\\/\"]}]},{\"@type\":\"ImageObject\",\"inLanguage\":\"es\",\"@id\":\"https:\\\/\\\/noticiasmercedinas.com\\\/site\\\/2019\\\/06\\\/26\\\/unlu-llama-a-cubrir-cargos-docentes\\\/#primaryimage\",\"url\":\"https:\\\/\\\/noticiasmercedinas.com\\\/site\\\/wp-content\\\/uploads\\\/2018\\\/12\\\/Universidad-Nacional-Lujan3_Carrusel.jpg\",\"contentUrl\":\"https:\\\/\\\/noticiasmercedinas.com\\\/site\\\/wp-content\\\/uploads\\\/2018\\\/12\\\/Universidad-Nacional-Lujan3_Carrusel.jpg\",\"width\":692,\"height\":335},{\"@type\":\"BreadcrumbList\",\"@id\":\"https:\\\/\\\/noticiasmercedinas.com\\\/site\\\/2019\\\/06\\\/26\\\/unlu-llama-a-cubrir-cargos-docentes\\\/#breadcrumb\",\"itemListElement\":[{\"@type\":\"ListItem\",\"position\":1,\"name\":\"Portada\",\"item\":\"https:\\\/\\\/noticiasmercedinas.com\\\/site\\\/\"},{\"@type\":\"ListItem\",\"position\":2,\"name\":\"UNLu llama a cubrir cargos docentes\"}]},{\"@type\":\"WebSite\",\"@id\":\"https:\\\/\\\/noticiasmercedinas.com\\\/site\\\/#website\",\"url\":\"https:\\\/\\\/noticiasmercedinas.com\\\/site\\\/\",\"name\":\"NOTICIASMERCEDINAS.COM\",\"description\":\"Mercedes, Buenos Aires, Argentina\",\"publisher\":{\"@id\":\"https:\\\/\\\/noticiasmercedinas.com\\\/site\\\/#organization\"},\"potentialAction\":[{\"@type\":\"SearchAction\",\"target\":{\"@type\":\"EntryPoint\",\"urlTemplate\":\"https:\\\/\\\/noticiasmercedinas.com\\\/site\\\/?s={search_term_string}\"},\"query-input\":{\"@type\":\"PropertyValueSpecification\",\"valueRequired\":true,\"valueName\":\"search_term_string\"}}],\"inLanguage\":\"es\"},{\"@type\":\"Organization\",\"@id\":\"https:\\\/\\\/noticiasmercedinas.com\\\/site\\\/#organization\",\"name\":\"NOTICIASMERCEDINAS.COM\",\"url\":\"https:\\\/\\\/noticiasmercedinas.com\\\/site\\\/\",\"logo\":{\"@type\":\"ImageObject\",\"inLanguage\":\"es\",\"@id\":\"https:\\\/\\\/noticiasmercedinas.com\\\/site\\\/#\\\/schema\\\/logo\\\/image\\\/\",\"url\":\"https:\\\/\\\/noticiasmercedinas.com\\\/site\\\/wp-content\\\/uploads\\\/2020\\\/06\\\/LOGO-512.jpg\",\"contentUrl\":\"https:\\\/\\\/noticiasmercedinas.com\\\/site\\\/wp-content\\\/uploads\\\/2020\\\/06\\\/LOGO-512.jpg\",\"width\":512,\"height\":512,\"caption\":\"NOTICIASMERCEDINAS.COM\"},\"image\":{\"@id\":\"https:\\\/\\\/noticiasmercedinas.com\\\/site\\\/#\\\/schema\\\/logo\\\/image\\\/\"},\"sameAs\":[\"https:\\\/\\\/www.facebook.com\\\/noticiasmercedinas\\\/\",\"https:\\\/\\\/x.com\\\/notmercedinas\",\"https:\\\/\\\/www.instagram.com\\\/noticiasmercedinas\\\/\"]},{\"@type\":\"Person\",\"@id\":\"https:\\\/\\\/noticiasmercedinas.com\\\/site\\\/#\\\/schema\\\/person\\\/84b59c099c28ff2e8b77d4ceec5d8063\",\"name\":\"NOTICIASMERCEDINAS.COM\",\"image\":{\"@type\":\"ImageObject\",\"inLanguage\":\"es\",\"@id\":\"https:\\\/\\\/secure.gravatar.com\\\/avatar\\\/4dfbf16b4d17945bfb6341b2d19043457132fcf478a5ee04f42e959fd8f5df0a?s=96&d=mm&r=g\",\"url\":\"https:\\\/\\\/secure.gravatar.com\\\/avatar\\\/4dfbf16b4d17945bfb6341b2d19043457132fcf478a5ee04f42e959fd8f5df0a?s=96&d=mm&r=g\",\"contentUrl\":\"https:\\\/\\\/secure.gravatar.com\\\/avatar\\\/4dfbf16b4d17945bfb6341b2d19043457132fcf478a5ee04f42e959fd8f5df0a?s=96&d=mm&r=g\",\"caption\":\"NOTICIASMERCEDINAS.COM\"},\"url\":\"https:\\\/\\\/noticiasmercedinas.com\\\/site\\\/author\\\/anonimo\\\/\"}]}<\/script>\n<!-- \/ Yoast SEO plugin. -->","yoast_head_json":{"title":"UNLu llama a cubrir cargos docentes","robots":{"index":"index","follow":"follow","max-snippet":"max-snippet:-1","max-image-preview":"max-image-preview:large","max-video-preview":"max-video-preview:-1"},"canonical":"https:\/\/noticiasmercedinas.com\/site\/2019\/06\/26\/unlu-llama-a-cubrir-cargos-docentes\/","og_locale":"es_ES","og_type":"article","og_title":"UNLu llama a cubrir cargos docentes","og_description":"Tal cual dio a conocer La Universidad Nacional de Luj\u00e1n, se llamar\u00e1 a concursos para cubrir cargos docentes ordinarios en tres de sus cuatro Departamentos Acad\u00e9micos, a partir del pr\u00f3ximo 5 de agosto y por el t\u00e9rmino de 15 d\u00edas h\u00e1biles administrativos (hasta el 26 de agosto inclusive). Ser\u00e1 con inscripci\u00f3n que se realizar\u00e1 los [&hellip;]","og_url":"https:\/\/noticiasmercedinas.com\/site\/2019\/06\/26\/unlu-llama-a-cubrir-cargos-docentes\/","og_site_name":"NOTICIASMERCEDINAS.COM","article_publisher":"https:\/\/www.facebook.com\/noticiasmercedinas\/","article_published_time":"2019-06-26T11:43:07+00:00","og_image":[{"width":692,"height":335,"url":"https:\/\/noticiasmercedinas.com\/site\/wp-content\/uploads\/2018\/12\/Universidad-Nacional-Lujan3_Carrusel.jpg","type":"image\/jpeg"}],"author":"NOTICIASMERCEDINAS.COM","twitter_card":"summary_large_image","twitter_creator":"@notmercedinas","twitter_site":"@notmercedinas","twitter_misc":{"Escrito por":"NOTICIASMERCEDINAS.COM","Tiempo de lectura":"1 minuto"},"schema":{"@context":"https:\/\/schema.org","@graph":[{"@type":"Article","@id":"https:\/\/noticiasmercedinas.com\/site\/2019\/06\/26\/unlu-llama-a-cubrir-cargos-docentes\/#article","isPartOf":{"@id":"https:\/\/noticiasmercedinas.com\/site\/2019\/06\/26\/unlu-llama-a-cubrir-cargos-docentes\/"},"author":{"name":"NOTICIASMERCEDINAS.COM","@id":"https:\/\/noticiasmercedinas.com\/site\/#\/schema\/person\/84b59c099c28ff2e8b77d4ceec5d8063"},"headline":"UNLu llama a cubrir cargos docentes","datePublished":"2019-06-26T11:43:07+00:00","mainEntityOfPage":{"@id":"https:\/\/noticiasmercedinas.com\/site\/2019\/06\/26\/unlu-llama-a-cubrir-cargos-docentes\/"},"wordCount":204,"commentCount":0,"publisher":{"@id":"https:\/\/noticiasmercedinas.com\/site\/#organization"},"image":{"@id":"https:\/\/noticiasmercedinas.com\/site\/2019\/06\/26\/unlu-llama-a-cubrir-cargos-docentes\/#primaryimage"},"thumbnailUrl":"https:\/\/noticiasmercedinas.com\/site\/wp-content\/uploads\/2018\/12\/Universidad-Nacional-Lujan3_Carrusel.jpg","keywords":["educacion","Universidad de Luj\u00e1n","unlu"],"articleSection":["Regionales"],"inLanguage":"es","potentialAction":[{"@type":"CommentAction","name":"Comment","target":["https:\/\/noticiasmercedinas.com\/site\/2019\/06\/26\/unlu-llama-a-cubrir-cargos-docentes\/#respond"]}]},{"@type":"WebPage","@id":"https:\/\/noticiasmercedinas.com\/site\/2019\/06\/26\/unlu-llama-a-cubrir-cargos-docentes\/","url":"https:\/\/noticiasmercedinas.com\/site\/2019\/06\/26\/unlu-llama-a-cubrir-cargos-docentes\/","name":"UNLu llama a cubrir cargos docentes","isPartOf":{"@id":"https:\/\/noticiasmercedinas.com\/site\/#website"},"primaryImageOfPage":{"@id":"https:\/\/noticiasmercedinas.com\/site\/2019\/06\/26\/unlu-llama-a-cubrir-cargos-docentes\/#primaryimage"},"image":{"@id":"https:\/\/noticiasmercedinas.com\/site\/2019\/06\/26\/unlu-llama-a-cubrir-cargos-docentes\/#primaryimage"},"thumbnailUrl":"https:\/\/noticiasmercedinas.com\/site\/wp-content\/uploads\/2018\/12\/Universidad-Nacional-Lujan3_Carrusel.jpg","datePublished":"2019-06-26T11:43:07+00:00","breadcrumb":{"@id":"https:\/\/noticiasmercedinas.com\/site\/2019\/06\/26\/unlu-llama-a-cubrir-cargos-docentes\/#breadcrumb"},"inLanguage":"es","potentialAction":[{"@type":"ReadAction","target":["https:\/\/noticiasmercedinas.com\/site\/2019\/06\/26\/unlu-llama-a-cubrir-cargos-docentes\/"]}]},{"@type":"ImageObject","inLanguage":"es","@id":"https:\/\/noticiasmercedinas.com\/site\/2019\/06\/26\/unlu-llama-a-cubrir-cargos-docentes\/#primaryimage","url":"https:\/\/noticiasmercedinas.com\/site\/wp-content\/uploads\/2018\/12\/Universidad-Nacional-Lujan3_Carrusel.jpg","contentUrl":"https:\/\/noticiasmercedinas.com\/site\/wp-content\/uploads\/2018\/12\/Universidad-Nacional-Lujan3_Carrusel.jpg","width":692,"height":335},{"@type":"BreadcrumbList","@id":"https:\/\/noticiasmercedinas.com\/site\/2019\/06\/26\/unlu-llama-a-cubrir-cargos-docentes\/#breadcrumb","itemListElement":[{"@type":"ListItem","position":1,"name":"Portada","item":"https:\/\/noticiasmercedinas.com\/site\/"},{"@type":"ListItem","position":2,"name":"UNLu llama a cubrir cargos docentes"}]},{"@type":"WebSite","@id":"https:\/\/noticiasmercedinas.com\/site\/#website","url":"https:\/\/noticiasmercedinas.com\/site\/","name":"NOTICIASMERCEDINAS.COM","description":"Mercedes, Buenos Aires, Argentina","publisher":{"@id":"https:\/\/noticiasmercedinas.com\/site\/#organization"},"potentialAction":[{"@type":"SearchAction","target":{"@type":"EntryPoint","urlTemplate":"https:\/\/noticiasmercedinas.com\/site\/?s={search_term_string}"},"query-input":{"@type":"PropertyValueSpecification","valueRequired":true,"valueName":"search_term_string"}}],"inLanguage":"es"},{"@type":"Organization","@id":"https:\/\/noticiasmercedinas.com\/site\/#organization","name":"NOTICIASMERCEDINAS.COM","url":"https:\/\/noticiasmercedinas.com\/site\/","logo":{"@type":"ImageObject","inLanguage":"es","@id":"https:\/\/noticiasmercedinas.com\/site\/#\/schema\/logo\/image\/","url":"https:\/\/noticiasmercedinas.com\/site\/wp-content\/uploads\/2020\/06\/LOGO-512.jpg","contentUrl":"https:\/\/noticiasmercedinas.com\/site\/wp-content\/uploads\/2020\/06\/LOGO-512.jpg","width":512,"height":512,"caption":"NOTICIASMERCEDINAS.COM"},"image":{"@id":"https:\/\/noticiasmercedinas.com\/site\/#\/schema\/logo\/image\/"},"sameAs":["https:\/\/www.facebook.com\/noticiasmercedinas\/","https:\/\/x.com\/notmercedinas","https:\/\/www.instagram.com\/noticiasmercedinas\/"]},{"@type":"Person","@id":"https:\/\/noticiasmercedinas.com\/site\/#\/schema\/person\/84b59c099c28ff2e8b77d4ceec5d8063","name":"NOTICIASMERCEDINAS.COM","image":{"@type":"ImageObject","inLanguage":"es","@id":"https:\/\/secure.gravatar.com\/avatar\/4dfbf16b4d17945bfb6341b2d19043457132fcf478a5ee04f42e959fd8f5df0a?s=96&d=mm&r=g","url":"https:\/\/secure.gravatar.com\/avatar\/4dfbf16b4d17945bfb6341b2d19043457132fcf478a5ee04f42e959fd8f5df0a?s=96&d=mm&r=g","contentUrl":"https:\/\/secure.gravatar.com\/avatar\/4dfbf16b4d17945bfb6341b2d19043457132fcf478a5ee04f42e959fd8f5df0a?s=96&d=mm&r=g","caption":"NOTICIASMERCEDINAS.COM"},"url":"https:\/\/noticiasmercedinas.com\/site\/author\/anonimo\/"}]}},"amp_enabled":true,"_links":{"self":[{"href":"https:\/\/noticiasmercedinas.com\/site\/wp-json\/wp\/v2\/posts\/22178","targetHints":{"allow":["GET"]}}],"collection":[{"href":"https:\/\/noticiasmercedinas.com\/site\/wp-json\/wp\/v2\/posts"}],"about":[{"href":"https:\/\/noticiasmercedinas.com\/site\/wp-json\/wp\/v2\/types\/post"}],"author":[{"embeddable":true,"href":"https:\/\/noticiasmercedinas.com\/site\/wp-json\/wp\/v2\/users\/16"}],"replies":[{"embeddable":true,"href":"https:\/\/noticiasmercedinas.com\/site\/wp-json\/wp\/v2\/comments?post=22178"}],"version-history":[{"count":1,"href":"https:\/\/noticiasmercedinas.com\/site\/wp-json\/wp\/v2\/posts\/22178\/revisions"}],"predecessor-version":[{"id":22179,"href":"https:\/\/noticiasmercedinas.com\/site\/wp-json\/wp\/v2\/posts\/22178\/revisions\/22179"}],"wp:featuredmedia":[{"embeddable":true,"href":"https:\/\/noticiasmercedinas.com\/site\/wp-json\/wp\/v2\/media\/9568"}],"wp:attachment":[{"href":"https:\/\/noticiasmercedinas.com\/site\/wp-json\/wp\/v2\/media?parent=22178"}],"wp:term":[{"taxonomy":"category","embeddable":true,"href":"https:\/\/noticiasmercedinas.com\/site\/wp-json\/wp\/v2\/categories?post=22178"},{"taxonomy":"post_tag","embeddable":true,"href":"https:\/\/noticiasmercedinas.com\/site\/wp-json\/wp\/v2\/tags?post=22178"}],"curies":[{"name":"wp","href":"https:\/\/api.w.org\/{rel}","templated":true}]}}