{"id":22519,"date":"2019-06-30T23:17:42","date_gmt":"2019-07-01T02:17:42","guid":{"rendered":"https:\/\/noticiasmercedinas.com\/site\/?p=22519"},"modified":"2019-06-30T23:20:07","modified_gmt":"2019-07-01T02:20:07","slug":"javier-funcia-y-un-fin-de-semana-complejo-en-el-mouras-de-la-plata","status":"publish","type":"post","link":"https:\/\/noticiasmercedinas.com\/site\/2019\/06\/30\/javier-funcia-y-un-fin-de-semana-complejo-en-el-mouras-de-la-plata\/","title":{"rendered":"Javier Funcia y un fin de semana complejo en el Mouras de La Plata"},"content":{"rendered":"<p><img loading=\"lazy\" decoding=\"async\" class=\"alignnone size-full wp-image-22520\" src=\"https:\/\/noticiasmercedinas.com\/site\/wp-content\/uploads\/2019\/06\/65385872_691608551283976_8526967661316276224_n.png\" alt=\"\" width=\"650\" height=\"339\" srcset=\"https:\/\/noticiasmercedinas.com\/site\/wp-content\/uploads\/2019\/06\/65385872_691608551283976_8526967661316276224_n.png 650w, https:\/\/noticiasmercedinas.com\/site\/wp-content\/uploads\/2019\/06\/65385872_691608551283976_8526967661316276224_n-300x156.png 300w, https:\/\/noticiasmercedinas.com\/site\/wp-content\/uploads\/2019\/06\/65385872_691608551283976_8526967661316276224_n-640x334.png 640w\" sizes=\"auto, (max-width: 650px) 100vw, 650px\" \/><br \/>\nDurante el \u00faltimo fin de semana del mes de junio se disput\u00f3 la sexta fecha del certamen fiscalizado por la CDA en el Aut\u00f3dromo Roberto Mouras de La Plata. Desde el s\u00e1bado recibi\u00f3 la actividad oficial con entrenamientos clasificaci\u00f3n y la serie \u00fanica para los 14 inscriptos que hubo en pista, los ensayos marcaron un buen registro en cuanto a posici\u00f3n para Funcia con un segundo puesto,<\/p>\n<p>A la hora de la continuidad de pr\u00e1cticas libres se notaron inconvenientes en el burro de arranque que lo marginaron de registrar una vuelta l\u00f3gica para la clasificaci\u00f3n, ubic\u00e1ndolo en posici\u00f3n n\u00famero 12, ya con la \u00faltima luz de la tarde del s\u00e1bado con una condici\u00f3n de pista h\u00fameda se corri\u00f3 la serie clasificatoria en d\u00f3nde se debi\u00f3 optar por el neum\u00e1tico con dibujo especial de lluvia.<\/p>\n<p>Pudo avanzar hasta el sexto puesto tras el desarrollo de 5 vueltas, la posici\u00f3n en la grilla de la final ser\u00eda desde la tercera fila de largada compartiendo con Ricardo Zubia. El Domingo por la ma\u00f1ana comenzaba con novedades en la calle de boxes, el piloto mercedino sufr\u00eda una contractura lumbar que no le permit\u00eda estar en plenitud para afrontar la final. Al momento de la largada el Ford Falc\u00f3n n\u00famero 8 evidenci\u00f3 la rotura de la palanca de cambios, y la prueba final para el Mercedes Sport Group sol\u00f3 se corri\u00f3 durante 7 giros.<br \/>\n<img loading=\"lazy\" decoding=\"async\" class=\"alignnone size-full wp-image-22521\" src=\"https:\/\/noticiasmercedinas.com\/site\/wp-content\/uploads\/2019\/06\/65733029_691607064617458_5843815816713207808_n.jpg\" alt=\"\" width=\"650\" height=\"488\" srcset=\"https:\/\/noticiasmercedinas.com\/site\/wp-content\/uploads\/2019\/06\/65733029_691607064617458_5843815816713207808_n.jpg 650w, https:\/\/noticiasmercedinas.com\/site\/wp-content\/uploads\/2019\/06\/65733029_691607064617458_5843815816713207808_n-300x225.jpg 300w, https:\/\/noticiasmercedinas.com\/site\/wp-content\/uploads\/2019\/06\/65733029_691607064617458_5843815816713207808_n-80x60.jpg 80w, https:\/\/noticiasmercedinas.com\/site\/wp-content\/uploads\/2019\/06\/65733029_691607064617458_5843815816713207808_n-160x120.jpg 160w, https:\/\/noticiasmercedinas.com\/site\/wp-content\/uploads\/2019\/06\/65733029_691607064617458_5843815816713207808_n-100x75.jpg 100w, https:\/\/noticiasmercedinas.com\/site\/wp-content\/uploads\/2019\/06\/65733029_691607064617458_5843815816713207808_n-200x150.jpg 200w, https:\/\/noticiasmercedinas.com\/site\/wp-content\/uploads\/2019\/06\/65733029_691607064617458_5843815816713207808_n-180x135.jpg 180w, https:\/\/noticiasmercedinas.com\/site\/wp-content\/uploads\/2019\/06\/65733029_691607064617458_5843815816713207808_n-360x270.jpg 360w, https:\/\/noticiasmercedinas.com\/site\/wp-content\/uploads\/2019\/06\/65733029_691607064617458_5843815816713207808_n-238x178.jpg 238w, https:\/\/noticiasmercedinas.com\/site\/wp-content\/uploads\/2019\/06\/65733029_691607064617458_5843815816713207808_n-476x356.jpg 476w, https:\/\/noticiasmercedinas.com\/site\/wp-content\/uploads\/2019\/06\/65733029_691607064617458_5843815816713207808_n-640x480.jpg 640w\" sizes=\"auto, (max-width: 650px) 100vw, 650px\" \/><br \/>\nCuando la unidad ingres\u00f3 a la zona de boxes haciendo abandono de la competencia, una vez dentro del parque cerrado Funcia fue asistido por su molestia lumbar en la enfermer\u00eda del Roberto Mouras, el piloto ya se encuentra recuper\u00e1ndose en Mercedes y a la espera de la pr\u00f3xima fecha a desarrollarse el 21 de Julio en el mismo escenario.<\/p>\n<p><strong>Victoria y liderazgo <\/strong><br \/>\nEmmanuel P\u00e9rez Bravo venci\u00f3 en una espectacular definici\u00f3n en la sexta prueba final del Turismo 4000 Argentino disputada en el Aut\u00f3dromo Roberto Mouras (La Plata), sumando los 39 puntos en disputa durante el fin de semana que le permiten ser nuevamente el l\u00edder del campeonato que ha llegado, al d\u00eda de hoy, a su primera mitad de desarrollo. El piloto de Huanguelen (Buenos Aires), comparti\u00f3 el sexto podio anual con Ayrton Miserda y Germ\u00e1n Pietranera, este \u00faltimo, a 8,50 puntos del nuevo l\u00edder de la tabla anual.<\/p>\n<p><strong>Final Turismo 4000 Argentino<\/strong><\/p>\n<p>POS. N\u00ba PILOTO\u00a0 \u00a0MARCA\u00a0 \u00a0 \u00a0 VTAS\u00a0 \u00a0 TIEMPO\u00a0 \u00a0 \u00a0 \u00a0 \u00a0 \u00a0 \u00a0 \u00a0 DIF.<br \/>\n1 2 P\u00c9REZ BRAVO, EMMANUEL CHEVROLET 12 24;45.039<br \/>\n2 111 MISERDA, AYRTON FORD 12 24;45.169 0.130<br \/>\n3 1 PIETRANERA, GERM\u00c1N FORD 12 24;45.289 0.250<br \/>\n4 10 GUINDANI, JAVIER CHEVROLET 12 24;46.453 1,414<br \/>\n5 7 ZUB\u00cdA, RICARDO CHEVROLET 12 24;46.941 1,902<br \/>\n6 112 SELVA , MAURICIO CHEVROLET 12 24;47.832 2,793<br \/>\n7 11 BARTUCCI, ANTONIO CHEVROLET 12 24;48.783 3,744<br \/>\n8 44 NEWING, JOSE LUIS DODGE 12 24;49.377 4,338<br \/>\n9 13 GONZ\u00c1LEZ, GONZALO CHEVROLET 12 24;53.196 8,157<br \/>\n10 14 GRIJNIEWICZ, GABRIEL DODGE 12 24;54.960 9,921<br \/>\n11 105 QUEIJEIRO, NEREO DODGE 8 14;52.750 4 VTAS<br \/>\n12 8 <strong><em>FUNCIA, JAVIER FORD 7 13;44.797 5 VTAS<\/em><\/strong><br \/>\n13 17 NOWAK, FABI\u00c1N TORINO 4 07;10.407 8 VTAS<\/p>\n<p>Promedio del ganador: 127,997 KM\/H<\/p>\n<p><strong>Campeonato 2019 Turismo 4000 Argentino<\/strong><br \/>\n1 2 EMMANUEL PEREZ BRAVO CHEVROLET 205.<br \/>\n2 1 GERMAN PIETRANERA FORD 196.5.<br \/>\n3 112 MAURICIO SELVA CHEVROLET 152.<br \/>\n4 105 NEREO QUEIJEIRO DODGE 138.<br \/>\n5 5 JUAN CARLOS BAVA FORD 137.5.<br \/>\n6 8 <strong><em>JAVIER FUNCIA FORD 136.5.<\/em><\/strong><br \/>\n7 7 RICARDO ZUBIA CHEVROLET 125.<br \/>\n8 10 JAVIER GUINDANI CHEVROLET 124.5.<br \/>\n9 11 ANTONIO BARTUCCI CHEVROLET 99.<br \/>\n10 12 MAXIMO TONLORENZI CHEVROLET 89.<br \/>\n<img loading=\"lazy\" decoding=\"async\" class=\"alignnone size-full wp-image-22522\" src=\"https:\/\/noticiasmercedinas.com\/site\/wp-content\/uploads\/2019\/06\/65536844_691607207950777_898279606660890624_n.jpg\" alt=\"\" width=\"650\" height=\"386\" srcset=\"https:\/\/noticiasmercedinas.com\/site\/wp-content\/uploads\/2019\/06\/65536844_691607207950777_898279606660890624_n.jpg 650w, https:\/\/noticiasmercedinas.com\/site\/wp-content\/uploads\/2019\/06\/65536844_691607207950777_898279606660890624_n-300x178.jpg 300w, https:\/\/noticiasmercedinas.com\/site\/wp-content\/uploads\/2019\/06\/65536844_691607207950777_898279606660890624_n-640x380.jpg 640w\" sizes=\"auto, (max-width: 650px) 100vw, 650px\" \/><\/p>\n<p>Fuente: Todo El Deporte Est\u00e1 Ac\u00e1.<\/p>\n","protected":false},"excerpt":{"rendered":"<p>Durante el \u00faltimo fin de semana del mes de junio se disput\u00f3 la sexta fecha del certamen fiscalizado por la CDA en el Aut\u00f3dromo Roberto Mouras de La Plata. Desde el s\u00e1bado recibi\u00f3 la actividad oficial con entrenamientos clasificaci\u00f3n y la serie \u00fanica para los 14 inscriptos que hubo en pista, los ensayos marcaron un [&hellip;]<\/p>\n","protected":false},"author":16,"featured_media":22520,"comment_status":"open","ping_status":"open","sticky":false,"template":"","format":"standard","meta":{"footnotes":""},"categories":[5],"tags":[3600,3601],"class_list":["post-22519","post","type-post","status-publish","format-standard","has-post-thumbnail","hentry","category-deportes","tag-automovilismo","tag-javier-funcia"],"yoast_head":"<!-- This site is optimized with the Yoast SEO plugin v28.3 - https:\/\/yoast.com\/product\/yoast-seo-wordpress\/ -->\n<title>Javier Funcia y un fin de semana complejo en el Mouras de La Plata<\/title>\n<meta name=\"robots\" content=\"index, follow, max-snippet:-1, max-image-preview:large, max-video-preview:-1\" \/>\n<link rel=\"canonical\" href=\"https:\/\/noticiasmercedinas.com\/site\/2019\/06\/30\/javier-funcia-y-un-fin-de-semana-complejo-en-el-mouras-de-la-plata\/\" \/>\n<meta property=\"og:locale\" content=\"es_ES\" \/>\n<meta property=\"og:type\" content=\"article\" \/>\n<meta property=\"og:title\" content=\"Javier Funcia y un fin de semana complejo en el Mouras de La Plata\" \/>\n<meta property=\"og:description\" content=\"Durante el \u00faltimo fin de semana del mes de junio se disput\u00f3 la sexta fecha del certamen fiscalizado por la CDA en el Aut\u00f3dromo Roberto Mouras de La Plata. Desde el s\u00e1bado recibi\u00f3 la actividad oficial con entrenamientos clasificaci\u00f3n y la serie \u00fanica para los 14 inscriptos que hubo en pista, los ensayos marcaron un [&hellip;]\" \/>\n<meta property=\"og:url\" content=\"https:\/\/noticiasmercedinas.com\/site\/2019\/06\/30\/javier-funcia-y-un-fin-de-semana-complejo-en-el-mouras-de-la-plata\/\" \/>\n<meta property=\"og:site_name\" content=\"NOTICIASMERCEDINAS.COM\" \/>\n<meta property=\"article:publisher\" content=\"https:\/\/www.facebook.com\/noticiasmercedinas\/\" \/>\n<meta property=\"article:published_time\" content=\"2019-07-01T02:17:42+00:00\" \/>\n<meta property=\"article:modified_time\" content=\"2019-07-01T02:20:07+00:00\" \/>\n<meta property=\"og:image\" content=\"https:\/\/noticiasmercedinas.com\/site\/wp-content\/uploads\/2019\/06\/65385872_691608551283976_8526967661316276224_n.png\" \/>\n\t<meta property=\"og:image:width\" content=\"650\" \/>\n\t<meta property=\"og:image:height\" content=\"339\" \/>\n\t<meta property=\"og:image:type\" content=\"image\/png\" \/>\n<meta name=\"author\" content=\"NOTICIASMERCEDINAS.COM\" \/>\n<meta name=\"twitter:card\" content=\"summary_large_image\" \/>\n<meta name=\"twitter:creator\" content=\"@notmercedinas\" \/>\n<meta name=\"twitter:site\" content=\"@notmercedinas\" \/>\n<meta name=\"twitter:label1\" content=\"Escrito por\" \/>\n\t<meta name=\"twitter:data1\" content=\"NOTICIASMERCEDINAS.COM\" \/>\n\t<meta name=\"twitter:label2\" content=\"Tiempo de lectura\" \/>\n\t<meta name=\"twitter:data2\" content=\"3 minutos\" \/>\n<script type=\"application\/ld+json\" class=\"yoast-schema-graph\">{\"@context\":\"https:\\\/\\\/schema.org\",\"@graph\":[{\"@type\":\"Article\",\"@id\":\"https:\\\/\\\/noticiasmercedinas.com\\\/site\\\/2019\\\/06\\\/30\\\/javier-funcia-y-un-fin-de-semana-complejo-en-el-mouras-de-la-plata\\\/#article\",\"isPartOf\":{\"@id\":\"https:\\\/\\\/noticiasmercedinas.com\\\/site\\\/2019\\\/06\\\/30\\\/javier-funcia-y-un-fin-de-semana-complejo-en-el-mouras-de-la-plata\\\/\"},\"author\":{\"name\":\"NOTICIASMERCEDINAS.COM\",\"@id\":\"https:\\\/\\\/noticiasmercedinas.com\\\/site\\\/#\\\/schema\\\/person\\\/84b59c099c28ff2e8b77d4ceec5d8063\"},\"headline\":\"Javier Funcia y un fin de semana complejo en el Mouras de La Plata\",\"datePublished\":\"2019-07-01T02:17:42+00:00\",\"dateModified\":\"2019-07-01T02:20:07+00:00\",\"mainEntityOfPage\":{\"@id\":\"https:\\\/\\\/noticiasmercedinas.com\\\/site\\\/2019\\\/06\\\/30\\\/javier-funcia-y-un-fin-de-semana-complejo-en-el-mouras-de-la-plata\\\/\"},\"wordCount\":520,\"commentCount\":0,\"publisher\":{\"@id\":\"https:\\\/\\\/noticiasmercedinas.com\\\/site\\\/#organization\"},\"image\":{\"@id\":\"https:\\\/\\\/noticiasmercedinas.com\\\/site\\\/2019\\\/06\\\/30\\\/javier-funcia-y-un-fin-de-semana-complejo-en-el-mouras-de-la-plata\\\/#primaryimage\"},\"thumbnailUrl\":\"https:\\\/\\\/noticiasmercedinas.com\\\/site\\\/wp-content\\\/uploads\\\/2019\\\/06\\\/65385872_691608551283976_8526967661316276224_n.png\",\"keywords\":[\"Automovilismo\",\"Javier funcia\"],\"articleSection\":[\"Deportes\"],\"inLanguage\":\"es\",\"potentialAction\":[{\"@type\":\"CommentAction\",\"name\":\"Comment\",\"target\":[\"https:\\\/\\\/noticiasmercedinas.com\\\/site\\\/2019\\\/06\\\/30\\\/javier-funcia-y-un-fin-de-semana-complejo-en-el-mouras-de-la-plata\\\/#respond\"]}]},{\"@type\":\"WebPage\",\"@id\":\"https:\\\/\\\/noticiasmercedinas.com\\\/site\\\/2019\\\/06\\\/30\\\/javier-funcia-y-un-fin-de-semana-complejo-en-el-mouras-de-la-plata\\\/\",\"url\":\"https:\\\/\\\/noticiasmercedinas.com\\\/site\\\/2019\\\/06\\\/30\\\/javier-funcia-y-un-fin-de-semana-complejo-en-el-mouras-de-la-plata\\\/\",\"name\":\"Javier Funcia y un fin de semana complejo en el Mouras de La Plata\",\"isPartOf\":{\"@id\":\"https:\\\/\\\/noticiasmercedinas.com\\\/site\\\/#website\"},\"primaryImageOfPage\":{\"@id\":\"https:\\\/\\\/noticiasmercedinas.com\\\/site\\\/2019\\\/06\\\/30\\\/javier-funcia-y-un-fin-de-semana-complejo-en-el-mouras-de-la-plata\\\/#primaryimage\"},\"image\":{\"@id\":\"https:\\\/\\\/noticiasmercedinas.com\\\/site\\\/2019\\\/06\\\/30\\\/javier-funcia-y-un-fin-de-semana-complejo-en-el-mouras-de-la-plata\\\/#primaryimage\"},\"thumbnailUrl\":\"https:\\\/\\\/noticiasmercedinas.com\\\/site\\\/wp-content\\\/uploads\\\/2019\\\/06\\\/65385872_691608551283976_8526967661316276224_n.png\",\"datePublished\":\"2019-07-01T02:17:42+00:00\",\"dateModified\":\"2019-07-01T02:20:07+00:00\",\"breadcrumb\":{\"@id\":\"https:\\\/\\\/noticiasmercedinas.com\\\/site\\\/2019\\\/06\\\/30\\\/javier-funcia-y-un-fin-de-semana-complejo-en-el-mouras-de-la-plata\\\/#breadcrumb\"},\"inLanguage\":\"es\",\"potentialAction\":[{\"@type\":\"ReadAction\",\"target\":[\"https:\\\/\\\/noticiasmercedinas.com\\\/site\\\/2019\\\/06\\\/30\\\/javier-funcia-y-un-fin-de-semana-complejo-en-el-mouras-de-la-plata\\\/\"]}]},{\"@type\":\"ImageObject\",\"inLanguage\":\"es\",\"@id\":\"https:\\\/\\\/noticiasmercedinas.com\\\/site\\\/2019\\\/06\\\/30\\\/javier-funcia-y-un-fin-de-semana-complejo-en-el-mouras-de-la-plata\\\/#primaryimage\",\"url\":\"https:\\\/\\\/noticiasmercedinas.com\\\/site\\\/wp-content\\\/uploads\\\/2019\\\/06\\\/65385872_691608551283976_8526967661316276224_n.png\",\"contentUrl\":\"https:\\\/\\\/noticiasmercedinas.com\\\/site\\\/wp-content\\\/uploads\\\/2019\\\/06\\\/65385872_691608551283976_8526967661316276224_n.png\",\"width\":650,\"height\":339},{\"@type\":\"BreadcrumbList\",\"@id\":\"https:\\\/\\\/noticiasmercedinas.com\\\/site\\\/2019\\\/06\\\/30\\\/javier-funcia-y-un-fin-de-semana-complejo-en-el-mouras-de-la-plata\\\/#breadcrumb\",\"itemListElement\":[{\"@type\":\"ListItem\",\"position\":1,\"name\":\"Portada\",\"item\":\"https:\\\/\\\/noticiasmercedinas.com\\\/site\\\/\"},{\"@type\":\"ListItem\",\"position\":2,\"name\":\"Javier Funcia y un fin de semana complejo en el Mouras de La Plata\"}]},{\"@type\":\"WebSite\",\"@id\":\"https:\\\/\\\/noticiasmercedinas.com\\\/site\\\/#website\",\"url\":\"https:\\\/\\\/noticiasmercedinas.com\\\/site\\\/\",\"name\":\"NOTICIASMERCEDINAS.COM\",\"description\":\"Mercedes, Buenos Aires, Argentina\",\"publisher\":{\"@id\":\"https:\\\/\\\/noticiasmercedinas.com\\\/site\\\/#organization\"},\"potentialAction\":[{\"@type\":\"SearchAction\",\"target\":{\"@type\":\"EntryPoint\",\"urlTemplate\":\"https:\\\/\\\/noticiasmercedinas.com\\\/site\\\/?s={search_term_string}\"},\"query-input\":{\"@type\":\"PropertyValueSpecification\",\"valueRequired\":true,\"valueName\":\"search_term_string\"}}],\"inLanguage\":\"es\"},{\"@type\":\"Organization\",\"@id\":\"https:\\\/\\\/noticiasmercedinas.com\\\/site\\\/#organization\",\"name\":\"NOTICIASMERCEDINAS.COM\",\"url\":\"https:\\\/\\\/noticiasmercedinas.com\\\/site\\\/\",\"logo\":{\"@type\":\"ImageObject\",\"inLanguage\":\"es\",\"@id\":\"https:\\\/\\\/noticiasmercedinas.com\\\/site\\\/#\\\/schema\\\/logo\\\/image\\\/\",\"url\":\"https:\\\/\\\/noticiasmercedinas.com\\\/site\\\/wp-content\\\/uploads\\\/2020\\\/06\\\/LOGO-512.jpg\",\"contentUrl\":\"https:\\\/\\\/noticiasmercedinas.com\\\/site\\\/wp-content\\\/uploads\\\/2020\\\/06\\\/LOGO-512.jpg\",\"width\":512,\"height\":512,\"caption\":\"NOTICIASMERCEDINAS.COM\"},\"image\":{\"@id\":\"https:\\\/\\\/noticiasmercedinas.com\\\/site\\\/#\\\/schema\\\/logo\\\/image\\\/\"},\"sameAs\":[\"https:\\\/\\\/www.facebook.com\\\/noticiasmercedinas\\\/\",\"https:\\\/\\\/x.com\\\/notmercedinas\",\"https:\\\/\\\/www.instagram.com\\\/noticiasmercedinas\\\/\"]},{\"@type\":\"Person\",\"@id\":\"https:\\\/\\\/noticiasmercedinas.com\\\/site\\\/#\\\/schema\\\/person\\\/84b59c099c28ff2e8b77d4ceec5d8063\",\"name\":\"NOTICIASMERCEDINAS.COM\",\"image\":{\"@type\":\"ImageObject\",\"inLanguage\":\"es\",\"@id\":\"https:\\\/\\\/secure.gravatar.com\\\/avatar\\\/4dfbf16b4d17945bfb6341b2d19043457132fcf478a5ee04f42e959fd8f5df0a?s=96&d=mm&r=g\",\"url\":\"https:\\\/\\\/secure.gravatar.com\\\/avatar\\\/4dfbf16b4d17945bfb6341b2d19043457132fcf478a5ee04f42e959fd8f5df0a?s=96&d=mm&r=g\",\"contentUrl\":\"https:\\\/\\\/secure.gravatar.com\\\/avatar\\\/4dfbf16b4d17945bfb6341b2d19043457132fcf478a5ee04f42e959fd8f5df0a?s=96&d=mm&r=g\",\"caption\":\"NOTICIASMERCEDINAS.COM\"},\"url\":\"https:\\\/\\\/noticiasmercedinas.com\\\/site\\\/author\\\/anonimo\\\/\"}]}<\/script>\n<!-- \/ Yoast SEO plugin. -->","yoast_head_json":{"title":"Javier Funcia y un fin de semana complejo en el Mouras de La Plata","robots":{"index":"index","follow":"follow","max-snippet":"max-snippet:-1","max-image-preview":"max-image-preview:large","max-video-preview":"max-video-preview:-1"},"canonical":"https:\/\/noticiasmercedinas.com\/site\/2019\/06\/30\/javier-funcia-y-un-fin-de-semana-complejo-en-el-mouras-de-la-plata\/","og_locale":"es_ES","og_type":"article","og_title":"Javier Funcia y un fin de semana complejo en el Mouras de La Plata","og_description":"Durante el \u00faltimo fin de semana del mes de junio se disput\u00f3 la sexta fecha del certamen fiscalizado por la CDA en el Aut\u00f3dromo Roberto Mouras de La Plata. Desde el s\u00e1bado recibi\u00f3 la actividad oficial con entrenamientos clasificaci\u00f3n y la serie \u00fanica para los 14 inscriptos que hubo en pista, los ensayos marcaron un [&hellip;]","og_url":"https:\/\/noticiasmercedinas.com\/site\/2019\/06\/30\/javier-funcia-y-un-fin-de-semana-complejo-en-el-mouras-de-la-plata\/","og_site_name":"NOTICIASMERCEDINAS.COM","article_publisher":"https:\/\/www.facebook.com\/noticiasmercedinas\/","article_published_time":"2019-07-01T02:17:42+00:00","article_modified_time":"2019-07-01T02:20:07+00:00","og_image":[{"width":650,"height":339,"url":"https:\/\/noticiasmercedinas.com\/site\/wp-content\/uploads\/2019\/06\/65385872_691608551283976_8526967661316276224_n.png","type":"image\/png"}],"author":"NOTICIASMERCEDINAS.COM","twitter_card":"summary_large_image","twitter_creator":"@notmercedinas","twitter_site":"@notmercedinas","twitter_misc":{"Escrito por":"NOTICIASMERCEDINAS.COM","Tiempo de lectura":"3 minutos"},"schema":{"@context":"https:\/\/schema.org","@graph":[{"@type":"Article","@id":"https:\/\/noticiasmercedinas.com\/site\/2019\/06\/30\/javier-funcia-y-un-fin-de-semana-complejo-en-el-mouras-de-la-plata\/#article","isPartOf":{"@id":"https:\/\/noticiasmercedinas.com\/site\/2019\/06\/30\/javier-funcia-y-un-fin-de-semana-complejo-en-el-mouras-de-la-plata\/"},"author":{"name":"NOTICIASMERCEDINAS.COM","@id":"https:\/\/noticiasmercedinas.com\/site\/#\/schema\/person\/84b59c099c28ff2e8b77d4ceec5d8063"},"headline":"Javier Funcia y un fin de semana complejo en el Mouras de La Plata","datePublished":"2019-07-01T02:17:42+00:00","dateModified":"2019-07-01T02:20:07+00:00","mainEntityOfPage":{"@id":"https:\/\/noticiasmercedinas.com\/site\/2019\/06\/30\/javier-funcia-y-un-fin-de-semana-complejo-en-el-mouras-de-la-plata\/"},"wordCount":520,"commentCount":0,"publisher":{"@id":"https:\/\/noticiasmercedinas.com\/site\/#organization"},"image":{"@id":"https:\/\/noticiasmercedinas.com\/site\/2019\/06\/30\/javier-funcia-y-un-fin-de-semana-complejo-en-el-mouras-de-la-plata\/#primaryimage"},"thumbnailUrl":"https:\/\/noticiasmercedinas.com\/site\/wp-content\/uploads\/2019\/06\/65385872_691608551283976_8526967661316276224_n.png","keywords":["Automovilismo","Javier funcia"],"articleSection":["Deportes"],"inLanguage":"es","potentialAction":[{"@type":"CommentAction","name":"Comment","target":["https:\/\/noticiasmercedinas.com\/site\/2019\/06\/30\/javier-funcia-y-un-fin-de-semana-complejo-en-el-mouras-de-la-plata\/#respond"]}]},{"@type":"WebPage","@id":"https:\/\/noticiasmercedinas.com\/site\/2019\/06\/30\/javier-funcia-y-un-fin-de-semana-complejo-en-el-mouras-de-la-plata\/","url":"https:\/\/noticiasmercedinas.com\/site\/2019\/06\/30\/javier-funcia-y-un-fin-de-semana-complejo-en-el-mouras-de-la-plata\/","name":"Javier Funcia y un fin de semana complejo en el Mouras de La Plata","isPartOf":{"@id":"https:\/\/noticiasmercedinas.com\/site\/#website"},"primaryImageOfPage":{"@id":"https:\/\/noticiasmercedinas.com\/site\/2019\/06\/30\/javier-funcia-y-un-fin-de-semana-complejo-en-el-mouras-de-la-plata\/#primaryimage"},"image":{"@id":"https:\/\/noticiasmercedinas.com\/site\/2019\/06\/30\/javier-funcia-y-un-fin-de-semana-complejo-en-el-mouras-de-la-plata\/#primaryimage"},"thumbnailUrl":"https:\/\/noticiasmercedinas.com\/site\/wp-content\/uploads\/2019\/06\/65385872_691608551283976_8526967661316276224_n.png","datePublished":"2019-07-01T02:17:42+00:00","dateModified":"2019-07-01T02:20:07+00:00","breadcrumb":{"@id":"https:\/\/noticiasmercedinas.com\/site\/2019\/06\/30\/javier-funcia-y-un-fin-de-semana-complejo-en-el-mouras-de-la-plata\/#breadcrumb"},"inLanguage":"es","potentialAction":[{"@type":"ReadAction","target":["https:\/\/noticiasmercedinas.com\/site\/2019\/06\/30\/javier-funcia-y-un-fin-de-semana-complejo-en-el-mouras-de-la-plata\/"]}]},{"@type":"ImageObject","inLanguage":"es","@id":"https:\/\/noticiasmercedinas.com\/site\/2019\/06\/30\/javier-funcia-y-un-fin-de-semana-complejo-en-el-mouras-de-la-plata\/#primaryimage","url":"https:\/\/noticiasmercedinas.com\/site\/wp-content\/uploads\/2019\/06\/65385872_691608551283976_8526967661316276224_n.png","contentUrl":"https:\/\/noticiasmercedinas.com\/site\/wp-content\/uploads\/2019\/06\/65385872_691608551283976_8526967661316276224_n.png","width":650,"height":339},{"@type":"BreadcrumbList","@id":"https:\/\/noticiasmercedinas.com\/site\/2019\/06\/30\/javier-funcia-y-un-fin-de-semana-complejo-en-el-mouras-de-la-plata\/#breadcrumb","itemListElement":[{"@type":"ListItem","position":1,"name":"Portada","item":"https:\/\/noticiasmercedinas.com\/site\/"},{"@type":"ListItem","position":2,"name":"Javier Funcia y un fin de semana complejo en el Mouras de La Plata"}]},{"@type":"WebSite","@id":"https:\/\/noticiasmercedinas.com\/site\/#website","url":"https:\/\/noticiasmercedinas.com\/site\/","name":"NOTICIASMERCEDINAS.COM","description":"Mercedes, Buenos Aires, Argentina","publisher":{"@id":"https:\/\/noticiasmercedinas.com\/site\/#organization"},"potentialAction":[{"@type":"SearchAction","target":{"@type":"EntryPoint","urlTemplate":"https:\/\/noticiasmercedinas.com\/site\/?s={search_term_string}"},"query-input":{"@type":"PropertyValueSpecification","valueRequired":true,"valueName":"search_term_string"}}],"inLanguage":"es"},{"@type":"Organization","@id":"https:\/\/noticiasmercedinas.com\/site\/#organization","name":"NOTICIASMERCEDINAS.COM","url":"https:\/\/noticiasmercedinas.com\/site\/","logo":{"@type":"ImageObject","inLanguage":"es","@id":"https:\/\/noticiasmercedinas.com\/site\/#\/schema\/logo\/image\/","url":"https:\/\/noticiasmercedinas.com\/site\/wp-content\/uploads\/2020\/06\/LOGO-512.jpg","contentUrl":"https:\/\/noticiasmercedinas.com\/site\/wp-content\/uploads\/2020\/06\/LOGO-512.jpg","width":512,"height":512,"caption":"NOTICIASMERCEDINAS.COM"},"image":{"@id":"https:\/\/noticiasmercedinas.com\/site\/#\/schema\/logo\/image\/"},"sameAs":["https:\/\/www.facebook.com\/noticiasmercedinas\/","https:\/\/x.com\/notmercedinas","https:\/\/www.instagram.com\/noticiasmercedinas\/"]},{"@type":"Person","@id":"https:\/\/noticiasmercedinas.com\/site\/#\/schema\/person\/84b59c099c28ff2e8b77d4ceec5d8063","name":"NOTICIASMERCEDINAS.COM","image":{"@type":"ImageObject","inLanguage":"es","@id":"https:\/\/secure.gravatar.com\/avatar\/4dfbf16b4d17945bfb6341b2d19043457132fcf478a5ee04f42e959fd8f5df0a?s=96&d=mm&r=g","url":"https:\/\/secure.gravatar.com\/avatar\/4dfbf16b4d17945bfb6341b2d19043457132fcf478a5ee04f42e959fd8f5df0a?s=96&d=mm&r=g","contentUrl":"https:\/\/secure.gravatar.com\/avatar\/4dfbf16b4d17945bfb6341b2d19043457132fcf478a5ee04f42e959fd8f5df0a?s=96&d=mm&r=g","caption":"NOTICIASMERCEDINAS.COM"},"url":"https:\/\/noticiasmercedinas.com\/site\/author\/anonimo\/"}]}},"amp_enabled":true,"_links":{"self":[{"href":"https:\/\/noticiasmercedinas.com\/site\/wp-json\/wp\/v2\/posts\/22519","targetHints":{"allow":["GET"]}}],"collection":[{"href":"https:\/\/noticiasmercedinas.com\/site\/wp-json\/wp\/v2\/posts"}],"about":[{"href":"https:\/\/noticiasmercedinas.com\/site\/wp-json\/wp\/v2\/types\/post"}],"author":[{"embeddable":true,"href":"https:\/\/noticiasmercedinas.com\/site\/wp-json\/wp\/v2\/users\/16"}],"replies":[{"embeddable":true,"href":"https:\/\/noticiasmercedinas.com\/site\/wp-json\/wp\/v2\/comments?post=22519"}],"version-history":[{"count":1,"href":"https:\/\/noticiasmercedinas.com\/site\/wp-json\/wp\/v2\/posts\/22519\/revisions"}],"predecessor-version":[{"id":22523,"href":"https:\/\/noticiasmercedinas.com\/site\/wp-json\/wp\/v2\/posts\/22519\/revisions\/22523"}],"wp:featuredmedia":[{"embeddable":true,"href":"https:\/\/noticiasmercedinas.com\/site\/wp-json\/wp\/v2\/media\/22520"}],"wp:attachment":[{"href":"https:\/\/noticiasmercedinas.com\/site\/wp-json\/wp\/v2\/media?parent=22519"}],"wp:term":[{"taxonomy":"category","embeddable":true,"href":"https:\/\/noticiasmercedinas.com\/site\/wp-json\/wp\/v2\/categories?post=22519"},{"taxonomy":"post_tag","embeddable":true,"href":"https:\/\/noticiasmercedinas.com\/site\/wp-json\/wp\/v2\/tags?post=22519"}],"curies":[{"name":"wp","href":"https:\/\/api.w.org\/{rel}","templated":true}]}}