{"id":22532,"date":"2019-07-01T08:52:52","date_gmt":"2019-07-01T11:52:52","guid":{"rendered":"https:\/\/noticiasmercedinas.com\/site\/?p=22532"},"modified":"2019-07-01T08:52:52","modified_gmt":"2019-07-01T11:52:52","slug":"escuelas-de-alternancia-charla-taller-de-dinova-en-baradero","status":"publish","type":"post","link":"https:\/\/noticiasmercedinas.com\/site\/2019\/07\/01\/escuelas-de-alternancia-charla-taller-de-dinova-en-baradero\/","title":{"rendered":"Escuelas de Alternancia: charla taller de Dinova en Baradero"},"content":{"rendered":"<p><img loading=\"lazy\" decoding=\"async\" class=\"alignnone size-full wp-image-22533\" src=\"https:\/\/noticiasmercedinas.com\/site\/wp-content\/uploads\/2019\/07\/Charla-Origen-de-las-Escuelas-de-Alternancia-27-6-19-Di\u00e1logo.jpg\" alt=\"\" width=\"640\" height=\"361\" srcset=\"https:\/\/noticiasmercedinas.com\/site\/wp-content\/uploads\/2019\/07\/Charla-Origen-de-las-Escuelas-de-Alternancia-27-6-19-Di\u00e1logo.jpg 640w, https:\/\/noticiasmercedinas.com\/site\/wp-content\/uploads\/2019\/07\/Charla-Origen-de-las-Escuelas-de-Alternancia-27-6-19-Di\u00e1logo-300x169.jpg 300w\" sizes=\"auto, (max-width: 640px) 100vw, 640px\" \/><\/p>\n<p>Oscar Dinova dio una Charla-Taller en el CEPT N\u00famero 17 de Ireneo Portela, del Partido de Baradero, sobre el origen de las Escuelas de Alternancia.<\/p>\n<p>El pasado jueves 27 de junio, desde el mediod\u00eda y durante toda la tarde, Dinova estuvo invitado a exponer en el CEPT 17 acerca de la historia de las escuelas de alternancia para los alumnos de 1ro y 2do a\u00f1o.<\/p>\n<p>Estas escuelas y el sistema global que las contiene nacieron en Francia hace ya m\u00e1s de 80 a\u00f1os de la mano de Jean Pierre Granereau, un cura apasionado por la educaci\u00f3n rural y un pu\u00f1ado de padres preocupados (y ocupados) por que sus hijos pudieran formarse sin abandonar el campo, sus ra\u00edces y su identidad.<\/p>\n<p>\u201cRecorrimos as\u00ed el itinerario de este p\u00e1rroco, adelantado a su tiempo y due\u00f1o de una convicci\u00f3n y creatividad sin par, que creara en el sudoeste franc\u00e9s y con las buenas armas de la fe en los suyos, la pasi\u00f3n y la participaci\u00f3n comunitaria un sistema educativo que hoy contiene a miles de alumnos en decenas de pa\u00edses de tres continentes\u201d, explic\u00f3 Dinova.<\/p>\n<p>En 1935 naci\u00f3 la primera escuela con 4 alumnos albergados en las habitaciones de una capilla y un solo profesor, el propio cura. El coraz\u00f3n del sistema. En pocos a\u00f1os fue una verdadera explosi\u00f3n matricular y organizativa. Sortearon las enormes dificultades de la Francia ocupada por los alemanes y en menos de 30 a\u00f1os ya eran m\u00e1s de 300 escuelas en el territorio galo. De ah\u00ed saltaron y conquistaron otras latitudes entre las que nos encontramos los argentinos y particularmente los bonaerenses.<\/p>\n<p>\u201cFue una tarde m\u00e1gica, c\u00e1lida y afectiva, donde recreamos entre alumnos, docentes y este servidor una aventura que debiera contagiar a propios y extra\u00f1os, acerca de las posibilidades que nos ofrece la educaci\u00f3n cuando est\u00e1 vivida con la genuina vocaci\u00f3n de servir y se brinda con el alma en la mano\u201d, coment\u00f3 Dinova.<\/p>\n<p>En la provincia de Buenos Aires las escuelas de alternancia se llaman CEPT (Centro Educativos para la Producci\u00f3n Total) y alcanzan la cantidad de 37 Centros. Uno de ellos es el CEPT N\u00ba 4 de Mercedes (camino de tierra a Almeyra).<\/p>\n<p>Oscar Dinova es autor del libro \u201cEscuelas de Alternancia, un Proyecto de Vida\u201d, 1997. Ed Geema. Obra distribuida gratuitamente en todo el territorio argentino en los a\u00f1os 1997-1998.<\/p>\n","protected":false},"excerpt":{"rendered":"<p>Oscar Dinova dio una Charla-Taller en el CEPT N\u00famero 17 de Ireneo Portela, del Partido de Baradero, sobre el origen de las Escuelas de Alternancia. El pasado jueves 27 de junio, desde el mediod\u00eda y durante toda la tarde, Dinova estuvo invitado a exponer en el CEPT 17 acerca de la historia de las escuelas [&hellip;]<\/p>\n","protected":false},"author":16,"featured_media":22533,"comment_status":"open","ping_status":"open","sticky":false,"template":"","format":"standard","meta":{"footnotes":""},"categories":[3],"tags":[5556,258],"class_list":["post-22532","post","type-post","status-publish","format-standard","has-post-thumbnail","hentry","category-sociedad","tag-escuelas-de-alternancia","tag-oscar-dinova"],"yoast_head":"<!-- This site is optimized with the Yoast SEO plugin v27.4 - https:\/\/yoast.com\/product\/yoast-seo-wordpress\/ -->\n<title>Escuelas de Alternancia: charla taller de Dinova en Baradero<\/title>\n<meta name=\"robots\" content=\"index, follow, max-snippet:-1, max-image-preview:large, max-video-preview:-1\" \/>\n<link rel=\"canonical\" href=\"https:\/\/noticiasmercedinas.com\/site\/2019\/07\/01\/escuelas-de-alternancia-charla-taller-de-dinova-en-baradero\/\" \/>\n<meta property=\"og:locale\" content=\"es_ES\" \/>\n<meta property=\"og:type\" content=\"article\" \/>\n<meta property=\"og:title\" content=\"Escuelas de Alternancia: charla taller de Dinova en Baradero\" \/>\n<meta property=\"og:description\" content=\"Oscar Dinova dio una Charla-Taller en el CEPT N\u00famero 17 de Ireneo Portela, del Partido de Baradero, sobre el origen de las Escuelas de Alternancia. El pasado jueves 27 de junio, desde el mediod\u00eda y durante toda la tarde, Dinova estuvo invitado a exponer en el CEPT 17 acerca de la historia de las escuelas [&hellip;]\" \/>\n<meta property=\"og:url\" content=\"https:\/\/noticiasmercedinas.com\/site\/2019\/07\/01\/escuelas-de-alternancia-charla-taller-de-dinova-en-baradero\/\" \/>\n<meta property=\"og:site_name\" content=\"NOTICIASMERCEDINAS.COM\" \/>\n<meta property=\"article:publisher\" content=\"https:\/\/www.facebook.com\/noticiasmercedinas\/\" \/>\n<meta property=\"article:published_time\" content=\"2019-07-01T11:52:52+00:00\" \/>\n<meta property=\"og:image\" content=\"https:\/\/noticiasmercedinas.com\/site\/wp-content\/uploads\/2019\/07\/Charla-Origen-de-las-Escuelas-de-Alternancia-27-6-19-Di\u00e1logo.jpg\" \/>\n\t<meta property=\"og:image:width\" content=\"640\" \/>\n\t<meta property=\"og:image:height\" content=\"361\" \/>\n\t<meta property=\"og:image:type\" content=\"image\/jpeg\" \/>\n<meta name=\"author\" content=\"NOTICIASMERCEDINAS.COM\" \/>\n<meta name=\"twitter:card\" content=\"summary_large_image\" \/>\n<meta name=\"twitter:creator\" content=\"@notmercedinas\" \/>\n<meta name=\"twitter:site\" content=\"@notmercedinas\" \/>\n<meta name=\"twitter:label1\" content=\"Escrito por\" \/>\n\t<meta name=\"twitter:data1\" content=\"NOTICIASMERCEDINAS.COM\" \/>\n\t<meta name=\"twitter:label2\" content=\"Tiempo de lectura\" \/>\n\t<meta name=\"twitter:data2\" content=\"2 minutos\" \/>\n<script type=\"application\/ld+json\" class=\"yoast-schema-graph\">{\"@context\":\"https:\\\/\\\/schema.org\",\"@graph\":[{\"@type\":\"Article\",\"@id\":\"https:\\\/\\\/noticiasmercedinas.com\\\/site\\\/2019\\\/07\\\/01\\\/escuelas-de-alternancia-charla-taller-de-dinova-en-baradero\\\/#article\",\"isPartOf\":{\"@id\":\"https:\\\/\\\/noticiasmercedinas.com\\\/site\\\/2019\\\/07\\\/01\\\/escuelas-de-alternancia-charla-taller-de-dinova-en-baradero\\\/\"},\"author\":{\"name\":\"NOTICIASMERCEDINAS.COM\",\"@id\":\"https:\\\/\\\/noticiasmercedinas.com\\\/site\\\/#\\\/schema\\\/person\\\/84b59c099c28ff2e8b77d4ceec5d8063\"},\"headline\":\"Escuelas de Alternancia: charla taller de Dinova en Baradero\",\"datePublished\":\"2019-07-01T11:52:52+00:00\",\"mainEntityOfPage\":{\"@id\":\"https:\\\/\\\/noticiasmercedinas.com\\\/site\\\/2019\\\/07\\\/01\\\/escuelas-de-alternancia-charla-taller-de-dinova-en-baradero\\\/\"},\"wordCount\":411,\"commentCount\":0,\"publisher\":{\"@id\":\"https:\\\/\\\/noticiasmercedinas.com\\\/site\\\/#organization\"},\"image\":{\"@id\":\"https:\\\/\\\/noticiasmercedinas.com\\\/site\\\/2019\\\/07\\\/01\\\/escuelas-de-alternancia-charla-taller-de-dinova-en-baradero\\\/#primaryimage\"},\"thumbnailUrl\":\"https:\\\/\\\/noticiasmercedinas.com\\\/site\\\/wp-content\\\/uploads\\\/2019\\\/07\\\/Charla-Origen-de-las-Escuelas-de-Alternancia-27-6-19-Di\u00e1logo.jpg\",\"keywords\":[\"escuelas de alternancia\",\"oscar dinova\"],\"articleSection\":[\"Sociedad\"],\"inLanguage\":\"es\",\"potentialAction\":[{\"@type\":\"CommentAction\",\"name\":\"Comment\",\"target\":[\"https:\\\/\\\/noticiasmercedinas.com\\\/site\\\/2019\\\/07\\\/01\\\/escuelas-de-alternancia-charla-taller-de-dinova-en-baradero\\\/#respond\"]}]},{\"@type\":\"WebPage\",\"@id\":\"https:\\\/\\\/noticiasmercedinas.com\\\/site\\\/2019\\\/07\\\/01\\\/escuelas-de-alternancia-charla-taller-de-dinova-en-baradero\\\/\",\"url\":\"https:\\\/\\\/noticiasmercedinas.com\\\/site\\\/2019\\\/07\\\/01\\\/escuelas-de-alternancia-charla-taller-de-dinova-en-baradero\\\/\",\"name\":\"Escuelas de Alternancia: charla taller de Dinova en Baradero\",\"isPartOf\":{\"@id\":\"https:\\\/\\\/noticiasmercedinas.com\\\/site\\\/#website\"},\"primaryImageOfPage\":{\"@id\":\"https:\\\/\\\/noticiasmercedinas.com\\\/site\\\/2019\\\/07\\\/01\\\/escuelas-de-alternancia-charla-taller-de-dinova-en-baradero\\\/#primaryimage\"},\"image\":{\"@id\":\"https:\\\/\\\/noticiasmercedinas.com\\\/site\\\/2019\\\/07\\\/01\\\/escuelas-de-alternancia-charla-taller-de-dinova-en-baradero\\\/#primaryimage\"},\"thumbnailUrl\":\"https:\\\/\\\/noticiasmercedinas.com\\\/site\\\/wp-content\\\/uploads\\\/2019\\\/07\\\/Charla-Origen-de-las-Escuelas-de-Alternancia-27-6-19-Di\u00e1logo.jpg\",\"datePublished\":\"2019-07-01T11:52:52+00:00\",\"breadcrumb\":{\"@id\":\"https:\\\/\\\/noticiasmercedinas.com\\\/site\\\/2019\\\/07\\\/01\\\/escuelas-de-alternancia-charla-taller-de-dinova-en-baradero\\\/#breadcrumb\"},\"inLanguage\":\"es\",\"potentialAction\":[{\"@type\":\"ReadAction\",\"target\":[\"https:\\\/\\\/noticiasmercedinas.com\\\/site\\\/2019\\\/07\\\/01\\\/escuelas-de-alternancia-charla-taller-de-dinova-en-baradero\\\/\"]}]},{\"@type\":\"ImageObject\",\"inLanguage\":\"es\",\"@id\":\"https:\\\/\\\/noticiasmercedinas.com\\\/site\\\/2019\\\/07\\\/01\\\/escuelas-de-alternancia-charla-taller-de-dinova-en-baradero\\\/#primaryimage\",\"url\":\"https:\\\/\\\/noticiasmercedinas.com\\\/site\\\/wp-content\\\/uploads\\\/2019\\\/07\\\/Charla-Origen-de-las-Escuelas-de-Alternancia-27-6-19-Di\u00e1logo.jpg\",\"contentUrl\":\"https:\\\/\\\/noticiasmercedinas.com\\\/site\\\/wp-content\\\/uploads\\\/2019\\\/07\\\/Charla-Origen-de-las-Escuelas-de-Alternancia-27-6-19-Di\u00e1logo.jpg\",\"width\":640,\"height\":361},{\"@type\":\"BreadcrumbList\",\"@id\":\"https:\\\/\\\/noticiasmercedinas.com\\\/site\\\/2019\\\/07\\\/01\\\/escuelas-de-alternancia-charla-taller-de-dinova-en-baradero\\\/#breadcrumb\",\"itemListElement\":[{\"@type\":\"ListItem\",\"position\":1,\"name\":\"Portada\",\"item\":\"https:\\\/\\\/noticiasmercedinas.com\\\/site\\\/\"},{\"@type\":\"ListItem\",\"position\":2,\"name\":\"Escuelas de Alternancia: charla taller de Dinova en Baradero\"}]},{\"@type\":\"WebSite\",\"@id\":\"https:\\\/\\\/noticiasmercedinas.com\\\/site\\\/#website\",\"url\":\"https:\\\/\\\/noticiasmercedinas.com\\\/site\\\/\",\"name\":\"NOTICIASMERCEDINAS.COM\",\"description\":\"Mercedes, Buenos Aires, Argentina\",\"publisher\":{\"@id\":\"https:\\\/\\\/noticiasmercedinas.com\\\/site\\\/#organization\"},\"potentialAction\":[{\"@type\":\"SearchAction\",\"target\":{\"@type\":\"EntryPoint\",\"urlTemplate\":\"https:\\\/\\\/noticiasmercedinas.com\\\/site\\\/?s={search_term_string}\"},\"query-input\":{\"@type\":\"PropertyValueSpecification\",\"valueRequired\":true,\"valueName\":\"search_term_string\"}}],\"inLanguage\":\"es\"},{\"@type\":\"Organization\",\"@id\":\"https:\\\/\\\/noticiasmercedinas.com\\\/site\\\/#organization\",\"name\":\"NOTICIASMERCEDINAS.COM\",\"url\":\"https:\\\/\\\/noticiasmercedinas.com\\\/site\\\/\",\"logo\":{\"@type\":\"ImageObject\",\"inLanguage\":\"es\",\"@id\":\"https:\\\/\\\/noticiasmercedinas.com\\\/site\\\/#\\\/schema\\\/logo\\\/image\\\/\",\"url\":\"https:\\\/\\\/noticiasmercedinas.com\\\/site\\\/wp-content\\\/uploads\\\/2020\\\/06\\\/LOGO-512.jpg\",\"contentUrl\":\"https:\\\/\\\/noticiasmercedinas.com\\\/site\\\/wp-content\\\/uploads\\\/2020\\\/06\\\/LOGO-512.jpg\",\"width\":512,\"height\":512,\"caption\":\"NOTICIASMERCEDINAS.COM\"},\"image\":{\"@id\":\"https:\\\/\\\/noticiasmercedinas.com\\\/site\\\/#\\\/schema\\\/logo\\\/image\\\/\"},\"sameAs\":[\"https:\\\/\\\/www.facebook.com\\\/noticiasmercedinas\\\/\",\"https:\\\/\\\/x.com\\\/notmercedinas\",\"https:\\\/\\\/www.instagram.com\\\/noticiasmercedinas\\\/\"]},{\"@type\":\"Person\",\"@id\":\"https:\\\/\\\/noticiasmercedinas.com\\\/site\\\/#\\\/schema\\\/person\\\/84b59c099c28ff2e8b77d4ceec5d8063\",\"name\":\"NOTICIASMERCEDINAS.COM\",\"image\":{\"@type\":\"ImageObject\",\"inLanguage\":\"es\",\"@id\":\"https:\\\/\\\/secure.gravatar.com\\\/avatar\\\/4dfbf16b4d17945bfb6341b2d19043457132fcf478a5ee04f42e959fd8f5df0a?s=96&d=mm&r=g\",\"url\":\"https:\\\/\\\/secure.gravatar.com\\\/avatar\\\/4dfbf16b4d17945bfb6341b2d19043457132fcf478a5ee04f42e959fd8f5df0a?s=96&d=mm&r=g\",\"contentUrl\":\"https:\\\/\\\/secure.gravatar.com\\\/avatar\\\/4dfbf16b4d17945bfb6341b2d19043457132fcf478a5ee04f42e959fd8f5df0a?s=96&d=mm&r=g\",\"caption\":\"NOTICIASMERCEDINAS.COM\"},\"url\":\"https:\\\/\\\/noticiasmercedinas.com\\\/site\\\/author\\\/anonimo\\\/\"}]}<\/script>\n<!-- \/ Yoast SEO plugin. -->","yoast_head_json":{"title":"Escuelas de Alternancia: charla taller de Dinova en Baradero","robots":{"index":"index","follow":"follow","max-snippet":"max-snippet:-1","max-image-preview":"max-image-preview:large","max-video-preview":"max-video-preview:-1"},"canonical":"https:\/\/noticiasmercedinas.com\/site\/2019\/07\/01\/escuelas-de-alternancia-charla-taller-de-dinova-en-baradero\/","og_locale":"es_ES","og_type":"article","og_title":"Escuelas de Alternancia: charla taller de Dinova en Baradero","og_description":"Oscar Dinova dio una Charla-Taller en el CEPT N\u00famero 17 de Ireneo Portela, del Partido de Baradero, sobre el origen de las Escuelas de Alternancia. El pasado jueves 27 de junio, desde el mediod\u00eda y durante toda la tarde, Dinova estuvo invitado a exponer en el CEPT 17 acerca de la historia de las escuelas [&hellip;]","og_url":"https:\/\/noticiasmercedinas.com\/site\/2019\/07\/01\/escuelas-de-alternancia-charla-taller-de-dinova-en-baradero\/","og_site_name":"NOTICIASMERCEDINAS.COM","article_publisher":"https:\/\/www.facebook.com\/noticiasmercedinas\/","article_published_time":"2019-07-01T11:52:52+00:00","og_image":[{"width":640,"height":361,"url":"https:\/\/noticiasmercedinas.com\/site\/wp-content\/uploads\/2019\/07\/Charla-Origen-de-las-Escuelas-de-Alternancia-27-6-19-Di\u00e1logo.jpg","type":"image\/jpeg"}],"author":"NOTICIASMERCEDINAS.COM","twitter_card":"summary_large_image","twitter_creator":"@notmercedinas","twitter_site":"@notmercedinas","twitter_misc":{"Escrito por":"NOTICIASMERCEDINAS.COM","Tiempo de lectura":"2 minutos"},"schema":{"@context":"https:\/\/schema.org","@graph":[{"@type":"Article","@id":"https:\/\/noticiasmercedinas.com\/site\/2019\/07\/01\/escuelas-de-alternancia-charla-taller-de-dinova-en-baradero\/#article","isPartOf":{"@id":"https:\/\/noticiasmercedinas.com\/site\/2019\/07\/01\/escuelas-de-alternancia-charla-taller-de-dinova-en-baradero\/"},"author":{"name":"NOTICIASMERCEDINAS.COM","@id":"https:\/\/noticiasmercedinas.com\/site\/#\/schema\/person\/84b59c099c28ff2e8b77d4ceec5d8063"},"headline":"Escuelas de Alternancia: charla taller de Dinova en Baradero","datePublished":"2019-07-01T11:52:52+00:00","mainEntityOfPage":{"@id":"https:\/\/noticiasmercedinas.com\/site\/2019\/07\/01\/escuelas-de-alternancia-charla-taller-de-dinova-en-baradero\/"},"wordCount":411,"commentCount":0,"publisher":{"@id":"https:\/\/noticiasmercedinas.com\/site\/#organization"},"image":{"@id":"https:\/\/noticiasmercedinas.com\/site\/2019\/07\/01\/escuelas-de-alternancia-charla-taller-de-dinova-en-baradero\/#primaryimage"},"thumbnailUrl":"https:\/\/noticiasmercedinas.com\/site\/wp-content\/uploads\/2019\/07\/Charla-Origen-de-las-Escuelas-de-Alternancia-27-6-19-Di\u00e1logo.jpg","keywords":["escuelas de alternancia","oscar dinova"],"articleSection":["Sociedad"],"inLanguage":"es","potentialAction":[{"@type":"CommentAction","name":"Comment","target":["https:\/\/noticiasmercedinas.com\/site\/2019\/07\/01\/escuelas-de-alternancia-charla-taller-de-dinova-en-baradero\/#respond"]}]},{"@type":"WebPage","@id":"https:\/\/noticiasmercedinas.com\/site\/2019\/07\/01\/escuelas-de-alternancia-charla-taller-de-dinova-en-baradero\/","url":"https:\/\/noticiasmercedinas.com\/site\/2019\/07\/01\/escuelas-de-alternancia-charla-taller-de-dinova-en-baradero\/","name":"Escuelas de Alternancia: charla taller de Dinova en Baradero","isPartOf":{"@id":"https:\/\/noticiasmercedinas.com\/site\/#website"},"primaryImageOfPage":{"@id":"https:\/\/noticiasmercedinas.com\/site\/2019\/07\/01\/escuelas-de-alternancia-charla-taller-de-dinova-en-baradero\/#primaryimage"},"image":{"@id":"https:\/\/noticiasmercedinas.com\/site\/2019\/07\/01\/escuelas-de-alternancia-charla-taller-de-dinova-en-baradero\/#primaryimage"},"thumbnailUrl":"https:\/\/noticiasmercedinas.com\/site\/wp-content\/uploads\/2019\/07\/Charla-Origen-de-las-Escuelas-de-Alternancia-27-6-19-Di\u00e1logo.jpg","datePublished":"2019-07-01T11:52:52+00:00","breadcrumb":{"@id":"https:\/\/noticiasmercedinas.com\/site\/2019\/07\/01\/escuelas-de-alternancia-charla-taller-de-dinova-en-baradero\/#breadcrumb"},"inLanguage":"es","potentialAction":[{"@type":"ReadAction","target":["https:\/\/noticiasmercedinas.com\/site\/2019\/07\/01\/escuelas-de-alternancia-charla-taller-de-dinova-en-baradero\/"]}]},{"@type":"ImageObject","inLanguage":"es","@id":"https:\/\/noticiasmercedinas.com\/site\/2019\/07\/01\/escuelas-de-alternancia-charla-taller-de-dinova-en-baradero\/#primaryimage","url":"https:\/\/noticiasmercedinas.com\/site\/wp-content\/uploads\/2019\/07\/Charla-Origen-de-las-Escuelas-de-Alternancia-27-6-19-Di\u00e1logo.jpg","contentUrl":"https:\/\/noticiasmercedinas.com\/site\/wp-content\/uploads\/2019\/07\/Charla-Origen-de-las-Escuelas-de-Alternancia-27-6-19-Di\u00e1logo.jpg","width":640,"height":361},{"@type":"BreadcrumbList","@id":"https:\/\/noticiasmercedinas.com\/site\/2019\/07\/01\/escuelas-de-alternancia-charla-taller-de-dinova-en-baradero\/#breadcrumb","itemListElement":[{"@type":"ListItem","position":1,"name":"Portada","item":"https:\/\/noticiasmercedinas.com\/site\/"},{"@type":"ListItem","position":2,"name":"Escuelas de Alternancia: charla taller de Dinova en Baradero"}]},{"@type":"WebSite","@id":"https:\/\/noticiasmercedinas.com\/site\/#website","url":"https:\/\/noticiasmercedinas.com\/site\/","name":"NOTICIASMERCEDINAS.COM","description":"Mercedes, Buenos Aires, Argentina","publisher":{"@id":"https:\/\/noticiasmercedinas.com\/site\/#organization"},"potentialAction":[{"@type":"SearchAction","target":{"@type":"EntryPoint","urlTemplate":"https:\/\/noticiasmercedinas.com\/site\/?s={search_term_string}"},"query-input":{"@type":"PropertyValueSpecification","valueRequired":true,"valueName":"search_term_string"}}],"inLanguage":"es"},{"@type":"Organization","@id":"https:\/\/noticiasmercedinas.com\/site\/#organization","name":"NOTICIASMERCEDINAS.COM","url":"https:\/\/noticiasmercedinas.com\/site\/","logo":{"@type":"ImageObject","inLanguage":"es","@id":"https:\/\/noticiasmercedinas.com\/site\/#\/schema\/logo\/image\/","url":"https:\/\/noticiasmercedinas.com\/site\/wp-content\/uploads\/2020\/06\/LOGO-512.jpg","contentUrl":"https:\/\/noticiasmercedinas.com\/site\/wp-content\/uploads\/2020\/06\/LOGO-512.jpg","width":512,"height":512,"caption":"NOTICIASMERCEDINAS.COM"},"image":{"@id":"https:\/\/noticiasmercedinas.com\/site\/#\/schema\/logo\/image\/"},"sameAs":["https:\/\/www.facebook.com\/noticiasmercedinas\/","https:\/\/x.com\/notmercedinas","https:\/\/www.instagram.com\/noticiasmercedinas\/"]},{"@type":"Person","@id":"https:\/\/noticiasmercedinas.com\/site\/#\/schema\/person\/84b59c099c28ff2e8b77d4ceec5d8063","name":"NOTICIASMERCEDINAS.COM","image":{"@type":"ImageObject","inLanguage":"es","@id":"https:\/\/secure.gravatar.com\/avatar\/4dfbf16b4d17945bfb6341b2d19043457132fcf478a5ee04f42e959fd8f5df0a?s=96&d=mm&r=g","url":"https:\/\/secure.gravatar.com\/avatar\/4dfbf16b4d17945bfb6341b2d19043457132fcf478a5ee04f42e959fd8f5df0a?s=96&d=mm&r=g","contentUrl":"https:\/\/secure.gravatar.com\/avatar\/4dfbf16b4d17945bfb6341b2d19043457132fcf478a5ee04f42e959fd8f5df0a?s=96&d=mm&r=g","caption":"NOTICIASMERCEDINAS.COM"},"url":"https:\/\/noticiasmercedinas.com\/site\/author\/anonimo\/"}]}},"amp_enabled":true,"_links":{"self":[{"href":"https:\/\/noticiasmercedinas.com\/site\/wp-json\/wp\/v2\/posts\/22532","targetHints":{"allow":["GET"]}}],"collection":[{"href":"https:\/\/noticiasmercedinas.com\/site\/wp-json\/wp\/v2\/posts"}],"about":[{"href":"https:\/\/noticiasmercedinas.com\/site\/wp-json\/wp\/v2\/types\/post"}],"author":[{"embeddable":true,"href":"https:\/\/noticiasmercedinas.com\/site\/wp-json\/wp\/v2\/users\/16"}],"replies":[{"embeddable":true,"href":"https:\/\/noticiasmercedinas.com\/site\/wp-json\/wp\/v2\/comments?post=22532"}],"version-history":[{"count":1,"href":"https:\/\/noticiasmercedinas.com\/site\/wp-json\/wp\/v2\/posts\/22532\/revisions"}],"predecessor-version":[{"id":22534,"href":"https:\/\/noticiasmercedinas.com\/site\/wp-json\/wp\/v2\/posts\/22532\/revisions\/22534"}],"wp:featuredmedia":[{"embeddable":true,"href":"https:\/\/noticiasmercedinas.com\/site\/wp-json\/wp\/v2\/media\/22533"}],"wp:attachment":[{"href":"https:\/\/noticiasmercedinas.com\/site\/wp-json\/wp\/v2\/media?parent=22532"}],"wp:term":[{"taxonomy":"category","embeddable":true,"href":"https:\/\/noticiasmercedinas.com\/site\/wp-json\/wp\/v2\/categories?post=22532"},{"taxonomy":"post_tag","embeddable":true,"href":"https:\/\/noticiasmercedinas.com\/site\/wp-json\/wp\/v2\/tags?post=22532"}],"curies":[{"name":"wp","href":"https:\/\/api.w.org\/{rel}","templated":true}]}}