{"id":22697,"date":"2019-07-03T20:08:56","date_gmt":"2019-07-03T23:08:56","guid":{"rendered":"https:\/\/noticiasmercedinas.com\/site\/?p=22697"},"modified":"2019-07-03T20:19:32","modified_gmt":"2019-07-03T23:19:32","slug":"ustarroz-e-intendentes-se-encontraron-en-la-plata-con-kicillof-magario-y-massa","status":"publish","type":"post","link":"https:\/\/noticiasmercedinas.com\/site\/2019\/07\/03\/ustarroz-e-intendentes-se-encontraron-en-la-plata-con-kicillof-magario-y-massa\/","title":{"rendered":"Ustarroz e intendentes se encontraron en La Plata con Kicillof, Magario y Massa"},"content":{"rendered":"<p><img loading=\"lazy\" decoding=\"async\" class=\"alignnone size-full wp-image-22698\" src=\"https:\/\/noticiasmercedinas.com\/site\/wp-content\/uploads\/2019\/07\/D-lD8YcWkAIBdBt.jpg\" alt=\"\" width=\"640\" height=\"342\" srcset=\"https:\/\/noticiasmercedinas.com\/site\/wp-content\/uploads\/2019\/07\/D-lD8YcWkAIBdBt.jpg 640w, https:\/\/noticiasmercedinas.com\/site\/wp-content\/uploads\/2019\/07\/D-lD8YcWkAIBdBt-300x160.jpg 300w, https:\/\/noticiasmercedinas.com\/site\/wp-content\/uploads\/2019\/07\/D-lD8YcWkAIBdBt-600x320.jpg 600w\" sizes=\"auto, (max-width: 640px) 100vw, 640px\" \/><\/p>\n<p>Axel Kicillof y Ver\u00f3nica Magario mantuvieron una reuni\u00f3n de trabajo con los intendentes y dirigentes de la provincia de Buenos Aires. Participaci\u00f3n tambi\u00e9n los pre candidatos a diputados nacionales Sergio Massa, Luana Vuolnovich y Cristina \u00c1lvarez Rodr\u00edguez. Analizaron la situaci\u00f3n de los municipios y las propuestas que se incluir\u00e1n en la plataforma de gobierno de la f\u00f3rmula del Frente de Todos.<\/p>\n<p>\u201cLa esperanza est\u00e1 en marcha. Entre todos vamos a volver a construir una Provincia m\u00e1s justa\u201d, destacaron desde el Frente de Todos, en el marco de una reuni\u00f3n que encabezaron Axel Kicillof, Ver\u00f3nica Magario y Sergio Massa, junto a varios intendentes bonaerenses, entre los que estuvo Juan Ignacio Ustarroz, en La Plata.<\/p>\n<p>El encuentro fue este martes en dependencias del Frente Nacional Peronista \u2013ubicado en calle 10 entre 54 y 55, de La Plata\u2013, y fue el primero de la dupla Kicillof-Magario con todos los intendentes.<\/p>\n<p>Entre los intendentes peronistas presentes estuvieron Fernando Gray (Esteban Echeverr\u00eda), Mart\u00edn Insaurralde (Lomas de Zamora), Jorge Ferraresi (Avelleneda), Gabriel Katopodis (San Mart\u00edn), Walter Festa (Moreno), Leonardo Nardini (Malvinas Argentinas),\u00a0 Alberto Descalzo (Ituzaing\u00f3), Gustavo Men\u00e9ndez (Merlo), y Julio Zamora (Tigre). Tambi\u00e9n Gustavo Barrera (Villa Gesell), Oscar Ostoich (Capit\u00e1n Sarmiento), Walter Torchio (Carlos Casares), Marcelo Santill\u00e1n (Adolfo Gonz\u00e1les Ch\u00e1ves), Juan Pablo de Jes\u00fas (La Costa), Hern\u00e1n Ralinqueo (Veinticinco de Mayo), Santiago Magiotti (Navarro), Juan Ustarroz (Mercedes), Alfredo Fisher (Laprida), Hugo Corvatta (Saavedra), Gustavo Cocconi (Tapalqu\u00e9), Gustavo Walker (Pila), Marcos Fern\u00e1ndez (Monte Hermoso), y Ricardo Casi (Col\u00f3n), entre otros.<\/p>\n<p>Por el massismo asistieron los jefes comunales Facundo L\u00f3pez (Necochea), Carlos Puglielli (San Andr\u00e9s de Giles), Javier Gast\u00f3n (Chascom\u00fas),\u00a0 Luis Andreotti (San Fernando) y Sandra Mayol (San Miguel del Monte).<\/p>\n<p><img loading=\"lazy\" decoding=\"async\" class=\"alignnone size-large wp-image-22701\" src=\"https:\/\/noticiasmercedinas.com\/site\/wp-content\/uploads\/2019\/07\/IMG_7413-1024x644.jpg\" alt=\"\" width=\"640\" height=\"403\" srcset=\"https:\/\/noticiasmercedinas.com\/site\/wp-content\/uploads\/2019\/07\/IMG_7413-1024x644.jpg 1024w, https:\/\/noticiasmercedinas.com\/site\/wp-content\/uploads\/2019\/07\/IMG_7413-300x189.jpg 300w, https:\/\/noticiasmercedinas.com\/site\/wp-content\/uploads\/2019\/07\/IMG_7413-768x483.jpg 768w, https:\/\/noticiasmercedinas.com\/site\/wp-content\/uploads\/2019\/07\/IMG_7413-640x403.jpg 640w, https:\/\/noticiasmercedinas.com\/site\/wp-content\/uploads\/2019\/07\/IMG_7413-1280x806.jpg 1280w, https:\/\/noticiasmercedinas.com\/site\/wp-content\/uploads\/2019\/07\/IMG_7413-681x429.jpg 681w, https:\/\/noticiasmercedinas.com\/site\/wp-content\/uploads\/2019\/07\/IMG_7413-1362x857.jpg 1362w\" sizes=\"auto, (max-width: 640px) 100vw, 640px\" \/> <img loading=\"lazy\" decoding=\"async\" class=\"alignnone size-full wp-image-22702\" src=\"https:\/\/noticiasmercedinas.com\/site\/wp-content\/uploads\/2019\/07\/IMG_7264.jpg\" alt=\"\" width=\"640\" height=\"427\" srcset=\"https:\/\/noticiasmercedinas.com\/site\/wp-content\/uploads\/2019\/07\/IMG_7264.jpg 640w, https:\/\/noticiasmercedinas.com\/site\/wp-content\/uploads\/2019\/07\/IMG_7264-300x200.jpg 300w\" sizes=\"auto, (max-width: 640px) 100vw, 640px\" \/><\/p>\n","protected":false},"excerpt":{"rendered":"<p>Axel Kicillof y Ver\u00f3nica Magario mantuvieron una reuni\u00f3n de trabajo con los intendentes y dirigentes de la provincia de Buenos Aires. Participaci\u00f3n tambi\u00e9n los pre candidatos a diputados nacionales Sergio Massa, Luana Vuolnovich y Cristina \u00c1lvarez Rodr\u00edguez. Analizaron la situaci\u00f3n de los municipios y las propuestas que se incluir\u00e1n en la plataforma de gobierno de [&hellip;]<\/p>\n","protected":false},"author":16,"featured_media":22698,"comment_status":"open","ping_status":"open","sticky":false,"template":"","format":"standard","meta":{"footnotes":""},"categories":[16],"tags":[5297,662,5299,266,4881,1297,830],"class_list":["post-22697","post","type-post","status-publish","format-standard","has-post-thumbnail","hentry","category-politica","tag-axel-kicillof","tag-elecciones-2019","tag-frente-de-todos","tag-juan-ignacio-ustarroz","tag-paso","tag-sergio-massa","tag-veronica-magario"],"yoast_head":"<!-- This site is optimized with the Yoast SEO plugin v27.5 - https:\/\/yoast.com\/product\/yoast-seo-wordpress\/ -->\n<title>Ustarroz e intendentes se encontraron en La Plata con Kicillof, Magario y Massa<\/title>\n<meta name=\"robots\" content=\"index, follow, max-snippet:-1, max-image-preview:large, max-video-preview:-1\" \/>\n<link rel=\"canonical\" href=\"https:\/\/noticiasmercedinas.com\/site\/2019\/07\/03\/ustarroz-e-intendentes-se-encontraron-en-la-plata-con-kicillof-magario-y-massa\/\" \/>\n<meta property=\"og:locale\" content=\"es_ES\" \/>\n<meta property=\"og:type\" content=\"article\" \/>\n<meta property=\"og:title\" content=\"Ustarroz e intendentes se encontraron en La Plata con Kicillof, Magario y Massa\" \/>\n<meta property=\"og:description\" content=\"Axel Kicillof y Ver\u00f3nica Magario mantuvieron una reuni\u00f3n de trabajo con los intendentes y dirigentes de la provincia de Buenos Aires. Participaci\u00f3n tambi\u00e9n los pre candidatos a diputados nacionales Sergio Massa, Luana Vuolnovich y Cristina \u00c1lvarez Rodr\u00edguez. Analizaron la situaci\u00f3n de los municipios y las propuestas que se incluir\u00e1n en la plataforma de gobierno de [&hellip;]\" \/>\n<meta property=\"og:url\" content=\"https:\/\/noticiasmercedinas.com\/site\/2019\/07\/03\/ustarroz-e-intendentes-se-encontraron-en-la-plata-con-kicillof-magario-y-massa\/\" \/>\n<meta property=\"og:site_name\" content=\"NOTICIASMERCEDINAS.COM\" \/>\n<meta property=\"article:publisher\" content=\"https:\/\/www.facebook.com\/noticiasmercedinas\/\" \/>\n<meta property=\"article:published_time\" content=\"2019-07-03T23:08:56+00:00\" \/>\n<meta property=\"article:modified_time\" content=\"2019-07-03T23:19:32+00:00\" \/>\n<meta property=\"og:image\" content=\"https:\/\/noticiasmercedinas.com\/site\/wp-content\/uploads\/2019\/07\/D-lD8YcWkAIBdBt.jpg\" \/>\n\t<meta property=\"og:image:width\" content=\"640\" \/>\n\t<meta property=\"og:image:height\" content=\"342\" \/>\n\t<meta property=\"og:image:type\" content=\"image\/jpeg\" \/>\n<meta name=\"author\" content=\"NOTICIASMERCEDINAS.COM\" \/>\n<meta name=\"twitter:card\" content=\"summary_large_image\" \/>\n<meta name=\"twitter:creator\" content=\"@notmercedinas\" \/>\n<meta name=\"twitter:site\" content=\"@notmercedinas\" \/>\n<meta name=\"twitter:label1\" content=\"Escrito por\" \/>\n\t<meta name=\"twitter:data1\" content=\"NOTICIASMERCEDINAS.COM\" \/>\n\t<meta name=\"twitter:label2\" content=\"Tiempo de lectura\" \/>\n\t<meta name=\"twitter:data2\" content=\"1 minuto\" \/>\n<script type=\"application\/ld+json\" class=\"yoast-schema-graph\">{\"@context\":\"https:\\\/\\\/schema.org\",\"@graph\":[{\"@type\":\"Article\",\"@id\":\"https:\\\/\\\/noticiasmercedinas.com\\\/site\\\/2019\\\/07\\\/03\\\/ustarroz-e-intendentes-se-encontraron-en-la-plata-con-kicillof-magario-y-massa\\\/#article\",\"isPartOf\":{\"@id\":\"https:\\\/\\\/noticiasmercedinas.com\\\/site\\\/2019\\\/07\\\/03\\\/ustarroz-e-intendentes-se-encontraron-en-la-plata-con-kicillof-magario-y-massa\\\/\"},\"author\":{\"name\":\"NOTICIASMERCEDINAS.COM\",\"@id\":\"https:\\\/\\\/noticiasmercedinas.com\\\/site\\\/#\\\/schema\\\/person\\\/84b59c099c28ff2e8b77d4ceec5d8063\"},\"headline\":\"Ustarroz e intendentes se encontraron en La Plata con Kicillof, Magario y Massa\",\"datePublished\":\"2019-07-03T23:08:56+00:00\",\"dateModified\":\"2019-07-03T23:19:32+00:00\",\"mainEntityOfPage\":{\"@id\":\"https:\\\/\\\/noticiasmercedinas.com\\\/site\\\/2019\\\/07\\\/03\\\/ustarroz-e-intendentes-se-encontraron-en-la-plata-con-kicillof-magario-y-massa\\\/\"},\"wordCount\":311,\"commentCount\":0,\"publisher\":{\"@id\":\"https:\\\/\\\/noticiasmercedinas.com\\\/site\\\/#organization\"},\"image\":{\"@id\":\"https:\\\/\\\/noticiasmercedinas.com\\\/site\\\/2019\\\/07\\\/03\\\/ustarroz-e-intendentes-se-encontraron-en-la-plata-con-kicillof-magario-y-massa\\\/#primaryimage\"},\"thumbnailUrl\":\"https:\\\/\\\/noticiasmercedinas.com\\\/site\\\/wp-content\\\/uploads\\\/2019\\\/07\\\/D-lD8YcWkAIBdBt.jpg\",\"keywords\":[\"axel kicillof\",\"elecciones 2019\",\"Frente de Todos\",\"juan ignacio ustarroz\",\"paso\",\"sergio massa\",\"Ver\u00f3nica Magario\"],\"articleSection\":[\"Politica\"],\"inLanguage\":\"es\",\"potentialAction\":[{\"@type\":\"CommentAction\",\"name\":\"Comment\",\"target\":[\"https:\\\/\\\/noticiasmercedinas.com\\\/site\\\/2019\\\/07\\\/03\\\/ustarroz-e-intendentes-se-encontraron-en-la-plata-con-kicillof-magario-y-massa\\\/#respond\"]}]},{\"@type\":\"WebPage\",\"@id\":\"https:\\\/\\\/noticiasmercedinas.com\\\/site\\\/2019\\\/07\\\/03\\\/ustarroz-e-intendentes-se-encontraron-en-la-plata-con-kicillof-magario-y-massa\\\/\",\"url\":\"https:\\\/\\\/noticiasmercedinas.com\\\/site\\\/2019\\\/07\\\/03\\\/ustarroz-e-intendentes-se-encontraron-en-la-plata-con-kicillof-magario-y-massa\\\/\",\"name\":\"Ustarroz e intendentes se encontraron en La Plata con Kicillof, Magario y Massa\",\"isPartOf\":{\"@id\":\"https:\\\/\\\/noticiasmercedinas.com\\\/site\\\/#website\"},\"primaryImageOfPage\":{\"@id\":\"https:\\\/\\\/noticiasmercedinas.com\\\/site\\\/2019\\\/07\\\/03\\\/ustarroz-e-intendentes-se-encontraron-en-la-plata-con-kicillof-magario-y-massa\\\/#primaryimage\"},\"image\":{\"@id\":\"https:\\\/\\\/noticiasmercedinas.com\\\/site\\\/2019\\\/07\\\/03\\\/ustarroz-e-intendentes-se-encontraron-en-la-plata-con-kicillof-magario-y-massa\\\/#primaryimage\"},\"thumbnailUrl\":\"https:\\\/\\\/noticiasmercedinas.com\\\/site\\\/wp-content\\\/uploads\\\/2019\\\/07\\\/D-lD8YcWkAIBdBt.jpg\",\"datePublished\":\"2019-07-03T23:08:56+00:00\",\"dateModified\":\"2019-07-03T23:19:32+00:00\",\"breadcrumb\":{\"@id\":\"https:\\\/\\\/noticiasmercedinas.com\\\/site\\\/2019\\\/07\\\/03\\\/ustarroz-e-intendentes-se-encontraron-en-la-plata-con-kicillof-magario-y-massa\\\/#breadcrumb\"},\"inLanguage\":\"es\",\"potentialAction\":[{\"@type\":\"ReadAction\",\"target\":[\"https:\\\/\\\/noticiasmercedinas.com\\\/site\\\/2019\\\/07\\\/03\\\/ustarroz-e-intendentes-se-encontraron-en-la-plata-con-kicillof-magario-y-massa\\\/\"]}]},{\"@type\":\"ImageObject\",\"inLanguage\":\"es\",\"@id\":\"https:\\\/\\\/noticiasmercedinas.com\\\/site\\\/2019\\\/07\\\/03\\\/ustarroz-e-intendentes-se-encontraron-en-la-plata-con-kicillof-magario-y-massa\\\/#primaryimage\",\"url\":\"https:\\\/\\\/noticiasmercedinas.com\\\/site\\\/wp-content\\\/uploads\\\/2019\\\/07\\\/D-lD8YcWkAIBdBt.jpg\",\"contentUrl\":\"https:\\\/\\\/noticiasmercedinas.com\\\/site\\\/wp-content\\\/uploads\\\/2019\\\/07\\\/D-lD8YcWkAIBdBt.jpg\",\"width\":640,\"height\":342},{\"@type\":\"BreadcrumbList\",\"@id\":\"https:\\\/\\\/noticiasmercedinas.com\\\/site\\\/2019\\\/07\\\/03\\\/ustarroz-e-intendentes-se-encontraron-en-la-plata-con-kicillof-magario-y-massa\\\/#breadcrumb\",\"itemListElement\":[{\"@type\":\"ListItem\",\"position\":1,\"name\":\"Portada\",\"item\":\"https:\\\/\\\/noticiasmercedinas.com\\\/site\\\/\"},{\"@type\":\"ListItem\",\"position\":2,\"name\":\"Ustarroz e intendentes se encontraron en La Plata con Kicillof, Magario y Massa\"}]},{\"@type\":\"WebSite\",\"@id\":\"https:\\\/\\\/noticiasmercedinas.com\\\/site\\\/#website\",\"url\":\"https:\\\/\\\/noticiasmercedinas.com\\\/site\\\/\",\"name\":\"NOTICIASMERCEDINAS.COM\",\"description\":\"Mercedes, Buenos Aires, Argentina\",\"publisher\":{\"@id\":\"https:\\\/\\\/noticiasmercedinas.com\\\/site\\\/#organization\"},\"potentialAction\":[{\"@type\":\"SearchAction\",\"target\":{\"@type\":\"EntryPoint\",\"urlTemplate\":\"https:\\\/\\\/noticiasmercedinas.com\\\/site\\\/?s={search_term_string}\"},\"query-input\":{\"@type\":\"PropertyValueSpecification\",\"valueRequired\":true,\"valueName\":\"search_term_string\"}}],\"inLanguage\":\"es\"},{\"@type\":\"Organization\",\"@id\":\"https:\\\/\\\/noticiasmercedinas.com\\\/site\\\/#organization\",\"name\":\"NOTICIASMERCEDINAS.COM\",\"url\":\"https:\\\/\\\/noticiasmercedinas.com\\\/site\\\/\",\"logo\":{\"@type\":\"ImageObject\",\"inLanguage\":\"es\",\"@id\":\"https:\\\/\\\/noticiasmercedinas.com\\\/site\\\/#\\\/schema\\\/logo\\\/image\\\/\",\"url\":\"https:\\\/\\\/noticiasmercedinas.com\\\/site\\\/wp-content\\\/uploads\\\/2020\\\/06\\\/LOGO-512.jpg\",\"contentUrl\":\"https:\\\/\\\/noticiasmercedinas.com\\\/site\\\/wp-content\\\/uploads\\\/2020\\\/06\\\/LOGO-512.jpg\",\"width\":512,\"height\":512,\"caption\":\"NOTICIASMERCEDINAS.COM\"},\"image\":{\"@id\":\"https:\\\/\\\/noticiasmercedinas.com\\\/site\\\/#\\\/schema\\\/logo\\\/image\\\/\"},\"sameAs\":[\"https:\\\/\\\/www.facebook.com\\\/noticiasmercedinas\\\/\",\"https:\\\/\\\/x.com\\\/notmercedinas\",\"https:\\\/\\\/www.instagram.com\\\/noticiasmercedinas\\\/\"]},{\"@type\":\"Person\",\"@id\":\"https:\\\/\\\/noticiasmercedinas.com\\\/site\\\/#\\\/schema\\\/person\\\/84b59c099c28ff2e8b77d4ceec5d8063\",\"name\":\"NOTICIASMERCEDINAS.COM\",\"image\":{\"@type\":\"ImageObject\",\"inLanguage\":\"es\",\"@id\":\"https:\\\/\\\/secure.gravatar.com\\\/avatar\\\/4dfbf16b4d17945bfb6341b2d19043457132fcf478a5ee04f42e959fd8f5df0a?s=96&d=mm&r=g\",\"url\":\"https:\\\/\\\/secure.gravatar.com\\\/avatar\\\/4dfbf16b4d17945bfb6341b2d19043457132fcf478a5ee04f42e959fd8f5df0a?s=96&d=mm&r=g\",\"contentUrl\":\"https:\\\/\\\/secure.gravatar.com\\\/avatar\\\/4dfbf16b4d17945bfb6341b2d19043457132fcf478a5ee04f42e959fd8f5df0a?s=96&d=mm&r=g\",\"caption\":\"NOTICIASMERCEDINAS.COM\"},\"url\":\"https:\\\/\\\/noticiasmercedinas.com\\\/site\\\/author\\\/anonimo\\\/\"}]}<\/script>\n<!-- \/ Yoast SEO plugin. -->","yoast_head_json":{"title":"Ustarroz e intendentes se encontraron en La Plata con Kicillof, Magario y Massa","robots":{"index":"index","follow":"follow","max-snippet":"max-snippet:-1","max-image-preview":"max-image-preview:large","max-video-preview":"max-video-preview:-1"},"canonical":"https:\/\/noticiasmercedinas.com\/site\/2019\/07\/03\/ustarroz-e-intendentes-se-encontraron-en-la-plata-con-kicillof-magario-y-massa\/","og_locale":"es_ES","og_type":"article","og_title":"Ustarroz e intendentes se encontraron en La Plata con Kicillof, Magario y Massa","og_description":"Axel Kicillof y Ver\u00f3nica Magario mantuvieron una reuni\u00f3n de trabajo con los intendentes y dirigentes de la provincia de Buenos Aires. Participaci\u00f3n tambi\u00e9n los pre candidatos a diputados nacionales Sergio Massa, Luana Vuolnovich y Cristina \u00c1lvarez Rodr\u00edguez. Analizaron la situaci\u00f3n de los municipios y las propuestas que se incluir\u00e1n en la plataforma de gobierno de [&hellip;]","og_url":"https:\/\/noticiasmercedinas.com\/site\/2019\/07\/03\/ustarroz-e-intendentes-se-encontraron-en-la-plata-con-kicillof-magario-y-massa\/","og_site_name":"NOTICIASMERCEDINAS.COM","article_publisher":"https:\/\/www.facebook.com\/noticiasmercedinas\/","article_published_time":"2019-07-03T23:08:56+00:00","article_modified_time":"2019-07-03T23:19:32+00:00","og_image":[{"width":640,"height":342,"url":"https:\/\/noticiasmercedinas.com\/site\/wp-content\/uploads\/2019\/07\/D-lD8YcWkAIBdBt.jpg","type":"image\/jpeg"}],"author":"NOTICIASMERCEDINAS.COM","twitter_card":"summary_large_image","twitter_creator":"@notmercedinas","twitter_site":"@notmercedinas","twitter_misc":{"Escrito por":"NOTICIASMERCEDINAS.COM","Tiempo de lectura":"1 minuto"},"schema":{"@context":"https:\/\/schema.org","@graph":[{"@type":"Article","@id":"https:\/\/noticiasmercedinas.com\/site\/2019\/07\/03\/ustarroz-e-intendentes-se-encontraron-en-la-plata-con-kicillof-magario-y-massa\/#article","isPartOf":{"@id":"https:\/\/noticiasmercedinas.com\/site\/2019\/07\/03\/ustarroz-e-intendentes-se-encontraron-en-la-plata-con-kicillof-magario-y-massa\/"},"author":{"name":"NOTICIASMERCEDINAS.COM","@id":"https:\/\/noticiasmercedinas.com\/site\/#\/schema\/person\/84b59c099c28ff2e8b77d4ceec5d8063"},"headline":"Ustarroz e intendentes se encontraron en La Plata con Kicillof, Magario y Massa","datePublished":"2019-07-03T23:08:56+00:00","dateModified":"2019-07-03T23:19:32+00:00","mainEntityOfPage":{"@id":"https:\/\/noticiasmercedinas.com\/site\/2019\/07\/03\/ustarroz-e-intendentes-se-encontraron-en-la-plata-con-kicillof-magario-y-massa\/"},"wordCount":311,"commentCount":0,"publisher":{"@id":"https:\/\/noticiasmercedinas.com\/site\/#organization"},"image":{"@id":"https:\/\/noticiasmercedinas.com\/site\/2019\/07\/03\/ustarroz-e-intendentes-se-encontraron-en-la-plata-con-kicillof-magario-y-massa\/#primaryimage"},"thumbnailUrl":"https:\/\/noticiasmercedinas.com\/site\/wp-content\/uploads\/2019\/07\/D-lD8YcWkAIBdBt.jpg","keywords":["axel kicillof","elecciones 2019","Frente de Todos","juan ignacio ustarroz","paso","sergio massa","Ver\u00f3nica Magario"],"articleSection":["Politica"],"inLanguage":"es","potentialAction":[{"@type":"CommentAction","name":"Comment","target":["https:\/\/noticiasmercedinas.com\/site\/2019\/07\/03\/ustarroz-e-intendentes-se-encontraron-en-la-plata-con-kicillof-magario-y-massa\/#respond"]}]},{"@type":"WebPage","@id":"https:\/\/noticiasmercedinas.com\/site\/2019\/07\/03\/ustarroz-e-intendentes-se-encontraron-en-la-plata-con-kicillof-magario-y-massa\/","url":"https:\/\/noticiasmercedinas.com\/site\/2019\/07\/03\/ustarroz-e-intendentes-se-encontraron-en-la-plata-con-kicillof-magario-y-massa\/","name":"Ustarroz e intendentes se encontraron en La Plata con Kicillof, Magario y Massa","isPartOf":{"@id":"https:\/\/noticiasmercedinas.com\/site\/#website"},"primaryImageOfPage":{"@id":"https:\/\/noticiasmercedinas.com\/site\/2019\/07\/03\/ustarroz-e-intendentes-se-encontraron-en-la-plata-con-kicillof-magario-y-massa\/#primaryimage"},"image":{"@id":"https:\/\/noticiasmercedinas.com\/site\/2019\/07\/03\/ustarroz-e-intendentes-se-encontraron-en-la-plata-con-kicillof-magario-y-massa\/#primaryimage"},"thumbnailUrl":"https:\/\/noticiasmercedinas.com\/site\/wp-content\/uploads\/2019\/07\/D-lD8YcWkAIBdBt.jpg","datePublished":"2019-07-03T23:08:56+00:00","dateModified":"2019-07-03T23:19:32+00:00","breadcrumb":{"@id":"https:\/\/noticiasmercedinas.com\/site\/2019\/07\/03\/ustarroz-e-intendentes-se-encontraron-en-la-plata-con-kicillof-magario-y-massa\/#breadcrumb"},"inLanguage":"es","potentialAction":[{"@type":"ReadAction","target":["https:\/\/noticiasmercedinas.com\/site\/2019\/07\/03\/ustarroz-e-intendentes-se-encontraron-en-la-plata-con-kicillof-magario-y-massa\/"]}]},{"@type":"ImageObject","inLanguage":"es","@id":"https:\/\/noticiasmercedinas.com\/site\/2019\/07\/03\/ustarroz-e-intendentes-se-encontraron-en-la-plata-con-kicillof-magario-y-massa\/#primaryimage","url":"https:\/\/noticiasmercedinas.com\/site\/wp-content\/uploads\/2019\/07\/D-lD8YcWkAIBdBt.jpg","contentUrl":"https:\/\/noticiasmercedinas.com\/site\/wp-content\/uploads\/2019\/07\/D-lD8YcWkAIBdBt.jpg","width":640,"height":342},{"@type":"BreadcrumbList","@id":"https:\/\/noticiasmercedinas.com\/site\/2019\/07\/03\/ustarroz-e-intendentes-se-encontraron-en-la-plata-con-kicillof-magario-y-massa\/#breadcrumb","itemListElement":[{"@type":"ListItem","position":1,"name":"Portada","item":"https:\/\/noticiasmercedinas.com\/site\/"},{"@type":"ListItem","position":2,"name":"Ustarroz e intendentes se encontraron en La Plata con Kicillof, Magario y Massa"}]},{"@type":"WebSite","@id":"https:\/\/noticiasmercedinas.com\/site\/#website","url":"https:\/\/noticiasmercedinas.com\/site\/","name":"NOTICIASMERCEDINAS.COM","description":"Mercedes, Buenos Aires, Argentina","publisher":{"@id":"https:\/\/noticiasmercedinas.com\/site\/#organization"},"potentialAction":[{"@type":"SearchAction","target":{"@type":"EntryPoint","urlTemplate":"https:\/\/noticiasmercedinas.com\/site\/?s={search_term_string}"},"query-input":{"@type":"PropertyValueSpecification","valueRequired":true,"valueName":"search_term_string"}}],"inLanguage":"es"},{"@type":"Organization","@id":"https:\/\/noticiasmercedinas.com\/site\/#organization","name":"NOTICIASMERCEDINAS.COM","url":"https:\/\/noticiasmercedinas.com\/site\/","logo":{"@type":"ImageObject","inLanguage":"es","@id":"https:\/\/noticiasmercedinas.com\/site\/#\/schema\/logo\/image\/","url":"https:\/\/noticiasmercedinas.com\/site\/wp-content\/uploads\/2020\/06\/LOGO-512.jpg","contentUrl":"https:\/\/noticiasmercedinas.com\/site\/wp-content\/uploads\/2020\/06\/LOGO-512.jpg","width":512,"height":512,"caption":"NOTICIASMERCEDINAS.COM"},"image":{"@id":"https:\/\/noticiasmercedinas.com\/site\/#\/schema\/logo\/image\/"},"sameAs":["https:\/\/www.facebook.com\/noticiasmercedinas\/","https:\/\/x.com\/notmercedinas","https:\/\/www.instagram.com\/noticiasmercedinas\/"]},{"@type":"Person","@id":"https:\/\/noticiasmercedinas.com\/site\/#\/schema\/person\/84b59c099c28ff2e8b77d4ceec5d8063","name":"NOTICIASMERCEDINAS.COM","image":{"@type":"ImageObject","inLanguage":"es","@id":"https:\/\/secure.gravatar.com\/avatar\/4dfbf16b4d17945bfb6341b2d19043457132fcf478a5ee04f42e959fd8f5df0a?s=96&d=mm&r=g","url":"https:\/\/secure.gravatar.com\/avatar\/4dfbf16b4d17945bfb6341b2d19043457132fcf478a5ee04f42e959fd8f5df0a?s=96&d=mm&r=g","contentUrl":"https:\/\/secure.gravatar.com\/avatar\/4dfbf16b4d17945bfb6341b2d19043457132fcf478a5ee04f42e959fd8f5df0a?s=96&d=mm&r=g","caption":"NOTICIASMERCEDINAS.COM"},"url":"https:\/\/noticiasmercedinas.com\/site\/author\/anonimo\/"}]}},"amp_enabled":true,"_links":{"self":[{"href":"https:\/\/noticiasmercedinas.com\/site\/wp-json\/wp\/v2\/posts\/22697","targetHints":{"allow":["GET"]}}],"collection":[{"href":"https:\/\/noticiasmercedinas.com\/site\/wp-json\/wp\/v2\/posts"}],"about":[{"href":"https:\/\/noticiasmercedinas.com\/site\/wp-json\/wp\/v2\/types\/post"}],"author":[{"embeddable":true,"href":"https:\/\/noticiasmercedinas.com\/site\/wp-json\/wp\/v2\/users\/16"}],"replies":[{"embeddable":true,"href":"https:\/\/noticiasmercedinas.com\/site\/wp-json\/wp\/v2\/comments?post=22697"}],"version-history":[{"count":4,"href":"https:\/\/noticiasmercedinas.com\/site\/wp-json\/wp\/v2\/posts\/22697\/revisions"}],"predecessor-version":[{"id":22707,"href":"https:\/\/noticiasmercedinas.com\/site\/wp-json\/wp\/v2\/posts\/22697\/revisions\/22707"}],"wp:featuredmedia":[{"embeddable":true,"href":"https:\/\/noticiasmercedinas.com\/site\/wp-json\/wp\/v2\/media\/22698"}],"wp:attachment":[{"href":"https:\/\/noticiasmercedinas.com\/site\/wp-json\/wp\/v2\/media?parent=22697"}],"wp:term":[{"taxonomy":"category","embeddable":true,"href":"https:\/\/noticiasmercedinas.com\/site\/wp-json\/wp\/v2\/categories?post=22697"},{"taxonomy":"post_tag","embeddable":true,"href":"https:\/\/noticiasmercedinas.com\/site\/wp-json\/wp\/v2\/tags?post=22697"}],"curies":[{"name":"wp","href":"https:\/\/api.w.org\/{rel}","templated":true}]}}