{"id":22772,"date":"2019-07-04T18:14:06","date_gmt":"2019-07-04T21:14:06","guid":{"rendered":"https:\/\/noticiasmercedinas.com\/site\/?p=22772"},"modified":"2019-07-04T18:14:06","modified_gmt":"2019-07-04T21:14:06","slug":"el-handball-del-cef-n40-se-presento-en-san-andres-de-giles","status":"publish","type":"post","link":"https:\/\/noticiasmercedinas.com\/site\/2019\/07\/04\/el-handball-del-cef-n40-se-presento-en-san-andres-de-giles\/","title":{"rendered":"El handball del CEF N\u00b040 se present\u00f3 en San Andr\u00e9s de Giles"},"content":{"rendered":"<p><img loading=\"lazy\" decoding=\"async\" class=\"alignnone size-full wp-image-22773\" src=\"https:\/\/noticiasmercedinas.com\/site\/wp-content\/uploads\/2019\/07\/66095646_4380006888706622_7839258949579702272_n.jpg\" alt=\"\" width=\"650\" height=\"350\" srcset=\"https:\/\/noticiasmercedinas.com\/site\/wp-content\/uploads\/2019\/07\/66095646_4380006888706622_7839258949579702272_n.jpg 650w, https:\/\/noticiasmercedinas.com\/site\/wp-content\/uploads\/2019\/07\/66095646_4380006888706622_7839258949579702272_n-300x162.jpg 300w, https:\/\/noticiasmercedinas.com\/site\/wp-content\/uploads\/2019\/07\/66095646_4380006888706622_7839258949579702272_n-640x345.jpg 640w\" sizes=\"auto, (max-width: 650px) 100vw, 650px\" \/><br \/>\nLos equipos de Cadetes y Juveniles en la rama masculina del CEF N\u00b040 viajaron a la vecina ciudad de \u00a0San Andr\u00e9s de Giles para enfrentarse por la Liga Mercedina de Balonmano a los elencos del CEF N\u00b0 24. El local pudo manejar las acciones del partido de Cadetes para quedarse con el triunfo por 23 a 17, en un cotejo que fue parejo y en donde logr\u00f3 estirar la ventaja en el tanteador en la segunda mitad del segundo tiempo.<\/p>\n<p>Los goles para los dirigidos por el profesor Andr\u00e9s Sanucci fueron convertidos por Nicol\u00e1s Trambotta (7), Agust\u00edn Azurmendi (5), Augusto Rossi (4), Pablo Yacoy (3), Valent\u00edn Bruno (2), Federico Gatica \u00a0y Genaro Siri. Mientras que los tantos del visitante fueron anotados por Jer\u00f3nimo Denapole (9), Benjam\u00edn Biaggini (6) y Tomas Villa (2).<\/p>\n<p>En el partido de juveniles, el triunfo qued\u00f3 en manos de la visita, el CEF N\u00b040 obtuvo el triunfo por 17 a 14 logrando la diferencia en una alta eficacia en los contraataques. Los goles fueron de Francisco Ponce (5), Joaqu\u00edn Videla (4), Pablo Luciani (4), Ignacio Cirio (2), Jorge Gioscio (1) y Mat\u00edas Ferreyra. Mientras que para el local, los goles fueron de Felipe Monz\u00f3n (5), Agust\u00edn Gi\u00f1az\u00fa (5) y Jerem\u00edas Lacanette (4).<\/p>\n<p>La competencia de la Liga Mercedina de Balonmano volver\u00e1 a tener acci\u00f3n el pr\u00f3ximo jueves 11 de julio, en donde los conjuntos femeninos del CEF N\u00b065 de Navarro visiten al Instituto Santa Mar\u00eda en las canchas del Polideportivo a Cielo Abierto y las formaciones masculinas del Instituto Madre Camila Rol\u00f3n se trasladar\u00e1n a San Andr\u00e9s de Giles para enfrentar al CEF N\u00b024.<\/p>\n","protected":false},"excerpt":{"rendered":"<p>Los equipos de Cadetes y Juveniles en la rama masculina del CEF N\u00b040 viajaron a la vecina ciudad de \u00a0San Andr\u00e9s de Giles para enfrentarse por la Liga Mercedina de Balonmano a los elencos del CEF N\u00b0 24. El local pudo manejar las acciones del partido de Cadetes para quedarse con el triunfo por 23 [&hellip;]<\/p>\n","protected":false},"author":16,"featured_media":22773,"comment_status":"open","ping_status":"open","sticky":false,"template":"","format":"standard","meta":{"footnotes":""},"categories":[5],"tags":[218,251,4848],"class_list":["post-22772","post","type-post","status-publish","format-standard","has-post-thumbnail","hentry","category-deportes","tag-cef-40","tag-handball","tag-limeba"],"yoast_head":"<!-- This site is optimized with the Yoast SEO plugin v27.4 - https:\/\/yoast.com\/product\/yoast-seo-wordpress\/ -->\n<title>El handball del CEF N\u00b040 se present\u00f3 en San Andr\u00e9s de Giles<\/title>\n<meta name=\"robots\" content=\"index, follow, max-snippet:-1, max-image-preview:large, max-video-preview:-1\" \/>\n<link rel=\"canonical\" href=\"https:\/\/noticiasmercedinas.com\/site\/2019\/07\/04\/el-handball-del-cef-n40-se-presento-en-san-andres-de-giles\/\" \/>\n<meta property=\"og:locale\" content=\"es_ES\" \/>\n<meta property=\"og:type\" content=\"article\" \/>\n<meta property=\"og:title\" content=\"El handball del CEF N\u00b040 se present\u00f3 en San Andr\u00e9s de Giles\" \/>\n<meta property=\"og:description\" content=\"Los equipos de Cadetes y Juveniles en la rama masculina del CEF N\u00b040 viajaron a la vecina ciudad de \u00a0San Andr\u00e9s de Giles para enfrentarse por la Liga Mercedina de Balonmano a los elencos del CEF N\u00b0 24. El local pudo manejar las acciones del partido de Cadetes para quedarse con el triunfo por 23 [&hellip;]\" \/>\n<meta property=\"og:url\" content=\"https:\/\/noticiasmercedinas.com\/site\/2019\/07\/04\/el-handball-del-cef-n40-se-presento-en-san-andres-de-giles\/\" \/>\n<meta property=\"og:site_name\" content=\"NOTICIASMERCEDINAS.COM\" \/>\n<meta property=\"article:publisher\" content=\"https:\/\/www.facebook.com\/noticiasmercedinas\/\" \/>\n<meta property=\"article:published_time\" content=\"2019-07-04T21:14:06+00:00\" \/>\n<meta property=\"og:image\" content=\"https:\/\/noticiasmercedinas.com\/site\/wp-content\/uploads\/2019\/07\/66095646_4380006888706622_7839258949579702272_n.jpg\" \/>\n\t<meta property=\"og:image:width\" content=\"650\" \/>\n\t<meta property=\"og:image:height\" content=\"350\" \/>\n\t<meta property=\"og:image:type\" content=\"image\/jpeg\" \/>\n<meta name=\"author\" content=\"NOTICIASMERCEDINAS.COM\" \/>\n<meta name=\"twitter:card\" content=\"summary_large_image\" \/>\n<meta name=\"twitter:creator\" content=\"@notmercedinas\" \/>\n<meta name=\"twitter:site\" content=\"@notmercedinas\" \/>\n<meta name=\"twitter:label1\" content=\"Escrito por\" \/>\n\t<meta name=\"twitter:data1\" content=\"NOTICIASMERCEDINAS.COM\" \/>\n\t<meta name=\"twitter:label2\" content=\"Tiempo de lectura\" \/>\n\t<meta name=\"twitter:data2\" content=\"1 minuto\" \/>\n<script type=\"application\/ld+json\" class=\"yoast-schema-graph\">{\"@context\":\"https:\\\/\\\/schema.org\",\"@graph\":[{\"@type\":\"Article\",\"@id\":\"https:\\\/\\\/noticiasmercedinas.com\\\/site\\\/2019\\\/07\\\/04\\\/el-handball-del-cef-n40-se-presento-en-san-andres-de-giles\\\/#article\",\"isPartOf\":{\"@id\":\"https:\\\/\\\/noticiasmercedinas.com\\\/site\\\/2019\\\/07\\\/04\\\/el-handball-del-cef-n40-se-presento-en-san-andres-de-giles\\\/\"},\"author\":{\"name\":\"NOTICIASMERCEDINAS.COM\",\"@id\":\"https:\\\/\\\/noticiasmercedinas.com\\\/site\\\/#\\\/schema\\\/person\\\/84b59c099c28ff2e8b77d4ceec5d8063\"},\"headline\":\"El handball del CEF N\u00b040 se present\u00f3 en San Andr\u00e9s de Giles\",\"datePublished\":\"2019-07-04T21:14:06+00:00\",\"mainEntityOfPage\":{\"@id\":\"https:\\\/\\\/noticiasmercedinas.com\\\/site\\\/2019\\\/07\\\/04\\\/el-handball-del-cef-n40-se-presento-en-san-andres-de-giles\\\/\"},\"wordCount\":278,\"commentCount\":0,\"publisher\":{\"@id\":\"https:\\\/\\\/noticiasmercedinas.com\\\/site\\\/#organization\"},\"image\":{\"@id\":\"https:\\\/\\\/noticiasmercedinas.com\\\/site\\\/2019\\\/07\\\/04\\\/el-handball-del-cef-n40-se-presento-en-san-andres-de-giles\\\/#primaryimage\"},\"thumbnailUrl\":\"https:\\\/\\\/noticiasmercedinas.com\\\/site\\\/wp-content\\\/uploads\\\/2019\\\/07\\\/66095646_4380006888706622_7839258949579702272_n.jpg\",\"keywords\":[\"cef 40\",\"handball\",\"limeba\"],\"articleSection\":[\"Deportes\"],\"inLanguage\":\"es\",\"potentialAction\":[{\"@type\":\"CommentAction\",\"name\":\"Comment\",\"target\":[\"https:\\\/\\\/noticiasmercedinas.com\\\/site\\\/2019\\\/07\\\/04\\\/el-handball-del-cef-n40-se-presento-en-san-andres-de-giles\\\/#respond\"]}]},{\"@type\":\"WebPage\",\"@id\":\"https:\\\/\\\/noticiasmercedinas.com\\\/site\\\/2019\\\/07\\\/04\\\/el-handball-del-cef-n40-se-presento-en-san-andres-de-giles\\\/\",\"url\":\"https:\\\/\\\/noticiasmercedinas.com\\\/site\\\/2019\\\/07\\\/04\\\/el-handball-del-cef-n40-se-presento-en-san-andres-de-giles\\\/\",\"name\":\"El handball del CEF N\u00b040 se present\u00f3 en San Andr\u00e9s de Giles\",\"isPartOf\":{\"@id\":\"https:\\\/\\\/noticiasmercedinas.com\\\/site\\\/#website\"},\"primaryImageOfPage\":{\"@id\":\"https:\\\/\\\/noticiasmercedinas.com\\\/site\\\/2019\\\/07\\\/04\\\/el-handball-del-cef-n40-se-presento-en-san-andres-de-giles\\\/#primaryimage\"},\"image\":{\"@id\":\"https:\\\/\\\/noticiasmercedinas.com\\\/site\\\/2019\\\/07\\\/04\\\/el-handball-del-cef-n40-se-presento-en-san-andres-de-giles\\\/#primaryimage\"},\"thumbnailUrl\":\"https:\\\/\\\/noticiasmercedinas.com\\\/site\\\/wp-content\\\/uploads\\\/2019\\\/07\\\/66095646_4380006888706622_7839258949579702272_n.jpg\",\"datePublished\":\"2019-07-04T21:14:06+00:00\",\"breadcrumb\":{\"@id\":\"https:\\\/\\\/noticiasmercedinas.com\\\/site\\\/2019\\\/07\\\/04\\\/el-handball-del-cef-n40-se-presento-en-san-andres-de-giles\\\/#breadcrumb\"},\"inLanguage\":\"es\",\"potentialAction\":[{\"@type\":\"ReadAction\",\"target\":[\"https:\\\/\\\/noticiasmercedinas.com\\\/site\\\/2019\\\/07\\\/04\\\/el-handball-del-cef-n40-se-presento-en-san-andres-de-giles\\\/\"]}]},{\"@type\":\"ImageObject\",\"inLanguage\":\"es\",\"@id\":\"https:\\\/\\\/noticiasmercedinas.com\\\/site\\\/2019\\\/07\\\/04\\\/el-handball-del-cef-n40-se-presento-en-san-andres-de-giles\\\/#primaryimage\",\"url\":\"https:\\\/\\\/noticiasmercedinas.com\\\/site\\\/wp-content\\\/uploads\\\/2019\\\/07\\\/66095646_4380006888706622_7839258949579702272_n.jpg\",\"contentUrl\":\"https:\\\/\\\/noticiasmercedinas.com\\\/site\\\/wp-content\\\/uploads\\\/2019\\\/07\\\/66095646_4380006888706622_7839258949579702272_n.jpg\",\"width\":650,\"height\":350},{\"@type\":\"BreadcrumbList\",\"@id\":\"https:\\\/\\\/noticiasmercedinas.com\\\/site\\\/2019\\\/07\\\/04\\\/el-handball-del-cef-n40-se-presento-en-san-andres-de-giles\\\/#breadcrumb\",\"itemListElement\":[{\"@type\":\"ListItem\",\"position\":1,\"name\":\"Portada\",\"item\":\"https:\\\/\\\/noticiasmercedinas.com\\\/site\\\/\"},{\"@type\":\"ListItem\",\"position\":2,\"name\":\"El handball del CEF N\u00b040 se present\u00f3 en San Andr\u00e9s de Giles\"}]},{\"@type\":\"WebSite\",\"@id\":\"https:\\\/\\\/noticiasmercedinas.com\\\/site\\\/#website\",\"url\":\"https:\\\/\\\/noticiasmercedinas.com\\\/site\\\/\",\"name\":\"NOTICIASMERCEDINAS.COM\",\"description\":\"Mercedes, Buenos Aires, Argentina\",\"publisher\":{\"@id\":\"https:\\\/\\\/noticiasmercedinas.com\\\/site\\\/#organization\"},\"potentialAction\":[{\"@type\":\"SearchAction\",\"target\":{\"@type\":\"EntryPoint\",\"urlTemplate\":\"https:\\\/\\\/noticiasmercedinas.com\\\/site\\\/?s={search_term_string}\"},\"query-input\":{\"@type\":\"PropertyValueSpecification\",\"valueRequired\":true,\"valueName\":\"search_term_string\"}}],\"inLanguage\":\"es\"},{\"@type\":\"Organization\",\"@id\":\"https:\\\/\\\/noticiasmercedinas.com\\\/site\\\/#organization\",\"name\":\"NOTICIASMERCEDINAS.COM\",\"url\":\"https:\\\/\\\/noticiasmercedinas.com\\\/site\\\/\",\"logo\":{\"@type\":\"ImageObject\",\"inLanguage\":\"es\",\"@id\":\"https:\\\/\\\/noticiasmercedinas.com\\\/site\\\/#\\\/schema\\\/logo\\\/image\\\/\",\"url\":\"https:\\\/\\\/noticiasmercedinas.com\\\/site\\\/wp-content\\\/uploads\\\/2020\\\/06\\\/LOGO-512.jpg\",\"contentUrl\":\"https:\\\/\\\/noticiasmercedinas.com\\\/site\\\/wp-content\\\/uploads\\\/2020\\\/06\\\/LOGO-512.jpg\",\"width\":512,\"height\":512,\"caption\":\"NOTICIASMERCEDINAS.COM\"},\"image\":{\"@id\":\"https:\\\/\\\/noticiasmercedinas.com\\\/site\\\/#\\\/schema\\\/logo\\\/image\\\/\"},\"sameAs\":[\"https:\\\/\\\/www.facebook.com\\\/noticiasmercedinas\\\/\",\"https:\\\/\\\/x.com\\\/notmercedinas\",\"https:\\\/\\\/www.instagram.com\\\/noticiasmercedinas\\\/\"]},{\"@type\":\"Person\",\"@id\":\"https:\\\/\\\/noticiasmercedinas.com\\\/site\\\/#\\\/schema\\\/person\\\/84b59c099c28ff2e8b77d4ceec5d8063\",\"name\":\"NOTICIASMERCEDINAS.COM\",\"image\":{\"@type\":\"ImageObject\",\"inLanguage\":\"es\",\"@id\":\"https:\\\/\\\/secure.gravatar.com\\\/avatar\\\/4dfbf16b4d17945bfb6341b2d19043457132fcf478a5ee04f42e959fd8f5df0a?s=96&d=mm&r=g\",\"url\":\"https:\\\/\\\/secure.gravatar.com\\\/avatar\\\/4dfbf16b4d17945bfb6341b2d19043457132fcf478a5ee04f42e959fd8f5df0a?s=96&d=mm&r=g\",\"contentUrl\":\"https:\\\/\\\/secure.gravatar.com\\\/avatar\\\/4dfbf16b4d17945bfb6341b2d19043457132fcf478a5ee04f42e959fd8f5df0a?s=96&d=mm&r=g\",\"caption\":\"NOTICIASMERCEDINAS.COM\"},\"url\":\"https:\\\/\\\/noticiasmercedinas.com\\\/site\\\/author\\\/anonimo\\\/\"}]}<\/script>\n<!-- \/ Yoast SEO plugin. -->","yoast_head_json":{"title":"El handball del CEF N\u00b040 se present\u00f3 en San Andr\u00e9s de Giles","robots":{"index":"index","follow":"follow","max-snippet":"max-snippet:-1","max-image-preview":"max-image-preview:large","max-video-preview":"max-video-preview:-1"},"canonical":"https:\/\/noticiasmercedinas.com\/site\/2019\/07\/04\/el-handball-del-cef-n40-se-presento-en-san-andres-de-giles\/","og_locale":"es_ES","og_type":"article","og_title":"El handball del CEF N\u00b040 se present\u00f3 en San Andr\u00e9s de Giles","og_description":"Los equipos de Cadetes y Juveniles en la rama masculina del CEF N\u00b040 viajaron a la vecina ciudad de \u00a0San Andr\u00e9s de Giles para enfrentarse por la Liga Mercedina de Balonmano a los elencos del CEF N\u00b0 24. El local pudo manejar las acciones del partido de Cadetes para quedarse con el triunfo por 23 [&hellip;]","og_url":"https:\/\/noticiasmercedinas.com\/site\/2019\/07\/04\/el-handball-del-cef-n40-se-presento-en-san-andres-de-giles\/","og_site_name":"NOTICIASMERCEDINAS.COM","article_publisher":"https:\/\/www.facebook.com\/noticiasmercedinas\/","article_published_time":"2019-07-04T21:14:06+00:00","og_image":[{"width":650,"height":350,"url":"https:\/\/noticiasmercedinas.com\/site\/wp-content\/uploads\/2019\/07\/66095646_4380006888706622_7839258949579702272_n.jpg","type":"image\/jpeg"}],"author":"NOTICIASMERCEDINAS.COM","twitter_card":"summary_large_image","twitter_creator":"@notmercedinas","twitter_site":"@notmercedinas","twitter_misc":{"Escrito por":"NOTICIASMERCEDINAS.COM","Tiempo de lectura":"1 minuto"},"schema":{"@context":"https:\/\/schema.org","@graph":[{"@type":"Article","@id":"https:\/\/noticiasmercedinas.com\/site\/2019\/07\/04\/el-handball-del-cef-n40-se-presento-en-san-andres-de-giles\/#article","isPartOf":{"@id":"https:\/\/noticiasmercedinas.com\/site\/2019\/07\/04\/el-handball-del-cef-n40-se-presento-en-san-andres-de-giles\/"},"author":{"name":"NOTICIASMERCEDINAS.COM","@id":"https:\/\/noticiasmercedinas.com\/site\/#\/schema\/person\/84b59c099c28ff2e8b77d4ceec5d8063"},"headline":"El handball del CEF N\u00b040 se present\u00f3 en San Andr\u00e9s de Giles","datePublished":"2019-07-04T21:14:06+00:00","mainEntityOfPage":{"@id":"https:\/\/noticiasmercedinas.com\/site\/2019\/07\/04\/el-handball-del-cef-n40-se-presento-en-san-andres-de-giles\/"},"wordCount":278,"commentCount":0,"publisher":{"@id":"https:\/\/noticiasmercedinas.com\/site\/#organization"},"image":{"@id":"https:\/\/noticiasmercedinas.com\/site\/2019\/07\/04\/el-handball-del-cef-n40-se-presento-en-san-andres-de-giles\/#primaryimage"},"thumbnailUrl":"https:\/\/noticiasmercedinas.com\/site\/wp-content\/uploads\/2019\/07\/66095646_4380006888706622_7839258949579702272_n.jpg","keywords":["cef 40","handball","limeba"],"articleSection":["Deportes"],"inLanguage":"es","potentialAction":[{"@type":"CommentAction","name":"Comment","target":["https:\/\/noticiasmercedinas.com\/site\/2019\/07\/04\/el-handball-del-cef-n40-se-presento-en-san-andres-de-giles\/#respond"]}]},{"@type":"WebPage","@id":"https:\/\/noticiasmercedinas.com\/site\/2019\/07\/04\/el-handball-del-cef-n40-se-presento-en-san-andres-de-giles\/","url":"https:\/\/noticiasmercedinas.com\/site\/2019\/07\/04\/el-handball-del-cef-n40-se-presento-en-san-andres-de-giles\/","name":"El handball del CEF N\u00b040 se present\u00f3 en San Andr\u00e9s de Giles","isPartOf":{"@id":"https:\/\/noticiasmercedinas.com\/site\/#website"},"primaryImageOfPage":{"@id":"https:\/\/noticiasmercedinas.com\/site\/2019\/07\/04\/el-handball-del-cef-n40-se-presento-en-san-andres-de-giles\/#primaryimage"},"image":{"@id":"https:\/\/noticiasmercedinas.com\/site\/2019\/07\/04\/el-handball-del-cef-n40-se-presento-en-san-andres-de-giles\/#primaryimage"},"thumbnailUrl":"https:\/\/noticiasmercedinas.com\/site\/wp-content\/uploads\/2019\/07\/66095646_4380006888706622_7839258949579702272_n.jpg","datePublished":"2019-07-04T21:14:06+00:00","breadcrumb":{"@id":"https:\/\/noticiasmercedinas.com\/site\/2019\/07\/04\/el-handball-del-cef-n40-se-presento-en-san-andres-de-giles\/#breadcrumb"},"inLanguage":"es","potentialAction":[{"@type":"ReadAction","target":["https:\/\/noticiasmercedinas.com\/site\/2019\/07\/04\/el-handball-del-cef-n40-se-presento-en-san-andres-de-giles\/"]}]},{"@type":"ImageObject","inLanguage":"es","@id":"https:\/\/noticiasmercedinas.com\/site\/2019\/07\/04\/el-handball-del-cef-n40-se-presento-en-san-andres-de-giles\/#primaryimage","url":"https:\/\/noticiasmercedinas.com\/site\/wp-content\/uploads\/2019\/07\/66095646_4380006888706622_7839258949579702272_n.jpg","contentUrl":"https:\/\/noticiasmercedinas.com\/site\/wp-content\/uploads\/2019\/07\/66095646_4380006888706622_7839258949579702272_n.jpg","width":650,"height":350},{"@type":"BreadcrumbList","@id":"https:\/\/noticiasmercedinas.com\/site\/2019\/07\/04\/el-handball-del-cef-n40-se-presento-en-san-andres-de-giles\/#breadcrumb","itemListElement":[{"@type":"ListItem","position":1,"name":"Portada","item":"https:\/\/noticiasmercedinas.com\/site\/"},{"@type":"ListItem","position":2,"name":"El handball del CEF N\u00b040 se present\u00f3 en San Andr\u00e9s de Giles"}]},{"@type":"WebSite","@id":"https:\/\/noticiasmercedinas.com\/site\/#website","url":"https:\/\/noticiasmercedinas.com\/site\/","name":"NOTICIASMERCEDINAS.COM","description":"Mercedes, Buenos Aires, Argentina","publisher":{"@id":"https:\/\/noticiasmercedinas.com\/site\/#organization"},"potentialAction":[{"@type":"SearchAction","target":{"@type":"EntryPoint","urlTemplate":"https:\/\/noticiasmercedinas.com\/site\/?s={search_term_string}"},"query-input":{"@type":"PropertyValueSpecification","valueRequired":true,"valueName":"search_term_string"}}],"inLanguage":"es"},{"@type":"Organization","@id":"https:\/\/noticiasmercedinas.com\/site\/#organization","name":"NOTICIASMERCEDINAS.COM","url":"https:\/\/noticiasmercedinas.com\/site\/","logo":{"@type":"ImageObject","inLanguage":"es","@id":"https:\/\/noticiasmercedinas.com\/site\/#\/schema\/logo\/image\/","url":"https:\/\/noticiasmercedinas.com\/site\/wp-content\/uploads\/2020\/06\/LOGO-512.jpg","contentUrl":"https:\/\/noticiasmercedinas.com\/site\/wp-content\/uploads\/2020\/06\/LOGO-512.jpg","width":512,"height":512,"caption":"NOTICIASMERCEDINAS.COM"},"image":{"@id":"https:\/\/noticiasmercedinas.com\/site\/#\/schema\/logo\/image\/"},"sameAs":["https:\/\/www.facebook.com\/noticiasmercedinas\/","https:\/\/x.com\/notmercedinas","https:\/\/www.instagram.com\/noticiasmercedinas\/"]},{"@type":"Person","@id":"https:\/\/noticiasmercedinas.com\/site\/#\/schema\/person\/84b59c099c28ff2e8b77d4ceec5d8063","name":"NOTICIASMERCEDINAS.COM","image":{"@type":"ImageObject","inLanguage":"es","@id":"https:\/\/secure.gravatar.com\/avatar\/4dfbf16b4d17945bfb6341b2d19043457132fcf478a5ee04f42e959fd8f5df0a?s=96&d=mm&r=g","url":"https:\/\/secure.gravatar.com\/avatar\/4dfbf16b4d17945bfb6341b2d19043457132fcf478a5ee04f42e959fd8f5df0a?s=96&d=mm&r=g","contentUrl":"https:\/\/secure.gravatar.com\/avatar\/4dfbf16b4d17945bfb6341b2d19043457132fcf478a5ee04f42e959fd8f5df0a?s=96&d=mm&r=g","caption":"NOTICIASMERCEDINAS.COM"},"url":"https:\/\/noticiasmercedinas.com\/site\/author\/anonimo\/"}]}},"amp_enabled":true,"_links":{"self":[{"href":"https:\/\/noticiasmercedinas.com\/site\/wp-json\/wp\/v2\/posts\/22772","targetHints":{"allow":["GET"]}}],"collection":[{"href":"https:\/\/noticiasmercedinas.com\/site\/wp-json\/wp\/v2\/posts"}],"about":[{"href":"https:\/\/noticiasmercedinas.com\/site\/wp-json\/wp\/v2\/types\/post"}],"author":[{"embeddable":true,"href":"https:\/\/noticiasmercedinas.com\/site\/wp-json\/wp\/v2\/users\/16"}],"replies":[{"embeddable":true,"href":"https:\/\/noticiasmercedinas.com\/site\/wp-json\/wp\/v2\/comments?post=22772"}],"version-history":[{"count":1,"href":"https:\/\/noticiasmercedinas.com\/site\/wp-json\/wp\/v2\/posts\/22772\/revisions"}],"predecessor-version":[{"id":22774,"href":"https:\/\/noticiasmercedinas.com\/site\/wp-json\/wp\/v2\/posts\/22772\/revisions\/22774"}],"wp:featuredmedia":[{"embeddable":true,"href":"https:\/\/noticiasmercedinas.com\/site\/wp-json\/wp\/v2\/media\/22773"}],"wp:attachment":[{"href":"https:\/\/noticiasmercedinas.com\/site\/wp-json\/wp\/v2\/media?parent=22772"}],"wp:term":[{"taxonomy":"category","embeddable":true,"href":"https:\/\/noticiasmercedinas.com\/site\/wp-json\/wp\/v2\/categories?post=22772"},{"taxonomy":"post_tag","embeddable":true,"href":"https:\/\/noticiasmercedinas.com\/site\/wp-json\/wp\/v2\/tags?post=22772"}],"curies":[{"name":"wp","href":"https:\/\/api.w.org\/{rel}","templated":true}]}}