{"id":22848,"date":"2019-07-05T12:13:54","date_gmt":"2019-07-05T15:13:54","guid":{"rendered":"https:\/\/noticiasmercedinas.com\/site\/2019\/07\/05\/eden-lanza-su-programa-de-oficios-en-mercedes-gratuito-y-abierto\/"},"modified":"2019-07-05T16:25:15","modified_gmt":"2019-07-05T19:25:15","slug":"eden-lanza-su-programa-de-oficios-en-mercedes-gratuito-y-abierto","status":"publish","type":"post","link":"https:\/\/noticiasmercedinas.com\/site\/2019\/07\/05\/eden-lanza-su-programa-de-oficios-en-mercedes-gratuito-y-abierto\/","title":{"rendered":"EDEN lanza su Programa de Oficios en Mercedes, gratuito y abierto"},"content":{"rendered":"<p><img loading=\"lazy\" decoding=\"async\" class=\"alignnone wp-image-22847 size-full\" src=\"https:\/\/noticiasmercedinas.com\/site\/wp-content\/uploads\/2019\/07\/Programa-de-Oficios-EDEN.jpg\" width=\"3951\" height=\"4256\" srcset=\"https:\/\/noticiasmercedinas.com\/site\/wp-content\/uploads\/2019\/07\/Programa-de-Oficios-EDEN.jpg 3951w, https:\/\/noticiasmercedinas.com\/site\/wp-content\/uploads\/2019\/07\/Programa-de-Oficios-EDEN-279x300.jpg 279w, https:\/\/noticiasmercedinas.com\/site\/wp-content\/uploads\/2019\/07\/Programa-de-Oficios-EDEN-768x827.jpg 768w, https:\/\/noticiasmercedinas.com\/site\/wp-content\/uploads\/2019\/07\/Programa-de-Oficios-EDEN-951x1024.jpg 951w, https:\/\/noticiasmercedinas.com\/site\/wp-content\/uploads\/2019\/07\/Programa-de-Oficios-EDEN-640x689.jpg 640w, https:\/\/noticiasmercedinas.com\/site\/wp-content\/uploads\/2019\/07\/Programa-de-Oficios-EDEN-1280x1379.jpg 1280w, https:\/\/noticiasmercedinas.com\/site\/wp-content\/uploads\/2019\/07\/Programa-de-Oficios-EDEN-681x734.jpg 681w, https:\/\/noticiasmercedinas.com\/site\/wp-content\/uploads\/2019\/07\/Programa-de-Oficios-EDEN-1362x1467.jpg 1362w\" sizes=\"auto, (max-width: 3951px) 100vw, 3951px\" \/><\/p>\n<p>Con la Educaci\u00f3n como eje de relacionamiento con la comunidad, EDEN lanza el Programa de Oficios en Mercedes.<\/p>\n<p>Gratuito y abierto a la participaci\u00f3n de los vecinos, el Curso B\u00e1sico de Electricidad Domiciliaria es una iniciativa que promueve la inserci\u00f3n laboral a trav\u00e9s de la capacitaci\u00f3n. El mismo es dictado y certificado por la Universidad Tecnol\u00f3gica Nacional (UTN) -Regional San Nicol\u00e1s-, instituci\u00f3n con la cual EDEN firm\u00f3 un convenio.<\/p>\n<p>\u201cEl Programa de Oficios, que cuenta con el apoyo del Municipio de Mercedes, fue dise\u00f1ado con el objetivo de estimular el desarrollo de la comunidad, no s\u00f3lo desde los contenidos del curso, sino tambi\u00e9n con el trabajo final que realizan los alumnos, supervisado por el docente, que consta de una instalaci\u00f3n real en una instituci\u00f3n local\u201d, se\u00f1ala Sergio Mej\u00edas, Gerente de EDEN.<\/p>\n<p>El curso, que tiene cupos limitados, comenzar\u00e1 en agosto y la fecha l\u00edmite para la inscripci\u00f3n es el 15 de julio.<\/p>\n<p>Los interesados en participar en el Programa de Oficios de EDEN encontrar\u00e1n los requisitos, detalles y formulario de pre-inscripci\u00f3n en la secci\u00f3n Comunidad de la web www.edensa.com.ar.<\/p>\n<p>Ante consultas, pueden escribir a: programadeoficios@edensa.com.ar<\/p>\n","protected":false},"excerpt":{"rendered":"<p>Con la Educaci\u00f3n como eje de relacionamiento con la comunidad, EDEN lanza el Programa de Oficios en Mercedes. Gratuito y abierto a la participaci\u00f3n de los vecinos, el Curso B\u00e1sico de Electricidad Domiciliaria es una iniciativa que promueve la inserci\u00f3n laboral a trav\u00e9s de la capacitaci\u00f3n. El mismo es dictado y certificado por la Universidad [&hellip;]<\/p>\n","protected":false},"author":2,"featured_media":22847,"comment_status":"open","ping_status":"open","sticky":false,"template":"","format":"standard","meta":{"footnotes":""},"categories":[74],"tags":[34,38,2135],"class_list":["post-22848","post","type-post","status-publish","format-standard","has-post-thumbnail","hentry","category-emprendimientos","tag-eden","tag-educacion","tag-oficios"],"yoast_head":"<!-- This site is optimized with the Yoast SEO plugin v27.5 - https:\/\/yoast.com\/product\/yoast-seo-wordpress\/ -->\n<title>EDEN lanza su Programa de Oficios en Mercedes, gratuito y abierto<\/title>\n<meta name=\"robots\" content=\"index, follow, max-snippet:-1, max-image-preview:large, max-video-preview:-1\" \/>\n<link rel=\"canonical\" href=\"https:\/\/noticiasmercedinas.com\/site\/2019\/07\/05\/eden-lanza-su-programa-de-oficios-en-mercedes-gratuito-y-abierto\/\" \/>\n<meta property=\"og:locale\" content=\"es_ES\" \/>\n<meta property=\"og:type\" content=\"article\" \/>\n<meta property=\"og:title\" content=\"EDEN lanza su Programa de Oficios en Mercedes, gratuito y abierto\" \/>\n<meta property=\"og:description\" content=\"Con la Educaci\u00f3n como eje de relacionamiento con la comunidad, EDEN lanza el Programa de Oficios en Mercedes. Gratuito y abierto a la participaci\u00f3n de los vecinos, el Curso B\u00e1sico de Electricidad Domiciliaria es una iniciativa que promueve la inserci\u00f3n laboral a trav\u00e9s de la capacitaci\u00f3n. El mismo es dictado y certificado por la Universidad [&hellip;]\" \/>\n<meta property=\"og:url\" content=\"https:\/\/noticiasmercedinas.com\/site\/2019\/07\/05\/eden-lanza-su-programa-de-oficios-en-mercedes-gratuito-y-abierto\/\" \/>\n<meta property=\"og:site_name\" content=\"NOTICIASMERCEDINAS.COM\" \/>\n<meta property=\"article:publisher\" content=\"https:\/\/www.facebook.com\/noticiasmercedinas\/\" \/>\n<meta property=\"article:author\" content=\"https:\/\/www.facebook.com\/cristian.falabella\" \/>\n<meta property=\"article:published_time\" content=\"2019-07-05T15:13:54+00:00\" \/>\n<meta property=\"article:modified_time\" content=\"2019-07-05T19:25:15+00:00\" \/>\n<meta property=\"og:image\" content=\"https:\/\/noticiasmercedinas.com\/site\/wp-content\/uploads\/2019\/07\/Programa-de-Oficios-EDEN.jpg\" \/>\n\t<meta property=\"og:image:width\" content=\"3951\" \/>\n\t<meta property=\"og:image:height\" content=\"4256\" \/>\n\t<meta property=\"og:image:type\" content=\"image\/jpeg\" \/>\n<meta name=\"author\" content=\"Cristian Falabella NOTICIASMERCEDINAS.COM\" \/>\n<meta name=\"twitter:card\" content=\"summary_large_image\" \/>\n<meta name=\"twitter:creator\" content=\"@https:\/\/twitter.com\/NOTMERCEDINAS\" \/>\n<meta name=\"twitter:site\" content=\"@notmercedinas\" \/>\n<meta name=\"twitter:label1\" content=\"Escrito por\" \/>\n\t<meta name=\"twitter:data1\" content=\"Cristian Falabella NOTICIASMERCEDINAS.COM\" \/>\n\t<meta name=\"twitter:label2\" content=\"Tiempo de lectura\" \/>\n\t<meta name=\"twitter:data2\" content=\"1 minuto\" \/>\n<script type=\"application\/ld+json\" class=\"yoast-schema-graph\">{\"@context\":\"https:\\\/\\\/schema.org\",\"@graph\":[{\"@type\":\"Article\",\"@id\":\"https:\\\/\\\/noticiasmercedinas.com\\\/site\\\/2019\\\/07\\\/05\\\/eden-lanza-su-programa-de-oficios-en-mercedes-gratuito-y-abierto\\\/#article\",\"isPartOf\":{\"@id\":\"https:\\\/\\\/noticiasmercedinas.com\\\/site\\\/2019\\\/07\\\/05\\\/eden-lanza-su-programa-de-oficios-en-mercedes-gratuito-y-abierto\\\/\"},\"author\":{\"name\":\"Cristian Falabella NOTICIASMERCEDINAS.COM\",\"@id\":\"https:\\\/\\\/noticiasmercedinas.com\\\/site\\\/#\\\/schema\\\/person\\\/d481a9696a5feaec13a60e2bbd991a6a\"},\"headline\":\"EDEN lanza su Programa de Oficios en Mercedes, gratuito y abierto\",\"datePublished\":\"2019-07-05T15:13:54+00:00\",\"dateModified\":\"2019-07-05T19:25:15+00:00\",\"mainEntityOfPage\":{\"@id\":\"https:\\\/\\\/noticiasmercedinas.com\\\/site\\\/2019\\\/07\\\/05\\\/eden-lanza-su-programa-de-oficios-en-mercedes-gratuito-y-abierto\\\/\"},\"wordCount\":222,\"commentCount\":0,\"publisher\":{\"@id\":\"https:\\\/\\\/noticiasmercedinas.com\\\/site\\\/#organization\"},\"image\":{\"@id\":\"https:\\\/\\\/noticiasmercedinas.com\\\/site\\\/2019\\\/07\\\/05\\\/eden-lanza-su-programa-de-oficios-en-mercedes-gratuito-y-abierto\\\/#primaryimage\"},\"thumbnailUrl\":\"https:\\\/\\\/noticiasmercedinas.com\\\/site\\\/wp-content\\\/uploads\\\/2019\\\/07\\\/Programa-de-Oficios-EDEN.jpg\",\"keywords\":[\"eden\",\"educacion\",\"oficios\"],\"articleSection\":[\"Emprendimientos\"],\"inLanguage\":\"es\",\"potentialAction\":[{\"@type\":\"CommentAction\",\"name\":\"Comment\",\"target\":[\"https:\\\/\\\/noticiasmercedinas.com\\\/site\\\/2019\\\/07\\\/05\\\/eden-lanza-su-programa-de-oficios-en-mercedes-gratuito-y-abierto\\\/#respond\"]}]},{\"@type\":\"WebPage\",\"@id\":\"https:\\\/\\\/noticiasmercedinas.com\\\/site\\\/2019\\\/07\\\/05\\\/eden-lanza-su-programa-de-oficios-en-mercedes-gratuito-y-abierto\\\/\",\"url\":\"https:\\\/\\\/noticiasmercedinas.com\\\/site\\\/2019\\\/07\\\/05\\\/eden-lanza-su-programa-de-oficios-en-mercedes-gratuito-y-abierto\\\/\",\"name\":\"EDEN lanza su Programa de Oficios en Mercedes, gratuito y abierto\",\"isPartOf\":{\"@id\":\"https:\\\/\\\/noticiasmercedinas.com\\\/site\\\/#website\"},\"primaryImageOfPage\":{\"@id\":\"https:\\\/\\\/noticiasmercedinas.com\\\/site\\\/2019\\\/07\\\/05\\\/eden-lanza-su-programa-de-oficios-en-mercedes-gratuito-y-abierto\\\/#primaryimage\"},\"image\":{\"@id\":\"https:\\\/\\\/noticiasmercedinas.com\\\/site\\\/2019\\\/07\\\/05\\\/eden-lanza-su-programa-de-oficios-en-mercedes-gratuito-y-abierto\\\/#primaryimage\"},\"thumbnailUrl\":\"https:\\\/\\\/noticiasmercedinas.com\\\/site\\\/wp-content\\\/uploads\\\/2019\\\/07\\\/Programa-de-Oficios-EDEN.jpg\",\"datePublished\":\"2019-07-05T15:13:54+00:00\",\"dateModified\":\"2019-07-05T19:25:15+00:00\",\"breadcrumb\":{\"@id\":\"https:\\\/\\\/noticiasmercedinas.com\\\/site\\\/2019\\\/07\\\/05\\\/eden-lanza-su-programa-de-oficios-en-mercedes-gratuito-y-abierto\\\/#breadcrumb\"},\"inLanguage\":\"es\",\"potentialAction\":[{\"@type\":\"ReadAction\",\"target\":[\"https:\\\/\\\/noticiasmercedinas.com\\\/site\\\/2019\\\/07\\\/05\\\/eden-lanza-su-programa-de-oficios-en-mercedes-gratuito-y-abierto\\\/\"]}]},{\"@type\":\"ImageObject\",\"inLanguage\":\"es\",\"@id\":\"https:\\\/\\\/noticiasmercedinas.com\\\/site\\\/2019\\\/07\\\/05\\\/eden-lanza-su-programa-de-oficios-en-mercedes-gratuito-y-abierto\\\/#primaryimage\",\"url\":\"https:\\\/\\\/noticiasmercedinas.com\\\/site\\\/wp-content\\\/uploads\\\/2019\\\/07\\\/Programa-de-Oficios-EDEN.jpg\",\"contentUrl\":\"https:\\\/\\\/noticiasmercedinas.com\\\/site\\\/wp-content\\\/uploads\\\/2019\\\/07\\\/Programa-de-Oficios-EDEN.jpg\",\"width\":3951,\"height\":4256},{\"@type\":\"BreadcrumbList\",\"@id\":\"https:\\\/\\\/noticiasmercedinas.com\\\/site\\\/2019\\\/07\\\/05\\\/eden-lanza-su-programa-de-oficios-en-mercedes-gratuito-y-abierto\\\/#breadcrumb\",\"itemListElement\":[{\"@type\":\"ListItem\",\"position\":1,\"name\":\"Portada\",\"item\":\"https:\\\/\\\/noticiasmercedinas.com\\\/site\\\/\"},{\"@type\":\"ListItem\",\"position\":2,\"name\":\"EDEN lanza su Programa de Oficios en Mercedes, gratuito y abierto\"}]},{\"@type\":\"WebSite\",\"@id\":\"https:\\\/\\\/noticiasmercedinas.com\\\/site\\\/#website\",\"url\":\"https:\\\/\\\/noticiasmercedinas.com\\\/site\\\/\",\"name\":\"NOTICIASMERCEDINAS.COM\",\"description\":\"Mercedes, Buenos Aires, Argentina\",\"publisher\":{\"@id\":\"https:\\\/\\\/noticiasmercedinas.com\\\/site\\\/#organization\"},\"potentialAction\":[{\"@type\":\"SearchAction\",\"target\":{\"@type\":\"EntryPoint\",\"urlTemplate\":\"https:\\\/\\\/noticiasmercedinas.com\\\/site\\\/?s={search_term_string}\"},\"query-input\":{\"@type\":\"PropertyValueSpecification\",\"valueRequired\":true,\"valueName\":\"search_term_string\"}}],\"inLanguage\":\"es\"},{\"@type\":\"Organization\",\"@id\":\"https:\\\/\\\/noticiasmercedinas.com\\\/site\\\/#organization\",\"name\":\"NOTICIASMERCEDINAS.COM\",\"url\":\"https:\\\/\\\/noticiasmercedinas.com\\\/site\\\/\",\"logo\":{\"@type\":\"ImageObject\",\"inLanguage\":\"es\",\"@id\":\"https:\\\/\\\/noticiasmercedinas.com\\\/site\\\/#\\\/schema\\\/logo\\\/image\\\/\",\"url\":\"https:\\\/\\\/noticiasmercedinas.com\\\/site\\\/wp-content\\\/uploads\\\/2020\\\/06\\\/LOGO-512.jpg\",\"contentUrl\":\"https:\\\/\\\/noticiasmercedinas.com\\\/site\\\/wp-content\\\/uploads\\\/2020\\\/06\\\/LOGO-512.jpg\",\"width\":512,\"height\":512,\"caption\":\"NOTICIASMERCEDINAS.COM\"},\"image\":{\"@id\":\"https:\\\/\\\/noticiasmercedinas.com\\\/site\\\/#\\\/schema\\\/logo\\\/image\\\/\"},\"sameAs\":[\"https:\\\/\\\/www.facebook.com\\\/noticiasmercedinas\\\/\",\"https:\\\/\\\/x.com\\\/notmercedinas\",\"https:\\\/\\\/www.instagram.com\\\/noticiasmercedinas\\\/\"]},{\"@type\":\"Person\",\"@id\":\"https:\\\/\\\/noticiasmercedinas.com\\\/site\\\/#\\\/schema\\\/person\\\/d481a9696a5feaec13a60e2bbd991a6a\",\"name\":\"Cristian Falabella NOTICIASMERCEDINAS.COM\",\"image\":{\"@type\":\"ImageObject\",\"inLanguage\":\"es\",\"@id\":\"https:\\\/\\\/secure.gravatar.com\\\/avatar\\\/0dbbfc45970cc46bcd0e57766228574ff3511d6eed045b182f536f0f478c1f06?s=96&d=mm&r=g\",\"url\":\"https:\\\/\\\/secure.gravatar.com\\\/avatar\\\/0dbbfc45970cc46bcd0e57766228574ff3511d6eed045b182f536f0f478c1f06?s=96&d=mm&r=g\",\"contentUrl\":\"https:\\\/\\\/secure.gravatar.com\\\/avatar\\\/0dbbfc45970cc46bcd0e57766228574ff3511d6eed045b182f536f0f478c1f06?s=96&d=mm&r=g\",\"caption\":\"Cristian Falabella NOTICIASMERCEDINAS.COM\"},\"description\":\"Periodista, editor de Noticias Mercedinas. Pas\u00f3 por varias redacciones y emprendimientos de prensa, en distintos formatos y \u00e9pocas. Se especializ\u00f3 --y sigue haci\u00e9ndolo-- en comunicaci\u00f3n en la web y en junio de 2006 fund\u00f3 este diario digital.\",\"sameAs\":[\"https:\\\/\\\/noticiasmercedinas.com\",\"https:\\\/\\\/www.facebook.com\\\/cristian.falabella\",\"https:\\\/\\\/www.instagram.com\\\/noticiasmercedinas\\\/\",\"https:\\\/\\\/x.com\\\/https:\\\/\\\/twitter.com\\\/NOTMERCEDINAS\"],\"url\":\"https:\\\/\\\/noticiasmercedinas.com\\\/site\\\/author\\\/as000384\\\/\"}]}<\/script>\n<!-- \/ Yoast SEO plugin. -->","yoast_head_json":{"title":"EDEN lanza su Programa de Oficios en Mercedes, gratuito y abierto","robots":{"index":"index","follow":"follow","max-snippet":"max-snippet:-1","max-image-preview":"max-image-preview:large","max-video-preview":"max-video-preview:-1"},"canonical":"https:\/\/noticiasmercedinas.com\/site\/2019\/07\/05\/eden-lanza-su-programa-de-oficios-en-mercedes-gratuito-y-abierto\/","og_locale":"es_ES","og_type":"article","og_title":"EDEN lanza su Programa de Oficios en Mercedes, gratuito y abierto","og_description":"Con la Educaci\u00f3n como eje de relacionamiento con la comunidad, EDEN lanza el Programa de Oficios en Mercedes. Gratuito y abierto a la participaci\u00f3n de los vecinos, el Curso B\u00e1sico de Electricidad Domiciliaria es una iniciativa que promueve la inserci\u00f3n laboral a trav\u00e9s de la capacitaci\u00f3n. El mismo es dictado y certificado por la Universidad [&hellip;]","og_url":"https:\/\/noticiasmercedinas.com\/site\/2019\/07\/05\/eden-lanza-su-programa-de-oficios-en-mercedes-gratuito-y-abierto\/","og_site_name":"NOTICIASMERCEDINAS.COM","article_publisher":"https:\/\/www.facebook.com\/noticiasmercedinas\/","article_author":"https:\/\/www.facebook.com\/cristian.falabella","article_published_time":"2019-07-05T15:13:54+00:00","article_modified_time":"2019-07-05T19:25:15+00:00","og_image":[{"width":3951,"height":4256,"url":"https:\/\/noticiasmercedinas.com\/site\/wp-content\/uploads\/2019\/07\/Programa-de-Oficios-EDEN.jpg","type":"image\/jpeg"}],"author":"Cristian Falabella NOTICIASMERCEDINAS.COM","twitter_card":"summary_large_image","twitter_creator":"@https:\/\/twitter.com\/NOTMERCEDINAS","twitter_site":"@notmercedinas","twitter_misc":{"Escrito por":"Cristian Falabella NOTICIASMERCEDINAS.COM","Tiempo de lectura":"1 minuto"},"schema":{"@context":"https:\/\/schema.org","@graph":[{"@type":"Article","@id":"https:\/\/noticiasmercedinas.com\/site\/2019\/07\/05\/eden-lanza-su-programa-de-oficios-en-mercedes-gratuito-y-abierto\/#article","isPartOf":{"@id":"https:\/\/noticiasmercedinas.com\/site\/2019\/07\/05\/eden-lanza-su-programa-de-oficios-en-mercedes-gratuito-y-abierto\/"},"author":{"name":"Cristian Falabella NOTICIASMERCEDINAS.COM","@id":"https:\/\/noticiasmercedinas.com\/site\/#\/schema\/person\/d481a9696a5feaec13a60e2bbd991a6a"},"headline":"EDEN lanza su Programa de Oficios en Mercedes, gratuito y abierto","datePublished":"2019-07-05T15:13:54+00:00","dateModified":"2019-07-05T19:25:15+00:00","mainEntityOfPage":{"@id":"https:\/\/noticiasmercedinas.com\/site\/2019\/07\/05\/eden-lanza-su-programa-de-oficios-en-mercedes-gratuito-y-abierto\/"},"wordCount":222,"commentCount":0,"publisher":{"@id":"https:\/\/noticiasmercedinas.com\/site\/#organization"},"image":{"@id":"https:\/\/noticiasmercedinas.com\/site\/2019\/07\/05\/eden-lanza-su-programa-de-oficios-en-mercedes-gratuito-y-abierto\/#primaryimage"},"thumbnailUrl":"https:\/\/noticiasmercedinas.com\/site\/wp-content\/uploads\/2019\/07\/Programa-de-Oficios-EDEN.jpg","keywords":["eden","educacion","oficios"],"articleSection":["Emprendimientos"],"inLanguage":"es","potentialAction":[{"@type":"CommentAction","name":"Comment","target":["https:\/\/noticiasmercedinas.com\/site\/2019\/07\/05\/eden-lanza-su-programa-de-oficios-en-mercedes-gratuito-y-abierto\/#respond"]}]},{"@type":"WebPage","@id":"https:\/\/noticiasmercedinas.com\/site\/2019\/07\/05\/eden-lanza-su-programa-de-oficios-en-mercedes-gratuito-y-abierto\/","url":"https:\/\/noticiasmercedinas.com\/site\/2019\/07\/05\/eden-lanza-su-programa-de-oficios-en-mercedes-gratuito-y-abierto\/","name":"EDEN lanza su Programa de Oficios en Mercedes, gratuito y abierto","isPartOf":{"@id":"https:\/\/noticiasmercedinas.com\/site\/#website"},"primaryImageOfPage":{"@id":"https:\/\/noticiasmercedinas.com\/site\/2019\/07\/05\/eden-lanza-su-programa-de-oficios-en-mercedes-gratuito-y-abierto\/#primaryimage"},"image":{"@id":"https:\/\/noticiasmercedinas.com\/site\/2019\/07\/05\/eden-lanza-su-programa-de-oficios-en-mercedes-gratuito-y-abierto\/#primaryimage"},"thumbnailUrl":"https:\/\/noticiasmercedinas.com\/site\/wp-content\/uploads\/2019\/07\/Programa-de-Oficios-EDEN.jpg","datePublished":"2019-07-05T15:13:54+00:00","dateModified":"2019-07-05T19:25:15+00:00","breadcrumb":{"@id":"https:\/\/noticiasmercedinas.com\/site\/2019\/07\/05\/eden-lanza-su-programa-de-oficios-en-mercedes-gratuito-y-abierto\/#breadcrumb"},"inLanguage":"es","potentialAction":[{"@type":"ReadAction","target":["https:\/\/noticiasmercedinas.com\/site\/2019\/07\/05\/eden-lanza-su-programa-de-oficios-en-mercedes-gratuito-y-abierto\/"]}]},{"@type":"ImageObject","inLanguage":"es","@id":"https:\/\/noticiasmercedinas.com\/site\/2019\/07\/05\/eden-lanza-su-programa-de-oficios-en-mercedes-gratuito-y-abierto\/#primaryimage","url":"https:\/\/noticiasmercedinas.com\/site\/wp-content\/uploads\/2019\/07\/Programa-de-Oficios-EDEN.jpg","contentUrl":"https:\/\/noticiasmercedinas.com\/site\/wp-content\/uploads\/2019\/07\/Programa-de-Oficios-EDEN.jpg","width":3951,"height":4256},{"@type":"BreadcrumbList","@id":"https:\/\/noticiasmercedinas.com\/site\/2019\/07\/05\/eden-lanza-su-programa-de-oficios-en-mercedes-gratuito-y-abierto\/#breadcrumb","itemListElement":[{"@type":"ListItem","position":1,"name":"Portada","item":"https:\/\/noticiasmercedinas.com\/site\/"},{"@type":"ListItem","position":2,"name":"EDEN lanza su Programa de Oficios en Mercedes, gratuito y abierto"}]},{"@type":"WebSite","@id":"https:\/\/noticiasmercedinas.com\/site\/#website","url":"https:\/\/noticiasmercedinas.com\/site\/","name":"NOTICIASMERCEDINAS.COM","description":"Mercedes, Buenos Aires, Argentina","publisher":{"@id":"https:\/\/noticiasmercedinas.com\/site\/#organization"},"potentialAction":[{"@type":"SearchAction","target":{"@type":"EntryPoint","urlTemplate":"https:\/\/noticiasmercedinas.com\/site\/?s={search_term_string}"},"query-input":{"@type":"PropertyValueSpecification","valueRequired":true,"valueName":"search_term_string"}}],"inLanguage":"es"},{"@type":"Organization","@id":"https:\/\/noticiasmercedinas.com\/site\/#organization","name":"NOTICIASMERCEDINAS.COM","url":"https:\/\/noticiasmercedinas.com\/site\/","logo":{"@type":"ImageObject","inLanguage":"es","@id":"https:\/\/noticiasmercedinas.com\/site\/#\/schema\/logo\/image\/","url":"https:\/\/noticiasmercedinas.com\/site\/wp-content\/uploads\/2020\/06\/LOGO-512.jpg","contentUrl":"https:\/\/noticiasmercedinas.com\/site\/wp-content\/uploads\/2020\/06\/LOGO-512.jpg","width":512,"height":512,"caption":"NOTICIASMERCEDINAS.COM"},"image":{"@id":"https:\/\/noticiasmercedinas.com\/site\/#\/schema\/logo\/image\/"},"sameAs":["https:\/\/www.facebook.com\/noticiasmercedinas\/","https:\/\/x.com\/notmercedinas","https:\/\/www.instagram.com\/noticiasmercedinas\/"]},{"@type":"Person","@id":"https:\/\/noticiasmercedinas.com\/site\/#\/schema\/person\/d481a9696a5feaec13a60e2bbd991a6a","name":"Cristian Falabella NOTICIASMERCEDINAS.COM","image":{"@type":"ImageObject","inLanguage":"es","@id":"https:\/\/secure.gravatar.com\/avatar\/0dbbfc45970cc46bcd0e57766228574ff3511d6eed045b182f536f0f478c1f06?s=96&d=mm&r=g","url":"https:\/\/secure.gravatar.com\/avatar\/0dbbfc45970cc46bcd0e57766228574ff3511d6eed045b182f536f0f478c1f06?s=96&d=mm&r=g","contentUrl":"https:\/\/secure.gravatar.com\/avatar\/0dbbfc45970cc46bcd0e57766228574ff3511d6eed045b182f536f0f478c1f06?s=96&d=mm&r=g","caption":"Cristian Falabella NOTICIASMERCEDINAS.COM"},"description":"Periodista, editor de Noticias Mercedinas. Pas\u00f3 por varias redacciones y emprendimientos de prensa, en distintos formatos y \u00e9pocas. Se especializ\u00f3 --y sigue haci\u00e9ndolo-- en comunicaci\u00f3n en la web y en junio de 2006 fund\u00f3 este diario digital.","sameAs":["https:\/\/noticiasmercedinas.com","https:\/\/www.facebook.com\/cristian.falabella","https:\/\/www.instagram.com\/noticiasmercedinas\/","https:\/\/x.com\/https:\/\/twitter.com\/NOTMERCEDINAS"],"url":"https:\/\/noticiasmercedinas.com\/site\/author\/as000384\/"}]}},"amp_enabled":true,"_links":{"self":[{"href":"https:\/\/noticiasmercedinas.com\/site\/wp-json\/wp\/v2\/posts\/22848","targetHints":{"allow":["GET"]}}],"collection":[{"href":"https:\/\/noticiasmercedinas.com\/site\/wp-json\/wp\/v2\/posts"}],"about":[{"href":"https:\/\/noticiasmercedinas.com\/site\/wp-json\/wp\/v2\/types\/post"}],"author":[{"embeddable":true,"href":"https:\/\/noticiasmercedinas.com\/site\/wp-json\/wp\/v2\/users\/2"}],"replies":[{"embeddable":true,"href":"https:\/\/noticiasmercedinas.com\/site\/wp-json\/wp\/v2\/comments?post=22848"}],"version-history":[{"count":1,"href":"https:\/\/noticiasmercedinas.com\/site\/wp-json\/wp\/v2\/posts\/22848\/revisions"}],"predecessor-version":[{"id":22865,"href":"https:\/\/noticiasmercedinas.com\/site\/wp-json\/wp\/v2\/posts\/22848\/revisions\/22865"}],"wp:featuredmedia":[{"embeddable":true,"href":"https:\/\/noticiasmercedinas.com\/site\/wp-json\/wp\/v2\/media\/22847"}],"wp:attachment":[{"href":"https:\/\/noticiasmercedinas.com\/site\/wp-json\/wp\/v2\/media?parent=22848"}],"wp:term":[{"taxonomy":"category","embeddable":true,"href":"https:\/\/noticiasmercedinas.com\/site\/wp-json\/wp\/v2\/categories?post=22848"},{"taxonomy":"post_tag","embeddable":true,"href":"https:\/\/noticiasmercedinas.com\/site\/wp-json\/wp\/v2\/tags?post=22848"}],"curies":[{"name":"wp","href":"https:\/\/api.w.org\/{rel}","templated":true}]}}