{"id":22876,"date":"2019-07-05T19:46:49","date_gmt":"2019-07-05T22:46:49","guid":{"rendered":"https:\/\/noticiasmercedinas.com\/site\/?p=22876"},"modified":"2019-07-05T19:46:49","modified_gmt":"2019-07-05T22:46:49","slug":"homenaje-a-43-anos-de-la-masacre-de-los-palotinos","status":"publish","type":"post","link":"https:\/\/noticiasmercedinas.com\/site\/2019\/07\/05\/homenaje-a-43-anos-de-la-masacre-de-los-palotinos\/","title":{"rendered":"Homenaje a 43 a\u00f1os de la masacre de los Palotinos"},"content":{"rendered":"\r\n                <style type=\"text\/css\">\r\n                    \r\n                    #td_uid_1_69f1e30839bc2  .td-doubleSlider-2 .td-item1 {\r\n                        background: url(https:\/\/noticiasmercedinas.com\/site\/wp-content\/uploads\/2019\/07\/Palotinos--160x120.jpg) 0 0 no-repeat;\r\n                    }\r\n                    #td_uid_1_69f1e30839bc2  .td-doubleSlider-2 .td-item2 {\r\n                        background: url(https:\/\/noticiasmercedinas.com\/site\/wp-content\/uploads\/2019\/07\/Palotinos-1-160x120.jpg) 0 0 no-repeat;\r\n                    }\r\n                    #td_uid_1_69f1e30839bc2  .td-doubleSlider-2 .td-item3 {\r\n                        background: url(https:\/\/noticiasmercedinas.com\/site\/wp-content\/uploads\/2019\/07\/Palotinos-4-160x120.jpg) 0 0 no-repeat;\r\n                    }\r\n                    #td_uid_1_69f1e30839bc2  .td-doubleSlider-2 .td-item4 {\r\n                        background: url(https:\/\/noticiasmercedinas.com\/site\/wp-content\/uploads\/2019\/07\/Palotinos-2-160x120.jpg) 0 0 no-repeat;\r\n                    }\r\n                <\/style>\r\n\r\n                <div id=\"td_uid_1_69f1e30839bc2\" class=\"td-gallery td-slide-on-2-columns\">\r\n                    <div class=\"post_td_gallery\">\r\n                        <div class=\"td-gallery-slide-top\">\r\n                           <div class=\"td-gallery-title\"><\/div>\r\n\r\n                            <div class=\"td-gallery-controls-wrapper\">\r\n                                <div class=\"td-gallery-slide-count\"><span class=\"td-gallery-slide-item-focus\">1<\/span> de 4<\/div>\r\n                                <div class=\"td-gallery-slide-prev-next-but\">\r\n                                    <i class = \"td-icon-left doubleSliderPrevButton\"><\/i>\r\n                                    <i class = \"td-icon-right doubleSliderNextButton\"><\/i>\r\n                                <\/div>\r\n                            <\/div>\r\n                        <\/div>\r\n\r\n                        <div class = \"td-doubleSlider-1 \">\r\n                            <div class = \"td-slider\">\r\n                                \r\n                    <div class = \"td-slide-item td-item1\">\r\n                        <figure class=\"td-slide-galery-figure td-slide-popup-gallery\">\r\n                            <a class=\"slide-gallery-image-link\" href=\"https:\/\/noticiasmercedinas.com\/site\/wp-content\/uploads\/2019\/07\/Palotinos-.jpg\" title=\"Palotinos-\"  data-caption=\"\"  data-description=\"\">\r\n                                <img decoding=\"async\" src=\"https:\/\/noticiasmercedinas.com\/site\/wp-content\/uploads\/2019\/07\/Palotinos-.jpg\" srcset=\"https:\/\/noticiasmercedinas.com\/site\/wp-content\/uploads\/2019\/07\/Palotinos-.jpg 948w, https:\/\/noticiasmercedinas.com\/site\/wp-content\/uploads\/2019\/07\/Palotinos--300x200.jpg 300w, https:\/\/noticiasmercedinas.com\/site\/wp-content\/uploads\/2019\/07\/Palotinos--768x512.jpg 768w, https:\/\/noticiasmercedinas.com\/site\/wp-content\/uploads\/2019\/07\/Palotinos--640x427.jpg 640w, https:\/\/noticiasmercedinas.com\/site\/wp-content\/uploads\/2019\/07\/Palotinos--681x454.jpg 681w\" sizes=\"(max-width: 948px) 100vw, 948px\" alt=\"\">\r\n                            <\/a>\r\n                            \r\n                        <\/figure>\r\n                    <\/div>\r\n                    <div class = \"td-slide-item td-item2\">\r\n                        <figure class=\"td-slide-galery-figure td-slide-popup-gallery\">\r\n                            <a class=\"slide-gallery-image-link\" href=\"https:\/\/noticiasmercedinas.com\/site\/wp-content\/uploads\/2019\/07\/Palotinos-1.jpg\" title=\"Palotinos-1\"  data-caption=\"\"  data-description=\"\">\r\n                                <img decoding=\"async\" src=\"https:\/\/noticiasmercedinas.com\/site\/wp-content\/uploads\/2019\/07\/Palotinos-1.jpg\" srcset=\"https:\/\/noticiasmercedinas.com\/site\/wp-content\/uploads\/2019\/07\/Palotinos-1.jpg 948w, https:\/\/noticiasmercedinas.com\/site\/wp-content\/uploads\/2019\/07\/Palotinos-1-300x200.jpg 300w, https:\/\/noticiasmercedinas.com\/site\/wp-content\/uploads\/2019\/07\/Palotinos-1-768x512.jpg 768w, https:\/\/noticiasmercedinas.com\/site\/wp-content\/uploads\/2019\/07\/Palotinos-1-640x427.jpg 640w, https:\/\/noticiasmercedinas.com\/site\/wp-content\/uploads\/2019\/07\/Palotinos-1-681x454.jpg 681w\" sizes=\"(max-width: 948px) 100vw, 948px\" alt=\"\">\r\n                            <\/a>\r\n                            \r\n                        <\/figure>\r\n                    <\/div>\r\n                    <div class = \"td-slide-item td-item3\">\r\n                        <figure class=\"td-slide-galery-figure td-slide-popup-gallery\">\r\n                            <a class=\"slide-gallery-image-link\" href=\"https:\/\/noticiasmercedinas.com\/site\/wp-content\/uploads\/2019\/07\/Palotinos-4.jpg\" title=\"Palotinos-4\"  data-caption=\"\"  data-description=\"\">\r\n                                <img decoding=\"async\" src=\"https:\/\/noticiasmercedinas.com\/site\/wp-content\/uploads\/2019\/07\/Palotinos-4.jpg\" srcset=\"https:\/\/noticiasmercedinas.com\/site\/wp-content\/uploads\/2019\/07\/Palotinos-4.jpg 948w, https:\/\/noticiasmercedinas.com\/site\/wp-content\/uploads\/2019\/07\/Palotinos-4-300x200.jpg 300w, https:\/\/noticiasmercedinas.com\/site\/wp-content\/uploads\/2019\/07\/Palotinos-4-768x512.jpg 768w, https:\/\/noticiasmercedinas.com\/site\/wp-content\/uploads\/2019\/07\/Palotinos-4-640x427.jpg 640w, https:\/\/noticiasmercedinas.com\/site\/wp-content\/uploads\/2019\/07\/Palotinos-4-681x454.jpg 681w\" sizes=\"(max-width: 948px) 100vw, 948px\" alt=\"\">\r\n                            <\/a>\r\n                            \r\n                        <\/figure>\r\n                    <\/div>\r\n                    <div class = \"td-slide-item td-item4\">\r\n                        <figure class=\"td-slide-galery-figure td-slide-popup-gallery\">\r\n                            <a class=\"slide-gallery-image-link\" href=\"https:\/\/noticiasmercedinas.com\/site\/wp-content\/uploads\/2019\/07\/Palotinos-2.jpg\" title=\"Palotinos-2\"  data-caption=\"\"  data-description=\"\">\r\n                                <img decoding=\"async\" src=\"https:\/\/noticiasmercedinas.com\/site\/wp-content\/uploads\/2019\/07\/Palotinos-2.jpg\" srcset=\"https:\/\/noticiasmercedinas.com\/site\/wp-content\/uploads\/2019\/07\/Palotinos-2.jpg 948w, https:\/\/noticiasmercedinas.com\/site\/wp-content\/uploads\/2019\/07\/Palotinos-2-300x200.jpg 300w, https:\/\/noticiasmercedinas.com\/site\/wp-content\/uploads\/2019\/07\/Palotinos-2-768x512.jpg 768w, https:\/\/noticiasmercedinas.com\/site\/wp-content\/uploads\/2019\/07\/Palotinos-2-640x427.jpg 640w, https:\/\/noticiasmercedinas.com\/site\/wp-content\/uploads\/2019\/07\/Palotinos-2-681x454.jpg 681w\" sizes=\"(max-width: 948px) 100vw, 948px\" alt=\"\">\r\n                            <\/a>\r\n                            \r\n                        <\/figure>\r\n                    <\/div>\r\n                            <\/div>\r\n                        <\/div>\r\n\r\n                        <div class = \"td-doubleSlider-2\">\r\n                            <div class = \"td-slider\">\r\n                                \r\n                    <div class = \"td-button td-item1\">\r\n                        <div class = \"td-border\"><\/div>\r\n                    <\/div>\r\n                    <div class = \"td-button td-item2\">\r\n                        <div class = \"td-border\"><\/div>\r\n                    <\/div>\r\n                    <div class = \"td-button td-item3\">\r\n                        <div class = \"td-border\"><\/div>\r\n                    <\/div>\r\n                    <div class = \"td-button td-item4\">\r\n                        <div class = \"td-border\"><\/div>\r\n                    <\/div>\r\n                            <\/div>\r\n                        <\/div>\r\n\r\n                    <\/div>\r\n\r\n                <\/div>\r\n                \n<p style=\"font-weight: 400;\">El Municipio de Mercedes en un trabajo en conjunto de la Coordinaci\u00f3n de Derechos Humanos, la Direcci\u00f3n de Cultura y la coordinaci\u00f3n de los museos de la ciudad, llev\u00f3 adelante un homenaje a la comunidad Palotina de San Patricio a 43 a\u00f1os del asesinato de 5 religiosos en una parroquia del barrio de Belgrano. Los mismos tuvieron grandes lazos con nuestra comunidad, motivo por el cual, fueron inhumados en nuestra ciudad.<\/p>\n<p style=\"font-weight: 400;\">Por este motivo se est\u00e1 realizando una muestra fotogr\u00e1fica y documental a cargo de Marcela Brown y Javier Navarro Gallo. La misma se efect\u00faa en el foyer del Teatro Argentino J.C Gioscio. La misma comenz\u00f3 este 4 de julio y se desarrollar\u00e1 hasta el 30 de julio. Estar\u00e1 abierta a todo el p\u00fablico de forma gratuita.<\/p>\n<p style=\"font-weight: 400;\">La apertura cont\u00f3 con un gran marco de p\u00fablico, colegios, autoridades eclesi\u00e1sticas, educativas, concejales, artistas, familiares y tuvo la adhesi\u00f3n de la Comisi\u00f3n de Familiares y Amigos Detenidos Desaparecidos por la Dictadura Militar en Mercedes, la Comisi\u00f3n Municipal por la Memoria y la Red Provincial de Derechos Humanos.<\/p>\n<p style=\"font-weight: 400;\">\u201cLa finalidad fue conmemorar esta triste fecha en el marco de la memoria, verdad y justicia y homenajear la vida y la obra de los tres sacerdotes y los dos seminaristas asesinados\u201d se\u00f1al\u00f3 el magister Sergio Carini, coordinador de la oficina de Derechos Humanos de la Municipalidad.<\/p>\n<p style=\"font-weight: 400;\">El artista boliviano, Javier Navarro Gallo, part\u00edcipe de esta muestra, no pudo estar presente en la inauguraci\u00f3n, pero elabor\u00f3 un sentido discurso que fue transmitido por Sergio Carini:<\/p>\n<p style=\"font-weight: 400;\"><em>LA MEMORIA DE LOS PUEBLOS<\/em><\/p>\n<p style=\"font-weight: 400;\"><em>\u201cUno de los objetivos del sistema imperante en el mundo es el de borrar la memoria de los pueblos, por lo que toda acci\u00f3n que permita mantener viva la memoria en el presente, especialmente relacionada a hechos donde la dignidad humana ha sido vilipendiada y manchada, debe ser considerada como un acto revolucionario y reivindicatorio. Hoy en Mercedes Buenos Aires se dar\u00e1 un duro golpe a \u00abese\u00bb sistema. Saludos desde Bolivia hermanos y hermanas mercedinas\u201d.<\/em><\/p>\n","protected":false},"excerpt":{"rendered":"<p>El Municipio de Mercedes en un trabajo en conjunto de la Coordinaci\u00f3n de Derechos Humanos, la Direcci\u00f3n de Cultura y la coordinaci\u00f3n de los museos de la ciudad, llev\u00f3 adelante un homenaje a la comunidad Palotina de San Patricio a 43 a\u00f1os del asesinato de 5 religiosos en una parroquia del barrio de Belgrano. Los [&hellip;]<\/p>\n","protected":false},"author":16,"featured_media":22878,"comment_status":"open","ping_status":"open","sticky":false,"template":"","format":"standard","meta":{"footnotes":""},"categories":[3],"tags":[4368,672,5641,1751],"class_list":["post-22876","post","type-post","status-publish","format-standard","has-post-thumbnail","hentry","category-sociedad","tag-derechos-humanos","tag-homenaje","tag-palotinos","tag-san-patricio"],"yoast_head":"<!-- This site is optimized with the Yoast SEO plugin v27.4 - https:\/\/yoast.com\/product\/yoast-seo-wordpress\/ -->\n<title>Homenaje a 43 a\u00f1os de la masacre de los Palotinos<\/title>\n<meta name=\"robots\" content=\"index, follow, max-snippet:-1, max-image-preview:large, max-video-preview:-1\" \/>\n<link rel=\"canonical\" href=\"https:\/\/noticiasmercedinas.com\/site\/2019\/07\/05\/homenaje-a-43-anos-de-la-masacre-de-los-palotinos\/\" \/>\n<meta property=\"og:locale\" content=\"es_ES\" \/>\n<meta property=\"og:type\" content=\"article\" \/>\n<meta property=\"og:title\" content=\"Homenaje a 43 a\u00f1os de la masacre de los Palotinos\" \/>\n<meta property=\"og:description\" content=\"El Municipio de Mercedes en un trabajo en conjunto de la Coordinaci\u00f3n de Derechos Humanos, la Direcci\u00f3n de Cultura y la coordinaci\u00f3n de los museos de la ciudad, llev\u00f3 adelante un homenaje a la comunidad Palotina de San Patricio a 43 a\u00f1os del asesinato de 5 religiosos en una parroquia del barrio de Belgrano. Los [&hellip;]\" \/>\n<meta property=\"og:url\" content=\"https:\/\/noticiasmercedinas.com\/site\/2019\/07\/05\/homenaje-a-43-anos-de-la-masacre-de-los-palotinos\/\" \/>\n<meta property=\"og:site_name\" content=\"NOTICIASMERCEDINAS.COM\" \/>\n<meta property=\"article:publisher\" content=\"https:\/\/www.facebook.com\/noticiasmercedinas\/\" \/>\n<meta property=\"article:published_time\" content=\"2019-07-05T22:46:49+00:00\" \/>\n<meta property=\"og:image\" content=\"https:\/\/noticiasmercedinas.com\/site\/wp-content\/uploads\/2019\/07\/Palotinos-1.jpg\" \/>\n\t<meta property=\"og:image:width\" content=\"948\" \/>\n\t<meta property=\"og:image:height\" content=\"632\" \/>\n\t<meta property=\"og:image:type\" content=\"image\/jpeg\" \/>\n<meta name=\"author\" content=\"NOTICIASMERCEDINAS.COM\" \/>\n<meta name=\"twitter:card\" content=\"summary_large_image\" \/>\n<meta name=\"twitter:creator\" content=\"@notmercedinas\" \/>\n<meta name=\"twitter:site\" content=\"@notmercedinas\" \/>\n<meta name=\"twitter:label1\" content=\"Escrito por\" \/>\n\t<meta name=\"twitter:data1\" content=\"NOTICIASMERCEDINAS.COM\" \/>\n\t<meta name=\"twitter:label2\" content=\"Tiempo de lectura\" \/>\n\t<meta name=\"twitter:data2\" content=\"2 minutos\" \/>\n<script type=\"application\/ld+json\" class=\"yoast-schema-graph\">{\"@context\":\"https:\\\/\\\/schema.org\",\"@graph\":[{\"@type\":\"Article\",\"@id\":\"https:\\\/\\\/noticiasmercedinas.com\\\/site\\\/2019\\\/07\\\/05\\\/homenaje-a-43-anos-de-la-masacre-de-los-palotinos\\\/#article\",\"isPartOf\":{\"@id\":\"https:\\\/\\\/noticiasmercedinas.com\\\/site\\\/2019\\\/07\\\/05\\\/homenaje-a-43-anos-de-la-masacre-de-los-palotinos\\\/\"},\"author\":{\"name\":\"NOTICIASMERCEDINAS.COM\",\"@id\":\"https:\\\/\\\/noticiasmercedinas.com\\\/site\\\/#\\\/schema\\\/person\\\/84b59c099c28ff2e8b77d4ceec5d8063\"},\"headline\":\"Homenaje a 43 a\u00f1os de la masacre de los Palotinos\",\"datePublished\":\"2019-07-05T22:46:49+00:00\",\"mainEntityOfPage\":{\"@id\":\"https:\\\/\\\/noticiasmercedinas.com\\\/site\\\/2019\\\/07\\\/05\\\/homenaje-a-43-anos-de-la-masacre-de-los-palotinos\\\/\"},\"wordCount\":362,\"commentCount\":0,\"publisher\":{\"@id\":\"https:\\\/\\\/noticiasmercedinas.com\\\/site\\\/#organization\"},\"image\":{\"@id\":\"https:\\\/\\\/noticiasmercedinas.com\\\/site\\\/2019\\\/07\\\/05\\\/homenaje-a-43-anos-de-la-masacre-de-los-palotinos\\\/#primaryimage\"},\"thumbnailUrl\":\"https:\\\/\\\/noticiasmercedinas.com\\\/site\\\/wp-content\\\/uploads\\\/2019\\\/07\\\/Palotinos-1.jpg\",\"keywords\":[\"derechos humanos\",\"homenaje\",\"palotinos\",\"san patricio\"],\"articleSection\":[\"Sociedad\"],\"inLanguage\":\"es\",\"potentialAction\":[{\"@type\":\"CommentAction\",\"name\":\"Comment\",\"target\":[\"https:\\\/\\\/noticiasmercedinas.com\\\/site\\\/2019\\\/07\\\/05\\\/homenaje-a-43-anos-de-la-masacre-de-los-palotinos\\\/#respond\"]}]},{\"@type\":\"WebPage\",\"@id\":\"https:\\\/\\\/noticiasmercedinas.com\\\/site\\\/2019\\\/07\\\/05\\\/homenaje-a-43-anos-de-la-masacre-de-los-palotinos\\\/\",\"url\":\"https:\\\/\\\/noticiasmercedinas.com\\\/site\\\/2019\\\/07\\\/05\\\/homenaje-a-43-anos-de-la-masacre-de-los-palotinos\\\/\",\"name\":\"Homenaje a 43 a\u00f1os de la masacre de los Palotinos\",\"isPartOf\":{\"@id\":\"https:\\\/\\\/noticiasmercedinas.com\\\/site\\\/#website\"},\"primaryImageOfPage\":{\"@id\":\"https:\\\/\\\/noticiasmercedinas.com\\\/site\\\/2019\\\/07\\\/05\\\/homenaje-a-43-anos-de-la-masacre-de-los-palotinos\\\/#primaryimage\"},\"image\":{\"@id\":\"https:\\\/\\\/noticiasmercedinas.com\\\/site\\\/2019\\\/07\\\/05\\\/homenaje-a-43-anos-de-la-masacre-de-los-palotinos\\\/#primaryimage\"},\"thumbnailUrl\":\"https:\\\/\\\/noticiasmercedinas.com\\\/site\\\/wp-content\\\/uploads\\\/2019\\\/07\\\/Palotinos-1.jpg\",\"datePublished\":\"2019-07-05T22:46:49+00:00\",\"breadcrumb\":{\"@id\":\"https:\\\/\\\/noticiasmercedinas.com\\\/site\\\/2019\\\/07\\\/05\\\/homenaje-a-43-anos-de-la-masacre-de-los-palotinos\\\/#breadcrumb\"},\"inLanguage\":\"es\",\"potentialAction\":[{\"@type\":\"ReadAction\",\"target\":[\"https:\\\/\\\/noticiasmercedinas.com\\\/site\\\/2019\\\/07\\\/05\\\/homenaje-a-43-anos-de-la-masacre-de-los-palotinos\\\/\"]}]},{\"@type\":\"ImageObject\",\"inLanguage\":\"es\",\"@id\":\"https:\\\/\\\/noticiasmercedinas.com\\\/site\\\/2019\\\/07\\\/05\\\/homenaje-a-43-anos-de-la-masacre-de-los-palotinos\\\/#primaryimage\",\"url\":\"https:\\\/\\\/noticiasmercedinas.com\\\/site\\\/wp-content\\\/uploads\\\/2019\\\/07\\\/Palotinos-1.jpg\",\"contentUrl\":\"https:\\\/\\\/noticiasmercedinas.com\\\/site\\\/wp-content\\\/uploads\\\/2019\\\/07\\\/Palotinos-1.jpg\",\"width\":948,\"height\":632},{\"@type\":\"BreadcrumbList\",\"@id\":\"https:\\\/\\\/noticiasmercedinas.com\\\/site\\\/2019\\\/07\\\/05\\\/homenaje-a-43-anos-de-la-masacre-de-los-palotinos\\\/#breadcrumb\",\"itemListElement\":[{\"@type\":\"ListItem\",\"position\":1,\"name\":\"Portada\",\"item\":\"https:\\\/\\\/noticiasmercedinas.com\\\/site\\\/\"},{\"@type\":\"ListItem\",\"position\":2,\"name\":\"Homenaje a 43 a\u00f1os de la masacre de los Palotinos\"}]},{\"@type\":\"WebSite\",\"@id\":\"https:\\\/\\\/noticiasmercedinas.com\\\/site\\\/#website\",\"url\":\"https:\\\/\\\/noticiasmercedinas.com\\\/site\\\/\",\"name\":\"NOTICIASMERCEDINAS.COM\",\"description\":\"Mercedes, Buenos Aires, Argentina\",\"publisher\":{\"@id\":\"https:\\\/\\\/noticiasmercedinas.com\\\/site\\\/#organization\"},\"potentialAction\":[{\"@type\":\"SearchAction\",\"target\":{\"@type\":\"EntryPoint\",\"urlTemplate\":\"https:\\\/\\\/noticiasmercedinas.com\\\/site\\\/?s={search_term_string}\"},\"query-input\":{\"@type\":\"PropertyValueSpecification\",\"valueRequired\":true,\"valueName\":\"search_term_string\"}}],\"inLanguage\":\"es\"},{\"@type\":\"Organization\",\"@id\":\"https:\\\/\\\/noticiasmercedinas.com\\\/site\\\/#organization\",\"name\":\"NOTICIASMERCEDINAS.COM\",\"url\":\"https:\\\/\\\/noticiasmercedinas.com\\\/site\\\/\",\"logo\":{\"@type\":\"ImageObject\",\"inLanguage\":\"es\",\"@id\":\"https:\\\/\\\/noticiasmercedinas.com\\\/site\\\/#\\\/schema\\\/logo\\\/image\\\/\",\"url\":\"https:\\\/\\\/noticiasmercedinas.com\\\/site\\\/wp-content\\\/uploads\\\/2020\\\/06\\\/LOGO-512.jpg\",\"contentUrl\":\"https:\\\/\\\/noticiasmercedinas.com\\\/site\\\/wp-content\\\/uploads\\\/2020\\\/06\\\/LOGO-512.jpg\",\"width\":512,\"height\":512,\"caption\":\"NOTICIASMERCEDINAS.COM\"},\"image\":{\"@id\":\"https:\\\/\\\/noticiasmercedinas.com\\\/site\\\/#\\\/schema\\\/logo\\\/image\\\/\"},\"sameAs\":[\"https:\\\/\\\/www.facebook.com\\\/noticiasmercedinas\\\/\",\"https:\\\/\\\/x.com\\\/notmercedinas\",\"https:\\\/\\\/www.instagram.com\\\/noticiasmercedinas\\\/\"]},{\"@type\":\"Person\",\"@id\":\"https:\\\/\\\/noticiasmercedinas.com\\\/site\\\/#\\\/schema\\\/person\\\/84b59c099c28ff2e8b77d4ceec5d8063\",\"name\":\"NOTICIASMERCEDINAS.COM\",\"image\":{\"@type\":\"ImageObject\",\"inLanguage\":\"es\",\"@id\":\"https:\\\/\\\/secure.gravatar.com\\\/avatar\\\/4dfbf16b4d17945bfb6341b2d19043457132fcf478a5ee04f42e959fd8f5df0a?s=96&d=mm&r=g\",\"url\":\"https:\\\/\\\/secure.gravatar.com\\\/avatar\\\/4dfbf16b4d17945bfb6341b2d19043457132fcf478a5ee04f42e959fd8f5df0a?s=96&d=mm&r=g\",\"contentUrl\":\"https:\\\/\\\/secure.gravatar.com\\\/avatar\\\/4dfbf16b4d17945bfb6341b2d19043457132fcf478a5ee04f42e959fd8f5df0a?s=96&d=mm&r=g\",\"caption\":\"NOTICIASMERCEDINAS.COM\"},\"url\":\"https:\\\/\\\/noticiasmercedinas.com\\\/site\\\/author\\\/anonimo\\\/\"}]}<\/script>\n<!-- \/ Yoast SEO plugin. -->","yoast_head_json":{"title":"Homenaje a 43 a\u00f1os de la masacre de los Palotinos","robots":{"index":"index","follow":"follow","max-snippet":"max-snippet:-1","max-image-preview":"max-image-preview:large","max-video-preview":"max-video-preview:-1"},"canonical":"https:\/\/noticiasmercedinas.com\/site\/2019\/07\/05\/homenaje-a-43-anos-de-la-masacre-de-los-palotinos\/","og_locale":"es_ES","og_type":"article","og_title":"Homenaje a 43 a\u00f1os de la masacre de los Palotinos","og_description":"El Municipio de Mercedes en un trabajo en conjunto de la Coordinaci\u00f3n de Derechos Humanos, la Direcci\u00f3n de Cultura y la coordinaci\u00f3n de los museos de la ciudad, llev\u00f3 adelante un homenaje a la comunidad Palotina de San Patricio a 43 a\u00f1os del asesinato de 5 religiosos en una parroquia del barrio de Belgrano. Los [&hellip;]","og_url":"https:\/\/noticiasmercedinas.com\/site\/2019\/07\/05\/homenaje-a-43-anos-de-la-masacre-de-los-palotinos\/","og_site_name":"NOTICIASMERCEDINAS.COM","article_publisher":"https:\/\/www.facebook.com\/noticiasmercedinas\/","article_published_time":"2019-07-05T22:46:49+00:00","og_image":[{"width":948,"height":632,"url":"https:\/\/noticiasmercedinas.com\/site\/wp-content\/uploads\/2019\/07\/Palotinos-1.jpg","type":"image\/jpeg"}],"author":"NOTICIASMERCEDINAS.COM","twitter_card":"summary_large_image","twitter_creator":"@notmercedinas","twitter_site":"@notmercedinas","twitter_misc":{"Escrito por":"NOTICIASMERCEDINAS.COM","Tiempo de lectura":"2 minutos"},"schema":{"@context":"https:\/\/schema.org","@graph":[{"@type":"Article","@id":"https:\/\/noticiasmercedinas.com\/site\/2019\/07\/05\/homenaje-a-43-anos-de-la-masacre-de-los-palotinos\/#article","isPartOf":{"@id":"https:\/\/noticiasmercedinas.com\/site\/2019\/07\/05\/homenaje-a-43-anos-de-la-masacre-de-los-palotinos\/"},"author":{"name":"NOTICIASMERCEDINAS.COM","@id":"https:\/\/noticiasmercedinas.com\/site\/#\/schema\/person\/84b59c099c28ff2e8b77d4ceec5d8063"},"headline":"Homenaje a 43 a\u00f1os de la masacre de los Palotinos","datePublished":"2019-07-05T22:46:49+00:00","mainEntityOfPage":{"@id":"https:\/\/noticiasmercedinas.com\/site\/2019\/07\/05\/homenaje-a-43-anos-de-la-masacre-de-los-palotinos\/"},"wordCount":362,"commentCount":0,"publisher":{"@id":"https:\/\/noticiasmercedinas.com\/site\/#organization"},"image":{"@id":"https:\/\/noticiasmercedinas.com\/site\/2019\/07\/05\/homenaje-a-43-anos-de-la-masacre-de-los-palotinos\/#primaryimage"},"thumbnailUrl":"https:\/\/noticiasmercedinas.com\/site\/wp-content\/uploads\/2019\/07\/Palotinos-1.jpg","keywords":["derechos humanos","homenaje","palotinos","san patricio"],"articleSection":["Sociedad"],"inLanguage":"es","potentialAction":[{"@type":"CommentAction","name":"Comment","target":["https:\/\/noticiasmercedinas.com\/site\/2019\/07\/05\/homenaje-a-43-anos-de-la-masacre-de-los-palotinos\/#respond"]}]},{"@type":"WebPage","@id":"https:\/\/noticiasmercedinas.com\/site\/2019\/07\/05\/homenaje-a-43-anos-de-la-masacre-de-los-palotinos\/","url":"https:\/\/noticiasmercedinas.com\/site\/2019\/07\/05\/homenaje-a-43-anos-de-la-masacre-de-los-palotinos\/","name":"Homenaje a 43 a\u00f1os de la masacre de los Palotinos","isPartOf":{"@id":"https:\/\/noticiasmercedinas.com\/site\/#website"},"primaryImageOfPage":{"@id":"https:\/\/noticiasmercedinas.com\/site\/2019\/07\/05\/homenaje-a-43-anos-de-la-masacre-de-los-palotinos\/#primaryimage"},"image":{"@id":"https:\/\/noticiasmercedinas.com\/site\/2019\/07\/05\/homenaje-a-43-anos-de-la-masacre-de-los-palotinos\/#primaryimage"},"thumbnailUrl":"https:\/\/noticiasmercedinas.com\/site\/wp-content\/uploads\/2019\/07\/Palotinos-1.jpg","datePublished":"2019-07-05T22:46:49+00:00","breadcrumb":{"@id":"https:\/\/noticiasmercedinas.com\/site\/2019\/07\/05\/homenaje-a-43-anos-de-la-masacre-de-los-palotinos\/#breadcrumb"},"inLanguage":"es","potentialAction":[{"@type":"ReadAction","target":["https:\/\/noticiasmercedinas.com\/site\/2019\/07\/05\/homenaje-a-43-anos-de-la-masacre-de-los-palotinos\/"]}]},{"@type":"ImageObject","inLanguage":"es","@id":"https:\/\/noticiasmercedinas.com\/site\/2019\/07\/05\/homenaje-a-43-anos-de-la-masacre-de-los-palotinos\/#primaryimage","url":"https:\/\/noticiasmercedinas.com\/site\/wp-content\/uploads\/2019\/07\/Palotinos-1.jpg","contentUrl":"https:\/\/noticiasmercedinas.com\/site\/wp-content\/uploads\/2019\/07\/Palotinos-1.jpg","width":948,"height":632},{"@type":"BreadcrumbList","@id":"https:\/\/noticiasmercedinas.com\/site\/2019\/07\/05\/homenaje-a-43-anos-de-la-masacre-de-los-palotinos\/#breadcrumb","itemListElement":[{"@type":"ListItem","position":1,"name":"Portada","item":"https:\/\/noticiasmercedinas.com\/site\/"},{"@type":"ListItem","position":2,"name":"Homenaje a 43 a\u00f1os de la masacre de los Palotinos"}]},{"@type":"WebSite","@id":"https:\/\/noticiasmercedinas.com\/site\/#website","url":"https:\/\/noticiasmercedinas.com\/site\/","name":"NOTICIASMERCEDINAS.COM","description":"Mercedes, Buenos Aires, Argentina","publisher":{"@id":"https:\/\/noticiasmercedinas.com\/site\/#organization"},"potentialAction":[{"@type":"SearchAction","target":{"@type":"EntryPoint","urlTemplate":"https:\/\/noticiasmercedinas.com\/site\/?s={search_term_string}"},"query-input":{"@type":"PropertyValueSpecification","valueRequired":true,"valueName":"search_term_string"}}],"inLanguage":"es"},{"@type":"Organization","@id":"https:\/\/noticiasmercedinas.com\/site\/#organization","name":"NOTICIASMERCEDINAS.COM","url":"https:\/\/noticiasmercedinas.com\/site\/","logo":{"@type":"ImageObject","inLanguage":"es","@id":"https:\/\/noticiasmercedinas.com\/site\/#\/schema\/logo\/image\/","url":"https:\/\/noticiasmercedinas.com\/site\/wp-content\/uploads\/2020\/06\/LOGO-512.jpg","contentUrl":"https:\/\/noticiasmercedinas.com\/site\/wp-content\/uploads\/2020\/06\/LOGO-512.jpg","width":512,"height":512,"caption":"NOTICIASMERCEDINAS.COM"},"image":{"@id":"https:\/\/noticiasmercedinas.com\/site\/#\/schema\/logo\/image\/"},"sameAs":["https:\/\/www.facebook.com\/noticiasmercedinas\/","https:\/\/x.com\/notmercedinas","https:\/\/www.instagram.com\/noticiasmercedinas\/"]},{"@type":"Person","@id":"https:\/\/noticiasmercedinas.com\/site\/#\/schema\/person\/84b59c099c28ff2e8b77d4ceec5d8063","name":"NOTICIASMERCEDINAS.COM","image":{"@type":"ImageObject","inLanguage":"es","@id":"https:\/\/secure.gravatar.com\/avatar\/4dfbf16b4d17945bfb6341b2d19043457132fcf478a5ee04f42e959fd8f5df0a?s=96&d=mm&r=g","url":"https:\/\/secure.gravatar.com\/avatar\/4dfbf16b4d17945bfb6341b2d19043457132fcf478a5ee04f42e959fd8f5df0a?s=96&d=mm&r=g","contentUrl":"https:\/\/secure.gravatar.com\/avatar\/4dfbf16b4d17945bfb6341b2d19043457132fcf478a5ee04f42e959fd8f5df0a?s=96&d=mm&r=g","caption":"NOTICIASMERCEDINAS.COM"},"url":"https:\/\/noticiasmercedinas.com\/site\/author\/anonimo\/"}]}},"amp_enabled":true,"_links":{"self":[{"href":"https:\/\/noticiasmercedinas.com\/site\/wp-json\/wp\/v2\/posts\/22876","targetHints":{"allow":["GET"]}}],"collection":[{"href":"https:\/\/noticiasmercedinas.com\/site\/wp-json\/wp\/v2\/posts"}],"about":[{"href":"https:\/\/noticiasmercedinas.com\/site\/wp-json\/wp\/v2\/types\/post"}],"author":[{"embeddable":true,"href":"https:\/\/noticiasmercedinas.com\/site\/wp-json\/wp\/v2\/users\/16"}],"replies":[{"embeddable":true,"href":"https:\/\/noticiasmercedinas.com\/site\/wp-json\/wp\/v2\/comments?post=22876"}],"version-history":[{"count":1,"href":"https:\/\/noticiasmercedinas.com\/site\/wp-json\/wp\/v2\/posts\/22876\/revisions"}],"predecessor-version":[{"id":22881,"href":"https:\/\/noticiasmercedinas.com\/site\/wp-json\/wp\/v2\/posts\/22876\/revisions\/22881"}],"wp:featuredmedia":[{"embeddable":true,"href":"https:\/\/noticiasmercedinas.com\/site\/wp-json\/wp\/v2\/media\/22878"}],"wp:attachment":[{"href":"https:\/\/noticiasmercedinas.com\/site\/wp-json\/wp\/v2\/media?parent=22876"}],"wp:term":[{"taxonomy":"category","embeddable":true,"href":"https:\/\/noticiasmercedinas.com\/site\/wp-json\/wp\/v2\/categories?post=22876"},{"taxonomy":"post_tag","embeddable":true,"href":"https:\/\/noticiasmercedinas.com\/site\/wp-json\/wp\/v2\/tags?post=22876"}],"curies":[{"name":"wp","href":"https:\/\/api.w.org\/{rel}","templated":true}]}}