{"id":22927,"date":"2019-07-06T10:36:17","date_gmt":"2019-07-06T13:36:17","guid":{"rendered":"https:\/\/noticiasmercedinas.com\/site\/?p=22927"},"modified":"2019-07-06T10:36:17","modified_gmt":"2019-07-06T13:36:17","slug":"por-obras-tambien-habra-cortes-de-luz-los-dias-domingo-lunes-y-martes","status":"publish","type":"post","link":"https:\/\/noticiasmercedinas.com\/site\/2019\/07\/06\/por-obras-tambien-habra-cortes-de-luz-los-dias-domingo-lunes-y-martes\/","title":{"rendered":"Por obras, tambi\u00e9n habr\u00e1 cortes de luz los d\u00edas domingo, lunes y martes"},"content":{"rendered":"<p><img loading=\"lazy\" decoding=\"async\" class=\"alignnone size-full wp-image-18301\" src=\"https:\/\/noticiasmercedinas.com\/site\/wp-content\/uploads\/2019\/05\/EDEN-logoconclaim.jpg\" alt=\"\" width=\"640\" height=\"387\" srcset=\"https:\/\/noticiasmercedinas.com\/site\/wp-content\/uploads\/2019\/05\/EDEN-logoconclaim.jpg 640w, https:\/\/noticiasmercedinas.com\/site\/wp-content\/uploads\/2019\/05\/EDEN-logoconclaim-300x181.jpg 300w\" sizes=\"auto, (max-width: 640px) 100vw, 640px\" \/><\/p>\n<p>La empresa EDEN sigue trabajando en varios barrios y durante domingo, lunes y martes, al igual que este s\u00e1bado, tiene programados varios cortes en el suministro para poder realizar estos trabajos.<\/p>\n<p>EDEN inform\u00f3 que, con el objetivo de brindar cada d\u00eda un mejor servicio, se realizar\u00e1n trabajos en la red el\u00e9ctrica. Para poder realizar estas mejoras y como medida de seguridad, es necesario interrumpir el suministro de forma moment\u00e1nea mientras se trabaja en la red el\u00e9ctrica el d\u00eda domingo 7 de julio de 8 a 13 horas en la zona comprendida por las calles 1 a 39 y 24 a 40.<\/p>\n<p>Por otro lado, tambi\u00e9n se realizar\u00e1 una interrupci\u00f3n del suministro el\u00e9ctrico por un pedido puntual realizado a la Distribuidora.<\/p>\n<p>Ya el d\u00eda lunes para poder realizar estas mejoras y como medida de seguridad, es necesario interrumpir el suministro de forma moment\u00e1nea mientras se trabaja en la red el\u00e9ctrica de 13.30 a 17.30 horas, en la zona comprendida por el Sindicato de la Carne al Norte hasta la Escuela Agrot\u00e9cnica y paraje Almac\u00e9n Puricelli y Calandri.<\/p>\n<p>Y el d\u00eda martes 9 de julio, de 8 a 13 horas, en la zona comprendida por Loteo Espa\u00f1a, Cotolengo, Loteo Pont\u00f3n, Cementerio Municipal y el sector comprendido por las calles 27 a 17 y 22 a 32; y de 14.30 a 17.30 horas, en la zona del Hotel Bah\u00eda y sectores adyacentes.<\/p>\n<p>Adem\u00e1s ya anunciaron que para el d\u00eda jueves 11 de julio, de 9 a 12 horas, se prev\u00e9 un corte en el barrio Lowe, Club Mercedes, Parque Viejo y Liga Mercedina de F\u00fatbol.<\/p>\n<p>En caso de presentarse condiciones clim\u00e1ticas adversas, las actividades ser\u00e1n reprogramadas.<\/p>\n<p>EDEN recuerda que la Sucursal Virtual y la App EDEN M\u00f3vil se encuentran disponibles para realizar consultas y reclamos las 24 horas del d\u00eda.<\/p>\n","protected":false},"excerpt":{"rendered":"<p>La empresa EDEN sigue trabajando en varios barrios y durante domingo, lunes y martes, al igual que este s\u00e1bado, tiene programados varios cortes en el suministro para poder realizar estos trabajos. EDEN inform\u00f3 que, con el objetivo de brindar cada d\u00eda un mejor servicio, se realizar\u00e1n trabajos en la red el\u00e9ctrica. Para poder realizar estas [&hellip;]<\/p>\n","protected":false},"author":16,"featured_media":18301,"comment_status":"open","ping_status":"open","sticky":false,"template":"","format":"standard","meta":{"footnotes":""},"categories":[3],"tags":[1801,34,36,1803],"class_list":["post-22927","post","type-post","status-publish","format-standard","has-post-thumbnail","hentry","category-sociedad","tag-corte-de-luz","tag-eden","tag-obras","tag-red-electrica"],"yoast_head":"<!-- This site is optimized with the Yoast SEO plugin v27.5 - https:\/\/yoast.com\/product\/yoast-seo-wordpress\/ -->\n<title>Por obras, tambi\u00e9n habr\u00e1 cortes de luz los d\u00edas domingo, lunes y martes<\/title>\n<meta name=\"robots\" content=\"index, follow, max-snippet:-1, max-image-preview:large, max-video-preview:-1\" \/>\n<link rel=\"canonical\" href=\"https:\/\/noticiasmercedinas.com\/site\/2019\/07\/06\/por-obras-tambien-habra-cortes-de-luz-los-dias-domingo-lunes-y-martes\/\" \/>\n<meta property=\"og:locale\" content=\"es_ES\" \/>\n<meta property=\"og:type\" content=\"article\" \/>\n<meta property=\"og:title\" content=\"Por obras, tambi\u00e9n habr\u00e1 cortes de luz los d\u00edas domingo, lunes y martes\" \/>\n<meta property=\"og:description\" content=\"La empresa EDEN sigue trabajando en varios barrios y durante domingo, lunes y martes, al igual que este s\u00e1bado, tiene programados varios cortes en el suministro para poder realizar estos trabajos. EDEN inform\u00f3 que, con el objetivo de brindar cada d\u00eda un mejor servicio, se realizar\u00e1n trabajos en la red el\u00e9ctrica. Para poder realizar estas [&hellip;]\" \/>\n<meta property=\"og:url\" content=\"https:\/\/noticiasmercedinas.com\/site\/2019\/07\/06\/por-obras-tambien-habra-cortes-de-luz-los-dias-domingo-lunes-y-martes\/\" \/>\n<meta property=\"og:site_name\" content=\"NOTICIASMERCEDINAS.COM\" \/>\n<meta property=\"article:publisher\" content=\"https:\/\/www.facebook.com\/noticiasmercedinas\/\" \/>\n<meta property=\"article:published_time\" content=\"2019-07-06T13:36:17+00:00\" \/>\n<meta property=\"og:image\" content=\"https:\/\/noticiasmercedinas.com\/site\/wp-content\/uploads\/2019\/05\/EDEN-logoconclaim.jpg\" \/>\n\t<meta property=\"og:image:width\" content=\"640\" \/>\n\t<meta property=\"og:image:height\" content=\"387\" \/>\n\t<meta property=\"og:image:type\" content=\"image\/jpeg\" \/>\n<meta name=\"author\" content=\"NOTICIASMERCEDINAS.COM\" \/>\n<meta name=\"twitter:card\" content=\"summary_large_image\" \/>\n<meta name=\"twitter:creator\" content=\"@notmercedinas\" \/>\n<meta name=\"twitter:site\" content=\"@notmercedinas\" \/>\n<meta name=\"twitter:label1\" content=\"Escrito por\" \/>\n\t<meta name=\"twitter:data1\" content=\"NOTICIASMERCEDINAS.COM\" \/>\n\t<meta name=\"twitter:label2\" content=\"Tiempo de lectura\" \/>\n\t<meta name=\"twitter:data2\" content=\"2 minutos\" \/>\n<script type=\"application\/ld+json\" class=\"yoast-schema-graph\">{\"@context\":\"https:\\\/\\\/schema.org\",\"@graph\":[{\"@type\":\"Article\",\"@id\":\"https:\\\/\\\/noticiasmercedinas.com\\\/site\\\/2019\\\/07\\\/06\\\/por-obras-tambien-habra-cortes-de-luz-los-dias-domingo-lunes-y-martes\\\/#article\",\"isPartOf\":{\"@id\":\"https:\\\/\\\/noticiasmercedinas.com\\\/site\\\/2019\\\/07\\\/06\\\/por-obras-tambien-habra-cortes-de-luz-los-dias-domingo-lunes-y-martes\\\/\"},\"author\":{\"name\":\"NOTICIASMERCEDINAS.COM\",\"@id\":\"https:\\\/\\\/noticiasmercedinas.com\\\/site\\\/#\\\/schema\\\/person\\\/84b59c099c28ff2e8b77d4ceec5d8063\"},\"headline\":\"Por obras, tambi\u00e9n habr\u00e1 cortes de luz los d\u00edas domingo, lunes y martes\",\"datePublished\":\"2019-07-06T13:36:17+00:00\",\"mainEntityOfPage\":{\"@id\":\"https:\\\/\\\/noticiasmercedinas.com\\\/site\\\/2019\\\/07\\\/06\\\/por-obras-tambien-habra-cortes-de-luz-los-dias-domingo-lunes-y-martes\\\/\"},\"wordCount\":316,\"commentCount\":0,\"publisher\":{\"@id\":\"https:\\\/\\\/noticiasmercedinas.com\\\/site\\\/#organization\"},\"image\":{\"@id\":\"https:\\\/\\\/noticiasmercedinas.com\\\/site\\\/2019\\\/07\\\/06\\\/por-obras-tambien-habra-cortes-de-luz-los-dias-domingo-lunes-y-martes\\\/#primaryimage\"},\"thumbnailUrl\":\"https:\\\/\\\/noticiasmercedinas.com\\\/site\\\/wp-content\\\/uploads\\\/2019\\\/05\\\/EDEN-logoconclaim.jpg\",\"keywords\":[\"corte de luz\",\"eden\",\"obras\",\"red electrica\"],\"articleSection\":[\"Sociedad\"],\"inLanguage\":\"es\",\"potentialAction\":[{\"@type\":\"CommentAction\",\"name\":\"Comment\",\"target\":[\"https:\\\/\\\/noticiasmercedinas.com\\\/site\\\/2019\\\/07\\\/06\\\/por-obras-tambien-habra-cortes-de-luz-los-dias-domingo-lunes-y-martes\\\/#respond\"]}]},{\"@type\":\"WebPage\",\"@id\":\"https:\\\/\\\/noticiasmercedinas.com\\\/site\\\/2019\\\/07\\\/06\\\/por-obras-tambien-habra-cortes-de-luz-los-dias-domingo-lunes-y-martes\\\/\",\"url\":\"https:\\\/\\\/noticiasmercedinas.com\\\/site\\\/2019\\\/07\\\/06\\\/por-obras-tambien-habra-cortes-de-luz-los-dias-domingo-lunes-y-martes\\\/\",\"name\":\"Por obras, tambi\u00e9n habr\u00e1 cortes de luz los d\u00edas domingo, lunes y martes\",\"isPartOf\":{\"@id\":\"https:\\\/\\\/noticiasmercedinas.com\\\/site\\\/#website\"},\"primaryImageOfPage\":{\"@id\":\"https:\\\/\\\/noticiasmercedinas.com\\\/site\\\/2019\\\/07\\\/06\\\/por-obras-tambien-habra-cortes-de-luz-los-dias-domingo-lunes-y-martes\\\/#primaryimage\"},\"image\":{\"@id\":\"https:\\\/\\\/noticiasmercedinas.com\\\/site\\\/2019\\\/07\\\/06\\\/por-obras-tambien-habra-cortes-de-luz-los-dias-domingo-lunes-y-martes\\\/#primaryimage\"},\"thumbnailUrl\":\"https:\\\/\\\/noticiasmercedinas.com\\\/site\\\/wp-content\\\/uploads\\\/2019\\\/05\\\/EDEN-logoconclaim.jpg\",\"datePublished\":\"2019-07-06T13:36:17+00:00\",\"breadcrumb\":{\"@id\":\"https:\\\/\\\/noticiasmercedinas.com\\\/site\\\/2019\\\/07\\\/06\\\/por-obras-tambien-habra-cortes-de-luz-los-dias-domingo-lunes-y-martes\\\/#breadcrumb\"},\"inLanguage\":\"es\",\"potentialAction\":[{\"@type\":\"ReadAction\",\"target\":[\"https:\\\/\\\/noticiasmercedinas.com\\\/site\\\/2019\\\/07\\\/06\\\/por-obras-tambien-habra-cortes-de-luz-los-dias-domingo-lunes-y-martes\\\/\"]}]},{\"@type\":\"ImageObject\",\"inLanguage\":\"es\",\"@id\":\"https:\\\/\\\/noticiasmercedinas.com\\\/site\\\/2019\\\/07\\\/06\\\/por-obras-tambien-habra-cortes-de-luz-los-dias-domingo-lunes-y-martes\\\/#primaryimage\",\"url\":\"https:\\\/\\\/noticiasmercedinas.com\\\/site\\\/wp-content\\\/uploads\\\/2019\\\/05\\\/EDEN-logoconclaim.jpg\",\"contentUrl\":\"https:\\\/\\\/noticiasmercedinas.com\\\/site\\\/wp-content\\\/uploads\\\/2019\\\/05\\\/EDEN-logoconclaim.jpg\",\"width\":640,\"height\":387},{\"@type\":\"BreadcrumbList\",\"@id\":\"https:\\\/\\\/noticiasmercedinas.com\\\/site\\\/2019\\\/07\\\/06\\\/por-obras-tambien-habra-cortes-de-luz-los-dias-domingo-lunes-y-martes\\\/#breadcrumb\",\"itemListElement\":[{\"@type\":\"ListItem\",\"position\":1,\"name\":\"Portada\",\"item\":\"https:\\\/\\\/noticiasmercedinas.com\\\/site\\\/\"},{\"@type\":\"ListItem\",\"position\":2,\"name\":\"Por obras, tambi\u00e9n habr\u00e1 cortes de luz los d\u00edas domingo, lunes y martes\"}]},{\"@type\":\"WebSite\",\"@id\":\"https:\\\/\\\/noticiasmercedinas.com\\\/site\\\/#website\",\"url\":\"https:\\\/\\\/noticiasmercedinas.com\\\/site\\\/\",\"name\":\"NOTICIASMERCEDINAS.COM\",\"description\":\"Mercedes, Buenos Aires, Argentina\",\"publisher\":{\"@id\":\"https:\\\/\\\/noticiasmercedinas.com\\\/site\\\/#organization\"},\"potentialAction\":[{\"@type\":\"SearchAction\",\"target\":{\"@type\":\"EntryPoint\",\"urlTemplate\":\"https:\\\/\\\/noticiasmercedinas.com\\\/site\\\/?s={search_term_string}\"},\"query-input\":{\"@type\":\"PropertyValueSpecification\",\"valueRequired\":true,\"valueName\":\"search_term_string\"}}],\"inLanguage\":\"es\"},{\"@type\":\"Organization\",\"@id\":\"https:\\\/\\\/noticiasmercedinas.com\\\/site\\\/#organization\",\"name\":\"NOTICIASMERCEDINAS.COM\",\"url\":\"https:\\\/\\\/noticiasmercedinas.com\\\/site\\\/\",\"logo\":{\"@type\":\"ImageObject\",\"inLanguage\":\"es\",\"@id\":\"https:\\\/\\\/noticiasmercedinas.com\\\/site\\\/#\\\/schema\\\/logo\\\/image\\\/\",\"url\":\"https:\\\/\\\/noticiasmercedinas.com\\\/site\\\/wp-content\\\/uploads\\\/2020\\\/06\\\/LOGO-512.jpg\",\"contentUrl\":\"https:\\\/\\\/noticiasmercedinas.com\\\/site\\\/wp-content\\\/uploads\\\/2020\\\/06\\\/LOGO-512.jpg\",\"width\":512,\"height\":512,\"caption\":\"NOTICIASMERCEDINAS.COM\"},\"image\":{\"@id\":\"https:\\\/\\\/noticiasmercedinas.com\\\/site\\\/#\\\/schema\\\/logo\\\/image\\\/\"},\"sameAs\":[\"https:\\\/\\\/www.facebook.com\\\/noticiasmercedinas\\\/\",\"https:\\\/\\\/x.com\\\/notmercedinas\",\"https:\\\/\\\/www.instagram.com\\\/noticiasmercedinas\\\/\"]},{\"@type\":\"Person\",\"@id\":\"https:\\\/\\\/noticiasmercedinas.com\\\/site\\\/#\\\/schema\\\/person\\\/84b59c099c28ff2e8b77d4ceec5d8063\",\"name\":\"NOTICIASMERCEDINAS.COM\",\"image\":{\"@type\":\"ImageObject\",\"inLanguage\":\"es\",\"@id\":\"https:\\\/\\\/secure.gravatar.com\\\/avatar\\\/4dfbf16b4d17945bfb6341b2d19043457132fcf478a5ee04f42e959fd8f5df0a?s=96&d=mm&r=g\",\"url\":\"https:\\\/\\\/secure.gravatar.com\\\/avatar\\\/4dfbf16b4d17945bfb6341b2d19043457132fcf478a5ee04f42e959fd8f5df0a?s=96&d=mm&r=g\",\"contentUrl\":\"https:\\\/\\\/secure.gravatar.com\\\/avatar\\\/4dfbf16b4d17945bfb6341b2d19043457132fcf478a5ee04f42e959fd8f5df0a?s=96&d=mm&r=g\",\"caption\":\"NOTICIASMERCEDINAS.COM\"},\"url\":\"https:\\\/\\\/noticiasmercedinas.com\\\/site\\\/author\\\/anonimo\\\/\"}]}<\/script>\n<!-- \/ Yoast SEO plugin. -->","yoast_head_json":{"title":"Por obras, tambi\u00e9n habr\u00e1 cortes de luz los d\u00edas domingo, lunes y martes","robots":{"index":"index","follow":"follow","max-snippet":"max-snippet:-1","max-image-preview":"max-image-preview:large","max-video-preview":"max-video-preview:-1"},"canonical":"https:\/\/noticiasmercedinas.com\/site\/2019\/07\/06\/por-obras-tambien-habra-cortes-de-luz-los-dias-domingo-lunes-y-martes\/","og_locale":"es_ES","og_type":"article","og_title":"Por obras, tambi\u00e9n habr\u00e1 cortes de luz los d\u00edas domingo, lunes y martes","og_description":"La empresa EDEN sigue trabajando en varios barrios y durante domingo, lunes y martes, al igual que este s\u00e1bado, tiene programados varios cortes en el suministro para poder realizar estos trabajos. EDEN inform\u00f3 que, con el objetivo de brindar cada d\u00eda un mejor servicio, se realizar\u00e1n trabajos en la red el\u00e9ctrica. Para poder realizar estas [&hellip;]","og_url":"https:\/\/noticiasmercedinas.com\/site\/2019\/07\/06\/por-obras-tambien-habra-cortes-de-luz-los-dias-domingo-lunes-y-martes\/","og_site_name":"NOTICIASMERCEDINAS.COM","article_publisher":"https:\/\/www.facebook.com\/noticiasmercedinas\/","article_published_time":"2019-07-06T13:36:17+00:00","og_image":[{"width":640,"height":387,"url":"https:\/\/noticiasmercedinas.com\/site\/wp-content\/uploads\/2019\/05\/EDEN-logoconclaim.jpg","type":"image\/jpeg"}],"author":"NOTICIASMERCEDINAS.COM","twitter_card":"summary_large_image","twitter_creator":"@notmercedinas","twitter_site":"@notmercedinas","twitter_misc":{"Escrito por":"NOTICIASMERCEDINAS.COM","Tiempo de lectura":"2 minutos"},"schema":{"@context":"https:\/\/schema.org","@graph":[{"@type":"Article","@id":"https:\/\/noticiasmercedinas.com\/site\/2019\/07\/06\/por-obras-tambien-habra-cortes-de-luz-los-dias-domingo-lunes-y-martes\/#article","isPartOf":{"@id":"https:\/\/noticiasmercedinas.com\/site\/2019\/07\/06\/por-obras-tambien-habra-cortes-de-luz-los-dias-domingo-lunes-y-martes\/"},"author":{"name":"NOTICIASMERCEDINAS.COM","@id":"https:\/\/noticiasmercedinas.com\/site\/#\/schema\/person\/84b59c099c28ff2e8b77d4ceec5d8063"},"headline":"Por obras, tambi\u00e9n habr\u00e1 cortes de luz los d\u00edas domingo, lunes y martes","datePublished":"2019-07-06T13:36:17+00:00","mainEntityOfPage":{"@id":"https:\/\/noticiasmercedinas.com\/site\/2019\/07\/06\/por-obras-tambien-habra-cortes-de-luz-los-dias-domingo-lunes-y-martes\/"},"wordCount":316,"commentCount":0,"publisher":{"@id":"https:\/\/noticiasmercedinas.com\/site\/#organization"},"image":{"@id":"https:\/\/noticiasmercedinas.com\/site\/2019\/07\/06\/por-obras-tambien-habra-cortes-de-luz-los-dias-domingo-lunes-y-martes\/#primaryimage"},"thumbnailUrl":"https:\/\/noticiasmercedinas.com\/site\/wp-content\/uploads\/2019\/05\/EDEN-logoconclaim.jpg","keywords":["corte de luz","eden","obras","red electrica"],"articleSection":["Sociedad"],"inLanguage":"es","potentialAction":[{"@type":"CommentAction","name":"Comment","target":["https:\/\/noticiasmercedinas.com\/site\/2019\/07\/06\/por-obras-tambien-habra-cortes-de-luz-los-dias-domingo-lunes-y-martes\/#respond"]}]},{"@type":"WebPage","@id":"https:\/\/noticiasmercedinas.com\/site\/2019\/07\/06\/por-obras-tambien-habra-cortes-de-luz-los-dias-domingo-lunes-y-martes\/","url":"https:\/\/noticiasmercedinas.com\/site\/2019\/07\/06\/por-obras-tambien-habra-cortes-de-luz-los-dias-domingo-lunes-y-martes\/","name":"Por obras, tambi\u00e9n habr\u00e1 cortes de luz los d\u00edas domingo, lunes y martes","isPartOf":{"@id":"https:\/\/noticiasmercedinas.com\/site\/#website"},"primaryImageOfPage":{"@id":"https:\/\/noticiasmercedinas.com\/site\/2019\/07\/06\/por-obras-tambien-habra-cortes-de-luz-los-dias-domingo-lunes-y-martes\/#primaryimage"},"image":{"@id":"https:\/\/noticiasmercedinas.com\/site\/2019\/07\/06\/por-obras-tambien-habra-cortes-de-luz-los-dias-domingo-lunes-y-martes\/#primaryimage"},"thumbnailUrl":"https:\/\/noticiasmercedinas.com\/site\/wp-content\/uploads\/2019\/05\/EDEN-logoconclaim.jpg","datePublished":"2019-07-06T13:36:17+00:00","breadcrumb":{"@id":"https:\/\/noticiasmercedinas.com\/site\/2019\/07\/06\/por-obras-tambien-habra-cortes-de-luz-los-dias-domingo-lunes-y-martes\/#breadcrumb"},"inLanguage":"es","potentialAction":[{"@type":"ReadAction","target":["https:\/\/noticiasmercedinas.com\/site\/2019\/07\/06\/por-obras-tambien-habra-cortes-de-luz-los-dias-domingo-lunes-y-martes\/"]}]},{"@type":"ImageObject","inLanguage":"es","@id":"https:\/\/noticiasmercedinas.com\/site\/2019\/07\/06\/por-obras-tambien-habra-cortes-de-luz-los-dias-domingo-lunes-y-martes\/#primaryimage","url":"https:\/\/noticiasmercedinas.com\/site\/wp-content\/uploads\/2019\/05\/EDEN-logoconclaim.jpg","contentUrl":"https:\/\/noticiasmercedinas.com\/site\/wp-content\/uploads\/2019\/05\/EDEN-logoconclaim.jpg","width":640,"height":387},{"@type":"BreadcrumbList","@id":"https:\/\/noticiasmercedinas.com\/site\/2019\/07\/06\/por-obras-tambien-habra-cortes-de-luz-los-dias-domingo-lunes-y-martes\/#breadcrumb","itemListElement":[{"@type":"ListItem","position":1,"name":"Portada","item":"https:\/\/noticiasmercedinas.com\/site\/"},{"@type":"ListItem","position":2,"name":"Por obras, tambi\u00e9n habr\u00e1 cortes de luz los d\u00edas domingo, lunes y martes"}]},{"@type":"WebSite","@id":"https:\/\/noticiasmercedinas.com\/site\/#website","url":"https:\/\/noticiasmercedinas.com\/site\/","name":"NOTICIASMERCEDINAS.COM","description":"Mercedes, Buenos Aires, Argentina","publisher":{"@id":"https:\/\/noticiasmercedinas.com\/site\/#organization"},"potentialAction":[{"@type":"SearchAction","target":{"@type":"EntryPoint","urlTemplate":"https:\/\/noticiasmercedinas.com\/site\/?s={search_term_string}"},"query-input":{"@type":"PropertyValueSpecification","valueRequired":true,"valueName":"search_term_string"}}],"inLanguage":"es"},{"@type":"Organization","@id":"https:\/\/noticiasmercedinas.com\/site\/#organization","name":"NOTICIASMERCEDINAS.COM","url":"https:\/\/noticiasmercedinas.com\/site\/","logo":{"@type":"ImageObject","inLanguage":"es","@id":"https:\/\/noticiasmercedinas.com\/site\/#\/schema\/logo\/image\/","url":"https:\/\/noticiasmercedinas.com\/site\/wp-content\/uploads\/2020\/06\/LOGO-512.jpg","contentUrl":"https:\/\/noticiasmercedinas.com\/site\/wp-content\/uploads\/2020\/06\/LOGO-512.jpg","width":512,"height":512,"caption":"NOTICIASMERCEDINAS.COM"},"image":{"@id":"https:\/\/noticiasmercedinas.com\/site\/#\/schema\/logo\/image\/"},"sameAs":["https:\/\/www.facebook.com\/noticiasmercedinas\/","https:\/\/x.com\/notmercedinas","https:\/\/www.instagram.com\/noticiasmercedinas\/"]},{"@type":"Person","@id":"https:\/\/noticiasmercedinas.com\/site\/#\/schema\/person\/84b59c099c28ff2e8b77d4ceec5d8063","name":"NOTICIASMERCEDINAS.COM","image":{"@type":"ImageObject","inLanguage":"es","@id":"https:\/\/secure.gravatar.com\/avatar\/4dfbf16b4d17945bfb6341b2d19043457132fcf478a5ee04f42e959fd8f5df0a?s=96&d=mm&r=g","url":"https:\/\/secure.gravatar.com\/avatar\/4dfbf16b4d17945bfb6341b2d19043457132fcf478a5ee04f42e959fd8f5df0a?s=96&d=mm&r=g","contentUrl":"https:\/\/secure.gravatar.com\/avatar\/4dfbf16b4d17945bfb6341b2d19043457132fcf478a5ee04f42e959fd8f5df0a?s=96&d=mm&r=g","caption":"NOTICIASMERCEDINAS.COM"},"url":"https:\/\/noticiasmercedinas.com\/site\/author\/anonimo\/"}]}},"amp_enabled":true,"_links":{"self":[{"href":"https:\/\/noticiasmercedinas.com\/site\/wp-json\/wp\/v2\/posts\/22927","targetHints":{"allow":["GET"]}}],"collection":[{"href":"https:\/\/noticiasmercedinas.com\/site\/wp-json\/wp\/v2\/posts"}],"about":[{"href":"https:\/\/noticiasmercedinas.com\/site\/wp-json\/wp\/v2\/types\/post"}],"author":[{"embeddable":true,"href":"https:\/\/noticiasmercedinas.com\/site\/wp-json\/wp\/v2\/users\/16"}],"replies":[{"embeddable":true,"href":"https:\/\/noticiasmercedinas.com\/site\/wp-json\/wp\/v2\/comments?post=22927"}],"version-history":[{"count":1,"href":"https:\/\/noticiasmercedinas.com\/site\/wp-json\/wp\/v2\/posts\/22927\/revisions"}],"predecessor-version":[{"id":22928,"href":"https:\/\/noticiasmercedinas.com\/site\/wp-json\/wp\/v2\/posts\/22927\/revisions\/22928"}],"wp:featuredmedia":[{"embeddable":true,"href":"https:\/\/noticiasmercedinas.com\/site\/wp-json\/wp\/v2\/media\/18301"}],"wp:attachment":[{"href":"https:\/\/noticiasmercedinas.com\/site\/wp-json\/wp\/v2\/media?parent=22927"}],"wp:term":[{"taxonomy":"category","embeddable":true,"href":"https:\/\/noticiasmercedinas.com\/site\/wp-json\/wp\/v2\/categories?post=22927"},{"taxonomy":"post_tag","embeddable":true,"href":"https:\/\/noticiasmercedinas.com\/site\/wp-json\/wp\/v2\/tags?post=22927"}],"curies":[{"name":"wp","href":"https:\/\/api.w.org\/{rel}","templated":true}]}}