{"id":231,"date":"2018-08-21T23:57:40","date_gmt":"2018-08-22T02:57:40","guid":{"rendered":"http:\/\/noticiasmercedinas.com\/site\/?p=231"},"modified":"2018-08-21T23:57:40","modified_gmt":"2018-08-22T02:57:40","slug":"la-unlu-sale-a-la-calle-en-defensa-de-la-universidad-publica","status":"publish","type":"post","link":"https:\/\/noticiasmercedinas.com\/site\/2018\/08\/21\/la-unlu-sale-a-la-calle-en-defensa-de-la-universidad-publica\/","title":{"rendered":"La UNLu sale a la calle \u201cen defensa de la Universidad P\u00fablica\u201d"},"content":{"rendered":"<p><strong>Docentes, nodocentes, estudiantes y graduados se movilizar\u00e1n ma\u00f1ana desde la Sede Central en Luj\u00e1n hasta el centro de esa ciudad. Graves problemas presupuestarios y salariales.<\/strong><\/p>\n<p><img loading=\"lazy\" decoding=\"async\" class=\"alignnone size-full wp-image-232\" src=\"http:\/\/noticiasmercedinas.com\/site\/wp-content\/uploads\/2018\/08\/fatun.jpg\" alt=\"\" width=\"512\" height=\"276\" srcset=\"https:\/\/noticiasmercedinas.com\/site\/wp-content\/uploads\/2018\/08\/fatun.jpg 512w, https:\/\/noticiasmercedinas.com\/site\/wp-content\/uploads\/2018\/08\/fatun-300x162.jpg 300w, https:\/\/noticiasmercedinas.com\/site\/wp-content\/uploads\/2018\/08\/fatun-511x276.jpg 511w\" sizes=\"auto, (max-width: 512px) 100vw, 512px\" \/><\/p>\n<p class=\"Estilo25\">La Universidad Nacional de Luj\u00e1n (UNLu) en su conjunto saldr\u00e1 ma\u00f1ana por la tarde a la calle \u201cen defensa de la Universidad P\u00fablica\u201d contra el recorte presupuestario que pone en peligro el funcionamiento de la Instituci\u00f3n.<\/p>\n<p class=\"Estilo25\">Anunciaron su asistencia a la movilizaci\u00f3n \u2013desde la Sede Central en rutas 5 y 7 hasta la c\u00e9ntrica Plaza Col\u00f3n de Luj\u00e1n- docentes, trabajadores nodocentes, estudiantes y graduados. Tambi\u00e9n est\u00e1n convocando el SUTEBA (maestros) y otros sindicatos.<\/p>\n<p class=\"Estilo25\">El Rectorado de la UNLu, mediante una Resoluci\u00f3n firmada por el mercedino Antonio Lapolla, manifest\u00f3 su \u00abadhesi\u00f3n a los reclamos de la comunidad universitaria que se expresar\u00e1n en la marcha prevista para el 22 de agosto\u201d.<\/p>\n<p class=\"Estilo25\">Solicita \u201cde manera urgente al Ministerio de Educaci\u00f3n una pronta soluci\u00f3n al problema salarial y al incremento de los gastos de funcionamiento que atienda las consecuencias del problema inflacionario\u201d.<\/p>\n<p class=\"Estilo25\">Al alarmante recorte presupuestario se suma el grave conflicto salarial de los docentes universitarios. La Asociaci\u00f3n de Docentes de la UNLu (ADUNLu) est\u00e1 de paro desde el incio del segundo cuatrimestre, hace tres semanas.<\/p>\n<p class=\"Estilo25\">Los trabajadores nodocentes (ATUNLu) permanecen en \u201calerta y movilizaci\u00f3n\u201d: confirmaron hoy su participaci\u00f3n en la marcha en una multitudinaria Asamblea, en la que tambi\u00e9n se trat\u00f3 la reapertura de paritarias.<\/p>\n<p class=\"Estilo25\">La movilizaci\u00f3n de ma\u00f1ana tendr\u00e1 su r\u00e9plica en cada Universidad Nacional. Impulsan el reclamo las federaciones de docentes y tambi\u00e9n la FATUN, de trabajadores nodocentes. Existe tambi\u00e9n preocupaci\u00f3n en el Consejo Interuniversitario Nacional (CIN) desde donde los rectores reclaman mayor presupuesto.<\/p>\n<p>&nbsp;<\/p>\n","protected":false},"excerpt":{"rendered":"<p>Docentes, nodocentes, estudiantes y graduados se movilizar\u00e1n ma\u00f1ana desde la Sede Central en Luj\u00e1n hasta el centro de esa ciudad. Graves problemas presupuestarios y salariales. La Universidad Nacional de Luj\u00e1n (UNLu) en su conjunto saldr\u00e1 ma\u00f1ana por la tarde a la calle \u201cen defensa de la Universidad P\u00fablica\u201d contra el recorte presupuestario que pone en [&hellip;]<\/p>\n","protected":false},"author":2,"featured_media":232,"comment_status":"open","ping_status":"open","sticky":false,"template":"","format":"standard","meta":{"footnotes":""},"categories":[3],"tags":[118,119,117,116],"class_list":["post-231","post","type-post","status-publish","format-standard","has-post-thumbnail","hentry","category-sociedad","tag-docentes","tag-fatun","tag-nodocentes","tag-unlu"],"yoast_head":"<!-- This site is optimized with the Yoast SEO plugin v27.4 - https:\/\/yoast.com\/product\/yoast-seo-wordpress\/ -->\n<title>La UNLu sale a la calle \u201cen defensa de la Universidad P\u00fablica\u201d<\/title>\n<meta name=\"robots\" content=\"index, follow, max-snippet:-1, max-image-preview:large, max-video-preview:-1\" \/>\n<link rel=\"canonical\" href=\"https:\/\/noticiasmercedinas.com\/site\/2018\/08\/21\/la-unlu-sale-a-la-calle-en-defensa-de-la-universidad-publica\/\" \/>\n<meta property=\"og:locale\" content=\"es_ES\" \/>\n<meta property=\"og:type\" content=\"article\" \/>\n<meta property=\"og:title\" content=\"La UNLu sale a la calle \u201cen defensa de la Universidad P\u00fablica\u201d\" \/>\n<meta property=\"og:description\" content=\"Docentes, nodocentes, estudiantes y graduados se movilizar\u00e1n ma\u00f1ana desde la Sede Central en Luj\u00e1n hasta el centro de esa ciudad. Graves problemas presupuestarios y salariales. La Universidad Nacional de Luj\u00e1n (UNLu) en su conjunto saldr\u00e1 ma\u00f1ana por la tarde a la calle \u201cen defensa de la Universidad P\u00fablica\u201d contra el recorte presupuestario que pone en [&hellip;]\" \/>\n<meta property=\"og:url\" content=\"https:\/\/noticiasmercedinas.com\/site\/2018\/08\/21\/la-unlu-sale-a-la-calle-en-defensa-de-la-universidad-publica\/\" \/>\n<meta property=\"og:site_name\" content=\"NOTICIASMERCEDINAS.COM\" \/>\n<meta property=\"article:publisher\" content=\"https:\/\/www.facebook.com\/noticiasmercedinas\/\" \/>\n<meta property=\"article:author\" content=\"https:\/\/www.facebook.com\/cristian.falabella\" \/>\n<meta property=\"article:published_time\" content=\"2018-08-22T02:57:40+00:00\" \/>\n<meta property=\"og:image\" content=\"https:\/\/noticiasmercedinas.com\/site\/wp-content\/uploads\/2018\/08\/fatun.jpg\" \/>\n\t<meta property=\"og:image:width\" content=\"512\" \/>\n\t<meta property=\"og:image:height\" content=\"276\" \/>\n\t<meta property=\"og:image:type\" content=\"image\/jpeg\" \/>\n<meta name=\"author\" content=\"Cristian Falabella NOTICIASMERCEDINAS.COM\" \/>\n<meta name=\"twitter:card\" content=\"summary_large_image\" \/>\n<meta name=\"twitter:creator\" content=\"@https:\/\/twitter.com\/NOTMERCEDINAS\" \/>\n<meta name=\"twitter:site\" content=\"@notmercedinas\" \/>\n<meta name=\"twitter:label1\" content=\"Escrito por\" \/>\n\t<meta name=\"twitter:data1\" content=\"Cristian Falabella NOTICIASMERCEDINAS.COM\" \/>\n\t<meta name=\"twitter:label2\" content=\"Tiempo de lectura\" \/>\n\t<meta name=\"twitter:data2\" content=\"1 minuto\" \/>\n<script type=\"application\/ld+json\" class=\"yoast-schema-graph\">{\"@context\":\"https:\\\/\\\/schema.org\",\"@graph\":[{\"@type\":\"Article\",\"@id\":\"https:\\\/\\\/noticiasmercedinas.com\\\/site\\\/2018\\\/08\\\/21\\\/la-unlu-sale-a-la-calle-en-defensa-de-la-universidad-publica\\\/#article\",\"isPartOf\":{\"@id\":\"https:\\\/\\\/noticiasmercedinas.com\\\/site\\\/2018\\\/08\\\/21\\\/la-unlu-sale-a-la-calle-en-defensa-de-la-universidad-publica\\\/\"},\"author\":{\"name\":\"Cristian Falabella NOTICIASMERCEDINAS.COM\",\"@id\":\"https:\\\/\\\/noticiasmercedinas.com\\\/site\\\/#\\\/schema\\\/person\\\/d481a9696a5feaec13a60e2bbd991a6a\"},\"headline\":\"La UNLu sale a la calle \u201cen defensa de la Universidad P\u00fablica\u201d\",\"datePublished\":\"2018-08-22T02:57:40+00:00\",\"mainEntityOfPage\":{\"@id\":\"https:\\\/\\\/noticiasmercedinas.com\\\/site\\\/2018\\\/08\\\/21\\\/la-unlu-sale-a-la-calle-en-defensa-de-la-universidad-publica\\\/\"},\"wordCount\":307,\"commentCount\":0,\"publisher\":{\"@id\":\"https:\\\/\\\/noticiasmercedinas.com\\\/site\\\/#organization\"},\"image\":{\"@id\":\"https:\\\/\\\/noticiasmercedinas.com\\\/site\\\/2018\\\/08\\\/21\\\/la-unlu-sale-a-la-calle-en-defensa-de-la-universidad-publica\\\/#primaryimage\"},\"thumbnailUrl\":\"https:\\\/\\\/noticiasmercedinas.com\\\/site\\\/wp-content\\\/uploads\\\/2018\\\/08\\\/fatun.jpg\",\"keywords\":[\"docentes\",\"fatun\",\"nodocentes\",\"unlu\"],\"articleSection\":[\"Sociedad\"],\"inLanguage\":\"es\",\"potentialAction\":[{\"@type\":\"CommentAction\",\"name\":\"Comment\",\"target\":[\"https:\\\/\\\/noticiasmercedinas.com\\\/site\\\/2018\\\/08\\\/21\\\/la-unlu-sale-a-la-calle-en-defensa-de-la-universidad-publica\\\/#respond\"]}]},{\"@type\":\"WebPage\",\"@id\":\"https:\\\/\\\/noticiasmercedinas.com\\\/site\\\/2018\\\/08\\\/21\\\/la-unlu-sale-a-la-calle-en-defensa-de-la-universidad-publica\\\/\",\"url\":\"https:\\\/\\\/noticiasmercedinas.com\\\/site\\\/2018\\\/08\\\/21\\\/la-unlu-sale-a-la-calle-en-defensa-de-la-universidad-publica\\\/\",\"name\":\"La UNLu sale a la calle \u201cen defensa de la Universidad P\u00fablica\u201d\",\"isPartOf\":{\"@id\":\"https:\\\/\\\/noticiasmercedinas.com\\\/site\\\/#website\"},\"primaryImageOfPage\":{\"@id\":\"https:\\\/\\\/noticiasmercedinas.com\\\/site\\\/2018\\\/08\\\/21\\\/la-unlu-sale-a-la-calle-en-defensa-de-la-universidad-publica\\\/#primaryimage\"},\"image\":{\"@id\":\"https:\\\/\\\/noticiasmercedinas.com\\\/site\\\/2018\\\/08\\\/21\\\/la-unlu-sale-a-la-calle-en-defensa-de-la-universidad-publica\\\/#primaryimage\"},\"thumbnailUrl\":\"https:\\\/\\\/noticiasmercedinas.com\\\/site\\\/wp-content\\\/uploads\\\/2018\\\/08\\\/fatun.jpg\",\"datePublished\":\"2018-08-22T02:57:40+00:00\",\"breadcrumb\":{\"@id\":\"https:\\\/\\\/noticiasmercedinas.com\\\/site\\\/2018\\\/08\\\/21\\\/la-unlu-sale-a-la-calle-en-defensa-de-la-universidad-publica\\\/#breadcrumb\"},\"inLanguage\":\"es\",\"potentialAction\":[{\"@type\":\"ReadAction\",\"target\":[\"https:\\\/\\\/noticiasmercedinas.com\\\/site\\\/2018\\\/08\\\/21\\\/la-unlu-sale-a-la-calle-en-defensa-de-la-universidad-publica\\\/\"]}]},{\"@type\":\"ImageObject\",\"inLanguage\":\"es\",\"@id\":\"https:\\\/\\\/noticiasmercedinas.com\\\/site\\\/2018\\\/08\\\/21\\\/la-unlu-sale-a-la-calle-en-defensa-de-la-universidad-publica\\\/#primaryimage\",\"url\":\"https:\\\/\\\/noticiasmercedinas.com\\\/site\\\/wp-content\\\/uploads\\\/2018\\\/08\\\/fatun.jpg\",\"contentUrl\":\"https:\\\/\\\/noticiasmercedinas.com\\\/site\\\/wp-content\\\/uploads\\\/2018\\\/08\\\/fatun.jpg\",\"width\":512,\"height\":276},{\"@type\":\"BreadcrumbList\",\"@id\":\"https:\\\/\\\/noticiasmercedinas.com\\\/site\\\/2018\\\/08\\\/21\\\/la-unlu-sale-a-la-calle-en-defensa-de-la-universidad-publica\\\/#breadcrumb\",\"itemListElement\":[{\"@type\":\"ListItem\",\"position\":1,\"name\":\"Portada\",\"item\":\"https:\\\/\\\/noticiasmercedinas.com\\\/site\\\/\"},{\"@type\":\"ListItem\",\"position\":2,\"name\":\"La UNLu sale a la calle \u201cen defensa de la Universidad P\u00fablica\u201d\"}]},{\"@type\":\"WebSite\",\"@id\":\"https:\\\/\\\/noticiasmercedinas.com\\\/site\\\/#website\",\"url\":\"https:\\\/\\\/noticiasmercedinas.com\\\/site\\\/\",\"name\":\"NOTICIASMERCEDINAS.COM\",\"description\":\"Mercedes, Buenos Aires, Argentina\",\"publisher\":{\"@id\":\"https:\\\/\\\/noticiasmercedinas.com\\\/site\\\/#organization\"},\"potentialAction\":[{\"@type\":\"SearchAction\",\"target\":{\"@type\":\"EntryPoint\",\"urlTemplate\":\"https:\\\/\\\/noticiasmercedinas.com\\\/site\\\/?s={search_term_string}\"},\"query-input\":{\"@type\":\"PropertyValueSpecification\",\"valueRequired\":true,\"valueName\":\"search_term_string\"}}],\"inLanguage\":\"es\"},{\"@type\":\"Organization\",\"@id\":\"https:\\\/\\\/noticiasmercedinas.com\\\/site\\\/#organization\",\"name\":\"NOTICIASMERCEDINAS.COM\",\"url\":\"https:\\\/\\\/noticiasmercedinas.com\\\/site\\\/\",\"logo\":{\"@type\":\"ImageObject\",\"inLanguage\":\"es\",\"@id\":\"https:\\\/\\\/noticiasmercedinas.com\\\/site\\\/#\\\/schema\\\/logo\\\/image\\\/\",\"url\":\"https:\\\/\\\/noticiasmercedinas.com\\\/site\\\/wp-content\\\/uploads\\\/2020\\\/06\\\/LOGO-512.jpg\",\"contentUrl\":\"https:\\\/\\\/noticiasmercedinas.com\\\/site\\\/wp-content\\\/uploads\\\/2020\\\/06\\\/LOGO-512.jpg\",\"width\":512,\"height\":512,\"caption\":\"NOTICIASMERCEDINAS.COM\"},\"image\":{\"@id\":\"https:\\\/\\\/noticiasmercedinas.com\\\/site\\\/#\\\/schema\\\/logo\\\/image\\\/\"},\"sameAs\":[\"https:\\\/\\\/www.facebook.com\\\/noticiasmercedinas\\\/\",\"https:\\\/\\\/x.com\\\/notmercedinas\",\"https:\\\/\\\/www.instagram.com\\\/noticiasmercedinas\\\/\"]},{\"@type\":\"Person\",\"@id\":\"https:\\\/\\\/noticiasmercedinas.com\\\/site\\\/#\\\/schema\\\/person\\\/d481a9696a5feaec13a60e2bbd991a6a\",\"name\":\"Cristian Falabella NOTICIASMERCEDINAS.COM\",\"image\":{\"@type\":\"ImageObject\",\"inLanguage\":\"es\",\"@id\":\"https:\\\/\\\/secure.gravatar.com\\\/avatar\\\/0dbbfc45970cc46bcd0e57766228574ff3511d6eed045b182f536f0f478c1f06?s=96&d=mm&r=g\",\"url\":\"https:\\\/\\\/secure.gravatar.com\\\/avatar\\\/0dbbfc45970cc46bcd0e57766228574ff3511d6eed045b182f536f0f478c1f06?s=96&d=mm&r=g\",\"contentUrl\":\"https:\\\/\\\/secure.gravatar.com\\\/avatar\\\/0dbbfc45970cc46bcd0e57766228574ff3511d6eed045b182f536f0f478c1f06?s=96&d=mm&r=g\",\"caption\":\"Cristian Falabella NOTICIASMERCEDINAS.COM\"},\"description\":\"Periodista, editor de Noticias Mercedinas. Pas\u00f3 por varias redacciones y emprendimientos de prensa, en distintos formatos y \u00e9pocas. Se especializ\u00f3 --y sigue haci\u00e9ndolo-- en comunicaci\u00f3n en la web y en junio de 2006 fund\u00f3 este diario digital.\",\"sameAs\":[\"https:\\\/\\\/noticiasmercedinas.com\",\"https:\\\/\\\/www.facebook.com\\\/cristian.falabella\",\"https:\\\/\\\/www.instagram.com\\\/noticiasmercedinas\\\/\",\"https:\\\/\\\/x.com\\\/https:\\\/\\\/twitter.com\\\/NOTMERCEDINAS\"],\"url\":\"https:\\\/\\\/noticiasmercedinas.com\\\/site\\\/author\\\/as000384\\\/\"}]}<\/script>\n<!-- \/ Yoast SEO plugin. -->","yoast_head_json":{"title":"La UNLu sale a la calle \u201cen defensa de la Universidad P\u00fablica\u201d","robots":{"index":"index","follow":"follow","max-snippet":"max-snippet:-1","max-image-preview":"max-image-preview:large","max-video-preview":"max-video-preview:-1"},"canonical":"https:\/\/noticiasmercedinas.com\/site\/2018\/08\/21\/la-unlu-sale-a-la-calle-en-defensa-de-la-universidad-publica\/","og_locale":"es_ES","og_type":"article","og_title":"La UNLu sale a la calle \u201cen defensa de la Universidad P\u00fablica\u201d","og_description":"Docentes, nodocentes, estudiantes y graduados se movilizar\u00e1n ma\u00f1ana desde la Sede Central en Luj\u00e1n hasta el centro de esa ciudad. Graves problemas presupuestarios y salariales. La Universidad Nacional de Luj\u00e1n (UNLu) en su conjunto saldr\u00e1 ma\u00f1ana por la tarde a la calle \u201cen defensa de la Universidad P\u00fablica\u201d contra el recorte presupuestario que pone en [&hellip;]","og_url":"https:\/\/noticiasmercedinas.com\/site\/2018\/08\/21\/la-unlu-sale-a-la-calle-en-defensa-de-la-universidad-publica\/","og_site_name":"NOTICIASMERCEDINAS.COM","article_publisher":"https:\/\/www.facebook.com\/noticiasmercedinas\/","article_author":"https:\/\/www.facebook.com\/cristian.falabella","article_published_time":"2018-08-22T02:57:40+00:00","og_image":[{"width":512,"height":276,"url":"https:\/\/noticiasmercedinas.com\/site\/wp-content\/uploads\/2018\/08\/fatun.jpg","type":"image\/jpeg"}],"author":"Cristian Falabella NOTICIASMERCEDINAS.COM","twitter_card":"summary_large_image","twitter_creator":"@https:\/\/twitter.com\/NOTMERCEDINAS","twitter_site":"@notmercedinas","twitter_misc":{"Escrito por":"Cristian Falabella NOTICIASMERCEDINAS.COM","Tiempo de lectura":"1 minuto"},"schema":{"@context":"https:\/\/schema.org","@graph":[{"@type":"Article","@id":"https:\/\/noticiasmercedinas.com\/site\/2018\/08\/21\/la-unlu-sale-a-la-calle-en-defensa-de-la-universidad-publica\/#article","isPartOf":{"@id":"https:\/\/noticiasmercedinas.com\/site\/2018\/08\/21\/la-unlu-sale-a-la-calle-en-defensa-de-la-universidad-publica\/"},"author":{"name":"Cristian Falabella NOTICIASMERCEDINAS.COM","@id":"https:\/\/noticiasmercedinas.com\/site\/#\/schema\/person\/d481a9696a5feaec13a60e2bbd991a6a"},"headline":"La UNLu sale a la calle \u201cen defensa de la Universidad P\u00fablica\u201d","datePublished":"2018-08-22T02:57:40+00:00","mainEntityOfPage":{"@id":"https:\/\/noticiasmercedinas.com\/site\/2018\/08\/21\/la-unlu-sale-a-la-calle-en-defensa-de-la-universidad-publica\/"},"wordCount":307,"commentCount":0,"publisher":{"@id":"https:\/\/noticiasmercedinas.com\/site\/#organization"},"image":{"@id":"https:\/\/noticiasmercedinas.com\/site\/2018\/08\/21\/la-unlu-sale-a-la-calle-en-defensa-de-la-universidad-publica\/#primaryimage"},"thumbnailUrl":"https:\/\/noticiasmercedinas.com\/site\/wp-content\/uploads\/2018\/08\/fatun.jpg","keywords":["docentes","fatun","nodocentes","unlu"],"articleSection":["Sociedad"],"inLanguage":"es","potentialAction":[{"@type":"CommentAction","name":"Comment","target":["https:\/\/noticiasmercedinas.com\/site\/2018\/08\/21\/la-unlu-sale-a-la-calle-en-defensa-de-la-universidad-publica\/#respond"]}]},{"@type":"WebPage","@id":"https:\/\/noticiasmercedinas.com\/site\/2018\/08\/21\/la-unlu-sale-a-la-calle-en-defensa-de-la-universidad-publica\/","url":"https:\/\/noticiasmercedinas.com\/site\/2018\/08\/21\/la-unlu-sale-a-la-calle-en-defensa-de-la-universidad-publica\/","name":"La UNLu sale a la calle \u201cen defensa de la Universidad P\u00fablica\u201d","isPartOf":{"@id":"https:\/\/noticiasmercedinas.com\/site\/#website"},"primaryImageOfPage":{"@id":"https:\/\/noticiasmercedinas.com\/site\/2018\/08\/21\/la-unlu-sale-a-la-calle-en-defensa-de-la-universidad-publica\/#primaryimage"},"image":{"@id":"https:\/\/noticiasmercedinas.com\/site\/2018\/08\/21\/la-unlu-sale-a-la-calle-en-defensa-de-la-universidad-publica\/#primaryimage"},"thumbnailUrl":"https:\/\/noticiasmercedinas.com\/site\/wp-content\/uploads\/2018\/08\/fatun.jpg","datePublished":"2018-08-22T02:57:40+00:00","breadcrumb":{"@id":"https:\/\/noticiasmercedinas.com\/site\/2018\/08\/21\/la-unlu-sale-a-la-calle-en-defensa-de-la-universidad-publica\/#breadcrumb"},"inLanguage":"es","potentialAction":[{"@type":"ReadAction","target":["https:\/\/noticiasmercedinas.com\/site\/2018\/08\/21\/la-unlu-sale-a-la-calle-en-defensa-de-la-universidad-publica\/"]}]},{"@type":"ImageObject","inLanguage":"es","@id":"https:\/\/noticiasmercedinas.com\/site\/2018\/08\/21\/la-unlu-sale-a-la-calle-en-defensa-de-la-universidad-publica\/#primaryimage","url":"https:\/\/noticiasmercedinas.com\/site\/wp-content\/uploads\/2018\/08\/fatun.jpg","contentUrl":"https:\/\/noticiasmercedinas.com\/site\/wp-content\/uploads\/2018\/08\/fatun.jpg","width":512,"height":276},{"@type":"BreadcrumbList","@id":"https:\/\/noticiasmercedinas.com\/site\/2018\/08\/21\/la-unlu-sale-a-la-calle-en-defensa-de-la-universidad-publica\/#breadcrumb","itemListElement":[{"@type":"ListItem","position":1,"name":"Portada","item":"https:\/\/noticiasmercedinas.com\/site\/"},{"@type":"ListItem","position":2,"name":"La UNLu sale a la calle \u201cen defensa de la Universidad P\u00fablica\u201d"}]},{"@type":"WebSite","@id":"https:\/\/noticiasmercedinas.com\/site\/#website","url":"https:\/\/noticiasmercedinas.com\/site\/","name":"NOTICIASMERCEDINAS.COM","description":"Mercedes, Buenos Aires, Argentina","publisher":{"@id":"https:\/\/noticiasmercedinas.com\/site\/#organization"},"potentialAction":[{"@type":"SearchAction","target":{"@type":"EntryPoint","urlTemplate":"https:\/\/noticiasmercedinas.com\/site\/?s={search_term_string}"},"query-input":{"@type":"PropertyValueSpecification","valueRequired":true,"valueName":"search_term_string"}}],"inLanguage":"es"},{"@type":"Organization","@id":"https:\/\/noticiasmercedinas.com\/site\/#organization","name":"NOTICIASMERCEDINAS.COM","url":"https:\/\/noticiasmercedinas.com\/site\/","logo":{"@type":"ImageObject","inLanguage":"es","@id":"https:\/\/noticiasmercedinas.com\/site\/#\/schema\/logo\/image\/","url":"https:\/\/noticiasmercedinas.com\/site\/wp-content\/uploads\/2020\/06\/LOGO-512.jpg","contentUrl":"https:\/\/noticiasmercedinas.com\/site\/wp-content\/uploads\/2020\/06\/LOGO-512.jpg","width":512,"height":512,"caption":"NOTICIASMERCEDINAS.COM"},"image":{"@id":"https:\/\/noticiasmercedinas.com\/site\/#\/schema\/logo\/image\/"},"sameAs":["https:\/\/www.facebook.com\/noticiasmercedinas\/","https:\/\/x.com\/notmercedinas","https:\/\/www.instagram.com\/noticiasmercedinas\/"]},{"@type":"Person","@id":"https:\/\/noticiasmercedinas.com\/site\/#\/schema\/person\/d481a9696a5feaec13a60e2bbd991a6a","name":"Cristian Falabella NOTICIASMERCEDINAS.COM","image":{"@type":"ImageObject","inLanguage":"es","@id":"https:\/\/secure.gravatar.com\/avatar\/0dbbfc45970cc46bcd0e57766228574ff3511d6eed045b182f536f0f478c1f06?s=96&d=mm&r=g","url":"https:\/\/secure.gravatar.com\/avatar\/0dbbfc45970cc46bcd0e57766228574ff3511d6eed045b182f536f0f478c1f06?s=96&d=mm&r=g","contentUrl":"https:\/\/secure.gravatar.com\/avatar\/0dbbfc45970cc46bcd0e57766228574ff3511d6eed045b182f536f0f478c1f06?s=96&d=mm&r=g","caption":"Cristian Falabella NOTICIASMERCEDINAS.COM"},"description":"Periodista, editor de Noticias Mercedinas. Pas\u00f3 por varias redacciones y emprendimientos de prensa, en distintos formatos y \u00e9pocas. Se especializ\u00f3 --y sigue haci\u00e9ndolo-- en comunicaci\u00f3n en la web y en junio de 2006 fund\u00f3 este diario digital.","sameAs":["https:\/\/noticiasmercedinas.com","https:\/\/www.facebook.com\/cristian.falabella","https:\/\/www.instagram.com\/noticiasmercedinas\/","https:\/\/x.com\/https:\/\/twitter.com\/NOTMERCEDINAS"],"url":"https:\/\/noticiasmercedinas.com\/site\/author\/as000384\/"}]}},"amp_enabled":true,"_links":{"self":[{"href":"https:\/\/noticiasmercedinas.com\/site\/wp-json\/wp\/v2\/posts\/231","targetHints":{"allow":["GET"]}}],"collection":[{"href":"https:\/\/noticiasmercedinas.com\/site\/wp-json\/wp\/v2\/posts"}],"about":[{"href":"https:\/\/noticiasmercedinas.com\/site\/wp-json\/wp\/v2\/types\/post"}],"author":[{"embeddable":true,"href":"https:\/\/noticiasmercedinas.com\/site\/wp-json\/wp\/v2\/users\/2"}],"replies":[{"embeddable":true,"href":"https:\/\/noticiasmercedinas.com\/site\/wp-json\/wp\/v2\/comments?post=231"}],"version-history":[{"count":1,"href":"https:\/\/noticiasmercedinas.com\/site\/wp-json\/wp\/v2\/posts\/231\/revisions"}],"predecessor-version":[{"id":233,"href":"https:\/\/noticiasmercedinas.com\/site\/wp-json\/wp\/v2\/posts\/231\/revisions\/233"}],"wp:featuredmedia":[{"embeddable":true,"href":"https:\/\/noticiasmercedinas.com\/site\/wp-json\/wp\/v2\/media\/232"}],"wp:attachment":[{"href":"https:\/\/noticiasmercedinas.com\/site\/wp-json\/wp\/v2\/media?parent=231"}],"wp:term":[{"taxonomy":"category","embeddable":true,"href":"https:\/\/noticiasmercedinas.com\/site\/wp-json\/wp\/v2\/categories?post=231"},{"taxonomy":"post_tag","embeddable":true,"href":"https:\/\/noticiasmercedinas.com\/site\/wp-json\/wp\/v2\/tags?post=231"}],"curies":[{"name":"wp","href":"https:\/\/api.w.org\/{rel}","templated":true}]}}