{"id":23147,"date":"2019-07-09T10:50:51","date_gmt":"2019-07-09T13:50:51","guid":{"rendered":"https:\/\/noticiasmercedinas.com\/site\/?p=23147"},"modified":"2019-07-10T08:07:59","modified_gmt":"2019-07-10T11:07:59","slug":"ultra-amanecer-comechingon-mercedinos-se-destacaron-en-cordoba","status":"publish","type":"post","link":"https:\/\/noticiasmercedinas.com\/site\/2019\/07\/09\/ultra-amanecer-comechingon-mercedinos-se-destacaron-en-cordoba\/","title":{"rendered":"Ultra Amanecer Comeching\u00f3n: mercedinos se destacaron en C\u00f3rdoba"},"content":{"rendered":"<p><img loading=\"lazy\" decoding=\"async\" class=\"alignnone size-full wp-image-23148\" src=\"https:\/\/noticiasmercedinas.com\/site\/wp-content\/uploads\/2019\/07\/eb016039-8fa4-4356-819b-a327f3d88c56.jpg\" alt=\"\" width=\"640\" height=\"430\" srcset=\"https:\/\/noticiasmercedinas.com\/site\/wp-content\/uploads\/2019\/07\/eb016039-8fa4-4356-819b-a327f3d88c56.jpg 640w, https:\/\/noticiasmercedinas.com\/site\/wp-content\/uploads\/2019\/07\/eb016039-8fa4-4356-819b-a327f3d88c56-300x202.jpg 300w, https:\/\/noticiasmercedinas.com\/site\/wp-content\/uploads\/2019\/07\/eb016039-8fa4-4356-819b-a327f3d88c56-537x360.jpg 537w\" sizes=\"auto, (max-width: 640px) 100vw, 640px\" \/><\/p>\n<p>Los atletas Candelaria R\u00e9vora, Pedro Caramelo, Mart\u00edn Perrone, Rosana Carrizo, Gast\u00f3n Bello, Malena del Giudice y Vanina Crivelli, integrantes del Gimnasio Deporclub, se destacaron en la competencia denominada \u201cUltra Amanecer Comeching\u00f3n\u201d, en C\u00f3rdoba.<\/p>\n<p>Todos corrieron distancias de 26 km excepto Vanina Crivelli y Malena del Gi\u00fadice, que se animaron a los 42 km en esta carrera de trail en monta\u00f1a de participaci\u00f3n individual con 7 opciones de distancias: 16, 26, 42k, y las cuatro ultras de 55, 70, 110k y 100 millas. Adem\u00e1s, el mercedino Mat\u00edas Damele corri\u00f3 los 70 km de esta exigente competencia.<\/p>\n<p>La carrera se disput\u00f3 entre el 5 y el 8 de julio en la parasidis\u00edaca Villa Yacanto de Calamuchita, en las Sierras Grandes de Los Comechingones, C\u00f3rdoba, Argentina.<\/p>\n<p>En los distintos recorridos los participantes transitaron por caminos de ripio, senderos, valles, sierras, montes, pajonales, bosques, r\u00edos, arroyos, la mayor\u00eda dentro de zonas de propiedad privada de acceso no permitido al p\u00fablico, en una carrera exclusiva con paisajes v\u00edrgenes que se cuidan y respetan.<\/p>\n<p><img loading=\"lazy\" decoding=\"async\" class=\"alignnone size-full wp-image-23149\" src=\"https:\/\/noticiasmercedinas.com\/site\/wp-content\/uploads\/2019\/07\/4a2ab79d-3915-4374-ab15-b910dc3f10d5.jpg\" alt=\"\" width=\"640\" height=\"405\" srcset=\"https:\/\/noticiasmercedinas.com\/site\/wp-content\/uploads\/2019\/07\/4a2ab79d-3915-4374-ab15-b910dc3f10d5.jpg 640w, https:\/\/noticiasmercedinas.com\/site\/wp-content\/uploads\/2019\/07\/4a2ab79d-3915-4374-ab15-b910dc3f10d5-300x190.jpg 300w\" sizes=\"auto, (max-width: 640px) 100vw, 640px\" \/><\/p>\n","protected":false},"excerpt":{"rendered":"<p>Los atletas Candelaria R\u00e9vora, Pedro Caramelo, Mart\u00edn Perrone, Rosana Carrizo, Gast\u00f3n Bello, Malena del Giudice y Vanina Crivelli, integrantes del Gimnasio Deporclub, se destacaron en la competencia denominada \u201cUltra Amanecer Comeching\u00f3n\u201d, en C\u00f3rdoba. Todos corrieron distancias de 26 km excepto Vanina Crivelli y Malena del Gi\u00fadice, que se animaron a los 42 km en esta [&hellip;]<\/p>\n","protected":false},"author":16,"featured_media":23148,"comment_status":"open","ping_status":"open","sticky":false,"template":"","format":"standard","meta":{"footnotes":""},"categories":[5],"tags":[329,5665,3867,5669,3367,5667,5666,5668,5671,5670],"class_list":["post-23147","post","type-post","status-publish","format-standard","has-post-thumbnail","hentry","category-deportes","tag-atletismo","tag-candelaria-revora","tag-cordoba","tag-gaston-bello","tag-malena-del-giudice","tag-martin-perrone","tag-pedro-caramelo","tag-rosana-carrizo","tag-ultra-amanecer-comechingon","tag-vanina-crivelli"],"yoast_head":"<!-- This site is optimized with the Yoast SEO plugin v27.4 - https:\/\/yoast.com\/product\/yoast-seo-wordpress\/ -->\n<title>Ultra Amanecer Comeching\u00f3n: mercedinos se destacaron en C\u00f3rdoba<\/title>\n<meta name=\"robots\" content=\"index, follow, max-snippet:-1, max-image-preview:large, max-video-preview:-1\" \/>\n<link rel=\"canonical\" href=\"https:\/\/noticiasmercedinas.com\/site\/2019\/07\/09\/ultra-amanecer-comechingon-mercedinos-se-destacaron-en-cordoba\/\" \/>\n<meta property=\"og:locale\" content=\"es_ES\" \/>\n<meta property=\"og:type\" content=\"article\" \/>\n<meta property=\"og:title\" content=\"Ultra Amanecer Comeching\u00f3n: mercedinos se destacaron en C\u00f3rdoba\" \/>\n<meta property=\"og:description\" content=\"Los atletas Candelaria R\u00e9vora, Pedro Caramelo, Mart\u00edn Perrone, Rosana Carrizo, Gast\u00f3n Bello, Malena del Giudice y Vanina Crivelli, integrantes del Gimnasio Deporclub, se destacaron en la competencia denominada \u201cUltra Amanecer Comeching\u00f3n\u201d, en C\u00f3rdoba. Todos corrieron distancias de 26 km excepto Vanina Crivelli y Malena del Gi\u00fadice, que se animaron a los 42 km en esta [&hellip;]\" \/>\n<meta property=\"og:url\" content=\"https:\/\/noticiasmercedinas.com\/site\/2019\/07\/09\/ultra-amanecer-comechingon-mercedinos-se-destacaron-en-cordoba\/\" \/>\n<meta property=\"og:site_name\" content=\"NOTICIASMERCEDINAS.COM\" \/>\n<meta property=\"article:publisher\" content=\"https:\/\/www.facebook.com\/noticiasmercedinas\/\" \/>\n<meta property=\"article:published_time\" content=\"2019-07-09T13:50:51+00:00\" \/>\n<meta property=\"article:modified_time\" content=\"2019-07-10T11:07:59+00:00\" \/>\n<meta property=\"og:image\" content=\"https:\/\/noticiasmercedinas.com\/site\/wp-content\/uploads\/2019\/07\/eb016039-8fa4-4356-819b-a327f3d88c56.jpg\" \/>\n\t<meta property=\"og:image:width\" content=\"640\" \/>\n\t<meta property=\"og:image:height\" content=\"430\" \/>\n\t<meta property=\"og:image:type\" content=\"image\/jpeg\" \/>\n<meta name=\"author\" content=\"NOTICIASMERCEDINAS.COM\" \/>\n<meta name=\"twitter:card\" content=\"summary_large_image\" \/>\n<meta name=\"twitter:creator\" content=\"@notmercedinas\" \/>\n<meta name=\"twitter:site\" content=\"@notmercedinas\" \/>\n<meta name=\"twitter:label1\" content=\"Escrito por\" \/>\n\t<meta name=\"twitter:data1\" content=\"NOTICIASMERCEDINAS.COM\" \/>\n\t<meta name=\"twitter:label2\" content=\"Tiempo de lectura\" \/>\n\t<meta name=\"twitter:data2\" content=\"1 minuto\" \/>\n<script type=\"application\/ld+json\" class=\"yoast-schema-graph\">{\"@context\":\"https:\\\/\\\/schema.org\",\"@graph\":[{\"@type\":\"Article\",\"@id\":\"https:\\\/\\\/noticiasmercedinas.com\\\/site\\\/2019\\\/07\\\/09\\\/ultra-amanecer-comechingon-mercedinos-se-destacaron-en-cordoba\\\/#article\",\"isPartOf\":{\"@id\":\"https:\\\/\\\/noticiasmercedinas.com\\\/site\\\/2019\\\/07\\\/09\\\/ultra-amanecer-comechingon-mercedinos-se-destacaron-en-cordoba\\\/\"},\"author\":{\"name\":\"NOTICIASMERCEDINAS.COM\",\"@id\":\"https:\\\/\\\/noticiasmercedinas.com\\\/site\\\/#\\\/schema\\\/person\\\/84b59c099c28ff2e8b77d4ceec5d8063\"},\"headline\":\"Ultra Amanecer Comeching\u00f3n: mercedinos se destacaron en C\u00f3rdoba\",\"datePublished\":\"2019-07-09T13:50:51+00:00\",\"dateModified\":\"2019-07-10T11:07:59+00:00\",\"mainEntityOfPage\":{\"@id\":\"https:\\\/\\\/noticiasmercedinas.com\\\/site\\\/2019\\\/07\\\/09\\\/ultra-amanecer-comechingon-mercedinos-se-destacaron-en-cordoba\\\/\"},\"wordCount\":183,\"commentCount\":1,\"publisher\":{\"@id\":\"https:\\\/\\\/noticiasmercedinas.com\\\/site\\\/#organization\"},\"image\":{\"@id\":\"https:\\\/\\\/noticiasmercedinas.com\\\/site\\\/2019\\\/07\\\/09\\\/ultra-amanecer-comechingon-mercedinos-se-destacaron-en-cordoba\\\/#primaryimage\"},\"thumbnailUrl\":\"https:\\\/\\\/noticiasmercedinas.com\\\/site\\\/wp-content\\\/uploads\\\/2019\\\/07\\\/eb016039-8fa4-4356-819b-a327f3d88c56.jpg\",\"keywords\":[\"atletismo\",\"Candelaria R\u00e9vora\",\"C\u00f3rdoba\",\"Gast\u00f3n Bello\",\"malena del giudice\",\"Mart\u00edn Perrone\",\"Pedro Caramelo\",\"Rosana Carrizo\",\"Ultra Amanecer Comeching\u00f3n\",\"Vanina Crivelli\"],\"articleSection\":[\"Deportes\"],\"inLanguage\":\"es\",\"potentialAction\":[{\"@type\":\"CommentAction\",\"name\":\"Comment\",\"target\":[\"https:\\\/\\\/noticiasmercedinas.com\\\/site\\\/2019\\\/07\\\/09\\\/ultra-amanecer-comechingon-mercedinos-se-destacaron-en-cordoba\\\/#respond\"]}]},{\"@type\":\"WebPage\",\"@id\":\"https:\\\/\\\/noticiasmercedinas.com\\\/site\\\/2019\\\/07\\\/09\\\/ultra-amanecer-comechingon-mercedinos-se-destacaron-en-cordoba\\\/\",\"url\":\"https:\\\/\\\/noticiasmercedinas.com\\\/site\\\/2019\\\/07\\\/09\\\/ultra-amanecer-comechingon-mercedinos-se-destacaron-en-cordoba\\\/\",\"name\":\"Ultra Amanecer Comeching\u00f3n: mercedinos se destacaron en C\u00f3rdoba\",\"isPartOf\":{\"@id\":\"https:\\\/\\\/noticiasmercedinas.com\\\/site\\\/#website\"},\"primaryImageOfPage\":{\"@id\":\"https:\\\/\\\/noticiasmercedinas.com\\\/site\\\/2019\\\/07\\\/09\\\/ultra-amanecer-comechingon-mercedinos-se-destacaron-en-cordoba\\\/#primaryimage\"},\"image\":{\"@id\":\"https:\\\/\\\/noticiasmercedinas.com\\\/site\\\/2019\\\/07\\\/09\\\/ultra-amanecer-comechingon-mercedinos-se-destacaron-en-cordoba\\\/#primaryimage\"},\"thumbnailUrl\":\"https:\\\/\\\/noticiasmercedinas.com\\\/site\\\/wp-content\\\/uploads\\\/2019\\\/07\\\/eb016039-8fa4-4356-819b-a327f3d88c56.jpg\",\"datePublished\":\"2019-07-09T13:50:51+00:00\",\"dateModified\":\"2019-07-10T11:07:59+00:00\",\"breadcrumb\":{\"@id\":\"https:\\\/\\\/noticiasmercedinas.com\\\/site\\\/2019\\\/07\\\/09\\\/ultra-amanecer-comechingon-mercedinos-se-destacaron-en-cordoba\\\/#breadcrumb\"},\"inLanguage\":\"es\",\"potentialAction\":[{\"@type\":\"ReadAction\",\"target\":[\"https:\\\/\\\/noticiasmercedinas.com\\\/site\\\/2019\\\/07\\\/09\\\/ultra-amanecer-comechingon-mercedinos-se-destacaron-en-cordoba\\\/\"]}]},{\"@type\":\"ImageObject\",\"inLanguage\":\"es\",\"@id\":\"https:\\\/\\\/noticiasmercedinas.com\\\/site\\\/2019\\\/07\\\/09\\\/ultra-amanecer-comechingon-mercedinos-se-destacaron-en-cordoba\\\/#primaryimage\",\"url\":\"https:\\\/\\\/noticiasmercedinas.com\\\/site\\\/wp-content\\\/uploads\\\/2019\\\/07\\\/eb016039-8fa4-4356-819b-a327f3d88c56.jpg\",\"contentUrl\":\"https:\\\/\\\/noticiasmercedinas.com\\\/site\\\/wp-content\\\/uploads\\\/2019\\\/07\\\/eb016039-8fa4-4356-819b-a327f3d88c56.jpg\",\"width\":640,\"height\":430},{\"@type\":\"BreadcrumbList\",\"@id\":\"https:\\\/\\\/noticiasmercedinas.com\\\/site\\\/2019\\\/07\\\/09\\\/ultra-amanecer-comechingon-mercedinos-se-destacaron-en-cordoba\\\/#breadcrumb\",\"itemListElement\":[{\"@type\":\"ListItem\",\"position\":1,\"name\":\"Portada\",\"item\":\"https:\\\/\\\/noticiasmercedinas.com\\\/site\\\/\"},{\"@type\":\"ListItem\",\"position\":2,\"name\":\"Ultra Amanecer Comeching\u00f3n: mercedinos se destacaron en C\u00f3rdoba\"}]},{\"@type\":\"WebSite\",\"@id\":\"https:\\\/\\\/noticiasmercedinas.com\\\/site\\\/#website\",\"url\":\"https:\\\/\\\/noticiasmercedinas.com\\\/site\\\/\",\"name\":\"NOTICIASMERCEDINAS.COM\",\"description\":\"Mercedes, Buenos Aires, Argentina\",\"publisher\":{\"@id\":\"https:\\\/\\\/noticiasmercedinas.com\\\/site\\\/#organization\"},\"potentialAction\":[{\"@type\":\"SearchAction\",\"target\":{\"@type\":\"EntryPoint\",\"urlTemplate\":\"https:\\\/\\\/noticiasmercedinas.com\\\/site\\\/?s={search_term_string}\"},\"query-input\":{\"@type\":\"PropertyValueSpecification\",\"valueRequired\":true,\"valueName\":\"search_term_string\"}}],\"inLanguage\":\"es\"},{\"@type\":\"Organization\",\"@id\":\"https:\\\/\\\/noticiasmercedinas.com\\\/site\\\/#organization\",\"name\":\"NOTICIASMERCEDINAS.COM\",\"url\":\"https:\\\/\\\/noticiasmercedinas.com\\\/site\\\/\",\"logo\":{\"@type\":\"ImageObject\",\"inLanguage\":\"es\",\"@id\":\"https:\\\/\\\/noticiasmercedinas.com\\\/site\\\/#\\\/schema\\\/logo\\\/image\\\/\",\"url\":\"https:\\\/\\\/noticiasmercedinas.com\\\/site\\\/wp-content\\\/uploads\\\/2020\\\/06\\\/LOGO-512.jpg\",\"contentUrl\":\"https:\\\/\\\/noticiasmercedinas.com\\\/site\\\/wp-content\\\/uploads\\\/2020\\\/06\\\/LOGO-512.jpg\",\"width\":512,\"height\":512,\"caption\":\"NOTICIASMERCEDINAS.COM\"},\"image\":{\"@id\":\"https:\\\/\\\/noticiasmercedinas.com\\\/site\\\/#\\\/schema\\\/logo\\\/image\\\/\"},\"sameAs\":[\"https:\\\/\\\/www.facebook.com\\\/noticiasmercedinas\\\/\",\"https:\\\/\\\/x.com\\\/notmercedinas\",\"https:\\\/\\\/www.instagram.com\\\/noticiasmercedinas\\\/\"]},{\"@type\":\"Person\",\"@id\":\"https:\\\/\\\/noticiasmercedinas.com\\\/site\\\/#\\\/schema\\\/person\\\/84b59c099c28ff2e8b77d4ceec5d8063\",\"name\":\"NOTICIASMERCEDINAS.COM\",\"image\":{\"@type\":\"ImageObject\",\"inLanguage\":\"es\",\"@id\":\"https:\\\/\\\/secure.gravatar.com\\\/avatar\\\/4dfbf16b4d17945bfb6341b2d19043457132fcf478a5ee04f42e959fd8f5df0a?s=96&d=mm&r=g\",\"url\":\"https:\\\/\\\/secure.gravatar.com\\\/avatar\\\/4dfbf16b4d17945bfb6341b2d19043457132fcf478a5ee04f42e959fd8f5df0a?s=96&d=mm&r=g\",\"contentUrl\":\"https:\\\/\\\/secure.gravatar.com\\\/avatar\\\/4dfbf16b4d17945bfb6341b2d19043457132fcf478a5ee04f42e959fd8f5df0a?s=96&d=mm&r=g\",\"caption\":\"NOTICIASMERCEDINAS.COM\"},\"url\":\"https:\\\/\\\/noticiasmercedinas.com\\\/site\\\/author\\\/anonimo\\\/\"}]}<\/script>\n<!-- \/ Yoast SEO plugin. -->","yoast_head_json":{"title":"Ultra Amanecer Comeching\u00f3n: mercedinos se destacaron en C\u00f3rdoba","robots":{"index":"index","follow":"follow","max-snippet":"max-snippet:-1","max-image-preview":"max-image-preview:large","max-video-preview":"max-video-preview:-1"},"canonical":"https:\/\/noticiasmercedinas.com\/site\/2019\/07\/09\/ultra-amanecer-comechingon-mercedinos-se-destacaron-en-cordoba\/","og_locale":"es_ES","og_type":"article","og_title":"Ultra Amanecer Comeching\u00f3n: mercedinos se destacaron en C\u00f3rdoba","og_description":"Los atletas Candelaria R\u00e9vora, Pedro Caramelo, Mart\u00edn Perrone, Rosana Carrizo, Gast\u00f3n Bello, Malena del Giudice y Vanina Crivelli, integrantes del Gimnasio Deporclub, se destacaron en la competencia denominada \u201cUltra Amanecer Comeching\u00f3n\u201d, en C\u00f3rdoba. Todos corrieron distancias de 26 km excepto Vanina Crivelli y Malena del Gi\u00fadice, que se animaron a los 42 km en esta [&hellip;]","og_url":"https:\/\/noticiasmercedinas.com\/site\/2019\/07\/09\/ultra-amanecer-comechingon-mercedinos-se-destacaron-en-cordoba\/","og_site_name":"NOTICIASMERCEDINAS.COM","article_publisher":"https:\/\/www.facebook.com\/noticiasmercedinas\/","article_published_time":"2019-07-09T13:50:51+00:00","article_modified_time":"2019-07-10T11:07:59+00:00","og_image":[{"width":640,"height":430,"url":"https:\/\/noticiasmercedinas.com\/site\/wp-content\/uploads\/2019\/07\/eb016039-8fa4-4356-819b-a327f3d88c56.jpg","type":"image\/jpeg"}],"author":"NOTICIASMERCEDINAS.COM","twitter_card":"summary_large_image","twitter_creator":"@notmercedinas","twitter_site":"@notmercedinas","twitter_misc":{"Escrito por":"NOTICIASMERCEDINAS.COM","Tiempo de lectura":"1 minuto"},"schema":{"@context":"https:\/\/schema.org","@graph":[{"@type":"Article","@id":"https:\/\/noticiasmercedinas.com\/site\/2019\/07\/09\/ultra-amanecer-comechingon-mercedinos-se-destacaron-en-cordoba\/#article","isPartOf":{"@id":"https:\/\/noticiasmercedinas.com\/site\/2019\/07\/09\/ultra-amanecer-comechingon-mercedinos-se-destacaron-en-cordoba\/"},"author":{"name":"NOTICIASMERCEDINAS.COM","@id":"https:\/\/noticiasmercedinas.com\/site\/#\/schema\/person\/84b59c099c28ff2e8b77d4ceec5d8063"},"headline":"Ultra Amanecer Comeching\u00f3n: mercedinos se destacaron en C\u00f3rdoba","datePublished":"2019-07-09T13:50:51+00:00","dateModified":"2019-07-10T11:07:59+00:00","mainEntityOfPage":{"@id":"https:\/\/noticiasmercedinas.com\/site\/2019\/07\/09\/ultra-amanecer-comechingon-mercedinos-se-destacaron-en-cordoba\/"},"wordCount":183,"commentCount":1,"publisher":{"@id":"https:\/\/noticiasmercedinas.com\/site\/#organization"},"image":{"@id":"https:\/\/noticiasmercedinas.com\/site\/2019\/07\/09\/ultra-amanecer-comechingon-mercedinos-se-destacaron-en-cordoba\/#primaryimage"},"thumbnailUrl":"https:\/\/noticiasmercedinas.com\/site\/wp-content\/uploads\/2019\/07\/eb016039-8fa4-4356-819b-a327f3d88c56.jpg","keywords":["atletismo","Candelaria R\u00e9vora","C\u00f3rdoba","Gast\u00f3n Bello","malena del giudice","Mart\u00edn Perrone","Pedro Caramelo","Rosana Carrizo","Ultra Amanecer Comeching\u00f3n","Vanina Crivelli"],"articleSection":["Deportes"],"inLanguage":"es","potentialAction":[{"@type":"CommentAction","name":"Comment","target":["https:\/\/noticiasmercedinas.com\/site\/2019\/07\/09\/ultra-amanecer-comechingon-mercedinos-se-destacaron-en-cordoba\/#respond"]}]},{"@type":"WebPage","@id":"https:\/\/noticiasmercedinas.com\/site\/2019\/07\/09\/ultra-amanecer-comechingon-mercedinos-se-destacaron-en-cordoba\/","url":"https:\/\/noticiasmercedinas.com\/site\/2019\/07\/09\/ultra-amanecer-comechingon-mercedinos-se-destacaron-en-cordoba\/","name":"Ultra Amanecer Comeching\u00f3n: mercedinos se destacaron en C\u00f3rdoba","isPartOf":{"@id":"https:\/\/noticiasmercedinas.com\/site\/#website"},"primaryImageOfPage":{"@id":"https:\/\/noticiasmercedinas.com\/site\/2019\/07\/09\/ultra-amanecer-comechingon-mercedinos-se-destacaron-en-cordoba\/#primaryimage"},"image":{"@id":"https:\/\/noticiasmercedinas.com\/site\/2019\/07\/09\/ultra-amanecer-comechingon-mercedinos-se-destacaron-en-cordoba\/#primaryimage"},"thumbnailUrl":"https:\/\/noticiasmercedinas.com\/site\/wp-content\/uploads\/2019\/07\/eb016039-8fa4-4356-819b-a327f3d88c56.jpg","datePublished":"2019-07-09T13:50:51+00:00","dateModified":"2019-07-10T11:07:59+00:00","breadcrumb":{"@id":"https:\/\/noticiasmercedinas.com\/site\/2019\/07\/09\/ultra-amanecer-comechingon-mercedinos-se-destacaron-en-cordoba\/#breadcrumb"},"inLanguage":"es","potentialAction":[{"@type":"ReadAction","target":["https:\/\/noticiasmercedinas.com\/site\/2019\/07\/09\/ultra-amanecer-comechingon-mercedinos-se-destacaron-en-cordoba\/"]}]},{"@type":"ImageObject","inLanguage":"es","@id":"https:\/\/noticiasmercedinas.com\/site\/2019\/07\/09\/ultra-amanecer-comechingon-mercedinos-se-destacaron-en-cordoba\/#primaryimage","url":"https:\/\/noticiasmercedinas.com\/site\/wp-content\/uploads\/2019\/07\/eb016039-8fa4-4356-819b-a327f3d88c56.jpg","contentUrl":"https:\/\/noticiasmercedinas.com\/site\/wp-content\/uploads\/2019\/07\/eb016039-8fa4-4356-819b-a327f3d88c56.jpg","width":640,"height":430},{"@type":"BreadcrumbList","@id":"https:\/\/noticiasmercedinas.com\/site\/2019\/07\/09\/ultra-amanecer-comechingon-mercedinos-se-destacaron-en-cordoba\/#breadcrumb","itemListElement":[{"@type":"ListItem","position":1,"name":"Portada","item":"https:\/\/noticiasmercedinas.com\/site\/"},{"@type":"ListItem","position":2,"name":"Ultra Amanecer Comeching\u00f3n: mercedinos se destacaron en C\u00f3rdoba"}]},{"@type":"WebSite","@id":"https:\/\/noticiasmercedinas.com\/site\/#website","url":"https:\/\/noticiasmercedinas.com\/site\/","name":"NOTICIASMERCEDINAS.COM","description":"Mercedes, Buenos Aires, Argentina","publisher":{"@id":"https:\/\/noticiasmercedinas.com\/site\/#organization"},"potentialAction":[{"@type":"SearchAction","target":{"@type":"EntryPoint","urlTemplate":"https:\/\/noticiasmercedinas.com\/site\/?s={search_term_string}"},"query-input":{"@type":"PropertyValueSpecification","valueRequired":true,"valueName":"search_term_string"}}],"inLanguage":"es"},{"@type":"Organization","@id":"https:\/\/noticiasmercedinas.com\/site\/#organization","name":"NOTICIASMERCEDINAS.COM","url":"https:\/\/noticiasmercedinas.com\/site\/","logo":{"@type":"ImageObject","inLanguage":"es","@id":"https:\/\/noticiasmercedinas.com\/site\/#\/schema\/logo\/image\/","url":"https:\/\/noticiasmercedinas.com\/site\/wp-content\/uploads\/2020\/06\/LOGO-512.jpg","contentUrl":"https:\/\/noticiasmercedinas.com\/site\/wp-content\/uploads\/2020\/06\/LOGO-512.jpg","width":512,"height":512,"caption":"NOTICIASMERCEDINAS.COM"},"image":{"@id":"https:\/\/noticiasmercedinas.com\/site\/#\/schema\/logo\/image\/"},"sameAs":["https:\/\/www.facebook.com\/noticiasmercedinas\/","https:\/\/x.com\/notmercedinas","https:\/\/www.instagram.com\/noticiasmercedinas\/"]},{"@type":"Person","@id":"https:\/\/noticiasmercedinas.com\/site\/#\/schema\/person\/84b59c099c28ff2e8b77d4ceec5d8063","name":"NOTICIASMERCEDINAS.COM","image":{"@type":"ImageObject","inLanguage":"es","@id":"https:\/\/secure.gravatar.com\/avatar\/4dfbf16b4d17945bfb6341b2d19043457132fcf478a5ee04f42e959fd8f5df0a?s=96&d=mm&r=g","url":"https:\/\/secure.gravatar.com\/avatar\/4dfbf16b4d17945bfb6341b2d19043457132fcf478a5ee04f42e959fd8f5df0a?s=96&d=mm&r=g","contentUrl":"https:\/\/secure.gravatar.com\/avatar\/4dfbf16b4d17945bfb6341b2d19043457132fcf478a5ee04f42e959fd8f5df0a?s=96&d=mm&r=g","caption":"NOTICIASMERCEDINAS.COM"},"url":"https:\/\/noticiasmercedinas.com\/site\/author\/anonimo\/"}]}},"amp_enabled":true,"_links":{"self":[{"href":"https:\/\/noticiasmercedinas.com\/site\/wp-json\/wp\/v2\/posts\/23147","targetHints":{"allow":["GET"]}}],"collection":[{"href":"https:\/\/noticiasmercedinas.com\/site\/wp-json\/wp\/v2\/posts"}],"about":[{"href":"https:\/\/noticiasmercedinas.com\/site\/wp-json\/wp\/v2\/types\/post"}],"author":[{"embeddable":true,"href":"https:\/\/noticiasmercedinas.com\/site\/wp-json\/wp\/v2\/users\/16"}],"replies":[{"embeddable":true,"href":"https:\/\/noticiasmercedinas.com\/site\/wp-json\/wp\/v2\/comments?post=23147"}],"version-history":[{"count":4,"href":"https:\/\/noticiasmercedinas.com\/site\/wp-json\/wp\/v2\/posts\/23147\/revisions"}],"predecessor-version":[{"id":23211,"href":"https:\/\/noticiasmercedinas.com\/site\/wp-json\/wp\/v2\/posts\/23147\/revisions\/23211"}],"wp:featuredmedia":[{"embeddable":true,"href":"https:\/\/noticiasmercedinas.com\/site\/wp-json\/wp\/v2\/media\/23148"}],"wp:attachment":[{"href":"https:\/\/noticiasmercedinas.com\/site\/wp-json\/wp\/v2\/media?parent=23147"}],"wp:term":[{"taxonomy":"category","embeddable":true,"href":"https:\/\/noticiasmercedinas.com\/site\/wp-json\/wp\/v2\/categories?post=23147"},{"taxonomy":"post_tag","embeddable":true,"href":"https:\/\/noticiasmercedinas.com\/site\/wp-json\/wp\/v2\/tags?post=23147"}],"curies":[{"name":"wp","href":"https:\/\/api.w.org\/{rel}","templated":true}]}}