{"id":23237,"date":"2019-07-10T09:33:14","date_gmt":"2019-07-10T12:33:14","guid":{"rendered":"https:\/\/noticiasmercedinas.com\/site\/?p=23237"},"modified":"2019-07-10T09:33:14","modified_gmt":"2019-07-10T12:33:14","slug":"almuerzo-solidario-en-el-villa-abrille","status":"publish","type":"post","link":"https:\/\/noticiasmercedinas.com\/site\/2019\/07\/10\/almuerzo-solidario-en-el-villa-abrille\/","title":{"rendered":"Almuerzo solidario en el \u201cVilla Abrille\u201d"},"content":{"rendered":"\r\n                <style type=\"text\/css\">\r\n                    \r\n                    #td_uid_1_69f5d18f8507d  .td-doubleSlider-2 .td-item1 {\r\n                        background: url(https:\/\/noticiasmercedinas.com\/site\/wp-content\/uploads\/2019\/07\/66153790_1196996540479598_3178639630014611456_n-160x120.jpg) 0 0 no-repeat;\r\n                    }\r\n                    #td_uid_1_69f5d18f8507d  .td-doubleSlider-2 .td-item2 {\r\n                        background: url(https:\/\/noticiasmercedinas.com\/site\/wp-content\/uploads\/2019\/07\/66816684_1196996247146294_8658530330728202240_n-160x120.jpg) 0 0 no-repeat;\r\n                    }\r\n                    #td_uid_1_69f5d18f8507d  .td-doubleSlider-2 .td-item3 {\r\n                        background: url(https:\/\/noticiasmercedinas.com\/site\/wp-content\/uploads\/2019\/07\/66153485_1196996200479632_7852866934981787648_n-160x120.jpg) 0 0 no-repeat;\r\n                    }\r\n                    #td_uid_1_69f5d18f8507d  .td-doubleSlider-2 .td-item4 {\r\n                        background: url(https:\/\/noticiasmercedinas.com\/site\/wp-content\/uploads\/2019\/07\/66316365_1196996077146311_920177789477322752_n-160x120.jpg) 0 0 no-repeat;\r\n                    }\r\n                <\/style>\r\n\r\n                <div id=\"td_uid_1_69f5d18f8507d\" class=\"td-gallery td-slide-on-2-columns\">\r\n                    <div class=\"post_td_gallery\">\r\n                        <div class=\"td-gallery-slide-top\">\r\n                           <div class=\"td-gallery-title\"><\/div>\r\n\r\n                            <div class=\"td-gallery-controls-wrapper\">\r\n                                <div class=\"td-gallery-slide-count\"><span class=\"td-gallery-slide-item-focus\">1<\/span> de 4<\/div>\r\n                                <div class=\"td-gallery-slide-prev-next-but\">\r\n                                    <i class = \"td-icon-left doubleSliderPrevButton\"><\/i>\r\n                                    <i class = \"td-icon-right doubleSliderNextButton\"><\/i>\r\n                                <\/div>\r\n                            <\/div>\r\n                        <\/div>\r\n\r\n                        <div class = \"td-doubleSlider-1 \">\r\n                            <div class = \"td-slider\">\r\n                                \r\n                    <div class = \"td-slide-item td-item1\">\r\n                        <figure class=\"td-slide-galery-figure td-slide-popup-gallery\">\r\n                            <a class=\"slide-gallery-image-link\" href=\"https:\/\/noticiasmercedinas.com\/site\/wp-content\/uploads\/2019\/07\/66153790_1196996540479598_3178639630014611456_n.jpg\" title=\"66153790_1196996540479598_3178639630014611456_n\"  data-caption=\"\"  data-description=\"\">\r\n                                <img decoding=\"async\" src=\"https:\/\/noticiasmercedinas.com\/site\/wp-content\/uploads\/2019\/07\/66153790_1196996540479598_3178639630014611456_n.jpg\" srcset=\"https:\/\/noticiasmercedinas.com\/site\/wp-content\/uploads\/2019\/07\/66153790_1196996540479598_3178639630014611456_n.jpg 960w, https:\/\/noticiasmercedinas.com\/site\/wp-content\/uploads\/2019\/07\/66153790_1196996540479598_3178639630014611456_n-300x146.jpg 300w, https:\/\/noticiasmercedinas.com\/site\/wp-content\/uploads\/2019\/07\/66153790_1196996540479598_3178639630014611456_n-768x374.jpg 768w, https:\/\/noticiasmercedinas.com\/site\/wp-content\/uploads\/2019\/07\/66153790_1196996540479598_3178639630014611456_n-640x311.jpg 640w, https:\/\/noticiasmercedinas.com\/site\/wp-content\/uploads\/2019\/07\/66153790_1196996540479598_3178639630014611456_n-681x331.jpg 681w\" sizes=\"(max-width: 960px) 100vw, 960px\" alt=\"\">\r\n                            <\/a>\r\n                            \r\n                        <\/figure>\r\n                    <\/div>\r\n                    <div class = \"td-slide-item td-item2\">\r\n                        <figure class=\"td-slide-galery-figure td-slide-popup-gallery\">\r\n                            <a class=\"slide-gallery-image-link\" href=\"https:\/\/noticiasmercedinas.com\/site\/wp-content\/uploads\/2019\/07\/66816684_1196996247146294_8658530330728202240_n.jpg\" title=\"66816684_1196996247146294_8658530330728202240_n\"  data-caption=\"\"  data-description=\"\">\r\n                                <img decoding=\"async\" src=\"https:\/\/noticiasmercedinas.com\/site\/wp-content\/uploads\/2019\/07\/66816684_1196996247146294_8658530330728202240_n.jpg\" srcset=\"https:\/\/noticiasmercedinas.com\/site\/wp-content\/uploads\/2019\/07\/66816684_1196996247146294_8658530330728202240_n.jpg 960w, https:\/\/noticiasmercedinas.com\/site\/wp-content\/uploads\/2019\/07\/66816684_1196996247146294_8658530330728202240_n-300x146.jpg 300w, https:\/\/noticiasmercedinas.com\/site\/wp-content\/uploads\/2019\/07\/66816684_1196996247146294_8658530330728202240_n-768x374.jpg 768w, https:\/\/noticiasmercedinas.com\/site\/wp-content\/uploads\/2019\/07\/66816684_1196996247146294_8658530330728202240_n-640x311.jpg 640w, https:\/\/noticiasmercedinas.com\/site\/wp-content\/uploads\/2019\/07\/66816684_1196996247146294_8658530330728202240_n-681x331.jpg 681w\" sizes=\"(max-width: 960px) 100vw, 960px\" alt=\"\">\r\n                            <\/a>\r\n                            \r\n                        <\/figure>\r\n                    <\/div>\r\n                    <div class = \"td-slide-item td-item3\">\r\n                        <figure class=\"td-slide-galery-figure td-slide-popup-gallery\">\r\n                            <a class=\"slide-gallery-image-link\" href=\"https:\/\/noticiasmercedinas.com\/site\/wp-content\/uploads\/2019\/07\/66153485_1196996200479632_7852866934981787648_n.jpg\" title=\"66153485_1196996200479632_7852866934981787648_n\"  data-caption=\"\"  data-description=\"\">\r\n                                <img decoding=\"async\" src=\"https:\/\/noticiasmercedinas.com\/site\/wp-content\/uploads\/2019\/07\/66153485_1196996200479632_7852866934981787648_n.jpg\" srcset=\"https:\/\/noticiasmercedinas.com\/site\/wp-content\/uploads\/2019\/07\/66153485_1196996200479632_7852866934981787648_n.jpg 960w, https:\/\/noticiasmercedinas.com\/site\/wp-content\/uploads\/2019\/07\/66153485_1196996200479632_7852866934981787648_n-300x169.jpg 300w, https:\/\/noticiasmercedinas.com\/site\/wp-content\/uploads\/2019\/07\/66153485_1196996200479632_7852866934981787648_n-768x432.jpg 768w, https:\/\/noticiasmercedinas.com\/site\/wp-content\/uploads\/2019\/07\/66153485_1196996200479632_7852866934981787648_n-640x360.jpg 640w, https:\/\/noticiasmercedinas.com\/site\/wp-content\/uploads\/2019\/07\/66153485_1196996200479632_7852866934981787648_n-681x383.jpg 681w\" sizes=\"(max-width: 960px) 100vw, 960px\" alt=\"\">\r\n                            <\/a>\r\n                            \r\n                        <\/figure>\r\n                    <\/div>\r\n                    <div class = \"td-slide-item td-item4\">\r\n                        <figure class=\"td-slide-galery-figure td-slide-popup-gallery\">\r\n                            <a class=\"slide-gallery-image-link\" href=\"https:\/\/noticiasmercedinas.com\/site\/wp-content\/uploads\/2019\/07\/66316365_1196996077146311_920177789477322752_n.jpg\" title=\"66316365_1196996077146311_920177789477322752_n\"  data-caption=\"\"  data-description=\"\">\r\n                                <img decoding=\"async\" src=\"https:\/\/noticiasmercedinas.com\/site\/wp-content\/uploads\/2019\/07\/66316365_1196996077146311_920177789477322752_n.jpg\" srcset=\"https:\/\/noticiasmercedinas.com\/site\/wp-content\/uploads\/2019\/07\/66316365_1196996077146311_920177789477322752_n.jpg 960w, https:\/\/noticiasmercedinas.com\/site\/wp-content\/uploads\/2019\/07\/66316365_1196996077146311_920177789477322752_n-300x225.jpg 300w, https:\/\/noticiasmercedinas.com\/site\/wp-content\/uploads\/2019\/07\/66316365_1196996077146311_920177789477322752_n-768x576.jpg 768w, https:\/\/noticiasmercedinas.com\/site\/wp-content\/uploads\/2019\/07\/66316365_1196996077146311_920177789477322752_n-80x60.jpg 80w, https:\/\/noticiasmercedinas.com\/site\/wp-content\/uploads\/2019\/07\/66316365_1196996077146311_920177789477322752_n-160x120.jpg 160w, https:\/\/noticiasmercedinas.com\/site\/wp-content\/uploads\/2019\/07\/66316365_1196996077146311_920177789477322752_n-100x75.jpg 100w, https:\/\/noticiasmercedinas.com\/site\/wp-content\/uploads\/2019\/07\/66316365_1196996077146311_920177789477322752_n-200x150.jpg 200w, https:\/\/noticiasmercedinas.com\/site\/wp-content\/uploads\/2019\/07\/66316365_1196996077146311_920177789477322752_n-180x135.jpg 180w, https:\/\/noticiasmercedinas.com\/site\/wp-content\/uploads\/2019\/07\/66316365_1196996077146311_920177789477322752_n-360x270.jpg 360w, https:\/\/noticiasmercedinas.com\/site\/wp-content\/uploads\/2019\/07\/66316365_1196996077146311_920177789477322752_n-238x178.jpg 238w, https:\/\/noticiasmercedinas.com\/site\/wp-content\/uploads\/2019\/07\/66316365_1196996077146311_920177789477322752_n-476x356.jpg 476w, https:\/\/noticiasmercedinas.com\/site\/wp-content\/uploads\/2019\/07\/66316365_1196996077146311_920177789477322752_n-640x480.jpg 640w, https:\/\/noticiasmercedinas.com\/site\/wp-content\/uploads\/2019\/07\/66316365_1196996077146311_920177789477322752_n-681x511.jpg 681w\" sizes=\"(max-width: 960px) 100vw, 960px\" alt=\"\">\r\n                            <\/a>\r\n                            \r\n                        <\/figure>\r\n                    <\/div>\r\n                            <\/div>\r\n                        <\/div>\r\n\r\n                        <div class = \"td-doubleSlider-2\">\r\n                            <div class = \"td-slider\">\r\n                                \r\n                    <div class = \"td-button td-item1\">\r\n                        <div class = \"td-border\"><\/div>\r\n                    <\/div>\r\n                    <div class = \"td-button td-item2\">\r\n                        <div class = \"td-border\"><\/div>\r\n                    <\/div>\r\n                    <div class = \"td-button td-item3\">\r\n                        <div class = \"td-border\"><\/div>\r\n                    <\/div>\r\n                    <div class = \"td-button td-item4\">\r\n                        <div class = \"td-border\"><\/div>\r\n                    <\/div>\r\n                            <\/div>\r\n                        <\/div>\r\n\r\n                    <\/div>\r\n\r\n                <\/div>\r\n                \n<p>El Hogar Villa Abrille vivi\u00f3 un domingo diferente ya que se llev\u00f3 adelante un almuerzo solidario organizado por la cooperadora.<\/p>\n<p>\u201cEstamos felices por el almuerzo a beneficio. Tuvimos much\u00edsima participaci\u00f3n. Se acerc\u00f3 la gente, la pas\u00f3 de 10 y se comi\u00f3 muy bien. Llegamos a atender a todos con mucho amor y ganas de estar con ellos en el encuentro. Hubo mucha gente trabajando y esto hay que destacarlo. Y luego nos divertimos much\u00edsimo con Fernanda Ottolini y su Banda\u201d, coment\u00f3 Victoria Odell, responsable del \u00e1rea de Adultos Mayores del municipio.<\/p>\n<p>El mediod\u00eda de domingo fue especial. \u201cSiempre uno deja a los domingos con la familia, pero que las familias puedan compartir con nosotros, tal cual recalcaron Pablo Cassiani y Mat\u00edas Dematei que estuvieron con nosotros, que contamos con el apoyo del intendente, la solidaridad de la gente en colaborar, trabajar y divertirse modificando su domingo de familia por una acci\u00f3n solidaria fue muy lindo\u201d, dijo Odell remarcando las ganas y el compromiso de todas las oficinas e instancias municipales por los Adultos Mayores.<\/p>\n<p>\u201cEl trabajo en equipo nos fortalece y sabemos que solos si bien podemos llegar a alg\u00fan objetivo, no podemos hacer mucho ni tener un valor agregado. Esto hay que verlo en todas las \u00e1reas de la gesti\u00f3n, que te apoyan, ayudan, llaman y ofrecen\u201d, sostuvo.<\/p>\n<p>La pr\u00f3xima actividad de Adultos Mayores ser\u00e1 este domingo desde las 19 horas, con un espect\u00e1culo musical que organizan en conjunto con Luis Antes, en La Trocha, con Juan Eduardo, en un show del recuerdo, con entrada libre y gratuita y calefaccionado.<\/p>\n","protected":false},"excerpt":{"rendered":"<p>El Hogar Villa Abrille vivi\u00f3 un domingo diferente ya que se llev\u00f3 adelante un almuerzo solidario organizado por la cooperadora. \u201cEstamos felices por el almuerzo a beneficio. Tuvimos much\u00edsima participaci\u00f3n. Se acerc\u00f3 la gente, la pas\u00f3 de 10 y se comi\u00f3 muy bien. Llegamos a atender a todos con mucho amor y ganas de estar [&hellip;]<\/p>\n","protected":false},"author":16,"featured_media":23238,"comment_status":"open","ping_status":"open","sticky":false,"template":"","format":"standard","meta":{"footnotes":""},"categories":[3],"tags":[747,4362,748],"class_list":["post-23237","post","type-post","status-publish","format-standard","has-post-thumbnail","hentry","category-sociedad","tag-adultos-mayores","tag-hogar-villa-abrille","tag-victoria-odell"],"yoast_head":"<!-- This site is optimized with the Yoast SEO plugin v27.5 - https:\/\/yoast.com\/product\/yoast-seo-wordpress\/ -->\n<title>Almuerzo solidario en el \u201cVilla Abrille\u201d<\/title>\n<meta name=\"robots\" content=\"index, follow, max-snippet:-1, max-image-preview:large, max-video-preview:-1\" \/>\n<link rel=\"canonical\" href=\"https:\/\/noticiasmercedinas.com\/site\/2019\/07\/10\/almuerzo-solidario-en-el-villa-abrille\/\" \/>\n<meta property=\"og:locale\" content=\"es_ES\" \/>\n<meta property=\"og:type\" content=\"article\" \/>\n<meta property=\"og:title\" content=\"Almuerzo solidario en el \u201cVilla Abrille\u201d\" \/>\n<meta property=\"og:description\" content=\"El Hogar Villa Abrille vivi\u00f3 un domingo diferente ya que se llev\u00f3 adelante un almuerzo solidario organizado por la cooperadora. \u201cEstamos felices por el almuerzo a beneficio. Tuvimos much\u00edsima participaci\u00f3n. Se acerc\u00f3 la gente, la pas\u00f3 de 10 y se comi\u00f3 muy bien. Llegamos a atender a todos con mucho amor y ganas de estar [&hellip;]\" \/>\n<meta property=\"og:url\" content=\"https:\/\/noticiasmercedinas.com\/site\/2019\/07\/10\/almuerzo-solidario-en-el-villa-abrille\/\" \/>\n<meta property=\"og:site_name\" content=\"NOTICIASMERCEDINAS.COM\" \/>\n<meta property=\"article:publisher\" content=\"https:\/\/www.facebook.com\/noticiasmercedinas\/\" \/>\n<meta property=\"article:published_time\" content=\"2019-07-10T12:33:14+00:00\" \/>\n<meta property=\"og:image\" content=\"https:\/\/noticiasmercedinas.com\/site\/wp-content\/uploads\/2019\/07\/66153790_1196996540479598_3178639630014611456_n.jpg\" \/>\n\t<meta property=\"og:image:width\" content=\"960\" \/>\n\t<meta property=\"og:image:height\" content=\"467\" \/>\n\t<meta property=\"og:image:type\" content=\"image\/jpeg\" \/>\n<meta name=\"author\" content=\"NOTICIASMERCEDINAS.COM\" \/>\n<meta name=\"twitter:card\" content=\"summary_large_image\" \/>\n<meta name=\"twitter:creator\" content=\"@notmercedinas\" \/>\n<meta name=\"twitter:site\" content=\"@notmercedinas\" \/>\n<meta name=\"twitter:label1\" content=\"Escrito por\" \/>\n\t<meta name=\"twitter:data1\" content=\"NOTICIASMERCEDINAS.COM\" \/>\n\t<meta name=\"twitter:label2\" content=\"Tiempo de lectura\" \/>\n\t<meta name=\"twitter:data2\" content=\"1 minuto\" \/>\n<script type=\"application\/ld+json\" class=\"yoast-schema-graph\">{\"@context\":\"https:\\\/\\\/schema.org\",\"@graph\":[{\"@type\":\"Article\",\"@id\":\"https:\\\/\\\/noticiasmercedinas.com\\\/site\\\/2019\\\/07\\\/10\\\/almuerzo-solidario-en-el-villa-abrille\\\/#article\",\"isPartOf\":{\"@id\":\"https:\\\/\\\/noticiasmercedinas.com\\\/site\\\/2019\\\/07\\\/10\\\/almuerzo-solidario-en-el-villa-abrille\\\/\"},\"author\":{\"name\":\"NOTICIASMERCEDINAS.COM\",\"@id\":\"https:\\\/\\\/noticiasmercedinas.com\\\/site\\\/#\\\/schema\\\/person\\\/84b59c099c28ff2e8b77d4ceec5d8063\"},\"headline\":\"Almuerzo solidario en el \u201cVilla Abrille\u201d\",\"datePublished\":\"2019-07-10T12:33:14+00:00\",\"mainEntityOfPage\":{\"@id\":\"https:\\\/\\\/noticiasmercedinas.com\\\/site\\\/2019\\\/07\\\/10\\\/almuerzo-solidario-en-el-villa-abrille\\\/\"},\"wordCount\":284,\"commentCount\":0,\"publisher\":{\"@id\":\"https:\\\/\\\/noticiasmercedinas.com\\\/site\\\/#organization\"},\"image\":{\"@id\":\"https:\\\/\\\/noticiasmercedinas.com\\\/site\\\/2019\\\/07\\\/10\\\/almuerzo-solidario-en-el-villa-abrille\\\/#primaryimage\"},\"thumbnailUrl\":\"https:\\\/\\\/noticiasmercedinas.com\\\/site\\\/wp-content\\\/uploads\\\/2019\\\/07\\\/66153790_1196996540479598_3178639630014611456_n.jpg\",\"keywords\":[\"adultos mayores\",\"hogar villa abrille\",\"victoria odell\"],\"articleSection\":[\"Sociedad\"],\"inLanguage\":\"es\",\"potentialAction\":[{\"@type\":\"CommentAction\",\"name\":\"Comment\",\"target\":[\"https:\\\/\\\/noticiasmercedinas.com\\\/site\\\/2019\\\/07\\\/10\\\/almuerzo-solidario-en-el-villa-abrille\\\/#respond\"]}]},{\"@type\":\"WebPage\",\"@id\":\"https:\\\/\\\/noticiasmercedinas.com\\\/site\\\/2019\\\/07\\\/10\\\/almuerzo-solidario-en-el-villa-abrille\\\/\",\"url\":\"https:\\\/\\\/noticiasmercedinas.com\\\/site\\\/2019\\\/07\\\/10\\\/almuerzo-solidario-en-el-villa-abrille\\\/\",\"name\":\"Almuerzo solidario en el \u201cVilla Abrille\u201d\",\"isPartOf\":{\"@id\":\"https:\\\/\\\/noticiasmercedinas.com\\\/site\\\/#website\"},\"primaryImageOfPage\":{\"@id\":\"https:\\\/\\\/noticiasmercedinas.com\\\/site\\\/2019\\\/07\\\/10\\\/almuerzo-solidario-en-el-villa-abrille\\\/#primaryimage\"},\"image\":{\"@id\":\"https:\\\/\\\/noticiasmercedinas.com\\\/site\\\/2019\\\/07\\\/10\\\/almuerzo-solidario-en-el-villa-abrille\\\/#primaryimage\"},\"thumbnailUrl\":\"https:\\\/\\\/noticiasmercedinas.com\\\/site\\\/wp-content\\\/uploads\\\/2019\\\/07\\\/66153790_1196996540479598_3178639630014611456_n.jpg\",\"datePublished\":\"2019-07-10T12:33:14+00:00\",\"breadcrumb\":{\"@id\":\"https:\\\/\\\/noticiasmercedinas.com\\\/site\\\/2019\\\/07\\\/10\\\/almuerzo-solidario-en-el-villa-abrille\\\/#breadcrumb\"},\"inLanguage\":\"es\",\"potentialAction\":[{\"@type\":\"ReadAction\",\"target\":[\"https:\\\/\\\/noticiasmercedinas.com\\\/site\\\/2019\\\/07\\\/10\\\/almuerzo-solidario-en-el-villa-abrille\\\/\"]}]},{\"@type\":\"ImageObject\",\"inLanguage\":\"es\",\"@id\":\"https:\\\/\\\/noticiasmercedinas.com\\\/site\\\/2019\\\/07\\\/10\\\/almuerzo-solidario-en-el-villa-abrille\\\/#primaryimage\",\"url\":\"https:\\\/\\\/noticiasmercedinas.com\\\/site\\\/wp-content\\\/uploads\\\/2019\\\/07\\\/66153790_1196996540479598_3178639630014611456_n.jpg\",\"contentUrl\":\"https:\\\/\\\/noticiasmercedinas.com\\\/site\\\/wp-content\\\/uploads\\\/2019\\\/07\\\/66153790_1196996540479598_3178639630014611456_n.jpg\",\"width\":960,\"height\":467},{\"@type\":\"BreadcrumbList\",\"@id\":\"https:\\\/\\\/noticiasmercedinas.com\\\/site\\\/2019\\\/07\\\/10\\\/almuerzo-solidario-en-el-villa-abrille\\\/#breadcrumb\",\"itemListElement\":[{\"@type\":\"ListItem\",\"position\":1,\"name\":\"Portada\",\"item\":\"https:\\\/\\\/noticiasmercedinas.com\\\/site\\\/\"},{\"@type\":\"ListItem\",\"position\":2,\"name\":\"Almuerzo solidario en el \u201cVilla Abrille\u201d\"}]},{\"@type\":\"WebSite\",\"@id\":\"https:\\\/\\\/noticiasmercedinas.com\\\/site\\\/#website\",\"url\":\"https:\\\/\\\/noticiasmercedinas.com\\\/site\\\/\",\"name\":\"NOTICIASMERCEDINAS.COM\",\"description\":\"Mercedes, Buenos Aires, Argentina\",\"publisher\":{\"@id\":\"https:\\\/\\\/noticiasmercedinas.com\\\/site\\\/#organization\"},\"potentialAction\":[{\"@type\":\"SearchAction\",\"target\":{\"@type\":\"EntryPoint\",\"urlTemplate\":\"https:\\\/\\\/noticiasmercedinas.com\\\/site\\\/?s={search_term_string}\"},\"query-input\":{\"@type\":\"PropertyValueSpecification\",\"valueRequired\":true,\"valueName\":\"search_term_string\"}}],\"inLanguage\":\"es\"},{\"@type\":\"Organization\",\"@id\":\"https:\\\/\\\/noticiasmercedinas.com\\\/site\\\/#organization\",\"name\":\"NOTICIASMERCEDINAS.COM\",\"url\":\"https:\\\/\\\/noticiasmercedinas.com\\\/site\\\/\",\"logo\":{\"@type\":\"ImageObject\",\"inLanguage\":\"es\",\"@id\":\"https:\\\/\\\/noticiasmercedinas.com\\\/site\\\/#\\\/schema\\\/logo\\\/image\\\/\",\"url\":\"https:\\\/\\\/noticiasmercedinas.com\\\/site\\\/wp-content\\\/uploads\\\/2020\\\/06\\\/LOGO-512.jpg\",\"contentUrl\":\"https:\\\/\\\/noticiasmercedinas.com\\\/site\\\/wp-content\\\/uploads\\\/2020\\\/06\\\/LOGO-512.jpg\",\"width\":512,\"height\":512,\"caption\":\"NOTICIASMERCEDINAS.COM\"},\"image\":{\"@id\":\"https:\\\/\\\/noticiasmercedinas.com\\\/site\\\/#\\\/schema\\\/logo\\\/image\\\/\"},\"sameAs\":[\"https:\\\/\\\/www.facebook.com\\\/noticiasmercedinas\\\/\",\"https:\\\/\\\/x.com\\\/notmercedinas\",\"https:\\\/\\\/www.instagram.com\\\/noticiasmercedinas\\\/\"]},{\"@type\":\"Person\",\"@id\":\"https:\\\/\\\/noticiasmercedinas.com\\\/site\\\/#\\\/schema\\\/person\\\/84b59c099c28ff2e8b77d4ceec5d8063\",\"name\":\"NOTICIASMERCEDINAS.COM\",\"image\":{\"@type\":\"ImageObject\",\"inLanguage\":\"es\",\"@id\":\"https:\\\/\\\/secure.gravatar.com\\\/avatar\\\/4dfbf16b4d17945bfb6341b2d19043457132fcf478a5ee04f42e959fd8f5df0a?s=96&d=mm&r=g\",\"url\":\"https:\\\/\\\/secure.gravatar.com\\\/avatar\\\/4dfbf16b4d17945bfb6341b2d19043457132fcf478a5ee04f42e959fd8f5df0a?s=96&d=mm&r=g\",\"contentUrl\":\"https:\\\/\\\/secure.gravatar.com\\\/avatar\\\/4dfbf16b4d17945bfb6341b2d19043457132fcf478a5ee04f42e959fd8f5df0a?s=96&d=mm&r=g\",\"caption\":\"NOTICIASMERCEDINAS.COM\"},\"url\":\"https:\\\/\\\/noticiasmercedinas.com\\\/site\\\/author\\\/anonimo\\\/\"}]}<\/script>\n<!-- \/ Yoast SEO plugin. -->","yoast_head_json":{"title":"Almuerzo solidario en el \u201cVilla Abrille\u201d","robots":{"index":"index","follow":"follow","max-snippet":"max-snippet:-1","max-image-preview":"max-image-preview:large","max-video-preview":"max-video-preview:-1"},"canonical":"https:\/\/noticiasmercedinas.com\/site\/2019\/07\/10\/almuerzo-solidario-en-el-villa-abrille\/","og_locale":"es_ES","og_type":"article","og_title":"Almuerzo solidario en el \u201cVilla Abrille\u201d","og_description":"El Hogar Villa Abrille vivi\u00f3 un domingo diferente ya que se llev\u00f3 adelante un almuerzo solidario organizado por la cooperadora. \u201cEstamos felices por el almuerzo a beneficio. Tuvimos much\u00edsima participaci\u00f3n. Se acerc\u00f3 la gente, la pas\u00f3 de 10 y se comi\u00f3 muy bien. Llegamos a atender a todos con mucho amor y ganas de estar [&hellip;]","og_url":"https:\/\/noticiasmercedinas.com\/site\/2019\/07\/10\/almuerzo-solidario-en-el-villa-abrille\/","og_site_name":"NOTICIASMERCEDINAS.COM","article_publisher":"https:\/\/www.facebook.com\/noticiasmercedinas\/","article_published_time":"2019-07-10T12:33:14+00:00","og_image":[{"width":960,"height":467,"url":"https:\/\/noticiasmercedinas.com\/site\/wp-content\/uploads\/2019\/07\/66153790_1196996540479598_3178639630014611456_n.jpg","type":"image\/jpeg"}],"author":"NOTICIASMERCEDINAS.COM","twitter_card":"summary_large_image","twitter_creator":"@notmercedinas","twitter_site":"@notmercedinas","twitter_misc":{"Escrito por":"NOTICIASMERCEDINAS.COM","Tiempo de lectura":"1 minuto"},"schema":{"@context":"https:\/\/schema.org","@graph":[{"@type":"Article","@id":"https:\/\/noticiasmercedinas.com\/site\/2019\/07\/10\/almuerzo-solidario-en-el-villa-abrille\/#article","isPartOf":{"@id":"https:\/\/noticiasmercedinas.com\/site\/2019\/07\/10\/almuerzo-solidario-en-el-villa-abrille\/"},"author":{"name":"NOTICIASMERCEDINAS.COM","@id":"https:\/\/noticiasmercedinas.com\/site\/#\/schema\/person\/84b59c099c28ff2e8b77d4ceec5d8063"},"headline":"Almuerzo solidario en el \u201cVilla Abrille\u201d","datePublished":"2019-07-10T12:33:14+00:00","mainEntityOfPage":{"@id":"https:\/\/noticiasmercedinas.com\/site\/2019\/07\/10\/almuerzo-solidario-en-el-villa-abrille\/"},"wordCount":284,"commentCount":0,"publisher":{"@id":"https:\/\/noticiasmercedinas.com\/site\/#organization"},"image":{"@id":"https:\/\/noticiasmercedinas.com\/site\/2019\/07\/10\/almuerzo-solidario-en-el-villa-abrille\/#primaryimage"},"thumbnailUrl":"https:\/\/noticiasmercedinas.com\/site\/wp-content\/uploads\/2019\/07\/66153790_1196996540479598_3178639630014611456_n.jpg","keywords":["adultos mayores","hogar villa abrille","victoria odell"],"articleSection":["Sociedad"],"inLanguage":"es","potentialAction":[{"@type":"CommentAction","name":"Comment","target":["https:\/\/noticiasmercedinas.com\/site\/2019\/07\/10\/almuerzo-solidario-en-el-villa-abrille\/#respond"]}]},{"@type":"WebPage","@id":"https:\/\/noticiasmercedinas.com\/site\/2019\/07\/10\/almuerzo-solidario-en-el-villa-abrille\/","url":"https:\/\/noticiasmercedinas.com\/site\/2019\/07\/10\/almuerzo-solidario-en-el-villa-abrille\/","name":"Almuerzo solidario en el \u201cVilla Abrille\u201d","isPartOf":{"@id":"https:\/\/noticiasmercedinas.com\/site\/#website"},"primaryImageOfPage":{"@id":"https:\/\/noticiasmercedinas.com\/site\/2019\/07\/10\/almuerzo-solidario-en-el-villa-abrille\/#primaryimage"},"image":{"@id":"https:\/\/noticiasmercedinas.com\/site\/2019\/07\/10\/almuerzo-solidario-en-el-villa-abrille\/#primaryimage"},"thumbnailUrl":"https:\/\/noticiasmercedinas.com\/site\/wp-content\/uploads\/2019\/07\/66153790_1196996540479598_3178639630014611456_n.jpg","datePublished":"2019-07-10T12:33:14+00:00","breadcrumb":{"@id":"https:\/\/noticiasmercedinas.com\/site\/2019\/07\/10\/almuerzo-solidario-en-el-villa-abrille\/#breadcrumb"},"inLanguage":"es","potentialAction":[{"@type":"ReadAction","target":["https:\/\/noticiasmercedinas.com\/site\/2019\/07\/10\/almuerzo-solidario-en-el-villa-abrille\/"]}]},{"@type":"ImageObject","inLanguage":"es","@id":"https:\/\/noticiasmercedinas.com\/site\/2019\/07\/10\/almuerzo-solidario-en-el-villa-abrille\/#primaryimage","url":"https:\/\/noticiasmercedinas.com\/site\/wp-content\/uploads\/2019\/07\/66153790_1196996540479598_3178639630014611456_n.jpg","contentUrl":"https:\/\/noticiasmercedinas.com\/site\/wp-content\/uploads\/2019\/07\/66153790_1196996540479598_3178639630014611456_n.jpg","width":960,"height":467},{"@type":"BreadcrumbList","@id":"https:\/\/noticiasmercedinas.com\/site\/2019\/07\/10\/almuerzo-solidario-en-el-villa-abrille\/#breadcrumb","itemListElement":[{"@type":"ListItem","position":1,"name":"Portada","item":"https:\/\/noticiasmercedinas.com\/site\/"},{"@type":"ListItem","position":2,"name":"Almuerzo solidario en el \u201cVilla Abrille\u201d"}]},{"@type":"WebSite","@id":"https:\/\/noticiasmercedinas.com\/site\/#website","url":"https:\/\/noticiasmercedinas.com\/site\/","name":"NOTICIASMERCEDINAS.COM","description":"Mercedes, Buenos Aires, Argentina","publisher":{"@id":"https:\/\/noticiasmercedinas.com\/site\/#organization"},"potentialAction":[{"@type":"SearchAction","target":{"@type":"EntryPoint","urlTemplate":"https:\/\/noticiasmercedinas.com\/site\/?s={search_term_string}"},"query-input":{"@type":"PropertyValueSpecification","valueRequired":true,"valueName":"search_term_string"}}],"inLanguage":"es"},{"@type":"Organization","@id":"https:\/\/noticiasmercedinas.com\/site\/#organization","name":"NOTICIASMERCEDINAS.COM","url":"https:\/\/noticiasmercedinas.com\/site\/","logo":{"@type":"ImageObject","inLanguage":"es","@id":"https:\/\/noticiasmercedinas.com\/site\/#\/schema\/logo\/image\/","url":"https:\/\/noticiasmercedinas.com\/site\/wp-content\/uploads\/2020\/06\/LOGO-512.jpg","contentUrl":"https:\/\/noticiasmercedinas.com\/site\/wp-content\/uploads\/2020\/06\/LOGO-512.jpg","width":512,"height":512,"caption":"NOTICIASMERCEDINAS.COM"},"image":{"@id":"https:\/\/noticiasmercedinas.com\/site\/#\/schema\/logo\/image\/"},"sameAs":["https:\/\/www.facebook.com\/noticiasmercedinas\/","https:\/\/x.com\/notmercedinas","https:\/\/www.instagram.com\/noticiasmercedinas\/"]},{"@type":"Person","@id":"https:\/\/noticiasmercedinas.com\/site\/#\/schema\/person\/84b59c099c28ff2e8b77d4ceec5d8063","name":"NOTICIASMERCEDINAS.COM","image":{"@type":"ImageObject","inLanguage":"es","@id":"https:\/\/secure.gravatar.com\/avatar\/4dfbf16b4d17945bfb6341b2d19043457132fcf478a5ee04f42e959fd8f5df0a?s=96&d=mm&r=g","url":"https:\/\/secure.gravatar.com\/avatar\/4dfbf16b4d17945bfb6341b2d19043457132fcf478a5ee04f42e959fd8f5df0a?s=96&d=mm&r=g","contentUrl":"https:\/\/secure.gravatar.com\/avatar\/4dfbf16b4d17945bfb6341b2d19043457132fcf478a5ee04f42e959fd8f5df0a?s=96&d=mm&r=g","caption":"NOTICIASMERCEDINAS.COM"},"url":"https:\/\/noticiasmercedinas.com\/site\/author\/anonimo\/"}]}},"amp_enabled":true,"_links":{"self":[{"href":"https:\/\/noticiasmercedinas.com\/site\/wp-json\/wp\/v2\/posts\/23237","targetHints":{"allow":["GET"]}}],"collection":[{"href":"https:\/\/noticiasmercedinas.com\/site\/wp-json\/wp\/v2\/posts"}],"about":[{"href":"https:\/\/noticiasmercedinas.com\/site\/wp-json\/wp\/v2\/types\/post"}],"author":[{"embeddable":true,"href":"https:\/\/noticiasmercedinas.com\/site\/wp-json\/wp\/v2\/users\/16"}],"replies":[{"embeddable":true,"href":"https:\/\/noticiasmercedinas.com\/site\/wp-json\/wp\/v2\/comments?post=23237"}],"version-history":[{"count":1,"href":"https:\/\/noticiasmercedinas.com\/site\/wp-json\/wp\/v2\/posts\/23237\/revisions"}],"predecessor-version":[{"id":23242,"href":"https:\/\/noticiasmercedinas.com\/site\/wp-json\/wp\/v2\/posts\/23237\/revisions\/23242"}],"wp:featuredmedia":[{"embeddable":true,"href":"https:\/\/noticiasmercedinas.com\/site\/wp-json\/wp\/v2\/media\/23238"}],"wp:attachment":[{"href":"https:\/\/noticiasmercedinas.com\/site\/wp-json\/wp\/v2\/media?parent=23237"}],"wp:term":[{"taxonomy":"category","embeddable":true,"href":"https:\/\/noticiasmercedinas.com\/site\/wp-json\/wp\/v2\/categories?post=23237"},{"taxonomy":"post_tag","embeddable":true,"href":"https:\/\/noticiasmercedinas.com\/site\/wp-json\/wp\/v2\/tags?post=23237"}],"curies":[{"name":"wp","href":"https:\/\/api.w.org\/{rel}","templated":true}]}}