{"id":23296,"date":"2019-07-10T20:24:42","date_gmt":"2019-07-10T23:24:42","guid":{"rendered":"https:\/\/noticiasmercedinas.com\/site\/?p=23296"},"modified":"2019-07-10T20:28:52","modified_gmt":"2019-07-10T23:28:52","slug":"convocan-a-postulantes-a-tres-guardas-con-fines-de-adopcion","status":"publish","type":"post","link":"https:\/\/noticiasmercedinas.com\/site\/2019\/07\/10\/convocan-a-postulantes-a-tres-guardas-con-fines-de-adopcion\/","title":{"rendered":"Convocan a postulantes a tres guardas con fines de adopci\u00f3n"},"content":{"rendered":"<p><img loading=\"lazy\" decoding=\"async\" class=\"alignnone wp-image-23297 size-full\" src=\"https:\/\/noticiasmercedinas.com\/site\/wp-content\/uploads\/2019\/07\/adopcion_39125981329592214263.jpg\" width=\"710\" height=\"433\" srcset=\"https:\/\/noticiasmercedinas.com\/site\/wp-content\/uploads\/2019\/07\/adopcion_39125981329592214263.jpg 710w, https:\/\/noticiasmercedinas.com\/site\/wp-content\/uploads\/2019\/07\/adopcion_39125981329592214263-300x183.jpg 300w, https:\/\/noticiasmercedinas.com\/site\/wp-content\/uploads\/2019\/07\/adopcion_39125981329592214263-640x390.jpg 640w, https:\/\/noticiasmercedinas.com\/site\/wp-content\/uploads\/2019\/07\/adopcion_39125981329592214263-681x415.jpg 681w\" sizes=\"auto, (max-width: 710px) 100vw, 710px\" \/><\/p>\n<p>Desde el Juzgado de Familia N\u00ba 2 del Departamento Judicial de Mercedes, entre otras entidades, llaman a postulantes a tres guardas con fines de adopci\u00f3n, o a personas que requieran ofrecerse como referentes afectivos, tutores o figuras an\u00e1logas de cuidados para tres adolescentes.<\/p>\n<p>La Presidencia de la Suprema Corte autoriz\u00f3 la realizaci\u00f3n de una convocatoria p\u00fablica de postulantes a guarda con fines de adopci\u00f3n y\/o personas que quieran ofrecerse como referentes afectivos, tutores o figuras an\u00e1logas de cuidado para los adolescentes A.O., nacida el 9 de agosto de 2002, S.R.O., nacido el 11 de mayo de 2004 y T.L.O., nacida el 28 de diciembre del a\u00f1o 2005.<\/p>\n<p>Seg\u00fan informaron, A.O. tiene 16 a\u00f1os. Es la mayor de varios hermanos, de quienes ha tenido que hacerse cargo por ausencia de sus padres. Desea una familia o un referente afectivo que pueda ocupar el lugar de cuidado que necesita. Es una adolescente responsable, muy dulce, tranquila y es muy aplicada en sus estudios. Tambi\u00e9n le gusta cocinar, ha llevado a cabo cursos de reposter\u00eda y arte culinario. Le agradar\u00eda realizar gimnasia y es cuidadosa de su salud f\u00edsica.<\/p>\n<p>S.R.O. tiene 15 a\u00f1os y desea encontrar referentes afectivos que puedan brindarle cari\u00f1o y acompa\u00f1arlo en el desarrollo de sus potencialidades. Es curioso, le gusta el deporte en general y en especial el boxeo, tambi\u00e9n siente pasi\u00f3n por la mec\u00e1nica y tiene mucho inter\u00e9s en aprender a arreglar motocicletas.<\/p>\n<p>T.L.O. es una adolescente de 13 a\u00f1os, a quien las circunstancias dif\u00edciles que ha atravesado ha forjado en ella una capacidad notable de resiliencia, pudiendo superarlas con serenidad y fortaleza. Se trata de una joven que tiene expectativas de seguir estudiando, es buena alumna, cursando primer a\u00f1o de la escuela secundaria. Le gusta concurrir al gimnasio, se preocupa por su aspecto personal y comparte salidas con sus amigas.<\/p>\n<p>Quienes decidan asumir el compromiso de ofrecerles un entorno familiar de afecto y protecci\u00f3n deber\u00e1n enviar un formulario consignando la REF: 22978, al email regcentraladopcion@scba.gov.ar; o pueden comunicarse con el Juzgado de Familia N\u00ba 2 del Departamento Judicial de Mercedes, sito en la calle 23 N\u00ba 280 de la ciudad de Mercedes, a los tel\u00e9fonos 02324-434692, o al Registro Central de Aspirantes a Guarda con Fines de Adopci\u00f3n a los n\u00fameros 0221-410-4400, internos 42897\u201356300.<\/p>\n","protected":false},"excerpt":{"rendered":"<p>Desde el Juzgado de Familia N\u00ba 2 del Departamento Judicial de Mercedes, entre otras entidades, llaman a postulantes a tres guardas con fines de adopci\u00f3n, o a personas que requieran ofrecerse como referentes afectivos, tutores o figuras an\u00e1logas de cuidados para tres adolescentes. La Presidencia de la Suprema Corte autoriz\u00f3 la realizaci\u00f3n de una convocatoria [&hellip;]<\/p>\n","protected":false},"author":16,"featured_media":23297,"comment_status":"open","ping_status":"open","sticky":false,"template":"","format":"standard","meta":{"footnotes":""},"categories":[3],"tags":[3996,5680,5681],"class_list":["post-23296","post","type-post","status-publish","format-standard","has-post-thumbnail","hentry","category-sociedad","tag-adopcion","tag-guarda","tag-juzgado-de-familia"],"yoast_head":"<!-- This site is optimized with the Yoast SEO plugin v27.5 - https:\/\/yoast.com\/product\/yoast-seo-wordpress\/ -->\n<title>Convocan a postulantes a tres guardas con fines de adopci\u00f3n<\/title>\n<meta name=\"robots\" content=\"index, follow, max-snippet:-1, max-image-preview:large, max-video-preview:-1\" \/>\n<link rel=\"canonical\" href=\"https:\/\/noticiasmercedinas.com\/site\/2019\/07\/10\/convocan-a-postulantes-a-tres-guardas-con-fines-de-adopcion\/\" \/>\n<meta property=\"og:locale\" content=\"es_ES\" \/>\n<meta property=\"og:type\" content=\"article\" \/>\n<meta property=\"og:title\" content=\"Convocan a postulantes a tres guardas con fines de adopci\u00f3n\" \/>\n<meta property=\"og:description\" content=\"Desde el Juzgado de Familia N\u00ba 2 del Departamento Judicial de Mercedes, entre otras entidades, llaman a postulantes a tres guardas con fines de adopci\u00f3n, o a personas que requieran ofrecerse como referentes afectivos, tutores o figuras an\u00e1logas de cuidados para tres adolescentes. La Presidencia de la Suprema Corte autoriz\u00f3 la realizaci\u00f3n de una convocatoria [&hellip;]\" \/>\n<meta property=\"og:url\" content=\"https:\/\/noticiasmercedinas.com\/site\/2019\/07\/10\/convocan-a-postulantes-a-tres-guardas-con-fines-de-adopcion\/\" \/>\n<meta property=\"og:site_name\" content=\"NOTICIASMERCEDINAS.COM\" \/>\n<meta property=\"article:publisher\" content=\"https:\/\/www.facebook.com\/noticiasmercedinas\/\" \/>\n<meta property=\"article:published_time\" content=\"2019-07-10T23:24:42+00:00\" \/>\n<meta property=\"article:modified_time\" content=\"2019-07-10T23:28:52+00:00\" \/>\n<meta property=\"og:image\" content=\"https:\/\/noticiasmercedinas.com\/site\/wp-content\/uploads\/2019\/07\/adopcion_39125981329592214263.jpg\" \/>\n\t<meta property=\"og:image:width\" content=\"710\" \/>\n\t<meta property=\"og:image:height\" content=\"433\" \/>\n\t<meta property=\"og:image:type\" content=\"image\/jpeg\" \/>\n<meta name=\"author\" content=\"NOTICIASMERCEDINAS.COM\" \/>\n<meta name=\"twitter:card\" content=\"summary_large_image\" \/>\n<meta name=\"twitter:creator\" content=\"@notmercedinas\" \/>\n<meta name=\"twitter:site\" content=\"@notmercedinas\" \/>\n<meta name=\"twitter:label1\" content=\"Escrito por\" \/>\n\t<meta name=\"twitter:data1\" content=\"NOTICIASMERCEDINAS.COM\" \/>\n\t<meta name=\"twitter:label2\" content=\"Tiempo de lectura\" \/>\n\t<meta name=\"twitter:data2\" content=\"2 minutos\" \/>\n<script type=\"application\/ld+json\" class=\"yoast-schema-graph\">{\"@context\":\"https:\\\/\\\/schema.org\",\"@graph\":[{\"@type\":\"Article\",\"@id\":\"https:\\\/\\\/noticiasmercedinas.com\\\/site\\\/2019\\\/07\\\/10\\\/convocan-a-postulantes-a-tres-guardas-con-fines-de-adopcion\\\/#article\",\"isPartOf\":{\"@id\":\"https:\\\/\\\/noticiasmercedinas.com\\\/site\\\/2019\\\/07\\\/10\\\/convocan-a-postulantes-a-tres-guardas-con-fines-de-adopcion\\\/\"},\"author\":{\"name\":\"NOTICIASMERCEDINAS.COM\",\"@id\":\"https:\\\/\\\/noticiasmercedinas.com\\\/site\\\/#\\\/schema\\\/person\\\/84b59c099c28ff2e8b77d4ceec5d8063\"},\"headline\":\"Convocan a postulantes a tres guardas con fines de adopci\u00f3n\",\"datePublished\":\"2019-07-10T23:24:42+00:00\",\"dateModified\":\"2019-07-10T23:28:52+00:00\",\"mainEntityOfPage\":{\"@id\":\"https:\\\/\\\/noticiasmercedinas.com\\\/site\\\/2019\\\/07\\\/10\\\/convocan-a-postulantes-a-tres-guardas-con-fines-de-adopcion\\\/\"},\"wordCount\":416,\"commentCount\":0,\"publisher\":{\"@id\":\"https:\\\/\\\/noticiasmercedinas.com\\\/site\\\/#organization\"},\"image\":{\"@id\":\"https:\\\/\\\/noticiasmercedinas.com\\\/site\\\/2019\\\/07\\\/10\\\/convocan-a-postulantes-a-tres-guardas-con-fines-de-adopcion\\\/#primaryimage\"},\"thumbnailUrl\":\"https:\\\/\\\/noticiasmercedinas.com\\\/site\\\/wp-content\\\/uploads\\\/2019\\\/07\\\/adopcion_39125981329592214263.jpg\",\"keywords\":[\"adopcion\",\"guarda\",\"juzgado de familia\"],\"articleSection\":[\"Sociedad\"],\"inLanguage\":\"es\",\"potentialAction\":[{\"@type\":\"CommentAction\",\"name\":\"Comment\",\"target\":[\"https:\\\/\\\/noticiasmercedinas.com\\\/site\\\/2019\\\/07\\\/10\\\/convocan-a-postulantes-a-tres-guardas-con-fines-de-adopcion\\\/#respond\"]}]},{\"@type\":\"WebPage\",\"@id\":\"https:\\\/\\\/noticiasmercedinas.com\\\/site\\\/2019\\\/07\\\/10\\\/convocan-a-postulantes-a-tres-guardas-con-fines-de-adopcion\\\/\",\"url\":\"https:\\\/\\\/noticiasmercedinas.com\\\/site\\\/2019\\\/07\\\/10\\\/convocan-a-postulantes-a-tres-guardas-con-fines-de-adopcion\\\/\",\"name\":\"Convocan a postulantes a tres guardas con fines de adopci\u00f3n\",\"isPartOf\":{\"@id\":\"https:\\\/\\\/noticiasmercedinas.com\\\/site\\\/#website\"},\"primaryImageOfPage\":{\"@id\":\"https:\\\/\\\/noticiasmercedinas.com\\\/site\\\/2019\\\/07\\\/10\\\/convocan-a-postulantes-a-tres-guardas-con-fines-de-adopcion\\\/#primaryimage\"},\"image\":{\"@id\":\"https:\\\/\\\/noticiasmercedinas.com\\\/site\\\/2019\\\/07\\\/10\\\/convocan-a-postulantes-a-tres-guardas-con-fines-de-adopcion\\\/#primaryimage\"},\"thumbnailUrl\":\"https:\\\/\\\/noticiasmercedinas.com\\\/site\\\/wp-content\\\/uploads\\\/2019\\\/07\\\/adopcion_39125981329592214263.jpg\",\"datePublished\":\"2019-07-10T23:24:42+00:00\",\"dateModified\":\"2019-07-10T23:28:52+00:00\",\"breadcrumb\":{\"@id\":\"https:\\\/\\\/noticiasmercedinas.com\\\/site\\\/2019\\\/07\\\/10\\\/convocan-a-postulantes-a-tres-guardas-con-fines-de-adopcion\\\/#breadcrumb\"},\"inLanguage\":\"es\",\"potentialAction\":[{\"@type\":\"ReadAction\",\"target\":[\"https:\\\/\\\/noticiasmercedinas.com\\\/site\\\/2019\\\/07\\\/10\\\/convocan-a-postulantes-a-tres-guardas-con-fines-de-adopcion\\\/\"]}]},{\"@type\":\"ImageObject\",\"inLanguage\":\"es\",\"@id\":\"https:\\\/\\\/noticiasmercedinas.com\\\/site\\\/2019\\\/07\\\/10\\\/convocan-a-postulantes-a-tres-guardas-con-fines-de-adopcion\\\/#primaryimage\",\"url\":\"https:\\\/\\\/noticiasmercedinas.com\\\/site\\\/wp-content\\\/uploads\\\/2019\\\/07\\\/adopcion_39125981329592214263.jpg\",\"contentUrl\":\"https:\\\/\\\/noticiasmercedinas.com\\\/site\\\/wp-content\\\/uploads\\\/2019\\\/07\\\/adopcion_39125981329592214263.jpg\",\"width\":710,\"height\":433},{\"@type\":\"BreadcrumbList\",\"@id\":\"https:\\\/\\\/noticiasmercedinas.com\\\/site\\\/2019\\\/07\\\/10\\\/convocan-a-postulantes-a-tres-guardas-con-fines-de-adopcion\\\/#breadcrumb\",\"itemListElement\":[{\"@type\":\"ListItem\",\"position\":1,\"name\":\"Portada\",\"item\":\"https:\\\/\\\/noticiasmercedinas.com\\\/site\\\/\"},{\"@type\":\"ListItem\",\"position\":2,\"name\":\"Convocan a postulantes a tres guardas con fines de adopci\u00f3n\"}]},{\"@type\":\"WebSite\",\"@id\":\"https:\\\/\\\/noticiasmercedinas.com\\\/site\\\/#website\",\"url\":\"https:\\\/\\\/noticiasmercedinas.com\\\/site\\\/\",\"name\":\"NOTICIASMERCEDINAS.COM\",\"description\":\"Mercedes, Buenos Aires, Argentina\",\"publisher\":{\"@id\":\"https:\\\/\\\/noticiasmercedinas.com\\\/site\\\/#organization\"},\"potentialAction\":[{\"@type\":\"SearchAction\",\"target\":{\"@type\":\"EntryPoint\",\"urlTemplate\":\"https:\\\/\\\/noticiasmercedinas.com\\\/site\\\/?s={search_term_string}\"},\"query-input\":{\"@type\":\"PropertyValueSpecification\",\"valueRequired\":true,\"valueName\":\"search_term_string\"}}],\"inLanguage\":\"es\"},{\"@type\":\"Organization\",\"@id\":\"https:\\\/\\\/noticiasmercedinas.com\\\/site\\\/#organization\",\"name\":\"NOTICIASMERCEDINAS.COM\",\"url\":\"https:\\\/\\\/noticiasmercedinas.com\\\/site\\\/\",\"logo\":{\"@type\":\"ImageObject\",\"inLanguage\":\"es\",\"@id\":\"https:\\\/\\\/noticiasmercedinas.com\\\/site\\\/#\\\/schema\\\/logo\\\/image\\\/\",\"url\":\"https:\\\/\\\/noticiasmercedinas.com\\\/site\\\/wp-content\\\/uploads\\\/2020\\\/06\\\/LOGO-512.jpg\",\"contentUrl\":\"https:\\\/\\\/noticiasmercedinas.com\\\/site\\\/wp-content\\\/uploads\\\/2020\\\/06\\\/LOGO-512.jpg\",\"width\":512,\"height\":512,\"caption\":\"NOTICIASMERCEDINAS.COM\"},\"image\":{\"@id\":\"https:\\\/\\\/noticiasmercedinas.com\\\/site\\\/#\\\/schema\\\/logo\\\/image\\\/\"},\"sameAs\":[\"https:\\\/\\\/www.facebook.com\\\/noticiasmercedinas\\\/\",\"https:\\\/\\\/x.com\\\/notmercedinas\",\"https:\\\/\\\/www.instagram.com\\\/noticiasmercedinas\\\/\"]},{\"@type\":\"Person\",\"@id\":\"https:\\\/\\\/noticiasmercedinas.com\\\/site\\\/#\\\/schema\\\/person\\\/84b59c099c28ff2e8b77d4ceec5d8063\",\"name\":\"NOTICIASMERCEDINAS.COM\",\"image\":{\"@type\":\"ImageObject\",\"inLanguage\":\"es\",\"@id\":\"https:\\\/\\\/secure.gravatar.com\\\/avatar\\\/4dfbf16b4d17945bfb6341b2d19043457132fcf478a5ee04f42e959fd8f5df0a?s=96&d=mm&r=g\",\"url\":\"https:\\\/\\\/secure.gravatar.com\\\/avatar\\\/4dfbf16b4d17945bfb6341b2d19043457132fcf478a5ee04f42e959fd8f5df0a?s=96&d=mm&r=g\",\"contentUrl\":\"https:\\\/\\\/secure.gravatar.com\\\/avatar\\\/4dfbf16b4d17945bfb6341b2d19043457132fcf478a5ee04f42e959fd8f5df0a?s=96&d=mm&r=g\",\"caption\":\"NOTICIASMERCEDINAS.COM\"},\"url\":\"https:\\\/\\\/noticiasmercedinas.com\\\/site\\\/author\\\/anonimo\\\/\"}]}<\/script>\n<!-- \/ Yoast SEO plugin. -->","yoast_head_json":{"title":"Convocan a postulantes a tres guardas con fines de adopci\u00f3n","robots":{"index":"index","follow":"follow","max-snippet":"max-snippet:-1","max-image-preview":"max-image-preview:large","max-video-preview":"max-video-preview:-1"},"canonical":"https:\/\/noticiasmercedinas.com\/site\/2019\/07\/10\/convocan-a-postulantes-a-tres-guardas-con-fines-de-adopcion\/","og_locale":"es_ES","og_type":"article","og_title":"Convocan a postulantes a tres guardas con fines de adopci\u00f3n","og_description":"Desde el Juzgado de Familia N\u00ba 2 del Departamento Judicial de Mercedes, entre otras entidades, llaman a postulantes a tres guardas con fines de adopci\u00f3n, o a personas que requieran ofrecerse como referentes afectivos, tutores o figuras an\u00e1logas de cuidados para tres adolescentes. La Presidencia de la Suprema Corte autoriz\u00f3 la realizaci\u00f3n de una convocatoria [&hellip;]","og_url":"https:\/\/noticiasmercedinas.com\/site\/2019\/07\/10\/convocan-a-postulantes-a-tres-guardas-con-fines-de-adopcion\/","og_site_name":"NOTICIASMERCEDINAS.COM","article_publisher":"https:\/\/www.facebook.com\/noticiasmercedinas\/","article_published_time":"2019-07-10T23:24:42+00:00","article_modified_time":"2019-07-10T23:28:52+00:00","og_image":[{"width":710,"height":433,"url":"https:\/\/noticiasmercedinas.com\/site\/wp-content\/uploads\/2019\/07\/adopcion_39125981329592214263.jpg","type":"image\/jpeg"}],"author":"NOTICIASMERCEDINAS.COM","twitter_card":"summary_large_image","twitter_creator":"@notmercedinas","twitter_site":"@notmercedinas","twitter_misc":{"Escrito por":"NOTICIASMERCEDINAS.COM","Tiempo de lectura":"2 minutos"},"schema":{"@context":"https:\/\/schema.org","@graph":[{"@type":"Article","@id":"https:\/\/noticiasmercedinas.com\/site\/2019\/07\/10\/convocan-a-postulantes-a-tres-guardas-con-fines-de-adopcion\/#article","isPartOf":{"@id":"https:\/\/noticiasmercedinas.com\/site\/2019\/07\/10\/convocan-a-postulantes-a-tres-guardas-con-fines-de-adopcion\/"},"author":{"name":"NOTICIASMERCEDINAS.COM","@id":"https:\/\/noticiasmercedinas.com\/site\/#\/schema\/person\/84b59c099c28ff2e8b77d4ceec5d8063"},"headline":"Convocan a postulantes a tres guardas con fines de adopci\u00f3n","datePublished":"2019-07-10T23:24:42+00:00","dateModified":"2019-07-10T23:28:52+00:00","mainEntityOfPage":{"@id":"https:\/\/noticiasmercedinas.com\/site\/2019\/07\/10\/convocan-a-postulantes-a-tres-guardas-con-fines-de-adopcion\/"},"wordCount":416,"commentCount":0,"publisher":{"@id":"https:\/\/noticiasmercedinas.com\/site\/#organization"},"image":{"@id":"https:\/\/noticiasmercedinas.com\/site\/2019\/07\/10\/convocan-a-postulantes-a-tres-guardas-con-fines-de-adopcion\/#primaryimage"},"thumbnailUrl":"https:\/\/noticiasmercedinas.com\/site\/wp-content\/uploads\/2019\/07\/adopcion_39125981329592214263.jpg","keywords":["adopcion","guarda","juzgado de familia"],"articleSection":["Sociedad"],"inLanguage":"es","potentialAction":[{"@type":"CommentAction","name":"Comment","target":["https:\/\/noticiasmercedinas.com\/site\/2019\/07\/10\/convocan-a-postulantes-a-tres-guardas-con-fines-de-adopcion\/#respond"]}]},{"@type":"WebPage","@id":"https:\/\/noticiasmercedinas.com\/site\/2019\/07\/10\/convocan-a-postulantes-a-tres-guardas-con-fines-de-adopcion\/","url":"https:\/\/noticiasmercedinas.com\/site\/2019\/07\/10\/convocan-a-postulantes-a-tres-guardas-con-fines-de-adopcion\/","name":"Convocan a postulantes a tres guardas con fines de adopci\u00f3n","isPartOf":{"@id":"https:\/\/noticiasmercedinas.com\/site\/#website"},"primaryImageOfPage":{"@id":"https:\/\/noticiasmercedinas.com\/site\/2019\/07\/10\/convocan-a-postulantes-a-tres-guardas-con-fines-de-adopcion\/#primaryimage"},"image":{"@id":"https:\/\/noticiasmercedinas.com\/site\/2019\/07\/10\/convocan-a-postulantes-a-tres-guardas-con-fines-de-adopcion\/#primaryimage"},"thumbnailUrl":"https:\/\/noticiasmercedinas.com\/site\/wp-content\/uploads\/2019\/07\/adopcion_39125981329592214263.jpg","datePublished":"2019-07-10T23:24:42+00:00","dateModified":"2019-07-10T23:28:52+00:00","breadcrumb":{"@id":"https:\/\/noticiasmercedinas.com\/site\/2019\/07\/10\/convocan-a-postulantes-a-tres-guardas-con-fines-de-adopcion\/#breadcrumb"},"inLanguage":"es","potentialAction":[{"@type":"ReadAction","target":["https:\/\/noticiasmercedinas.com\/site\/2019\/07\/10\/convocan-a-postulantes-a-tres-guardas-con-fines-de-adopcion\/"]}]},{"@type":"ImageObject","inLanguage":"es","@id":"https:\/\/noticiasmercedinas.com\/site\/2019\/07\/10\/convocan-a-postulantes-a-tres-guardas-con-fines-de-adopcion\/#primaryimage","url":"https:\/\/noticiasmercedinas.com\/site\/wp-content\/uploads\/2019\/07\/adopcion_39125981329592214263.jpg","contentUrl":"https:\/\/noticiasmercedinas.com\/site\/wp-content\/uploads\/2019\/07\/adopcion_39125981329592214263.jpg","width":710,"height":433},{"@type":"BreadcrumbList","@id":"https:\/\/noticiasmercedinas.com\/site\/2019\/07\/10\/convocan-a-postulantes-a-tres-guardas-con-fines-de-adopcion\/#breadcrumb","itemListElement":[{"@type":"ListItem","position":1,"name":"Portada","item":"https:\/\/noticiasmercedinas.com\/site\/"},{"@type":"ListItem","position":2,"name":"Convocan a postulantes a tres guardas con fines de adopci\u00f3n"}]},{"@type":"WebSite","@id":"https:\/\/noticiasmercedinas.com\/site\/#website","url":"https:\/\/noticiasmercedinas.com\/site\/","name":"NOTICIASMERCEDINAS.COM","description":"Mercedes, Buenos Aires, Argentina","publisher":{"@id":"https:\/\/noticiasmercedinas.com\/site\/#organization"},"potentialAction":[{"@type":"SearchAction","target":{"@type":"EntryPoint","urlTemplate":"https:\/\/noticiasmercedinas.com\/site\/?s={search_term_string}"},"query-input":{"@type":"PropertyValueSpecification","valueRequired":true,"valueName":"search_term_string"}}],"inLanguage":"es"},{"@type":"Organization","@id":"https:\/\/noticiasmercedinas.com\/site\/#organization","name":"NOTICIASMERCEDINAS.COM","url":"https:\/\/noticiasmercedinas.com\/site\/","logo":{"@type":"ImageObject","inLanguage":"es","@id":"https:\/\/noticiasmercedinas.com\/site\/#\/schema\/logo\/image\/","url":"https:\/\/noticiasmercedinas.com\/site\/wp-content\/uploads\/2020\/06\/LOGO-512.jpg","contentUrl":"https:\/\/noticiasmercedinas.com\/site\/wp-content\/uploads\/2020\/06\/LOGO-512.jpg","width":512,"height":512,"caption":"NOTICIASMERCEDINAS.COM"},"image":{"@id":"https:\/\/noticiasmercedinas.com\/site\/#\/schema\/logo\/image\/"},"sameAs":["https:\/\/www.facebook.com\/noticiasmercedinas\/","https:\/\/x.com\/notmercedinas","https:\/\/www.instagram.com\/noticiasmercedinas\/"]},{"@type":"Person","@id":"https:\/\/noticiasmercedinas.com\/site\/#\/schema\/person\/84b59c099c28ff2e8b77d4ceec5d8063","name":"NOTICIASMERCEDINAS.COM","image":{"@type":"ImageObject","inLanguage":"es","@id":"https:\/\/secure.gravatar.com\/avatar\/4dfbf16b4d17945bfb6341b2d19043457132fcf478a5ee04f42e959fd8f5df0a?s=96&d=mm&r=g","url":"https:\/\/secure.gravatar.com\/avatar\/4dfbf16b4d17945bfb6341b2d19043457132fcf478a5ee04f42e959fd8f5df0a?s=96&d=mm&r=g","contentUrl":"https:\/\/secure.gravatar.com\/avatar\/4dfbf16b4d17945bfb6341b2d19043457132fcf478a5ee04f42e959fd8f5df0a?s=96&d=mm&r=g","caption":"NOTICIASMERCEDINAS.COM"},"url":"https:\/\/noticiasmercedinas.com\/site\/author\/anonimo\/"}]}},"amp_enabled":true,"_links":{"self":[{"href":"https:\/\/noticiasmercedinas.com\/site\/wp-json\/wp\/v2\/posts\/23296","targetHints":{"allow":["GET"]}}],"collection":[{"href":"https:\/\/noticiasmercedinas.com\/site\/wp-json\/wp\/v2\/posts"}],"about":[{"href":"https:\/\/noticiasmercedinas.com\/site\/wp-json\/wp\/v2\/types\/post"}],"author":[{"embeddable":true,"href":"https:\/\/noticiasmercedinas.com\/site\/wp-json\/wp\/v2\/users\/16"}],"replies":[{"embeddable":true,"href":"https:\/\/noticiasmercedinas.com\/site\/wp-json\/wp\/v2\/comments?post=23296"}],"version-history":[{"count":2,"href":"https:\/\/noticiasmercedinas.com\/site\/wp-json\/wp\/v2\/posts\/23296\/revisions"}],"predecessor-version":[{"id":23299,"href":"https:\/\/noticiasmercedinas.com\/site\/wp-json\/wp\/v2\/posts\/23296\/revisions\/23299"}],"wp:featuredmedia":[{"embeddable":true,"href":"https:\/\/noticiasmercedinas.com\/site\/wp-json\/wp\/v2\/media\/23297"}],"wp:attachment":[{"href":"https:\/\/noticiasmercedinas.com\/site\/wp-json\/wp\/v2\/media?parent=23296"}],"wp:term":[{"taxonomy":"category","embeddable":true,"href":"https:\/\/noticiasmercedinas.com\/site\/wp-json\/wp\/v2\/categories?post=23296"},{"taxonomy":"post_tag","embeddable":true,"href":"https:\/\/noticiasmercedinas.com\/site\/wp-json\/wp\/v2\/tags?post=23296"}],"curies":[{"name":"wp","href":"https:\/\/api.w.org\/{rel}","templated":true}]}}