{"id":23532,"date":"2019-07-14T22:26:47","date_gmt":"2019-07-15T01:26:47","guid":{"rendered":"https:\/\/noticiasmercedinas.com\/site\/?p=23532"},"modified":"2019-07-14T22:27:26","modified_gmt":"2019-07-15T01:27:26","slug":"cientos-de-vecinos-fueron-parte-de-inauguracion-de-las-obras-en-plaza-belgrano","status":"publish","type":"post","link":"https:\/\/noticiasmercedinas.com\/site\/2019\/07\/14\/cientos-de-vecinos-fueron-parte-de-inauguracion-de-las-obras-en-plaza-belgrano\/","title":{"rendered":"Cientos de vecinos fueron parte de inauguraci\u00f3n de las obras en plaza Belgrano"},"content":{"rendered":"\r\n                <style type=\"text\/css\">\r\n                    \r\n                    #td_uid_1_69f480da0d2a9  .td-doubleSlider-2 .td-item1 {\r\n                        background: url(https:\/\/noticiasmercedinas.com\/site\/wp-content\/uploads\/2019\/07\/1-160x120.jpeg) 0 0 no-repeat;\r\n                    }\r\n                    #td_uid_1_69f480da0d2a9  .td-doubleSlider-2 .td-item2 {\r\n                        background: url(https:\/\/noticiasmercedinas.com\/site\/wp-content\/uploads\/2019\/07\/4-160x120.jpeg) 0 0 no-repeat;\r\n                    }\r\n                    #td_uid_1_69f480da0d2a9  .td-doubleSlider-2 .td-item3 {\r\n                        background: url(https:\/\/noticiasmercedinas.com\/site\/wp-content\/uploads\/2019\/07\/8-160x120.jpeg) 0 0 no-repeat;\r\n                    }\r\n                    #td_uid_1_69f480da0d2a9  .td-doubleSlider-2 .td-item4 {\r\n                        background: url(https:\/\/noticiasmercedinas.com\/site\/wp-content\/uploads\/2019\/07\/Plaza-BelgranoDJI_0012-160x120.jpg) 0 0 no-repeat;\r\n                    }\r\n                    #td_uid_1_69f480da0d2a9  .td-doubleSlider-2 .td-item5 {\r\n                        background: url(https:\/\/noticiasmercedinas.com\/site\/wp-content\/uploads\/2019\/07\/Plaza-BelgranoDSC_0009-160x120.jpg) 0 0 no-repeat;\r\n                    }\r\n                    #td_uid_1_69f480da0d2a9  .td-doubleSlider-2 .td-item6 {\r\n                        background: url(https:\/\/noticiasmercedinas.com\/site\/wp-content\/uploads\/2019\/07\/Plaza-BelgranoDSC_0024-160x120.jpg) 0 0 no-repeat;\r\n                    }\r\n                    #td_uid_1_69f480da0d2a9  .td-doubleSlider-2 .td-item7 {\r\n                        background: url(https:\/\/noticiasmercedinas.com\/site\/wp-content\/uploads\/2019\/07\/Plaza-BelgranoDSC_0094-160x120.jpg) 0 0 no-repeat;\r\n                    }\r\n                    #td_uid_1_69f480da0d2a9  .td-doubleSlider-2 .td-item8 {\r\n                        background: url(https:\/\/noticiasmercedinas.com\/site\/wp-content\/uploads\/2019\/07\/Plaza-BelgranoDSC_0129-160x120.jpg) 0 0 no-repeat;\r\n                    }\r\n                    #td_uid_1_69f480da0d2a9  .td-doubleSlider-2 .td-item9 {\r\n                        background: url(https:\/\/noticiasmercedinas.com\/site\/wp-content\/uploads\/2019\/07\/Plaza-BelgranoDSC_0170-160x120.jpg) 0 0 no-repeat;\r\n                    }\r\n                    #td_uid_1_69f480da0d2a9  .td-doubleSlider-2 .td-item10 {\r\n                        background: url(https:\/\/noticiasmercedinas.com\/site\/wp-content\/uploads\/2019\/07\/Plaza-BelgranoDSC_0172-160x120.jpg) 0 0 no-repeat;\r\n                    }\r\n                    #td_uid_1_69f480da0d2a9  .td-doubleSlider-2 .td-item11 {\r\n                        background: url(https:\/\/noticiasmercedinas.com\/site\/wp-content\/uploads\/2019\/07\/Plaza-BelgranoDSC03047-160x120.jpg) 0 0 no-repeat;\r\n                    }\r\n                    #td_uid_1_69f480da0d2a9  .td-doubleSlider-2 .td-item12 {\r\n                        background: url(https:\/\/noticiasmercedinas.com\/site\/wp-content\/uploads\/2019\/07\/Plaza-BelgranoDSC03344-160x120.jpg) 0 0 no-repeat;\r\n                    }\r\n                    #td_uid_1_69f480da0d2a9  .td-doubleSlider-2 .td-item13 {\r\n                        background: url(https:\/\/noticiasmercedinas.com\/site\/wp-content\/uploads\/2019\/07\/Plaza-BelgranoDSC03353-160x120.jpg) 0 0 no-repeat;\r\n                    }\r\n                <\/style>\r\n\r\n                <div id=\"td_uid_1_69f480da0d2a9\" class=\"td-gallery td-slide-on-2-columns\">\r\n                    <div class=\"post_td_gallery\">\r\n                        <div class=\"td-gallery-slide-top\">\r\n                           <div class=\"td-gallery-title\"><\/div>\r\n\r\n                            <div class=\"td-gallery-controls-wrapper\">\r\n                                <div class=\"td-gallery-slide-count\"><span class=\"td-gallery-slide-item-focus\">1<\/span> de 13<\/div>\r\n                                <div class=\"td-gallery-slide-prev-next-but\">\r\n                                    <i class = \"td-icon-left doubleSliderPrevButton\"><\/i>\r\n                                    <i class = \"td-icon-right doubleSliderNextButton\"><\/i>\r\n                                <\/div>\r\n                            <\/div>\r\n                        <\/div>\r\n\r\n                        <div class = \"td-doubleSlider-1 \">\r\n                            <div class = \"td-slider\">\r\n                                \r\n                    <div class = \"td-slide-item td-item1\">\r\n                        <figure class=\"td-slide-galery-figure td-slide-popup-gallery\">\r\n                            <a class=\"slide-gallery-image-link\" href=\"https:\/\/noticiasmercedinas.com\/site\/wp-content\/uploads\/2019\/07\/1.jpeg\" title=\"1\"  data-caption=\"\"  data-description=\"\">\r\n                                <img decoding=\"async\" src=\"https:\/\/noticiasmercedinas.com\/site\/wp-content\/uploads\/2019\/07\/1.jpeg\" srcset=\"https:\/\/noticiasmercedinas.com\/site\/wp-content\/uploads\/2019\/07\/1.jpeg 1280w, https:\/\/noticiasmercedinas.com\/site\/wp-content\/uploads\/2019\/07\/1-300x200.jpeg 300w, https:\/\/noticiasmercedinas.com\/site\/wp-content\/uploads\/2019\/07\/1-768x512.jpeg 768w, https:\/\/noticiasmercedinas.com\/site\/wp-content\/uploads\/2019\/07\/1-1024x683.jpeg 1024w, https:\/\/noticiasmercedinas.com\/site\/wp-content\/uploads\/2019\/07\/1-640x427.jpeg 640w, https:\/\/noticiasmercedinas.com\/site\/wp-content\/uploads\/2019\/07\/1-681x454.jpeg 681w\" sizes=\"(max-width: 1280px) 100vw, 1280px\" alt=\"\">\r\n                            <\/a>\r\n                            \r\n                        <\/figure>\r\n                    <\/div>\r\n                    <div class = \"td-slide-item td-item2\">\r\n                        <figure class=\"td-slide-galery-figure td-slide-popup-gallery\">\r\n                            <a class=\"slide-gallery-image-link\" href=\"https:\/\/noticiasmercedinas.com\/site\/wp-content\/uploads\/2019\/07\/4.jpeg\" title=\"4\"  data-caption=\"\"  data-description=\"\">\r\n                                <img decoding=\"async\" src=\"https:\/\/noticiasmercedinas.com\/site\/wp-content\/uploads\/2019\/07\/4.jpeg\" srcset=\"https:\/\/noticiasmercedinas.com\/site\/wp-content\/uploads\/2019\/07\/4.jpeg 1280w, https:\/\/noticiasmercedinas.com\/site\/wp-content\/uploads\/2019\/07\/4-300x200.jpeg 300w, https:\/\/noticiasmercedinas.com\/site\/wp-content\/uploads\/2019\/07\/4-768x512.jpeg 768w, https:\/\/noticiasmercedinas.com\/site\/wp-content\/uploads\/2019\/07\/4-1024x683.jpeg 1024w, https:\/\/noticiasmercedinas.com\/site\/wp-content\/uploads\/2019\/07\/4-640x427.jpeg 640w, https:\/\/noticiasmercedinas.com\/site\/wp-content\/uploads\/2019\/07\/4-681x454.jpeg 681w\" sizes=\"(max-width: 1280px) 100vw, 1280px\" alt=\"\">\r\n                            <\/a>\r\n                            \r\n                        <\/figure>\r\n                    <\/div>\r\n                    <div class = \"td-slide-item td-item3\">\r\n                        <figure class=\"td-slide-galery-figure td-slide-popup-gallery\">\r\n                            <a class=\"slide-gallery-image-link\" href=\"https:\/\/noticiasmercedinas.com\/site\/wp-content\/uploads\/2019\/07\/8.jpeg\" title=\"8\"  data-caption=\"\"  data-description=\"\">\r\n                                <img decoding=\"async\" src=\"https:\/\/noticiasmercedinas.com\/site\/wp-content\/uploads\/2019\/07\/8.jpeg\" srcset=\"https:\/\/noticiasmercedinas.com\/site\/wp-content\/uploads\/2019\/07\/8.jpeg 1280w, https:\/\/noticiasmercedinas.com\/site\/wp-content\/uploads\/2019\/07\/8-300x169.jpeg 300w, https:\/\/noticiasmercedinas.com\/site\/wp-content\/uploads\/2019\/07\/8-768x432.jpeg 768w, https:\/\/noticiasmercedinas.com\/site\/wp-content\/uploads\/2019\/07\/8-1024x576.jpeg 1024w, https:\/\/noticiasmercedinas.com\/site\/wp-content\/uploads\/2019\/07\/8-640x360.jpeg 640w, https:\/\/noticiasmercedinas.com\/site\/wp-content\/uploads\/2019\/07\/8-681x383.jpeg 681w\" sizes=\"(max-width: 1280px) 100vw, 1280px\" alt=\"\">\r\n                            <\/a>\r\n                            \r\n                        <\/figure>\r\n                    <\/div>\r\n                    <div class = \"td-slide-item td-item4\">\r\n                        <figure class=\"td-slide-galery-figure td-slide-popup-gallery\">\r\n                            <a class=\"slide-gallery-image-link\" href=\"https:\/\/noticiasmercedinas.com\/site\/wp-content\/uploads\/2019\/07\/Plaza-BelgranoDJI_0012.jpg\" title=\"Plaza BelgranoDJI_0012\"  data-caption=\"\"  data-description=\"\">\r\n                                <img decoding=\"async\" src=\"https:\/\/noticiasmercedinas.com\/site\/wp-content\/uploads\/2019\/07\/Plaza-BelgranoDJI_0012.jpg\" srcset=\"https:\/\/noticiasmercedinas.com\/site\/wp-content\/uploads\/2019\/07\/Plaza-BelgranoDJI_0012.jpg 1200w, https:\/\/noticiasmercedinas.com\/site\/wp-content\/uploads\/2019\/07\/Plaza-BelgranoDJI_0012-300x169.jpg 300w, https:\/\/noticiasmercedinas.com\/site\/wp-content\/uploads\/2019\/07\/Plaza-BelgranoDJI_0012-768x432.jpg 768w, https:\/\/noticiasmercedinas.com\/site\/wp-content\/uploads\/2019\/07\/Plaza-BelgranoDJI_0012-1024x576.jpg 1024w, https:\/\/noticiasmercedinas.com\/site\/wp-content\/uploads\/2019\/07\/Plaza-BelgranoDJI_0012-640x360.jpg 640w, https:\/\/noticiasmercedinas.com\/site\/wp-content\/uploads\/2019\/07\/Plaza-BelgranoDJI_0012-681x383.jpg 681w\" sizes=\"(max-width: 1200px) 100vw, 1200px\" alt=\"\">\r\n                            <\/a>\r\n                            \r\n                        <\/figure>\r\n                    <\/div>\r\n                    <div class = \"td-slide-item td-item5\">\r\n                        <figure class=\"td-slide-galery-figure td-slide-popup-gallery\">\r\n                            <a class=\"slide-gallery-image-link\" href=\"https:\/\/noticiasmercedinas.com\/site\/wp-content\/uploads\/2019\/07\/Plaza-BelgranoDSC_0009.jpg\" title=\"Plaza BelgranoDSC_0009\"  data-caption=\"\"  data-description=\"\">\r\n                                <img decoding=\"async\" src=\"https:\/\/noticiasmercedinas.com\/site\/wp-content\/uploads\/2019\/07\/Plaza-BelgranoDSC_0009.jpg\" srcset=\"https:\/\/noticiasmercedinas.com\/site\/wp-content\/uploads\/2019\/07\/Plaza-BelgranoDSC_0009.jpg 1200w, https:\/\/noticiasmercedinas.com\/site\/wp-content\/uploads\/2019\/07\/Plaza-BelgranoDSC_0009-300x200.jpg 300w, https:\/\/noticiasmercedinas.com\/site\/wp-content\/uploads\/2019\/07\/Plaza-BelgranoDSC_0009-768x513.jpg 768w, https:\/\/noticiasmercedinas.com\/site\/wp-content\/uploads\/2019\/07\/Plaza-BelgranoDSC_0009-1024x684.jpg 1024w, https:\/\/noticiasmercedinas.com\/site\/wp-content\/uploads\/2019\/07\/Plaza-BelgranoDSC_0009-640x427.jpg 640w, https:\/\/noticiasmercedinas.com\/site\/wp-content\/uploads\/2019\/07\/Plaza-BelgranoDSC_0009-681x455.jpg 681w\" sizes=\"(max-width: 1200px) 100vw, 1200px\" alt=\"\">\r\n                            <\/a>\r\n                            \r\n                        <\/figure>\r\n                    <\/div>\r\n                    <div class = \"td-slide-item td-item6\">\r\n                        <figure class=\"td-slide-galery-figure td-slide-popup-gallery\">\r\n                            <a class=\"slide-gallery-image-link\" href=\"https:\/\/noticiasmercedinas.com\/site\/wp-content\/uploads\/2019\/07\/Plaza-BelgranoDSC_0024.jpg\" title=\"Plaza BelgranoDSC_0024\"  data-caption=\"\"  data-description=\"\">\r\n                                <img decoding=\"async\" src=\"https:\/\/noticiasmercedinas.com\/site\/wp-content\/uploads\/2019\/07\/Plaza-BelgranoDSC_0024.jpg\" srcset=\"https:\/\/noticiasmercedinas.com\/site\/wp-content\/uploads\/2019\/07\/Plaza-BelgranoDSC_0024.jpg 1200w, https:\/\/noticiasmercedinas.com\/site\/wp-content\/uploads\/2019\/07\/Plaza-BelgranoDSC_0024-300x200.jpg 300w, https:\/\/noticiasmercedinas.com\/site\/wp-content\/uploads\/2019\/07\/Plaza-BelgranoDSC_0024-768x513.jpg 768w, https:\/\/noticiasmercedinas.com\/site\/wp-content\/uploads\/2019\/07\/Plaza-BelgranoDSC_0024-1024x684.jpg 1024w, https:\/\/noticiasmercedinas.com\/site\/wp-content\/uploads\/2019\/07\/Plaza-BelgranoDSC_0024-640x427.jpg 640w, https:\/\/noticiasmercedinas.com\/site\/wp-content\/uploads\/2019\/07\/Plaza-BelgranoDSC_0024-681x455.jpg 681w\" sizes=\"(max-width: 1200px) 100vw, 1200px\" alt=\"\">\r\n                            <\/a>\r\n                            \r\n                        <\/figure>\r\n                    <\/div>\r\n                    <div class = \"td-slide-item td-item7\">\r\n                        <figure class=\"td-slide-galery-figure td-slide-popup-gallery\">\r\n                            <a class=\"slide-gallery-image-link\" href=\"https:\/\/noticiasmercedinas.com\/site\/wp-content\/uploads\/2019\/07\/Plaza-BelgranoDSC_0094.jpg\" title=\"Plaza BelgranoDSC_0094\"  data-caption=\"\"  data-description=\"\">\r\n                                <img decoding=\"async\" src=\"https:\/\/noticiasmercedinas.com\/site\/wp-content\/uploads\/2019\/07\/Plaza-BelgranoDSC_0094.jpg\" srcset=\"https:\/\/noticiasmercedinas.com\/site\/wp-content\/uploads\/2019\/07\/Plaza-BelgranoDSC_0094.jpg 1200w, https:\/\/noticiasmercedinas.com\/site\/wp-content\/uploads\/2019\/07\/Plaza-BelgranoDSC_0094-300x200.jpg 300w, https:\/\/noticiasmercedinas.com\/site\/wp-content\/uploads\/2019\/07\/Plaza-BelgranoDSC_0094-768x513.jpg 768w, https:\/\/noticiasmercedinas.com\/site\/wp-content\/uploads\/2019\/07\/Plaza-BelgranoDSC_0094-1024x684.jpg 1024w, https:\/\/noticiasmercedinas.com\/site\/wp-content\/uploads\/2019\/07\/Plaza-BelgranoDSC_0094-640x427.jpg 640w, https:\/\/noticiasmercedinas.com\/site\/wp-content\/uploads\/2019\/07\/Plaza-BelgranoDSC_0094-681x455.jpg 681w\" sizes=\"(max-width: 1200px) 100vw, 1200px\" alt=\"\">\r\n                            <\/a>\r\n                            \r\n                        <\/figure>\r\n                    <\/div>\r\n                    <div class = \"td-slide-item td-item8\">\r\n                        <figure class=\"td-slide-galery-figure td-slide-popup-gallery\">\r\n                            <a class=\"slide-gallery-image-link\" href=\"https:\/\/noticiasmercedinas.com\/site\/wp-content\/uploads\/2019\/07\/Plaza-BelgranoDSC_0129.jpg\" title=\"Plaza BelgranoDSC_0129\"  data-caption=\"\"  data-description=\"\">\r\n                                <img decoding=\"async\" src=\"https:\/\/noticiasmercedinas.com\/site\/wp-content\/uploads\/2019\/07\/Plaza-BelgranoDSC_0129.jpg\" srcset=\"https:\/\/noticiasmercedinas.com\/site\/wp-content\/uploads\/2019\/07\/Plaza-BelgranoDSC_0129.jpg 1200w, https:\/\/noticiasmercedinas.com\/site\/wp-content\/uploads\/2019\/07\/Plaza-BelgranoDSC_0129-300x200.jpg 300w, https:\/\/noticiasmercedinas.com\/site\/wp-content\/uploads\/2019\/07\/Plaza-BelgranoDSC_0129-768x513.jpg 768w, https:\/\/noticiasmercedinas.com\/site\/wp-content\/uploads\/2019\/07\/Plaza-BelgranoDSC_0129-1024x684.jpg 1024w, https:\/\/noticiasmercedinas.com\/site\/wp-content\/uploads\/2019\/07\/Plaza-BelgranoDSC_0129-640x427.jpg 640w, https:\/\/noticiasmercedinas.com\/site\/wp-content\/uploads\/2019\/07\/Plaza-BelgranoDSC_0129-681x455.jpg 681w\" sizes=\"(max-width: 1200px) 100vw, 1200px\" alt=\"\">\r\n                            <\/a>\r\n                            \r\n                        <\/figure>\r\n                    <\/div>\r\n                    <div class = \"td-slide-item td-item9\">\r\n                        <figure class=\"td-slide-galery-figure td-slide-popup-gallery\">\r\n                            <a class=\"slide-gallery-image-link\" href=\"https:\/\/noticiasmercedinas.com\/site\/wp-content\/uploads\/2019\/07\/Plaza-BelgranoDSC_0170.jpg\" title=\"Plaza BelgranoDSC_0170\"  data-caption=\"\"  data-description=\"\">\r\n                                <img decoding=\"async\" src=\"https:\/\/noticiasmercedinas.com\/site\/wp-content\/uploads\/2019\/07\/Plaza-BelgranoDSC_0170.jpg\" srcset=\"https:\/\/noticiasmercedinas.com\/site\/wp-content\/uploads\/2019\/07\/Plaza-BelgranoDSC_0170.jpg 1200w, https:\/\/noticiasmercedinas.com\/site\/wp-content\/uploads\/2019\/07\/Plaza-BelgranoDSC_0170-300x200.jpg 300w, https:\/\/noticiasmercedinas.com\/site\/wp-content\/uploads\/2019\/07\/Plaza-BelgranoDSC_0170-768x513.jpg 768w, https:\/\/noticiasmercedinas.com\/site\/wp-content\/uploads\/2019\/07\/Plaza-BelgranoDSC_0170-1024x684.jpg 1024w, https:\/\/noticiasmercedinas.com\/site\/wp-content\/uploads\/2019\/07\/Plaza-BelgranoDSC_0170-640x427.jpg 640w, https:\/\/noticiasmercedinas.com\/site\/wp-content\/uploads\/2019\/07\/Plaza-BelgranoDSC_0170-681x455.jpg 681w\" sizes=\"(max-width: 1200px) 100vw, 1200px\" alt=\"\">\r\n                            <\/a>\r\n                            \r\n                        <\/figure>\r\n                    <\/div>\r\n                    <div class = \"td-slide-item td-item10\">\r\n                        <figure class=\"td-slide-galery-figure td-slide-popup-gallery\">\r\n                            <a class=\"slide-gallery-image-link\" href=\"https:\/\/noticiasmercedinas.com\/site\/wp-content\/uploads\/2019\/07\/Plaza-BelgranoDSC_0172.jpg\" title=\"Plaza BelgranoDSC_0172\"  data-caption=\"\"  data-description=\"\">\r\n                                <img decoding=\"async\" src=\"https:\/\/noticiasmercedinas.com\/site\/wp-content\/uploads\/2019\/07\/Plaza-BelgranoDSC_0172.jpg\" srcset=\"https:\/\/noticiasmercedinas.com\/site\/wp-content\/uploads\/2019\/07\/Plaza-BelgranoDSC_0172.jpg 1200w, https:\/\/noticiasmercedinas.com\/site\/wp-content\/uploads\/2019\/07\/Plaza-BelgranoDSC_0172-300x200.jpg 300w, https:\/\/noticiasmercedinas.com\/site\/wp-content\/uploads\/2019\/07\/Plaza-BelgranoDSC_0172-768x513.jpg 768w, https:\/\/noticiasmercedinas.com\/site\/wp-content\/uploads\/2019\/07\/Plaza-BelgranoDSC_0172-1024x684.jpg 1024w, https:\/\/noticiasmercedinas.com\/site\/wp-content\/uploads\/2019\/07\/Plaza-BelgranoDSC_0172-640x427.jpg 640w, https:\/\/noticiasmercedinas.com\/site\/wp-content\/uploads\/2019\/07\/Plaza-BelgranoDSC_0172-681x455.jpg 681w\" sizes=\"(max-width: 1200px) 100vw, 1200px\" alt=\"\">\r\n                            <\/a>\r\n                            \r\n                        <\/figure>\r\n                    <\/div>\r\n                    <div class = \"td-slide-item td-item11\">\r\n                        <figure class=\"td-slide-galery-figure td-slide-popup-gallery\">\r\n                            <a class=\"slide-gallery-image-link\" href=\"https:\/\/noticiasmercedinas.com\/site\/wp-content\/uploads\/2019\/07\/Plaza-BelgranoDSC03047.jpg\" title=\"Plaza BelgranoDSC03047\"  data-caption=\"\"  data-description=\"\">\r\n                                <img decoding=\"async\" src=\"https:\/\/noticiasmercedinas.com\/site\/wp-content\/uploads\/2019\/07\/Plaza-BelgranoDSC03047.jpg\" srcset=\"https:\/\/noticiasmercedinas.com\/site\/wp-content\/uploads\/2019\/07\/Plaza-BelgranoDSC03047.jpg 1200w, https:\/\/noticiasmercedinas.com\/site\/wp-content\/uploads\/2019\/07\/Plaza-BelgranoDSC03047-300x169.jpg 300w, https:\/\/noticiasmercedinas.com\/site\/wp-content\/uploads\/2019\/07\/Plaza-BelgranoDSC03047-768x432.jpg 768w, https:\/\/noticiasmercedinas.com\/site\/wp-content\/uploads\/2019\/07\/Plaza-BelgranoDSC03047-1024x576.jpg 1024w, https:\/\/noticiasmercedinas.com\/site\/wp-content\/uploads\/2019\/07\/Plaza-BelgranoDSC03047-640x360.jpg 640w, https:\/\/noticiasmercedinas.com\/site\/wp-content\/uploads\/2019\/07\/Plaza-BelgranoDSC03047-681x383.jpg 681w\" sizes=\"(max-width: 1200px) 100vw, 1200px\" alt=\"\">\r\n                            <\/a>\r\n                            \r\n                        <\/figure>\r\n                    <\/div>\r\n                    <div class = \"td-slide-item td-item12\">\r\n                        <figure class=\"td-slide-galery-figure td-slide-popup-gallery\">\r\n                            <a class=\"slide-gallery-image-link\" href=\"https:\/\/noticiasmercedinas.com\/site\/wp-content\/uploads\/2019\/07\/Plaza-BelgranoDSC03344.jpg\" title=\"Plaza BelgranoDSC03344\"  data-caption=\"\"  data-description=\"\">\r\n                                <img decoding=\"async\" src=\"https:\/\/noticiasmercedinas.com\/site\/wp-content\/uploads\/2019\/07\/Plaza-BelgranoDSC03344.jpg\" srcset=\"https:\/\/noticiasmercedinas.com\/site\/wp-content\/uploads\/2019\/07\/Plaza-BelgranoDSC03344.jpg 1200w, https:\/\/noticiasmercedinas.com\/site\/wp-content\/uploads\/2019\/07\/Plaza-BelgranoDSC03344-300x178.jpg 300w, https:\/\/noticiasmercedinas.com\/site\/wp-content\/uploads\/2019\/07\/Plaza-BelgranoDSC03344-768x454.jpg 768w, https:\/\/noticiasmercedinas.com\/site\/wp-content\/uploads\/2019\/07\/Plaza-BelgranoDSC03344-1024x606.jpg 1024w, https:\/\/noticiasmercedinas.com\/site\/wp-content\/uploads\/2019\/07\/Plaza-BelgranoDSC03344-640x379.jpg 640w, https:\/\/noticiasmercedinas.com\/site\/wp-content\/uploads\/2019\/07\/Plaza-BelgranoDSC03344-681x403.jpg 681w\" sizes=\"(max-width: 1200px) 100vw, 1200px\" alt=\"\">\r\n                            <\/a>\r\n                            \r\n                        <\/figure>\r\n                    <\/div>\r\n                    <div class = \"td-slide-item td-item13\">\r\n                        <figure class=\"td-slide-galery-figure td-slide-popup-gallery\">\r\n                            <a class=\"slide-gallery-image-link\" href=\"https:\/\/noticiasmercedinas.com\/site\/wp-content\/uploads\/2019\/07\/Plaza-BelgranoDSC03353.jpg\" title=\"Plaza BelgranoDSC03353\"  data-caption=\"\"  data-description=\"\">\r\n                                <img decoding=\"async\" src=\"https:\/\/noticiasmercedinas.com\/site\/wp-content\/uploads\/2019\/07\/Plaza-BelgranoDSC03353.jpg\" srcset=\"https:\/\/noticiasmercedinas.com\/site\/wp-content\/uploads\/2019\/07\/Plaza-BelgranoDSC03353.jpg 1200w, https:\/\/noticiasmercedinas.com\/site\/wp-content\/uploads\/2019\/07\/Plaza-BelgranoDSC03353-300x169.jpg 300w, https:\/\/noticiasmercedinas.com\/site\/wp-content\/uploads\/2019\/07\/Plaza-BelgranoDSC03353-768x432.jpg 768w, https:\/\/noticiasmercedinas.com\/site\/wp-content\/uploads\/2019\/07\/Plaza-BelgranoDSC03353-1024x576.jpg 1024w, https:\/\/noticiasmercedinas.com\/site\/wp-content\/uploads\/2019\/07\/Plaza-BelgranoDSC03353-640x360.jpg 640w, https:\/\/noticiasmercedinas.com\/site\/wp-content\/uploads\/2019\/07\/Plaza-BelgranoDSC03353-681x383.jpg 681w\" sizes=\"(max-width: 1200px) 100vw, 1200px\" alt=\"\">\r\n                            <\/a>\r\n                            \r\n                        <\/figure>\r\n                    <\/div>\r\n                            <\/div>\r\n                        <\/div>\r\n\r\n                        <div class = \"td-doubleSlider-2\">\r\n                            <div class = \"td-slider\">\r\n                                \r\n                    <div class = \"td-button td-item1\">\r\n                        <div class = \"td-border\"><\/div>\r\n                    <\/div>\r\n                    <div class = \"td-button td-item2\">\r\n                        <div class = \"td-border\"><\/div>\r\n                    <\/div>\r\n                    <div class = \"td-button td-item3\">\r\n                        <div class = \"td-border\"><\/div>\r\n                    <\/div>\r\n                    <div class = \"td-button td-item4\">\r\n                        <div class = \"td-border\"><\/div>\r\n                    <\/div>\r\n                    <div class = \"td-button td-item5\">\r\n                        <div class = \"td-border\"><\/div>\r\n                    <\/div>\r\n                    <div class = \"td-button td-item6\">\r\n                        <div class = \"td-border\"><\/div>\r\n                    <\/div>\r\n                    <div class = \"td-button td-item7\">\r\n                        <div class = \"td-border\"><\/div>\r\n                    <\/div>\r\n                    <div class = \"td-button td-item8\">\r\n                        <div class = \"td-border\"><\/div>\r\n                    <\/div>\r\n                    <div class = \"td-button td-item9\">\r\n                        <div class = \"td-border\"><\/div>\r\n                    <\/div>\r\n                    <div class = \"td-button td-item10\">\r\n                        <div class = \"td-border\"><\/div>\r\n                    <\/div>\r\n                    <div class = \"td-button td-item11\">\r\n                        <div class = \"td-border\"><\/div>\r\n                    <\/div>\r\n                    <div class = \"td-button td-item12\">\r\n                        <div class = \"td-border\"><\/div>\r\n                    <\/div>\r\n                    <div class = \"td-button td-item13\">\r\n                        <div class = \"td-border\"><\/div>\r\n                    <\/div>\r\n                            <\/div>\r\n                        <\/div>\r\n\r\n                    <\/div>\r\n\r\n                <\/div>\r\n                \n<p>Con una gran fiesta y cientos de vecinos presentes se llev\u00f3 a cabo la inauguraci\u00f3n de la obra de puesta en valor de la Plaza Belgrano. Hubo m\u00fasica, payasos, juegos, kermesse, inflables y la alegr\u00eda de seguir mejorando el espacio compartido. \u201cEs una gran alegr\u00eda inaugurar esta obra. Es inclusiva, para las familias\u201d, afirm\u00f3 el intendente <strong>Juan Ignacio Ustarroz<\/strong>.<\/p>\n<p>La plaza cont\u00f3 con una fuerte inversi\u00f3n de parte de la Municipalidad de Mercedes que convirti\u00f3 en inclusiva una plaza muy querida para todos los vecinos. Estuvieron animando la jornada \u201cLos hermanos Ropetruzky\u201d adem\u00e1s de \u201cCultura Andante\u201d y los inflables gigantes.<\/p>\n<p>El jefe de Gabinete, <strong>Mat\u00edas Dematei<\/strong>, fue el primero en tomar la palabra y remarc\u00f3 \u201cla gran tarea de todos los trabajadores\u201d: \u201cEllos han sido fundamentales en esta obra, como la de la plaza Rivadavia y en cada sector de trabajo en la ciudad. Es una pol\u00edtica que defini\u00f3 el intendente Ustarroz, cuidar el espacio p\u00fablico, mejorarlo, para que lo podamos disfrutar en familia, estamos muy contentos y muy agradecidos por la presencia de todos ustedes\u201d, dijo.<\/p>\n<p>La Escuela Industrial fue protagonista de la jornada, siendo una creaci\u00f3n de sus alumnos parte del nuevo espacio. Una calesita inclusiva, construida en la instituci\u00f3n, desde un proyecto educativo muy reconocido y elogiado, fue colocada en el flamante espacio.<\/p>\n<p>La profesora a cargo del proyecto, Ver\u00f3nica Areco, coment\u00f3: \u201cLos profesores le pusimos todo esfuerzo y conocimiento para el desarrollo de un juego integrador, ya que estos permiten pr\u00e1cticas corporales como juegos motrices y experiencias con el propio cuerpo que abren espacios de participaci\u00f3n conjunta de ni\u00f1os que desde peque\u00f1os aprenden a vivir en diversidad\u201d y narr\u00f3 que \u201cten\u00edamos mucho entusiasmo cuando empez\u00f3 el proyecto y eso se lo transmitimos a nuestros a nuestros alumnos que trabajaron con alegr\u00eda y un gran compromiso. Logramos despertar en ellos la concientizaci\u00f3n, entendiendo qu\u00e9 importante es integrar a los ni\u00f1os con distintas capacidades en un espacio p\u00fablico y al aire libre\u201d.<\/p>\n<p>Hubo un momento tambi\u00e9n para que tome la palabra un reconocido vecino, Rub\u00e9n Telesca, quien coment\u00f3: \u201cComo vecino de la placita del hospital, que as\u00ed la recuerdo desde hace m\u00e1s de 60 a\u00f1os, donde mi padre me tra\u00eda y donde tambi\u00e9n tra\u00eda a uno de mis hijos y hoy vienen mis nietos estoy contento. Muy linda qued\u00f3 la plaza y deseamos que la cuidemos para bien de todos los chicos, que la puedan disfrutar\u201d.<\/p>\n<p>Por \u00faltimo tom\u00f3 la palabra el intendente Juan Ignacio Ustarroz: \u201cEstamos orgullosos y contentos con esta plaza, con esta ciudad de todos, que no es un eslogan, es una realidad\u201d, afirm\u00f3 en una tarde en que se cont\u00f3 con la presencia de distintos referentes. \u201cEsta calesita que tiene un valor enorme siendo realizada por la Escuela Industrial, que ha forjado y educado a tantas generaciones\u201d, dijo y redobl\u00f3 el aplauso de los presentes para la instituci\u00f3n. \u201cHa quedado muy bonita la plaza. Felicitaciones a todo el equipo de Obras P\u00fablicas, los arquitectos, los trabajadores, porque realmente le han puesto alma y vida, con un dise\u00f1o hermoso para esta nueva plaza inclusiva. Hoy adem\u00e1s tenemos Cultura Andante, los inflables, un encuentro verdaderamente para todas las familias, donde cada fin de semana, ac\u00e1, en la Trocha, en el Parque, la idea es que la familia se pueda encontrar y disfrutar. Ojal\u00e1 que la cuidemos, como dijo Telesca, entre todos tenemos que cuidar cada d\u00eda m\u00e1s la ciudad.<\/p>\n<p>La plaza es una nueva inversi\u00f3n con el objetivo de seguir construyendo una ciudad inclusiva. La primera fue en barrio G\u00fcemes y desde all\u00ed se han ido inaugurando espacios constantemente, siendo ya una docena de nuevos espacios inclusivos. Adem\u00e1s, ha sido embellecida, iluminada y es parte de un proceso planificado que contin\u00faa dado que pronto tendr\u00e1 m\u00e1s tareas.<\/p>\n","protected":false},"excerpt":{"rendered":"<p>Con una gran fiesta y cientos de vecinos presentes se llev\u00f3 a cabo la inauguraci\u00f3n de la obra de puesta en valor de la Plaza Belgrano. Hubo m\u00fasica, payasos, juegos, kermesse, inflables y la alegr\u00eda de seguir mejorando el espacio compartido. \u201cEs una gran alegr\u00eda inaugurar esta obra. Es inclusiva, para las familias\u201d, afirm\u00f3 el [&hellip;]<\/p>\n","protected":false},"author":2,"featured_media":23545,"comment_status":"open","ping_status":"open","sticky":false,"template":"","format":"standard","meta":{"footnotes":""},"categories":[3],"tags":[224,266,515,36,1172,1950,5733,5734],"class_list":["post-23532","post","type-post","status-publish","format-standard","has-post-thumbnail","hentry","category-sociedad","tag-hospital","tag-juan-ignacio-ustarroz","tag-matias-dematei","tag-obras","tag-plaza","tag-plaza-belgrano","tag-plaza-incluiva","tag-ruben-telesca"],"yoast_head":"<!-- This site is optimized with the Yoast SEO plugin v27.5 - https:\/\/yoast.com\/product\/yoast-seo-wordpress\/ -->\n<title>Cientos de vecinos fueron parte de inauguraci\u00f3n de las obras en plaza Belgrano<\/title>\n<meta name=\"robots\" content=\"index, follow, max-snippet:-1, max-image-preview:large, max-video-preview:-1\" \/>\n<link rel=\"canonical\" href=\"https:\/\/noticiasmercedinas.com\/site\/2019\/07\/14\/cientos-de-vecinos-fueron-parte-de-inauguracion-de-las-obras-en-plaza-belgrano\/\" \/>\n<meta property=\"og:locale\" content=\"es_ES\" \/>\n<meta property=\"og:type\" content=\"article\" \/>\n<meta property=\"og:title\" content=\"Cientos de vecinos fueron parte de inauguraci\u00f3n de las obras en plaza Belgrano\" \/>\n<meta property=\"og:description\" content=\"Con una gran fiesta y cientos de vecinos presentes se llev\u00f3 a cabo la inauguraci\u00f3n de la obra de puesta en valor de la Plaza Belgrano. Hubo m\u00fasica, payasos, juegos, kermesse, inflables y la alegr\u00eda de seguir mejorando el espacio compartido. \u201cEs una gran alegr\u00eda inaugurar esta obra. Es inclusiva, para las familias\u201d, afirm\u00f3 el [&hellip;]\" \/>\n<meta property=\"og:url\" content=\"https:\/\/noticiasmercedinas.com\/site\/2019\/07\/14\/cientos-de-vecinos-fueron-parte-de-inauguracion-de-las-obras-en-plaza-belgrano\/\" \/>\n<meta property=\"og:site_name\" content=\"NOTICIASMERCEDINAS.COM\" \/>\n<meta property=\"article:publisher\" content=\"https:\/\/www.facebook.com\/noticiasmercedinas\/\" \/>\n<meta property=\"article:author\" content=\"https:\/\/www.facebook.com\/cristian.falabella\" \/>\n<meta property=\"article:published_time\" content=\"2019-07-15T01:26:47+00:00\" \/>\n<meta property=\"article:modified_time\" content=\"2019-07-15T01:27:26+00:00\" \/>\n<meta property=\"og:image\" content=\"https:\/\/noticiasmercedinas.com\/site\/wp-content\/uploads\/2019\/07\/Plaza-BelgranoDSC03353.jpg\" \/>\n\t<meta property=\"og:image:width\" content=\"1200\" \/>\n\t<meta property=\"og:image:height\" content=\"675\" \/>\n\t<meta property=\"og:image:type\" content=\"image\/jpeg\" \/>\n<meta name=\"author\" content=\"Cristian Falabella NOTICIASMERCEDINAS.COM\" \/>\n<meta name=\"twitter:card\" content=\"summary_large_image\" \/>\n<meta name=\"twitter:creator\" content=\"@https:\/\/twitter.com\/NOTMERCEDINAS\" \/>\n<meta name=\"twitter:site\" content=\"@notmercedinas\" \/>\n<meta name=\"twitter:label1\" content=\"Escrito por\" \/>\n\t<meta name=\"twitter:data1\" content=\"Cristian Falabella NOTICIASMERCEDINAS.COM\" \/>\n\t<meta name=\"twitter:label2\" content=\"Tiempo de lectura\" \/>\n\t<meta name=\"twitter:data2\" content=\"3 minutos\" \/>\n<script type=\"application\/ld+json\" class=\"yoast-schema-graph\">{\"@context\":\"https:\\\/\\\/schema.org\",\"@graph\":[{\"@type\":\"Article\",\"@id\":\"https:\\\/\\\/noticiasmercedinas.com\\\/site\\\/2019\\\/07\\\/14\\\/cientos-de-vecinos-fueron-parte-de-inauguracion-de-las-obras-en-plaza-belgrano\\\/#article\",\"isPartOf\":{\"@id\":\"https:\\\/\\\/noticiasmercedinas.com\\\/site\\\/2019\\\/07\\\/14\\\/cientos-de-vecinos-fueron-parte-de-inauguracion-de-las-obras-en-plaza-belgrano\\\/\"},\"author\":{\"name\":\"Cristian Falabella NOTICIASMERCEDINAS.COM\",\"@id\":\"https:\\\/\\\/noticiasmercedinas.com\\\/site\\\/#\\\/schema\\\/person\\\/d481a9696a5feaec13a60e2bbd991a6a\"},\"headline\":\"Cientos de vecinos fueron parte de inauguraci\u00f3n de las obras en plaza Belgrano\",\"datePublished\":\"2019-07-15T01:26:47+00:00\",\"dateModified\":\"2019-07-15T01:27:26+00:00\",\"mainEntityOfPage\":{\"@id\":\"https:\\\/\\\/noticiasmercedinas.com\\\/site\\\/2019\\\/07\\\/14\\\/cientos-de-vecinos-fueron-parte-de-inauguracion-de-las-obras-en-plaza-belgrano\\\/\"},\"wordCount\":682,\"commentCount\":0,\"publisher\":{\"@id\":\"https:\\\/\\\/noticiasmercedinas.com\\\/site\\\/#organization\"},\"image\":{\"@id\":\"https:\\\/\\\/noticiasmercedinas.com\\\/site\\\/2019\\\/07\\\/14\\\/cientos-de-vecinos-fueron-parte-de-inauguracion-de-las-obras-en-plaza-belgrano\\\/#primaryimage\"},\"thumbnailUrl\":\"https:\\\/\\\/noticiasmercedinas.com\\\/site\\\/wp-content\\\/uploads\\\/2019\\\/07\\\/Plaza-BelgranoDSC03353.jpg\",\"keywords\":[\"hospital\",\"juan ignacio ustarroz\",\"matias dematei\",\"obras\",\"plaza\",\"plaza belgrano\",\"plaza incluiva\",\"ruben telesca\"],\"articleSection\":[\"Sociedad\"],\"inLanguage\":\"es\",\"potentialAction\":[{\"@type\":\"CommentAction\",\"name\":\"Comment\",\"target\":[\"https:\\\/\\\/noticiasmercedinas.com\\\/site\\\/2019\\\/07\\\/14\\\/cientos-de-vecinos-fueron-parte-de-inauguracion-de-las-obras-en-plaza-belgrano\\\/#respond\"]}]},{\"@type\":\"WebPage\",\"@id\":\"https:\\\/\\\/noticiasmercedinas.com\\\/site\\\/2019\\\/07\\\/14\\\/cientos-de-vecinos-fueron-parte-de-inauguracion-de-las-obras-en-plaza-belgrano\\\/\",\"url\":\"https:\\\/\\\/noticiasmercedinas.com\\\/site\\\/2019\\\/07\\\/14\\\/cientos-de-vecinos-fueron-parte-de-inauguracion-de-las-obras-en-plaza-belgrano\\\/\",\"name\":\"Cientos de vecinos fueron parte de inauguraci\u00f3n de las obras en plaza Belgrano\",\"isPartOf\":{\"@id\":\"https:\\\/\\\/noticiasmercedinas.com\\\/site\\\/#website\"},\"primaryImageOfPage\":{\"@id\":\"https:\\\/\\\/noticiasmercedinas.com\\\/site\\\/2019\\\/07\\\/14\\\/cientos-de-vecinos-fueron-parte-de-inauguracion-de-las-obras-en-plaza-belgrano\\\/#primaryimage\"},\"image\":{\"@id\":\"https:\\\/\\\/noticiasmercedinas.com\\\/site\\\/2019\\\/07\\\/14\\\/cientos-de-vecinos-fueron-parte-de-inauguracion-de-las-obras-en-plaza-belgrano\\\/#primaryimage\"},\"thumbnailUrl\":\"https:\\\/\\\/noticiasmercedinas.com\\\/site\\\/wp-content\\\/uploads\\\/2019\\\/07\\\/Plaza-BelgranoDSC03353.jpg\",\"datePublished\":\"2019-07-15T01:26:47+00:00\",\"dateModified\":\"2019-07-15T01:27:26+00:00\",\"breadcrumb\":{\"@id\":\"https:\\\/\\\/noticiasmercedinas.com\\\/site\\\/2019\\\/07\\\/14\\\/cientos-de-vecinos-fueron-parte-de-inauguracion-de-las-obras-en-plaza-belgrano\\\/#breadcrumb\"},\"inLanguage\":\"es\",\"potentialAction\":[{\"@type\":\"ReadAction\",\"target\":[\"https:\\\/\\\/noticiasmercedinas.com\\\/site\\\/2019\\\/07\\\/14\\\/cientos-de-vecinos-fueron-parte-de-inauguracion-de-las-obras-en-plaza-belgrano\\\/\"]}]},{\"@type\":\"ImageObject\",\"inLanguage\":\"es\",\"@id\":\"https:\\\/\\\/noticiasmercedinas.com\\\/site\\\/2019\\\/07\\\/14\\\/cientos-de-vecinos-fueron-parte-de-inauguracion-de-las-obras-en-plaza-belgrano\\\/#primaryimage\",\"url\":\"https:\\\/\\\/noticiasmercedinas.com\\\/site\\\/wp-content\\\/uploads\\\/2019\\\/07\\\/Plaza-BelgranoDSC03353.jpg\",\"contentUrl\":\"https:\\\/\\\/noticiasmercedinas.com\\\/site\\\/wp-content\\\/uploads\\\/2019\\\/07\\\/Plaza-BelgranoDSC03353.jpg\",\"width\":1200,\"height\":675},{\"@type\":\"BreadcrumbList\",\"@id\":\"https:\\\/\\\/noticiasmercedinas.com\\\/site\\\/2019\\\/07\\\/14\\\/cientos-de-vecinos-fueron-parte-de-inauguracion-de-las-obras-en-plaza-belgrano\\\/#breadcrumb\",\"itemListElement\":[{\"@type\":\"ListItem\",\"position\":1,\"name\":\"Portada\",\"item\":\"https:\\\/\\\/noticiasmercedinas.com\\\/site\\\/\"},{\"@type\":\"ListItem\",\"position\":2,\"name\":\"Cientos de vecinos fueron parte de inauguraci\u00f3n de las obras en plaza Belgrano\"}]},{\"@type\":\"WebSite\",\"@id\":\"https:\\\/\\\/noticiasmercedinas.com\\\/site\\\/#website\",\"url\":\"https:\\\/\\\/noticiasmercedinas.com\\\/site\\\/\",\"name\":\"NOTICIASMERCEDINAS.COM\",\"description\":\"Mercedes, Buenos Aires, Argentina\",\"publisher\":{\"@id\":\"https:\\\/\\\/noticiasmercedinas.com\\\/site\\\/#organization\"},\"potentialAction\":[{\"@type\":\"SearchAction\",\"target\":{\"@type\":\"EntryPoint\",\"urlTemplate\":\"https:\\\/\\\/noticiasmercedinas.com\\\/site\\\/?s={search_term_string}\"},\"query-input\":{\"@type\":\"PropertyValueSpecification\",\"valueRequired\":true,\"valueName\":\"search_term_string\"}}],\"inLanguage\":\"es\"},{\"@type\":\"Organization\",\"@id\":\"https:\\\/\\\/noticiasmercedinas.com\\\/site\\\/#organization\",\"name\":\"NOTICIASMERCEDINAS.COM\",\"url\":\"https:\\\/\\\/noticiasmercedinas.com\\\/site\\\/\",\"logo\":{\"@type\":\"ImageObject\",\"inLanguage\":\"es\",\"@id\":\"https:\\\/\\\/noticiasmercedinas.com\\\/site\\\/#\\\/schema\\\/logo\\\/image\\\/\",\"url\":\"https:\\\/\\\/noticiasmercedinas.com\\\/site\\\/wp-content\\\/uploads\\\/2020\\\/06\\\/LOGO-512.jpg\",\"contentUrl\":\"https:\\\/\\\/noticiasmercedinas.com\\\/site\\\/wp-content\\\/uploads\\\/2020\\\/06\\\/LOGO-512.jpg\",\"width\":512,\"height\":512,\"caption\":\"NOTICIASMERCEDINAS.COM\"},\"image\":{\"@id\":\"https:\\\/\\\/noticiasmercedinas.com\\\/site\\\/#\\\/schema\\\/logo\\\/image\\\/\"},\"sameAs\":[\"https:\\\/\\\/www.facebook.com\\\/noticiasmercedinas\\\/\",\"https:\\\/\\\/x.com\\\/notmercedinas\",\"https:\\\/\\\/www.instagram.com\\\/noticiasmercedinas\\\/\"]},{\"@type\":\"Person\",\"@id\":\"https:\\\/\\\/noticiasmercedinas.com\\\/site\\\/#\\\/schema\\\/person\\\/d481a9696a5feaec13a60e2bbd991a6a\",\"name\":\"Cristian Falabella NOTICIASMERCEDINAS.COM\",\"image\":{\"@type\":\"ImageObject\",\"inLanguage\":\"es\",\"@id\":\"https:\\\/\\\/secure.gravatar.com\\\/avatar\\\/0dbbfc45970cc46bcd0e57766228574ff3511d6eed045b182f536f0f478c1f06?s=96&d=mm&r=g\",\"url\":\"https:\\\/\\\/secure.gravatar.com\\\/avatar\\\/0dbbfc45970cc46bcd0e57766228574ff3511d6eed045b182f536f0f478c1f06?s=96&d=mm&r=g\",\"contentUrl\":\"https:\\\/\\\/secure.gravatar.com\\\/avatar\\\/0dbbfc45970cc46bcd0e57766228574ff3511d6eed045b182f536f0f478c1f06?s=96&d=mm&r=g\",\"caption\":\"Cristian Falabella NOTICIASMERCEDINAS.COM\"},\"description\":\"Periodista, editor de Noticias Mercedinas. Pas\u00f3 por varias redacciones y emprendimientos de prensa, en distintos formatos y \u00e9pocas. Se especializ\u00f3 --y sigue haci\u00e9ndolo-- en comunicaci\u00f3n en la web y en junio de 2006 fund\u00f3 este diario digital.\",\"sameAs\":[\"https:\\\/\\\/noticiasmercedinas.com\",\"https:\\\/\\\/www.facebook.com\\\/cristian.falabella\",\"https:\\\/\\\/www.instagram.com\\\/noticiasmercedinas\\\/\",\"https:\\\/\\\/x.com\\\/https:\\\/\\\/twitter.com\\\/NOTMERCEDINAS\"],\"url\":\"https:\\\/\\\/noticiasmercedinas.com\\\/site\\\/author\\\/as000384\\\/\"}]}<\/script>\n<!-- \/ Yoast SEO plugin. -->","yoast_head_json":{"title":"Cientos de vecinos fueron parte de inauguraci\u00f3n de las obras en plaza Belgrano","robots":{"index":"index","follow":"follow","max-snippet":"max-snippet:-1","max-image-preview":"max-image-preview:large","max-video-preview":"max-video-preview:-1"},"canonical":"https:\/\/noticiasmercedinas.com\/site\/2019\/07\/14\/cientos-de-vecinos-fueron-parte-de-inauguracion-de-las-obras-en-plaza-belgrano\/","og_locale":"es_ES","og_type":"article","og_title":"Cientos de vecinos fueron parte de inauguraci\u00f3n de las obras en plaza Belgrano","og_description":"Con una gran fiesta y cientos de vecinos presentes se llev\u00f3 a cabo la inauguraci\u00f3n de la obra de puesta en valor de la Plaza Belgrano. Hubo m\u00fasica, payasos, juegos, kermesse, inflables y la alegr\u00eda de seguir mejorando el espacio compartido. \u201cEs una gran alegr\u00eda inaugurar esta obra. Es inclusiva, para las familias\u201d, afirm\u00f3 el [&hellip;]","og_url":"https:\/\/noticiasmercedinas.com\/site\/2019\/07\/14\/cientos-de-vecinos-fueron-parte-de-inauguracion-de-las-obras-en-plaza-belgrano\/","og_site_name":"NOTICIASMERCEDINAS.COM","article_publisher":"https:\/\/www.facebook.com\/noticiasmercedinas\/","article_author":"https:\/\/www.facebook.com\/cristian.falabella","article_published_time":"2019-07-15T01:26:47+00:00","article_modified_time":"2019-07-15T01:27:26+00:00","og_image":[{"width":1200,"height":675,"url":"https:\/\/noticiasmercedinas.com\/site\/wp-content\/uploads\/2019\/07\/Plaza-BelgranoDSC03353.jpg","type":"image\/jpeg"}],"author":"Cristian Falabella NOTICIASMERCEDINAS.COM","twitter_card":"summary_large_image","twitter_creator":"@https:\/\/twitter.com\/NOTMERCEDINAS","twitter_site":"@notmercedinas","twitter_misc":{"Escrito por":"Cristian Falabella NOTICIASMERCEDINAS.COM","Tiempo de lectura":"3 minutos"},"schema":{"@context":"https:\/\/schema.org","@graph":[{"@type":"Article","@id":"https:\/\/noticiasmercedinas.com\/site\/2019\/07\/14\/cientos-de-vecinos-fueron-parte-de-inauguracion-de-las-obras-en-plaza-belgrano\/#article","isPartOf":{"@id":"https:\/\/noticiasmercedinas.com\/site\/2019\/07\/14\/cientos-de-vecinos-fueron-parte-de-inauguracion-de-las-obras-en-plaza-belgrano\/"},"author":{"name":"Cristian Falabella NOTICIASMERCEDINAS.COM","@id":"https:\/\/noticiasmercedinas.com\/site\/#\/schema\/person\/d481a9696a5feaec13a60e2bbd991a6a"},"headline":"Cientos de vecinos fueron parte de inauguraci\u00f3n de las obras en plaza Belgrano","datePublished":"2019-07-15T01:26:47+00:00","dateModified":"2019-07-15T01:27:26+00:00","mainEntityOfPage":{"@id":"https:\/\/noticiasmercedinas.com\/site\/2019\/07\/14\/cientos-de-vecinos-fueron-parte-de-inauguracion-de-las-obras-en-plaza-belgrano\/"},"wordCount":682,"commentCount":0,"publisher":{"@id":"https:\/\/noticiasmercedinas.com\/site\/#organization"},"image":{"@id":"https:\/\/noticiasmercedinas.com\/site\/2019\/07\/14\/cientos-de-vecinos-fueron-parte-de-inauguracion-de-las-obras-en-plaza-belgrano\/#primaryimage"},"thumbnailUrl":"https:\/\/noticiasmercedinas.com\/site\/wp-content\/uploads\/2019\/07\/Plaza-BelgranoDSC03353.jpg","keywords":["hospital","juan ignacio ustarroz","matias dematei","obras","plaza","plaza belgrano","plaza incluiva","ruben telesca"],"articleSection":["Sociedad"],"inLanguage":"es","potentialAction":[{"@type":"CommentAction","name":"Comment","target":["https:\/\/noticiasmercedinas.com\/site\/2019\/07\/14\/cientos-de-vecinos-fueron-parte-de-inauguracion-de-las-obras-en-plaza-belgrano\/#respond"]}]},{"@type":"WebPage","@id":"https:\/\/noticiasmercedinas.com\/site\/2019\/07\/14\/cientos-de-vecinos-fueron-parte-de-inauguracion-de-las-obras-en-plaza-belgrano\/","url":"https:\/\/noticiasmercedinas.com\/site\/2019\/07\/14\/cientos-de-vecinos-fueron-parte-de-inauguracion-de-las-obras-en-plaza-belgrano\/","name":"Cientos de vecinos fueron parte de inauguraci\u00f3n de las obras en plaza Belgrano","isPartOf":{"@id":"https:\/\/noticiasmercedinas.com\/site\/#website"},"primaryImageOfPage":{"@id":"https:\/\/noticiasmercedinas.com\/site\/2019\/07\/14\/cientos-de-vecinos-fueron-parte-de-inauguracion-de-las-obras-en-plaza-belgrano\/#primaryimage"},"image":{"@id":"https:\/\/noticiasmercedinas.com\/site\/2019\/07\/14\/cientos-de-vecinos-fueron-parte-de-inauguracion-de-las-obras-en-plaza-belgrano\/#primaryimage"},"thumbnailUrl":"https:\/\/noticiasmercedinas.com\/site\/wp-content\/uploads\/2019\/07\/Plaza-BelgranoDSC03353.jpg","datePublished":"2019-07-15T01:26:47+00:00","dateModified":"2019-07-15T01:27:26+00:00","breadcrumb":{"@id":"https:\/\/noticiasmercedinas.com\/site\/2019\/07\/14\/cientos-de-vecinos-fueron-parte-de-inauguracion-de-las-obras-en-plaza-belgrano\/#breadcrumb"},"inLanguage":"es","potentialAction":[{"@type":"ReadAction","target":["https:\/\/noticiasmercedinas.com\/site\/2019\/07\/14\/cientos-de-vecinos-fueron-parte-de-inauguracion-de-las-obras-en-plaza-belgrano\/"]}]},{"@type":"ImageObject","inLanguage":"es","@id":"https:\/\/noticiasmercedinas.com\/site\/2019\/07\/14\/cientos-de-vecinos-fueron-parte-de-inauguracion-de-las-obras-en-plaza-belgrano\/#primaryimage","url":"https:\/\/noticiasmercedinas.com\/site\/wp-content\/uploads\/2019\/07\/Plaza-BelgranoDSC03353.jpg","contentUrl":"https:\/\/noticiasmercedinas.com\/site\/wp-content\/uploads\/2019\/07\/Plaza-BelgranoDSC03353.jpg","width":1200,"height":675},{"@type":"BreadcrumbList","@id":"https:\/\/noticiasmercedinas.com\/site\/2019\/07\/14\/cientos-de-vecinos-fueron-parte-de-inauguracion-de-las-obras-en-plaza-belgrano\/#breadcrumb","itemListElement":[{"@type":"ListItem","position":1,"name":"Portada","item":"https:\/\/noticiasmercedinas.com\/site\/"},{"@type":"ListItem","position":2,"name":"Cientos de vecinos fueron parte de inauguraci\u00f3n de las obras en plaza Belgrano"}]},{"@type":"WebSite","@id":"https:\/\/noticiasmercedinas.com\/site\/#website","url":"https:\/\/noticiasmercedinas.com\/site\/","name":"NOTICIASMERCEDINAS.COM","description":"Mercedes, Buenos Aires, Argentina","publisher":{"@id":"https:\/\/noticiasmercedinas.com\/site\/#organization"},"potentialAction":[{"@type":"SearchAction","target":{"@type":"EntryPoint","urlTemplate":"https:\/\/noticiasmercedinas.com\/site\/?s={search_term_string}"},"query-input":{"@type":"PropertyValueSpecification","valueRequired":true,"valueName":"search_term_string"}}],"inLanguage":"es"},{"@type":"Organization","@id":"https:\/\/noticiasmercedinas.com\/site\/#organization","name":"NOTICIASMERCEDINAS.COM","url":"https:\/\/noticiasmercedinas.com\/site\/","logo":{"@type":"ImageObject","inLanguage":"es","@id":"https:\/\/noticiasmercedinas.com\/site\/#\/schema\/logo\/image\/","url":"https:\/\/noticiasmercedinas.com\/site\/wp-content\/uploads\/2020\/06\/LOGO-512.jpg","contentUrl":"https:\/\/noticiasmercedinas.com\/site\/wp-content\/uploads\/2020\/06\/LOGO-512.jpg","width":512,"height":512,"caption":"NOTICIASMERCEDINAS.COM"},"image":{"@id":"https:\/\/noticiasmercedinas.com\/site\/#\/schema\/logo\/image\/"},"sameAs":["https:\/\/www.facebook.com\/noticiasmercedinas\/","https:\/\/x.com\/notmercedinas","https:\/\/www.instagram.com\/noticiasmercedinas\/"]},{"@type":"Person","@id":"https:\/\/noticiasmercedinas.com\/site\/#\/schema\/person\/d481a9696a5feaec13a60e2bbd991a6a","name":"Cristian Falabella NOTICIASMERCEDINAS.COM","image":{"@type":"ImageObject","inLanguage":"es","@id":"https:\/\/secure.gravatar.com\/avatar\/0dbbfc45970cc46bcd0e57766228574ff3511d6eed045b182f536f0f478c1f06?s=96&d=mm&r=g","url":"https:\/\/secure.gravatar.com\/avatar\/0dbbfc45970cc46bcd0e57766228574ff3511d6eed045b182f536f0f478c1f06?s=96&d=mm&r=g","contentUrl":"https:\/\/secure.gravatar.com\/avatar\/0dbbfc45970cc46bcd0e57766228574ff3511d6eed045b182f536f0f478c1f06?s=96&d=mm&r=g","caption":"Cristian Falabella NOTICIASMERCEDINAS.COM"},"description":"Periodista, editor de Noticias Mercedinas. Pas\u00f3 por varias redacciones y emprendimientos de prensa, en distintos formatos y \u00e9pocas. Se especializ\u00f3 --y sigue haci\u00e9ndolo-- en comunicaci\u00f3n en la web y en junio de 2006 fund\u00f3 este diario digital.","sameAs":["https:\/\/noticiasmercedinas.com","https:\/\/www.facebook.com\/cristian.falabella","https:\/\/www.instagram.com\/noticiasmercedinas\/","https:\/\/x.com\/https:\/\/twitter.com\/NOTMERCEDINAS"],"url":"https:\/\/noticiasmercedinas.com\/site\/author\/as000384\/"}]}},"amp_enabled":true,"_links":{"self":[{"href":"https:\/\/noticiasmercedinas.com\/site\/wp-json\/wp\/v2\/posts\/23532","targetHints":{"allow":["GET"]}}],"collection":[{"href":"https:\/\/noticiasmercedinas.com\/site\/wp-json\/wp\/v2\/posts"}],"about":[{"href":"https:\/\/noticiasmercedinas.com\/site\/wp-json\/wp\/v2\/types\/post"}],"author":[{"embeddable":true,"href":"https:\/\/noticiasmercedinas.com\/site\/wp-json\/wp\/v2\/users\/2"}],"replies":[{"embeddable":true,"href":"https:\/\/noticiasmercedinas.com\/site\/wp-json\/wp\/v2\/comments?post=23532"}],"version-history":[{"count":2,"href":"https:\/\/noticiasmercedinas.com\/site\/wp-json\/wp\/v2\/posts\/23532\/revisions"}],"predecessor-version":[{"id":23547,"href":"https:\/\/noticiasmercedinas.com\/site\/wp-json\/wp\/v2\/posts\/23532\/revisions\/23547"}],"wp:featuredmedia":[{"embeddable":true,"href":"https:\/\/noticiasmercedinas.com\/site\/wp-json\/wp\/v2\/media\/23545"}],"wp:attachment":[{"href":"https:\/\/noticiasmercedinas.com\/site\/wp-json\/wp\/v2\/media?parent=23532"}],"wp:term":[{"taxonomy":"category","embeddable":true,"href":"https:\/\/noticiasmercedinas.com\/site\/wp-json\/wp\/v2\/categories?post=23532"},{"taxonomy":"post_tag","embeddable":true,"href":"https:\/\/noticiasmercedinas.com\/site\/wp-json\/wp\/v2\/tags?post=23532"}],"curies":[{"name":"wp","href":"https:\/\/api.w.org\/{rel}","templated":true}]}}