{"id":236,"date":"2026-09-02T17:41:40","date_gmt":"2026-09-02T20:41:40","guid":{"rendered":"https:\/\/noticiasmercedinas.com\/site\/?p=236"},"modified":"2026-09-02T19:04:01","modified_gmt":"2026-09-02T22:04:01","slug":"el-ajedrecista-mercedino-alejandro-altieri-se-corono-campeon-del-torneo-abierto-de-invierno-en-san-andres-de-giles","status":"publish","type":"post","link":"https:\/\/noticiasmercedinas.com\/site\/2026\/09\/02\/el-ajedrecista-mercedino-alejandro-altieri-se-corono-campeon-del-torneo-abierto-de-invierno-en-san-andres-de-giles\/","title":{"rendered":"El ajedrecista mercedino Alejandro Altieri se coron\u00f3 campe\u00f3n del Torneo Abierto de Invierno en San Andr\u00e9s de Giles"},"content":{"rendered":"<p><img loading=\"lazy\" decoding=\"async\" class=\"alignnone wp-image-237 size-full\" src=\"https:\/\/noticiasmercedinas.com\/site\/wp-content\/uploads\/2026\/09\/aje.jpg\" alt=\"\" width=\"640\" height=\"412\" srcset=\"https:\/\/noticiasmercedinas.com\/site\/wp-content\/uploads\/2026\/09\/aje.jpg 640w, https:\/\/noticiasmercedinas.com\/site\/wp-content\/uploads\/2026\/09\/aje-300x194.jpg 300w, https:\/\/noticiasmercedinas.com\/site\/wp-content\/uploads\/2026\/09\/aje-341x220.jpg 341w\" sizes=\"auto, (max-width: 640px) 100vw, 640px\" \/><\/p>\n<p>El ajedrecista oriundo de Mercedes, Alejandro Altieri, se consagr\u00f3 campe\u00f3n del Torneo Abierto de Invierno de ajedrez tras disputarse la s\u00e9ptima y \u00faltima ronda el pasado viernes 28 de agosto en las instalaciones del Club Social y Deportivo El Front\u00f3n de San Andr\u00e9s de Giles. La competencia, organizada por Jos\u00e9 Pellati, reuni\u00f3 a destacados pensadores de la regi\u00f3n y se desarroll\u00f3 mediante el sistema suizo a siete jornadas bajo un ritmo de juego cl\u00e1sico de 75 minutos m\u00e1s 30 segundos de incremento por jugada.<\/p>\n<p>La definici\u00f3n del certamen qued\u00f3 marcada por el triunfo decisivo de Altieri con piezas negras frente a Jonathan Toledo (San Antonio de Areco), resultado que le permiti\u00f3 alcanzar un total de 6,5 puntos sobre 7 posibles y asegurar el primer puesto de forma invicta. El podio del certamen lo completaron los tambi\u00e9n mercedinos Emanuel G\u00f3mez Padula y Jorge Gioscio, quienes alcanzaron las 5 unidades tras igualar el primero en la mesa dos ante el Maestro FIDE Guillermo Poch y vencer el segundo a Facundo Mazzocchi. La cuarta y quinta colocaci\u00f3n correspondieron a Guillermo Poch y al gilense Rub\u00e9n Garaglia, ambos con 4,5 puntos.<\/p>\n<p>En el resto de los marcadores de la jornada de cierre, Francisco Viola (Mercedes) venci\u00f3 a Juan Pablo Baliani (Luj\u00e1n), Rub\u00e9n Garaglia se impuso ante Juan Cruz Zeballos (Suipacha), mientras que Daniel Picardi (Mercedes) y Sebasti\u00e1n Rocha (Giles) repartieron unidades. Asimismo, Thiago Maidana (Carmen de Areco) derrot\u00f3 a An\u00edbal Molina (Giles), Guillermo Bori (Mercedes) le gan\u00f3 a Santiago Bereterbide (Mercedes), Pablo Maran (Giles) super\u00f3 a Ezequiel Sanz (Mercedes) y Claudio Conti (Luj\u00e1n) sum\u00f3 un punto por condici\u00f3n de libre. La mesa nueve finaliz\u00f3 sin puntos por inasistencia de Carlos P\u00e9rez y Fabi\u00e1n Duca.<\/p>\n<p>Tras el cierre deportivo del campeonato, la organizaci\u00f3n confirm\u00f3 que el pr\u00f3ximo viernes 4 de septiembre se llevar\u00e1n a cabo la cena de camarader\u00eda y la entrega de premios para los ajedrecistas m\u00e1s destacados. En tanto, la actividad del tablero en la zona no se detendr\u00e1, ya que el viernes 18 de septiembre se dar\u00e1 inicio al Torneo Abierto de Primavera en la sede del Club Del Progreso.<\/p>\n","protected":false},"excerpt":{"rendered":"<p>\u25a0 El certamen concluy\u00f3 este viernes 28 de agosto en las instalaciones del Club El Front\u00f3n tras siete intensas jornadas bajo el sistema suizo, consolidando a Altieri en lo m\u00e1s alto de la tabla con 6,5 puntos.<\/p>\n","protected":false},"author":2,"featured_media":237,"comment_status":"open","ping_status":"open","sticky":false,"template":"","format":"standard","meta":{"footnotes":""},"categories":[21],"tags":[39,38,40],"class_list":["post-236","post","type-post","status-publish","format-standard","has-post-thumbnail","hentry","category-deportes","tag-abierto-de-invierno","tag-ajedrez","tag-sag"],"yoast_head":"<!-- This site is optimized with the Yoast SEO plugin v28.4 - https:\/\/yoast.com\/product\/yoast-seo-wordpress\/ -->\n<title>El ajedrecista mercedino Alejandro Altieri se coron\u00f3 campe\u00f3n del Torneo Abierto de Invierno en San Andr\u00e9s de Giles - Noticias Mercedinas<\/title>\n<meta name=\"robots\" content=\"index, follow, max-snippet:-1, max-image-preview:large, max-video-preview:-1\" \/>\n<link rel=\"canonical\" href=\"https:\/\/noticiasmercedinas.com\/site\/2026\/09\/02\/el-ajedrecista-mercedino-alejandro-altieri-se-corono-campeon-del-torneo-abierto-de-invierno-en-san-andres-de-giles\/\" \/>\n<meta property=\"og:locale\" content=\"es_ES\" \/>\n<meta property=\"og:type\" content=\"article\" \/>\n<meta property=\"og:title\" content=\"El ajedrecista mercedino Alejandro Altieri se coron\u00f3 campe\u00f3n del Torneo Abierto de Invierno en San Andr\u00e9s de Giles - Noticias Mercedinas\" \/>\n<meta property=\"og:description\" content=\"\u25a0 El certamen concluy\u00f3 este viernes 28 de agosto en las instalaciones del Club El Front\u00f3n tras siete intensas jornadas bajo el sistema suizo, consolidando a Altieri en lo m\u00e1s alto de la tabla con 6,5 puntos.\" \/>\n<meta property=\"og:url\" content=\"https:\/\/noticiasmercedinas.com\/site\/2026\/09\/02\/el-ajedrecista-mercedino-alejandro-altieri-se-corono-campeon-del-torneo-abierto-de-invierno-en-san-andres-de-giles\/\" \/>\n<meta property=\"og:site_name\" content=\"Noticias Mercedinas\" \/>\n<meta property=\"article:published_time\" content=\"2026-09-02T20:41:40+00:00\" \/>\n<meta property=\"article:modified_time\" content=\"2026-09-02T22:04:01+00:00\" \/>\n<meta property=\"og:image\" content=\"https:\/\/noticiasmercedinas.com\/site\/wp-content\/uploads\/2026\/09\/aje.jpg\" \/>\n\t<meta property=\"og:image:width\" content=\"640\" \/>\n\t<meta property=\"og:image:height\" content=\"412\" \/>\n\t<meta property=\"og:image:type\" content=\"image\/jpeg\" \/>\n<meta name=\"author\" content=\"Juan Dagnino\" \/>\n<meta name=\"twitter:card\" content=\"summary_large_image\" \/>\n<meta name=\"twitter:label1\" content=\"Escrito por\" \/>\n\t<meta name=\"twitter:data1\" content=\"Juan Dagnino\" \/>\n\t<meta name=\"twitter:label2\" content=\"Tiempo de lectura\" \/>\n\t<meta name=\"twitter:data2\" content=\"2 minutos\" \/>\n<script type=\"application\/ld+json\" class=\"yoast-schema-graph\">{\"@context\":\"https:\\\/\\\/schema.org\",\"@graph\":[{\"@type\":\"Article\",\"@id\":\"https:\\\/\\\/noticiasmercedinas.com\\\/site\\\/2026\\\/09\\\/02\\\/el-ajedrecista-mercedino-alejandro-altieri-se-corono-campeon-del-torneo-abierto-de-invierno-en-san-andres-de-giles\\\/#article\",\"isPartOf\":{\"@id\":\"https:\\\/\\\/noticiasmercedinas.com\\\/site\\\/2026\\\/09\\\/02\\\/el-ajedrecista-mercedino-alejandro-altieri-se-corono-campeon-del-torneo-abierto-de-invierno-en-san-andres-de-giles\\\/\"},\"author\":{\"name\":\"Juan Dagnino\",\"@id\":\"https:\\\/\\\/noticiasmercedinas.com\\\/site\\\/#\\\/schema\\\/person\\\/b25f2883e4fd6f0be6beadb609baaa59\"},\"headline\":\"El ajedrecista mercedino Alejandro Altieri se coron\u00f3 campe\u00f3n del Torneo Abierto de Invierno en San Andr\u00e9s de Giles\",\"datePublished\":\"2026-09-02T20:41:40+00:00\",\"dateModified\":\"2026-09-02T22:04:01+00:00\",\"mainEntityOfPage\":{\"@id\":\"https:\\\/\\\/noticiasmercedinas.com\\\/site\\\/2026\\\/09\\\/02\\\/el-ajedrecista-mercedino-alejandro-altieri-se-corono-campeon-del-torneo-abierto-de-invierno-en-san-andres-de-giles\\\/\"},\"wordCount\":384,\"commentCount\":0,\"image\":{\"@id\":\"https:\\\/\\\/noticiasmercedinas.com\\\/site\\\/2026\\\/09\\\/02\\\/el-ajedrecista-mercedino-alejandro-altieri-se-corono-campeon-del-torneo-abierto-de-invierno-en-san-andres-de-giles\\\/#primaryimage\"},\"thumbnailUrl\":\"https:\\\/\\\/noticiasmercedinas.com\\\/site\\\/wp-content\\\/uploads\\\/2026\\\/09\\\/aje.jpg\",\"keywords\":[\"abierto de invierno\",\"ajedrez\",\"SAG\"],\"articleSection\":[\"Deportes\"],\"inLanguage\":\"es\",\"potentialAction\":[{\"@type\":\"CommentAction\",\"name\":\"Comment\",\"target\":[\"https:\\\/\\\/noticiasmercedinas.com\\\/site\\\/2026\\\/09\\\/02\\\/el-ajedrecista-mercedino-alejandro-altieri-se-corono-campeon-del-torneo-abierto-de-invierno-en-san-andres-de-giles\\\/#respond\"]}]},{\"@type\":\"WebPage\",\"@id\":\"https:\\\/\\\/noticiasmercedinas.com\\\/site\\\/2026\\\/09\\\/02\\\/el-ajedrecista-mercedino-alejandro-altieri-se-corono-campeon-del-torneo-abierto-de-invierno-en-san-andres-de-giles\\\/\",\"url\":\"https:\\\/\\\/noticiasmercedinas.com\\\/site\\\/2026\\\/09\\\/02\\\/el-ajedrecista-mercedino-alejandro-altieri-se-corono-campeon-del-torneo-abierto-de-invierno-en-san-andres-de-giles\\\/\",\"name\":\"El ajedrecista mercedino Alejandro Altieri se coron\u00f3 campe\u00f3n del Torneo Abierto de Invierno en San Andr\u00e9s de Giles - Noticias Mercedinas\",\"isPartOf\":{\"@id\":\"https:\\\/\\\/noticiasmercedinas.com\\\/site\\\/#website\"},\"primaryImageOfPage\":{\"@id\":\"https:\\\/\\\/noticiasmercedinas.com\\\/site\\\/2026\\\/09\\\/02\\\/el-ajedrecista-mercedino-alejandro-altieri-se-corono-campeon-del-torneo-abierto-de-invierno-en-san-andres-de-giles\\\/#primaryimage\"},\"image\":{\"@id\":\"https:\\\/\\\/noticiasmercedinas.com\\\/site\\\/2026\\\/09\\\/02\\\/el-ajedrecista-mercedino-alejandro-altieri-se-corono-campeon-del-torneo-abierto-de-invierno-en-san-andres-de-giles\\\/#primaryimage\"},\"thumbnailUrl\":\"https:\\\/\\\/noticiasmercedinas.com\\\/site\\\/wp-content\\\/uploads\\\/2026\\\/09\\\/aje.jpg\",\"datePublished\":\"2026-09-02T20:41:40+00:00\",\"dateModified\":\"2026-09-02T22:04:01+00:00\",\"author\":{\"@id\":\"https:\\\/\\\/noticiasmercedinas.com\\\/site\\\/#\\\/schema\\\/person\\\/b25f2883e4fd6f0be6beadb609baaa59\"},\"breadcrumb\":{\"@id\":\"https:\\\/\\\/noticiasmercedinas.com\\\/site\\\/2026\\\/09\\\/02\\\/el-ajedrecista-mercedino-alejandro-altieri-se-corono-campeon-del-torneo-abierto-de-invierno-en-san-andres-de-giles\\\/#breadcrumb\"},\"inLanguage\":\"es\",\"potentialAction\":[{\"@type\":\"ReadAction\",\"target\":[\"https:\\\/\\\/noticiasmercedinas.com\\\/site\\\/2026\\\/09\\\/02\\\/el-ajedrecista-mercedino-alejandro-altieri-se-corono-campeon-del-torneo-abierto-de-invierno-en-san-andres-de-giles\\\/\"]}]},{\"@type\":\"ImageObject\",\"inLanguage\":\"es\",\"@id\":\"https:\\\/\\\/noticiasmercedinas.com\\\/site\\\/2026\\\/09\\\/02\\\/el-ajedrecista-mercedino-alejandro-altieri-se-corono-campeon-del-torneo-abierto-de-invierno-en-san-andres-de-giles\\\/#primaryimage\",\"url\":\"https:\\\/\\\/noticiasmercedinas.com\\\/site\\\/wp-content\\\/uploads\\\/2026\\\/09\\\/aje.jpg\",\"contentUrl\":\"https:\\\/\\\/noticiasmercedinas.com\\\/site\\\/wp-content\\\/uploads\\\/2026\\\/09\\\/aje.jpg\",\"width\":640,\"height\":412},{\"@type\":\"BreadcrumbList\",\"@id\":\"https:\\\/\\\/noticiasmercedinas.com\\\/site\\\/2026\\\/09\\\/02\\\/el-ajedrecista-mercedino-alejandro-altieri-se-corono-campeon-del-torneo-abierto-de-invierno-en-san-andres-de-giles\\\/#breadcrumb\",\"itemListElement\":[{\"@type\":\"ListItem\",\"position\":1,\"name\":\"Portada\",\"item\":\"https:\\\/\\\/noticiasmercedinas.com\\\/site\\\/\"},{\"@type\":\"ListItem\",\"position\":2,\"name\":\"El ajedrecista mercedino Alejandro Altieri se coron\u00f3 campe\u00f3n del Torneo Abierto de Invierno en San Andr\u00e9s de Giles\"}]},{\"@type\":\"WebSite\",\"@id\":\"https:\\\/\\\/noticiasmercedinas.com\\\/site\\\/#website\",\"url\":\"https:\\\/\\\/noticiasmercedinas.com\\\/site\\\/\",\"name\":\"Noticias Mercedinas\",\"description\":\"\",\"potentialAction\":[{\"@type\":\"SearchAction\",\"target\":{\"@type\":\"EntryPoint\",\"urlTemplate\":\"https:\\\/\\\/noticiasmercedinas.com\\\/site\\\/?s={search_term_string}\"},\"query-input\":{\"@type\":\"PropertyValueSpecification\",\"valueRequired\":true,\"valueName\":\"search_term_string\"}}],\"inLanguage\":\"es\"},{\"@type\":\"Person\",\"@id\":\"https:\\\/\\\/noticiasmercedinas.com\\\/site\\\/#\\\/schema\\\/person\\\/b25f2883e4fd6f0be6beadb609baaa59\",\"name\":\"Juan Dagnino\",\"image\":{\"@type\":\"ImageObject\",\"inLanguage\":\"es\",\"@id\":\"https:\\\/\\\/secure.gravatar.com\\\/avatar\\\/fc7059a769f5a3cae65fadb228a3e4accf3a64b4b2305020d0a27e6d5333c91b?s=96&d=mm&r=g\",\"url\":\"https:\\\/\\\/secure.gravatar.com\\\/avatar\\\/fc7059a769f5a3cae65fadb228a3e4accf3a64b4b2305020d0a27e6d5333c91b?s=96&d=mm&r=g\",\"contentUrl\":\"https:\\\/\\\/secure.gravatar.com\\\/avatar\\\/fc7059a769f5a3cae65fadb228a3e4accf3a64b4b2305020d0a27e6d5333c91b?s=96&d=mm&r=g\",\"caption\":\"Juan Dagnino\"},\"url\":\"https:\\\/\\\/noticiasmercedinas.com\\\/site\\\/author\\\/juandagnino\\\/\"}]}<\/script>\n<!-- \/ Yoast SEO plugin. -->","yoast_head_json":{"title":"El ajedrecista mercedino Alejandro Altieri se coron\u00f3 campe\u00f3n del Torneo Abierto de Invierno en San Andr\u00e9s de Giles - Noticias Mercedinas","robots":{"index":"index","follow":"follow","max-snippet":"max-snippet:-1","max-image-preview":"max-image-preview:large","max-video-preview":"max-video-preview:-1"},"canonical":"https:\/\/noticiasmercedinas.com\/site\/2026\/09\/02\/el-ajedrecista-mercedino-alejandro-altieri-se-corono-campeon-del-torneo-abierto-de-invierno-en-san-andres-de-giles\/","og_locale":"es_ES","og_type":"article","og_title":"El ajedrecista mercedino Alejandro Altieri se coron\u00f3 campe\u00f3n del Torneo Abierto de Invierno en San Andr\u00e9s de Giles - Noticias Mercedinas","og_description":"\u25a0 El certamen concluy\u00f3 este viernes 28 de agosto en las instalaciones del Club El Front\u00f3n tras siete intensas jornadas bajo el sistema suizo, consolidando a Altieri en lo m\u00e1s alto de la tabla con 6,5 puntos.","og_url":"https:\/\/noticiasmercedinas.com\/site\/2026\/09\/02\/el-ajedrecista-mercedino-alejandro-altieri-se-corono-campeon-del-torneo-abierto-de-invierno-en-san-andres-de-giles\/","og_site_name":"Noticias Mercedinas","article_published_time":"2026-09-02T20:41:40+00:00","article_modified_time":"2026-09-02T22:04:01+00:00","og_image":[{"width":640,"height":412,"url":"https:\/\/noticiasmercedinas.com\/site\/wp-content\/uploads\/2026\/09\/aje.jpg","type":"image\/jpeg"}],"author":"Juan Dagnino","twitter_card":"summary_large_image","twitter_misc":{"Escrito por":"Juan Dagnino","Tiempo de lectura":"2 minutos"},"schema":{"@context":"https:\/\/schema.org","@graph":[{"@type":"Article","@id":"https:\/\/noticiasmercedinas.com\/site\/2026\/09\/02\/el-ajedrecista-mercedino-alejandro-altieri-se-corono-campeon-del-torneo-abierto-de-invierno-en-san-andres-de-giles\/#article","isPartOf":{"@id":"https:\/\/noticiasmercedinas.com\/site\/2026\/09\/02\/el-ajedrecista-mercedino-alejandro-altieri-se-corono-campeon-del-torneo-abierto-de-invierno-en-san-andres-de-giles\/"},"author":{"name":"Juan Dagnino","@id":"https:\/\/noticiasmercedinas.com\/site\/#\/schema\/person\/b25f2883e4fd6f0be6beadb609baaa59"},"headline":"El ajedrecista mercedino Alejandro Altieri se coron\u00f3 campe\u00f3n del Torneo Abierto de Invierno en San Andr\u00e9s de Giles","datePublished":"2026-09-02T20:41:40+00:00","dateModified":"2026-09-02T22:04:01+00:00","mainEntityOfPage":{"@id":"https:\/\/noticiasmercedinas.com\/site\/2026\/09\/02\/el-ajedrecista-mercedino-alejandro-altieri-se-corono-campeon-del-torneo-abierto-de-invierno-en-san-andres-de-giles\/"},"wordCount":384,"commentCount":0,"image":{"@id":"https:\/\/noticiasmercedinas.com\/site\/2026\/09\/02\/el-ajedrecista-mercedino-alejandro-altieri-se-corono-campeon-del-torneo-abierto-de-invierno-en-san-andres-de-giles\/#primaryimage"},"thumbnailUrl":"https:\/\/noticiasmercedinas.com\/site\/wp-content\/uploads\/2026\/09\/aje.jpg","keywords":["abierto de invierno","ajedrez","SAG"],"articleSection":["Deportes"],"inLanguage":"es","potentialAction":[{"@type":"CommentAction","name":"Comment","target":["https:\/\/noticiasmercedinas.com\/site\/2026\/09\/02\/el-ajedrecista-mercedino-alejandro-altieri-se-corono-campeon-del-torneo-abierto-de-invierno-en-san-andres-de-giles\/#respond"]}]},{"@type":"WebPage","@id":"https:\/\/noticiasmercedinas.com\/site\/2026\/09\/02\/el-ajedrecista-mercedino-alejandro-altieri-se-corono-campeon-del-torneo-abierto-de-invierno-en-san-andres-de-giles\/","url":"https:\/\/noticiasmercedinas.com\/site\/2026\/09\/02\/el-ajedrecista-mercedino-alejandro-altieri-se-corono-campeon-del-torneo-abierto-de-invierno-en-san-andres-de-giles\/","name":"El ajedrecista mercedino Alejandro Altieri se coron\u00f3 campe\u00f3n del Torneo Abierto de Invierno en San Andr\u00e9s de Giles - Noticias Mercedinas","isPartOf":{"@id":"https:\/\/noticiasmercedinas.com\/site\/#website"},"primaryImageOfPage":{"@id":"https:\/\/noticiasmercedinas.com\/site\/2026\/09\/02\/el-ajedrecista-mercedino-alejandro-altieri-se-corono-campeon-del-torneo-abierto-de-invierno-en-san-andres-de-giles\/#primaryimage"},"image":{"@id":"https:\/\/noticiasmercedinas.com\/site\/2026\/09\/02\/el-ajedrecista-mercedino-alejandro-altieri-se-corono-campeon-del-torneo-abierto-de-invierno-en-san-andres-de-giles\/#primaryimage"},"thumbnailUrl":"https:\/\/noticiasmercedinas.com\/site\/wp-content\/uploads\/2026\/09\/aje.jpg","datePublished":"2026-09-02T20:41:40+00:00","dateModified":"2026-09-02T22:04:01+00:00","author":{"@id":"https:\/\/noticiasmercedinas.com\/site\/#\/schema\/person\/b25f2883e4fd6f0be6beadb609baaa59"},"breadcrumb":{"@id":"https:\/\/noticiasmercedinas.com\/site\/2026\/09\/02\/el-ajedrecista-mercedino-alejandro-altieri-se-corono-campeon-del-torneo-abierto-de-invierno-en-san-andres-de-giles\/#breadcrumb"},"inLanguage":"es","potentialAction":[{"@type":"ReadAction","target":["https:\/\/noticiasmercedinas.com\/site\/2026\/09\/02\/el-ajedrecista-mercedino-alejandro-altieri-se-corono-campeon-del-torneo-abierto-de-invierno-en-san-andres-de-giles\/"]}]},{"@type":"ImageObject","inLanguage":"es","@id":"https:\/\/noticiasmercedinas.com\/site\/2026\/09\/02\/el-ajedrecista-mercedino-alejandro-altieri-se-corono-campeon-del-torneo-abierto-de-invierno-en-san-andres-de-giles\/#primaryimage","url":"https:\/\/noticiasmercedinas.com\/site\/wp-content\/uploads\/2026\/09\/aje.jpg","contentUrl":"https:\/\/noticiasmercedinas.com\/site\/wp-content\/uploads\/2026\/09\/aje.jpg","width":640,"height":412},{"@type":"BreadcrumbList","@id":"https:\/\/noticiasmercedinas.com\/site\/2026\/09\/02\/el-ajedrecista-mercedino-alejandro-altieri-se-corono-campeon-del-torneo-abierto-de-invierno-en-san-andres-de-giles\/#breadcrumb","itemListElement":[{"@type":"ListItem","position":1,"name":"Portada","item":"https:\/\/noticiasmercedinas.com\/site\/"},{"@type":"ListItem","position":2,"name":"El ajedrecista mercedino Alejandro Altieri se coron\u00f3 campe\u00f3n del Torneo Abierto de Invierno en San Andr\u00e9s de Giles"}]},{"@type":"WebSite","@id":"https:\/\/noticiasmercedinas.com\/site\/#website","url":"https:\/\/noticiasmercedinas.com\/site\/","name":"Noticias Mercedinas","description":"","potentialAction":[{"@type":"SearchAction","target":{"@type":"EntryPoint","urlTemplate":"https:\/\/noticiasmercedinas.com\/site\/?s={search_term_string}"},"query-input":{"@type":"PropertyValueSpecification","valueRequired":true,"valueName":"search_term_string"}}],"inLanguage":"es"},{"@type":"Person","@id":"https:\/\/noticiasmercedinas.com\/site\/#\/schema\/person\/b25f2883e4fd6f0be6beadb609baaa59","name":"Juan Dagnino","image":{"@type":"ImageObject","inLanguage":"es","@id":"https:\/\/secure.gravatar.com\/avatar\/fc7059a769f5a3cae65fadb228a3e4accf3a64b4b2305020d0a27e6d5333c91b?s=96&d=mm&r=g","url":"https:\/\/secure.gravatar.com\/avatar\/fc7059a769f5a3cae65fadb228a3e4accf3a64b4b2305020d0a27e6d5333c91b?s=96&d=mm&r=g","contentUrl":"https:\/\/secure.gravatar.com\/avatar\/fc7059a769f5a3cae65fadb228a3e4accf3a64b4b2305020d0a27e6d5333c91b?s=96&d=mm&r=g","caption":"Juan Dagnino"},"url":"https:\/\/noticiasmercedinas.com\/site\/author\/juandagnino\/"}]}},"_links":{"self":[{"href":"https:\/\/noticiasmercedinas.com\/site\/wp-json\/wp\/v2\/posts\/236","targetHints":{"allow":["GET"]}}],"collection":[{"href":"https:\/\/noticiasmercedinas.com\/site\/wp-json\/wp\/v2\/posts"}],"about":[{"href":"https:\/\/noticiasmercedinas.com\/site\/wp-json\/wp\/v2\/types\/post"}],"author":[{"embeddable":true,"href":"https:\/\/noticiasmercedinas.com\/site\/wp-json\/wp\/v2\/users\/2"}],"replies":[{"embeddable":true,"href":"https:\/\/noticiasmercedinas.com\/site\/wp-json\/wp\/v2\/comments?post=236"}],"version-history":[{"count":3,"href":"https:\/\/noticiasmercedinas.com\/site\/wp-json\/wp\/v2\/posts\/236\/revisions"}],"predecessor-version":[{"id":312,"href":"https:\/\/noticiasmercedinas.com\/site\/wp-json\/wp\/v2\/posts\/236\/revisions\/312"}],"wp:featuredmedia":[{"embeddable":true,"href":"https:\/\/noticiasmercedinas.com\/site\/wp-json\/wp\/v2\/media\/237"}],"wp:attachment":[{"href":"https:\/\/noticiasmercedinas.com\/site\/wp-json\/wp\/v2\/media?parent=236"}],"wp:term":[{"taxonomy":"category","embeddable":true,"href":"https:\/\/noticiasmercedinas.com\/site\/wp-json\/wp\/v2\/categories?post=236"},{"taxonomy":"post_tag","embeddable":true,"href":"https:\/\/noticiasmercedinas.com\/site\/wp-json\/wp\/v2\/tags?post=236"}],"curies":[{"name":"wp","href":"https:\/\/api.w.org\/{rel}","templated":true}]}}